{"id":343904,"date":"2024-02-26T14:12:38","date_gmt":"2024-02-26T18:12:38","guid":{"rendered":"https:\/\/casadecampoliving.com\/personajes-del-carnaval-dominicano-2-los-platanuses\/"},"modified":"2024-02-26T14:19:02","modified_gmt":"2024-02-26T18:19:02","slug":"personajes-del-carnaval-dominicano-2-los-platanuses","status":"publish","type":"post","link":"https:\/\/casadecampoliving.com\/es\/personajes-del-carnaval-dominicano-2-los-platanuses\/","title":{"rendered":"Personajes del Carnaval Dominicano: Los Platanuses"},"content":{"rendered":"\n<p>El Carnaval Dominicano es una de las celebraciones m\u00e1s esperadas y emocionantes en La Rep\u00fablica Dominicana, y para entrar en el esp\u00edritu del Carnaval Dominicano, en las siguientes semanas estaremos publicando art\u00edculos sobre los diferentes personajes del carnaval y aqu\u00ed est\u00e1 el numero 2 \u2013 <strong>Los Platanuses.<\/strong><\/p>\n\n\n\n<h3 class=\"wp-block-heading\">Perfil de Los Platanuses<\/h3>\n\n\n<div class=\"wp-block-image\">\n<figure class=\"aligncenter size-full\"><img data-recalc-dims=\"1\" loading=\"lazy\" decoding=\"async\" width=\"650\" height=\"488\" data-attachment-id=\"266025\" data-permalink=\"https:\/\/casadecampoliving.com\/es\/personajes-del-carnaval-dominicano-2-los-platanuses\/palmillaso_casa_de_campo3-9-2\/\" data-orig-file=\"https:\/\/i0.wp.com\/casadecampoliving.com\/wp-content\/uploads\/2022\/10\/palmillaso_casa_de_campo3-7.jpg?fit=650%2C488&amp;ssl=1\" data-orig-size=\"650,488\" data-comments-opened=\"0\" data-image-meta=\"{&quot;aperture&quot;:&quot;8&quot;,&quot;credit&quot;:&quot;&quot;,&quot;camera&quot;:&quot;Canon PowerShot D20&quot;,&quot;caption&quot;:&quot;&quot;,&quot;created_timestamp&quot;:&quot;1388506052&quot;,&quot;copyright&quot;:&quot;&quot;,&quot;focal_length&quot;:&quot;5&quot;,&quot;iso&quot;:&quot;160&quot;,&quot;shutter_speed&quot;:&quot;0.003125&quot;,&quot;title&quot;:&quot;&quot;,&quot;orientation&quot;:&quot;1&quot;}\" data-image-title=\"Platanu\" data-image-description=\"\" data-image-caption=\"\" data-large-file=\"https:\/\/i0.wp.com\/casadecampoliving.com\/wp-content\/uploads\/2022\/10\/palmillaso_casa_de_campo3-7.jpg?fit=650%2C488&amp;ssl=1\" src=\"https:\/\/i0.wp.com\/casadecampoliving.com\/wp-content\/uploads\/2022\/10\/palmillaso_casa_de_campo3-7.jpg?resize=650%2C488&#038;ssl=1\" alt=\"\" class=\"wp-image-266025\" srcset=\"https:\/\/i0.wp.com\/casadecampoliving.com\/wp-content\/uploads\/2022\/10\/palmillaso_casa_de_campo3-7.jpg?w=650&amp;ssl=1 650w, https:\/\/i0.wp.com\/casadecampoliving.com\/wp-content\/uploads\/2022\/10\/palmillaso_casa_de_campo3-7.jpg?resize=300%2C225&amp;ssl=1 300w, https:\/\/i0.wp.com\/casadecampoliving.com\/wp-content\/uploads\/2022\/10\/palmillaso_casa_de_campo3-7.jpg?resize=400%2C300&amp;ssl=1 400w, https:\/\/i0.wp.com\/casadecampoliving.com\/wp-content\/uploads\/2022\/10\/palmillaso_casa_de_campo3-7.jpg?resize=200%2C150&amp;ssl=1 200w, https:\/\/i0.wp.com\/casadecampoliving.com\/wp-content\/uploads\/2022\/10\/palmillaso_casa_de_campo3-7.jpg?resize=150%2C113&amp;ssl=1 150w, https:\/\/i0.wp.com\/casadecampoliving.com\/wp-content\/uploads\/2022\/10\/palmillaso_casa_de_campo3-7.jpg?w=370&amp;ssl=1 370w\" sizes=\"auto, (max-width: 650px) 100vw, 650px\" \/><\/figure>\n<\/div>\n\n\n<ul class=\"wp-block-list\">\n<li>Estos tradicionales personajes nacieron como un legado de los antiguos esclavos africanos en la isla de La Hispaniola, espec\u00edficamente en Cotu\u00ed (actualmente S\u00e1nchez Ramirez) una provincia ubicada al norte de la Rep\u00fablica Dominicana.<\/li>\n\n\n\n<li>Los Platanuses cubren sus cuerpos con hojas de pl\u00e1tano secas (de ah\u00ed proviene su nombre) y utilizan m\u00e1scaras las cuales pintan de diversos colores.<\/li>\n\n\n\n<li>\u00daltimamente han a\u00f1adido a sus disfraces adornos de piedras preciosas.<\/li>\n\n\n\n<li>Es una tradici\u00f3n que el d\u00eda final del carnaval \u201c<strong>Los Platanuses<\/strong>\u201d dejen que las personas despojen las hojas secas de sus disfraces.<\/li>\n\n\n\n<li>Varios personajes del Carnaval Dominicano se han derivado de <strong>Los Platanuses,<\/strong> tales como; \u201c<strong>Los Funduses<\/strong>\u201d (hacen sus trajes con pedazos de bolsas pl\u00e1sticas), \u201c<strong>Los Papeluses<\/strong>\u201c (hacen sus trajes con trozos de papel) y \u201c<strong>Los Trapuses<\/strong>\u201c(hacen sus trajes con trozos de tela); todos estos originados en Cotu\u00ed.<\/li>\n<\/ul>\n\n\n\n<h3 class=\"wp-block-heading\">Eventos que se acercan del Carnaval<\/h3>\n\n\n<div class=\"wp-block-image\">\n<figure class=\"alignright size-large\"><img data-recalc-dims=\"1\" loading=\"lazy\" decoding=\"async\" width=\"683\" height=\"1024\" data-attachment-id=\"527095\" data-permalink=\"https:\/\/casadecampoliving.com\/es\/personajes-del-carnaval-dominicano-2-los-platanuses\/_mg_5700-2\/\" data-orig-file=\"https:\/\/i0.wp.com\/casadecampoliving.com\/wp-content\/uploads\/2014\/02\/MG_5700-scaled.jpg?fit=1707%2C2560&amp;ssl=1\" data-orig-size=\"1707,2560\" data-comments-opened=\"0\" data-image-meta=\"{&quot;aperture&quot;:&quot;5&quot;,&quot;credit&quot;:&quot;&quot;,&quot;camera&quot;:&quot;Canon EOS REBEL T4i&quot;,&quot;caption&quot;:&quot;&quot;,&quot;created_timestamp&quot;:&quot;1393088826&quot;,&quot;copyright&quot;:&quot;&quot;,&quot;focal_length&quot;:&quot;41&quot;,&quot;iso&quot;:&quot;100&quot;,&quot;shutter_speed&quot;:&quot;0.001&quot;,&quot;title&quot;:&quot;&quot;,&quot;orientation&quot;:&quot;1&quot;}\" data-image-title=\"_MG_5700 Platanu Platanuses\" data-image-description=\"\" data-image-caption=\"\" data-large-file=\"https:\/\/i0.wp.com\/casadecampoliving.com\/wp-content\/uploads\/2014\/02\/MG_5700-scaled.jpg?fit=683%2C1024&amp;ssl=1\" src=\"https:\/\/i0.wp.com\/casadecampoliving.com\/wp-content\/uploads\/2014\/02\/MG_5700.jpg?resize=683%2C1024&#038;ssl=1\" alt=\"\" class=\"wp-image-527095\" srcset=\"https:\/\/i0.wp.com\/casadecampoliving.com\/wp-content\/uploads\/2014\/02\/MG_5700-scaled.jpg?resize=683%2C1024&amp;ssl=1 683w, https:\/\/i0.wp.com\/casadecampoliving.com\/wp-content\/uploads\/2014\/02\/MG_5700-scaled.jpg?resize=200%2C300&amp;ssl=1 200w, https:\/\/i0.wp.com\/casadecampoliving.com\/wp-content\/uploads\/2014\/02\/MG_5700-scaled.jpg?resize=768%2C1152&amp;ssl=1 768w, https:\/\/i0.wp.com\/casadecampoliving.com\/wp-content\/uploads\/2014\/02\/MG_5700-scaled.jpg?resize=1024%2C1536&amp;ssl=1 1024w, https:\/\/i0.wp.com\/casadecampoliving.com\/wp-content\/uploads\/2014\/02\/MG_5700-scaled.jpg?resize=1365%2C2048&amp;ssl=1 1365w, https:\/\/i0.wp.com\/casadecampoliving.com\/wp-content\/uploads\/2014\/02\/MG_5700-scaled.jpg?resize=1200%2C1800&amp;ssl=1 1200w, https:\/\/i0.wp.com\/casadecampoliving.com\/wp-content\/uploads\/2014\/02\/MG_5700-scaled.jpg?resize=1568%2C2352&amp;ssl=1 1568w, https:\/\/i0.wp.com\/casadecampoliving.com\/wp-content\/uploads\/2014\/02\/MG_5700-scaled.jpg?resize=400%2C600&amp;ssl=1 400w, https:\/\/i0.wp.com\/casadecampoliving.com\/wp-content\/uploads\/2014\/02\/MG_5700-scaled.jpg?resize=1320%2C1980&amp;ssl=1 1320w, https:\/\/i0.wp.com\/casadecampoliving.com\/wp-content\/uploads\/2014\/02\/MG_5700-scaled.jpg?resize=150%2C225&amp;ssl=1 150w, https:\/\/i0.wp.com\/casadecampoliving.com\/wp-content\/uploads\/2014\/02\/MG_5700-scaled.jpg?w=1707&amp;ssl=1 1707w, https:\/\/i0.wp.com\/casadecampoliving.com\/wp-content\/uploads\/2014\/02\/MG_5700-683x1024.jpg?w=370&amp;ssl=1 370w\" sizes=\"auto, (max-width: 683px) 100vw, 683px\" \/><\/figure>\n<\/div>\n\n\n<p>Siguiendo la creciente popularidad del <em>Carnaval Vegano<\/em>, que se lleva a cabo todos los domingos durante todo febrero, la fiebre del carnaval ahora se ha extendido por toda la Rep\u00fablica Dominicana, con carnavales celebrados en varias ciudades y pueblos.<\/p>\n\n\n\n<p>Para aquellos de ustedes en Casa de Campo, el 26 de febrero, Altos de Chav\u00f3n est\u00e1 organizando <strong>una fiesta del D\u00eda de la Independencia Dominicana<\/strong> en la plaza principal.<\/p>\n\n\n\n<p>En Santo Domingo, la capital de la Rep\u00fablica Dominicana, el <strong>Carnaval de Santo Domingo<\/strong> se celebrar\u00e1 en la Avenida George Washington el 3 de marzo, desde el Obelisco Hembra hasta el Obelisco Macho, mientras que el <strong>Desfile Nacional de Carnaval (Desfile Carnaval en Malec\u00f3n)<\/strong> tendr\u00e1 lugar el domingo 17 de marzo, a partir de las 2:00 p.m. en el Malec\u00f3n (la principal carretera costera de la ciudad).<\/p>\n\n\n\n<p><strong><em>\u00a1As\u00ed que no te pierdas estas incre\u00edbles oportunidades para disfrutar del Carnaval Dominicano!<\/em><\/strong><\/p>\n\n\n\n<p><em><strong>Recuerde:<\/strong><\/em><strong>&nbsp;<\/strong>este es el art\u00edculo #2 de Los Platanuses, pero estaremos publicando una serie de art\u00edculos sobre los personajes del Carnaval, as\u00ed que mant\u00e9ngase alerta si quiere saber m\u00e1s sobre estos interesantes personajes.<\/p>\n\n\n\n<p><a href=\"https:\/\/casadecampoliving.com\/es\/personajes-del-carnaval-dominicano-1-roba-la-gallina\/\">Haga clic para leer la 1ra parte de nuestra serie:&nbsp;Roba La Gallina<\/a><\/p>\n\n\n\n<div class=\"wp-block-group is-style-border has-light-gray-background-color has-background\"><div class=\"wp-block-group__inner-container is-layout-constrained wp-block-group-is-layout-constrained\">\t<div\n\t\tclass=\"wp-block-newspack-blocks-homepage-articles  wpnbha show-image image-alignleft ts-4 is-3 is-landscape \"\n\t\tstyle=\"\"\n\t\t>\n\t\t<div data-posts data-current-post-id=\"343904\">\n\t\t\t\t\t\t\t<h2 class=\"article-section-title\">\n\t\t\t\t\t<span>Art\u00edculo relacionado<\/span>\n\t\t\t\t<\/h2>\n\t\t\t\t\t\t\n\t<article data-post-id=\"343813\"\n\t\tclass=\"tag-arte-y-cultura tag-carnaval-es tag-carnaval-dominicano-es tag-comunidad-de-casa-de-campo tag-la-marina-casa-de-campo tag-personajes-del-carnaval tag-tradiciones-dominicanas category-casa-de-campo-living-es category-ccl-presenta category-ccl-presenta-es category-estilo-de-vida category-eventos-es category-la-marina-casa-de-campo category-mas-alla-de-casa-es category-noticias-locales category-proximamente category-republica-dominicana-2 category-titulares-es type-post post-has-image\"\n\t\t\t\t>\n\t\t\t\t\t\t\t<figure class=\"post-thumbnail\">\n\t\t\t\t\t\t\t\t<a href=\"https:\/\/casadecampoliving.com\/es\/llego-el-carnaval-dominicano\/\" rel=\"bookmark\" tabindex=\"-1\" aria-hidden=\"true\">\n\t\t\t\t\t\t\t\t\t\t\t\t<img loading=\"lazy\" decoding=\"async\" width=\"800\" height=\"600\" src=\"https:\/\/i0.wp.com\/casadecampoliving.com\/wp-content\/uploads\/2023\/02\/EJ4B5713.jpg?resize=800%2C600&amp;ssl=1\" class=\"attachment-newspack-article-block-landscape-medium size-newspack-article-block-landscape-medium wp-post-image\" alt=\"Lleg\u00f3 el Carnaval Dominicano\" data-hero-candidate=\"1\" srcset=\"https:\/\/i0.wp.com\/casadecampoliving.com\/wp-content\/uploads\/2023\/02\/EJ4B5713.jpg?resize=800%2C600&amp;ssl=1 800w, https:\/\/i0.wp.com\/casadecampoliving.com\/wp-content\/uploads\/2023\/02\/EJ4B5713.jpg?resize=600%2C450&amp;ssl=1 600w, https:\/\/i0.wp.com\/casadecampoliving.com\/wp-content\/uploads\/2023\/02\/EJ4B5713.jpg?resize=400%2C300&amp;ssl=1 400w, https:\/\/i0.wp.com\/casadecampoliving.com\/wp-content\/uploads\/2023\/02\/EJ4B5713.jpg?resize=200%2C150&amp;ssl=1 200w, https:\/\/i0.wp.com\/casadecampoliving.com\/wp-content\/uploads\/2023\/02\/EJ4B5713.jpg?resize=800%2C600&amp;ssl=1&amp;w=370 370w\" sizes=\"auto, (max-width: 34.9rem) calc(100vw - 2rem), (max-width: 53rem) calc(8 * (100vw \/ 12)), (min-width: 53rem) calc(6 * (100vw \/ 12)), 100vw\" data-attachment-id=\"514760\" data-permalink=\"https:\/\/casadecampoliving.com\/es\/musica-en-vivo-carnaval-comida-tradicional-y-fuegos-artificiales-una-espectacular-celebracion-de-la-independencia-dominicana-en-altos-de-chavon\/ej4b5713-2\/\" data-orig-file=\"https:\/\/i0.wp.com\/casadecampoliving.com\/wp-content\/uploads\/2023\/02\/EJ4B5713.jpg?fit=1200%2C800&amp;ssl=1\" data-orig-size=\"1200,800\" data-comments-opened=\"0\" data-image-meta=\"{&quot;aperture&quot;:&quot;0&quot;,&quot;credit&quot;:&quot;&quot;,&quot;camera&quot;:&quot;&quot;,&quot;caption&quot;:&quot;&quot;,&quot;created_timestamp&quot;:&quot;0&quot;,&quot;copyright&quot;:&quot;Can&#039;t use or distribuit without express autorization from owner&quot;,&quot;focal_length&quot;:&quot;0&quot;,&quot;iso&quot;:&quot;0&quot;,&quot;shutter_speed&quot;:&quot;0&quot;,&quot;title&quot;:&quot;&quot;,&quot;orientation&quot;:&quot;1&quot;}\" data-image-title=\"EJ4B5713\" data-image-description=\"\" data-image-caption=\"&lt;p&gt;Dominican Independence Day Celebration 2023&lt;\/p&gt;\n\" data-large-file=\"https:\/\/i0.wp.com\/casadecampoliving.com\/wp-content\/uploads\/2023\/02\/EJ4B5713.jpg?fit=1024%2C683&amp;ssl=1\" \/>\t\t\t\t\t\t\t\t\t\t\t\t<\/a>\n\t\t\t\t\n\t\t\t\t\t\t\t<\/figure><!-- .featured-image -->\n\t\t\n\t\t<div class=\"entry-wrapper\">\n\t\t\t\t\t\t<h3 class=\"entry-title\"><a href=\"https:\/\/casadecampoliving.com\/es\/llego-el-carnaval-dominicano\/\" rel=\"bookmark\">Lleg\u00f3 el Carnaval Dominicano<\/a><\/h3>\t\t\t\t\t\t<p>El mes de febrero acaba de llegar,\u00a0\u00bfSabe usted lo que eso significa? \u00a1es hora del carnaval! \u00bfest\u00e1 usted listo para disfrutar de la celebraci\u00f3n m\u00e1s colorida de todo el a\u00f1o? El\u2026<\/p>\n\t\t\t\t<a class=\"more-link\" href=\"https:\/\/casadecampoliving.com\/es\/llego-el-carnaval-dominicano\/\" rel=\"bookmark\">\n\t\t\t\t\tSeguir leyendo\t\t\t\t<\/a>\n\t\t\t\t\t\t\t\t\t<\/div><!-- .entry-wrapper -->\n\t<\/article>\n\n\t\t\t\t<\/div>\n\t\t\n\t<\/div>\n\t<\/div><\/div>\n","protected":false},"excerpt":{"rendered":"<p>El Carnaval Dominicano es una de las celebraciones m\u00e1s esperadas y emocionantes en La Rep\u00fablica Dominicana, y para entrar en el esp\u00edritu del Carnaval Dominicano, en las siguientes semanas estaremos publicando art\u00edculos sobre los diferentes personajes del carnaval y aqu\u00ed est\u00e1 el numero 2 \u2013 Los Platanuses. Perfil de Los Platanuses Eventos que se acercan [&hellip;]<\/p>\n","protected":false},"author":1097,"featured_media":527019,"comment_status":"closed","ping_status":"open","sticky":false,"template":"","format":"standard","meta":{"newspack_ads_suppress_ads":false,"newspack_popups_has_disabled_popups":false,"newspack_sponsor_sponsorship_scope":"","newspack_sponsor_native_byline_display":"inherit","newspack_sponsor_native_category_display":"inherit","newspack_sponsor_underwriter_style":"inherit","newspack_sponsor_underwriter_placement":"inherit","_newspack_byline_active":false,"_newspack_byline":"","newspack_hide_updated_date":false,"newspack_show_updated_date":false,"newspack_content_restriction_is_exempt":false,"newspack_featured_image_position":"","newspack_post_subtitle":"","newspack_article_summary_title":"Overview:","newspack_article_summary":"","_jetpack_memberships_contains_paid_content":false,"footnotes":"","jetpack_publicize_message":"","jetpack_publicize_feature_enabled":true,"jetpack_social_post_already_shared":false,"jetpack_social_options":{"image_generator_settings":{"template":"highway","default_image_id":0,"font":"","enabled":false},"version":2},"_wpas_customize_per_network":false},"categories":[2509,2524,14631,2522,14625,2521,14627],"tags":[27657,8532,8531],"newspack_spnsrs_tax":[],"class_list":["post-343904","post","type-post","status-publish","format-standard","has-post-thumbnail","hentry","category-ccl-presenta-es","category-destacados","category-estilo-de-vida","category-eventos-es","category-noticias-locales","category-republica-dominicana-2","category-proximamente","tag-carnaval-dominicano-es-2","tag-disfraces","tag-origen","entry"],"yoast_head":"<!-- This site is optimized with the Yoast SEO plugin v27.5 - https:\/\/yoast.com\/product\/yoast-seo-wordpress\/ -->\n<title>Personajes del Carnaval Dominicano: Los Platanuses | Casa de Campo Living<\/title>\n<meta name=\"description\" content=\"El Carnaval Dominicano es una de las celebraciones m\u00e1s esperadas y emocionantes en La Rep\u00fablica Dominicana, y para entrar en el esp\u00edritu del Carnaval\" \/>\n<meta name=\"robots\" content=\"index, follow, max-snippet:-1, max-image-preview:large, max-video-preview:-1\" \/>\n<link rel=\"canonical\" href=\"https:\/\/casadecampoliving.com\/es\/personajes-del-carnaval-dominicano-2-los-platanuses\/\" \/>\n<meta property=\"og:locale\" content=\"es_ES\" \/>\n<meta property=\"og:type\" content=\"article\" \/>\n<meta property=\"og:title\" content=\"Personajes del Carnaval Dominicano: Los Platanuses | Casa de Campo Living\" \/>\n<meta property=\"og:description\" content=\"El Carnaval Dominicano es una de las celebraciones m\u00e1s esperadas y emocionantes en La Rep\u00fablica Dominicana, y para entrar en el esp\u00edritu del Carnaval\" \/>\n<meta property=\"og:url\" content=\"https:\/\/casadecampoliving.com\/es\/personajes-del-carnaval-dominicano-2-los-platanuses\/\" \/>\n<meta property=\"og:site_name\" content=\"Casa de Campo Living\" \/>\n<meta property=\"article:publisher\" content=\"https:\/\/www.facebook.com\/casadecampoliving\" \/>\n<meta property=\"article:published_time\" content=\"2024-02-26T18:12:38+00:00\" \/>\n<meta property=\"article:modified_time\" content=\"2024-02-26T18:19:02+00:00\" \/>\n<meta property=\"og:image\" content=\"https:\/\/casadecampoliving.com\/wp-content\/uploads\/2024\/02\/MG_5690-scaled.jpg\" \/>\n\t<meta property=\"og:image:width\" content=\"2560\" \/>\n\t<meta property=\"og:image:height\" content=\"1707\" \/>\n\t<meta property=\"og:image:type\" content=\"image\/jpeg\" \/>\n<meta name=\"author\" content=\"Perkin Agramonte\" \/>\n<meta name=\"twitter:card\" content=\"summary_large_image\" \/>\n<meta name=\"twitter:creator\" content=\"@cdcliving\" \/>\n<meta name=\"twitter:site\" content=\"@cdcliving\" \/>\n<meta name=\"twitter:label1\" content=\"Escrito por\" \/>\n\t<meta name=\"twitter:data1\" content=\"Perkin Agramonte\" \/>\n\t<meta name=\"twitter:label2\" content=\"Tiempo de lectura\" \/>\n\t<meta name=\"twitter:data2\" content=\"3 minutos\" \/>\n<script type=\"application\/ld+json\" class=\"yoast-schema-graph\">{\"@context\":\"https:\\\/\\\/schema.org\",\"@graph\":[{\"@type\":\"Article\",\"@id\":\"https:\\\/\\\/casadecampoliving.com\\\/es\\\/personajes-del-carnaval-dominicano-2-los-platanuses\\\/#article\",\"isPartOf\":{\"@id\":\"https:\\\/\\\/casadecampoliving.com\\\/es\\\/personajes-del-carnaval-dominicano-2-los-platanuses\\\/\"},\"author\":{\"name\":\"Perkin Agramonte\",\"@id\":\"https:\\\/\\\/casadecampoliving.com\\\/es\\\/#\\\/schema\\\/person\\\/c8efa6049510554b7d5fea078d728f72\"},\"headline\":\"Personajes del Carnaval Dominicano: Los Platanuses\",\"datePublished\":\"2024-02-26T18:12:38+00:00\",\"dateModified\":\"2024-02-26T18:19:02+00:00\",\"mainEntityOfPage\":{\"@id\":\"https:\\\/\\\/casadecampoliving.com\\\/es\\\/personajes-del-carnaval-dominicano-2-los-platanuses\\\/\"},\"wordCount\":413,\"publisher\":{\"@id\":\"https:\\\/\\\/casadecampoliving.com\\\/es\\\/#organization\"},\"image\":{\"@id\":\"https:\\\/\\\/casadecampoliving.com\\\/es\\\/personajes-del-carnaval-dominicano-2-los-platanuses\\\/#primaryimage\"},\"thumbnailUrl\":\"https:\\\/\\\/i0.wp.com\\\/casadecampoliving.com\\\/wp-content\\\/uploads\\\/2024\\\/02\\\/MG_5690-scaled.jpg?fit=2560%2C1707&ssl=1\",\"keywords\":[\"carnaval dominicano\",\"Disfraces\",\"Origen\"],\"articleSection\":[\"CCL presenta\",\"Destacados\",\"Estilo de Vida\",\"Eventos\",\"Noticias Locales\",\"Rep\u00fablica Dominicana @es\",\"Proximamente\"],\"inLanguage\":\"es\"},{\"@type\":\"WebPage\",\"@id\":\"https:\\\/\\\/casadecampoliving.com\\\/es\\\/personajes-del-carnaval-dominicano-2-los-platanuses\\\/\",\"url\":\"https:\\\/\\\/casadecampoliving.com\\\/es\\\/personajes-del-carnaval-dominicano-2-los-platanuses\\\/\",\"name\":\"Personajes del Carnaval Dominicano: Los Platanuses | Casa de Campo Living\",\"isPartOf\":{\"@id\":\"https:\\\/\\\/casadecampoliving.com\\\/es\\\/#website\"},\"primaryImageOfPage\":{\"@id\":\"https:\\\/\\\/casadecampoliving.com\\\/es\\\/personajes-del-carnaval-dominicano-2-los-platanuses\\\/#primaryimage\"},\"image\":{\"@id\":\"https:\\\/\\\/casadecampoliving.com\\\/es\\\/personajes-del-carnaval-dominicano-2-los-platanuses\\\/#primaryimage\"},\"thumbnailUrl\":\"https:\\\/\\\/i0.wp.com\\\/casadecampoliving.com\\\/wp-content\\\/uploads\\\/2024\\\/02\\\/MG_5690-scaled.jpg?fit=2560%2C1707&ssl=1\",\"datePublished\":\"2024-02-26T18:12:38+00:00\",\"dateModified\":\"2024-02-26T18:19:02+00:00\",\"description\":\"El Carnaval Dominicano es una de las celebraciones m\u00e1s esperadas y emocionantes en La Rep\u00fablica Dominicana, y para entrar en el esp\u00edritu del Carnaval\",\"breadcrumb\":{\"@id\":\"https:\\\/\\\/casadecampoliving.com\\\/es\\\/personajes-del-carnaval-dominicano-2-los-platanuses\\\/#breadcrumb\"},\"inLanguage\":\"es\",\"potentialAction\":[{\"@type\":\"ReadAction\",\"target\":[\"https:\\\/\\\/casadecampoliving.com\\\/es\\\/personajes-del-carnaval-dominicano-2-los-platanuses\\\/\"]}]},{\"@type\":\"ImageObject\",\"inLanguage\":\"es\",\"@id\":\"https:\\\/\\\/casadecampoliving.com\\\/es\\\/personajes-del-carnaval-dominicano-2-los-platanuses\\\/#primaryimage\",\"url\":\"https:\\\/\\\/i0.wp.com\\\/casadecampoliving.com\\\/wp-content\\\/uploads\\\/2024\\\/02\\\/MG_5690-scaled.jpg?fit=2560%2C1707&ssl=1\",\"contentUrl\":\"https:\\\/\\\/i0.wp.com\\\/casadecampoliving.com\\\/wp-content\\\/uploads\\\/2024\\\/02\\\/MG_5690-scaled.jpg?fit=2560%2C1707&ssl=1\",\"width\":2560,\"height\":1707,\"caption\":\"Los Platanuses\"},{\"@type\":\"BreadcrumbList\",\"@id\":\"https:\\\/\\\/casadecampoliving.com\\\/es\\\/personajes-del-carnaval-dominicano-2-los-platanuses\\\/#breadcrumb\",\"itemListElement\":[{\"@type\":\"ListItem\",\"position\":1,\"name\":\"Home\",\"item\":\"https:\\\/\\\/casadecampoliving.com\\\/es\\\/\"},{\"@type\":\"ListItem\",\"position\":2,\"name\":\"Personajes del Carnaval Dominicano: Los Platanuses\"}]},{\"@type\":\"WebSite\",\"@id\":\"https:\\\/\\\/casadecampoliving.com\\\/es\\\/#website\",\"url\":\"https:\\\/\\\/casadecampoliving.com\\\/es\\\/\",\"name\":\"Casa de Campo Living\",\"description\":\"Resort community news and resources.\",\"publisher\":{\"@id\":\"https:\\\/\\\/casadecampoliving.com\\\/es\\\/#organization\"},\"potentialAction\":[{\"@type\":\"SearchAction\",\"target\":{\"@type\":\"EntryPoint\",\"urlTemplate\":\"https:\\\/\\\/casadecampoliving.com\\\/es\\\/?s={search_term_string}\"},\"query-input\":{\"@type\":\"PropertyValueSpecification\",\"valueRequired\":true,\"valueName\":\"search_term_string\"}}],\"inLanguage\":\"es\"},{\"@type\":\"Organization\",\"@id\":\"https:\\\/\\\/casadecampoliving.com\\\/es\\\/#organization\",\"name\":\"Casa de Campo Living\",\"url\":\"https:\\\/\\\/casadecampoliving.com\\\/es\\\/\",\"logo\":{\"@type\":\"ImageObject\",\"inLanguage\":\"es\",\"@id\":\"https:\\\/\\\/casadecampoliving.com\\\/es\\\/#\\\/schema\\\/logo\\\/image\\\/\",\"url\":\"https:\\\/\\\/i0.wp.com\\\/casadecampoliving.com\\\/wp-content\\\/uploads\\\/2022\\\/07\\\/CDCLivingLogo_V1-white-sized.png?fit=800%2C214&ssl=1\",\"contentUrl\":\"https:\\\/\\\/i0.wp.com\\\/casadecampoliving.com\\\/wp-content\\\/uploads\\\/2022\\\/07\\\/CDCLivingLogo_V1-white-sized.png?fit=800%2C214&ssl=1\",\"width\":800,\"height\":214,\"caption\":\"Casa de Campo Living\"},\"image\":{\"@id\":\"https:\\\/\\\/casadecampoliving.com\\\/es\\\/#\\\/schema\\\/logo\\\/image\\\/\"},\"sameAs\":[\"https:\\\/\\\/www.facebook.com\\\/casadecampoliving\",\"https:\\\/\\\/x.com\\\/cdcliving\"]},{\"@type\":\"Person\",\"@id\":\"https:\\\/\\\/casadecampoliving.com\\\/es\\\/#\\\/schema\\\/person\\\/c8efa6049510554b7d5fea078d728f72\",\"name\":\"Perkin Agramonte\",\"image\":{\"@type\":\"ImageObject\",\"inLanguage\":\"es\",\"@id\":\"https:\\\/\\\/secure.gravatar.com\\\/avatar\\\/57bfdafcae55fb83dbb79a1585a9eab7f269b7720fb0b64cb9a4e0cd2962fa10?s=96&d=mm&r=g\",\"url\":\"https:\\\/\\\/secure.gravatar.com\\\/avatar\\\/57bfdafcae55fb83dbb79a1585a9eab7f269b7720fb0b64cb9a4e0cd2962fa10?s=96&d=mm&r=g\",\"contentUrl\":\"https:\\\/\\\/secure.gravatar.com\\\/avatar\\\/57bfdafcae55fb83dbb79a1585a9eab7f269b7720fb0b64cb9a4e0cd2962fa10?s=96&d=mm&r=g\",\"caption\":\"Perkin Agramonte\"},\"url\":\"https:\\\/\\\/casadecampoliving.com\\\/es\\\/author\\\/cagramonte\\\/\"}]}<\/script>\n<!-- \/ Yoast SEO plugin. -->","yoast_head_json":{"title":"Personajes del Carnaval Dominicano: Los Platanuses | Casa de Campo Living","description":"El Carnaval Dominicano es una de las celebraciones m\u00e1s esperadas y emocionantes en La Rep\u00fablica Dominicana, y para entrar en el esp\u00edritu del Carnaval","robots":{"index":"index","follow":"follow","max-snippet":"max-snippet:-1","max-image-preview":"max-image-preview:large","max-video-preview":"max-video-preview:-1"},"canonical":"https:\/\/casadecampoliving.com\/es\/personajes-del-carnaval-dominicano-2-los-platanuses\/","og_locale":"es_ES","og_type":"article","og_title":"Personajes del Carnaval Dominicano: Los Platanuses | Casa de Campo Living","og_description":"El Carnaval Dominicano es una de las celebraciones m\u00e1s esperadas y emocionantes en La Rep\u00fablica Dominicana, y para entrar en el esp\u00edritu del Carnaval","og_url":"https:\/\/casadecampoliving.com\/es\/personajes-del-carnaval-dominicano-2-los-platanuses\/","og_site_name":"Casa de Campo Living","article_publisher":"https:\/\/www.facebook.com\/casadecampoliving","article_published_time":"2024-02-26T18:12:38+00:00","article_modified_time":"2024-02-26T18:19:02+00:00","og_image":[{"width":2560,"height":1707,"url":"https:\/\/casadecampoliving.com\/wp-content\/uploads\/2024\/02\/MG_5690-scaled.jpg","type":"image\/jpeg"}],"author":"Perkin Agramonte","twitter_card":"summary_large_image","twitter_creator":"@cdcliving","twitter_site":"@cdcliving","twitter_misc":{"Escrito por":"Perkin Agramonte","Tiempo de lectura":"3 minutos"},"schema":{"@context":"https:\/\/schema.org","@graph":[{"@type":"Article","@id":"https:\/\/casadecampoliving.com\/es\/personajes-del-carnaval-dominicano-2-los-platanuses\/#article","isPartOf":{"@id":"https:\/\/casadecampoliving.com\/es\/personajes-del-carnaval-dominicano-2-los-platanuses\/"},"author":{"name":"Perkin Agramonte","@id":"https:\/\/casadecampoliving.com\/es\/#\/schema\/person\/c8efa6049510554b7d5fea078d728f72"},"headline":"Personajes del Carnaval Dominicano: Los Platanuses","datePublished":"2024-02-26T18:12:38+00:00","dateModified":"2024-02-26T18:19:02+00:00","mainEntityOfPage":{"@id":"https:\/\/casadecampoliving.com\/es\/personajes-del-carnaval-dominicano-2-los-platanuses\/"},"wordCount":413,"publisher":{"@id":"https:\/\/casadecampoliving.com\/es\/#organization"},"image":{"@id":"https:\/\/casadecampoliving.com\/es\/personajes-del-carnaval-dominicano-2-los-platanuses\/#primaryimage"},"thumbnailUrl":"https:\/\/i0.wp.com\/casadecampoliving.com\/wp-content\/uploads\/2024\/02\/MG_5690-scaled.jpg?fit=2560%2C1707&ssl=1","keywords":["carnaval dominicano","Disfraces","Origen"],"articleSection":["CCL presenta","Destacados","Estilo de Vida","Eventos","Noticias Locales","Rep\u00fablica Dominicana @es","Proximamente"],"inLanguage":"es"},{"@type":"WebPage","@id":"https:\/\/casadecampoliving.com\/es\/personajes-del-carnaval-dominicano-2-los-platanuses\/","url":"https:\/\/casadecampoliving.com\/es\/personajes-del-carnaval-dominicano-2-los-platanuses\/","name":"Personajes del Carnaval Dominicano: Los Platanuses | Casa de Campo Living","isPartOf":{"@id":"https:\/\/casadecampoliving.com\/es\/#website"},"primaryImageOfPage":{"@id":"https:\/\/casadecampoliving.com\/es\/personajes-del-carnaval-dominicano-2-los-platanuses\/#primaryimage"},"image":{"@id":"https:\/\/casadecampoliving.com\/es\/personajes-del-carnaval-dominicano-2-los-platanuses\/#primaryimage"},"thumbnailUrl":"https:\/\/i0.wp.com\/casadecampoliving.com\/wp-content\/uploads\/2024\/02\/MG_5690-scaled.jpg?fit=2560%2C1707&ssl=1","datePublished":"2024-02-26T18:12:38+00:00","dateModified":"2024-02-26T18:19:02+00:00","description":"El Carnaval Dominicano es una de las celebraciones m\u00e1s esperadas y emocionantes en La Rep\u00fablica Dominicana, y para entrar en el esp\u00edritu del Carnaval","breadcrumb":{"@id":"https:\/\/casadecampoliving.com\/es\/personajes-del-carnaval-dominicano-2-los-platanuses\/#breadcrumb"},"inLanguage":"es","potentialAction":[{"@type":"ReadAction","target":["https:\/\/casadecampoliving.com\/es\/personajes-del-carnaval-dominicano-2-los-platanuses\/"]}]},{"@type":"ImageObject","inLanguage":"es","@id":"https:\/\/casadecampoliving.com\/es\/personajes-del-carnaval-dominicano-2-los-platanuses\/#primaryimage","url":"https:\/\/i0.wp.com\/casadecampoliving.com\/wp-content\/uploads\/2024\/02\/MG_5690-scaled.jpg?fit=2560%2C1707&ssl=1","contentUrl":"https:\/\/i0.wp.com\/casadecampoliving.com\/wp-content\/uploads\/2024\/02\/MG_5690-scaled.jpg?fit=2560%2C1707&ssl=1","width":2560,"height":1707,"caption":"Los Platanuses"},{"@type":"BreadcrumbList","@id":"https:\/\/casadecampoliving.com\/es\/personajes-del-carnaval-dominicano-2-los-platanuses\/#breadcrumb","itemListElement":[{"@type":"ListItem","position":1,"name":"Home","item":"https:\/\/casadecampoliving.com\/es\/"},{"@type":"ListItem","position":2,"name":"Personajes del Carnaval Dominicano: Los Platanuses"}]},{"@type":"WebSite","@id":"https:\/\/casadecampoliving.com\/es\/#website","url":"https:\/\/casadecampoliving.com\/es\/","name":"Casa de Campo Living","description":"Resort community news and resources.","publisher":{"@id":"https:\/\/casadecampoliving.com\/es\/#organization"},"potentialAction":[{"@type":"SearchAction","target":{"@type":"EntryPoint","urlTemplate":"https:\/\/casadecampoliving.com\/es\/?s={search_term_string}"},"query-input":{"@type":"PropertyValueSpecification","valueRequired":true,"valueName":"search_term_string"}}],"inLanguage":"es"},{"@type":"Organization","@id":"https:\/\/casadecampoliving.com\/es\/#organization","name":"Casa de Campo Living","url":"https:\/\/casadecampoliving.com\/es\/","logo":{"@type":"ImageObject","inLanguage":"es","@id":"https:\/\/casadecampoliving.com\/es\/#\/schema\/logo\/image\/","url":"https:\/\/i0.wp.com\/casadecampoliving.com\/wp-content\/uploads\/2022\/07\/CDCLivingLogo_V1-white-sized.png?fit=800%2C214&ssl=1","contentUrl":"https:\/\/i0.wp.com\/casadecampoliving.com\/wp-content\/uploads\/2022\/07\/CDCLivingLogo_V1-white-sized.png?fit=800%2C214&ssl=1","width":800,"height":214,"caption":"Casa de Campo Living"},"image":{"@id":"https:\/\/casadecampoliving.com\/es\/#\/schema\/logo\/image\/"},"sameAs":["https:\/\/www.facebook.com\/casadecampoliving","https:\/\/x.com\/cdcliving"]},{"@type":"Person","@id":"https:\/\/casadecampoliving.com\/es\/#\/schema\/person\/c8efa6049510554b7d5fea078d728f72","name":"Perkin Agramonte","image":{"@type":"ImageObject","inLanguage":"es","@id":"https:\/\/secure.gravatar.com\/avatar\/57bfdafcae55fb83dbb79a1585a9eab7f269b7720fb0b64cb9a4e0cd2962fa10?s=96&d=mm&r=g","url":"https:\/\/secure.gravatar.com\/avatar\/57bfdafcae55fb83dbb79a1585a9eab7f269b7720fb0b64cb9a4e0cd2962fa10?s=96&d=mm&r=g","contentUrl":"https:\/\/secure.gravatar.com\/avatar\/57bfdafcae55fb83dbb79a1585a9eab7f269b7720fb0b64cb9a4e0cd2962fa10?s=96&d=mm&r=g","caption":"Perkin Agramonte"},"url":"https:\/\/casadecampoliving.com\/es\/author\/cagramonte\/"}]}},"parsely":{"version":"1.1.0","canonical_url":"https:\/\/casadecampoliving.com\/es\/personajes-del-carnaval-dominicano-2-los-platanuses\/","smart_links":{"inbound":0,"outbound":0},"traffic_boost_suggestions_count":0,"meta":{"@context":"https:\/\/schema.org","@type":"NewsArticle","headline":"Personajes del Carnaval Dominicano: Los Platanuses","url":"http:\/\/casadecampoliving.com\/es\/personajes-del-carnaval-dominicano-2-los-platanuses\/","mainEntityOfPage":{"@type":"WebPage","@id":"http:\/\/casadecampoliving.com\/es\/personajes-del-carnaval-dominicano-2-los-platanuses\/"},"thumbnailUrl":"https:\/\/i0.wp.com\/casadecampoliving.com\/wp-content\/uploads\/2024\/02\/MG_5690-scaled.jpg?resize=150%2C150&ssl=1","image":{"@type":"ImageObject","url":"https:\/\/i0.wp.com\/casadecampoliving.com\/wp-content\/uploads\/2024\/02\/MG_5690-scaled.jpg?fit=2560%2C1707&ssl=1"},"articleSection":"CCL presenta","author":[{"@type":"Person","name":"Perkin Agramonte"}],"creator":["Perkin Agramonte"],"publisher":{"@type":"Organization","name":"Casa de Campo Living","logo":"https:\/\/casadecampoliving.com\/wp-content\/uploads\/2022\/07\/CDCLivingLogo_V1-white-sized.png"},"keywords":["carnaval dominicano","disfraces","origen"],"dateCreated":"2024-02-26T18:12:38Z","datePublished":"2024-02-26T18:12:38Z","dateModified":"2024-02-26T18:19:02Z"},"rendered":"<script type=\"application\/ld+json\" class=\"wp-parsely-metadata\">{\"@context\":\"https:\\\/\\\/schema.org\",\"@type\":\"NewsArticle\",\"headline\":\"Personajes del Carnaval Dominicano: Los Platanuses\",\"url\":\"http:\\\/\\\/casadecampoliving.com\\\/es\\\/personajes-del-carnaval-dominicano-2-los-platanuses\\\/\",\"mainEntityOfPage\":{\"@type\":\"WebPage\",\"@id\":\"http:\\\/\\\/casadecampoliving.com\\\/es\\\/personajes-del-carnaval-dominicano-2-los-platanuses\\\/\"},\"thumbnailUrl\":\"https:\\\/\\\/i0.wp.com\\\/casadecampoliving.com\\\/wp-content\\\/uploads\\\/2024\\\/02\\\/MG_5690-scaled.jpg?resize=150%2C150&ssl=1\",\"image\":{\"@type\":\"ImageObject\",\"url\":\"https:\\\/\\\/i0.wp.com\\\/casadecampoliving.com\\\/wp-content\\\/uploads\\\/2024\\\/02\\\/MG_5690-scaled.jpg?fit=2560%2C1707&ssl=1\"},\"articleSection\":\"CCL presenta\",\"author\":[{\"@type\":\"Person\",\"name\":\"Perkin Agramonte\"}],\"creator\":[\"Perkin Agramonte\"],\"publisher\":{\"@type\":\"Organization\",\"name\":\"Casa de Campo Living\",\"logo\":\"https:\\\/\\\/casadecampoliving.com\\\/wp-content\\\/uploads\\\/2022\\\/07\\\/CDCLivingLogo_V1-white-sized.png\"},\"keywords\":[\"carnaval dominicano\",\"disfraces\",\"origen\"],\"dateCreated\":\"2024-02-26T18:12:38Z\",\"datePublished\":\"2024-02-26T18:12:38Z\",\"dateModified\":\"2024-02-26T18:19:02Z\"}<\/script>","tracker_url":"https:\/\/cdn.parsely.com\/keys\/casadecampoliving.com\/p.js"},"jetpack_publicize_connections":[],"jetpack_featured_media_url":"https:\/\/i0.wp.com\/casadecampoliving.com\/wp-content\/uploads\/2024\/02\/MG_5690-scaled.jpg?fit=2560%2C1707&ssl=1","jetpack-related-posts":[{"id":343849,"url":"https:\/\/casadecampoliving.com\/es\/la-marina-nombra-sergio-vargas-rey-del-carnaval\/","url_meta":{"origin":343904,"position":0},"title":"La Marina nombra a Sergio Vargas Rey del Carnaval","author":"Genesis Perdomo","date":"18 Feb, 2014","format":false,"excerpt":"\u00a1El Carnaval de La Marina est\u00e1 a la vuelta de la esquina! Los preparativos ya se est\u00e1n llevando a cabo para asegurar el \u00e9xito de esta celebraci\u00f3n el 22 de febrero desde las 4pm. Se esperan visitantes de Santo Domingo, La Romana y Punta Cana y La Marina Casa de\u2026","rel":"","context":"En \u00abArte y cultura\u00bb","block_context":{"text":"Arte y cultura","link":"https:\/\/casadecampoliving.com\/category\/arte-y-cultura\/"},"img":{"alt_text":"","src":"https:\/\/i0.wp.com\/casadecampoliving.com\/wp-content\/uploads\/2022\/10\/la_romana_carnaval.jpg?fit=1200%2C900&ssl=1&resize=350%2C200","width":350,"height":200,"srcset":"https:\/\/i0.wp.com\/casadecampoliving.com\/wp-content\/uploads\/2022\/10\/la_romana_carnaval.jpg?fit=1200%2C900&ssl=1&resize=350%2C200 1x, https:\/\/i0.wp.com\/casadecampoliving.com\/wp-content\/uploads\/2022\/10\/la_romana_carnaval.jpg?fit=1200%2C900&ssl=1&resize=525%2C300 1.5x, https:\/\/i0.wp.com\/casadecampoliving.com\/wp-content\/uploads\/2022\/10\/la_romana_carnaval.jpg?fit=1200%2C900&ssl=1&resize=700%2C400 2x, https:\/\/i0.wp.com\/casadecampoliving.com\/wp-content\/uploads\/2022\/10\/la_romana_carnaval.jpg?fit=1200%2C900&ssl=1&resize=1050%2C600 3x"},"classes":[]},{"id":343954,"url":"https:\/\/casadecampoliving.com\/es\/personajes-del-carnaval-dominicano-3-los-diablos-cojuelos\/","url_meta":{"origin":343904,"position":1},"title":"Personajes del Carnaval Dominicano #3: Los Diablos Cojuelos","author":"Casa de Campo Living","date":"3 Mar, 2014","format":false,"excerpt":"Luego de haber celebrado el Carnaval de la Marina en la Marina casa de Campo el pasado s\u00e1bado 22 de febrero (haga clic para ver las fotos), continuamos con nuestra fascinante serie acerca de los diferentes personajes presentes en el Carnaval Dominicano. Esta semana nos vamos adentrar en el mundo\u2026","rel":"","context":"En \u00abArte y cultura\u00bb","block_context":{"text":"Arte y cultura","link":"https:\/\/casadecampoliving.com\/category\/arte-y-cultura\/"},"img":{"alt_text":"Diablos Cojuelos","src":"https:\/\/i0.wp.com\/casadecampoliving.com\/wp-content\/uploads\/2022\/10\/diablos_cojuelos-1.jpg?fit=650%2C433&ssl=1&resize=350%2C200","width":350,"height":200,"srcset":"https:\/\/i0.wp.com\/casadecampoliving.com\/wp-content\/uploads\/2022\/10\/diablos_cojuelos-1.jpg?fit=650%2C433&ssl=1&resize=350%2C200 1x, https:\/\/i0.wp.com\/casadecampoliving.com\/wp-content\/uploads\/2022\/10\/diablos_cojuelos-1.jpg?fit=650%2C433&ssl=1&resize=525%2C300 1.5x"},"classes":[]},{"id":343813,"url":"https:\/\/casadecampoliving.com\/es\/llego-el-carnaval-dominicano\/","url_meta":{"origin":343904,"position":2},"title":"Lleg\u00f3 el Carnaval Dominicano","author":"Genesis Perdomo","date":"7 Feb, 2024","format":false,"excerpt":"El mes de febrero acaba de llegar,\u00a0\u00bfSabe usted lo que eso significa? \u00a1es hora del carnaval! \u00bfest\u00e1 usted listo para disfrutar de la celebraci\u00f3n m\u00e1s colorida de todo el a\u00f1o? El Carnaval Dominicano es una de las celebraciones m\u00e1s anticipadas y emocionantes en La Rep\u00fablica Dominicana. Es una ocasi\u00f3n llena\u2026","rel":"","context":"En \u00abCasa de Campo Living @es\u00bb","block_context":{"text":"Casa de Campo Living @es","link":"https:\/\/casadecampoliving.com\/category\/casa-de-campo-living-es\/"},"img":{"alt_text":"","src":"https:\/\/i0.wp.com\/casadecampoliving.com\/wp-content\/uploads\/2023\/02\/EJ4B5713.jpg?fit=1200%2C800&ssl=1&resize=350%2C200","width":350,"height":200,"srcset":"https:\/\/i0.wp.com\/casadecampoliving.com\/wp-content\/uploads\/2023\/02\/EJ4B5713.jpg?fit=1200%2C800&ssl=1&resize=350%2C200 1x, https:\/\/i0.wp.com\/casadecampoliving.com\/wp-content\/uploads\/2023\/02\/EJ4B5713.jpg?fit=1200%2C800&ssl=1&resize=525%2C300 1.5x, https:\/\/i0.wp.com\/casadecampoliving.com\/wp-content\/uploads\/2023\/02\/EJ4B5713.jpg?fit=1200%2C800&ssl=1&resize=700%2C400 2x, https:\/\/i0.wp.com\/casadecampoliving.com\/wp-content\/uploads\/2023\/02\/EJ4B5713.jpg?fit=1200%2C800&ssl=1&resize=1050%2C600 3x"},"classes":[]},{"id":344093,"url":"https:\/\/casadecampoliving.com\/es\/exhibicion-fotografica-cuerpos-en-carnaval-en-jenny-polanco-project\/","url_meta":{"origin":343904,"position":3},"title":"Exhibici\u00f3n fotogr\u00e1fica \u00abCuerpos en Carnaval\u00bb en Jenny Polanco Project","author":"Perkin Agramonte","date":"26 Mar, 2014","format":false,"excerpt":"Durante los meses de febrero y marzo, la Rep\u00fablica Dominicana estuvo celebrando el Carnaval Dominicano, una celebraci\u00f3n que tambi\u00e9n disfrutamos en Casa de Campo con el 3er Carnaval de la Marina. Y por eso nos sentimos contentos de anunciar la continuaci\u00f3n del esp\u00edritu del Carnaval Dominicano\u2026 con una exhibici\u00f3n fotogr\u00e1fica\u2026","rel":"","context":"En \u00abAltos de Chavon @es\u00bb","block_context":{"text":"Altos de Chavon @es","link":"https:\/\/casadecampoliving.com\/category\/altos-de-chavon-es\/"},"img":{"alt_text":"","src":"https:\/\/i0.wp.com\/casadecampoliving.com\/wp-content\/uploads\/2022\/10\/cuerpos-en-carnaval-1.jpg?fit=650%2C304&ssl=1&resize=350%2C200","width":350,"height":200,"srcset":"https:\/\/i0.wp.com\/casadecampoliving.com\/wp-content\/uploads\/2022\/10\/cuerpos-en-carnaval-1.jpg?fit=650%2C304&ssl=1&resize=350%2C200 1x, https:\/\/i0.wp.com\/casadecampoliving.com\/wp-content\/uploads\/2022\/10\/cuerpos-en-carnaval-1.jpg?fit=650%2C304&ssl=1&resize=525%2C300 1.5x"},"classes":[]},{"id":343942,"url":"https:\/\/casadecampoliving.com\/es\/extravaganza-cultural-en-el-carnaval-de-la-marina-2014\/","url_meta":{"origin":343904,"position":4},"title":"Extravaganza cultural en el Carnaval de la Marina 2014","author":"Perkin Agramonte","date":"26 Feb, 2014","format":false,"excerpt":"El Carnaval es la encarnaci\u00f3n de lo que significa ser dominicano, esta es la mayor y mejor celebraci\u00f3n cultural e hist\u00f3rica en la Rep\u00fablica Dominicana, y simplemente es incre\u00edble admirar esto. El pasado s\u00e1bado 22 de febrero, la Marina Casa de Campo organiz\u00f3 el Carnaval de la Marina, y sus\u2026","rel":"","context":"En \u00abArte y cultura\u00bb","block_context":{"text":"Arte y cultura","link":"https:\/\/casadecampoliving.com\/category\/arte-y-cultura\/"},"img":{"alt_text":"platanuses","src":"https:\/\/i0.wp.com\/casadecampoliving.com\/wp-content\/uploads\/2022\/10\/platanuses-1.jpg?fit=650%2C433&ssl=1&resize=350%2C200","width":350,"height":200,"srcset":"https:\/\/i0.wp.com\/casadecampoliving.com\/wp-content\/uploads\/2022\/10\/platanuses-1.jpg?fit=650%2C433&ssl=1&resize=350%2C200 1x, https:\/\/i0.wp.com\/casadecampoliving.com\/wp-content\/uploads\/2022\/10\/platanuses-1.jpg?fit=650%2C433&ssl=1&resize=525%2C300 1.5x"},"classes":[]},{"id":323278,"url":"https:\/\/casadecampoliving.com\/dominican-carnival-characters-2-los-platanuses\/","url_meta":{"origin":343904,"position":5},"title":"Dominican Carnival Characters: Los Platanuses","author":"Perkin Agramonte","date":"26 Feb, 2024","format":false,"excerpt":"The Dominican Carnival, or the Carnaval Dominicano, is one of the most eagerly anticipated and exciting celebrations held in the Dominican Republic and that is why, to get you in the spirit of the Carnaval Dominicano, over the next few weeks, we\u2019ll be publishing articles on the many different Dominican\u2026","rel":"","context":"En \u00abArt and Culture\u00bb","block_context":{"text":"Art and Culture","link":"https:\/\/casadecampoliving.com\/category\/art-and-culture\/"},"img":{"alt_text":"","src":"https:\/\/i0.wp.com\/casadecampoliving.com\/wp-content\/uploads\/2024\/02\/MG_5690-scaled.jpg?fit=1200%2C800&ssl=1&resize=350%2C200","width":350,"height":200,"srcset":"https:\/\/i0.wp.com\/casadecampoliving.com\/wp-content\/uploads\/2024\/02\/MG_5690-scaled.jpg?fit=1200%2C800&ssl=1&resize=350%2C200 1x, https:\/\/i0.wp.com\/casadecampoliving.com\/wp-content\/uploads\/2024\/02\/MG_5690-scaled.jpg?fit=1200%2C800&ssl=1&resize=525%2C300 1.5x, https:\/\/i0.wp.com\/casadecampoliving.com\/wp-content\/uploads\/2024\/02\/MG_5690-scaled.jpg?fit=1200%2C800&ssl=1&resize=700%2C400 2x, https:\/\/i0.wp.com\/casadecampoliving.com\/wp-content\/uploads\/2024\/02\/MG_5690-scaled.jpg?fit=1200%2C800&ssl=1&resize=1050%2C600 3x"},"classes":[]}],"jetpack_sharing_enabled":true,"_links":{"self":[{"href":"https:\/\/casadecampoliving.com\/es\/wp-json\/wp\/v2\/posts\/343904","targetHints":{"allow":["GET"]}}],"collection":[{"href":"https:\/\/casadecampoliving.com\/es\/wp-json\/wp\/v2\/posts"}],"about":[{"href":"https:\/\/casadecampoliving.com\/es\/wp-json\/wp\/v2\/types\/post"}],"author":[{"embeddable":true,"href":"https:\/\/casadecampoliving.com\/es\/wp-json\/wp\/v2\/users\/1097"}],"replies":[{"embeddable":true,"href":"https:\/\/casadecampoliving.com\/es\/wp-json\/wp\/v2\/comments?post=343904"}],"version-history":[{"count":4,"href":"https:\/\/casadecampoliving.com\/es\/wp-json\/wp\/v2\/posts\/343904\/revisions"}],"predecessor-version":[{"id":527100,"href":"https:\/\/casadecampoliving.com\/es\/wp-json\/wp\/v2\/posts\/343904\/revisions\/527100"}],"wp:featuredmedia":[{"embeddable":true,"href":"https:\/\/casadecampoliving.com\/es\/wp-json\/wp\/v2\/media\/527019"}],"wp:attachment":[{"href":"https:\/\/casadecampoliving.com\/es\/wp-json\/wp\/v2\/media?parent=343904"}],"wp:term":[{"taxonomy":"category","embeddable":true,"href":"https:\/\/casadecampoliving.com\/es\/wp-json\/wp\/v2\/categories?post=343904"},{"taxonomy":"post_tag","embeddable":true,"href":"https:\/\/casadecampoliving.com\/es\/wp-json\/wp\/v2\/tags?post=343904"},{"taxonomy":"newspack_spnsrs_tax","embeddable":true,"href":"https:\/\/casadecampoliving.com\/es\/wp-json\/wp\/v2\/newspack_spnsrs_tax?post=343904"}],"curies":[{"name":"wp","href":"https:\/\/api.w.org\/{rel}","templated":true}]}}