{"id":343900,"date":"2014-02-18T00:00:00","date_gmt":"2014-02-18T04:00:00","guid":{"rendered":"https:\/\/casadecampoliving.com\/una-cena-una-pelicula\/"},"modified":"2022-10-21T18:48:41","modified_gmt":"2022-10-21T22:48:41","slug":"una-cena-una-pelicula","status":"publish","type":"post","link":"https:\/\/casadecampoliving.com\/es\/una-cena-una-pelicula\/","title":{"rendered":"\u00bfUna Cena &#038; una Pel\u00edcula?"},"content":{"rendered":"<div class=\"wp-block-image\">\n<figure class=\"aligncenter is-resized\"><img loading=\"lazy\" decoding=\"async\" src=\"https:\/\/i0.wp.com\/casadecampoliving.com\/wp-content\/uploads\/2022\/10\/Dinner.jpg?resize=650%2C463&amp;ssl=1\" alt=\"Dinner\" class=\"wp-image-86184\" height=\"463\" width=\"650\"\/><\/figure>\n<\/div>\n\n\n<p class=\"has-text-align-left\">Recuerda usted la serie de pel\u00edculas de Art Chav\u00f3n? Como parte del evento Art Chav\u00f3n pautado para el 27 de febrero, <a href=\"https:\/\/casadecampoliving.com\/es\/serie-de-peliculas-art-chavon-2014\/\">el Museo Arqueol\u00f3gico Regional Altos de Chav\u00f3n presentar\u00e1 una serie de peliculas art\u00edsticas<\/a> y para esto el restaurante La Piazzetta ofrecer\u00e1 un men\u00fa especial solo por estas noches \u2013 \u00a1As\u00ed que puede degustar una rica cena a la vez que disfruta de su pel\u00edcula!<\/p>\n\n\n\n<p>Este men\u00fa especial en el restaurante La Piazzetta se ofrecer\u00e1 los d\u00edas 19, 20 y 23 del presente mes , desde las 7 hasta las 11 pm, coincidiendo con la proyecci\u00f3n de la serie de peliculas de Art Chav\u00f3n, en el Museo Arqueol\u00f3gico Regional Altos de Chav\u00f3n. Las pel\u00edculas que se estaran presentado tratan acerca de la vida de famosos artistas tales como: Frida Kahlo, &nbsp;Vincent Van Gogh and Georgia O\u2019Keefe.&nbsp;Vea debajo para m\u00e1s detalles de las pel\u00edculas.<\/p>\n\n\n\n<!--more-->\n\n\n\n<p>Por solo US$30 por persona, La Piazzetta les invita a disfrutar 3 tipos de platos, entre las opciones se incluye Ensalada Capresa al Estilo La Piazzetta, Tortelloni Relleno de Queso y mucho m\u00e1s \u2013 Vea el men\u00fa completo m\u00e1s abajo.<\/p>\n\n\n\n<blockquote><p><strong>Noches de Cena en Altos de Chav\u00f3n<\/strong><\/p><p><strong>Lugar:<\/strong> La Piazzetta Restaurant<\/p><p><strong>Fecha:<\/strong> February 17th, 20th, 23rd<\/p><p><strong>Costo:<\/strong> US$30 por persona (m\u00e1s 28% &nbsp;de impuestos)<\/p><p><strong>Contacto:<\/strong>&nbsp;Concierge exts. 3165 \/3166<\/p><p><strong>Men\u00fa:<\/strong><\/p><figure><img decoding=\"async\" loading=\"lazy\" class=\"aligncenter  wp-image-86124\" alt=\"Menu_La_piazzetta\" src=\"https:\/\/i0.wp.com\/casadecampoliving.com\/wp-content\/uploads\/2022\/10\/Menu_La_piazzetta.jpg?resize=502%2C1024&amp;ssl=1\" width=\"502\" height=\"1024\"><\/figure><\/blockquote>\n\n\n\n<blockquote class=\"wp-block-quote is-layout-flow wp-block-quote-is-layout-flow\"><p><strong style=\"line-height: 1.5em;\">Serie de Peliculas Art Chav\u00f3n<\/strong><\/p><p><strong>Frida Kahlo<br>\n<\/strong><em>Sus obras han sido reconocidas en&nbsp;M\u00e9xico&nbsp;como emblema nacional de las tradiciones&nbsp;ind\u00edgenas, y por las&nbsp;f\u00e9minas&nbsp;por su&nbsp;representaci\u00f3n&nbsp;de la experiencia y forma del genero femenino.<\/em><\/p><p><span style=\"font-size: 14px; line-height: 1.5em;\"><strong>Fecha:<\/strong> Mi\u00e9rcoles 19 de febrero, 6pm<\/span><\/p><p><strong>Vincent Van Gogh<br>\n<\/strong><em>Fue un pintor post-impresionista de origen holand\u00e9s cuyas obras eran notables por su \u00e1spera belleza , honradez emocional y colores vivos, ten\u00eda una influencia de gran envergadura en el arte del siglo 20.<\/em><\/p><p><strong>Fecha:<\/strong> Jueves 20 de febrero, 6pm<\/p><p><strong>Georgia O\u2019Keefe<br>\n<\/strong><em>Fue una artista estadounidense, conocida por sus pinturas de flores, piedras, conchas, huesos de animales y paisajes en los que se sintetiza la abstracci\u00f3n y la representaci\u00f3n.<\/em><\/p><p><strong>Fecha:<\/strong> Domingo 23 de febrero, 6pm<\/p><p><strong>Costo por pel\u00edcula:<\/strong> RD$200<\/p><p><strong>Contacto:<\/strong>&nbsp;<a href=\"mailto:rcastillo@altosdechavon.com\">rcastillo@altosdechavon.com<\/a>, (809) 523-8554<\/p><\/blockquote>\n","protected":false},"excerpt":{"rendered":"<p>Recuerda usted la serie de pel\u00edculas de Art Chav\u00f3n? Como parte del evento Art Chav\u00f3n pautado para el 27 de febrero, el Museo Arqueol\u00f3gico Regional Altos de Chav\u00f3n presentar\u00e1 una serie de peliculas art\u00edsticas y para esto el restaurante La Piazzetta ofrecer\u00e1 un men\u00fa especial solo por estas noches \u2013 \u00a1As\u00ed que puede degustar una [&hellip;]<\/p>\n","protected":false},"author":1097,"featured_media":266087,"comment_status":"closed","ping_status":"closed","sticky":false,"template":"","format":"standard","meta":{"newspack_ads_suppress_ads":false,"newspack_popups_has_disabled_popups":false,"newspack_sponsor_sponsorship_scope":"","newspack_sponsor_native_byline_display":"inherit","newspack_sponsor_native_category_display":"inherit","newspack_sponsor_underwriter_style":"inherit","newspack_sponsor_underwriter_placement":"inherit","_newspack_byline_active":false,"_newspack_byline":"","newspack_hide_updated_date":false,"newspack_show_updated_date":false,"newspack_content_restriction_is_exempt":false,"newspack_featured_image_position":"","newspack_post_subtitle":"","newspack_article_summary_title":"Overview:","newspack_article_summary":"","_jetpack_memberships_contains_paid_content":false,"footnotes":"","jetpack_publicize_message":"","jetpack_publicize_feature_enabled":true,"jetpack_social_post_already_shared":false,"jetpack_social_options":{"image_generator_settings":{"template":"highway","default_image_id":0,"font":"","enabled":false},"version":2},"_wpas_customize_per_network":false},"categories":[26819,26823,14629,2524,2522,14625,14627,26822,2520],"tags":[6056,6775,2774,2772],"newspack_spnsrs_tax":[],"class_list":["post-343900","post","type-post","status-publish","format-standard","has-post-thumbnail","hentry","category-altos-de-chavon-es","category-arte-y-cultura","category-comidas-bebidas","category-destacados","category-eventos-es","category-noticias-locales","category-proximamente","category-resort-casa-de-campo","category-restaurantes-es","tag-art-chavon-es","tag-la-piazzetta-es","tag-menu-especial","tag-restaurantes","entry"],"yoast_head":"<!-- This site is optimized with the Yoast SEO plugin v27.5 - https:\/\/yoast.com\/product\/yoast-seo-wordpress\/ -->\n<title>\u00bfUna Cena &amp; una Pel\u00edcula? | Casa de Campo Living<\/title>\n<meta name=\"description\" content=\"Recuerda usted la serie de pel\u00edculas de Art Chav\u00f3n? Como parte del evento Art Chav\u00f3n pautado para el 27 de febrero, el Museo Arqueol\u00f3gico Regional Altos\" \/>\n<meta name=\"robots\" content=\"index, follow, max-snippet:-1, max-image-preview:large, max-video-preview:-1\" \/>\n<link rel=\"canonical\" href=\"https:\/\/casadecampoliving.com\/es\/una-cena-una-pelicula\/\" \/>\n<meta property=\"og:locale\" content=\"es_ES\" \/>\n<meta property=\"og:type\" content=\"article\" \/>\n<meta property=\"og:title\" content=\"\u00bfUna Cena &amp; una Pel\u00edcula? | Casa de Campo Living\" \/>\n<meta property=\"og:description\" content=\"Recuerda usted la serie de pel\u00edculas de Art Chav\u00f3n? Como parte del evento Art Chav\u00f3n pautado para el 27 de febrero, el Museo Arqueol\u00f3gico Regional Altos\" \/>\n<meta property=\"og:url\" content=\"https:\/\/casadecampoliving.com\/es\/una-cena-una-pelicula\/\" \/>\n<meta property=\"og:site_name\" content=\"Casa de Campo Living\" \/>\n<meta property=\"article:publisher\" content=\"https:\/\/www.facebook.com\/casadecampoliving\" \/>\n<meta property=\"article:published_time\" content=\"2014-02-18T04:00:00+00:00\" \/>\n<meta property=\"article:modified_time\" content=\"2022-10-21T22:48:41+00:00\" \/>\n<meta property=\"og:image\" content=\"https:\/\/i0.wp.com\/casadecampoliving.com\/wp-content\/uploads\/2022\/10\/Header_La_Piazzetta.jpg?fit=650%2C460&ssl=1\" \/>\n\t<meta property=\"og:image:width\" content=\"650\" \/>\n\t<meta property=\"og:image:height\" content=\"460\" \/>\n\t<meta property=\"og:image:type\" content=\"image\/jpeg\" \/>\n<meta name=\"author\" content=\"Perkin Agramonte\" \/>\n<meta name=\"twitter:card\" content=\"summary_large_image\" \/>\n<meta name=\"twitter:creator\" content=\"@cdcliving\" \/>\n<meta name=\"twitter:site\" content=\"@cdcliving\" \/>\n<meta name=\"twitter:label1\" content=\"Escrito por\" \/>\n\t<meta name=\"twitter:data1\" content=\"Perkin Agramonte\" \/>\n\t<meta name=\"twitter:label2\" content=\"Tiempo de lectura\" \/>\n\t<meta name=\"twitter:data2\" content=\"2 minutos\" \/>\n<script type=\"application\/ld+json\" class=\"yoast-schema-graph\">{\"@context\":\"https:\\\/\\\/schema.org\",\"@graph\":[{\"@type\":\"Article\",\"@id\":\"https:\\\/\\\/casadecampoliving.com\\\/es\\\/una-cena-una-pelicula\\\/#article\",\"isPartOf\":{\"@id\":\"https:\\\/\\\/casadecampoliving.com\\\/es\\\/una-cena-una-pelicula\\\/\"},\"author\":{\"name\":\"Perkin Agramonte\",\"@id\":\"https:\\\/\\\/casadecampoliving.com\\\/es\\\/#\\\/schema\\\/person\\\/c8efa6049510554b7d5fea078d728f72\"},\"headline\":\"\u00bfUna Cena &#038; una Pel\u00edcula?\",\"datePublished\":\"2014-02-18T04:00:00+00:00\",\"dateModified\":\"2022-10-21T22:48:41+00:00\",\"mainEntityOfPage\":{\"@id\":\"https:\\\/\\\/casadecampoliving.com\\\/es\\\/una-cena-una-pelicula\\\/\"},\"wordCount\":373,\"publisher\":{\"@id\":\"https:\\\/\\\/casadecampoliving.com\\\/es\\\/#organization\"},\"image\":{\"@id\":\"https:\\\/\\\/casadecampoliving.com\\\/es\\\/una-cena-una-pelicula\\\/#primaryimage\"},\"thumbnailUrl\":\"https:\\\/\\\/i0.wp.com\\\/casadecampoliving.com\\\/wp-content\\\/uploads\\\/2022\\\/10\\\/Header_La_Piazzetta.jpg?fit=650%2C460&ssl=1\",\"keywords\":[\"art chavon @es\",\"la piazzetta @es\",\"menu especial\",\"restaurantes\"],\"articleSection\":[\"Altos de Chavon @es\",\"Arte y cultura\",\"Comidas &amp; Bebidas\",\"Destacados\",\"Eventos\",\"Noticias Locales\",\"Proximamente\",\"Resort Casa de Campo\",\"Restaurantes\"],\"inLanguage\":\"es\"},{\"@type\":\"WebPage\",\"@id\":\"https:\\\/\\\/casadecampoliving.com\\\/es\\\/una-cena-una-pelicula\\\/\",\"url\":\"https:\\\/\\\/casadecampoliving.com\\\/es\\\/una-cena-una-pelicula\\\/\",\"name\":\"\u00bfUna Cena & una Pel\u00edcula? | Casa de Campo Living\",\"isPartOf\":{\"@id\":\"https:\\\/\\\/casadecampoliving.com\\\/es\\\/#website\"},\"primaryImageOfPage\":{\"@id\":\"https:\\\/\\\/casadecampoliving.com\\\/es\\\/una-cena-una-pelicula\\\/#primaryimage\"},\"image\":{\"@id\":\"https:\\\/\\\/casadecampoliving.com\\\/es\\\/una-cena-una-pelicula\\\/#primaryimage\"},\"thumbnailUrl\":\"https:\\\/\\\/i0.wp.com\\\/casadecampoliving.com\\\/wp-content\\\/uploads\\\/2022\\\/10\\\/Header_La_Piazzetta.jpg?fit=650%2C460&ssl=1\",\"datePublished\":\"2014-02-18T04:00:00+00:00\",\"dateModified\":\"2022-10-21T22:48:41+00:00\",\"description\":\"Recuerda usted la serie de pel\u00edculas de Art Chav\u00f3n? Como parte del evento Art Chav\u00f3n pautado para el 27 de febrero, el Museo Arqueol\u00f3gico Regional Altos\",\"breadcrumb\":{\"@id\":\"https:\\\/\\\/casadecampoliving.com\\\/es\\\/una-cena-una-pelicula\\\/#breadcrumb\"},\"inLanguage\":\"es\",\"potentialAction\":[{\"@type\":\"ReadAction\",\"target\":[\"https:\\\/\\\/casadecampoliving.com\\\/es\\\/una-cena-una-pelicula\\\/\"]}]},{\"@type\":\"ImageObject\",\"inLanguage\":\"es\",\"@id\":\"https:\\\/\\\/casadecampoliving.com\\\/es\\\/una-cena-una-pelicula\\\/#primaryimage\",\"url\":\"https:\\\/\\\/i0.wp.com\\\/casadecampoliving.com\\\/wp-content\\\/uploads\\\/2022\\\/10\\\/Header_La_Piazzetta.jpg?fit=650%2C460&ssl=1\",\"contentUrl\":\"https:\\\/\\\/i0.wp.com\\\/casadecampoliving.com\\\/wp-content\\\/uploads\\\/2022\\\/10\\\/Header_La_Piazzetta.jpg?fit=650%2C460&ssl=1\",\"width\":650,\"height\":460},{\"@type\":\"BreadcrumbList\",\"@id\":\"https:\\\/\\\/casadecampoliving.com\\\/es\\\/una-cena-una-pelicula\\\/#breadcrumb\",\"itemListElement\":[{\"@type\":\"ListItem\",\"position\":1,\"name\":\"Home\",\"item\":\"https:\\\/\\\/casadecampoliving.com\\\/es\\\/\"},{\"@type\":\"ListItem\",\"position\":2,\"name\":\"\u00bfUna Cena &#038; una Pel\u00edcula?\"}]},{\"@type\":\"WebSite\",\"@id\":\"https:\\\/\\\/casadecampoliving.com\\\/es\\\/#website\",\"url\":\"https:\\\/\\\/casadecampoliving.com\\\/es\\\/\",\"name\":\"Casa de Campo Living\",\"description\":\"Resort community news and resources.\",\"publisher\":{\"@id\":\"https:\\\/\\\/casadecampoliving.com\\\/es\\\/#organization\"},\"potentialAction\":[{\"@type\":\"SearchAction\",\"target\":{\"@type\":\"EntryPoint\",\"urlTemplate\":\"https:\\\/\\\/casadecampoliving.com\\\/es\\\/?s={search_term_string}\"},\"query-input\":{\"@type\":\"PropertyValueSpecification\",\"valueRequired\":true,\"valueName\":\"search_term_string\"}}],\"inLanguage\":\"es\"},{\"@type\":\"Organization\",\"@id\":\"https:\\\/\\\/casadecampoliving.com\\\/es\\\/#organization\",\"name\":\"Casa de Campo Living\",\"url\":\"https:\\\/\\\/casadecampoliving.com\\\/es\\\/\",\"logo\":{\"@type\":\"ImageObject\",\"inLanguage\":\"es\",\"@id\":\"https:\\\/\\\/casadecampoliving.com\\\/es\\\/#\\\/schema\\\/logo\\\/image\\\/\",\"url\":\"https:\\\/\\\/i0.wp.com\\\/casadecampoliving.com\\\/wp-content\\\/uploads\\\/2022\\\/07\\\/CDCLivingLogo_V1-white-sized.png?fit=800%2C214&ssl=1\",\"contentUrl\":\"https:\\\/\\\/i0.wp.com\\\/casadecampoliving.com\\\/wp-content\\\/uploads\\\/2022\\\/07\\\/CDCLivingLogo_V1-white-sized.png?fit=800%2C214&ssl=1\",\"width\":800,\"height\":214,\"caption\":\"Casa de Campo Living\"},\"image\":{\"@id\":\"https:\\\/\\\/casadecampoliving.com\\\/es\\\/#\\\/schema\\\/logo\\\/image\\\/\"},\"sameAs\":[\"https:\\\/\\\/www.facebook.com\\\/casadecampoliving\",\"https:\\\/\\\/x.com\\\/cdcliving\"]},{\"@type\":\"Person\",\"@id\":\"https:\\\/\\\/casadecampoliving.com\\\/es\\\/#\\\/schema\\\/person\\\/c8efa6049510554b7d5fea078d728f72\",\"name\":\"Perkin Agramonte\",\"image\":{\"@type\":\"ImageObject\",\"inLanguage\":\"es\",\"@id\":\"https:\\\/\\\/secure.gravatar.com\\\/avatar\\\/57bfdafcae55fb83dbb79a1585a9eab7f269b7720fb0b64cb9a4e0cd2962fa10?s=96&d=mm&r=g\",\"url\":\"https:\\\/\\\/secure.gravatar.com\\\/avatar\\\/57bfdafcae55fb83dbb79a1585a9eab7f269b7720fb0b64cb9a4e0cd2962fa10?s=96&d=mm&r=g\",\"contentUrl\":\"https:\\\/\\\/secure.gravatar.com\\\/avatar\\\/57bfdafcae55fb83dbb79a1585a9eab7f269b7720fb0b64cb9a4e0cd2962fa10?s=96&d=mm&r=g\",\"caption\":\"Perkin Agramonte\"},\"url\":\"https:\\\/\\\/casadecampoliving.com\\\/es\\\/author\\\/cagramonte\\\/\"}]}<\/script>\n<!-- \/ Yoast SEO plugin. -->","yoast_head_json":{"title":"\u00bfUna Cena & una Pel\u00edcula? | Casa de Campo Living","description":"Recuerda usted la serie de pel\u00edculas de Art Chav\u00f3n? Como parte del evento Art Chav\u00f3n pautado para el 27 de febrero, el Museo Arqueol\u00f3gico Regional Altos","robots":{"index":"index","follow":"follow","max-snippet":"max-snippet:-1","max-image-preview":"max-image-preview:large","max-video-preview":"max-video-preview:-1"},"canonical":"https:\/\/casadecampoliving.com\/es\/una-cena-una-pelicula\/","og_locale":"es_ES","og_type":"article","og_title":"\u00bfUna Cena & una Pel\u00edcula? | Casa de Campo Living","og_description":"Recuerda usted la serie de pel\u00edculas de Art Chav\u00f3n? Como parte del evento Art Chav\u00f3n pautado para el 27 de febrero, el Museo Arqueol\u00f3gico Regional Altos","og_url":"https:\/\/casadecampoliving.com\/es\/una-cena-una-pelicula\/","og_site_name":"Casa de Campo Living","article_publisher":"https:\/\/www.facebook.com\/casadecampoliving","article_published_time":"2014-02-18T04:00:00+00:00","article_modified_time":"2022-10-21T22:48:41+00:00","og_image":[{"width":650,"height":460,"url":"https:\/\/i0.wp.com\/casadecampoliving.com\/wp-content\/uploads\/2022\/10\/Header_La_Piazzetta.jpg?fit=650%2C460&ssl=1","type":"image\/jpeg"}],"author":"Perkin Agramonte","twitter_card":"summary_large_image","twitter_creator":"@cdcliving","twitter_site":"@cdcliving","twitter_misc":{"Escrito por":"Perkin Agramonte","Tiempo de lectura":"2 minutos"},"schema":{"@context":"https:\/\/schema.org","@graph":[{"@type":"Article","@id":"https:\/\/casadecampoliving.com\/es\/una-cena-una-pelicula\/#article","isPartOf":{"@id":"https:\/\/casadecampoliving.com\/es\/una-cena-una-pelicula\/"},"author":{"name":"Perkin Agramonte","@id":"https:\/\/casadecampoliving.com\/es\/#\/schema\/person\/c8efa6049510554b7d5fea078d728f72"},"headline":"\u00bfUna Cena &#038; una Pel\u00edcula?","datePublished":"2014-02-18T04:00:00+00:00","dateModified":"2022-10-21T22:48:41+00:00","mainEntityOfPage":{"@id":"https:\/\/casadecampoliving.com\/es\/una-cena-una-pelicula\/"},"wordCount":373,"publisher":{"@id":"https:\/\/casadecampoliving.com\/es\/#organization"},"image":{"@id":"https:\/\/casadecampoliving.com\/es\/una-cena-una-pelicula\/#primaryimage"},"thumbnailUrl":"https:\/\/i0.wp.com\/casadecampoliving.com\/wp-content\/uploads\/2022\/10\/Header_La_Piazzetta.jpg?fit=650%2C460&ssl=1","keywords":["art chavon @es","la piazzetta @es","menu especial","restaurantes"],"articleSection":["Altos de Chavon @es","Arte y cultura","Comidas &amp; Bebidas","Destacados","Eventos","Noticias Locales","Proximamente","Resort Casa de Campo","Restaurantes"],"inLanguage":"es"},{"@type":"WebPage","@id":"https:\/\/casadecampoliving.com\/es\/una-cena-una-pelicula\/","url":"https:\/\/casadecampoliving.com\/es\/una-cena-una-pelicula\/","name":"\u00bfUna Cena & una Pel\u00edcula? | Casa de Campo Living","isPartOf":{"@id":"https:\/\/casadecampoliving.com\/es\/#website"},"primaryImageOfPage":{"@id":"https:\/\/casadecampoliving.com\/es\/una-cena-una-pelicula\/#primaryimage"},"image":{"@id":"https:\/\/casadecampoliving.com\/es\/una-cena-una-pelicula\/#primaryimage"},"thumbnailUrl":"https:\/\/i0.wp.com\/casadecampoliving.com\/wp-content\/uploads\/2022\/10\/Header_La_Piazzetta.jpg?fit=650%2C460&ssl=1","datePublished":"2014-02-18T04:00:00+00:00","dateModified":"2022-10-21T22:48:41+00:00","description":"Recuerda usted la serie de pel\u00edculas de Art Chav\u00f3n? Como parte del evento Art Chav\u00f3n pautado para el 27 de febrero, el Museo Arqueol\u00f3gico Regional Altos","breadcrumb":{"@id":"https:\/\/casadecampoliving.com\/es\/una-cena-una-pelicula\/#breadcrumb"},"inLanguage":"es","potentialAction":[{"@type":"ReadAction","target":["https:\/\/casadecampoliving.com\/es\/una-cena-una-pelicula\/"]}]},{"@type":"ImageObject","inLanguage":"es","@id":"https:\/\/casadecampoliving.com\/es\/una-cena-una-pelicula\/#primaryimage","url":"https:\/\/i0.wp.com\/casadecampoliving.com\/wp-content\/uploads\/2022\/10\/Header_La_Piazzetta.jpg?fit=650%2C460&ssl=1","contentUrl":"https:\/\/i0.wp.com\/casadecampoliving.com\/wp-content\/uploads\/2022\/10\/Header_La_Piazzetta.jpg?fit=650%2C460&ssl=1","width":650,"height":460},{"@type":"BreadcrumbList","@id":"https:\/\/casadecampoliving.com\/es\/una-cena-una-pelicula\/#breadcrumb","itemListElement":[{"@type":"ListItem","position":1,"name":"Home","item":"https:\/\/casadecampoliving.com\/es\/"},{"@type":"ListItem","position":2,"name":"\u00bfUna Cena &#038; una Pel\u00edcula?"}]},{"@type":"WebSite","@id":"https:\/\/casadecampoliving.com\/es\/#website","url":"https:\/\/casadecampoliving.com\/es\/","name":"Casa de Campo Living","description":"Resort community news and resources.","publisher":{"@id":"https:\/\/casadecampoliving.com\/es\/#organization"},"potentialAction":[{"@type":"SearchAction","target":{"@type":"EntryPoint","urlTemplate":"https:\/\/casadecampoliving.com\/es\/?s={search_term_string}"},"query-input":{"@type":"PropertyValueSpecification","valueRequired":true,"valueName":"search_term_string"}}],"inLanguage":"es"},{"@type":"Organization","@id":"https:\/\/casadecampoliving.com\/es\/#organization","name":"Casa de Campo Living","url":"https:\/\/casadecampoliving.com\/es\/","logo":{"@type":"ImageObject","inLanguage":"es","@id":"https:\/\/casadecampoliving.com\/es\/#\/schema\/logo\/image\/","url":"https:\/\/i0.wp.com\/casadecampoliving.com\/wp-content\/uploads\/2022\/07\/CDCLivingLogo_V1-white-sized.png?fit=800%2C214&ssl=1","contentUrl":"https:\/\/i0.wp.com\/casadecampoliving.com\/wp-content\/uploads\/2022\/07\/CDCLivingLogo_V1-white-sized.png?fit=800%2C214&ssl=1","width":800,"height":214,"caption":"Casa de Campo Living"},"image":{"@id":"https:\/\/casadecampoliving.com\/es\/#\/schema\/logo\/image\/"},"sameAs":["https:\/\/www.facebook.com\/casadecampoliving","https:\/\/x.com\/cdcliving"]},{"@type":"Person","@id":"https:\/\/casadecampoliving.com\/es\/#\/schema\/person\/c8efa6049510554b7d5fea078d728f72","name":"Perkin Agramonte","image":{"@type":"ImageObject","inLanguage":"es","@id":"https:\/\/secure.gravatar.com\/avatar\/57bfdafcae55fb83dbb79a1585a9eab7f269b7720fb0b64cb9a4e0cd2962fa10?s=96&d=mm&r=g","url":"https:\/\/secure.gravatar.com\/avatar\/57bfdafcae55fb83dbb79a1585a9eab7f269b7720fb0b64cb9a4e0cd2962fa10?s=96&d=mm&r=g","contentUrl":"https:\/\/secure.gravatar.com\/avatar\/57bfdafcae55fb83dbb79a1585a9eab7f269b7720fb0b64cb9a4e0cd2962fa10?s=96&d=mm&r=g","caption":"Perkin Agramonte"},"url":"https:\/\/casadecampoliving.com\/es\/author\/cagramonte\/"}]}},"parsely":{"version":"1.1.0","canonical_url":"https:\/\/casadecampoliving.com\/es\/una-cena-una-pelicula\/","smart_links":{"inbound":0,"outbound":0},"traffic_boost_suggestions_count":0,"meta":{"@context":"https:\/\/schema.org","@type":"NewsArticle","headline":"\u00bfUna Cena &#038; una Pel\u00edcula?","url":"http:\/\/casadecampoliving.com\/es\/una-cena-una-pelicula\/","mainEntityOfPage":{"@type":"WebPage","@id":"http:\/\/casadecampoliving.com\/es\/una-cena-una-pelicula\/"},"thumbnailUrl":"https:\/\/i0.wp.com\/casadecampoliving.com\/wp-content\/uploads\/2022\/10\/Header_La_Piazzetta.jpg?resize=150%2C150&ssl=1","image":{"@type":"ImageObject","url":"https:\/\/i0.wp.com\/casadecampoliving.com\/wp-content\/uploads\/2022\/10\/Header_La_Piazzetta.jpg?fit=650%2C460&ssl=1"},"articleSection":"Altos de Chavon @es","author":[{"@type":"Person","name":"Perkin Agramonte"}],"creator":["Perkin Agramonte"],"publisher":{"@type":"Organization","name":"Casa de Campo Living","logo":"https:\/\/casadecampoliving.com\/wp-content\/uploads\/2022\/07\/CDCLivingLogo_V1-white-sized.png"},"keywords":["art chavon @es","la piazzetta @es","menu especial","restaurantes"],"dateCreated":"2014-02-18T04:00:00Z","datePublished":"2014-02-18T04:00:00Z","dateModified":"2022-10-21T22:48:41Z"},"rendered":"<script type=\"application\/ld+json\" class=\"wp-parsely-metadata\">{\"@context\":\"https:\\\/\\\/schema.org\",\"@type\":\"NewsArticle\",\"headline\":\"\\u00bfUna Cena &#038; una Pel\\u00edcula?\",\"url\":\"http:\\\/\\\/casadecampoliving.com\\\/es\\\/una-cena-una-pelicula\\\/\",\"mainEntityOfPage\":{\"@type\":\"WebPage\",\"@id\":\"http:\\\/\\\/casadecampoliving.com\\\/es\\\/una-cena-una-pelicula\\\/\"},\"thumbnailUrl\":\"https:\\\/\\\/i0.wp.com\\\/casadecampoliving.com\\\/wp-content\\\/uploads\\\/2022\\\/10\\\/Header_La_Piazzetta.jpg?resize=150%2C150&ssl=1\",\"image\":{\"@type\":\"ImageObject\",\"url\":\"https:\\\/\\\/i0.wp.com\\\/casadecampoliving.com\\\/wp-content\\\/uploads\\\/2022\\\/10\\\/Header_La_Piazzetta.jpg?fit=650%2C460&ssl=1\"},\"articleSection\":\"Altos de Chavon @es\",\"author\":[{\"@type\":\"Person\",\"name\":\"Perkin Agramonte\"}],\"creator\":[\"Perkin Agramonte\"],\"publisher\":{\"@type\":\"Organization\",\"name\":\"Casa de Campo Living\",\"logo\":\"https:\\\/\\\/casadecampoliving.com\\\/wp-content\\\/uploads\\\/2022\\\/07\\\/CDCLivingLogo_V1-white-sized.png\"},\"keywords\":[\"art chavon @es\",\"la piazzetta @es\",\"menu especial\",\"restaurantes\"],\"dateCreated\":\"2014-02-18T04:00:00Z\",\"datePublished\":\"2014-02-18T04:00:00Z\",\"dateModified\":\"2022-10-21T22:48:41Z\"}<\/script>","tracker_url":"https:\/\/cdn.parsely.com\/keys\/casadecampoliving.com\/p.js"},"jetpack_publicize_connections":[],"jetpack_featured_media_url":"https:\/\/i0.wp.com\/casadecampoliving.com\/wp-content\/uploads\/2022\/10\/Header_La_Piazzetta.jpg?fit=650%2C460&ssl=1","jetpack-related-posts":[{"id":342911,"url":"https:\/\/casadecampoliving.com\/es\/menu-especial-en-la-piazzetta-para-el-concierto-de-pitbull\/","url_meta":{"origin":343900,"position":0},"title":"Men\u00fa especial en La Piazzetta para el concierto de Pitbull","author":"Lenny Castillo","date":"17 Sep, 2013","format":false,"excerpt":"Este s\u00e1bado 21 de septiembre es el concierto \u201cPitbull para el Hogar del Ni\u00f1o\u201d en Altos de Chav\u00f3n, y como es tradici\u00f3n, La Piazzetta en Altos de Chav\u00f3n ha creado un men\u00fa especial para cerrar la noche con Pitbull\u2026 Un Restaurante mediterr\u00e1neo y r\u00fastico de Casa de Campo, La Piazzetta\u2026","rel":"","context":"En \u00abAltos de Chavon @es\u00bb","block_context":{"text":"Altos de Chavon @es","link":"https:\/\/casadecampoliving.com\/category\/altos-de-chavon-es\/"},"img":{"alt_text":"","src":"https:\/\/i0.wp.com\/casadecampoliving.com\/wp-content\/uploads\/2022\/10\/antipasto-1.jpg?fit=650%2C369&ssl=1&resize=350%2C200","width":350,"height":200,"srcset":"https:\/\/i0.wp.com\/casadecampoliving.com\/wp-content\/uploads\/2022\/10\/antipasto-1.jpg?fit=650%2C369&ssl=1&resize=350%2C200 1x, https:\/\/i0.wp.com\/casadecampoliving.com\/wp-content\/uploads\/2022\/10\/antipasto-1.jpg?fit=650%2C369&ssl=1&resize=525%2C300 1.5x"},"classes":[]},{"id":342075,"url":"https:\/\/casadecampoliving.com\/es\/menu-especial-us28-esta-noche-en-la-piazzetta-para-el-evento-chavon-electronico\/","url_meta":{"origin":343900,"position":1},"title":"Men\u00fa especial US$28 esta noche en La Piazzetta para \u00abChav\u00f3n Electr\u00f3nico\u00bb","author":"Rebecca Silvestri","date":"22 Jun, 2013","format":false,"excerpt":"Hoy, s\u00e1bado 22 de junio celebramos el evento Chav\u00f3n Electr\u00f3nico en Altos de Chav\u00f3n. \u00a0Consiste en Bar Hopping entre los bares y restaurantes de Altos de Chav\u00f3n donde cada uno tendr\u00e1 ofertas especiales, y la nota electr\u00f3nica la ponen el DJ Papanox y el Pinzi Truck de Red Bull en\u2026","rel":"","context":"En \u00abAltos de Chavon @es\u00bb","block_context":{"text":"Altos de Chavon @es","link":"https:\/\/casadecampoliving.com\/category\/altos-de-chavon-es\/"},"img":{"alt_text":"piazzetta altos de chavon","src":"https:\/\/i0.wp.com\/casadecampoliving.com\/wp-content\/uploads\/2022\/10\/piazzetta_altos_chavon-1.jpg?fit=650%2C454&ssl=1&resize=350%2C200","width":350,"height":200,"srcset":"https:\/\/i0.wp.com\/casadecampoliving.com\/wp-content\/uploads\/2022\/10\/piazzetta_altos_chavon-1.jpg?fit=650%2C454&ssl=1&resize=350%2C200 1x, https:\/\/i0.wp.com\/casadecampoliving.com\/wp-content\/uploads\/2022\/10\/piazzetta_altos_chavon-1.jpg?fit=650%2C454&ssl=1&resize=525%2C300 1.5x"},"classes":[]},{"id":338536,"url":"https:\/\/casadecampoliving.com\/es\/esta-noche-en-altos-de-chavon-lectura-de-capitan-kidd-exhibicion-de-arte-y-menu-especial-en-la-piazzetta\/","url_meta":{"origin":343900,"position":2},"title":"Esta noche en Altos de Chav\u00f3n: Lectura de Capit\u00e1n Kidd, exhibici\u00f3n de arte y men\u00fa especial en La Piazzetta!","author":"","date":"8 Mar, 2012","format":false,"excerpt":"Esta noche es para pasarla en Altos de Chav\u00f3n! Las festividades de la noche comienzan con una lectura especial del naufragio del barco de Capit\u00e1n Kidd cerca de Isla Catalina, luego la apertura de la nueva exhibici\u00f3n de arte\u00a0\u201cLa acci\u00f3n del caballo de polo\u201d\u00a0en la galer\u00eda de arte y culminar\u00e1\u2026","rel":"","context":"En \u00abAltos de Chavon @es\u00bb","block_context":{"text":"Altos de Chavon @es","link":"https:\/\/casadecampoliving.com\/category\/altos-de-chavon-es\/"},"img":{"alt_text":"la piazetta menu","src":"https:\/\/i0.wp.com\/casadecampoliving.com\/wp-content\/uploads\/2022\/10\/la_piazzetta_menu-1.jpg?fit=528%2C363&ssl=1&resize=350%2C200","width":350,"height":200,"srcset":"https:\/\/i0.wp.com\/casadecampoliving.com\/wp-content\/uploads\/2022\/10\/la_piazzetta_menu-1.jpg?fit=528%2C363&ssl=1&resize=350%2C200 1x, https:\/\/i0.wp.com\/casadecampoliving.com\/wp-content\/uploads\/2022\/10\/la_piazzetta_menu-1.jpg?fit=528%2C363&ssl=1&resize=525%2C300 1.5x"},"classes":[]},{"id":337583,"url":"https:\/\/casadecampoliving.com\/es\/menu-especial-de-la-piazzetta-para-las-festividades-por-solo-us23\/","url_meta":{"origin":343900,"position":3},"title":"Menu Especial de la Piazzetta para las festividades &#8211; por s\u00f3lo US$23!","author":"","date":"2 Dic, 2011","format":false,"excerpt":"Esta temporada festiva, Casa de Campo le invita a cenar en el restaurante La Piazzetta en Altos de Chav\u00f3n \u2013 por s\u00f3lo US$23 por persona!\u00a0 Esta interesante oferta est\u00e1 disponible a partir del 1 de diciembre hasta el 20 de diciembre, una gran oportunidad para disfrutar de una excelente cena\u2026","rel":"","context":"En \u00abAltos de Chavon @es\u00bb","block_context":{"text":"Altos de Chavon @es","link":"https:\/\/casadecampoliving.com\/category\/altos-de-chavon-es\/"},"img":{"alt_text":"la piazzetta menu altos de chavon","src":"https:\/\/i0.wp.com\/casadecampoliving.com\/wp-content\/uploads\/2022\/10\/la_piazetta_menu-1.jpg?fit=650%2C207&ssl=1&resize=350%2C200","width":350,"height":200,"srcset":"https:\/\/i0.wp.com\/casadecampoliving.com\/wp-content\/uploads\/2022\/10\/la_piazetta_menu-1.jpg?fit=650%2C207&ssl=1&resize=350%2C200 1x, https:\/\/i0.wp.com\/casadecampoliving.com\/wp-content\/uploads\/2022\/10\/la_piazetta_menu-1.jpg?fit=650%2C207&ssl=1&resize=525%2C300 1.5x"},"classes":[]},{"id":433460,"url":"https:\/\/casadecampoliving.com\/es\/no-se-pierdan-el-increible-tributo-a-frank-sinatra-para-celebrar-el-40-aniversario-del-anfiteatro-altos-de-chavon\/","url_meta":{"origin":343900,"position":4},"title":"No se pierdan el incre\u00edble tributo a Frank Sinatra para celebrar el 40 aniversario del\u00a0Anfiteatro Altos de Chav\u00f3n","author":"Casa de Campo Living","date":"20 Oct, 2022","format":false,"excerpt":"Siendo uno de los escenarios m\u00e1s emblem\u00e1ticos del pa\u00eds, Casa de Campo Resort\u00ae & Villas celebra las cuatro d\u00e9cadas de aniversario de Altos de Chav\u00f3n con un tributo al gran Frank Sinatra, protagonizado por artistas invitados y una big band tal cual la que acompa\u00f1\u00f3 al artista hace 40 a\u00f1os\u2026","rel":"","context":"En \u00abUncategorized @es\u00bb","block_context":{"text":"Uncategorized @es","link":"https:\/\/casadecampoliving.com\/es\/category\/uncategorized-es\/"},"img":{"alt_text":"","src":"https:\/\/i0.wp.com\/casadecampoliving.com\/wp-content\/uploads\/2022\/10\/Tributo-Frank-Sinatra-Foto-Principal-Amaury-Sanchez-Danilo-Ginebra-Andres-Pichardo-y-Jose-Gabriel-Perez-.jpg?fit=1200%2C873&ssl=1&resize=350%2C200","width":350,"height":200,"srcset":"https:\/\/i0.wp.com\/casadecampoliving.com\/wp-content\/uploads\/2022\/10\/Tributo-Frank-Sinatra-Foto-Principal-Amaury-Sanchez-Danilo-Ginebra-Andres-Pichardo-y-Jose-Gabriel-Perez-.jpg?fit=1200%2C873&ssl=1&resize=350%2C200 1x, https:\/\/i0.wp.com\/casadecampoliving.com\/wp-content\/uploads\/2022\/10\/Tributo-Frank-Sinatra-Foto-Principal-Amaury-Sanchez-Danilo-Ginebra-Andres-Pichardo-y-Jose-Gabriel-Perez-.jpg?fit=1200%2C873&ssl=1&resize=525%2C300 1.5x, https:\/\/i0.wp.com\/casadecampoliving.com\/wp-content\/uploads\/2022\/10\/Tributo-Frank-Sinatra-Foto-Principal-Amaury-Sanchez-Danilo-Ginebra-Andres-Pichardo-y-Jose-Gabriel-Perez-.jpg?fit=1200%2C873&ssl=1&resize=700%2C400 2x, https:\/\/i0.wp.com\/casadecampoliving.com\/wp-content\/uploads\/2022\/10\/Tributo-Frank-Sinatra-Foto-Principal-Amaury-Sanchez-Danilo-Ginebra-Andres-Pichardo-y-Jose-Gabriel-Perez-.jpg?fit=1200%2C873&ssl=1&resize=1050%2C600 3x"},"classes":[]},{"id":341357,"url":"https:\/\/casadecampoliving.com\/es\/brunch-y-cena-del-dia-de-las-madres-en-la-piazzetta\/","url_meta":{"origin":343900,"position":5},"title":"\u00abBrunch\u00bb y cena del D\u00eda de las Madres en La Piazzetta","author":"lperdomo","date":"17 May, 2013","format":false,"excerpt":"Es casi d\u00eda de las madres aqu\u00ed en Rep\u00fablica Dominicana \u2013 y como una ocasi\u00f3n MUY especial le recomendamos que empiece desde ahora a planear el d\u00eda perfecto para \u00a0su maravillosa madre. Casa de Campo ya anunci\u00f3 el men\u00fa especial del D\u00eda de las Madres en The Beach Club by\u2026","rel":"","context":"En \u00abAltos de Chavon @es\u00bb","block_context":{"text":"Altos de Chavon @es","link":"https:\/\/casadecampoliving.com\/category\/altos-de-chavon-es\/"},"img":{"alt_text":"mothers day","src":"https:\/\/i0.wp.com\/casadecampoliving.com\/wp-content\/uploads\/2022\/10\/mothers_day-1.jpg?fit=650%2C349&ssl=1&resize=350%2C200","width":350,"height":200,"srcset":"https:\/\/i0.wp.com\/casadecampoliving.com\/wp-content\/uploads\/2022\/10\/mothers_day-1.jpg?fit=650%2C349&ssl=1&resize=350%2C200 1x, https:\/\/i0.wp.com\/casadecampoliving.com\/wp-content\/uploads\/2022\/10\/mothers_day-1.jpg?fit=650%2C349&ssl=1&resize=525%2C300 1.5x"},"classes":[]}],"jetpack_sharing_enabled":true,"_links":{"self":[{"href":"https:\/\/casadecampoliving.com\/es\/wp-json\/wp\/v2\/posts\/343900","targetHints":{"allow":["GET"]}}],"collection":[{"href":"https:\/\/casadecampoliving.com\/es\/wp-json\/wp\/v2\/posts"}],"about":[{"href":"https:\/\/casadecampoliving.com\/es\/wp-json\/wp\/v2\/types\/post"}],"author":[{"embeddable":true,"href":"https:\/\/casadecampoliving.com\/es\/wp-json\/wp\/v2\/users\/1097"}],"replies":[{"embeddable":true,"href":"https:\/\/casadecampoliving.com\/es\/wp-json\/wp\/v2\/comments?post=343900"}],"version-history":[{"count":1,"href":"https:\/\/casadecampoliving.com\/es\/wp-json\/wp\/v2\/posts\/343900\/revisions"}],"predecessor-version":[{"id":343901,"href":"https:\/\/casadecampoliving.com\/es\/wp-json\/wp\/v2\/posts\/343900\/revisions\/343901"}],"wp:featuredmedia":[{"embeddable":true,"href":"https:\/\/casadecampoliving.com\/es\/wp-json\/wp\/v2\/media\/266087"}],"wp:attachment":[{"href":"https:\/\/casadecampoliving.com\/es\/wp-json\/wp\/v2\/media?parent=343900"}],"wp:term":[{"taxonomy":"category","embeddable":true,"href":"https:\/\/casadecampoliving.com\/es\/wp-json\/wp\/v2\/categories?post=343900"},{"taxonomy":"post_tag","embeddable":true,"href":"https:\/\/casadecampoliving.com\/es\/wp-json\/wp\/v2\/tags?post=343900"},{"taxonomy":"newspack_spnsrs_tax","embeddable":true,"href":"https:\/\/casadecampoliving.com\/es\/wp-json\/wp\/v2\/newspack_spnsrs_tax?post=343900"}],"curies":[{"name":"wp","href":"https:\/\/api.w.org\/{rel}","templated":true}]}}