{"id":343882,"date":"2014-02-14T00:00:00","date_gmt":"2014-02-14T04:00:00","guid":{"rendered":"https:\/\/casadecampoliving.com\/feliz-dia-de-san-valentin\/"},"modified":"2022-10-21T18:48:01","modified_gmt":"2022-10-21T22:48:01","slug":"feliz-dia-de-san-valentin","status":"publish","type":"post","link":"https:\/\/casadecampoliving.com\/es\/feliz-dia-de-san-valentin\/","title":{"rendered":"\u00a1Feliz D\u00eda de San Valent\u00edn!"},"content":{"rendered":"<div class=\"wp-block-image\">\n<figure class=\"aligncenter is-resized\"><img loading=\"lazy\" decoding=\"async\" src=\"https:\/\/i0.wp.com\/casadecampoliving.com\/wp-content\/uploads\/2022\/10\/happy_valentines_day_024.gif?resize=650%2C320&amp;ssl=1\" alt=\"valentines day\" class=\"wp-image-85625\" height=\"320\" width=\"650\"\/><\/figure>\n<\/div>\n\n\n<p class=\"has-text-align-left\">El D\u00eda de San Valent\u00edn se trata de pasar un rato agradable con tus seres queridos \u2013 demostrarle lo que significan para ti.<\/p>\n\n\n\n<p class=\"has-text-align-left\"><\/p>\n\n\n\n<!--more-->\n\n\n\n<p>\u00bfPero por qu\u00e9 celebramos el D\u00eda de San Valent\u00edn?\u00bf De d\u00f3nde viene esta tradici\u00f3n?<\/p>\n\n\n\n<h3 class=\"wp-block-heading\">Origen<\/h3>\n\n\n\n<p>El D\u00eda de San Valent\u00edn comenz\u00f3 como una celebraci\u00f3n lit\u00fargica de uno o varios santos cristianos primitivos llamados Valentinos.<\/p>\n\n\n\n<p>Una historia popular de San Valent\u00edn de Roma declara que este fue encarcelado por la realizaci\u00f3n de bodas para los soldados, quienes ten\u00edan prohibido casarse y por ministrar a los cristianos, que fueron perseguidos bajo el Imperio Romano.&nbsp;Se dice que antes de su ejecuci\u00f3n, escribi\u00f3 una carta a su amor que \u00e9l firm\u00f3 \u201cde tu Valent\u00edn\u201d como despedida.<\/p>\n\n\n\n<p>El d\u00eda se asoci\u00f3 primero con el amor y lo rom\u00e1ntico en el c\u00edrculo de Geoffrey Chaucer en la Alta Edad Media,&nbsp;cuando la tradici\u00f3n del amor cort\u00e9s floreci\u00f3.&nbsp;En Inglaterra en el siglo 18, se convirti\u00f3 en una ocasi\u00f3n en la que los amantes expresaban su amor el uno por otro mediante la presentaci\u00f3n de flores, productos de confiter\u00eda, y el env\u00edo de tarjetas de felicitaci\u00f3n \u2013 conocidas como \u201cvalentines\u201d.<\/p>\n\n\n\n<p>fuente: <a href=\"http:\/\/en.wikipedia.org\/wiki\/Valentine%27s_Day\">Wikipedia.org<\/a><\/p>\n\n\n<div class=\"wp-block-image\">\n<figure class=\"aligncenter is-resized\"><img loading=\"lazy\" decoding=\"async\" src=\"https:\/\/i0.wp.com\/casadecampoliving.com\/wp-content\/uploads\/2022\/10\/valentines-day-2.jpg?resize=575%2C431&amp;ssl=1\" alt=\"valentines-day\" class=\"wp-image-85628\" height=\"431\" width=\"575\"\/><\/figure>\n<\/div>\n\n\n<h3 class=\"wp-block-heading\">D\u00eda de San Valent\u00edn en La Rep\u00fablica Dominicana<\/h3>\n\n\n<div class=\"wp-block-image\">\n<figure class=\"alignright is-resized\"><img loading=\"lazy\" decoding=\"async\" src=\"https:\/\/i0.wp.com\/casadecampoliving.com\/wp-content\/uploads\/2022\/10\/VD-2.jpg?resize=300%2C317&amp;ssl=1\" alt=\"valentines \" class=\"wp-image-85629\" height=\"317\" width=\"300\"\/><\/figure>\n<\/div>\n\n\n<p>Todos sabemos que la Rep\u00fablica Dominicana sin duda alguna es una pa\u00eds lleno de personas alegres con mucha emoci\u00f3n y energ\u00eda, y en d\u00edas festivos como el D\u00eda de San Valent\u00edn, &nbsp;a los Dominicanos les encanta celebrar con sus seres queridos.<\/p>\n\n\n\n<p>A diferencia de muchos pa\u00edses, el D\u00eda de San Valent\u00edn no solo es una ocasi\u00f3n para celebrar con su media naranja, tambi\u00e9n es una estupenda oportunidad para demostrar y expresar todo su afecto a sus amigos m\u00e1s cercanos, es la raz\u00f3n por la cual se le llama \u201cEl D\u00eda del Amor y la Amistad\u201d<\/p>\n\n\n\n<p>Mientras los regalos, chocolates y las cenas rom\u00e1nticas son intercambiadas por las parejas, aqu\u00ed en La Rep\u00fablica Dominicana todos intercambian \u201ccari\u00f1itos\u201d entre sus familiares y hasta colegas de trabajo.<\/p>\n\n\n\n<p>Si usted est\u00e1 celebrando el D\u00eda de San Valent\u00edn en Casa de Campo, hay un estupendo&nbsp;<a href=\"https:\/\/casadecampoliving.com\/es\/combo-de-fondue-en-la-piazzetta-por-el-dia-de-san-valentin\/\">Combo de Fondue en La Piazzetta por el D\u00eda de San Valent\u00edn<\/a>&nbsp;en Altos de Chav\u00f3n con fondue de chocolate y Moet Chandon.<\/p>\n\n\n\n<p><strong style=\"font-size: 14px; line-height: 1.5em;\">\u00a1Feliz D\u00eda de San Valent\u00edn para todos!<\/strong><\/p>\n\n\n\n<p>Y finalmente\u2026 unas felicitaciones especiales del D\u00eda de San Valent\u00edn de parte de los peque\u00f1os de Fundaci\u00f3n MIR:<\/p>\n\n\n<div class=\"wp-block-image\">\n<figure class=\"aligncenter is-resized\"><img loading=\"lazy\" decoding=\"async\" src=\"https:\/\/i0.wp.com\/casadecampoliving.com\/wp-content\/uploads\/2022\/10\/dia-de-san-valentin.jpg?resize=650%2C502&amp;ssl=1\" alt=\"dia de san valentin\" class=\"wp-image-85994\" height=\"502\" width=\"650\"\/><\/figure>\n<\/div>","protected":false},"excerpt":{"rendered":"<p>El D\u00eda de San Valent\u00edn se trata de pasar un rato agradable con tus seres queridos \u2013 demostrarle lo que significan para ti.<\/p>\n","protected":false},"author":614,"featured_media":257935,"comment_status":"closed","ping_status":"closed","sticky":false,"template":"","format":"standard","meta":{"newspack_ads_suppress_ads":false,"newspack_popups_has_disabled_popups":false,"newspack_sponsor_sponsorship_scope":"","newspack_sponsor_native_byline_display":"inherit","newspack_sponsor_native_category_display":"inherit","newspack_sponsor_underwriter_style":"inherit","newspack_sponsor_underwriter_placement":"inherit","_newspack_byline_active":false,"_newspack_byline":"","newspack_content_restriction_is_exempt":false,"newspack_featured_image_position":"","newspack_post_subtitle":"","newspack_article_summary_title":"Overview:","newspack_article_summary":"","newspack_hide_updated_date":false,"newspack_show_updated_date":false,"_jetpack_memberships_contains_paid_content":false,"footnotes":"","jetpack_publicize_message":"","jetpack_publicize_feature_enabled":true,"jetpack_social_post_already_shared":false,"jetpack_social_options":{"image_generator_settings":{"template":"highway","default_image_id":0,"font":"","enabled":false},"version":2},"_wpas_customize_per_network":false},"categories":[26819,26936,26951,2509,14629,14631,2522,14625,14627,2521,2520],"tags":[2575,5971,18629,711],"newspack_spnsrs_tax":[],"class_list":["post-343882","post","type-post","status-publish","format-standard","has-post-thumbnail","hentry","category-altos-de-chavon-es","category-casa-de-campo-living-es","category-ccl-presenta","category-ccl-presenta-es","category-comidas-bebidas","category-estilo-de-vida","category-eventos-es","category-noticias-locales","category-proximamente","category-republica-dominicana-2","category-restaurantes-es","tag-comunidad-de-casa-de-campo","tag-dia-de-san-valentin","tag-dominican-republic-es-5","tag-la-piazetta","entry"],"yoast_head":"<!-- This site is optimized with the Yoast SEO plugin v27.3 - https:\/\/yoast.com\/product\/yoast-seo-wordpress\/ -->\n<title>\u00a1Feliz D\u00eda de San Valent\u00edn! | Casa de Campo Living<\/title>\n<meta name=\"description\" content=\"El D\u00eda de San Valent\u00edn se trata de pasar un rato agradable con tus seres queridos \u2013 demostrarle lo que significan para ti. \u00bfPero por qu\u00e9 celebramos el D\u00eda\" \/>\n<meta name=\"robots\" content=\"index, follow, max-snippet:-1, max-image-preview:large, max-video-preview:-1\" \/>\n<link rel=\"canonical\" href=\"https:\/\/casadecampoliving.com\/es\/feliz-dia-de-san-valentin\/\" \/>\n<meta property=\"og:locale\" content=\"es_ES\" \/>\n<meta property=\"og:type\" content=\"article\" \/>\n<meta property=\"og:title\" content=\"\u00a1Feliz D\u00eda de San Valent\u00edn! | Casa de Campo Living\" \/>\n<meta property=\"og:description\" content=\"El D\u00eda de San Valent\u00edn se trata de pasar un rato agradable con tus seres queridos \u2013 demostrarle lo que significan para ti. \u00bfPero por qu\u00e9 celebramos el D\u00eda\" \/>\n<meta property=\"og:url\" content=\"https:\/\/casadecampoliving.com\/es\/feliz-dia-de-san-valentin\/\" \/>\n<meta property=\"og:site_name\" content=\"Casa de Campo Living\" \/>\n<meta property=\"article:publisher\" content=\"https:\/\/www.facebook.com\/casadecampoliving\" \/>\n<meta property=\"article:published_time\" content=\"2014-02-14T04:00:00+00:00\" \/>\n<meta property=\"article:modified_time\" content=\"2022-10-21T22:48:01+00:00\" \/>\n<meta property=\"og:image\" content=\"https:\/\/i0.wp.com\/casadecampoliving.com\/wp-content\/uploads\/2022\/10\/valentines-day-3.jpg?fit=575%2C431&ssl=1\" \/>\n\t<meta property=\"og:image:width\" content=\"575\" \/>\n\t<meta property=\"og:image:height\" content=\"431\" \/>\n\t<meta property=\"og:image:type\" content=\"image\/jpeg\" \/>\n<meta name=\"author\" content=\"Genesis Perdomo\" \/>\n<meta name=\"twitter:card\" content=\"summary_large_image\" \/>\n<meta name=\"twitter:creator\" content=\"@cdcliving\" \/>\n<meta name=\"twitter:site\" content=\"@cdcliving\" \/>\n<meta name=\"twitter:label1\" content=\"Escrito por\" \/>\n\t<meta name=\"twitter:data1\" content=\"Genesis Perdomo\" \/>\n\t<meta name=\"twitter:label2\" content=\"Tiempo de lectura\" \/>\n\t<meta name=\"twitter:data2\" content=\"2 minutos\" \/>\n<script type=\"application\/ld+json\" class=\"yoast-schema-graph\">{\"@context\":\"https:\\\/\\\/schema.org\",\"@graph\":[{\"@type\":\"Article\",\"@id\":\"https:\\\/\\\/casadecampoliving.com\\\/es\\\/feliz-dia-de-san-valentin\\\/#article\",\"isPartOf\":{\"@id\":\"https:\\\/\\\/casadecampoliving.com\\\/es\\\/feliz-dia-de-san-valentin\\\/\"},\"author\":{\"name\":\"Genesis Perdomo\",\"@id\":\"https:\\\/\\\/casadecampoliving.com\\\/es\\\/#\\\/schema\\\/person\\\/242cf7c69a59395bbe7de24405601b76\"},\"headline\":\"\u00a1Feliz D\u00eda de San Valent\u00edn!\",\"datePublished\":\"2014-02-14T04:00:00+00:00\",\"dateModified\":\"2022-10-21T22:48:01+00:00\",\"mainEntityOfPage\":{\"@id\":\"https:\\\/\\\/casadecampoliving.com\\\/es\\\/feliz-dia-de-san-valentin\\\/\"},\"wordCount\":453,\"publisher\":{\"@id\":\"https:\\\/\\\/casadecampoliving.com\\\/es\\\/#organization\"},\"image\":{\"@id\":\"https:\\\/\\\/casadecampoliving.com\\\/es\\\/feliz-dia-de-san-valentin\\\/#primaryimage\"},\"thumbnailUrl\":\"https:\\\/\\\/i0.wp.com\\\/casadecampoliving.com\\\/wp-content\\\/uploads\\\/2022\\\/10\\\/valentines-day-3.jpg?fit=575%2C431&ssl=1\",\"keywords\":[\"comunidad de casa de campo\",\"dia de san valentin\",\"Dominican Republic\",\"La Piazetta\"],\"articleSection\":[\"Altos de Chavon @es\",\"Casa de Campo Living @es\",\"CCL presenta\",\"CCL presenta\",\"Comidas &amp; Bebidas\",\"Estilo de Vida\",\"Eventos\",\"Noticias Locales\",\"Proximamente\",\"Rep\u00fablica Dominicana @es\",\"Restaurantes\"],\"inLanguage\":\"es\"},{\"@type\":\"WebPage\",\"@id\":\"https:\\\/\\\/casadecampoliving.com\\\/es\\\/feliz-dia-de-san-valentin\\\/\",\"url\":\"https:\\\/\\\/casadecampoliving.com\\\/es\\\/feliz-dia-de-san-valentin\\\/\",\"name\":\"\u00a1Feliz D\u00eda de San Valent\u00edn! | Casa de Campo Living\",\"isPartOf\":{\"@id\":\"https:\\\/\\\/casadecampoliving.com\\\/es\\\/#website\"},\"primaryImageOfPage\":{\"@id\":\"https:\\\/\\\/casadecampoliving.com\\\/es\\\/feliz-dia-de-san-valentin\\\/#primaryimage\"},\"image\":{\"@id\":\"https:\\\/\\\/casadecampoliving.com\\\/es\\\/feliz-dia-de-san-valentin\\\/#primaryimage\"},\"thumbnailUrl\":\"https:\\\/\\\/i0.wp.com\\\/casadecampoliving.com\\\/wp-content\\\/uploads\\\/2022\\\/10\\\/valentines-day-3.jpg?fit=575%2C431&ssl=1\",\"datePublished\":\"2014-02-14T04:00:00+00:00\",\"dateModified\":\"2022-10-21T22:48:01+00:00\",\"description\":\"El D\u00eda de San Valent\u00edn se trata de pasar un rato agradable con tus seres queridos \u2013 demostrarle lo que significan para ti. \u00bfPero por qu\u00e9 celebramos el D\u00eda\",\"breadcrumb\":{\"@id\":\"https:\\\/\\\/casadecampoliving.com\\\/es\\\/feliz-dia-de-san-valentin\\\/#breadcrumb\"},\"inLanguage\":\"es\",\"potentialAction\":[{\"@type\":\"ReadAction\",\"target\":[\"https:\\\/\\\/casadecampoliving.com\\\/es\\\/feliz-dia-de-san-valentin\\\/\"]}]},{\"@type\":\"ImageObject\",\"inLanguage\":\"es\",\"@id\":\"https:\\\/\\\/casadecampoliving.com\\\/es\\\/feliz-dia-de-san-valentin\\\/#primaryimage\",\"url\":\"https:\\\/\\\/i0.wp.com\\\/casadecampoliving.com\\\/wp-content\\\/uploads\\\/2022\\\/10\\\/valentines-day-3.jpg?fit=575%2C431&ssl=1\",\"contentUrl\":\"https:\\\/\\\/i0.wp.com\\\/casadecampoliving.com\\\/wp-content\\\/uploads\\\/2022\\\/10\\\/valentines-day-3.jpg?fit=575%2C431&ssl=1\",\"width\":575,\"height\":431},{\"@type\":\"BreadcrumbList\",\"@id\":\"https:\\\/\\\/casadecampoliving.com\\\/es\\\/feliz-dia-de-san-valentin\\\/#breadcrumb\",\"itemListElement\":[{\"@type\":\"ListItem\",\"position\":1,\"name\":\"Home\",\"item\":\"https:\\\/\\\/casadecampoliving.com\\\/es\\\/\"},{\"@type\":\"ListItem\",\"position\":2,\"name\":\"\u00a1Feliz D\u00eda de San Valent\u00edn!\"}]},{\"@type\":\"WebSite\",\"@id\":\"https:\\\/\\\/casadecampoliving.com\\\/es\\\/#website\",\"url\":\"https:\\\/\\\/casadecampoliving.com\\\/es\\\/\",\"name\":\"Casa de Campo Living\",\"description\":\"Resort community news and resources.\",\"publisher\":{\"@id\":\"https:\\\/\\\/casadecampoliving.com\\\/es\\\/#organization\"},\"potentialAction\":[{\"@type\":\"SearchAction\",\"target\":{\"@type\":\"EntryPoint\",\"urlTemplate\":\"https:\\\/\\\/casadecampoliving.com\\\/es\\\/?s={search_term_string}\"},\"query-input\":{\"@type\":\"PropertyValueSpecification\",\"valueRequired\":true,\"valueName\":\"search_term_string\"}}],\"inLanguage\":\"es\"},{\"@type\":\"Organization\",\"@id\":\"https:\\\/\\\/casadecampoliving.com\\\/es\\\/#organization\",\"name\":\"Casa de Campo Living\",\"url\":\"https:\\\/\\\/casadecampoliving.com\\\/es\\\/\",\"logo\":{\"@type\":\"ImageObject\",\"inLanguage\":\"es\",\"@id\":\"https:\\\/\\\/casadecampoliving.com\\\/es\\\/#\\\/schema\\\/logo\\\/image\\\/\",\"url\":\"https:\\\/\\\/i0.wp.com\\\/casadecampoliving.com\\\/wp-content\\\/uploads\\\/2022\\\/07\\\/CDCLivingLogo_V1-white-sized.png?fit=800%2C214&ssl=1\",\"contentUrl\":\"https:\\\/\\\/i0.wp.com\\\/casadecampoliving.com\\\/wp-content\\\/uploads\\\/2022\\\/07\\\/CDCLivingLogo_V1-white-sized.png?fit=800%2C214&ssl=1\",\"width\":800,\"height\":214,\"caption\":\"Casa de Campo Living\"},\"image\":{\"@id\":\"https:\\\/\\\/casadecampoliving.com\\\/es\\\/#\\\/schema\\\/logo\\\/image\\\/\"},\"sameAs\":[\"https:\\\/\\\/www.facebook.com\\\/casadecampoliving\",\"https:\\\/\\\/x.com\\\/cdcliving\"]},{\"@type\":\"Person\",\"@id\":\"https:\\\/\\\/casadecampoliving.com\\\/es\\\/#\\\/schema\\\/person\\\/242cf7c69a59395bbe7de24405601b76\",\"name\":\"Genesis Perdomo\",\"image\":{\"@type\":\"ImageObject\",\"inLanguage\":\"es\",\"@id\":\"https:\\\/\\\/secure.gravatar.com\\\/avatar\\\/1e89145b3cf01cf3b3fdf1d3d2e3c53f60c2978235045ae44df10fb8c79924c1?s=96&d=mm&r=g\",\"url\":\"https:\\\/\\\/secure.gravatar.com\\\/avatar\\\/1e89145b3cf01cf3b3fdf1d3d2e3c53f60c2978235045ae44df10fb8c79924c1?s=96&d=mm&r=g\",\"contentUrl\":\"https:\\\/\\\/secure.gravatar.com\\\/avatar\\\/1e89145b3cf01cf3b3fdf1d3d2e3c53f60c2978235045ae44df10fb8c79924c1?s=96&d=mm&r=g\",\"caption\":\"Genesis Perdomo\"},\"url\":\"https:\\\/\\\/casadecampoliving.com\\\/es\\\/author\\\/gperdomo\\\/\"}]}<\/script>\n<!-- \/ Yoast SEO plugin. -->","yoast_head_json":{"title":"\u00a1Feliz D\u00eda de San Valent\u00edn! | Casa de Campo Living","description":"El D\u00eda de San Valent\u00edn se trata de pasar un rato agradable con tus seres queridos \u2013 demostrarle lo que significan para ti. \u00bfPero por qu\u00e9 celebramos el D\u00eda","robots":{"index":"index","follow":"follow","max-snippet":"max-snippet:-1","max-image-preview":"max-image-preview:large","max-video-preview":"max-video-preview:-1"},"canonical":"https:\/\/casadecampoliving.com\/es\/feliz-dia-de-san-valentin\/","og_locale":"es_ES","og_type":"article","og_title":"\u00a1Feliz D\u00eda de San Valent\u00edn! | Casa de Campo Living","og_description":"El D\u00eda de San Valent\u00edn se trata de pasar un rato agradable con tus seres queridos \u2013 demostrarle lo que significan para ti. \u00bfPero por qu\u00e9 celebramos el D\u00eda","og_url":"https:\/\/casadecampoliving.com\/es\/feliz-dia-de-san-valentin\/","og_site_name":"Casa de Campo Living","article_publisher":"https:\/\/www.facebook.com\/casadecampoliving","article_published_time":"2014-02-14T04:00:00+00:00","article_modified_time":"2022-10-21T22:48:01+00:00","og_image":[{"width":575,"height":431,"url":"https:\/\/i0.wp.com\/casadecampoliving.com\/wp-content\/uploads\/2022\/10\/valentines-day-3.jpg?fit=575%2C431&ssl=1","type":"image\/jpeg"}],"author":"Genesis Perdomo","twitter_card":"summary_large_image","twitter_creator":"@cdcliving","twitter_site":"@cdcliving","twitter_misc":{"Escrito por":"Genesis Perdomo","Tiempo de lectura":"2 minutos"},"schema":{"@context":"https:\/\/schema.org","@graph":[{"@type":"Article","@id":"https:\/\/casadecampoliving.com\/es\/feliz-dia-de-san-valentin\/#article","isPartOf":{"@id":"https:\/\/casadecampoliving.com\/es\/feliz-dia-de-san-valentin\/"},"author":{"name":"Genesis Perdomo","@id":"https:\/\/casadecampoliving.com\/es\/#\/schema\/person\/242cf7c69a59395bbe7de24405601b76"},"headline":"\u00a1Feliz D\u00eda de San Valent\u00edn!","datePublished":"2014-02-14T04:00:00+00:00","dateModified":"2022-10-21T22:48:01+00:00","mainEntityOfPage":{"@id":"https:\/\/casadecampoliving.com\/es\/feliz-dia-de-san-valentin\/"},"wordCount":453,"publisher":{"@id":"https:\/\/casadecampoliving.com\/es\/#organization"},"image":{"@id":"https:\/\/casadecampoliving.com\/es\/feliz-dia-de-san-valentin\/#primaryimage"},"thumbnailUrl":"https:\/\/i0.wp.com\/casadecampoliving.com\/wp-content\/uploads\/2022\/10\/valentines-day-3.jpg?fit=575%2C431&ssl=1","keywords":["comunidad de casa de campo","dia de san valentin","Dominican Republic","La Piazetta"],"articleSection":["Altos de Chavon @es","Casa de Campo Living @es","CCL presenta","CCL presenta","Comidas &amp; Bebidas","Estilo de Vida","Eventos","Noticias Locales","Proximamente","Rep\u00fablica Dominicana @es","Restaurantes"],"inLanguage":"es"},{"@type":"WebPage","@id":"https:\/\/casadecampoliving.com\/es\/feliz-dia-de-san-valentin\/","url":"https:\/\/casadecampoliving.com\/es\/feliz-dia-de-san-valentin\/","name":"\u00a1Feliz D\u00eda de San Valent\u00edn! | Casa de Campo Living","isPartOf":{"@id":"https:\/\/casadecampoliving.com\/es\/#website"},"primaryImageOfPage":{"@id":"https:\/\/casadecampoliving.com\/es\/feliz-dia-de-san-valentin\/#primaryimage"},"image":{"@id":"https:\/\/casadecampoliving.com\/es\/feliz-dia-de-san-valentin\/#primaryimage"},"thumbnailUrl":"https:\/\/i0.wp.com\/casadecampoliving.com\/wp-content\/uploads\/2022\/10\/valentines-day-3.jpg?fit=575%2C431&ssl=1","datePublished":"2014-02-14T04:00:00+00:00","dateModified":"2022-10-21T22:48:01+00:00","description":"El D\u00eda de San Valent\u00edn se trata de pasar un rato agradable con tus seres queridos \u2013 demostrarle lo que significan para ti. \u00bfPero por qu\u00e9 celebramos el D\u00eda","breadcrumb":{"@id":"https:\/\/casadecampoliving.com\/es\/feliz-dia-de-san-valentin\/#breadcrumb"},"inLanguage":"es","potentialAction":[{"@type":"ReadAction","target":["https:\/\/casadecampoliving.com\/es\/feliz-dia-de-san-valentin\/"]}]},{"@type":"ImageObject","inLanguage":"es","@id":"https:\/\/casadecampoliving.com\/es\/feliz-dia-de-san-valentin\/#primaryimage","url":"https:\/\/i0.wp.com\/casadecampoliving.com\/wp-content\/uploads\/2022\/10\/valentines-day-3.jpg?fit=575%2C431&ssl=1","contentUrl":"https:\/\/i0.wp.com\/casadecampoliving.com\/wp-content\/uploads\/2022\/10\/valentines-day-3.jpg?fit=575%2C431&ssl=1","width":575,"height":431},{"@type":"BreadcrumbList","@id":"https:\/\/casadecampoliving.com\/es\/feliz-dia-de-san-valentin\/#breadcrumb","itemListElement":[{"@type":"ListItem","position":1,"name":"Home","item":"https:\/\/casadecampoliving.com\/es\/"},{"@type":"ListItem","position":2,"name":"\u00a1Feliz D\u00eda de San Valent\u00edn!"}]},{"@type":"WebSite","@id":"https:\/\/casadecampoliving.com\/es\/#website","url":"https:\/\/casadecampoliving.com\/es\/","name":"Casa de Campo Living","description":"Resort community news and resources.","publisher":{"@id":"https:\/\/casadecampoliving.com\/es\/#organization"},"potentialAction":[{"@type":"SearchAction","target":{"@type":"EntryPoint","urlTemplate":"https:\/\/casadecampoliving.com\/es\/?s={search_term_string}"},"query-input":{"@type":"PropertyValueSpecification","valueRequired":true,"valueName":"search_term_string"}}],"inLanguage":"es"},{"@type":"Organization","@id":"https:\/\/casadecampoliving.com\/es\/#organization","name":"Casa de Campo Living","url":"https:\/\/casadecampoliving.com\/es\/","logo":{"@type":"ImageObject","inLanguage":"es","@id":"https:\/\/casadecampoliving.com\/es\/#\/schema\/logo\/image\/","url":"https:\/\/i0.wp.com\/casadecampoliving.com\/wp-content\/uploads\/2022\/07\/CDCLivingLogo_V1-white-sized.png?fit=800%2C214&ssl=1","contentUrl":"https:\/\/i0.wp.com\/casadecampoliving.com\/wp-content\/uploads\/2022\/07\/CDCLivingLogo_V1-white-sized.png?fit=800%2C214&ssl=1","width":800,"height":214,"caption":"Casa de Campo Living"},"image":{"@id":"https:\/\/casadecampoliving.com\/es\/#\/schema\/logo\/image\/"},"sameAs":["https:\/\/www.facebook.com\/casadecampoliving","https:\/\/x.com\/cdcliving"]},{"@type":"Person","@id":"https:\/\/casadecampoliving.com\/es\/#\/schema\/person\/242cf7c69a59395bbe7de24405601b76","name":"Genesis Perdomo","image":{"@type":"ImageObject","inLanguage":"es","@id":"https:\/\/secure.gravatar.com\/avatar\/1e89145b3cf01cf3b3fdf1d3d2e3c53f60c2978235045ae44df10fb8c79924c1?s=96&d=mm&r=g","url":"https:\/\/secure.gravatar.com\/avatar\/1e89145b3cf01cf3b3fdf1d3d2e3c53f60c2978235045ae44df10fb8c79924c1?s=96&d=mm&r=g","contentUrl":"https:\/\/secure.gravatar.com\/avatar\/1e89145b3cf01cf3b3fdf1d3d2e3c53f60c2978235045ae44df10fb8c79924c1?s=96&d=mm&r=g","caption":"Genesis Perdomo"},"url":"https:\/\/casadecampoliving.com\/es\/author\/gperdomo\/"}]}},"parsely":{"version":"1.1.0","canonical_url":"https:\/\/casadecampoliving.com\/es\/feliz-dia-de-san-valentin\/","smart_links":{"inbound":0,"outbound":0},"traffic_boost_suggestions_count":0,"meta":{"@context":"https:\/\/schema.org","@type":"NewsArticle","headline":"\u00a1Feliz D\u00eda de San Valent\u00edn!","url":"http:\/\/casadecampoliving.com\/es\/feliz-dia-de-san-valentin\/","mainEntityOfPage":{"@type":"WebPage","@id":"http:\/\/casadecampoliving.com\/es\/feliz-dia-de-san-valentin\/"},"thumbnailUrl":"https:\/\/i0.wp.com\/casadecampoliving.com\/wp-content\/uploads\/2022\/10\/valentines-day-3.jpg?resize=150%2C150&ssl=1","image":{"@type":"ImageObject","url":"https:\/\/i0.wp.com\/casadecampoliving.com\/wp-content\/uploads\/2022\/10\/valentines-day-3.jpg?fit=575%2C431&ssl=1"},"articleSection":"Altos de Chavon @es","author":[{"@type":"Person","name":"Genesis Perdomo"}],"creator":["Genesis Perdomo"],"publisher":{"@type":"Organization","name":"Casa de Campo Living","logo":"https:\/\/casadecampoliving.com\/wp-content\/uploads\/2022\/07\/CDCLivingLogo_V1-white-sized.png"},"keywords":["comunidad de casa de campo","dia de san valentin","dominican republic","la piazetta"],"dateCreated":"2014-02-14T04:00:00Z","datePublished":"2014-02-14T04:00:00Z","dateModified":"2022-10-21T22:48:01Z"},"rendered":"<script type=\"application\/ld+json\" class=\"wp-parsely-metadata\">{\"@context\":\"https:\\\/\\\/schema.org\",\"@type\":\"NewsArticle\",\"headline\":\"\\u00a1Feliz D\\u00eda de San Valent\\u00edn!\",\"url\":\"http:\\\/\\\/casadecampoliving.com\\\/es\\\/feliz-dia-de-san-valentin\\\/\",\"mainEntityOfPage\":{\"@type\":\"WebPage\",\"@id\":\"http:\\\/\\\/casadecampoliving.com\\\/es\\\/feliz-dia-de-san-valentin\\\/\"},\"thumbnailUrl\":\"https:\\\/\\\/i0.wp.com\\\/casadecampoliving.com\\\/wp-content\\\/uploads\\\/2022\\\/10\\\/valentines-day-3.jpg?resize=150%2C150&ssl=1\",\"image\":{\"@type\":\"ImageObject\",\"url\":\"https:\\\/\\\/i0.wp.com\\\/casadecampoliving.com\\\/wp-content\\\/uploads\\\/2022\\\/10\\\/valentines-day-3.jpg?fit=575%2C431&ssl=1\"},\"articleSection\":\"Altos de Chavon @es\",\"author\":[{\"@type\":\"Person\",\"name\":\"Genesis Perdomo\"}],\"creator\":[\"Genesis Perdomo\"],\"publisher\":{\"@type\":\"Organization\",\"name\":\"Casa de Campo Living\",\"logo\":\"https:\\\/\\\/casadecampoliving.com\\\/wp-content\\\/uploads\\\/2022\\\/07\\\/CDCLivingLogo_V1-white-sized.png\"},\"keywords\":[\"comunidad de casa de campo\",\"dia de san valentin\",\"dominican republic\",\"la piazetta\"],\"dateCreated\":\"2014-02-14T04:00:00Z\",\"datePublished\":\"2014-02-14T04:00:00Z\",\"dateModified\":\"2022-10-21T22:48:01Z\"}<\/script>","tracker_url":"https:\/\/cdn.parsely.com\/keys\/casadecampoliving.com\/p.js"},"jetpack_publicize_connections":[],"jetpack_featured_media_url":"https:\/\/i0.wp.com\/casadecampoliving.com\/wp-content\/uploads\/2022\/10\/valentines-day-3.jpg?fit=575%2C431&ssl=1","jetpack-related-posts":[{"id":346733,"url":"https:\/\/casadecampoliving.com\/es\/masha-concierto-de-san-valentin-en-la-casita\/","url_meta":{"origin":343882,"position":0},"title":"MASHA &#8211; Concierto de San Valent\u00edn en La Casita","author":"Felix Guerrero","date":"12 Feb, 2015","format":false,"excerpt":"Este s\u00e1bado 14 de febrero, La Casita en La Marina Casa de Campo estar\u00e1 ofreciendo un concierto de San Valent\u00edn con la cantante MASHA. Esta hermosa cantante que reside en Casa de Campo viene de Croacia e interpretar\u00e1 canciones en Espa\u00f1ol, Italiano, Franc\u00e9s e Ingl\u00e9s, acompa\u00f1ada de un piano. El\u2026","rel":"","context":"En \u00abCasa de Campo Living @es\u00bb","block_context":{"text":"Casa de Campo Living @es","link":"https:\/\/casadecampoliving.com\/category\/casa-de-campo-living-es\/"},"img":{"alt_text":"","src":"https:\/\/i0.wp.com\/casadecampoliving.com\/wp-content\/uploads\/2022\/10\/Masha_Valentines_Concert-1.jpg?fit=1200%2C915&ssl=1&resize=350%2C200","width":350,"height":200,"srcset":"https:\/\/i0.wp.com\/casadecampoliving.com\/wp-content\/uploads\/2022\/10\/Masha_Valentines_Concert-1.jpg?fit=1200%2C915&ssl=1&resize=350%2C200 1x, https:\/\/i0.wp.com\/casadecampoliving.com\/wp-content\/uploads\/2022\/10\/Masha_Valentines_Concert-1.jpg?fit=1200%2C915&ssl=1&resize=525%2C300 1.5x, https:\/\/i0.wp.com\/casadecampoliving.com\/wp-content\/uploads\/2022\/10\/Masha_Valentines_Concert-1.jpg?fit=1200%2C915&ssl=1&resize=700%2C400 2x, https:\/\/i0.wp.com\/casadecampoliving.com\/wp-content\/uploads\/2022\/10\/Masha_Valentines_Concert-1.jpg?fit=1200%2C915&ssl=1&resize=1050%2C600 3x"},"classes":[]},{"id":349114,"url":"https:\/\/casadecampoliving.com\/es\/bocadillos-para-el-dia-de-san-valentin\/","url_meta":{"origin":343882,"position":1},"title":"Bocadillos para el D\u00eda de San Valent\u00edn","author":"Perkin Agramonte","date":"4 Feb, 2016","format":false,"excerpt":"El D\u00eda de San Valent\u00edn suele ser un feriado lleno de golosinas coloridas y de cajas de chocolate. Este a\u00f1o en vez de enfocarse en toda la az\u00facar enf\u00f3quese en la amistad y en mantener a sus seres queridos saludables. \u00a1Pruebe estas deliciosas y saludables alternativas para los dulces tradicionales\u2026","rel":"","context":"En \u00abCasa de Campo Living @es\u00bb","block_context":{"text":"Casa de Campo Living @es","link":"https:\/\/casadecampoliving.com\/category\/casa-de-campo-living-es\/"},"img":{"alt_text":"","src":"https:\/\/i0.wp.com\/casadecampoliving.com\/wp-content\/uploads\/2022\/10\/Fresas-1.jpg?fit=820%2C543&ssl=1&resize=350%2C200","width":350,"height":200,"srcset":"https:\/\/i0.wp.com\/casadecampoliving.com\/wp-content\/uploads\/2022\/10\/Fresas-1.jpg?fit=820%2C543&ssl=1&resize=350%2C200 1x, https:\/\/i0.wp.com\/casadecampoliving.com\/wp-content\/uploads\/2022\/10\/Fresas-1.jpg?fit=820%2C543&ssl=1&resize=525%2C300 1.5x, https:\/\/i0.wp.com\/casadecampoliving.com\/wp-content\/uploads\/2022\/10\/Fresas-1.jpg?fit=820%2C543&ssl=1&resize=700%2C400 2x"},"classes":[]},{"id":353970,"url":"https:\/\/casadecampoliving.com\/es\/una-escapada-romantica-si-por-favor-5-cosas-para-hacer-en-casa-de-campo-este-dia-de-san-valentin\/","url_meta":{"origin":343882,"position":2},"title":"\u00bfUna escapada rom\u00e1ntica? \u00a1S\u00ed por favor! 5 cosas que puede hacer en Casa de Campo este D\u00eda de San Valent\u00edn","author":"Casa de Campo Living","date":"1 Feb, 2021","format":false,"excerpt":"\u00a1\u00a1El amor est\u00e1 en el aire!! Es esa maravillosa \u00e9poca rom\u00e1ntica del a\u00f1o otra vez y \u00bfqu\u00e9 mejor lugar para celebrar el d\u00eda del amor que aqu\u00ed? Con el D\u00eda de San Valent\u00edn a solo unos d\u00edas, \u00bfha planificado su velada especial? Si est\u00e1 yendo y viniendo sobre qu\u00e9 hacer,\u2026","rel":"","context":"En \u00abCasa de Campo Living @es\u00bb","block_context":{"text":"Casa de Campo Living @es","link":"https:\/\/casadecampoliving.com\/category\/casa-de-campo-living-es\/"},"img":{"alt_text":"","src":"https:\/\/i0.wp.com\/casadecampoliving.com\/wp-content\/uploads\/2022\/10\/Black-Friday_beach-couple_02-1-1.jpg?fit=1000%2C578&ssl=1&resize=350%2C200","width":350,"height":200,"srcset":"https:\/\/i0.wp.com\/casadecampoliving.com\/wp-content\/uploads\/2022\/10\/Black-Friday_beach-couple_02-1-1.jpg?fit=1000%2C578&ssl=1&resize=350%2C200 1x, https:\/\/i0.wp.com\/casadecampoliving.com\/wp-content\/uploads\/2022\/10\/Black-Friday_beach-couple_02-1-1.jpg?fit=1000%2C578&ssl=1&resize=525%2C300 1.5x, https:\/\/i0.wp.com\/casadecampoliving.com\/wp-content\/uploads\/2022\/10\/Black-Friday_beach-couple_02-1-1.jpg?fit=1000%2C578&ssl=1&resize=700%2C400 2x"},"classes":[]},{"id":349220,"url":"https:\/\/casadecampoliving.com\/es\/amor-concierto-san-valentin-la-casita-masha\/","url_meta":{"origin":343882,"position":3},"title":"\u00a1El amor estaba en el aire durante concierto de San Valent\u00edn en La Casita con Masha","author":"Anna Pavilsova","date":"17 Feb, 2016","format":false,"excerpt":"Una de nuestras cantantes favoritas de Casa de Campo es Masha Gerasimova, quien dio un concierto especial con motivo\u00a0al D\u00eda de San Valent\u00edn el domingo pasado en uno de los restaurantes m\u00e1s agradables de\u00a0Casa. La Casita se encuentra en La Marina Casa de Campo, y es un restaurante al\u00a0cual no\u2026","rel":"","context":"En \u00abArte y cultura\u00bb","block_context":{"text":"Arte y cultura","link":"https:\/\/casadecampoliving.com\/category\/arte-y-cultura\/"},"img":{"alt_text":"Masha at La Casita Casa de Campo","src":"https:\/\/i0.wp.com\/casadecampoliving.com\/wp-content\/uploads\/2022\/10\/Masha-at-La-Casita-Casa-de-Campo-05-e1455734956402.jpg?fit=650%2C433&ssl=1&resize=350%2C200","width":350,"height":200,"srcset":"https:\/\/i0.wp.com\/casadecampoliving.com\/wp-content\/uploads\/2022\/10\/Masha-at-La-Casita-Casa-de-Campo-05-e1455734956402.jpg?fit=650%2C433&ssl=1&resize=350%2C200 1x, https:\/\/i0.wp.com\/casadecampoliving.com\/wp-content\/uploads\/2022\/10\/Masha-at-La-Casita-Casa-de-Campo-05-e1455734956402.jpg?fit=650%2C433&ssl=1&resize=525%2C300 1.5x"},"classes":[]},{"id":343843,"url":"https:\/\/casadecampoliving.com\/es\/fresas-gourmet-cubiertas-de-chocolate-un-manera-dulce-de-celebrar-el-amor\/","url_meta":{"origin":343882,"position":4},"title":"Fresas Gourmet cubiertas de chocolate &#8211; un manera dulce de celebrar el amor","author":"Genesis Perdomo","date":"11 Feb, 2014","format":false,"excerpt":"El D\u00eda de San Valent\u00edn en Casa de Campo sin lugar a duda ser\u00e1 fant\u00e1stico, durante el mes de febrero de 2014 fresas gourmet cubiertas de chocolate est\u00e1n siendo vendidas para celebrar esta especial ocasi\u00f3n para todo la comunidad de Casa de Campo. Esta oferta especial le estar\u00e1 trayendo las\u2026","rel":"","context":"En \u00abCasa de Campo Living @es\u00bb","block_context":{"text":"Casa de Campo Living @es","link":"https:\/\/casadecampoliving.com\/category\/casa-de-campo-living-es\/"},"img":{"alt_text":"chocolate strawberries","src":"https:\/\/i0.wp.com\/casadecampoliving.com\/wp-content\/uploads\/2022\/10\/chocolate_strawberries-1.png?fit=650%2C420&ssl=1&resize=350%2C200","width":350,"height":200,"srcset":"https:\/\/i0.wp.com\/casadecampoliving.com\/wp-content\/uploads\/2022\/10\/chocolate_strawberries-1.png?fit=650%2C420&ssl=1&resize=350%2C200 1x, https:\/\/i0.wp.com\/casadecampoliving.com\/wp-content\/uploads\/2022\/10\/chocolate_strawberries-1.png?fit=650%2C420&ssl=1&resize=525%2C300 1.5x"},"classes":[]},{"id":514221,"url":"https:\/\/casadecampoliving.com\/es\/celebre-el-amor-en-casa-de-campo-este-san-valentin\/","url_meta":{"origin":343882,"position":5},"title":"Celebre el Amor en Casa de Campo este San Valent\u00edn","author":"Casa de Campo Living","date":"9 Feb, 2023","format":false,"excerpt":"Este San Valent\u00edn, viva un d\u00eda lleno de amor y amistad en Casa de Campo. Aproveche los especiales para el D\u00eda de San Valent\u00edn y haga que este a\u00f1o sea inolvidable para usted y sus seres queridos. Comience el d\u00eda de San Valent\u00edn con un desayuno rom\u00e1ntico preparado por el\u2026","rel":"","context":"En \u00abCasa de Campo Resort &amp; Villas\u00bb","block_context":{"text":"Casa de Campo Resort &amp; Villas","link":"https:\/\/casadecampoliving.com\/es\/category\/casa-de-campo-resort-villas\/"},"img":{"alt_text":"","src":"https:\/\/i0.wp.com\/casadecampoliving.com\/wp-content\/uploads\/2023\/02\/11_-Restaurant_-La-Piazzetta3-scaled.jpg?fit=1200%2C800&ssl=1&resize=350%2C200","width":350,"height":200,"srcset":"https:\/\/i0.wp.com\/casadecampoliving.com\/wp-content\/uploads\/2023\/02\/11_-Restaurant_-La-Piazzetta3-scaled.jpg?fit=1200%2C800&ssl=1&resize=350%2C200 1x, https:\/\/i0.wp.com\/casadecampoliving.com\/wp-content\/uploads\/2023\/02\/11_-Restaurant_-La-Piazzetta3-scaled.jpg?fit=1200%2C800&ssl=1&resize=525%2C300 1.5x, https:\/\/i0.wp.com\/casadecampoliving.com\/wp-content\/uploads\/2023\/02\/11_-Restaurant_-La-Piazzetta3-scaled.jpg?fit=1200%2C800&ssl=1&resize=700%2C400 2x, https:\/\/i0.wp.com\/casadecampoliving.com\/wp-content\/uploads\/2023\/02\/11_-Restaurant_-La-Piazzetta3-scaled.jpg?fit=1200%2C800&ssl=1&resize=1050%2C600 3x"},"classes":[]}],"jetpack_sharing_enabled":true,"_links":{"self":[{"href":"https:\/\/casadecampoliving.com\/es\/wp-json\/wp\/v2\/posts\/343882","targetHints":{"allow":["GET"]}}],"collection":[{"href":"https:\/\/casadecampoliving.com\/es\/wp-json\/wp\/v2\/posts"}],"about":[{"href":"https:\/\/casadecampoliving.com\/es\/wp-json\/wp\/v2\/types\/post"}],"author":[{"embeddable":true,"href":"https:\/\/casadecampoliving.com\/es\/wp-json\/wp\/v2\/users\/614"}],"replies":[{"embeddable":true,"href":"https:\/\/casadecampoliving.com\/es\/wp-json\/wp\/v2\/comments?post=343882"}],"version-history":[{"count":1,"href":"https:\/\/casadecampoliving.com\/es\/wp-json\/wp\/v2\/posts\/343882\/revisions"}],"predecessor-version":[{"id":343883,"href":"https:\/\/casadecampoliving.com\/es\/wp-json\/wp\/v2\/posts\/343882\/revisions\/343883"}],"wp:featuredmedia":[{"embeddable":true,"href":"https:\/\/casadecampoliving.com\/es\/wp-json\/wp\/v2\/media\/257935"}],"wp:attachment":[{"href":"https:\/\/casadecampoliving.com\/es\/wp-json\/wp\/v2\/media?parent=343882"}],"wp:term":[{"taxonomy":"category","embeddable":true,"href":"https:\/\/casadecampoliving.com\/es\/wp-json\/wp\/v2\/categories?post=343882"},{"taxonomy":"post_tag","embeddable":true,"href":"https:\/\/casadecampoliving.com\/es\/wp-json\/wp\/v2\/tags?post=343882"},{"taxonomy":"newspack_spnsrs_tax","embeddable":true,"href":"https:\/\/casadecampoliving.com\/es\/wp-json\/wp\/v2\/newspack_spnsrs_tax?post=343882"}],"curies":[{"name":"wp","href":"https:\/\/api.w.org\/{rel}","templated":true}]}}