{"id":343872,"date":"2014-02-14T00:00:00","date_gmt":"2014-02-14T04:00:00","guid":{"rendered":"https:\/\/casadecampoliving.com\/esta-semana-en-la-republica-dominicana-3\/"},"modified":"2022-10-21T18:47:33","modified_gmt":"2022-10-21T22:47:33","slug":"esta-semana-en-la-republica-dominicana-3","status":"publish","type":"post","link":"https:\/\/casadecampoliving.com\/es\/esta-semana-en-la-republica-dominicana-3\/","title":{"rendered":"Esta semana en la Rep\u00fablica Dominicana: Los Haitises, incremento de los peajes, Joe Biden &#038; US$1.5 billion"},"content":{"rendered":"<div class=\"wp-block-image\">\n<figure class=\"aligncenter is-resized\"><img loading=\"lazy\" decoding=\"async\" src=\"https:\/\/i0.wp.com\/casadecampoliving.com\/wp-content\/uploads\/2022\/10\/Los_Haitises_national_Park.jpg?resize=650%2C433&amp;ssl=1\" alt=\"Los Haitises National Park\" class=\"wp-image-85984\" height=\"433\" width=\"650\"\/><\/figure>\n<\/div>\n\n\n<p>En la presente edici\u00f3n de su columna semanal \u201cEsta semana en la Rep\u00fablica Dominicana\u201d vamos a aprender sobre el incremento de las tarifas en la carretera hacia Saman\u00e1, los planes para preservar el Parque Nacional Los Haitises, la reuni\u00f3n entre el Vicepresidente de los E.E.U.U. y el Presidente Danilo Medina, asi como la intenci\u00f3n de financiamiento por el Banco Interamericano de Desarrollo.<\/p>\n\n\n\n<!--more-->\n\n\n\n<h3 class=\"wp-block-heading\">El Vicepresidente de los E.E.U.U. Joe Biden se reunir\u00e1 con el Presidente Danilo Medina<\/h3>\n\n\n\n<p>El Vicepresidente de los Estados Unidos Joe Biden inform\u00f3 que espera visitar la Rep\u00fablica Dominicana en la segunda semana del mes de marzo, durante la cual estar\u00e1 reuni\u00e9ndose con el Presidente de la Rep\u00fablica Dominicana Danilo Medina.<\/p>\n\n\n\n<p>Joe Biden ha estado realizando incansables esfuerzos por parte de la administraci\u00f3n del Presidente Barack Obama por incrementar los lazos entre E.E.U.U. y los pa\u00edses latinoamericanos, estar\u00e1 discutiendo acerca de temas bilaterales y la cooperaci\u00f3n regional con el Presidente Danilo Medina.<\/p>\n\n\n\n<p>En el mismo viaje Joe Biden estar\u00e1 visitando tambi\u00e9n Chile, donde estar\u00e1 encabezando la delegaci\u00f3n de los Estados Unidos en la toma de posesi\u00f3n de la Presidenta de Chile Michelle Bachelet. Michelle Bachelet quien se ha desempe\u00f1ado como Presidente en una ocasi\u00f3n, fue elegida una vez m\u00e1s en una victoria aplastante en el mes de diciembre y asumir\u00e1 el cargo el d\u00eda 11 de marzo del presente a\u00f1o.<\/p>\n\n\n\n<h3 class=\"wp-block-heading\">Incrementan las tarifas de lo peajes de la carretera de Saman\u00e1<\/h3>\n\n\n\n<p>El costo total para viajar por la carretera noroeste desde Santo Domingo hacia Samana ha incrementado a un total de RD$ 1,876(US$43) el viaje ida y vuelta. El incremento se ha clasificado como excesivo por el ministerio de turismo de Saman\u00e1 y de Monte Plata<\/p>\n\n\n\n<p>Este incremento ha hecho las tarifas que se pagan en esta carretera las m\u00e1s caras en el pa\u00eds, y teme a que esto reduzca el circulamiento de veh\u00edculos. Tambi\u00e9n temen de que reduzca el n\u00famero de turistas que visitan las preciosas zonas de Saman\u00e1, Monte Plata y Nagua.<\/p>\n\n\n\n<h3 class=\"wp-block-heading\">&nbsp;Plan para recuperar y preservar el Parque Nacional Los Haitises<\/h3>\n\n\n\n<p>El gobierno Dominicano&nbsp;ha lanzado plan para la recuperaci\u00f3n y preservaci\u00f3n del Parque Nacional Los Haitises ubicado en el noroeste del pa\u00eds, uno de los bosques tropicales m\u00e1s hermosos de la Hispaniola.<span style=\"line-height: 1.5em;\"><br>\n<\/span><\/p>\n\n\n\n<p>Para asegurarse de la protecci\u00f3n del \u00e1rea se ha establecido, un plazo de 3 a\u00f1os sin que se realice ninguna actividad humana en los alrededores.<\/p>\n\n\n\n<p>Para lograr este plan, &nbsp;semanas antes se present\u00f3 una propuesta al Presidente Danilo Medina que requer\u00eda de RD$2.4 billones para la financiaci\u00f3n de 43 iniciativas que garanticen la protecci\u00f3n indefinida de Los Haitises.<\/p>\n\n\n\n<p>El plan principal incluye reubicar a la poblaci\u00f3n del parque nacional hacia la parte externa del parque y tambi\u00e9n reforzar la seguridad con el uso de patrullas.<\/p>\n\n\n\n<p>El parque Nacional Los Haitises &nbsp;presume una biodiversidad oculta que es alimentada por 110 r\u00edos y corrientes de agua con la mayor precipitaci\u00f3n en la isla entera de la Hispaniola<\/p>\n\n\n\n<h3 class=\"wp-block-heading\">Banco Interamericano de Desarrollo (BDI) busca financiar proyectos en Rep.Dom.<\/h3>\n\n\n\n<p>El Banco Interamericano de Desarrollo (BID), anunci\u00f3 esta semana planes para el financiamiento de varios proyectos dentro de la Rep\u00fablica Dominicana con un total de US$1.5 billones, a ser invertidos en los pr\u00f3ximos 3 a\u00f1os.<\/p>\n\n\n\n<p>Este cr\u00e9dito forma parte de las estrategias de trabajo del periodo 2013-2016, las cuales se enfocan en el incremento de la productividad y la competitividad en los negocios; invirtiendo en capital humano en sectores como salud, educaci\u00f3n y protecci\u00f3n social, as\u00ed como la estabilidad macroecon\u00f3mica y manejo fiscal, para impulsar el crecimiento econ\u00f3mico sostenible.<\/p>\n\n\n\n<p>De acuerdo con una representante del BID Flora Montealegre, esta financiaci\u00f3n proyectada ser\u00e1 una contribuci\u00f3n a los bancos para mantener la deuda multilateral de la Rep\u00fablica Dominicana en un promedio del 53% por los siguientes 3 a\u00f1os.<\/p>\n\n\n\n<p>Adem\u00e1s se hizo \u00e9nfasis en la creaci\u00f3n de empleos y disminuci\u00f3n de la pobreza.<\/p>\n\n\n\n<p>El Banco Interamericano de Desarrollo son la mayor fuente de financiamiento para el desarrollo de Am\u00e9rica Latina y el Caribe, con un s\u00f3lido compromiso para lograr resultados mensurables, con una mayor&nbsp;<a href=\"http:\/\/www.iadb.org\/es\/acerca-del-bid\/integridad-y-transparencia,6104.html\">integridad<\/a>,&nbsp;<a href=\"http:\/\/www.iadb.org\/ove\/\">transparencia<\/a>&nbsp;y&nbsp;<a href=\"http:\/\/www.iadb.org\/es\/mici\/acerca-del-mici-que-es-el-mici,1752.html\">rendici\u00f3n de cuentas<\/a>. Adem\u00e1s tienen un programa de&nbsp;<a href=\"http:\/\/www.iadb.org\/es\/reformas-institucionales\/un-banco-mejor-el-programa-de-reformas-del-bid,1819.html\">reformas<\/a>&nbsp;en evoluci\u00f3n que busca aumentar el &nbsp;<a href=\"http:\/\/www.iadb.org\/topics\/developmenteffectiveness\/home.cfm?lang=es\">impacto en el desarrollo<\/a>&nbsp;de la regi\u00f3n.<\/p>\n\n\n\n<p><strong>\u201cEsta semana en Rep\u00fablica Dominicana\u201d<\/strong>&nbsp;es una nueva columna informativa para Casa de Campo Living, as\u00ed que si tiene alg\u00fan comentario o sugerencia nos gustar\u00eda saberlo- por favor utilize el formulario mas abajo. \u00a1Gracias!<\/p>\n","protected":false},"excerpt":{"rendered":"<p>En la presente edici\u00f3n de su columna semanal \u201cEsta semana en la Rep\u00fablica Dominicana\u201d vamos a aprender sobre el incremento de las tarifas en la carretera hacia Saman\u00e1, los planes para preservar el Parque Nacional Los Haitises, la reuni\u00f3n entre el Vicepresidente de los E.E.U.U. y el Presidente Danilo Medina, asi como la intenci\u00f3n de [&hellip;]<\/p>\n","protected":false},"author":31,"featured_media":265346,"comment_status":"closed","ping_status":"closed","sticky":false,"template":"","format":"standard","meta":{"newspack_ads_suppress_ads":false,"newspack_popups_has_disabled_popups":false,"newspack_sponsor_sponsorship_scope":"","newspack_sponsor_native_byline_display":"inherit","newspack_sponsor_native_category_display":"inherit","newspack_sponsor_underwriter_style":"inherit","newspack_sponsor_underwriter_placement":"inherit","_newspack_byline_active":false,"_newspack_byline":"","newspack_hide_updated_date":false,"newspack_show_updated_date":false,"newspack_content_restriction_is_exempt":false,"newspack_featured_image_position":"","newspack_post_subtitle":"","newspack_article_summary_title":"Overview:","newspack_article_summary":"","_jetpack_memberships_contains_paid_content":false,"footnotes":"","jetpack_publicize_message":"","jetpack_publicize_feature_enabled":true,"jetpack_social_post_already_shared":false,"jetpack_social_options":{"image_generator_settings":{"template":"highway","default_image_id":0,"font":"","enabled":false},"version":2},"_wpas_customize_per_network":false},"categories":[26936,26951,2524,14631,2506,14625,2521],"tags":[24387,8015,8365],"newspack_spnsrs_tax":[],"class_list":["post-343872","post","type-post","status-publish","format-standard","has-post-thumbnail","hentry","category-casa-de-campo-living-es","category-ccl-presenta","category-destacados","category-estilo-de-vida","category-mas-alla-de-casa-es","category-noticias-locales","category-republica-dominicana-2","tag-casa-de-campo-living-es","tag-danilo-medina-es","tag-esta-semana-en-la-republica-dominicana","entry"],"yoast_head":"<!-- This site is optimized with the Yoast SEO plugin v27.4 - https:\/\/yoast.com\/product\/yoast-seo-wordpress\/ -->\n<title>Esta semana en la Rep\u00fablica Dominicana: Los Haitises, incremento de los peajes, Joe Biden &amp; US$1.5 billion | Casa de Campo Living<\/title>\n<meta name=\"description\" content=\"En la presente edici\u00f3n de su columna semanal \u201cEsta semana en la Rep\u00fablica Dominicana\u201d vamos a aprender sobre el incremento de las tarifas en la carretera\" \/>\n<meta name=\"robots\" content=\"index, follow, max-snippet:-1, max-image-preview:large, max-video-preview:-1\" \/>\n<link rel=\"canonical\" href=\"https:\/\/casadecampoliving.com\/es\/esta-semana-en-la-republica-dominicana-3\/\" \/>\n<meta property=\"og:locale\" content=\"es_ES\" \/>\n<meta property=\"og:type\" content=\"article\" \/>\n<meta property=\"og:title\" content=\"Esta semana en la Rep\u00fablica Dominicana: Los Haitises, incremento de los peajes, Joe Biden &amp; US$1.5 billion | Casa de Campo Living\" \/>\n<meta property=\"og:description\" content=\"En la presente edici\u00f3n de su columna semanal \u201cEsta semana en la Rep\u00fablica Dominicana\u201d vamos a aprender sobre el incremento de las tarifas en la carretera\" \/>\n<meta property=\"og:url\" content=\"https:\/\/casadecampoliving.com\/es\/esta-semana-en-la-republica-dominicana-3\/\" \/>\n<meta property=\"og:site_name\" content=\"Casa de Campo Living\" \/>\n<meta property=\"article:publisher\" content=\"https:\/\/www.facebook.com\/casadecampoliving\" \/>\n<meta property=\"article:published_time\" content=\"2014-02-14T04:00:00+00:00\" \/>\n<meta property=\"article:modified_time\" content=\"2022-10-21T22:47:33+00:00\" \/>\n<meta property=\"og:image\" content=\"https:\/\/i0.wp.com\/casadecampoliving.com\/wp-content\/uploads\/2022\/10\/Los_Haitises_national_Park-1.jpg?fit=650%2C433&ssl=1\" \/>\n\t<meta property=\"og:image:width\" content=\"650\" \/>\n\t<meta property=\"og:image:height\" content=\"433\" \/>\n\t<meta property=\"og:image:type\" content=\"image\/jpeg\" \/>\n<meta name=\"author\" content=\"Rebecca Silvestri\" \/>\n<meta name=\"twitter:card\" content=\"summary_large_image\" \/>\n<meta name=\"twitter:creator\" content=\"@cdcliving\" \/>\n<meta name=\"twitter:site\" content=\"@cdcliving\" \/>\n<meta name=\"twitter:label1\" content=\"Escrito por\" \/>\n\t<meta name=\"twitter:data1\" content=\"Rebecca Silvestri\" \/>\n\t<meta name=\"twitter:label2\" content=\"Tiempo de lectura\" \/>\n\t<meta name=\"twitter:data2\" content=\"4 minutos\" \/>\n<script type=\"application\/ld+json\" class=\"yoast-schema-graph\">{\"@context\":\"https:\\\/\\\/schema.org\",\"@graph\":[{\"@type\":\"Article\",\"@id\":\"https:\\\/\\\/casadecampoliving.com\\\/es\\\/esta-semana-en-la-republica-dominicana-3\\\/#article\",\"isPartOf\":{\"@id\":\"https:\\\/\\\/casadecampoliving.com\\\/es\\\/esta-semana-en-la-republica-dominicana-3\\\/\"},\"author\":{\"name\":\"Rebecca Silvestri\",\"@id\":\"https:\\\/\\\/casadecampoliving.com\\\/es\\\/#\\\/schema\\\/person\\\/2b2208f3175fa8761e25b272e096d718\"},\"headline\":\"Esta semana en la Rep\u00fablica Dominicana: Los Haitises, incremento de los peajes, Joe Biden &#038; US$1.5 billion\",\"datePublished\":\"2014-02-14T04:00:00+00:00\",\"dateModified\":\"2022-10-21T22:47:33+00:00\",\"mainEntityOfPage\":{\"@id\":\"https:\\\/\\\/casadecampoliving.com\\\/es\\\/esta-semana-en-la-republica-dominicana-3\\\/\"},\"wordCount\":816,\"publisher\":{\"@id\":\"https:\\\/\\\/casadecampoliving.com\\\/es\\\/#organization\"},\"image\":{\"@id\":\"https:\\\/\\\/casadecampoliving.com\\\/es\\\/esta-semana-en-la-republica-dominicana-3\\\/#primaryimage\"},\"thumbnailUrl\":\"https:\\\/\\\/i0.wp.com\\\/casadecampoliving.com\\\/wp-content\\\/uploads\\\/2022\\\/10\\\/Los_Haitises_national_Park-1.jpg?fit=650%2C433&ssl=1\",\"keywords\":[\"Casa de Campo Living\",\"danilo medina @es\",\"esta semana en la republica dominicana\"],\"articleSection\":[\"Casa de Campo Living @es\",\"CCL presenta\",\"Destacados\",\"Estilo de Vida\",\"M\u00e1s all\u00e1 de Casa\",\"Noticias Locales\",\"Rep\u00fablica Dominicana @es\"],\"inLanguage\":\"es\"},{\"@type\":\"WebPage\",\"@id\":\"https:\\\/\\\/casadecampoliving.com\\\/es\\\/esta-semana-en-la-republica-dominicana-3\\\/\",\"url\":\"https:\\\/\\\/casadecampoliving.com\\\/es\\\/esta-semana-en-la-republica-dominicana-3\\\/\",\"name\":\"Esta semana en la Rep\u00fablica Dominicana: Los Haitises, incremento de los peajes, Joe Biden & US$1.5 billion | Casa de Campo Living\",\"isPartOf\":{\"@id\":\"https:\\\/\\\/casadecampoliving.com\\\/es\\\/#website\"},\"primaryImageOfPage\":{\"@id\":\"https:\\\/\\\/casadecampoliving.com\\\/es\\\/esta-semana-en-la-republica-dominicana-3\\\/#primaryimage\"},\"image\":{\"@id\":\"https:\\\/\\\/casadecampoliving.com\\\/es\\\/esta-semana-en-la-republica-dominicana-3\\\/#primaryimage\"},\"thumbnailUrl\":\"https:\\\/\\\/i0.wp.com\\\/casadecampoliving.com\\\/wp-content\\\/uploads\\\/2022\\\/10\\\/Los_Haitises_national_Park-1.jpg?fit=650%2C433&ssl=1\",\"datePublished\":\"2014-02-14T04:00:00+00:00\",\"dateModified\":\"2022-10-21T22:47:33+00:00\",\"description\":\"En la presente edici\u00f3n de su columna semanal \u201cEsta semana en la Rep\u00fablica Dominicana\u201d vamos a aprender sobre el incremento de las tarifas en la carretera\",\"breadcrumb\":{\"@id\":\"https:\\\/\\\/casadecampoliving.com\\\/es\\\/esta-semana-en-la-republica-dominicana-3\\\/#breadcrumb\"},\"inLanguage\":\"es\",\"potentialAction\":[{\"@type\":\"ReadAction\",\"target\":[\"https:\\\/\\\/casadecampoliving.com\\\/es\\\/esta-semana-en-la-republica-dominicana-3\\\/\"]}]},{\"@type\":\"ImageObject\",\"inLanguage\":\"es\",\"@id\":\"https:\\\/\\\/casadecampoliving.com\\\/es\\\/esta-semana-en-la-republica-dominicana-3\\\/#primaryimage\",\"url\":\"https:\\\/\\\/i0.wp.com\\\/casadecampoliving.com\\\/wp-content\\\/uploads\\\/2022\\\/10\\\/Los_Haitises_national_Park-1.jpg?fit=650%2C433&ssl=1\",\"contentUrl\":\"https:\\\/\\\/i0.wp.com\\\/casadecampoliving.com\\\/wp-content\\\/uploads\\\/2022\\\/10\\\/Los_Haitises_national_Park-1.jpg?fit=650%2C433&ssl=1\",\"width\":650,\"height\":433,\"caption\":\"Los Haitises National Park\"},{\"@type\":\"BreadcrumbList\",\"@id\":\"https:\\\/\\\/casadecampoliving.com\\\/es\\\/esta-semana-en-la-republica-dominicana-3\\\/#breadcrumb\",\"itemListElement\":[{\"@type\":\"ListItem\",\"position\":1,\"name\":\"Home\",\"item\":\"https:\\\/\\\/casadecampoliving.com\\\/es\\\/\"},{\"@type\":\"ListItem\",\"position\":2,\"name\":\"Esta semana en la Rep\u00fablica Dominicana: Los Haitises, incremento de los peajes, Joe Biden &#038; US$1.5 billion\"}]},{\"@type\":\"WebSite\",\"@id\":\"https:\\\/\\\/casadecampoliving.com\\\/es\\\/#website\",\"url\":\"https:\\\/\\\/casadecampoliving.com\\\/es\\\/\",\"name\":\"Casa de Campo Living\",\"description\":\"Resort community news and resources.\",\"publisher\":{\"@id\":\"https:\\\/\\\/casadecampoliving.com\\\/es\\\/#organization\"},\"potentialAction\":[{\"@type\":\"SearchAction\",\"target\":{\"@type\":\"EntryPoint\",\"urlTemplate\":\"https:\\\/\\\/casadecampoliving.com\\\/es\\\/?s={search_term_string}\"},\"query-input\":{\"@type\":\"PropertyValueSpecification\",\"valueRequired\":true,\"valueName\":\"search_term_string\"}}],\"inLanguage\":\"es\"},{\"@type\":\"Organization\",\"@id\":\"https:\\\/\\\/casadecampoliving.com\\\/es\\\/#organization\",\"name\":\"Casa de Campo Living\",\"url\":\"https:\\\/\\\/casadecampoliving.com\\\/es\\\/\",\"logo\":{\"@type\":\"ImageObject\",\"inLanguage\":\"es\",\"@id\":\"https:\\\/\\\/casadecampoliving.com\\\/es\\\/#\\\/schema\\\/logo\\\/image\\\/\",\"url\":\"https:\\\/\\\/i0.wp.com\\\/casadecampoliving.com\\\/wp-content\\\/uploads\\\/2022\\\/07\\\/CDCLivingLogo_V1-white-sized.png?fit=800%2C214&ssl=1\",\"contentUrl\":\"https:\\\/\\\/i0.wp.com\\\/casadecampoliving.com\\\/wp-content\\\/uploads\\\/2022\\\/07\\\/CDCLivingLogo_V1-white-sized.png?fit=800%2C214&ssl=1\",\"width\":800,\"height\":214,\"caption\":\"Casa de Campo Living\"},\"image\":{\"@id\":\"https:\\\/\\\/casadecampoliving.com\\\/es\\\/#\\\/schema\\\/logo\\\/image\\\/\"},\"sameAs\":[\"https:\\\/\\\/www.facebook.com\\\/casadecampoliving\",\"https:\\\/\\\/x.com\\\/cdcliving\"]},{\"@type\":\"Person\",\"@id\":\"https:\\\/\\\/casadecampoliving.com\\\/es\\\/#\\\/schema\\\/person\\\/2b2208f3175fa8761e25b272e096d718\",\"name\":\"Rebecca Silvestri\",\"image\":{\"@type\":\"ImageObject\",\"inLanguage\":\"es\",\"@id\":\"https:\\\/\\\/secure.gravatar.com\\\/avatar\\\/2d937fd6c1769fb718dbf8dce9e82bf5f89e97bd028f9b3ea10b931dc7df95c6?s=96&d=mm&r=g\",\"url\":\"https:\\\/\\\/secure.gravatar.com\\\/avatar\\\/2d937fd6c1769fb718dbf8dce9e82bf5f89e97bd028f9b3ea10b931dc7df95c6?s=96&d=mm&r=g\",\"contentUrl\":\"https:\\\/\\\/secure.gravatar.com\\\/avatar\\\/2d937fd6c1769fb718dbf8dce9e82bf5f89e97bd028f9b3ea10b931dc7df95c6?s=96&d=mm&r=g\",\"caption\":\"Rebecca Silvestri\"},\"url\":\"https:\\\/\\\/casadecampoliving.com\\\/es\\\/author\\\/madamehuge\\\/\"}]}<\/script>\n<!-- \/ Yoast SEO plugin. -->","yoast_head_json":{"title":"Esta semana en la Rep\u00fablica Dominicana: Los Haitises, incremento de los peajes, Joe Biden & US$1.5 billion | Casa de Campo Living","description":"En la presente edici\u00f3n de su columna semanal \u201cEsta semana en la Rep\u00fablica Dominicana\u201d vamos a aprender sobre el incremento de las tarifas en la carretera","robots":{"index":"index","follow":"follow","max-snippet":"max-snippet:-1","max-image-preview":"max-image-preview:large","max-video-preview":"max-video-preview:-1"},"canonical":"https:\/\/casadecampoliving.com\/es\/esta-semana-en-la-republica-dominicana-3\/","og_locale":"es_ES","og_type":"article","og_title":"Esta semana en la Rep\u00fablica Dominicana: Los Haitises, incremento de los peajes, Joe Biden & US$1.5 billion | Casa de Campo Living","og_description":"En la presente edici\u00f3n de su columna semanal \u201cEsta semana en la Rep\u00fablica Dominicana\u201d vamos a aprender sobre el incremento de las tarifas en la carretera","og_url":"https:\/\/casadecampoliving.com\/es\/esta-semana-en-la-republica-dominicana-3\/","og_site_name":"Casa de Campo Living","article_publisher":"https:\/\/www.facebook.com\/casadecampoliving","article_published_time":"2014-02-14T04:00:00+00:00","article_modified_time":"2022-10-21T22:47:33+00:00","og_image":[{"width":650,"height":433,"url":"https:\/\/i0.wp.com\/casadecampoliving.com\/wp-content\/uploads\/2022\/10\/Los_Haitises_national_Park-1.jpg?fit=650%2C433&ssl=1","type":"image\/jpeg"}],"author":"Rebecca Silvestri","twitter_card":"summary_large_image","twitter_creator":"@cdcliving","twitter_site":"@cdcliving","twitter_misc":{"Escrito por":"Rebecca Silvestri","Tiempo de lectura":"4 minutos"},"schema":{"@context":"https:\/\/schema.org","@graph":[{"@type":"Article","@id":"https:\/\/casadecampoliving.com\/es\/esta-semana-en-la-republica-dominicana-3\/#article","isPartOf":{"@id":"https:\/\/casadecampoliving.com\/es\/esta-semana-en-la-republica-dominicana-3\/"},"author":{"name":"Rebecca Silvestri","@id":"https:\/\/casadecampoliving.com\/es\/#\/schema\/person\/2b2208f3175fa8761e25b272e096d718"},"headline":"Esta semana en la Rep\u00fablica Dominicana: Los Haitises, incremento de los peajes, Joe Biden &#038; US$1.5 billion","datePublished":"2014-02-14T04:00:00+00:00","dateModified":"2022-10-21T22:47:33+00:00","mainEntityOfPage":{"@id":"https:\/\/casadecampoliving.com\/es\/esta-semana-en-la-republica-dominicana-3\/"},"wordCount":816,"publisher":{"@id":"https:\/\/casadecampoliving.com\/es\/#organization"},"image":{"@id":"https:\/\/casadecampoliving.com\/es\/esta-semana-en-la-republica-dominicana-3\/#primaryimage"},"thumbnailUrl":"https:\/\/i0.wp.com\/casadecampoliving.com\/wp-content\/uploads\/2022\/10\/Los_Haitises_national_Park-1.jpg?fit=650%2C433&ssl=1","keywords":["Casa de Campo Living","danilo medina @es","esta semana en la republica dominicana"],"articleSection":["Casa de Campo Living @es","CCL presenta","Destacados","Estilo de Vida","M\u00e1s all\u00e1 de Casa","Noticias Locales","Rep\u00fablica Dominicana @es"],"inLanguage":"es"},{"@type":"WebPage","@id":"https:\/\/casadecampoliving.com\/es\/esta-semana-en-la-republica-dominicana-3\/","url":"https:\/\/casadecampoliving.com\/es\/esta-semana-en-la-republica-dominicana-3\/","name":"Esta semana en la Rep\u00fablica Dominicana: Los Haitises, incremento de los peajes, Joe Biden & US$1.5 billion | Casa de Campo Living","isPartOf":{"@id":"https:\/\/casadecampoliving.com\/es\/#website"},"primaryImageOfPage":{"@id":"https:\/\/casadecampoliving.com\/es\/esta-semana-en-la-republica-dominicana-3\/#primaryimage"},"image":{"@id":"https:\/\/casadecampoliving.com\/es\/esta-semana-en-la-republica-dominicana-3\/#primaryimage"},"thumbnailUrl":"https:\/\/i0.wp.com\/casadecampoliving.com\/wp-content\/uploads\/2022\/10\/Los_Haitises_national_Park-1.jpg?fit=650%2C433&ssl=1","datePublished":"2014-02-14T04:00:00+00:00","dateModified":"2022-10-21T22:47:33+00:00","description":"En la presente edici\u00f3n de su columna semanal \u201cEsta semana en la Rep\u00fablica Dominicana\u201d vamos a aprender sobre el incremento de las tarifas en la carretera","breadcrumb":{"@id":"https:\/\/casadecampoliving.com\/es\/esta-semana-en-la-republica-dominicana-3\/#breadcrumb"},"inLanguage":"es","potentialAction":[{"@type":"ReadAction","target":["https:\/\/casadecampoliving.com\/es\/esta-semana-en-la-republica-dominicana-3\/"]}]},{"@type":"ImageObject","inLanguage":"es","@id":"https:\/\/casadecampoliving.com\/es\/esta-semana-en-la-republica-dominicana-3\/#primaryimage","url":"https:\/\/i0.wp.com\/casadecampoliving.com\/wp-content\/uploads\/2022\/10\/Los_Haitises_national_Park-1.jpg?fit=650%2C433&ssl=1","contentUrl":"https:\/\/i0.wp.com\/casadecampoliving.com\/wp-content\/uploads\/2022\/10\/Los_Haitises_national_Park-1.jpg?fit=650%2C433&ssl=1","width":650,"height":433,"caption":"Los Haitises National Park"},{"@type":"BreadcrumbList","@id":"https:\/\/casadecampoliving.com\/es\/esta-semana-en-la-republica-dominicana-3\/#breadcrumb","itemListElement":[{"@type":"ListItem","position":1,"name":"Home","item":"https:\/\/casadecampoliving.com\/es\/"},{"@type":"ListItem","position":2,"name":"Esta semana en la Rep\u00fablica Dominicana: Los Haitises, incremento de los peajes, Joe Biden &#038; US$1.5 billion"}]},{"@type":"WebSite","@id":"https:\/\/casadecampoliving.com\/es\/#website","url":"https:\/\/casadecampoliving.com\/es\/","name":"Casa de Campo Living","description":"Resort community news and resources.","publisher":{"@id":"https:\/\/casadecampoliving.com\/es\/#organization"},"potentialAction":[{"@type":"SearchAction","target":{"@type":"EntryPoint","urlTemplate":"https:\/\/casadecampoliving.com\/es\/?s={search_term_string}"},"query-input":{"@type":"PropertyValueSpecification","valueRequired":true,"valueName":"search_term_string"}}],"inLanguage":"es"},{"@type":"Organization","@id":"https:\/\/casadecampoliving.com\/es\/#organization","name":"Casa de Campo Living","url":"https:\/\/casadecampoliving.com\/es\/","logo":{"@type":"ImageObject","inLanguage":"es","@id":"https:\/\/casadecampoliving.com\/es\/#\/schema\/logo\/image\/","url":"https:\/\/i0.wp.com\/casadecampoliving.com\/wp-content\/uploads\/2022\/07\/CDCLivingLogo_V1-white-sized.png?fit=800%2C214&ssl=1","contentUrl":"https:\/\/i0.wp.com\/casadecampoliving.com\/wp-content\/uploads\/2022\/07\/CDCLivingLogo_V1-white-sized.png?fit=800%2C214&ssl=1","width":800,"height":214,"caption":"Casa de Campo Living"},"image":{"@id":"https:\/\/casadecampoliving.com\/es\/#\/schema\/logo\/image\/"},"sameAs":["https:\/\/www.facebook.com\/casadecampoliving","https:\/\/x.com\/cdcliving"]},{"@type":"Person","@id":"https:\/\/casadecampoliving.com\/es\/#\/schema\/person\/2b2208f3175fa8761e25b272e096d718","name":"Rebecca Silvestri","image":{"@type":"ImageObject","inLanguage":"es","@id":"https:\/\/secure.gravatar.com\/avatar\/2d937fd6c1769fb718dbf8dce9e82bf5f89e97bd028f9b3ea10b931dc7df95c6?s=96&d=mm&r=g","url":"https:\/\/secure.gravatar.com\/avatar\/2d937fd6c1769fb718dbf8dce9e82bf5f89e97bd028f9b3ea10b931dc7df95c6?s=96&d=mm&r=g","contentUrl":"https:\/\/secure.gravatar.com\/avatar\/2d937fd6c1769fb718dbf8dce9e82bf5f89e97bd028f9b3ea10b931dc7df95c6?s=96&d=mm&r=g","caption":"Rebecca Silvestri"},"url":"https:\/\/casadecampoliving.com\/es\/author\/madamehuge\/"}]}},"parsely":{"version":"1.1.0","canonical_url":"https:\/\/casadecampoliving.com\/es\/esta-semana-en-la-republica-dominicana-3\/","smart_links":{"inbound":0,"outbound":0},"traffic_boost_suggestions_count":0,"meta":{"@context":"https:\/\/schema.org","@type":"NewsArticle","headline":"Esta semana en la Rep\u00fablica Dominicana: Los Haitises, incremento de los peajes, Joe Biden &#038; US$1.5 billion","url":"http:\/\/casadecampoliving.com\/es\/esta-semana-en-la-republica-dominicana-3\/","mainEntityOfPage":{"@type":"WebPage","@id":"http:\/\/casadecampoliving.com\/es\/esta-semana-en-la-republica-dominicana-3\/"},"thumbnailUrl":"https:\/\/i0.wp.com\/casadecampoliving.com\/wp-content\/uploads\/2022\/10\/Los_Haitises_national_Park-1.jpg?resize=150%2C150&ssl=1","image":{"@type":"ImageObject","url":"https:\/\/i0.wp.com\/casadecampoliving.com\/wp-content\/uploads\/2022\/10\/Los_Haitises_national_Park-1.jpg?fit=650%2C433&ssl=1"},"articleSection":"CCL presenta","author":[{"@type":"Person","name":"Rebecca Silvestri"}],"creator":["Rebecca Silvestri"],"publisher":{"@type":"Organization","name":"Casa de Campo Living","logo":"https:\/\/casadecampoliving.com\/wp-content\/uploads\/2022\/07\/CDCLivingLogo_V1-white-sized.png"},"keywords":["casa de campo living","danilo medina @es","esta semana en la republica dominicana"],"dateCreated":"2014-02-14T04:00:00Z","datePublished":"2014-02-14T04:00:00Z","dateModified":"2022-10-21T22:47:33Z"},"rendered":"<script type=\"application\/ld+json\" class=\"wp-parsely-metadata\">{\"@context\":\"https:\\\/\\\/schema.org\",\"@type\":\"NewsArticle\",\"headline\":\"Esta semana en la Rep\\u00fablica Dominicana: Los Haitises, incremento de los peajes, Joe Biden &#038; US$1.5 billion\",\"url\":\"http:\\\/\\\/casadecampoliving.com\\\/es\\\/esta-semana-en-la-republica-dominicana-3\\\/\",\"mainEntityOfPage\":{\"@type\":\"WebPage\",\"@id\":\"http:\\\/\\\/casadecampoliving.com\\\/es\\\/esta-semana-en-la-republica-dominicana-3\\\/\"},\"thumbnailUrl\":\"https:\\\/\\\/i0.wp.com\\\/casadecampoliving.com\\\/wp-content\\\/uploads\\\/2022\\\/10\\\/Los_Haitises_national_Park-1.jpg?resize=150%2C150&ssl=1\",\"image\":{\"@type\":\"ImageObject\",\"url\":\"https:\\\/\\\/i0.wp.com\\\/casadecampoliving.com\\\/wp-content\\\/uploads\\\/2022\\\/10\\\/Los_Haitises_national_Park-1.jpg?fit=650%2C433&ssl=1\"},\"articleSection\":\"CCL presenta\",\"author\":[{\"@type\":\"Person\",\"name\":\"Rebecca Silvestri\"}],\"creator\":[\"Rebecca Silvestri\"],\"publisher\":{\"@type\":\"Organization\",\"name\":\"Casa de Campo Living\",\"logo\":\"https:\\\/\\\/casadecampoliving.com\\\/wp-content\\\/uploads\\\/2022\\\/07\\\/CDCLivingLogo_V1-white-sized.png\"},\"keywords\":[\"casa de campo living\",\"danilo medina @es\",\"esta semana en la republica dominicana\"],\"dateCreated\":\"2014-02-14T04:00:00Z\",\"datePublished\":\"2014-02-14T04:00:00Z\",\"dateModified\":\"2022-10-21T22:47:33Z\"}<\/script>","tracker_url":"https:\/\/cdn.parsely.com\/keys\/casadecampoliving.com\/p.js"},"jetpack_publicize_connections":[],"jetpack_featured_media_url":"https:\/\/i0.wp.com\/casadecampoliving.com\/wp-content\/uploads\/2022\/10\/Los_Haitises_national_Park-1.jpg?fit=650%2C433&ssl=1","jetpack-related-posts":[{"id":343960,"url":"https:\/\/casadecampoliving.com\/es\/esta-semana-en-la-republica-dominicana-4\/","url_meta":{"origin":343872,"position":0},"title":"Esta Semana en la Rep\u00fablica Dominicana: Discurso Nacional del Presidente Medina &#038; Marat\u00f3n Caribe\u00f1o 100K","author":"Perkin Agramonte","date":"2 Mar, 2014","format":false,"excerpt":"En esta edici\u00f3n de su columna semanal \u201cEsta Semana en la Rep\u00fablica Dominicana\u201d aprenderemos acerca de las prioridades para el pa\u00eds seg\u00fan el discurso de Danilo Medina, la visita de algunos l\u00edderes empresariales desde Miami, as\u00ed como el Marat\u00f3n del Caribe 100k. Discurso Nacional del Presidente Medina El d\u00eda de\u2026","rel":"","context":"En \u00abCasa de Campo Living @es\u00bb","block_context":{"text":"Casa de Campo Living @es","link":"https:\/\/casadecampoliving.com\/category\/casa-de-campo-living-es\/"},"img":{"alt_text":"president Danilo Medina 27 de febrero 2014","src":"https:\/\/i0.wp.com\/casadecampoliving.com\/wp-content\/uploads\/2022\/10\/president-Danilo-Medina-27-de-febrero-2014-1.jpg?fit=650%2C366&ssl=1&resize=350%2C200","width":350,"height":200,"srcset":"https:\/\/i0.wp.com\/casadecampoliving.com\/wp-content\/uploads\/2022\/10\/president-Danilo-Medina-27-de-febrero-2014-1.jpg?fit=650%2C366&ssl=1&resize=350%2C200 1x, https:\/\/i0.wp.com\/casadecampoliving.com\/wp-content\/uploads\/2022\/10\/president-Danilo-Medina-27-de-febrero-2014-1.jpg?fit=650%2C366&ssl=1&resize=525%2C300 1.5x"},"classes":[]},{"id":433460,"url":"https:\/\/casadecampoliving.com\/es\/no-se-pierdan-el-increible-tributo-a-frank-sinatra-para-celebrar-el-40-aniversario-del-anfiteatro-altos-de-chavon\/","url_meta":{"origin":343872,"position":1},"title":"No se pierdan el incre\u00edble tributo a Frank Sinatra para celebrar el 40 aniversario del\u00a0Anfiteatro Altos de Chav\u00f3n","author":"Casa de Campo Living","date":"20 Oct, 2022","format":false,"excerpt":"Siendo uno de los escenarios m\u00e1s emblem\u00e1ticos del pa\u00eds, Casa de Campo Resort\u00ae & Villas celebra las cuatro d\u00e9cadas de aniversario de Altos de Chav\u00f3n con un tributo al gran Frank Sinatra, protagonizado por artistas invitados y una big band tal cual la que acompa\u00f1\u00f3 al artista hace 40 a\u00f1os\u2026","rel":"","context":"En \u00abUncategorized @es\u00bb","block_context":{"text":"Uncategorized @es","link":"https:\/\/casadecampoliving.com\/es\/category\/uncategorized-es\/"},"img":{"alt_text":"","src":"https:\/\/i0.wp.com\/casadecampoliving.com\/wp-content\/uploads\/2022\/10\/Tributo-Frank-Sinatra-Foto-Principal-Amaury-Sanchez-Danilo-Ginebra-Andres-Pichardo-y-Jose-Gabriel-Perez-.jpg?fit=1200%2C873&ssl=1&resize=350%2C200","width":350,"height":200,"srcset":"https:\/\/i0.wp.com\/casadecampoliving.com\/wp-content\/uploads\/2022\/10\/Tributo-Frank-Sinatra-Foto-Principal-Amaury-Sanchez-Danilo-Ginebra-Andres-Pichardo-y-Jose-Gabriel-Perez-.jpg?fit=1200%2C873&ssl=1&resize=350%2C200 1x, https:\/\/i0.wp.com\/casadecampoliving.com\/wp-content\/uploads\/2022\/10\/Tributo-Frank-Sinatra-Foto-Principal-Amaury-Sanchez-Danilo-Ginebra-Andres-Pichardo-y-Jose-Gabriel-Perez-.jpg?fit=1200%2C873&ssl=1&resize=525%2C300 1.5x, https:\/\/i0.wp.com\/casadecampoliving.com\/wp-content\/uploads\/2022\/10\/Tributo-Frank-Sinatra-Foto-Principal-Amaury-Sanchez-Danilo-Ginebra-Andres-Pichardo-y-Jose-Gabriel-Perez-.jpg?fit=1200%2C873&ssl=1&resize=700%2C400 2x, https:\/\/i0.wp.com\/casadecampoliving.com\/wp-content\/uploads\/2022\/10\/Tributo-Frank-Sinatra-Foto-Principal-Amaury-Sanchez-Danilo-Ginebra-Andres-Pichardo-y-Jose-Gabriel-Perez-.jpg?fit=1200%2C873&ssl=1&resize=1050%2C600 3x"},"classes":[]},{"id":343920,"url":"https:\/\/casadecampoliving.com\/es\/esta-semana-en-la-republica-dominicana-rolando-gonzalez\/","url_meta":{"origin":343872,"position":2},"title":"Esta Semana en la Rep\u00fablica Dominicana: Rolando Gonzalez-Bunster empieza la construcci\u00f3n de una nueva estaci\u00f3n de gas natural","author":"Perkin Agramonte","date":"21 Feb, 2014","format":false,"excerpt":"En la presente entrega de \u201cesta Semana en la Rep\u00fablica Dominicana\u201d aprenderemos acerca del nuevo proyecto de gas natural en San Pedro, la inauguraci\u00f3n de 13 nuevas escuelas esta semana y el proyecto de una granja en el area del Lago Enriquillo. Empiezan trabajos para terminal de gas natural en\u2026","rel":"","context":"En \u00abCasa de Campo Living @es\u00bb","block_context":{"text":"Casa de Campo Living @es","link":"https:\/\/casadecampoliving.com\/category\/casa-de-campo-living-es\/"},"img":{"alt_text":"rolando gonzalez bunster","src":"https:\/\/i0.wp.com\/casadecampoliving.com\/wp-content\/uploads\/2022\/10\/rolando_gonzalez_bunster-2.jpg?fit=650%2C366&ssl=1&resize=350%2C200","width":350,"height":200,"srcset":"https:\/\/i0.wp.com\/casadecampoliving.com\/wp-content\/uploads\/2022\/10\/rolando_gonzalez_bunster-2.jpg?fit=650%2C366&ssl=1&resize=350%2C200 1x, https:\/\/i0.wp.com\/casadecampoliving.com\/wp-content\/uploads\/2022\/10\/rolando_gonzalez_bunster-2.jpg?fit=650%2C366&ssl=1&resize=525%2C300 1.5x"},"classes":[]},{"id":344105,"url":"https:\/\/casadecampoliving.com\/es\/esta-semana-en-la-republica-dominicana-tanda-extendida-en-educacion-entrara-en-funcion-en-agosto\/","url_meta":{"origin":343872,"position":3},"title":"Esta Semana en la Rep\u00fablica Dominicana: Tanda extendida en educaci\u00f3n entrar\u00e1 en funci\u00f3n en agosto","author":"Perkin Agramonte","date":"28 Mar, 2014","format":false,"excerpt":"En esta edici\u00f3n semanal de \u201cEsta Semana en la Rep\u00fablica Dominicana\u201d aprenderemos acerca de las operaciones militares en Ban\u00ed, conversaciones de alto nivel entre Hait\u00ed y la Rep\u00fablica Dominicana, y acerca del futuro de la educaci\u00f3n dominicana. Tandas extendidas para todos los estudiantes El Presidente de la Rep\u00fablica Dominicana, Danilo\u2026","rel":"","context":"En \u00abCasa de Campo Living @es\u00bb","block_context":{"text":"Casa de Campo Living @es","link":"https:\/\/casadecampoliving.com\/category\/casa-de-campo-living-es\/"},"img":{"alt_text":"Fundacion MIR escuela","src":"https:\/\/i0.wp.com\/casadecampoliving.com\/wp-content\/uploads\/2022\/10\/Fundacion_MIR_escuela-1.jpg?fit=650%2C428&ssl=1&resize=350%2C200","width":350,"height":200,"srcset":"https:\/\/i0.wp.com\/casadecampoliving.com\/wp-content\/uploads\/2022\/10\/Fundacion_MIR_escuela-1.jpg?fit=650%2C428&ssl=1&resize=350%2C200 1x, https:\/\/i0.wp.com\/casadecampoliving.com\/wp-content\/uploads\/2022\/10\/Fundacion_MIR_escuela-1.jpg?fit=650%2C428&ssl=1&resize=525%2C300 1.5x"},"classes":[]},{"id":343992,"url":"https:\/\/casadecampoliving.com\/es\/esta-semana-en-la-republica-dominicana-oro\/","url_meta":{"origin":343872,"position":4},"title":"Esta Semana en la Rep\u00fablica Dominicana: incrementan las exportaciones de oro&#8230; al igual que las tarifas de los peajes","author":"Perkin Agramonte","date":"7 Mar, 2014","format":false,"excerpt":"Una vez m\u00e1s en su edici\u00f3n semanal de \u201cEsta Semana en la Rep\u00fablica Dominicana\u201d conoceremos acerca de el notable auge del turismo en Santo Domingo, el incremento de los peajes, Dominicanos en Grandes Ligas del B\u00e9isbol y el alza en las exportaciones de oro. M\u00e1s hoteles, m\u00e1s turismo en Santo\u2026","rel":"","context":"En \u00abCasa de Campo Living @es\u00bb","block_context":{"text":"Casa de Campo Living @es","link":"https:\/\/casadecampoliving.com\/category\/casa-de-campo-living-es\/"},"img":{"alt_text":"Gold Bars","src":"https:\/\/i0.wp.com\/casadecampoliving.com\/wp-content\/uploads\/2022\/10\/Gold_Bars-1.jpg?fit=650%2C415&ssl=1&resize=350%2C200","width":350,"height":200,"srcset":"https:\/\/i0.wp.com\/casadecampoliving.com\/wp-content\/uploads\/2022\/10\/Gold_Bars-1.jpg?fit=650%2C415&ssl=1&resize=350%2C200 1x, https:\/\/i0.wp.com\/casadecampoliving.com\/wp-content\/uploads\/2022\/10\/Gold_Bars-1.jpg?fit=650%2C415&ssl=1&resize=525%2C300 1.5x"},"classes":[]},{"id":323268,"url":"https:\/\/casadecampoliving.com\/this-week-dominican-republic\/","url_meta":{"origin":343872,"position":5},"title":"This week in the Dominican Republic: Los Haitises, toll increases, Joe Biden &#038; US$1.5billion funding","author":"Rebecca Silvestri","date":"14 Feb, 2014","format":false,"excerpt":"In this week\u2019s edition of \u201cThis week in the Dominican Republic\u201d we learn about an increase in the toll on the road to Samana, plans to recover and preserve Los Haitises National Park, an impending visit from Vice President Joe Biden and funds of US$1.5billion from the\u00a0Inter-American Development Bank (IDB).\u2026","rel":"","context":"En \u00abBeyond Casa\u00bb","block_context":{"text":"Beyond Casa","link":"https:\/\/casadecampoliving.com\/category\/beyond-casa\/"},"img":{"alt_text":"Los Haitises National Park","src":"https:\/\/i0.wp.com\/casadecampoliving.com\/wp-content\/uploads\/2022\/10\/Los_Haitises_national_Park-1.jpg?fit=650%2C433&ssl=1&resize=350%2C200","width":350,"height":200,"srcset":"https:\/\/i0.wp.com\/casadecampoliving.com\/wp-content\/uploads\/2022\/10\/Los_Haitises_national_Park-1.jpg?fit=650%2C433&ssl=1&resize=350%2C200 1x, https:\/\/i0.wp.com\/casadecampoliving.com\/wp-content\/uploads\/2022\/10\/Los_Haitises_national_Park-1.jpg?fit=650%2C433&ssl=1&resize=525%2C300 1.5x"},"classes":[]}],"jetpack_sharing_enabled":true,"_links":{"self":[{"href":"https:\/\/casadecampoliving.com\/es\/wp-json\/wp\/v2\/posts\/343872","targetHints":{"allow":["GET"]}}],"collection":[{"href":"https:\/\/casadecampoliving.com\/es\/wp-json\/wp\/v2\/posts"}],"about":[{"href":"https:\/\/casadecampoliving.com\/es\/wp-json\/wp\/v2\/types\/post"}],"author":[{"embeddable":true,"href":"https:\/\/casadecampoliving.com\/es\/wp-json\/wp\/v2\/users\/31"}],"replies":[{"embeddable":true,"href":"https:\/\/casadecampoliving.com\/es\/wp-json\/wp\/v2\/comments?post=343872"}],"version-history":[{"count":1,"href":"https:\/\/casadecampoliving.com\/es\/wp-json\/wp\/v2\/posts\/343872\/revisions"}],"predecessor-version":[{"id":343873,"href":"https:\/\/casadecampoliving.com\/es\/wp-json\/wp\/v2\/posts\/343872\/revisions\/343873"}],"wp:featuredmedia":[{"embeddable":true,"href":"https:\/\/casadecampoliving.com\/es\/wp-json\/wp\/v2\/media\/265346"}],"wp:attachment":[{"href":"https:\/\/casadecampoliving.com\/es\/wp-json\/wp\/v2\/media?parent=343872"}],"wp:term":[{"taxonomy":"category","embeddable":true,"href":"https:\/\/casadecampoliving.com\/es\/wp-json\/wp\/v2\/categories?post=343872"},{"taxonomy":"post_tag","embeddable":true,"href":"https:\/\/casadecampoliving.com\/es\/wp-json\/wp\/v2\/tags?post=343872"},{"taxonomy":"newspack_spnsrs_tax","embeddable":true,"href":"https:\/\/casadecampoliving.com\/es\/wp-json\/wp\/v2\/newspack_spnsrs_tax?post=343872"}],"curies":[{"name":"wp","href":"https:\/\/api.w.org\/{rel}","templated":true}]}}