{"id":343855,"date":"2014-02-26T00:00:00","date_gmt":"2014-02-26T04:00:00","guid":{"rendered":"https:\/\/casadecampoliving.com\/clinica-de-familia-la-romana-somos-familia\/"},"modified":"2022-10-21T18:56:06","modified_gmt":"2022-10-21T22:56:06","slug":"clinica-de-familia-la-romana-somos-familia","status":"publish","type":"post","link":"https:\/\/casadecampoliving.com\/es\/clinica-de-familia-la-romana-somos-familia\/","title":{"rendered":"Cl\u00ednica de Familia La Romana: Somos Familia"},"content":{"rendered":"<div class=\"wp-block-image\">\n<figure class=\"aligncenter is-resized\"><img loading=\"lazy\" decoding=\"async\" src=\"https:\/\/i0.wp.com\/casadecampoliving.com\/wp-content\/uploads\/2022\/10\/Personal_Clinica-de-Familia_2013-c.jpg?resize=650%2C311&amp;ssl=1\" alt=\"Personal_Clinica de Familia_2013 c\" class=\"wp-image-85772\" height=\"311\" width=\"650\"\/><\/figure>\n<\/div>\n\n\n<p>La Cl\u00ednica de Familia es una organizaci\u00f3n comprensiva que brinda servicios de salud a la comunidad de La Romana, la cual dirige una de las cl\u00ednicas m\u00e1s grandes para el tratamiento del VIH en La Rep\u00fablica Dominicana, tambi\u00e9n con servicios de cuidados primarios, una cl\u00ednica de salud reproductiva en adolescentes, y una cl\u00ednica especializada para trabajadoras sexuales entre otros.<\/p>\n\n\n\n<!--more-->\n\n\n\n<p>La Cl\u00ednica de Familia est\u00e1 cambiando vidas, aqu\u00ed le compartimos la historia de Alfredo.<\/p>\n\n\n\n<p>Alfredo es un joven romanense que ha enfrentado muchos retos en su vida, incluyendo que sus familiares lo abandonaron despu\u00e9s que se enteraran de que vive con VIH. Al sentirse desprotegido del apoyo familiar, busc\u00f3 ayuda entre amigos que le tendieron una mano durante un tiempo muy limitado, y luego forzaron a Alfredo a abandonar la habitaci\u00f3n que hab\u00eda rentado, por falta de pago. Esta situaci\u00f3n lo llev\u00f3 a vivir en la calle, sin techo ni alimentos.<\/p>\n\n\n<div class=\"wp-block-image\">\n<figure class=\"aligncenter is-resized\"><img loading=\"lazy\" decoding=\"async\" src=\"https:\/\/i0.wp.com\/casadecampoliving.com\/wp-content\/uploads\/2022\/10\/DRS2714-c.jpg?resize=650%2C434&amp;ssl=1\" alt=\"_DRS2714 c\" class=\"wp-image-85773\" height=\"434\" width=\"650\"\/><\/figure>\n<\/div>\n\n\n<p><\/p>\n\n\n<div class=\"wp-block-image\">\n<figure class=\"alignright is-resized\"><img loading=\"lazy\" decoding=\"async\" src=\"https:\/\/i0.wp.com\/casadecampoliving.com\/wp-content\/uploads\/2022\/10\/DRS2770-c-200x300-2.jpg?resize=200%2C300&amp;ssl=1\" alt=\"DRS2770 c\" class=\"wp-image-85774\" height=\"300\" width=\"200\"\/><\/figure>\n<\/div>\n\n\n<p>Adem\u00e1s de dar atenci\u00f3n m\u00e9dica a Alfredo, la Cl\u00ednica de Familia La Romana tambi\u00e9n le dio un apoyo imprescindible, con el cual adquiri\u00f3 los materiales y pag\u00f3 la mano de obra para la construcci\u00f3n de una peque\u00f1a casa de una habitaci\u00f3n. La Cl\u00ednica tambi\u00e9n le asign\u00f3 una raci\u00f3n de alimentos. Este aporte ha permitido que Alfredo tenga una mejor calidad de vida, mientras busca un buen empleo para poder seguir adelante. Seg\u00fan las palabras propias de Alfredo, la Cl\u00ednica de Familia es ahora su verdadera familia y manifiesta sentir deseos de vivir muchos a\u00f1os m\u00e1s. Alfredo es uno de muchos usuarios de la Cl\u00ednica de Familia que forma parte de esta gran familia.<\/p>\n\n\n\n<p>La Cl\u00ednica de Familia tiene las bases firmes de una familia, con la visi\u00f3n de ofrecer un f\u00e1cil acceso a los servicios de salud de alta calidad a las familias m\u00e1s vulnerables de la comunidad. La meta es mejorar las condiciones de salud de las familias en la regi\u00f3n este de la Rep\u00fablica Dominicana, a trav\u00e9s de servicios de salud integral, educaci\u00f3n e investigaci\u00f3n.<\/p>\n\n\n\n<p>La Cl\u00ednica de Familia va a seguir fortaleciendo esta familia, apoyando a personas necesitadas como Alfredo, y haciendo una comunidad m\u00e1s saludable.<\/p>\n\n\n<div class=\"wp-block-image\">\n<figure class=\"aligncenter is-resized\"><img loading=\"lazy\" decoding=\"async\" src=\"https:\/\/i0.wp.com\/casadecampoliving.com\/wp-content\/uploads\/2022\/10\/Ana-Yojana-Emmanuel-c.jpg?resize=650%2C364&amp;ssl=1\" alt=\"Ana Yojana Emmanuel c\" class=\"wp-image-85775\" height=\"364\" width=\"650\"\/><\/figure>\n<\/div>\n\n\n<h3 class=\"wp-block-heading\"><span style=\"color: #000000;\"><em>The Cl\u00ednica de Familia est\u00e1 cambiando vidas<\/em><\/span><\/h3>\n\n\n\n<blockquote><h3><strong>Cl\u00ednica de Familia La Romana<\/strong><\/h3><figure><img decoding=\"async\" loading=\"lazy\" class=\"alignright\" alt=\"Clinica de Familia La Romana\" src=\"https:\/\/i0.wp.com\/casadecampoliving.com\/wp-content\/uploads\/2022\/10\/clinica_de_familia.png?resize=218%2C168&amp;ssl=1\" width=\"218\" height=\"168\"><\/figure><p><strong><\/strong>Encuentre m\u00e1s informaci\u00f3n de la Cl\u00ednica de Familia La Romana en:<\/p><p><a href=\"http:\/\/www.clinicadefamilia.org.do\/\" target=\"_blank\" rel=\"noopener\">www.clinicadefamilia.org.do<\/a><\/p><p><a href=\"http:\/\/www.clinicadefamilia.org.do\/programas\/campamento\/\" target=\"_blank\" rel=\"noopener\">info@clinicadefamilia.org.do.<\/a><\/p><p>Tambi\u00e9n puede ver un video informativo de 18 minutos en Ingl\u00e9s acerca de los programas y servicios de la Cl\u00ednica de Familia en:<br>\n<a href=\"http:\/\/www.clinicadefamilia.org.do\/video\" target=\"_blank\" rel=\"noopener\">www.clinicadefamilia.org.do\/video<\/a><\/p><\/blockquote>\n","protected":false},"excerpt":{"rendered":"<p>La Cl\u00ednica de Familia es una organizaci\u00f3n comprensiva que brinda servicios de salud a la comunidad de La Romana, la cual dirige una de las cl\u00ednicas m\u00e1s grandes para el tratamiento del VIH en La Rep\u00fablica Dominicana, tambi\u00e9n con servicios de cuidados primarios, una cl\u00ednica de salud reproductiva en adolescentes, y una cl\u00ednica especializada para [&hellip;]<\/p>\n","protected":false},"author":1097,"featured_media":264389,"comment_status":"closed","ping_status":"closed","sticky":false,"template":"","format":"standard","meta":{"newspack_ads_suppress_ads":false,"newspack_popups_has_disabled_popups":false,"newspack_sponsor_sponsorship_scope":"","newspack_sponsor_native_byline_display":"inherit","newspack_sponsor_native_category_display":"inherit","newspack_sponsor_underwriter_style":"inherit","newspack_sponsor_underwriter_placement":"inherit","_newspack_byline_active":false,"_newspack_byline":"","newspack_hide_updated_date":false,"newspack_show_updated_date":false,"newspack_content_restriction_is_exempt":false,"newspack_featured_image_position":"","newspack_post_subtitle":"","newspack_article_summary_title":"Overview:","newspack_article_summary":"","_jetpack_memberships_contains_paid_content":false,"footnotes":"","jetpack_publicize_message":"","jetpack_publicize_feature_enabled":true,"jetpack_social_post_already_shared":false,"jetpack_social_options":{"image_generator_settings":{"template":"highway","default_image_id":0,"font":"","enabled":false},"version":2},"_wpas_customize_per_network":false},"categories":[26936,2525,2524,14631,2514,2507,2506,14625,2527],"tags":[7465,8478,14542,6164],"newspack_spnsrs_tax":[],"class_list":["post-343855","post","type-post","status-publish","format-standard","has-post-thumbnail","hentry","category-casa-de-campo-living-es","category-golf-deportes-es","category-destacados","category-estilo-de-vida","category-fundaciones-es","category-la-romana-es","category-mas-alla-de-casa-es","category-noticias-locales","category-salud","tag-clinica-de-familia-es","tag-clinica-de-familia-la-romana-es","tag-la-romana-es","tag-vih","entry"],"yoast_head":"<!-- This site is optimized with the Yoast SEO plugin v27.5 - https:\/\/yoast.com\/product\/yoast-seo-wordpress\/ -->\n<title>Cl\u00ednica de Familia La Romana: Somos Familia | Casa de Campo Living<\/title>\n<meta name=\"description\" content=\"La Cl\u00ednica de Familia es una organizaci\u00f3n comprensiva que brinda servicios de salud a la comunidad de La Romana, la cual dirige una de las cl\u00ednicas m\u00e1s\" \/>\n<meta name=\"robots\" content=\"index, follow, max-snippet:-1, max-image-preview:large, max-video-preview:-1\" \/>\n<link rel=\"canonical\" href=\"https:\/\/casadecampoliving.com\/es\/clinica-de-familia-la-romana-somos-familia\/\" \/>\n<meta property=\"og:locale\" content=\"es_ES\" \/>\n<meta property=\"og:type\" content=\"article\" \/>\n<meta property=\"og:title\" content=\"Cl\u00ednica de Familia La Romana: Somos Familia | Casa de Campo Living\" \/>\n<meta property=\"og:description\" content=\"La Cl\u00ednica de Familia es una organizaci\u00f3n comprensiva que brinda servicios de salud a la comunidad de La Romana, la cual dirige una de las cl\u00ednicas m\u00e1s\" \/>\n<meta property=\"og:url\" content=\"https:\/\/casadecampoliving.com\/es\/clinica-de-familia-la-romana-somos-familia\/\" \/>\n<meta property=\"og:site_name\" content=\"Casa de Campo Living\" \/>\n<meta property=\"article:publisher\" content=\"https:\/\/www.facebook.com\/casadecampoliving\" \/>\n<meta property=\"article:published_time\" content=\"2014-02-26T04:00:00+00:00\" \/>\n<meta property=\"article:modified_time\" content=\"2022-10-21T22:56:06+00:00\" \/>\n<meta property=\"og:image\" content=\"https:\/\/i0.wp.com\/casadecampoliving.com\/wp-content\/uploads\/2022\/10\/Personal_Clinica-de-Familia_2013-c-1.jpg?fit=650%2C311&ssl=1\" \/>\n\t<meta property=\"og:image:width\" content=\"650\" \/>\n\t<meta property=\"og:image:height\" content=\"311\" \/>\n\t<meta property=\"og:image:type\" content=\"image\/jpeg\" \/>\n<meta name=\"author\" content=\"Perkin Agramonte\" \/>\n<meta name=\"twitter:card\" content=\"summary_large_image\" \/>\n<meta name=\"twitter:creator\" content=\"@cdcliving\" \/>\n<meta name=\"twitter:site\" content=\"@cdcliving\" \/>\n<meta name=\"twitter:label1\" content=\"Escrito por\" \/>\n\t<meta name=\"twitter:data1\" content=\"Perkin Agramonte\" \/>\n\t<meta name=\"twitter:label2\" content=\"Tiempo de lectura\" \/>\n\t<meta name=\"twitter:data2\" content=\"2 minutos\" \/>\n<script type=\"application\/ld+json\" class=\"yoast-schema-graph\">{\"@context\":\"https:\\\/\\\/schema.org\",\"@graph\":[{\"@type\":\"Article\",\"@id\":\"https:\\\/\\\/casadecampoliving.com\\\/es\\\/clinica-de-familia-la-romana-somos-familia\\\/#article\",\"isPartOf\":{\"@id\":\"https:\\\/\\\/casadecampoliving.com\\\/es\\\/clinica-de-familia-la-romana-somos-familia\\\/\"},\"author\":{\"name\":\"Perkin Agramonte\",\"@id\":\"https:\\\/\\\/casadecampoliving.com\\\/es\\\/#\\\/schema\\\/person\\\/c8efa6049510554b7d5fea078d728f72\"},\"headline\":\"Cl\u00ednica de Familia La Romana: Somos Familia\",\"datePublished\":\"2014-02-26T04:00:00+00:00\",\"dateModified\":\"2022-10-21T22:56:06+00:00\",\"mainEntityOfPage\":{\"@id\":\"https:\\\/\\\/casadecampoliving.com\\\/es\\\/clinica-de-familia-la-romana-somos-familia\\\/\"},\"wordCount\":463,\"publisher\":{\"@id\":\"https:\\\/\\\/casadecampoliving.com\\\/es\\\/#organization\"},\"image\":{\"@id\":\"https:\\\/\\\/casadecampoliving.com\\\/es\\\/clinica-de-familia-la-romana-somos-familia\\\/#primaryimage\"},\"thumbnailUrl\":\"https:\\\/\\\/i0.wp.com\\\/casadecampoliving.com\\\/wp-content\\\/uploads\\\/2022\\\/10\\\/Personal_Clinica-de-Familia_2013-c-1.jpg?fit=650%2C311&ssl=1\",\"keywords\":[\"clinica de familia @es\",\"Clinica de Familia la Romana @es\",\"La Romana @es\",\"vih\"],\"articleSection\":[\"Casa de Campo Living @es\",\"Deportes\",\"Destacados\",\"Estilo de Vida\",\"Fundaciones\",\"La Romana @es\",\"M\u00e1s all\u00e1 de Casa\",\"Noticias Locales\",\"Salud\"],\"inLanguage\":\"es\"},{\"@type\":\"WebPage\",\"@id\":\"https:\\\/\\\/casadecampoliving.com\\\/es\\\/clinica-de-familia-la-romana-somos-familia\\\/\",\"url\":\"https:\\\/\\\/casadecampoliving.com\\\/es\\\/clinica-de-familia-la-romana-somos-familia\\\/\",\"name\":\"Cl\u00ednica de Familia La Romana: Somos Familia | Casa de Campo Living\",\"isPartOf\":{\"@id\":\"https:\\\/\\\/casadecampoliving.com\\\/es\\\/#website\"},\"primaryImageOfPage\":{\"@id\":\"https:\\\/\\\/casadecampoliving.com\\\/es\\\/clinica-de-familia-la-romana-somos-familia\\\/#primaryimage\"},\"image\":{\"@id\":\"https:\\\/\\\/casadecampoliving.com\\\/es\\\/clinica-de-familia-la-romana-somos-familia\\\/#primaryimage\"},\"thumbnailUrl\":\"https:\\\/\\\/i0.wp.com\\\/casadecampoliving.com\\\/wp-content\\\/uploads\\\/2022\\\/10\\\/Personal_Clinica-de-Familia_2013-c-1.jpg?fit=650%2C311&ssl=1\",\"datePublished\":\"2014-02-26T04:00:00+00:00\",\"dateModified\":\"2022-10-21T22:56:06+00:00\",\"description\":\"La Cl\u00ednica de Familia es una organizaci\u00f3n comprensiva que brinda servicios de salud a la comunidad de La Romana, la cual dirige una de las cl\u00ednicas m\u00e1s\",\"breadcrumb\":{\"@id\":\"https:\\\/\\\/casadecampoliving.com\\\/es\\\/clinica-de-familia-la-romana-somos-familia\\\/#breadcrumb\"},\"inLanguage\":\"es\",\"potentialAction\":[{\"@type\":\"ReadAction\",\"target\":[\"https:\\\/\\\/casadecampoliving.com\\\/es\\\/clinica-de-familia-la-romana-somos-familia\\\/\"]}]},{\"@type\":\"ImageObject\",\"inLanguage\":\"es\",\"@id\":\"https:\\\/\\\/casadecampoliving.com\\\/es\\\/clinica-de-familia-la-romana-somos-familia\\\/#primaryimage\",\"url\":\"https:\\\/\\\/i0.wp.com\\\/casadecampoliving.com\\\/wp-content\\\/uploads\\\/2022\\\/10\\\/Personal_Clinica-de-Familia_2013-c-1.jpg?fit=650%2C311&ssl=1\",\"contentUrl\":\"https:\\\/\\\/i0.wp.com\\\/casadecampoliving.com\\\/wp-content\\\/uploads\\\/2022\\\/10\\\/Personal_Clinica-de-Familia_2013-c-1.jpg?fit=650%2C311&ssl=1\",\"width\":650,\"height\":311},{\"@type\":\"BreadcrumbList\",\"@id\":\"https:\\\/\\\/casadecampoliving.com\\\/es\\\/clinica-de-familia-la-romana-somos-familia\\\/#breadcrumb\",\"itemListElement\":[{\"@type\":\"ListItem\",\"position\":1,\"name\":\"Home\",\"item\":\"https:\\\/\\\/casadecampoliving.com\\\/es\\\/\"},{\"@type\":\"ListItem\",\"position\":2,\"name\":\"Cl\u00ednica de Familia La Romana: Somos Familia\"}]},{\"@type\":\"WebSite\",\"@id\":\"https:\\\/\\\/casadecampoliving.com\\\/es\\\/#website\",\"url\":\"https:\\\/\\\/casadecampoliving.com\\\/es\\\/\",\"name\":\"Casa de Campo Living\",\"description\":\"Resort community news and resources.\",\"publisher\":{\"@id\":\"https:\\\/\\\/casadecampoliving.com\\\/es\\\/#organization\"},\"potentialAction\":[{\"@type\":\"SearchAction\",\"target\":{\"@type\":\"EntryPoint\",\"urlTemplate\":\"https:\\\/\\\/casadecampoliving.com\\\/es\\\/?s={search_term_string}\"},\"query-input\":{\"@type\":\"PropertyValueSpecification\",\"valueRequired\":true,\"valueName\":\"search_term_string\"}}],\"inLanguage\":\"es\"},{\"@type\":\"Organization\",\"@id\":\"https:\\\/\\\/casadecampoliving.com\\\/es\\\/#organization\",\"name\":\"Casa de Campo Living\",\"url\":\"https:\\\/\\\/casadecampoliving.com\\\/es\\\/\",\"logo\":{\"@type\":\"ImageObject\",\"inLanguage\":\"es\",\"@id\":\"https:\\\/\\\/casadecampoliving.com\\\/es\\\/#\\\/schema\\\/logo\\\/image\\\/\",\"url\":\"https:\\\/\\\/i0.wp.com\\\/casadecampoliving.com\\\/wp-content\\\/uploads\\\/2022\\\/07\\\/CDCLivingLogo_V1-white-sized.png?fit=800%2C214&ssl=1\",\"contentUrl\":\"https:\\\/\\\/i0.wp.com\\\/casadecampoliving.com\\\/wp-content\\\/uploads\\\/2022\\\/07\\\/CDCLivingLogo_V1-white-sized.png?fit=800%2C214&ssl=1\",\"width\":800,\"height\":214,\"caption\":\"Casa de Campo Living\"},\"image\":{\"@id\":\"https:\\\/\\\/casadecampoliving.com\\\/es\\\/#\\\/schema\\\/logo\\\/image\\\/\"},\"sameAs\":[\"https:\\\/\\\/www.facebook.com\\\/casadecampoliving\",\"https:\\\/\\\/x.com\\\/cdcliving\"]},{\"@type\":\"Person\",\"@id\":\"https:\\\/\\\/casadecampoliving.com\\\/es\\\/#\\\/schema\\\/person\\\/c8efa6049510554b7d5fea078d728f72\",\"name\":\"Perkin Agramonte\",\"image\":{\"@type\":\"ImageObject\",\"inLanguage\":\"es\",\"@id\":\"https:\\\/\\\/secure.gravatar.com\\\/avatar\\\/57bfdafcae55fb83dbb79a1585a9eab7f269b7720fb0b64cb9a4e0cd2962fa10?s=96&d=mm&r=g\",\"url\":\"https:\\\/\\\/secure.gravatar.com\\\/avatar\\\/57bfdafcae55fb83dbb79a1585a9eab7f269b7720fb0b64cb9a4e0cd2962fa10?s=96&d=mm&r=g\",\"contentUrl\":\"https:\\\/\\\/secure.gravatar.com\\\/avatar\\\/57bfdafcae55fb83dbb79a1585a9eab7f269b7720fb0b64cb9a4e0cd2962fa10?s=96&d=mm&r=g\",\"caption\":\"Perkin Agramonte\"},\"url\":\"https:\\\/\\\/casadecampoliving.com\\\/es\\\/author\\\/cagramonte\\\/\"}]}<\/script>\n<!-- \/ Yoast SEO plugin. -->","yoast_head_json":{"title":"Cl\u00ednica de Familia La Romana: Somos Familia | Casa de Campo Living","description":"La Cl\u00ednica de Familia es una organizaci\u00f3n comprensiva que brinda servicios de salud a la comunidad de La Romana, la cual dirige una de las cl\u00ednicas m\u00e1s","robots":{"index":"index","follow":"follow","max-snippet":"max-snippet:-1","max-image-preview":"max-image-preview:large","max-video-preview":"max-video-preview:-1"},"canonical":"https:\/\/casadecampoliving.com\/es\/clinica-de-familia-la-romana-somos-familia\/","og_locale":"es_ES","og_type":"article","og_title":"Cl\u00ednica de Familia La Romana: Somos Familia | Casa de Campo Living","og_description":"La Cl\u00ednica de Familia es una organizaci\u00f3n comprensiva que brinda servicios de salud a la comunidad de La Romana, la cual dirige una de las cl\u00ednicas m\u00e1s","og_url":"https:\/\/casadecampoliving.com\/es\/clinica-de-familia-la-romana-somos-familia\/","og_site_name":"Casa de Campo Living","article_publisher":"https:\/\/www.facebook.com\/casadecampoliving","article_published_time":"2014-02-26T04:00:00+00:00","article_modified_time":"2022-10-21T22:56:06+00:00","og_image":[{"width":650,"height":311,"url":"https:\/\/i0.wp.com\/casadecampoliving.com\/wp-content\/uploads\/2022\/10\/Personal_Clinica-de-Familia_2013-c-1.jpg?fit=650%2C311&ssl=1","type":"image\/jpeg"}],"author":"Perkin Agramonte","twitter_card":"summary_large_image","twitter_creator":"@cdcliving","twitter_site":"@cdcliving","twitter_misc":{"Escrito por":"Perkin Agramonte","Tiempo de lectura":"2 minutos"},"schema":{"@context":"https:\/\/schema.org","@graph":[{"@type":"Article","@id":"https:\/\/casadecampoliving.com\/es\/clinica-de-familia-la-romana-somos-familia\/#article","isPartOf":{"@id":"https:\/\/casadecampoliving.com\/es\/clinica-de-familia-la-romana-somos-familia\/"},"author":{"name":"Perkin Agramonte","@id":"https:\/\/casadecampoliving.com\/es\/#\/schema\/person\/c8efa6049510554b7d5fea078d728f72"},"headline":"Cl\u00ednica de Familia La Romana: Somos Familia","datePublished":"2014-02-26T04:00:00+00:00","dateModified":"2022-10-21T22:56:06+00:00","mainEntityOfPage":{"@id":"https:\/\/casadecampoliving.com\/es\/clinica-de-familia-la-romana-somos-familia\/"},"wordCount":463,"publisher":{"@id":"https:\/\/casadecampoliving.com\/es\/#organization"},"image":{"@id":"https:\/\/casadecampoliving.com\/es\/clinica-de-familia-la-romana-somos-familia\/#primaryimage"},"thumbnailUrl":"https:\/\/i0.wp.com\/casadecampoliving.com\/wp-content\/uploads\/2022\/10\/Personal_Clinica-de-Familia_2013-c-1.jpg?fit=650%2C311&ssl=1","keywords":["clinica de familia @es","Clinica de Familia la Romana @es","La Romana @es","vih"],"articleSection":["Casa de Campo Living @es","Deportes","Destacados","Estilo de Vida","Fundaciones","La Romana @es","M\u00e1s all\u00e1 de Casa","Noticias Locales","Salud"],"inLanguage":"es"},{"@type":"WebPage","@id":"https:\/\/casadecampoliving.com\/es\/clinica-de-familia-la-romana-somos-familia\/","url":"https:\/\/casadecampoliving.com\/es\/clinica-de-familia-la-romana-somos-familia\/","name":"Cl\u00ednica de Familia La Romana: Somos Familia | Casa de Campo Living","isPartOf":{"@id":"https:\/\/casadecampoliving.com\/es\/#website"},"primaryImageOfPage":{"@id":"https:\/\/casadecampoliving.com\/es\/clinica-de-familia-la-romana-somos-familia\/#primaryimage"},"image":{"@id":"https:\/\/casadecampoliving.com\/es\/clinica-de-familia-la-romana-somos-familia\/#primaryimage"},"thumbnailUrl":"https:\/\/i0.wp.com\/casadecampoliving.com\/wp-content\/uploads\/2022\/10\/Personal_Clinica-de-Familia_2013-c-1.jpg?fit=650%2C311&ssl=1","datePublished":"2014-02-26T04:00:00+00:00","dateModified":"2022-10-21T22:56:06+00:00","description":"La Cl\u00ednica de Familia es una organizaci\u00f3n comprensiva que brinda servicios de salud a la comunidad de La Romana, la cual dirige una de las cl\u00ednicas m\u00e1s","breadcrumb":{"@id":"https:\/\/casadecampoliving.com\/es\/clinica-de-familia-la-romana-somos-familia\/#breadcrumb"},"inLanguage":"es","potentialAction":[{"@type":"ReadAction","target":["https:\/\/casadecampoliving.com\/es\/clinica-de-familia-la-romana-somos-familia\/"]}]},{"@type":"ImageObject","inLanguage":"es","@id":"https:\/\/casadecampoliving.com\/es\/clinica-de-familia-la-romana-somos-familia\/#primaryimage","url":"https:\/\/i0.wp.com\/casadecampoliving.com\/wp-content\/uploads\/2022\/10\/Personal_Clinica-de-Familia_2013-c-1.jpg?fit=650%2C311&ssl=1","contentUrl":"https:\/\/i0.wp.com\/casadecampoliving.com\/wp-content\/uploads\/2022\/10\/Personal_Clinica-de-Familia_2013-c-1.jpg?fit=650%2C311&ssl=1","width":650,"height":311},{"@type":"BreadcrumbList","@id":"https:\/\/casadecampoliving.com\/es\/clinica-de-familia-la-romana-somos-familia\/#breadcrumb","itemListElement":[{"@type":"ListItem","position":1,"name":"Home","item":"https:\/\/casadecampoliving.com\/es\/"},{"@type":"ListItem","position":2,"name":"Cl\u00ednica de Familia La Romana: Somos Familia"}]},{"@type":"WebSite","@id":"https:\/\/casadecampoliving.com\/es\/#website","url":"https:\/\/casadecampoliving.com\/es\/","name":"Casa de Campo Living","description":"Resort community news and resources.","publisher":{"@id":"https:\/\/casadecampoliving.com\/es\/#organization"},"potentialAction":[{"@type":"SearchAction","target":{"@type":"EntryPoint","urlTemplate":"https:\/\/casadecampoliving.com\/es\/?s={search_term_string}"},"query-input":{"@type":"PropertyValueSpecification","valueRequired":true,"valueName":"search_term_string"}}],"inLanguage":"es"},{"@type":"Organization","@id":"https:\/\/casadecampoliving.com\/es\/#organization","name":"Casa de Campo Living","url":"https:\/\/casadecampoliving.com\/es\/","logo":{"@type":"ImageObject","inLanguage":"es","@id":"https:\/\/casadecampoliving.com\/es\/#\/schema\/logo\/image\/","url":"https:\/\/i0.wp.com\/casadecampoliving.com\/wp-content\/uploads\/2022\/07\/CDCLivingLogo_V1-white-sized.png?fit=800%2C214&ssl=1","contentUrl":"https:\/\/i0.wp.com\/casadecampoliving.com\/wp-content\/uploads\/2022\/07\/CDCLivingLogo_V1-white-sized.png?fit=800%2C214&ssl=1","width":800,"height":214,"caption":"Casa de Campo Living"},"image":{"@id":"https:\/\/casadecampoliving.com\/es\/#\/schema\/logo\/image\/"},"sameAs":["https:\/\/www.facebook.com\/casadecampoliving","https:\/\/x.com\/cdcliving"]},{"@type":"Person","@id":"https:\/\/casadecampoliving.com\/es\/#\/schema\/person\/c8efa6049510554b7d5fea078d728f72","name":"Perkin Agramonte","image":{"@type":"ImageObject","inLanguage":"es","@id":"https:\/\/secure.gravatar.com\/avatar\/57bfdafcae55fb83dbb79a1585a9eab7f269b7720fb0b64cb9a4e0cd2962fa10?s=96&d=mm&r=g","url":"https:\/\/secure.gravatar.com\/avatar\/57bfdafcae55fb83dbb79a1585a9eab7f269b7720fb0b64cb9a4e0cd2962fa10?s=96&d=mm&r=g","contentUrl":"https:\/\/secure.gravatar.com\/avatar\/57bfdafcae55fb83dbb79a1585a9eab7f269b7720fb0b64cb9a4e0cd2962fa10?s=96&d=mm&r=g","caption":"Perkin Agramonte"},"url":"https:\/\/casadecampoliving.com\/es\/author\/cagramonte\/"}]}},"parsely":{"version":"1.1.0","canonical_url":"https:\/\/casadecampoliving.com\/es\/clinica-de-familia-la-romana-somos-familia\/","smart_links":{"inbound":0,"outbound":0},"traffic_boost_suggestions_count":0,"meta":{"@context":"https:\/\/schema.org","@type":"NewsArticle","headline":"Cl\u00ednica de Familia La Romana: Somos Familia","url":"http:\/\/casadecampoliving.com\/es\/clinica-de-familia-la-romana-somos-familia\/","mainEntityOfPage":{"@type":"WebPage","@id":"http:\/\/casadecampoliving.com\/es\/clinica-de-familia-la-romana-somos-familia\/"},"thumbnailUrl":"https:\/\/i0.wp.com\/casadecampoliving.com\/wp-content\/uploads\/2022\/10\/Personal_Clinica-de-Familia_2013-c-1.jpg?resize=150%2C150&ssl=1","image":{"@type":"ImageObject","url":"https:\/\/i0.wp.com\/casadecampoliving.com\/wp-content\/uploads\/2022\/10\/Personal_Clinica-de-Familia_2013-c-1.jpg?fit=650%2C311&ssl=1"},"articleSection":"Casa de Campo Living @es","author":[{"@type":"Person","name":"Perkin Agramonte"}],"creator":["Perkin Agramonte"],"publisher":{"@type":"Organization","name":"Casa de Campo Living","logo":"https:\/\/casadecampoliving.com\/wp-content\/uploads\/2022\/07\/CDCLivingLogo_V1-white-sized.png"},"keywords":["clinica de familia @es","clinica de familia la romana @es","la romana @es","vih"],"dateCreated":"2014-02-26T04:00:00Z","datePublished":"2014-02-26T04:00:00Z","dateModified":"2022-10-21T22:56:06Z"},"rendered":"<script type=\"application\/ld+json\" class=\"wp-parsely-metadata\">{\"@context\":\"https:\\\/\\\/schema.org\",\"@type\":\"NewsArticle\",\"headline\":\"Cl\\u00ednica de Familia La Romana: Somos Familia\",\"url\":\"http:\\\/\\\/casadecampoliving.com\\\/es\\\/clinica-de-familia-la-romana-somos-familia\\\/\",\"mainEntityOfPage\":{\"@type\":\"WebPage\",\"@id\":\"http:\\\/\\\/casadecampoliving.com\\\/es\\\/clinica-de-familia-la-romana-somos-familia\\\/\"},\"thumbnailUrl\":\"https:\\\/\\\/i0.wp.com\\\/casadecampoliving.com\\\/wp-content\\\/uploads\\\/2022\\\/10\\\/Personal_Clinica-de-Familia_2013-c-1.jpg?resize=150%2C150&ssl=1\",\"image\":{\"@type\":\"ImageObject\",\"url\":\"https:\\\/\\\/i0.wp.com\\\/casadecampoliving.com\\\/wp-content\\\/uploads\\\/2022\\\/10\\\/Personal_Clinica-de-Familia_2013-c-1.jpg?fit=650%2C311&ssl=1\"},\"articleSection\":\"Casa de Campo Living @es\",\"author\":[{\"@type\":\"Person\",\"name\":\"Perkin Agramonte\"}],\"creator\":[\"Perkin Agramonte\"],\"publisher\":{\"@type\":\"Organization\",\"name\":\"Casa de Campo Living\",\"logo\":\"https:\\\/\\\/casadecampoliving.com\\\/wp-content\\\/uploads\\\/2022\\\/07\\\/CDCLivingLogo_V1-white-sized.png\"},\"keywords\":[\"clinica de familia @es\",\"clinica de familia la romana @es\",\"la romana @es\",\"vih\"],\"dateCreated\":\"2014-02-26T04:00:00Z\",\"datePublished\":\"2014-02-26T04:00:00Z\",\"dateModified\":\"2022-10-21T22:56:06Z\"}<\/script>","tracker_url":"https:\/\/cdn.parsely.com\/keys\/casadecampoliving.com\/p.js"},"jetpack_publicize_connections":[],"jetpack_featured_media_url":"https:\/\/i0.wp.com\/casadecampoliving.com\/wp-content\/uploads\/2022\/10\/Personal_Clinica-de-Familia_2013-c-1.jpg?fit=650%2C311&ssl=1","jetpack-related-posts":[{"id":345398,"url":"https:\/\/casadecampoliving.com\/es\/visita-del-embajador-james-brewster-clinica-de-familia\/","url_meta":{"origin":343855,"position":0},"title":"Visita del Embajador James Brewster a Cl\u00ednica de Familia","author":"Perkin Agramonte","date":"19 Sep, 2014","format":false,"excerpt":"El viernes de la semana pasada, el Embajador de los Estados Unidos en la Rep\u00fablica Dominicana, James Brewster, visit\u00f3 la ciudad de La Romana, espec\u00edficamente la Cl\u00ednica de Familia, para conocer sus instalaciones y observar el buen trabajo que esta cl\u00ednica ha venido realizando en los \u00faltimos a\u00f1os. Tras su\u2026","rel":"","context":"En \u00abCasa de Campo Living @es\u00bb","block_context":{"text":"Casa de Campo Living @es","link":"https:\/\/casadecampoliving.com\/category\/casa-de-campo-living-es\/"},"img":{"alt_text":"","src":"https:\/\/i0.wp.com\/casadecampoliving.com\/wp-content\/uploads\/2022\/10\/Embajador_Clinica-de-Familia-La-Romana-scaled.jpg?fit=1200%2C900&ssl=1&resize=350%2C200","width":350,"height":200,"srcset":"https:\/\/i0.wp.com\/casadecampoliving.com\/wp-content\/uploads\/2022\/10\/Embajador_Clinica-de-Familia-La-Romana-scaled.jpg?fit=1200%2C900&ssl=1&resize=350%2C200 1x, https:\/\/i0.wp.com\/casadecampoliving.com\/wp-content\/uploads\/2022\/10\/Embajador_Clinica-de-Familia-La-Romana-scaled.jpg?fit=1200%2C900&ssl=1&resize=525%2C300 1.5x, https:\/\/i0.wp.com\/casadecampoliving.com\/wp-content\/uploads\/2022\/10\/Embajador_Clinica-de-Familia-La-Romana-scaled.jpg?fit=1200%2C900&ssl=1&resize=700%2C400 2x, https:\/\/i0.wp.com\/casadecampoliving.com\/wp-content\/uploads\/2022\/10\/Embajador_Clinica-de-Familia-La-Romana-scaled.jpg?fit=1200%2C900&ssl=1&resize=1050%2C600 3x"},"classes":[]},{"id":343353,"url":"https:\/\/casadecampoliving.com\/es\/changing-lives-stories-hope-clinica-de-familia\/","url_meta":{"origin":343855,"position":1},"title":"Cambiando vidas: Historias de f\u00e9 de Cl\u00ednica de Familia","author":"Rebecca Silvestri","date":"26 Nov, 2013","format":false,"excerpt":"La Cl\u00ednica de Familia es una comunidad comprensiva de servicios de salud en La Romana, la cual dirige una de las cl\u00ednicas m\u00e1s grandes del VI H en La Rep\u00fablica Dominicana, tambi\u00e9n con servicios de cuidados primarios, una cl\u00ednica de salud reproductiva de adolescentes, y una cl\u00ednica especializada en sexo\u2026","rel":"","context":"En \u00abCasa de Campo Living @es\u00bb","block_context":{"text":"Casa de Campo Living @es","link":"https:\/\/casadecampoliving.com\/category\/casa-de-campo-living-es\/"},"img":{"alt_text":"Clinica de familia","src":"https:\/\/i0.wp.com\/casadecampoliving.com\/wp-content\/uploads\/2022\/10\/Familia-con-apoyo-de-CF-1-1-scaled.jpg?fit=1200%2C800&ssl=1&resize=350%2C200","width":350,"height":200,"srcset":"https:\/\/i0.wp.com\/casadecampoliving.com\/wp-content\/uploads\/2022\/10\/Familia-con-apoyo-de-CF-1-1-scaled.jpg?fit=1200%2C800&ssl=1&resize=350%2C200 1x, https:\/\/i0.wp.com\/casadecampoliving.com\/wp-content\/uploads\/2022\/10\/Familia-con-apoyo-de-CF-1-1-scaled.jpg?fit=1200%2C800&ssl=1&resize=525%2C300 1.5x, https:\/\/i0.wp.com\/casadecampoliving.com\/wp-content\/uploads\/2022\/10\/Familia-con-apoyo-de-CF-1-1-scaled.jpg?fit=1200%2C800&ssl=1&resize=700%2C400 2x, https:\/\/i0.wp.com\/casadecampoliving.com\/wp-content\/uploads\/2022\/10\/Familia-con-apoyo-de-CF-1-1-scaled.jpg?fit=1200%2C800&ssl=1&resize=1050%2C600 3x"},"classes":[]},{"id":342844,"url":"https:\/\/casadecampoliving.com\/es\/introducing-el-centro-de-salud-global-en-la-clinica-de-familia-la-romana\/","url_meta":{"origin":343855,"position":2},"title":"Conozca el Centro de Salud Global en la Cl\u00ednica de Familia La Romana","author":"Rebecca Silvestri","date":"10 Sep, 2013","format":false,"excerpt":"Dentro del \u00e1rea metropolitana de La Romana, a la cual Casa de Campo pertenece, hay muchas instituciones que trabajan de una manera ardua para la comunidad. Aqu\u00ed te presentamos el Centro de Salud Global, que es parte de Cl\u00ednica de Familia en La Romana. Cl\u00ednica de Familia es una organizaci\u00f3n\u2026","rel":"","context":"En \u00abDeportes\u00bb","block_context":{"text":"Deportes","link":"https:\/\/casadecampoliving.com\/es\/category\/golf-deportes-es\/"},"img":{"alt_text":"Clinica de Familia La Romana","src":"https:\/\/i0.wp.com\/casadecampoliving.com\/wp-content\/uploads\/2022\/10\/clinica_de_familia_la_romana-3.jpg?fit=650%2C411&ssl=1&resize=350%2C200","width":350,"height":200,"srcset":"https:\/\/i0.wp.com\/casadecampoliving.com\/wp-content\/uploads\/2022\/10\/clinica_de_familia_la_romana-3.jpg?fit=650%2C411&ssl=1&resize=350%2C200 1x, https:\/\/i0.wp.com\/casadecampoliving.com\/wp-content\/uploads\/2022\/10\/clinica_de_familia_la_romana-3.jpg?fit=650%2C411&ssl=1&resize=525%2C300 1.5x"},"classes":[]},{"id":344237,"url":"https:\/\/casadecampoliving.com\/es\/mega-concierto-beneficio-de-clinica-de-familia-la-romana\/","url_meta":{"origin":343855,"position":3},"title":"Mega concierto a beneficio de Cl\u00ednica de Familia La Romana","author":"Perkin Agramonte","date":"26 Abr, 2014","format":false,"excerpt":"El viernes 30 de mayo, la comunidad de La Romana tendr\u00e1 la oportunidad de apoyar una buena causa, con un concierto de m\u00fasica cristiana que presentar\u00e1 a dos agrupaciones muy reconocidas en el pa\u00eds; Alfareros y Maranatha en beneficio de la Cl\u00ednica de Familia La Romana. Este concierto caritativo ser\u00e1\u2026","rel":"","context":"En \u00abCasa de Campo Living @es\u00bb","block_context":{"text":"Casa de Campo Living @es","link":"https:\/\/casadecampoliving.com\/category\/casa-de-campo-living-es\/"},"img":{"alt_text":"","src":"https:\/\/i0.wp.com\/casadecampoliving.com\/wp-content\/uploads\/2022\/10\/Clinica-de-Familia-Concert_header-1.jpg?fit=650%2C429&ssl=1&resize=350%2C200","width":350,"height":200,"srcset":"https:\/\/i0.wp.com\/casadecampoliving.com\/wp-content\/uploads\/2022\/10\/Clinica-de-Familia-Concert_header-1.jpg?fit=650%2C429&ssl=1&resize=350%2C200 1x, https:\/\/i0.wp.com\/casadecampoliving.com\/wp-content\/uploads\/2022\/10\/Clinica-de-Familia-Concert_header-1.jpg?fit=650%2C429&ssl=1&resize=525%2C300 1.5x"},"classes":[]},{"id":344471,"url":"https:\/\/casadecampoliving.com\/es\/clinica-familiala-romana-dia-de-las-madres\/","url_meta":{"origin":343855,"position":4},"title":"Una Celebraci\u00f3n de Madres en la Cl\u00ednica de Familia","author":"Rebecca Silvestri","date":"25 May, 2014","format":false,"excerpt":"Mayo es un mes para las madres en todas las Am\u00e9ricas. En M\u00e9xico, el D\u00eda de las Madres siempre cae el 10 de Mayo, pero en los Estados Unidos los ni\u00f1os dan regalos a sus madres el segundo domingo de Mayo. Aqu\u00ed en la Rep\u00fablica Dominicana, celebramos el D\u00eda de\u2026","rel":"","context":"En \u00abDestacados\u00bb","block_context":{"text":"Destacados","link":"https:\/\/casadecampoliving.com\/es\/category\/destacados\/"},"img":{"alt_text":"mother and baby","src":"https:\/\/i0.wp.com\/casadecampoliving.com\/wp-content\/uploads\/2022\/10\/mother_baby-1-scaled.jpg?fit=1200%2C800&ssl=1&resize=350%2C200","width":350,"height":200,"srcset":"https:\/\/i0.wp.com\/casadecampoliving.com\/wp-content\/uploads\/2022\/10\/mother_baby-1-scaled.jpg?fit=1200%2C800&ssl=1&resize=350%2C200 1x, https:\/\/i0.wp.com\/casadecampoliving.com\/wp-content\/uploads\/2022\/10\/mother_baby-1-scaled.jpg?fit=1200%2C800&ssl=1&resize=525%2C300 1.5x, https:\/\/i0.wp.com\/casadecampoliving.com\/wp-content\/uploads\/2022\/10\/mother_baby-1-scaled.jpg?fit=1200%2C800&ssl=1&resize=700%2C400 2x, https:\/\/i0.wp.com\/casadecampoliving.com\/wp-content\/uploads\/2022\/10\/mother_baby-1-scaled.jpg?fit=1200%2C800&ssl=1&resize=1050%2C600 3x"},"classes":[]},{"id":351328,"url":"https:\/\/casadecampoliving.com\/es\/success-vertical-transmission-program-clinica-de-familia\/","url_meta":{"origin":343855,"position":5},"title":"Historia de \u00e9xito del Programa de Transmisi\u00f3n Vertical","author":"Heather Lincoln","date":"3 Abr, 2017","format":false,"excerpt":"La Cl\u00ednica de Familia es una organizaci\u00f3n de servicios de salud comunitaria sin fines de lucro completa en La Romana\u00a0de\u00a0atenci\u00f3n integral, comprensiva y especializada en VIH, de medicina general, ginecolog\u00eda, obstetricia, cardiolog\u00eda, diabetes, nutrici\u00f3n, planificaci\u00f3n familiar, laboratorio, sonograf\u00eda y psicolog\u00eda a personas de escasos recursos de la comunidad de La\u2026","rel":"","context":"En \u00abFundaciones\u00bb","block_context":{"text":"Fundaciones","link":"https:\/\/casadecampoliving.com\/es\/category\/fundaciones-es\/"},"img":{"alt_text":"Clinica de Familia La Romana","src":"https:\/\/i0.wp.com\/casadecampoliving.com\/wp-content\/uploads\/2022\/10\/Clinica_de_Familia_La_Romana02-e1490972220260.jpg?fit=1000%2C500&ssl=1&resize=350%2C200","width":350,"height":200,"srcset":"https:\/\/i0.wp.com\/casadecampoliving.com\/wp-content\/uploads\/2022\/10\/Clinica_de_Familia_La_Romana02-e1490972220260.jpg?fit=1000%2C500&ssl=1&resize=350%2C200 1x, https:\/\/i0.wp.com\/casadecampoliving.com\/wp-content\/uploads\/2022\/10\/Clinica_de_Familia_La_Romana02-e1490972220260.jpg?fit=1000%2C500&ssl=1&resize=525%2C300 1.5x, https:\/\/i0.wp.com\/casadecampoliving.com\/wp-content\/uploads\/2022\/10\/Clinica_de_Familia_La_Romana02-e1490972220260.jpg?fit=1000%2C500&ssl=1&resize=700%2C400 2x"},"classes":[]}],"jetpack_sharing_enabled":true,"_links":{"self":[{"href":"https:\/\/casadecampoliving.com\/es\/wp-json\/wp\/v2\/posts\/343855","targetHints":{"allow":["GET"]}}],"collection":[{"href":"https:\/\/casadecampoliving.com\/es\/wp-json\/wp\/v2\/posts"}],"about":[{"href":"https:\/\/casadecampoliving.com\/es\/wp-json\/wp\/v2\/types\/post"}],"author":[{"embeddable":true,"href":"https:\/\/casadecampoliving.com\/es\/wp-json\/wp\/v2\/users\/1097"}],"replies":[{"embeddable":true,"href":"https:\/\/casadecampoliving.com\/es\/wp-json\/wp\/v2\/comments?post=343855"}],"version-history":[{"count":1,"href":"https:\/\/casadecampoliving.com\/es\/wp-json\/wp\/v2\/posts\/343855\/revisions"}],"predecessor-version":[{"id":343856,"href":"https:\/\/casadecampoliving.com\/es\/wp-json\/wp\/v2\/posts\/343855\/revisions\/343856"}],"wp:featuredmedia":[{"embeddable":true,"href":"https:\/\/casadecampoliving.com\/es\/wp-json\/wp\/v2\/media\/264389"}],"wp:attachment":[{"href":"https:\/\/casadecampoliving.com\/es\/wp-json\/wp\/v2\/media?parent=343855"}],"wp:term":[{"taxonomy":"category","embeddable":true,"href":"https:\/\/casadecampoliving.com\/es\/wp-json\/wp\/v2\/categories?post=343855"},{"taxonomy":"post_tag","embeddable":true,"href":"https:\/\/casadecampoliving.com\/es\/wp-json\/wp\/v2\/tags?post=343855"},{"taxonomy":"newspack_spnsrs_tax","embeddable":true,"href":"https:\/\/casadecampoliving.com\/es\/wp-json\/wp\/v2\/newspack_spnsrs_tax?post=343855"}],"curies":[{"name":"wp","href":"https:\/\/api.w.org\/{rel}","templated":true}]}}