{"id":343770,"date":"2014-01-28T00:00:00","date_gmt":"2014-01-28T04:00:00","guid":{"rendered":"https:\/\/casadecampoliving.com\/arte-chavon-2014-su-oportunidad-de-invertir-en-el-arte-del-futuro\/"},"modified":"2022-10-21T18:52:12","modified_gmt":"2022-10-21T22:52:12","slug":"arte-chavon-2014-su-oportunidad-de-invertir-en-el-arte-del-futuro","status":"publish","type":"post","link":"https:\/\/casadecampoliving.com\/es\/arte-chavon-2014-su-oportunidad-de-invertir-en-el-arte-del-futuro\/","title":{"rendered":"Arte Chav\u00f3n 2014 &#8211; su oportunidad de invertir en el futuro del arte dominicano"},"content":{"rendered":"<div class=\"wp-block-image\">\n<figure class=\"aligncenter is-resized\"><img loading=\"lazy\" decoding=\"async\" src=\"https:\/\/i0.wp.com\/casadecampoliving.com\/wp-content\/uploads\/2022\/10\/art_chavon_altos_de_chavon_1.jpg?resize=650%2C500&amp;ssl=1\" alt=\"Art Chavon 2014 Altos de Chavon\" class=\"wp-image-84979\" height=\"500\" width=\"650\"\/><\/figure>\n<\/div>\n\n\n<p>Sea usted un apasionado del arte o no, el evento Arte Chav\u00f3n es una ocasi\u00f3n a la cual tiene que asistir.<\/p>\n\n\n<div class=\"wp-block-image\">\n<figure class=\"alignright is-resized\"><img loading=\"lazy\" decoding=\"async\" src=\"https:\/\/i0.wp.com\/casadecampoliving.com\/wp-content\/uploads\/2022\/10\/art_chavon1.jpg?resize=250%2C406&amp;ssl=1\" alt=\"art chavon\" class=\"wp-image-66316\" title=\"art_chavon\" height=\"406\" width=\"250\"\/><\/figure>\n<\/div>\n\n\n<p>Programado para ser celebrada el jueves 27 de Febrero, Arte Chav\u00f3n 2014 no solo es su oportunidad para aportar a una buena causa \u2013 La Fundaci\u00f3n del Centro Cultural de Altos de Chav\u00f3n, sino tambi\u00e9n para invertir en el futuro del arte y dise\u00f1o dominicano.<\/p>\n\n\n\n<p>Tomando lugar por segunda vez en la Galer\u00eda de Altos de Chav\u00f3n, el evento no solo recauda fondos para la escuela \u2013 quien ofrece muchas becas a mucho estudiantes talentosos y merecedores artistas, sino tambi\u00e9n es fant\u00e1stico para mostrar todos los excelentes trabajos que han logrado estos estudiantes en Altos de Chav\u00f3n.<\/p>\n\n\n\n<p>Durante la reuni\u00f3n se puede esperar una galer\u00eda completa de trabajos de arte con un toque sofisticado y \u00fanico \u2013 todos creados por estudiantes del pasado y actuales de Altos de Chav\u00f3n School of Art and Design. Todas estas piezas ser\u00e1n \u2013 por lo tanto, la oportunidad de USTED invertir en el futuro del arte y dise\u00f1o Dominicano.<\/p>\n\n\n\n<p>Habiendo asistido a la actividad del a\u00f1o pasado, de todo coraz\u00f3n les recomiendo que asistan, porque la van a pasar de maravilla, adem\u00e1s es una estupenda ocasi\u00f3n para conocer los estudiantes de la escuela de Chav\u00f3n un poco m\u00e1s .<\/p>\n\n\n<div class=\"wp-block-image\">\n<figure class=\"aligncenter is-resized\"><img loading=\"lazy\" decoding=\"async\" src=\"https:\/\/i0.wp.com\/casadecampoliving.com\/wp-content\/uploads\/2022\/10\/art_chavon.jpg?resize=650%2C381&amp;ssl=1\" alt=\"art chavon\" class=\"wp-image-66315\" title=\"art_chavon\" height=\"381\" width=\"650\"\/><\/figure>\n<\/div>\n\n\n<p>La fundaci\u00f3n es una organizaci\u00f3n sin fines de lucro de los Estado Unidos, y los ingresos van principalmente para apoyar a los estudiantes incapaces de pagar en la Escuela de Dise\u00f1o. Como alojamiento y matr\u00edcula por un a\u00f1o de un estudiante Dominicano US$3,700 \u2013 los fondos les ayudar\u00e1 a muchos estudiantes talentosos y calificados.<\/p>\n\n\n\n<p><strong>\u00a1Guarde la fecha! <a href=\"https:\/\/casadecampoliving.com\/es\/art-chavon-2013-una-noche-de-gala-en-la-galeria-de-altos-de-chavon-por-stephen-kaplan\/\">Por favor haga clic&nbsp;aqu\u00ed&nbsp;para ver las fotos del evento del a\u00f1o pasado.<\/a><\/strong><\/p>\n\n\n\n<blockquote><p><strong>Arte Chav\u00f3n 2014<\/strong><\/p><figure><img decoding=\"async\" loading=\"lazy\" class=\"aligncenter  wp-image-84981\" alt=\"Art Chavon Altos de Chavon\" src=\"https:\/\/i0.wp.com\/casadecampoliving.com\/wp-content\/uploads\/2022\/10\/art_chavon_altos_de_chavon_4.jpg?resize=585%2C450&amp;ssl=1\" width=\"585\" height=\"450\"><\/figure><p style=\"text-align: center;\"><\/p><p><strong>Cuando:<\/strong>&nbsp;Jueves 27 de febrero, 6pm \u2013 9m<\/p><p><strong>Donde:<\/strong>&nbsp;La Galer\u00eda, Altos de Chav\u00f3n<\/p><p><strong>Boletas:<\/strong>&nbsp;US $50 p\/p o RD $2,200 p\/p<\/p><p><strong>Contactos:&nbsp;<\/strong>Martha Victoria, (<a href=\"tel:809-523-8470\" target=\"_blank\" rel=\"noopener\">809) 523-8470<\/a>\/8011 (entre 8:30am \u2013 4:30 pm),&nbsp;<a href=\"mailto:mvictoria2302@hotmail.com\" target=\"_blank\" rel=\"noopener\">mvictoria2302@hotmail.com<\/a><\/p><\/blockquote>\n","protected":false},"excerpt":{"rendered":"<p>Sea usted un apasionado del arte o no, el evento Arte Chav\u00f3n es una ocasi\u00f3n a la cual tiene que asistir. Programado para ser celebrada el jueves 27 de Febrero, Arte Chav\u00f3n 2014 no solo es su oportunidad para aportar a una buena causa \u2013 La Fundaci\u00f3n del Centro Cultural de Altos de Chav\u00f3n, sino [&hellip;]<\/p>\n","protected":false},"author":614,"featured_media":260328,"comment_status":"closed","ping_status":"closed","sticky":false,"template":"","format":"standard","meta":{"newspack_ads_suppress_ads":false,"newspack_popups_has_disabled_popups":false,"newspack_sponsor_sponsorship_scope":"","newspack_sponsor_native_byline_display":"inherit","newspack_sponsor_native_category_display":"inherit","newspack_sponsor_underwriter_style":"inherit","newspack_sponsor_underwriter_placement":"inherit","_newspack_byline_active":false,"_newspack_byline":"","newspack_hide_updated_date":false,"newspack_show_updated_date":false,"newspack_content_restriction_is_exempt":false,"newspack_featured_image_position":"","newspack_post_subtitle":"","newspack_article_summary_title":"Overview:","newspack_article_summary":"","_jetpack_memberships_contains_paid_content":false,"footnotes":"","jetpack_publicize_message":"","jetpack_publicize_feature_enabled":true,"jetpack_social_post_already_shared":false,"jetpack_social_options":{"image_generator_settings":{"template":"highway","default_image_id":0,"font":"","enabled":false},"version":2},"_wpas_customize_per_network":false},"categories":[26819,26823,26936,2524,2522,2514,14625,14627],"tags":[15387,3926,2575,2646,2648],"newspack_spnsrs_tax":[],"class_list":["post-343770","post","type-post","status-publish","format-standard","has-post-thumbnail","hentry","category-altos-de-chavon-es","category-arte-y-cultura","category-casa-de-campo-living-es","category-destacados","category-eventos-es","category-fundaciones-es","category-noticias-locales","category-proximamente","tag-altos-de-chavon-es","tag-altos-de-chavones","tag-comunidad-de-casa-de-campo","tag-escuela-de-arte-y-diseno-de-altos-de-chavon","tag-galeria-de-arte-de-altos-de-chavon","entry"],"yoast_head":"<!-- This site is optimized with the Yoast SEO plugin v27.4 - https:\/\/yoast.com\/product\/yoast-seo-wordpress\/ -->\n<title>Arte Chav\u00f3n 2014 - su oportunidad de invertir en el futuro del arte dominicano | Casa de Campo Living<\/title>\n<meta name=\"description\" content=\"Sea usted un apasionado del arte o no, el evento Arte Chav\u00f3n es una ocasi\u00f3n a la cual tiene que asistir. Programado para ser celebrada el jueves 27 de\" \/>\n<meta name=\"robots\" content=\"index, follow, max-snippet:-1, max-image-preview:large, max-video-preview:-1\" \/>\n<link rel=\"canonical\" href=\"https:\/\/casadecampoliving.com\/es\/arte-chavon-2014-su-oportunidad-de-invertir-en-el-arte-del-futuro\/\" \/>\n<meta property=\"og:locale\" content=\"es_ES\" \/>\n<meta property=\"og:type\" content=\"article\" \/>\n<meta property=\"og:title\" content=\"Arte Chav\u00f3n 2014 - su oportunidad de invertir en el futuro del arte dominicano | Casa de Campo Living\" \/>\n<meta property=\"og:description\" content=\"Sea usted un apasionado del arte o no, el evento Arte Chav\u00f3n es una ocasi\u00f3n a la cual tiene que asistir. Programado para ser celebrada el jueves 27 de\" \/>\n<meta property=\"og:url\" content=\"https:\/\/casadecampoliving.com\/es\/arte-chavon-2014-su-oportunidad-de-invertir-en-el-arte-del-futuro\/\" \/>\n<meta property=\"og:site_name\" content=\"Casa de Campo Living\" \/>\n<meta property=\"article:publisher\" content=\"https:\/\/www.facebook.com\/casadecampoliving\" \/>\n<meta property=\"article:published_time\" content=\"2014-01-28T04:00:00+00:00\" \/>\n<meta property=\"article:modified_time\" content=\"2022-10-21T22:52:12+00:00\" \/>\n<meta property=\"og:image\" content=\"https:\/\/i0.wp.com\/casadecampoliving.com\/wp-content\/uploads\/2022\/10\/art_chavon_altos_de_chavon_1-1.jpg?fit=650%2C500&ssl=1\" \/>\n\t<meta property=\"og:image:width\" content=\"650\" \/>\n\t<meta property=\"og:image:height\" content=\"500\" \/>\n\t<meta property=\"og:image:type\" content=\"image\/jpeg\" \/>\n<meta name=\"author\" content=\"Genesis Perdomo\" \/>\n<meta name=\"twitter:card\" content=\"summary_large_image\" \/>\n<meta name=\"twitter:creator\" content=\"@cdcliving\" \/>\n<meta name=\"twitter:site\" content=\"@cdcliving\" \/>\n<meta name=\"twitter:label1\" content=\"Escrito por\" \/>\n\t<meta name=\"twitter:data1\" content=\"Genesis Perdomo\" \/>\n\t<meta name=\"twitter:label2\" content=\"Tiempo de lectura\" \/>\n\t<meta name=\"twitter:data2\" content=\"2 minutos\" \/>\n<script type=\"application\/ld+json\" class=\"yoast-schema-graph\">{\"@context\":\"https:\\\/\\\/schema.org\",\"@graph\":[{\"@type\":\"Article\",\"@id\":\"https:\\\/\\\/casadecampoliving.com\\\/es\\\/arte-chavon-2014-su-oportunidad-de-invertir-en-el-arte-del-futuro\\\/#article\",\"isPartOf\":{\"@id\":\"https:\\\/\\\/casadecampoliving.com\\\/es\\\/arte-chavon-2014-su-oportunidad-de-invertir-en-el-arte-del-futuro\\\/\"},\"author\":{\"name\":\"Genesis Perdomo\",\"@id\":\"https:\\\/\\\/casadecampoliving.com\\\/es\\\/#\\\/schema\\\/person\\\/242cf7c69a59395bbe7de24405601b76\"},\"headline\":\"Arte Chav\u00f3n 2014 &#8211; su oportunidad de invertir en el futuro del arte dominicano\",\"datePublished\":\"2014-01-28T04:00:00+00:00\",\"dateModified\":\"2022-10-21T22:52:12+00:00\",\"mainEntityOfPage\":{\"@id\":\"https:\\\/\\\/casadecampoliving.com\\\/es\\\/arte-chavon-2014-su-oportunidad-de-invertir-en-el-arte-del-futuro\\\/\"},\"wordCount\":364,\"publisher\":{\"@id\":\"https:\\\/\\\/casadecampoliving.com\\\/es\\\/#organization\"},\"image\":{\"@id\":\"https:\\\/\\\/casadecampoliving.com\\\/es\\\/arte-chavon-2014-su-oportunidad-de-invertir-en-el-arte-del-futuro\\\/#primaryimage\"},\"thumbnailUrl\":\"https:\\\/\\\/i0.wp.com\\\/casadecampoliving.com\\\/wp-content\\\/uploads\\\/2022\\\/10\\\/art_chavon_altos_de_chavon_1-1.jpg?fit=650%2C500&ssl=1\",\"keywords\":[\"Altos de Chavon\",\"altos de chavon@es\",\"comunidad de casa de campo\",\"escuela de arte y diseno de altos de chavon\",\"galeria de arte de altos de chavon\"],\"articleSection\":[\"Altos de Chavon @es\",\"Arte y cultura\",\"Casa de Campo Living @es\",\"Destacados\",\"Eventos\",\"Fundaciones\",\"Noticias Locales\",\"Proximamente\"],\"inLanguage\":\"es\"},{\"@type\":\"WebPage\",\"@id\":\"https:\\\/\\\/casadecampoliving.com\\\/es\\\/arte-chavon-2014-su-oportunidad-de-invertir-en-el-arte-del-futuro\\\/\",\"url\":\"https:\\\/\\\/casadecampoliving.com\\\/es\\\/arte-chavon-2014-su-oportunidad-de-invertir-en-el-arte-del-futuro\\\/\",\"name\":\"Arte Chav\u00f3n 2014 - su oportunidad de invertir en el futuro del arte dominicano | Casa de Campo Living\",\"isPartOf\":{\"@id\":\"https:\\\/\\\/casadecampoliving.com\\\/es\\\/#website\"},\"primaryImageOfPage\":{\"@id\":\"https:\\\/\\\/casadecampoliving.com\\\/es\\\/arte-chavon-2014-su-oportunidad-de-invertir-en-el-arte-del-futuro\\\/#primaryimage\"},\"image\":{\"@id\":\"https:\\\/\\\/casadecampoliving.com\\\/es\\\/arte-chavon-2014-su-oportunidad-de-invertir-en-el-arte-del-futuro\\\/#primaryimage\"},\"thumbnailUrl\":\"https:\\\/\\\/i0.wp.com\\\/casadecampoliving.com\\\/wp-content\\\/uploads\\\/2022\\\/10\\\/art_chavon_altos_de_chavon_1-1.jpg?fit=650%2C500&ssl=1\",\"datePublished\":\"2014-01-28T04:00:00+00:00\",\"dateModified\":\"2022-10-21T22:52:12+00:00\",\"description\":\"Sea usted un apasionado del arte o no, el evento Arte Chav\u00f3n es una ocasi\u00f3n a la cual tiene que asistir. Programado para ser celebrada el jueves 27 de\",\"breadcrumb\":{\"@id\":\"https:\\\/\\\/casadecampoliving.com\\\/es\\\/arte-chavon-2014-su-oportunidad-de-invertir-en-el-arte-del-futuro\\\/#breadcrumb\"},\"inLanguage\":\"es\",\"potentialAction\":[{\"@type\":\"ReadAction\",\"target\":[\"https:\\\/\\\/casadecampoliving.com\\\/es\\\/arte-chavon-2014-su-oportunidad-de-invertir-en-el-arte-del-futuro\\\/\"]}]},{\"@type\":\"ImageObject\",\"inLanguage\":\"es\",\"@id\":\"https:\\\/\\\/casadecampoliving.com\\\/es\\\/arte-chavon-2014-su-oportunidad-de-invertir-en-el-arte-del-futuro\\\/#primaryimage\",\"url\":\"https:\\\/\\\/i0.wp.com\\\/casadecampoliving.com\\\/wp-content\\\/uploads\\\/2022\\\/10\\\/art_chavon_altos_de_chavon_1-1.jpg?fit=650%2C500&ssl=1\",\"contentUrl\":\"https:\\\/\\\/i0.wp.com\\\/casadecampoliving.com\\\/wp-content\\\/uploads\\\/2022\\\/10\\\/art_chavon_altos_de_chavon_1-1.jpg?fit=650%2C500&ssl=1\",\"width\":650,\"height\":500,\"caption\":\"Art Chavon 2014 Altos de Chavon\"},{\"@type\":\"BreadcrumbList\",\"@id\":\"https:\\\/\\\/casadecampoliving.com\\\/es\\\/arte-chavon-2014-su-oportunidad-de-invertir-en-el-arte-del-futuro\\\/#breadcrumb\",\"itemListElement\":[{\"@type\":\"ListItem\",\"position\":1,\"name\":\"Home\",\"item\":\"https:\\\/\\\/casadecampoliving.com\\\/es\\\/\"},{\"@type\":\"ListItem\",\"position\":2,\"name\":\"Arte Chav\u00f3n 2014 &#8211; su oportunidad de invertir en el futuro del arte dominicano\"}]},{\"@type\":\"WebSite\",\"@id\":\"https:\\\/\\\/casadecampoliving.com\\\/es\\\/#website\",\"url\":\"https:\\\/\\\/casadecampoliving.com\\\/es\\\/\",\"name\":\"Casa de Campo Living\",\"description\":\"Resort community news and resources.\",\"publisher\":{\"@id\":\"https:\\\/\\\/casadecampoliving.com\\\/es\\\/#organization\"},\"potentialAction\":[{\"@type\":\"SearchAction\",\"target\":{\"@type\":\"EntryPoint\",\"urlTemplate\":\"https:\\\/\\\/casadecampoliving.com\\\/es\\\/?s={search_term_string}\"},\"query-input\":{\"@type\":\"PropertyValueSpecification\",\"valueRequired\":true,\"valueName\":\"search_term_string\"}}],\"inLanguage\":\"es\"},{\"@type\":\"Organization\",\"@id\":\"https:\\\/\\\/casadecampoliving.com\\\/es\\\/#organization\",\"name\":\"Casa de Campo Living\",\"url\":\"https:\\\/\\\/casadecampoliving.com\\\/es\\\/\",\"logo\":{\"@type\":\"ImageObject\",\"inLanguage\":\"es\",\"@id\":\"https:\\\/\\\/casadecampoliving.com\\\/es\\\/#\\\/schema\\\/logo\\\/image\\\/\",\"url\":\"https:\\\/\\\/i0.wp.com\\\/casadecampoliving.com\\\/wp-content\\\/uploads\\\/2022\\\/07\\\/CDCLivingLogo_V1-white-sized.png?fit=800%2C214&ssl=1\",\"contentUrl\":\"https:\\\/\\\/i0.wp.com\\\/casadecampoliving.com\\\/wp-content\\\/uploads\\\/2022\\\/07\\\/CDCLivingLogo_V1-white-sized.png?fit=800%2C214&ssl=1\",\"width\":800,\"height\":214,\"caption\":\"Casa de Campo Living\"},\"image\":{\"@id\":\"https:\\\/\\\/casadecampoliving.com\\\/es\\\/#\\\/schema\\\/logo\\\/image\\\/\"},\"sameAs\":[\"https:\\\/\\\/www.facebook.com\\\/casadecampoliving\",\"https:\\\/\\\/x.com\\\/cdcliving\"]},{\"@type\":\"Person\",\"@id\":\"https:\\\/\\\/casadecampoliving.com\\\/es\\\/#\\\/schema\\\/person\\\/242cf7c69a59395bbe7de24405601b76\",\"name\":\"Genesis Perdomo\",\"image\":{\"@type\":\"ImageObject\",\"inLanguage\":\"es\",\"@id\":\"https:\\\/\\\/secure.gravatar.com\\\/avatar\\\/1e89145b3cf01cf3b3fdf1d3d2e3c53f60c2978235045ae44df10fb8c79924c1?s=96&d=mm&r=g\",\"url\":\"https:\\\/\\\/secure.gravatar.com\\\/avatar\\\/1e89145b3cf01cf3b3fdf1d3d2e3c53f60c2978235045ae44df10fb8c79924c1?s=96&d=mm&r=g\",\"contentUrl\":\"https:\\\/\\\/secure.gravatar.com\\\/avatar\\\/1e89145b3cf01cf3b3fdf1d3d2e3c53f60c2978235045ae44df10fb8c79924c1?s=96&d=mm&r=g\",\"caption\":\"Genesis Perdomo\"},\"url\":\"https:\\\/\\\/casadecampoliving.com\\\/es\\\/author\\\/gperdomo\\\/\"}]}<\/script>\n<!-- \/ Yoast SEO plugin. -->","yoast_head_json":{"title":"Arte Chav\u00f3n 2014 - su oportunidad de invertir en el futuro del arte dominicano | Casa de Campo Living","description":"Sea usted un apasionado del arte o no, el evento Arte Chav\u00f3n es una ocasi\u00f3n a la cual tiene que asistir. Programado para ser celebrada el jueves 27 de","robots":{"index":"index","follow":"follow","max-snippet":"max-snippet:-1","max-image-preview":"max-image-preview:large","max-video-preview":"max-video-preview:-1"},"canonical":"https:\/\/casadecampoliving.com\/es\/arte-chavon-2014-su-oportunidad-de-invertir-en-el-arte-del-futuro\/","og_locale":"es_ES","og_type":"article","og_title":"Arte Chav\u00f3n 2014 - su oportunidad de invertir en el futuro del arte dominicano | Casa de Campo Living","og_description":"Sea usted un apasionado del arte o no, el evento Arte Chav\u00f3n es una ocasi\u00f3n a la cual tiene que asistir. Programado para ser celebrada el jueves 27 de","og_url":"https:\/\/casadecampoliving.com\/es\/arte-chavon-2014-su-oportunidad-de-invertir-en-el-arte-del-futuro\/","og_site_name":"Casa de Campo Living","article_publisher":"https:\/\/www.facebook.com\/casadecampoliving","article_published_time":"2014-01-28T04:00:00+00:00","article_modified_time":"2022-10-21T22:52:12+00:00","og_image":[{"width":650,"height":500,"url":"https:\/\/i0.wp.com\/casadecampoliving.com\/wp-content\/uploads\/2022\/10\/art_chavon_altos_de_chavon_1-1.jpg?fit=650%2C500&ssl=1","type":"image\/jpeg"}],"author":"Genesis Perdomo","twitter_card":"summary_large_image","twitter_creator":"@cdcliving","twitter_site":"@cdcliving","twitter_misc":{"Escrito por":"Genesis Perdomo","Tiempo de lectura":"2 minutos"},"schema":{"@context":"https:\/\/schema.org","@graph":[{"@type":"Article","@id":"https:\/\/casadecampoliving.com\/es\/arte-chavon-2014-su-oportunidad-de-invertir-en-el-arte-del-futuro\/#article","isPartOf":{"@id":"https:\/\/casadecampoliving.com\/es\/arte-chavon-2014-su-oportunidad-de-invertir-en-el-arte-del-futuro\/"},"author":{"name":"Genesis Perdomo","@id":"https:\/\/casadecampoliving.com\/es\/#\/schema\/person\/242cf7c69a59395bbe7de24405601b76"},"headline":"Arte Chav\u00f3n 2014 &#8211; su oportunidad de invertir en el futuro del arte dominicano","datePublished":"2014-01-28T04:00:00+00:00","dateModified":"2022-10-21T22:52:12+00:00","mainEntityOfPage":{"@id":"https:\/\/casadecampoliving.com\/es\/arte-chavon-2014-su-oportunidad-de-invertir-en-el-arte-del-futuro\/"},"wordCount":364,"publisher":{"@id":"https:\/\/casadecampoliving.com\/es\/#organization"},"image":{"@id":"https:\/\/casadecampoliving.com\/es\/arte-chavon-2014-su-oportunidad-de-invertir-en-el-arte-del-futuro\/#primaryimage"},"thumbnailUrl":"https:\/\/i0.wp.com\/casadecampoliving.com\/wp-content\/uploads\/2022\/10\/art_chavon_altos_de_chavon_1-1.jpg?fit=650%2C500&ssl=1","keywords":["Altos de Chavon","altos de chavon@es","comunidad de casa de campo","escuela de arte y diseno de altos de chavon","galeria de arte de altos de chavon"],"articleSection":["Altos de Chavon @es","Arte y cultura","Casa de Campo Living @es","Destacados","Eventos","Fundaciones","Noticias Locales","Proximamente"],"inLanguage":"es"},{"@type":"WebPage","@id":"https:\/\/casadecampoliving.com\/es\/arte-chavon-2014-su-oportunidad-de-invertir-en-el-arte-del-futuro\/","url":"https:\/\/casadecampoliving.com\/es\/arte-chavon-2014-su-oportunidad-de-invertir-en-el-arte-del-futuro\/","name":"Arte Chav\u00f3n 2014 - su oportunidad de invertir en el futuro del arte dominicano | Casa de Campo Living","isPartOf":{"@id":"https:\/\/casadecampoliving.com\/es\/#website"},"primaryImageOfPage":{"@id":"https:\/\/casadecampoliving.com\/es\/arte-chavon-2014-su-oportunidad-de-invertir-en-el-arte-del-futuro\/#primaryimage"},"image":{"@id":"https:\/\/casadecampoliving.com\/es\/arte-chavon-2014-su-oportunidad-de-invertir-en-el-arte-del-futuro\/#primaryimage"},"thumbnailUrl":"https:\/\/i0.wp.com\/casadecampoliving.com\/wp-content\/uploads\/2022\/10\/art_chavon_altos_de_chavon_1-1.jpg?fit=650%2C500&ssl=1","datePublished":"2014-01-28T04:00:00+00:00","dateModified":"2022-10-21T22:52:12+00:00","description":"Sea usted un apasionado del arte o no, el evento Arte Chav\u00f3n es una ocasi\u00f3n a la cual tiene que asistir. Programado para ser celebrada el jueves 27 de","breadcrumb":{"@id":"https:\/\/casadecampoliving.com\/es\/arte-chavon-2014-su-oportunidad-de-invertir-en-el-arte-del-futuro\/#breadcrumb"},"inLanguage":"es","potentialAction":[{"@type":"ReadAction","target":["https:\/\/casadecampoliving.com\/es\/arte-chavon-2014-su-oportunidad-de-invertir-en-el-arte-del-futuro\/"]}]},{"@type":"ImageObject","inLanguage":"es","@id":"https:\/\/casadecampoliving.com\/es\/arte-chavon-2014-su-oportunidad-de-invertir-en-el-arte-del-futuro\/#primaryimage","url":"https:\/\/i0.wp.com\/casadecampoliving.com\/wp-content\/uploads\/2022\/10\/art_chavon_altos_de_chavon_1-1.jpg?fit=650%2C500&ssl=1","contentUrl":"https:\/\/i0.wp.com\/casadecampoliving.com\/wp-content\/uploads\/2022\/10\/art_chavon_altos_de_chavon_1-1.jpg?fit=650%2C500&ssl=1","width":650,"height":500,"caption":"Art Chavon 2014 Altos de Chavon"},{"@type":"BreadcrumbList","@id":"https:\/\/casadecampoliving.com\/es\/arte-chavon-2014-su-oportunidad-de-invertir-en-el-arte-del-futuro\/#breadcrumb","itemListElement":[{"@type":"ListItem","position":1,"name":"Home","item":"https:\/\/casadecampoliving.com\/es\/"},{"@type":"ListItem","position":2,"name":"Arte Chav\u00f3n 2014 &#8211; su oportunidad de invertir en el futuro del arte dominicano"}]},{"@type":"WebSite","@id":"https:\/\/casadecampoliving.com\/es\/#website","url":"https:\/\/casadecampoliving.com\/es\/","name":"Casa de Campo Living","description":"Resort community news and resources.","publisher":{"@id":"https:\/\/casadecampoliving.com\/es\/#organization"},"potentialAction":[{"@type":"SearchAction","target":{"@type":"EntryPoint","urlTemplate":"https:\/\/casadecampoliving.com\/es\/?s={search_term_string}"},"query-input":{"@type":"PropertyValueSpecification","valueRequired":true,"valueName":"search_term_string"}}],"inLanguage":"es"},{"@type":"Organization","@id":"https:\/\/casadecampoliving.com\/es\/#organization","name":"Casa de Campo Living","url":"https:\/\/casadecampoliving.com\/es\/","logo":{"@type":"ImageObject","inLanguage":"es","@id":"https:\/\/casadecampoliving.com\/es\/#\/schema\/logo\/image\/","url":"https:\/\/i0.wp.com\/casadecampoliving.com\/wp-content\/uploads\/2022\/07\/CDCLivingLogo_V1-white-sized.png?fit=800%2C214&ssl=1","contentUrl":"https:\/\/i0.wp.com\/casadecampoliving.com\/wp-content\/uploads\/2022\/07\/CDCLivingLogo_V1-white-sized.png?fit=800%2C214&ssl=1","width":800,"height":214,"caption":"Casa de Campo Living"},"image":{"@id":"https:\/\/casadecampoliving.com\/es\/#\/schema\/logo\/image\/"},"sameAs":["https:\/\/www.facebook.com\/casadecampoliving","https:\/\/x.com\/cdcliving"]},{"@type":"Person","@id":"https:\/\/casadecampoliving.com\/es\/#\/schema\/person\/242cf7c69a59395bbe7de24405601b76","name":"Genesis Perdomo","image":{"@type":"ImageObject","inLanguage":"es","@id":"https:\/\/secure.gravatar.com\/avatar\/1e89145b3cf01cf3b3fdf1d3d2e3c53f60c2978235045ae44df10fb8c79924c1?s=96&d=mm&r=g","url":"https:\/\/secure.gravatar.com\/avatar\/1e89145b3cf01cf3b3fdf1d3d2e3c53f60c2978235045ae44df10fb8c79924c1?s=96&d=mm&r=g","contentUrl":"https:\/\/secure.gravatar.com\/avatar\/1e89145b3cf01cf3b3fdf1d3d2e3c53f60c2978235045ae44df10fb8c79924c1?s=96&d=mm&r=g","caption":"Genesis Perdomo"},"url":"https:\/\/casadecampoliving.com\/es\/author\/gperdomo\/"}]}},"parsely":{"version":"1.1.0","canonical_url":"https:\/\/casadecampoliving.com\/es\/arte-chavon-2014-su-oportunidad-de-invertir-en-el-arte-del-futuro\/","smart_links":{"inbound":0,"outbound":0},"traffic_boost_suggestions_count":0,"meta":{"@context":"https:\/\/schema.org","@type":"NewsArticle","headline":"Arte Chav\u00f3n 2014 &#8211; su oportunidad de invertir en el futuro del arte dominicano","url":"http:\/\/casadecampoliving.com\/es\/arte-chavon-2014-su-oportunidad-de-invertir-en-el-arte-del-futuro\/","mainEntityOfPage":{"@type":"WebPage","@id":"http:\/\/casadecampoliving.com\/es\/arte-chavon-2014-su-oportunidad-de-invertir-en-el-arte-del-futuro\/"},"thumbnailUrl":"https:\/\/i0.wp.com\/casadecampoliving.com\/wp-content\/uploads\/2022\/10\/art_chavon_altos_de_chavon_1-1.jpg?resize=150%2C150&ssl=1","image":{"@type":"ImageObject","url":"https:\/\/i0.wp.com\/casadecampoliving.com\/wp-content\/uploads\/2022\/10\/art_chavon_altos_de_chavon_1-1.jpg?fit=650%2C500&ssl=1"},"articleSection":"Altos de Chavon @es","author":[{"@type":"Person","name":"Genesis Perdomo"}],"creator":["Genesis Perdomo"],"publisher":{"@type":"Organization","name":"Casa de Campo Living","logo":"https:\/\/casadecampoliving.com\/wp-content\/uploads\/2022\/07\/CDCLivingLogo_V1-white-sized.png"},"keywords":["altos de chavon","altos de chavon@es","comunidad de casa de campo","escuela de arte y diseno de altos de chavon","galeria de arte de altos de chavon"],"dateCreated":"2014-01-28T04:00:00Z","datePublished":"2014-01-28T04:00:00Z","dateModified":"2022-10-21T22:52:12Z"},"rendered":"<script type=\"application\/ld+json\" class=\"wp-parsely-metadata\">{\"@context\":\"https:\\\/\\\/schema.org\",\"@type\":\"NewsArticle\",\"headline\":\"Arte Chav\\u00f3n 2014 &#8211; su oportunidad de invertir en el futuro del arte dominicano\",\"url\":\"http:\\\/\\\/casadecampoliving.com\\\/es\\\/arte-chavon-2014-su-oportunidad-de-invertir-en-el-arte-del-futuro\\\/\",\"mainEntityOfPage\":{\"@type\":\"WebPage\",\"@id\":\"http:\\\/\\\/casadecampoliving.com\\\/es\\\/arte-chavon-2014-su-oportunidad-de-invertir-en-el-arte-del-futuro\\\/\"},\"thumbnailUrl\":\"https:\\\/\\\/i0.wp.com\\\/casadecampoliving.com\\\/wp-content\\\/uploads\\\/2022\\\/10\\\/art_chavon_altos_de_chavon_1-1.jpg?resize=150%2C150&ssl=1\",\"image\":{\"@type\":\"ImageObject\",\"url\":\"https:\\\/\\\/i0.wp.com\\\/casadecampoliving.com\\\/wp-content\\\/uploads\\\/2022\\\/10\\\/art_chavon_altos_de_chavon_1-1.jpg?fit=650%2C500&ssl=1\"},\"articleSection\":\"Altos de Chavon @es\",\"author\":[{\"@type\":\"Person\",\"name\":\"Genesis Perdomo\"}],\"creator\":[\"Genesis Perdomo\"],\"publisher\":{\"@type\":\"Organization\",\"name\":\"Casa de Campo Living\",\"logo\":\"https:\\\/\\\/casadecampoliving.com\\\/wp-content\\\/uploads\\\/2022\\\/07\\\/CDCLivingLogo_V1-white-sized.png\"},\"keywords\":[\"altos de chavon\",\"altos de chavon@es\",\"comunidad de casa de campo\",\"escuela de arte y diseno de altos de chavon\",\"galeria de arte de altos de chavon\"],\"dateCreated\":\"2014-01-28T04:00:00Z\",\"datePublished\":\"2014-01-28T04:00:00Z\",\"dateModified\":\"2022-10-21T22:52:12Z\"}<\/script>","tracker_url":"https:\/\/cdn.parsely.com\/keys\/casadecampoliving.com\/p.js"},"jetpack_publicize_connections":[],"jetpack_featured_media_url":"https:\/\/i0.wp.com\/casadecampoliving.com\/wp-content\/uploads\/2022\/10\/art_chavon_altos_de_chavon_1-1.jpg?fit=650%2C500&ssl=1","jetpack-related-posts":[{"id":433460,"url":"https:\/\/casadecampoliving.com\/es\/no-se-pierdan-el-increible-tributo-a-frank-sinatra-para-celebrar-el-40-aniversario-del-anfiteatro-altos-de-chavon\/","url_meta":{"origin":343770,"position":0},"title":"No se pierdan el incre\u00edble tributo a Frank Sinatra para celebrar el 40 aniversario del\u00a0Anfiteatro Altos de Chav\u00f3n","author":"Casa de Campo Living","date":"20 Oct, 2022","format":false,"excerpt":"Siendo uno de los escenarios m\u00e1s emblem\u00e1ticos del pa\u00eds, Casa de Campo Resort\u00ae & Villas celebra las cuatro d\u00e9cadas de aniversario de Altos de Chav\u00f3n con un tributo al gran Frank Sinatra, protagonizado por artistas invitados y una big band tal cual la que acompa\u00f1\u00f3 al artista hace 40 a\u00f1os\u2026","rel":"","context":"En \u00abUncategorized @es\u00bb","block_context":{"text":"Uncategorized @es","link":"https:\/\/casadecampoliving.com\/es\/category\/uncategorized-es\/"},"img":{"alt_text":"","src":"https:\/\/i0.wp.com\/casadecampoliving.com\/wp-content\/uploads\/2022\/10\/Tributo-Frank-Sinatra-Foto-Principal-Amaury-Sanchez-Danilo-Ginebra-Andres-Pichardo-y-Jose-Gabriel-Perez-.jpg?fit=1200%2C873&ssl=1&resize=350%2C200","width":350,"height":200,"srcset":"https:\/\/i0.wp.com\/casadecampoliving.com\/wp-content\/uploads\/2022\/10\/Tributo-Frank-Sinatra-Foto-Principal-Amaury-Sanchez-Danilo-Ginebra-Andres-Pichardo-y-Jose-Gabriel-Perez-.jpg?fit=1200%2C873&ssl=1&resize=350%2C200 1x, https:\/\/i0.wp.com\/casadecampoliving.com\/wp-content\/uploads\/2022\/10\/Tributo-Frank-Sinatra-Foto-Principal-Amaury-Sanchez-Danilo-Ginebra-Andres-Pichardo-y-Jose-Gabriel-Perez-.jpg?fit=1200%2C873&ssl=1&resize=525%2C300 1.5x, https:\/\/i0.wp.com\/casadecampoliving.com\/wp-content\/uploads\/2022\/10\/Tributo-Frank-Sinatra-Foto-Principal-Amaury-Sanchez-Danilo-Ginebra-Andres-Pichardo-y-Jose-Gabriel-Perez-.jpg?fit=1200%2C873&ssl=1&resize=700%2C400 2x, https:\/\/i0.wp.com\/casadecampoliving.com\/wp-content\/uploads\/2022\/10\/Tributo-Frank-Sinatra-Foto-Principal-Amaury-Sanchez-Danilo-Ginebra-Andres-Pichardo-y-Jose-Gabriel-Perez-.jpg?fit=1200%2C873&ssl=1&resize=1050%2C600 3x"},"classes":[]},{"id":343837,"url":"https:\/\/casadecampoliving.com\/es\/serie-de-peliculas-art-chavon-2014\/","url_meta":{"origin":343770,"position":1},"title":"Serie de pel\u00edculas Art Chav\u00f3n 2014","author":"Perkin Agramonte","date":"10 Feb, 2014","format":false,"excerpt":"El Museo Regional Arqueol\u00f3gico Altos de Chav\u00f3n, les invita a una serie de pel\u00edculas art\u00edsticas como parte del evento Art Chav\u00f3n, en beneficio de la Fundaci\u00f3n Cultural Altos de Chav\u00f3n. La Serie de Peliculas Art Chav\u00f3n ser\u00e1n proyectadas los d\u00edas 19, 20 y 23 de febrero, con peliculas que relatan\u2026","rel":"","context":"En \u00abAltos de Chavon @es\u00bb","block_context":{"text":"Altos de Chavon @es","link":"https:\/\/casadecampoliving.com\/category\/altos-de-chavon-es\/"},"img":{"alt_text":"","src":"https:\/\/i0.wp.com\/casadecampoliving.com\/wp-content\/uploads\/2022\/10\/altos_de_chavon_museum-6.jpg?fit=650%2C373&ssl=1&resize=350%2C200","width":350,"height":200,"srcset":"https:\/\/i0.wp.com\/casadecampoliving.com\/wp-content\/uploads\/2022\/10\/altos_de_chavon_museum-6.jpg?fit=650%2C373&ssl=1&resize=350%2C200 1x, https:\/\/i0.wp.com\/casadecampoliving.com\/wp-content\/uploads\/2022\/10\/altos_de_chavon_museum-6.jpg?fit=650%2C373&ssl=1&resize=525%2C300 1.5x"},"classes":[]},{"id":350200,"url":"https:\/\/casadecampoliving.com\/es\/la-fundacion-centro-cultural-altos-de-chavon-presenta-art-chavon-2016\/","url_meta":{"origin":343770,"position":2},"title":"La Fundaci\u00f3n Centro Cultural Altos de Chav\u00f3n presenta: Art Chav\u00f3n 2016","author":"Heather Lincoln","date":"18 Jul, 2016","format":false,"excerpt":"Por sexto a\u00f1o consecutivo, La Fundaci\u00f3n Centro Cultural Altos de Chav\u00f3n celebra, \u2018\u2019Art Chav\u00f3n 2016\u2019\u2019: un evento de car\u00e1cter ben\u00e9fico, cuyo objetivo principal es recaudar recursos econ\u00f3micos para el fondo de becas de La Escuela de Dise\u00f1o Altos de Chav\u00f3n, ofreciendo al p\u00fablico la oportunidad de adquirir el trabajo art\u00edstico\u2026","rel":"","context":"En \u00abAltos de Chavon @es\u00bb","block_context":{"text":"Altos de Chavon @es","link":"https:\/\/casadecampoliving.com\/category\/altos-de-chavon-es\/"},"img":{"alt_text":"Jeffry Correa Art Chav\u00f3n 2016","src":"https:\/\/i0.wp.com\/casadecampoliving.com\/wp-content\/uploads\/2022\/10\/Jeffry-Correa.jpg?fit=1000%2C667&ssl=1&resize=350%2C200","width":350,"height":200,"srcset":"https:\/\/i0.wp.com\/casadecampoliving.com\/wp-content\/uploads\/2022\/10\/Jeffry-Correa.jpg?fit=1000%2C667&ssl=1&resize=350%2C200 1x, https:\/\/i0.wp.com\/casadecampoliving.com\/wp-content\/uploads\/2022\/10\/Jeffry-Correa.jpg?fit=1000%2C667&ssl=1&resize=525%2C300 1.5x, https:\/\/i0.wp.com\/casadecampoliving.com\/wp-content\/uploads\/2022\/10\/Jeffry-Correa.jpg?fit=1000%2C667&ssl=1&resize=700%2C400 2x"},"classes":[]},{"id":340717,"url":"https:\/\/casadecampoliving.com\/es\/art-chavon-2013-6-7-y-8-de-marzo-su-oportunidad-para-invertir-en-arte-y-disenos-dominicanos\/","url_meta":{"origin":343770,"position":3},"title":"ART CHAV\u00d3N 2013: 6, 7 y 8 de marzo &#8211; \u00a1su oportunidad para invertir en arte y dise\u00f1os dominicanos!","author":"","date":"28 Feb, 2013","format":false,"excerpt":"El pr\u00f3ximo 6, 7 y 8 de marzo de 2013, la Fundaci\u00f3n Centro Cultural de Altos de Chav\u00f3n les invita a participar de \u201cArt Chav\u00f3n 2013\u201d, una gran celebraci\u00f3n de artes y dise\u00f1os dominicanos. Esta actividad de tres d\u00edas, que gira en torno al incre\u00edble talentos de los estudiantes de\u2026","rel":"","context":"En \u00abAltos de Chavon @es\u00bb","block_context":{"text":"Altos de Chavon @es","link":"https:\/\/casadecampoliving.com\/category\/altos-de-chavon-es\/"},"img":{"alt_text":"art chavon","src":"https:\/\/i0.wp.com\/casadecampoliving.com\/wp-content\/uploads\/2022\/10\/art_chavon-2.jpg?fit=650%2C350&ssl=1&resize=350%2C200","width":350,"height":200,"srcset":"https:\/\/i0.wp.com\/casadecampoliving.com\/wp-content\/uploads\/2022\/10\/art_chavon-2.jpg?fit=650%2C350&ssl=1&resize=350%2C200 1x, https:\/\/i0.wp.com\/casadecampoliving.com\/wp-content\/uploads\/2022\/10\/art_chavon-2.jpg?fit=650%2C350&ssl=1&resize=525%2C300 1.5x"},"classes":[]},{"id":346889,"url":"https:\/\/casadecampoliving.com\/es\/recordatorio-art-chavon-es-el-proximo-viernes\/","url_meta":{"origin":343770,"position":4},"title":"Recordatorio: Art Chav\u00f3n es el pr\u00f3ximo viernes","author":"Perkin Agramonte","date":"7 Mar, 2015","format":false,"excerpt":"\u00a1La 3\u00ba edici\u00f3n de\u00a0Art Chav\u00f3n est\u00e1 a la vuelta de la esquina! Solo queremos recordarles que Art Chav\u00f3n 2015 ser\u00e1 el pr\u00f3ximo viernes 13 de marzo y nadie se puede perder este maravilloso evento que resalta todo el potencial de los estudiantes de la Escuela de Arte y Dise\u00f1o Altos\u2026","rel":"","context":"En \u00abAltos de Chavon @es\u00bb","block_context":{"text":"Altos de Chavon @es","link":"https:\/\/casadecampoliving.com\/category\/altos-de-chavon-es\/"},"img":{"alt_text":"Art Chavon, Altos de Chavon_School","src":"https:\/\/i0.wp.com\/casadecampoliving.com\/wp-content\/uploads\/2022\/10\/Art_Chavon_Altos_de_Chavon_School-1.jpg?fit=650%2C434&ssl=1&resize=350%2C200","width":350,"height":200,"srcset":"https:\/\/i0.wp.com\/casadecampoliving.com\/wp-content\/uploads\/2022\/10\/Art_Chavon_Altos_de_Chavon_School-1.jpg?fit=650%2C434&ssl=1&resize=350%2C200 1x, https:\/\/i0.wp.com\/casadecampoliving.com\/wp-content\/uploads\/2022\/10\/Art_Chavon_Altos_de_Chavon_School-1.jpg?fit=650%2C434&ssl=1&resize=525%2C300 1.5x"},"classes":[]},{"id":346609,"url":"https:\/\/casadecampoliving.com\/es\/anote-la-fecha-art-chavon-2015\/","url_meta":{"origin":343770,"position":5},"title":"Art Chav\u00f3n 2015, \u00a1c\u00f3ctel, musica &#038; arte extravagante!","author":"Perkin Agramonte","date":"25 Ene, 2015","format":false,"excerpt":"Guarde la fecha para el viernes 13 de marzo, para la 3era celebraci\u00f3n anual de Art Chav\u00f3n 2015, una gran celebraci\u00f3n del arte dominicano que muestra el gran talento de los estudiantes de la Escuela de Arte y Dise\u00f1o Altos de Chav\u00f3n, a la vez que se recauda fondos para\u2026","rel":"","context":"En \u00abAltos de Chavon @es\u00bb","block_context":{"text":"Altos de Chavon @es","link":"https:\/\/casadecampoliving.com\/category\/altos-de-chavon-es\/"},"img":{"alt_text":"danessa santana art chavon 2","src":"https:\/\/i0.wp.com\/casadecampoliving.com\/wp-content\/uploads\/2022\/10\/danessa_santana_art_chavon_2-1.jpg?fit=650%2C520&ssl=1&resize=350%2C200","width":350,"height":200,"srcset":"https:\/\/i0.wp.com\/casadecampoliving.com\/wp-content\/uploads\/2022\/10\/danessa_santana_art_chavon_2-1.jpg?fit=650%2C520&ssl=1&resize=350%2C200 1x, https:\/\/i0.wp.com\/casadecampoliving.com\/wp-content\/uploads\/2022\/10\/danessa_santana_art_chavon_2-1.jpg?fit=650%2C520&ssl=1&resize=525%2C300 1.5x"},"classes":[]}],"jetpack_sharing_enabled":true,"_links":{"self":[{"href":"https:\/\/casadecampoliving.com\/es\/wp-json\/wp\/v2\/posts\/343770","targetHints":{"allow":["GET"]}}],"collection":[{"href":"https:\/\/casadecampoliving.com\/es\/wp-json\/wp\/v2\/posts"}],"about":[{"href":"https:\/\/casadecampoliving.com\/es\/wp-json\/wp\/v2\/types\/post"}],"author":[{"embeddable":true,"href":"https:\/\/casadecampoliving.com\/es\/wp-json\/wp\/v2\/users\/614"}],"replies":[{"embeddable":true,"href":"https:\/\/casadecampoliving.com\/es\/wp-json\/wp\/v2\/comments?post=343770"}],"version-history":[{"count":1,"href":"https:\/\/casadecampoliving.com\/es\/wp-json\/wp\/v2\/posts\/343770\/revisions"}],"predecessor-version":[{"id":343771,"href":"https:\/\/casadecampoliving.com\/es\/wp-json\/wp\/v2\/posts\/343770\/revisions\/343771"}],"wp:featuredmedia":[{"embeddable":true,"href":"https:\/\/casadecampoliving.com\/es\/wp-json\/wp\/v2\/media\/260328"}],"wp:attachment":[{"href":"https:\/\/casadecampoliving.com\/es\/wp-json\/wp\/v2\/media?parent=343770"}],"wp:term":[{"taxonomy":"category","embeddable":true,"href":"https:\/\/casadecampoliving.com\/es\/wp-json\/wp\/v2\/categories?post=343770"},{"taxonomy":"post_tag","embeddable":true,"href":"https:\/\/casadecampoliving.com\/es\/wp-json\/wp\/v2\/tags?post=343770"},{"taxonomy":"newspack_spnsrs_tax","embeddable":true,"href":"https:\/\/casadecampoliving.com\/es\/wp-json\/wp\/v2\/newspack_spnsrs_tax?post=343770"}],"curies":[{"name":"wp","href":"https:\/\/api.w.org\/{rel}","templated":true}]}}