{"id":343760,"date":"2014-01-25T00:00:00","date_gmt":"2014-01-25T04:00:00","guid":{"rendered":"https:\/\/casadecampoliving.com\/guarde-la-fecha-el-4to-carnaval-yumero-2014\/"},"modified":"2022-10-21T18:51:45","modified_gmt":"2022-10-21T22:51:45","slug":"guarde-la-fecha-el-4to-carnaval-yumero-2014","status":"publish","type":"post","link":"https:\/\/casadecampoliving.com\/es\/guarde-la-fecha-el-4to-carnaval-yumero-2014\/","title":{"rendered":"Guarde la fecha: el 4to Carnaval Yumero 2014"},"content":{"rendered":"<div class=\"wp-block-image\">\n<figure class=\"aligncenter is-resized\"><img loading=\"lazy\" decoding=\"async\" src=\"https:\/\/i0.wp.com\/casadecampoliving.com\/wp-content\/uploads\/2022\/10\/Carnaval_Yumero_2014.jpg?resize=650%2C443&amp;ssl=1\" alt=\"Carnaval_Yumero_2014\" class=\"wp-image-84884\" height=\"443\" width=\"650\"\/><\/figure>\n<\/div>\n\n\n<p class=\"has-text-align-left\"><\/p>\n\n\n\n<p class=\"has-text-align-left\">Guarde la fecha, para el 4to Carnaval Yumero, el cual se efectuar\u00e1 el pr\u00f3ximo mes, empezando con un (calentamiento) el domingo 16 de febrero seguido del Carnaval Oficial el Domingo 23 de Febrero.<\/p>\n\n\n\n<p class=\"has-text-align-left\">El \u201cCarnaval Yumero\u201d es celebrado en San Rafael de Yuma, un peque\u00f1o pueblo en la parte este del (Parque Nacional del Este), en la carretera que conduce desde la Autopista del Coral a Boca de Yuma, un pueblo cerca del mar y adem\u00e1s un lugar muy popular para ir a comer pescado frito.<\/p>\n\n\n\n<!--more-->\n\n\n\n<p>Esta es su oportunidad de disfrutar del tradicional Carnaval Dominicano, con sus coloridos personajes y sus trajes hechos en Rafael de Yuma. Ser\u00e1 sin duda alguna, un d\u00eda muy interesante para salir, quiz\u00e1s hasta pueden terminar comiendo pescado frito en Boca de Yuma. <a href=\"https:\/\/casadecampoliving.com\/es\/pescado-frito-una-delicia-dominicana\/\">(Haga clic aqu\u00ed para leer mas sobre la deliciosa tradici\u00f3n Dominicana de comer pescado frito.<\/a><\/p>\n\n\n\n<p>Este evento esta siendo organizado por el Club Cultural y Deportivo Dra. Evangelina Rodr\u00edguez, patrocinado por el Ayuntamiento de San Rafael &nbsp;de Yuma. Adem\u00e1s del carnaval, tambi\u00e9n habr\u00e1 \u00e1reas de bebidas y comida, \u00e1rea de juegos para ni\u00f1os as\u00ed como m\u00fasica y animaci\u00f3n en vivo.<\/p>\n\n\n\n<p>Tambi\u00e9n recuerde que el s\u00e1bado 22 de febrero, La Marina Casa de Campo celebrar\u00e1 el <a href=\"https:\/\/casadecampoliving.com\/es\/carnaval-de-la-marina-programado-para-el-22-de-febrero\/\">3r Carnaval anual de La Marina en honor a Juan Francisco Vasquez (Juampa)<\/a>.<\/p>\n\n\n\n<p>Esperamos su asistencia, \u00a1Disfrutaremos de buena m\u00fasica y mucho colorido!<\/p>\n\n\n\n<blockquote><p><strong>4to Carnaval Yumero 2014<\/strong><\/p><p><strong>Cuando:<\/strong><\/p><ul>\n<li>Carnaval Yumero \u201cwarm-up\u201d (calentamiento): Domingo 16 de febrero, 2:00 pm<\/li>\n<li>Carnaval Yumero \u201cD\u00eda oficial\u201d: Domingo 23 de febrero, 2:00 pm<\/li>\n<\/ul><p><strong>Donde:<\/strong> Avenida principal San Rafael del<strong>&nbsp;<\/strong>Yuma<\/p><p><strong>Contactos: <\/strong>(849) 357-2673<\/p><\/blockquote>\n\n\n\n<p><strong>Por favor visite:<\/strong> <a href=\"http:\/\/www.todocasadecampo.com\/en\/welcome\">www.TODO.fm<\/a>&nbsp;para un calendario completo de eventos y actividades.<\/p>\n","protected":false},"excerpt":{"rendered":"<p>Guarde la fecha, para el 4to Carnaval Yumero, el cual se efectuar\u00e1 el pr\u00f3ximo mes, empezando con un (calentamiento) el domingo 16 de febrero seguido del Carnaval Oficial el Domingo 23 de Febrero. El \u201cCarnaval Yumero\u201d es celebrado en San Rafael de Yuma, un peque\u00f1o pueblo en la parte este del (Parque Nacional del Este), [&hellip;]<\/p>\n","protected":false},"author":614,"featured_media":259484,"comment_status":"closed","ping_status":"closed","sticky":false,"template":"","format":"standard","meta":{"newspack_ads_suppress_ads":false,"newspack_popups_has_disabled_popups":false,"newspack_sponsor_sponsorship_scope":"","newspack_sponsor_native_byline_display":"inherit","newspack_sponsor_native_category_display":"inherit","newspack_sponsor_underwriter_style":"inherit","newspack_sponsor_underwriter_placement":"inherit","_newspack_byline_active":false,"_newspack_byline":"","newspack_hide_updated_date":false,"newspack_show_updated_date":false,"newspack_content_restriction_is_exempt":false,"newspack_featured_image_position":"","newspack_post_subtitle":"","newspack_article_summary_title":"Overview:","newspack_article_summary":"","_jetpack_memberships_contains_paid_content":false,"footnotes":"","jetpack_publicize_message":"","jetpack_publicize_feature_enabled":true,"jetpack_social_post_already_shared":false,"jetpack_social_options":{"image_generator_settings":{"template":"highway","default_image_id":0,"font":"","enabled":false},"version":2},"_wpas_customize_per_network":false},"categories":[26823,26936,26951,2524,14631,2522,2507,2506,14625,14627,2521,26822],"tags":[3909,27657,2575,14777],"newspack_spnsrs_tax":[],"class_list":["post-343760","post","type-post","status-publish","format-standard","has-post-thumbnail","hentry","category-arte-y-cultura","category-casa-de-campo-living-es","category-ccl-presenta","category-destacados","category-estilo-de-vida","category-eventos-es","category-la-romana-es","category-mas-alla-de-casa-es","category-noticias-locales","category-proximamente","category-republica-dominicana-2","category-resort-casa-de-campo","tag-carnaval-de-la-marina","tag-carnaval-dominicano-es-2","tag-comunidad-de-casa-de-campo","tag-republica-dominicana-es-18","entry"],"yoast_head":"<!-- This site is optimized with the Yoast SEO plugin v27.5 - https:\/\/yoast.com\/product\/yoast-seo-wordpress\/ -->\n<title>Guarde la fecha: el 4to Carnaval Yumero 2014 | Casa de Campo Living<\/title>\n<meta name=\"description\" content=\"Guarde la fecha, para el 4to Carnaval Yumero, el cual se efectuar\u00e1 el pr\u00f3ximo mes, empezando con un (calentamiento) el domingo 16 de febrero seguido del\" \/>\n<meta name=\"robots\" content=\"index, follow, max-snippet:-1, max-image-preview:large, max-video-preview:-1\" \/>\n<link rel=\"canonical\" href=\"https:\/\/casadecampoliving.com\/es\/guarde-la-fecha-el-4to-carnaval-yumero-2014\/\" \/>\n<meta property=\"og:locale\" content=\"es_ES\" \/>\n<meta property=\"og:type\" content=\"article\" \/>\n<meta property=\"og:title\" content=\"Guarde la fecha: el 4to Carnaval Yumero 2014 | Casa de Campo Living\" \/>\n<meta property=\"og:description\" content=\"Guarde la fecha, para el 4to Carnaval Yumero, el cual se efectuar\u00e1 el pr\u00f3ximo mes, empezando con un (calentamiento) el domingo 16 de febrero seguido del\" \/>\n<meta property=\"og:url\" content=\"https:\/\/casadecampoliving.com\/es\/guarde-la-fecha-el-4to-carnaval-yumero-2014\/\" \/>\n<meta property=\"og:site_name\" content=\"Casa de Campo Living\" \/>\n<meta property=\"article:publisher\" content=\"https:\/\/www.facebook.com\/casadecampoliving\" \/>\n<meta property=\"article:published_time\" content=\"2014-01-25T04:00:00+00:00\" \/>\n<meta property=\"article:modified_time\" content=\"2022-10-21T22:51:45+00:00\" \/>\n<meta property=\"og:image\" content=\"https:\/\/i0.wp.com\/casadecampoliving.com\/wp-content\/uploads\/2022\/10\/Carnaval_Yumero_2014-1.jpg?fit=478%2C343&ssl=1\" \/>\n\t<meta property=\"og:image:width\" content=\"478\" \/>\n\t<meta property=\"og:image:height\" content=\"343\" \/>\n\t<meta property=\"og:image:type\" content=\"image\/jpeg\" \/>\n<meta name=\"author\" content=\"Genesis Perdomo\" \/>\n<meta name=\"twitter:card\" content=\"summary_large_image\" \/>\n<meta name=\"twitter:creator\" content=\"@cdcliving\" \/>\n<meta name=\"twitter:site\" content=\"@cdcliving\" \/>\n<meta name=\"twitter:label1\" content=\"Escrito por\" \/>\n\t<meta name=\"twitter:data1\" content=\"Genesis Perdomo\" \/>\n\t<meta name=\"twitter:label2\" content=\"Tiempo de lectura\" \/>\n\t<meta name=\"twitter:data2\" content=\"1 minuto\" \/>\n<script type=\"application\/ld+json\" class=\"yoast-schema-graph\">{\"@context\":\"https:\\\/\\\/schema.org\",\"@graph\":[{\"@type\":\"Article\",\"@id\":\"https:\\\/\\\/casadecampoliving.com\\\/es\\\/guarde-la-fecha-el-4to-carnaval-yumero-2014\\\/#article\",\"isPartOf\":{\"@id\":\"https:\\\/\\\/casadecampoliving.com\\\/es\\\/guarde-la-fecha-el-4to-carnaval-yumero-2014\\\/\"},\"author\":{\"name\":\"Genesis Perdomo\",\"@id\":\"https:\\\/\\\/casadecampoliving.com\\\/es\\\/#\\\/schema\\\/person\\\/242cf7c69a59395bbe7de24405601b76\"},\"headline\":\"Guarde la fecha: el 4to Carnaval Yumero 2014\",\"datePublished\":\"2014-01-25T04:00:00+00:00\",\"dateModified\":\"2022-10-21T22:51:45+00:00\",\"mainEntityOfPage\":{\"@id\":\"https:\\\/\\\/casadecampoliving.com\\\/es\\\/guarde-la-fecha-el-4to-carnaval-yumero-2014\\\/\"},\"wordCount\":293,\"publisher\":{\"@id\":\"https:\\\/\\\/casadecampoliving.com\\\/es\\\/#organization\"},\"image\":{\"@id\":\"https:\\\/\\\/casadecampoliving.com\\\/es\\\/guarde-la-fecha-el-4to-carnaval-yumero-2014\\\/#primaryimage\"},\"thumbnailUrl\":\"https:\\\/\\\/i0.wp.com\\\/casadecampoliving.com\\\/wp-content\\\/uploads\\\/2022\\\/10\\\/Carnaval_Yumero_2014-1.jpg?fit=478%2C343&ssl=1\",\"keywords\":[\"carnaval de la marina\",\"carnaval dominicano\",\"comunidad de casa de campo\",\"Republica Dominicana\"],\"articleSection\":[\"Arte y cultura\",\"Casa de Campo Living @es\",\"CCL presenta\",\"Destacados\",\"Estilo de Vida\",\"Eventos\",\"La Romana @es\",\"M\u00e1s all\u00e1 de Casa\",\"Noticias Locales\",\"Proximamente\",\"Rep\u00fablica Dominicana @es\",\"Resort Casa de Campo\"],\"inLanguage\":\"es\"},{\"@type\":\"WebPage\",\"@id\":\"https:\\\/\\\/casadecampoliving.com\\\/es\\\/guarde-la-fecha-el-4to-carnaval-yumero-2014\\\/\",\"url\":\"https:\\\/\\\/casadecampoliving.com\\\/es\\\/guarde-la-fecha-el-4to-carnaval-yumero-2014\\\/\",\"name\":\"Guarde la fecha: el 4to Carnaval Yumero 2014 | Casa de Campo Living\",\"isPartOf\":{\"@id\":\"https:\\\/\\\/casadecampoliving.com\\\/es\\\/#website\"},\"primaryImageOfPage\":{\"@id\":\"https:\\\/\\\/casadecampoliving.com\\\/es\\\/guarde-la-fecha-el-4to-carnaval-yumero-2014\\\/#primaryimage\"},\"image\":{\"@id\":\"https:\\\/\\\/casadecampoliving.com\\\/es\\\/guarde-la-fecha-el-4to-carnaval-yumero-2014\\\/#primaryimage\"},\"thumbnailUrl\":\"https:\\\/\\\/i0.wp.com\\\/casadecampoliving.com\\\/wp-content\\\/uploads\\\/2022\\\/10\\\/Carnaval_Yumero_2014-1.jpg?fit=478%2C343&ssl=1\",\"datePublished\":\"2014-01-25T04:00:00+00:00\",\"dateModified\":\"2022-10-21T22:51:45+00:00\",\"description\":\"Guarde la fecha, para el 4to Carnaval Yumero, el cual se efectuar\u00e1 el pr\u00f3ximo mes, empezando con un (calentamiento) el domingo 16 de febrero seguido del\",\"breadcrumb\":{\"@id\":\"https:\\\/\\\/casadecampoliving.com\\\/es\\\/guarde-la-fecha-el-4to-carnaval-yumero-2014\\\/#breadcrumb\"},\"inLanguage\":\"es\",\"potentialAction\":[{\"@type\":\"ReadAction\",\"target\":[\"https:\\\/\\\/casadecampoliving.com\\\/es\\\/guarde-la-fecha-el-4to-carnaval-yumero-2014\\\/\"]}]},{\"@type\":\"ImageObject\",\"inLanguage\":\"es\",\"@id\":\"https:\\\/\\\/casadecampoliving.com\\\/es\\\/guarde-la-fecha-el-4to-carnaval-yumero-2014\\\/#primaryimage\",\"url\":\"https:\\\/\\\/i0.wp.com\\\/casadecampoliving.com\\\/wp-content\\\/uploads\\\/2022\\\/10\\\/Carnaval_Yumero_2014-1.jpg?fit=478%2C343&ssl=1\",\"contentUrl\":\"https:\\\/\\\/i0.wp.com\\\/casadecampoliving.com\\\/wp-content\\\/uploads\\\/2022\\\/10\\\/Carnaval_Yumero_2014-1.jpg?fit=478%2C343&ssl=1\",\"width\":478,\"height\":343},{\"@type\":\"BreadcrumbList\",\"@id\":\"https:\\\/\\\/casadecampoliving.com\\\/es\\\/guarde-la-fecha-el-4to-carnaval-yumero-2014\\\/#breadcrumb\",\"itemListElement\":[{\"@type\":\"ListItem\",\"position\":1,\"name\":\"Home\",\"item\":\"https:\\\/\\\/casadecampoliving.com\\\/es\\\/\"},{\"@type\":\"ListItem\",\"position\":2,\"name\":\"Guarde la fecha: el 4to Carnaval Yumero 2014\"}]},{\"@type\":\"WebSite\",\"@id\":\"https:\\\/\\\/casadecampoliving.com\\\/es\\\/#website\",\"url\":\"https:\\\/\\\/casadecampoliving.com\\\/es\\\/\",\"name\":\"Casa de Campo Living\",\"description\":\"Resort community news and resources.\",\"publisher\":{\"@id\":\"https:\\\/\\\/casadecampoliving.com\\\/es\\\/#organization\"},\"potentialAction\":[{\"@type\":\"SearchAction\",\"target\":{\"@type\":\"EntryPoint\",\"urlTemplate\":\"https:\\\/\\\/casadecampoliving.com\\\/es\\\/?s={search_term_string}\"},\"query-input\":{\"@type\":\"PropertyValueSpecification\",\"valueRequired\":true,\"valueName\":\"search_term_string\"}}],\"inLanguage\":\"es\"},{\"@type\":\"Organization\",\"@id\":\"https:\\\/\\\/casadecampoliving.com\\\/es\\\/#organization\",\"name\":\"Casa de Campo Living\",\"url\":\"https:\\\/\\\/casadecampoliving.com\\\/es\\\/\",\"logo\":{\"@type\":\"ImageObject\",\"inLanguage\":\"es\",\"@id\":\"https:\\\/\\\/casadecampoliving.com\\\/es\\\/#\\\/schema\\\/logo\\\/image\\\/\",\"url\":\"https:\\\/\\\/i0.wp.com\\\/casadecampoliving.com\\\/wp-content\\\/uploads\\\/2022\\\/07\\\/CDCLivingLogo_V1-white-sized.png?fit=800%2C214&ssl=1\",\"contentUrl\":\"https:\\\/\\\/i0.wp.com\\\/casadecampoliving.com\\\/wp-content\\\/uploads\\\/2022\\\/07\\\/CDCLivingLogo_V1-white-sized.png?fit=800%2C214&ssl=1\",\"width\":800,\"height\":214,\"caption\":\"Casa de Campo Living\"},\"image\":{\"@id\":\"https:\\\/\\\/casadecampoliving.com\\\/es\\\/#\\\/schema\\\/logo\\\/image\\\/\"},\"sameAs\":[\"https:\\\/\\\/www.facebook.com\\\/casadecampoliving\",\"https:\\\/\\\/x.com\\\/cdcliving\"]},{\"@type\":\"Person\",\"@id\":\"https:\\\/\\\/casadecampoliving.com\\\/es\\\/#\\\/schema\\\/person\\\/242cf7c69a59395bbe7de24405601b76\",\"name\":\"Genesis Perdomo\",\"image\":{\"@type\":\"ImageObject\",\"inLanguage\":\"es\",\"@id\":\"https:\\\/\\\/secure.gravatar.com\\\/avatar\\\/1e89145b3cf01cf3b3fdf1d3d2e3c53f60c2978235045ae44df10fb8c79924c1?s=96&d=mm&r=g\",\"url\":\"https:\\\/\\\/secure.gravatar.com\\\/avatar\\\/1e89145b3cf01cf3b3fdf1d3d2e3c53f60c2978235045ae44df10fb8c79924c1?s=96&d=mm&r=g\",\"contentUrl\":\"https:\\\/\\\/secure.gravatar.com\\\/avatar\\\/1e89145b3cf01cf3b3fdf1d3d2e3c53f60c2978235045ae44df10fb8c79924c1?s=96&d=mm&r=g\",\"caption\":\"Genesis Perdomo\"},\"url\":\"https:\\\/\\\/casadecampoliving.com\\\/es\\\/author\\\/gperdomo\\\/\"}]}<\/script>\n<!-- \/ Yoast SEO plugin. -->","yoast_head_json":{"title":"Guarde la fecha: el 4to Carnaval Yumero 2014 | Casa de Campo Living","description":"Guarde la fecha, para el 4to Carnaval Yumero, el cual se efectuar\u00e1 el pr\u00f3ximo mes, empezando con un (calentamiento) el domingo 16 de febrero seguido del","robots":{"index":"index","follow":"follow","max-snippet":"max-snippet:-1","max-image-preview":"max-image-preview:large","max-video-preview":"max-video-preview:-1"},"canonical":"https:\/\/casadecampoliving.com\/es\/guarde-la-fecha-el-4to-carnaval-yumero-2014\/","og_locale":"es_ES","og_type":"article","og_title":"Guarde la fecha: el 4to Carnaval Yumero 2014 | Casa de Campo Living","og_description":"Guarde la fecha, para el 4to Carnaval Yumero, el cual se efectuar\u00e1 el pr\u00f3ximo mes, empezando con un (calentamiento) el domingo 16 de febrero seguido del","og_url":"https:\/\/casadecampoliving.com\/es\/guarde-la-fecha-el-4to-carnaval-yumero-2014\/","og_site_name":"Casa de Campo Living","article_publisher":"https:\/\/www.facebook.com\/casadecampoliving","article_published_time":"2014-01-25T04:00:00+00:00","article_modified_time":"2022-10-21T22:51:45+00:00","og_image":[{"width":478,"height":343,"url":"https:\/\/i0.wp.com\/casadecampoliving.com\/wp-content\/uploads\/2022\/10\/Carnaval_Yumero_2014-1.jpg?fit=478%2C343&ssl=1","type":"image\/jpeg"}],"author":"Genesis Perdomo","twitter_card":"summary_large_image","twitter_creator":"@cdcliving","twitter_site":"@cdcliving","twitter_misc":{"Escrito por":"Genesis Perdomo","Tiempo de lectura":"1 minuto"},"schema":{"@context":"https:\/\/schema.org","@graph":[{"@type":"Article","@id":"https:\/\/casadecampoliving.com\/es\/guarde-la-fecha-el-4to-carnaval-yumero-2014\/#article","isPartOf":{"@id":"https:\/\/casadecampoliving.com\/es\/guarde-la-fecha-el-4to-carnaval-yumero-2014\/"},"author":{"name":"Genesis Perdomo","@id":"https:\/\/casadecampoliving.com\/es\/#\/schema\/person\/242cf7c69a59395bbe7de24405601b76"},"headline":"Guarde la fecha: el 4to Carnaval Yumero 2014","datePublished":"2014-01-25T04:00:00+00:00","dateModified":"2022-10-21T22:51:45+00:00","mainEntityOfPage":{"@id":"https:\/\/casadecampoliving.com\/es\/guarde-la-fecha-el-4to-carnaval-yumero-2014\/"},"wordCount":293,"publisher":{"@id":"https:\/\/casadecampoliving.com\/es\/#organization"},"image":{"@id":"https:\/\/casadecampoliving.com\/es\/guarde-la-fecha-el-4to-carnaval-yumero-2014\/#primaryimage"},"thumbnailUrl":"https:\/\/i0.wp.com\/casadecampoliving.com\/wp-content\/uploads\/2022\/10\/Carnaval_Yumero_2014-1.jpg?fit=478%2C343&ssl=1","keywords":["carnaval de la marina","carnaval dominicano","comunidad de casa de campo","Republica Dominicana"],"articleSection":["Arte y cultura","Casa de Campo Living @es","CCL presenta","Destacados","Estilo de Vida","Eventos","La Romana @es","M\u00e1s all\u00e1 de Casa","Noticias Locales","Proximamente","Rep\u00fablica Dominicana @es","Resort Casa de Campo"],"inLanguage":"es"},{"@type":"WebPage","@id":"https:\/\/casadecampoliving.com\/es\/guarde-la-fecha-el-4to-carnaval-yumero-2014\/","url":"https:\/\/casadecampoliving.com\/es\/guarde-la-fecha-el-4to-carnaval-yumero-2014\/","name":"Guarde la fecha: el 4to Carnaval Yumero 2014 | Casa de Campo Living","isPartOf":{"@id":"https:\/\/casadecampoliving.com\/es\/#website"},"primaryImageOfPage":{"@id":"https:\/\/casadecampoliving.com\/es\/guarde-la-fecha-el-4to-carnaval-yumero-2014\/#primaryimage"},"image":{"@id":"https:\/\/casadecampoliving.com\/es\/guarde-la-fecha-el-4to-carnaval-yumero-2014\/#primaryimage"},"thumbnailUrl":"https:\/\/i0.wp.com\/casadecampoliving.com\/wp-content\/uploads\/2022\/10\/Carnaval_Yumero_2014-1.jpg?fit=478%2C343&ssl=1","datePublished":"2014-01-25T04:00:00+00:00","dateModified":"2022-10-21T22:51:45+00:00","description":"Guarde la fecha, para el 4to Carnaval Yumero, el cual se efectuar\u00e1 el pr\u00f3ximo mes, empezando con un (calentamiento) el domingo 16 de febrero seguido del","breadcrumb":{"@id":"https:\/\/casadecampoliving.com\/es\/guarde-la-fecha-el-4to-carnaval-yumero-2014\/#breadcrumb"},"inLanguage":"es","potentialAction":[{"@type":"ReadAction","target":["https:\/\/casadecampoliving.com\/es\/guarde-la-fecha-el-4to-carnaval-yumero-2014\/"]}]},{"@type":"ImageObject","inLanguage":"es","@id":"https:\/\/casadecampoliving.com\/es\/guarde-la-fecha-el-4to-carnaval-yumero-2014\/#primaryimage","url":"https:\/\/i0.wp.com\/casadecampoliving.com\/wp-content\/uploads\/2022\/10\/Carnaval_Yumero_2014-1.jpg?fit=478%2C343&ssl=1","contentUrl":"https:\/\/i0.wp.com\/casadecampoliving.com\/wp-content\/uploads\/2022\/10\/Carnaval_Yumero_2014-1.jpg?fit=478%2C343&ssl=1","width":478,"height":343},{"@type":"BreadcrumbList","@id":"https:\/\/casadecampoliving.com\/es\/guarde-la-fecha-el-4to-carnaval-yumero-2014\/#breadcrumb","itemListElement":[{"@type":"ListItem","position":1,"name":"Home","item":"https:\/\/casadecampoliving.com\/es\/"},{"@type":"ListItem","position":2,"name":"Guarde la fecha: el 4to Carnaval Yumero 2014"}]},{"@type":"WebSite","@id":"https:\/\/casadecampoliving.com\/es\/#website","url":"https:\/\/casadecampoliving.com\/es\/","name":"Casa de Campo Living","description":"Resort community news and resources.","publisher":{"@id":"https:\/\/casadecampoliving.com\/es\/#organization"},"potentialAction":[{"@type":"SearchAction","target":{"@type":"EntryPoint","urlTemplate":"https:\/\/casadecampoliving.com\/es\/?s={search_term_string}"},"query-input":{"@type":"PropertyValueSpecification","valueRequired":true,"valueName":"search_term_string"}}],"inLanguage":"es"},{"@type":"Organization","@id":"https:\/\/casadecampoliving.com\/es\/#organization","name":"Casa de Campo Living","url":"https:\/\/casadecampoliving.com\/es\/","logo":{"@type":"ImageObject","inLanguage":"es","@id":"https:\/\/casadecampoliving.com\/es\/#\/schema\/logo\/image\/","url":"https:\/\/i0.wp.com\/casadecampoliving.com\/wp-content\/uploads\/2022\/07\/CDCLivingLogo_V1-white-sized.png?fit=800%2C214&ssl=1","contentUrl":"https:\/\/i0.wp.com\/casadecampoliving.com\/wp-content\/uploads\/2022\/07\/CDCLivingLogo_V1-white-sized.png?fit=800%2C214&ssl=1","width":800,"height":214,"caption":"Casa de Campo Living"},"image":{"@id":"https:\/\/casadecampoliving.com\/es\/#\/schema\/logo\/image\/"},"sameAs":["https:\/\/www.facebook.com\/casadecampoliving","https:\/\/x.com\/cdcliving"]},{"@type":"Person","@id":"https:\/\/casadecampoliving.com\/es\/#\/schema\/person\/242cf7c69a59395bbe7de24405601b76","name":"Genesis Perdomo","image":{"@type":"ImageObject","inLanguage":"es","@id":"https:\/\/secure.gravatar.com\/avatar\/1e89145b3cf01cf3b3fdf1d3d2e3c53f60c2978235045ae44df10fb8c79924c1?s=96&d=mm&r=g","url":"https:\/\/secure.gravatar.com\/avatar\/1e89145b3cf01cf3b3fdf1d3d2e3c53f60c2978235045ae44df10fb8c79924c1?s=96&d=mm&r=g","contentUrl":"https:\/\/secure.gravatar.com\/avatar\/1e89145b3cf01cf3b3fdf1d3d2e3c53f60c2978235045ae44df10fb8c79924c1?s=96&d=mm&r=g","caption":"Genesis Perdomo"},"url":"https:\/\/casadecampoliving.com\/es\/author\/gperdomo\/"}]}},"parsely":{"version":"1.1.0","canonical_url":"https:\/\/casadecampoliving.com\/es\/guarde-la-fecha-el-4to-carnaval-yumero-2014\/","smart_links":{"inbound":0,"outbound":0},"traffic_boost_suggestions_count":0,"meta":{"@context":"https:\/\/schema.org","@type":"NewsArticle","headline":"Guarde la fecha: el 4to Carnaval Yumero 2014","url":"http:\/\/casadecampoliving.com\/es\/guarde-la-fecha-el-4to-carnaval-yumero-2014\/","mainEntityOfPage":{"@type":"WebPage","@id":"http:\/\/casadecampoliving.com\/es\/guarde-la-fecha-el-4to-carnaval-yumero-2014\/"},"thumbnailUrl":"https:\/\/i0.wp.com\/casadecampoliving.com\/wp-content\/uploads\/2022\/10\/Carnaval_Yumero_2014-1.jpg?resize=150%2C150&ssl=1","image":{"@type":"ImageObject","url":"https:\/\/i0.wp.com\/casadecampoliving.com\/wp-content\/uploads\/2022\/10\/Carnaval_Yumero_2014-1.jpg?fit=478%2C343&ssl=1"},"articleSection":"Arte y cultura","author":[{"@type":"Person","name":"Genesis Perdomo"}],"creator":["Genesis Perdomo"],"publisher":{"@type":"Organization","name":"Casa de Campo Living","logo":"https:\/\/casadecampoliving.com\/wp-content\/uploads\/2022\/07\/CDCLivingLogo_V1-white-sized.png"},"keywords":["carnaval de la marina","carnaval dominicano","comunidad de casa de campo","republica dominicana"],"dateCreated":"2014-01-25T04:00:00Z","datePublished":"2014-01-25T04:00:00Z","dateModified":"2022-10-21T22:51:45Z"},"rendered":"<script type=\"application\/ld+json\" class=\"wp-parsely-metadata\">{\"@context\":\"https:\\\/\\\/schema.org\",\"@type\":\"NewsArticle\",\"headline\":\"Guarde la fecha: el 4to Carnaval Yumero 2014\",\"url\":\"http:\\\/\\\/casadecampoliving.com\\\/es\\\/guarde-la-fecha-el-4to-carnaval-yumero-2014\\\/\",\"mainEntityOfPage\":{\"@type\":\"WebPage\",\"@id\":\"http:\\\/\\\/casadecampoliving.com\\\/es\\\/guarde-la-fecha-el-4to-carnaval-yumero-2014\\\/\"},\"thumbnailUrl\":\"https:\\\/\\\/i0.wp.com\\\/casadecampoliving.com\\\/wp-content\\\/uploads\\\/2022\\\/10\\\/Carnaval_Yumero_2014-1.jpg?resize=150%2C150&ssl=1\",\"image\":{\"@type\":\"ImageObject\",\"url\":\"https:\\\/\\\/i0.wp.com\\\/casadecampoliving.com\\\/wp-content\\\/uploads\\\/2022\\\/10\\\/Carnaval_Yumero_2014-1.jpg?fit=478%2C343&ssl=1\"},\"articleSection\":\"Arte y cultura\",\"author\":[{\"@type\":\"Person\",\"name\":\"Genesis Perdomo\"}],\"creator\":[\"Genesis Perdomo\"],\"publisher\":{\"@type\":\"Organization\",\"name\":\"Casa de Campo Living\",\"logo\":\"https:\\\/\\\/casadecampoliving.com\\\/wp-content\\\/uploads\\\/2022\\\/07\\\/CDCLivingLogo_V1-white-sized.png\"},\"keywords\":[\"carnaval de la marina\",\"carnaval dominicano\",\"comunidad de casa de campo\",\"republica dominicana\"],\"dateCreated\":\"2014-01-25T04:00:00Z\",\"datePublished\":\"2014-01-25T04:00:00Z\",\"dateModified\":\"2022-10-21T22:51:45Z\"}<\/script>","tracker_url":"https:\/\/cdn.parsely.com\/keys\/casadecampoliving.com\/p.js"},"jetpack_publicize_connections":[],"jetpack_featured_media_url":"https:\/\/i0.wp.com\/casadecampoliving.com\/wp-content\/uploads\/2022\/10\/Carnaval_Yumero_2014-1.jpg?fit=478%2C343&ssl=1","jetpack-related-posts":[{"id":343658,"url":"https:\/\/casadecampoliving.com\/es\/carnaval-de-la-marina-programado-para-el-22-de-febrero\/","url_meta":{"origin":343760,"position":0},"title":"Carnaval de la Marina programado para el 22 de febrero","author":"Perkin Agramonte","date":"8 Ene, 2014","format":false,"excerpt":"Es tradici\u00f3n en la Rep\u00fablica Dominicana celebrar el Carnaval durante el mes de febrero. Es donde relucen los colores vibrantes, los tambores, pitos, m\u00fasica combinados con el ambiente alegre, festivo, tradicional y cultural. Este a\u00f1o La Marina Casa de Campo una vez m\u00e1s les trae esta magn\u00edfica tradici\u00f3n a la\u2026","rel":"","context":"En \u00abArte y cultura\u00bb","block_context":{"text":"Arte y cultura","link":"https:\/\/casadecampoliving.com\/category\/arte-y-cultura\/"},"img":{"alt_text":"","src":"https:\/\/i0.wp.com\/casadecampoliving.com\/wp-content\/uploads\/2022\/10\/Carnaval_La_Marina_Casa_de_Campo-1.gif?fit=650%2C464&ssl=1&resize=350%2C200","width":350,"height":200,"srcset":"https:\/\/i0.wp.com\/casadecampoliving.com\/wp-content\/uploads\/2022\/10\/Carnaval_La_Marina_Casa_de_Campo-1.gif?fit=650%2C464&ssl=1&resize=350%2C200 1x, https:\/\/i0.wp.com\/casadecampoliving.com\/wp-content\/uploads\/2022\/10\/Carnaval_La_Marina_Casa_de_Campo-1.gif?fit=650%2C464&ssl=1&resize=525%2C300 1.5x"},"classes":[]},{"id":343813,"url":"https:\/\/casadecampoliving.com\/es\/llego-el-carnaval-dominicano\/","url_meta":{"origin":343760,"position":1},"title":"Lleg\u00f3 el Carnaval Dominicano","author":"Genesis Perdomo","date":"7 Feb, 2024","format":false,"excerpt":"El mes de febrero acaba de llegar,\u00a0\u00bfSabe usted lo que eso significa? \u00a1es hora del carnaval! \u00bfest\u00e1 usted listo para disfrutar de la celebraci\u00f3n m\u00e1s colorida de todo el a\u00f1o? El Carnaval Dominicano es una de las celebraciones m\u00e1s anticipadas y emocionantes en La Rep\u00fablica Dominicana. Es una ocasi\u00f3n llena\u2026","rel":"","context":"En \u00abCasa de Campo Living @es\u00bb","block_context":{"text":"Casa de Campo Living @es","link":"https:\/\/casadecampoliving.com\/category\/casa-de-campo-living-es\/"},"img":{"alt_text":"","src":"https:\/\/i0.wp.com\/casadecampoliving.com\/wp-content\/uploads\/2023\/02\/EJ4B5713.jpg?fit=1200%2C800&ssl=1&resize=350%2C200","width":350,"height":200,"srcset":"https:\/\/i0.wp.com\/casadecampoliving.com\/wp-content\/uploads\/2023\/02\/EJ4B5713.jpg?fit=1200%2C800&ssl=1&resize=350%2C200 1x, https:\/\/i0.wp.com\/casadecampoliving.com\/wp-content\/uploads\/2023\/02\/EJ4B5713.jpg?fit=1200%2C800&ssl=1&resize=525%2C300 1.5x, https:\/\/i0.wp.com\/casadecampoliving.com\/wp-content\/uploads\/2023\/02\/EJ4B5713.jpg?fit=1200%2C800&ssl=1&resize=700%2C400 2x, https:\/\/i0.wp.com\/casadecampoliving.com\/wp-content\/uploads\/2023\/02\/EJ4B5713.jpg?fit=1200%2C800&ssl=1&resize=1050%2C600 3x"},"classes":[]},{"id":340506,"url":"https:\/\/casadecampoliving.com\/es\/la-marina-casa-de-campo-anuncia-la-celebracion-del-carnaval-durante-todo-un-mes\/","url_meta":{"origin":343760,"position":2},"title":"La Marina Casa de Campo anuncia la celebraci\u00f3n del Carnaval durante todo un mes!","author":"","date":"22 Ene, 2013","format":false,"excerpt":"Durante el mes de febrero, la Rep\u00fablica Dominicana celebra el Carnaval Dominicano, y este a\u00f1o el \u201cCarnaval de la Marina\u201d, ahora en su segunda edici\u00f3n, por primera vez\u00a0ser\u00e1 celebrado durante todo el mes de febrero con eventos y actividades tem\u00e1ticos que comenzar\u00e1n a partir del s\u00e1bado 2 de febrero.\u00a0 El\u2026","rel":"","context":"En \u00abArte y cultura\u00bb","block_context":{"text":"Arte y cultura","link":"https:\/\/casadecampoliving.com\/category\/arte-y-cultura\/"},"img":{"alt_text":"carnaval marina","src":"https:\/\/i0.wp.com\/casadecampoliving.com\/wp-content\/uploads\/2022\/10\/Carnaval-de-La-Marina13_final-draft_01-1.jpg?fit=650%2C509&ssl=1&resize=350%2C200","width":350,"height":200,"srcset":"https:\/\/i0.wp.com\/casadecampoliving.com\/wp-content\/uploads\/2022\/10\/Carnaval-de-La-Marina13_final-draft_01-1.jpg?fit=650%2C509&ssl=1&resize=350%2C200 1x, https:\/\/i0.wp.com\/casadecampoliving.com\/wp-content\/uploads\/2022\/10\/Carnaval-de-La-Marina13_final-draft_01-1.jpg?fit=650%2C509&ssl=1&resize=525%2C300 1.5x"},"classes":[]},{"id":343841,"url":"https:\/\/casadecampoliving.com\/es\/personajes-del-carnaval-dominicano-1-roba-la-gallina\/","url_meta":{"origin":343760,"position":3},"title":"Personajes del Carnaval Dominicano: Roba La Gallina","author":"Casa de Campo Living","date":"21 Feb, 2024","format":false,"excerpt":"El Carnaval Dominicano es una de las celebraciones m\u00e1s esperadas y emocionantes en La Rep\u00fablica Dominicana, y para entrar en el esp\u00edritu del Carnaval Dominicano, en las siguientes semanas estaremos publicando art\u00edculos sobre los diferentes personajes del carnaval y aqu\u00ed est\u00e1 el #1 \u2013 Roba La Gallina. Origen Roba la\u2026","rel":"","context":"En \u00abArte y cultura\u00bb","block_context":{"text":"Arte y cultura","link":"https:\/\/casadecampoliving.com\/category\/arte-y-cultura\/"},"img":{"alt_text":"","src":"https:\/\/i0.wp.com\/casadecampoliving.com\/wp-content\/uploads\/2024\/02\/DSC_0575-scaled.jpg?fit=1200%2C965&ssl=1&resize=350%2C200","width":350,"height":200,"srcset":"https:\/\/i0.wp.com\/casadecampoliving.com\/wp-content\/uploads\/2024\/02\/DSC_0575-scaled.jpg?fit=1200%2C965&ssl=1&resize=350%2C200 1x, https:\/\/i0.wp.com\/casadecampoliving.com\/wp-content\/uploads\/2024\/02\/DSC_0575-scaled.jpg?fit=1200%2C965&ssl=1&resize=525%2C300 1.5x, https:\/\/i0.wp.com\/casadecampoliving.com\/wp-content\/uploads\/2024\/02\/DSC_0575-scaled.jpg?fit=1200%2C965&ssl=1&resize=700%2C400 2x, https:\/\/i0.wp.com\/casadecampoliving.com\/wp-content\/uploads\/2024\/02\/DSC_0575-scaled.jpg?fit=1200%2C965&ssl=1&resize=1050%2C600 3x"},"classes":[]},{"id":340593,"url":"https:\/\/casadecampoliving.com\/es\/zumba-carnaval-en-la-marina-casa-de-campo-da-inicio-a-un-mes-de-celebraciones\/","url_meta":{"origin":343760,"position":4},"title":"\u00abZumba Carnaval\u00bb en la Marina Casa de Campo da inicio a un mes de celebraciones!","author":"","date":"5 Feb, 2013","format":false,"excerpt":"El s\u00e1bado 2 de febrero, el \u201cZumba Carnaval\u201d dio comienzo a la celebraci\u00f3n del carnaval durante todo el mes de febrero en la Marina Casa de Campo. Celebrado en la Plaza Portofino de la Marina Casa de Campo, el evento del Zumba Master Class con tem\u00e1tica de carnaval, mantuvo a\u2026","rel":"","context":"En \u00abEventos\u00bb","block_context":{"text":"Eventos","link":"https:\/\/casadecampoliving.com\/es\/category\/eventos-es\/"},"img":{"alt_text":"zumba carnaval","src":"https:\/\/i0.wp.com\/casadecampoliving.com\/wp-content\/uploads\/2022\/10\/zumba_carnaval-1.jpg?fit=650%2C400&ssl=1&resize=350%2C200","width":350,"height":200,"srcset":"https:\/\/i0.wp.com\/casadecampoliving.com\/wp-content\/uploads\/2022\/10\/zumba_carnaval-1.jpg?fit=650%2C400&ssl=1&resize=350%2C200 1x, https:\/\/i0.wp.com\/casadecampoliving.com\/wp-content\/uploads\/2022\/10\/zumba_carnaval-1.jpg?fit=650%2C400&ssl=1&resize=525%2C300 1.5x"},"classes":[]},{"id":340610,"url":"https:\/\/casadecampoliving.com\/es\/el-museo-arqueologico-y-el-anfiteatro-altos-de-chavon-les-invita-al-carnaval-infantil-viernes-15-de-feb\/","url_meta":{"origin":343760,"position":5},"title":"\u00a1El Museo Arqueol\u00f3gico y el Anfiteatro Altos de Chav\u00f3n les invita al \u00abCarnaval Infantil\u00bb &#8211; viernes 15 de feb!","author":"","date":"11 Feb, 2013","format":false,"excerpt":"\u00a1Excelentes noticias! Sab\u00edas que pronto se estar\u00e1 celebrando el Carnaval Infantil en Altos de Chav\u00f3n? Sab\u00edas que puedes participar en la comparsa con un s\u00faper disfraz, eligiendo a tu personaje favorito del Carnaval Dominicano? Pues este viernes 15 de febrero, Altos de Chav\u00f3n, bajo la organizaci\u00f3n del Museo Arqueol\u00f3gico Regional\u2026","rel":"","context":"En \u00abAltos de Chavon @es\u00bb","block_context":{"text":"Altos de Chavon @es","link":"https:\/\/casadecampoliving.com\/category\/altos-de-chavon-es\/"},"img":{"alt_text":"carnaval dominicano","src":"https:\/\/i0.wp.com\/casadecampoliving.com\/wp-content\/uploads\/2022\/10\/carnaval_dominicano2-1.jpg?fit=650%2C300&ssl=1&resize=350%2C200","width":350,"height":200,"srcset":"https:\/\/i0.wp.com\/casadecampoliving.com\/wp-content\/uploads\/2022\/10\/carnaval_dominicano2-1.jpg?fit=650%2C300&ssl=1&resize=350%2C200 1x, https:\/\/i0.wp.com\/casadecampoliving.com\/wp-content\/uploads\/2022\/10\/carnaval_dominicano2-1.jpg?fit=650%2C300&ssl=1&resize=525%2C300 1.5x"},"classes":[]}],"jetpack_sharing_enabled":true,"_links":{"self":[{"href":"https:\/\/casadecampoliving.com\/es\/wp-json\/wp\/v2\/posts\/343760","targetHints":{"allow":["GET"]}}],"collection":[{"href":"https:\/\/casadecampoliving.com\/es\/wp-json\/wp\/v2\/posts"}],"about":[{"href":"https:\/\/casadecampoliving.com\/es\/wp-json\/wp\/v2\/types\/post"}],"author":[{"embeddable":true,"href":"https:\/\/casadecampoliving.com\/es\/wp-json\/wp\/v2\/users\/614"}],"replies":[{"embeddable":true,"href":"https:\/\/casadecampoliving.com\/es\/wp-json\/wp\/v2\/comments?post=343760"}],"version-history":[{"count":1,"href":"https:\/\/casadecampoliving.com\/es\/wp-json\/wp\/v2\/posts\/343760\/revisions"}],"predecessor-version":[{"id":343761,"href":"https:\/\/casadecampoliving.com\/es\/wp-json\/wp\/v2\/posts\/343760\/revisions\/343761"}],"wp:featuredmedia":[{"embeddable":true,"href":"https:\/\/casadecampoliving.com\/es\/wp-json\/wp\/v2\/media\/259484"}],"wp:attachment":[{"href":"https:\/\/casadecampoliving.com\/es\/wp-json\/wp\/v2\/media?parent=343760"}],"wp:term":[{"taxonomy":"category","embeddable":true,"href":"https:\/\/casadecampoliving.com\/es\/wp-json\/wp\/v2\/categories?post=343760"},{"taxonomy":"post_tag","embeddable":true,"href":"https:\/\/casadecampoliving.com\/es\/wp-json\/wp\/v2\/tags?post=343760"},{"taxonomy":"newspack_spnsrs_tax","embeddable":true,"href":"https:\/\/casadecampoliving.com\/es\/wp-json\/wp\/v2\/newspack_spnsrs_tax?post=343760"}],"curies":[{"name":"wp","href":"https:\/\/api.w.org\/{rel}","templated":true}]}}