{"id":343744,"date":"2014-01-22T00:00:00","date_gmt":"2014-01-22T04:00:00","guid":{"rendered":"https:\/\/casadecampoliving.com\/el-ministro-de-cultura-jose-antonio-rodriguez-visita-la-fortaleza-y-revela-planes-para-este-pueblo-cultural\/"},"modified":"2022-10-21T18:50:59","modified_gmt":"2022-10-21T22:50:59","slug":"el-ministro-de-cultura-jose-antonio-rodriguez-visita-la-fortaleza-y-revela-planes-para-este-pueblo-cultural","status":"publish","type":"post","link":"https:\/\/casadecampoliving.com\/es\/el-ministro-de-cultura-jose-antonio-rodriguez-visita-la-fortaleza-y-revela-planes-para-este-pueblo-cultural\/","title":{"rendered":"El ministro de cultura Jos\u00e9 Antonio Rodr\u00edguez visita la Fortaleza y revela planes para este pueblo cultural"},"content":{"rendered":"<div class=\"wp-block-image\">\n<figure class=\"aligncenter is-resized\"><img loading=\"lazy\" decoding=\"async\" src=\"https:\/\/i0.wp.com\/casadecampoliving.com\/wp-content\/uploads\/2022\/10\/jenny_polanco_jose_antonio_rodriguez_philip_silvestri.jpg?resize=650%2C488&amp;ssl=1\" alt=\"Jenny Polanco Jose Antonio Rodriguez Philip Silvestri\" class=\"wp-image-84801\" height=\"488\" width=\"650\"\/><\/figure>\n<\/div>\n\n\n<p>Durante la temporada alta en Casa de Campo, el ministro de Cutura Jos\u00e9 antonio Rodr\u00edguez, no solo nos acompa\u00f1o en algunas de las celebraciones en Casa de Campo, pero tambien para una visita y tour privada en \u201cLa Fortaleza\u201d, la cual estar\u00e1 abriendo como un pueblo cultural m\u00e1s tarde este a\u00f1o.<\/p>\n\n\n\n<p>El emocionante \u201cAldea Cultural Santa Rosa de Lima\u201d (pueblo cultural) proyecto comenz\u00f3 el pasado Febrero, cuando la vicepresidenta de La Rep\u00fablica Dominicana, Margarita Cede\u00f1o de Fern\u00e1ndez entre otros dignatarios, <a href=\"https:\/\/casadecampoliving.com\/es\/dejando-atras-lo-antiguo-y-recibiendo-lo-nuevo-convirtiendo-la-fortaleza-en-una-aldea-cultural\/\">se dieron cita en la ceremonia de lanzamiento de transformaci\u00f3n<\/a>, en la cual se ve la vieja prisi\u00f3n \u201cLa Fortaleza\u201d convertirse en un pueblo cultural.<\/p>\n\n\n\n<!--more-->\n\n\n\n<p>En un tour de la locaci\u00f3n, el ministro de cultura Dominicano J\u00f3se Antonio Rodr\u00edguez se uni\u00f3 a la dise\u00f1adora Dominicana, propietaria de villa en Casa de Campo y empresaria, Jenny Polanco. Seg\u00fan Jenny Polanco, el pueblo cultural no solo se convertir\u00e1 en algo popular entre los turistas visitantes \u2013 pero tambi\u00e9n ser\u00e1 un lugar donde los artesanos Dominicanos podr\u00e1n desarrollar sus habilidades, como tambi\u00e9n sus obras de arte.<\/p>\n\n\n\n<p>Mientras Jos\u00e9 Rodr\u00edguez daba su tour en el \u00e1rea habl\u00f3 con nosotros con la esperanza de que sus planes para este proyecto se conviertan en \u201cparte de La Romana y algo del cual el pueblo se pueda adue\u00f1ar\u201d.<\/p>\n\n\n\n<p>Seg\u00fan Jos\u00e9 Antonio Rodr\u00edguez, la primera fase del proyecto es abrir una nueva escuela cultural en Marzo de este a\u00f1o. Esta escuela b\u00e1sicamente ser\u00e1 la re ubicaci\u00f3n de Casa de la Cultura actualmente ubicada en la intersecci\u00f3n de la Francisco Richiez y la Duarte en La Romana. La Casa de la Cultura le ofrece a los j\u00f3venes de las \u00e1reas de La Romana la oportunidad de disfrutar de la variedad de b\u00fasqueda cultural, como la m\u00fasica y el arte.<\/p>\n\n\n<div class=\"wp-block-image\">\n<figure class=\"aligncenter is-resized\"><img loading=\"lazy\" decoding=\"async\" src=\"https:\/\/i0.wp.com\/casadecampoliving.com\/wp-content\/uploads\/2022\/10\/aldea_cultural_santa_rosa_lima_la_romana.jpg?resize=650%2C335&amp;ssl=1\" alt=\"aldea cultural sant rosa de lima\" class=\"wp-image-65162\" title=\"aldea_cultural_santa_rosa_lima_la_romana\" height=\"335\" width=\"650\"\/><\/figure>\n<\/div>\n\n\n<p class=\"has-text-align-center\"><strong>Rendering of the future \u201cAldea Cultural Santa Rosa de Lima\u201d in La Romana<\/strong><br>\n<\/p>\n\n\n\n<p>La pr\u00f3xima fase incluir\u00e1 un anfiteatro de teatro y producci\u00f3n musical, un taller donde los artesanos locales puedan crear artesan\u00eda Dominicana, y una tienda para vender todos estos art\u00edculos.<\/p>\n\n\n\n<p>Se espera que los turistas alrededor de La Rep\u00fablica Dominicana visiten este pueblo cultural cuando abra, pero ser\u00e1 especialmente popular para los turistas que lleguen en los cruceros a La Romana \u2013 puerto de Casa de Campo, quienes podr\u00e1n caminar desde su barco.<\/p>\n","protected":false},"excerpt":{"rendered":"<p>Durante la temporada alta en Casa de Campo, el ministro de Cutura Jos\u00e9 antonio Rodr\u00edguez, no solo nos acompa\u00f1o en algunas de las celebraciones en Casa de Campo, pero tambien para una visita y tour privada en \u201cLa Fortaleza\u201d, la cual estar\u00e1 abriendo como un pueblo cultural m\u00e1s tarde este a\u00f1o. El emocionante \u201cAldea Cultural [&hellip;]<\/p>\n","protected":false},"author":614,"featured_media":259006,"comment_status":"closed","ping_status":"closed","sticky":false,"template":"","format":"standard","meta":{"newspack_ads_suppress_ads":false,"newspack_popups_has_disabled_popups":false,"newspack_sponsor_sponsorship_scope":"","newspack_sponsor_native_byline_display":"inherit","newspack_sponsor_native_category_display":"inherit","newspack_sponsor_underwriter_style":"inherit","newspack_sponsor_underwriter_placement":"inherit","_newspack_byline_active":false,"_newspack_byline":"","newspack_hide_updated_date":false,"newspack_show_updated_date":false,"newspack_content_restriction_is_exempt":false,"newspack_featured_image_position":"","newspack_post_subtitle":"","newspack_article_summary_title":"Overview:","newspack_article_summary":"","_jetpack_memberships_contains_paid_content":false,"footnotes":"","jetpack_publicize_message":"","jetpack_publicize_feature_enabled":true,"jetpack_social_post_already_shared":false,"jetpack_social_options":{"image_generator_settings":{"template":"highway","default_image_id":0,"font":"","enabled":false},"version":2},"_wpas_customize_per_network":false},"categories":[26823,26936,26951,14631,2522,2507,2506,14625,14627,2521,2526],"tags":[2575,1614,1616,18932,2606],"newspack_spnsrs_tax":[],"class_list":["post-343744","post","type-post","status-publish","format-standard","has-post-thumbnail","hentry","category-arte-y-cultura","category-casa-de-campo-living-es","category-ccl-presenta","category-estilo-de-vida","category-eventos-es","category-la-romana-es","category-mas-alla-de-casa-es","category-noticias-locales","category-proximamente","category-republica-dominicana-2","category-titulares-es","tag-comunidad-de-casa-de-campo","tag-jenny-polanco-project","tag-jose-antonio-rodriguez","tag-la-romana-es-4","tag-ministro-de-cultura","entry"],"yoast_head":"<!-- This site is optimized with the Yoast SEO plugin v27.5 - https:\/\/yoast.com\/product\/yoast-seo-wordpress\/ -->\n<title>El ministro de cultura Jos\u00e9 Antonio Rodr\u00edguez visita la Fortaleza y revela planes para este pueblo cultural | Casa de Campo Living<\/title>\n<meta name=\"description\" content=\"Durante la temporada alta en Casa de Campo, el ministro de Cutura Jos\u00e9 antonio Rodr\u00edguez, no solo nos acompa\u00f1o en algunas de las celebraciones en Casa de\" \/>\n<meta name=\"robots\" content=\"index, follow, max-snippet:-1, max-image-preview:large, max-video-preview:-1\" \/>\n<link rel=\"canonical\" href=\"https:\/\/casadecampoliving.com\/es\/el-ministro-de-cultura-jose-antonio-rodriguez-visita-la-fortaleza-y-revela-planes-para-este-pueblo-cultural\/\" \/>\n<meta property=\"og:locale\" content=\"es_ES\" \/>\n<meta property=\"og:type\" content=\"article\" \/>\n<meta property=\"og:title\" content=\"El ministro de cultura Jos\u00e9 Antonio Rodr\u00edguez visita la Fortaleza y revela planes para este pueblo cultural | Casa de Campo Living\" \/>\n<meta property=\"og:description\" content=\"Durante la temporada alta en Casa de Campo, el ministro de Cutura Jos\u00e9 antonio Rodr\u00edguez, no solo nos acompa\u00f1o en algunas de las celebraciones en Casa de\" \/>\n<meta property=\"og:url\" content=\"https:\/\/casadecampoliving.com\/es\/el-ministro-de-cultura-jose-antonio-rodriguez-visita-la-fortaleza-y-revela-planes-para-este-pueblo-cultural\/\" \/>\n<meta property=\"og:site_name\" content=\"Casa de Campo Living\" \/>\n<meta property=\"article:publisher\" content=\"https:\/\/www.facebook.com\/casadecampoliving\" \/>\n<meta property=\"article:published_time\" content=\"2014-01-22T04:00:00+00:00\" \/>\n<meta property=\"article:modified_time\" content=\"2022-10-21T22:50:59+00:00\" \/>\n<meta property=\"og:image\" content=\"https:\/\/i0.wp.com\/casadecampoliving.com\/wp-content\/uploads\/2022\/10\/jenny_polanco_jose_antonio_rodriguez_philip_silvestri-1.jpg?fit=650%2C488&ssl=1\" \/>\n\t<meta property=\"og:image:width\" content=\"650\" \/>\n\t<meta property=\"og:image:height\" content=\"488\" \/>\n\t<meta property=\"og:image:type\" content=\"image\/jpeg\" \/>\n<meta name=\"author\" content=\"Genesis Perdomo\" \/>\n<meta name=\"twitter:card\" content=\"summary_large_image\" \/>\n<meta name=\"twitter:creator\" content=\"@cdcliving\" \/>\n<meta name=\"twitter:site\" content=\"@cdcliving\" \/>\n<meta name=\"twitter:label1\" content=\"Escrito por\" \/>\n\t<meta name=\"twitter:data1\" content=\"Genesis Perdomo\" \/>\n\t<meta name=\"twitter:label2\" content=\"Tiempo de lectura\" \/>\n\t<meta name=\"twitter:data2\" content=\"2 minutos\" \/>\n<script type=\"application\/ld+json\" class=\"yoast-schema-graph\">{\"@context\":\"https:\\\/\\\/schema.org\",\"@graph\":[{\"@type\":\"Article\",\"@id\":\"https:\\\/\\\/casadecampoliving.com\\\/es\\\/el-ministro-de-cultura-jose-antonio-rodriguez-visita-la-fortaleza-y-revela-planes-para-este-pueblo-cultural\\\/#article\",\"isPartOf\":{\"@id\":\"https:\\\/\\\/casadecampoliving.com\\\/es\\\/el-ministro-de-cultura-jose-antonio-rodriguez-visita-la-fortaleza-y-revela-planes-para-este-pueblo-cultural\\\/\"},\"author\":{\"name\":\"Genesis Perdomo\",\"@id\":\"https:\\\/\\\/casadecampoliving.com\\\/es\\\/#\\\/schema\\\/person\\\/242cf7c69a59395bbe7de24405601b76\"},\"headline\":\"El ministro de cultura Jos\u00e9 Antonio Rodr\u00edguez visita la Fortaleza y revela planes para este pueblo cultural\",\"datePublished\":\"2014-01-22T04:00:00+00:00\",\"dateModified\":\"2022-10-21T22:50:59+00:00\",\"mainEntityOfPage\":{\"@id\":\"https:\\\/\\\/casadecampoliving.com\\\/es\\\/el-ministro-de-cultura-jose-antonio-rodriguez-visita-la-fortaleza-y-revela-planes-para-este-pueblo-cultural\\\/\"},\"wordCount\":425,\"publisher\":{\"@id\":\"https:\\\/\\\/casadecampoliving.com\\\/es\\\/#organization\"},\"image\":{\"@id\":\"https:\\\/\\\/casadecampoliving.com\\\/es\\\/el-ministro-de-cultura-jose-antonio-rodriguez-visita-la-fortaleza-y-revela-planes-para-este-pueblo-cultural\\\/#primaryimage\"},\"thumbnailUrl\":\"https:\\\/\\\/i0.wp.com\\\/casadecampoliving.com\\\/wp-content\\\/uploads\\\/2022\\\/10\\\/jenny_polanco_jose_antonio_rodriguez_philip_silvestri-1.jpg?fit=650%2C488&ssl=1\",\"keywords\":[\"comunidad de casa de campo\",\"jenny polanco project\",\"Jose Antonio Rodriguez\",\"La Romana\",\"ministro de cultura\"],\"articleSection\":[\"Arte y cultura\",\"Casa de Campo Living @es\",\"CCL presenta\",\"Estilo de Vida\",\"Eventos\",\"La Romana @es\",\"M\u00e1s all\u00e1 de Casa\",\"Noticias Locales\",\"Proximamente\",\"Rep\u00fablica Dominicana @es\",\"Titulares\"],\"inLanguage\":\"es\"},{\"@type\":\"WebPage\",\"@id\":\"https:\\\/\\\/casadecampoliving.com\\\/es\\\/el-ministro-de-cultura-jose-antonio-rodriguez-visita-la-fortaleza-y-revela-planes-para-este-pueblo-cultural\\\/\",\"url\":\"https:\\\/\\\/casadecampoliving.com\\\/es\\\/el-ministro-de-cultura-jose-antonio-rodriguez-visita-la-fortaleza-y-revela-planes-para-este-pueblo-cultural\\\/\",\"name\":\"El ministro de cultura Jos\u00e9 Antonio Rodr\u00edguez visita la Fortaleza y revela planes para este pueblo cultural | Casa de Campo Living\",\"isPartOf\":{\"@id\":\"https:\\\/\\\/casadecampoliving.com\\\/es\\\/#website\"},\"primaryImageOfPage\":{\"@id\":\"https:\\\/\\\/casadecampoliving.com\\\/es\\\/el-ministro-de-cultura-jose-antonio-rodriguez-visita-la-fortaleza-y-revela-planes-para-este-pueblo-cultural\\\/#primaryimage\"},\"image\":{\"@id\":\"https:\\\/\\\/casadecampoliving.com\\\/es\\\/el-ministro-de-cultura-jose-antonio-rodriguez-visita-la-fortaleza-y-revela-planes-para-este-pueblo-cultural\\\/#primaryimage\"},\"thumbnailUrl\":\"https:\\\/\\\/i0.wp.com\\\/casadecampoliving.com\\\/wp-content\\\/uploads\\\/2022\\\/10\\\/jenny_polanco_jose_antonio_rodriguez_philip_silvestri-1.jpg?fit=650%2C488&ssl=1\",\"datePublished\":\"2014-01-22T04:00:00+00:00\",\"dateModified\":\"2022-10-21T22:50:59+00:00\",\"description\":\"Durante la temporada alta en Casa de Campo, el ministro de Cutura Jos\u00e9 antonio Rodr\u00edguez, no solo nos acompa\u00f1o en algunas de las celebraciones en Casa de\",\"breadcrumb\":{\"@id\":\"https:\\\/\\\/casadecampoliving.com\\\/es\\\/el-ministro-de-cultura-jose-antonio-rodriguez-visita-la-fortaleza-y-revela-planes-para-este-pueblo-cultural\\\/#breadcrumb\"},\"inLanguage\":\"es\",\"potentialAction\":[{\"@type\":\"ReadAction\",\"target\":[\"https:\\\/\\\/casadecampoliving.com\\\/es\\\/el-ministro-de-cultura-jose-antonio-rodriguez-visita-la-fortaleza-y-revela-planes-para-este-pueblo-cultural\\\/\"]}]},{\"@type\":\"ImageObject\",\"inLanguage\":\"es\",\"@id\":\"https:\\\/\\\/casadecampoliving.com\\\/es\\\/el-ministro-de-cultura-jose-antonio-rodriguez-visita-la-fortaleza-y-revela-planes-para-este-pueblo-cultural\\\/#primaryimage\",\"url\":\"https:\\\/\\\/i0.wp.com\\\/casadecampoliving.com\\\/wp-content\\\/uploads\\\/2022\\\/10\\\/jenny_polanco_jose_antonio_rodriguez_philip_silvestri-1.jpg?fit=650%2C488&ssl=1\",\"contentUrl\":\"https:\\\/\\\/i0.wp.com\\\/casadecampoliving.com\\\/wp-content\\\/uploads\\\/2022\\\/10\\\/jenny_polanco_jose_antonio_rodriguez_philip_silvestri-1.jpg?fit=650%2C488&ssl=1\",\"width\":650,\"height\":488,\"caption\":\"Jenny Polanco Jose Antonio Rodriguez Philip Silvestri\"},{\"@type\":\"BreadcrumbList\",\"@id\":\"https:\\\/\\\/casadecampoliving.com\\\/es\\\/el-ministro-de-cultura-jose-antonio-rodriguez-visita-la-fortaleza-y-revela-planes-para-este-pueblo-cultural\\\/#breadcrumb\",\"itemListElement\":[{\"@type\":\"ListItem\",\"position\":1,\"name\":\"Home\",\"item\":\"https:\\\/\\\/casadecampoliving.com\\\/es\\\/\"},{\"@type\":\"ListItem\",\"position\":2,\"name\":\"El ministro de cultura Jos\u00e9 Antonio Rodr\u00edguez visita la Fortaleza y revela planes para este pueblo cultural\"}]},{\"@type\":\"WebSite\",\"@id\":\"https:\\\/\\\/casadecampoliving.com\\\/es\\\/#website\",\"url\":\"https:\\\/\\\/casadecampoliving.com\\\/es\\\/\",\"name\":\"Casa de Campo Living\",\"description\":\"Resort community news and resources.\",\"publisher\":{\"@id\":\"https:\\\/\\\/casadecampoliving.com\\\/es\\\/#organization\"},\"potentialAction\":[{\"@type\":\"SearchAction\",\"target\":{\"@type\":\"EntryPoint\",\"urlTemplate\":\"https:\\\/\\\/casadecampoliving.com\\\/es\\\/?s={search_term_string}\"},\"query-input\":{\"@type\":\"PropertyValueSpecification\",\"valueRequired\":true,\"valueName\":\"search_term_string\"}}],\"inLanguage\":\"es\"},{\"@type\":\"Organization\",\"@id\":\"https:\\\/\\\/casadecampoliving.com\\\/es\\\/#organization\",\"name\":\"Casa de Campo Living\",\"url\":\"https:\\\/\\\/casadecampoliving.com\\\/es\\\/\",\"logo\":{\"@type\":\"ImageObject\",\"inLanguage\":\"es\",\"@id\":\"https:\\\/\\\/casadecampoliving.com\\\/es\\\/#\\\/schema\\\/logo\\\/image\\\/\",\"url\":\"https:\\\/\\\/i0.wp.com\\\/casadecampoliving.com\\\/wp-content\\\/uploads\\\/2022\\\/07\\\/CDCLivingLogo_V1-white-sized.png?fit=800%2C214&ssl=1\",\"contentUrl\":\"https:\\\/\\\/i0.wp.com\\\/casadecampoliving.com\\\/wp-content\\\/uploads\\\/2022\\\/07\\\/CDCLivingLogo_V1-white-sized.png?fit=800%2C214&ssl=1\",\"width\":800,\"height\":214,\"caption\":\"Casa de Campo Living\"},\"image\":{\"@id\":\"https:\\\/\\\/casadecampoliving.com\\\/es\\\/#\\\/schema\\\/logo\\\/image\\\/\"},\"sameAs\":[\"https:\\\/\\\/www.facebook.com\\\/casadecampoliving\",\"https:\\\/\\\/x.com\\\/cdcliving\"]},{\"@type\":\"Person\",\"@id\":\"https:\\\/\\\/casadecampoliving.com\\\/es\\\/#\\\/schema\\\/person\\\/242cf7c69a59395bbe7de24405601b76\",\"name\":\"Genesis Perdomo\",\"image\":{\"@type\":\"ImageObject\",\"inLanguage\":\"es\",\"@id\":\"https:\\\/\\\/secure.gravatar.com\\\/avatar\\\/1e89145b3cf01cf3b3fdf1d3d2e3c53f60c2978235045ae44df10fb8c79924c1?s=96&d=mm&r=g\",\"url\":\"https:\\\/\\\/secure.gravatar.com\\\/avatar\\\/1e89145b3cf01cf3b3fdf1d3d2e3c53f60c2978235045ae44df10fb8c79924c1?s=96&d=mm&r=g\",\"contentUrl\":\"https:\\\/\\\/secure.gravatar.com\\\/avatar\\\/1e89145b3cf01cf3b3fdf1d3d2e3c53f60c2978235045ae44df10fb8c79924c1?s=96&d=mm&r=g\",\"caption\":\"Genesis Perdomo\"},\"url\":\"https:\\\/\\\/casadecampoliving.com\\\/es\\\/author\\\/gperdomo\\\/\"}]}<\/script>\n<!-- \/ Yoast SEO plugin. -->","yoast_head_json":{"title":"El ministro de cultura Jos\u00e9 Antonio Rodr\u00edguez visita la Fortaleza y revela planes para este pueblo cultural | Casa de Campo Living","description":"Durante la temporada alta en Casa de Campo, el ministro de Cutura Jos\u00e9 antonio Rodr\u00edguez, no solo nos acompa\u00f1o en algunas de las celebraciones en Casa de","robots":{"index":"index","follow":"follow","max-snippet":"max-snippet:-1","max-image-preview":"max-image-preview:large","max-video-preview":"max-video-preview:-1"},"canonical":"https:\/\/casadecampoliving.com\/es\/el-ministro-de-cultura-jose-antonio-rodriguez-visita-la-fortaleza-y-revela-planes-para-este-pueblo-cultural\/","og_locale":"es_ES","og_type":"article","og_title":"El ministro de cultura Jos\u00e9 Antonio Rodr\u00edguez visita la Fortaleza y revela planes para este pueblo cultural | Casa de Campo Living","og_description":"Durante la temporada alta en Casa de Campo, el ministro de Cutura Jos\u00e9 antonio Rodr\u00edguez, no solo nos acompa\u00f1o en algunas de las celebraciones en Casa de","og_url":"https:\/\/casadecampoliving.com\/es\/el-ministro-de-cultura-jose-antonio-rodriguez-visita-la-fortaleza-y-revela-planes-para-este-pueblo-cultural\/","og_site_name":"Casa de Campo Living","article_publisher":"https:\/\/www.facebook.com\/casadecampoliving","article_published_time":"2014-01-22T04:00:00+00:00","article_modified_time":"2022-10-21T22:50:59+00:00","og_image":[{"width":650,"height":488,"url":"https:\/\/i0.wp.com\/casadecampoliving.com\/wp-content\/uploads\/2022\/10\/jenny_polanco_jose_antonio_rodriguez_philip_silvestri-1.jpg?fit=650%2C488&ssl=1","type":"image\/jpeg"}],"author":"Genesis Perdomo","twitter_card":"summary_large_image","twitter_creator":"@cdcliving","twitter_site":"@cdcliving","twitter_misc":{"Escrito por":"Genesis Perdomo","Tiempo de lectura":"2 minutos"},"schema":{"@context":"https:\/\/schema.org","@graph":[{"@type":"Article","@id":"https:\/\/casadecampoliving.com\/es\/el-ministro-de-cultura-jose-antonio-rodriguez-visita-la-fortaleza-y-revela-planes-para-este-pueblo-cultural\/#article","isPartOf":{"@id":"https:\/\/casadecampoliving.com\/es\/el-ministro-de-cultura-jose-antonio-rodriguez-visita-la-fortaleza-y-revela-planes-para-este-pueblo-cultural\/"},"author":{"name":"Genesis Perdomo","@id":"https:\/\/casadecampoliving.com\/es\/#\/schema\/person\/242cf7c69a59395bbe7de24405601b76"},"headline":"El ministro de cultura Jos\u00e9 Antonio Rodr\u00edguez visita la Fortaleza y revela planes para este pueblo cultural","datePublished":"2014-01-22T04:00:00+00:00","dateModified":"2022-10-21T22:50:59+00:00","mainEntityOfPage":{"@id":"https:\/\/casadecampoliving.com\/es\/el-ministro-de-cultura-jose-antonio-rodriguez-visita-la-fortaleza-y-revela-planes-para-este-pueblo-cultural\/"},"wordCount":425,"publisher":{"@id":"https:\/\/casadecampoliving.com\/es\/#organization"},"image":{"@id":"https:\/\/casadecampoliving.com\/es\/el-ministro-de-cultura-jose-antonio-rodriguez-visita-la-fortaleza-y-revela-planes-para-este-pueblo-cultural\/#primaryimage"},"thumbnailUrl":"https:\/\/i0.wp.com\/casadecampoliving.com\/wp-content\/uploads\/2022\/10\/jenny_polanco_jose_antonio_rodriguez_philip_silvestri-1.jpg?fit=650%2C488&ssl=1","keywords":["comunidad de casa de campo","jenny polanco project","Jose Antonio Rodriguez","La Romana","ministro de cultura"],"articleSection":["Arte y cultura","Casa de Campo Living @es","CCL presenta","Estilo de Vida","Eventos","La Romana @es","M\u00e1s all\u00e1 de Casa","Noticias Locales","Proximamente","Rep\u00fablica Dominicana @es","Titulares"],"inLanguage":"es"},{"@type":"WebPage","@id":"https:\/\/casadecampoliving.com\/es\/el-ministro-de-cultura-jose-antonio-rodriguez-visita-la-fortaleza-y-revela-planes-para-este-pueblo-cultural\/","url":"https:\/\/casadecampoliving.com\/es\/el-ministro-de-cultura-jose-antonio-rodriguez-visita-la-fortaleza-y-revela-planes-para-este-pueblo-cultural\/","name":"El ministro de cultura Jos\u00e9 Antonio Rodr\u00edguez visita la Fortaleza y revela planes para este pueblo cultural | Casa de Campo Living","isPartOf":{"@id":"https:\/\/casadecampoliving.com\/es\/#website"},"primaryImageOfPage":{"@id":"https:\/\/casadecampoliving.com\/es\/el-ministro-de-cultura-jose-antonio-rodriguez-visita-la-fortaleza-y-revela-planes-para-este-pueblo-cultural\/#primaryimage"},"image":{"@id":"https:\/\/casadecampoliving.com\/es\/el-ministro-de-cultura-jose-antonio-rodriguez-visita-la-fortaleza-y-revela-planes-para-este-pueblo-cultural\/#primaryimage"},"thumbnailUrl":"https:\/\/i0.wp.com\/casadecampoliving.com\/wp-content\/uploads\/2022\/10\/jenny_polanco_jose_antonio_rodriguez_philip_silvestri-1.jpg?fit=650%2C488&ssl=1","datePublished":"2014-01-22T04:00:00+00:00","dateModified":"2022-10-21T22:50:59+00:00","description":"Durante la temporada alta en Casa de Campo, el ministro de Cutura Jos\u00e9 antonio Rodr\u00edguez, no solo nos acompa\u00f1o en algunas de las celebraciones en Casa de","breadcrumb":{"@id":"https:\/\/casadecampoliving.com\/es\/el-ministro-de-cultura-jose-antonio-rodriguez-visita-la-fortaleza-y-revela-planes-para-este-pueblo-cultural\/#breadcrumb"},"inLanguage":"es","potentialAction":[{"@type":"ReadAction","target":["https:\/\/casadecampoliving.com\/es\/el-ministro-de-cultura-jose-antonio-rodriguez-visita-la-fortaleza-y-revela-planes-para-este-pueblo-cultural\/"]}]},{"@type":"ImageObject","inLanguage":"es","@id":"https:\/\/casadecampoliving.com\/es\/el-ministro-de-cultura-jose-antonio-rodriguez-visita-la-fortaleza-y-revela-planes-para-este-pueblo-cultural\/#primaryimage","url":"https:\/\/i0.wp.com\/casadecampoliving.com\/wp-content\/uploads\/2022\/10\/jenny_polanco_jose_antonio_rodriguez_philip_silvestri-1.jpg?fit=650%2C488&ssl=1","contentUrl":"https:\/\/i0.wp.com\/casadecampoliving.com\/wp-content\/uploads\/2022\/10\/jenny_polanco_jose_antonio_rodriguez_philip_silvestri-1.jpg?fit=650%2C488&ssl=1","width":650,"height":488,"caption":"Jenny Polanco Jose Antonio Rodriguez Philip Silvestri"},{"@type":"BreadcrumbList","@id":"https:\/\/casadecampoliving.com\/es\/el-ministro-de-cultura-jose-antonio-rodriguez-visita-la-fortaleza-y-revela-planes-para-este-pueblo-cultural\/#breadcrumb","itemListElement":[{"@type":"ListItem","position":1,"name":"Home","item":"https:\/\/casadecampoliving.com\/es\/"},{"@type":"ListItem","position":2,"name":"El ministro de cultura Jos\u00e9 Antonio Rodr\u00edguez visita la Fortaleza y revela planes para este pueblo cultural"}]},{"@type":"WebSite","@id":"https:\/\/casadecampoliving.com\/es\/#website","url":"https:\/\/casadecampoliving.com\/es\/","name":"Casa de Campo Living","description":"Resort community news and resources.","publisher":{"@id":"https:\/\/casadecampoliving.com\/es\/#organization"},"potentialAction":[{"@type":"SearchAction","target":{"@type":"EntryPoint","urlTemplate":"https:\/\/casadecampoliving.com\/es\/?s={search_term_string}"},"query-input":{"@type":"PropertyValueSpecification","valueRequired":true,"valueName":"search_term_string"}}],"inLanguage":"es"},{"@type":"Organization","@id":"https:\/\/casadecampoliving.com\/es\/#organization","name":"Casa de Campo Living","url":"https:\/\/casadecampoliving.com\/es\/","logo":{"@type":"ImageObject","inLanguage":"es","@id":"https:\/\/casadecampoliving.com\/es\/#\/schema\/logo\/image\/","url":"https:\/\/i0.wp.com\/casadecampoliving.com\/wp-content\/uploads\/2022\/07\/CDCLivingLogo_V1-white-sized.png?fit=800%2C214&ssl=1","contentUrl":"https:\/\/i0.wp.com\/casadecampoliving.com\/wp-content\/uploads\/2022\/07\/CDCLivingLogo_V1-white-sized.png?fit=800%2C214&ssl=1","width":800,"height":214,"caption":"Casa de Campo Living"},"image":{"@id":"https:\/\/casadecampoliving.com\/es\/#\/schema\/logo\/image\/"},"sameAs":["https:\/\/www.facebook.com\/casadecampoliving","https:\/\/x.com\/cdcliving"]},{"@type":"Person","@id":"https:\/\/casadecampoliving.com\/es\/#\/schema\/person\/242cf7c69a59395bbe7de24405601b76","name":"Genesis Perdomo","image":{"@type":"ImageObject","inLanguage":"es","@id":"https:\/\/secure.gravatar.com\/avatar\/1e89145b3cf01cf3b3fdf1d3d2e3c53f60c2978235045ae44df10fb8c79924c1?s=96&d=mm&r=g","url":"https:\/\/secure.gravatar.com\/avatar\/1e89145b3cf01cf3b3fdf1d3d2e3c53f60c2978235045ae44df10fb8c79924c1?s=96&d=mm&r=g","contentUrl":"https:\/\/secure.gravatar.com\/avatar\/1e89145b3cf01cf3b3fdf1d3d2e3c53f60c2978235045ae44df10fb8c79924c1?s=96&d=mm&r=g","caption":"Genesis Perdomo"},"url":"https:\/\/casadecampoliving.com\/es\/author\/gperdomo\/"}]}},"parsely":{"version":"1.1.0","canonical_url":"https:\/\/casadecampoliving.com\/es\/el-ministro-de-cultura-jose-antonio-rodriguez-visita-la-fortaleza-y-revela-planes-para-este-pueblo-cultural\/","smart_links":{"inbound":0,"outbound":0},"traffic_boost_suggestions_count":0,"meta":{"@context":"https:\/\/schema.org","@type":"NewsArticle","headline":"El ministro de cultura Jos\u00e9 Antonio Rodr\u00edguez visita la Fortaleza y revela planes para este pueblo cultural","url":"http:\/\/casadecampoliving.com\/es\/el-ministro-de-cultura-jose-antonio-rodriguez-visita-la-fortaleza-y-revela-planes-para-este-pueblo-cultural\/","mainEntityOfPage":{"@type":"WebPage","@id":"http:\/\/casadecampoliving.com\/es\/el-ministro-de-cultura-jose-antonio-rodriguez-visita-la-fortaleza-y-revela-planes-para-este-pueblo-cultural\/"},"thumbnailUrl":"https:\/\/i0.wp.com\/casadecampoliving.com\/wp-content\/uploads\/2022\/10\/jenny_polanco_jose_antonio_rodriguez_philip_silvestri-1.jpg?resize=150%2C150&ssl=1","image":{"@type":"ImageObject","url":"https:\/\/i0.wp.com\/casadecampoliving.com\/wp-content\/uploads\/2022\/10\/jenny_polanco_jose_antonio_rodriguez_philip_silvestri-1.jpg?fit=650%2C488&ssl=1"},"articleSection":"Arte y cultura","author":[{"@type":"Person","name":"Genesis Perdomo"}],"creator":["Genesis Perdomo"],"publisher":{"@type":"Organization","name":"Casa de Campo Living","logo":"https:\/\/casadecampoliving.com\/wp-content\/uploads\/2022\/07\/CDCLivingLogo_V1-white-sized.png"},"keywords":["comunidad de casa de campo","jenny polanco project","jose antonio rodriguez","la romana","ministro de cultura"],"dateCreated":"2014-01-22T04:00:00Z","datePublished":"2014-01-22T04:00:00Z","dateModified":"2022-10-21T22:50:59Z"},"rendered":"<script type=\"application\/ld+json\" class=\"wp-parsely-metadata\">{\"@context\":\"https:\\\/\\\/schema.org\",\"@type\":\"NewsArticle\",\"headline\":\"El ministro de cultura Jos\\u00e9 Antonio Rodr\\u00edguez visita la Fortaleza y revela planes para este pueblo cultural\",\"url\":\"http:\\\/\\\/casadecampoliving.com\\\/es\\\/el-ministro-de-cultura-jose-antonio-rodriguez-visita-la-fortaleza-y-revela-planes-para-este-pueblo-cultural\\\/\",\"mainEntityOfPage\":{\"@type\":\"WebPage\",\"@id\":\"http:\\\/\\\/casadecampoliving.com\\\/es\\\/el-ministro-de-cultura-jose-antonio-rodriguez-visita-la-fortaleza-y-revela-planes-para-este-pueblo-cultural\\\/\"},\"thumbnailUrl\":\"https:\\\/\\\/i0.wp.com\\\/casadecampoliving.com\\\/wp-content\\\/uploads\\\/2022\\\/10\\\/jenny_polanco_jose_antonio_rodriguez_philip_silvestri-1.jpg?resize=150%2C150&ssl=1\",\"image\":{\"@type\":\"ImageObject\",\"url\":\"https:\\\/\\\/i0.wp.com\\\/casadecampoliving.com\\\/wp-content\\\/uploads\\\/2022\\\/10\\\/jenny_polanco_jose_antonio_rodriguez_philip_silvestri-1.jpg?fit=650%2C488&ssl=1\"},\"articleSection\":\"Arte y cultura\",\"author\":[{\"@type\":\"Person\",\"name\":\"Genesis Perdomo\"}],\"creator\":[\"Genesis Perdomo\"],\"publisher\":{\"@type\":\"Organization\",\"name\":\"Casa de Campo Living\",\"logo\":\"https:\\\/\\\/casadecampoliving.com\\\/wp-content\\\/uploads\\\/2022\\\/07\\\/CDCLivingLogo_V1-white-sized.png\"},\"keywords\":[\"comunidad de casa de campo\",\"jenny polanco project\",\"jose antonio rodriguez\",\"la romana\",\"ministro de cultura\"],\"dateCreated\":\"2014-01-22T04:00:00Z\",\"datePublished\":\"2014-01-22T04:00:00Z\",\"dateModified\":\"2022-10-21T22:50:59Z\"}<\/script>","tracker_url":"https:\/\/cdn.parsely.com\/keys\/casadecampoliving.com\/p.js"},"jetpack_publicize_connections":[],"jetpack_featured_media_url":"https:\/\/i0.wp.com\/casadecampoliving.com\/wp-content\/uploads\/2022\/10\/jenny_polanco_jose_antonio_rodriguez_philip_silvestri-1.jpg?fit=650%2C488&ssl=1","jetpack-related-posts":[{"id":344966,"url":"https:\/\/casadecampoliving.com\/es\/aldea-cultural-santa-rosa-de-lima-se-abrira\/","url_meta":{"origin":343744,"position":0},"title":"Apertura de la Aldea Cultural Santa Rosa de Lima","author":"Katherine Calca\u00f1o","date":"25 Jul, 2014","format":false,"excerpt":"En Febrero del 2013, se dieron los primeros pasos\u00a0para transformar la vieja prisi\u00f3n \u201cLa Fortaleza\u201d a orillas del r\u00edo Salao en La Romana, en la Aldea Cultural Santa Rosa de Lima. Hoy, finalmente este sue\u00f1o se est\u00e1 convirtiendo en realidad. La Aldea Cultural Santa Rosa de Lima sera oficialmente inaugurada\u2026","rel":"","context":"En \u00abArte y cultura\u00bb","block_context":{"text":"Arte y cultura","link":"https:\/\/casadecampoliving.com\/category\/arte-y-cultura\/"},"img":{"alt_text":"aldea cultural sant rosa de lima","src":"https:\/\/i0.wp.com\/casadecampoliving.com\/wp-content\/uploads\/2022\/10\/aldea_cultural_santa_rosa_lima_la_romana-1.jpg?fit=650%2C335&ssl=1&resize=350%2C200","width":350,"height":200,"srcset":"https:\/\/i0.wp.com\/casadecampoliving.com\/wp-content\/uploads\/2022\/10\/aldea_cultural_santa_rosa_lima_la_romana-1.jpg?fit=650%2C335&ssl=1&resize=350%2C200 1x, https:\/\/i0.wp.com\/casadecampoliving.com\/wp-content\/uploads\/2022\/10\/aldea_cultural_santa_rosa_lima_la_romana-1.jpg?fit=650%2C335&ssl=1&resize=525%2C300 1.5x"},"classes":[]},{"id":340650,"url":"https:\/\/casadecampoliving.com\/es\/dejando-atras-lo-antiguo-y-recibiendo-lo-nuevo-convirtiendo-la-fortaleza-en-una-aldea-cultural\/","url_meta":{"origin":343744,"position":1},"title":"Dejando atr\u00e1s lo antiguo y recibiendo lo nuevo: \u00a1Convirtiendo La Fortaleza en una Aldea Cultural!","author":"","date":"15 Feb, 2013","format":false,"excerpt":"El pasado viernes 8 de febrero de 2013 pas\u00f3 a la historia como el comienzo de una gran transformaci\u00f3n del pueblo de La Romana, justo en las fueras de Casa de Campo. La prisi\u00f3n que se encuentra justo sobre el r\u00edo Salao y frente al puerto tur\u00edstico de La Romana\u2026","rel":"","context":"En \u00abArte y cultura\u00bb","block_context":{"text":"Arte y cultura","link":"https:\/\/casadecampoliving.com\/category\/arte-y-cultura\/"},"img":{"alt_text":"la fortaleza santa rosa de lima la romana","src":"https:\/\/i0.wp.com\/casadecampoliving.com\/wp-content\/uploads\/2022\/10\/la_fortaleza_santa_rosa_lima_la_romana-1.jpg?fit=650%2C400&ssl=1&resize=350%2C200","width":350,"height":200,"srcset":"https:\/\/i0.wp.com\/casadecampoliving.com\/wp-content\/uploads\/2022\/10\/la_fortaleza_santa_rosa_lima_la_romana-1.jpg?fit=650%2C400&ssl=1&resize=350%2C200 1x, https:\/\/i0.wp.com\/casadecampoliving.com\/wp-content\/uploads\/2022\/10\/la_fortaleza_santa_rosa_lima_la_romana-1.jpg?fit=650%2C400&ssl=1&resize=525%2C300 1.5x"},"classes":[]},{"id":339801,"url":"https:\/\/casadecampoliving.com\/es\/una-fabulosa-manifestacion-cultural-y-artistica-en-el-encuentro-con-el-ministro-de-cultura-en-la-romana\/","url_meta":{"origin":343744,"position":2},"title":"Una fabulosa manifestaci\u00f3n cultural y art\u00edstica en el Encuentro con el Ministro de Cultura en La Romana","author":"","date":"25 Sep, 2012","format":false,"excerpt":"El pasado s\u00e1bado 15 de septiembre de 2012, la Direcci\u00f3n Provincial de Cultura de La Romana, bajo la gesti\u00f3n de Luisa Mar\u00eda Ortiz Guzm\u00e1n, con la colaboraci\u00f3nd el Central Romana y Casa de Campo, realiz\u00f3 un Encuentro Provincial entre el Ministro de Cultura, Jos\u00e9 Antonio Rodr\u00edguez y personas relacionadas de\u2026","rel":"","context":"En \u00abEstilo de Vida\u00bb","block_context":{"text":"Estilo de Vida","link":"https:\/\/casadecampoliving.com\/es\/category\/estilo-de-vida\/"},"img":{"alt_text":"","src":"https:\/\/i0.wp.com\/casadecampoliving.com\/wp-content\/uploads\/2022\/10\/ministro_de_cultura-1.jpg?fit=650%2C415&ssl=1&resize=350%2C200","width":350,"height":200,"srcset":"https:\/\/i0.wp.com\/casadecampoliving.com\/wp-content\/uploads\/2022\/10\/ministro_de_cultura-1.jpg?fit=650%2C415&ssl=1&resize=350%2C200 1x, https:\/\/i0.wp.com\/casadecampoliving.com\/wp-content\/uploads\/2022\/10\/ministro_de_cultura-1.jpg?fit=650%2C415&ssl=1&resize=525%2C300 1.5x"},"classes":[]},{"id":343260,"url":"https:\/\/casadecampoliving.com\/es\/el-ministro-de-cultura-aprueba-5-nuevos-proyectos-en-la-romana\/","url_meta":{"origin":343744,"position":3},"title":"El Ministro de Cultura aprueba 5 nuevos proyectos en La Romana","author":"Genesis Perdomo","date":"15 Nov, 2013","format":false,"excerpt":"El Ministro de Cultura de la Rep\u00fablica Dominicana aprob\u00f3 5 nuevo proyectos en La regi\u00f3n de La Romana y en el Este del Pa\u00eds. Las implementaciones de estas iniciativas se aplicaran en enero de 2014, que est\u00e1 a la vuelta de la esquina, as\u00ed que demos un vistazo a lo\u2026","rel":"","context":"En \u00abArte y cultura\u00bb","block_context":{"text":"Arte y cultura","link":"https:\/\/casadecampoliving.com\/category\/arte-y-cultura\/"},"img":{"alt_text":"","src":"https:\/\/i0.wp.com\/casadecampoliving.com\/wp-content\/uploads\/2022\/10\/Grupo-participante-en-la-Convocatoria-de-Proyectos-Edited-1.jpg?fit=944%2C430&ssl=1&resize=350%2C200","width":350,"height":200,"srcset":"https:\/\/i0.wp.com\/casadecampoliving.com\/wp-content\/uploads\/2022\/10\/Grupo-participante-en-la-Convocatoria-de-Proyectos-Edited-1.jpg?fit=944%2C430&ssl=1&resize=350%2C200 1x, https:\/\/i0.wp.com\/casadecampoliving.com\/wp-content\/uploads\/2022\/10\/Grupo-participante-en-la-Convocatoria-de-Proyectos-Edited-1.jpg?fit=944%2C430&ssl=1&resize=525%2C300 1.5x, https:\/\/i0.wp.com\/casadecampoliving.com\/wp-content\/uploads\/2022\/10\/Grupo-participante-en-la-Convocatoria-de-Proyectos-Edited-1.jpg?fit=944%2C430&ssl=1&resize=700%2C400 2x"},"classes":[]},{"id":345001,"url":"https:\/\/casadecampoliving.com\/es\/aldea-cultural-santa-rosa-de-lima-esperanza-que-nace-de-la-desesperacion\/","url_meta":{"origin":343744,"position":4},"title":"Aldea Cultural Santa Rosa de Lima; esperanza nacida de la desesperaci\u00f3n","author":"Perkin Agramonte","date":"31 Jul, 2014","format":false,"excerpt":"\"Un recuerdo negativo, de verg\u00fcenza y algunos de dolor con este edificio\", es como el Ministro de Cultura, Jos\u00e9 Antonio Rodr\u00edguez describe el edificio donde una vez estuvo\"La Fortaleza\", \u00a0el mismo lugar que en el d\u00eda de hoy aloja a la Aldea Cultural Santa Rosa de Lima. Construida a principios\u2026","rel":"","context":"En \u00abArte y cultura\u00bb","block_context":{"text":"Arte y cultura","link":"https:\/\/casadecampoliving.com\/category\/arte-y-cultura\/"},"img":{"alt_text":"Roberto Weill, Jose Antonio Rodriguez, Philip Silvestri","src":"https:\/\/i0.wp.com\/casadecampoliving.com\/wp-content\/uploads\/2022\/10\/Roberto_Weill_Jose_Antonio_Rodriguez_Philip_Silvestri-1.jpg?fit=650%2C397&ssl=1&resize=350%2C200","width":350,"height":200,"srcset":"https:\/\/i0.wp.com\/casadecampoliving.com\/wp-content\/uploads\/2022\/10\/Roberto_Weill_Jose_Antonio_Rodriguez_Philip_Silvestri-1.jpg?fit=650%2C397&ssl=1&resize=350%2C200 1x, https:\/\/i0.wp.com\/casadecampoliving.com\/wp-content\/uploads\/2022\/10\/Roberto_Weill_Jose_Antonio_Rodriguez_Philip_Silvestri-1.jpg?fit=650%2C397&ssl=1&resize=525%2C300 1.5x"},"classes":[]},{"id":341475,"url":"https:\/\/casadecampoliving.com\/es\/ministro-de-cultura-jose-antonio-rodriguez-les-invita-a-hacer-una-parada-en-chavon-donde-el-sol-se-anida-para-recibir-la-primavera\/","url_meta":{"origin":343744,"position":5},"title":"Ministro de cultura Jos\u00e9 Antonio Rodr\u00edguez les invita a hacer una parada en Chav\u00f3n, \u00abdonde el sol se anida para recibir la primavera\u00bb","author":"Mairobi Herrera","date":"19 May, 2013","format":false,"excerpt":"Desde que Jos\u00e9 Antonio Rodr\u00edguez asumi\u00f3\u00a0el cargo de Ministro de Cultura de la Rep\u00fablica Dominicana, la localidad de La\u00a0Romana, se ha puesto en marcha, patrocinando y apoyando muchas excelentes iniciativas en todo el pa\u00eds; y lo siguiente es su invitaci\u00f3n a la Festival de Primavera, en Altos de Chav\u00f3n, del\u2026","rel":"","context":"En \u00abAltos de Chavon @es\u00bb","block_context":{"text":"Altos de Chavon @es","link":"https:\/\/casadecampoliving.com\/category\/altos-de-chavon-es\/"},"img":{"alt_text":"jose antonio rodriguez","src":"https:\/\/i0.wp.com\/casadecampoliving.com\/wp-content\/uploads\/2022\/10\/jose_antonio_rodroguez-1.jpg?fit=650%2C509&ssl=1&resize=350%2C200","width":350,"height":200,"srcset":"https:\/\/i0.wp.com\/casadecampoliving.com\/wp-content\/uploads\/2022\/10\/jose_antonio_rodroguez-1.jpg?fit=650%2C509&ssl=1&resize=350%2C200 1x, https:\/\/i0.wp.com\/casadecampoliving.com\/wp-content\/uploads\/2022\/10\/jose_antonio_rodroguez-1.jpg?fit=650%2C509&ssl=1&resize=525%2C300 1.5x"},"classes":[]}],"jetpack_sharing_enabled":true,"_links":{"self":[{"href":"https:\/\/casadecampoliving.com\/es\/wp-json\/wp\/v2\/posts\/343744","targetHints":{"allow":["GET"]}}],"collection":[{"href":"https:\/\/casadecampoliving.com\/es\/wp-json\/wp\/v2\/posts"}],"about":[{"href":"https:\/\/casadecampoliving.com\/es\/wp-json\/wp\/v2\/types\/post"}],"author":[{"embeddable":true,"href":"https:\/\/casadecampoliving.com\/es\/wp-json\/wp\/v2\/users\/614"}],"replies":[{"embeddable":true,"href":"https:\/\/casadecampoliving.com\/es\/wp-json\/wp\/v2\/comments?post=343744"}],"version-history":[{"count":1,"href":"https:\/\/casadecampoliving.com\/es\/wp-json\/wp\/v2\/posts\/343744\/revisions"}],"predecessor-version":[{"id":343745,"href":"https:\/\/casadecampoliving.com\/es\/wp-json\/wp\/v2\/posts\/343744\/revisions\/343745"}],"wp:featuredmedia":[{"embeddable":true,"href":"https:\/\/casadecampoliving.com\/es\/wp-json\/wp\/v2\/media\/259006"}],"wp:attachment":[{"href":"https:\/\/casadecampoliving.com\/es\/wp-json\/wp\/v2\/media?parent=343744"}],"wp:term":[{"taxonomy":"category","embeddable":true,"href":"https:\/\/casadecampoliving.com\/es\/wp-json\/wp\/v2\/categories?post=343744"},{"taxonomy":"post_tag","embeddable":true,"href":"https:\/\/casadecampoliving.com\/es\/wp-json\/wp\/v2\/tags?post=343744"},{"taxonomy":"newspack_spnsrs_tax","embeddable":true,"href":"https:\/\/casadecampoliving.com\/es\/wp-json\/wp\/v2\/newspack_spnsrs_tax?post=343744"}],"curies":[{"name":"wp","href":"https:\/\/api.w.org\/{rel}","templated":true}]}}