{"id":343654,"date":"2014-01-06T00:00:00","date_gmt":"2014-01-06T04:00:00","guid":{"rendered":"https:\/\/casadecampoliving.com\/la-republica-dominicana-celebra-el-dia-de-los-3-reyes-magos\/"},"modified":"2022-10-21T18:48:08","modified_gmt":"2022-10-21T22:48:08","slug":"la-republica-dominicana-celebra-el-dia-de-los-3-reyes-magos","status":"publish","type":"post","link":"https:\/\/casadecampoliving.com\/es\/la-republica-dominicana-celebra-el-dia-de-los-3-reyes-magos\/","title":{"rendered":"Hoy la Rep\u00fablica Dominicana celebra el d\u00eda de los \u00ab3 Reyes Magos\u00bb"},"content":{"rendered":"<div class=\"wp-block-image\">\n<figure class=\"aligncenter is-resized\"><img loading=\"lazy\" decoding=\"async\" src=\"https:\/\/i0.wp.com\/casadecampoliving.com\/wp-content\/uploads\/2022\/10\/proyecto_alegre_el_batey.jpg?resize=650%2C434&amp;ssl=1\" alt=\"proyecto alegre batey la romana\" class=\"wp-image-42721\" height=\"434\" width=\"650\"\/><\/figure>\n<\/div>\n\n\n<p>El a\u00f1o nuevo acaba de comenzar y ya hay un d\u00eda feriado, lo que quiere decir que es un d\u00eda libre para muchos. Adem\u00e1s de no haber trabajo ese d\u00eda, este es uno de los d\u00edas feriados m\u00e1s populares nacionalmente en el a\u00f1o \u2013 \u00a1por que se trata de brindar alegr\u00eda y mucha diversi\u00f3n!<\/p>\n\n\n\n<h3 class=\"wp-block-heading\">\u00bfQu\u00e9 es el D\u00eda de los 3 Reyes Magos?<\/h3>\n\n\n\n<p>El d\u00eda de los 3 Reyes Magos tambi\u00e9n conocida como epifan\u00eda que tradicionalmente cae el 6 de enero, es donde se celebra la visita de los 3 Reyes al ni\u00f1o Jesus. Esta ocasi\u00f3n es seguida del nacimiento de Jesus, la cual celebramos en navidad el 25 de diciembre.<\/p>\n\n\n\n<h3 class=\"wp-block-heading\">\u00bfC\u00f3mo lo celebramos en La Rep\u00fablica Dominicana?<\/h3>\n\n\n\n<p>La Rep\u00fablica Dominicana es un pa\u00eds muy religioso as\u00ed que para todos los Dominicanos esta es una ocasi\u00f3n muy importante. Es cuando los Reyes le otorgan los regalos a los ni\u00f1os, lo que significa que este d\u00eda se trata de dar y recibir, especialmente \u201cjuguetes\u201d para los peque\u00f1os.<\/p>\n\n\n\n<p>Tristemente no todos los ni\u00f1os siempre reciben sus juguetes el d\u00eda de Los 3 Reyes Magos, es la raz\u00f3n por la cual algunas personas deciden ayudar a estos ni\u00f1os y les regalan algunos juguetes, por ejemplo en La Romana<a href=\"https:\/\/casadecampoliving.com\/es\/los-jovenes-de-proyecto-alegre-contagian-la-alegria-de-la-navidad-y-el-dia-de-los-reyes-magos-en-el-batey-tacones\/\"> \u201cProyecto Alegre\u201d<\/a>&nbsp;les regala algunos obsequios, mientras que otras personas optan por otorgarle los regalos a <a href=\"http:\/\/wp.me\/p1kvEy-lQG\">organizaci\u00f3nes como Fundaci\u00f3n MIR que recientemente recibi\u00f3 a unos invitados especiales que llevaron juguetes para ellos.<\/a><\/p>\n\n\n<div class=\"wp-block-image\">\n<figure class=\"aligncenter is-resized\"><img loading=\"lazy\" decoding=\"async\" src=\"https:\/\/i0.wp.com\/casadecampoliving.com\/wp-content\/uploads\/2022\/10\/proyecto_alegre_bazaar_navideno_altos_de_chavon.jpg?resize=530%2C252&amp;ssl=1\" alt=\"proyecto_alegre_bazaar_navide\u00f1o_altos_de_chavon\" class=\"wp-image-23514\" height=\"252\" width=\"530\"\/><\/figure>\n<\/div>","protected":false},"excerpt":{"rendered":"<p>El a\u00f1o nuevo acaba de comenzar y ya hay un d\u00eda feriado, lo que quiere decir que es un d\u00eda libre para muchos. Adem\u00e1s de no haber trabajo ese d\u00eda, este es uno de los d\u00edas feriados m\u00e1s populares nacionalmente en el a\u00f1o \u2013 \u00a1por que se trata de brindar alegr\u00eda y mucha diversi\u00f3n! \u00bfQu\u00e9 [&hellip;]<\/p>\n","protected":false},"author":614,"featured_media":243355,"comment_status":"closed","ping_status":"closed","sticky":false,"template":"","format":"standard","meta":{"newspack_ads_suppress_ads":false,"newspack_popups_has_disabled_popups":false,"newspack_sponsor_sponsorship_scope":"","newspack_sponsor_native_byline_display":"inherit","newspack_sponsor_native_category_display":"inherit","newspack_sponsor_underwriter_style":"inherit","newspack_sponsor_underwriter_placement":"inherit","_newspack_byline_active":false,"_newspack_byline":"","newspack_content_restriction_is_exempt":false,"newspack_featured_image_position":"","newspack_post_subtitle":"","newspack_article_summary_title":"Overview:","newspack_article_summary":"","newspack_hide_updated_date":false,"newspack_show_updated_date":false,"_jetpack_memberships_contains_paid_content":false,"footnotes":"","jetpack_publicize_message":"","jetpack_publicize_feature_enabled":true,"jetpack_social_post_already_shared":false,"jetpack_social_options":{"image_generator_settings":{"template":"highway","default_image_id":0,"font":"","enabled":false},"version":2},"_wpas_customize_per_network":false},"categories":[26819,26936,26951,14631,2522,2514,14625,14627],"tags":[2575,24715],"newspack_spnsrs_tax":[],"class_list":["post-343654","post","type-post","status-publish","format-standard","has-post-thumbnail","hentry","category-altos-de-chavon-es","category-casa-de-campo-living-es","category-ccl-presenta","category-estilo-de-vida","category-eventos-es","category-fundaciones-es","category-noticias-locales","category-proximamente","tag-comunidad-de-casa-de-campo","tag-fundacion-mir-es","entry"],"yoast_head":"<!-- This site is optimized with the Yoast SEO plugin v27.3 - https:\/\/yoast.com\/product\/yoast-seo-wordpress\/ -->\n<title>Hoy la Rep\u00fablica Dominicana celebra el d\u00eda de los &quot;3 Reyes Magos&quot; | Casa de Campo Living<\/title>\n<meta name=\"description\" content=\"El a\u00f1o nuevo acaba de comenzar y ya hay un d\u00eda feriado, lo que quiere decir que es un d\u00eda libre para muchos. Adem\u00e1s de no haber trabajo ese d\u00eda, este es\" \/>\n<meta name=\"robots\" content=\"index, follow, max-snippet:-1, max-image-preview:large, max-video-preview:-1\" \/>\n<link rel=\"canonical\" href=\"https:\/\/casadecampoliving.com\/es\/la-republica-dominicana-celebra-el-dia-de-los-3-reyes-magos\/\" \/>\n<meta property=\"og:locale\" content=\"es_ES\" \/>\n<meta property=\"og:type\" content=\"article\" \/>\n<meta property=\"og:title\" content=\"Hoy la Rep\u00fablica Dominicana celebra el d\u00eda de los &quot;3 Reyes Magos&quot; | Casa de Campo Living\" \/>\n<meta property=\"og:description\" content=\"El a\u00f1o nuevo acaba de comenzar y ya hay un d\u00eda feriado, lo que quiere decir que es un d\u00eda libre para muchos. Adem\u00e1s de no haber trabajo ese d\u00eda, este es\" \/>\n<meta property=\"og:url\" content=\"https:\/\/casadecampoliving.com\/es\/la-republica-dominicana-celebra-el-dia-de-los-3-reyes-magos\/\" \/>\n<meta property=\"og:site_name\" content=\"Casa de Campo Living\" \/>\n<meta property=\"article:publisher\" content=\"https:\/\/www.facebook.com\/casadecampoliving\" \/>\n<meta property=\"article:published_time\" content=\"2014-01-06T04:00:00+00:00\" \/>\n<meta property=\"article:modified_time\" content=\"2022-10-21T22:48:08+00:00\" \/>\n<meta property=\"og:image\" content=\"https:\/\/i0.wp.com\/casadecampoliving.com\/wp-content\/uploads\/2022\/10\/proyecto_alegre_el_batey-1.jpg?fit=650%2C434&ssl=1\" \/>\n\t<meta property=\"og:image:width\" content=\"650\" \/>\n\t<meta property=\"og:image:height\" content=\"434\" \/>\n\t<meta property=\"og:image:type\" content=\"image\/jpeg\" \/>\n<meta name=\"author\" content=\"Genesis Perdomo\" \/>\n<meta name=\"twitter:card\" content=\"summary_large_image\" \/>\n<meta name=\"twitter:creator\" content=\"@cdcliving\" \/>\n<meta name=\"twitter:site\" content=\"@cdcliving\" \/>\n<meta name=\"twitter:label1\" content=\"Escrito por\" \/>\n\t<meta name=\"twitter:data1\" content=\"Genesis Perdomo\" \/>\n\t<meta name=\"twitter:label2\" content=\"Tiempo de lectura\" \/>\n\t<meta name=\"twitter:data2\" content=\"1 minuto\" \/>\n<script type=\"application\/ld+json\" class=\"yoast-schema-graph\">{\"@context\":\"https:\\\/\\\/schema.org\",\"@graph\":[{\"@type\":\"Article\",\"@id\":\"https:\\\/\\\/casadecampoliving.com\\\/es\\\/la-republica-dominicana-celebra-el-dia-de-los-3-reyes-magos\\\/#article\",\"isPartOf\":{\"@id\":\"https:\\\/\\\/casadecampoliving.com\\\/es\\\/la-republica-dominicana-celebra-el-dia-de-los-3-reyes-magos\\\/\"},\"author\":{\"name\":\"Genesis Perdomo\",\"@id\":\"https:\\\/\\\/casadecampoliving.com\\\/es\\\/#\\\/schema\\\/person\\\/242cf7c69a59395bbe7de24405601b76\"},\"headline\":\"Hoy la Rep\u00fablica Dominicana celebra el d\u00eda de los \u00ab3 Reyes Magos\u00bb\",\"datePublished\":\"2014-01-06T04:00:00+00:00\",\"dateModified\":\"2022-10-21T22:48:08+00:00\",\"mainEntityOfPage\":{\"@id\":\"https:\\\/\\\/casadecampoliving.com\\\/es\\\/la-republica-dominicana-celebra-el-dia-de-los-3-reyes-magos\\\/\"},\"wordCount\":274,\"publisher\":{\"@id\":\"https:\\\/\\\/casadecampoliving.com\\\/es\\\/#organization\"},\"image\":{\"@id\":\"https:\\\/\\\/casadecampoliving.com\\\/es\\\/la-republica-dominicana-celebra-el-dia-de-los-3-reyes-magos\\\/#primaryimage\"},\"thumbnailUrl\":\"https:\\\/\\\/i0.wp.com\\\/casadecampoliving.com\\\/wp-content\\\/uploads\\\/2022\\\/10\\\/proyecto_alegre_el_batey-1.jpg?fit=650%2C434&ssl=1\",\"keywords\":[\"comunidad de casa de campo\",\"Fundacion MIR\"],\"articleSection\":[\"Altos de Chavon @es\",\"Casa de Campo Living @es\",\"CCL presenta\",\"Estilo de Vida\",\"Eventos\",\"Fundaciones\",\"Noticias Locales\",\"Proximamente\"],\"inLanguage\":\"es\"},{\"@type\":\"WebPage\",\"@id\":\"https:\\\/\\\/casadecampoliving.com\\\/es\\\/la-republica-dominicana-celebra-el-dia-de-los-3-reyes-magos\\\/\",\"url\":\"https:\\\/\\\/casadecampoliving.com\\\/es\\\/la-republica-dominicana-celebra-el-dia-de-los-3-reyes-magos\\\/\",\"name\":\"Hoy la Rep\u00fablica Dominicana celebra el d\u00eda de los \\\"3 Reyes Magos\\\" | Casa de Campo Living\",\"isPartOf\":{\"@id\":\"https:\\\/\\\/casadecampoliving.com\\\/es\\\/#website\"},\"primaryImageOfPage\":{\"@id\":\"https:\\\/\\\/casadecampoliving.com\\\/es\\\/la-republica-dominicana-celebra-el-dia-de-los-3-reyes-magos\\\/#primaryimage\"},\"image\":{\"@id\":\"https:\\\/\\\/casadecampoliving.com\\\/es\\\/la-republica-dominicana-celebra-el-dia-de-los-3-reyes-magos\\\/#primaryimage\"},\"thumbnailUrl\":\"https:\\\/\\\/i0.wp.com\\\/casadecampoliving.com\\\/wp-content\\\/uploads\\\/2022\\\/10\\\/proyecto_alegre_el_batey-1.jpg?fit=650%2C434&ssl=1\",\"datePublished\":\"2014-01-06T04:00:00+00:00\",\"dateModified\":\"2022-10-21T22:48:08+00:00\",\"description\":\"El a\u00f1o nuevo acaba de comenzar y ya hay un d\u00eda feriado, lo que quiere decir que es un d\u00eda libre para muchos. Adem\u00e1s de no haber trabajo ese d\u00eda, este es\",\"breadcrumb\":{\"@id\":\"https:\\\/\\\/casadecampoliving.com\\\/es\\\/la-republica-dominicana-celebra-el-dia-de-los-3-reyes-magos\\\/#breadcrumb\"},\"inLanguage\":\"es\",\"potentialAction\":[{\"@type\":\"ReadAction\",\"target\":[\"https:\\\/\\\/casadecampoliving.com\\\/es\\\/la-republica-dominicana-celebra-el-dia-de-los-3-reyes-magos\\\/\"]}]},{\"@type\":\"ImageObject\",\"inLanguage\":\"es\",\"@id\":\"https:\\\/\\\/casadecampoliving.com\\\/es\\\/la-republica-dominicana-celebra-el-dia-de-los-3-reyes-magos\\\/#primaryimage\",\"url\":\"https:\\\/\\\/i0.wp.com\\\/casadecampoliving.com\\\/wp-content\\\/uploads\\\/2022\\\/10\\\/proyecto_alegre_el_batey-1.jpg?fit=650%2C434&ssl=1\",\"contentUrl\":\"https:\\\/\\\/i0.wp.com\\\/casadecampoliving.com\\\/wp-content\\\/uploads\\\/2022\\\/10\\\/proyecto_alegre_el_batey-1.jpg?fit=650%2C434&ssl=1\",\"width\":650,\"height\":434,\"caption\":\"proyecto alegre batey la romana\"},{\"@type\":\"BreadcrumbList\",\"@id\":\"https:\\\/\\\/casadecampoliving.com\\\/es\\\/la-republica-dominicana-celebra-el-dia-de-los-3-reyes-magos\\\/#breadcrumb\",\"itemListElement\":[{\"@type\":\"ListItem\",\"position\":1,\"name\":\"Home\",\"item\":\"https:\\\/\\\/casadecampoliving.com\\\/es\\\/\"},{\"@type\":\"ListItem\",\"position\":2,\"name\":\"Hoy la Rep\u00fablica Dominicana celebra el d\u00eda de los &#8220;3 Reyes Magos&#8221;\"}]},{\"@type\":\"WebSite\",\"@id\":\"https:\\\/\\\/casadecampoliving.com\\\/es\\\/#website\",\"url\":\"https:\\\/\\\/casadecampoliving.com\\\/es\\\/\",\"name\":\"Casa de Campo Living\",\"description\":\"Resort community news and resources.\",\"publisher\":{\"@id\":\"https:\\\/\\\/casadecampoliving.com\\\/es\\\/#organization\"},\"potentialAction\":[{\"@type\":\"SearchAction\",\"target\":{\"@type\":\"EntryPoint\",\"urlTemplate\":\"https:\\\/\\\/casadecampoliving.com\\\/es\\\/?s={search_term_string}\"},\"query-input\":{\"@type\":\"PropertyValueSpecification\",\"valueRequired\":true,\"valueName\":\"search_term_string\"}}],\"inLanguage\":\"es\"},{\"@type\":\"Organization\",\"@id\":\"https:\\\/\\\/casadecampoliving.com\\\/es\\\/#organization\",\"name\":\"Casa de Campo Living\",\"url\":\"https:\\\/\\\/casadecampoliving.com\\\/es\\\/\",\"logo\":{\"@type\":\"ImageObject\",\"inLanguage\":\"es\",\"@id\":\"https:\\\/\\\/casadecampoliving.com\\\/es\\\/#\\\/schema\\\/logo\\\/image\\\/\",\"url\":\"https:\\\/\\\/i0.wp.com\\\/casadecampoliving.com\\\/wp-content\\\/uploads\\\/2022\\\/07\\\/CDCLivingLogo_V1-white-sized.png?fit=800%2C214&ssl=1\",\"contentUrl\":\"https:\\\/\\\/i0.wp.com\\\/casadecampoliving.com\\\/wp-content\\\/uploads\\\/2022\\\/07\\\/CDCLivingLogo_V1-white-sized.png?fit=800%2C214&ssl=1\",\"width\":800,\"height\":214,\"caption\":\"Casa de Campo Living\"},\"image\":{\"@id\":\"https:\\\/\\\/casadecampoliving.com\\\/es\\\/#\\\/schema\\\/logo\\\/image\\\/\"},\"sameAs\":[\"https:\\\/\\\/www.facebook.com\\\/casadecampoliving\",\"https:\\\/\\\/x.com\\\/cdcliving\"]},{\"@type\":\"Person\",\"@id\":\"https:\\\/\\\/casadecampoliving.com\\\/es\\\/#\\\/schema\\\/person\\\/242cf7c69a59395bbe7de24405601b76\",\"name\":\"Genesis Perdomo\",\"image\":{\"@type\":\"ImageObject\",\"inLanguage\":\"es\",\"@id\":\"https:\\\/\\\/secure.gravatar.com\\\/avatar\\\/1e89145b3cf01cf3b3fdf1d3d2e3c53f60c2978235045ae44df10fb8c79924c1?s=96&d=mm&r=g\",\"url\":\"https:\\\/\\\/secure.gravatar.com\\\/avatar\\\/1e89145b3cf01cf3b3fdf1d3d2e3c53f60c2978235045ae44df10fb8c79924c1?s=96&d=mm&r=g\",\"contentUrl\":\"https:\\\/\\\/secure.gravatar.com\\\/avatar\\\/1e89145b3cf01cf3b3fdf1d3d2e3c53f60c2978235045ae44df10fb8c79924c1?s=96&d=mm&r=g\",\"caption\":\"Genesis Perdomo\"},\"url\":\"https:\\\/\\\/casadecampoliving.com\\\/es\\\/author\\\/gperdomo\\\/\"}]}<\/script>\n<!-- \/ Yoast SEO plugin. -->","yoast_head_json":{"title":"Hoy la Rep\u00fablica Dominicana celebra el d\u00eda de los \"3 Reyes Magos\" | Casa de Campo Living","description":"El a\u00f1o nuevo acaba de comenzar y ya hay un d\u00eda feriado, lo que quiere decir que es un d\u00eda libre para muchos. Adem\u00e1s de no haber trabajo ese d\u00eda, este es","robots":{"index":"index","follow":"follow","max-snippet":"max-snippet:-1","max-image-preview":"max-image-preview:large","max-video-preview":"max-video-preview:-1"},"canonical":"https:\/\/casadecampoliving.com\/es\/la-republica-dominicana-celebra-el-dia-de-los-3-reyes-magos\/","og_locale":"es_ES","og_type":"article","og_title":"Hoy la Rep\u00fablica Dominicana celebra el d\u00eda de los \"3 Reyes Magos\" | Casa de Campo Living","og_description":"El a\u00f1o nuevo acaba de comenzar y ya hay un d\u00eda feriado, lo que quiere decir que es un d\u00eda libre para muchos. Adem\u00e1s de no haber trabajo ese d\u00eda, este es","og_url":"https:\/\/casadecampoliving.com\/es\/la-republica-dominicana-celebra-el-dia-de-los-3-reyes-magos\/","og_site_name":"Casa de Campo Living","article_publisher":"https:\/\/www.facebook.com\/casadecampoliving","article_published_time":"2014-01-06T04:00:00+00:00","article_modified_time":"2022-10-21T22:48:08+00:00","og_image":[{"width":650,"height":434,"url":"https:\/\/i0.wp.com\/casadecampoliving.com\/wp-content\/uploads\/2022\/10\/proyecto_alegre_el_batey-1.jpg?fit=650%2C434&ssl=1","type":"image\/jpeg"}],"author":"Genesis Perdomo","twitter_card":"summary_large_image","twitter_creator":"@cdcliving","twitter_site":"@cdcliving","twitter_misc":{"Escrito por":"Genesis Perdomo","Tiempo de lectura":"1 minuto"},"schema":{"@context":"https:\/\/schema.org","@graph":[{"@type":"Article","@id":"https:\/\/casadecampoliving.com\/es\/la-republica-dominicana-celebra-el-dia-de-los-3-reyes-magos\/#article","isPartOf":{"@id":"https:\/\/casadecampoliving.com\/es\/la-republica-dominicana-celebra-el-dia-de-los-3-reyes-magos\/"},"author":{"name":"Genesis Perdomo","@id":"https:\/\/casadecampoliving.com\/es\/#\/schema\/person\/242cf7c69a59395bbe7de24405601b76"},"headline":"Hoy la Rep\u00fablica Dominicana celebra el d\u00eda de los \u00ab3 Reyes Magos\u00bb","datePublished":"2014-01-06T04:00:00+00:00","dateModified":"2022-10-21T22:48:08+00:00","mainEntityOfPage":{"@id":"https:\/\/casadecampoliving.com\/es\/la-republica-dominicana-celebra-el-dia-de-los-3-reyes-magos\/"},"wordCount":274,"publisher":{"@id":"https:\/\/casadecampoliving.com\/es\/#organization"},"image":{"@id":"https:\/\/casadecampoliving.com\/es\/la-republica-dominicana-celebra-el-dia-de-los-3-reyes-magos\/#primaryimage"},"thumbnailUrl":"https:\/\/i0.wp.com\/casadecampoliving.com\/wp-content\/uploads\/2022\/10\/proyecto_alegre_el_batey-1.jpg?fit=650%2C434&ssl=1","keywords":["comunidad de casa de campo","Fundacion MIR"],"articleSection":["Altos de Chavon @es","Casa de Campo Living @es","CCL presenta","Estilo de Vida","Eventos","Fundaciones","Noticias Locales","Proximamente"],"inLanguage":"es"},{"@type":"WebPage","@id":"https:\/\/casadecampoliving.com\/es\/la-republica-dominicana-celebra-el-dia-de-los-3-reyes-magos\/","url":"https:\/\/casadecampoliving.com\/es\/la-republica-dominicana-celebra-el-dia-de-los-3-reyes-magos\/","name":"Hoy la Rep\u00fablica Dominicana celebra el d\u00eda de los \"3 Reyes Magos\" | Casa de Campo Living","isPartOf":{"@id":"https:\/\/casadecampoliving.com\/es\/#website"},"primaryImageOfPage":{"@id":"https:\/\/casadecampoliving.com\/es\/la-republica-dominicana-celebra-el-dia-de-los-3-reyes-magos\/#primaryimage"},"image":{"@id":"https:\/\/casadecampoliving.com\/es\/la-republica-dominicana-celebra-el-dia-de-los-3-reyes-magos\/#primaryimage"},"thumbnailUrl":"https:\/\/i0.wp.com\/casadecampoliving.com\/wp-content\/uploads\/2022\/10\/proyecto_alegre_el_batey-1.jpg?fit=650%2C434&ssl=1","datePublished":"2014-01-06T04:00:00+00:00","dateModified":"2022-10-21T22:48:08+00:00","description":"El a\u00f1o nuevo acaba de comenzar y ya hay un d\u00eda feriado, lo que quiere decir que es un d\u00eda libre para muchos. Adem\u00e1s de no haber trabajo ese d\u00eda, este es","breadcrumb":{"@id":"https:\/\/casadecampoliving.com\/es\/la-republica-dominicana-celebra-el-dia-de-los-3-reyes-magos\/#breadcrumb"},"inLanguage":"es","potentialAction":[{"@type":"ReadAction","target":["https:\/\/casadecampoliving.com\/es\/la-republica-dominicana-celebra-el-dia-de-los-3-reyes-magos\/"]}]},{"@type":"ImageObject","inLanguage":"es","@id":"https:\/\/casadecampoliving.com\/es\/la-republica-dominicana-celebra-el-dia-de-los-3-reyes-magos\/#primaryimage","url":"https:\/\/i0.wp.com\/casadecampoliving.com\/wp-content\/uploads\/2022\/10\/proyecto_alegre_el_batey-1.jpg?fit=650%2C434&ssl=1","contentUrl":"https:\/\/i0.wp.com\/casadecampoliving.com\/wp-content\/uploads\/2022\/10\/proyecto_alegre_el_batey-1.jpg?fit=650%2C434&ssl=1","width":650,"height":434,"caption":"proyecto alegre batey la romana"},{"@type":"BreadcrumbList","@id":"https:\/\/casadecampoliving.com\/es\/la-republica-dominicana-celebra-el-dia-de-los-3-reyes-magos\/#breadcrumb","itemListElement":[{"@type":"ListItem","position":1,"name":"Home","item":"https:\/\/casadecampoliving.com\/es\/"},{"@type":"ListItem","position":2,"name":"Hoy la Rep\u00fablica Dominicana celebra el d\u00eda de los &#8220;3 Reyes Magos&#8221;"}]},{"@type":"WebSite","@id":"https:\/\/casadecampoliving.com\/es\/#website","url":"https:\/\/casadecampoliving.com\/es\/","name":"Casa de Campo Living","description":"Resort community news and resources.","publisher":{"@id":"https:\/\/casadecampoliving.com\/es\/#organization"},"potentialAction":[{"@type":"SearchAction","target":{"@type":"EntryPoint","urlTemplate":"https:\/\/casadecampoliving.com\/es\/?s={search_term_string}"},"query-input":{"@type":"PropertyValueSpecification","valueRequired":true,"valueName":"search_term_string"}}],"inLanguage":"es"},{"@type":"Organization","@id":"https:\/\/casadecampoliving.com\/es\/#organization","name":"Casa de Campo Living","url":"https:\/\/casadecampoliving.com\/es\/","logo":{"@type":"ImageObject","inLanguage":"es","@id":"https:\/\/casadecampoliving.com\/es\/#\/schema\/logo\/image\/","url":"https:\/\/i0.wp.com\/casadecampoliving.com\/wp-content\/uploads\/2022\/07\/CDCLivingLogo_V1-white-sized.png?fit=800%2C214&ssl=1","contentUrl":"https:\/\/i0.wp.com\/casadecampoliving.com\/wp-content\/uploads\/2022\/07\/CDCLivingLogo_V1-white-sized.png?fit=800%2C214&ssl=1","width":800,"height":214,"caption":"Casa de Campo Living"},"image":{"@id":"https:\/\/casadecampoliving.com\/es\/#\/schema\/logo\/image\/"},"sameAs":["https:\/\/www.facebook.com\/casadecampoliving","https:\/\/x.com\/cdcliving"]},{"@type":"Person","@id":"https:\/\/casadecampoliving.com\/es\/#\/schema\/person\/242cf7c69a59395bbe7de24405601b76","name":"Genesis Perdomo","image":{"@type":"ImageObject","inLanguage":"es","@id":"https:\/\/secure.gravatar.com\/avatar\/1e89145b3cf01cf3b3fdf1d3d2e3c53f60c2978235045ae44df10fb8c79924c1?s=96&d=mm&r=g","url":"https:\/\/secure.gravatar.com\/avatar\/1e89145b3cf01cf3b3fdf1d3d2e3c53f60c2978235045ae44df10fb8c79924c1?s=96&d=mm&r=g","contentUrl":"https:\/\/secure.gravatar.com\/avatar\/1e89145b3cf01cf3b3fdf1d3d2e3c53f60c2978235045ae44df10fb8c79924c1?s=96&d=mm&r=g","caption":"Genesis Perdomo"},"url":"https:\/\/casadecampoliving.com\/es\/author\/gperdomo\/"}]}},"parsely":{"version":"1.1.0","canonical_url":"https:\/\/casadecampoliving.com\/es\/la-republica-dominicana-celebra-el-dia-de-los-3-reyes-magos\/","smart_links":{"inbound":0,"outbound":0},"traffic_boost_suggestions_count":0,"meta":{"@context":"https:\/\/schema.org","@type":"NewsArticle","headline":"Hoy la Rep\u00fablica Dominicana celebra el d\u00eda de los \u00ab3 Reyes Magos\u00bb","url":"http:\/\/casadecampoliving.com\/es\/la-republica-dominicana-celebra-el-dia-de-los-3-reyes-magos\/","mainEntityOfPage":{"@type":"WebPage","@id":"http:\/\/casadecampoliving.com\/es\/la-republica-dominicana-celebra-el-dia-de-los-3-reyes-magos\/"},"thumbnailUrl":"https:\/\/i0.wp.com\/casadecampoliving.com\/wp-content\/uploads\/2022\/10\/proyecto_alegre_el_batey-1.jpg?resize=150%2C150&ssl=1","image":{"@type":"ImageObject","url":"https:\/\/i0.wp.com\/casadecampoliving.com\/wp-content\/uploads\/2022\/10\/proyecto_alegre_el_batey-1.jpg?fit=650%2C434&ssl=1"},"articleSection":"Altos de Chavon @es","author":[{"@type":"Person","name":"Genesis Perdomo"}],"creator":["Genesis Perdomo"],"publisher":{"@type":"Organization","name":"Casa de Campo Living","logo":"https:\/\/casadecampoliving.com\/wp-content\/uploads\/2022\/07\/CDCLivingLogo_V1-white-sized.png"},"keywords":["comunidad de casa de campo","fundacion mir"],"dateCreated":"2014-01-06T04:00:00Z","datePublished":"2014-01-06T04:00:00Z","dateModified":"2022-10-21T22:48:08Z"},"rendered":"<script type=\"application\/ld+json\" class=\"wp-parsely-metadata\">{\"@context\":\"https:\\\/\\\/schema.org\",\"@type\":\"NewsArticle\",\"headline\":\"Hoy la Rep\\u00fablica Dominicana celebra el d\\u00eda de los \\u00ab3 Reyes Magos\\u00bb\",\"url\":\"http:\\\/\\\/casadecampoliving.com\\\/es\\\/la-republica-dominicana-celebra-el-dia-de-los-3-reyes-magos\\\/\",\"mainEntityOfPage\":{\"@type\":\"WebPage\",\"@id\":\"http:\\\/\\\/casadecampoliving.com\\\/es\\\/la-republica-dominicana-celebra-el-dia-de-los-3-reyes-magos\\\/\"},\"thumbnailUrl\":\"https:\\\/\\\/i0.wp.com\\\/casadecampoliving.com\\\/wp-content\\\/uploads\\\/2022\\\/10\\\/proyecto_alegre_el_batey-1.jpg?resize=150%2C150&ssl=1\",\"image\":{\"@type\":\"ImageObject\",\"url\":\"https:\\\/\\\/i0.wp.com\\\/casadecampoliving.com\\\/wp-content\\\/uploads\\\/2022\\\/10\\\/proyecto_alegre_el_batey-1.jpg?fit=650%2C434&ssl=1\"},\"articleSection\":\"Altos de Chavon @es\",\"author\":[{\"@type\":\"Person\",\"name\":\"Genesis Perdomo\"}],\"creator\":[\"Genesis Perdomo\"],\"publisher\":{\"@type\":\"Organization\",\"name\":\"Casa de Campo Living\",\"logo\":\"https:\\\/\\\/casadecampoliving.com\\\/wp-content\\\/uploads\\\/2022\\\/07\\\/CDCLivingLogo_V1-white-sized.png\"},\"keywords\":[\"comunidad de casa de campo\",\"fundacion mir\"],\"dateCreated\":\"2014-01-06T04:00:00Z\",\"datePublished\":\"2014-01-06T04:00:00Z\",\"dateModified\":\"2022-10-21T22:48:08Z\"}<\/script>","tracker_url":"https:\/\/cdn.parsely.com\/keys\/casadecampoliving.com\/p.js"},"jetpack_publicize_connections":[],"jetpack_featured_media_url":"https:\/\/i0.wp.com\/casadecampoliving.com\/wp-content\/uploads\/2022\/10\/proyecto_alegre_el_batey-1.jpg?fit=650%2C434&ssl=1","jetpack-related-posts":[{"id":353953,"url":"https:\/\/casadecampoliving.com\/es\/republica-dominicana-celebra-el-dia-de-reyes\/","url_meta":{"origin":343654,"position":0},"title":"Rep\u00fablica Dominicana celebra el D\u00eda de Reyes","author":"Casa de Campo Living","date":"5 Ene, 2021","format":false,"excerpt":"El a\u00f1o nuevo acaba de comenzar y ayer ya celebramos una fiesta nacional, \u00a1lo que signific\u00f3 un d\u00eda libre para la mayor\u00eda! Y adem\u00e1s de que no hay trabajo, esta suele ser una de las fiestas nacionales m\u00e1s populares del a\u00f1o, \u00a1porque se trata de compartir, alegr\u00eda y diversi\u00f3n! \u00bfQU\u00c9\u2026","rel":"","context":"En \u00abEstilo de Vida\u00bb","block_context":{"text":"Estilo de Vida","link":"https:\/\/casadecampoliving.com\/es\/category\/estilo-de-vida\/"},"img":{"alt_text":"","src":"https:\/\/i0.wp.com\/casadecampoliving.com\/wp-content\/uploads\/2022\/10\/magi-3039248_1280-e1609855569184-1.png?fit=1000%2C561&ssl=1&resize=350%2C200","width":350,"height":200,"srcset":"https:\/\/i0.wp.com\/casadecampoliving.com\/wp-content\/uploads\/2022\/10\/magi-3039248_1280-e1609855569184-1.png?fit=1000%2C561&ssl=1&resize=350%2C200 1x, https:\/\/i0.wp.com\/casadecampoliving.com\/wp-content\/uploads\/2022\/10\/magi-3039248_1280-e1609855569184-1.png?fit=1000%2C561&ssl=1&resize=525%2C300 1.5x, https:\/\/i0.wp.com\/casadecampoliving.com\/wp-content\/uploads\/2022\/10\/magi-3039248_1280-e1609855569184-1.png?fit=1000%2C561&ssl=1&resize=700%2C400 2x"},"classes":[]},{"id":352375,"url":"https:\/\/casadecampoliving.com\/es\/reyes-magos-en-republica-dominicana\/","url_meta":{"origin":343654,"position":1},"title":"D\u00eda de Reyes en Rep\u00fablica Dominicana","author":"Casa de Campo Living","date":"8 Ene, 2018","format":false,"excerpt":"D\u00eda de los Reyes Magos, tambi\u00e9n conocido como la Epifan\u00eda, es un feriado que tiene tanta importancia como la Navidad en la Rep\u00fablica Dominicana, con ni\u00f1os que reciben regalos y adultos que tienen tiempo libre para celebrar. \u00a0Es un tiempo para estar con la familia comiendo e intercambiando regalos, terminando\u2026","rel":"","context":"En \u00abArte y cultura\u00bb","block_context":{"text":"Arte y cultura","link":"https:\/\/casadecampoliving.com\/category\/arte-y-cultura\/"},"img":{"alt_text":"","src":"https:\/\/i0.wp.com\/casadecampoliving.com\/wp-content\/uploads\/2018\/01\/DSC_0660.jpg?resize=350%2C200&ssl=1","width":350,"height":200,"srcset":"https:\/\/i0.wp.com\/casadecampoliving.com\/wp-content\/uploads\/2018\/01\/DSC_0660.jpg?resize=350%2C200&ssl=1 1x, https:\/\/i0.wp.com\/casadecampoliving.com\/wp-content\/uploads\/2018\/01\/DSC_0660.jpg?resize=525%2C300&ssl=1 1.5x, https:\/\/i0.wp.com\/casadecampoliving.com\/wp-content\/uploads\/2018\/01\/DSC_0660.jpg?resize=700%2C400&ssl=1 2x"},"classes":[]},{"id":433460,"url":"https:\/\/casadecampoliving.com\/es\/no-se-pierdan-el-increible-tributo-a-frank-sinatra-para-celebrar-el-40-aniversario-del-anfiteatro-altos-de-chavon\/","url_meta":{"origin":343654,"position":2},"title":"No se pierdan el incre\u00edble tributo a Frank Sinatra para celebrar el 40 aniversario del\u00a0Anfiteatro Altos de Chav\u00f3n","author":"Casa de Campo Living","date":"20 Oct, 2022","format":false,"excerpt":"Siendo uno de los escenarios m\u00e1s emblem\u00e1ticos del pa\u00eds, Casa de Campo Resort\u00ae & Villas celebra las cuatro d\u00e9cadas de aniversario de Altos de Chav\u00f3n con un tributo al gran Frank Sinatra, protagonizado por artistas invitados y una big band tal cual la que acompa\u00f1\u00f3 al artista hace 40 a\u00f1os\u2026","rel":"","context":"En \u00abUncategorized @es\u00bb","block_context":{"text":"Uncategorized @es","link":"https:\/\/casadecampoliving.com\/es\/category\/uncategorized-es\/"},"img":{"alt_text":"","src":"https:\/\/i0.wp.com\/casadecampoliving.com\/wp-content\/uploads\/2022\/10\/Tributo-Frank-Sinatra-Foto-Principal-Amaury-Sanchez-Danilo-Ginebra-Andres-Pichardo-y-Jose-Gabriel-Perez-.jpg?fit=1200%2C873&ssl=1&resize=350%2C200","width":350,"height":200,"srcset":"https:\/\/i0.wp.com\/casadecampoliving.com\/wp-content\/uploads\/2022\/10\/Tributo-Frank-Sinatra-Foto-Principal-Amaury-Sanchez-Danilo-Ginebra-Andres-Pichardo-y-Jose-Gabriel-Perez-.jpg?fit=1200%2C873&ssl=1&resize=350%2C200 1x, https:\/\/i0.wp.com\/casadecampoliving.com\/wp-content\/uploads\/2022\/10\/Tributo-Frank-Sinatra-Foto-Principal-Amaury-Sanchez-Danilo-Ginebra-Andres-Pichardo-y-Jose-Gabriel-Perez-.jpg?fit=1200%2C873&ssl=1&resize=525%2C300 1.5x, https:\/\/i0.wp.com\/casadecampoliving.com\/wp-content\/uploads\/2022\/10\/Tributo-Frank-Sinatra-Foto-Principal-Amaury-Sanchez-Danilo-Ginebra-Andres-Pichardo-y-Jose-Gabriel-Perez-.jpg?fit=1200%2C873&ssl=1&resize=700%2C400 2x, https:\/\/i0.wp.com\/casadecampoliving.com\/wp-content\/uploads\/2022\/10\/Tributo-Frank-Sinatra-Foto-Principal-Amaury-Sanchez-Danilo-Ginebra-Andres-Pichardo-y-Jose-Gabriel-Perez-.jpg?fit=1200%2C873&ssl=1&resize=1050%2C600 3x"},"classes":[]},{"id":346441,"url":"https:\/\/casadecampoliving.com\/es\/hoy-es-el-dia-de-reyes\/","url_meta":{"origin":343654,"position":3},"title":"\u00a1Hoy es el D\u00eda de Reyes!","author":"Perkin Agramonte","date":"5 Ene, 2015","format":false,"excerpt":"\u00a1Feliz D\u00eda de los Reyes! Este es uno de los d\u00edas m\u00e1s esperados tanto para los adultos, ya que es d\u00eda libre, como para los peque\u00f1itos, ya que pueden recibir esos juguetes que tanto desean. Aunque en otras culturas es tradici\u00f3n hacer regalos en Navidad (25 de diciembre), aqu\u00ed en\u2026","rel":"","context":"En \u00abCasa de Campo Living @es\u00bb","block_context":{"text":"Casa de Campo Living @es","link":"https:\/\/casadecampoliving.com\/category\/casa-de-campo-living-es\/"},"img":{"alt_text":"3 Kings Day","src":"https:\/\/i0.wp.com\/casadecampoliving.com\/wp-content\/uploads\/2022\/10\/3_kings_day-1.jpg?fit=650%2C484&ssl=1&resize=350%2C200","width":350,"height":200,"srcset":"https:\/\/i0.wp.com\/casadecampoliving.com\/wp-content\/uploads\/2022\/10\/3_kings_day-1.jpg?fit=650%2C484&ssl=1&resize=350%2C200 1x, https:\/\/i0.wp.com\/casadecampoliving.com\/wp-content\/uploads\/2022\/10\/3_kings_day-1.jpg?fit=650%2C484&ssl=1&resize=525%2C300 1.5x"},"classes":[]},{"id":349100,"url":"https:\/\/casadecampoliving.com\/es\/reyes-magos-visitan-ninos-fundacion-mir-esperanza\/","url_meta":{"origin":343654,"position":4},"title":"\u00a1Los 3 Reyes Magos visitan los ni\u00f1os de Fundaci\u00f3n MIR Esperanza!","author":"Marlenys Guzm\u00e1n Casta\u00f1os","date":"30 Ene, 2016","format":false,"excerpt":"El viernes 15 de enero, los alumnos de inicial y de primaria (4-8 a\u00f1os) recibieron una visita impresionante... Los 3 Reyes: Melchor, Gaspar y Baltasar! Los ni\u00f1os impecablemente vestidos con sus uniformes de la Fundaci\u00f3n MIR, estuvieron sentados esperando pacientemente a que el evento comenzar\u00e1. El escenario estaba lleno de\u2026","rel":"","context":"En \u00abM\u00e1s all\u00e1 de Casa\u00bb","block_context":{"text":"M\u00e1s all\u00e1 de Casa","link":"https:\/\/casadecampoliving.com\/es\/category\/mas-alla-de-casa-es\/"},"img":{"alt_text":"Di\u0301a de Reyes MIR Boys","src":"https:\/\/i0.wp.com\/casadecampoliving.com\/wp-content\/uploads\/2022\/10\/Di%CC%81a-de-Reyes-MIR-Boys-1.jpg?fit=650%2C400&ssl=1&resize=350%2C200","width":350,"height":200,"srcset":"https:\/\/i0.wp.com\/casadecampoliving.com\/wp-content\/uploads\/2022\/10\/Di%CC%81a-de-Reyes-MIR-Boys-1.jpg?fit=650%2C400&ssl=1&resize=350%2C200 1x, https:\/\/i0.wp.com\/casadecampoliving.com\/wp-content\/uploads\/2022\/10\/Di%CC%81a-de-Reyes-MIR-Boys-1.jpg?fit=650%2C400&ssl=1&resize=525%2C300 1.5x"},"classes":[]},{"id":510456,"url":"https:\/\/casadecampoliving.com\/es\/anuncian-dias-feriados-correspondientes-al-ano-2023-habran-7-fines-de-semana-largos\/","url_meta":{"origin":343654,"position":5},"title":"Anuncian d\u00edas feriados correspondientes al a\u00f1o 2023 &#8211; \u00a1habr\u00e1n 7 fines de semana largos!","author":"Casa de Campo Living","date":"8 Nov, 2022","format":false,"excerpt":"El Ministerio de Trabajo\u00a0anuncia las fechas correspondientes a los d\u00edas feriados durante el a\u00f1o 2023, dando cumplimiento a la\u00a0Ley 139-97, la cual establece el traslado de los d\u00edas feriados.\u00a0 La Ley No. 139-97, de fecha 19 del mes de junio del a\u00f1o 1997, sobre\u00a0traslado para los lunes de los d\u00edas\u2026","rel":"","context":"En \u00abDominican Republic\u00bb","block_context":{"text":"Dominican Republic","link":"https:\/\/casadecampoliving.com\/es\/category\/dominican-republic-2\/"},"img":{"alt_text":"","src":"https:\/\/i0.wp.com\/casadecampoliving.com\/wp-content\/uploads\/2022\/11\/Ministerio-de-trabajo-dias-feriados-2023.jpg?fit=1200%2C675&ssl=1&resize=350%2C200","width":350,"height":200,"srcset":"https:\/\/i0.wp.com\/casadecampoliving.com\/wp-content\/uploads\/2022\/11\/Ministerio-de-trabajo-dias-feriados-2023.jpg?fit=1200%2C675&ssl=1&resize=350%2C200 1x, https:\/\/i0.wp.com\/casadecampoliving.com\/wp-content\/uploads\/2022\/11\/Ministerio-de-trabajo-dias-feriados-2023.jpg?fit=1200%2C675&ssl=1&resize=525%2C300 1.5x, https:\/\/i0.wp.com\/casadecampoliving.com\/wp-content\/uploads\/2022\/11\/Ministerio-de-trabajo-dias-feriados-2023.jpg?fit=1200%2C675&ssl=1&resize=700%2C400 2x, https:\/\/i0.wp.com\/casadecampoliving.com\/wp-content\/uploads\/2022\/11\/Ministerio-de-trabajo-dias-feriados-2023.jpg?fit=1200%2C675&ssl=1&resize=1050%2C600 3x"},"classes":[]}],"jetpack_sharing_enabled":true,"_links":{"self":[{"href":"https:\/\/casadecampoliving.com\/es\/wp-json\/wp\/v2\/posts\/343654","targetHints":{"allow":["GET"]}}],"collection":[{"href":"https:\/\/casadecampoliving.com\/es\/wp-json\/wp\/v2\/posts"}],"about":[{"href":"https:\/\/casadecampoliving.com\/es\/wp-json\/wp\/v2\/types\/post"}],"author":[{"embeddable":true,"href":"https:\/\/casadecampoliving.com\/es\/wp-json\/wp\/v2\/users\/614"}],"replies":[{"embeddable":true,"href":"https:\/\/casadecampoliving.com\/es\/wp-json\/wp\/v2\/comments?post=343654"}],"version-history":[{"count":1,"href":"https:\/\/casadecampoliving.com\/es\/wp-json\/wp\/v2\/posts\/343654\/revisions"}],"predecessor-version":[{"id":343655,"href":"https:\/\/casadecampoliving.com\/es\/wp-json\/wp\/v2\/posts\/343654\/revisions\/343655"}],"wp:featuredmedia":[{"embeddable":true,"href":"https:\/\/casadecampoliving.com\/es\/wp-json\/wp\/v2\/media\/243355"}],"wp:attachment":[{"href":"https:\/\/casadecampoliving.com\/es\/wp-json\/wp\/v2\/media?parent=343654"}],"wp:term":[{"taxonomy":"category","embeddable":true,"href":"https:\/\/casadecampoliving.com\/es\/wp-json\/wp\/v2\/categories?post=343654"},{"taxonomy":"post_tag","embeddable":true,"href":"https:\/\/casadecampoliving.com\/es\/wp-json\/wp\/v2\/tags?post=343654"},{"taxonomy":"newspack_spnsrs_tax","embeddable":true,"href":"https:\/\/casadecampoliving.com\/es\/wp-json\/wp\/v2\/newspack_spnsrs_tax?post=343654"}],"curies":[{"name":"wp","href":"https:\/\/api.w.org\/{rel}","templated":true}]}}