{"id":343586,"date":"2014-01-25T00:00:00","date_gmt":"2014-01-25T04:00:00","guid":{"rendered":"https:\/\/casadecampoliving.com\/aves-en-casa-de-campo-1-el-pelicano-pardo\/"},"modified":"2022-10-21T18:53:48","modified_gmt":"2022-10-21T22:53:48","slug":"aves-en-casa-de-campo-1-el-pelicano-pardo","status":"publish","type":"post","link":"https:\/\/casadecampoliving.com\/es\/aves-en-casa-de-campo-1-el-pelicano-pardo\/","title":{"rendered":"Aves en Casa de Campo #1: El Pelicano Pardo"},"content":{"rendered":"<div class=\"wp-block-image\">\n<figure class=\"aligncenter is-resized\"><img loading=\"lazy\" decoding=\"async\" src=\"https:\/\/i0.wp.com\/casadecampoliving.com\/wp-content\/uploads\/2022\/10\/brown_pelicans2-2.jpg?resize=620%2C364&amp;ssl=1\" alt=\"brown_pelicans2\" class=\"wp-image-84418\" height=\"364\" width=\"620\"\/><\/figure>\n<\/div>\n\n\n<p>En nuestra reciente edici\u00f3n de <a href=\"https:\/\/casadecampoliving.com\/todo-casa-de-campo-8\/\">TODO Casa de Campo (revista gu\u00eda para el resort Casa de Campo)<\/a>, les brindamos una gu\u00eda diaria de las aves vistas en Casa, una gu\u00eda simple para disfrutar de las diferentes especies encontradas en los alrededores del resort. En esta serie de art\u00edculos de \u201cAves en Casa\u201d les traemos las informaciones m\u00e1s profundas acerca de estas incre\u00edbles criaturas.<\/p>\n\n\n\n<!--more-->\n\n\n\n<h3 class=\"wp-block-heading\">Aves de la Hispaniola<\/h3>\n\n\n\n<p>La isla de La Hispaniola, compartida por dos paises; Rep\u00fablica Dominicana y Hait\u00ed, cuenta con m\u00e1s de 300 diferentes especies de aves, 32 de estas son end\u00e9micas, lo que quiere decir que en todo el mundo, este es el \u00fanico lugar donde se pueden encontrar; incre\u00edblemente 8 de estas especies pueden ser vistas en Casa de Campo, as\u00ed como muchas m\u00e1s.<\/p>\n\n\n\n<p>\u00a1As\u00ed que mucha atenci\u00f3n y echemos un vistazo a las diferentes especies de aves en Casa de Campo!<\/p>\n\n\n\n<p><strong>El&nbsp;Pel\u00edcano Pardo&nbsp;(<i>Pelecanus occidentalis<\/i>)<\/strong><\/p>\n\n\n\n<p>Se pueden observar dentro de Casa de Campo, viviendo en grandes grupos en los manglares del r\u00edo Chav\u00f3n, se pueden ver en un paseo en bote desde Playa Minitas <a href=\"https:\/\/casadecampoliving.com\/an-adventure-up-the-chavon-river-in-speed-boat\/\">(haga clic aqu\u00ed para m\u00e1s detalles)<\/a>. Estas bandadas de Pel\u00edcanos Pardos pueden ser vistas en los \u00e1rboles, esperando el momento preciso para hacer sus veloces clavados y as\u00ed alimentarse.<\/p>\n\n\n<div class=\"wp-block-image\">\n<figure class=\"aligncenter is-resized\"><img loading=\"lazy\" decoding=\"async\" src=\"https:\/\/i0.wp.com\/casadecampoliving.com\/wp-content\/uploads\/2022\/10\/brown_pelican1.jpg?resize=650%2C421&amp;ssl=1\" alt=\"brown pelican\" class=\"wp-image-84911\" height=\"421\" width=\"650\"\/><\/figure>\n<\/div>\n\n\n<p class=\"has-text-align-center\"><b>Pel\u00edcanos<\/b><strong>&nbsp;Pardos vistos en los manglares del r\u00edo Chav\u00f3n<\/strong><br>\n<\/p>\n\n\n\n<p>Los Pel\u00edcanos Pardos, tambi\u00e9n se pueden observar en las costas de Casa de Campo, en Playa Minitas, as\u00ed como a largo de todo el campo de golf Teeth of the Dog, al igual que en los hermosos lugares que se puede visitar en un viaje en bote desde La Marina Casa de Campo, tales como: Isla Catalina, Palmilla y Saona.<\/p>\n\n\n\n<p>A pesar de ser la especie m\u00e1s peque\u00f1a entre los pel\u00edcanos, los pel\u00edcanos pardos, pueden llegar a tener hasta 8 pies de amplitud en sus alas, en realidad son m\u00e1s de color gris, con cuello y cabeza de color blanco, a menudo con una corona color amarillo p\u00e1lido. Es interesante observar como todos los pel\u00edcanos hacen clavados en el agua para alimentarse, el pel\u00edcano pardo es, en realidad, s\u00f3lo 1 de 2 especies de pel\u00edcanos que hacen esto.<\/p>\n\n\n\n<h3 class=\"wp-block-heading\">Caracter\u00edsticas Principales<\/h3>\n\n\n<div class=\"wp-block-image\">\n<figure class=\"alignright is-resized\"><img loading=\"lazy\" decoding=\"async\" src=\"https:\/\/i0.wp.com\/casadecampoliving.com\/wp-content\/uploads\/2022\/10\/brown_pelican.jpg?resize=320%2C391&amp;ssl=1\" alt=\"brown pelican\" class=\"wp-image-84910\" height=\"391\" width=\"320\"\/><\/figure>\n<\/div>\n\n\n<ul class=\"wp-block-list\"><li>Son de las aves voladoras m\u00e1s grandes, con un pico largo y abultado, patas gruesas y alas largas y anchas.<\/li><li>Se adaptan muy bien a la nataci\u00f3n y al vuelo.<\/li><li>El pel\u00edcano Pardo es el m\u00e1s peque\u00f1o entre las especies de los pel\u00edcanos tienen entre 100-137 cm (42-54 pul.) de longitud, pesa entre 2.75 y 5.5 kg (6.1 a 12 lb) y una amplitud en sus alas de 1.83 a 2.5 m (6.0 a 8.2 pies).<\/li><li>Los Pelicanos Pardos viven en ambas costas de America desde Canada a Venezuela.<\/li><li>Se alimentan de peque\u00f1os peces, especialmente de sardinas y anchoas<\/li><li>Hacen sus nidos en el suelo o en un \u00e1rbol a base de palitos, hierbas, hojas, sogas y otros materiales, donde pone de 2 a 4 huevos blancos.<\/li><\/ul>\n\n\n\n<p><strong>Nota:&nbsp;<\/strong>Esta ave se puede distinguir del Pelicano Blanco, por su plumaje pardo o marr\u00f3n, por su tama\u00f1o m\u00e1s peque\u00f1o y por su h\u00e1bito de sobrevolar el mar en busca de peces.<\/p>\n\n\n\n<p><strong>Este es el segundo art\u00edculo&nbsp;de nuestra serie \u201cAves en Casa\u201d, en los&nbsp;pr\u00f3ximos&nbsp;art\u00edculos&nbsp;podr\u00e1 leer acerca&nbsp;de: <\/strong><em>Cuyaya, Madame Sag\u00e1,&nbsp;P\u00e1jaro&nbsp;Carpintero,&nbsp;Perico&nbsp;y muchos m\u00e1s.<\/em><\/p>\n\n\n\n<p><a href=\"https:\/\/casadecampoliving.com\/es\/aves-en-casa-1-el-perico\/\">Haga clic aqu\u00ed para leer la 1era parte: Los Pericos del Teeth of the Dog<\/a><\/p>\n","protected":false},"excerpt":{"rendered":"<p>En nuestra reciente edici\u00f3n de TODO Casa de Campo (revista gu\u00eda para el resort Casa de Campo), les brindamos una gu\u00eda diaria de las aves vistas en Casa, una gu\u00eda simple para disfrutar de las diferentes especies encontradas en los alrededores del resort. En esta serie de art\u00edculos de \u201cAves en Casa\u201d les traemos las [&hellip;]<\/p>\n","protected":false},"author":1097,"featured_media":249369,"comment_status":"closed","ping_status":"closed","sticky":false,"template":"","format":"standard","meta":{"newspack_ads_suppress_ads":false,"newspack_popups_has_disabled_popups":false,"newspack_sponsor_sponsorship_scope":"","newspack_sponsor_native_byline_display":"inherit","newspack_sponsor_native_category_display":"inherit","newspack_sponsor_underwriter_style":"inherit","newspack_sponsor_underwriter_placement":"inherit","_newspack_byline_active":false,"_newspack_byline":"","newspack_hide_updated_date":false,"newspack_show_updated_date":false,"newspack_content_restriction_is_exempt":false,"newspack_featured_image_position":"","newspack_post_subtitle":"","newspack_article_summary_title":"Overview:","newspack_article_summary":"","_jetpack_memberships_contains_paid_content":false,"footnotes":"","jetpack_publicize_message":"","jetpack_publicize_feature_enabled":true,"jetpack_social_post_already_shared":false,"jetpack_social_options":{"image_generator_settings":{"template":"highway","default_image_id":0,"font":"","enabled":false},"version":2},"_wpas_customize_per_network":false},"categories":[2524,14631,14625,2521,26822],"tags":[6448,3626],"newspack_spnsrs_tax":[],"class_list":["post-343586","post","type-post","status-publish","format-standard","has-post-thumbnail","hentry","category-destacados","category-estilo-de-vida","category-noticias-locales","category-republica-dominicana-2","category-resort-casa-de-campo","tag-aves","tag-casa-de-campo-es","entry"],"yoast_head":"<!-- This site is optimized with the Yoast SEO plugin v27.4 - https:\/\/yoast.com\/product\/yoast-seo-wordpress\/ -->\n<title>Aves en Casa de Campo #1: El Pelicano Pardo | Casa de Campo Living<\/title>\n<meta name=\"description\" content=\"En nuestra reciente edici\u00f3n de TODO Casa de Campo (revista gu\u00eda para el resort Casa de Campo), les brindamos una gu\u00eda diaria de las aves vistas en Casa,\" \/>\n<meta name=\"robots\" content=\"index, follow, max-snippet:-1, max-image-preview:large, max-video-preview:-1\" \/>\n<link rel=\"canonical\" href=\"https:\/\/casadecampoliving.com\/es\/aves-en-casa-de-campo-1-el-pelicano-pardo\/\" \/>\n<meta property=\"og:locale\" content=\"es_ES\" \/>\n<meta property=\"og:type\" content=\"article\" \/>\n<meta property=\"og:title\" content=\"Aves en Casa de Campo #1: El Pelicano Pardo | Casa de Campo Living\" \/>\n<meta property=\"og:description\" content=\"En nuestra reciente edici\u00f3n de TODO Casa de Campo (revista gu\u00eda para el resort Casa de Campo), les brindamos una gu\u00eda diaria de las aves vistas en Casa,\" \/>\n<meta property=\"og:url\" content=\"https:\/\/casadecampoliving.com\/es\/aves-en-casa-de-campo-1-el-pelicano-pardo\/\" \/>\n<meta property=\"og:site_name\" content=\"Casa de Campo Living\" \/>\n<meta property=\"article:publisher\" content=\"https:\/\/www.facebook.com\/casadecampoliving\" \/>\n<meta property=\"article:published_time\" content=\"2014-01-25T04:00:00+00:00\" \/>\n<meta property=\"article:modified_time\" content=\"2022-10-21T22:53:48+00:00\" \/>\n<meta property=\"og:image\" content=\"https:\/\/i0.wp.com\/casadecampoliving.com\/wp-content\/uploads\/2022\/10\/palmilla_casadecampo-6.jpg?fit=565%2C376&ssl=1\" \/>\n\t<meta property=\"og:image:width\" content=\"565\" \/>\n\t<meta property=\"og:image:height\" content=\"376\" \/>\n\t<meta property=\"og:image:type\" content=\"image\/jpeg\" \/>\n<meta name=\"author\" content=\"Perkin Agramonte\" \/>\n<meta name=\"twitter:card\" content=\"summary_large_image\" \/>\n<meta name=\"twitter:creator\" content=\"@cdcliving\" \/>\n<meta name=\"twitter:site\" content=\"@cdcliving\" \/>\n<meta name=\"twitter:label1\" content=\"Escrito por\" \/>\n\t<meta name=\"twitter:data1\" content=\"Perkin Agramonte\" \/>\n\t<meta name=\"twitter:label2\" content=\"Tiempo de lectura\" \/>\n\t<meta name=\"twitter:data2\" content=\"3 minutos\" \/>\n<script type=\"application\/ld+json\" class=\"yoast-schema-graph\">{\"@context\":\"https:\\\/\\\/schema.org\",\"@graph\":[{\"@type\":\"Article\",\"@id\":\"https:\\\/\\\/casadecampoliving.com\\\/es\\\/aves-en-casa-de-campo-1-el-pelicano-pardo\\\/#article\",\"isPartOf\":{\"@id\":\"https:\\\/\\\/casadecampoliving.com\\\/es\\\/aves-en-casa-de-campo-1-el-pelicano-pardo\\\/\"},\"author\":{\"name\":\"Perkin Agramonte\",\"@id\":\"https:\\\/\\\/casadecampoliving.com\\\/es\\\/#\\\/schema\\\/person\\\/c8efa6049510554b7d5fea078d728f72\"},\"headline\":\"Aves en Casa de Campo #1: El Pelicano Pardo\",\"datePublished\":\"2014-01-25T04:00:00+00:00\",\"dateModified\":\"2022-10-21T22:53:48+00:00\",\"mainEntityOfPage\":{\"@id\":\"https:\\\/\\\/casadecampoliving.com\\\/es\\\/aves-en-casa-de-campo-1-el-pelicano-pardo\\\/\"},\"wordCount\":616,\"publisher\":{\"@id\":\"https:\\\/\\\/casadecampoliving.com\\\/es\\\/#organization\"},\"image\":{\"@id\":\"https:\\\/\\\/casadecampoliving.com\\\/es\\\/aves-en-casa-de-campo-1-el-pelicano-pardo\\\/#primaryimage\"},\"thumbnailUrl\":\"https:\\\/\\\/i0.wp.com\\\/casadecampoliving.com\\\/wp-content\\\/uploads\\\/2022\\\/10\\\/palmilla_casadecampo-6.jpg?fit=565%2C376&ssl=1\",\"keywords\":[\"aves\",\"casa de campo @es\"],\"articleSection\":[\"Destacados\",\"Estilo de Vida\",\"Noticias Locales\",\"Rep\u00fablica Dominicana @es\",\"Resort Casa de Campo\"],\"inLanguage\":\"es\"},{\"@type\":\"WebPage\",\"@id\":\"https:\\\/\\\/casadecampoliving.com\\\/es\\\/aves-en-casa-de-campo-1-el-pelicano-pardo\\\/\",\"url\":\"https:\\\/\\\/casadecampoliving.com\\\/es\\\/aves-en-casa-de-campo-1-el-pelicano-pardo\\\/\",\"name\":\"Aves en Casa de Campo #1: El Pelicano Pardo | Casa de Campo Living\",\"isPartOf\":{\"@id\":\"https:\\\/\\\/casadecampoliving.com\\\/es\\\/#website\"},\"primaryImageOfPage\":{\"@id\":\"https:\\\/\\\/casadecampoliving.com\\\/es\\\/aves-en-casa-de-campo-1-el-pelicano-pardo\\\/#primaryimage\"},\"image\":{\"@id\":\"https:\\\/\\\/casadecampoliving.com\\\/es\\\/aves-en-casa-de-campo-1-el-pelicano-pardo\\\/#primaryimage\"},\"thumbnailUrl\":\"https:\\\/\\\/i0.wp.com\\\/casadecampoliving.com\\\/wp-content\\\/uploads\\\/2022\\\/10\\\/palmilla_casadecampo-6.jpg?fit=565%2C376&ssl=1\",\"datePublished\":\"2014-01-25T04:00:00+00:00\",\"dateModified\":\"2022-10-21T22:53:48+00:00\",\"description\":\"En nuestra reciente edici\u00f3n de TODO Casa de Campo (revista gu\u00eda para el resort Casa de Campo), les brindamos una gu\u00eda diaria de las aves vistas en Casa,\",\"breadcrumb\":{\"@id\":\"https:\\\/\\\/casadecampoliving.com\\\/es\\\/aves-en-casa-de-campo-1-el-pelicano-pardo\\\/#breadcrumb\"},\"inLanguage\":\"es\",\"potentialAction\":[{\"@type\":\"ReadAction\",\"target\":[\"https:\\\/\\\/casadecampoliving.com\\\/es\\\/aves-en-casa-de-campo-1-el-pelicano-pardo\\\/\"]}]},{\"@type\":\"ImageObject\",\"inLanguage\":\"es\",\"@id\":\"https:\\\/\\\/casadecampoliving.com\\\/es\\\/aves-en-casa-de-campo-1-el-pelicano-pardo\\\/#primaryimage\",\"url\":\"https:\\\/\\\/i0.wp.com\\\/casadecampoliving.com\\\/wp-content\\\/uploads\\\/2022\\\/10\\\/palmilla_casadecampo-6.jpg?fit=565%2C376&ssl=1\",\"contentUrl\":\"https:\\\/\\\/i0.wp.com\\\/casadecampoliving.com\\\/wp-content\\\/uploads\\\/2022\\\/10\\\/palmilla_casadecampo-6.jpg?fit=565%2C376&ssl=1\",\"width\":565,\"height\":376},{\"@type\":\"BreadcrumbList\",\"@id\":\"https:\\\/\\\/casadecampoliving.com\\\/es\\\/aves-en-casa-de-campo-1-el-pelicano-pardo\\\/#breadcrumb\",\"itemListElement\":[{\"@type\":\"ListItem\",\"position\":1,\"name\":\"Home\",\"item\":\"https:\\\/\\\/casadecampoliving.com\\\/es\\\/\"},{\"@type\":\"ListItem\",\"position\":2,\"name\":\"Aves en Casa de Campo #1: El Pelicano Pardo\"}]},{\"@type\":\"WebSite\",\"@id\":\"https:\\\/\\\/casadecampoliving.com\\\/es\\\/#website\",\"url\":\"https:\\\/\\\/casadecampoliving.com\\\/es\\\/\",\"name\":\"Casa de Campo Living\",\"description\":\"Resort community news and resources.\",\"publisher\":{\"@id\":\"https:\\\/\\\/casadecampoliving.com\\\/es\\\/#organization\"},\"potentialAction\":[{\"@type\":\"SearchAction\",\"target\":{\"@type\":\"EntryPoint\",\"urlTemplate\":\"https:\\\/\\\/casadecampoliving.com\\\/es\\\/?s={search_term_string}\"},\"query-input\":{\"@type\":\"PropertyValueSpecification\",\"valueRequired\":true,\"valueName\":\"search_term_string\"}}],\"inLanguage\":\"es\"},{\"@type\":\"Organization\",\"@id\":\"https:\\\/\\\/casadecampoliving.com\\\/es\\\/#organization\",\"name\":\"Casa de Campo Living\",\"url\":\"https:\\\/\\\/casadecampoliving.com\\\/es\\\/\",\"logo\":{\"@type\":\"ImageObject\",\"inLanguage\":\"es\",\"@id\":\"https:\\\/\\\/casadecampoliving.com\\\/es\\\/#\\\/schema\\\/logo\\\/image\\\/\",\"url\":\"https:\\\/\\\/i0.wp.com\\\/casadecampoliving.com\\\/wp-content\\\/uploads\\\/2022\\\/07\\\/CDCLivingLogo_V1-white-sized.png?fit=800%2C214&ssl=1\",\"contentUrl\":\"https:\\\/\\\/i0.wp.com\\\/casadecampoliving.com\\\/wp-content\\\/uploads\\\/2022\\\/07\\\/CDCLivingLogo_V1-white-sized.png?fit=800%2C214&ssl=1\",\"width\":800,\"height\":214,\"caption\":\"Casa de Campo Living\"},\"image\":{\"@id\":\"https:\\\/\\\/casadecampoliving.com\\\/es\\\/#\\\/schema\\\/logo\\\/image\\\/\"},\"sameAs\":[\"https:\\\/\\\/www.facebook.com\\\/casadecampoliving\",\"https:\\\/\\\/x.com\\\/cdcliving\"]},{\"@type\":\"Person\",\"@id\":\"https:\\\/\\\/casadecampoliving.com\\\/es\\\/#\\\/schema\\\/person\\\/c8efa6049510554b7d5fea078d728f72\",\"name\":\"Perkin Agramonte\",\"image\":{\"@type\":\"ImageObject\",\"inLanguage\":\"es\",\"@id\":\"https:\\\/\\\/secure.gravatar.com\\\/avatar\\\/57bfdafcae55fb83dbb79a1585a9eab7f269b7720fb0b64cb9a4e0cd2962fa10?s=96&d=mm&r=g\",\"url\":\"https:\\\/\\\/secure.gravatar.com\\\/avatar\\\/57bfdafcae55fb83dbb79a1585a9eab7f269b7720fb0b64cb9a4e0cd2962fa10?s=96&d=mm&r=g\",\"contentUrl\":\"https:\\\/\\\/secure.gravatar.com\\\/avatar\\\/57bfdafcae55fb83dbb79a1585a9eab7f269b7720fb0b64cb9a4e0cd2962fa10?s=96&d=mm&r=g\",\"caption\":\"Perkin Agramonte\"},\"url\":\"https:\\\/\\\/casadecampoliving.com\\\/es\\\/author\\\/cagramonte\\\/\"}]}<\/script>\n<!-- \/ Yoast SEO plugin. -->","yoast_head_json":{"title":"Aves en Casa de Campo #1: El Pelicano Pardo | Casa de Campo Living","description":"En nuestra reciente edici\u00f3n de TODO Casa de Campo (revista gu\u00eda para el resort Casa de Campo), les brindamos una gu\u00eda diaria de las aves vistas en Casa,","robots":{"index":"index","follow":"follow","max-snippet":"max-snippet:-1","max-image-preview":"max-image-preview:large","max-video-preview":"max-video-preview:-1"},"canonical":"https:\/\/casadecampoliving.com\/es\/aves-en-casa-de-campo-1-el-pelicano-pardo\/","og_locale":"es_ES","og_type":"article","og_title":"Aves en Casa de Campo #1: El Pelicano Pardo | Casa de Campo Living","og_description":"En nuestra reciente edici\u00f3n de TODO Casa de Campo (revista gu\u00eda para el resort Casa de Campo), les brindamos una gu\u00eda diaria de las aves vistas en Casa,","og_url":"https:\/\/casadecampoliving.com\/es\/aves-en-casa-de-campo-1-el-pelicano-pardo\/","og_site_name":"Casa de Campo Living","article_publisher":"https:\/\/www.facebook.com\/casadecampoliving","article_published_time":"2014-01-25T04:00:00+00:00","article_modified_time":"2022-10-21T22:53:48+00:00","og_image":[{"width":565,"height":376,"url":"https:\/\/i0.wp.com\/casadecampoliving.com\/wp-content\/uploads\/2022\/10\/palmilla_casadecampo-6.jpg?fit=565%2C376&ssl=1","type":"image\/jpeg"}],"author":"Perkin Agramonte","twitter_card":"summary_large_image","twitter_creator":"@cdcliving","twitter_site":"@cdcliving","twitter_misc":{"Escrito por":"Perkin Agramonte","Tiempo de lectura":"3 minutos"},"schema":{"@context":"https:\/\/schema.org","@graph":[{"@type":"Article","@id":"https:\/\/casadecampoliving.com\/es\/aves-en-casa-de-campo-1-el-pelicano-pardo\/#article","isPartOf":{"@id":"https:\/\/casadecampoliving.com\/es\/aves-en-casa-de-campo-1-el-pelicano-pardo\/"},"author":{"name":"Perkin Agramonte","@id":"https:\/\/casadecampoliving.com\/es\/#\/schema\/person\/c8efa6049510554b7d5fea078d728f72"},"headline":"Aves en Casa de Campo #1: El Pelicano Pardo","datePublished":"2014-01-25T04:00:00+00:00","dateModified":"2022-10-21T22:53:48+00:00","mainEntityOfPage":{"@id":"https:\/\/casadecampoliving.com\/es\/aves-en-casa-de-campo-1-el-pelicano-pardo\/"},"wordCount":616,"publisher":{"@id":"https:\/\/casadecampoliving.com\/es\/#organization"},"image":{"@id":"https:\/\/casadecampoliving.com\/es\/aves-en-casa-de-campo-1-el-pelicano-pardo\/#primaryimage"},"thumbnailUrl":"https:\/\/i0.wp.com\/casadecampoliving.com\/wp-content\/uploads\/2022\/10\/palmilla_casadecampo-6.jpg?fit=565%2C376&ssl=1","keywords":["aves","casa de campo @es"],"articleSection":["Destacados","Estilo de Vida","Noticias Locales","Rep\u00fablica Dominicana @es","Resort Casa de Campo"],"inLanguage":"es"},{"@type":"WebPage","@id":"https:\/\/casadecampoliving.com\/es\/aves-en-casa-de-campo-1-el-pelicano-pardo\/","url":"https:\/\/casadecampoliving.com\/es\/aves-en-casa-de-campo-1-el-pelicano-pardo\/","name":"Aves en Casa de Campo #1: El Pelicano Pardo | Casa de Campo Living","isPartOf":{"@id":"https:\/\/casadecampoliving.com\/es\/#website"},"primaryImageOfPage":{"@id":"https:\/\/casadecampoliving.com\/es\/aves-en-casa-de-campo-1-el-pelicano-pardo\/#primaryimage"},"image":{"@id":"https:\/\/casadecampoliving.com\/es\/aves-en-casa-de-campo-1-el-pelicano-pardo\/#primaryimage"},"thumbnailUrl":"https:\/\/i0.wp.com\/casadecampoliving.com\/wp-content\/uploads\/2022\/10\/palmilla_casadecampo-6.jpg?fit=565%2C376&ssl=1","datePublished":"2014-01-25T04:00:00+00:00","dateModified":"2022-10-21T22:53:48+00:00","description":"En nuestra reciente edici\u00f3n de TODO Casa de Campo (revista gu\u00eda para el resort Casa de Campo), les brindamos una gu\u00eda diaria de las aves vistas en Casa,","breadcrumb":{"@id":"https:\/\/casadecampoliving.com\/es\/aves-en-casa-de-campo-1-el-pelicano-pardo\/#breadcrumb"},"inLanguage":"es","potentialAction":[{"@type":"ReadAction","target":["https:\/\/casadecampoliving.com\/es\/aves-en-casa-de-campo-1-el-pelicano-pardo\/"]}]},{"@type":"ImageObject","inLanguage":"es","@id":"https:\/\/casadecampoliving.com\/es\/aves-en-casa-de-campo-1-el-pelicano-pardo\/#primaryimage","url":"https:\/\/i0.wp.com\/casadecampoliving.com\/wp-content\/uploads\/2022\/10\/palmilla_casadecampo-6.jpg?fit=565%2C376&ssl=1","contentUrl":"https:\/\/i0.wp.com\/casadecampoliving.com\/wp-content\/uploads\/2022\/10\/palmilla_casadecampo-6.jpg?fit=565%2C376&ssl=1","width":565,"height":376},{"@type":"BreadcrumbList","@id":"https:\/\/casadecampoliving.com\/es\/aves-en-casa-de-campo-1-el-pelicano-pardo\/#breadcrumb","itemListElement":[{"@type":"ListItem","position":1,"name":"Home","item":"https:\/\/casadecampoliving.com\/es\/"},{"@type":"ListItem","position":2,"name":"Aves en Casa de Campo #1: El Pelicano Pardo"}]},{"@type":"WebSite","@id":"https:\/\/casadecampoliving.com\/es\/#website","url":"https:\/\/casadecampoliving.com\/es\/","name":"Casa de Campo Living","description":"Resort community news and resources.","publisher":{"@id":"https:\/\/casadecampoliving.com\/es\/#organization"},"potentialAction":[{"@type":"SearchAction","target":{"@type":"EntryPoint","urlTemplate":"https:\/\/casadecampoliving.com\/es\/?s={search_term_string}"},"query-input":{"@type":"PropertyValueSpecification","valueRequired":true,"valueName":"search_term_string"}}],"inLanguage":"es"},{"@type":"Organization","@id":"https:\/\/casadecampoliving.com\/es\/#organization","name":"Casa de Campo Living","url":"https:\/\/casadecampoliving.com\/es\/","logo":{"@type":"ImageObject","inLanguage":"es","@id":"https:\/\/casadecampoliving.com\/es\/#\/schema\/logo\/image\/","url":"https:\/\/i0.wp.com\/casadecampoliving.com\/wp-content\/uploads\/2022\/07\/CDCLivingLogo_V1-white-sized.png?fit=800%2C214&ssl=1","contentUrl":"https:\/\/i0.wp.com\/casadecampoliving.com\/wp-content\/uploads\/2022\/07\/CDCLivingLogo_V1-white-sized.png?fit=800%2C214&ssl=1","width":800,"height":214,"caption":"Casa de Campo Living"},"image":{"@id":"https:\/\/casadecampoliving.com\/es\/#\/schema\/logo\/image\/"},"sameAs":["https:\/\/www.facebook.com\/casadecampoliving","https:\/\/x.com\/cdcliving"]},{"@type":"Person","@id":"https:\/\/casadecampoliving.com\/es\/#\/schema\/person\/c8efa6049510554b7d5fea078d728f72","name":"Perkin Agramonte","image":{"@type":"ImageObject","inLanguage":"es","@id":"https:\/\/secure.gravatar.com\/avatar\/57bfdafcae55fb83dbb79a1585a9eab7f269b7720fb0b64cb9a4e0cd2962fa10?s=96&d=mm&r=g","url":"https:\/\/secure.gravatar.com\/avatar\/57bfdafcae55fb83dbb79a1585a9eab7f269b7720fb0b64cb9a4e0cd2962fa10?s=96&d=mm&r=g","contentUrl":"https:\/\/secure.gravatar.com\/avatar\/57bfdafcae55fb83dbb79a1585a9eab7f269b7720fb0b64cb9a4e0cd2962fa10?s=96&d=mm&r=g","caption":"Perkin Agramonte"},"url":"https:\/\/casadecampoliving.com\/es\/author\/cagramonte\/"}]}},"parsely":{"version":"1.1.0","canonical_url":"https:\/\/casadecampoliving.com\/es\/aves-en-casa-de-campo-1-el-pelicano-pardo\/","smart_links":{"inbound":0,"outbound":0},"traffic_boost_suggestions_count":0,"meta":{"@context":"https:\/\/schema.org","@type":"NewsArticle","headline":"Aves en Casa de Campo #1: El Pelicano Pardo","url":"http:\/\/casadecampoliving.com\/es\/aves-en-casa-de-campo-1-el-pelicano-pardo\/","mainEntityOfPage":{"@type":"WebPage","@id":"http:\/\/casadecampoliving.com\/es\/aves-en-casa-de-campo-1-el-pelicano-pardo\/"},"thumbnailUrl":"https:\/\/i0.wp.com\/casadecampoliving.com\/wp-content\/uploads\/2022\/10\/palmilla_casadecampo-6.jpg?resize=150%2C150&ssl=1","image":{"@type":"ImageObject","url":"https:\/\/i0.wp.com\/casadecampoliving.com\/wp-content\/uploads\/2022\/10\/palmilla_casadecampo-6.jpg?fit=565%2C376&ssl=1"},"articleSection":"Destacados","author":[{"@type":"Person","name":"Perkin Agramonte"}],"creator":["Perkin Agramonte"],"publisher":{"@type":"Organization","name":"Casa de Campo Living","logo":"https:\/\/casadecampoliving.com\/wp-content\/uploads\/2022\/07\/CDCLivingLogo_V1-white-sized.png"},"keywords":["aves","casa de campo @es"],"dateCreated":"2014-01-25T04:00:00Z","datePublished":"2014-01-25T04:00:00Z","dateModified":"2022-10-21T22:53:48Z"},"rendered":"<script type=\"application\/ld+json\" class=\"wp-parsely-metadata\">{\"@context\":\"https:\\\/\\\/schema.org\",\"@type\":\"NewsArticle\",\"headline\":\"Aves en Casa de Campo #1: El Pelicano Pardo\",\"url\":\"http:\\\/\\\/casadecampoliving.com\\\/es\\\/aves-en-casa-de-campo-1-el-pelicano-pardo\\\/\",\"mainEntityOfPage\":{\"@type\":\"WebPage\",\"@id\":\"http:\\\/\\\/casadecampoliving.com\\\/es\\\/aves-en-casa-de-campo-1-el-pelicano-pardo\\\/\"},\"thumbnailUrl\":\"https:\\\/\\\/i0.wp.com\\\/casadecampoliving.com\\\/wp-content\\\/uploads\\\/2022\\\/10\\\/palmilla_casadecampo-6.jpg?resize=150%2C150&ssl=1\",\"image\":{\"@type\":\"ImageObject\",\"url\":\"https:\\\/\\\/i0.wp.com\\\/casadecampoliving.com\\\/wp-content\\\/uploads\\\/2022\\\/10\\\/palmilla_casadecampo-6.jpg?fit=565%2C376&ssl=1\"},\"articleSection\":\"Destacados\",\"author\":[{\"@type\":\"Person\",\"name\":\"Perkin Agramonte\"}],\"creator\":[\"Perkin Agramonte\"],\"publisher\":{\"@type\":\"Organization\",\"name\":\"Casa de Campo Living\",\"logo\":\"https:\\\/\\\/casadecampoliving.com\\\/wp-content\\\/uploads\\\/2022\\\/07\\\/CDCLivingLogo_V1-white-sized.png\"},\"keywords\":[\"aves\",\"casa de campo @es\"],\"dateCreated\":\"2014-01-25T04:00:00Z\",\"datePublished\":\"2014-01-25T04:00:00Z\",\"dateModified\":\"2022-10-21T22:53:48Z\"}<\/script>","tracker_url":"https:\/\/cdn.parsely.com\/keys\/casadecampoliving.com\/p.js"},"jetpack_publicize_connections":[],"jetpack_featured_media_url":"https:\/\/i0.wp.com\/casadecampoliving.com\/wp-content\/uploads\/2022\/10\/palmilla_casadecampo-6.jpg?fit=565%2C376&ssl=1","jetpack-related-posts":[{"id":343801,"url":"https:\/\/casadecampoliving.com\/es\/aves-en-casa-pajaro-carpintero\/","url_meta":{"origin":343586,"position":0},"title":"Aves en Casa #3: El P\u00e1jaro Carpintero","author":"Perkin Agramonte","date":"1 Feb, 2014","format":false,"excerpt":"En nuestra reciente edici\u00f3n de\u00a0TODO Casa de Campo (revista gu\u00eda para el resort Casa de Campo), les brindamos una gu\u00eda diaria de las aves vistas en Casa, una gu\u00eda simple para disfrutar de las diferentes especies encontradas en los alrededores del resort. En esta serie de art\u00edculos de \u201cAves en\u2026","rel":"","context":"En \u00abAltos de Chavon @es\u00bb","block_context":{"text":"Altos de Chavon @es","link":"https:\/\/casadecampoliving.com\/category\/altos-de-chavon-es\/"},"img":{"alt_text":"","src":"https:\/\/i0.wp.com\/casadecampoliving.com\/wp-content\/uploads\/2022\/10\/Header-Image.jpg?fit=650%2C433&ssl=1&resize=350%2C200","width":350,"height":200,"srcset":"https:\/\/i0.wp.com\/casadecampoliving.com\/wp-content\/uploads\/2022\/10\/Header-Image.jpg?fit=650%2C433&ssl=1&resize=350%2C200 1x, https:\/\/i0.wp.com\/casadecampoliving.com\/wp-content\/uploads\/2022\/10\/Header-Image.jpg?fit=650%2C433&ssl=1&resize=525%2C300 1.5x"},"classes":[]},{"id":343886,"url":"https:\/\/casadecampoliving.com\/es\/aves-en-casa-4-el-pequeno-madam-saga\/","url_meta":{"origin":343586,"position":1},"title":"Aves en Casa #4: El peque\u00f1o Madam Sag\u00e1","author":"Perkin Agramonte","date":"16 Feb, 2014","format":false,"excerpt":"En nuestra reciente edici\u00f3n de\u00a0TODO Casa de Campo (revista gu\u00eda para el resort Casa de Campo), les brindamos una gu\u00eda diaria de las aves vistas en Casa, una gu\u00eda simple para disfrutar de las diferentes especies encontradas en los alrededores del resort. En esta serie de art\u00edculos de \u201cAves en\u2026","rel":"","context":"En \u00abArte y cultura\u00bb","block_context":{"text":"Arte y cultura","link":"https:\/\/casadecampoliving.com\/category\/arte-y-cultura\/"},"img":{"alt_text":"Village Weaver bird","src":"https:\/\/i0.wp.com\/casadecampoliving.com\/wp-content\/uploads\/2022\/10\/village_weaver_bird1-1.jpg?fit=650%2C495&ssl=1&resize=350%2C200","width":350,"height":200,"srcset":"https:\/\/i0.wp.com\/casadecampoliving.com\/wp-content\/uploads\/2022\/10\/village_weaver_bird1-1.jpg?fit=650%2C495&ssl=1&resize=350%2C200 1x, https:\/\/i0.wp.com\/casadecampoliving.com\/wp-content\/uploads\/2022\/10\/village_weaver_bird1-1.jpg?fit=650%2C495&ssl=1&resize=525%2C300 1.5x"},"classes":[]},{"id":343728,"url":"https:\/\/casadecampoliving.com\/es\/aves-en-casa-1-el-perico\/","url_meta":{"origin":343586,"position":2},"title":"Aves en Casa #1: El Perico","author":"Perkin Agramonte","date":"18 Ene, 2014","format":false,"excerpt":"Una gran bandada de pericos viven en Casa de Campo, estas hermosas aves de color verde, las cuales son end\u00e9micas de la Rep\u00fablica Dominicana, pueden ser vistas en el hotel Casa de Campo por los predios del campo de golf Teeth of the Dog. En nuestra reciente edici\u00f3n de\u00a0TODO Casa\u2026","rel":"","context":"En \u00abCasa de Campo Living @es\u00bb","block_context":{"text":"Casa de Campo Living @es","link":"https:\/\/casadecampoliving.com\/category\/casa-de-campo-living-es\/"},"img":{"alt_text":"Hispaniolan Parakeet","src":"https:\/\/i0.wp.com\/casadecampoliving.com\/wp-content\/uploads\/2022\/10\/Hispaniolan-Parakeet-5-1-1.jpg?fit=650%2C462&ssl=1&resize=350%2C200","width":350,"height":200,"srcset":"https:\/\/i0.wp.com\/casadecampoliving.com\/wp-content\/uploads\/2022\/10\/Hispaniolan-Parakeet-5-1-1.jpg?fit=650%2C462&ssl=1&resize=350%2C200 1x, https:\/\/i0.wp.com\/casadecampoliving.com\/wp-content\/uploads\/2022\/10\/Hispaniolan-Parakeet-5-1-1.jpg?fit=650%2C462&ssl=1&resize=525%2C300 1.5x"},"classes":[]},{"id":343934,"url":"https:\/\/casadecampoliving.com\/es\/aves-en-casa-4-la-yaboa\/","url_meta":{"origin":343586,"position":3},"title":"Aves en Casa #4: La Yaboa","author":"Perkin Agramonte","date":"1 Mar, 2014","format":false,"excerpt":"En nuestra reciente edici\u00f3n de\u00a0TODO Casa de Campo (revista gu\u00eda para el resort Casa de Campo), les brindamos una gu\u00eda diaria de las aves vistas en Casa, una gu\u00eda simple para disfrutar de las diferentes especies encontradas en los alrededores del resort. En esta serie de art\u00edculos de \u201cAves en\u2026","rel":"","context":"En \u00abCasa de Campo Living @es\u00bb","block_context":{"text":"Casa de Campo Living @es","link":"https:\/\/casadecampoliving.com\/category\/casa-de-campo-living-es\/"},"img":{"alt_text":"","src":"https:\/\/i0.wp.com\/casadecampoliving.com\/wp-content\/uploads\/2022\/10\/Yaboa-1.jpg?fit=650%2C488&ssl=1&resize=350%2C200","width":350,"height":200,"srcset":"https:\/\/i0.wp.com\/casadecampoliving.com\/wp-content\/uploads\/2022\/10\/Yaboa-1.jpg?fit=650%2C488&ssl=1&resize=350%2C200 1x, https:\/\/i0.wp.com\/casadecampoliving.com\/wp-content\/uploads\/2022\/10\/Yaboa-1.jpg?fit=650%2C488&ssl=1&resize=525%2C300 1.5x"},"classes":[]},{"id":344332,"url":"https:\/\/casadecampoliving.com\/es\/excursion-para-observadores-de-aves-sobre-el-rio-chavon\/","url_meta":{"origin":343586,"position":4},"title":"Excursi\u00f3n para observadores de aves sobre el r\u00edo Chav\u00f3n","author":"Perkin Agramonte","date":"8 May, 2014","format":false,"excerpt":"La Rep\u00fablica Dominicana es un pa\u00eds que puede convertir en realidad su sue\u00f1o de ser observador de aves. No importa que sea usted o no un aficionado a la vida salvaje, no hay nada mejor que observar las aves mientras disfruta de un paseo en bote por el r\u00edo Chav\u00f3n.\u2026","rel":"","context":"En \u00abAltos de Chavon @es\u00bb","block_context":{"text":"Altos de Chavon @es","link":"https:\/\/casadecampoliving.com\/category\/altos-de-chavon-es\/"},"img":{"alt_text":"colibri","src":"https:\/\/i0.wp.com\/casadecampoliving.com\/wp-content\/uploads\/2022\/10\/colibri-1.jpg?fit=650%2C479&ssl=1&resize=350%2C200","width":350,"height":200,"srcset":"https:\/\/i0.wp.com\/casadecampoliving.com\/wp-content\/uploads\/2022\/10\/colibri-1.jpg?fit=650%2C479&ssl=1&resize=350%2C200 1x, https:\/\/i0.wp.com\/casadecampoliving.com\/wp-content\/uploads\/2022\/10\/colibri-1.jpg?fit=650%2C479&ssl=1&resize=525%2C300 1.5x"},"classes":[]},{"id":344269,"url":"https:\/\/casadecampoliving.com\/es\/aves-en-casa-11-el-judio\/","url_meta":{"origin":343586,"position":5},"title":"Aves en Casa #11: El Jud\u00edo","author":"Perkin Agramonte","date":"26 Abr, 2014","format":false,"excerpt":"Es casi imposible no observar una de estas aves mientras visita Casa de Campo. De hecho son tan comunes que probablemente no le haya prestado mucha atenci\u00f3n. El Jud\u00edo se encuentra por todos lados. Dondequiera que mire y dondequiera que vaya dentro de Casa de Campo all\u00ed est\u00e1n \u2013 colgados\u2026","rel":"","context":"En \u00abCasa de Campo Living @es\u00bb","block_context":{"text":"Casa de Campo Living @es","link":"https:\/\/casadecampoliving.com\/category\/casa-de-campo-living-es\/"},"img":{"alt_text":"Smooth-billed ani","src":"https:\/\/i0.wp.com\/casadecampoliving.com\/wp-content\/uploads\/2022\/10\/Smooth-billed_ani-1.jpg?fit=650%2C474&ssl=1&resize=350%2C200","width":350,"height":200,"srcset":"https:\/\/i0.wp.com\/casadecampoliving.com\/wp-content\/uploads\/2022\/10\/Smooth-billed_ani-1.jpg?fit=650%2C474&ssl=1&resize=350%2C200 1x, https:\/\/i0.wp.com\/casadecampoliving.com\/wp-content\/uploads\/2022\/10\/Smooth-billed_ani-1.jpg?fit=650%2C474&ssl=1&resize=525%2C300 1.5x"},"classes":[]}],"jetpack_sharing_enabled":true,"_links":{"self":[{"href":"https:\/\/casadecampoliving.com\/es\/wp-json\/wp\/v2\/posts\/343586","targetHints":{"allow":["GET"]}}],"collection":[{"href":"https:\/\/casadecampoliving.com\/es\/wp-json\/wp\/v2\/posts"}],"about":[{"href":"https:\/\/casadecampoliving.com\/es\/wp-json\/wp\/v2\/types\/post"}],"author":[{"embeddable":true,"href":"https:\/\/casadecampoliving.com\/es\/wp-json\/wp\/v2\/users\/1097"}],"replies":[{"embeddable":true,"href":"https:\/\/casadecampoliving.com\/es\/wp-json\/wp\/v2\/comments?post=343586"}],"version-history":[{"count":1,"href":"https:\/\/casadecampoliving.com\/es\/wp-json\/wp\/v2\/posts\/343586\/revisions"}],"predecessor-version":[{"id":343587,"href":"https:\/\/casadecampoliving.com\/es\/wp-json\/wp\/v2\/posts\/343586\/revisions\/343587"}],"wp:featuredmedia":[{"embeddable":true,"href":"https:\/\/casadecampoliving.com\/es\/wp-json\/wp\/v2\/media\/249369"}],"wp:attachment":[{"href":"https:\/\/casadecampoliving.com\/es\/wp-json\/wp\/v2\/media?parent=343586"}],"wp:term":[{"taxonomy":"category","embeddable":true,"href":"https:\/\/casadecampoliving.com\/es\/wp-json\/wp\/v2\/categories?post=343586"},{"taxonomy":"post_tag","embeddable":true,"href":"https:\/\/casadecampoliving.com\/es\/wp-json\/wp\/v2\/tags?post=343586"},{"taxonomy":"newspack_spnsrs_tax","embeddable":true,"href":"https:\/\/casadecampoliving.com\/es\/wp-json\/wp\/v2\/newspack_spnsrs_tax?post=343586"}],"curies":[{"name":"wp","href":"https:\/\/api.w.org\/{rel}","templated":true}]}}