{"id":343578,"date":"2013-12-30T00:00:00","date_gmt":"2013-12-30T04:00:00","guid":{"rendered":"https:\/\/casadecampoliving.com\/feria-familiar-del-colegio-saint-john-2013-un-gran-exito\/"},"modified":"2022-10-21T18:53:25","modified_gmt":"2022-10-21T22:53:25","slug":"feria-familiar-del-colegio-saint-john-2013-un-gran-exito","status":"publish","type":"post","link":"https:\/\/casadecampoliving.com\/es\/feria-familiar-del-colegio-saint-john-2013-un-gran-exito\/","title":{"rendered":"Feria familiar del Colegio Saint John 2013, \u00a1un gran \u00e9xito!"},"content":{"rendered":"<div class=\"wp-block-image\">\n<figure class=\"aligncenter is-resized\"><img loading=\"lazy\" decoding=\"async\" src=\"https:\/\/i0.wp.com\/casadecampoliving.com\/wp-content\/uploads\/2022\/10\/saint_john_family_fair.jpg?resize=650%2C464&amp;ssl=1\" alt=\"saint john family fair\" class=\"wp-image-83642\" height=\"464\" width=\"650\"\/><\/figure>\n<\/div>\n\n\n<p>Cada a\u00f1o el Colegio Saint John en La Romana celebra el divertido d\u00eda familiar. Aqu\u00ed le traemos las incre\u00edbles fotos de esta ocasi\u00f3n, como un articulo contribuido por Juan Oscar Geraldino, gerente de comunicaciones y relaciones publicas en el Colegio Saint John.<\/p>\n\n\n<div class=\"wp-block-image\">\n<figure class=\"aligncenter is-resized\"><img loading=\"lazy\" decoding=\"async\" src=\"https:\/\/i0.wp.com\/casadecampoliving.com\/wp-content\/uploads\/2022\/10\/father-in-saint-john.jpg?resize=650%2C464&amp;ssl=1\" alt=\"family fair in Saint john\" class=\"wp-image-83627\" height=\"464\" width=\"650\"\/><\/figure>\n<\/div>\n\n\n<h3 class=\"wp-block-heading\">D\u00eda de feria familiar 2013 en el Colegio Saint John \u2013 por Juan Oscar Geraldino<\/h3>\n\n\n\n<p>Este a\u00f1o el d\u00eda familiar fue todo un \u00e9xito, celebrado el pasado Domingo 8 de diciembre de 9am a 6pm en el Colegio Saint John y la asociaci\u00f3n de profesores superaron las expectativas. Pero si tuvieron ayuda. Los estudiantes de 8vo curso tomaron participaci\u00f3n y ayudaron a organizar, vendiendo comida, paseos en pone, pintando caritas y otras estupendas actividades que iban perfectamente con el tema, que fue familiar.<\/p>\n\n\n<div class=\"wp-block-image\">\n<figure class=\"aligncenter is-resized\"><img loading=\"lazy\" decoding=\"async\" src=\"https:\/\/i0.wp.com\/casadecampoliving.com\/wp-content\/uploads\/2022\/10\/children-in-saint-john.jpg?resize=650%2C464&amp;ssl=1\" alt=\"children family fair in saint john\" class=\"wp-image-83629\" height=\"464\" width=\"650\"\/><\/figure>\n<\/div>\n\n\n<p>Esta feria fue todo un \u00e9xito, visitada por m\u00e1s de 1,500 personas durante el transcurso del d\u00eda. Ten\u00edamos eventos para toda la familia incluyendo Rally, Zumbathon para los ni\u00f1os (donados por PointE). Durante el d\u00eda, tuvimos rifas que incluyeron premios para alguna de las tiendas locales en Casa de Campo: Estudio de Arte por<\/p>\n\n\n<div class=\"wp-block-image\">\n<figure class=\"alignright is-resized\"><img loading=\"lazy\" decoding=\"async\" src=\"https:\/\/i0.wp.com\/casadecampoliving.com\/wp-content\/uploads\/2022\/10\/colegio_saint_john_family_fair.jpg?resize=210%2C338&amp;ssl=1\" alt=\"Colegio saint john family fair\" class=\"wp-image-83643\" height=\"338\" width=\"210\"\/><\/figure>\n<\/div>\n\n\n<p>Emilio Robba, Shine, PapaJacks y Chinois. Estas solo eran algunas tiendas en La Romana que donaron los precios. Diversi\u00f3n y juegos no fue todo lo que tuvimos. La feria familiar incluyo un sal\u00f3n con bar para los adultos quien fue cuidado por nuestros amigos de Trigo de Oro, donde pod\u00edamos obtener deliciosas y refrescantes bebidas mientras los ni\u00f1os jugaban afuera.<\/p>\n\n\n\n<p>Como era una feria familiar, la directora Hilda Alvarez estuvo presente trabajando duro, con su madre Dinorah Pagan de Alvarez y su hijo Juan Oscar Geraldino quienes fueron los representantes principales de la escuela y de la Asociaci\u00f3n de padres y profesores.<\/p>\n\n\n\n<p>\u00a1Esperemos verlos a todos ustedes los lectores!<\/p>\n\n\n\n<blockquote><figure><img decoding=\"async\" loading=\"lazy\" class=\"alignright  wp-image-62072\" style=\"margin-left: 15px; margin-right: 15px;\" title=\"colegio_saint_john\" alt=\"colegio saint john\" src=\"https:\/\/i0.wp.com\/casadecampoliving.com\/wp-content\/uploads\/2022\/10\/colegio_saint_john2.jpg?resize=184%2C148&amp;ssl=1\" width=\"184\" height=\"148\"><\/figure><p><strong>Este articulo y fotos fueron una contribucion de Juan Oscar Geraldino, gerente de comunicaciones y relaciones publicas del Colegio Saint John.<\/strong><\/p><p>[Juan Oscar Geraldino en la foto a la derecha con Sofia and Alexandra&nbsp;Papadopoulos.]<\/p><\/blockquote>\n","protected":false},"excerpt":{"rendered":"<p>Cada a\u00f1o el Colegio Saint John en La Romana celebra el divertido d\u00eda familiar. Aqu\u00ed le traemos las incre\u00edbles fotos de esta ocasi\u00f3n, como un articulo contribuido por Juan Oscar Geraldino, gerente de comunicaciones y relaciones publicas en el Colegio Saint John. D\u00eda de feria familiar 2013 en el Colegio Saint John \u2013 por Juan [&hellip;]<\/p>\n","protected":false},"author":614,"featured_media":249999,"comment_status":"closed","ping_status":"closed","sticky":false,"template":"","format":"standard","meta":{"newspack_ads_suppress_ads":false,"newspack_popups_has_disabled_popups":false,"newspack_sponsor_sponsorship_scope":"","newspack_sponsor_native_byline_display":"inherit","newspack_sponsor_native_category_display":"inherit","newspack_sponsor_underwriter_style":"inherit","newspack_sponsor_underwriter_placement":"inherit","_newspack_byline_active":false,"_newspack_byline":"","newspack_hide_updated_date":false,"newspack_show_updated_date":false,"newspack_content_restriction_is_exempt":false,"newspack_featured_image_position":"","newspack_post_subtitle":"","newspack_article_summary_title":"Overview:","newspack_article_summary":"","_jetpack_memberships_contains_paid_content":false,"footnotes":"","jetpack_publicize_message":"","jetpack_publicize_feature_enabled":true,"jetpack_social_post_already_shared":false,"jetpack_social_options":{"image_generator_settings":{"template":"highway","default_image_id":0,"font":"","enabled":false},"version":2},"_wpas_customize_per_network":false},"categories":[2524,14631,2522,2507,2506,14625,14627],"tags":[2951,1084],"newspack_spnsrs_tax":[],"class_list":["post-343578","post","type-post","status-publish","format-standard","has-post-thumbnail","hentry","category-destacados","category-estilo-de-vida","category-eventos-es","category-la-romana-es","category-mas-alla-de-casa-es","category-noticias-locales","category-proximamente","tag-colegio-saint-john","tag-feria-familiar","entry"],"yoast_head":"<!-- This site is optimized with the Yoast SEO plugin v27.5 - https:\/\/yoast.com\/product\/yoast-seo-wordpress\/ -->\n<title>Feria familiar del Colegio Saint John 2013, \u00a1un gran \u00e9xito! | Casa de Campo Living<\/title>\n<meta name=\"description\" content=\"Cada a\u00f1o el Colegio Saint John en La Romana celebra el divertido d\u00eda familiar. Aqu\u00ed le traemos las incre\u00edbles fotos de esta ocasi\u00f3n, como un articulo\" \/>\n<meta name=\"robots\" content=\"index, follow, max-snippet:-1, max-image-preview:large, max-video-preview:-1\" \/>\n<link rel=\"canonical\" href=\"https:\/\/casadecampoliving.com\/es\/feria-familiar-del-colegio-saint-john-2013-un-gran-exito\/\" \/>\n<meta property=\"og:locale\" content=\"es_ES\" \/>\n<meta property=\"og:type\" content=\"article\" \/>\n<meta property=\"og:title\" content=\"Feria familiar del Colegio Saint John 2013, \u00a1un gran \u00e9xito! | Casa de Campo Living\" \/>\n<meta property=\"og:description\" content=\"Cada a\u00f1o el Colegio Saint John en La Romana celebra el divertido d\u00eda familiar. Aqu\u00ed le traemos las incre\u00edbles fotos de esta ocasi\u00f3n, como un articulo\" \/>\n<meta property=\"og:url\" content=\"https:\/\/casadecampoliving.com\/es\/feria-familiar-del-colegio-saint-john-2013-un-gran-exito\/\" \/>\n<meta property=\"og:site_name\" content=\"Casa de Campo Living\" \/>\n<meta property=\"article:publisher\" content=\"https:\/\/www.facebook.com\/casadecampoliving\" \/>\n<meta property=\"article:published_time\" content=\"2013-12-30T04:00:00+00:00\" \/>\n<meta property=\"article:modified_time\" content=\"2022-10-21T22:53:25+00:00\" \/>\n<meta property=\"og:image\" content=\"https:\/\/i0.wp.com\/casadecampoliving.com\/wp-content\/uploads\/2022\/10\/saint_john_family_fair-1.jpg?fit=650%2C464&ssl=1\" \/>\n\t<meta property=\"og:image:width\" content=\"650\" \/>\n\t<meta property=\"og:image:height\" content=\"464\" \/>\n\t<meta property=\"og:image:type\" content=\"image\/jpeg\" \/>\n<meta name=\"author\" content=\"Genesis Perdomo\" \/>\n<meta name=\"twitter:card\" content=\"summary_large_image\" \/>\n<meta name=\"twitter:creator\" content=\"@cdcliving\" \/>\n<meta name=\"twitter:site\" content=\"@cdcliving\" \/>\n<meta name=\"twitter:label1\" content=\"Escrito por\" \/>\n\t<meta name=\"twitter:data1\" content=\"Genesis Perdomo\" \/>\n\t<meta name=\"twitter:label2\" content=\"Tiempo de lectura\" \/>\n\t<meta name=\"twitter:data2\" content=\"2 minutos\" \/>\n<script type=\"application\/ld+json\" class=\"yoast-schema-graph\">{\"@context\":\"https:\\\/\\\/schema.org\",\"@graph\":[{\"@type\":\"Article\",\"@id\":\"https:\\\/\\\/casadecampoliving.com\\\/es\\\/feria-familiar-del-colegio-saint-john-2013-un-gran-exito\\\/#article\",\"isPartOf\":{\"@id\":\"https:\\\/\\\/casadecampoliving.com\\\/es\\\/feria-familiar-del-colegio-saint-john-2013-un-gran-exito\\\/\"},\"author\":{\"name\":\"Genesis Perdomo\",\"@id\":\"https:\\\/\\\/casadecampoliving.com\\\/es\\\/#\\\/schema\\\/person\\\/242cf7c69a59395bbe7de24405601b76\"},\"headline\":\"Feria familiar del Colegio Saint John 2013, \u00a1un gran \u00e9xito!\",\"datePublished\":\"2013-12-30T04:00:00+00:00\",\"dateModified\":\"2022-10-21T22:53:25+00:00\",\"mainEntityOfPage\":{\"@id\":\"https:\\\/\\\/casadecampoliving.com\\\/es\\\/feria-familiar-del-colegio-saint-john-2013-un-gran-exito\\\/\"},\"wordCount\":348,\"publisher\":{\"@id\":\"https:\\\/\\\/casadecampoliving.com\\\/es\\\/#organization\"},\"image\":{\"@id\":\"https:\\\/\\\/casadecampoliving.com\\\/es\\\/feria-familiar-del-colegio-saint-john-2013-un-gran-exito\\\/#primaryimage\"},\"thumbnailUrl\":\"https:\\\/\\\/i0.wp.com\\\/casadecampoliving.com\\\/wp-content\\\/uploads\\\/2022\\\/10\\\/saint_john_family_fair-1.jpg?fit=650%2C464&ssl=1\",\"keywords\":[\"colegio saint john\",\"feria familiar\"],\"articleSection\":[\"Destacados\",\"Estilo de Vida\",\"Eventos\",\"La Romana @es\",\"M\u00e1s all\u00e1 de Casa\",\"Noticias Locales\",\"Proximamente\"],\"inLanguage\":\"es\"},{\"@type\":\"WebPage\",\"@id\":\"https:\\\/\\\/casadecampoliving.com\\\/es\\\/feria-familiar-del-colegio-saint-john-2013-un-gran-exito\\\/\",\"url\":\"https:\\\/\\\/casadecampoliving.com\\\/es\\\/feria-familiar-del-colegio-saint-john-2013-un-gran-exito\\\/\",\"name\":\"Feria familiar del Colegio Saint John 2013, \u00a1un gran \u00e9xito! | Casa de Campo Living\",\"isPartOf\":{\"@id\":\"https:\\\/\\\/casadecampoliving.com\\\/es\\\/#website\"},\"primaryImageOfPage\":{\"@id\":\"https:\\\/\\\/casadecampoliving.com\\\/es\\\/feria-familiar-del-colegio-saint-john-2013-un-gran-exito\\\/#primaryimage\"},\"image\":{\"@id\":\"https:\\\/\\\/casadecampoliving.com\\\/es\\\/feria-familiar-del-colegio-saint-john-2013-un-gran-exito\\\/#primaryimage\"},\"thumbnailUrl\":\"https:\\\/\\\/i0.wp.com\\\/casadecampoliving.com\\\/wp-content\\\/uploads\\\/2022\\\/10\\\/saint_john_family_fair-1.jpg?fit=650%2C464&ssl=1\",\"datePublished\":\"2013-12-30T04:00:00+00:00\",\"dateModified\":\"2022-10-21T22:53:25+00:00\",\"description\":\"Cada a\u00f1o el Colegio Saint John en La Romana celebra el divertido d\u00eda familiar. Aqu\u00ed le traemos las incre\u00edbles fotos de esta ocasi\u00f3n, como un articulo\",\"breadcrumb\":{\"@id\":\"https:\\\/\\\/casadecampoliving.com\\\/es\\\/feria-familiar-del-colegio-saint-john-2013-un-gran-exito\\\/#breadcrumb\"},\"inLanguage\":\"es\",\"potentialAction\":[{\"@type\":\"ReadAction\",\"target\":[\"https:\\\/\\\/casadecampoliving.com\\\/es\\\/feria-familiar-del-colegio-saint-john-2013-un-gran-exito\\\/\"]}]},{\"@type\":\"ImageObject\",\"inLanguage\":\"es\",\"@id\":\"https:\\\/\\\/casadecampoliving.com\\\/es\\\/feria-familiar-del-colegio-saint-john-2013-un-gran-exito\\\/#primaryimage\",\"url\":\"https:\\\/\\\/i0.wp.com\\\/casadecampoliving.com\\\/wp-content\\\/uploads\\\/2022\\\/10\\\/saint_john_family_fair-1.jpg?fit=650%2C464&ssl=1\",\"contentUrl\":\"https:\\\/\\\/i0.wp.com\\\/casadecampoliving.com\\\/wp-content\\\/uploads\\\/2022\\\/10\\\/saint_john_family_fair-1.jpg?fit=650%2C464&ssl=1\",\"width\":650,\"height\":464,\"caption\":\"saint john family fair\"},{\"@type\":\"BreadcrumbList\",\"@id\":\"https:\\\/\\\/casadecampoliving.com\\\/es\\\/feria-familiar-del-colegio-saint-john-2013-un-gran-exito\\\/#breadcrumb\",\"itemListElement\":[{\"@type\":\"ListItem\",\"position\":1,\"name\":\"Home\",\"item\":\"https:\\\/\\\/casadecampoliving.com\\\/es\\\/\"},{\"@type\":\"ListItem\",\"position\":2,\"name\":\"Feria familiar del Colegio Saint John 2013, \u00a1un gran \u00e9xito!\"}]},{\"@type\":\"WebSite\",\"@id\":\"https:\\\/\\\/casadecampoliving.com\\\/es\\\/#website\",\"url\":\"https:\\\/\\\/casadecampoliving.com\\\/es\\\/\",\"name\":\"Casa de Campo Living\",\"description\":\"Resort community news and resources.\",\"publisher\":{\"@id\":\"https:\\\/\\\/casadecampoliving.com\\\/es\\\/#organization\"},\"potentialAction\":[{\"@type\":\"SearchAction\",\"target\":{\"@type\":\"EntryPoint\",\"urlTemplate\":\"https:\\\/\\\/casadecampoliving.com\\\/es\\\/?s={search_term_string}\"},\"query-input\":{\"@type\":\"PropertyValueSpecification\",\"valueRequired\":true,\"valueName\":\"search_term_string\"}}],\"inLanguage\":\"es\"},{\"@type\":\"Organization\",\"@id\":\"https:\\\/\\\/casadecampoliving.com\\\/es\\\/#organization\",\"name\":\"Casa de Campo Living\",\"url\":\"https:\\\/\\\/casadecampoliving.com\\\/es\\\/\",\"logo\":{\"@type\":\"ImageObject\",\"inLanguage\":\"es\",\"@id\":\"https:\\\/\\\/casadecampoliving.com\\\/es\\\/#\\\/schema\\\/logo\\\/image\\\/\",\"url\":\"https:\\\/\\\/i0.wp.com\\\/casadecampoliving.com\\\/wp-content\\\/uploads\\\/2022\\\/07\\\/CDCLivingLogo_V1-white-sized.png?fit=800%2C214&ssl=1\",\"contentUrl\":\"https:\\\/\\\/i0.wp.com\\\/casadecampoliving.com\\\/wp-content\\\/uploads\\\/2022\\\/07\\\/CDCLivingLogo_V1-white-sized.png?fit=800%2C214&ssl=1\",\"width\":800,\"height\":214,\"caption\":\"Casa de Campo Living\"},\"image\":{\"@id\":\"https:\\\/\\\/casadecampoliving.com\\\/es\\\/#\\\/schema\\\/logo\\\/image\\\/\"},\"sameAs\":[\"https:\\\/\\\/www.facebook.com\\\/casadecampoliving\",\"https:\\\/\\\/x.com\\\/cdcliving\"]},{\"@type\":\"Person\",\"@id\":\"https:\\\/\\\/casadecampoliving.com\\\/es\\\/#\\\/schema\\\/person\\\/242cf7c69a59395bbe7de24405601b76\",\"name\":\"Genesis Perdomo\",\"image\":{\"@type\":\"ImageObject\",\"inLanguage\":\"es\",\"@id\":\"https:\\\/\\\/secure.gravatar.com\\\/avatar\\\/1e89145b3cf01cf3b3fdf1d3d2e3c53f60c2978235045ae44df10fb8c79924c1?s=96&d=mm&r=g\",\"url\":\"https:\\\/\\\/secure.gravatar.com\\\/avatar\\\/1e89145b3cf01cf3b3fdf1d3d2e3c53f60c2978235045ae44df10fb8c79924c1?s=96&d=mm&r=g\",\"contentUrl\":\"https:\\\/\\\/secure.gravatar.com\\\/avatar\\\/1e89145b3cf01cf3b3fdf1d3d2e3c53f60c2978235045ae44df10fb8c79924c1?s=96&d=mm&r=g\",\"caption\":\"Genesis Perdomo\"},\"url\":\"https:\\\/\\\/casadecampoliving.com\\\/es\\\/author\\\/gperdomo\\\/\"}]}<\/script>\n<!-- \/ Yoast SEO plugin. -->","yoast_head_json":{"title":"Feria familiar del Colegio Saint John 2013, \u00a1un gran \u00e9xito! | Casa de Campo Living","description":"Cada a\u00f1o el Colegio Saint John en La Romana celebra el divertido d\u00eda familiar. Aqu\u00ed le traemos las incre\u00edbles fotos de esta ocasi\u00f3n, como un articulo","robots":{"index":"index","follow":"follow","max-snippet":"max-snippet:-1","max-image-preview":"max-image-preview:large","max-video-preview":"max-video-preview:-1"},"canonical":"https:\/\/casadecampoliving.com\/es\/feria-familiar-del-colegio-saint-john-2013-un-gran-exito\/","og_locale":"es_ES","og_type":"article","og_title":"Feria familiar del Colegio Saint John 2013, \u00a1un gran \u00e9xito! | Casa de Campo Living","og_description":"Cada a\u00f1o el Colegio Saint John en La Romana celebra el divertido d\u00eda familiar. Aqu\u00ed le traemos las incre\u00edbles fotos de esta ocasi\u00f3n, como un articulo","og_url":"https:\/\/casadecampoliving.com\/es\/feria-familiar-del-colegio-saint-john-2013-un-gran-exito\/","og_site_name":"Casa de Campo Living","article_publisher":"https:\/\/www.facebook.com\/casadecampoliving","article_published_time":"2013-12-30T04:00:00+00:00","article_modified_time":"2022-10-21T22:53:25+00:00","og_image":[{"width":650,"height":464,"url":"https:\/\/i0.wp.com\/casadecampoliving.com\/wp-content\/uploads\/2022\/10\/saint_john_family_fair-1.jpg?fit=650%2C464&ssl=1","type":"image\/jpeg"}],"author":"Genesis Perdomo","twitter_card":"summary_large_image","twitter_creator":"@cdcliving","twitter_site":"@cdcliving","twitter_misc":{"Escrito por":"Genesis Perdomo","Tiempo de lectura":"2 minutos"},"schema":{"@context":"https:\/\/schema.org","@graph":[{"@type":"Article","@id":"https:\/\/casadecampoliving.com\/es\/feria-familiar-del-colegio-saint-john-2013-un-gran-exito\/#article","isPartOf":{"@id":"https:\/\/casadecampoliving.com\/es\/feria-familiar-del-colegio-saint-john-2013-un-gran-exito\/"},"author":{"name":"Genesis Perdomo","@id":"https:\/\/casadecampoliving.com\/es\/#\/schema\/person\/242cf7c69a59395bbe7de24405601b76"},"headline":"Feria familiar del Colegio Saint John 2013, \u00a1un gran \u00e9xito!","datePublished":"2013-12-30T04:00:00+00:00","dateModified":"2022-10-21T22:53:25+00:00","mainEntityOfPage":{"@id":"https:\/\/casadecampoliving.com\/es\/feria-familiar-del-colegio-saint-john-2013-un-gran-exito\/"},"wordCount":348,"publisher":{"@id":"https:\/\/casadecampoliving.com\/es\/#organization"},"image":{"@id":"https:\/\/casadecampoliving.com\/es\/feria-familiar-del-colegio-saint-john-2013-un-gran-exito\/#primaryimage"},"thumbnailUrl":"https:\/\/i0.wp.com\/casadecampoliving.com\/wp-content\/uploads\/2022\/10\/saint_john_family_fair-1.jpg?fit=650%2C464&ssl=1","keywords":["colegio saint john","feria familiar"],"articleSection":["Destacados","Estilo de Vida","Eventos","La Romana @es","M\u00e1s all\u00e1 de Casa","Noticias Locales","Proximamente"],"inLanguage":"es"},{"@type":"WebPage","@id":"https:\/\/casadecampoliving.com\/es\/feria-familiar-del-colegio-saint-john-2013-un-gran-exito\/","url":"https:\/\/casadecampoliving.com\/es\/feria-familiar-del-colegio-saint-john-2013-un-gran-exito\/","name":"Feria familiar del Colegio Saint John 2013, \u00a1un gran \u00e9xito! | Casa de Campo Living","isPartOf":{"@id":"https:\/\/casadecampoliving.com\/es\/#website"},"primaryImageOfPage":{"@id":"https:\/\/casadecampoliving.com\/es\/feria-familiar-del-colegio-saint-john-2013-un-gran-exito\/#primaryimage"},"image":{"@id":"https:\/\/casadecampoliving.com\/es\/feria-familiar-del-colegio-saint-john-2013-un-gran-exito\/#primaryimage"},"thumbnailUrl":"https:\/\/i0.wp.com\/casadecampoliving.com\/wp-content\/uploads\/2022\/10\/saint_john_family_fair-1.jpg?fit=650%2C464&ssl=1","datePublished":"2013-12-30T04:00:00+00:00","dateModified":"2022-10-21T22:53:25+00:00","description":"Cada a\u00f1o el Colegio Saint John en La Romana celebra el divertido d\u00eda familiar. Aqu\u00ed le traemos las incre\u00edbles fotos de esta ocasi\u00f3n, como un articulo","breadcrumb":{"@id":"https:\/\/casadecampoliving.com\/es\/feria-familiar-del-colegio-saint-john-2013-un-gran-exito\/#breadcrumb"},"inLanguage":"es","potentialAction":[{"@type":"ReadAction","target":["https:\/\/casadecampoliving.com\/es\/feria-familiar-del-colegio-saint-john-2013-un-gran-exito\/"]}]},{"@type":"ImageObject","inLanguage":"es","@id":"https:\/\/casadecampoliving.com\/es\/feria-familiar-del-colegio-saint-john-2013-un-gran-exito\/#primaryimage","url":"https:\/\/i0.wp.com\/casadecampoliving.com\/wp-content\/uploads\/2022\/10\/saint_john_family_fair-1.jpg?fit=650%2C464&ssl=1","contentUrl":"https:\/\/i0.wp.com\/casadecampoliving.com\/wp-content\/uploads\/2022\/10\/saint_john_family_fair-1.jpg?fit=650%2C464&ssl=1","width":650,"height":464,"caption":"saint john family fair"},{"@type":"BreadcrumbList","@id":"https:\/\/casadecampoliving.com\/es\/feria-familiar-del-colegio-saint-john-2013-un-gran-exito\/#breadcrumb","itemListElement":[{"@type":"ListItem","position":1,"name":"Home","item":"https:\/\/casadecampoliving.com\/es\/"},{"@type":"ListItem","position":2,"name":"Feria familiar del Colegio Saint John 2013, \u00a1un gran \u00e9xito!"}]},{"@type":"WebSite","@id":"https:\/\/casadecampoliving.com\/es\/#website","url":"https:\/\/casadecampoliving.com\/es\/","name":"Casa de Campo Living","description":"Resort community news and resources.","publisher":{"@id":"https:\/\/casadecampoliving.com\/es\/#organization"},"potentialAction":[{"@type":"SearchAction","target":{"@type":"EntryPoint","urlTemplate":"https:\/\/casadecampoliving.com\/es\/?s={search_term_string}"},"query-input":{"@type":"PropertyValueSpecification","valueRequired":true,"valueName":"search_term_string"}}],"inLanguage":"es"},{"@type":"Organization","@id":"https:\/\/casadecampoliving.com\/es\/#organization","name":"Casa de Campo Living","url":"https:\/\/casadecampoliving.com\/es\/","logo":{"@type":"ImageObject","inLanguage":"es","@id":"https:\/\/casadecampoliving.com\/es\/#\/schema\/logo\/image\/","url":"https:\/\/i0.wp.com\/casadecampoliving.com\/wp-content\/uploads\/2022\/07\/CDCLivingLogo_V1-white-sized.png?fit=800%2C214&ssl=1","contentUrl":"https:\/\/i0.wp.com\/casadecampoliving.com\/wp-content\/uploads\/2022\/07\/CDCLivingLogo_V1-white-sized.png?fit=800%2C214&ssl=1","width":800,"height":214,"caption":"Casa de Campo Living"},"image":{"@id":"https:\/\/casadecampoliving.com\/es\/#\/schema\/logo\/image\/"},"sameAs":["https:\/\/www.facebook.com\/casadecampoliving","https:\/\/x.com\/cdcliving"]},{"@type":"Person","@id":"https:\/\/casadecampoliving.com\/es\/#\/schema\/person\/242cf7c69a59395bbe7de24405601b76","name":"Genesis Perdomo","image":{"@type":"ImageObject","inLanguage":"es","@id":"https:\/\/secure.gravatar.com\/avatar\/1e89145b3cf01cf3b3fdf1d3d2e3c53f60c2978235045ae44df10fb8c79924c1?s=96&d=mm&r=g","url":"https:\/\/secure.gravatar.com\/avatar\/1e89145b3cf01cf3b3fdf1d3d2e3c53f60c2978235045ae44df10fb8c79924c1?s=96&d=mm&r=g","contentUrl":"https:\/\/secure.gravatar.com\/avatar\/1e89145b3cf01cf3b3fdf1d3d2e3c53f60c2978235045ae44df10fb8c79924c1?s=96&d=mm&r=g","caption":"Genesis Perdomo"},"url":"https:\/\/casadecampoliving.com\/es\/author\/gperdomo\/"}]}},"parsely":{"version":"1.1.0","canonical_url":"https:\/\/casadecampoliving.com\/es\/feria-familiar-del-colegio-saint-john-2013-un-gran-exito\/","smart_links":{"inbound":0,"outbound":0},"traffic_boost_suggestions_count":0,"meta":{"@context":"https:\/\/schema.org","@type":"NewsArticle","headline":"Feria familiar del Colegio Saint John 2013, \u00a1un gran \u00e9xito!","url":"http:\/\/casadecampoliving.com\/es\/feria-familiar-del-colegio-saint-john-2013-un-gran-exito\/","mainEntityOfPage":{"@type":"WebPage","@id":"http:\/\/casadecampoliving.com\/es\/feria-familiar-del-colegio-saint-john-2013-un-gran-exito\/"},"thumbnailUrl":"https:\/\/i0.wp.com\/casadecampoliving.com\/wp-content\/uploads\/2022\/10\/saint_john_family_fair-1.jpg?resize=150%2C150&ssl=1","image":{"@type":"ImageObject","url":"https:\/\/i0.wp.com\/casadecampoliving.com\/wp-content\/uploads\/2022\/10\/saint_john_family_fair-1.jpg?fit=650%2C464&ssl=1"},"articleSection":"Destacados","author":[{"@type":"Person","name":"Genesis Perdomo"}],"creator":["Genesis Perdomo"],"publisher":{"@type":"Organization","name":"Casa de Campo Living","logo":"https:\/\/casadecampoliving.com\/wp-content\/uploads\/2022\/07\/CDCLivingLogo_V1-white-sized.png"},"keywords":["colegio saint john","feria familiar"],"dateCreated":"2013-12-30T04:00:00Z","datePublished":"2013-12-30T04:00:00Z","dateModified":"2022-10-21T22:53:25Z"},"rendered":"<script type=\"application\/ld+json\" class=\"wp-parsely-metadata\">{\"@context\":\"https:\\\/\\\/schema.org\",\"@type\":\"NewsArticle\",\"headline\":\"Feria familiar del Colegio Saint John 2013, \\u00a1un gran \\u00e9xito!\",\"url\":\"http:\\\/\\\/casadecampoliving.com\\\/es\\\/feria-familiar-del-colegio-saint-john-2013-un-gran-exito\\\/\",\"mainEntityOfPage\":{\"@type\":\"WebPage\",\"@id\":\"http:\\\/\\\/casadecampoliving.com\\\/es\\\/feria-familiar-del-colegio-saint-john-2013-un-gran-exito\\\/\"},\"thumbnailUrl\":\"https:\\\/\\\/i0.wp.com\\\/casadecampoliving.com\\\/wp-content\\\/uploads\\\/2022\\\/10\\\/saint_john_family_fair-1.jpg?resize=150%2C150&ssl=1\",\"image\":{\"@type\":\"ImageObject\",\"url\":\"https:\\\/\\\/i0.wp.com\\\/casadecampoliving.com\\\/wp-content\\\/uploads\\\/2022\\\/10\\\/saint_john_family_fair-1.jpg?fit=650%2C464&ssl=1\"},\"articleSection\":\"Destacados\",\"author\":[{\"@type\":\"Person\",\"name\":\"Genesis Perdomo\"}],\"creator\":[\"Genesis Perdomo\"],\"publisher\":{\"@type\":\"Organization\",\"name\":\"Casa de Campo Living\",\"logo\":\"https:\\\/\\\/casadecampoliving.com\\\/wp-content\\\/uploads\\\/2022\\\/07\\\/CDCLivingLogo_V1-white-sized.png\"},\"keywords\":[\"colegio saint john\",\"feria familiar\"],\"dateCreated\":\"2013-12-30T04:00:00Z\",\"datePublished\":\"2013-12-30T04:00:00Z\",\"dateModified\":\"2022-10-21T22:53:25Z\"}<\/script>","tracker_url":"https:\/\/cdn.parsely.com\/keys\/casadecampoliving.com\/p.js"},"jetpack_publicize_connections":[],"jetpack_featured_media_url":"https:\/\/i0.wp.com\/casadecampoliving.com\/wp-content\/uploads\/2022\/10\/saint_john_family_fair-1.jpg?fit=650%2C464&ssl=1","jetpack-related-posts":[{"id":353602,"url":"https:\/\/casadecampoliving.com\/es\/bienvenido-a-la-granja-feria-familiar-del-colegio-saint-john-este-domingo\/","url_meta":{"origin":343578,"position":0},"title":"\u00a1Bienvenido a la granja! \u00a1Feria familiar del Colegio Saint John ESTE domingo!","author":"Casa de Campo Living","date":"14 Nov, 2019","format":false,"excerpt":"\u00bfEst\u00e1 usted y su familia listos para divertirse? \u00a1Toda la familia est\u00e1 invitada a unirse al Colegio Saint John en La Romana el domingo 17 de noviembre para su fabulosa Feria familiar anual! El evento de este a\u00f1o estar\u00e1 abierto desde las 9:00 a.m. a las 6:00 p.m. en el\u2026","rel":"","context":"En \u00abEstilo de Vida\u00bb","block_context":{"text":"Estilo de Vida","link":"https:\/\/casadecampoliving.com\/es\/category\/estilo-de-vida\/"},"img":{"alt_text":"","src":"https:\/\/i0.wp.com\/casadecampoliving.com\/wp-content\/uploads\/2022\/10\/Colegio-saint-John.jpg?fit=1000%2C600&ssl=1&resize=350%2C200","width":350,"height":200,"srcset":"https:\/\/i0.wp.com\/casadecampoliving.com\/wp-content\/uploads\/2022\/10\/Colegio-saint-John.jpg?fit=1000%2C600&ssl=1&resize=350%2C200 1x, https:\/\/i0.wp.com\/casadecampoliving.com\/wp-content\/uploads\/2022\/10\/Colegio-saint-John.jpg?fit=1000%2C600&ssl=1&resize=525%2C300 1.5x, https:\/\/i0.wp.com\/casadecampoliving.com\/wp-content\/uploads\/2022\/10\/Colegio-saint-John.jpg?fit=1000%2C600&ssl=1&resize=700%2C400 2x"},"classes":[]},{"id":353627,"url":"https:\/\/casadecampoliving.com\/es\/momentos-divertidos-en-la-granja-dia-familiar-del-colegio-saint-john-2019-un-gran-exito\/","url_meta":{"origin":343578,"position":1},"title":"\u00a1Momentos divertidos en la granja! D\u00eda Familiar del Colegio Saint John 2019: \u00a1un gran \u00e9xito!","author":"Casa de Campo Living","date":"3 Dic, 2019","format":false,"excerpt":"Cada a\u00f1o, la Escuela Saint John en La Romana celebra una fabulosa Feria familiar. El D\u00eda de la Familia 2019 se dedic\u00f3 a toda la vida en la granja con caballos, vacas, cabras, plantar vegetales, juegos inflables, una tirolina, un fotomat\u00f3n, concursos, rifas, bailes, m\u00fasica en vivo y muchas sorpresas.\u2026","rel":"","context":"En \u00abM\u00e1s all\u00e1 de Casa\u00bb","block_context":{"text":"M\u00e1s all\u00e1 de Casa","link":"https:\/\/casadecampoliving.com\/es\/category\/mas-alla-de-casa-es\/"},"img":{"alt_text":"","src":"https:\/\/i0.wp.com\/casadecampoliving.com\/wp-content\/uploads\/2022\/10\/PHOTO-2019-11-27-15-51-41.jpg?fit=1000%2C600&ssl=1&resize=350%2C200","width":350,"height":200,"srcset":"https:\/\/i0.wp.com\/casadecampoliving.com\/wp-content\/uploads\/2022\/10\/PHOTO-2019-11-27-15-51-41.jpg?fit=1000%2C600&ssl=1&resize=350%2C200 1x, https:\/\/i0.wp.com\/casadecampoliving.com\/wp-content\/uploads\/2022\/10\/PHOTO-2019-11-27-15-51-41.jpg?fit=1000%2C600&ssl=1&resize=525%2C300 1.5x, https:\/\/i0.wp.com\/casadecampoliving.com\/wp-content\/uploads\/2022\/10\/PHOTO-2019-11-27-15-51-41.jpg?fit=1000%2C600&ssl=1&resize=700%2C400 2x"},"classes":[]},{"id":340291,"url":"https:\/\/casadecampoliving.com\/es\/colegio-saint-john-celebra-sus-20-anos-con-una-feria-para-la-familia\/","url_meta":{"origin":343578,"position":2},"title":"Colegio Saint John celebra sus 20 a\u00f1os con una feria para la familia","author":"Rebecca Silvestri","date":"16 Dic, 2012","format":false,"excerpt":"El Colegio Saint John celebr\u00f3 sus 20 a\u00f1os el pasado domingo 2 de diciembre con un Family Fair el cual fe una actividad de todo el d\u00eda, desde las 10:00 A.M. a las 6:00 P.M. Este evento tenia actividades para toda la familia tales como payasos, rifas, talent shows y\u2026","rel":"","context":"En \u00abM\u00e1s all\u00e1 de Casa\u00bb","block_context":{"text":"M\u00e1s all\u00e1 de Casa","link":"https:\/\/casadecampoliving.com\/es\/category\/mas-alla-de-casa-es\/"},"img":{"alt_text":"","src":"https:\/\/i0.wp.com\/casadecampoliving.com\/wp-content\/uploads\/2022\/10\/colegio_st_john-1.jpg?fit=650%2C432&ssl=1&resize=350%2C200","width":350,"height":200,"srcset":"https:\/\/i0.wp.com\/casadecampoliving.com\/wp-content\/uploads\/2022\/10\/colegio_st_john-1.jpg?fit=650%2C432&ssl=1&resize=350%2C200 1x, https:\/\/i0.wp.com\/casadecampoliving.com\/wp-content\/uploads\/2022\/10\/colegio_st_john-1.jpg?fit=650%2C432&ssl=1&resize=525%2C300 1.5x"},"classes":[]},{"id":323044,"url":"https:\/\/casadecampoliving.com\/colegio-saint-john\/","url_meta":{"origin":343578,"position":3},"title":"Colegio Saint John&#8217;s Family Fair 2013 &#8211; a big hit!","author":"Rebecca Silvestri","date":"30 Dic, 2013","format":false,"excerpt":"Every year the Saint John School in La Romana celebrates a fabulous Family Fair. Here we bring you many wonderful photos of the occasion, as well as an article contributed by Juan Oscar Geraldino, manager of communications and public relations at the Colegio Saint John. The Colegio Saint John's Family\u2026","rel":"","context":"En \u00abEvents and Activities\u00bb","block_context":{"text":"Events and Activities","link":"https:\/\/casadecampoliving.com\/category\/events-and-activities\/"},"img":{"alt_text":"saint john family fair","src":"https:\/\/i0.wp.com\/casadecampoliving.com\/wp-content\/uploads\/2022\/10\/saint_john_family_fair-1.jpg?fit=650%2C464&ssl=1&resize=350%2C200","width":350,"height":200,"srcset":"https:\/\/i0.wp.com\/casadecampoliving.com\/wp-content\/uploads\/2022\/10\/saint_john_family_fair-1.jpg?fit=650%2C464&ssl=1&resize=350%2C200 1x, https:\/\/i0.wp.com\/casadecampoliving.com\/wp-content\/uploads\/2022\/10\/saint_john_family_fair-1.jpg?fit=650%2C464&ssl=1&resize=525%2C300 1.5x"},"classes":[]},{"id":321882,"url":"https:\/\/casadecampoliving.com\/colegio-saint-john-celebrates-its-20-year-anniversary-with-a-family-fair\/","url_meta":{"origin":343578,"position":4},"title":"Colegio Saint John celebrates its 20 year anniversary with a Family Fair!","author":"Rebecca Silvestri","date":"16 Dic, 2012","format":false,"excerpt":"Colegio Saint John celebrated its 20th anniversary this past Sunday, December 2nd. The Family\u00a0Fair took place in the school grounds from 10:00am to 6:00pm filled with activities for\u00a0the whole family including clowns, raffles, talent shows and the grand closing event - a\u00a0performance by Dream Circus. The day was filled from\u2026","rel":"","context":"En \u00abBeyond Casa\u00bb","block_context":{"text":"Beyond Casa","link":"https:\/\/casadecampoliving.com\/category\/beyond-casa\/"},"img":{"alt_text":"colegio st john","src":"https:\/\/i0.wp.com\/casadecampoliving.com\/wp-content\/uploads\/2022\/10\/colegio_st_john-1.jpg?fit=650%2C432&ssl=1&resize=350%2C200","width":350,"height":200,"srcset":"https:\/\/i0.wp.com\/casadecampoliving.com\/wp-content\/uploads\/2022\/10\/colegio_st_john-1.jpg?fit=650%2C432&ssl=1&resize=350%2C200 1x, https:\/\/i0.wp.com\/casadecampoliving.com\/wp-content\/uploads\/2022\/10\/colegio_st_john-1.jpg?fit=650%2C432&ssl=1&resize=525%2C300 1.5x"},"classes":[]},{"id":330791,"url":"https:\/\/casadecampoliving.com\/fun-times-at-the-farm-colegio-saint-johns-family-day-2019-a-big-hit\/","url_meta":{"origin":343578,"position":5},"title":"Fun times at the farm! Colegio Saint John\u2019s Family Day 2019 \u2013 a big hit!","author":"Casa de Campo Living","date":"3 Dic, 2019","format":false,"excerpt":"Every year the Saint John School in La Romana celebrates a fabulous Family Fair. \u00a0The 2019 Family Day was dedicated to all life on the farm with horses, cows, goats, planting vegetables, inflatable games, a zipline, a photo booth, contests, raffles, dance, live music, and many surprises! Many children and\u2026","rel":"","context":"En \u00abBeyond Casa\u00bb","block_context":{"text":"Beyond Casa","link":"https:\/\/casadecampoliving.com\/category\/beyond-casa\/"},"img":{"alt_text":"","src":"https:\/\/i0.wp.com\/casadecampoliving.com\/wp-content\/uploads\/2022\/10\/PHOTO-2019-11-27-15-51-41.jpg?fit=1000%2C600&ssl=1&resize=350%2C200","width":350,"height":200,"srcset":"https:\/\/i0.wp.com\/casadecampoliving.com\/wp-content\/uploads\/2022\/10\/PHOTO-2019-11-27-15-51-41.jpg?fit=1000%2C600&ssl=1&resize=350%2C200 1x, https:\/\/i0.wp.com\/casadecampoliving.com\/wp-content\/uploads\/2022\/10\/PHOTO-2019-11-27-15-51-41.jpg?fit=1000%2C600&ssl=1&resize=525%2C300 1.5x, https:\/\/i0.wp.com\/casadecampoliving.com\/wp-content\/uploads\/2022\/10\/PHOTO-2019-11-27-15-51-41.jpg?fit=1000%2C600&ssl=1&resize=700%2C400 2x"},"classes":[]}],"jetpack_sharing_enabled":true,"_links":{"self":[{"href":"https:\/\/casadecampoliving.com\/es\/wp-json\/wp\/v2\/posts\/343578","targetHints":{"allow":["GET"]}}],"collection":[{"href":"https:\/\/casadecampoliving.com\/es\/wp-json\/wp\/v2\/posts"}],"about":[{"href":"https:\/\/casadecampoliving.com\/es\/wp-json\/wp\/v2\/types\/post"}],"author":[{"embeddable":true,"href":"https:\/\/casadecampoliving.com\/es\/wp-json\/wp\/v2\/users\/614"}],"replies":[{"embeddable":true,"href":"https:\/\/casadecampoliving.com\/es\/wp-json\/wp\/v2\/comments?post=343578"}],"version-history":[{"count":1,"href":"https:\/\/casadecampoliving.com\/es\/wp-json\/wp\/v2\/posts\/343578\/revisions"}],"predecessor-version":[{"id":343579,"href":"https:\/\/casadecampoliving.com\/es\/wp-json\/wp\/v2\/posts\/343578\/revisions\/343579"}],"wp:featuredmedia":[{"embeddable":true,"href":"https:\/\/casadecampoliving.com\/es\/wp-json\/wp\/v2\/media\/249999"}],"wp:attachment":[{"href":"https:\/\/casadecampoliving.com\/es\/wp-json\/wp\/v2\/media?parent=343578"}],"wp:term":[{"taxonomy":"category","embeddable":true,"href":"https:\/\/casadecampoliving.com\/es\/wp-json\/wp\/v2\/categories?post=343578"},{"taxonomy":"post_tag","embeddable":true,"href":"https:\/\/casadecampoliving.com\/es\/wp-json\/wp\/v2\/tags?post=343578"},{"taxonomy":"newspack_spnsrs_tax","embeddable":true,"href":"https:\/\/casadecampoliving.com\/es\/wp-json\/wp\/v2\/newspack_spnsrs_tax?post=343578"}],"curies":[{"name":"wp","href":"https:\/\/api.w.org\/{rel}","templated":true}]}}