{"id":343550,"date":"2013-12-21T00:00:00","date_gmt":"2013-12-21T04:00:00","guid":{"rendered":"https:\/\/casadecampoliving.com\/rock-rocks-concierto-con-bocatabu-y-vicente-garcia-dic-28\/"},"modified":"2022-10-21T18:52:20","modified_gmt":"2022-10-21T22:52:20","slug":"rock-rocks-concierto-con-bocatabu-y-vicente-garcia-dic-28","status":"publish","type":"post","link":"https:\/\/casadecampoliving.com\/es\/rock-rocks-concierto-con-bocatabu-y-vicente-garcia-dic-28\/","title":{"rendered":"ROCK ON THE ROCKS, concierto con Bocatabu y Vicente Garcia &#8211; dic. 28"},"content":{"rendered":"\n<p>Este s\u00e1bado 28 de diciembre, ven a ver dos de los j\u00f3venes artistas dominicanos m\u00e1s prometedores en concierto por primera vez en Altos de Chav\u00f3n.<\/p>\n\n\n\n<p><span style=\"color: #ff0000;\"><\/span><\/p>\n\n\n\n<!--more-->\n\n\n\n<p>Mientras las celebraciones navide\u00f1as contin\u00faan efectu\u00e1ndose alrededor del resort Casa de Campo, un muy especial concierto se sazona en los adoquines de Altos de Chav\u00f3n; Vicente Garcia y Bocatab\u00fa, el tr\u00edo de rock\/pop le dar\u00e1 vida al entorno con un gran concierto, \u201cRock en las Piedras\u201d.<\/p>\n\n\n\n<p><strong>\u00a1Esperamos verte por alla!<\/strong><\/p>\n\n\n\n<p><strong>Vicente Garcia<\/strong> -Con la salida de su disco debut, \u201cMelodrama\u201d, el cantautor dominicano Vicente&nbsp;Garc\u00eda, &nbsp;es en este momento es un artista que gusta de redefinir los g\u00e9neros y desafiar las etiquetas musicales. Vicente Garc\u00eda posee impecables ideas musicales cuyas influencias circundan el nost\u00e1lgico sonido del soul y los ritmos tropicales de su pa\u00eds.<\/p>\n\n\n<div class=\"wp-block-image\">\n<figure class=\"aligncenter is-resized\"><img loading=\"lazy\" decoding=\"async\" src=\"https:\/\/i0.wp.com\/casadecampoliving.com\/wp-content\/uploads\/2022\/10\/vicente_garcia_altos_de_chavon.jpg?resize=650%2C452&amp;ssl=1\" alt=\"Vicente Garcia Altos de Chavon\" class=\"wp-image-82562\" height=\"452\" width=\"650\"\/><\/figure>\n<\/div>\n\n\n<p><strong>Bocatabu<\/strong> es una banda de Rock \/ Pop alternativo dominicana. Su m\u00fasica es una exuberante mezcla de entonaciones musicales cl\u00e1sicas con melod\u00edas y tendencias modernas ofreciendo una incomparable diversidad en cada canci\u00f3n.<\/p>\n\n\n<div class=\"wp-block-image\">\n<figure class=\"aligncenter is-resized\"><img loading=\"lazy\" decoding=\"async\" src=\"https:\/\/i0.wp.com\/casadecampoliving.com\/wp-content\/uploads\/2022\/10\/bocatabu.jpg?resize=650%2C428&amp;ssl=1\" alt=\"Bocatabu\" class=\"wp-image-82565\" height=\"428\" width=\"650\"\/><\/figure>\n<\/div>\n\n\n<blockquote><h3>Rock en las piedras<\/h3><p>\u2022 S\u00e1bado diciembre 28, 9pm<\/p><p>\u2022 Plaza Chav\u00f3n, Altos de Chav\u00f3n<\/p><\/blockquote>\n\n\n\n<h3 class=\"wp-block-heading\">\u00a1\u00c9poca&nbsp;navide\u00f1a en Altos de Chav\u00f3n!<\/h3>\n\n\n\n<p>Las celebraciones festivas en Altos de Chav\u00f3n continuaran todo el mes de diciembre, en el cual se destaca la presentaci\u00f3n de ballet en el anfiteatro de &nbsp;Altos de Chav\u00f3n el 14 de diciembre, los presentes de Santa escondidos y la fiesta de Navidad para ni\u00f1os el 22 de diciembre, Los aguinaldos y la Misa de fin de a\u00f1o y mucho m\u00e1s\u2026 <a href=\"https:\/\/casadecampoliving.com\/es\/eventos-navidenos-altos-de-chavon\/\">Haga clic aqu\u00ed para leer m\u00e1s sobre la \u00e9poca navide\u00f1a en Altos de Chav\u00f3n<\/a> y para el calendario y horario completo de las actividades en Casa de Campo por favor visite: <a href=\"http:\/\/www.todocasadecampo.com\/en\">www.todo.fm<\/a><\/p>\n","protected":false},"excerpt":{"rendered":"<p>Este s\u00e1bado 28 de diciembre, ven a ver dos de los j\u00f3venes artistas dominicanos m\u00e1s prometedores en concierto por primera vez en Altos de Chav\u00f3n.<\/p>\n","protected":false},"author":31,"featured_media":244699,"comment_status":"closed","ping_status":"closed","sticky":false,"template":"","format":"standard","meta":{"newspack_ads_suppress_ads":false,"newspack_popups_has_disabled_popups":false,"newspack_sponsor_sponsorship_scope":"","newspack_sponsor_native_byline_display":"inherit","newspack_sponsor_native_category_display":"inherit","newspack_sponsor_underwriter_style":"inherit","newspack_sponsor_underwriter_placement":"inherit","_newspack_byline_active":false,"_newspack_byline":"","newspack_hide_updated_date":false,"newspack_show_updated_date":false,"newspack_content_restriction_is_exempt":false,"newspack_featured_image_position":"","newspack_post_subtitle":"","newspack_article_summary_title":"Overview:","newspack_article_summary":"","_jetpack_memberships_contains_paid_content":false,"footnotes":"","jetpack_publicize_message":"","jetpack_publicize_feature_enabled":true,"jetpack_social_post_already_shared":false,"jetpack_social_options":{"image_generator_settings":{"template":"highway","default_image_id":0,"font":"","enabled":false},"version":2},"_wpas_customize_per_network":false},"categories":[26819,26823,2522,14627],"tags":[15387,18836,1662],"newspack_spnsrs_tax":[],"class_list":["post-343550","post","type-post","status-publish","format-standard","has-post-thumbnail","hentry","category-altos-de-chavon-es","category-arte-y-cultura","category-eventos-es","category-proximamente","tag-altos-de-chavon-es","tag-concert-es-2","tag-navidad","entry"],"yoast_head":"<!-- This site is optimized with the Yoast SEO plugin v27.5 - https:\/\/yoast.com\/product\/yoast-seo-wordpress\/ -->\n<title>ROCK ON THE ROCKS, concierto con Bocatabu y Vicente Garcia - dic. 28 | Casa de Campo Living<\/title>\n<meta name=\"description\" content=\"Este s\u00e1bado 28 de diciembre, ven a ver dos de los j\u00f3venes artistas dominicanos m\u00e1s prometedores en concierto por primera vez en Altos de Chav\u00f3n. Mientras\" \/>\n<meta name=\"robots\" content=\"index, follow, max-snippet:-1, max-image-preview:large, max-video-preview:-1\" \/>\n<link rel=\"canonical\" href=\"https:\/\/casadecampoliving.com\/es\/rock-rocks-concierto-con-bocatabu-y-vicente-garcia-dic-28\/\" \/>\n<meta property=\"og:locale\" content=\"es_ES\" \/>\n<meta property=\"og:type\" content=\"article\" \/>\n<meta property=\"og:title\" content=\"ROCK ON THE ROCKS, concierto con Bocatabu y Vicente Garcia - dic. 28 | Casa de Campo Living\" \/>\n<meta property=\"og:description\" content=\"Este s\u00e1bado 28 de diciembre, ven a ver dos de los j\u00f3venes artistas dominicanos m\u00e1s prometedores en concierto por primera vez en Altos de Chav\u00f3n. Mientras\" \/>\n<meta property=\"og:url\" content=\"https:\/\/casadecampoliving.com\/es\/rock-rocks-concierto-con-bocatabu-y-vicente-garcia-dic-28\/\" \/>\n<meta property=\"og:site_name\" content=\"Casa de Campo Living\" \/>\n<meta property=\"article:publisher\" content=\"https:\/\/www.facebook.com\/casadecampoliving\" \/>\n<meta property=\"article:published_time\" content=\"2013-12-21T04:00:00+00:00\" \/>\n<meta property=\"article:modified_time\" content=\"2022-10-21T22:52:20+00:00\" \/>\n<meta property=\"og:image\" content=\"https:\/\/i0.wp.com\/casadecampoliving.com\/wp-content\/uploads\/2022\/10\/vicente_garcia_altos_de_chavon-1.jpg?fit=650%2C452&ssl=1\" \/>\n\t<meta property=\"og:image:width\" content=\"650\" \/>\n\t<meta property=\"og:image:height\" content=\"452\" \/>\n\t<meta property=\"og:image:type\" content=\"image\/jpeg\" \/>\n<meta name=\"author\" content=\"Rebecca Silvestri\" \/>\n<meta name=\"twitter:card\" content=\"summary_large_image\" \/>\n<meta name=\"twitter:creator\" content=\"@cdcliving\" \/>\n<meta name=\"twitter:site\" content=\"@cdcliving\" \/>\n<meta name=\"twitter:label1\" content=\"Escrito por\" \/>\n\t<meta name=\"twitter:data1\" content=\"Rebecca Silvestri\" \/>\n\t<meta name=\"twitter:label2\" content=\"Tiempo de lectura\" \/>\n\t<meta name=\"twitter:data2\" content=\"2 minutos\" \/>\n<script type=\"application\/ld+json\" class=\"yoast-schema-graph\">{\"@context\":\"https:\\\/\\\/schema.org\",\"@graph\":[{\"@type\":\"Article\",\"@id\":\"https:\\\/\\\/casadecampoliving.com\\\/es\\\/rock-rocks-concierto-con-bocatabu-y-vicente-garcia-dic-28\\\/#article\",\"isPartOf\":{\"@id\":\"https:\\\/\\\/casadecampoliving.com\\\/es\\\/rock-rocks-concierto-con-bocatabu-y-vicente-garcia-dic-28\\\/\"},\"author\":{\"name\":\"Rebecca Silvestri\",\"@id\":\"https:\\\/\\\/casadecampoliving.com\\\/es\\\/#\\\/schema\\\/person\\\/2b2208f3175fa8761e25b272e096d718\"},\"headline\":\"ROCK ON THE ROCKS, concierto con Bocatabu y Vicente Garcia &#8211; dic. 28\",\"datePublished\":\"2013-12-21T04:00:00+00:00\",\"dateModified\":\"2022-10-21T22:52:20+00:00\",\"mainEntityOfPage\":{\"@id\":\"https:\\\/\\\/casadecampoliving.com\\\/es\\\/rock-rocks-concierto-con-bocatabu-y-vicente-garcia-dic-28\\\/\"},\"wordCount\":319,\"publisher\":{\"@id\":\"https:\\\/\\\/casadecampoliving.com\\\/es\\\/#organization\"},\"image\":{\"@id\":\"https:\\\/\\\/casadecampoliving.com\\\/es\\\/rock-rocks-concierto-con-bocatabu-y-vicente-garcia-dic-28\\\/#primaryimage\"},\"thumbnailUrl\":\"https:\\\/\\\/i0.wp.com\\\/casadecampoliving.com\\\/wp-content\\\/uploads\\\/2022\\\/10\\\/vicente_garcia_altos_de_chavon-1.jpg?fit=650%2C452&ssl=1\",\"keywords\":[\"Altos de Chavon\",\"concert\",\"navidad\"],\"articleSection\":[\"Altos de Chavon @es\",\"Arte y cultura\",\"Eventos\",\"Proximamente\"],\"inLanguage\":\"es\"},{\"@type\":\"WebPage\",\"@id\":\"https:\\\/\\\/casadecampoliving.com\\\/es\\\/rock-rocks-concierto-con-bocatabu-y-vicente-garcia-dic-28\\\/\",\"url\":\"https:\\\/\\\/casadecampoliving.com\\\/es\\\/rock-rocks-concierto-con-bocatabu-y-vicente-garcia-dic-28\\\/\",\"name\":\"ROCK ON THE ROCKS, concierto con Bocatabu y Vicente Garcia - dic. 28 | Casa de Campo Living\",\"isPartOf\":{\"@id\":\"https:\\\/\\\/casadecampoliving.com\\\/es\\\/#website\"},\"primaryImageOfPage\":{\"@id\":\"https:\\\/\\\/casadecampoliving.com\\\/es\\\/rock-rocks-concierto-con-bocatabu-y-vicente-garcia-dic-28\\\/#primaryimage\"},\"image\":{\"@id\":\"https:\\\/\\\/casadecampoliving.com\\\/es\\\/rock-rocks-concierto-con-bocatabu-y-vicente-garcia-dic-28\\\/#primaryimage\"},\"thumbnailUrl\":\"https:\\\/\\\/i0.wp.com\\\/casadecampoliving.com\\\/wp-content\\\/uploads\\\/2022\\\/10\\\/vicente_garcia_altos_de_chavon-1.jpg?fit=650%2C452&ssl=1\",\"datePublished\":\"2013-12-21T04:00:00+00:00\",\"dateModified\":\"2022-10-21T22:52:20+00:00\",\"description\":\"Este s\u00e1bado 28 de diciembre, ven a ver dos de los j\u00f3venes artistas dominicanos m\u00e1s prometedores en concierto por primera vez en Altos de Chav\u00f3n. Mientras\",\"breadcrumb\":{\"@id\":\"https:\\\/\\\/casadecampoliving.com\\\/es\\\/rock-rocks-concierto-con-bocatabu-y-vicente-garcia-dic-28\\\/#breadcrumb\"},\"inLanguage\":\"es\",\"potentialAction\":[{\"@type\":\"ReadAction\",\"target\":[\"https:\\\/\\\/casadecampoliving.com\\\/es\\\/rock-rocks-concierto-con-bocatabu-y-vicente-garcia-dic-28\\\/\"]}]},{\"@type\":\"ImageObject\",\"inLanguage\":\"es\",\"@id\":\"https:\\\/\\\/casadecampoliving.com\\\/es\\\/rock-rocks-concierto-con-bocatabu-y-vicente-garcia-dic-28\\\/#primaryimage\",\"url\":\"https:\\\/\\\/i0.wp.com\\\/casadecampoliving.com\\\/wp-content\\\/uploads\\\/2022\\\/10\\\/vicente_garcia_altos_de_chavon-1.jpg?fit=650%2C452&ssl=1\",\"contentUrl\":\"https:\\\/\\\/i0.wp.com\\\/casadecampoliving.com\\\/wp-content\\\/uploads\\\/2022\\\/10\\\/vicente_garcia_altos_de_chavon-1.jpg?fit=650%2C452&ssl=1\",\"width\":650,\"height\":452,\"caption\":\"Vicente Garcia Altos de Chavon\"},{\"@type\":\"BreadcrumbList\",\"@id\":\"https:\\\/\\\/casadecampoliving.com\\\/es\\\/rock-rocks-concierto-con-bocatabu-y-vicente-garcia-dic-28\\\/#breadcrumb\",\"itemListElement\":[{\"@type\":\"ListItem\",\"position\":1,\"name\":\"Home\",\"item\":\"https:\\\/\\\/casadecampoliving.com\\\/es\\\/\"},{\"@type\":\"ListItem\",\"position\":2,\"name\":\"ROCK ON THE ROCKS, concierto con Bocatabu y Vicente Garcia &#8211; dic. 28\"}]},{\"@type\":\"WebSite\",\"@id\":\"https:\\\/\\\/casadecampoliving.com\\\/es\\\/#website\",\"url\":\"https:\\\/\\\/casadecampoliving.com\\\/es\\\/\",\"name\":\"Casa de Campo Living\",\"description\":\"Resort community news and resources.\",\"publisher\":{\"@id\":\"https:\\\/\\\/casadecampoliving.com\\\/es\\\/#organization\"},\"potentialAction\":[{\"@type\":\"SearchAction\",\"target\":{\"@type\":\"EntryPoint\",\"urlTemplate\":\"https:\\\/\\\/casadecampoliving.com\\\/es\\\/?s={search_term_string}\"},\"query-input\":{\"@type\":\"PropertyValueSpecification\",\"valueRequired\":true,\"valueName\":\"search_term_string\"}}],\"inLanguage\":\"es\"},{\"@type\":\"Organization\",\"@id\":\"https:\\\/\\\/casadecampoliving.com\\\/es\\\/#organization\",\"name\":\"Casa de Campo Living\",\"url\":\"https:\\\/\\\/casadecampoliving.com\\\/es\\\/\",\"logo\":{\"@type\":\"ImageObject\",\"inLanguage\":\"es\",\"@id\":\"https:\\\/\\\/casadecampoliving.com\\\/es\\\/#\\\/schema\\\/logo\\\/image\\\/\",\"url\":\"https:\\\/\\\/i0.wp.com\\\/casadecampoliving.com\\\/wp-content\\\/uploads\\\/2022\\\/07\\\/CDCLivingLogo_V1-white-sized.png?fit=800%2C214&ssl=1\",\"contentUrl\":\"https:\\\/\\\/i0.wp.com\\\/casadecampoliving.com\\\/wp-content\\\/uploads\\\/2022\\\/07\\\/CDCLivingLogo_V1-white-sized.png?fit=800%2C214&ssl=1\",\"width\":800,\"height\":214,\"caption\":\"Casa de Campo Living\"},\"image\":{\"@id\":\"https:\\\/\\\/casadecampoliving.com\\\/es\\\/#\\\/schema\\\/logo\\\/image\\\/\"},\"sameAs\":[\"https:\\\/\\\/www.facebook.com\\\/casadecampoliving\",\"https:\\\/\\\/x.com\\\/cdcliving\"]},{\"@type\":\"Person\",\"@id\":\"https:\\\/\\\/casadecampoliving.com\\\/es\\\/#\\\/schema\\\/person\\\/2b2208f3175fa8761e25b272e096d718\",\"name\":\"Rebecca Silvestri\",\"image\":{\"@type\":\"ImageObject\",\"inLanguage\":\"es\",\"@id\":\"https:\\\/\\\/secure.gravatar.com\\\/avatar\\\/2d937fd6c1769fb718dbf8dce9e82bf5f89e97bd028f9b3ea10b931dc7df95c6?s=96&d=mm&r=g\",\"url\":\"https:\\\/\\\/secure.gravatar.com\\\/avatar\\\/2d937fd6c1769fb718dbf8dce9e82bf5f89e97bd028f9b3ea10b931dc7df95c6?s=96&d=mm&r=g\",\"contentUrl\":\"https:\\\/\\\/secure.gravatar.com\\\/avatar\\\/2d937fd6c1769fb718dbf8dce9e82bf5f89e97bd028f9b3ea10b931dc7df95c6?s=96&d=mm&r=g\",\"caption\":\"Rebecca Silvestri\"},\"url\":\"https:\\\/\\\/casadecampoliving.com\\\/es\\\/author\\\/madamehuge\\\/\"}]}<\/script>\n<!-- \/ Yoast SEO plugin. -->","yoast_head_json":{"title":"ROCK ON THE ROCKS, concierto con Bocatabu y Vicente Garcia - dic. 28 | Casa de Campo Living","description":"Este s\u00e1bado 28 de diciembre, ven a ver dos de los j\u00f3venes artistas dominicanos m\u00e1s prometedores en concierto por primera vez en Altos de Chav\u00f3n. Mientras","robots":{"index":"index","follow":"follow","max-snippet":"max-snippet:-1","max-image-preview":"max-image-preview:large","max-video-preview":"max-video-preview:-1"},"canonical":"https:\/\/casadecampoliving.com\/es\/rock-rocks-concierto-con-bocatabu-y-vicente-garcia-dic-28\/","og_locale":"es_ES","og_type":"article","og_title":"ROCK ON THE ROCKS, concierto con Bocatabu y Vicente Garcia - dic. 28 | Casa de Campo Living","og_description":"Este s\u00e1bado 28 de diciembre, ven a ver dos de los j\u00f3venes artistas dominicanos m\u00e1s prometedores en concierto por primera vez en Altos de Chav\u00f3n. Mientras","og_url":"https:\/\/casadecampoliving.com\/es\/rock-rocks-concierto-con-bocatabu-y-vicente-garcia-dic-28\/","og_site_name":"Casa de Campo Living","article_publisher":"https:\/\/www.facebook.com\/casadecampoliving","article_published_time":"2013-12-21T04:00:00+00:00","article_modified_time":"2022-10-21T22:52:20+00:00","og_image":[{"width":650,"height":452,"url":"https:\/\/i0.wp.com\/casadecampoliving.com\/wp-content\/uploads\/2022\/10\/vicente_garcia_altos_de_chavon-1.jpg?fit=650%2C452&ssl=1","type":"image\/jpeg"}],"author":"Rebecca Silvestri","twitter_card":"summary_large_image","twitter_creator":"@cdcliving","twitter_site":"@cdcliving","twitter_misc":{"Escrito por":"Rebecca Silvestri","Tiempo de lectura":"2 minutos"},"schema":{"@context":"https:\/\/schema.org","@graph":[{"@type":"Article","@id":"https:\/\/casadecampoliving.com\/es\/rock-rocks-concierto-con-bocatabu-y-vicente-garcia-dic-28\/#article","isPartOf":{"@id":"https:\/\/casadecampoliving.com\/es\/rock-rocks-concierto-con-bocatabu-y-vicente-garcia-dic-28\/"},"author":{"name":"Rebecca Silvestri","@id":"https:\/\/casadecampoliving.com\/es\/#\/schema\/person\/2b2208f3175fa8761e25b272e096d718"},"headline":"ROCK ON THE ROCKS, concierto con Bocatabu y Vicente Garcia &#8211; dic. 28","datePublished":"2013-12-21T04:00:00+00:00","dateModified":"2022-10-21T22:52:20+00:00","mainEntityOfPage":{"@id":"https:\/\/casadecampoliving.com\/es\/rock-rocks-concierto-con-bocatabu-y-vicente-garcia-dic-28\/"},"wordCount":319,"publisher":{"@id":"https:\/\/casadecampoliving.com\/es\/#organization"},"image":{"@id":"https:\/\/casadecampoliving.com\/es\/rock-rocks-concierto-con-bocatabu-y-vicente-garcia-dic-28\/#primaryimage"},"thumbnailUrl":"https:\/\/i0.wp.com\/casadecampoliving.com\/wp-content\/uploads\/2022\/10\/vicente_garcia_altos_de_chavon-1.jpg?fit=650%2C452&ssl=1","keywords":["Altos de Chavon","concert","navidad"],"articleSection":["Altos de Chavon @es","Arte y cultura","Eventos","Proximamente"],"inLanguage":"es"},{"@type":"WebPage","@id":"https:\/\/casadecampoliving.com\/es\/rock-rocks-concierto-con-bocatabu-y-vicente-garcia-dic-28\/","url":"https:\/\/casadecampoliving.com\/es\/rock-rocks-concierto-con-bocatabu-y-vicente-garcia-dic-28\/","name":"ROCK ON THE ROCKS, concierto con Bocatabu y Vicente Garcia - dic. 28 | Casa de Campo Living","isPartOf":{"@id":"https:\/\/casadecampoliving.com\/es\/#website"},"primaryImageOfPage":{"@id":"https:\/\/casadecampoliving.com\/es\/rock-rocks-concierto-con-bocatabu-y-vicente-garcia-dic-28\/#primaryimage"},"image":{"@id":"https:\/\/casadecampoliving.com\/es\/rock-rocks-concierto-con-bocatabu-y-vicente-garcia-dic-28\/#primaryimage"},"thumbnailUrl":"https:\/\/i0.wp.com\/casadecampoliving.com\/wp-content\/uploads\/2022\/10\/vicente_garcia_altos_de_chavon-1.jpg?fit=650%2C452&ssl=1","datePublished":"2013-12-21T04:00:00+00:00","dateModified":"2022-10-21T22:52:20+00:00","description":"Este s\u00e1bado 28 de diciembre, ven a ver dos de los j\u00f3venes artistas dominicanos m\u00e1s prometedores en concierto por primera vez en Altos de Chav\u00f3n. Mientras","breadcrumb":{"@id":"https:\/\/casadecampoliving.com\/es\/rock-rocks-concierto-con-bocatabu-y-vicente-garcia-dic-28\/#breadcrumb"},"inLanguage":"es","potentialAction":[{"@type":"ReadAction","target":["https:\/\/casadecampoliving.com\/es\/rock-rocks-concierto-con-bocatabu-y-vicente-garcia-dic-28\/"]}]},{"@type":"ImageObject","inLanguage":"es","@id":"https:\/\/casadecampoliving.com\/es\/rock-rocks-concierto-con-bocatabu-y-vicente-garcia-dic-28\/#primaryimage","url":"https:\/\/i0.wp.com\/casadecampoliving.com\/wp-content\/uploads\/2022\/10\/vicente_garcia_altos_de_chavon-1.jpg?fit=650%2C452&ssl=1","contentUrl":"https:\/\/i0.wp.com\/casadecampoliving.com\/wp-content\/uploads\/2022\/10\/vicente_garcia_altos_de_chavon-1.jpg?fit=650%2C452&ssl=1","width":650,"height":452,"caption":"Vicente Garcia Altos de Chavon"},{"@type":"BreadcrumbList","@id":"https:\/\/casadecampoliving.com\/es\/rock-rocks-concierto-con-bocatabu-y-vicente-garcia-dic-28\/#breadcrumb","itemListElement":[{"@type":"ListItem","position":1,"name":"Home","item":"https:\/\/casadecampoliving.com\/es\/"},{"@type":"ListItem","position":2,"name":"ROCK ON THE ROCKS, concierto con Bocatabu y Vicente Garcia &#8211; dic. 28"}]},{"@type":"WebSite","@id":"https:\/\/casadecampoliving.com\/es\/#website","url":"https:\/\/casadecampoliving.com\/es\/","name":"Casa de Campo Living","description":"Resort community news and resources.","publisher":{"@id":"https:\/\/casadecampoliving.com\/es\/#organization"},"potentialAction":[{"@type":"SearchAction","target":{"@type":"EntryPoint","urlTemplate":"https:\/\/casadecampoliving.com\/es\/?s={search_term_string}"},"query-input":{"@type":"PropertyValueSpecification","valueRequired":true,"valueName":"search_term_string"}}],"inLanguage":"es"},{"@type":"Organization","@id":"https:\/\/casadecampoliving.com\/es\/#organization","name":"Casa de Campo Living","url":"https:\/\/casadecampoliving.com\/es\/","logo":{"@type":"ImageObject","inLanguage":"es","@id":"https:\/\/casadecampoliving.com\/es\/#\/schema\/logo\/image\/","url":"https:\/\/i0.wp.com\/casadecampoliving.com\/wp-content\/uploads\/2022\/07\/CDCLivingLogo_V1-white-sized.png?fit=800%2C214&ssl=1","contentUrl":"https:\/\/i0.wp.com\/casadecampoliving.com\/wp-content\/uploads\/2022\/07\/CDCLivingLogo_V1-white-sized.png?fit=800%2C214&ssl=1","width":800,"height":214,"caption":"Casa de Campo Living"},"image":{"@id":"https:\/\/casadecampoliving.com\/es\/#\/schema\/logo\/image\/"},"sameAs":["https:\/\/www.facebook.com\/casadecampoliving","https:\/\/x.com\/cdcliving"]},{"@type":"Person","@id":"https:\/\/casadecampoliving.com\/es\/#\/schema\/person\/2b2208f3175fa8761e25b272e096d718","name":"Rebecca Silvestri","image":{"@type":"ImageObject","inLanguage":"es","@id":"https:\/\/secure.gravatar.com\/avatar\/2d937fd6c1769fb718dbf8dce9e82bf5f89e97bd028f9b3ea10b931dc7df95c6?s=96&d=mm&r=g","url":"https:\/\/secure.gravatar.com\/avatar\/2d937fd6c1769fb718dbf8dce9e82bf5f89e97bd028f9b3ea10b931dc7df95c6?s=96&d=mm&r=g","contentUrl":"https:\/\/secure.gravatar.com\/avatar\/2d937fd6c1769fb718dbf8dce9e82bf5f89e97bd028f9b3ea10b931dc7df95c6?s=96&d=mm&r=g","caption":"Rebecca Silvestri"},"url":"https:\/\/casadecampoliving.com\/es\/author\/madamehuge\/"}]}},"parsely":{"version":"1.1.0","canonical_url":"https:\/\/casadecampoliving.com\/es\/rock-rocks-concierto-con-bocatabu-y-vicente-garcia-dic-28\/","smart_links":{"inbound":0,"outbound":0},"traffic_boost_suggestions_count":0,"meta":{"@context":"https:\/\/schema.org","@type":"NewsArticle","headline":"ROCK ON THE ROCKS, concierto con Bocatabu y Vicente Garcia &#8211; dic. 28","url":"http:\/\/casadecampoliving.com\/es\/rock-rocks-concierto-con-bocatabu-y-vicente-garcia-dic-28\/","mainEntityOfPage":{"@type":"WebPage","@id":"http:\/\/casadecampoliving.com\/es\/rock-rocks-concierto-con-bocatabu-y-vicente-garcia-dic-28\/"},"thumbnailUrl":"https:\/\/i0.wp.com\/casadecampoliving.com\/wp-content\/uploads\/2022\/10\/vicente_garcia_altos_de_chavon-1.jpg?resize=150%2C150&ssl=1","image":{"@type":"ImageObject","url":"https:\/\/i0.wp.com\/casadecampoliving.com\/wp-content\/uploads\/2022\/10\/vicente_garcia_altos_de_chavon-1.jpg?fit=650%2C452&ssl=1"},"articleSection":"Altos de Chavon @es","author":[{"@type":"Person","name":"Rebecca Silvestri"}],"creator":["Rebecca Silvestri"],"publisher":{"@type":"Organization","name":"Casa de Campo Living","logo":"https:\/\/casadecampoliving.com\/wp-content\/uploads\/2022\/07\/CDCLivingLogo_V1-white-sized.png"},"keywords":["altos de chavon","concert","navidad"],"dateCreated":"2013-12-21T04:00:00Z","datePublished":"2013-12-21T04:00:00Z","dateModified":"2022-10-21T22:52:20Z"},"rendered":"<script type=\"application\/ld+json\" class=\"wp-parsely-metadata\">{\"@context\":\"https:\\\/\\\/schema.org\",\"@type\":\"NewsArticle\",\"headline\":\"ROCK ON THE ROCKS, concierto con Bocatabu y Vicente Garcia &#8211; dic. 28\",\"url\":\"http:\\\/\\\/casadecampoliving.com\\\/es\\\/rock-rocks-concierto-con-bocatabu-y-vicente-garcia-dic-28\\\/\",\"mainEntityOfPage\":{\"@type\":\"WebPage\",\"@id\":\"http:\\\/\\\/casadecampoliving.com\\\/es\\\/rock-rocks-concierto-con-bocatabu-y-vicente-garcia-dic-28\\\/\"},\"thumbnailUrl\":\"https:\\\/\\\/i0.wp.com\\\/casadecampoliving.com\\\/wp-content\\\/uploads\\\/2022\\\/10\\\/vicente_garcia_altos_de_chavon-1.jpg?resize=150%2C150&ssl=1\",\"image\":{\"@type\":\"ImageObject\",\"url\":\"https:\\\/\\\/i0.wp.com\\\/casadecampoliving.com\\\/wp-content\\\/uploads\\\/2022\\\/10\\\/vicente_garcia_altos_de_chavon-1.jpg?fit=650%2C452&ssl=1\"},\"articleSection\":\"Altos de Chavon @es\",\"author\":[{\"@type\":\"Person\",\"name\":\"Rebecca Silvestri\"}],\"creator\":[\"Rebecca Silvestri\"],\"publisher\":{\"@type\":\"Organization\",\"name\":\"Casa de Campo Living\",\"logo\":\"https:\\\/\\\/casadecampoliving.com\\\/wp-content\\\/uploads\\\/2022\\\/07\\\/CDCLivingLogo_V1-white-sized.png\"},\"keywords\":[\"altos de chavon\",\"concert\",\"navidad\"],\"dateCreated\":\"2013-12-21T04:00:00Z\",\"datePublished\":\"2013-12-21T04:00:00Z\",\"dateModified\":\"2022-10-21T22:52:20Z\"}<\/script>","tracker_url":"https:\/\/cdn.parsely.com\/keys\/casadecampoliving.com\/p.js"},"jetpack_publicize_connections":[],"jetpack_featured_media_url":"https:\/\/i0.wp.com\/casadecampoliving.com\/wp-content\/uploads\/2022\/10\/vicente_garcia_altos_de_chavon-1.jpg?fit=650%2C452&ssl=1","jetpack-related-posts":[{"id":433460,"url":"https:\/\/casadecampoliving.com\/es\/no-se-pierdan-el-increible-tributo-a-frank-sinatra-para-celebrar-el-40-aniversario-del-anfiteatro-altos-de-chavon\/","url_meta":{"origin":343550,"position":0},"title":"No se pierdan el incre\u00edble tributo a Frank Sinatra para celebrar el 40 aniversario del\u00a0Anfiteatro Altos de Chav\u00f3n","author":"Casa de Campo Living","date":"20 Oct, 2022","format":false,"excerpt":"Siendo uno de los escenarios m\u00e1s emblem\u00e1ticos del pa\u00eds, Casa de Campo Resort\u00ae & Villas celebra las cuatro d\u00e9cadas de aniversario de Altos de Chav\u00f3n con un tributo al gran Frank Sinatra, protagonizado por artistas invitados y una big band tal cual la que acompa\u00f1\u00f3 al artista hace 40 a\u00f1os\u2026","rel":"","context":"En \u00abUncategorized @es\u00bb","block_context":{"text":"Uncategorized @es","link":"https:\/\/casadecampoliving.com\/es\/category\/uncategorized-es\/"},"img":{"alt_text":"","src":"https:\/\/i0.wp.com\/casadecampoliving.com\/wp-content\/uploads\/2022\/10\/Tributo-Frank-Sinatra-Foto-Principal-Amaury-Sanchez-Danilo-Ginebra-Andres-Pichardo-y-Jose-Gabriel-Perez-.jpg?fit=1200%2C873&ssl=1&resize=350%2C200","width":350,"height":200,"srcset":"https:\/\/i0.wp.com\/casadecampoliving.com\/wp-content\/uploads\/2022\/10\/Tributo-Frank-Sinatra-Foto-Principal-Amaury-Sanchez-Danilo-Ginebra-Andres-Pichardo-y-Jose-Gabriel-Perez-.jpg?fit=1200%2C873&ssl=1&resize=350%2C200 1x, https:\/\/i0.wp.com\/casadecampoliving.com\/wp-content\/uploads\/2022\/10\/Tributo-Frank-Sinatra-Foto-Principal-Amaury-Sanchez-Danilo-Ginebra-Andres-Pichardo-y-Jose-Gabriel-Perez-.jpg?fit=1200%2C873&ssl=1&resize=525%2C300 1.5x, https:\/\/i0.wp.com\/casadecampoliving.com\/wp-content\/uploads\/2022\/10\/Tributo-Frank-Sinatra-Foto-Principal-Amaury-Sanchez-Danilo-Ginebra-Andres-Pichardo-y-Jose-Gabriel-Perez-.jpg?fit=1200%2C873&ssl=1&resize=700%2C400 2x, https:\/\/i0.wp.com\/casadecampoliving.com\/wp-content\/uploads\/2022\/10\/Tributo-Frank-Sinatra-Foto-Principal-Amaury-Sanchez-Danilo-Ginebra-Andres-Pichardo-y-Jose-Gabriel-Perez-.jpg?fit=1200%2C873&ssl=1&resize=1050%2C600 3x"},"classes":[]},{"id":343616,"url":"https:\/\/casadecampoliving.com\/es\/entrevista-con-bocatabu-y-vicente-garcia\/","url_meta":{"origin":343550,"position":1},"title":"Entrevista con Bocatab\u00fa y Vicente Garc\u00eda","author":"Genesis Perdomo","date":"28 Dic, 2013","format":false,"excerpt":"Para nosotros es un placer tener a\u00a0Bocatab\u00fa y a Vicente Garc\u00eda present\u00e1ndose en Altos de Chav\u00f3n este 28 de diciembre en la Plaza.\u00a0Estas dos agrupaciones dominicanas nos deleitaran en una noche llena de rock y mucha m\u00fasica. Con la salida de su disco, \u201cMelodrama\u201d, el cantautor dominicano\u00a0Vicente\u00a0Garc\u00eda, es en este\u2026","rel":"","context":"En \u00abAltos de Chavon @es\u00bb","block_context":{"text":"Altos de Chavon @es","link":"https:\/\/casadecampoliving.com\/category\/altos-de-chavon-es\/"},"img":{"alt_text":"vicente y bocatabu","src":"https:\/\/i0.wp.com\/casadecampoliving.com\/wp-content\/uploads\/2022\/10\/boca-1.jpg?fit=605%2C254&ssl=1&resize=350%2C200","width":350,"height":200,"srcset":"https:\/\/i0.wp.com\/casadecampoliving.com\/wp-content\/uploads\/2022\/10\/boca-1.jpg?fit=605%2C254&ssl=1&resize=350%2C200 1x, https:\/\/i0.wp.com\/casadecampoliving.com\/wp-content\/uploads\/2022\/10\/boca-1.jpg?fit=605%2C254&ssl=1&resize=525%2C300 1.5x"},"classes":[]},{"id":323027,"url":"https:\/\/casadecampoliving.com\/vicente-garcia\/","url_meta":{"origin":343550,"position":2},"title":"ROCK ON THE ROCKS: Bocatabu &#038; Vicente Garcia in concert &#8211; Dec. 28","author":"Rebecca Silvestri","date":"21 Dic, 2013","format":false,"excerpt":"On Saturday December 28th, come see two of the most promising young Dominican artists in concert for the first time in Altos de Chav\u00f3n! As the festive celebrations continue across the Casa de Campo resort, a very special concert is taking place on the cobbles of Altos de Chav\u00f3n! Vicente\u2026","rel":"","context":"En \u00abAltos de Chavon\u00bb","block_context":{"text":"Altos de Chavon","link":"https:\/\/casadecampoliving.com\/category\/altos-de-chavon\/"},"img":{"alt_text":"Vicente Garcia Altos de Chavon","src":"https:\/\/i0.wp.com\/casadecampoliving.com\/wp-content\/uploads\/2022\/10\/vicente_garcia_altos_de_chavon-1.jpg?fit=650%2C452&ssl=1&resize=350%2C200","width":350,"height":200,"srcset":"https:\/\/i0.wp.com\/casadecampoliving.com\/wp-content\/uploads\/2022\/10\/vicente_garcia_altos_de_chavon-1.jpg?fit=650%2C452&ssl=1&resize=350%2C200 1x, https:\/\/i0.wp.com\/casadecampoliving.com\/wp-content\/uploads\/2022\/10\/vicente_garcia_altos_de_chavon-1.jpg?fit=650%2C452&ssl=1&resize=525%2C300 1.5x"},"classes":[]},{"id":343606,"url":"https:\/\/casadecampoliving.com\/es\/interview-bocatabu-vicente-garcia\/","url_meta":{"origin":343550,"position":3},"title":"Interview with Bocatab\u00fa &#038; Vicente Garc\u00eda","author":"Genesis Perdomo","date":"27 Dic, 2013","format":false,"excerpt":"We are very excited to have Bocatab\u00fa and Vicente Garc\u00eda here in Altos de Chav\u00f3n tomorrow Saturday the 28th of December. These two Dominican artists will delight us with a night full of rock and plenty of music, and so in celebration, here we bring you an interview with both\u2026","rel":"","context":"En \u00abAltos de Chavon @es\u00bb","block_context":{"text":"Altos de Chavon @es","link":"https:\/\/casadecampoliving.com\/category\/altos-de-chavon-es\/"},"img":{"alt_text":"vicente y bocatabu","src":"https:\/\/i0.wp.com\/casadecampoliving.com\/wp-content\/uploads\/2022\/10\/boca-1.jpg?fit=605%2C254&ssl=1&resize=350%2C200","width":350,"height":200,"srcset":"https:\/\/i0.wp.com\/casadecampoliving.com\/wp-content\/uploads\/2022\/10\/boca-1.jpg?fit=605%2C254&ssl=1&resize=350%2C200 1x, https:\/\/i0.wp.com\/casadecampoliving.com\/wp-content\/uploads\/2022\/10\/boca-1.jpg?fit=605%2C254&ssl=1&resize=525%2C300 1.5x"},"classes":[]},{"id":323068,"url":"https:\/\/casadecampoliving.com\/interview-bocatabu-vicente-garcia-2\/","url_meta":{"origin":343550,"position":4},"title":"Interview with Bocatab\u00fa &#038; Vicente Garc\u00eda","author":"Genesis Perdomo","date":"28 Dic, 2013","format":false,"excerpt":"We are very excited to have\u00a0Bocatab\u00fa and Vicente Garc\u00eda here in Altos de Chav\u00f3n tomorrow Saturday the 28th of December. These two Dominican artists will delight us with a night full of rock and plenty of music, and so in celebration, here we bring you an interview with both Bocatab\u00fa\u2026","rel":"","context":"En \u00abAltos de Chavon\u00bb","block_context":{"text":"Altos de Chavon","link":"https:\/\/casadecampoliving.com\/category\/altos-de-chavon\/"},"img":{"alt_text":"Bocatabu","src":"https:\/\/i0.wp.com\/casadecampoliving.com\/wp-content\/uploads\/2022\/10\/boca-1.jpg?fit=605%2C254&ssl=1&resize=350%2C200","width":350,"height":200,"srcset":"https:\/\/i0.wp.com\/casadecampoliving.com\/wp-content\/uploads\/2022\/10\/boca-1.jpg?fit=605%2C254&ssl=1&resize=350%2C200 1x, https:\/\/i0.wp.com\/casadecampoliving.com\/wp-content\/uploads\/2022\/10\/boca-1.jpg?fit=605%2C254&ssl=1&resize=525%2C300 1.5x"},"classes":[]},{"id":343594,"url":"https:\/\/casadecampoliving.com\/es\/arte-naive-exhibicion-de-arte-y-coctel-en-jenny-polanco-project\/","url_meta":{"origin":343550,"position":5},"title":"\u00abArte Naive\u00bb exhibici\u00f3n de arte y coctel en Jenny Polanco Project","author":"Perkin Agramonte","date":"26 Dic, 2013","format":false,"excerpt":"Casa de Campo Living y SILGON, una moderna compa\u00f1\u00eda de medios estan m\u00e1s que orgullosos de invitarles a una exhibici\u00f3n de arte y coctel este s\u00e1bado 28 de diciembre, organizada por la famosa dise\u00f1adora dominicana, Jenny Polanco. El \u201cArte Naive\u201d una exhibici\u00f3n de arte que contendr\u00e1 obras tradicionales y artesanales,\u2026","rel":"","context":"En \u00abAltos de Chavon @es\u00bb","block_context":{"text":"Altos de Chavon @es","link":"https:\/\/casadecampoliving.com\/category\/altos-de-chavon-es\/"},"img":{"alt_text":"Arte Naive Jenny Polanco","src":"https:\/\/i0.wp.com\/casadecampoliving.com\/wp-content\/uploads\/2022\/10\/arte_naive_jenny_polanco-1.jpg?fit=650%2C464&ssl=1&resize=350%2C200","width":350,"height":200,"srcset":"https:\/\/i0.wp.com\/casadecampoliving.com\/wp-content\/uploads\/2022\/10\/arte_naive_jenny_polanco-1.jpg?fit=650%2C464&ssl=1&resize=350%2C200 1x, https:\/\/i0.wp.com\/casadecampoliving.com\/wp-content\/uploads\/2022\/10\/arte_naive_jenny_polanco-1.jpg?fit=650%2C464&ssl=1&resize=525%2C300 1.5x"},"classes":[]}],"jetpack_sharing_enabled":true,"_links":{"self":[{"href":"https:\/\/casadecampoliving.com\/es\/wp-json\/wp\/v2\/posts\/343550","targetHints":{"allow":["GET"]}}],"collection":[{"href":"https:\/\/casadecampoliving.com\/es\/wp-json\/wp\/v2\/posts"}],"about":[{"href":"https:\/\/casadecampoliving.com\/es\/wp-json\/wp\/v2\/types\/post"}],"author":[{"embeddable":true,"href":"https:\/\/casadecampoliving.com\/es\/wp-json\/wp\/v2\/users\/31"}],"replies":[{"embeddable":true,"href":"https:\/\/casadecampoliving.com\/es\/wp-json\/wp\/v2\/comments?post=343550"}],"version-history":[{"count":1,"href":"https:\/\/casadecampoliving.com\/es\/wp-json\/wp\/v2\/posts\/343550\/revisions"}],"predecessor-version":[{"id":343551,"href":"https:\/\/casadecampoliving.com\/es\/wp-json\/wp\/v2\/posts\/343550\/revisions\/343551"}],"wp:featuredmedia":[{"embeddable":true,"href":"https:\/\/casadecampoliving.com\/es\/wp-json\/wp\/v2\/media\/244699"}],"wp:attachment":[{"href":"https:\/\/casadecampoliving.com\/es\/wp-json\/wp\/v2\/media?parent=343550"}],"wp:term":[{"taxonomy":"category","embeddable":true,"href":"https:\/\/casadecampoliving.com\/es\/wp-json\/wp\/v2\/categories?post=343550"},{"taxonomy":"post_tag","embeddable":true,"href":"https:\/\/casadecampoliving.com\/es\/wp-json\/wp\/v2\/tags?post=343550"},{"taxonomy":"newspack_spnsrs_tax","embeddable":true,"href":"https:\/\/casadecampoliving.com\/es\/wp-json\/wp\/v2\/newspack_spnsrs_tax?post=343550"}],"curies":[{"name":"wp","href":"https:\/\/api.w.org\/{rel}","templated":true}]}}