{"id":343520,"date":"2013-12-18T00:00:00","date_gmt":"2013-12-18T04:00:00","guid":{"rendered":"https:\/\/casadecampoliving.com\/exhibicion-de-arte-en-la-galeria\/"},"modified":"2022-10-21T18:51:16","modified_gmt":"2022-10-21T22:51:16","slug":"exhibicion-de-arte-en-la-galeria","status":"publish","type":"post","link":"https:\/\/casadecampoliving.com\/es\/exhibicion-de-arte-en-la-galeria\/","title":{"rendered":"\u00a1Recordatorio! Exhibici\u00f3n de arte en La Galer\u00eda este jueves 19 de diciembre"},"content":{"rendered":"<div class=\"wp-block-image\">\n<figure class=\"aligncenter is-resized\"><img loading=\"lazy\" decoding=\"async\" src=\"https:\/\/i0.wp.com\/casadecampoliving.com\/wp-content\/uploads\/2022\/10\/FOTO-ANGELA.jpg?resize=600%2C500&amp;ssl=1\" alt=\"Angela\" class=\"wp-image-81889\" height=\"500\" width=\"600\"\/><\/figure>\n<\/div>\n\n\n<p>\u00a1No olvides! La nueva exhibici\u00f3n de arte este jueves en La Galer\u00eda Altos de Chav\u00f3n, Casa de Campo.<\/p>\n\n\n\n<p>\u201cEl Viaje, recorridos de la memoria\u201d por la artista italiana Angela Occhipinti, La interesante exhibici\u00f3n tendr\u00e1 un total de 30 piezas y todos tendr\u00e1n la oportunidad de ver y admirar el trabajo de esta maravillosa artista que estamos m\u00e1s que felices de recibir en Altos de Chav\u00f3n.<\/p>\n\n\n\n<p>Usted puede esperar una variedad de estupendas piezas en esta exhibici\u00f3n, como ella refleja la infinita y compleja posibilidad que se puede obtener con el arte grabado y madera. Usando t\u00e9cnicas basadas en litograf\u00eda y xilograf\u00eda.<\/p>\n\n\n\n<p><strong>\u00a1Esperamos verlos por alla!<\/strong><\/p>\n\n\n\n<blockquote class=\"wp-block-quote is-layout-flow wp-block-quote-is-layout-flow\"><p><span><strong><span style=\"text-decoration: underline;\">Nueva&nbsp;Exhibici\u00f3n&nbsp;de Arte<\/span><\/strong><\/span><\/p><p><strong>Abierto:<\/strong>&nbsp;Jueves 19 de diciembre, 7:30pm<\/p><p><strong>Lugar:<\/strong>&nbsp;Galeria de Arte, Altos de Chav\u00f3n<\/p><p><strong>Contacto:&nbsp;<\/strong>(809) 523-8470<\/p><p><b>Abierto desde:<\/b>&nbsp;19 de diciembre, 2013 hasta el 20 de enero, 2014<\/p><p><strong>Horario:<\/strong>&nbsp;9:00am \u2013 6:00pm, cerrado los Wednesday<\/p><\/blockquote>\n\n\n\n<p><strong>&nbsp; Contactos:&nbsp;<\/strong>(809) 523-8470<\/p>\n\n\n\n<p><em><strong>\u00a1Esperamos verlos all\u00e1!<\/strong><\/em><\/p>\n\n\n\n<blockquote class=\"wp-block-quote is-layout-flow wp-block-quote-is-layout-flow\"><p><span style=\"text-decoration: underline;\"><strong>Sobre la Artista \u2013 Angela Occhipinti&nbsp;<\/strong><\/span><\/p><p>La artista Italiana Angela estudi\u00f3 Bellas Artes en la Academia de Florencia donde obtuvo un maestr\u00eda en Graphico y Arte Grabado con Pietro Parigi y Giuseppe Viviani. Ha sido exitosa en la producci\u00f3n y publicaci\u00f3n de libros. Present\u00f3 m\u00e1s de 92 piezas personales en galer\u00eda privadas y p\u00fablicas en museos en Italia y alrededor del mundo. Durante su carrera ha ganado numerosos reconocimientos &nbsp;y premios como el \u201cCaballero\u201d t\u00edtulo por el Gran Oficial y Comendador de la Rep\u00fablica.<\/p><\/blockquote>\n","protected":false},"excerpt":{"rendered":"<p>\u00a1No olvides! La nueva exhibici\u00f3n de arte este jueves en La Galer\u00eda Altos de Chav\u00f3n, Casa de Campo. \u201cEl Viaje, recorridos de la memoria\u201d por la artista italiana Angela Occhipinti, La interesante exhibici\u00f3n tendr\u00e1 un total de 30 piezas y todos tendr\u00e1n la oportunidad de ver y admirar el trabajo de esta maravillosa artista que [&hellip;]<\/p>\n","protected":false},"author":1097,"featured_media":239225,"comment_status":"closed","ping_status":"closed","sticky":false,"template":"","format":"standard","meta":{"newspack_ads_suppress_ads":false,"newspack_popups_has_disabled_popups":false,"newspack_sponsor_sponsorship_scope":"","newspack_sponsor_native_byline_display":"inherit","newspack_sponsor_native_category_display":"inherit","newspack_sponsor_underwriter_style":"inherit","newspack_sponsor_underwriter_placement":"inherit","_newspack_byline_active":false,"_newspack_byline":"","newspack_hide_updated_date":false,"newspack_show_updated_date":false,"newspack_content_restriction_is_exempt":false,"newspack_featured_image_position":"","newspack_post_subtitle":"","newspack_article_summary_title":"Overview:","newspack_article_summary":"","_jetpack_memberships_contains_paid_content":false,"footnotes":"","jetpack_publicize_message":"","jetpack_publicize_feature_enabled":true,"jetpack_social_post_already_shared":false,"jetpack_social_options":{"image_generator_settings":{"template":"highway","default_image_id":0,"font":"","enabled":false},"version":2},"_wpas_customize_per_network":false},"categories":[26819,26823,2524,2522,14625,14627],"tags":[8161,8094,3656],"newspack_spnsrs_tax":[],"class_list":["post-343520","post","type-post","status-publish","format-standard","has-post-thumbnail","hentry","category-altos-de-chavon-es","category-arte-y-cultura","category-destacados","category-eventos-es","category-noticias-locales","category-proximamente","tag-angela-occhipinti-es","tag-casa-de-campo-community-es","tag-galeria-de-arte-altos-de-chavon","entry"],"yoast_head":"<!-- This site is optimized with the Yoast SEO plugin v27.4 - https:\/\/yoast.com\/product\/yoast-seo-wordpress\/ -->\n<title>\u00a1Recordatorio! Exhibici\u00f3n de arte en La Galer\u00eda este jueves 19 de diciembre | Casa de Campo Living<\/title>\n<meta name=\"description\" content=\"\u00a1No olvides! La nueva exhibici\u00f3n de arte este jueves en La Galer\u00eda Altos de Chav\u00f3n, Casa de Campo. \u201cEl Viaje, recorridos de la memoria\u201d por la artista\" \/>\n<meta name=\"robots\" content=\"index, follow, max-snippet:-1, max-image-preview:large, max-video-preview:-1\" \/>\n<link rel=\"canonical\" href=\"https:\/\/casadecampoliving.com\/es\/exhibicion-de-arte-en-la-galeria\/\" \/>\n<meta property=\"og:locale\" content=\"es_ES\" \/>\n<meta property=\"og:type\" content=\"article\" \/>\n<meta property=\"og:title\" content=\"\u00a1Recordatorio! Exhibici\u00f3n de arte en La Galer\u00eda este jueves 19 de diciembre | Casa de Campo Living\" \/>\n<meta property=\"og:description\" content=\"\u00a1No olvides! La nueva exhibici\u00f3n de arte este jueves en La Galer\u00eda Altos de Chav\u00f3n, Casa de Campo. \u201cEl Viaje, recorridos de la memoria\u201d por la artista\" \/>\n<meta property=\"og:url\" content=\"https:\/\/casadecampoliving.com\/es\/exhibicion-de-arte-en-la-galeria\/\" \/>\n<meta property=\"og:site_name\" content=\"Casa de Campo Living\" \/>\n<meta property=\"article:publisher\" content=\"https:\/\/www.facebook.com\/casadecampoliving\" \/>\n<meta property=\"article:published_time\" content=\"2013-12-18T04:00:00+00:00\" \/>\n<meta property=\"article:modified_time\" content=\"2022-10-21T22:51:16+00:00\" \/>\n<meta property=\"og:image\" content=\"https:\/\/i0.wp.com\/casadecampoliving.com\/wp-content\/uploads\/2022\/10\/FOTO-ANGELA-1.jpg?fit=600%2C500&ssl=1\" \/>\n\t<meta property=\"og:image:width\" content=\"600\" \/>\n\t<meta property=\"og:image:height\" content=\"500\" \/>\n\t<meta property=\"og:image:type\" content=\"image\/jpeg\" \/>\n<meta name=\"author\" content=\"Perkin Agramonte\" \/>\n<meta name=\"twitter:card\" content=\"summary_large_image\" \/>\n<meta name=\"twitter:creator\" content=\"@cdcliving\" \/>\n<meta name=\"twitter:site\" content=\"@cdcliving\" \/>\n<meta name=\"twitter:label1\" content=\"Escrito por\" \/>\n\t<meta name=\"twitter:data1\" content=\"Perkin Agramonte\" \/>\n\t<meta name=\"twitter:label2\" content=\"Tiempo de lectura\" \/>\n\t<meta name=\"twitter:data2\" content=\"1 minuto\" \/>\n<script type=\"application\/ld+json\" class=\"yoast-schema-graph\">{\"@context\":\"https:\\\/\\\/schema.org\",\"@graph\":[{\"@type\":\"Article\",\"@id\":\"https:\\\/\\\/casadecampoliving.com\\\/es\\\/exhibicion-de-arte-en-la-galeria\\\/#article\",\"isPartOf\":{\"@id\":\"https:\\\/\\\/casadecampoliving.com\\\/es\\\/exhibicion-de-arte-en-la-galeria\\\/\"},\"author\":{\"name\":\"Perkin Agramonte\",\"@id\":\"https:\\\/\\\/casadecampoliving.com\\\/es\\\/#\\\/schema\\\/person\\\/c8efa6049510554b7d5fea078d728f72\"},\"headline\":\"\u00a1Recordatorio! Exhibici\u00f3n de arte en La Galer\u00eda este jueves 19 de diciembre\",\"datePublished\":\"2013-12-18T04:00:00+00:00\",\"dateModified\":\"2022-10-21T22:51:16+00:00\",\"mainEntityOfPage\":{\"@id\":\"https:\\\/\\\/casadecampoliving.com\\\/es\\\/exhibicion-de-arte-en-la-galeria\\\/\"},\"wordCount\":268,\"publisher\":{\"@id\":\"https:\\\/\\\/casadecampoliving.com\\\/es\\\/#organization\"},\"image\":{\"@id\":\"https:\\\/\\\/casadecampoliving.com\\\/es\\\/exhibicion-de-arte-en-la-galeria\\\/#primaryimage\"},\"thumbnailUrl\":\"https:\\\/\\\/i0.wp.com\\\/casadecampoliving.com\\\/wp-content\\\/uploads\\\/2022\\\/10\\\/FOTO-ANGELA-1.jpg?fit=600%2C500&ssl=1\",\"keywords\":[\"Angela Occhipinti @es\",\"Casa de Campo Community @es\",\"galeria de arte altos de chavon\"],\"articleSection\":[\"Altos de Chavon @es\",\"Arte y cultura\",\"Destacados\",\"Eventos\",\"Noticias Locales\",\"Proximamente\"],\"inLanguage\":\"es\"},{\"@type\":\"WebPage\",\"@id\":\"https:\\\/\\\/casadecampoliving.com\\\/es\\\/exhibicion-de-arte-en-la-galeria\\\/\",\"url\":\"https:\\\/\\\/casadecampoliving.com\\\/es\\\/exhibicion-de-arte-en-la-galeria\\\/\",\"name\":\"\u00a1Recordatorio! Exhibici\u00f3n de arte en La Galer\u00eda este jueves 19 de diciembre | Casa de Campo Living\",\"isPartOf\":{\"@id\":\"https:\\\/\\\/casadecampoliving.com\\\/es\\\/#website\"},\"primaryImageOfPage\":{\"@id\":\"https:\\\/\\\/casadecampoliving.com\\\/es\\\/exhibicion-de-arte-en-la-galeria\\\/#primaryimage\"},\"image\":{\"@id\":\"https:\\\/\\\/casadecampoliving.com\\\/es\\\/exhibicion-de-arte-en-la-galeria\\\/#primaryimage\"},\"thumbnailUrl\":\"https:\\\/\\\/i0.wp.com\\\/casadecampoliving.com\\\/wp-content\\\/uploads\\\/2022\\\/10\\\/FOTO-ANGELA-1.jpg?fit=600%2C500&ssl=1\",\"datePublished\":\"2013-12-18T04:00:00+00:00\",\"dateModified\":\"2022-10-21T22:51:16+00:00\",\"description\":\"\u00a1No olvides! La nueva exhibici\u00f3n de arte este jueves en La Galer\u00eda Altos de Chav\u00f3n, Casa de Campo. \u201cEl Viaje, recorridos de la memoria\u201d por la artista\",\"breadcrumb\":{\"@id\":\"https:\\\/\\\/casadecampoliving.com\\\/es\\\/exhibicion-de-arte-en-la-galeria\\\/#breadcrumb\"},\"inLanguage\":\"es\",\"potentialAction\":[{\"@type\":\"ReadAction\",\"target\":[\"https:\\\/\\\/casadecampoliving.com\\\/es\\\/exhibicion-de-arte-en-la-galeria\\\/\"]}]},{\"@type\":\"ImageObject\",\"inLanguage\":\"es\",\"@id\":\"https:\\\/\\\/casadecampoliving.com\\\/es\\\/exhibicion-de-arte-en-la-galeria\\\/#primaryimage\",\"url\":\"https:\\\/\\\/i0.wp.com\\\/casadecampoliving.com\\\/wp-content\\\/uploads\\\/2022\\\/10\\\/FOTO-ANGELA-1.jpg?fit=600%2C500&ssl=1\",\"contentUrl\":\"https:\\\/\\\/i0.wp.com\\\/casadecampoliving.com\\\/wp-content\\\/uploads\\\/2022\\\/10\\\/FOTO-ANGELA-1.jpg?fit=600%2C500&ssl=1\",\"width\":600,\"height\":500,\"caption\":\"Angela\"},{\"@type\":\"BreadcrumbList\",\"@id\":\"https:\\\/\\\/casadecampoliving.com\\\/es\\\/exhibicion-de-arte-en-la-galeria\\\/#breadcrumb\",\"itemListElement\":[{\"@type\":\"ListItem\",\"position\":1,\"name\":\"Home\",\"item\":\"https:\\\/\\\/casadecampoliving.com\\\/es\\\/\"},{\"@type\":\"ListItem\",\"position\":2,\"name\":\"\u00a1Recordatorio! Exhibici\u00f3n de arte en La Galer\u00eda este jueves 19 de diciembre\"}]},{\"@type\":\"WebSite\",\"@id\":\"https:\\\/\\\/casadecampoliving.com\\\/es\\\/#website\",\"url\":\"https:\\\/\\\/casadecampoliving.com\\\/es\\\/\",\"name\":\"Casa de Campo Living\",\"description\":\"Resort community news and resources.\",\"publisher\":{\"@id\":\"https:\\\/\\\/casadecampoliving.com\\\/es\\\/#organization\"},\"potentialAction\":[{\"@type\":\"SearchAction\",\"target\":{\"@type\":\"EntryPoint\",\"urlTemplate\":\"https:\\\/\\\/casadecampoliving.com\\\/es\\\/?s={search_term_string}\"},\"query-input\":{\"@type\":\"PropertyValueSpecification\",\"valueRequired\":true,\"valueName\":\"search_term_string\"}}],\"inLanguage\":\"es\"},{\"@type\":\"Organization\",\"@id\":\"https:\\\/\\\/casadecampoliving.com\\\/es\\\/#organization\",\"name\":\"Casa de Campo Living\",\"url\":\"https:\\\/\\\/casadecampoliving.com\\\/es\\\/\",\"logo\":{\"@type\":\"ImageObject\",\"inLanguage\":\"es\",\"@id\":\"https:\\\/\\\/casadecampoliving.com\\\/es\\\/#\\\/schema\\\/logo\\\/image\\\/\",\"url\":\"https:\\\/\\\/i0.wp.com\\\/casadecampoliving.com\\\/wp-content\\\/uploads\\\/2022\\\/07\\\/CDCLivingLogo_V1-white-sized.png?fit=800%2C214&ssl=1\",\"contentUrl\":\"https:\\\/\\\/i0.wp.com\\\/casadecampoliving.com\\\/wp-content\\\/uploads\\\/2022\\\/07\\\/CDCLivingLogo_V1-white-sized.png?fit=800%2C214&ssl=1\",\"width\":800,\"height\":214,\"caption\":\"Casa de Campo Living\"},\"image\":{\"@id\":\"https:\\\/\\\/casadecampoliving.com\\\/es\\\/#\\\/schema\\\/logo\\\/image\\\/\"},\"sameAs\":[\"https:\\\/\\\/www.facebook.com\\\/casadecampoliving\",\"https:\\\/\\\/x.com\\\/cdcliving\"]},{\"@type\":\"Person\",\"@id\":\"https:\\\/\\\/casadecampoliving.com\\\/es\\\/#\\\/schema\\\/person\\\/c8efa6049510554b7d5fea078d728f72\",\"name\":\"Perkin Agramonte\",\"image\":{\"@type\":\"ImageObject\",\"inLanguage\":\"es\",\"@id\":\"https:\\\/\\\/secure.gravatar.com\\\/avatar\\\/57bfdafcae55fb83dbb79a1585a9eab7f269b7720fb0b64cb9a4e0cd2962fa10?s=96&d=mm&r=g\",\"url\":\"https:\\\/\\\/secure.gravatar.com\\\/avatar\\\/57bfdafcae55fb83dbb79a1585a9eab7f269b7720fb0b64cb9a4e0cd2962fa10?s=96&d=mm&r=g\",\"contentUrl\":\"https:\\\/\\\/secure.gravatar.com\\\/avatar\\\/57bfdafcae55fb83dbb79a1585a9eab7f269b7720fb0b64cb9a4e0cd2962fa10?s=96&d=mm&r=g\",\"caption\":\"Perkin Agramonte\"},\"url\":\"https:\\\/\\\/casadecampoliving.com\\\/es\\\/author\\\/cagramonte\\\/\"}]}<\/script>\n<!-- \/ Yoast SEO plugin. -->","yoast_head_json":{"title":"\u00a1Recordatorio! Exhibici\u00f3n de arte en La Galer\u00eda este jueves 19 de diciembre | Casa de Campo Living","description":"\u00a1No olvides! La nueva exhibici\u00f3n de arte este jueves en La Galer\u00eda Altos de Chav\u00f3n, Casa de Campo. \u201cEl Viaje, recorridos de la memoria\u201d por la artista","robots":{"index":"index","follow":"follow","max-snippet":"max-snippet:-1","max-image-preview":"max-image-preview:large","max-video-preview":"max-video-preview:-1"},"canonical":"https:\/\/casadecampoliving.com\/es\/exhibicion-de-arte-en-la-galeria\/","og_locale":"es_ES","og_type":"article","og_title":"\u00a1Recordatorio! Exhibici\u00f3n de arte en La Galer\u00eda este jueves 19 de diciembre | Casa de Campo Living","og_description":"\u00a1No olvides! La nueva exhibici\u00f3n de arte este jueves en La Galer\u00eda Altos de Chav\u00f3n, Casa de Campo. \u201cEl Viaje, recorridos de la memoria\u201d por la artista","og_url":"https:\/\/casadecampoliving.com\/es\/exhibicion-de-arte-en-la-galeria\/","og_site_name":"Casa de Campo Living","article_publisher":"https:\/\/www.facebook.com\/casadecampoliving","article_published_time":"2013-12-18T04:00:00+00:00","article_modified_time":"2022-10-21T22:51:16+00:00","og_image":[{"width":600,"height":500,"url":"https:\/\/i0.wp.com\/casadecampoliving.com\/wp-content\/uploads\/2022\/10\/FOTO-ANGELA-1.jpg?fit=600%2C500&ssl=1","type":"image\/jpeg"}],"author":"Perkin Agramonte","twitter_card":"summary_large_image","twitter_creator":"@cdcliving","twitter_site":"@cdcliving","twitter_misc":{"Escrito por":"Perkin Agramonte","Tiempo de lectura":"1 minuto"},"schema":{"@context":"https:\/\/schema.org","@graph":[{"@type":"Article","@id":"https:\/\/casadecampoliving.com\/es\/exhibicion-de-arte-en-la-galeria\/#article","isPartOf":{"@id":"https:\/\/casadecampoliving.com\/es\/exhibicion-de-arte-en-la-galeria\/"},"author":{"name":"Perkin Agramonte","@id":"https:\/\/casadecampoliving.com\/es\/#\/schema\/person\/c8efa6049510554b7d5fea078d728f72"},"headline":"\u00a1Recordatorio! Exhibici\u00f3n de arte en La Galer\u00eda este jueves 19 de diciembre","datePublished":"2013-12-18T04:00:00+00:00","dateModified":"2022-10-21T22:51:16+00:00","mainEntityOfPage":{"@id":"https:\/\/casadecampoliving.com\/es\/exhibicion-de-arte-en-la-galeria\/"},"wordCount":268,"publisher":{"@id":"https:\/\/casadecampoliving.com\/es\/#organization"},"image":{"@id":"https:\/\/casadecampoliving.com\/es\/exhibicion-de-arte-en-la-galeria\/#primaryimage"},"thumbnailUrl":"https:\/\/i0.wp.com\/casadecampoliving.com\/wp-content\/uploads\/2022\/10\/FOTO-ANGELA-1.jpg?fit=600%2C500&ssl=1","keywords":["Angela Occhipinti @es","Casa de Campo Community @es","galeria de arte altos de chavon"],"articleSection":["Altos de Chavon @es","Arte y cultura","Destacados","Eventos","Noticias Locales","Proximamente"],"inLanguage":"es"},{"@type":"WebPage","@id":"https:\/\/casadecampoliving.com\/es\/exhibicion-de-arte-en-la-galeria\/","url":"https:\/\/casadecampoliving.com\/es\/exhibicion-de-arte-en-la-galeria\/","name":"\u00a1Recordatorio! Exhibici\u00f3n de arte en La Galer\u00eda este jueves 19 de diciembre | Casa de Campo Living","isPartOf":{"@id":"https:\/\/casadecampoliving.com\/es\/#website"},"primaryImageOfPage":{"@id":"https:\/\/casadecampoliving.com\/es\/exhibicion-de-arte-en-la-galeria\/#primaryimage"},"image":{"@id":"https:\/\/casadecampoliving.com\/es\/exhibicion-de-arte-en-la-galeria\/#primaryimage"},"thumbnailUrl":"https:\/\/i0.wp.com\/casadecampoliving.com\/wp-content\/uploads\/2022\/10\/FOTO-ANGELA-1.jpg?fit=600%2C500&ssl=1","datePublished":"2013-12-18T04:00:00+00:00","dateModified":"2022-10-21T22:51:16+00:00","description":"\u00a1No olvides! La nueva exhibici\u00f3n de arte este jueves en La Galer\u00eda Altos de Chav\u00f3n, Casa de Campo. \u201cEl Viaje, recorridos de la memoria\u201d por la artista","breadcrumb":{"@id":"https:\/\/casadecampoliving.com\/es\/exhibicion-de-arte-en-la-galeria\/#breadcrumb"},"inLanguage":"es","potentialAction":[{"@type":"ReadAction","target":["https:\/\/casadecampoliving.com\/es\/exhibicion-de-arte-en-la-galeria\/"]}]},{"@type":"ImageObject","inLanguage":"es","@id":"https:\/\/casadecampoliving.com\/es\/exhibicion-de-arte-en-la-galeria\/#primaryimage","url":"https:\/\/i0.wp.com\/casadecampoliving.com\/wp-content\/uploads\/2022\/10\/FOTO-ANGELA-1.jpg?fit=600%2C500&ssl=1","contentUrl":"https:\/\/i0.wp.com\/casadecampoliving.com\/wp-content\/uploads\/2022\/10\/FOTO-ANGELA-1.jpg?fit=600%2C500&ssl=1","width":600,"height":500,"caption":"Angela"},{"@type":"BreadcrumbList","@id":"https:\/\/casadecampoliving.com\/es\/exhibicion-de-arte-en-la-galeria\/#breadcrumb","itemListElement":[{"@type":"ListItem","position":1,"name":"Home","item":"https:\/\/casadecampoliving.com\/es\/"},{"@type":"ListItem","position":2,"name":"\u00a1Recordatorio! Exhibici\u00f3n de arte en La Galer\u00eda este jueves 19 de diciembre"}]},{"@type":"WebSite","@id":"https:\/\/casadecampoliving.com\/es\/#website","url":"https:\/\/casadecampoliving.com\/es\/","name":"Casa de Campo Living","description":"Resort community news and resources.","publisher":{"@id":"https:\/\/casadecampoliving.com\/es\/#organization"},"potentialAction":[{"@type":"SearchAction","target":{"@type":"EntryPoint","urlTemplate":"https:\/\/casadecampoliving.com\/es\/?s={search_term_string}"},"query-input":{"@type":"PropertyValueSpecification","valueRequired":true,"valueName":"search_term_string"}}],"inLanguage":"es"},{"@type":"Organization","@id":"https:\/\/casadecampoliving.com\/es\/#organization","name":"Casa de Campo Living","url":"https:\/\/casadecampoliving.com\/es\/","logo":{"@type":"ImageObject","inLanguage":"es","@id":"https:\/\/casadecampoliving.com\/es\/#\/schema\/logo\/image\/","url":"https:\/\/i0.wp.com\/casadecampoliving.com\/wp-content\/uploads\/2022\/07\/CDCLivingLogo_V1-white-sized.png?fit=800%2C214&ssl=1","contentUrl":"https:\/\/i0.wp.com\/casadecampoliving.com\/wp-content\/uploads\/2022\/07\/CDCLivingLogo_V1-white-sized.png?fit=800%2C214&ssl=1","width":800,"height":214,"caption":"Casa de Campo Living"},"image":{"@id":"https:\/\/casadecampoliving.com\/es\/#\/schema\/logo\/image\/"},"sameAs":["https:\/\/www.facebook.com\/casadecampoliving","https:\/\/x.com\/cdcliving"]},{"@type":"Person","@id":"https:\/\/casadecampoliving.com\/es\/#\/schema\/person\/c8efa6049510554b7d5fea078d728f72","name":"Perkin Agramonte","image":{"@type":"ImageObject","inLanguage":"es","@id":"https:\/\/secure.gravatar.com\/avatar\/57bfdafcae55fb83dbb79a1585a9eab7f269b7720fb0b64cb9a4e0cd2962fa10?s=96&d=mm&r=g","url":"https:\/\/secure.gravatar.com\/avatar\/57bfdafcae55fb83dbb79a1585a9eab7f269b7720fb0b64cb9a4e0cd2962fa10?s=96&d=mm&r=g","contentUrl":"https:\/\/secure.gravatar.com\/avatar\/57bfdafcae55fb83dbb79a1585a9eab7f269b7720fb0b64cb9a4e0cd2962fa10?s=96&d=mm&r=g","caption":"Perkin Agramonte"},"url":"https:\/\/casadecampoliving.com\/es\/author\/cagramonte\/"}]}},"parsely":{"version":"1.1.0","canonical_url":"https:\/\/casadecampoliving.com\/es\/exhibicion-de-arte-en-la-galeria\/","smart_links":{"inbound":0,"outbound":0},"traffic_boost_suggestions_count":0,"meta":{"@context":"https:\/\/schema.org","@type":"NewsArticle","headline":"\u00a1Recordatorio! Exhibici\u00f3n de arte en La Galer\u00eda este jueves 19 de diciembre","url":"http:\/\/casadecampoliving.com\/es\/exhibicion-de-arte-en-la-galeria\/","mainEntityOfPage":{"@type":"WebPage","@id":"http:\/\/casadecampoliving.com\/es\/exhibicion-de-arte-en-la-galeria\/"},"thumbnailUrl":"https:\/\/i0.wp.com\/casadecampoliving.com\/wp-content\/uploads\/2022\/10\/FOTO-ANGELA-1.jpg?resize=150%2C150&ssl=1","image":{"@type":"ImageObject","url":"https:\/\/i0.wp.com\/casadecampoliving.com\/wp-content\/uploads\/2022\/10\/FOTO-ANGELA-1.jpg?fit=600%2C500&ssl=1"},"articleSection":"Altos de Chavon @es","author":[{"@type":"Person","name":"Perkin Agramonte"}],"creator":["Perkin Agramonte"],"publisher":{"@type":"Organization","name":"Casa de Campo Living","logo":"https:\/\/casadecampoliving.com\/wp-content\/uploads\/2022\/07\/CDCLivingLogo_V1-white-sized.png"},"keywords":["angela occhipinti @es","casa de campo community @es","galeria de arte altos de chavon"],"dateCreated":"2013-12-18T04:00:00Z","datePublished":"2013-12-18T04:00:00Z","dateModified":"2022-10-21T22:51:16Z"},"rendered":"<script type=\"application\/ld+json\" class=\"wp-parsely-metadata\">{\"@context\":\"https:\\\/\\\/schema.org\",\"@type\":\"NewsArticle\",\"headline\":\"\\u00a1Recordatorio! Exhibici\\u00f3n de arte en La Galer\\u00eda este jueves 19 de diciembre\",\"url\":\"http:\\\/\\\/casadecampoliving.com\\\/es\\\/exhibicion-de-arte-en-la-galeria\\\/\",\"mainEntityOfPage\":{\"@type\":\"WebPage\",\"@id\":\"http:\\\/\\\/casadecampoliving.com\\\/es\\\/exhibicion-de-arte-en-la-galeria\\\/\"},\"thumbnailUrl\":\"https:\\\/\\\/i0.wp.com\\\/casadecampoliving.com\\\/wp-content\\\/uploads\\\/2022\\\/10\\\/FOTO-ANGELA-1.jpg?resize=150%2C150&ssl=1\",\"image\":{\"@type\":\"ImageObject\",\"url\":\"https:\\\/\\\/i0.wp.com\\\/casadecampoliving.com\\\/wp-content\\\/uploads\\\/2022\\\/10\\\/FOTO-ANGELA-1.jpg?fit=600%2C500&ssl=1\"},\"articleSection\":\"Altos de Chavon @es\",\"author\":[{\"@type\":\"Person\",\"name\":\"Perkin Agramonte\"}],\"creator\":[\"Perkin Agramonte\"],\"publisher\":{\"@type\":\"Organization\",\"name\":\"Casa de Campo Living\",\"logo\":\"https:\\\/\\\/casadecampoliving.com\\\/wp-content\\\/uploads\\\/2022\\\/07\\\/CDCLivingLogo_V1-white-sized.png\"},\"keywords\":[\"angela occhipinti @es\",\"casa de campo community @es\",\"galeria de arte altos de chavon\"],\"dateCreated\":\"2013-12-18T04:00:00Z\",\"datePublished\":\"2013-12-18T04:00:00Z\",\"dateModified\":\"2022-10-21T22:51:16Z\"}<\/script>","tracker_url":"https:\/\/cdn.parsely.com\/keys\/casadecampoliving.com\/p.js"},"jetpack_publicize_connections":[],"jetpack_featured_media_url":"https:\/\/i0.wp.com\/casadecampoliving.com\/wp-content\/uploads\/2022\/10\/FOTO-ANGELA-1.jpg?fit=600%2C500&ssl=1","jetpack-related-posts":[{"id":343365,"url":"https:\/\/casadecampoliving.com\/es\/el-viaje-recorridos-de-memoria-por-angela-occhipinti\/","url_meta":{"origin":343520,"position":0},"title":"\u00abEl Viaje, recorridos de memoria\u00bb por Angela Occhipinti","author":"Genesis Perdomo","date":"29 Nov, 2013","format":false,"excerpt":"La Galer\u00eda de Altos de Chav\u00f3n presenta la nueva exhibici\u00f3n de arte \u201cEl Viaje, recorridos, de la memoria\u201d por Angela Ochipinti desde el 19 de diciembre, 2013 hasta el 20 de enero, 2014. El c\u00f3ctel de inauguraci\u00f3n ser\u00e1 el jueves 19 de diciembre y usted est\u00e1 cordialmente invitado a unirse\u2026","rel":"","context":"En \u00abAltos de Chavon @es\u00bb","block_context":{"text":"Altos de Chavon @es","link":"https:\/\/casadecampoliving.com\/category\/altos-de-chavon-es\/"},"img":{"alt_text":"Angela","src":"https:\/\/i0.wp.com\/casadecampoliving.com\/wp-content\/uploads\/2022\/10\/FOTO-ANGELA-1.jpg?fit=600%2C500&ssl=1&resize=350%2C200","width":350,"height":200,"srcset":"https:\/\/i0.wp.com\/casadecampoliving.com\/wp-content\/uploads\/2022\/10\/FOTO-ANGELA-1.jpg?fit=600%2C500&ssl=1&resize=350%2C200 1x, https:\/\/i0.wp.com\/casadecampoliving.com\/wp-content\/uploads\/2022\/10\/FOTO-ANGELA-1.jpg?fit=600%2C500&ssl=1&resize=525%2C300 1.5x"},"classes":[]},{"id":343560,"url":"https:\/\/casadecampoliving.com\/es\/exhibicion-de-arte-por-angela-occhipinti\/","url_meta":{"origin":343520,"position":1},"title":"Una fabulosa exhibici\u00f3n de arte por \u00c1ngela Occhipinti","author":"Perkin Agramonte","date":"23 Dic, 2013","format":false,"excerpt":"La pasada noche del jueves 19 de diciembre, Casa de Campo celebr\u00f3 la inauguraci\u00f3n de una impresionante exhibici\u00f3n de arte en la Galer\u00eda Altos de Chav\u00f3n por artista italiana Angela Occhipinti. \" El Viaje, recorridos de la memoria\" tuvo un total de 30 piezas de arte, que las personas admiraron\u2026","rel":"","context":"En \u00abAltos de Chavon @es\u00bb","block_context":{"text":"Altos de Chavon @es","link":"https:\/\/casadecampoliving.com\/category\/altos-de-chavon-es\/"},"img":{"alt_text":"Angela Occhipinti","src":"https:\/\/i0.wp.com\/casadecampoliving.com\/wp-content\/uploads\/2022\/10\/angela_occhipinti-3.jpg?fit=650%2C389&ssl=1&resize=350%2C200","width":350,"height":200,"srcset":"https:\/\/i0.wp.com\/casadecampoliving.com\/wp-content\/uploads\/2022\/10\/angela_occhipinti-3.jpg?fit=650%2C389&ssl=1&resize=350%2C200 1x, https:\/\/i0.wp.com\/casadecampoliving.com\/wp-content\/uploads\/2022\/10\/angela_occhipinti-3.jpg?fit=650%2C389&ssl=1&resize=525%2C300 1.5x"},"classes":[]},{"id":349061,"url":"https:\/\/casadecampoliving.com\/es\/coctel-de-apertura-exposicion-angela-occhipinti-en-galeria-chavon\/","url_meta":{"origin":343520,"position":2},"title":"C\u00f3ctel de Apertura Exposici\u00f3n Angela Occhipinti en Galer\u00eda Chav\u00f3n","author":"Marlenys Guzm\u00e1n Casta\u00f1os","date":"25 Ene, 2016","format":false,"excerpt":"El viernes 15 de enero, la Galer\u00eda de Arte \u00a0Altos de Chav\u00f3n se llev\u00f3 a cabo un c\u00f3ctel de apertura para presentar su nueva exposici\u00f3n \"Formas de la Luz\" por la prestigiosa artista, Angela Occhipinti. Angela Occhipinti es un miembro de la comunidad de Casa de Campo; en 2013 present\u00f3\u2026","rel":"","context":"En \u00abAltos de Chavon @es\u00bb","block_context":{"text":"Altos de Chavon @es","link":"https:\/\/casadecampoliving.com\/category\/altos-de-chavon-es\/"},"img":{"alt_text":"Angela Occhipinti Exhibition","src":"https:\/\/i0.wp.com\/casadecampoliving.com\/wp-content\/uploads\/2022\/10\/Angela-Occhipinti-Exhibition4-e1453738267899-1.jpg?fit=650%2C482&ssl=1&resize=350%2C200","width":350,"height":200,"srcset":"https:\/\/i0.wp.com\/casadecampoliving.com\/wp-content\/uploads\/2022\/10\/Angela-Occhipinti-Exhibition4-e1453738267899-1.jpg?fit=650%2C482&ssl=1&resize=350%2C200 1x, https:\/\/i0.wp.com\/casadecampoliving.com\/wp-content\/uploads\/2022\/10\/Angela-Occhipinti-Exhibition4-e1453738267899-1.jpg?fit=650%2C482&ssl=1&resize=525%2C300 1.5x"},"classes":[]},{"id":348985,"url":"https:\/\/casadecampoliving.com\/es\/formas-de-luz-angela-occhipinti-altos-de-chavon\/","url_meta":{"origin":343520,"position":3},"title":"\u00abFormas de Luz\u00bb por Angela Occhipinti en Altos de Chav\u00f3n","author":"Heather Lincoln","date":"12 Ene, 2016","format":false,"excerpt":"Este viernes 15 de enero, a las 7:30pm, te invitamos a la extraordinaria exhibici\u00f3n de la aclamada artista italiana,\u00a0Angela Occhipinti.\u00a0La Fundaci\u00f3n Centro Cultural Altos de Chav\u00f3n, inaugurar\u00e1 la exposici\u00f3n \u2018\u2019Formas de Luz, m\u00e1s all\u00e1 del cielo las curvas del coraz\u00f3n\u2019\u2019 en la Galer\u00eda Principal. Occhipinti estudi\u00f3 pintura en la academia\u2026","rel":"","context":"En \u00abAltos de Chavon @es\u00bb","block_context":{"text":"Altos de Chavon @es","link":"https:\/\/casadecampoliving.com\/category\/altos-de-chavon-es\/"},"img":{"alt_text":"","src":"https:\/\/i0.wp.com\/casadecampoliving.com\/wp-content\/uploads\/2022\/10\/Formas-de-Luz.jpg?fit=650%2C400&ssl=1&resize=350%2C200","width":350,"height":200,"srcset":"https:\/\/i0.wp.com\/casadecampoliving.com\/wp-content\/uploads\/2022\/10\/Formas-de-Luz.jpg?fit=650%2C400&ssl=1&resize=350%2C200 1x, https:\/\/i0.wp.com\/casadecampoliving.com\/wp-content\/uploads\/2022\/10\/Formas-de-Luz.jpg?fit=650%2C400&ssl=1&resize=525%2C300 1.5x"},"classes":[]},{"id":343662,"url":"https:\/\/casadecampoliving.com\/es\/una-noche-fabulosa-con-mignon-bellini-en-honor-angela-occhipinti\/","url_meta":{"origin":343520,"position":4},"title":"Una noche fabulosa con Mignon Bellini en honor a Angela Occhipinti","author":"Genesis Perdomo","date":"8 Ene, 2014","format":false,"excerpt":"En el medio del festivo mes de diciembre, los propietarios de villas de Casa de Campo y nuestra adorada miembro de la comunidad, Mignon Bellini organiz\u00f3 una cena en honor a su amiga Angela Occhipinti, una artista Italiana. Angela de Perugia, Italia es la actual artista exhibiendo su trabajo en\u2026","rel":"","context":"En \u00abVida Nocturna\u00bb","block_context":{"text":"Vida Nocturna","link":"https:\/\/casadecampoliving.com\/es\/category\/vida-nocturna-es\/"},"img":{"alt_text":"Angel Occhipinti and Mignon Bellini","src":"https:\/\/i0.wp.com\/casadecampoliving.com\/wp-content\/uploads\/2022\/10\/angela_occhipinti_mignon_bellini-1.jpg?fit=650%2C433&ssl=1&resize=350%2C200","width":350,"height":200,"srcset":"https:\/\/i0.wp.com\/casadecampoliving.com\/wp-content\/uploads\/2022\/10\/angela_occhipinti_mignon_bellini-1.jpg?fit=650%2C433&ssl=1&resize=350%2C200 1x, https:\/\/i0.wp.com\/casadecampoliving.com\/wp-content\/uploads\/2022\/10\/angela_occhipinti_mignon_bellini-1.jpg?fit=650%2C433&ssl=1&resize=525%2C300 1.5x"},"classes":[]},{"id":433460,"url":"https:\/\/casadecampoliving.com\/es\/no-se-pierdan-el-increible-tributo-a-frank-sinatra-para-celebrar-el-40-aniversario-del-anfiteatro-altos-de-chavon\/","url_meta":{"origin":343520,"position":5},"title":"No se pierdan el incre\u00edble tributo a Frank Sinatra para celebrar el 40 aniversario del\u00a0Anfiteatro Altos de Chav\u00f3n","author":"Casa de Campo Living","date":"20 Oct, 2022","format":false,"excerpt":"Siendo uno de los escenarios m\u00e1s emblem\u00e1ticos del pa\u00eds, Casa de Campo Resort\u00ae & Villas celebra las cuatro d\u00e9cadas de aniversario de Altos de Chav\u00f3n con un tributo al gran Frank Sinatra, protagonizado por artistas invitados y una big band tal cual la que acompa\u00f1\u00f3 al artista hace 40 a\u00f1os\u2026","rel":"","context":"En \u00abUncategorized @es\u00bb","block_context":{"text":"Uncategorized @es","link":"https:\/\/casadecampoliving.com\/es\/category\/uncategorized-es\/"},"img":{"alt_text":"","src":"https:\/\/i0.wp.com\/casadecampoliving.com\/wp-content\/uploads\/2022\/10\/Tributo-Frank-Sinatra-Foto-Principal-Amaury-Sanchez-Danilo-Ginebra-Andres-Pichardo-y-Jose-Gabriel-Perez-.jpg?fit=1200%2C873&ssl=1&resize=350%2C200","width":350,"height":200,"srcset":"https:\/\/i0.wp.com\/casadecampoliving.com\/wp-content\/uploads\/2022\/10\/Tributo-Frank-Sinatra-Foto-Principal-Amaury-Sanchez-Danilo-Ginebra-Andres-Pichardo-y-Jose-Gabriel-Perez-.jpg?fit=1200%2C873&ssl=1&resize=350%2C200 1x, https:\/\/i0.wp.com\/casadecampoliving.com\/wp-content\/uploads\/2022\/10\/Tributo-Frank-Sinatra-Foto-Principal-Amaury-Sanchez-Danilo-Ginebra-Andres-Pichardo-y-Jose-Gabriel-Perez-.jpg?fit=1200%2C873&ssl=1&resize=525%2C300 1.5x, https:\/\/i0.wp.com\/casadecampoliving.com\/wp-content\/uploads\/2022\/10\/Tributo-Frank-Sinatra-Foto-Principal-Amaury-Sanchez-Danilo-Ginebra-Andres-Pichardo-y-Jose-Gabriel-Perez-.jpg?fit=1200%2C873&ssl=1&resize=700%2C400 2x, https:\/\/i0.wp.com\/casadecampoliving.com\/wp-content\/uploads\/2022\/10\/Tributo-Frank-Sinatra-Foto-Principal-Amaury-Sanchez-Danilo-Ginebra-Andres-Pichardo-y-Jose-Gabriel-Perez-.jpg?fit=1200%2C873&ssl=1&resize=1050%2C600 3x"},"classes":[]}],"jetpack_sharing_enabled":true,"_links":{"self":[{"href":"https:\/\/casadecampoliving.com\/es\/wp-json\/wp\/v2\/posts\/343520","targetHints":{"allow":["GET"]}}],"collection":[{"href":"https:\/\/casadecampoliving.com\/es\/wp-json\/wp\/v2\/posts"}],"about":[{"href":"https:\/\/casadecampoliving.com\/es\/wp-json\/wp\/v2\/types\/post"}],"author":[{"embeddable":true,"href":"https:\/\/casadecampoliving.com\/es\/wp-json\/wp\/v2\/users\/1097"}],"replies":[{"embeddable":true,"href":"https:\/\/casadecampoliving.com\/es\/wp-json\/wp\/v2\/comments?post=343520"}],"version-history":[{"count":1,"href":"https:\/\/casadecampoliving.com\/es\/wp-json\/wp\/v2\/posts\/343520\/revisions"}],"predecessor-version":[{"id":343521,"href":"https:\/\/casadecampoliving.com\/es\/wp-json\/wp\/v2\/posts\/343520\/revisions\/343521"}],"wp:featuredmedia":[{"embeddable":true,"href":"https:\/\/casadecampoliving.com\/es\/wp-json\/wp\/v2\/media\/239225"}],"wp:attachment":[{"href":"https:\/\/casadecampoliving.com\/es\/wp-json\/wp\/v2\/media?parent=343520"}],"wp:term":[{"taxonomy":"category","embeddable":true,"href":"https:\/\/casadecampoliving.com\/es\/wp-json\/wp\/v2\/categories?post=343520"},{"taxonomy":"post_tag","embeddable":true,"href":"https:\/\/casadecampoliving.com\/es\/wp-json\/wp\/v2\/tags?post=343520"},{"taxonomy":"newspack_spnsrs_tax","embeddable":true,"href":"https:\/\/casadecampoliving.com\/es\/wp-json\/wp\/v2\/newspack_spnsrs_tax?post=343520"}],"curies":[{"name":"wp","href":"https:\/\/api.w.org\/{rel}","templated":true}]}}