{"id":343492,"date":"2013-12-16T00:00:00","date_gmt":"2013-12-16T04:00:00","guid":{"rendered":"https:\/\/casadecampoliving.com\/nueva-tienda-del-hogar-del-nino\/"},"modified":"2022-10-21T18:50:23","modified_gmt":"2022-10-21T22:50:23","slug":"nueva-tienda-del-hogar-del-nino","status":"publish","type":"post","link":"https:\/\/casadecampoliving.com\/es\/nueva-tienda-del-hogar-del-nino\/","title":{"rendered":"Inauguran nueva tienda del Hogar del Ni\u00f1o en Altos de Chav\u00f3n"},"content":{"rendered":"<div class=\"wp-block-image\">\n<figure class=\"aligncenter is-resized\"><img loading=\"lazy\" decoding=\"async\" src=\"https:\/\/i0.wp.com\/casadecampoliving.com\/wp-content\/uploads\/2022\/10\/plates.jpg?resize=650%2C433&amp;ssl=1\" alt=\"plates\" class=\"wp-image-83011\" height=\"433\" width=\"650\"\/><\/figure>\n<\/div>\n\n\n<p>\u00a1Hogar del Ni\u00f1o acaba de abrir una nueva tienda en Altos de Chav\u00f3n!<\/p>\n\n\n\n<!--more-->\n\n\n<div class=\"wp-block-image\">\n<figure class=\"alignright is-resized\"><img loading=\"lazy\" decoding=\"async\" src=\"https:\/\/i0.wp.com\/casadecampoliving.com\/wp-content\/uploads\/2022\/10\/homeware_store.jpg?resize=300%2C278&amp;ssl=1\" alt=\"homeware store\" class=\"wp-image-83013\" height=\"278\" width=\"300\"\/><\/figure>\n<\/div>\n\n\n<p>La interesante y artesanal tienda abri\u00f3 sus puertas, cerca de la nueva <a href=\"https:\/\/casadecampoliving.com\/es\/kiwi-outlet-altos-de-chavon-2\/\">Kiwi St Tropez store \u201cKIWI Outlet\u201d<\/a>&nbsp;en Altos de Chav\u00f3n.<\/p>\n\n\n\n<p>En la tienda encontrar\u00e1 l\u00e1mparas decorativas, cuadros artesanales y muchos m\u00e1s accesorios como platos decorativos e incluso hasta muebles. \u00a1Fabulosas opciones para decorar su hogar o para regalar en Navidad!<\/p>\n\n\n\n<p>\u00a1Y lo mejor de todo! Todos los beneficios obtenidos por esta nueva tienda llamada \u201cHogar\u201d, ser\u00e1n 100% destinados a la escuela y guarder\u00eda Hogar del Ni\u00f1o, \u00a1No te resistas, compra por una buena causa!<\/p>\n\n\n<div class=\"wp-block-image\">\n<figure class=\"aligncenter is-resized\"><img loading=\"lazy\" decoding=\"async\" src=\"https:\/\/i0.wp.com\/casadecampoliving.com\/wp-content\/uploads\/2022\/10\/budhas.jpg?resize=650%2C433&amp;ssl=1\" alt=\"budhas\" class=\"wp-image-83012\" height=\"433\" width=\"650\"\/><\/figure>\n<\/div>\n\n\n<p><em>\u00bfQu\u00e9 esperas? Ven y visita &nbsp;la nueva tienda \u201cHogar\u201d por Hogar del Ni\u00f1o y al mismo tiempo puedes echarle un vistazo a la tienda <a href=\"https:\/\/casadecampoliving.com\/es\/kiwi-outlet-altos-de-chavon-2\/\">KIWI OUTLET<\/a><\/em><\/p>\n\n\n\n<blockquote class=\"wp-block-quote is-layout-flow wp-block-quote-is-layout-flow\"><p><span style=\"text-decoration: underline;\"><strong>La Tienda Hogar en Altos de Chav\u00f3n<\/strong><\/span><\/p><p><strong>\u00bfD\u00f3nde?:<\/strong> Altos de Chav\u00f3n, cerca de la nueva <a href=\"https:\/\/casadecampoliving.com\/es\/kiwi-outlet-altos-de-chavon-2\/\">KIWI OUTLET<\/a><\/p><p><strong>Abierto:<\/strong> Lunes a Viernes, 8am-6pm<\/p><p><strong>Contactos:<\/strong> (809) 556-3181\/ (809) 523-8901 y fax (809) 550-9661, info@pbo.org.do<\/p><\/blockquote>\n","protected":false},"excerpt":{"rendered":"<p>\u00a1Hogar del Ni\u00f1o acaba de abrir una nueva tienda en Altos de Chav\u00f3n!<\/p>\n","protected":false},"author":1097,"featured_media":246667,"comment_status":"closed","ping_status":"closed","sticky":false,"template":"","format":"standard","meta":{"newspack_ads_suppress_ads":false,"newspack_popups_has_disabled_popups":false,"newspack_sponsor_sponsorship_scope":"","newspack_sponsor_native_byline_display":"inherit","newspack_sponsor_native_category_display":"inherit","newspack_sponsor_underwriter_style":"inherit","newspack_sponsor_underwriter_placement":"inherit","_newspack_byline_active":false,"_newspack_byline":"","newspack_hide_updated_date":false,"newspack_show_updated_date":false,"newspack_content_restriction_is_exempt":false,"newspack_featured_image_position":"","newspack_post_subtitle":"","newspack_article_summary_title":"Overview:","newspack_article_summary":"","_jetpack_memberships_contains_paid_content":false,"footnotes":"","jetpack_publicize_message":"","jetpack_publicize_feature_enabled":true,"jetpack_social_post_already_shared":false,"jetpack_social_options":{"image_generator_settings":{"template":"highway","default_image_id":0,"font":"","enabled":false},"version":2},"_wpas_customize_per_network":false},"categories":[26819,26823,2524,2522,2514,2516,14625,14627],"tags":[15387,8094,4484,14876],"newspack_spnsrs_tax":[],"class_list":["post-343492","post","type-post","status-publish","format-standard","has-post-thumbnail","hentry","category-altos-de-chavon-es","category-arte-y-cultura","category-destacados","category-eventos-es","category-fundaciones-es","category-hogar-del-nino-es","category-noticias-locales","category-proximamente","tag-altos-de-chavon-es","tag-casa-de-campo-community-es","tag-el-hogar-del-nino","tag-hogar-del-nino-es","entry"],"yoast_head":"<!-- This site is optimized with the Yoast SEO plugin v27.5 - https:\/\/yoast.com\/product\/yoast-seo-wordpress\/ -->\n<title>Inauguran nueva tienda del Hogar del Ni\u00f1o en Altos de Chav\u00f3n | Casa de Campo Living<\/title>\n<meta name=\"description\" content=\"\u00a1Hogar del Ni\u00f1o acaba de abrir una nueva tienda en Altos de Chav\u00f3n! La interesante y artesanal tienda abri\u00f3 sus puertas, cerca de la nueva Kiwi St Tropez\" \/>\n<meta name=\"robots\" content=\"index, follow, max-snippet:-1, max-image-preview:large, max-video-preview:-1\" \/>\n<link rel=\"canonical\" href=\"https:\/\/casadecampoliving.com\/es\/nueva-tienda-del-hogar-del-nino\/\" \/>\n<meta property=\"og:locale\" content=\"es_ES\" \/>\n<meta property=\"og:type\" content=\"article\" \/>\n<meta property=\"og:title\" content=\"Inauguran nueva tienda del Hogar del Ni\u00f1o en Altos de Chav\u00f3n | Casa de Campo Living\" \/>\n<meta property=\"og:description\" content=\"\u00a1Hogar del Ni\u00f1o acaba de abrir una nueva tienda en Altos de Chav\u00f3n! La interesante y artesanal tienda abri\u00f3 sus puertas, cerca de la nueva Kiwi St Tropez\" \/>\n<meta property=\"og:url\" content=\"https:\/\/casadecampoliving.com\/es\/nueva-tienda-del-hogar-del-nino\/\" \/>\n<meta property=\"og:site_name\" content=\"Casa de Campo Living\" \/>\n<meta property=\"article:publisher\" content=\"https:\/\/www.facebook.com\/casadecampoliving\" \/>\n<meta property=\"article:published_time\" content=\"2013-12-16T04:00:00+00:00\" \/>\n<meta property=\"article:modified_time\" content=\"2022-10-21T22:50:23+00:00\" \/>\n<meta property=\"og:image\" content=\"https:\/\/i0.wp.com\/casadecampoliving.com\/wp-content\/uploads\/2022\/10\/homeware_store-1.jpg?fit=300%2C278&ssl=1\" \/>\n\t<meta property=\"og:image:width\" content=\"300\" \/>\n\t<meta property=\"og:image:height\" content=\"278\" \/>\n\t<meta property=\"og:image:type\" content=\"image\/jpeg\" \/>\n<meta name=\"author\" content=\"Perkin Agramonte\" \/>\n<meta name=\"twitter:card\" content=\"summary_large_image\" \/>\n<meta name=\"twitter:creator\" content=\"@cdcliving\" \/>\n<meta name=\"twitter:site\" content=\"@cdcliving\" \/>\n<meta name=\"twitter:label1\" content=\"Escrito por\" \/>\n\t<meta name=\"twitter:data1\" content=\"Perkin Agramonte\" \/>\n\t<meta name=\"twitter:label2\" content=\"Tiempo de lectura\" \/>\n\t<meta name=\"twitter:data2\" content=\"1 minuto\" \/>\n<script type=\"application\/ld+json\" class=\"yoast-schema-graph\">{\"@context\":\"https:\\\/\\\/schema.org\",\"@graph\":[{\"@type\":\"Article\",\"@id\":\"https:\\\/\\\/casadecampoliving.com\\\/es\\\/nueva-tienda-del-hogar-del-nino\\\/#article\",\"isPartOf\":{\"@id\":\"https:\\\/\\\/casadecampoliving.com\\\/es\\\/nueva-tienda-del-hogar-del-nino\\\/\"},\"author\":{\"name\":\"Perkin Agramonte\",\"@id\":\"https:\\\/\\\/casadecampoliving.com\\\/es\\\/#\\\/schema\\\/person\\\/c8efa6049510554b7d5fea078d728f72\"},\"headline\":\"Inauguran nueva tienda del Hogar del Ni\u00f1o en Altos de Chav\u00f3n\",\"datePublished\":\"2013-12-16T04:00:00+00:00\",\"dateModified\":\"2022-10-21T22:50:23+00:00\",\"mainEntityOfPage\":{\"@id\":\"https:\\\/\\\/casadecampoliving.com\\\/es\\\/nueva-tienda-del-hogar-del-nino\\\/\"},\"wordCount\":184,\"publisher\":{\"@id\":\"https:\\\/\\\/casadecampoliving.com\\\/es\\\/#organization\"},\"image\":{\"@id\":\"https:\\\/\\\/casadecampoliving.com\\\/es\\\/nueva-tienda-del-hogar-del-nino\\\/#primaryimage\"},\"thumbnailUrl\":\"https:\\\/\\\/i0.wp.com\\\/casadecampoliving.com\\\/wp-content\\\/uploads\\\/2022\\\/10\\\/homeware_store-1.jpg?fit=300%2C278&ssl=1\",\"keywords\":[\"Altos de Chavon\",\"Casa de Campo Community @es\",\"el hogar del nino\",\"hogar del nino\"],\"articleSection\":[\"Altos de Chavon @es\",\"Arte y cultura\",\"Destacados\",\"Eventos\",\"Fundaciones\",\"Hogar del Ni\u00f1o @es\",\"Noticias Locales\",\"Proximamente\"],\"inLanguage\":\"es\"},{\"@type\":\"WebPage\",\"@id\":\"https:\\\/\\\/casadecampoliving.com\\\/es\\\/nueva-tienda-del-hogar-del-nino\\\/\",\"url\":\"https:\\\/\\\/casadecampoliving.com\\\/es\\\/nueva-tienda-del-hogar-del-nino\\\/\",\"name\":\"Inauguran nueva tienda del Hogar del Ni\u00f1o en Altos de Chav\u00f3n | Casa de Campo Living\",\"isPartOf\":{\"@id\":\"https:\\\/\\\/casadecampoliving.com\\\/es\\\/#website\"},\"primaryImageOfPage\":{\"@id\":\"https:\\\/\\\/casadecampoliving.com\\\/es\\\/nueva-tienda-del-hogar-del-nino\\\/#primaryimage\"},\"image\":{\"@id\":\"https:\\\/\\\/casadecampoliving.com\\\/es\\\/nueva-tienda-del-hogar-del-nino\\\/#primaryimage\"},\"thumbnailUrl\":\"https:\\\/\\\/i0.wp.com\\\/casadecampoliving.com\\\/wp-content\\\/uploads\\\/2022\\\/10\\\/homeware_store-1.jpg?fit=300%2C278&ssl=1\",\"datePublished\":\"2013-12-16T04:00:00+00:00\",\"dateModified\":\"2022-10-21T22:50:23+00:00\",\"description\":\"\u00a1Hogar del Ni\u00f1o acaba de abrir una nueva tienda en Altos de Chav\u00f3n! La interesante y artesanal tienda abri\u00f3 sus puertas, cerca de la nueva Kiwi St Tropez\",\"breadcrumb\":{\"@id\":\"https:\\\/\\\/casadecampoliving.com\\\/es\\\/nueva-tienda-del-hogar-del-nino\\\/#breadcrumb\"},\"inLanguage\":\"es\",\"potentialAction\":[{\"@type\":\"ReadAction\",\"target\":[\"https:\\\/\\\/casadecampoliving.com\\\/es\\\/nueva-tienda-del-hogar-del-nino\\\/\"]}]},{\"@type\":\"ImageObject\",\"inLanguage\":\"es\",\"@id\":\"https:\\\/\\\/casadecampoliving.com\\\/es\\\/nueva-tienda-del-hogar-del-nino\\\/#primaryimage\",\"url\":\"https:\\\/\\\/i0.wp.com\\\/casadecampoliving.com\\\/wp-content\\\/uploads\\\/2022\\\/10\\\/homeware_store-1.jpg?fit=300%2C278&ssl=1\",\"contentUrl\":\"https:\\\/\\\/i0.wp.com\\\/casadecampoliving.com\\\/wp-content\\\/uploads\\\/2022\\\/10\\\/homeware_store-1.jpg?fit=300%2C278&ssl=1\",\"width\":300,\"height\":278,\"caption\":\"homeware store\"},{\"@type\":\"BreadcrumbList\",\"@id\":\"https:\\\/\\\/casadecampoliving.com\\\/es\\\/nueva-tienda-del-hogar-del-nino\\\/#breadcrumb\",\"itemListElement\":[{\"@type\":\"ListItem\",\"position\":1,\"name\":\"Home\",\"item\":\"https:\\\/\\\/casadecampoliving.com\\\/es\\\/\"},{\"@type\":\"ListItem\",\"position\":2,\"name\":\"Inauguran nueva tienda del Hogar del Ni\u00f1o en Altos de Chav\u00f3n\"}]},{\"@type\":\"WebSite\",\"@id\":\"https:\\\/\\\/casadecampoliving.com\\\/es\\\/#website\",\"url\":\"https:\\\/\\\/casadecampoliving.com\\\/es\\\/\",\"name\":\"Casa de Campo Living\",\"description\":\"Resort community news and resources.\",\"publisher\":{\"@id\":\"https:\\\/\\\/casadecampoliving.com\\\/es\\\/#organization\"},\"potentialAction\":[{\"@type\":\"SearchAction\",\"target\":{\"@type\":\"EntryPoint\",\"urlTemplate\":\"https:\\\/\\\/casadecampoliving.com\\\/es\\\/?s={search_term_string}\"},\"query-input\":{\"@type\":\"PropertyValueSpecification\",\"valueRequired\":true,\"valueName\":\"search_term_string\"}}],\"inLanguage\":\"es\"},{\"@type\":\"Organization\",\"@id\":\"https:\\\/\\\/casadecampoliving.com\\\/es\\\/#organization\",\"name\":\"Casa de Campo Living\",\"url\":\"https:\\\/\\\/casadecampoliving.com\\\/es\\\/\",\"logo\":{\"@type\":\"ImageObject\",\"inLanguage\":\"es\",\"@id\":\"https:\\\/\\\/casadecampoliving.com\\\/es\\\/#\\\/schema\\\/logo\\\/image\\\/\",\"url\":\"https:\\\/\\\/i0.wp.com\\\/casadecampoliving.com\\\/wp-content\\\/uploads\\\/2022\\\/07\\\/CDCLivingLogo_V1-white-sized.png?fit=800%2C214&ssl=1\",\"contentUrl\":\"https:\\\/\\\/i0.wp.com\\\/casadecampoliving.com\\\/wp-content\\\/uploads\\\/2022\\\/07\\\/CDCLivingLogo_V1-white-sized.png?fit=800%2C214&ssl=1\",\"width\":800,\"height\":214,\"caption\":\"Casa de Campo Living\"},\"image\":{\"@id\":\"https:\\\/\\\/casadecampoliving.com\\\/es\\\/#\\\/schema\\\/logo\\\/image\\\/\"},\"sameAs\":[\"https:\\\/\\\/www.facebook.com\\\/casadecampoliving\",\"https:\\\/\\\/x.com\\\/cdcliving\"]},{\"@type\":\"Person\",\"@id\":\"https:\\\/\\\/casadecampoliving.com\\\/es\\\/#\\\/schema\\\/person\\\/c8efa6049510554b7d5fea078d728f72\",\"name\":\"Perkin Agramonte\",\"image\":{\"@type\":\"ImageObject\",\"inLanguage\":\"es\",\"@id\":\"https:\\\/\\\/secure.gravatar.com\\\/avatar\\\/57bfdafcae55fb83dbb79a1585a9eab7f269b7720fb0b64cb9a4e0cd2962fa10?s=96&d=mm&r=g\",\"url\":\"https:\\\/\\\/secure.gravatar.com\\\/avatar\\\/57bfdafcae55fb83dbb79a1585a9eab7f269b7720fb0b64cb9a4e0cd2962fa10?s=96&d=mm&r=g\",\"contentUrl\":\"https:\\\/\\\/secure.gravatar.com\\\/avatar\\\/57bfdafcae55fb83dbb79a1585a9eab7f269b7720fb0b64cb9a4e0cd2962fa10?s=96&d=mm&r=g\",\"caption\":\"Perkin Agramonte\"},\"url\":\"https:\\\/\\\/casadecampoliving.com\\\/es\\\/author\\\/cagramonte\\\/\"}]}<\/script>\n<!-- \/ Yoast SEO plugin. -->","yoast_head_json":{"title":"Inauguran nueva tienda del Hogar del Ni\u00f1o en Altos de Chav\u00f3n | Casa de Campo Living","description":"\u00a1Hogar del Ni\u00f1o acaba de abrir una nueva tienda en Altos de Chav\u00f3n! La interesante y artesanal tienda abri\u00f3 sus puertas, cerca de la nueva Kiwi St Tropez","robots":{"index":"index","follow":"follow","max-snippet":"max-snippet:-1","max-image-preview":"max-image-preview:large","max-video-preview":"max-video-preview:-1"},"canonical":"https:\/\/casadecampoliving.com\/es\/nueva-tienda-del-hogar-del-nino\/","og_locale":"es_ES","og_type":"article","og_title":"Inauguran nueva tienda del Hogar del Ni\u00f1o en Altos de Chav\u00f3n | Casa de Campo Living","og_description":"\u00a1Hogar del Ni\u00f1o acaba de abrir una nueva tienda en Altos de Chav\u00f3n! La interesante y artesanal tienda abri\u00f3 sus puertas, cerca de la nueva Kiwi St Tropez","og_url":"https:\/\/casadecampoliving.com\/es\/nueva-tienda-del-hogar-del-nino\/","og_site_name":"Casa de Campo Living","article_publisher":"https:\/\/www.facebook.com\/casadecampoliving","article_published_time":"2013-12-16T04:00:00+00:00","article_modified_time":"2022-10-21T22:50:23+00:00","og_image":[{"width":300,"height":278,"url":"https:\/\/i0.wp.com\/casadecampoliving.com\/wp-content\/uploads\/2022\/10\/homeware_store-1.jpg?fit=300%2C278&ssl=1","type":"image\/jpeg"}],"author":"Perkin Agramonte","twitter_card":"summary_large_image","twitter_creator":"@cdcliving","twitter_site":"@cdcliving","twitter_misc":{"Escrito por":"Perkin Agramonte","Tiempo de lectura":"1 minuto"},"schema":{"@context":"https:\/\/schema.org","@graph":[{"@type":"Article","@id":"https:\/\/casadecampoliving.com\/es\/nueva-tienda-del-hogar-del-nino\/#article","isPartOf":{"@id":"https:\/\/casadecampoliving.com\/es\/nueva-tienda-del-hogar-del-nino\/"},"author":{"name":"Perkin Agramonte","@id":"https:\/\/casadecampoliving.com\/es\/#\/schema\/person\/c8efa6049510554b7d5fea078d728f72"},"headline":"Inauguran nueva tienda del Hogar del Ni\u00f1o en Altos de Chav\u00f3n","datePublished":"2013-12-16T04:00:00+00:00","dateModified":"2022-10-21T22:50:23+00:00","mainEntityOfPage":{"@id":"https:\/\/casadecampoliving.com\/es\/nueva-tienda-del-hogar-del-nino\/"},"wordCount":184,"publisher":{"@id":"https:\/\/casadecampoliving.com\/es\/#organization"},"image":{"@id":"https:\/\/casadecampoliving.com\/es\/nueva-tienda-del-hogar-del-nino\/#primaryimage"},"thumbnailUrl":"https:\/\/i0.wp.com\/casadecampoliving.com\/wp-content\/uploads\/2022\/10\/homeware_store-1.jpg?fit=300%2C278&ssl=1","keywords":["Altos de Chavon","Casa de Campo Community @es","el hogar del nino","hogar del nino"],"articleSection":["Altos de Chavon @es","Arte y cultura","Destacados","Eventos","Fundaciones","Hogar del Ni\u00f1o @es","Noticias Locales","Proximamente"],"inLanguage":"es"},{"@type":"WebPage","@id":"https:\/\/casadecampoliving.com\/es\/nueva-tienda-del-hogar-del-nino\/","url":"https:\/\/casadecampoliving.com\/es\/nueva-tienda-del-hogar-del-nino\/","name":"Inauguran nueva tienda del Hogar del Ni\u00f1o en Altos de Chav\u00f3n | Casa de Campo Living","isPartOf":{"@id":"https:\/\/casadecampoliving.com\/es\/#website"},"primaryImageOfPage":{"@id":"https:\/\/casadecampoliving.com\/es\/nueva-tienda-del-hogar-del-nino\/#primaryimage"},"image":{"@id":"https:\/\/casadecampoliving.com\/es\/nueva-tienda-del-hogar-del-nino\/#primaryimage"},"thumbnailUrl":"https:\/\/i0.wp.com\/casadecampoliving.com\/wp-content\/uploads\/2022\/10\/homeware_store-1.jpg?fit=300%2C278&ssl=1","datePublished":"2013-12-16T04:00:00+00:00","dateModified":"2022-10-21T22:50:23+00:00","description":"\u00a1Hogar del Ni\u00f1o acaba de abrir una nueva tienda en Altos de Chav\u00f3n! La interesante y artesanal tienda abri\u00f3 sus puertas, cerca de la nueva Kiwi St Tropez","breadcrumb":{"@id":"https:\/\/casadecampoliving.com\/es\/nueva-tienda-del-hogar-del-nino\/#breadcrumb"},"inLanguage":"es","potentialAction":[{"@type":"ReadAction","target":["https:\/\/casadecampoliving.com\/es\/nueva-tienda-del-hogar-del-nino\/"]}]},{"@type":"ImageObject","inLanguage":"es","@id":"https:\/\/casadecampoliving.com\/es\/nueva-tienda-del-hogar-del-nino\/#primaryimage","url":"https:\/\/i0.wp.com\/casadecampoliving.com\/wp-content\/uploads\/2022\/10\/homeware_store-1.jpg?fit=300%2C278&ssl=1","contentUrl":"https:\/\/i0.wp.com\/casadecampoliving.com\/wp-content\/uploads\/2022\/10\/homeware_store-1.jpg?fit=300%2C278&ssl=1","width":300,"height":278,"caption":"homeware store"},{"@type":"BreadcrumbList","@id":"https:\/\/casadecampoliving.com\/es\/nueva-tienda-del-hogar-del-nino\/#breadcrumb","itemListElement":[{"@type":"ListItem","position":1,"name":"Home","item":"https:\/\/casadecampoliving.com\/es\/"},{"@type":"ListItem","position":2,"name":"Inauguran nueva tienda del Hogar del Ni\u00f1o en Altos de Chav\u00f3n"}]},{"@type":"WebSite","@id":"https:\/\/casadecampoliving.com\/es\/#website","url":"https:\/\/casadecampoliving.com\/es\/","name":"Casa de Campo Living","description":"Resort community news and resources.","publisher":{"@id":"https:\/\/casadecampoliving.com\/es\/#organization"},"potentialAction":[{"@type":"SearchAction","target":{"@type":"EntryPoint","urlTemplate":"https:\/\/casadecampoliving.com\/es\/?s={search_term_string}"},"query-input":{"@type":"PropertyValueSpecification","valueRequired":true,"valueName":"search_term_string"}}],"inLanguage":"es"},{"@type":"Organization","@id":"https:\/\/casadecampoliving.com\/es\/#organization","name":"Casa de Campo Living","url":"https:\/\/casadecampoliving.com\/es\/","logo":{"@type":"ImageObject","inLanguage":"es","@id":"https:\/\/casadecampoliving.com\/es\/#\/schema\/logo\/image\/","url":"https:\/\/i0.wp.com\/casadecampoliving.com\/wp-content\/uploads\/2022\/07\/CDCLivingLogo_V1-white-sized.png?fit=800%2C214&ssl=1","contentUrl":"https:\/\/i0.wp.com\/casadecampoliving.com\/wp-content\/uploads\/2022\/07\/CDCLivingLogo_V1-white-sized.png?fit=800%2C214&ssl=1","width":800,"height":214,"caption":"Casa de Campo Living"},"image":{"@id":"https:\/\/casadecampoliving.com\/es\/#\/schema\/logo\/image\/"},"sameAs":["https:\/\/www.facebook.com\/casadecampoliving","https:\/\/x.com\/cdcliving"]},{"@type":"Person","@id":"https:\/\/casadecampoliving.com\/es\/#\/schema\/person\/c8efa6049510554b7d5fea078d728f72","name":"Perkin Agramonte","image":{"@type":"ImageObject","inLanguage":"es","@id":"https:\/\/secure.gravatar.com\/avatar\/57bfdafcae55fb83dbb79a1585a9eab7f269b7720fb0b64cb9a4e0cd2962fa10?s=96&d=mm&r=g","url":"https:\/\/secure.gravatar.com\/avatar\/57bfdafcae55fb83dbb79a1585a9eab7f269b7720fb0b64cb9a4e0cd2962fa10?s=96&d=mm&r=g","contentUrl":"https:\/\/secure.gravatar.com\/avatar\/57bfdafcae55fb83dbb79a1585a9eab7f269b7720fb0b64cb9a4e0cd2962fa10?s=96&d=mm&r=g","caption":"Perkin Agramonte"},"url":"https:\/\/casadecampoliving.com\/es\/author\/cagramonte\/"}]}},"parsely":{"version":"1.1.0","canonical_url":"https:\/\/casadecampoliving.com\/es\/nueva-tienda-del-hogar-del-nino\/","smart_links":{"inbound":0,"outbound":0},"traffic_boost_suggestions_count":0,"meta":{"@context":"https:\/\/schema.org","@type":"NewsArticle","headline":"Inauguran nueva tienda del Hogar del Ni\u00f1o en Altos de Chav\u00f3n","url":"http:\/\/casadecampoliving.com\/es\/nueva-tienda-del-hogar-del-nino\/","mainEntityOfPage":{"@type":"WebPage","@id":"http:\/\/casadecampoliving.com\/es\/nueva-tienda-del-hogar-del-nino\/"},"thumbnailUrl":"https:\/\/i0.wp.com\/casadecampoliving.com\/wp-content\/uploads\/2022\/10\/homeware_store-1.jpg?resize=150%2C150&ssl=1","image":{"@type":"ImageObject","url":"https:\/\/i0.wp.com\/casadecampoliving.com\/wp-content\/uploads\/2022\/10\/homeware_store-1.jpg?fit=300%2C278&ssl=1"},"articleSection":"Altos de Chavon @es","author":[{"@type":"Person","name":"Perkin Agramonte"}],"creator":["Perkin Agramonte"],"publisher":{"@type":"Organization","name":"Casa de Campo Living","logo":"https:\/\/casadecampoliving.com\/wp-content\/uploads\/2022\/07\/CDCLivingLogo_V1-white-sized.png"},"keywords":["altos de chavon","casa de campo community @es","el hogar del nino","hogar del nino"],"dateCreated":"2013-12-16T04:00:00Z","datePublished":"2013-12-16T04:00:00Z","dateModified":"2022-10-21T22:50:23Z"},"rendered":"<script type=\"application\/ld+json\" class=\"wp-parsely-metadata\">{\"@context\":\"https:\\\/\\\/schema.org\",\"@type\":\"NewsArticle\",\"headline\":\"Inauguran nueva tienda del Hogar del Ni\\u00f1o en Altos de Chav\\u00f3n\",\"url\":\"http:\\\/\\\/casadecampoliving.com\\\/es\\\/nueva-tienda-del-hogar-del-nino\\\/\",\"mainEntityOfPage\":{\"@type\":\"WebPage\",\"@id\":\"http:\\\/\\\/casadecampoliving.com\\\/es\\\/nueva-tienda-del-hogar-del-nino\\\/\"},\"thumbnailUrl\":\"https:\\\/\\\/i0.wp.com\\\/casadecampoliving.com\\\/wp-content\\\/uploads\\\/2022\\\/10\\\/homeware_store-1.jpg?resize=150%2C150&ssl=1\",\"image\":{\"@type\":\"ImageObject\",\"url\":\"https:\\\/\\\/i0.wp.com\\\/casadecampoliving.com\\\/wp-content\\\/uploads\\\/2022\\\/10\\\/homeware_store-1.jpg?fit=300%2C278&ssl=1\"},\"articleSection\":\"Altos de Chavon @es\",\"author\":[{\"@type\":\"Person\",\"name\":\"Perkin Agramonte\"}],\"creator\":[\"Perkin Agramonte\"],\"publisher\":{\"@type\":\"Organization\",\"name\":\"Casa de Campo Living\",\"logo\":\"https:\\\/\\\/casadecampoliving.com\\\/wp-content\\\/uploads\\\/2022\\\/07\\\/CDCLivingLogo_V1-white-sized.png\"},\"keywords\":[\"altos de chavon\",\"casa de campo community @es\",\"el hogar del nino\",\"hogar del nino\"],\"dateCreated\":\"2013-12-16T04:00:00Z\",\"datePublished\":\"2013-12-16T04:00:00Z\",\"dateModified\":\"2022-10-21T22:50:23Z\"}<\/script>","tracker_url":"https:\/\/cdn.parsely.com\/keys\/casadecampoliving.com\/p.js"},"jetpack_publicize_connections":[],"jetpack_featured_media_url":"https:\/\/i0.wp.com\/casadecampoliving.com\/wp-content\/uploads\/2022\/10\/homeware_store-1.jpg?fit=300%2C278&ssl=1","jetpack-related-posts":[{"id":433460,"url":"https:\/\/casadecampoliving.com\/es\/no-se-pierdan-el-increible-tributo-a-frank-sinatra-para-celebrar-el-40-aniversario-del-anfiteatro-altos-de-chavon\/","url_meta":{"origin":343492,"position":0},"title":"No se pierdan el incre\u00edble tributo a Frank Sinatra para celebrar el 40 aniversario del\u00a0Anfiteatro Altos de Chav\u00f3n","author":"Casa de Campo Living","date":"20 Oct, 2022","format":false,"excerpt":"Siendo uno de los escenarios m\u00e1s emblem\u00e1ticos del pa\u00eds, Casa de Campo Resort\u00ae & Villas celebra las cuatro d\u00e9cadas de aniversario de Altos de Chav\u00f3n con un tributo al gran Frank Sinatra, protagonizado por artistas invitados y una big band tal cual la que acompa\u00f1\u00f3 al artista hace 40 a\u00f1os\u2026","rel":"","context":"En \u00abUncategorized @es\u00bb","block_context":{"text":"Uncategorized @es","link":"https:\/\/casadecampoliving.com\/es\/category\/uncategorized-es\/"},"img":{"alt_text":"","src":"https:\/\/i0.wp.com\/casadecampoliving.com\/wp-content\/uploads\/2022\/10\/Tributo-Frank-Sinatra-Foto-Principal-Amaury-Sanchez-Danilo-Ginebra-Andres-Pichardo-y-Jose-Gabriel-Perez-.jpg?fit=1200%2C873&ssl=1&resize=350%2C200","width":350,"height":200,"srcset":"https:\/\/i0.wp.com\/casadecampoliving.com\/wp-content\/uploads\/2022\/10\/Tributo-Frank-Sinatra-Foto-Principal-Amaury-Sanchez-Danilo-Ginebra-Andres-Pichardo-y-Jose-Gabriel-Perez-.jpg?fit=1200%2C873&ssl=1&resize=350%2C200 1x, https:\/\/i0.wp.com\/casadecampoliving.com\/wp-content\/uploads\/2022\/10\/Tributo-Frank-Sinatra-Foto-Principal-Amaury-Sanchez-Danilo-Ginebra-Andres-Pichardo-y-Jose-Gabriel-Perez-.jpg?fit=1200%2C873&ssl=1&resize=525%2C300 1.5x, https:\/\/i0.wp.com\/casadecampoliving.com\/wp-content\/uploads\/2022\/10\/Tributo-Frank-Sinatra-Foto-Principal-Amaury-Sanchez-Danilo-Ginebra-Andres-Pichardo-y-Jose-Gabriel-Perez-.jpg?fit=1200%2C873&ssl=1&resize=700%2C400 2x, https:\/\/i0.wp.com\/casadecampoliving.com\/wp-content\/uploads\/2022\/10\/Tributo-Frank-Sinatra-Foto-Principal-Amaury-Sanchez-Danilo-Ginebra-Andres-Pichardo-y-Jose-Gabriel-Perez-.jpg?fit=1200%2C873&ssl=1&resize=1050%2C600 3x"},"classes":[]},{"id":343776,"url":"https:\/\/casadecampoliving.com\/es\/el-hogar-del-nino-ofrece-te-y-galletas-en-su-tienda\/","url_meta":{"origin":343492,"position":1},"title":"Un tarde de t\u00e9 y galletas en la tienda \u00abHogar\u00bb","author":"Genesis Perdomo","date":"29 Ene, 2014","format":false,"excerpt":"\u00bfYa fuiste a \"Hogar\" la tienda de Hogar del Ni\u00f1o en Altos de Chav\u00f3n? Bueno, si no has ido te recomendamos que vayas, la tienda est\u00e1 vendiendo art\u00edculos preciosos para el hogar como l\u00e1mparas, cuadros y hasta joyas. Tambi\u00e9n t-shirts con el logo de Hogar del Ni\u00f1o y souvenirs. El\u2026","rel":"","context":"En \u00abAltos de Chavon @es\u00bb","block_context":{"text":"Altos de Chavon @es","link":"https:\/\/casadecampoliving.com\/category\/altos-de-chavon-es\/"},"img":{"alt_text":"","src":"https:\/\/i0.wp.com\/casadecampoliving.com\/wp-content\/uploads\/2022\/10\/header-4.jpg?fit=800%2C440&ssl=1&resize=350%2C200","width":350,"height":200,"srcset":"https:\/\/i0.wp.com\/casadecampoliving.com\/wp-content\/uploads\/2022\/10\/header-4.jpg?fit=800%2C440&ssl=1&resize=350%2C200 1x, https:\/\/i0.wp.com\/casadecampoliving.com\/wp-content\/uploads\/2022\/10\/header-4.jpg?fit=800%2C440&ssl=1&resize=525%2C300 1.5x, https:\/\/i0.wp.com\/casadecampoliving.com\/wp-content\/uploads\/2022\/10\/header-4.jpg?fit=800%2C440&ssl=1&resize=700%2C400 2x"},"classes":[]},{"id":343758,"url":"https:\/\/casadecampoliving.com\/es\/te-y-galletas-en-la-tienda-hogar-del-nino\/","url_meta":{"origin":343492,"position":2},"title":"T\u00e9 y galletas en la tienda Hogar del Ni\u00f1o","author":"Perkin Agramonte","date":"23 Ene, 2014","format":false,"excerpt":"Este viernes 24 de enero, el Museo Regional Arqueol\u00f3gico Altos de Chav\u00f3n, les invita a una tarde de t\u00e9 y galletas en la tienda Hogar del Ni\u00f1o en Altos de Chav\u00f3n. \u00bfAcaso dijiste t\u00e9 y galletas? Bien te explico, como un esfuerzo de motivar a las personas a visitar la\u2026","rel":"","context":"En \u00abAltos de Chavon @es\u00bb","block_context":{"text":"Altos de Chavon @es","link":"https:\/\/casadecampoliving.com\/category\/altos-de-chavon-es\/"},"img":{"alt_text":"budhas","src":"https:\/\/i0.wp.com\/casadecampoliving.com\/wp-content\/uploads\/2022\/10\/budhas-1.jpg?fit=650%2C433&ssl=1&resize=350%2C200","width":350,"height":200,"srcset":"https:\/\/i0.wp.com\/casadecampoliving.com\/wp-content\/uploads\/2022\/10\/budhas-1.jpg?fit=650%2C433&ssl=1&resize=350%2C200 1x, https:\/\/i0.wp.com\/casadecampoliving.com\/wp-content\/uploads\/2022\/10\/budhas-1.jpg?fit=650%2C433&ssl=1&resize=525%2C300 1.5x"},"classes":[]},{"id":339095,"url":"https:\/\/casadecampoliving.com\/es\/con-artesania-lamparas-recicladas-y-moda-se-inaugura-la-tienda-de-jenny-polanco-a-beneficio-del-hogar-del-nino\/","url_meta":{"origin":343492,"position":3},"title":"Con artesan\u00eda, l\u00e1mparas recicladas y moda se inaugura la tienda de Jenny Polanco a beneficio del Hogar del Ni\u00f1o","author":"","date":"31 May, 2012","format":false,"excerpt":"El pasado viernes 25 de mayo de 2012, Jenny Polanco celebr\u00f3 la apertura de su nueva tienda \"Jenny Polanco Project\", en Altos de Chav\u00f3n, con un c\u00f3ctel a beneficio del Hogar del Ni\u00f1o que incluy\u00f3 incre\u00edbles l\u00e1mparas hechas en material reciclable por Malele Strofer, los dise\u00f1os de Jenny Polanco y\u2026","rel":"","context":"En \u00abAltos de Chavon @es\u00bb","block_context":{"text":"Altos de Chavon @es","link":"https:\/\/casadecampoliving.com\/category\/altos-de-chavon-es\/"},"img":{"alt_text":"jenny polanco","src":"https:\/\/i0.wp.com\/casadecampoliving.com\/wp-content\/uploads\/2022\/10\/jenny_polanco1-8.jpg?fit=650%2C420&ssl=1&resize=350%2C200","width":350,"height":200,"srcset":"https:\/\/i0.wp.com\/casadecampoliving.com\/wp-content\/uploads\/2022\/10\/jenny_polanco1-8.jpg?fit=650%2C420&ssl=1&resize=350%2C200 1x, https:\/\/i0.wp.com\/casadecampoliving.com\/wp-content\/uploads\/2022\/10\/jenny_polanco1-8.jpg?fit=650%2C420&ssl=1&resize=525%2C300 1.5x"},"classes":[]},{"id":339061,"url":"https:\/\/casadecampoliving.com\/es\/un-coctel-para-celebrar-la-apertura-de-la-nueva-tienda-de-jenny-polanco-en-altos-de-chavon\/","url_meta":{"origin":343492,"position":4},"title":"\u00a1Un c\u00f3ctel para celebrar la apertura de la nueva tienda de Jenny Polanco en Altos de Chav\u00f3n!","author":"","date":"23 May, 2012","format":false,"excerpt":"Este viernes 25 de mayo, Jenny Polanco, la ex reina de belleza, famosa dise\u00f1adora dominicana y popular miembro de la comunidad de Casa de Campo, invita a los residentes, visitantes y due\u00f1os de villa de Casa de Campo a unirse a la celebraci\u00f3n de la inauguraci\u00f3n de su nueva tienda\u2026","rel":"","context":"En \u00abAltos de Chavon @es\u00bb","block_context":{"text":"Altos de Chavon @es","link":"https:\/\/casadecampoliving.com\/category\/altos-de-chavon-es\/"},"img":{"alt_text":"jenny polanco","src":"https:\/\/i0.wp.com\/casadecampoliving.com\/wp-content\/uploads\/2022\/10\/JENNYPOLANCO_CASADELRIO_1_350_7801-1.jpg?fit=780%2C350&ssl=1&resize=350%2C200","width":350,"height":200,"srcset":"https:\/\/i0.wp.com\/casadecampoliving.com\/wp-content\/uploads\/2022\/10\/JENNYPOLANCO_CASADELRIO_1_350_7801-1.jpg?fit=780%2C350&ssl=1&resize=350%2C200 1x, https:\/\/i0.wp.com\/casadecampoliving.com\/wp-content\/uploads\/2022\/10\/JENNYPOLANCO_CASADELRIO_1_350_7801-1.jpg?fit=780%2C350&ssl=1&resize=525%2C300 1.5x, https:\/\/i0.wp.com\/casadecampoliving.com\/wp-content\/uploads\/2022\/10\/JENNYPOLANCO_CASADELRIO_1_350_7801-1.jpg?fit=780%2C350&ssl=1&resize=700%2C400 2x"},"classes":[]},{"id":323005,"url":"https:\/\/casadecampoliving.com\/store-hogar-del-nino-altos-de-chavon\/","url_meta":{"origin":343492,"position":5},"title":"\u00abHogar\u00bb a new store by the Hogar del Ni\u00f1o now open in Altos de Chav\u00f3n","author":"Genesis Perdomo","date":"16 Dic, 2013","format":false,"excerpt":"The Hogar del Ni\u00f1o has just opened a new store in Altos de Chav\u00f3n! The interesting and artisanal store has opened up next door to the St Stanislaus church, near to the new Kiwi St-Tropez store \u201cKIWI OUTLET\u201d\u00a0in Altos de Chav\u00f3n. In store you\u2019ll find many beautiful lamps, paintings and\u2026","rel":"","context":"En \u00abAltos de Chavon\u00bb","block_context":{"text":"Altos de Chavon","link":"https:\/\/casadecampoliving.com\/category\/altos-de-chavon\/"},"img":{"alt_text":"plates","src":"https:\/\/i0.wp.com\/casadecampoliving.com\/wp-content\/uploads\/2013\/12\/plates.jpg?resize=350%2C200&ssl=1","width":350,"height":200,"srcset":"https:\/\/i0.wp.com\/casadecampoliving.com\/wp-content\/uploads\/2013\/12\/plates.jpg?resize=350%2C200&ssl=1 1x, https:\/\/i0.wp.com\/casadecampoliving.com\/wp-content\/uploads\/2013\/12\/plates.jpg?resize=525%2C300&ssl=1 1.5x"},"classes":[]}],"jetpack_sharing_enabled":true,"_links":{"self":[{"href":"https:\/\/casadecampoliving.com\/es\/wp-json\/wp\/v2\/posts\/343492","targetHints":{"allow":["GET"]}}],"collection":[{"href":"https:\/\/casadecampoliving.com\/es\/wp-json\/wp\/v2\/posts"}],"about":[{"href":"https:\/\/casadecampoliving.com\/es\/wp-json\/wp\/v2\/types\/post"}],"author":[{"embeddable":true,"href":"https:\/\/casadecampoliving.com\/es\/wp-json\/wp\/v2\/users\/1097"}],"replies":[{"embeddable":true,"href":"https:\/\/casadecampoliving.com\/es\/wp-json\/wp\/v2\/comments?post=343492"}],"version-history":[{"count":1,"href":"https:\/\/casadecampoliving.com\/es\/wp-json\/wp\/v2\/posts\/343492\/revisions"}],"predecessor-version":[{"id":343493,"href":"https:\/\/casadecampoliving.com\/es\/wp-json\/wp\/v2\/posts\/343492\/revisions\/343493"}],"wp:featuredmedia":[{"embeddable":true,"href":"https:\/\/casadecampoliving.com\/es\/wp-json\/wp\/v2\/media\/246667"}],"wp:attachment":[{"href":"https:\/\/casadecampoliving.com\/es\/wp-json\/wp\/v2\/media?parent=343492"}],"wp:term":[{"taxonomy":"category","embeddable":true,"href":"https:\/\/casadecampoliving.com\/es\/wp-json\/wp\/v2\/categories?post=343492"},{"taxonomy":"post_tag","embeddable":true,"href":"https:\/\/casadecampoliving.com\/es\/wp-json\/wp\/v2\/tags?post=343492"},{"taxonomy":"newspack_spnsrs_tax","embeddable":true,"href":"https:\/\/casadecampoliving.com\/es\/wp-json\/wp\/v2\/newspack_spnsrs_tax?post=343492"}],"curies":[{"name":"wp","href":"https:\/\/api.w.org\/{rel}","templated":true}]}}