{"id":343490,"date":"2013-12-26T00:00:00","date_gmt":"2013-12-26T04:00:00","guid":{"rendered":"https:\/\/casadecampoliving.com\/chavon-electronico-christmas-dic-27-en-altos-de-chavon\/"},"modified":"2022-10-21T18:50:18","modified_gmt":"2022-10-21T22:50:18","slug":"chavon-electronico-christmas-dic-27-en-altos-de-chavon","status":"publish","type":"post","link":"https:\/\/casadecampoliving.com\/es\/chavon-electronico-christmas-dic-27-en-altos-de-chavon\/","title":{"rendered":"Chav\u00f3n Electr\u00f3nico Christmas, dic. 27 en Altos de Chav\u00f3n"},"content":{"rendered":"<div class=\"wp-block-image\">\n<figure class=\"aligncenter is-resized\"><img loading=\"lazy\" decoding=\"async\" src=\"https:\/\/i0.wp.com\/casadecampoliving.com\/wp-content\/uploads\/2022\/10\/chavon_electronico_christmas.jpg?resize=650%2C454&amp;ssl=1\" alt=\"Chavon Electronico Christmas \" class=\"wp-image-82583\" height=\"454\" width=\"650\"\/><\/figure>\n<\/div>\n\n\n<p>\u00a1El viernes 27 de diciembre la fiesta es en Altos de Chav\u00f3n!<\/p>\n\n\n\n<p>La versi\u00f3n navide\u00f1a de nuestro Chav\u00f3n Electr\u00f3nico! Disfrute de estos reconocidos DJ\u2019s con la mejor m\u00fasica! Con DJ Collapse (Jean Sosa), DJ Gem y DJ Kambax.<\/p>\n\n\n\n<p>Aproveche de especiales en todos nuestros bares y restaurantes!<\/p>\n\n\n\n<blockquote class=\"wp-block-quote is-layout-flow wp-block-quote-is-layout-flow\"><p><strong>Chav\u00f3n Electr\u00f3nico Christmas<\/strong><\/p><p><strong>Cuando:&nbsp;<\/strong>viernes 27 de diciembre, 9:30pm<\/p><p><strong>Donde:<\/strong> Plaza Chav\u00f3n, Altos de Chav\u00f3n<\/p><p><strong>Contacto:<\/strong>&nbsp;(809) 523-2424 w.gomez@ccampo.com.do<\/p><\/blockquote>\n\n\n\n<h3 class=\"wp-block-heading\">\u00a1\u00c9poca&nbsp;navide\u00f1a en Altos de Chav\u00f3n!<\/h3>\n\n\n\n<p>Las celebraciones festivas en Altos de Chav\u00f3n continuaran todo el mes de diciembre, en el cual se destaca la presentaci\u00f3n de ballet en el anfiteatro de &nbsp;Altos de Chav\u00f3n el 14 de diciembre, los presentes de Santa escondidos y la fiesta de Navidad para ni\u00f1os el 22 de diciembre, Los aguinaldos y la Misa de fin de a\u00f1o y mucho m\u00e1s\u2026 <a href=\"https:\/\/casadecampoliving.com\/es\/eventos-navidenos-altos-de-chavon\/\">Haga clic aqu\u00ed para leer m\u00e1s sobre la \u00e9poca navide\u00f1a en Altos de Chav\u00f3n<\/a> y para el calendario y horario completo de las actividades en Casa de Campo por favor visite: <a href=\"http:\/\/www.todocasadecampo.com\/en\">www.todo.fm<\/a><\/p>\n","protected":false},"excerpt":{"rendered":"<p>\u00a1El viernes 27 de diciembre la fiesta es en Altos de Chav\u00f3n! La versi\u00f3n navide\u00f1a de nuestro Chav\u00f3n Electr\u00f3nico! Disfrute de estos reconocidos DJ\u2019s con la mejor m\u00fasica! Con DJ Collapse (Jean Sosa), DJ Gem y DJ Kambax. Aproveche de especiales en todos nuestros bares y restaurantes! Chav\u00f3n Electr\u00f3nico Christmas Cuando:&nbsp;viernes 27 de diciembre, 9:30pm [&hellip;]<\/p>\n","protected":false},"author":31,"featured_media":246542,"comment_status":"closed","ping_status":"closed","sticky":false,"template":"","format":"standard","meta":{"newspack_ads_suppress_ads":false,"newspack_popups_has_disabled_popups":false,"newspack_sponsor_sponsorship_scope":"","newspack_sponsor_native_byline_display":"inherit","newspack_sponsor_native_category_display":"inherit","newspack_sponsor_underwriter_style":"inherit","newspack_sponsor_underwriter_placement":"inherit","_newspack_byline_active":false,"_newspack_byline":"","newspack_hide_updated_date":false,"newspack_show_updated_date":false,"newspack_content_restriction_is_exempt":false,"newspack_featured_image_position":"","newspack_post_subtitle":"","newspack_article_summary_title":"Overview:","newspack_article_summary":"","_jetpack_memberships_contains_paid_content":false,"footnotes":"","jetpack_publicize_message":"","jetpack_publicize_feature_enabled":true,"jetpack_social_post_already_shared":false,"jetpack_social_options":{"image_generator_settings":{"template":"highway","default_image_id":0,"font":"","enabled":false},"version":2},"_wpas_customize_per_network":false},"categories":[26819,26823,14629,2524,2522,14627],"tags":[15387,6592,5812],"newspack_spnsrs_tax":[],"class_list":["post-343490","post","type-post","status-publish","format-standard","has-post-thumbnail","hentry","category-altos-de-chavon-es","category-arte-y-cultura","category-comidas-bebidas","category-destacados","category-eventos-es","category-proximamente","tag-altos-de-chavon-es","tag-chavon-electronico","tag-plaza-chavon-es","entry"],"yoast_head":"<!-- This site is optimized with the Yoast SEO plugin v27.4 - https:\/\/yoast.com\/product\/yoast-seo-wordpress\/ -->\n<title>Chav\u00f3n Electr\u00f3nico Christmas, dic. 27 en Altos de Chav\u00f3n | Casa de Campo Living<\/title>\n<meta name=\"description\" content=\"\u00a1El viernes 27 de diciembre la fiesta es en Altos de Chav\u00f3n! La versi\u00f3n navide\u00f1a de nuestro Chav\u00f3n Electr\u00f3nico! Disfrute de estos reconocidos DJ\u2019s con la\" \/>\n<meta name=\"robots\" content=\"index, follow, max-snippet:-1, max-image-preview:large, max-video-preview:-1\" \/>\n<link rel=\"canonical\" href=\"https:\/\/casadecampoliving.com\/es\/chavon-electronico-christmas-dic-27-en-altos-de-chavon\/\" \/>\n<meta property=\"og:locale\" content=\"es_ES\" \/>\n<meta property=\"og:type\" content=\"article\" \/>\n<meta property=\"og:title\" content=\"Chav\u00f3n Electr\u00f3nico Christmas, dic. 27 en Altos de Chav\u00f3n | Casa de Campo Living\" \/>\n<meta property=\"og:description\" content=\"\u00a1El viernes 27 de diciembre la fiesta es en Altos de Chav\u00f3n! La versi\u00f3n navide\u00f1a de nuestro Chav\u00f3n Electr\u00f3nico! Disfrute de estos reconocidos DJ\u2019s con la\" \/>\n<meta property=\"og:url\" content=\"https:\/\/casadecampoliving.com\/es\/chavon-electronico-christmas-dic-27-en-altos-de-chavon\/\" \/>\n<meta property=\"og:site_name\" content=\"Casa de Campo Living\" \/>\n<meta property=\"article:publisher\" content=\"https:\/\/www.facebook.com\/casadecampoliving\" \/>\n<meta property=\"article:published_time\" content=\"2013-12-26T04:00:00+00:00\" \/>\n<meta property=\"article:modified_time\" content=\"2022-10-21T22:50:18+00:00\" \/>\n<meta property=\"og:image\" content=\"https:\/\/i0.wp.com\/casadecampoliving.com\/wp-content\/uploads\/2022\/10\/chavon_electronico_christmas-1.jpg?fit=650%2C454&ssl=1\" \/>\n\t<meta property=\"og:image:width\" content=\"650\" \/>\n\t<meta property=\"og:image:height\" content=\"454\" \/>\n\t<meta property=\"og:image:type\" content=\"image\/jpeg\" \/>\n<meta name=\"author\" content=\"Rebecca Silvestri\" \/>\n<meta name=\"twitter:card\" content=\"summary_large_image\" \/>\n<meta name=\"twitter:creator\" content=\"@cdcliving\" \/>\n<meta name=\"twitter:site\" content=\"@cdcliving\" \/>\n<meta name=\"twitter:label1\" content=\"Escrito por\" \/>\n\t<meta name=\"twitter:data1\" content=\"Rebecca Silvestri\" \/>\n\t<meta name=\"twitter:label2\" content=\"Tiempo de lectura\" \/>\n\t<meta name=\"twitter:data2\" content=\"1 minuto\" \/>\n<script type=\"application\/ld+json\" class=\"yoast-schema-graph\">{\"@context\":\"https:\\\/\\\/schema.org\",\"@graph\":[{\"@type\":\"Article\",\"@id\":\"https:\\\/\\\/casadecampoliving.com\\\/es\\\/chavon-electronico-christmas-dic-27-en-altos-de-chavon\\\/#article\",\"isPartOf\":{\"@id\":\"https:\\\/\\\/casadecampoliving.com\\\/es\\\/chavon-electronico-christmas-dic-27-en-altos-de-chavon\\\/\"},\"author\":{\"name\":\"Rebecca Silvestri\",\"@id\":\"https:\\\/\\\/casadecampoliving.com\\\/es\\\/#\\\/schema\\\/person\\\/2b2208f3175fa8761e25b272e096d718\"},\"headline\":\"Chav\u00f3n Electr\u00f3nico Christmas, dic. 27 en Altos de Chav\u00f3n\",\"datePublished\":\"2013-12-26T04:00:00+00:00\",\"dateModified\":\"2022-10-21T22:50:18+00:00\",\"mainEntityOfPage\":{\"@id\":\"https:\\\/\\\/casadecampoliving.com\\\/es\\\/chavon-electronico-christmas-dic-27-en-altos-de-chavon\\\/\"},\"wordCount\":203,\"publisher\":{\"@id\":\"https:\\\/\\\/casadecampoliving.com\\\/es\\\/#organization\"},\"image\":{\"@id\":\"https:\\\/\\\/casadecampoliving.com\\\/es\\\/chavon-electronico-christmas-dic-27-en-altos-de-chavon\\\/#primaryimage\"},\"thumbnailUrl\":\"https:\\\/\\\/i0.wp.com\\\/casadecampoliving.com\\\/wp-content\\\/uploads\\\/2022\\\/10\\\/chavon_electronico_christmas-1.jpg?fit=650%2C454&ssl=1\",\"keywords\":[\"Altos de Chavon\",\"chavon electronico\",\"plaza chavon @es\"],\"articleSection\":[\"Altos de Chavon @es\",\"Arte y cultura\",\"Comidas &amp; Bebidas\",\"Destacados\",\"Eventos\",\"Proximamente\"],\"inLanguage\":\"es\"},{\"@type\":\"WebPage\",\"@id\":\"https:\\\/\\\/casadecampoliving.com\\\/es\\\/chavon-electronico-christmas-dic-27-en-altos-de-chavon\\\/\",\"url\":\"https:\\\/\\\/casadecampoliving.com\\\/es\\\/chavon-electronico-christmas-dic-27-en-altos-de-chavon\\\/\",\"name\":\"Chav\u00f3n Electr\u00f3nico Christmas, dic. 27 en Altos de Chav\u00f3n | Casa de Campo Living\",\"isPartOf\":{\"@id\":\"https:\\\/\\\/casadecampoliving.com\\\/es\\\/#website\"},\"primaryImageOfPage\":{\"@id\":\"https:\\\/\\\/casadecampoliving.com\\\/es\\\/chavon-electronico-christmas-dic-27-en-altos-de-chavon\\\/#primaryimage\"},\"image\":{\"@id\":\"https:\\\/\\\/casadecampoliving.com\\\/es\\\/chavon-electronico-christmas-dic-27-en-altos-de-chavon\\\/#primaryimage\"},\"thumbnailUrl\":\"https:\\\/\\\/i0.wp.com\\\/casadecampoliving.com\\\/wp-content\\\/uploads\\\/2022\\\/10\\\/chavon_electronico_christmas-1.jpg?fit=650%2C454&ssl=1\",\"datePublished\":\"2013-12-26T04:00:00+00:00\",\"dateModified\":\"2022-10-21T22:50:18+00:00\",\"description\":\"\u00a1El viernes 27 de diciembre la fiesta es en Altos de Chav\u00f3n! La versi\u00f3n navide\u00f1a de nuestro Chav\u00f3n Electr\u00f3nico! Disfrute de estos reconocidos DJ\u2019s con la\",\"breadcrumb\":{\"@id\":\"https:\\\/\\\/casadecampoliving.com\\\/es\\\/chavon-electronico-christmas-dic-27-en-altos-de-chavon\\\/#breadcrumb\"},\"inLanguage\":\"es\",\"potentialAction\":[{\"@type\":\"ReadAction\",\"target\":[\"https:\\\/\\\/casadecampoliving.com\\\/es\\\/chavon-electronico-christmas-dic-27-en-altos-de-chavon\\\/\"]}]},{\"@type\":\"ImageObject\",\"inLanguage\":\"es\",\"@id\":\"https:\\\/\\\/casadecampoliving.com\\\/es\\\/chavon-electronico-christmas-dic-27-en-altos-de-chavon\\\/#primaryimage\",\"url\":\"https:\\\/\\\/i0.wp.com\\\/casadecampoliving.com\\\/wp-content\\\/uploads\\\/2022\\\/10\\\/chavon_electronico_christmas-1.jpg?fit=650%2C454&ssl=1\",\"contentUrl\":\"https:\\\/\\\/i0.wp.com\\\/casadecampoliving.com\\\/wp-content\\\/uploads\\\/2022\\\/10\\\/chavon_electronico_christmas-1.jpg?fit=650%2C454&ssl=1\",\"width\":650,\"height\":454,\"caption\":\"Chavon Electronico Christmas\"},{\"@type\":\"BreadcrumbList\",\"@id\":\"https:\\\/\\\/casadecampoliving.com\\\/es\\\/chavon-electronico-christmas-dic-27-en-altos-de-chavon\\\/#breadcrumb\",\"itemListElement\":[{\"@type\":\"ListItem\",\"position\":1,\"name\":\"Home\",\"item\":\"https:\\\/\\\/casadecampoliving.com\\\/es\\\/\"},{\"@type\":\"ListItem\",\"position\":2,\"name\":\"Chav\u00f3n Electr\u00f3nico Christmas, dic. 27 en Altos de Chav\u00f3n\"}]},{\"@type\":\"WebSite\",\"@id\":\"https:\\\/\\\/casadecampoliving.com\\\/es\\\/#website\",\"url\":\"https:\\\/\\\/casadecampoliving.com\\\/es\\\/\",\"name\":\"Casa de Campo Living\",\"description\":\"Resort community news and resources.\",\"publisher\":{\"@id\":\"https:\\\/\\\/casadecampoliving.com\\\/es\\\/#organization\"},\"potentialAction\":[{\"@type\":\"SearchAction\",\"target\":{\"@type\":\"EntryPoint\",\"urlTemplate\":\"https:\\\/\\\/casadecampoliving.com\\\/es\\\/?s={search_term_string}\"},\"query-input\":{\"@type\":\"PropertyValueSpecification\",\"valueRequired\":true,\"valueName\":\"search_term_string\"}}],\"inLanguage\":\"es\"},{\"@type\":\"Organization\",\"@id\":\"https:\\\/\\\/casadecampoliving.com\\\/es\\\/#organization\",\"name\":\"Casa de Campo Living\",\"url\":\"https:\\\/\\\/casadecampoliving.com\\\/es\\\/\",\"logo\":{\"@type\":\"ImageObject\",\"inLanguage\":\"es\",\"@id\":\"https:\\\/\\\/casadecampoliving.com\\\/es\\\/#\\\/schema\\\/logo\\\/image\\\/\",\"url\":\"https:\\\/\\\/i0.wp.com\\\/casadecampoliving.com\\\/wp-content\\\/uploads\\\/2022\\\/07\\\/CDCLivingLogo_V1-white-sized.png?fit=800%2C214&ssl=1\",\"contentUrl\":\"https:\\\/\\\/i0.wp.com\\\/casadecampoliving.com\\\/wp-content\\\/uploads\\\/2022\\\/07\\\/CDCLivingLogo_V1-white-sized.png?fit=800%2C214&ssl=1\",\"width\":800,\"height\":214,\"caption\":\"Casa de Campo Living\"},\"image\":{\"@id\":\"https:\\\/\\\/casadecampoliving.com\\\/es\\\/#\\\/schema\\\/logo\\\/image\\\/\"},\"sameAs\":[\"https:\\\/\\\/www.facebook.com\\\/casadecampoliving\",\"https:\\\/\\\/x.com\\\/cdcliving\"]},{\"@type\":\"Person\",\"@id\":\"https:\\\/\\\/casadecampoliving.com\\\/es\\\/#\\\/schema\\\/person\\\/2b2208f3175fa8761e25b272e096d718\",\"name\":\"Rebecca Silvestri\",\"image\":{\"@type\":\"ImageObject\",\"inLanguage\":\"es\",\"@id\":\"https:\\\/\\\/secure.gravatar.com\\\/avatar\\\/2d937fd6c1769fb718dbf8dce9e82bf5f89e97bd028f9b3ea10b931dc7df95c6?s=96&d=mm&r=g\",\"url\":\"https:\\\/\\\/secure.gravatar.com\\\/avatar\\\/2d937fd6c1769fb718dbf8dce9e82bf5f89e97bd028f9b3ea10b931dc7df95c6?s=96&d=mm&r=g\",\"contentUrl\":\"https:\\\/\\\/secure.gravatar.com\\\/avatar\\\/2d937fd6c1769fb718dbf8dce9e82bf5f89e97bd028f9b3ea10b931dc7df95c6?s=96&d=mm&r=g\",\"caption\":\"Rebecca Silvestri\"},\"url\":\"https:\\\/\\\/casadecampoliving.com\\\/es\\\/author\\\/madamehuge\\\/\"}]}<\/script>\n<!-- \/ Yoast SEO plugin. -->","yoast_head_json":{"title":"Chav\u00f3n Electr\u00f3nico Christmas, dic. 27 en Altos de Chav\u00f3n | Casa de Campo Living","description":"\u00a1El viernes 27 de diciembre la fiesta es en Altos de Chav\u00f3n! La versi\u00f3n navide\u00f1a de nuestro Chav\u00f3n Electr\u00f3nico! Disfrute de estos reconocidos DJ\u2019s con la","robots":{"index":"index","follow":"follow","max-snippet":"max-snippet:-1","max-image-preview":"max-image-preview:large","max-video-preview":"max-video-preview:-1"},"canonical":"https:\/\/casadecampoliving.com\/es\/chavon-electronico-christmas-dic-27-en-altos-de-chavon\/","og_locale":"es_ES","og_type":"article","og_title":"Chav\u00f3n Electr\u00f3nico Christmas, dic. 27 en Altos de Chav\u00f3n | Casa de Campo Living","og_description":"\u00a1El viernes 27 de diciembre la fiesta es en Altos de Chav\u00f3n! La versi\u00f3n navide\u00f1a de nuestro Chav\u00f3n Electr\u00f3nico! Disfrute de estos reconocidos DJ\u2019s con la","og_url":"https:\/\/casadecampoliving.com\/es\/chavon-electronico-christmas-dic-27-en-altos-de-chavon\/","og_site_name":"Casa de Campo Living","article_publisher":"https:\/\/www.facebook.com\/casadecampoliving","article_published_time":"2013-12-26T04:00:00+00:00","article_modified_time":"2022-10-21T22:50:18+00:00","og_image":[{"width":650,"height":454,"url":"https:\/\/i0.wp.com\/casadecampoliving.com\/wp-content\/uploads\/2022\/10\/chavon_electronico_christmas-1.jpg?fit=650%2C454&ssl=1","type":"image\/jpeg"}],"author":"Rebecca Silvestri","twitter_card":"summary_large_image","twitter_creator":"@cdcliving","twitter_site":"@cdcliving","twitter_misc":{"Escrito por":"Rebecca Silvestri","Tiempo de lectura":"1 minuto"},"schema":{"@context":"https:\/\/schema.org","@graph":[{"@type":"Article","@id":"https:\/\/casadecampoliving.com\/es\/chavon-electronico-christmas-dic-27-en-altos-de-chavon\/#article","isPartOf":{"@id":"https:\/\/casadecampoliving.com\/es\/chavon-electronico-christmas-dic-27-en-altos-de-chavon\/"},"author":{"name":"Rebecca Silvestri","@id":"https:\/\/casadecampoliving.com\/es\/#\/schema\/person\/2b2208f3175fa8761e25b272e096d718"},"headline":"Chav\u00f3n Electr\u00f3nico Christmas, dic. 27 en Altos de Chav\u00f3n","datePublished":"2013-12-26T04:00:00+00:00","dateModified":"2022-10-21T22:50:18+00:00","mainEntityOfPage":{"@id":"https:\/\/casadecampoliving.com\/es\/chavon-electronico-christmas-dic-27-en-altos-de-chavon\/"},"wordCount":203,"publisher":{"@id":"https:\/\/casadecampoliving.com\/es\/#organization"},"image":{"@id":"https:\/\/casadecampoliving.com\/es\/chavon-electronico-christmas-dic-27-en-altos-de-chavon\/#primaryimage"},"thumbnailUrl":"https:\/\/i0.wp.com\/casadecampoliving.com\/wp-content\/uploads\/2022\/10\/chavon_electronico_christmas-1.jpg?fit=650%2C454&ssl=1","keywords":["Altos de Chavon","chavon electronico","plaza chavon @es"],"articleSection":["Altos de Chavon @es","Arte y cultura","Comidas &amp; Bebidas","Destacados","Eventos","Proximamente"],"inLanguage":"es"},{"@type":"WebPage","@id":"https:\/\/casadecampoliving.com\/es\/chavon-electronico-christmas-dic-27-en-altos-de-chavon\/","url":"https:\/\/casadecampoliving.com\/es\/chavon-electronico-christmas-dic-27-en-altos-de-chavon\/","name":"Chav\u00f3n Electr\u00f3nico Christmas, dic. 27 en Altos de Chav\u00f3n | Casa de Campo Living","isPartOf":{"@id":"https:\/\/casadecampoliving.com\/es\/#website"},"primaryImageOfPage":{"@id":"https:\/\/casadecampoliving.com\/es\/chavon-electronico-christmas-dic-27-en-altos-de-chavon\/#primaryimage"},"image":{"@id":"https:\/\/casadecampoliving.com\/es\/chavon-electronico-christmas-dic-27-en-altos-de-chavon\/#primaryimage"},"thumbnailUrl":"https:\/\/i0.wp.com\/casadecampoliving.com\/wp-content\/uploads\/2022\/10\/chavon_electronico_christmas-1.jpg?fit=650%2C454&ssl=1","datePublished":"2013-12-26T04:00:00+00:00","dateModified":"2022-10-21T22:50:18+00:00","description":"\u00a1El viernes 27 de diciembre la fiesta es en Altos de Chav\u00f3n! La versi\u00f3n navide\u00f1a de nuestro Chav\u00f3n Electr\u00f3nico! Disfrute de estos reconocidos DJ\u2019s con la","breadcrumb":{"@id":"https:\/\/casadecampoliving.com\/es\/chavon-electronico-christmas-dic-27-en-altos-de-chavon\/#breadcrumb"},"inLanguage":"es","potentialAction":[{"@type":"ReadAction","target":["https:\/\/casadecampoliving.com\/es\/chavon-electronico-christmas-dic-27-en-altos-de-chavon\/"]}]},{"@type":"ImageObject","inLanguage":"es","@id":"https:\/\/casadecampoliving.com\/es\/chavon-electronico-christmas-dic-27-en-altos-de-chavon\/#primaryimage","url":"https:\/\/i0.wp.com\/casadecampoliving.com\/wp-content\/uploads\/2022\/10\/chavon_electronico_christmas-1.jpg?fit=650%2C454&ssl=1","contentUrl":"https:\/\/i0.wp.com\/casadecampoliving.com\/wp-content\/uploads\/2022\/10\/chavon_electronico_christmas-1.jpg?fit=650%2C454&ssl=1","width":650,"height":454,"caption":"Chavon Electronico Christmas"},{"@type":"BreadcrumbList","@id":"https:\/\/casadecampoliving.com\/es\/chavon-electronico-christmas-dic-27-en-altos-de-chavon\/#breadcrumb","itemListElement":[{"@type":"ListItem","position":1,"name":"Home","item":"https:\/\/casadecampoliving.com\/es\/"},{"@type":"ListItem","position":2,"name":"Chav\u00f3n Electr\u00f3nico Christmas, dic. 27 en Altos de Chav\u00f3n"}]},{"@type":"WebSite","@id":"https:\/\/casadecampoliving.com\/es\/#website","url":"https:\/\/casadecampoliving.com\/es\/","name":"Casa de Campo Living","description":"Resort community news and resources.","publisher":{"@id":"https:\/\/casadecampoliving.com\/es\/#organization"},"potentialAction":[{"@type":"SearchAction","target":{"@type":"EntryPoint","urlTemplate":"https:\/\/casadecampoliving.com\/es\/?s={search_term_string}"},"query-input":{"@type":"PropertyValueSpecification","valueRequired":true,"valueName":"search_term_string"}}],"inLanguage":"es"},{"@type":"Organization","@id":"https:\/\/casadecampoliving.com\/es\/#organization","name":"Casa de Campo Living","url":"https:\/\/casadecampoliving.com\/es\/","logo":{"@type":"ImageObject","inLanguage":"es","@id":"https:\/\/casadecampoliving.com\/es\/#\/schema\/logo\/image\/","url":"https:\/\/i0.wp.com\/casadecampoliving.com\/wp-content\/uploads\/2022\/07\/CDCLivingLogo_V1-white-sized.png?fit=800%2C214&ssl=1","contentUrl":"https:\/\/i0.wp.com\/casadecampoliving.com\/wp-content\/uploads\/2022\/07\/CDCLivingLogo_V1-white-sized.png?fit=800%2C214&ssl=1","width":800,"height":214,"caption":"Casa de Campo Living"},"image":{"@id":"https:\/\/casadecampoliving.com\/es\/#\/schema\/logo\/image\/"},"sameAs":["https:\/\/www.facebook.com\/casadecampoliving","https:\/\/x.com\/cdcliving"]},{"@type":"Person","@id":"https:\/\/casadecampoliving.com\/es\/#\/schema\/person\/2b2208f3175fa8761e25b272e096d718","name":"Rebecca Silvestri","image":{"@type":"ImageObject","inLanguage":"es","@id":"https:\/\/secure.gravatar.com\/avatar\/2d937fd6c1769fb718dbf8dce9e82bf5f89e97bd028f9b3ea10b931dc7df95c6?s=96&d=mm&r=g","url":"https:\/\/secure.gravatar.com\/avatar\/2d937fd6c1769fb718dbf8dce9e82bf5f89e97bd028f9b3ea10b931dc7df95c6?s=96&d=mm&r=g","contentUrl":"https:\/\/secure.gravatar.com\/avatar\/2d937fd6c1769fb718dbf8dce9e82bf5f89e97bd028f9b3ea10b931dc7df95c6?s=96&d=mm&r=g","caption":"Rebecca Silvestri"},"url":"https:\/\/casadecampoliving.com\/es\/author\/madamehuge\/"}]}},"parsely":{"version":"1.1.0","canonical_url":"https:\/\/casadecampoliving.com\/es\/chavon-electronico-christmas-dic-27-en-altos-de-chavon\/","smart_links":{"inbound":0,"outbound":0},"traffic_boost_suggestions_count":0,"meta":{"@context":"https:\/\/schema.org","@type":"NewsArticle","headline":"Chav\u00f3n Electr\u00f3nico Christmas, dic. 27 en Altos de Chav\u00f3n","url":"http:\/\/casadecampoliving.com\/es\/chavon-electronico-christmas-dic-27-en-altos-de-chavon\/","mainEntityOfPage":{"@type":"WebPage","@id":"http:\/\/casadecampoliving.com\/es\/chavon-electronico-christmas-dic-27-en-altos-de-chavon\/"},"thumbnailUrl":"https:\/\/i0.wp.com\/casadecampoliving.com\/wp-content\/uploads\/2022\/10\/chavon_electronico_christmas-1.jpg?resize=150%2C150&ssl=1","image":{"@type":"ImageObject","url":"https:\/\/i0.wp.com\/casadecampoliving.com\/wp-content\/uploads\/2022\/10\/chavon_electronico_christmas-1.jpg?fit=650%2C454&ssl=1"},"articleSection":"Altos de Chavon @es","author":[{"@type":"Person","name":"Rebecca Silvestri"}],"creator":["Rebecca Silvestri"],"publisher":{"@type":"Organization","name":"Casa de Campo Living","logo":"https:\/\/casadecampoliving.com\/wp-content\/uploads\/2022\/07\/CDCLivingLogo_V1-white-sized.png"},"keywords":["altos de chavon","chavon electronico","plaza chavon @es"],"dateCreated":"2013-12-26T04:00:00Z","datePublished":"2013-12-26T04:00:00Z","dateModified":"2022-10-21T22:50:18Z"},"rendered":"<script type=\"application\/ld+json\" class=\"wp-parsely-metadata\">{\"@context\":\"https:\\\/\\\/schema.org\",\"@type\":\"NewsArticle\",\"headline\":\"Chav\\u00f3n Electr\\u00f3nico Christmas, dic. 27 en Altos de Chav\\u00f3n\",\"url\":\"http:\\\/\\\/casadecampoliving.com\\\/es\\\/chavon-electronico-christmas-dic-27-en-altos-de-chavon\\\/\",\"mainEntityOfPage\":{\"@type\":\"WebPage\",\"@id\":\"http:\\\/\\\/casadecampoliving.com\\\/es\\\/chavon-electronico-christmas-dic-27-en-altos-de-chavon\\\/\"},\"thumbnailUrl\":\"https:\\\/\\\/i0.wp.com\\\/casadecampoliving.com\\\/wp-content\\\/uploads\\\/2022\\\/10\\\/chavon_electronico_christmas-1.jpg?resize=150%2C150&ssl=1\",\"image\":{\"@type\":\"ImageObject\",\"url\":\"https:\\\/\\\/i0.wp.com\\\/casadecampoliving.com\\\/wp-content\\\/uploads\\\/2022\\\/10\\\/chavon_electronico_christmas-1.jpg?fit=650%2C454&ssl=1\"},\"articleSection\":\"Altos de Chavon @es\",\"author\":[{\"@type\":\"Person\",\"name\":\"Rebecca Silvestri\"}],\"creator\":[\"Rebecca Silvestri\"],\"publisher\":{\"@type\":\"Organization\",\"name\":\"Casa de Campo Living\",\"logo\":\"https:\\\/\\\/casadecampoliving.com\\\/wp-content\\\/uploads\\\/2022\\\/07\\\/CDCLivingLogo_V1-white-sized.png\"},\"keywords\":[\"altos de chavon\",\"chavon electronico\",\"plaza chavon @es\"],\"dateCreated\":\"2013-12-26T04:00:00Z\",\"datePublished\":\"2013-12-26T04:00:00Z\",\"dateModified\":\"2022-10-21T22:50:18Z\"}<\/script>","tracker_url":"https:\/\/cdn.parsely.com\/keys\/casadecampoliving.com\/p.js"},"jetpack_publicize_connections":[],"jetpack_featured_media_url":"https:\/\/i0.wp.com\/casadecampoliving.com\/wp-content\/uploads\/2022\/10\/chavon_electronico_christmas-1.jpg?fit=650%2C454&ssl=1","jetpack-related-posts":[{"id":433460,"url":"https:\/\/casadecampoliving.com\/es\/no-se-pierdan-el-increible-tributo-a-frank-sinatra-para-celebrar-el-40-aniversario-del-anfiteatro-altos-de-chavon\/","url_meta":{"origin":343490,"position":0},"title":"No se pierdan el incre\u00edble tributo a Frank Sinatra para celebrar el 40 aniversario del\u00a0Anfiteatro Altos de Chav\u00f3n","author":"Casa de Campo Living","date":"20 Oct, 2022","format":false,"excerpt":"Siendo uno de los escenarios m\u00e1s emblem\u00e1ticos del pa\u00eds, Casa de Campo Resort\u00ae & Villas celebra las cuatro d\u00e9cadas de aniversario de Altos de Chav\u00f3n con un tributo al gran Frank Sinatra, protagonizado por artistas invitados y una big band tal cual la que acompa\u00f1\u00f3 al artista hace 40 a\u00f1os\u2026","rel":"","context":"En \u00abUncategorized @es\u00bb","block_context":{"text":"Uncategorized @es","link":"https:\/\/casadecampoliving.com\/es\/category\/uncategorized-es\/"},"img":{"alt_text":"","src":"https:\/\/i0.wp.com\/casadecampoliving.com\/wp-content\/uploads\/2022\/10\/Tributo-Frank-Sinatra-Foto-Principal-Amaury-Sanchez-Danilo-Ginebra-Andres-Pichardo-y-Jose-Gabriel-Perez-.jpg?fit=1200%2C873&ssl=1&resize=350%2C200","width":350,"height":200,"srcset":"https:\/\/i0.wp.com\/casadecampoliving.com\/wp-content\/uploads\/2022\/10\/Tributo-Frank-Sinatra-Foto-Principal-Amaury-Sanchez-Danilo-Ginebra-Andres-Pichardo-y-Jose-Gabriel-Perez-.jpg?fit=1200%2C873&ssl=1&resize=350%2C200 1x, https:\/\/i0.wp.com\/casadecampoliving.com\/wp-content\/uploads\/2022\/10\/Tributo-Frank-Sinatra-Foto-Principal-Amaury-Sanchez-Danilo-Ginebra-Andres-Pichardo-y-Jose-Gabriel-Perez-.jpg?fit=1200%2C873&ssl=1&resize=525%2C300 1.5x, https:\/\/i0.wp.com\/casadecampoliving.com\/wp-content\/uploads\/2022\/10\/Tributo-Frank-Sinatra-Foto-Principal-Amaury-Sanchez-Danilo-Ginebra-Andres-Pichardo-y-Jose-Gabriel-Perez-.jpg?fit=1200%2C873&ssl=1&resize=700%2C400 2x, https:\/\/i0.wp.com\/casadecampoliving.com\/wp-content\/uploads\/2022\/10\/Tributo-Frank-Sinatra-Foto-Principal-Amaury-Sanchez-Danilo-Ginebra-Andres-Pichardo-y-Jose-Gabriel-Perez-.jpg?fit=1200%2C873&ssl=1&resize=1050%2C600 3x"},"classes":[]},{"id":343664,"url":"https:\/\/casadecampoliving.com\/es\/recordando-los-buenos-momentos-con-el-christmas-chavon-electronico\/","url_meta":{"origin":343490,"position":1},"title":"Recordando los buenos momentos con el \u00abChristmas Chav\u00f3n Electr\u00f3nico\u00bb","author":"Genesis Perdomo","date":"9 Ene, 2014","format":false,"excerpt":"Continuando con los buenos momentos que se vivieron en la temporada navide\u00f1a en el resort de Casa de Campo, en esta ocasion les traemos las fotos y memorias del \" Christmas Chav\u00f3n Electr\u00f3nico\" que vibro en Altos de Chav\u00f3n el viernes 27 de diciembre. \u00a1El viernes 27 de diciembre era\u2026","rel":"","context":"En \u00abAltos de Chavon @es\u00bb","block_context":{"text":"Altos de Chavon @es","link":"https:\/\/casadecampoliving.com\/category\/altos-de-chavon-es\/"},"img":{"alt_text":"","src":"https:\/\/i0.wp.com\/casadecampoliving.com\/wp-content\/uploads\/2022\/10\/IMG_2534-1.jpg?fit=650%2C433&ssl=1&resize=350%2C200","width":350,"height":200,"srcset":"https:\/\/i0.wp.com\/casadecampoliving.com\/wp-content\/uploads\/2022\/10\/IMG_2534-1.jpg?fit=650%2C433&ssl=1&resize=350%2C200 1x, https:\/\/i0.wp.com\/casadecampoliving.com\/wp-content\/uploads\/2022\/10\/IMG_2534-1.jpg?fit=650%2C433&ssl=1&resize=525%2C300 1.5x"},"classes":[]},{"id":323003,"url":"https:\/\/casadecampoliving.com\/chavon-electronico-altos-de-chavon\/","url_meta":{"origin":343490,"position":2},"title":"Chav\u00f3n Electr\u00f3nico Christmas &#8211; Dec. 27 in Altos de Chav\u00f3n","author":"Rebecca Silvestri","date":"26 Dic, 2013","format":false,"excerpt":"On Friday December 27th get ready to party in Altos de Chavon! Come join us for \u201cChavon Electr\u00f3nico\u201d \u2013 Christmas edition! A bar hopping event between the bars and restaurants of Altos de Chav\u00f3n, while in the Plaza Chav\u00f3n they\u2019ll be DJ Kambax, DJ Gem and DJ Collapse on the\u2026","rel":"","context":"En \u00abAltos de Chavon\u00bb","block_context":{"text":"Altos de Chavon","link":"https:\/\/casadecampoliving.com\/category\/altos-de-chavon\/"},"img":{"alt_text":"Chavon Electronico Christmas","src":"https:\/\/i0.wp.com\/casadecampoliving.com\/wp-content\/uploads\/2022\/10\/chavon_electronico_christmas-1.jpg?fit=650%2C454&ssl=1&resize=350%2C200","width":350,"height":200,"srcset":"https:\/\/i0.wp.com\/casadecampoliving.com\/wp-content\/uploads\/2022\/10\/chavon_electronico_christmas-1.jpg?fit=650%2C454&ssl=1&resize=350%2C200 1x, https:\/\/i0.wp.com\/casadecampoliving.com\/wp-content\/uploads\/2022\/10\/chavon_electronico_christmas-1.jpg?fit=650%2C454&ssl=1&resize=525%2C300 1.5x"},"classes":[]},{"id":343375,"url":"https:\/\/casadecampoliving.com\/es\/eventos-navidenos-altos-de-chavon\/","url_meta":{"origin":343490,"position":3},"title":"Confirmados! Los eventos Navide\u00f1os en Altos de Chav\u00f3n","author":"Genesis Perdomo","date":"1 Dic, 2013","format":false,"excerpt":"Las navidades en Altos de Chav\u00f3n se han convertido en una verdadera tradici\u00f3n en Casa de Campo y todo el pa\u00eds. Por su belleza arquitect\u00f3nica y ambiente id\u00edlico, Altos de Chav\u00f3n es el anfitri\u00f3n perfecto para celebrar la navidad en grande. \u00a1Todas los eventos han sido confirmados!\u00a0aqu\u00ed esta el horario\u2026","rel":"","context":"En \u00abAltos de Chavon @es\u00bb","block_context":{"text":"Altos de Chavon @es","link":"https:\/\/casadecampoliving.com\/category\/altos-de-chavon-es\/"},"img":{"alt_text":"Altos de Chavon Christmas","src":"https:\/\/i0.wp.com\/casadecampoliving.com\/wp-content\/uploads\/2022\/10\/altos_de_chavon_christmas-3.jpg?fit=650%2C433&ssl=1&resize=350%2C200","width":350,"height":200,"srcset":"https:\/\/i0.wp.com\/casadecampoliving.com\/wp-content\/uploads\/2022\/10\/altos_de_chavon_christmas-3.jpg?fit=650%2C433&ssl=1&resize=350%2C200 1x, https:\/\/i0.wp.com\/casadecampoliving.com\/wp-content\/uploads\/2022\/10\/altos_de_chavon_christmas-3.jpg?fit=650%2C433&ssl=1&resize=525%2C300 1.5x"},"classes":[]},{"id":341853,"url":"https:\/\/casadecampoliving.com\/es\/celebrando-la-llegada-del-verano-2013-con-la-fiesta-y-el-bar-hopping-chavon-electronico-el-sabado-22-de-junio\/","url_meta":{"origin":343490,"position":4},"title":"Celebrando la llegada del verano 2013 con la fiesta y el \u00abbar hopping\u00bb Chav\u00f3n Electr\u00f3nico &#8211; el s\u00e1bado 22 de Junio","author":"Mairobi Herrera","date":"13 Jun, 2013","format":false,"excerpt":"\u00a1El s\u00e1bado 22 de junio la fiesta es en Altos de Chav\u00f3n! \u00a0Ya que proximamente se realizar\u00e1 un evento llamado\u00a0Chav\u00f3n Electr\u00f3nico,\u00a0que es Bar Hopping entre los bares y restaurantes de Altos de Chav\u00f3n y cada uno tendr\u00e1 ofertas especiales, adem\u00e1s del\u00a0DJ Papanox y al Pinzi Truck de Red Bull\u00a0en la\u2026","rel":"","context":"En \u00abAltos de Chavon @es\u00bb","block_context":{"text":"Altos de Chavon @es","link":"https:\/\/casadecampoliving.com\/category\/altos-de-chavon-es\/"},"img":{"alt_text":"chavon electronico","src":"https:\/\/i0.wp.com\/casadecampoliving.com\/wp-content\/uploads\/2022\/10\/chavon-electronico-1.jpg?fit=650%2C208&ssl=1&resize=350%2C200","width":350,"height":200,"srcset":"https:\/\/i0.wp.com\/casadecampoliving.com\/wp-content\/uploads\/2022\/10\/chavon-electronico-1.jpg?fit=650%2C208&ssl=1&resize=350%2C200 1x, https:\/\/i0.wp.com\/casadecampoliving.com\/wp-content\/uploads\/2022\/10\/chavon-electronico-1.jpg?fit=650%2C208&ssl=1&resize=525%2C300 1.5x"},"classes":[]},{"id":342075,"url":"https:\/\/casadecampoliving.com\/es\/menu-especial-us28-esta-noche-en-la-piazzetta-para-el-evento-chavon-electronico\/","url_meta":{"origin":343490,"position":5},"title":"Men\u00fa especial US$28 esta noche en La Piazzetta para \u00abChav\u00f3n Electr\u00f3nico\u00bb","author":"Rebecca Silvestri","date":"22 Jun, 2013","format":false,"excerpt":"Hoy, s\u00e1bado 22 de junio celebramos el evento Chav\u00f3n Electr\u00f3nico en Altos de Chav\u00f3n. \u00a0Consiste en Bar Hopping entre los bares y restaurantes de Altos de Chav\u00f3n donde cada uno tendr\u00e1 ofertas especiales, y la nota electr\u00f3nica la ponen el DJ Papanox y el Pinzi Truck de Red Bull en\u2026","rel":"","context":"En \u00abAltos de Chavon @es\u00bb","block_context":{"text":"Altos de Chavon @es","link":"https:\/\/casadecampoliving.com\/category\/altos-de-chavon-es\/"},"img":{"alt_text":"piazzetta altos de chavon","src":"https:\/\/i0.wp.com\/casadecampoliving.com\/wp-content\/uploads\/2022\/10\/piazzetta_altos_chavon-1.jpg?fit=650%2C454&ssl=1&resize=350%2C200","width":350,"height":200,"srcset":"https:\/\/i0.wp.com\/casadecampoliving.com\/wp-content\/uploads\/2022\/10\/piazzetta_altos_chavon-1.jpg?fit=650%2C454&ssl=1&resize=350%2C200 1x, https:\/\/i0.wp.com\/casadecampoliving.com\/wp-content\/uploads\/2022\/10\/piazzetta_altos_chavon-1.jpg?fit=650%2C454&ssl=1&resize=525%2C300 1.5x"},"classes":[]}],"jetpack_sharing_enabled":true,"_links":{"self":[{"href":"https:\/\/casadecampoliving.com\/es\/wp-json\/wp\/v2\/posts\/343490","targetHints":{"allow":["GET"]}}],"collection":[{"href":"https:\/\/casadecampoliving.com\/es\/wp-json\/wp\/v2\/posts"}],"about":[{"href":"https:\/\/casadecampoliving.com\/es\/wp-json\/wp\/v2\/types\/post"}],"author":[{"embeddable":true,"href":"https:\/\/casadecampoliving.com\/es\/wp-json\/wp\/v2\/users\/31"}],"replies":[{"embeddable":true,"href":"https:\/\/casadecampoliving.com\/es\/wp-json\/wp\/v2\/comments?post=343490"}],"version-history":[{"count":1,"href":"https:\/\/casadecampoliving.com\/es\/wp-json\/wp\/v2\/posts\/343490\/revisions"}],"predecessor-version":[{"id":343491,"href":"https:\/\/casadecampoliving.com\/es\/wp-json\/wp\/v2\/posts\/343490\/revisions\/343491"}],"wp:featuredmedia":[{"embeddable":true,"href":"https:\/\/casadecampoliving.com\/es\/wp-json\/wp\/v2\/media\/246542"}],"wp:attachment":[{"href":"https:\/\/casadecampoliving.com\/es\/wp-json\/wp\/v2\/media?parent=343490"}],"wp:term":[{"taxonomy":"category","embeddable":true,"href":"https:\/\/casadecampoliving.com\/es\/wp-json\/wp\/v2\/categories?post=343490"},{"taxonomy":"post_tag","embeddable":true,"href":"https:\/\/casadecampoliving.com\/es\/wp-json\/wp\/v2\/tags?post=343490"},{"taxonomy":"newspack_spnsrs_tax","embeddable":true,"href":"https:\/\/casadecampoliving.com\/es\/wp-json\/wp\/v2\/newspack_spnsrs_tax?post=343490"}],"curies":[{"name":"wp","href":"https:\/\/api.w.org\/{rel}","templated":true}]}}