{"id":343424,"date":"2013-12-15T00:00:00","date_gmt":"2013-12-15T04:00:00","guid":{"rendered":"https:\/\/casadecampoliving.com\/guarde-la-fecha-otro-sunset-jazz-night-en-azimut-cafe\/"},"modified":"2022-10-21T18:48:11","modified_gmt":"2022-10-21T22:48:11","slug":"guarde-la-fecha-otro-sunset-jazz-night-en-azimut-cafe","status":"publish","type":"post","link":"https:\/\/casadecampoliving.com\/es\/guarde-la-fecha-otro-sunset-jazz-night-en-azimut-cafe\/","title":{"rendered":"\u00a1Guarde la fecha! Otro Sunset Jazz Night en Azimut Caf\u00e9"},"content":{"rendered":"<div class=\"wp-block-image\">\n<figure class=\"aligncenter is-resized\"><a href=\"https:\/\/i0.wp.com\/casadecampoliving.com\/wp-content\/uploads\/2022\/10\/jazz-night.jpg?ssl=1\"><img loading=\"lazy\" decoding=\"async\" src=\"https:\/\/i0.wp.com\/casadecampoliving.com\/wp-content\/uploads\/2022\/10\/jazz-night.jpg?resize=650%2C433&amp;ssl=1\" alt=\"Jazz night\" class=\"wp-image-82338\" height=\"433\" width=\"650\"\/><\/a><\/figure>\n<\/div>\n\n\n<p><strong>\u00a1Guarde la fecha!<\/strong>&nbsp;Otro Sunset Jazz en Azimut Caf\u00e9 en La Marina Casa de Campo est\u00e1 planeado para el s\u00e1bado 21 de diciembre.<\/p>\n\n\n<div class=\"wp-block-image\">\n<figure class=\"alignright is-resized\"><img loading=\"lazy\" decoding=\"async\" src=\"https:\/\/i0.wp.com\/casadecampoliving.com\/wp-content\/uploads\/2022\/10\/jazz_saxophone.jpg?resize=194%2C363&amp;ssl=1\" alt=\"jazz saxophone\" class=\"wp-image-82357\" height=\"363\" width=\"194\"\/><\/figure>\n<\/div>\n\n\n<p>Si usted disfrut\u00f3 del Sunset Jazz Night en Azimut Caf\u00e9 (el pasado viernes 29 de noviembre) lo mejor es que guarde la fecha para esta edici\u00f3n de diciembre. Con toda la emoci\u00f3n y entusiasmo que trae esta \u00e9poca del a\u00f1o. \u00a1Ser\u00e1 incre\u00edble!<\/p>\n\n\n\n<p>Patrocinado por SILGON con Casa de Campo Living y TODO Casa de Campo, los Sunset Jazz Nights organizado regularmente en el Azimut Caf\u00e9 en La Marina Casa de Campo por Mauro Caslini, presidente y CEO de IB Nautica con su hija Alicia Caslini de Mariconi,&nbsp;propietaria y Directora de Ventas y Marketing de IBI Yates.<\/p>\n\n\n\n<p>\u00bfEntonces, qu\u00e9 espera? una noche festiva, en la hermosa Marina Casa de Campo, con Jazz, champa\u00f1a y amistades. \u00bfQue m\u00e1s puede pedir?<\/p>\n\n\n\n<p><a href=\"https:\/\/casadecampoliving.com\/es\/azimut-cafe-jazz\/\">El \u00faltimo Sunset Jazz night fue simplemente fabuloso, as\u00ed que haga clic aqu\u00ed para que vea para que se est\u00e1 preparando.<\/a><\/p>\n\n\n\n<p><em><strong>\u00a1Todos&nbsp;est\u00e1n&nbsp;cordialmente invitados a acompa\u00f1arnos en esta noche llena de jazz y sobre todo mucha diversi\u00f3n!<\/strong><\/em><\/p>\n\n\n\n<blockquote><figure><img decoding=\"async\" loading=\"lazy\" class=\"alignright  wp-image-74975\" alt=\"sunset jazz night\" src=\"https:\/\/i0.wp.com\/casadecampoliving.com\/wp-content\/uploads\/2022\/10\/sunset_jazz_night-300x199-2.jpg?resize=243%2C161&amp;ssl=1\" width=\"243\" height=\"161\"><\/figure><p><span style=\"text-decoration: underline;\"><strong><\/strong><\/span><\/p><p><span style=\"text-decoration: underline;\"><strong>Sunset Jazz Night en Azimut Caf\u00e9<\/strong><\/span><\/p><p><strong>Cuando: <\/strong>S\u00e1bado 21 de diciembre, 6pm-9pm<\/p><p><strong>Donde:<\/strong>&nbsp;Azimut Caf\u00e9, Paseo del Mar, Marina Casa de Campo<\/p><p><strong>Contactos:<\/strong>&nbsp;(809) 449-3323 o (809) 449-3321<\/p><p>Para un calendario completo de actividades y eventos visite:<a href=\"http:\/\/todo.fm\/\"> www.TODO.fm&nbsp;<\/a><\/p><\/blockquote>\n","protected":false},"excerpt":{"rendered":"<p>\u00a1Guarde la fecha!&nbsp;Otro Sunset Jazz en Azimut Caf\u00e9 en La Marina Casa de Campo est\u00e1 planeado para el s\u00e1bado 21 de diciembre. Si usted disfrut\u00f3 del Sunset Jazz Night en Azimut Caf\u00e9 (el pasado viernes 29 de noviembre) lo mejor es que guarde la fecha para esta edici\u00f3n de diciembre. Con toda la emoci\u00f3n y [&hellip;]<\/p>\n","protected":false},"author":614,"featured_media":243466,"comment_status":"closed","ping_status":"closed","sticky":false,"template":"","format":"standard","meta":{"newspack_ads_suppress_ads":false,"newspack_popups_has_disabled_popups":false,"newspack_sponsor_sponsorship_scope":"","newspack_sponsor_native_byline_display":"inherit","newspack_sponsor_native_category_display":"inherit","newspack_sponsor_underwriter_style":"inherit","newspack_sponsor_underwriter_placement":"inherit","_newspack_byline_active":false,"_newspack_byline":"","newspack_content_restriction_is_exempt":false,"newspack_featured_image_position":"","newspack_post_subtitle":"","newspack_article_summary_title":"Overview:","newspack_article_summary":"","newspack_hide_updated_date":false,"newspack_show_updated_date":false,"_jetpack_memberships_contains_paid_content":false,"footnotes":"","jetpack_publicize_message":"","jetpack_publicize_feature_enabled":true,"jetpack_social_post_already_shared":false,"jetpack_social_options":{"image_generator_settings":{"template":"highway","default_image_id":0,"font":"","enabled":false},"version":2},"_wpas_customize_per_network":false},"categories":[26936,14629,2524,2522,26581,14625,14627,2501],"tags":[4886,8046,5544],"newspack_spnsrs_tax":[],"class_list":["post-343424","post","type-post","status-publish","format-standard","has-post-thumbnail","hentry","category-casa-de-campo-living-es","category-comidas-bebidas","category-destacados","category-eventos-es","category-la-marina-casa-de-campo","category-noticias-locales","category-proximamente","category-vida-nocturna-es","tag-azimut-cafe-es","tag-la-marina-casa-de-campoes","tag-sunset-jazz-nights","entry"],"yoast_head":"<!-- This site is optimized with the Yoast SEO plugin v27.2 - https:\/\/yoast.com\/product\/yoast-seo-wordpress\/ -->\n<title>\u00a1Guarde la fecha! Otro Sunset Jazz Night en Azimut Caf\u00e9 | Casa de Campo Living<\/title>\n<meta name=\"description\" content=\"\u00a1Guarde la fecha!&nbsp;Otro Sunset Jazz en Azimut Caf\u00e9 en La Marina Casa de Campo est\u00e1 planeado para el s\u00e1bado 21 de diciembre. Si usted disfrut\u00f3 del\" \/>\n<meta name=\"robots\" content=\"index, follow, max-snippet:-1, max-image-preview:large, max-video-preview:-1\" \/>\n<link rel=\"canonical\" href=\"https:\/\/casadecampoliving.com\/es\/guarde-la-fecha-otro-sunset-jazz-night-en-azimut-cafe\/\" \/>\n<meta property=\"og:locale\" content=\"es_ES\" \/>\n<meta property=\"og:type\" content=\"article\" \/>\n<meta property=\"og:title\" content=\"\u00a1Guarde la fecha! Otro Sunset Jazz Night en Azimut Caf\u00e9 | Casa de Campo Living\" \/>\n<meta property=\"og:description\" content=\"\u00a1Guarde la fecha!&nbsp;Otro Sunset Jazz en Azimut Caf\u00e9 en La Marina Casa de Campo est\u00e1 planeado para el s\u00e1bado 21 de diciembre. Si usted disfrut\u00f3 del\" \/>\n<meta property=\"og:url\" content=\"https:\/\/casadecampoliving.com\/es\/guarde-la-fecha-otro-sunset-jazz-night-en-azimut-cafe\/\" \/>\n<meta property=\"og:site_name\" content=\"Casa de Campo Living\" \/>\n<meta property=\"article:publisher\" content=\"https:\/\/www.facebook.com\/casadecampoliving\" \/>\n<meta property=\"article:published_time\" content=\"2013-12-15T04:00:00+00:00\" \/>\n<meta property=\"article:modified_time\" content=\"2022-10-21T22:48:11+00:00\" \/>\n<meta property=\"og:image\" content=\"https:\/\/i0.wp.com\/casadecampoliving.com\/wp-content\/uploads\/2022\/10\/jazz-night-1.jpg?fit=650%2C433&ssl=1\" \/>\n\t<meta property=\"og:image:width\" content=\"650\" \/>\n\t<meta property=\"og:image:height\" content=\"433\" \/>\n\t<meta property=\"og:image:type\" content=\"image\/jpeg\" \/>\n<meta name=\"author\" content=\"Genesis Perdomo\" \/>\n<meta name=\"twitter:card\" content=\"summary_large_image\" \/>\n<meta name=\"twitter:creator\" content=\"@cdcliving\" \/>\n<meta name=\"twitter:site\" content=\"@cdcliving\" \/>\n<meta name=\"twitter:label1\" content=\"Escrito por\" \/>\n\t<meta name=\"twitter:data1\" content=\"Genesis Perdomo\" \/>\n\t<meta name=\"twitter:label2\" content=\"Tiempo de lectura\" \/>\n\t<meta name=\"twitter:data2\" content=\"1 minuto\" \/>\n<script type=\"application\/ld+json\" class=\"yoast-schema-graph\">{\"@context\":\"https:\/\/schema.org\",\"@graph\":[{\"@type\":\"Article\",\"@id\":\"https:\/\/casadecampoliving.com\/es\/guarde-la-fecha-otro-sunset-jazz-night-en-azimut-cafe\/#article\",\"isPartOf\":{\"@id\":\"https:\/\/casadecampoliving.com\/es\/guarde-la-fecha-otro-sunset-jazz-night-en-azimut-cafe\/\"},\"author\":{\"name\":\"Genesis Perdomo\",\"@id\":\"https:\/\/casadecampoliving.com\/es\/#\/schema\/person\/242cf7c69a59395bbe7de24405601b76\"},\"headline\":\"\u00a1Guarde la fecha! Otro Sunset Jazz Night en Azimut Caf\u00e9\",\"datePublished\":\"2013-12-15T04:00:00+00:00\",\"dateModified\":\"2022-10-21T22:48:11+00:00\",\"mainEntityOfPage\":{\"@id\":\"https:\/\/casadecampoliving.com\/es\/guarde-la-fecha-otro-sunset-jazz-night-en-azimut-cafe\/\"},\"wordCount\":244,\"publisher\":{\"@id\":\"https:\/\/casadecampoliving.com\/es\/#organization\"},\"image\":{\"@id\":\"https:\/\/casadecampoliving.com\/es\/guarde-la-fecha-otro-sunset-jazz-night-en-azimut-cafe\/#primaryimage\"},\"thumbnailUrl\":\"https:\/\/i0.wp.com\/casadecampoliving.com\/wp-content\/uploads\/2022\/10\/jazz-night-1.jpg?fit=650%2C433&ssl=1\",\"keywords\":[\"azimut cafe @es\",\"La Marina Casa de Campo@es\",\"sunset jazz nights\"],\"articleSection\":[\"Casa de Campo Living @es\",\"Comidas &amp; Bebidas\",\"Destacados\",\"Eventos\",\"La Marina Casa de Campo\",\"Noticias Locales\",\"Proximamente\",\"Vida Nocturna\"],\"inLanguage\":\"es\"},{\"@type\":\"WebPage\",\"@id\":\"https:\/\/casadecampoliving.com\/es\/guarde-la-fecha-otro-sunset-jazz-night-en-azimut-cafe\/\",\"url\":\"https:\/\/casadecampoliving.com\/es\/guarde-la-fecha-otro-sunset-jazz-night-en-azimut-cafe\/\",\"name\":\"\u00a1Guarde la fecha! Otro Sunset Jazz Night en Azimut Caf\u00e9 | Casa de Campo Living\",\"isPartOf\":{\"@id\":\"https:\/\/casadecampoliving.com\/es\/#website\"},\"primaryImageOfPage\":{\"@id\":\"https:\/\/casadecampoliving.com\/es\/guarde-la-fecha-otro-sunset-jazz-night-en-azimut-cafe\/#primaryimage\"},\"image\":{\"@id\":\"https:\/\/casadecampoliving.com\/es\/guarde-la-fecha-otro-sunset-jazz-night-en-azimut-cafe\/#primaryimage\"},\"thumbnailUrl\":\"https:\/\/i0.wp.com\/casadecampoliving.com\/wp-content\/uploads\/2022\/10\/jazz-night-1.jpg?fit=650%2C433&ssl=1\",\"datePublished\":\"2013-12-15T04:00:00+00:00\",\"dateModified\":\"2022-10-21T22:48:11+00:00\",\"description\":\"\u00a1Guarde la fecha!&nbsp;Otro Sunset Jazz en Azimut Caf\u00e9 en La Marina Casa de Campo est\u00e1 planeado para el s\u00e1bado 21 de diciembre. Si usted disfrut\u00f3 del\",\"breadcrumb\":{\"@id\":\"https:\/\/casadecampoliving.com\/es\/guarde-la-fecha-otro-sunset-jazz-night-en-azimut-cafe\/#breadcrumb\"},\"inLanguage\":\"es\",\"potentialAction\":[{\"@type\":\"ReadAction\",\"target\":[\"https:\/\/casadecampoliving.com\/es\/guarde-la-fecha-otro-sunset-jazz-night-en-azimut-cafe\/\"]}]},{\"@type\":\"ImageObject\",\"inLanguage\":\"es\",\"@id\":\"https:\/\/casadecampoliving.com\/es\/guarde-la-fecha-otro-sunset-jazz-night-en-azimut-cafe\/#primaryimage\",\"url\":\"https:\/\/i0.wp.com\/casadecampoliving.com\/wp-content\/uploads\/2022\/10\/jazz-night-1.jpg?fit=650%2C433&ssl=1\",\"contentUrl\":\"https:\/\/i0.wp.com\/casadecampoliving.com\/wp-content\/uploads\/2022\/10\/jazz-night-1.jpg?fit=650%2C433&ssl=1\",\"width\":650,\"height\":433,\"caption\":\"Jazz night\"},{\"@type\":\"BreadcrumbList\",\"@id\":\"https:\/\/casadecampoliving.com\/es\/guarde-la-fecha-otro-sunset-jazz-night-en-azimut-cafe\/#breadcrumb\",\"itemListElement\":[{\"@type\":\"ListItem\",\"position\":1,\"name\":\"Home\",\"item\":\"https:\/\/casadecampoliving.com\/es\/\"},{\"@type\":\"ListItem\",\"position\":2,\"name\":\"\u00a1Guarde la fecha! Otro Sunset Jazz Night en Azimut Caf\u00e9\"}]},{\"@type\":\"WebSite\",\"@id\":\"https:\/\/casadecampoliving.com\/es\/#website\",\"url\":\"https:\/\/casadecampoliving.com\/es\/\",\"name\":\"Casa de Campo Living\",\"description\":\"Resort community news and resources.\",\"publisher\":{\"@id\":\"https:\/\/casadecampoliving.com\/es\/#organization\"},\"potentialAction\":[{\"@type\":\"SearchAction\",\"target\":{\"@type\":\"EntryPoint\",\"urlTemplate\":\"https:\/\/casadecampoliving.com\/es\/?s={search_term_string}\"},\"query-input\":{\"@type\":\"PropertyValueSpecification\",\"valueRequired\":true,\"valueName\":\"search_term_string\"}}],\"inLanguage\":\"es\"},{\"@type\":\"Organization\",\"@id\":\"https:\/\/casadecampoliving.com\/es\/#organization\",\"name\":\"Casa de Campo Living\",\"url\":\"https:\/\/casadecampoliving.com\/es\/\",\"logo\":{\"@type\":\"ImageObject\",\"inLanguage\":\"es\",\"@id\":\"https:\/\/casadecampoliving.com\/es\/#\/schema\/logo\/image\/\",\"url\":\"https:\/\/i0.wp.com\/casadecampoliving.com\/wp-content\/uploads\/2022\/07\/CDCLivingLogo_V1-white-sized.png?fit=800%2C214&ssl=1\",\"contentUrl\":\"https:\/\/i0.wp.com\/casadecampoliving.com\/wp-content\/uploads\/2022\/07\/CDCLivingLogo_V1-white-sized.png?fit=800%2C214&ssl=1\",\"width\":800,\"height\":214,\"caption\":\"Casa de Campo Living\"},\"image\":{\"@id\":\"https:\/\/casadecampoliving.com\/es\/#\/schema\/logo\/image\/\"},\"sameAs\":[\"https:\/\/www.facebook.com\/casadecampoliving\",\"https:\/\/x.com\/cdcliving\"]},{\"@type\":\"Person\",\"@id\":\"https:\/\/casadecampoliving.com\/es\/#\/schema\/person\/242cf7c69a59395bbe7de24405601b76\",\"name\":\"Genesis Perdomo\",\"image\":{\"@type\":\"ImageObject\",\"inLanguage\":\"es\",\"@id\":\"https:\/\/secure.gravatar.com\/avatar\/1e89145b3cf01cf3b3fdf1d3d2e3c53f60c2978235045ae44df10fb8c79924c1?s=96&d=mm&r=g\",\"url\":\"https:\/\/secure.gravatar.com\/avatar\/1e89145b3cf01cf3b3fdf1d3d2e3c53f60c2978235045ae44df10fb8c79924c1?s=96&d=mm&r=g\",\"contentUrl\":\"https:\/\/secure.gravatar.com\/avatar\/1e89145b3cf01cf3b3fdf1d3d2e3c53f60c2978235045ae44df10fb8c79924c1?s=96&d=mm&r=g\",\"caption\":\"Genesis Perdomo\"},\"url\":\"https:\/\/casadecampoliving.com\/es\/author\/gperdomo\/\"}]}<\/script>\n<!-- \/ Yoast SEO plugin. -->","yoast_head_json":{"title":"\u00a1Guarde la fecha! Otro Sunset Jazz Night en Azimut Caf\u00e9 | Casa de Campo Living","description":"\u00a1Guarde la fecha!&nbsp;Otro Sunset Jazz en Azimut Caf\u00e9 en La Marina Casa de Campo est\u00e1 planeado para el s\u00e1bado 21 de diciembre. Si usted disfrut\u00f3 del","robots":{"index":"index","follow":"follow","max-snippet":"max-snippet:-1","max-image-preview":"max-image-preview:large","max-video-preview":"max-video-preview:-1"},"canonical":"https:\/\/casadecampoliving.com\/es\/guarde-la-fecha-otro-sunset-jazz-night-en-azimut-cafe\/","og_locale":"es_ES","og_type":"article","og_title":"\u00a1Guarde la fecha! Otro Sunset Jazz Night en Azimut Caf\u00e9 | Casa de Campo Living","og_description":"\u00a1Guarde la fecha!&nbsp;Otro Sunset Jazz en Azimut Caf\u00e9 en La Marina Casa de Campo est\u00e1 planeado para el s\u00e1bado 21 de diciembre. Si usted disfrut\u00f3 del","og_url":"https:\/\/casadecampoliving.com\/es\/guarde-la-fecha-otro-sunset-jazz-night-en-azimut-cafe\/","og_site_name":"Casa de Campo Living","article_publisher":"https:\/\/www.facebook.com\/casadecampoliving","article_published_time":"2013-12-15T04:00:00+00:00","article_modified_time":"2022-10-21T22:48:11+00:00","og_image":[{"width":650,"height":433,"url":"https:\/\/i0.wp.com\/casadecampoliving.com\/wp-content\/uploads\/2022\/10\/jazz-night-1.jpg?fit=650%2C433&ssl=1","type":"image\/jpeg"}],"author":"Genesis Perdomo","twitter_card":"summary_large_image","twitter_creator":"@cdcliving","twitter_site":"@cdcliving","twitter_misc":{"Escrito por":"Genesis Perdomo","Tiempo de lectura":"1 minuto"},"schema":{"@context":"https:\/\/schema.org","@graph":[{"@type":"Article","@id":"https:\/\/casadecampoliving.com\/es\/guarde-la-fecha-otro-sunset-jazz-night-en-azimut-cafe\/#article","isPartOf":{"@id":"https:\/\/casadecampoliving.com\/es\/guarde-la-fecha-otro-sunset-jazz-night-en-azimut-cafe\/"},"author":{"name":"Genesis Perdomo","@id":"https:\/\/casadecampoliving.com\/es\/#\/schema\/person\/242cf7c69a59395bbe7de24405601b76"},"headline":"\u00a1Guarde la fecha! Otro Sunset Jazz Night en Azimut Caf\u00e9","datePublished":"2013-12-15T04:00:00+00:00","dateModified":"2022-10-21T22:48:11+00:00","mainEntityOfPage":{"@id":"https:\/\/casadecampoliving.com\/es\/guarde-la-fecha-otro-sunset-jazz-night-en-azimut-cafe\/"},"wordCount":244,"publisher":{"@id":"https:\/\/casadecampoliving.com\/es\/#organization"},"image":{"@id":"https:\/\/casadecampoliving.com\/es\/guarde-la-fecha-otro-sunset-jazz-night-en-azimut-cafe\/#primaryimage"},"thumbnailUrl":"https:\/\/i0.wp.com\/casadecampoliving.com\/wp-content\/uploads\/2022\/10\/jazz-night-1.jpg?fit=650%2C433&ssl=1","keywords":["azimut cafe @es","La Marina Casa de Campo@es","sunset jazz nights"],"articleSection":["Casa de Campo Living @es","Comidas &amp; Bebidas","Destacados","Eventos","La Marina Casa de Campo","Noticias Locales","Proximamente","Vida Nocturna"],"inLanguage":"es"},{"@type":"WebPage","@id":"https:\/\/casadecampoliving.com\/es\/guarde-la-fecha-otro-sunset-jazz-night-en-azimut-cafe\/","url":"https:\/\/casadecampoliving.com\/es\/guarde-la-fecha-otro-sunset-jazz-night-en-azimut-cafe\/","name":"\u00a1Guarde la fecha! Otro Sunset Jazz Night en Azimut Caf\u00e9 | Casa de Campo Living","isPartOf":{"@id":"https:\/\/casadecampoliving.com\/es\/#website"},"primaryImageOfPage":{"@id":"https:\/\/casadecampoliving.com\/es\/guarde-la-fecha-otro-sunset-jazz-night-en-azimut-cafe\/#primaryimage"},"image":{"@id":"https:\/\/casadecampoliving.com\/es\/guarde-la-fecha-otro-sunset-jazz-night-en-azimut-cafe\/#primaryimage"},"thumbnailUrl":"https:\/\/i0.wp.com\/casadecampoliving.com\/wp-content\/uploads\/2022\/10\/jazz-night-1.jpg?fit=650%2C433&ssl=1","datePublished":"2013-12-15T04:00:00+00:00","dateModified":"2022-10-21T22:48:11+00:00","description":"\u00a1Guarde la fecha!&nbsp;Otro Sunset Jazz en Azimut Caf\u00e9 en La Marina Casa de Campo est\u00e1 planeado para el s\u00e1bado 21 de diciembre. Si usted disfrut\u00f3 del","breadcrumb":{"@id":"https:\/\/casadecampoliving.com\/es\/guarde-la-fecha-otro-sunset-jazz-night-en-azimut-cafe\/#breadcrumb"},"inLanguage":"es","potentialAction":[{"@type":"ReadAction","target":["https:\/\/casadecampoliving.com\/es\/guarde-la-fecha-otro-sunset-jazz-night-en-azimut-cafe\/"]}]},{"@type":"ImageObject","inLanguage":"es","@id":"https:\/\/casadecampoliving.com\/es\/guarde-la-fecha-otro-sunset-jazz-night-en-azimut-cafe\/#primaryimage","url":"https:\/\/i0.wp.com\/casadecampoliving.com\/wp-content\/uploads\/2022\/10\/jazz-night-1.jpg?fit=650%2C433&ssl=1","contentUrl":"https:\/\/i0.wp.com\/casadecampoliving.com\/wp-content\/uploads\/2022\/10\/jazz-night-1.jpg?fit=650%2C433&ssl=1","width":650,"height":433,"caption":"Jazz night"},{"@type":"BreadcrumbList","@id":"https:\/\/casadecampoliving.com\/es\/guarde-la-fecha-otro-sunset-jazz-night-en-azimut-cafe\/#breadcrumb","itemListElement":[{"@type":"ListItem","position":1,"name":"Home","item":"https:\/\/casadecampoliving.com\/es\/"},{"@type":"ListItem","position":2,"name":"\u00a1Guarde la fecha! Otro Sunset Jazz Night en Azimut Caf\u00e9"}]},{"@type":"WebSite","@id":"https:\/\/casadecampoliving.com\/es\/#website","url":"https:\/\/casadecampoliving.com\/es\/","name":"Casa de Campo Living","description":"Resort community news and resources.","publisher":{"@id":"https:\/\/casadecampoliving.com\/es\/#organization"},"potentialAction":[{"@type":"SearchAction","target":{"@type":"EntryPoint","urlTemplate":"https:\/\/casadecampoliving.com\/es\/?s={search_term_string}"},"query-input":{"@type":"PropertyValueSpecification","valueRequired":true,"valueName":"search_term_string"}}],"inLanguage":"es"},{"@type":"Organization","@id":"https:\/\/casadecampoliving.com\/es\/#organization","name":"Casa de Campo Living","url":"https:\/\/casadecampoliving.com\/es\/","logo":{"@type":"ImageObject","inLanguage":"es","@id":"https:\/\/casadecampoliving.com\/es\/#\/schema\/logo\/image\/","url":"https:\/\/i0.wp.com\/casadecampoliving.com\/wp-content\/uploads\/2022\/07\/CDCLivingLogo_V1-white-sized.png?fit=800%2C214&ssl=1","contentUrl":"https:\/\/i0.wp.com\/casadecampoliving.com\/wp-content\/uploads\/2022\/07\/CDCLivingLogo_V1-white-sized.png?fit=800%2C214&ssl=1","width":800,"height":214,"caption":"Casa de Campo Living"},"image":{"@id":"https:\/\/casadecampoliving.com\/es\/#\/schema\/logo\/image\/"},"sameAs":["https:\/\/www.facebook.com\/casadecampoliving","https:\/\/x.com\/cdcliving"]},{"@type":"Person","@id":"https:\/\/casadecampoliving.com\/es\/#\/schema\/person\/242cf7c69a59395bbe7de24405601b76","name":"Genesis Perdomo","image":{"@type":"ImageObject","inLanguage":"es","@id":"https:\/\/secure.gravatar.com\/avatar\/1e89145b3cf01cf3b3fdf1d3d2e3c53f60c2978235045ae44df10fb8c79924c1?s=96&d=mm&r=g","url":"https:\/\/secure.gravatar.com\/avatar\/1e89145b3cf01cf3b3fdf1d3d2e3c53f60c2978235045ae44df10fb8c79924c1?s=96&d=mm&r=g","contentUrl":"https:\/\/secure.gravatar.com\/avatar\/1e89145b3cf01cf3b3fdf1d3d2e3c53f60c2978235045ae44df10fb8c79924c1?s=96&d=mm&r=g","caption":"Genesis Perdomo"},"url":"https:\/\/casadecampoliving.com\/es\/author\/gperdomo\/"}]}},"parsely":{"version":"1.1.0","canonical_url":"https:\/\/casadecampoliving.com\/es\/guarde-la-fecha-otro-sunset-jazz-night-en-azimut-cafe\/","smart_links":{"inbound":0,"outbound":0},"traffic_boost_suggestions_count":0,"meta":{"@context":"https:\/\/schema.org","@type":"NewsArticle","headline":"\u00a1Guarde la fecha! Otro Sunset Jazz Night en Azimut Caf\u00e9","url":"http:\/\/casadecampoliving.com\/es\/guarde-la-fecha-otro-sunset-jazz-night-en-azimut-cafe\/","mainEntityOfPage":{"@type":"WebPage","@id":"http:\/\/casadecampoliving.com\/es\/guarde-la-fecha-otro-sunset-jazz-night-en-azimut-cafe\/"},"thumbnailUrl":"https:\/\/i0.wp.com\/casadecampoliving.com\/wp-content\/uploads\/2022\/10\/jazz-night-1.jpg?resize=150%2C150&ssl=1","image":{"@type":"ImageObject","url":"https:\/\/i0.wp.com\/casadecampoliving.com\/wp-content\/uploads\/2022\/10\/jazz-night-1.jpg?fit=650%2C433&ssl=1"},"articleSection":"Casa de Campo Living @es","author":[{"@type":"Person","name":"Genesis Perdomo"}],"creator":["Genesis Perdomo"],"publisher":{"@type":"Organization","name":"Casa de Campo Living","logo":"https:\/\/casadecampoliving.com\/wp-content\/uploads\/2022\/07\/CDCLivingLogo_V1-white-sized.png"},"keywords":["azimut cafe @es","la marina casa de campo@es","sunset jazz nights"],"dateCreated":"2013-12-15T04:00:00Z","datePublished":"2013-12-15T04:00:00Z","dateModified":"2022-10-21T22:48:11Z"},"rendered":"<script type=\"application\/ld+json\" class=\"wp-parsely-metadata\">{\"@context\":\"https:\\\/\\\/schema.org\",\"@type\":\"NewsArticle\",\"headline\":\"\\u00a1Guarde la fecha! Otro Sunset Jazz Night en Azimut Caf\\u00e9\",\"url\":\"http:\\\/\\\/casadecampoliving.com\\\/es\\\/guarde-la-fecha-otro-sunset-jazz-night-en-azimut-cafe\\\/\",\"mainEntityOfPage\":{\"@type\":\"WebPage\",\"@id\":\"http:\\\/\\\/casadecampoliving.com\\\/es\\\/guarde-la-fecha-otro-sunset-jazz-night-en-azimut-cafe\\\/\"},\"thumbnailUrl\":\"https:\\\/\\\/i0.wp.com\\\/casadecampoliving.com\\\/wp-content\\\/uploads\\\/2022\\\/10\\\/jazz-night-1.jpg?resize=150%2C150&ssl=1\",\"image\":{\"@type\":\"ImageObject\",\"url\":\"https:\\\/\\\/i0.wp.com\\\/casadecampoliving.com\\\/wp-content\\\/uploads\\\/2022\\\/10\\\/jazz-night-1.jpg?fit=650%2C433&ssl=1\"},\"articleSection\":\"Casa de Campo Living @es\",\"author\":[{\"@type\":\"Person\",\"name\":\"Genesis Perdomo\"}],\"creator\":[\"Genesis Perdomo\"],\"publisher\":{\"@type\":\"Organization\",\"name\":\"Casa de Campo Living\",\"logo\":\"https:\\\/\\\/casadecampoliving.com\\\/wp-content\\\/uploads\\\/2022\\\/07\\\/CDCLivingLogo_V1-white-sized.png\"},\"keywords\":[\"azimut cafe @es\",\"la marina casa de campo@es\",\"sunset jazz nights\"],\"dateCreated\":\"2013-12-15T04:00:00Z\",\"datePublished\":\"2013-12-15T04:00:00Z\",\"dateModified\":\"2022-10-21T22:48:11Z\"}<\/script>","tracker_url":"https:\/\/cdn.parsely.com\/keys\/casadecampoliving.com\/p.js"},"jetpack_publicize_connections":[],"jetpack_featured_media_url":"https:\/\/i0.wp.com\/casadecampoliving.com\/wp-content\/uploads\/2022\/10\/jazz-night-1.jpg?fit=650%2C433&ssl=1","jetpack-related-posts":[{"id":344107,"url":"https:\/\/casadecampoliving.com\/es\/anote-la-fecha-atardecer-con-sabor-musica-en-azimut-cafe-miercoles-16-de-abril\/","url_meta":{"origin":343424,"position":0},"title":"\u00a1Anote la fecha! Atardecer con Sabor a M\u00fasica en Azimut Caf\u00e9 &#8211; mi\u00e9rcoles 16 de abril","author":"Perkin Agramonte","date":"1 Abr, 2014","format":false,"excerpt":"\u00a1Anote la fecha!\u00a0Ya que se efectuar\u00e1 otro Atardecer con Sabor a M\u00fasica en Azimut Caf\u00e9 ubicado en la Marina Casa de Campo planeado para el mi\u00e9rcoles 16 de abril. El Atardecer con Sabor a M\u00fasica es una magn\u00edfica oportunidad para reunirse con amigos (nuevos y antiguos), disfrutar de la puesta\u2026","rel":"","context":"En \u00abCasa de Campo Living @es\u00bb","block_context":{"text":"Casa de Campo Living @es","link":"https:\/\/casadecampoliving.com\/category\/casa-de-campo-living-es\/"},"img":{"alt_text":"","src":"https:\/\/i0.wp.com\/casadecampoliving.com\/wp-content\/uploads\/2022\/10\/Azimut-cafe-1.jpg?fit=650%2C397&ssl=1&resize=350%2C200","width":350,"height":200,"srcset":"https:\/\/i0.wp.com\/casadecampoliving.com\/wp-content\/uploads\/2022\/10\/Azimut-cafe-1.jpg?fit=650%2C397&ssl=1&resize=350%2C200 1x, https:\/\/i0.wp.com\/casadecampoliving.com\/wp-content\/uploads\/2022\/10\/Azimut-cafe-1.jpg?fit=650%2C397&ssl=1&resize=525%2C300 1.5x"},"classes":[]},{"id":346041,"url":"https:\/\/casadecampoliving.com\/es\/un-atardecer-con-sabor-musica-para-empezar-la-temporada\/","url_meta":{"origin":343424,"position":1},"title":"Un Atardecer con Sabor a M\u00fasica para empezar \u00abLa Temporada\u00bb","author":"Daniela Medina","date":"22 Nov, 2014","format":false,"excerpt":"Otro Atardecer con Sabor a M\u00fasica en el Azimut Caf\u00e9 ubicado en la Marina Casa de Campo planeado para el pr\u00f3ximo viernes 28 de noviembre \u2013 \u00a1la manera perfecta para comenzar \u201cLa Temporada\u201d en Casa de Campo! El Atardecer con Sabor a M\u00fasica es una magn\u00edfica oportunidad para reunirse con\u2026","rel":"","context":"En \u00abbusinesses\u00bb","block_context":{"text":"businesses","link":"https:\/\/casadecampoliving.com\/es\/category\/businesses\/"},"img":{"alt_text":"Azimut Cafe Sunset Jazz","src":"https:\/\/i0.wp.com\/casadecampoliving.com\/wp-content\/uploads\/2022\/10\/Azimut_Cafe_Sunset_Jazz-1-scaled.jpg?fit=1200%2C776&ssl=1&resize=350%2C200","width":350,"height":200,"srcset":"https:\/\/i0.wp.com\/casadecampoliving.com\/wp-content\/uploads\/2022\/10\/Azimut_Cafe_Sunset_Jazz-1-scaled.jpg?fit=1200%2C776&ssl=1&resize=350%2C200 1x, https:\/\/i0.wp.com\/casadecampoliving.com\/wp-content\/uploads\/2022\/10\/Azimut_Cafe_Sunset_Jazz-1-scaled.jpg?fit=1200%2C776&ssl=1&resize=525%2C300 1.5x, https:\/\/i0.wp.com\/casadecampoliving.com\/wp-content\/uploads\/2022\/10\/Azimut_Cafe_Sunset_Jazz-1-scaled.jpg?fit=1200%2C776&ssl=1&resize=700%2C400 2x, https:\/\/i0.wp.com\/casadecampoliving.com\/wp-content\/uploads\/2022\/10\/Azimut_Cafe_Sunset_Jazz-1-scaled.jpg?fit=1200%2C776&ssl=1&resize=1050%2C600 3x"},"classes":[]},{"id":348519,"url":"https:\/\/casadecampoliving.com\/es\/atardecer-con-sabor-a-musica-marina-casa-de-campo\/","url_meta":{"origin":343424,"position":2},"title":"\u00a1Reserve la fecha para el pr\u00f3ximo Atardecer con Sabor a M\u00fasica en la Marina Casa de Campo!","author":"Felix Guerrero","date":"30 Oct, 2015","format":false,"excerpt":"Ha pasado mucho tiempo desde el\u00a0\u00faltimo Atardecer con Sabor a M\u00fasica en\u00a0Azimut Caf\u00e9, pero volvemos a tener nuevamente la oportunidad de reunirnos\u00a0para uno de los eventos m\u00e1s maravillosos en la Marina Casa de Campo. Este pr\u00f3ximo viernes, 20 de noviembre, SILGON\u00a0y Azimut Caf\u00e9 te\u00a0invitan a dejarte envolver por las hermosas\u2026","rel":"","context":"En \u00abCasa de Campo Living @es\u00bb","block_context":{"text":"Casa de Campo Living @es","link":"https:\/\/casadecampoliving.com\/category\/casa-de-campo-living-es\/"},"img":{"alt_text":"Sunset Jazz Night November","src":"https:\/\/i0.wp.com\/casadecampoliving.com\/wp-content\/uploads\/2022\/10\/Sunset-Jazz-Night-November-1.jpg?fit=650%2C299&ssl=1&resize=350%2C200","width":350,"height":200,"srcset":"https:\/\/i0.wp.com\/casadecampoliving.com\/wp-content\/uploads\/2022\/10\/Sunset-Jazz-Night-November-1.jpg?fit=650%2C299&ssl=1&resize=350%2C200 1x, https:\/\/i0.wp.com\/casadecampoliving.com\/wp-content\/uploads\/2022\/10\/Sunset-Jazz-Night-November-1.jpg?fit=650%2C299&ssl=1&resize=525%2C300 1.5x"},"classes":[]},{"id":347662,"url":"https:\/\/casadecampoliving.com\/es\/guarde-la-fecha-para-el-proximo-atardecer-con-sabor-a-musica\/","url_meta":{"origin":343424,"position":3},"title":"Guarde la fecha para el pr\u00f3ximo Atardecer con Sabor a M\u00fasica","author":"Perkin Agramonte","date":"11 Jul, 2015","format":false,"excerpt":"Luego del gran \u00e9xito de la m\u00e1s reciente celebraci\u00f3n del Atardecer con Sabor a M\u00fasica en Azimut Caf\u00e9, que aloj\u00f3 la pre-celebraci\u00f3n de las finales de la Casa de Campo Copa Semana Santa y tuvo como invitado especial a Andrea Bocelli\u2026 nos acercamos al pr\u00f3ximo Atardecer con Sabor a M\u00fasica,\u2026","rel":"","context":"En \u00abCasa de Campo Living @es\u00bb","block_context":{"text":"Casa de Campo Living @es","link":"https:\/\/casadecampoliving.com\/category\/casa-de-campo-living-es\/"},"img":{"alt_text":"","src":"https:\/\/i0.wp.com\/casadecampoliving.com\/wp-content\/uploads\/2022\/10\/Sunset_Jazz_Night_1-2.jpg?fit=650%2C400&ssl=1&resize=350%2C200","width":350,"height":200,"srcset":"https:\/\/i0.wp.com\/casadecampoliving.com\/wp-content\/uploads\/2022\/10\/Sunset_Jazz_Night_1-2.jpg?fit=650%2C400&ssl=1&resize=350%2C200 1x, https:\/\/i0.wp.com\/casadecampoliving.com\/wp-content\/uploads\/2022\/10\/Sunset_Jazz_Night_1-2.jpg?fit=650%2C400&ssl=1&resize=525%2C300 1.5x"},"classes":[]},{"id":354206,"url":"https:\/\/casadecampoliving.com\/es\/el-sunset-jazz-night-de-azimut-cafe-regresa-este-viernes\/","url_meta":{"origin":343424,"position":4},"title":"\u00a1El Sunset Jazz Night de Azimut Caf\u00e9 regresa este viernes!","author":"Casa de Campo Living","date":"22 Nov, 2021","format":false,"excerpt":"Ha pasado un tiempo desde que Azimut Cafe organiz\u00f3 su fant\u00e1stica Sunset Jazz Night en la Marina Casa de Campo. Mientras la comunidad ha estado esperando ansiosamente, los hemos escuchado susurrar \u2026 \u00bfcu\u00e1ndo es la pr\u00f3xima Sunset Jazz Night?\u00a0Las populares Sunset Jazz Nights de Azimut Caf\u00e9 siempre son algo que\u2026","rel":"","context":"En \u00abCasa de Campo Living @es\u00bb","block_context":{"text":"Casa de Campo Living @es","link":"https:\/\/casadecampoliving.com\/category\/casa-de-campo-living-es\/"},"img":{"alt_text":"","src":"https:\/\/i0.wp.com\/casadecampoliving.com\/wp-content\/uploads\/2022\/10\/IMG_8802-1.jpg?fit=1000%2C667&ssl=1&resize=350%2C200","width":350,"height":200,"srcset":"https:\/\/i0.wp.com\/casadecampoliving.com\/wp-content\/uploads\/2022\/10\/IMG_8802-1.jpg?fit=1000%2C667&ssl=1&resize=350%2C200 1x, https:\/\/i0.wp.com\/casadecampoliving.com\/wp-content\/uploads\/2022\/10\/IMG_8802-1.jpg?fit=1000%2C667&ssl=1&resize=525%2C300 1.5x, https:\/\/i0.wp.com\/casadecampoliving.com\/wp-content\/uploads\/2022\/10\/IMG_8802-1.jpg?fit=1000%2C667&ssl=1&resize=700%2C400 2x"},"classes":[]},{"id":349427,"url":"https:\/\/casadecampoliving.com\/es\/reserven-nueva-fecha-para-azimut-sunset-jazz-night\/","url_meta":{"origin":343424,"position":5},"title":"\u00a1Reserven la fecha! \u00a1Nueva fecha para el Azimut Sunset Jazz Night!","author":"Marlenys Guzm\u00e1n Casta\u00f1os","date":"16 Mar, 2016","format":false,"excerpt":"Cada cierto tiempo Azimut Caf\u00e9 organiza su fant\u00e1stico Sunset Jazz Night en la Marina Casa de Campo. Hab\u00edamos anunciado que la pr\u00f3xima edici\u00f3n seria el jueves, 24 de marzo, pero debido a que esa fecha ser\u00e1 el inicio de la Semana Santa y ya hay muchas actividades planeadas, ha sido\u2026","rel":"","context":"En \u00abArte y cultura\u00bb","block_context":{"text":"Arte y cultura","link":"https:\/\/casadecampoliving.com\/category\/arte-y-cultura\/"},"img":{"alt_text":"Sunset Jazz Nights at AZIMUT","src":"https:\/\/i0.wp.com\/casadecampoliving.com\/wp-content\/uploads\/2022\/10\/Sunset-Jazz-Nights-at-AZIMUT.jpg?fit=800%2C534&ssl=1&resize=350%2C200","width":350,"height":200,"srcset":"https:\/\/i0.wp.com\/casadecampoliving.com\/wp-content\/uploads\/2022\/10\/Sunset-Jazz-Nights-at-AZIMUT.jpg?fit=800%2C534&ssl=1&resize=350%2C200 1x, https:\/\/i0.wp.com\/casadecampoliving.com\/wp-content\/uploads\/2022\/10\/Sunset-Jazz-Nights-at-AZIMUT.jpg?fit=800%2C534&ssl=1&resize=525%2C300 1.5x, https:\/\/i0.wp.com\/casadecampoliving.com\/wp-content\/uploads\/2022\/10\/Sunset-Jazz-Nights-at-AZIMUT.jpg?fit=800%2C534&ssl=1&resize=700%2C400 2x"},"classes":[]}],"jetpack_sharing_enabled":true,"_links":{"self":[{"href":"https:\/\/casadecampoliving.com\/es\/wp-json\/wp\/v2\/posts\/343424","targetHints":{"allow":["GET"]}}],"collection":[{"href":"https:\/\/casadecampoliving.com\/es\/wp-json\/wp\/v2\/posts"}],"about":[{"href":"https:\/\/casadecampoliving.com\/es\/wp-json\/wp\/v2\/types\/post"}],"author":[{"embeddable":true,"href":"https:\/\/casadecampoliving.com\/es\/wp-json\/wp\/v2\/users\/614"}],"replies":[{"embeddable":true,"href":"https:\/\/casadecampoliving.com\/es\/wp-json\/wp\/v2\/comments?post=343424"}],"version-history":[{"count":1,"href":"https:\/\/casadecampoliving.com\/es\/wp-json\/wp\/v2\/posts\/343424\/revisions"}],"predecessor-version":[{"id":343425,"href":"https:\/\/casadecampoliving.com\/es\/wp-json\/wp\/v2\/posts\/343424\/revisions\/343425"}],"wp:featuredmedia":[{"embeddable":true,"href":"https:\/\/casadecampoliving.com\/es\/wp-json\/wp\/v2\/media\/243466"}],"wp:attachment":[{"href":"https:\/\/casadecampoliving.com\/es\/wp-json\/wp\/v2\/media?parent=343424"}],"wp:term":[{"taxonomy":"category","embeddable":true,"href":"https:\/\/casadecampoliving.com\/es\/wp-json\/wp\/v2\/categories?post=343424"},{"taxonomy":"post_tag","embeddable":true,"href":"https:\/\/casadecampoliving.com\/es\/wp-json\/wp\/v2\/tags?post=343424"},{"taxonomy":"newspack_spnsrs_tax","embeddable":true,"href":"https:\/\/casadecampoliving.com\/es\/wp-json\/wp\/v2\/newspack_spnsrs_tax?post=343424"}],"curies":[{"name":"wp","href":"https:\/\/api.w.org\/{rel}","templated":true}]}}