{"id":343416,"date":"2013-12-09T00:00:00","date_gmt":"2013-12-09T04:00:00","guid":{"rendered":"https:\/\/casadecampoliving.com\/raysa-alfy-franjul-esplendor-magico\/"},"modified":"2022-10-21T18:47:59","modified_gmt":"2022-10-21T22:47:59","slug":"raysa-alfy-franjul-esplendor-magico","status":"publish","type":"post","link":"https:\/\/casadecampoliving.com\/es\/raysa-alfy-franjul-esplendor-magico\/","title":{"rendered":"Raysa y Alfy Fanjul los invitan al Esplendor M\u00e1gico por la Vida"},"content":{"rendered":"<div class=\"wp-block-image\">\n<figure class=\"aligncenter is-resized\"><img loading=\"lazy\" decoding=\"async\" src=\"https:\/\/i0.wp.com\/casadecampoliving.com\/wp-content\/uploads\/2022\/10\/fundacion_MIR_angel_sanchez.jpg?resize=650%2C550&amp;ssl=1\" alt=\"Fundacion MIR Angel Sanchez\" class=\"wp-image-82286\" height=\"550\" width=\"650\"\/><\/figure>\n<\/div>\n\n\n<p>\u00a1Anota la fecha! Porque la vig\u00e9simo tercera entrega de Esplendor M\u00e1gico por la Vida por la Fundaci\u00f3n MIR esta pactado para el 18 de enero del 2014.<\/p>\n\n\n\n<p>Este a\u00f1o, Esplendor M\u00e1gico por la Vida Fundaci\u00f3n MIR, uno de los eventos sociales m\u00e1s elegantes y que m\u00e1s fondos recauda para la causa, recibe al famoso dise\u00f1ador de modas \u00c1ngel S\u00e1nchez, el cual se desempe\u00f1a como juez en Project Runway M\u00e9xico, y dise\u00f1ador de las estrellas.<\/p>\n\n\n\n<p>Contado con Alfy y Raysa Fanjul como anfitriones, la vig\u00e9simo tercera entrega de Esplendor M\u00e1gico por la Vida se perfila para ser una ocasi\u00f3n fabulosamente filantr\u00f3pica. \u00a1As\u00ed que anota la fecha y compra tus tickets ya!<\/p>\n\n\n\n<p>La celebraci\u00f3n, la cual tambi\u00e9n incluye un torneo de golf a efectuarse en La Romana Country Club, recaudara fondos para continuar el desarrollo de los diverso proyectos de Fundaci\u00f3n MIR, incluyendo sus 3 escuelas en La Romana.<\/p>\n\n\n\n<p>Una vez m\u00e1s con Tiffany &amp; Co y su recaudaci\u00f3n de fondos de la <a href=\"https:\/\/casadecampoliving.com\/es\/una-estupenda-noche-de-verano-una-velada-con-vista-al-mar-para-celebrar-el-final-del-fin-de-semana-familiar-mir\/\">\u201cCaja Misteriosa Tiffany\u201d<\/a>. Una actividad que en la celebraci\u00f3n del \u201cFin de Semana en Familia Fundaci\u00f3n MIR\u201d el pasado mes de agosto en Playa Minitas, recaudo la suma de US$20,000 para la causa.<\/p>\n\n\n\n<blockquote><figure><img decoding=\"async\" loading=\"lazy\" class=\"aligncenter size-full wp-image-82310\" alt=\"Fundacion MIR Angel Sanchez fashion show\" src=\"https:\/\/i0.wp.com\/casadecampoliving.com\/wp-content\/uploads\/2022\/10\/fundacion_MIR_angel_sanchez1.jpg?resize=650%2C550&amp;ssl=1\" width=\"650\" height=\"550\"><\/figure><p style=\"text-align: left;\"><strong>Desfile de Moda por \u00c1ngel S\u00e1nchez<\/strong><br>\nEl &nbsp;espect\u00e1culo de moda por Angel Sanchez, exhibir\u00e1 su colecci\u00f3n primavera-verano 2014.<\/p><p>El dise\u00f1ador venezolano Angel S\u00e1nchez se enfoca delicada y especialmente en el corte, encaje y &nbsp;proporci\u00f3n, es por eso que sus creaciones se acondicionan impresionantemente al cuerpo de las mujeres que las exhiben. Adem\u00e1s sus exquisitos gustos son los que le han permitido a su moda escalar en Latinoam\u00e9rica y eventualmente expandirse internacionalmente, cuando coloc\u00f3 una sede de su compa\u00f1\u00eda en Nueva York en el a\u00f1o 1997. Dentro de su clientela de celebridades se encuentran Taylor Swift, Eva Longoria, as\u00ed como, Sandra Bullock quien tuvo su traje de bodas dise\u00f1ado por S\u00e1nchez.<\/p><\/blockquote>\n\n\n\n<blockquote><h3 style=\"text-align: left;\">Esplendor Magico por la Vida Fundaci\u00f3n MIR<\/h3><p style=\"text-align: left;\"><span style=\"text-decoration: underline;\"><strong>Torneo de golf&nbsp;<\/strong><\/span><\/p><p><strong>Fecha: <\/strong>S\u00e1bado 18 de enero, 1pm<\/p><p><strong>Lugar:<\/strong> La Romana Country Club<\/p><p><strong>Costo: <\/strong>US$200<\/p><p><span style=\"text-decoration: underline;\"><strong>Cena-gala con \u00c1ngel S\u00e1nchez<\/strong><\/span><strong>:&nbsp;<\/strong><\/p><p><strong>Fecha: <\/strong>S\u00e1bado 18 de enero, 8pm<\/p><p><strong>Lugar:<\/strong>&nbsp;Casa Grande, Casa de Campo<\/p><p><strong>Costo:&nbsp;<\/strong><\/p><ul>\n<li>VIP Runway table for 10 \u2013 US$7,500<\/li>\n<li>*Single VIP Runway ticket \u2013 US$1,000<\/li>\n<li>Single Gold ticket \u2013 US$500<\/li>\n<li>Single Silver ticket \u2013 US$300<\/li>\n<li>Tiffany &amp; Co. Mystery Blue Box \u2013 US$300<\/li>\n<\/ul><p>*Incluye el torneo de golf<\/p><p><strong>Contacto:&nbsp;<\/strong>(809) 523-8270, info@fundacionmir.org<\/p><\/blockquote>\n\n\n\n<blockquote><h3><a href=\"http:\/\/wp.me\/P1kvEy-b9Y\">La Fundacion MIR<\/a><\/h3><figure><img decoding=\"async\" loading=\"lazy\" class=\"aligncenter size-full wp-image-69394\" title=\"fundacion_MIR\" alt=\"fundacion MIR\" src=\"https:\/\/i0.wp.com\/casadecampoliving.com\/wp-content\/uploads\/2022\/10\/fundacion_MIR2-2.jpg?resize=620%2C311&amp;ssl=1\" width=\"620\" height=\"311\"><\/figure><figure><img decoding=\"async\" loading=\"lazy\" class=\"alignright\" title=\"fundacion_MIR\" alt=\"\" src=\"https:\/\/i0.wp.com\/casadecampoliving.com\/wp-content\/uploads\/2022\/10\/fundacion_MIR.jpg?resize=144%2C138&amp;ssl=1\" width=\"144\" height=\"138\"><\/figure><p>La&nbsp;<a href=\"https:\/\/casadecampoliving.com\/the-fundacion-mir\/\">Fundaci\u00f3n MIR&nbsp;<\/a>&nbsp;es una organizaci\u00f3n sin fines de lucro que trabaja para proveerle educaci\u00f3n a los ni\u00f1os m\u00e1s necesitados de La Romana. Ellos dirigen tres escuelas; MIR Esperanza (escuela vocacional de ni\u00f1os), la Escuela T\u00e9cnica Vocacional&nbsp;Fundaci\u00f3n&nbsp;MIR (escuela vocacional de ni\u00f1as) y la&nbsp;<a href=\"https:\/\/casadecampoliving.com\/the-fundacion-mir\/\">Primaria MIR&nbsp;<\/a>(escuela infantil).<\/p><p>Para m\u00e1s informaci\u00f3n sobre la Fundaci\u00f3n MIR y para hacer una donaci\u00f3n, favor visitar la p\u00e1gina web:&nbsp;<a href=\"http:\/\/www.mirinternational.org\/\">www.FundacionMIR.org<\/a><\/p><p>Para hacer una donaci\u00f3n contacte la oficina MIR en Casa de Campo(809-523-8270) o en West Palm Beach (561-366-5095). \u00a1Donaciones para los ciudadanos de Estados Unidos son deducibles de impuestos!<\/p><p><em><strong><a href=\"https:\/\/casadecampoliving.com\/the-fundacion-mir\/\">Para descubrir m\u00e1s y leer art\u00edculos sobre otros eventos organizados por la Fundaci\u00f3n MIR \u2013 \u00a1haga clic aqu\u00ed!<\/a><\/strong><\/em><br>\n<em><strong><\/strong><\/em><\/p><\/blockquote>\n","protected":false},"excerpt":{"rendered":"<p>\u00a1Anota la fecha! Porque la vig\u00e9simo tercera entrega de Esplendor M\u00e1gico por la Vida por la Fundaci\u00f3n MIR esta pactado para el 18 de enero del 2014. Este a\u00f1o, Esplendor M\u00e1gico por la Vida Fundaci\u00f3n MIR, uno de los eventos sociales m\u00e1s elegantes y que m\u00e1s fondos recauda para la causa, recibe al famoso dise\u00f1ador [&hellip;]<\/p>\n","protected":false},"author":1097,"featured_media":243033,"comment_status":"closed","ping_status":"closed","sticky":false,"template":"","format":"standard","meta":{"newspack_ads_suppress_ads":false,"newspack_popups_has_disabled_popups":false,"newspack_sponsor_sponsorship_scope":"","newspack_sponsor_native_byline_display":"inherit","newspack_sponsor_native_category_display":"inherit","newspack_sponsor_underwriter_style":"inherit","newspack_sponsor_underwriter_placement":"inherit","_newspack_byline_active":false,"_newspack_byline":"","newspack_hide_updated_date":false,"newspack_show_updated_date":false,"newspack_content_restriction_is_exempt":false,"newspack_featured_image_position":"","newspack_post_subtitle":"","newspack_article_summary_title":"Overview:","newspack_article_summary":"","_jetpack_memberships_contains_paid_content":false,"footnotes":"","jetpack_publicize_message":"","jetpack_publicize_feature_enabled":true,"jetpack_social_post_already_shared":false,"jetpack_social_options":{"image_generator_settings":{"template":"highway","default_image_id":0,"font":"","enabled":false},"version":2},"_wpas_customize_per_network":false},"categories":[2524,2522,2515,2514,14625,14627,26822],"tags":[23783,6217,7695,3626,6380,2571,24715,8069],"newspack_spnsrs_tax":[],"class_list":["post-343416","post","type-post","status-publish","format-standard","has-post-thumbnail","hentry","category-destacados","category-eventos-es","category-fundacion-mir-es","category-fundaciones-es","category-noticias-locales","category-proximamente","category-resort-casa-de-campo","tag-alfy-fanjul-es-2","tag-alfy-fanjul-es","tag-angel-sanchez-es","tag-casa-de-campo-es","tag-casa-grande-es","tag-desfile-de-moda","tag-fundacion-mir-es","tag-raysa-fanjul-es","entry"],"yoast_head":"<!-- This site is optimized with the Yoast SEO plugin v27.5 - https:\/\/yoast.com\/product\/yoast-seo-wordpress\/ -->\n<title>Raysa y Alfy Fanjul los invitan al Esplendor M\u00e1gico por la Vida | Casa de Campo Living<\/title>\n<meta name=\"description\" content=\"\u00a1Anota la fecha! Porque la vig\u00e9simo tercera entrega de Esplendor M\u00e1gico por la Vida por la Fundaci\u00f3n MIR esta pactado para el 18 de enero del 2014. Este\" \/>\n<meta name=\"robots\" content=\"index, follow, max-snippet:-1, max-image-preview:large, max-video-preview:-1\" \/>\n<link rel=\"canonical\" href=\"https:\/\/casadecampoliving.com\/es\/raysa-alfy-franjul-esplendor-magico\/\" \/>\n<meta property=\"og:locale\" content=\"es_ES\" \/>\n<meta property=\"og:type\" content=\"article\" \/>\n<meta property=\"og:title\" content=\"Raysa y Alfy Fanjul los invitan al Esplendor M\u00e1gico por la Vida | Casa de Campo Living\" \/>\n<meta property=\"og:description\" content=\"\u00a1Anota la fecha! Porque la vig\u00e9simo tercera entrega de Esplendor M\u00e1gico por la Vida por la Fundaci\u00f3n MIR esta pactado para el 18 de enero del 2014. Este\" \/>\n<meta property=\"og:url\" content=\"https:\/\/casadecampoliving.com\/es\/raysa-alfy-franjul-esplendor-magico\/\" \/>\n<meta property=\"og:site_name\" content=\"Casa de Campo Living\" \/>\n<meta property=\"article:publisher\" content=\"https:\/\/www.facebook.com\/casadecampoliving\" \/>\n<meta property=\"article:published_time\" content=\"2013-12-09T04:00:00+00:00\" \/>\n<meta property=\"article:modified_time\" content=\"2022-10-21T22:47:59+00:00\" \/>\n<meta property=\"og:image\" content=\"https:\/\/i0.wp.com\/casadecampoliving.com\/wp-content\/uploads\/2022\/10\/fundacion_MIR_angel_sanchez1-1.jpg?fit=650%2C550&ssl=1\" \/>\n\t<meta property=\"og:image:width\" content=\"650\" \/>\n\t<meta property=\"og:image:height\" content=\"550\" \/>\n\t<meta property=\"og:image:type\" content=\"image\/jpeg\" \/>\n<meta name=\"author\" content=\"Perkin Agramonte\" \/>\n<meta name=\"twitter:card\" content=\"summary_large_image\" \/>\n<meta name=\"twitter:creator\" content=\"@cdcliving\" \/>\n<meta name=\"twitter:site\" content=\"@cdcliving\" \/>\n<meta name=\"twitter:label1\" content=\"Escrito por\" \/>\n\t<meta name=\"twitter:data1\" content=\"Perkin Agramonte\" \/>\n\t<meta name=\"twitter:label2\" content=\"Tiempo de lectura\" \/>\n\t<meta name=\"twitter:data2\" content=\"3 minutos\" \/>\n<script type=\"application\/ld+json\" class=\"yoast-schema-graph\">{\"@context\":\"https:\\\/\\\/schema.org\",\"@graph\":[{\"@type\":\"Article\",\"@id\":\"https:\\\/\\\/casadecampoliving.com\\\/es\\\/raysa-alfy-franjul-esplendor-magico\\\/#article\",\"isPartOf\":{\"@id\":\"https:\\\/\\\/casadecampoliving.com\\\/es\\\/raysa-alfy-franjul-esplendor-magico\\\/\"},\"author\":{\"name\":\"Perkin Agramonte\",\"@id\":\"https:\\\/\\\/casadecampoliving.com\\\/es\\\/#\\\/schema\\\/person\\\/c8efa6049510554b7d5fea078d728f72\"},\"headline\":\"Raysa y Alfy Fanjul los invitan al Esplendor M\u00e1gico por la Vida\",\"datePublished\":\"2013-12-09T04:00:00+00:00\",\"dateModified\":\"2022-10-21T22:47:59+00:00\",\"mainEntityOfPage\":{\"@id\":\"https:\\\/\\\/casadecampoliving.com\\\/es\\\/raysa-alfy-franjul-esplendor-magico\\\/\"},\"wordCount\":579,\"publisher\":{\"@id\":\"https:\\\/\\\/casadecampoliving.com\\\/es\\\/#organization\"},\"image\":{\"@id\":\"https:\\\/\\\/casadecampoliving.com\\\/es\\\/raysa-alfy-franjul-esplendor-magico\\\/#primaryimage\"},\"thumbnailUrl\":\"https:\\\/\\\/i0.wp.com\\\/casadecampoliving.com\\\/wp-content\\\/uploads\\\/2022\\\/10\\\/fundacion_MIR_angel_sanchez1-1.jpg?fit=650%2C550&ssl=1\",\"keywords\":[\"alfy fanjul\",\"alfy fanjul @es\",\"angel sanchez @es\",\"casa de campo @es\",\"casa grande @es\",\"desfile de moda\",\"Fundacion MIR\",\"raysa fanjul @es\"],\"articleSection\":[\"Destacados\",\"Eventos\",\"Fundaci\u00f3n MIR @es\",\"Fundaciones\",\"Noticias Locales\",\"Proximamente\",\"Resort Casa de Campo\"],\"inLanguage\":\"es\"},{\"@type\":\"WebPage\",\"@id\":\"https:\\\/\\\/casadecampoliving.com\\\/es\\\/raysa-alfy-franjul-esplendor-magico\\\/\",\"url\":\"https:\\\/\\\/casadecampoliving.com\\\/es\\\/raysa-alfy-franjul-esplendor-magico\\\/\",\"name\":\"Raysa y Alfy Fanjul los invitan al Esplendor M\u00e1gico por la Vida | Casa de Campo Living\",\"isPartOf\":{\"@id\":\"https:\\\/\\\/casadecampoliving.com\\\/es\\\/#website\"},\"primaryImageOfPage\":{\"@id\":\"https:\\\/\\\/casadecampoliving.com\\\/es\\\/raysa-alfy-franjul-esplendor-magico\\\/#primaryimage\"},\"image\":{\"@id\":\"https:\\\/\\\/casadecampoliving.com\\\/es\\\/raysa-alfy-franjul-esplendor-magico\\\/#primaryimage\"},\"thumbnailUrl\":\"https:\\\/\\\/i0.wp.com\\\/casadecampoliving.com\\\/wp-content\\\/uploads\\\/2022\\\/10\\\/fundacion_MIR_angel_sanchez1-1.jpg?fit=650%2C550&ssl=1\",\"datePublished\":\"2013-12-09T04:00:00+00:00\",\"dateModified\":\"2022-10-21T22:47:59+00:00\",\"description\":\"\u00a1Anota la fecha! Porque la vig\u00e9simo tercera entrega de Esplendor M\u00e1gico por la Vida por la Fundaci\u00f3n MIR esta pactado para el 18 de enero del 2014. Este\",\"breadcrumb\":{\"@id\":\"https:\\\/\\\/casadecampoliving.com\\\/es\\\/raysa-alfy-franjul-esplendor-magico\\\/#breadcrumb\"},\"inLanguage\":\"es\",\"potentialAction\":[{\"@type\":\"ReadAction\",\"target\":[\"https:\\\/\\\/casadecampoliving.com\\\/es\\\/raysa-alfy-franjul-esplendor-magico\\\/\"]}]},{\"@type\":\"ImageObject\",\"inLanguage\":\"es\",\"@id\":\"https:\\\/\\\/casadecampoliving.com\\\/es\\\/raysa-alfy-franjul-esplendor-magico\\\/#primaryimage\",\"url\":\"https:\\\/\\\/i0.wp.com\\\/casadecampoliving.com\\\/wp-content\\\/uploads\\\/2022\\\/10\\\/fundacion_MIR_angel_sanchez1-1.jpg?fit=650%2C550&ssl=1\",\"contentUrl\":\"https:\\\/\\\/i0.wp.com\\\/casadecampoliving.com\\\/wp-content\\\/uploads\\\/2022\\\/10\\\/fundacion_MIR_angel_sanchez1-1.jpg?fit=650%2C550&ssl=1\",\"width\":650,\"height\":550,\"caption\":\"Fundacion MIR Angel Sanchez fashion show\"},{\"@type\":\"BreadcrumbList\",\"@id\":\"https:\\\/\\\/casadecampoliving.com\\\/es\\\/raysa-alfy-franjul-esplendor-magico\\\/#breadcrumb\",\"itemListElement\":[{\"@type\":\"ListItem\",\"position\":1,\"name\":\"Home\",\"item\":\"https:\\\/\\\/casadecampoliving.com\\\/es\\\/\"},{\"@type\":\"ListItem\",\"position\":2,\"name\":\"Raysa y Alfy Fanjul los invitan al Esplendor M\u00e1gico por la Vida\"}]},{\"@type\":\"WebSite\",\"@id\":\"https:\\\/\\\/casadecampoliving.com\\\/es\\\/#website\",\"url\":\"https:\\\/\\\/casadecampoliving.com\\\/es\\\/\",\"name\":\"Casa de Campo Living\",\"description\":\"Resort community news and resources.\",\"publisher\":{\"@id\":\"https:\\\/\\\/casadecampoliving.com\\\/es\\\/#organization\"},\"potentialAction\":[{\"@type\":\"SearchAction\",\"target\":{\"@type\":\"EntryPoint\",\"urlTemplate\":\"https:\\\/\\\/casadecampoliving.com\\\/es\\\/?s={search_term_string}\"},\"query-input\":{\"@type\":\"PropertyValueSpecification\",\"valueRequired\":true,\"valueName\":\"search_term_string\"}}],\"inLanguage\":\"es\"},{\"@type\":\"Organization\",\"@id\":\"https:\\\/\\\/casadecampoliving.com\\\/es\\\/#organization\",\"name\":\"Casa de Campo Living\",\"url\":\"https:\\\/\\\/casadecampoliving.com\\\/es\\\/\",\"logo\":{\"@type\":\"ImageObject\",\"inLanguage\":\"es\",\"@id\":\"https:\\\/\\\/casadecampoliving.com\\\/es\\\/#\\\/schema\\\/logo\\\/image\\\/\",\"url\":\"https:\\\/\\\/i0.wp.com\\\/casadecampoliving.com\\\/wp-content\\\/uploads\\\/2022\\\/07\\\/CDCLivingLogo_V1-white-sized.png?fit=800%2C214&ssl=1\",\"contentUrl\":\"https:\\\/\\\/i0.wp.com\\\/casadecampoliving.com\\\/wp-content\\\/uploads\\\/2022\\\/07\\\/CDCLivingLogo_V1-white-sized.png?fit=800%2C214&ssl=1\",\"width\":800,\"height\":214,\"caption\":\"Casa de Campo Living\"},\"image\":{\"@id\":\"https:\\\/\\\/casadecampoliving.com\\\/es\\\/#\\\/schema\\\/logo\\\/image\\\/\"},\"sameAs\":[\"https:\\\/\\\/www.facebook.com\\\/casadecampoliving\",\"https:\\\/\\\/x.com\\\/cdcliving\"]},{\"@type\":\"Person\",\"@id\":\"https:\\\/\\\/casadecampoliving.com\\\/es\\\/#\\\/schema\\\/person\\\/c8efa6049510554b7d5fea078d728f72\",\"name\":\"Perkin Agramonte\",\"image\":{\"@type\":\"ImageObject\",\"inLanguage\":\"es\",\"@id\":\"https:\\\/\\\/secure.gravatar.com\\\/avatar\\\/57bfdafcae55fb83dbb79a1585a9eab7f269b7720fb0b64cb9a4e0cd2962fa10?s=96&d=mm&r=g\",\"url\":\"https:\\\/\\\/secure.gravatar.com\\\/avatar\\\/57bfdafcae55fb83dbb79a1585a9eab7f269b7720fb0b64cb9a4e0cd2962fa10?s=96&d=mm&r=g\",\"contentUrl\":\"https:\\\/\\\/secure.gravatar.com\\\/avatar\\\/57bfdafcae55fb83dbb79a1585a9eab7f269b7720fb0b64cb9a4e0cd2962fa10?s=96&d=mm&r=g\",\"caption\":\"Perkin Agramonte\"},\"url\":\"https:\\\/\\\/casadecampoliving.com\\\/es\\\/author\\\/cagramonte\\\/\"}]}<\/script>\n<!-- \/ Yoast SEO plugin. -->","yoast_head_json":{"title":"Raysa y Alfy Fanjul los invitan al Esplendor M\u00e1gico por la Vida | Casa de Campo Living","description":"\u00a1Anota la fecha! Porque la vig\u00e9simo tercera entrega de Esplendor M\u00e1gico por la Vida por la Fundaci\u00f3n MIR esta pactado para el 18 de enero del 2014. Este","robots":{"index":"index","follow":"follow","max-snippet":"max-snippet:-1","max-image-preview":"max-image-preview:large","max-video-preview":"max-video-preview:-1"},"canonical":"https:\/\/casadecampoliving.com\/es\/raysa-alfy-franjul-esplendor-magico\/","og_locale":"es_ES","og_type":"article","og_title":"Raysa y Alfy Fanjul los invitan al Esplendor M\u00e1gico por la Vida | Casa de Campo Living","og_description":"\u00a1Anota la fecha! Porque la vig\u00e9simo tercera entrega de Esplendor M\u00e1gico por la Vida por la Fundaci\u00f3n MIR esta pactado para el 18 de enero del 2014. Este","og_url":"https:\/\/casadecampoliving.com\/es\/raysa-alfy-franjul-esplendor-magico\/","og_site_name":"Casa de Campo Living","article_publisher":"https:\/\/www.facebook.com\/casadecampoliving","article_published_time":"2013-12-09T04:00:00+00:00","article_modified_time":"2022-10-21T22:47:59+00:00","og_image":[{"width":650,"height":550,"url":"https:\/\/i0.wp.com\/casadecampoliving.com\/wp-content\/uploads\/2022\/10\/fundacion_MIR_angel_sanchez1-1.jpg?fit=650%2C550&ssl=1","type":"image\/jpeg"}],"author":"Perkin Agramonte","twitter_card":"summary_large_image","twitter_creator":"@cdcliving","twitter_site":"@cdcliving","twitter_misc":{"Escrito por":"Perkin Agramonte","Tiempo de lectura":"3 minutos"},"schema":{"@context":"https:\/\/schema.org","@graph":[{"@type":"Article","@id":"https:\/\/casadecampoliving.com\/es\/raysa-alfy-franjul-esplendor-magico\/#article","isPartOf":{"@id":"https:\/\/casadecampoliving.com\/es\/raysa-alfy-franjul-esplendor-magico\/"},"author":{"name":"Perkin Agramonte","@id":"https:\/\/casadecampoliving.com\/es\/#\/schema\/person\/c8efa6049510554b7d5fea078d728f72"},"headline":"Raysa y Alfy Fanjul los invitan al Esplendor M\u00e1gico por la Vida","datePublished":"2013-12-09T04:00:00+00:00","dateModified":"2022-10-21T22:47:59+00:00","mainEntityOfPage":{"@id":"https:\/\/casadecampoliving.com\/es\/raysa-alfy-franjul-esplendor-magico\/"},"wordCount":579,"publisher":{"@id":"https:\/\/casadecampoliving.com\/es\/#organization"},"image":{"@id":"https:\/\/casadecampoliving.com\/es\/raysa-alfy-franjul-esplendor-magico\/#primaryimage"},"thumbnailUrl":"https:\/\/i0.wp.com\/casadecampoliving.com\/wp-content\/uploads\/2022\/10\/fundacion_MIR_angel_sanchez1-1.jpg?fit=650%2C550&ssl=1","keywords":["alfy fanjul","alfy fanjul @es","angel sanchez @es","casa de campo @es","casa grande @es","desfile de moda","Fundacion MIR","raysa fanjul @es"],"articleSection":["Destacados","Eventos","Fundaci\u00f3n MIR @es","Fundaciones","Noticias Locales","Proximamente","Resort Casa de Campo"],"inLanguage":"es"},{"@type":"WebPage","@id":"https:\/\/casadecampoliving.com\/es\/raysa-alfy-franjul-esplendor-magico\/","url":"https:\/\/casadecampoliving.com\/es\/raysa-alfy-franjul-esplendor-magico\/","name":"Raysa y Alfy Fanjul los invitan al Esplendor M\u00e1gico por la Vida | Casa de Campo Living","isPartOf":{"@id":"https:\/\/casadecampoliving.com\/es\/#website"},"primaryImageOfPage":{"@id":"https:\/\/casadecampoliving.com\/es\/raysa-alfy-franjul-esplendor-magico\/#primaryimage"},"image":{"@id":"https:\/\/casadecampoliving.com\/es\/raysa-alfy-franjul-esplendor-magico\/#primaryimage"},"thumbnailUrl":"https:\/\/i0.wp.com\/casadecampoliving.com\/wp-content\/uploads\/2022\/10\/fundacion_MIR_angel_sanchez1-1.jpg?fit=650%2C550&ssl=1","datePublished":"2013-12-09T04:00:00+00:00","dateModified":"2022-10-21T22:47:59+00:00","description":"\u00a1Anota la fecha! Porque la vig\u00e9simo tercera entrega de Esplendor M\u00e1gico por la Vida por la Fundaci\u00f3n MIR esta pactado para el 18 de enero del 2014. Este","breadcrumb":{"@id":"https:\/\/casadecampoliving.com\/es\/raysa-alfy-franjul-esplendor-magico\/#breadcrumb"},"inLanguage":"es","potentialAction":[{"@type":"ReadAction","target":["https:\/\/casadecampoliving.com\/es\/raysa-alfy-franjul-esplendor-magico\/"]}]},{"@type":"ImageObject","inLanguage":"es","@id":"https:\/\/casadecampoliving.com\/es\/raysa-alfy-franjul-esplendor-magico\/#primaryimage","url":"https:\/\/i0.wp.com\/casadecampoliving.com\/wp-content\/uploads\/2022\/10\/fundacion_MIR_angel_sanchez1-1.jpg?fit=650%2C550&ssl=1","contentUrl":"https:\/\/i0.wp.com\/casadecampoliving.com\/wp-content\/uploads\/2022\/10\/fundacion_MIR_angel_sanchez1-1.jpg?fit=650%2C550&ssl=1","width":650,"height":550,"caption":"Fundacion MIR Angel Sanchez fashion show"},{"@type":"BreadcrumbList","@id":"https:\/\/casadecampoliving.com\/es\/raysa-alfy-franjul-esplendor-magico\/#breadcrumb","itemListElement":[{"@type":"ListItem","position":1,"name":"Home","item":"https:\/\/casadecampoliving.com\/es\/"},{"@type":"ListItem","position":2,"name":"Raysa y Alfy Fanjul los invitan al Esplendor M\u00e1gico por la Vida"}]},{"@type":"WebSite","@id":"https:\/\/casadecampoliving.com\/es\/#website","url":"https:\/\/casadecampoliving.com\/es\/","name":"Casa de Campo Living","description":"Resort community news and resources.","publisher":{"@id":"https:\/\/casadecampoliving.com\/es\/#organization"},"potentialAction":[{"@type":"SearchAction","target":{"@type":"EntryPoint","urlTemplate":"https:\/\/casadecampoliving.com\/es\/?s={search_term_string}"},"query-input":{"@type":"PropertyValueSpecification","valueRequired":true,"valueName":"search_term_string"}}],"inLanguage":"es"},{"@type":"Organization","@id":"https:\/\/casadecampoliving.com\/es\/#organization","name":"Casa de Campo Living","url":"https:\/\/casadecampoliving.com\/es\/","logo":{"@type":"ImageObject","inLanguage":"es","@id":"https:\/\/casadecampoliving.com\/es\/#\/schema\/logo\/image\/","url":"https:\/\/i0.wp.com\/casadecampoliving.com\/wp-content\/uploads\/2022\/07\/CDCLivingLogo_V1-white-sized.png?fit=800%2C214&ssl=1","contentUrl":"https:\/\/i0.wp.com\/casadecampoliving.com\/wp-content\/uploads\/2022\/07\/CDCLivingLogo_V1-white-sized.png?fit=800%2C214&ssl=1","width":800,"height":214,"caption":"Casa de Campo Living"},"image":{"@id":"https:\/\/casadecampoliving.com\/es\/#\/schema\/logo\/image\/"},"sameAs":["https:\/\/www.facebook.com\/casadecampoliving","https:\/\/x.com\/cdcliving"]},{"@type":"Person","@id":"https:\/\/casadecampoliving.com\/es\/#\/schema\/person\/c8efa6049510554b7d5fea078d728f72","name":"Perkin Agramonte","image":{"@type":"ImageObject","inLanguage":"es","@id":"https:\/\/secure.gravatar.com\/avatar\/57bfdafcae55fb83dbb79a1585a9eab7f269b7720fb0b64cb9a4e0cd2962fa10?s=96&d=mm&r=g","url":"https:\/\/secure.gravatar.com\/avatar\/57bfdafcae55fb83dbb79a1585a9eab7f269b7720fb0b64cb9a4e0cd2962fa10?s=96&d=mm&r=g","contentUrl":"https:\/\/secure.gravatar.com\/avatar\/57bfdafcae55fb83dbb79a1585a9eab7f269b7720fb0b64cb9a4e0cd2962fa10?s=96&d=mm&r=g","caption":"Perkin Agramonte"},"url":"https:\/\/casadecampoliving.com\/es\/author\/cagramonte\/"}]}},"parsely":{"version":"1.1.0","canonical_url":"https:\/\/casadecampoliving.com\/es\/raysa-alfy-franjul-esplendor-magico\/","smart_links":{"inbound":0,"outbound":0},"traffic_boost_suggestions_count":0,"meta":{"@context":"https:\/\/schema.org","@type":"NewsArticle","headline":"Raysa y Alfy Fanjul los invitan al Esplendor M\u00e1gico por la Vida","url":"http:\/\/casadecampoliving.com\/es\/raysa-alfy-franjul-esplendor-magico\/","mainEntityOfPage":{"@type":"WebPage","@id":"http:\/\/casadecampoliving.com\/es\/raysa-alfy-franjul-esplendor-magico\/"},"thumbnailUrl":"https:\/\/i0.wp.com\/casadecampoliving.com\/wp-content\/uploads\/2022\/10\/fundacion_MIR_angel_sanchez1-1.jpg?resize=150%2C150&ssl=1","image":{"@type":"ImageObject","url":"https:\/\/i0.wp.com\/casadecampoliving.com\/wp-content\/uploads\/2022\/10\/fundacion_MIR_angel_sanchez1-1.jpg?fit=650%2C550&ssl=1"},"articleSection":"Destacados","author":[{"@type":"Person","name":"Perkin Agramonte"}],"creator":["Perkin Agramonte"],"publisher":{"@type":"Organization","name":"Casa de Campo Living","logo":"https:\/\/casadecampoliving.com\/wp-content\/uploads\/2022\/07\/CDCLivingLogo_V1-white-sized.png"},"keywords":["alfy fanjul","alfy fanjul @es","angel sanchez @es","casa de campo @es","casa grande @es","desfile de moda","fundacion mir","raysa fanjul @es"],"dateCreated":"2013-12-09T04:00:00Z","datePublished":"2013-12-09T04:00:00Z","dateModified":"2022-10-21T22:47:59Z"},"rendered":"<script type=\"application\/ld+json\" class=\"wp-parsely-metadata\">{\"@context\":\"https:\\\/\\\/schema.org\",\"@type\":\"NewsArticle\",\"headline\":\"Raysa y Alfy Fanjul los invitan al Esplendor M\\u00e1gico por la Vida\",\"url\":\"http:\\\/\\\/casadecampoliving.com\\\/es\\\/raysa-alfy-franjul-esplendor-magico\\\/\",\"mainEntityOfPage\":{\"@type\":\"WebPage\",\"@id\":\"http:\\\/\\\/casadecampoliving.com\\\/es\\\/raysa-alfy-franjul-esplendor-magico\\\/\"},\"thumbnailUrl\":\"https:\\\/\\\/i0.wp.com\\\/casadecampoliving.com\\\/wp-content\\\/uploads\\\/2022\\\/10\\\/fundacion_MIR_angel_sanchez1-1.jpg?resize=150%2C150&ssl=1\",\"image\":{\"@type\":\"ImageObject\",\"url\":\"https:\\\/\\\/i0.wp.com\\\/casadecampoliving.com\\\/wp-content\\\/uploads\\\/2022\\\/10\\\/fundacion_MIR_angel_sanchez1-1.jpg?fit=650%2C550&ssl=1\"},\"articleSection\":\"Destacados\",\"author\":[{\"@type\":\"Person\",\"name\":\"Perkin Agramonte\"}],\"creator\":[\"Perkin Agramonte\"],\"publisher\":{\"@type\":\"Organization\",\"name\":\"Casa de Campo Living\",\"logo\":\"https:\\\/\\\/casadecampoliving.com\\\/wp-content\\\/uploads\\\/2022\\\/07\\\/CDCLivingLogo_V1-white-sized.png\"},\"keywords\":[\"alfy fanjul\",\"alfy fanjul @es\",\"angel sanchez @es\",\"casa de campo @es\",\"casa grande @es\",\"desfile de moda\",\"fundacion mir\",\"raysa fanjul @es\"],\"dateCreated\":\"2013-12-09T04:00:00Z\",\"datePublished\":\"2013-12-09T04:00:00Z\",\"dateModified\":\"2022-10-21T22:47:59Z\"}<\/script>","tracker_url":"https:\/\/cdn.parsely.com\/keys\/casadecampoliving.com\/p.js"},"jetpack_publicize_connections":[],"jetpack_featured_media_url":"https:\/\/i0.wp.com\/casadecampoliving.com\/wp-content\/uploads\/2022\/10\/fundacion_MIR_angel_sanchez1-1.jpg?fit=650%2C550&ssl=1","jetpack-related-posts":[{"id":345664,"url":"https:\/\/casadecampoliving.com\/es\/raysa-alfy-fanjul-los-invita-celebrar-xxv-aniversario\/","url_meta":{"origin":343416,"position":0},"title":"Raysa &#038; Alfy Fanjul los invita a celebrar el XXV aniversario de Fundaci\u00f3n MIR","author":"Maria Isabel B\u00e1ez","date":"15 Oct, 2014","format":false,"excerpt":"Algo grandioso y muy especial se aproxima\u2026 \u00a1es el vigesimoquinto aniversario de Fundaci\u00f3n MIR! En enero del 2015, el s\u00e1bado 17 de Enero para ser m\u00e1s exactos, la Fundaci\u00f3n MIR estar\u00e1 celebrando su aniversario n\u00famero 25 \u00a0con su gala y desfile de modas Esplendor M\u00e1gico Por la Vida, que en\u2026","rel":"","context":"En \u00abCasa de Campo Living @es\u00bb","block_context":{"text":"Casa de Campo Living @es","link":"https:\/\/casadecampoliving.com\/category\/casa-de-campo-living-es\/"},"img":{"alt_text":"Lian Fanjul de Azqueta Alfy Fanjul Raysa Fanjul","src":"https:\/\/i0.wp.com\/casadecampoliving.com\/wp-content\/uploads\/2022\/10\/lian_fanjul_de_azqueta-alfy_fanjul-raysa_fanjul-1.png?fit=721%2C516&ssl=1&resize=350%2C200","width":350,"height":200,"srcset":"https:\/\/i0.wp.com\/casadecampoliving.com\/wp-content\/uploads\/2022\/10\/lian_fanjul_de_azqueta-alfy_fanjul-raysa_fanjul-1.png?fit=721%2C516&ssl=1&resize=350%2C200 1x, https:\/\/i0.wp.com\/casadecampoliving.com\/wp-content\/uploads\/2022\/10\/lian_fanjul_de_azqueta-alfy_fanjul-raysa_fanjul-1.png?fit=721%2C516&ssl=1&resize=525%2C300 1.5x, https:\/\/i0.wp.com\/casadecampoliving.com\/wp-content\/uploads\/2022\/10\/lian_fanjul_de_azqueta-alfy_fanjul-raysa_fanjul-1.png?fit=721%2C516&ssl=1&resize=700%2C400 2x"},"classes":[]},{"id":350808,"url":"https:\/\/casadecampoliving.com\/es\/gala-esplendor-magico-de-la-fundacion-mir-en-enero\/","url_meta":{"origin":343416,"position":1},"title":"\u00a1Marquen la fecha en su calendario para la Gala Esplendor M\u00e1gico de la Fundaci\u00f3n MIR en enero!","author":"Heather Lincoln","date":"14 Nov, 2016","format":false,"excerpt":"El evento anual de recaudaci\u00f3n de fondos Gala Esplendor M\u00e1gico por la Vida, organizado por Alfy y Raysa Fanjul, atrae a un sin n\u00famero de personas de la comunidad y de las areas cercanas al\u00a0resort de Casa de Campo. Entre las actividades de ese d\u00eda, est\u00e1n\u00a0un torneo de golf que\u2026","rel":"","context":"En \u00abArte y cultura\u00bb","block_context":{"text":"Arte y cultura","link":"https:\/\/casadecampoliving.com\/category\/arte-y-cultura\/"},"img":{"alt_text":"Magical Splendor for Life Gala 2016","src":"https:\/\/i0.wp.com\/casadecampoliving.com\/wp-content\/uploads\/2022\/10\/Raysa_Alfy_Lian_Fanjul-e1479155290644.jpg?fit=1000%2C666&ssl=1&resize=350%2C200","width":350,"height":200,"srcset":"https:\/\/i0.wp.com\/casadecampoliving.com\/wp-content\/uploads\/2022\/10\/Raysa_Alfy_Lian_Fanjul-e1479155290644.jpg?fit=1000%2C666&ssl=1&resize=350%2C200 1x, https:\/\/i0.wp.com\/casadecampoliving.com\/wp-content\/uploads\/2022\/10\/Raysa_Alfy_Lian_Fanjul-e1479155290644.jpg?fit=1000%2C666&ssl=1&resize=525%2C300 1.5x, https:\/\/i0.wp.com\/casadecampoliving.com\/wp-content\/uploads\/2022\/10\/Raysa_Alfy_Lian_Fanjul-e1479155290644.jpg?fit=1000%2C666&ssl=1&resize=700%2C400 2x"},"classes":[]},{"id":354300,"url":"https:\/\/casadecampoliving.com\/es\/este-mes-gala-esplendor-magico-fundacion-mir-por-la-vida-2022\/","url_meta":{"origin":343416,"position":2},"title":"\u00a1Este mes! Fundaci\u00f3n MIR Gala Esplendor M\u00e1gico por la Vida 2022","author":"Casa de Campo Living","date":"2 Mar, 2022","format":false,"excerpt":"La 31ra edicion la Gala Esplendor M\u00e1gico por la Vida de la Fundaci\u00f3n MIR est\u00e1 programado para el s\u00e1bado 26 de marzo de 2022. El evento anual de recaudaci\u00f3n de fondos organizado por Alfy y Raysa Fanjul es uno de los eventos m\u00e1s esperados por la comunidad de Casa de\u2026","rel":"","context":"En \u00abCasa de Campo Living @es\u00bb","block_context":{"text":"Casa de Campo Living @es","link":"https:\/\/casadecampoliving.com\/category\/casa-de-campo-living-es\/"},"img":{"alt_text":"","src":"https:\/\/i0.wp.com\/casadecampoliving.com\/wp-content\/uploads\/2022\/10\/BDC_4178-1-1.jpg?fit=1000%2C667&ssl=1&resize=350%2C200","width":350,"height":200,"srcset":"https:\/\/i0.wp.com\/casadecampoliving.com\/wp-content\/uploads\/2022\/10\/BDC_4178-1-1.jpg?fit=1000%2C667&ssl=1&resize=350%2C200 1x, https:\/\/i0.wp.com\/casadecampoliving.com\/wp-content\/uploads\/2022\/10\/BDC_4178-1-1.jpg?fit=1000%2C667&ssl=1&resize=525%2C300 1.5x, https:\/\/i0.wp.com\/casadecampoliving.com\/wp-content\/uploads\/2022\/10\/BDC_4178-1-1.jpg?fit=1000%2C667&ssl=1&resize=700%2C400 2x"},"classes":[]},{"id":345908,"url":"https:\/\/casadecampoliving.com\/es\/una-carta-de-raysa-alfy-fanjul\/","url_meta":{"origin":343416,"position":3},"title":"Una carta de Raysa &#038; Alfy Fanjul","author":"Perkin Agramonte","date":"10 Nov, 2014","format":false,"excerpt":"El pr\u00f3ximo a\u00f1o la Fundaci\u00f3n MIR celebrar\u00e1 su 25 aniversario, y en el d\u00eda de hoy antes de esta ocasi\u00f3n tan especial le traemos una carta de Raysa y Alfy Fanjul, presidentes del Esplendor M\u00e1gico Fundaci\u00f3n MIR que se llevar\u00e1 a cabo\u00a0el s\u00e1bado 17 de enero. Estimados amigos, Es un\u2026","rel":"","context":"En \u00abCasa de Campo Living @es\u00bb","block_context":{"text":"Casa de Campo Living @es","link":"https:\/\/casadecampoliving.com\/category\/casa-de-campo-living-es\/"},"img":{"alt_text":"Alfy Fanjul, Raysa Fanjul","src":"https:\/\/i0.wp.com\/casadecampoliving.com\/wp-content\/uploads\/2022\/10\/Alfy_Fanjul_Raysa_Fanjul-1.jpg?fit=650%2C461&ssl=1&resize=350%2C200","width":350,"height":200,"srcset":"https:\/\/i0.wp.com\/casadecampoliving.com\/wp-content\/uploads\/2022\/10\/Alfy_Fanjul_Raysa_Fanjul-1.jpg?fit=650%2C461&ssl=1&resize=350%2C200 1x, https:\/\/i0.wp.com\/casadecampoliving.com\/wp-content\/uploads\/2022\/10\/Alfy_Fanjul_Raysa_Fanjul-1.jpg?fit=650%2C461&ssl=1&resize=525%2C300 1.5x"},"classes":[]},{"id":354184,"url":"https:\/\/casadecampoliving.com\/es\/reserve-la-fecha-31a-gala-esplendor-magico-por-la-vida-de-la-fundacion-mir-en-enero-de-2022\/","url_meta":{"origin":343416,"position":4},"title":"POSPUESTO: 31a Gala Esplendor M\u00e1gico por la Vida de la Fundaci\u00f3n MIR 2022","author":"Casa de Campo Living","date":"28 Oct, 2021","format":false,"excerpt":"ACTUALIZACI\u00d3N: Desafortunadamente, debido a la \u00faltima ola de Covid, la Gala se pospone hasta que el evento pueda llevarse a cabo de manera segura. Le informaremos tan pronto como tengamos una nueva fecha. \u00a1Reserva la fecha! El 31\u00ba Gala Esplendor M\u00e1gico por la Vida de la Fundaci\u00f3n MIR est\u00e1 programado\u2026","rel":"","context":"En \u00abCasa de Campo Living @es\u00bb","block_context":{"text":"Casa de Campo Living @es","link":"https:\/\/casadecampoliving.com\/category\/casa-de-campo-living-es\/"},"img":{"alt_text":"","src":"https:\/\/i0.wp.com\/casadecampoliving.com\/wp-content\/uploads\/2022\/10\/BDC_3686-1.jpg?fit=1000%2C667&ssl=1&resize=350%2C200","width":350,"height":200,"srcset":"https:\/\/i0.wp.com\/casadecampoliving.com\/wp-content\/uploads\/2022\/10\/BDC_3686-1.jpg?fit=1000%2C667&ssl=1&resize=350%2C200 1x, https:\/\/i0.wp.com\/casadecampoliving.com\/wp-content\/uploads\/2022\/10\/BDC_3686-1.jpg?fit=1000%2C667&ssl=1&resize=525%2C300 1.5x, https:\/\/i0.wp.com\/casadecampoliving.com\/wp-content\/uploads\/2022\/10\/BDC_3686-1.jpg?fit=1000%2C667&ssl=1&resize=700%2C400 2x"},"classes":[]},{"id":354317,"url":"https:\/\/casadecampoliving.com\/es\/este-sabado-fundacion-mir-gala-esplendor-magico-por-la-vida-2022-con-naeem-khan\/","url_meta":{"origin":343416,"position":5},"title":"\u00a1Este s\u00e1bado! Fundaci\u00f3n MIR Gala Esplendor M\u00e1gico por la Vida 2022 con Naeem Khan","author":"Casa de Campo Living","date":"21 Mar, 2022","format":false,"excerpt":"\u00a1Ya casi es hora del evento anual de recaudaci\u00f3n de fondos de la Fundaci\u00f3n MIR, la \u201cGala Esplendor M\u00e1gico para la Vida\u201d! Este a\u00f1o el glamuroso evento que recauda fondos para la organizaci\u00f3n ben\u00e9fica MIR se llevar\u00e1 a cabo este s\u00e1bado 26 de marzo en Casa Grande y La Romana\u2026","rel":"","context":"En \u00abCasa de Campo Living @es\u00bb","block_context":{"text":"Casa de Campo Living @es","link":"https:\/\/casadecampoliving.com\/category\/casa-de-campo-living-es\/"},"img":{"alt_text":"","src":"https:\/\/i0.wp.com\/casadecampoliving.com\/wp-content\/uploads\/2022\/10\/BDC_3814-scaled-e1647869387374-1.jpg?fit=1000%2C667&ssl=1&resize=350%2C200","width":350,"height":200,"srcset":"https:\/\/i0.wp.com\/casadecampoliving.com\/wp-content\/uploads\/2022\/10\/BDC_3814-scaled-e1647869387374-1.jpg?fit=1000%2C667&ssl=1&resize=350%2C200 1x, https:\/\/i0.wp.com\/casadecampoliving.com\/wp-content\/uploads\/2022\/10\/BDC_3814-scaled-e1647869387374-1.jpg?fit=1000%2C667&ssl=1&resize=525%2C300 1.5x, https:\/\/i0.wp.com\/casadecampoliving.com\/wp-content\/uploads\/2022\/10\/BDC_3814-scaled-e1647869387374-1.jpg?fit=1000%2C667&ssl=1&resize=700%2C400 2x"},"classes":[]}],"jetpack_sharing_enabled":true,"_links":{"self":[{"href":"https:\/\/casadecampoliving.com\/es\/wp-json\/wp\/v2\/posts\/343416","targetHints":{"allow":["GET"]}}],"collection":[{"href":"https:\/\/casadecampoliving.com\/es\/wp-json\/wp\/v2\/posts"}],"about":[{"href":"https:\/\/casadecampoliving.com\/es\/wp-json\/wp\/v2\/types\/post"}],"author":[{"embeddable":true,"href":"https:\/\/casadecampoliving.com\/es\/wp-json\/wp\/v2\/users\/1097"}],"replies":[{"embeddable":true,"href":"https:\/\/casadecampoliving.com\/es\/wp-json\/wp\/v2\/comments?post=343416"}],"version-history":[{"count":1,"href":"https:\/\/casadecampoliving.com\/es\/wp-json\/wp\/v2\/posts\/343416\/revisions"}],"predecessor-version":[{"id":343417,"href":"https:\/\/casadecampoliving.com\/es\/wp-json\/wp\/v2\/posts\/343416\/revisions\/343417"}],"wp:featuredmedia":[{"embeddable":true,"href":"https:\/\/casadecampoliving.com\/es\/wp-json\/wp\/v2\/media\/243033"}],"wp:attachment":[{"href":"https:\/\/casadecampoliving.com\/es\/wp-json\/wp\/v2\/media?parent=343416"}],"wp:term":[{"taxonomy":"category","embeddable":true,"href":"https:\/\/casadecampoliving.com\/es\/wp-json\/wp\/v2\/categories?post=343416"},{"taxonomy":"post_tag","embeddable":true,"href":"https:\/\/casadecampoliving.com\/es\/wp-json\/wp\/v2\/tags?post=343416"},{"taxonomy":"newspack_spnsrs_tax","embeddable":true,"href":"https:\/\/casadecampoliving.com\/es\/wp-json\/wp\/v2\/newspack_spnsrs_tax?post=343416"}],"curies":[{"name":"wp","href":"https:\/\/api.w.org\/{rel}","templated":true}]}}