{"id":343361,"date":"2013-11-28T00:00:00","date_gmt":"2013-11-28T04:00:00","guid":{"rendered":"https:\/\/casadecampoliving.com\/feliz-dia-de-accion-de-gracias-de-parte-de-fundacion-mir\/"},"modified":"2022-10-21T18:54:39","modified_gmt":"2022-10-21T22:54:39","slug":"feliz-dia-de-accion-de-gracias-de-parte-de-fundacion-mir","status":"publish","type":"post","link":"https:\/\/casadecampoliving.com\/es\/feliz-dia-de-accion-de-gracias-de-parte-de-fundacion-mir\/","title":{"rendered":"Feliz D\u00eda de Acci\u00f3n de Gracias de parte de Fundaci\u00f3n MIR"},"content":{"rendered":"<div class=\"wp-block-image\">\n<figure class=\"aligncenter is-resized\"><img loading=\"lazy\" decoding=\"async\" src=\"https:\/\/i0.wp.com\/casadecampoliving.com\/wp-content\/uploads\/2022\/10\/fundacion_MIR-Thanksgiving.jpg?resize=650%2C410&amp;ssl=1\" alt=\"Thanksgiving Fundacion MIR\" class=\"wp-image-81869\" height=\"410\" width=\"650\"\/><\/figure>\n<\/div>\n\n\n<p>El 2013 ha sido de mucha Felicidad y bendici\u00f3n para la familia de La Fundaci\u00f3n MIR, as\u00ed que aqu\u00ed compartimos el por que estamos tan felices; \u00a1por el D\u00eda Acci\u00f3n de Gracias!<\/p>\n\n\n<div class=\"wp-block-image\">\n<figure class=\"alignright is-resized\"><a href=\"https:\/\/i0.wp.com\/casadecampoliving-wp.s3-accelerate.amazonaws.com\/2013\/11\/clean_teeth.jpg?ssl=1\"><img loading=\"lazy\" decoding=\"async\" src=\"https:\/\/i0.wp.com\/casadecampoliving.com\/wp-content\/uploads\/2022\/10\/clean_teeth-244x300-2.jpg?resize=220%2C270&amp;ssl=1\" alt=\"clean teeth\" class=\"wp-image-81871\" height=\"270\" width=\"220\"\/><\/a><\/figure>\n<\/div>\n\n\n<p>Estamos agradecidos de nuestros patrocinadores; especialmente Scotiabank por la generosa donaci\u00f3n de $25,000 a nuestro programa de beca. <a href=\"https:\/\/casadecampoliving.com\/es\/scotiabank-y-fundacion-mir-trabajan-juntos-iluminando-el-manana\/\">Haga clic para leer m\u00e1s<\/a>.<\/p>\n\n\n\n<p>Estamos agradecidos por los voluntarios locales; especialmente los estudiantes del Colegio Abraham Lincoln quienes ense\u00f1an ingles el cual es su segundo idioma a los estudiantes de la fundaci\u00f3n.<\/p>\n\n\n\n<p>Estamos agradecidos a los voluntarios internacionales que nos han visitado este a\u00f1o, especialmente al Dr. Hudson y su equipo dental de Nueva York que han proporcionado servicios dentales a nuestros estudiantes y profesores <a href=\"https:\/\/casadecampoliving.com\/es\/operativo-dental-mir-2013-un-gran-exito\/\">(haga clic aqu\u00ed para leer m\u00e1s)<\/a>, Alonzo Mourning por organizar cl\u00ednicas de baloncesto <a href=\"https:\/\/casadecampoliving.com\/es\/el-ex-jugador-de-la-nba-alonzo-mourning-juega-basketball-en-la-fundacion-mir\/\">(haga clic aqu\u00ed para leer m\u00e1s)<\/a>&nbsp;y a los estudiantes de la Universidad Internacional de Florida por organizar un divertido campamento de verano entre otras actividades educacionales durante todo el a\u00f1o. <a href=\"https:\/\/casadecampoliving.com\/es\/fundacion-mir-la-romana\/\">(Haga clic aqu\u00ed para leer m\u00e1s)<\/a><\/p>\n\n\n<div class=\"wp-block-image\">\n<figure class=\"aligncenter is-resized\"><img loading=\"lazy\" decoding=\"async\" src=\"https:\/\/i0.wp.com\/casadecampoliving.com\/wp-content\/uploads\/2022\/10\/alonzo_mourning.jpg?resize=650%2C400&amp;ssl=1\" alt=\"alonzo mourning\" class=\"wp-image-74116\" title=\"alonzo_mourning\" height=\"400\" width=\"650\"\/><\/figure>\n<\/div>\n\n\n<p class=\"has-text-align-center\"><strong><a href=\"https:\/\/casadecampoliving.com\/es\/el-ex-jugador-de-la-nba-alonzo-mourning-juega-basketball-en-la-fundacion-mir\/\">Alonzo Mourning en Fundaci\u00f3n MIR<\/a><\/strong><br>\n<\/p>\n\n\n\n<p>Estamos agradecidos por ser incluidos en el programa de Tanda extendida, la cual le permite a los ni\u00f1os quedarse hasta las 4pm. Somos la \u00fanica escuela en La Romana que ha sido incluida en este programa.<\/p>\n\n\n\n<p>Estamos agradecidos por el \u00e9xito de nuestras recaudaciones. Con las donaciones que hemos recibido este a\u00f1o, hemos podido construir 3 aulas, permiti\u00e9ndonos la aceptaci\u00f3n de m\u00e1s estudiantes. Actualmente hay 1,200 estudiantes inscritos en las escuelas MIR.<\/p>\n\n\n\n<p><strong>\u00a1Gracias a nuestros amigos y familiares por el apoyo de este a\u00f1o, esperamos que disfruten el&nbsp;D\u00eda&nbsp;de&nbsp;Acci\u00f3n&nbsp;de Gracias! <\/strong><\/p>\n\n\n\n<p>Esperamos verlos en nuestra siguiente recaudaci\u00f3n, <a href=\"https:\/\/casadecampoliving.com\/es\/juez-de-project-runway-angel-sanchez-presenta-su-desfile-en-magic-splendor-life\/\">Magical Splendor for Life con un desfile de Modas por \u00c1ngel S\u00e1nchez el s\u00e1bado 18 de Enero en Casa Grande, Haga clic aqu\u00ed para m\u00e1s informaci\u00f3n.&nbsp;<\/a>Para las boletas Fundaci\u00f3n MIR, info@fundacionmir.org y llame (809) 523-8270.<\/p>\n\n\n\n<blockquote><figure><img decoding=\"async\" loading=\"lazy\" class=\"aligncenter size-full wp-image-69394\" title=\"fundacion_MIR\" alt=\"fundacion MIR\" src=\"https:\/\/i0.wp.com\/casadecampoliving.com\/wp-content\/uploads\/2022\/10\/fundacion_MIR2-2.jpg?resize=620%2C311&amp;ssl=1\" width=\"620\" height=\"311\"><\/figure><figure><img decoding=\"async\" loading=\"lazy\" class=\"alignright\" title=\"fundacion_MIR\" alt=\"\" src=\"https:\/\/i0.wp.com\/casadecampoliving.com\/wp-content\/uploads\/2022\/10\/fundacion_MIR.jpg?resize=144%2C138&amp;ssl=1\" width=\"144\" height=\"138\"><\/figure><p><strong><a href=\"http:\/\/wp.me\/P1kvEy-b9Y\">La Fundacion MIR<\/a><\/strong> <\/p><p>La&nbsp;<a href=\"https:\/\/casadecampoliving.com\/the-fundacion-mir\/\">Fundaci\u00f3n MIR&nbsp;<\/a>&nbsp;es una organizaci\u00f3n sin fines de lucro que trabaja para proveerle educaci\u00f3n a los ni\u00f1os m\u00e1s necesitados de La Romana. Ellos dirigen tres escuelas; MIR Esperanza (escuela vocacional de ni\u00f1os), la Escuela T\u00e9cnica Vocacional&nbsp;Fundaci\u00f3n&nbsp;MIR (escuela vocacional de ni\u00f1as) y la&nbsp;<a href=\"https:\/\/casadecampoliving.com\/the-fundacion-mir\/\">Primaria MIR&nbsp;<\/a>(escuela infantil).<\/p><p>Para m\u00e1s informaci\u00f3n sobre la Fundaci\u00f3n MIR y para hacer una donaci\u00f3n, favor visitar la p\u00e1gina web:&nbsp;<a href=\"http:\/\/www.mirinternational.org\/\">www.FundacionMIR.org<\/a><\/p><p>Para hacer una donaci\u00f3n contacte la oficina MIR en Casa de Campo(809-523-8270) o en West Palm Beach (561-366-5095). \u00a1Donaciones para los ciudadanos de Estados Unidos son deducibles de impuestos!<\/p><p><em><strong><a href=\"https:\/\/casadecampoliving.com\/the-fundacion-mir\/\">Para descubrir m\u00e1s y leer art\u00edculos sobre otros eventos organizados por la Fundaci\u00f3n MIR \u2013 \u00a1haga clic aqu\u00ed!<\/a><\/strong><\/em><br>\n<em><strong><\/strong><\/em><\/p><\/blockquote>\n","protected":false},"excerpt":{"rendered":"<p>El 2013 ha sido de mucha Felicidad y bendici\u00f3n para la familia de La Fundaci\u00f3n MIR, as\u00ed que aqu\u00ed compartimos el por que estamos tan felices; \u00a1por el D\u00eda Acci\u00f3n de Gracias! Estamos agradecidos de nuestros patrocinadores; especialmente Scotiabank por la generosa donaci\u00f3n de $25,000 a nuestro programa de beca. Haga clic para leer m\u00e1s. [&hellip;]<\/p>\n","protected":false},"author":467,"featured_media":239108,"comment_status":"closed","ping_status":"closed","sticky":false,"template":"","format":"standard","meta":{"newspack_ads_suppress_ads":false,"newspack_popups_has_disabled_popups":false,"newspack_sponsor_sponsorship_scope":"","newspack_sponsor_native_byline_display":"inherit","newspack_sponsor_native_category_display":"inherit","newspack_sponsor_underwriter_style":"inherit","newspack_sponsor_underwriter_placement":"inherit","_newspack_byline_active":false,"_newspack_byline":"","newspack_hide_updated_date":false,"newspack_show_updated_date":false,"newspack_content_restriction_is_exempt":false,"newspack_featured_image_position":"","newspack_post_subtitle":"","newspack_article_summary_title":"Overview:","newspack_article_summary":"","_jetpack_memberships_contains_paid_content":false,"footnotes":"","jetpack_publicize_message":"","jetpack_publicize_feature_enabled":true,"jetpack_social_post_already_shared":false,"jetpack_social_options":{"image_generator_settings":{"template":"highway","default_image_id":0,"font":"","enabled":false},"version":2},"_wpas_customize_per_network":false},"categories":[14631,2522,2515,2514,2516,14625,14627],"tags":[24715,3728],"newspack_spnsrs_tax":[],"class_list":["post-343361","post","type-post","status-publish","format-standard","has-post-thumbnail","hentry","category-estilo-de-vida","category-eventos-es","category-fundacion-mir-es","category-fundaciones-es","category-hogar-del-nino-es","category-noticias-locales","category-proximamente","tag-fundacion-mir-es","tag-fundacion-mir-magical-splendor-for-life","entry"],"yoast_head":"<!-- This site is optimized with the Yoast SEO plugin v27.5 - https:\/\/yoast.com\/product\/yoast-seo-wordpress\/ -->\n<title>Feliz D\u00eda de Acci\u00f3n de Gracias de parte de Fundaci\u00f3n MIR | Casa de Campo Living<\/title>\n<meta name=\"description\" content=\"El 2013 ha sido de mucha Felicidad y bendici\u00f3n para la familia de La Fundaci\u00f3n MIR, as\u00ed que aqu\u00ed compartimos el por que estamos tan felices; \u00a1por el D\u00eda\" \/>\n<meta name=\"robots\" content=\"index, follow, max-snippet:-1, max-image-preview:large, max-video-preview:-1\" \/>\n<link rel=\"canonical\" href=\"https:\/\/casadecampoliving.com\/es\/feliz-dia-de-accion-de-gracias-de-parte-de-fundacion-mir\/\" \/>\n<meta property=\"og:locale\" content=\"es_ES\" \/>\n<meta property=\"og:type\" content=\"article\" \/>\n<meta property=\"og:title\" content=\"Feliz D\u00eda de Acci\u00f3n de Gracias de parte de Fundaci\u00f3n MIR | Casa de Campo Living\" \/>\n<meta property=\"og:description\" content=\"El 2013 ha sido de mucha Felicidad y bendici\u00f3n para la familia de La Fundaci\u00f3n MIR, as\u00ed que aqu\u00ed compartimos el por que estamos tan felices; \u00a1por el D\u00eda\" \/>\n<meta property=\"og:url\" content=\"https:\/\/casadecampoliving.com\/es\/feliz-dia-de-accion-de-gracias-de-parte-de-fundacion-mir\/\" \/>\n<meta property=\"og:site_name\" content=\"Casa de Campo Living\" \/>\n<meta property=\"article:publisher\" content=\"https:\/\/www.facebook.com\/casadecampoliving\" \/>\n<meta property=\"article:published_time\" content=\"2013-11-28T04:00:00+00:00\" \/>\n<meta property=\"article:modified_time\" content=\"2022-10-21T22:54:39+00:00\" \/>\n<meta property=\"og:image\" content=\"https:\/\/i0.wp.com\/casadecampoliving.com\/wp-content\/uploads\/2022\/10\/fundacion_MIR-Thanksgiving-1.jpg?fit=650%2C410&ssl=1\" \/>\n\t<meta property=\"og:image:width\" content=\"650\" \/>\n\t<meta property=\"og:image:height\" content=\"410\" \/>\n\t<meta property=\"og:image:type\" content=\"image\/jpeg\" \/>\n<meta name=\"author\" content=\"Ana Alba\" \/>\n<meta name=\"twitter:card\" content=\"summary_large_image\" \/>\n<meta name=\"twitter:creator\" content=\"@cdcliving\" \/>\n<meta name=\"twitter:site\" content=\"@cdcliving\" \/>\n<meta name=\"twitter:label1\" content=\"Escrito por\" \/>\n\t<meta name=\"twitter:data1\" content=\"Ana Alba\" \/>\n\t<meta name=\"twitter:label2\" content=\"Tiempo de lectura\" \/>\n\t<meta name=\"twitter:data2\" content=\"2 minutos\" \/>\n<script type=\"application\/ld+json\" class=\"yoast-schema-graph\">{\"@context\":\"https:\\\/\\\/schema.org\",\"@graph\":[{\"@type\":\"Article\",\"@id\":\"https:\\\/\\\/casadecampoliving.com\\\/es\\\/feliz-dia-de-accion-de-gracias-de-parte-de-fundacion-mir\\\/#article\",\"isPartOf\":{\"@id\":\"https:\\\/\\\/casadecampoliving.com\\\/es\\\/feliz-dia-de-accion-de-gracias-de-parte-de-fundacion-mir\\\/\"},\"author\":{\"name\":\"Ana Alba\",\"@id\":\"https:\\\/\\\/casadecampoliving.com\\\/es\\\/#\\\/schema\\\/person\\\/66b19ea65e5e18ffb786db27b2baed40\"},\"headline\":\"Feliz D\u00eda de Acci\u00f3n de Gracias de parte de Fundaci\u00f3n MIR\",\"datePublished\":\"2013-11-28T04:00:00+00:00\",\"dateModified\":\"2022-10-21T22:54:39+00:00\",\"mainEntityOfPage\":{\"@id\":\"https:\\\/\\\/casadecampoliving.com\\\/es\\\/feliz-dia-de-accion-de-gracias-de-parte-de-fundacion-mir\\\/\"},\"wordCount\":498,\"publisher\":{\"@id\":\"https:\\\/\\\/casadecampoliving.com\\\/es\\\/#organization\"},\"image\":{\"@id\":\"https:\\\/\\\/casadecampoliving.com\\\/es\\\/feliz-dia-de-accion-de-gracias-de-parte-de-fundacion-mir\\\/#primaryimage\"},\"thumbnailUrl\":\"https:\\\/\\\/i0.wp.com\\\/casadecampoliving.com\\\/wp-content\\\/uploads\\\/2022\\\/10\\\/fundacion_MIR-Thanksgiving-1.jpg?fit=650%2C410&ssl=1\",\"keywords\":[\"Fundacion MIR\",\"fundacion MIR magical splendor for life\"],\"articleSection\":[\"Estilo de Vida\",\"Eventos\",\"Fundaci\u00f3n MIR @es\",\"Fundaciones\",\"Hogar del Ni\u00f1o @es\",\"Noticias Locales\",\"Proximamente\"],\"inLanguage\":\"es\"},{\"@type\":\"WebPage\",\"@id\":\"https:\\\/\\\/casadecampoliving.com\\\/es\\\/feliz-dia-de-accion-de-gracias-de-parte-de-fundacion-mir\\\/\",\"url\":\"https:\\\/\\\/casadecampoliving.com\\\/es\\\/feliz-dia-de-accion-de-gracias-de-parte-de-fundacion-mir\\\/\",\"name\":\"Feliz D\u00eda de Acci\u00f3n de Gracias de parte de Fundaci\u00f3n MIR | Casa de Campo Living\",\"isPartOf\":{\"@id\":\"https:\\\/\\\/casadecampoliving.com\\\/es\\\/#website\"},\"primaryImageOfPage\":{\"@id\":\"https:\\\/\\\/casadecampoliving.com\\\/es\\\/feliz-dia-de-accion-de-gracias-de-parte-de-fundacion-mir\\\/#primaryimage\"},\"image\":{\"@id\":\"https:\\\/\\\/casadecampoliving.com\\\/es\\\/feliz-dia-de-accion-de-gracias-de-parte-de-fundacion-mir\\\/#primaryimage\"},\"thumbnailUrl\":\"https:\\\/\\\/i0.wp.com\\\/casadecampoliving.com\\\/wp-content\\\/uploads\\\/2022\\\/10\\\/fundacion_MIR-Thanksgiving-1.jpg?fit=650%2C410&ssl=1\",\"datePublished\":\"2013-11-28T04:00:00+00:00\",\"dateModified\":\"2022-10-21T22:54:39+00:00\",\"description\":\"El 2013 ha sido de mucha Felicidad y bendici\u00f3n para la familia de La Fundaci\u00f3n MIR, as\u00ed que aqu\u00ed compartimos el por que estamos tan felices; \u00a1por el D\u00eda\",\"breadcrumb\":{\"@id\":\"https:\\\/\\\/casadecampoliving.com\\\/es\\\/feliz-dia-de-accion-de-gracias-de-parte-de-fundacion-mir\\\/#breadcrumb\"},\"inLanguage\":\"es\",\"potentialAction\":[{\"@type\":\"ReadAction\",\"target\":[\"https:\\\/\\\/casadecampoliving.com\\\/es\\\/feliz-dia-de-accion-de-gracias-de-parte-de-fundacion-mir\\\/\"]}]},{\"@type\":\"ImageObject\",\"inLanguage\":\"es\",\"@id\":\"https:\\\/\\\/casadecampoliving.com\\\/es\\\/feliz-dia-de-accion-de-gracias-de-parte-de-fundacion-mir\\\/#primaryimage\",\"url\":\"https:\\\/\\\/i0.wp.com\\\/casadecampoliving.com\\\/wp-content\\\/uploads\\\/2022\\\/10\\\/fundacion_MIR-Thanksgiving-1.jpg?fit=650%2C410&ssl=1\",\"contentUrl\":\"https:\\\/\\\/i0.wp.com\\\/casadecampoliving.com\\\/wp-content\\\/uploads\\\/2022\\\/10\\\/fundacion_MIR-Thanksgiving-1.jpg?fit=650%2C410&ssl=1\",\"width\":650,\"height\":410,\"caption\":\"Thanksgiving Fundacion MIR\"},{\"@type\":\"BreadcrumbList\",\"@id\":\"https:\\\/\\\/casadecampoliving.com\\\/es\\\/feliz-dia-de-accion-de-gracias-de-parte-de-fundacion-mir\\\/#breadcrumb\",\"itemListElement\":[{\"@type\":\"ListItem\",\"position\":1,\"name\":\"Home\",\"item\":\"https:\\\/\\\/casadecampoliving.com\\\/es\\\/\"},{\"@type\":\"ListItem\",\"position\":2,\"name\":\"Feliz D\u00eda de Acci\u00f3n de Gracias de parte de Fundaci\u00f3n MIR\"}]},{\"@type\":\"WebSite\",\"@id\":\"https:\\\/\\\/casadecampoliving.com\\\/es\\\/#website\",\"url\":\"https:\\\/\\\/casadecampoliving.com\\\/es\\\/\",\"name\":\"Casa de Campo Living\",\"description\":\"Resort community news and resources.\",\"publisher\":{\"@id\":\"https:\\\/\\\/casadecampoliving.com\\\/es\\\/#organization\"},\"potentialAction\":[{\"@type\":\"SearchAction\",\"target\":{\"@type\":\"EntryPoint\",\"urlTemplate\":\"https:\\\/\\\/casadecampoliving.com\\\/es\\\/?s={search_term_string}\"},\"query-input\":{\"@type\":\"PropertyValueSpecification\",\"valueRequired\":true,\"valueName\":\"search_term_string\"}}],\"inLanguage\":\"es\"},{\"@type\":\"Organization\",\"@id\":\"https:\\\/\\\/casadecampoliving.com\\\/es\\\/#organization\",\"name\":\"Casa de Campo Living\",\"url\":\"https:\\\/\\\/casadecampoliving.com\\\/es\\\/\",\"logo\":{\"@type\":\"ImageObject\",\"inLanguage\":\"es\",\"@id\":\"https:\\\/\\\/casadecampoliving.com\\\/es\\\/#\\\/schema\\\/logo\\\/image\\\/\",\"url\":\"https:\\\/\\\/i0.wp.com\\\/casadecampoliving.com\\\/wp-content\\\/uploads\\\/2022\\\/07\\\/CDCLivingLogo_V1-white-sized.png?fit=800%2C214&ssl=1\",\"contentUrl\":\"https:\\\/\\\/i0.wp.com\\\/casadecampoliving.com\\\/wp-content\\\/uploads\\\/2022\\\/07\\\/CDCLivingLogo_V1-white-sized.png?fit=800%2C214&ssl=1\",\"width\":800,\"height\":214,\"caption\":\"Casa de Campo Living\"},\"image\":{\"@id\":\"https:\\\/\\\/casadecampoliving.com\\\/es\\\/#\\\/schema\\\/logo\\\/image\\\/\"},\"sameAs\":[\"https:\\\/\\\/www.facebook.com\\\/casadecampoliving\",\"https:\\\/\\\/x.com\\\/cdcliving\"]},{\"@type\":\"Person\",\"@id\":\"https:\\\/\\\/casadecampoliving.com\\\/es\\\/#\\\/schema\\\/person\\\/66b19ea65e5e18ffb786db27b2baed40\",\"name\":\"Ana Alba\",\"image\":{\"@type\":\"ImageObject\",\"inLanguage\":\"es\",\"@id\":\"https:\\\/\\\/secure.gravatar.com\\\/avatar\\\/21e3ae74e772588a47af74807ba907a580614dccb43a989ded76b4b6eb100188?s=96&d=mm&r=g\",\"url\":\"https:\\\/\\\/secure.gravatar.com\\\/avatar\\\/21e3ae74e772588a47af74807ba907a580614dccb43a989ded76b4b6eb100188?s=96&d=mm&r=g\",\"contentUrl\":\"https:\\\/\\\/secure.gravatar.com\\\/avatar\\\/21e3ae74e772588a47af74807ba907a580614dccb43a989ded76b4b6eb100188?s=96&d=mm&r=g\",\"caption\":\"Ana Alba\"},\"url\":\"https:\\\/\\\/casadecampoliving.com\\\/es\\\/author\\\/anaalba\\\/\"}]}<\/script>\n<!-- \/ Yoast SEO plugin. -->","yoast_head_json":{"title":"Feliz D\u00eda de Acci\u00f3n de Gracias de parte de Fundaci\u00f3n MIR | Casa de Campo Living","description":"El 2013 ha sido de mucha Felicidad y bendici\u00f3n para la familia de La Fundaci\u00f3n MIR, as\u00ed que aqu\u00ed compartimos el por que estamos tan felices; \u00a1por el D\u00eda","robots":{"index":"index","follow":"follow","max-snippet":"max-snippet:-1","max-image-preview":"max-image-preview:large","max-video-preview":"max-video-preview:-1"},"canonical":"https:\/\/casadecampoliving.com\/es\/feliz-dia-de-accion-de-gracias-de-parte-de-fundacion-mir\/","og_locale":"es_ES","og_type":"article","og_title":"Feliz D\u00eda de Acci\u00f3n de Gracias de parte de Fundaci\u00f3n MIR | Casa de Campo Living","og_description":"El 2013 ha sido de mucha Felicidad y bendici\u00f3n para la familia de La Fundaci\u00f3n MIR, as\u00ed que aqu\u00ed compartimos el por que estamos tan felices; \u00a1por el D\u00eda","og_url":"https:\/\/casadecampoliving.com\/es\/feliz-dia-de-accion-de-gracias-de-parte-de-fundacion-mir\/","og_site_name":"Casa de Campo Living","article_publisher":"https:\/\/www.facebook.com\/casadecampoliving","article_published_time":"2013-11-28T04:00:00+00:00","article_modified_time":"2022-10-21T22:54:39+00:00","og_image":[{"width":650,"height":410,"url":"https:\/\/i0.wp.com\/casadecampoliving.com\/wp-content\/uploads\/2022\/10\/fundacion_MIR-Thanksgiving-1.jpg?fit=650%2C410&ssl=1","type":"image\/jpeg"}],"author":"Ana Alba","twitter_card":"summary_large_image","twitter_creator":"@cdcliving","twitter_site":"@cdcliving","twitter_misc":{"Escrito por":"Ana Alba","Tiempo de lectura":"2 minutos"},"schema":{"@context":"https:\/\/schema.org","@graph":[{"@type":"Article","@id":"https:\/\/casadecampoliving.com\/es\/feliz-dia-de-accion-de-gracias-de-parte-de-fundacion-mir\/#article","isPartOf":{"@id":"https:\/\/casadecampoliving.com\/es\/feliz-dia-de-accion-de-gracias-de-parte-de-fundacion-mir\/"},"author":{"name":"Ana Alba","@id":"https:\/\/casadecampoliving.com\/es\/#\/schema\/person\/66b19ea65e5e18ffb786db27b2baed40"},"headline":"Feliz D\u00eda de Acci\u00f3n de Gracias de parte de Fundaci\u00f3n MIR","datePublished":"2013-11-28T04:00:00+00:00","dateModified":"2022-10-21T22:54:39+00:00","mainEntityOfPage":{"@id":"https:\/\/casadecampoliving.com\/es\/feliz-dia-de-accion-de-gracias-de-parte-de-fundacion-mir\/"},"wordCount":498,"publisher":{"@id":"https:\/\/casadecampoliving.com\/es\/#organization"},"image":{"@id":"https:\/\/casadecampoliving.com\/es\/feliz-dia-de-accion-de-gracias-de-parte-de-fundacion-mir\/#primaryimage"},"thumbnailUrl":"https:\/\/i0.wp.com\/casadecampoliving.com\/wp-content\/uploads\/2022\/10\/fundacion_MIR-Thanksgiving-1.jpg?fit=650%2C410&ssl=1","keywords":["Fundacion MIR","fundacion MIR magical splendor for life"],"articleSection":["Estilo de Vida","Eventos","Fundaci\u00f3n MIR @es","Fundaciones","Hogar del Ni\u00f1o @es","Noticias Locales","Proximamente"],"inLanguage":"es"},{"@type":"WebPage","@id":"https:\/\/casadecampoliving.com\/es\/feliz-dia-de-accion-de-gracias-de-parte-de-fundacion-mir\/","url":"https:\/\/casadecampoliving.com\/es\/feliz-dia-de-accion-de-gracias-de-parte-de-fundacion-mir\/","name":"Feliz D\u00eda de Acci\u00f3n de Gracias de parte de Fundaci\u00f3n MIR | Casa de Campo Living","isPartOf":{"@id":"https:\/\/casadecampoliving.com\/es\/#website"},"primaryImageOfPage":{"@id":"https:\/\/casadecampoliving.com\/es\/feliz-dia-de-accion-de-gracias-de-parte-de-fundacion-mir\/#primaryimage"},"image":{"@id":"https:\/\/casadecampoliving.com\/es\/feliz-dia-de-accion-de-gracias-de-parte-de-fundacion-mir\/#primaryimage"},"thumbnailUrl":"https:\/\/i0.wp.com\/casadecampoliving.com\/wp-content\/uploads\/2022\/10\/fundacion_MIR-Thanksgiving-1.jpg?fit=650%2C410&ssl=1","datePublished":"2013-11-28T04:00:00+00:00","dateModified":"2022-10-21T22:54:39+00:00","description":"El 2013 ha sido de mucha Felicidad y bendici\u00f3n para la familia de La Fundaci\u00f3n MIR, as\u00ed que aqu\u00ed compartimos el por que estamos tan felices; \u00a1por el D\u00eda","breadcrumb":{"@id":"https:\/\/casadecampoliving.com\/es\/feliz-dia-de-accion-de-gracias-de-parte-de-fundacion-mir\/#breadcrumb"},"inLanguage":"es","potentialAction":[{"@type":"ReadAction","target":["https:\/\/casadecampoliving.com\/es\/feliz-dia-de-accion-de-gracias-de-parte-de-fundacion-mir\/"]}]},{"@type":"ImageObject","inLanguage":"es","@id":"https:\/\/casadecampoliving.com\/es\/feliz-dia-de-accion-de-gracias-de-parte-de-fundacion-mir\/#primaryimage","url":"https:\/\/i0.wp.com\/casadecampoliving.com\/wp-content\/uploads\/2022\/10\/fundacion_MIR-Thanksgiving-1.jpg?fit=650%2C410&ssl=1","contentUrl":"https:\/\/i0.wp.com\/casadecampoliving.com\/wp-content\/uploads\/2022\/10\/fundacion_MIR-Thanksgiving-1.jpg?fit=650%2C410&ssl=1","width":650,"height":410,"caption":"Thanksgiving Fundacion MIR"},{"@type":"BreadcrumbList","@id":"https:\/\/casadecampoliving.com\/es\/feliz-dia-de-accion-de-gracias-de-parte-de-fundacion-mir\/#breadcrumb","itemListElement":[{"@type":"ListItem","position":1,"name":"Home","item":"https:\/\/casadecampoliving.com\/es\/"},{"@type":"ListItem","position":2,"name":"Feliz D\u00eda de Acci\u00f3n de Gracias de parte de Fundaci\u00f3n MIR"}]},{"@type":"WebSite","@id":"https:\/\/casadecampoliving.com\/es\/#website","url":"https:\/\/casadecampoliving.com\/es\/","name":"Casa de Campo Living","description":"Resort community news and resources.","publisher":{"@id":"https:\/\/casadecampoliving.com\/es\/#organization"},"potentialAction":[{"@type":"SearchAction","target":{"@type":"EntryPoint","urlTemplate":"https:\/\/casadecampoliving.com\/es\/?s={search_term_string}"},"query-input":{"@type":"PropertyValueSpecification","valueRequired":true,"valueName":"search_term_string"}}],"inLanguage":"es"},{"@type":"Organization","@id":"https:\/\/casadecampoliving.com\/es\/#organization","name":"Casa de Campo Living","url":"https:\/\/casadecampoliving.com\/es\/","logo":{"@type":"ImageObject","inLanguage":"es","@id":"https:\/\/casadecampoliving.com\/es\/#\/schema\/logo\/image\/","url":"https:\/\/i0.wp.com\/casadecampoliving.com\/wp-content\/uploads\/2022\/07\/CDCLivingLogo_V1-white-sized.png?fit=800%2C214&ssl=1","contentUrl":"https:\/\/i0.wp.com\/casadecampoliving.com\/wp-content\/uploads\/2022\/07\/CDCLivingLogo_V1-white-sized.png?fit=800%2C214&ssl=1","width":800,"height":214,"caption":"Casa de Campo Living"},"image":{"@id":"https:\/\/casadecampoliving.com\/es\/#\/schema\/logo\/image\/"},"sameAs":["https:\/\/www.facebook.com\/casadecampoliving","https:\/\/x.com\/cdcliving"]},{"@type":"Person","@id":"https:\/\/casadecampoliving.com\/es\/#\/schema\/person\/66b19ea65e5e18ffb786db27b2baed40","name":"Ana Alba","image":{"@type":"ImageObject","inLanguage":"es","@id":"https:\/\/secure.gravatar.com\/avatar\/21e3ae74e772588a47af74807ba907a580614dccb43a989ded76b4b6eb100188?s=96&d=mm&r=g","url":"https:\/\/secure.gravatar.com\/avatar\/21e3ae74e772588a47af74807ba907a580614dccb43a989ded76b4b6eb100188?s=96&d=mm&r=g","contentUrl":"https:\/\/secure.gravatar.com\/avatar\/21e3ae74e772588a47af74807ba907a580614dccb43a989ded76b4b6eb100188?s=96&d=mm&r=g","caption":"Ana Alba"},"url":"https:\/\/casadecampoliving.com\/es\/author\/anaalba\/"}]}},"parsely":{"version":"1.1.0","canonical_url":"https:\/\/casadecampoliving.com\/es\/feliz-dia-de-accion-de-gracias-de-parte-de-fundacion-mir\/","smart_links":{"inbound":0,"outbound":0},"traffic_boost_suggestions_count":0,"meta":{"@context":"https:\/\/schema.org","@type":"NewsArticle","headline":"Feliz D\u00eda de Acci\u00f3n de Gracias de parte de Fundaci\u00f3n MIR","url":"http:\/\/casadecampoliving.com\/es\/feliz-dia-de-accion-de-gracias-de-parte-de-fundacion-mir\/","mainEntityOfPage":{"@type":"WebPage","@id":"http:\/\/casadecampoliving.com\/es\/feliz-dia-de-accion-de-gracias-de-parte-de-fundacion-mir\/"},"thumbnailUrl":"https:\/\/i0.wp.com\/casadecampoliving.com\/wp-content\/uploads\/2022\/10\/fundacion_MIR-Thanksgiving-1.jpg?resize=150%2C150&ssl=1","image":{"@type":"ImageObject","url":"https:\/\/i0.wp.com\/casadecampoliving.com\/wp-content\/uploads\/2022\/10\/fundacion_MIR-Thanksgiving-1.jpg?fit=650%2C410&ssl=1"},"articleSection":"Estilo de Vida","author":[{"@type":"Person","name":"Ana Alba"}],"creator":["Ana Alba"],"publisher":{"@type":"Organization","name":"Casa de Campo Living","logo":"https:\/\/casadecampoliving.com\/wp-content\/uploads\/2022\/07\/CDCLivingLogo_V1-white-sized.png"},"keywords":["fundacion mir","fundacion mir magical splendor for life"],"dateCreated":"2013-11-28T04:00:00Z","datePublished":"2013-11-28T04:00:00Z","dateModified":"2022-10-21T22:54:39Z"},"rendered":"<script type=\"application\/ld+json\" class=\"wp-parsely-metadata\">{\"@context\":\"https:\\\/\\\/schema.org\",\"@type\":\"NewsArticle\",\"headline\":\"Feliz D\\u00eda de Acci\\u00f3n de Gracias de parte de Fundaci\\u00f3n MIR\",\"url\":\"http:\\\/\\\/casadecampoliving.com\\\/es\\\/feliz-dia-de-accion-de-gracias-de-parte-de-fundacion-mir\\\/\",\"mainEntityOfPage\":{\"@type\":\"WebPage\",\"@id\":\"http:\\\/\\\/casadecampoliving.com\\\/es\\\/feliz-dia-de-accion-de-gracias-de-parte-de-fundacion-mir\\\/\"},\"thumbnailUrl\":\"https:\\\/\\\/i0.wp.com\\\/casadecampoliving.com\\\/wp-content\\\/uploads\\\/2022\\\/10\\\/fundacion_MIR-Thanksgiving-1.jpg?resize=150%2C150&ssl=1\",\"image\":{\"@type\":\"ImageObject\",\"url\":\"https:\\\/\\\/i0.wp.com\\\/casadecampoliving.com\\\/wp-content\\\/uploads\\\/2022\\\/10\\\/fundacion_MIR-Thanksgiving-1.jpg?fit=650%2C410&ssl=1\"},\"articleSection\":\"Estilo de Vida\",\"author\":[{\"@type\":\"Person\",\"name\":\"Ana Alba\"}],\"creator\":[\"Ana Alba\"],\"publisher\":{\"@type\":\"Organization\",\"name\":\"Casa de Campo Living\",\"logo\":\"https:\\\/\\\/casadecampoliving.com\\\/wp-content\\\/uploads\\\/2022\\\/07\\\/CDCLivingLogo_V1-white-sized.png\"},\"keywords\":[\"fundacion mir\",\"fundacion mir magical splendor for life\"],\"dateCreated\":\"2013-11-28T04:00:00Z\",\"datePublished\":\"2013-11-28T04:00:00Z\",\"dateModified\":\"2022-10-21T22:54:39Z\"}<\/script>","tracker_url":"https:\/\/cdn.parsely.com\/keys\/casadecampoliving.com\/p.js"},"jetpack_publicize_connections":[],"jetpack_featured_media_url":"https:\/\/i0.wp.com\/casadecampoliving.com\/wp-content\/uploads\/2022\/10\/fundacion_MIR-Thanksgiving-1.jpg?fit=650%2C410&ssl=1","jetpack-related-posts":[{"id":346093,"url":"https:\/\/casadecampoliving.com\/es\/feliz-dia-de-accion-de-gracias-departe-de-fundacion-mir\/","url_meta":{"origin":343361,"position":0},"title":"Feliz D\u00eda de Acci\u00f3n de Gracias departe de Fundaci\u00f3n MIR","author":"Daniela Medina","date":"27 Nov, 2014","format":false,"excerpt":"Fundaci\u00f3n MIR les desea a todos un muy feliz D\u00eda de Acci\u00f3n de Gracias. Fundaci\u00f3n MIR , est\u00e1 agradecida por todas las bendiciones que han recibido, \u00a1pero aqu\u00ed tenemos un par de cosas por las que est\u00e1n especialmente agradecidos! \u201cEs dif\u00edcil expresar con palabras lo agradecidos que estamos por todos\u2026","rel":"","context":"En \u00abCasa de Campo Living @es\u00bb","block_context":{"text":"Casa de Campo Living @es","link":"https:\/\/casadecampoliving.com\/category\/casa-de-campo-living-es\/"},"img":{"alt_text":"","src":"https:\/\/i0.wp.com\/casadecampoliving.com\/wp-content\/uploads\/2022\/10\/MIR-Thanksgiving-1.jpg?fit=650%2C500&ssl=1&resize=350%2C200","width":350,"height":200,"srcset":"https:\/\/i0.wp.com\/casadecampoliving.com\/wp-content\/uploads\/2022\/10\/MIR-Thanksgiving-1.jpg?fit=650%2C500&ssl=1&resize=350%2C200 1x, https:\/\/i0.wp.com\/casadecampoliving.com\/wp-content\/uploads\/2022\/10\/MIR-Thanksgiving-1.jpg?fit=650%2C500&ssl=1&resize=525%2C300 1.5x"},"classes":[]},{"id":348689,"url":"https:\/\/casadecampoliving.com\/es\/agradecimiento-una-mirada-retrospectiva-a-mir\/","url_meta":{"origin":343361,"position":1},"title":"Acci\u00f3n de Gracias: una mirada retrospectiva a MIR","author":"Perkin Agramonte","date":"26 Nov, 2015","format":false,"excerpt":"Este ha sido un a\u00f1o fabuloso; la comunidad ha apoyado muchas\u00a0obras de caridad y ha donado su tiempo y energ\u00eda para retribuir y ayudar a los necesitados. Analizando\u00a0los \u00faltimos meses, Fundaci\u00f3n MIR celebr\u00f3 su 25\u00ba Retiro Espiritual Anual, se benefici\u00f3 con el Fin de Semana Familiar Fundaci\u00f3n MIR, reuni\u00f3\u00a0600 personas\u2026","rel":"","context":"En \u00abAltos de Chavon @es\u00bb","block_context":{"text":"Altos de Chavon @es","link":"https:\/\/casadecampoliving.com\/category\/altos-de-chavon-es\/"},"img":{"alt_text":"MIR THANKSGIVING","src":"https:\/\/i0.wp.com\/casadecampoliving.com\/wp-content\/uploads\/2022\/10\/CARD-THANKSGIVING-SPANISH-copy.jpg?fit=1046%2C912&ssl=1&resize=350%2C200","width":350,"height":200,"srcset":"https:\/\/i0.wp.com\/casadecampoliving.com\/wp-content\/uploads\/2022\/10\/CARD-THANKSGIVING-SPANISH-copy.jpg?fit=1046%2C912&ssl=1&resize=350%2C200 1x, https:\/\/i0.wp.com\/casadecampoliving.com\/wp-content\/uploads\/2022\/10\/CARD-THANKSGIVING-SPANISH-copy.jpg?fit=1046%2C912&ssl=1&resize=525%2C300 1.5x, https:\/\/i0.wp.com\/casadecampoliving.com\/wp-content\/uploads\/2022\/10\/CARD-THANKSGIVING-SPANISH-copy.jpg?fit=1046%2C912&ssl=1&resize=700%2C400 2x"},"classes":[]},{"id":350734,"url":"https:\/\/casadecampoliving.com\/es\/2016-fall-fest-fundacion-mir\/","url_meta":{"origin":343361,"position":2},"title":"\u00a1Un vistazo al Fall Fest 2016 por Fundaci\u00f3n MIR!","author":"Carla Campos","date":"1 Nov, 2016","format":false,"excerpt":"Cuando empezamos a organizar el Altos de Chav\u00f3n Fall Fest 2016, la lista de invitados fue una de las primeras cosas que hicimos. Quer\u00edamos que la comunidad en general participara en este evento. Primero en la\u00a0lista estaban los ni\u00f1os de la Fundaci\u00f3n MIR, el Hogar del Ni\u00f1o y el Orfanato\u2026","rel":"","context":"En \u00abAltos de Chavon @es\u00bb","block_context":{"text":"Altos de Chavon @es","link":"https:\/\/casadecampoliving.com\/category\/altos-de-chavon-es\/"},"img":{"alt_text":"","src":"https:\/\/i0.wp.com\/casadecampoliving.com\/wp-content\/uploads\/2022\/10\/2016-11-01-1-2.jpg?fit=1000%2C667&ssl=1&resize=350%2C200","width":350,"height":200,"srcset":"https:\/\/i0.wp.com\/casadecampoliving.com\/wp-content\/uploads\/2022\/10\/2016-11-01-1-2.jpg?fit=1000%2C667&ssl=1&resize=350%2C200 1x, https:\/\/i0.wp.com\/casadecampoliving.com\/wp-content\/uploads\/2022\/10\/2016-11-01-1-2.jpg?fit=1000%2C667&ssl=1&resize=525%2C300 1.5x, https:\/\/i0.wp.com\/casadecampoliving.com\/wp-content\/uploads\/2022\/10\/2016-11-01-1-2.jpg?fit=1000%2C667&ssl=1&resize=700%2C400 2x"},"classes":[]},{"id":350509,"url":"https:\/\/casadecampoliving.com\/es\/carlos-vives-visita-fundacion-mir\/","url_meta":{"origin":343361,"position":3},"title":"\u00a1Carlos Vives visita Fundaci\u00f3n MIR al llegar a la Rep\u00fablica Dominicana!","author":"Carla Campos","date":"19 Sep, 2016","format":false,"excerpt":"\u00a0 Previo al concierto de Carlos Vives en el anfiteatro Altos de Chav\u00f3n en Casa de Campo, \u00a1el muy esperado cantante colombiano hizo\u00a0primero una visita a los ni\u00f1os de la Fundaci\u00f3n MIR! Lleg\u00f3 al aeropuerto de La Romana el viernes y fue recibido por Rafael Torres y Gamal Hach\u00e9 al\u2026","rel":"","context":"En \u00abAltos de Chavon @es\u00bb","block_context":{"text":"Altos de Chavon @es","link":"https:\/\/casadecampoliving.com\/category\/altos-de-chavon-es\/"},"img":{"alt_text":"","src":"https:\/\/i0.wp.com\/casadecampoliving.com\/wp-content\/uploads\/2022\/10\/IMG_8904-1-copy.jpg?fit=1001%2C600&ssl=1&resize=350%2C200","width":350,"height":200,"srcset":"https:\/\/i0.wp.com\/casadecampoliving.com\/wp-content\/uploads\/2022\/10\/IMG_8904-1-copy.jpg?fit=1001%2C600&ssl=1&resize=350%2C200 1x, https:\/\/i0.wp.com\/casadecampoliving.com\/wp-content\/uploads\/2022\/10\/IMG_8904-1-copy.jpg?fit=1001%2C600&ssl=1&resize=525%2C300 1.5x, https:\/\/i0.wp.com\/casadecampoliving.com\/wp-content\/uploads\/2022\/10\/IMG_8904-1-copy.jpg?fit=1001%2C600&ssl=1&resize=700%2C400 2x"},"classes":[]},{"id":354130,"url":"https:\/\/casadecampoliving.com\/es\/un-extraordinario-y-magico-dia-familiar-de-la-fundacion-mir-2021-gracias-por-su-apoyo\/","url_meta":{"origin":343361,"position":4},"title":"\u00a1Un extraordinario y m\u00e1gico D\u00eda Familiar de la Fundaci\u00f3n MIR 2021! \u00a1Gracias por su apoyo!","author":"Casa de Campo Living","date":"17 Ago, 2021","format":false,"excerpt":"El fin de semana pasado el resort Casa de Campo estuvo un poco m\u00e1s activo de lo habitual, gracias al D\u00eda de la Familia Fundaci\u00f3n MIR, que reuni\u00f3 a propietarios de villas, residentes y visitantes, quienes disfrutaron de un circuito de actividades que comenz\u00f3 en La Romana Country Club con\u2026","rel":"","context":"En \u00abCasa de Campo Living @es\u00bb","block_context":{"text":"Casa de Campo Living @es","link":"https:\/\/casadecampoliving.com\/category\/casa-de-campo-living-es\/"},"img":{"alt_text":"","src":"https:\/\/i0.wp.com\/casadecampoliving.com\/wp-content\/uploads\/2022\/10\/Jose-Miguel-Bonetti-Ligia-Reid-Bonetti-Maria-Matilde-Bonetti-y-Roberto-Bonetti-1.jpg?fit=1000%2C667&ssl=1&resize=350%2C200","width":350,"height":200,"srcset":"https:\/\/i0.wp.com\/casadecampoliving.com\/wp-content\/uploads\/2022\/10\/Jose-Miguel-Bonetti-Ligia-Reid-Bonetti-Maria-Matilde-Bonetti-y-Roberto-Bonetti-1.jpg?fit=1000%2C667&ssl=1&resize=350%2C200 1x, https:\/\/i0.wp.com\/casadecampoliving.com\/wp-content\/uploads\/2022\/10\/Jose-Miguel-Bonetti-Ligia-Reid-Bonetti-Maria-Matilde-Bonetti-y-Roberto-Bonetti-1.jpg?fit=1000%2C667&ssl=1&resize=525%2C300 1.5x, https:\/\/i0.wp.com\/casadecampoliving.com\/wp-content\/uploads\/2022\/10\/Jose-Miguel-Bonetti-Ligia-Reid-Bonetti-Maria-Matilde-Bonetti-y-Roberto-Bonetti-1.jpg?fit=1000%2C667&ssl=1&resize=700%2C400 2x"},"classes":[]},{"id":354274,"url":"https:\/\/casadecampoliving.com\/es\/un-dia-genial-fundacion-mir-celebra-evento-benefico-golf-for-education\/","url_meta":{"origin":343361,"position":5},"title":"\u00a1Un d\u00eda genial! Fundaci\u00f3n MIR celebra evento ben\u00e9fico \u201cGolf for Education\u201d","author":"Casa de Campo Living","date":"28 Ene, 2022","format":false,"excerpt":"El s\u00e1bado 15 de enero, el campo de golf La Romana Country Club en Casa de Campo recibi\u00f3 a m\u00e1s de 80 jugadores que participaron en el torneo Fundaci\u00f3n MIR \u201cGolf for Education\u201d 2022. Este torneo es una tradici\u00f3n desde hace m\u00e1s de 10 a\u00f1os y gracias a la generosa\u2026","rel":"","context":"En \u00abCasa de Campo Living @es\u00bb","block_context":{"text":"Casa de Campo Living @es","link":"https:\/\/casadecampoliving.com\/category\/casa-de-campo-living-es\/"},"img":{"alt_text":"","src":"https:\/\/i0.wp.com\/casadecampoliving.com\/wp-content\/uploads\/2022\/10\/IMG_7968-1.jpg?fit=1000%2C750&ssl=1&resize=350%2C200","width":350,"height":200,"srcset":"https:\/\/i0.wp.com\/casadecampoliving.com\/wp-content\/uploads\/2022\/10\/IMG_7968-1.jpg?fit=1000%2C750&ssl=1&resize=350%2C200 1x, https:\/\/i0.wp.com\/casadecampoliving.com\/wp-content\/uploads\/2022\/10\/IMG_7968-1.jpg?fit=1000%2C750&ssl=1&resize=525%2C300 1.5x, https:\/\/i0.wp.com\/casadecampoliving.com\/wp-content\/uploads\/2022\/10\/IMG_7968-1.jpg?fit=1000%2C750&ssl=1&resize=700%2C400 2x"},"classes":[]}],"jetpack_sharing_enabled":true,"_links":{"self":[{"href":"https:\/\/casadecampoliving.com\/es\/wp-json\/wp\/v2\/posts\/343361","targetHints":{"allow":["GET"]}}],"collection":[{"href":"https:\/\/casadecampoliving.com\/es\/wp-json\/wp\/v2\/posts"}],"about":[{"href":"https:\/\/casadecampoliving.com\/es\/wp-json\/wp\/v2\/types\/post"}],"author":[{"embeddable":true,"href":"https:\/\/casadecampoliving.com\/es\/wp-json\/wp\/v2\/users\/467"}],"replies":[{"embeddable":true,"href":"https:\/\/casadecampoliving.com\/es\/wp-json\/wp\/v2\/comments?post=343361"}],"version-history":[{"count":1,"href":"https:\/\/casadecampoliving.com\/es\/wp-json\/wp\/v2\/posts\/343361\/revisions"}],"predecessor-version":[{"id":343364,"href":"https:\/\/casadecampoliving.com\/es\/wp-json\/wp\/v2\/posts\/343361\/revisions\/343364"}],"wp:featuredmedia":[{"embeddable":true,"href":"https:\/\/casadecampoliving.com\/es\/wp-json\/wp\/v2\/media\/239108"}],"wp:attachment":[{"href":"https:\/\/casadecampoliving.com\/es\/wp-json\/wp\/v2\/media?parent=343361"}],"wp:term":[{"taxonomy":"category","embeddable":true,"href":"https:\/\/casadecampoliving.com\/es\/wp-json\/wp\/v2\/categories?post=343361"},{"taxonomy":"post_tag","embeddable":true,"href":"https:\/\/casadecampoliving.com\/es\/wp-json\/wp\/v2\/tags?post=343361"},{"taxonomy":"newspack_spnsrs_tax","embeddable":true,"href":"https:\/\/casadecampoliving.com\/es\/wp-json\/wp\/v2\/newspack_spnsrs_tax?post=343361"}],"curies":[{"name":"wp","href":"https:\/\/api.w.org\/{rel}","templated":true}]}}