{"id":343315,"date":"2013-11-19T00:00:00","date_gmt":"2013-11-19T04:00:00","guid":{"rendered":"https:\/\/casadecampoliving.com\/se-acerca-el-cafe-de-la-leche-navideno\/"},"modified":"2022-10-21T18:53:02","modified_gmt":"2022-10-21T22:53:02","slug":"se-acerca-el-cafe-de-la-leche-navideno","status":"publish","type":"post","link":"https:\/\/casadecampoliving.com\/es\/se-acerca-el-cafe-de-la-leche-navideno\/","title":{"rendered":"\u00a1Se acerca el Caf\u00e9 de la Leche Navide\u00f1o!"},"content":{"rendered":"<div class=\"wp-block-image\">\n<figure class=\"aligncenter is-resized\"><img loading=\"lazy\" decoding=\"async\" src=\"https:\/\/i0.wp.com\/casadecampoliving.com\/wp-content\/uploads\/2022\/10\/cafe_de_la_leche-10.jpg?resize=650%2C412&amp;ssl=1\" alt=\"cafe de la leche\" class=\"wp-image-62587\" title=\"cafe_de_la_leche\" height=\"412\" width=\"650\"\/><\/figure>\n<\/div>\n\n\n<p>\u00a1Las vacaciones se acercan! y una de las primeras celebraciones ser\u00e1 la del Caf\u00e9 de la Leche Navide\u00f1o organizado por Xiomara Men\u00e9ndez el viernes 13 de diciembre.<\/p>\n\n\n\n<!--more-->\n\n\n\n<p>Con las mejores decoraciones de temporada, la villa de Ram\u00f3n y Xiomara Men\u00e9ndez cada a\u00f1o es transformada en una lugar m\u00e1gico, haciendolo el lugar perfecto para el tan especial Caf\u00e9 de la Leche Navide\u00f1o.<\/p>\n\n\n\n<p>Como el patrocinador de Patronato Ben\u00e9fico, los organizadores de Hogar del Ni\u00f1o, Xiomara le da la bienvenida a m\u00e1s de 100 invitados al evento de caridad, normalmente recolectan leche para la sala cuna con m\u00e1s de 200 bebes, pero en esta ocasi\u00f3n ser\u00e1n dulces para la fiesta anual de navidad.<\/p>\n\n\n\n<p>Los invitados de Xiomara son recibidos con la increible \u201cChristmas village\u201d (aldea navide\u00f1a).<\/p>\n\n\n\n<blockquote><figure><a href=\"https:\/\/i0.wp.com\/casadecampoliving.com\/wp-content\/uploads\/2022\/10\/christmas_village.jpg?ssl=1\"><img decoding=\"async\" loading=\"lazy\" class=\"aligncenter size-full wp-image-40210\" title=\"christmas_village\" alt=\"christmas miniature village\" src=\"https:\/\/i0.wp.com\/casadecampoliving.com\/wp-content\/uploads\/2022\/10\/christmas_village.jpg?resize=600%2C450&amp;ssl=1\" width=\"600\" height=\"450\"><\/a><\/figure><p style=\"text-align: left;\"><strong> <\/strong><\/p><p style=\"text-align: left;\">M\u00e1s de 2 semanas de trabajo, la aldea de Xiomara est\u00e1 hecha de objectos en miniatura que adquiri\u00f3 en sus viajes, uno nuevo por cada pa\u00eds al que visita. Cada a\u00f1o Xiomara recrea la ladea usando algod\u00f3n para la nieve y posicionando cada una de las casas, figuras, arboles y vallas para crear algo que no estar\u00eda fuera de lugar en Disney world.<\/p><\/blockquote>\n\n\n\n<p><strong>\u00a1Esperamos verlos!<\/strong><\/p>\n\n\n\n<blockquote class=\"wp-block-quote is-layout-flow wp-block-quote-is-layout-flow\"><p><strong>Caf\u00e9 de la Leche Navide\u00f1o con Xiomara Men\u00e9ndez<\/strong><\/p><p><strong>Cuando:<\/strong>&nbsp;viernes 13 de diciembre, 5pm \u2013 7pm<\/p><p><strong>Donde:<\/strong>&nbsp;Bah\u00eda Minitas #5, Casa de Campo<\/p><p><b>Contribuci\u00f3n<\/b><strong>: <\/strong>Dulces para la fiesta de e Hogar del Ni\u00f1os<\/p><p><strong>Info:<\/strong>&nbsp;(809) 523-8901<\/p><p>Para ver el calendario navide\u00f1o de las actividades y eventos visite:&nbsp;<strong><a href=\"http:\/\/www.TODO.fm\">www.TODO.fm<\/a><\/strong><\/p><\/blockquote>\n\n\n\n<blockquote><p><a href=\"https:\/\/casadecampoliving.com\/es\/xiomara-menendez-celebra-el-comienzo-de-la-navidad-con-un-magico-cafe-de-la-leche\/\"><strong>&nbsp;Caf\u00e9 de la Leche Navide\u00f1o 2012<\/strong><\/a><\/p><figure><img decoding=\"async\" loading=\"lazy\" class=\"aligncenter  wp-image-62589\" title=\"cafe_de_la_leche\" alt=\"cafe de la leche\" src=\"https:\/\/i0.wp.com\/casadecampoliving.com\/wp-content\/uploads\/2022\/10\/cafe_de_la_leche1-7.jpg?resize=585%2C375&amp;ssl=1\" width=\"585\" height=\"375\"><\/figure><p style=\"text-align: center;\"><\/p><p>\u00a1El a\u00f1o pasado, el Caf\u00e9 de la Leche fue una celebraci\u00f3n m\u00e1gica!<\/p><p><strong><em><a href=\"https:\/\/casadecampoliving.com\/es\/xiomara-menendez-celebra-el-comienzo-de-la-navidad-con-un-magico-cafe-de-la-leche\/\">Haga clic aqu\u00ed para ver las fotos y la cobertura del evento!<\/a><\/em><\/strong><\/p><\/blockquote>\n\n\n\n<p><em><\/em><a href=\"http:\/\/wp.me\/P1kvEy-bg0\"><strong>Sobre Caf\u00e9 de la Leche<\/strong><\/a><\/p>\n\n\n<div class=\"wp-block-image\">\n<figure class=\"aligncenter is-resized\"><img loading=\"lazy\" decoding=\"async\" src=\"https:\/\/i0.wp.com\/casadecampoliving.com\/wp-content\/uploads\/2022\/10\/cafe_de_la_leche2-3.jpg?resize=585%2C327&amp;ssl=1\" alt=\"cafe de la leche \" class=\"wp-image-60646\" title=\"cafe_de_la_leche\" height=\"327\" width=\"585\"\/><\/figure>\n<\/div>\n\n\n<p class=\"has-text-align-left\"><\/p>\n\n\n\n<p>El Caf\u00e9 de la Leche es un evento ben\u00e9fico que se realiza mensualmente, acompa\u00f1ado de un poco de t\u00e9 o caf\u00e9, en donde las damas de Casa de Campo (a\u00fan cuando se presentan caballeros de vez en cuando) por lo general se re\u00fanen el primer viernes. Cada mes, este Caf\u00e9 de la Leche es organizado por una persona distinta, en su villa privada de Casa de Campo o en alg\u00fan restaurante o negocio.<\/p>\n\n\n\n<p>El prop\u00f3sito del Caf\u00e9 de la Leche es proveer leche para el Hogar del Ni\u00f1o (un centro educacional y \u201cday care\u201d en La Romana) \u2013 que utiliza leche para alimentar a m\u00e1s de 200 beb\u00e9s que a diario son cuidados en la sala de cunas del lugar.<\/p>\n\n\n\n<p class=\"has-text-align-left\"><a href=\"http:\/\/wp.me\/P1kvEy-bg0\"><em>Haga clic aqu\u00ed para enterarse m\u00e1s y para ver las fotos de los Caf\u00e9 de la Leche anteriores!<\/em><\/a><\/p>\n","protected":false},"excerpt":{"rendered":"<p>\u00a1Las vacaciones se acercan! y una de las primeras celebraciones ser\u00e1 la del Caf\u00e9 de la Leche Navide\u00f1o organizado por Xiomara Men\u00e9ndez el viernes 13 de diciembre.<\/p>\n","protected":false},"author":614,"featured_media":236359,"comment_status":"closed","ping_status":"closed","sticky":false,"template":"","format":"standard","meta":{"newspack_ads_suppress_ads":false,"newspack_popups_has_disabled_popups":false,"newspack_sponsor_sponsorship_scope":"","newspack_sponsor_native_byline_display":"inherit","newspack_sponsor_native_category_display":"inherit","newspack_sponsor_underwriter_style":"inherit","newspack_sponsor_underwriter_placement":"inherit","_newspack_byline_active":false,"_newspack_byline":"","newspack_hide_updated_date":false,"newspack_show_updated_date":false,"newspack_content_restriction_is_exempt":false,"newspack_featured_image_position":"","newspack_post_subtitle":"","newspack_article_summary_title":"Overview:","newspack_article_summary":"","_jetpack_memberships_contains_paid_content":false,"footnotes":"","jetpack_publicize_message":"","jetpack_publicize_feature_enabled":true,"jetpack_social_post_already_shared":false,"jetpack_social_options":{"image_generator_settings":{"template":"highway","default_image_id":0,"font":"","enabled":false},"version":2},"_wpas_customize_per_network":false},"categories":[26936,26951,2522,2514,2516,14625,14627],"tags":[5543,277,3196,4484,3074],"newspack_spnsrs_tax":[],"class_list":["post-343315","post","type-post","status-publish","format-standard","has-post-thumbnail","hentry","category-casa-de-campo-living-es","category-ccl-presenta","category-eventos-es","category-fundaciones-es","category-hogar-del-nino-es","category-noticias-locales","category-proximamente","tag-cafe-de-la-leche-events","tag-casa-de-campo-community","tag-christmas-cafe-de-la-leche","tag-el-hogar-del-nino","tag-xiomara-menendez","entry"],"yoast_head":"<!-- This site is optimized with the Yoast SEO plugin v27.5 - https:\/\/yoast.com\/product\/yoast-seo-wordpress\/ -->\n<title>\u00a1Se acerca el Caf\u00e9 de la Leche Navide\u00f1o! | Casa de Campo Living<\/title>\n<meta name=\"description\" content=\"\u00a1Las vacaciones se acercan! y una de las primeras celebraciones ser\u00e1 la del Caf\u00e9 de la Leche Navide\u00f1o organizado por Xiomara Men\u00e9ndez el viernes 13 de\" \/>\n<meta name=\"robots\" content=\"index, follow, max-snippet:-1, max-image-preview:large, max-video-preview:-1\" \/>\n<link rel=\"canonical\" href=\"https:\/\/casadecampoliving.com\/es\/se-acerca-el-cafe-de-la-leche-navideno\/\" \/>\n<meta property=\"og:locale\" content=\"es_ES\" \/>\n<meta property=\"og:type\" content=\"article\" \/>\n<meta property=\"og:title\" content=\"\u00a1Se acerca el Caf\u00e9 de la Leche Navide\u00f1o! | Casa de Campo Living\" \/>\n<meta property=\"og:description\" content=\"\u00a1Las vacaciones se acercan! y una de las primeras celebraciones ser\u00e1 la del Caf\u00e9 de la Leche Navide\u00f1o organizado por Xiomara Men\u00e9ndez el viernes 13 de\" \/>\n<meta property=\"og:url\" content=\"https:\/\/casadecampoliving.com\/es\/se-acerca-el-cafe-de-la-leche-navideno\/\" \/>\n<meta property=\"og:site_name\" content=\"Casa de Campo Living\" \/>\n<meta property=\"article:publisher\" content=\"https:\/\/www.facebook.com\/casadecampoliving\" \/>\n<meta property=\"article:published_time\" content=\"2013-11-19T04:00:00+00:00\" \/>\n<meta property=\"article:modified_time\" content=\"2022-10-21T22:53:02+00:00\" \/>\n<meta property=\"og:image\" content=\"https:\/\/i0.wp.com\/casadecampoliving.com\/wp-content\/uploads\/2022\/10\/cafe_de_la_leche-11.jpg?fit=650%2C412&ssl=1\" \/>\n\t<meta property=\"og:image:width\" content=\"650\" \/>\n\t<meta property=\"og:image:height\" content=\"412\" \/>\n\t<meta property=\"og:image:type\" content=\"image\/jpeg\" \/>\n<meta name=\"author\" content=\"Genesis Perdomo\" \/>\n<meta name=\"twitter:card\" content=\"summary_large_image\" \/>\n<meta name=\"twitter:creator\" content=\"@cdcliving\" \/>\n<meta name=\"twitter:site\" content=\"@cdcliving\" \/>\n<meta name=\"twitter:label1\" content=\"Escrito por\" \/>\n\t<meta name=\"twitter:data1\" content=\"Genesis Perdomo\" \/>\n\t<meta name=\"twitter:label2\" content=\"Tiempo de lectura\" \/>\n\t<meta name=\"twitter:data2\" content=\"2 minutos\" \/>\n<script type=\"application\/ld+json\" class=\"yoast-schema-graph\">{\"@context\":\"https:\\\/\\\/schema.org\",\"@graph\":[{\"@type\":\"Article\",\"@id\":\"https:\\\/\\\/casadecampoliving.com\\\/es\\\/se-acerca-el-cafe-de-la-leche-navideno\\\/#article\",\"isPartOf\":{\"@id\":\"https:\\\/\\\/casadecampoliving.com\\\/es\\\/se-acerca-el-cafe-de-la-leche-navideno\\\/\"},\"author\":{\"name\":\"Genesis Perdomo\",\"@id\":\"https:\\\/\\\/casadecampoliving.com\\\/es\\\/#\\\/schema\\\/person\\\/242cf7c69a59395bbe7de24405601b76\"},\"headline\":\"\u00a1Se acerca el Caf\u00e9 de la Leche Navide\u00f1o!\",\"datePublished\":\"2013-11-19T04:00:00+00:00\",\"dateModified\":\"2022-10-21T22:53:02+00:00\",\"mainEntityOfPage\":{\"@id\":\"https:\\\/\\\/casadecampoliving.com\\\/es\\\/se-acerca-el-cafe-de-la-leche-navideno\\\/\"},\"wordCount\":454,\"publisher\":{\"@id\":\"https:\\\/\\\/casadecampoliving.com\\\/es\\\/#organization\"},\"image\":{\"@id\":\"https:\\\/\\\/casadecampoliving.com\\\/es\\\/se-acerca-el-cafe-de-la-leche-navideno\\\/#primaryimage\"},\"thumbnailUrl\":\"https:\\\/\\\/i0.wp.com\\\/casadecampoliving.com\\\/wp-content\\\/uploads\\\/2022\\\/10\\\/cafe_de_la_leche-11.jpg?fit=650%2C412&ssl=1\",\"keywords\":[\"cafe de la leche events\",\"Casa de Campo Community\",\"christmas cafe de la leche\",\"el hogar del nino\",\"xiomara menendez\"],\"articleSection\":[\"Casa de Campo Living @es\",\"CCL presenta\",\"Eventos\",\"Fundaciones\",\"Hogar del Ni\u00f1o @es\",\"Noticias Locales\",\"Proximamente\"],\"inLanguage\":\"es\"},{\"@type\":\"WebPage\",\"@id\":\"https:\\\/\\\/casadecampoliving.com\\\/es\\\/se-acerca-el-cafe-de-la-leche-navideno\\\/\",\"url\":\"https:\\\/\\\/casadecampoliving.com\\\/es\\\/se-acerca-el-cafe-de-la-leche-navideno\\\/\",\"name\":\"\u00a1Se acerca el Caf\u00e9 de la Leche Navide\u00f1o! | Casa de Campo Living\",\"isPartOf\":{\"@id\":\"https:\\\/\\\/casadecampoliving.com\\\/es\\\/#website\"},\"primaryImageOfPage\":{\"@id\":\"https:\\\/\\\/casadecampoliving.com\\\/es\\\/se-acerca-el-cafe-de-la-leche-navideno\\\/#primaryimage\"},\"image\":{\"@id\":\"https:\\\/\\\/casadecampoliving.com\\\/es\\\/se-acerca-el-cafe-de-la-leche-navideno\\\/#primaryimage\"},\"thumbnailUrl\":\"https:\\\/\\\/i0.wp.com\\\/casadecampoliving.com\\\/wp-content\\\/uploads\\\/2022\\\/10\\\/cafe_de_la_leche-11.jpg?fit=650%2C412&ssl=1\",\"datePublished\":\"2013-11-19T04:00:00+00:00\",\"dateModified\":\"2022-10-21T22:53:02+00:00\",\"description\":\"\u00a1Las vacaciones se acercan! y una de las primeras celebraciones ser\u00e1 la del Caf\u00e9 de la Leche Navide\u00f1o organizado por Xiomara Men\u00e9ndez el viernes 13 de\",\"breadcrumb\":{\"@id\":\"https:\\\/\\\/casadecampoliving.com\\\/es\\\/se-acerca-el-cafe-de-la-leche-navideno\\\/#breadcrumb\"},\"inLanguage\":\"es\",\"potentialAction\":[{\"@type\":\"ReadAction\",\"target\":[\"https:\\\/\\\/casadecampoliving.com\\\/es\\\/se-acerca-el-cafe-de-la-leche-navideno\\\/\"]}]},{\"@type\":\"ImageObject\",\"inLanguage\":\"es\",\"@id\":\"https:\\\/\\\/casadecampoliving.com\\\/es\\\/se-acerca-el-cafe-de-la-leche-navideno\\\/#primaryimage\",\"url\":\"https:\\\/\\\/i0.wp.com\\\/casadecampoliving.com\\\/wp-content\\\/uploads\\\/2022\\\/10\\\/cafe_de_la_leche-11.jpg?fit=650%2C412&ssl=1\",\"contentUrl\":\"https:\\\/\\\/i0.wp.com\\\/casadecampoliving.com\\\/wp-content\\\/uploads\\\/2022\\\/10\\\/cafe_de_la_leche-11.jpg?fit=650%2C412&ssl=1\",\"width\":650,\"height\":412,\"caption\":\"cafe de la leche\"},{\"@type\":\"BreadcrumbList\",\"@id\":\"https:\\\/\\\/casadecampoliving.com\\\/es\\\/se-acerca-el-cafe-de-la-leche-navideno\\\/#breadcrumb\",\"itemListElement\":[{\"@type\":\"ListItem\",\"position\":1,\"name\":\"Home\",\"item\":\"https:\\\/\\\/casadecampoliving.com\\\/es\\\/\"},{\"@type\":\"ListItem\",\"position\":2,\"name\":\"\u00a1Se acerca el Caf\u00e9 de la Leche Navide\u00f1o!\"}]},{\"@type\":\"WebSite\",\"@id\":\"https:\\\/\\\/casadecampoliving.com\\\/es\\\/#website\",\"url\":\"https:\\\/\\\/casadecampoliving.com\\\/es\\\/\",\"name\":\"Casa de Campo Living\",\"description\":\"Resort community news and resources.\",\"publisher\":{\"@id\":\"https:\\\/\\\/casadecampoliving.com\\\/es\\\/#organization\"},\"potentialAction\":[{\"@type\":\"SearchAction\",\"target\":{\"@type\":\"EntryPoint\",\"urlTemplate\":\"https:\\\/\\\/casadecampoliving.com\\\/es\\\/?s={search_term_string}\"},\"query-input\":{\"@type\":\"PropertyValueSpecification\",\"valueRequired\":true,\"valueName\":\"search_term_string\"}}],\"inLanguage\":\"es\"},{\"@type\":\"Organization\",\"@id\":\"https:\\\/\\\/casadecampoliving.com\\\/es\\\/#organization\",\"name\":\"Casa de Campo Living\",\"url\":\"https:\\\/\\\/casadecampoliving.com\\\/es\\\/\",\"logo\":{\"@type\":\"ImageObject\",\"inLanguage\":\"es\",\"@id\":\"https:\\\/\\\/casadecampoliving.com\\\/es\\\/#\\\/schema\\\/logo\\\/image\\\/\",\"url\":\"https:\\\/\\\/i0.wp.com\\\/casadecampoliving.com\\\/wp-content\\\/uploads\\\/2022\\\/07\\\/CDCLivingLogo_V1-white-sized.png?fit=800%2C214&ssl=1\",\"contentUrl\":\"https:\\\/\\\/i0.wp.com\\\/casadecampoliving.com\\\/wp-content\\\/uploads\\\/2022\\\/07\\\/CDCLivingLogo_V1-white-sized.png?fit=800%2C214&ssl=1\",\"width\":800,\"height\":214,\"caption\":\"Casa de Campo Living\"},\"image\":{\"@id\":\"https:\\\/\\\/casadecampoliving.com\\\/es\\\/#\\\/schema\\\/logo\\\/image\\\/\"},\"sameAs\":[\"https:\\\/\\\/www.facebook.com\\\/casadecampoliving\",\"https:\\\/\\\/x.com\\\/cdcliving\"]},{\"@type\":\"Person\",\"@id\":\"https:\\\/\\\/casadecampoliving.com\\\/es\\\/#\\\/schema\\\/person\\\/242cf7c69a59395bbe7de24405601b76\",\"name\":\"Genesis Perdomo\",\"image\":{\"@type\":\"ImageObject\",\"inLanguage\":\"es\",\"@id\":\"https:\\\/\\\/secure.gravatar.com\\\/avatar\\\/1e89145b3cf01cf3b3fdf1d3d2e3c53f60c2978235045ae44df10fb8c79924c1?s=96&d=mm&r=g\",\"url\":\"https:\\\/\\\/secure.gravatar.com\\\/avatar\\\/1e89145b3cf01cf3b3fdf1d3d2e3c53f60c2978235045ae44df10fb8c79924c1?s=96&d=mm&r=g\",\"contentUrl\":\"https:\\\/\\\/secure.gravatar.com\\\/avatar\\\/1e89145b3cf01cf3b3fdf1d3d2e3c53f60c2978235045ae44df10fb8c79924c1?s=96&d=mm&r=g\",\"caption\":\"Genesis Perdomo\"},\"url\":\"https:\\\/\\\/casadecampoliving.com\\\/es\\\/author\\\/gperdomo\\\/\"}]}<\/script>\n<!-- \/ Yoast SEO plugin. -->","yoast_head_json":{"title":"\u00a1Se acerca el Caf\u00e9 de la Leche Navide\u00f1o! | Casa de Campo Living","description":"\u00a1Las vacaciones se acercan! y una de las primeras celebraciones ser\u00e1 la del Caf\u00e9 de la Leche Navide\u00f1o organizado por Xiomara Men\u00e9ndez el viernes 13 de","robots":{"index":"index","follow":"follow","max-snippet":"max-snippet:-1","max-image-preview":"max-image-preview:large","max-video-preview":"max-video-preview:-1"},"canonical":"https:\/\/casadecampoliving.com\/es\/se-acerca-el-cafe-de-la-leche-navideno\/","og_locale":"es_ES","og_type":"article","og_title":"\u00a1Se acerca el Caf\u00e9 de la Leche Navide\u00f1o! | Casa de Campo Living","og_description":"\u00a1Las vacaciones se acercan! y una de las primeras celebraciones ser\u00e1 la del Caf\u00e9 de la Leche Navide\u00f1o organizado por Xiomara Men\u00e9ndez el viernes 13 de","og_url":"https:\/\/casadecampoliving.com\/es\/se-acerca-el-cafe-de-la-leche-navideno\/","og_site_name":"Casa de Campo Living","article_publisher":"https:\/\/www.facebook.com\/casadecampoliving","article_published_time":"2013-11-19T04:00:00+00:00","article_modified_time":"2022-10-21T22:53:02+00:00","og_image":[{"width":650,"height":412,"url":"https:\/\/i0.wp.com\/casadecampoliving.com\/wp-content\/uploads\/2022\/10\/cafe_de_la_leche-11.jpg?fit=650%2C412&ssl=1","type":"image\/jpeg"}],"author":"Genesis Perdomo","twitter_card":"summary_large_image","twitter_creator":"@cdcliving","twitter_site":"@cdcliving","twitter_misc":{"Escrito por":"Genesis Perdomo","Tiempo de lectura":"2 minutos"},"schema":{"@context":"https:\/\/schema.org","@graph":[{"@type":"Article","@id":"https:\/\/casadecampoliving.com\/es\/se-acerca-el-cafe-de-la-leche-navideno\/#article","isPartOf":{"@id":"https:\/\/casadecampoliving.com\/es\/se-acerca-el-cafe-de-la-leche-navideno\/"},"author":{"name":"Genesis Perdomo","@id":"https:\/\/casadecampoliving.com\/es\/#\/schema\/person\/242cf7c69a59395bbe7de24405601b76"},"headline":"\u00a1Se acerca el Caf\u00e9 de la Leche Navide\u00f1o!","datePublished":"2013-11-19T04:00:00+00:00","dateModified":"2022-10-21T22:53:02+00:00","mainEntityOfPage":{"@id":"https:\/\/casadecampoliving.com\/es\/se-acerca-el-cafe-de-la-leche-navideno\/"},"wordCount":454,"publisher":{"@id":"https:\/\/casadecampoliving.com\/es\/#organization"},"image":{"@id":"https:\/\/casadecampoliving.com\/es\/se-acerca-el-cafe-de-la-leche-navideno\/#primaryimage"},"thumbnailUrl":"https:\/\/i0.wp.com\/casadecampoliving.com\/wp-content\/uploads\/2022\/10\/cafe_de_la_leche-11.jpg?fit=650%2C412&ssl=1","keywords":["cafe de la leche events","Casa de Campo Community","christmas cafe de la leche","el hogar del nino","xiomara menendez"],"articleSection":["Casa de Campo Living @es","CCL presenta","Eventos","Fundaciones","Hogar del Ni\u00f1o @es","Noticias Locales","Proximamente"],"inLanguage":"es"},{"@type":"WebPage","@id":"https:\/\/casadecampoliving.com\/es\/se-acerca-el-cafe-de-la-leche-navideno\/","url":"https:\/\/casadecampoliving.com\/es\/se-acerca-el-cafe-de-la-leche-navideno\/","name":"\u00a1Se acerca el Caf\u00e9 de la Leche Navide\u00f1o! | Casa de Campo Living","isPartOf":{"@id":"https:\/\/casadecampoliving.com\/es\/#website"},"primaryImageOfPage":{"@id":"https:\/\/casadecampoliving.com\/es\/se-acerca-el-cafe-de-la-leche-navideno\/#primaryimage"},"image":{"@id":"https:\/\/casadecampoliving.com\/es\/se-acerca-el-cafe-de-la-leche-navideno\/#primaryimage"},"thumbnailUrl":"https:\/\/i0.wp.com\/casadecampoliving.com\/wp-content\/uploads\/2022\/10\/cafe_de_la_leche-11.jpg?fit=650%2C412&ssl=1","datePublished":"2013-11-19T04:00:00+00:00","dateModified":"2022-10-21T22:53:02+00:00","description":"\u00a1Las vacaciones se acercan! y una de las primeras celebraciones ser\u00e1 la del Caf\u00e9 de la Leche Navide\u00f1o organizado por Xiomara Men\u00e9ndez el viernes 13 de","breadcrumb":{"@id":"https:\/\/casadecampoliving.com\/es\/se-acerca-el-cafe-de-la-leche-navideno\/#breadcrumb"},"inLanguage":"es","potentialAction":[{"@type":"ReadAction","target":["https:\/\/casadecampoliving.com\/es\/se-acerca-el-cafe-de-la-leche-navideno\/"]}]},{"@type":"ImageObject","inLanguage":"es","@id":"https:\/\/casadecampoliving.com\/es\/se-acerca-el-cafe-de-la-leche-navideno\/#primaryimage","url":"https:\/\/i0.wp.com\/casadecampoliving.com\/wp-content\/uploads\/2022\/10\/cafe_de_la_leche-11.jpg?fit=650%2C412&ssl=1","contentUrl":"https:\/\/i0.wp.com\/casadecampoliving.com\/wp-content\/uploads\/2022\/10\/cafe_de_la_leche-11.jpg?fit=650%2C412&ssl=1","width":650,"height":412,"caption":"cafe de la leche"},{"@type":"BreadcrumbList","@id":"https:\/\/casadecampoliving.com\/es\/se-acerca-el-cafe-de-la-leche-navideno\/#breadcrumb","itemListElement":[{"@type":"ListItem","position":1,"name":"Home","item":"https:\/\/casadecampoliving.com\/es\/"},{"@type":"ListItem","position":2,"name":"\u00a1Se acerca el Caf\u00e9 de la Leche Navide\u00f1o!"}]},{"@type":"WebSite","@id":"https:\/\/casadecampoliving.com\/es\/#website","url":"https:\/\/casadecampoliving.com\/es\/","name":"Casa de Campo Living","description":"Resort community news and resources.","publisher":{"@id":"https:\/\/casadecampoliving.com\/es\/#organization"},"potentialAction":[{"@type":"SearchAction","target":{"@type":"EntryPoint","urlTemplate":"https:\/\/casadecampoliving.com\/es\/?s={search_term_string}"},"query-input":{"@type":"PropertyValueSpecification","valueRequired":true,"valueName":"search_term_string"}}],"inLanguage":"es"},{"@type":"Organization","@id":"https:\/\/casadecampoliving.com\/es\/#organization","name":"Casa de Campo Living","url":"https:\/\/casadecampoliving.com\/es\/","logo":{"@type":"ImageObject","inLanguage":"es","@id":"https:\/\/casadecampoliving.com\/es\/#\/schema\/logo\/image\/","url":"https:\/\/i0.wp.com\/casadecampoliving.com\/wp-content\/uploads\/2022\/07\/CDCLivingLogo_V1-white-sized.png?fit=800%2C214&ssl=1","contentUrl":"https:\/\/i0.wp.com\/casadecampoliving.com\/wp-content\/uploads\/2022\/07\/CDCLivingLogo_V1-white-sized.png?fit=800%2C214&ssl=1","width":800,"height":214,"caption":"Casa de Campo Living"},"image":{"@id":"https:\/\/casadecampoliving.com\/es\/#\/schema\/logo\/image\/"},"sameAs":["https:\/\/www.facebook.com\/casadecampoliving","https:\/\/x.com\/cdcliving"]},{"@type":"Person","@id":"https:\/\/casadecampoliving.com\/es\/#\/schema\/person\/242cf7c69a59395bbe7de24405601b76","name":"Genesis Perdomo","image":{"@type":"ImageObject","inLanguage":"es","@id":"https:\/\/secure.gravatar.com\/avatar\/1e89145b3cf01cf3b3fdf1d3d2e3c53f60c2978235045ae44df10fb8c79924c1?s=96&d=mm&r=g","url":"https:\/\/secure.gravatar.com\/avatar\/1e89145b3cf01cf3b3fdf1d3d2e3c53f60c2978235045ae44df10fb8c79924c1?s=96&d=mm&r=g","contentUrl":"https:\/\/secure.gravatar.com\/avatar\/1e89145b3cf01cf3b3fdf1d3d2e3c53f60c2978235045ae44df10fb8c79924c1?s=96&d=mm&r=g","caption":"Genesis Perdomo"},"url":"https:\/\/casadecampoliving.com\/es\/author\/gperdomo\/"}]}},"parsely":{"version":"1.1.0","canonical_url":"https:\/\/casadecampoliving.com\/es\/se-acerca-el-cafe-de-la-leche-navideno\/","smart_links":{"inbound":0,"outbound":0},"traffic_boost_suggestions_count":0,"meta":{"@context":"https:\/\/schema.org","@type":"NewsArticle","headline":"\u00a1Se acerca el Caf\u00e9 de la Leche Navide\u00f1o!","url":"http:\/\/casadecampoliving.com\/es\/se-acerca-el-cafe-de-la-leche-navideno\/","mainEntityOfPage":{"@type":"WebPage","@id":"http:\/\/casadecampoliving.com\/es\/se-acerca-el-cafe-de-la-leche-navideno\/"},"thumbnailUrl":"https:\/\/i0.wp.com\/casadecampoliving.com\/wp-content\/uploads\/2022\/10\/cafe_de_la_leche-11.jpg?resize=150%2C150&ssl=1","image":{"@type":"ImageObject","url":"https:\/\/i0.wp.com\/casadecampoliving.com\/wp-content\/uploads\/2022\/10\/cafe_de_la_leche-11.jpg?fit=650%2C412&ssl=1"},"articleSection":"CCL presenta","author":[{"@type":"Person","name":"Genesis Perdomo"}],"creator":["Genesis Perdomo"],"publisher":{"@type":"Organization","name":"Casa de Campo Living","logo":"https:\/\/casadecampoliving.com\/wp-content\/uploads\/2022\/07\/CDCLivingLogo_V1-white-sized.png"},"keywords":["cafe de la leche events","casa de campo community","christmas cafe de la leche","el hogar del nino","xiomara menendez"],"dateCreated":"2013-11-19T04:00:00Z","datePublished":"2013-11-19T04:00:00Z","dateModified":"2022-10-21T22:53:02Z"},"rendered":"<script type=\"application\/ld+json\" class=\"wp-parsely-metadata\">{\"@context\":\"https:\\\/\\\/schema.org\",\"@type\":\"NewsArticle\",\"headline\":\"\\u00a1Se acerca el Caf\\u00e9 de la Leche Navide\\u00f1o!\",\"url\":\"http:\\\/\\\/casadecampoliving.com\\\/es\\\/se-acerca-el-cafe-de-la-leche-navideno\\\/\",\"mainEntityOfPage\":{\"@type\":\"WebPage\",\"@id\":\"http:\\\/\\\/casadecampoliving.com\\\/es\\\/se-acerca-el-cafe-de-la-leche-navideno\\\/\"},\"thumbnailUrl\":\"https:\\\/\\\/i0.wp.com\\\/casadecampoliving.com\\\/wp-content\\\/uploads\\\/2022\\\/10\\\/cafe_de_la_leche-11.jpg?resize=150%2C150&ssl=1\",\"image\":{\"@type\":\"ImageObject\",\"url\":\"https:\\\/\\\/i0.wp.com\\\/casadecampoliving.com\\\/wp-content\\\/uploads\\\/2022\\\/10\\\/cafe_de_la_leche-11.jpg?fit=650%2C412&ssl=1\"},\"articleSection\":\"CCL presenta\",\"author\":[{\"@type\":\"Person\",\"name\":\"Genesis Perdomo\"}],\"creator\":[\"Genesis Perdomo\"],\"publisher\":{\"@type\":\"Organization\",\"name\":\"Casa de Campo Living\",\"logo\":\"https:\\\/\\\/casadecampoliving.com\\\/wp-content\\\/uploads\\\/2022\\\/07\\\/CDCLivingLogo_V1-white-sized.png\"},\"keywords\":[\"cafe de la leche events\",\"casa de campo community\",\"christmas cafe de la leche\",\"el hogar del nino\",\"xiomara menendez\"],\"dateCreated\":\"2013-11-19T04:00:00Z\",\"datePublished\":\"2013-11-19T04:00:00Z\",\"dateModified\":\"2022-10-21T22:53:02Z\"}<\/script>","tracker_url":"https:\/\/cdn.parsely.com\/keys\/casadecampoliving.com\/p.js"},"jetpack_publicize_connections":[],"jetpack_featured_media_url":"https:\/\/i0.wp.com\/casadecampoliving.com\/wp-content\/uploads\/2022\/10\/cafe_de_la_leche-11.jpg?fit=650%2C412&ssl=1","jetpack-related-posts":[{"id":346035,"url":"https:\/\/casadecampoliving.com\/es\/guarde-la-fecha-para-el-cafe-de-la-leche-mas-magico\/","url_meta":{"origin":343315,"position":0},"title":"\u00a1Guarde la fecha para el Caf\u00e9 de la Leche m\u00e1s m\u00e1gico!","author":"Maria Isabel B\u00e1ez","date":"21 Nov, 2014","format":false,"excerpt":"\u00bfEst\u00e1 listo para la temporada m\u00e1s m\u00e1gica del a\u00f1o? Bueno, pues guarde la fecha para el comienzo de la temporada navide\u00f1a \u2013 \u00a1el Caf\u00e9 de la Leche Navide\u00f1o! \u00a1Uno de los eventos favoritos del calendario social de Casa de Campo! Organizado por Xiomara Men\u00e9ndez, este m\u00e1gico Caf\u00e9 de la Leche\u2026","rel":"","context":"En \u00abCasa de Campo Living @es\u00bb","block_context":{"text":"Casa de Campo Living @es","link":"https:\/\/casadecampoliving.com\/category\/casa-de-campo-living-es\/"},"img":{"alt_text":"Xiomara Matos, Xiomara Men\u00e9ndez and Rebecca Hughes","src":"https:\/\/i0.wp.com\/casadecampoliving.com\/wp-content\/uploads\/2022\/10\/xiomara_matos_xiomara_menedez_rebecca_hughes-1.jpg?fit=650%2C433&ssl=1&resize=350%2C200","width":350,"height":200,"srcset":"https:\/\/i0.wp.com\/casadecampoliving.com\/wp-content\/uploads\/2022\/10\/xiomara_matos_xiomara_menedez_rebecca_hughes-1.jpg?fit=650%2C433&ssl=1&resize=350%2C200 1x, https:\/\/i0.wp.com\/casadecampoliving.com\/wp-content\/uploads\/2022\/10\/xiomara_matos_xiomara_menedez_rebecca_hughes-1.jpg?fit=650%2C433&ssl=1&resize=525%2C300 1.5x"},"classes":[]},{"id":340222,"url":"https:\/\/casadecampoliving.com\/es\/y-llega-la-navidad-a-cafe-de-la-leche-este-miercoles-12-de-diciembre\/","url_meta":{"origin":343315,"position":1},"title":"Y llega la Navidad a Caf\u00e9 de la leche este mi\u00e9rcoles 12 de diciembre","author":"Tere Garcia","date":"6 Dic, 2012","format":false,"excerpt":"Es posible que no haya \u00a0lugar m\u00e1s navide\u00f1o en Casa de Campo que la hermosa y elegante casa de Xiomara Men\u00e9ndez, fundadora del Patronato Ben\u00e9fico Oriental, la caridad bajo la organizacion del Hogar del Ni\u00f1o y anfitri\u00f3na de este\u201d Caf\u00e9 la Leche \u201c, que tendr\u00e1 lugar este miercoles 12 de\u2026","rel":"","context":"En \u00abCasa de Campo Living @es\u00bb","block_context":{"text":"Casa de Campo Living @es","link":"https:\/\/casadecampoliving.com\/category\/casa-de-campo-living-es\/"},"img":{"alt_text":"casa de campo","src":"https:\/\/i0.wp.com\/casadecampoliving.com\/wp-content\/uploads\/2022\/10\/sunset_casa_de_campo2-1.jpg?fit=650%2C410&ssl=1&resize=350%2C200","width":350,"height":200,"srcset":"https:\/\/i0.wp.com\/casadecampoliving.com\/wp-content\/uploads\/2022\/10\/sunset_casa_de_campo2-1.jpg?fit=650%2C410&ssl=1&resize=350%2C200 1x, https:\/\/i0.wp.com\/casadecampoliving.com\/wp-content\/uploads\/2022\/10\/sunset_casa_de_campo2-1.jpg?fit=650%2C410&ssl=1&resize=525%2C300 1.5x"},"classes":[]},{"id":348759,"url":"https:\/\/casadecampoliving.com\/es\/cafe-de-la-leche-navideno\/","url_meta":{"origin":343315,"position":2},"title":"\u00a1No te pierdas el mejor y m\u00e1s feliz Caf\u00e9 de la Leche del a\u00f1o!","author":"Felix Guerrero","date":"8 Dic, 2015","format":false,"excerpt":"Todos los meses nos reunimos para celebrar el Caf\u00e9 de la Leche en apoyo a los peque\u00f1ines\u00a0del Hogar del Ni\u00f1o, y este viernes, 11 de diciembre, no ser\u00e1 la excepci\u00f3n; siendo \u00e9ste el \u00faltimo del\u00a0a\u00f1o, el\u00a0Caf\u00e9 de la Leche Navide\u00f1o, \u00a1y vaya que ser\u00e1 espectacular! Como de costumbre, la anfitriona\u2026","rel":"","context":"En \u00abCasa de Campo Living @es\u00bb","block_context":{"text":"Casa de Campo Living @es","link":"https:\/\/casadecampoliving.com\/category\/casa-de-campo-living-es\/"},"img":{"alt_text":"Christmas Caf\u00e9 de la Leche","src":"https:\/\/i0.wp.com\/casadecampoliving.com\/wp-content\/uploads\/2022\/10\/Christmas-Cafe-de-la-Leche-1.jpg?fit=650%2C400&ssl=1&resize=350%2C200","width":350,"height":200,"srcset":"https:\/\/i0.wp.com\/casadecampoliving.com\/wp-content\/uploads\/2022\/10\/Christmas-Cafe-de-la-Leche-1.jpg?fit=650%2C400&ssl=1&resize=350%2C200 1x, https:\/\/i0.wp.com\/casadecampoliving.com\/wp-content\/uploads\/2022\/10\/Christmas-Cafe-de-la-Leche-1.jpg?fit=650%2C400&ssl=1&resize=525%2C300 1.5x"},"classes":[]},{"id":353605,"url":"https:\/\/casadecampoliving.com\/es\/reserva-la-fecha-para-el-magico-cafe-de-la-leche-navideno-de-este-ano\/","url_meta":{"origin":343315,"position":3},"title":"\u00a1Reserva la fecha para el m\u00e1gico Caf\u00e9 de la Leche Navide\u00f1o de este a\u00f1o!","author":"Casa de Campo Living","date":"18 Nov, 2019","format":false,"excerpt":"Es posible que no haya \u00a0lugar m\u00e1s navide\u00f1o en Casa de Campo que la hermosa y elegante casa de Xiomara Men\u00e9ndez, fundadora del Patronato Ben\u00e9fico Oriental, la caridad bajo la organizacion del Hogar del Ni\u00f1o y anfitri\u00f3na de este\u201d Caf\u00e9 la Leche \u201c, que tendr\u00e1 lugar este viernes 6 de\u2026","rel":"","context":"En \u00abEstilo de Vida\u00bb","block_context":{"text":"Estilo de Vida","link":"https:\/\/casadecampoliving.com\/es\/category\/estilo-de-vida\/"},"img":{"alt_text":"","src":"https:\/\/i0.wp.com\/casadecampoliving.com\/wp-content\/uploads\/2022\/10\/IMG_4508.jpg?fit=1000%2C599&ssl=1&resize=350%2C200","width":350,"height":200,"srcset":"https:\/\/i0.wp.com\/casadecampoliving.com\/wp-content\/uploads\/2022\/10\/IMG_4508.jpg?fit=1000%2C599&ssl=1&resize=350%2C200 1x, https:\/\/i0.wp.com\/casadecampoliving.com\/wp-content\/uploads\/2022\/10\/IMG_4508.jpg?fit=1000%2C599&ssl=1&resize=525%2C300 1.5x, https:\/\/i0.wp.com\/casadecampoliving.com\/wp-content\/uploads\/2022\/10\/IMG_4508.jpg?fit=1000%2C599&ssl=1&resize=700%2C400 2x"},"classes":[]},{"id":352260,"url":"https:\/\/casadecampoliving.com\/es\/ultimo-cafe-de-la-leche-del-ano-con-la-sra-xiomara-de-menendez\/","url_meta":{"origin":343315,"position":4},"title":"Guarde la fecha para el \u00faltimo Caf\u00e9 de la Leche del a\u00f1o con la Sra. Xiomara de Men\u00e9ndez","author":"Marlenys Guzm\u00e1n Casta\u00f1os","date":"4 Dic, 2017","format":false,"excerpt":"\u00a1La Navidad en Casa comienza oficialmente esta semana! \u00a1Ya est\u00e1 publicado el calendario completo de eventos organizado por Casa de Campo, y ahora acaban de anunciar uno muy tradicional! La \u00faltima edici\u00f3n del a\u00f1o de Caf\u00e9 de la Leche, que anualmente ofrece la Sra. Xiomara de Men\u00e9ndez, tendr\u00e1 lugar este\u2026","rel":"","context":"En \u00abEstilo de Vida\u00bb","block_context":{"text":"Estilo de Vida","link":"https:\/\/casadecampoliving.com\/es\/category\/estilo-de-vida\/"},"img":{"alt_text":"","src":"https:\/\/i0.wp.com\/casadecampoliving.com\/wp-content\/uploads\/2022\/10\/1P1A5406.jpg?fit=1000%2C602&ssl=1&resize=350%2C200","width":350,"height":200,"srcset":"https:\/\/i0.wp.com\/casadecampoliving.com\/wp-content\/uploads\/2022\/10\/1P1A5406.jpg?fit=1000%2C602&ssl=1&resize=350%2C200 1x, https:\/\/i0.wp.com\/casadecampoliving.com\/wp-content\/uploads\/2022\/10\/1P1A5406.jpg?fit=1000%2C602&ssl=1&resize=525%2C300 1.5x, https:\/\/i0.wp.com\/casadecampoliving.com\/wp-content\/uploads\/2022\/10\/1P1A5406.jpg?fit=1000%2C602&ssl=1&resize=700%2C400 2x"},"classes":[]},{"id":337736,"url":"https:\/\/casadecampoliving.com\/es\/las-damas-de-casa-de-campo-celebran-el-cafe-de-la-leche-navideno\/","url_meta":{"origin":343315,"position":5},"title":"Las damas de Casa de Campo celebran el Caf\u00e9 de la Leche Navide\u00f1o","author":"","date":"14 Dic, 2011","format":false,"excerpt":"Estamos a punto de vivir la \u00e9poca m\u00e1s hermosa del a\u00f1o y para comenzar las celebraciones, Xiomara Menendez fue la anfitriona del Caf\u00e9 de la Leche Navide\u00f1o en su espectacular villa de Casa de Campo, frente al mar en Bah\u00eda Minitas. La Anfitriona, Xiomara Menedez recibiendo a sus invitadas Decorada\u2026","rel":"","context":"En \u00abEventos\u00bb","block_context":{"text":"Eventos","link":"https:\/\/casadecampoliving.com\/es\/category\/eventos-es\/"},"img":{"alt_text":"christmas cafe de la leche","src":"https:\/\/i0.wp.com\/casadecampoliving.com\/wp-content\/uploads\/2022\/10\/christmas_cafe_de_la_leche-1.jpg?fit=650%2C376&ssl=1&resize=350%2C200","width":350,"height":200,"srcset":"https:\/\/i0.wp.com\/casadecampoliving.com\/wp-content\/uploads\/2022\/10\/christmas_cafe_de_la_leche-1.jpg?fit=650%2C376&ssl=1&resize=350%2C200 1x, https:\/\/i0.wp.com\/casadecampoliving.com\/wp-content\/uploads\/2022\/10\/christmas_cafe_de_la_leche-1.jpg?fit=650%2C376&ssl=1&resize=525%2C300 1.5x"},"classes":[]}],"jetpack_sharing_enabled":true,"_links":{"self":[{"href":"https:\/\/casadecampoliving.com\/es\/wp-json\/wp\/v2\/posts\/343315","targetHints":{"allow":["GET"]}}],"collection":[{"href":"https:\/\/casadecampoliving.com\/es\/wp-json\/wp\/v2\/posts"}],"about":[{"href":"https:\/\/casadecampoliving.com\/es\/wp-json\/wp\/v2\/types\/post"}],"author":[{"embeddable":true,"href":"https:\/\/casadecampoliving.com\/es\/wp-json\/wp\/v2\/users\/614"}],"replies":[{"embeddable":true,"href":"https:\/\/casadecampoliving.com\/es\/wp-json\/wp\/v2\/comments?post=343315"}],"version-history":[{"count":1,"href":"https:\/\/casadecampoliving.com\/es\/wp-json\/wp\/v2\/posts\/343315\/revisions"}],"predecessor-version":[{"id":343316,"href":"https:\/\/casadecampoliving.com\/es\/wp-json\/wp\/v2\/posts\/343315\/revisions\/343316"}],"wp:featuredmedia":[{"embeddable":true,"href":"https:\/\/casadecampoliving.com\/es\/wp-json\/wp\/v2\/media\/236359"}],"wp:attachment":[{"href":"https:\/\/casadecampoliving.com\/es\/wp-json\/wp\/v2\/media?parent=343315"}],"wp:term":[{"taxonomy":"category","embeddable":true,"href":"https:\/\/casadecampoliving.com\/es\/wp-json\/wp\/v2\/categories?post=343315"},{"taxonomy":"post_tag","embeddable":true,"href":"https:\/\/casadecampoliving.com\/es\/wp-json\/wp\/v2\/tags?post=343315"},{"taxonomy":"newspack_spnsrs_tax","embeddable":true,"href":"https:\/\/casadecampoliving.com\/es\/wp-json\/wp\/v2\/newspack_spnsrs_tax?post=343315"}],"curies":[{"name":"wp","href":"https:\/\/api.w.org\/{rel}","templated":true}]}}