{"id":343309,"date":"2013-11-18T00:00:00","date_gmt":"2013-11-18T04:00:00","guid":{"rendered":"https:\/\/casadecampoliving.com\/primera-exhibicion-fotografica-salon-de-la-fama\/"},"modified":"2022-11-10T10:44:59","modified_gmt":"2022-11-10T14:44:59","slug":"primera-exhibicion-fotografica-salon-de-la-fama","status":"publish","type":"post","link":"https:\/\/casadecampoliving.com\/es\/primera-exhibicion-fotografica-salon-de-la-fama\/","title":{"rendered":"Los inmortales deslumbran en la Primera Exhibici\u00f3n Fotogr\u00e1fica Itinerante del SFBL"},"content":{"rendered":"<img data-recalc-dims=\"1\" loading=\"lazy\" decoding=\"async\" class=\"aligncenter size-full wp-image-81475\" alt=\"Agora Mall Salon de la Fama\" src=\"https:\/\/i0.wp.com\/casadecampoliving.com\/wp-content\/uploads\/2022\/10\/agora_mall_salon_de_la_fama.jpg?resize=650%2C390&#038;ssl=1\" width=\"650\" height=\"390\" \/>Con una hermosa ceremonia y un exuberante despliegue de fotograf\u00edas de los jugadores exaltados, el Sal\u00f3n de la Fama del B\u00e9isbol Latino (SFBL) dio inicio el pasado mi\u00e9rcoles 6 de noviembre a la Primera Exhibici\u00f3n Fotogr\u00e1fica Itinerante, en el segundo nivel del centro comercial Agora Mall, de la ciudad de Santo Domingo.\n\n<img data-recalc-dims=\"1\" loading=\"lazy\" decoding=\"async\" class=\"alignright  wp-image-81477\" style=\"margin-left: 15px; margin-right: 15px;\" alt=\"Agora Mall Salon de la Fama \" src=\"https:\/\/i0.wp.com\/casadecampoliving.com\/wp-content\/uploads\/2022\/10\/agora_mall_salon_de_la_fama1.jpg?resize=300%2C457&#038;ssl=1\" width=\"300\" height=\"457\" \/>\n\nLa muestra, cuyo objetivo es contar la historia del SFBL por medio de im\u00e1genes, estar\u00e1 a disposici\u00f3n del p\u00fablico hasta el 6 de diciembre.\n<p dir=\"ltr\">La exposici\u00f3n durar\u00e1 un mes, pero cada fin de semana los amantes del b\u00e9isbol podr\u00e1n disfrutar de un amplio abanico de actividades, que incluyen firmas de aut\u00f3grafos por parte de jugadores de Grandes Ligas, presentaciones art\u00edsticas y culturales, contacto con esculturas vivientes, pe\u00f1as deportivas y conversatorios con destacados cronistas deportivos nacionales, video juegos de b\u00e9isbol y f\u00edlmicas sobre las actividades desarrolladas por Sal\u00f3n de la Fama del B\u00e9isbol Latino.<\/p>\n<p dir=\"ltr\">La muestra consiste de una fotograf\u00eda de cada exaltado, al pie de la cual se incluye la biograf\u00eda, datos estad\u00edsticos y las caracter\u00edsticas que le adornaron como jugador.<\/p>\n<p dir=\"ltr\">Con este evento el SFBL proyecta a la Rep\u00fablica Dominicana, como una importante fuente productora de talento beisbolistico y promotora de la historia y herencia de ese deporte en latinoam\u00e9rica.<\/p>\n<img data-recalc-dims=\"1\" loading=\"lazy\" decoding=\"async\" class=\"aligncenter size-full wp-image-81476\" alt=\"Agora Mall Salon de la Fama Moises Alou\" src=\"https:\/\/i0.wp.com\/casadecampoliving.com\/wp-content\/uploads\/2022\/10\/agora_mall_salon_de_la_fama_moises_alou.jpg?resize=650%2C436&#038;ssl=1\" width=\"650\" height=\"436\" \/>\n\nJunto a Roberto Weill, fundador y presidente, asistieron algunos integrantes de los comites de escogencia del SFBL, as\u00ed como el jugador de grandes ligas Ubaldo Jim\u00e9nez, el viceministro de Deportes Soterio Ramirez, los exjugadores Mois\u00e9s Alou y Tony Fern\u00e1ndez, Eugenio Cede\u00f1o, diputado por La Romana y miembros de la prensa escrita, radial y televisiva.\n\n<strong>\n<figure class=\"wp-block-gallery has-nested-images columns-default is-cropped wp-block-gallery-1 is-layout-flex wp-block-gallery-is-layout-flex\">\n<figure class=\"wp-block-image size-large\"><img data-recalc-dims=\"1\" loading=\"lazy\" decoding=\"async\" width=\"504\" height=\"600\" data-id=\"428503\" src=\"https:\/\/i0.wp.com\/casadecampoliving.com\/wp-content\/uploads\/2022\/10\/img_3457-2901627994-o.jpg?resize=504%2C600&#038;ssl=1\" alt=\"\" class=\"wp-image-428503\" srcset=\"https:\/\/i0.wp.com\/casadecampoliving.com\/wp-content\/uploads\/2022\/10\/img_3457-2901627994-o.jpg?w=504&amp;ssl=1 504w, https:\/\/i0.wp.com\/casadecampoliving.com\/wp-content\/uploads\/2022\/10\/img_3457-2901627994-o.jpg?resize=252%2C300&amp;ssl=1 252w, https:\/\/i0.wp.com\/casadecampoliving.com\/wp-content\/uploads\/2022\/10\/img_3457-2901627994-o.jpg?resize=400%2C476&amp;ssl=1 400w, https:\/\/i0.wp.com\/casadecampoliving.com\/wp-content\/uploads\/2022\/10\/img_3457-2901627994-o.jpg?resize=150%2C179&amp;ssl=1 150w, https:\/\/i0.wp.com\/casadecampoliving.com\/wp-content\/uploads\/2022\/10\/img_3457-2901627994-o.jpg?w=370&amp;ssl=1 370w\" sizes=\"auto, (max-width: 504px) 100vw, 504px\" \/><\/figure>\n\n\n\n<figure class=\"wp-block-image size-large\"><img data-recalc-dims=\"1\" loading=\"lazy\" decoding=\"async\" width=\"800\" height=\"533\" data-id=\"428526\" src=\"https:\/\/i0.wp.com\/casadecampoliving.com\/wp-content\/uploads\/2022\/10\/img_3460-2901626719-o.jpg?resize=800%2C533&#038;ssl=1\" alt=\"\" class=\"wp-image-428526\" srcset=\"https:\/\/i0.wp.com\/casadecampoliving.com\/wp-content\/uploads\/2022\/10\/img_3460-2901626719-o.jpg?w=800&amp;ssl=1 800w, https:\/\/i0.wp.com\/casadecampoliving.com\/wp-content\/uploads\/2022\/10\/img_3460-2901626719-o.jpg?resize=300%2C200&amp;ssl=1 300w, https:\/\/i0.wp.com\/casadecampoliving.com\/wp-content\/uploads\/2022\/10\/img_3460-2901626719-o.jpg?resize=768%2C512&amp;ssl=1 768w, https:\/\/i0.wp.com\/casadecampoliving.com\/wp-content\/uploads\/2022\/10\/img_3460-2901626719-o.jpg?resize=400%2C267&amp;ssl=1 400w, https:\/\/i0.wp.com\/casadecampoliving.com\/wp-content\/uploads\/2022\/10\/img_3460-2901626719-o.jpg?resize=706%2C470&amp;ssl=1 706w, https:\/\/i0.wp.com\/casadecampoliving.com\/wp-content\/uploads\/2022\/10\/img_3460-2901626719-o.jpg?resize=150%2C100&amp;ssl=1 150w, https:\/\/i0.wp.com\/casadecampoliving.com\/wp-content\/uploads\/2022\/10\/img_3460-2901626719-o.jpg?w=370&amp;ssl=1 370w\" sizes=\"auto, (max-width: 800px) 100vw, 800px\" \/><\/figure>\n\n\n\n<figure class=\"wp-block-image size-large\"><img data-recalc-dims=\"1\" loading=\"lazy\" decoding=\"async\" width=\"800\" height=\"533\" data-id=\"428545\" src=\"https:\/\/i0.wp.com\/casadecampoliving.com\/wp-content\/uploads\/2022\/10\/img_3482-2901614795-o.jpg?resize=800%2C533&#038;ssl=1\" alt=\"\" class=\"wp-image-428545\" srcset=\"https:\/\/i0.wp.com\/casadecampoliving.com\/wp-content\/uploads\/2022\/10\/img_3482-2901614795-o.jpg?w=800&amp;ssl=1 800w, https:\/\/i0.wp.com\/casadecampoliving.com\/wp-content\/uploads\/2022\/10\/img_3482-2901614795-o.jpg?resize=300%2C200&amp;ssl=1 300w, https:\/\/i0.wp.com\/casadecampoliving.com\/wp-content\/uploads\/2022\/10\/img_3482-2901614795-o.jpg?resize=768%2C512&amp;ssl=1 768w, https:\/\/i0.wp.com\/casadecampoliving.com\/wp-content\/uploads\/2022\/10\/img_3482-2901614795-o.jpg?resize=400%2C267&amp;ssl=1 400w, https:\/\/i0.wp.com\/casadecampoliving.com\/wp-content\/uploads\/2022\/10\/img_3482-2901614795-o.jpg?resize=706%2C470&amp;ssl=1 706w, https:\/\/i0.wp.com\/casadecampoliving.com\/wp-content\/uploads\/2022\/10\/img_3482-2901614795-o.jpg?resize=150%2C100&amp;ssl=1 150w, https:\/\/i0.wp.com\/casadecampoliving.com\/wp-content\/uploads\/2022\/10\/img_3482-2901614795-o.jpg?w=370&amp;ssl=1 370w\" sizes=\"auto, (max-width: 800px) 100vw, 800px\" \/><\/figure>\n\n\n\n<figure class=\"wp-block-image size-large\"><img data-recalc-dims=\"1\" loading=\"lazy\" decoding=\"async\" width=\"400\" height=\"600\" data-id=\"428572\" src=\"https:\/\/i0.wp.com\/casadecampoliving.com\/wp-content\/uploads\/2022\/10\/img_3488-2901612367-o.jpg?resize=400%2C600&#038;ssl=1\" alt=\"\" class=\"wp-image-428572\" srcset=\"https:\/\/i0.wp.com\/casadecampoliving.com\/wp-content\/uploads\/2022\/10\/img_3488-2901612367-o.jpg?w=400&amp;ssl=1 400w, https:\/\/i0.wp.com\/casadecampoliving.com\/wp-content\/uploads\/2022\/10\/img_3488-2901612367-o.jpg?resize=200%2C300&amp;ssl=1 200w, https:\/\/i0.wp.com\/casadecampoliving.com\/wp-content\/uploads\/2022\/10\/img_3488-2901612367-o.jpg?resize=150%2C225&amp;ssl=1 150w, https:\/\/i0.wp.com\/casadecampoliving.com\/wp-content\/uploads\/2022\/10\/img_3488-2901612367-o.jpg?w=370&amp;ssl=1 370w\" sizes=\"auto, (max-width: 400px) 100vw, 400px\" \/><\/figure>\n\n\n\n<figure class=\"wp-block-image size-large\"><img data-recalc-dims=\"1\" loading=\"lazy\" decoding=\"async\" width=\"394\" height=\"600\" data-id=\"428594\" src=\"https:\/\/i0.wp.com\/casadecampoliving.com\/wp-content\/uploads\/2022\/10\/img_3492-2901610405-o.jpg?resize=394%2C600&#038;ssl=1\" alt=\"\" class=\"wp-image-428594\" srcset=\"https:\/\/i0.wp.com\/casadecampoliving.com\/wp-content\/uploads\/2022\/10\/img_3492-2901610405-o.jpg?w=394&amp;ssl=1 394w, https:\/\/i0.wp.com\/casadecampoliving.com\/wp-content\/uploads\/2022\/10\/img_3492-2901610405-o.jpg?resize=197%2C300&amp;ssl=1 197w, https:\/\/i0.wp.com\/casadecampoliving.com\/wp-content\/uploads\/2022\/10\/img_3492-2901610405-o.jpg?resize=150%2C228&amp;ssl=1 150w, https:\/\/i0.wp.com\/casadecampoliving.com\/wp-content\/uploads\/2022\/10\/img_3492-2901610405-o.jpg?w=370&amp;ssl=1 370w, https:\/\/i0.wp.com\/casadecampoliving.com\/wp-content\/uploads\/2022\/10\/img_3492-2901610405-o.jpg?w=400&amp;ssl=1 400w\" sizes=\"auto, (max-width: 394px) 100vw, 394px\" \/><\/figure>\n\n\n\n<figure class=\"wp-block-image size-large\"><img data-recalc-dims=\"1\" loading=\"lazy\" decoding=\"async\" width=\"400\" height=\"600\" data-id=\"428617\" src=\"https:\/\/i0.wp.com\/casadecampoliving.com\/wp-content\/uploads\/2022\/10\/img_3495-2901609183-o.jpg?resize=400%2C600&#038;ssl=1\" alt=\"\" class=\"wp-image-428617\" srcset=\"https:\/\/i0.wp.com\/casadecampoliving.com\/wp-content\/uploads\/2022\/10\/img_3495-2901609183-o.jpg?w=400&amp;ssl=1 400w, https:\/\/i0.wp.com\/casadecampoliving.com\/wp-content\/uploads\/2022\/10\/img_3495-2901609183-o.jpg?resize=200%2C300&amp;ssl=1 200w, https:\/\/i0.wp.com\/casadecampoliving.com\/wp-content\/uploads\/2022\/10\/img_3495-2901609183-o.jpg?resize=150%2C225&amp;ssl=1 150w, https:\/\/i0.wp.com\/casadecampoliving.com\/wp-content\/uploads\/2022\/10\/img_3495-2901609183-o.jpg?w=370&amp;ssl=1 370w\" sizes=\"auto, (max-width: 400px) 100vw, 400px\" \/><\/figure>\n\n\n\n<figure class=\"wp-block-image size-large\"><img data-recalc-dims=\"1\" loading=\"lazy\" decoding=\"async\" width=\"349\" height=\"600\" data-id=\"428640\" src=\"https:\/\/i0.wp.com\/casadecampoliving.com\/wp-content\/uploads\/2022\/10\/img_3502-2901606538-o.jpg?resize=349%2C600&#038;ssl=1\" alt=\"\" class=\"wp-image-428640\" srcset=\"https:\/\/i0.wp.com\/casadecampoliving.com\/wp-content\/uploads\/2022\/10\/img_3502-2901606538-o.jpg?w=349&amp;ssl=1 349w, https:\/\/i0.wp.com\/casadecampoliving.com\/wp-content\/uploads\/2022\/10\/img_3502-2901606538-o.jpg?resize=175%2C300&amp;ssl=1 175w, https:\/\/i0.wp.com\/casadecampoliving.com\/wp-content\/uploads\/2022\/10\/img_3502-2901606538-o.jpg?resize=150%2C258&amp;ssl=1 150w, https:\/\/i0.wp.com\/casadecampoliving.com\/wp-content\/uploads\/2022\/10\/img_3502-2901606538-o.jpg?w=370&amp;ssl=1 370w, https:\/\/i0.wp.com\/casadecampoliving.com\/wp-content\/uploads\/2022\/10\/img_3502-2901606538-o.jpg?w=400&amp;ssl=1 400w\" sizes=\"auto, (max-width: 349px) 100vw, 349px\" \/><\/figure>\n\n\n\n<figure class=\"wp-block-image size-large\"><img data-recalc-dims=\"1\" loading=\"lazy\" decoding=\"async\" width=\"426\" height=\"600\" data-id=\"428660\" src=\"https:\/\/i0.wp.com\/casadecampoliving.com\/wp-content\/uploads\/2022\/10\/img_3504-2901604981-o.jpg?resize=426%2C600&#038;ssl=1\" alt=\"\" class=\"wp-image-428660\" srcset=\"https:\/\/i0.wp.com\/casadecampoliving.com\/wp-content\/uploads\/2022\/10\/img_3504-2901604981-o.jpg?w=426&amp;ssl=1 426w, https:\/\/i0.wp.com\/casadecampoliving.com\/wp-content\/uploads\/2022\/10\/img_3504-2901604981-o.jpg?resize=213%2C300&amp;ssl=1 213w, https:\/\/i0.wp.com\/casadecampoliving.com\/wp-content\/uploads\/2022\/10\/img_3504-2901604981-o.jpg?resize=400%2C563&amp;ssl=1 400w, https:\/\/i0.wp.com\/casadecampoliving.com\/wp-content\/uploads\/2022\/10\/img_3504-2901604981-o.jpg?resize=150%2C211&amp;ssl=1 150w, https:\/\/i0.wp.com\/casadecampoliving.com\/wp-content\/uploads\/2022\/10\/img_3504-2901604981-o.jpg?w=370&amp;ssl=1 370w\" sizes=\"auto, (max-width: 426px) 100vw, 426px\" \/><\/figure>\n\n\n\n<figure class=\"wp-block-image size-large\"><img data-recalc-dims=\"1\" loading=\"lazy\" decoding=\"async\" width=\"495\" height=\"600\" data-id=\"428683\" src=\"https:\/\/i0.wp.com\/casadecampoliving.com\/wp-content\/uploads\/2022\/10\/img_3506-2901604647-o.jpg?resize=495%2C600&#038;ssl=1\" alt=\"\" class=\"wp-image-428683\" srcset=\"https:\/\/i0.wp.com\/casadecampoliving.com\/wp-content\/uploads\/2022\/10\/img_3506-2901604647-o.jpg?w=495&amp;ssl=1 495w, https:\/\/i0.wp.com\/casadecampoliving.com\/wp-content\/uploads\/2022\/10\/img_3506-2901604647-o.jpg?resize=248%2C300&amp;ssl=1 248w, https:\/\/i0.wp.com\/casadecampoliving.com\/wp-content\/uploads\/2022\/10\/img_3506-2901604647-o.jpg?resize=400%2C485&amp;ssl=1 400w, https:\/\/i0.wp.com\/casadecampoliving.com\/wp-content\/uploads\/2022\/10\/img_3506-2901604647-o.jpg?resize=150%2C182&amp;ssl=1 150w, https:\/\/i0.wp.com\/casadecampoliving.com\/wp-content\/uploads\/2022\/10\/img_3506-2901604647-o.jpg?w=370&amp;ssl=1 370w\" sizes=\"auto, (max-width: 495px) 100vw, 495px\" \/><\/figure>\n\n\n\n<figure class=\"wp-block-image size-large\"><img data-recalc-dims=\"1\" loading=\"lazy\" decoding=\"async\" width=\"800\" height=\"533\" data-id=\"428705\" src=\"https:\/\/i0.wp.com\/casadecampoliving.com\/wp-content\/uploads\/2022\/10\/img_3509-2901603683-o.jpg?resize=800%2C533&#038;ssl=1\" alt=\"\" class=\"wp-image-428705\" srcset=\"https:\/\/i0.wp.com\/casadecampoliving.com\/wp-content\/uploads\/2022\/10\/img_3509-2901603683-o.jpg?w=800&amp;ssl=1 800w, https:\/\/i0.wp.com\/casadecampoliving.com\/wp-content\/uploads\/2022\/10\/img_3509-2901603683-o.jpg?resize=300%2C200&amp;ssl=1 300w, https:\/\/i0.wp.com\/casadecampoliving.com\/wp-content\/uploads\/2022\/10\/img_3509-2901603683-o.jpg?resize=768%2C512&amp;ssl=1 768w, https:\/\/i0.wp.com\/casadecampoliving.com\/wp-content\/uploads\/2022\/10\/img_3509-2901603683-o.jpg?resize=400%2C267&amp;ssl=1 400w, https:\/\/i0.wp.com\/casadecampoliving.com\/wp-content\/uploads\/2022\/10\/img_3509-2901603683-o.jpg?resize=706%2C470&amp;ssl=1 706w, https:\/\/i0.wp.com\/casadecampoliving.com\/wp-content\/uploads\/2022\/10\/img_3509-2901603683-o.jpg?resize=150%2C100&amp;ssl=1 150w, https:\/\/i0.wp.com\/casadecampoliving.com\/wp-content\/uploads\/2022\/10\/img_3509-2901603683-o.jpg?w=370&amp;ssl=1 370w\" sizes=\"auto, (max-width: 800px) 100vw, 800px\" \/><\/figure>\n\n\n\n<figure class=\"wp-block-image size-large\"><img data-recalc-dims=\"1\" loading=\"lazy\" decoding=\"async\" width=\"800\" height=\"537\" data-id=\"428724\" src=\"https:\/\/i0.wp.com\/casadecampoliving.com\/wp-content\/uploads\/2022\/10\/salon-de-la-fama-01.jpg?resize=800%2C537&#038;ssl=1\" alt=\"\" class=\"wp-image-428724\" srcset=\"https:\/\/i0.wp.com\/casadecampoliving.com\/wp-content\/uploads\/2022\/10\/salon-de-la-fama-01.jpg?w=800&amp;ssl=1 800w, https:\/\/i0.wp.com\/casadecampoliving.com\/wp-content\/uploads\/2022\/10\/salon-de-la-fama-01.jpg?resize=300%2C201&amp;ssl=1 300w, https:\/\/i0.wp.com\/casadecampoliving.com\/wp-content\/uploads\/2022\/10\/salon-de-la-fama-01.jpg?resize=768%2C516&amp;ssl=1 768w, https:\/\/i0.wp.com\/casadecampoliving.com\/wp-content\/uploads\/2022\/10\/salon-de-la-fama-01.jpg?resize=400%2C269&amp;ssl=1 400w, https:\/\/i0.wp.com\/casadecampoliving.com\/wp-content\/uploads\/2022\/10\/salon-de-la-fama-01.jpg?resize=706%2C474&amp;ssl=1 706w, https:\/\/i0.wp.com\/casadecampoliving.com\/wp-content\/uploads\/2022\/10\/salon-de-la-fama-01.jpg?resize=150%2C101&amp;ssl=1 150w, https:\/\/i0.wp.com\/casadecampoliving.com\/wp-content\/uploads\/2022\/10\/salon-de-la-fama-01.jpg?w=370&amp;ssl=1 370w\" sizes=\"auto, (max-width: 800px) 100vw, 800px\" \/><\/figure>\n\n\n\n<figure class=\"wp-block-image size-large\"><img data-recalc-dims=\"1\" loading=\"lazy\" decoding=\"async\" width=\"800\" height=\"537\" data-id=\"428747\" src=\"https:\/\/i0.wp.com\/casadecampoliving.com\/wp-content\/uploads\/2022\/10\/salon-de-la-fama-02.jpg?resize=800%2C537&#038;ssl=1\" alt=\"\" class=\"wp-image-428747\" srcset=\"https:\/\/i0.wp.com\/casadecampoliving.com\/wp-content\/uploads\/2022\/10\/salon-de-la-fama-02.jpg?w=800&amp;ssl=1 800w, https:\/\/i0.wp.com\/casadecampoliving.com\/wp-content\/uploads\/2022\/10\/salon-de-la-fama-02.jpg?resize=300%2C201&amp;ssl=1 300w, https:\/\/i0.wp.com\/casadecampoliving.com\/wp-content\/uploads\/2022\/10\/salon-de-la-fama-02.jpg?resize=768%2C516&amp;ssl=1 768w, https:\/\/i0.wp.com\/casadecampoliving.com\/wp-content\/uploads\/2022\/10\/salon-de-la-fama-02.jpg?resize=400%2C269&amp;ssl=1 400w, https:\/\/i0.wp.com\/casadecampoliving.com\/wp-content\/uploads\/2022\/10\/salon-de-la-fama-02.jpg?resize=706%2C474&amp;ssl=1 706w, https:\/\/i0.wp.com\/casadecampoliving.com\/wp-content\/uploads\/2022\/10\/salon-de-la-fama-02.jpg?resize=150%2C101&amp;ssl=1 150w, https:\/\/i0.wp.com\/casadecampoliving.com\/wp-content\/uploads\/2022\/10\/salon-de-la-fama-02.jpg?w=370&amp;ssl=1 370w\" sizes=\"auto, (max-width: 800px) 100vw, 800px\" \/><\/figure>\n\n\n\n<figure class=\"wp-block-image size-large\"><img data-recalc-dims=\"1\" loading=\"lazy\" decoding=\"async\" width=\"800\" height=\"480\" data-id=\"428768\" src=\"https:\/\/i0.wp.com\/casadecampoliving.com\/wp-content\/uploads\/2022\/10\/salon-de-la-fama-03.jpg?resize=800%2C480&#038;ssl=1\" alt=\"\" class=\"wp-image-428768\" srcset=\"https:\/\/i0.wp.com\/casadecampoliving.com\/wp-content\/uploads\/2022\/10\/salon-de-la-fama-03.jpg?w=800&amp;ssl=1 800w, https:\/\/i0.wp.com\/casadecampoliving.com\/wp-content\/uploads\/2022\/10\/salon-de-la-fama-03.jpg?resize=300%2C180&amp;ssl=1 300w, https:\/\/i0.wp.com\/casadecampoliving.com\/wp-content\/uploads\/2022\/10\/salon-de-la-fama-03.jpg?resize=768%2C461&amp;ssl=1 768w, https:\/\/i0.wp.com\/casadecampoliving.com\/wp-content\/uploads\/2022\/10\/salon-de-la-fama-03.jpg?resize=400%2C240&amp;ssl=1 400w, https:\/\/i0.wp.com\/casadecampoliving.com\/wp-content\/uploads\/2022\/10\/salon-de-la-fama-03.jpg?resize=706%2C424&amp;ssl=1 706w, https:\/\/i0.wp.com\/casadecampoliving.com\/wp-content\/uploads\/2022\/10\/salon-de-la-fama-03.jpg?resize=150%2C90&amp;ssl=1 150w, https:\/\/i0.wp.com\/casadecampoliving.com\/wp-content\/uploads\/2022\/10\/salon-de-la-fama-03.jpg?w=370&amp;ssl=1 370w\" sizes=\"auto, (max-width: 800px) 100vw, 800px\" \/><\/figure>\n\n\n\n<figure class=\"wp-block-image size-large\"><img data-recalc-dims=\"1\" loading=\"lazy\" decoding=\"async\" width=\"800\" height=\"537\" data-id=\"428792\" src=\"https:\/\/i0.wp.com\/casadecampoliving.com\/wp-content\/uploads\/2022\/10\/salon-de-la-fama-04.jpg?resize=800%2C537&#038;ssl=1\" alt=\"\" class=\"wp-image-428792\" srcset=\"https:\/\/i0.wp.com\/casadecampoliving.com\/wp-content\/uploads\/2022\/10\/salon-de-la-fama-04.jpg?w=800&amp;ssl=1 800w, https:\/\/i0.wp.com\/casadecampoliving.com\/wp-content\/uploads\/2022\/10\/salon-de-la-fama-04.jpg?resize=300%2C201&amp;ssl=1 300w, https:\/\/i0.wp.com\/casadecampoliving.com\/wp-content\/uploads\/2022\/10\/salon-de-la-fama-04.jpg?resize=768%2C516&amp;ssl=1 768w, https:\/\/i0.wp.com\/casadecampoliving.com\/wp-content\/uploads\/2022\/10\/salon-de-la-fama-04.jpg?resize=400%2C269&amp;ssl=1 400w, https:\/\/i0.wp.com\/casadecampoliving.com\/wp-content\/uploads\/2022\/10\/salon-de-la-fama-04.jpg?resize=706%2C474&amp;ssl=1 706w, https:\/\/i0.wp.com\/casadecampoliving.com\/wp-content\/uploads\/2022\/10\/salon-de-la-fama-04.jpg?resize=150%2C101&amp;ssl=1 150w, https:\/\/i0.wp.com\/casadecampoliving.com\/wp-content\/uploads\/2022\/10\/salon-de-la-fama-04.jpg?w=370&amp;ssl=1 370w\" sizes=\"auto, (max-width: 800px) 100vw, 800px\" \/><\/figure>\n\n\n\n<figure class=\"wp-block-image size-large\"><img data-recalc-dims=\"1\" loading=\"lazy\" decoding=\"async\" width=\"800\" height=\"537\" data-id=\"428819\" src=\"https:\/\/i0.wp.com\/casadecampoliving.com\/wp-content\/uploads\/2022\/10\/staff-sfbl-y-turismo-moises-alou.jpg?resize=800%2C537&#038;ssl=1\" alt=\"\" class=\"wp-image-428819\" srcset=\"https:\/\/i0.wp.com\/casadecampoliving.com\/wp-content\/uploads\/2022\/10\/staff-sfbl-y-turismo-moises-alou.jpg?w=800&amp;ssl=1 800w, https:\/\/i0.wp.com\/casadecampoliving.com\/wp-content\/uploads\/2022\/10\/staff-sfbl-y-turismo-moises-alou.jpg?resize=300%2C201&amp;ssl=1 300w, https:\/\/i0.wp.com\/casadecampoliving.com\/wp-content\/uploads\/2022\/10\/staff-sfbl-y-turismo-moises-alou.jpg?resize=768%2C516&amp;ssl=1 768w, https:\/\/i0.wp.com\/casadecampoliving.com\/wp-content\/uploads\/2022\/10\/staff-sfbl-y-turismo-moises-alou.jpg?resize=400%2C269&amp;ssl=1 400w, https:\/\/i0.wp.com\/casadecampoliving.com\/wp-content\/uploads\/2022\/10\/staff-sfbl-y-turismo-moises-alou.jpg?resize=706%2C474&amp;ssl=1 706w, https:\/\/i0.wp.com\/casadecampoliving.com\/wp-content\/uploads\/2022\/10\/staff-sfbl-y-turismo-moises-alou.jpg?resize=150%2C101&amp;ssl=1 150w, https:\/\/i0.wp.com\/casadecampoliving.com\/wp-content\/uploads\/2022\/10\/staff-sfbl-y-turismo-moises-alou.jpg?w=370&amp;ssl=1 370w\" sizes=\"auto, (max-width: 800px) 100vw, 800px\" \/><\/figure>\n<\/figure>\n<\/strong>\n<h3>INMORTALES Magazine<\/h3>\n<img data-recalc-dims=\"1\" loading=\"lazy\" decoding=\"async\" class=\"aligncenter size-full wp-image-81330\" alt=\"INMORTALES latino baseball magazine \" src=\"https:\/\/i0.wp.com\/casadecampoliving.com\/wp-content\/uploads\/2022\/10\/HeadercInmortales1.jpg?resize=650%2C300&#038;ssl=1\" width=\"650\" height=\"300\" \/>\n\nRecientemente la segunda edici\u00f3n de la <a href=\"https:\/\/casadecampoliving.com\/es\/la-segunda-edicion-de-inmortales-ya-esta-aqui-la-revista-oficial-del-salon-de-la-fama-del-beisbol-latino-es-otra-gran-produccion-de-silgon-inc-2\/\">revista INMORTALES, la publicaci\u00f3n oficial del Sal\u00f3n de La Fama del b\u00e9isbol Latino <\/a>&#8211; SFBL, cuyo objetivo es celebrar el excelente triunfo de Latinoamerica en el mundo del b\u00e9isbol. <a href=\"https:\/\/casadecampoliving.com\/es\/la-segunda-edicion-de-inmortales-ya-esta-aqui-la-revista-oficial-del-salon-de-la-fama-del-beisbol-latino-es-otra-gran-produccion-de-silgon-inc-2\/\">Haga clic aqu\u00ed para saber m\u00e1s sobre la revista INMORTALES<\/a>, la compa\u00f1\u00eda de SILGON (creadores de CasaLife, casadecampoliving.com, TODO Casa de Campo y TODO La Romana-Bayahibe)\n\nTambi\u00e9n lo invitamos a visitar nuestra versi\u00f3n en linea de la revista INMORTALES en <a href=\"http:\/\/www.inmortales.do\/\">www.INMORTALES.do<\/a>\n\n<strong><a href=\"https:\/\/casadecampoliving.com\/es\/el-salon-de-la-fama-del-beisbol-latino-la-induccion-del-2014\/\">El Sal\u00f3n de La Fama- Clase de 2014<\/a><\/strong>\n\n<a href=\"https:\/\/i0.wp.com\/casadecampoliving.com\/wp-content\/uploads\/2022\/10\/mariano_rivera_robinso_cano_tony_pena.jpg?ssl=1\"><img data-recalc-dims=\"1\" loading=\"lazy\" decoding=\"async\" class=\"aligncenter size-full wp-image-78650\" alt=\"Mariano Rivera Robinson Cano Tony Pena\" src=\"https:\/\/i0.wp.com\/casadecampoliving.com\/wp-content\/uploads\/2022\/10\/mariano_rivera_robinso_cano_tony_pena.jpg?resize=650%2C376&#038;ssl=1\" width=\"650\" height=\"376\" \/><\/a>\n\nEl Sal\u00f3n de La Fama del B\u00e9isbol de la Clase de 2014 se anunci\u00f3 recientemente en una ceremonia en el estadio de los Yankees en Nueva York. La ceremonia de exaltaci\u00f3n est\u00e1 programada para ser en el anfiteatro de Altos de Chav\u00f3n, Casa de Campo el s\u00e1bado 8 de febrero.\n\n<a href=\"https:\/\/casadecampoliving.com\/es\/el-salon-de-la-fama-del-beisbol-latino-la-induccion-del-2014\/\">Haga clic aqu\u00ed para leer m\u00e1s<\/a>.\n<h3>Sal\u00f3n del B\u00e9isbol Latino<\/h3>\nEl Sal\u00f3n de la Fama del B\u00e9isbol Latino fue fundado por el propietario de villa de Casa de Campo Roberto Weil con Alfy Fanjul y Rafael Avila en 2009, y busca celebrar el triunfo de los jugadores de las Grandes Ligas de Hispanoamerica y el Caribe, quienes est\u00e1n ausentes de Cooperstown, el Sal\u00f3n de La Fama Nacional de Nueva York.","protected":false},"excerpt":{"rendered":"<p>Con una hermosa ceremonia y un exuberante despliegue de fotograf\u00edas de los jugadores exaltados, el Sal\u00f3n de la Fama del B\u00e9isbol Latino (SFBL) dio inicio el pasado mi\u00e9rcoles 6 de noviembre a la Primera Exhibici\u00f3n Fotogr\u00e1fica Itinerante, en el segundo nivel del centro comercial Agora Mall, de la ciudad de Santo Domingo. La muestra, cuyo [&hellip;]<\/p>\n","protected":false},"author":31,"featured_media":236118,"comment_status":"closed","ping_status":"closed","sticky":false,"template":"","format":"standard","meta":{"newspack_ads_suppress_ads":false,"newspack_popups_has_disabled_popups":false,"newspack_sponsor_sponsorship_scope":"","newspack_sponsor_native_byline_display":"inherit","newspack_sponsor_native_category_display":"inherit","newspack_sponsor_underwriter_style":"inherit","newspack_sponsor_underwriter_placement":"inherit","_newspack_byline_active":false,"_newspack_byline":"","newspack_hide_updated_date":false,"newspack_show_updated_date":false,"newspack_content_restriction_is_exempt":false,"newspack_featured_image_position":"","newspack_post_subtitle":"","newspack_article_summary_title":"Overview:","newspack_article_summary":"","_jetpack_memberships_contains_paid_content":false,"footnotes":"","jetpack_publicize_message":"","jetpack_publicize_feature_enabled":true,"jetpack_social_post_already_shared":false,"jetpack_social_options":{"image_generator_settings":{"template":"highway","default_image_id":0,"font":"","enabled":false},"version":2},"_wpas_customize_per_network":false},"categories":[2522,2524,14631,14625,2525,14627],"tags":[3726,3763],"newspack_spnsrs_tax":[],"class_list":["post-343309","post","type-post","status-publish","format-standard","has-post-thumbnail","hentry","category-eventos-es","category-destacados","category-estilo-de-vida","category-noticias-locales","category-golf-deportes-es","category-proximamente","tag-salon-de-la-fama-del-beisbol-latino","tag-santo-domingo-es","entry"],"yoast_head":"<!-- This site is optimized with the Yoast SEO plugin v27.5 - https:\/\/yoast.com\/product\/yoast-seo-wordpress\/ -->\n<title>Los inmortales deslumbran en la Primera Exhibici\u00f3n Fotogr\u00e1fica Itinerante del SFBL | Casa de Campo Living<\/title>\n<meta name=\"description\" content=\"Con una hermosa ceremonia y un exuberante despliegue de fotograf\u00edas de los jugadores exaltados, el Sal\u00f3n de la Fama del B\u00e9isbol Latino (SFBL) dio inicio\" \/>\n<meta name=\"robots\" content=\"index, follow, max-snippet:-1, max-image-preview:large, max-video-preview:-1\" \/>\n<link rel=\"canonical\" href=\"https:\/\/casadecampoliving.com\/es\/primera-exhibicion-fotografica-salon-de-la-fama\/\" \/>\n<meta property=\"og:locale\" content=\"es_ES\" \/>\n<meta property=\"og:type\" content=\"article\" \/>\n<meta property=\"og:title\" content=\"Los inmortales deslumbran en la Primera Exhibici\u00f3n Fotogr\u00e1fica Itinerante del SFBL | Casa de Campo Living\" \/>\n<meta property=\"og:description\" content=\"Con una hermosa ceremonia y un exuberante despliegue de fotograf\u00edas de los jugadores exaltados, el Sal\u00f3n de la Fama del B\u00e9isbol Latino (SFBL) dio inicio\" \/>\n<meta property=\"og:url\" content=\"https:\/\/casadecampoliving.com\/es\/primera-exhibicion-fotografica-salon-de-la-fama\/\" \/>\n<meta property=\"og:site_name\" content=\"Casa de Campo Living\" \/>\n<meta property=\"article:publisher\" content=\"https:\/\/www.facebook.com\/casadecampoliving\" \/>\n<meta property=\"article:published_time\" content=\"2013-11-18T04:00:00+00:00\" \/>\n<meta property=\"article:modified_time\" content=\"2022-11-10T14:44:59+00:00\" \/>\n<meta property=\"og:image\" content=\"https:\/\/i0.wp.com\/casadecampoliving.com\/wp-content\/uploads\/2022\/10\/agora_mall_salon_de_la_fama-1.jpg?fit=650%2C390&ssl=1\" \/>\n\t<meta property=\"og:image:width\" content=\"650\" \/>\n\t<meta property=\"og:image:height\" content=\"390\" \/>\n\t<meta property=\"og:image:type\" content=\"image\/jpeg\" \/>\n<meta name=\"author\" content=\"Rebecca Silvestri\" \/>\n<meta name=\"twitter:card\" content=\"summary_large_image\" \/>\n<meta name=\"twitter:creator\" content=\"@cdcliving\" \/>\n<meta name=\"twitter:site\" content=\"@cdcliving\" \/>\n<meta name=\"twitter:label1\" content=\"Escrito por\" \/>\n\t<meta name=\"twitter:data1\" content=\"Rebecca Silvestri\" \/>\n\t<meta name=\"twitter:label2\" content=\"Tiempo de lectura\" \/>\n\t<meta name=\"twitter:data2\" content=\"3 minutos\" \/>\n<script type=\"application\/ld+json\" class=\"yoast-schema-graph\">{\"@context\":\"https:\\\/\\\/schema.org\",\"@graph\":[{\"@type\":\"Article\",\"@id\":\"https:\\\/\\\/casadecampoliving.com\\\/es\\\/primera-exhibicion-fotografica-salon-de-la-fama\\\/#article\",\"isPartOf\":{\"@id\":\"https:\\\/\\\/casadecampoliving.com\\\/es\\\/primera-exhibicion-fotografica-salon-de-la-fama\\\/\"},\"author\":{\"name\":\"Rebecca Silvestri\",\"@id\":\"https:\\\/\\\/casadecampoliving.com\\\/es\\\/#\\\/schema\\\/person\\\/2b2208f3175fa8761e25b272e096d718\"},\"headline\":\"Los inmortales deslumbran en la Primera Exhibici\u00f3n Fotogr\u00e1fica Itinerante del SFBL\",\"datePublished\":\"2013-11-18T04:00:00+00:00\",\"dateModified\":\"2022-11-10T14:44:59+00:00\",\"mainEntityOfPage\":{\"@id\":\"https:\\\/\\\/casadecampoliving.com\\\/es\\\/primera-exhibicion-fotografica-salon-de-la-fama\\\/\"},\"wordCount\":524,\"publisher\":{\"@id\":\"https:\\\/\\\/casadecampoliving.com\\\/es\\\/#organization\"},\"image\":{\"@id\":\"https:\\\/\\\/casadecampoliving.com\\\/es\\\/primera-exhibicion-fotografica-salon-de-la-fama\\\/#primaryimage\"},\"thumbnailUrl\":\"https:\\\/\\\/i0.wp.com\\\/casadecampoliving.com\\\/wp-content\\\/uploads\\\/2022\\\/10\\\/agora_mall_salon_de_la_fama-1.jpg?fit=650%2C390&ssl=1\",\"keywords\":[\"salon de la fama del beisbol latino\",\"santo domingo @es\"],\"articleSection\":[\"Eventos\",\"Destacados\",\"Estilo de Vida\",\"Noticias Locales\",\"Deportes\",\"Proximamente\"],\"inLanguage\":\"es\"},{\"@type\":\"WebPage\",\"@id\":\"https:\\\/\\\/casadecampoliving.com\\\/es\\\/primera-exhibicion-fotografica-salon-de-la-fama\\\/\",\"url\":\"https:\\\/\\\/casadecampoliving.com\\\/es\\\/primera-exhibicion-fotografica-salon-de-la-fama\\\/\",\"name\":\"Los inmortales deslumbran en la Primera Exhibici\u00f3n Fotogr\u00e1fica Itinerante del SFBL | Casa de Campo Living\",\"isPartOf\":{\"@id\":\"https:\\\/\\\/casadecampoliving.com\\\/es\\\/#website\"},\"primaryImageOfPage\":{\"@id\":\"https:\\\/\\\/casadecampoliving.com\\\/es\\\/primera-exhibicion-fotografica-salon-de-la-fama\\\/#primaryimage\"},\"image\":{\"@id\":\"https:\\\/\\\/casadecampoliving.com\\\/es\\\/primera-exhibicion-fotografica-salon-de-la-fama\\\/#primaryimage\"},\"thumbnailUrl\":\"https:\\\/\\\/i0.wp.com\\\/casadecampoliving.com\\\/wp-content\\\/uploads\\\/2022\\\/10\\\/agora_mall_salon_de_la_fama-1.jpg?fit=650%2C390&ssl=1\",\"datePublished\":\"2013-11-18T04:00:00+00:00\",\"dateModified\":\"2022-11-10T14:44:59+00:00\",\"description\":\"Con una hermosa ceremonia y un exuberante despliegue de fotograf\u00edas de los jugadores exaltados, el Sal\u00f3n de la Fama del B\u00e9isbol Latino (SFBL) dio inicio\",\"breadcrumb\":{\"@id\":\"https:\\\/\\\/casadecampoliving.com\\\/es\\\/primera-exhibicion-fotografica-salon-de-la-fama\\\/#breadcrumb\"},\"inLanguage\":\"es\",\"potentialAction\":[{\"@type\":\"ReadAction\",\"target\":[\"https:\\\/\\\/casadecampoliving.com\\\/es\\\/primera-exhibicion-fotografica-salon-de-la-fama\\\/\"]}]},{\"@type\":\"ImageObject\",\"inLanguage\":\"es\",\"@id\":\"https:\\\/\\\/casadecampoliving.com\\\/es\\\/primera-exhibicion-fotografica-salon-de-la-fama\\\/#primaryimage\",\"url\":\"https:\\\/\\\/i0.wp.com\\\/casadecampoliving.com\\\/wp-content\\\/uploads\\\/2022\\\/10\\\/agora_mall_salon_de_la_fama-1.jpg?fit=650%2C390&ssl=1\",\"contentUrl\":\"https:\\\/\\\/i0.wp.com\\\/casadecampoliving.com\\\/wp-content\\\/uploads\\\/2022\\\/10\\\/agora_mall_salon_de_la_fama-1.jpg?fit=650%2C390&ssl=1\",\"width\":650,\"height\":390,\"caption\":\"Agora Mall Salon de la Fama\"},{\"@type\":\"BreadcrumbList\",\"@id\":\"https:\\\/\\\/casadecampoliving.com\\\/es\\\/primera-exhibicion-fotografica-salon-de-la-fama\\\/#breadcrumb\",\"itemListElement\":[{\"@type\":\"ListItem\",\"position\":1,\"name\":\"Home\",\"item\":\"https:\\\/\\\/casadecampoliving.com\\\/es\\\/\"},{\"@type\":\"ListItem\",\"position\":2,\"name\":\"Los inmortales deslumbran en la Primera Exhibici\u00f3n Fotogr\u00e1fica Itinerante del SFBL\"}]},{\"@type\":\"WebSite\",\"@id\":\"https:\\\/\\\/casadecampoliving.com\\\/es\\\/#website\",\"url\":\"https:\\\/\\\/casadecampoliving.com\\\/es\\\/\",\"name\":\"Casa de Campo Living\",\"description\":\"Resort community news and resources.\",\"publisher\":{\"@id\":\"https:\\\/\\\/casadecampoliving.com\\\/es\\\/#organization\"},\"potentialAction\":[{\"@type\":\"SearchAction\",\"target\":{\"@type\":\"EntryPoint\",\"urlTemplate\":\"https:\\\/\\\/casadecampoliving.com\\\/es\\\/?s={search_term_string}\"},\"query-input\":{\"@type\":\"PropertyValueSpecification\",\"valueRequired\":true,\"valueName\":\"search_term_string\"}}],\"inLanguage\":\"es\"},{\"@type\":\"Organization\",\"@id\":\"https:\\\/\\\/casadecampoliving.com\\\/es\\\/#organization\",\"name\":\"Casa de Campo Living\",\"url\":\"https:\\\/\\\/casadecampoliving.com\\\/es\\\/\",\"logo\":{\"@type\":\"ImageObject\",\"inLanguage\":\"es\",\"@id\":\"https:\\\/\\\/casadecampoliving.com\\\/es\\\/#\\\/schema\\\/logo\\\/image\\\/\",\"url\":\"https:\\\/\\\/i0.wp.com\\\/casadecampoliving.com\\\/wp-content\\\/uploads\\\/2022\\\/07\\\/CDCLivingLogo_V1-white-sized.png?fit=800%2C214&ssl=1\",\"contentUrl\":\"https:\\\/\\\/i0.wp.com\\\/casadecampoliving.com\\\/wp-content\\\/uploads\\\/2022\\\/07\\\/CDCLivingLogo_V1-white-sized.png?fit=800%2C214&ssl=1\",\"width\":800,\"height\":214,\"caption\":\"Casa de Campo Living\"},\"image\":{\"@id\":\"https:\\\/\\\/casadecampoliving.com\\\/es\\\/#\\\/schema\\\/logo\\\/image\\\/\"},\"sameAs\":[\"https:\\\/\\\/www.facebook.com\\\/casadecampoliving\",\"https:\\\/\\\/x.com\\\/cdcliving\"]},{\"@type\":\"Person\",\"@id\":\"https:\\\/\\\/casadecampoliving.com\\\/es\\\/#\\\/schema\\\/person\\\/2b2208f3175fa8761e25b272e096d718\",\"name\":\"Rebecca Silvestri\",\"image\":{\"@type\":\"ImageObject\",\"inLanguage\":\"es\",\"@id\":\"https:\\\/\\\/secure.gravatar.com\\\/avatar\\\/2d937fd6c1769fb718dbf8dce9e82bf5f89e97bd028f9b3ea10b931dc7df95c6?s=96&d=mm&r=g\",\"url\":\"https:\\\/\\\/secure.gravatar.com\\\/avatar\\\/2d937fd6c1769fb718dbf8dce9e82bf5f89e97bd028f9b3ea10b931dc7df95c6?s=96&d=mm&r=g\",\"contentUrl\":\"https:\\\/\\\/secure.gravatar.com\\\/avatar\\\/2d937fd6c1769fb718dbf8dce9e82bf5f89e97bd028f9b3ea10b931dc7df95c6?s=96&d=mm&r=g\",\"caption\":\"Rebecca Silvestri\"},\"url\":\"https:\\\/\\\/casadecampoliving.com\\\/es\\\/author\\\/madamehuge\\\/\"}]}<\/script>\n<!-- \/ Yoast SEO plugin. -->","yoast_head_json":{"title":"Los inmortales deslumbran en la Primera Exhibici\u00f3n Fotogr\u00e1fica Itinerante del SFBL | Casa de Campo Living","description":"Con una hermosa ceremonia y un exuberante despliegue de fotograf\u00edas de los jugadores exaltados, el Sal\u00f3n de la Fama del B\u00e9isbol Latino (SFBL) dio inicio","robots":{"index":"index","follow":"follow","max-snippet":"max-snippet:-1","max-image-preview":"max-image-preview:large","max-video-preview":"max-video-preview:-1"},"canonical":"https:\/\/casadecampoliving.com\/es\/primera-exhibicion-fotografica-salon-de-la-fama\/","og_locale":"es_ES","og_type":"article","og_title":"Los inmortales deslumbran en la Primera Exhibici\u00f3n Fotogr\u00e1fica Itinerante del SFBL | Casa de Campo Living","og_description":"Con una hermosa ceremonia y un exuberante despliegue de fotograf\u00edas de los jugadores exaltados, el Sal\u00f3n de la Fama del B\u00e9isbol Latino (SFBL) dio inicio","og_url":"https:\/\/casadecampoliving.com\/es\/primera-exhibicion-fotografica-salon-de-la-fama\/","og_site_name":"Casa de Campo Living","article_publisher":"https:\/\/www.facebook.com\/casadecampoliving","article_published_time":"2013-11-18T04:00:00+00:00","article_modified_time":"2022-11-10T14:44:59+00:00","og_image":[{"width":650,"height":390,"url":"https:\/\/i0.wp.com\/casadecampoliving.com\/wp-content\/uploads\/2022\/10\/agora_mall_salon_de_la_fama-1.jpg?fit=650%2C390&ssl=1","type":"image\/jpeg"}],"author":"Rebecca Silvestri","twitter_card":"summary_large_image","twitter_creator":"@cdcliving","twitter_site":"@cdcliving","twitter_misc":{"Escrito por":"Rebecca Silvestri","Tiempo de lectura":"3 minutos"},"schema":{"@context":"https:\/\/schema.org","@graph":[{"@type":"Article","@id":"https:\/\/casadecampoliving.com\/es\/primera-exhibicion-fotografica-salon-de-la-fama\/#article","isPartOf":{"@id":"https:\/\/casadecampoliving.com\/es\/primera-exhibicion-fotografica-salon-de-la-fama\/"},"author":{"name":"Rebecca Silvestri","@id":"https:\/\/casadecampoliving.com\/es\/#\/schema\/person\/2b2208f3175fa8761e25b272e096d718"},"headline":"Los inmortales deslumbran en la Primera Exhibici\u00f3n Fotogr\u00e1fica Itinerante del SFBL","datePublished":"2013-11-18T04:00:00+00:00","dateModified":"2022-11-10T14:44:59+00:00","mainEntityOfPage":{"@id":"https:\/\/casadecampoliving.com\/es\/primera-exhibicion-fotografica-salon-de-la-fama\/"},"wordCount":524,"publisher":{"@id":"https:\/\/casadecampoliving.com\/es\/#organization"},"image":{"@id":"https:\/\/casadecampoliving.com\/es\/primera-exhibicion-fotografica-salon-de-la-fama\/#primaryimage"},"thumbnailUrl":"https:\/\/i0.wp.com\/casadecampoliving.com\/wp-content\/uploads\/2022\/10\/agora_mall_salon_de_la_fama-1.jpg?fit=650%2C390&ssl=1","keywords":["salon de la fama del beisbol latino","santo domingo @es"],"articleSection":["Eventos","Destacados","Estilo de Vida","Noticias Locales","Deportes","Proximamente"],"inLanguage":"es"},{"@type":"WebPage","@id":"https:\/\/casadecampoliving.com\/es\/primera-exhibicion-fotografica-salon-de-la-fama\/","url":"https:\/\/casadecampoliving.com\/es\/primera-exhibicion-fotografica-salon-de-la-fama\/","name":"Los inmortales deslumbran en la Primera Exhibici\u00f3n Fotogr\u00e1fica Itinerante del SFBL | Casa de Campo Living","isPartOf":{"@id":"https:\/\/casadecampoliving.com\/es\/#website"},"primaryImageOfPage":{"@id":"https:\/\/casadecampoliving.com\/es\/primera-exhibicion-fotografica-salon-de-la-fama\/#primaryimage"},"image":{"@id":"https:\/\/casadecampoliving.com\/es\/primera-exhibicion-fotografica-salon-de-la-fama\/#primaryimage"},"thumbnailUrl":"https:\/\/i0.wp.com\/casadecampoliving.com\/wp-content\/uploads\/2022\/10\/agora_mall_salon_de_la_fama-1.jpg?fit=650%2C390&ssl=1","datePublished":"2013-11-18T04:00:00+00:00","dateModified":"2022-11-10T14:44:59+00:00","description":"Con una hermosa ceremonia y un exuberante despliegue de fotograf\u00edas de los jugadores exaltados, el Sal\u00f3n de la Fama del B\u00e9isbol Latino (SFBL) dio inicio","breadcrumb":{"@id":"https:\/\/casadecampoliving.com\/es\/primera-exhibicion-fotografica-salon-de-la-fama\/#breadcrumb"},"inLanguage":"es","potentialAction":[{"@type":"ReadAction","target":["https:\/\/casadecampoliving.com\/es\/primera-exhibicion-fotografica-salon-de-la-fama\/"]}]},{"@type":"ImageObject","inLanguage":"es","@id":"https:\/\/casadecampoliving.com\/es\/primera-exhibicion-fotografica-salon-de-la-fama\/#primaryimage","url":"https:\/\/i0.wp.com\/casadecampoliving.com\/wp-content\/uploads\/2022\/10\/agora_mall_salon_de_la_fama-1.jpg?fit=650%2C390&ssl=1","contentUrl":"https:\/\/i0.wp.com\/casadecampoliving.com\/wp-content\/uploads\/2022\/10\/agora_mall_salon_de_la_fama-1.jpg?fit=650%2C390&ssl=1","width":650,"height":390,"caption":"Agora Mall Salon de la Fama"},{"@type":"BreadcrumbList","@id":"https:\/\/casadecampoliving.com\/es\/primera-exhibicion-fotografica-salon-de-la-fama\/#breadcrumb","itemListElement":[{"@type":"ListItem","position":1,"name":"Home","item":"https:\/\/casadecampoliving.com\/es\/"},{"@type":"ListItem","position":2,"name":"Los inmortales deslumbran en la Primera Exhibici\u00f3n Fotogr\u00e1fica Itinerante del SFBL"}]},{"@type":"WebSite","@id":"https:\/\/casadecampoliving.com\/es\/#website","url":"https:\/\/casadecampoliving.com\/es\/","name":"Casa de Campo Living","description":"Resort community news and resources.","publisher":{"@id":"https:\/\/casadecampoliving.com\/es\/#organization"},"potentialAction":[{"@type":"SearchAction","target":{"@type":"EntryPoint","urlTemplate":"https:\/\/casadecampoliving.com\/es\/?s={search_term_string}"},"query-input":{"@type":"PropertyValueSpecification","valueRequired":true,"valueName":"search_term_string"}}],"inLanguage":"es"},{"@type":"Organization","@id":"https:\/\/casadecampoliving.com\/es\/#organization","name":"Casa de Campo Living","url":"https:\/\/casadecampoliving.com\/es\/","logo":{"@type":"ImageObject","inLanguage":"es","@id":"https:\/\/casadecampoliving.com\/es\/#\/schema\/logo\/image\/","url":"https:\/\/i0.wp.com\/casadecampoliving.com\/wp-content\/uploads\/2022\/07\/CDCLivingLogo_V1-white-sized.png?fit=800%2C214&ssl=1","contentUrl":"https:\/\/i0.wp.com\/casadecampoliving.com\/wp-content\/uploads\/2022\/07\/CDCLivingLogo_V1-white-sized.png?fit=800%2C214&ssl=1","width":800,"height":214,"caption":"Casa de Campo Living"},"image":{"@id":"https:\/\/casadecampoliving.com\/es\/#\/schema\/logo\/image\/"},"sameAs":["https:\/\/www.facebook.com\/casadecampoliving","https:\/\/x.com\/cdcliving"]},{"@type":"Person","@id":"https:\/\/casadecampoliving.com\/es\/#\/schema\/person\/2b2208f3175fa8761e25b272e096d718","name":"Rebecca Silvestri","image":{"@type":"ImageObject","inLanguage":"es","@id":"https:\/\/secure.gravatar.com\/avatar\/2d937fd6c1769fb718dbf8dce9e82bf5f89e97bd028f9b3ea10b931dc7df95c6?s=96&d=mm&r=g","url":"https:\/\/secure.gravatar.com\/avatar\/2d937fd6c1769fb718dbf8dce9e82bf5f89e97bd028f9b3ea10b931dc7df95c6?s=96&d=mm&r=g","contentUrl":"https:\/\/secure.gravatar.com\/avatar\/2d937fd6c1769fb718dbf8dce9e82bf5f89e97bd028f9b3ea10b931dc7df95c6?s=96&d=mm&r=g","caption":"Rebecca Silvestri"},"url":"https:\/\/casadecampoliving.com\/es\/author\/madamehuge\/"}]}},"parsely":{"version":"1.1.0","canonical_url":"https:\/\/casadecampoliving.com\/es\/primera-exhibicion-fotografica-salon-de-la-fama\/","smart_links":{"inbound":0,"outbound":0},"traffic_boost_suggestions_count":0,"meta":{"@context":"https:\/\/schema.org","@type":"NewsArticle","headline":"Los inmortales deslumbran en la Primera Exhibici\u00f3n Fotogr\u00e1fica Itinerante del SFBL","url":"http:\/\/casadecampoliving.com\/es\/primera-exhibicion-fotografica-salon-de-la-fama\/","mainEntityOfPage":{"@type":"WebPage","@id":"http:\/\/casadecampoliving.com\/es\/primera-exhibicion-fotografica-salon-de-la-fama\/"},"thumbnailUrl":"https:\/\/i0.wp.com\/casadecampoliving.com\/wp-content\/uploads\/2022\/10\/agora_mall_salon_de_la_fama-1.jpg?resize=150%2C150&ssl=1","image":{"@type":"ImageObject","url":"https:\/\/i0.wp.com\/casadecampoliving.com\/wp-content\/uploads\/2022\/10\/agora_mall_salon_de_la_fama-1.jpg?fit=650%2C390&ssl=1"},"articleSection":"Eventos","author":[{"@type":"Person","name":"Rebecca Silvestri"}],"creator":["Rebecca Silvestri"],"publisher":{"@type":"Organization","name":"Casa de Campo Living","logo":"https:\/\/casadecampoliving.com\/wp-content\/uploads\/2022\/07\/CDCLivingLogo_V1-white-sized.png"},"keywords":["salon de la fama del beisbol latino","santo domingo @es"],"dateCreated":"2013-11-18T04:00:00Z","datePublished":"2013-11-18T04:00:00Z","dateModified":"2022-11-10T14:44:59Z"},"rendered":"<script type=\"application\/ld+json\" class=\"wp-parsely-metadata\">{\"@context\":\"https:\\\/\\\/schema.org\",\"@type\":\"NewsArticle\",\"headline\":\"Los inmortales deslumbran en la Primera Exhibici\\u00f3n Fotogr\\u00e1fica Itinerante del SFBL\",\"url\":\"http:\\\/\\\/casadecampoliving.com\\\/es\\\/primera-exhibicion-fotografica-salon-de-la-fama\\\/\",\"mainEntityOfPage\":{\"@type\":\"WebPage\",\"@id\":\"http:\\\/\\\/casadecampoliving.com\\\/es\\\/primera-exhibicion-fotografica-salon-de-la-fama\\\/\"},\"thumbnailUrl\":\"https:\\\/\\\/i0.wp.com\\\/casadecampoliving.com\\\/wp-content\\\/uploads\\\/2022\\\/10\\\/agora_mall_salon_de_la_fama-1.jpg?resize=150%2C150&ssl=1\",\"image\":{\"@type\":\"ImageObject\",\"url\":\"https:\\\/\\\/i0.wp.com\\\/casadecampoliving.com\\\/wp-content\\\/uploads\\\/2022\\\/10\\\/agora_mall_salon_de_la_fama-1.jpg?fit=650%2C390&ssl=1\"},\"articleSection\":\"Eventos\",\"author\":[{\"@type\":\"Person\",\"name\":\"Rebecca Silvestri\"}],\"creator\":[\"Rebecca Silvestri\"],\"publisher\":{\"@type\":\"Organization\",\"name\":\"Casa de Campo Living\",\"logo\":\"https:\\\/\\\/casadecampoliving.com\\\/wp-content\\\/uploads\\\/2022\\\/07\\\/CDCLivingLogo_V1-white-sized.png\"},\"keywords\":[\"salon de la fama del beisbol latino\",\"santo domingo @es\"],\"dateCreated\":\"2013-11-18T04:00:00Z\",\"datePublished\":\"2013-11-18T04:00:00Z\",\"dateModified\":\"2022-11-10T14:44:59Z\"}<\/script>","tracker_url":"https:\/\/cdn.parsely.com\/keys\/casadecampoliving.com\/p.js"},"jetpack_publicize_connections":[],"jetpack_featured_media_url":"https:\/\/i0.wp.com\/casadecampoliving.com\/wp-content\/uploads\/2022\/10\/agora_mall_salon_de_la_fama-1.jpg?fit=650%2C390&ssl=1","jetpack-related-posts":[{"id":322870,"url":"https:\/\/casadecampoliving.com\/latino-baseball-hall-fame-opens-photo-exhibit-agora-mall\/","url_meta":{"origin":343309,"position":0},"title":"Latino Baseball Hall of Fame opens Photo Exhibit at Agora Mall","author":"Rebecca Silvestri","date":"18 Nov, 2013","format":false,"excerpt":"With a beautiful ceremony and a diverse display of photographs of the baseball luminaries, the Latino Baseball Hall of Fame opened the the First Traveling Photo Exhibit on Wednesday the 6th of November 6th on\u00a0the second level of the Agora Mall shopping centre in\u00a0Santo Domingo. The exhibition, which aims to\u2026","rel":"","context":"En \u00abBeyond Casa\u00bb","block_context":{"text":"Beyond Casa","link":"https:\/\/casadecampoliving.com\/category\/beyond-casa\/"},"img":{"alt_text":"Agora Mall Salon de la Fama","src":"https:\/\/i0.wp.com\/casadecampoliving.com\/wp-content\/uploads\/2022\/10\/agora_mall_salon_de_la_fama-1.jpg?fit=650%2C390&ssl=1&resize=350%2C200","width":350,"height":200,"srcset":"https:\/\/i0.wp.com\/casadecampoliving.com\/wp-content\/uploads\/2022\/10\/agora_mall_salon_de_la_fama-1.jpg?fit=650%2C390&ssl=1&resize=350%2C200 1x, https:\/\/i0.wp.com\/casadecampoliving.com\/wp-content\/uploads\/2022\/10\/agora_mall_salon_de_la_fama-1.jpg?fit=650%2C390&ssl=1&resize=525%2C300 1.5x"},"classes":[]},{"id":346554,"url":"https:\/\/casadecampoliving.com\/es\/pedro-martinez-vendra-casa-de-campo-para-el-sfbl\/","url_meta":{"origin":343309,"position":1},"title":"Pedro Mart\u00ednez vendr\u00e1 a Casa de Campo para el SFBL","author":"Perkin Agramonte","date":"17 Ene, 2015","format":false,"excerpt":"El Sal\u00f3n de la Fama del B\u00e9isbol Latino (SFBL) recientemente dio a conocer las actividades enmarcadas dentro de la Sexta Semana de Exaltaci\u00f3n, correspondiente a la Clase 2015 que se estar\u00e1n realizando desde el 5 al 8 de febrero, en Santo Domingo, Casa de Campo y la ciudad de La\u2026","rel":"","context":"En \u00abCasa de Campo Living @es\u00bb","block_context":{"text":"Casa de Campo Living @es","link":"https:\/\/casadecampoliving.com\/category\/casa-de-campo-living-es\/"},"img":{"alt_text":"","src":"https:\/\/i0.wp.com\/casadecampoliving.com\/wp-content\/uploads\/2022\/10\/Pedro-Martinez-1.jpg?fit=1024%2C680&ssl=1&resize=350%2C200","width":350,"height":200,"srcset":"https:\/\/i0.wp.com\/casadecampoliving.com\/wp-content\/uploads\/2022\/10\/Pedro-Martinez-1.jpg?fit=1024%2C680&ssl=1&resize=350%2C200 1x, https:\/\/i0.wp.com\/casadecampoliving.com\/wp-content\/uploads\/2022\/10\/Pedro-Martinez-1.jpg?fit=1024%2C680&ssl=1&resize=525%2C300 1.5x, https:\/\/i0.wp.com\/casadecampoliving.com\/wp-content\/uploads\/2022\/10\/Pedro-Martinez-1.jpg?fit=1024%2C680&ssl=1&resize=700%2C400 2x"},"classes":[]},{"id":344002,"url":"https:\/\/casadecampoliving.com\/es\/ceremonia-exaltacion-sfbl\/","url_meta":{"origin":343309,"position":2},"title":"La V Ceremonia de Exaltaci\u00f3n del SFBL ser\u00e1 retransmitida por CDN37","author":"Rebecca Silvestri","date":"12 Mar, 2014","format":false,"excerpt":"La V Ceremonia de Exaltaci\u00f3n del Sal\u00f3n de la Fama del B\u00e9isbol Latino (SFBL) \u20185to Inning Especial\u2019, realizada el pasado 8 de febrero en el anfiteatro Altos de Chav\u00f3n, ser\u00e1 retransmitida a todo el pa\u00eds el pr\u00f3ximo domingo 23 de marzo por el canal CDN37, en el horario de 8:00\u2026","rel":"","context":"En \u00abEventos\u00bb","block_context":{"text":"Eventos","link":"https:\/\/casadecampoliving.com\/es\/category\/eventos-es\/"},"img":{"alt_text":"","src":"https:\/\/i0.wp.com\/casadecampoliving.com\/wp-content\/uploads\/2022\/10\/TRANSMISION-CDN.jpg?fit=480%2C447&ssl=1&resize=350%2C200","width":350,"height":200},"classes":[]},{"id":343329,"url":"https:\/\/casadecampoliving.com\/es\/silgon-lanza-inmortales-2-con-tony-pena-en-agora-mall\/","url_meta":{"origin":343309,"position":3},"title":"SILGON lanza INMORTALES #2 con Tony Pe\u00f1a en Agora Mall","author":"Genesis Perdomo","date":"23 Nov, 2013","format":false,"excerpt":"El pasado domingo 17 de noviembre, el equipo editorial de SILGON, es una empresa de medios de comunicaci\u00f3n moderna basada en Casa de Campo estuvo en Agora Mall con la leyenda del b\u00e9isbol Tony Pe\u00f1a para lanzar la segunda edici\u00f3n de INMORTALES, la publicaci\u00f3n oficial del B\u00e9isbol Latino del Sal\u00f3n\u2026","rel":"","context":"En \u00abM\u00e1s all\u00e1 de Casa\u00bb","block_context":{"text":"M\u00e1s all\u00e1 de Casa","link":"https:\/\/casadecampoliving.com\/es\/category\/mas-alla-de-casa-es\/"},"img":{"alt_text":"Tony Pena revista INMORTALES","src":"https:\/\/i0.wp.com\/casadecampoliving.com\/wp-content\/uploads\/2022\/10\/tony_pena_revista_inmortales-1.jpg?fit=650%2C433&ssl=1&resize=350%2C200","width":350,"height":200,"srcset":"https:\/\/i0.wp.com\/casadecampoliving.com\/wp-content\/uploads\/2022\/10\/tony_pena_revista_inmortales-1.jpg?fit=650%2C433&ssl=1&resize=350%2C200 1x, https:\/\/i0.wp.com\/casadecampoliving.com\/wp-content\/uploads\/2022\/10\/tony_pena_revista_inmortales-1.jpg?fit=650%2C433&ssl=1&resize=525%2C300 1.5x"},"classes":[]},{"id":346629,"url":"https:\/\/casadecampoliving.com\/es\/salon-de-la-fama-del-beisbol-latino-anuncia-los-eventos-de-la-sexta-semana-de-exaltacion\/","url_meta":{"origin":343309,"position":4},"title":"Sal\u00f3n de la Fama del B\u00e9isbol Latino anuncia los eventos de la Sexta Semana de Exaltaci\u00f3n","author":"Perkin Agramonte","date":"2 Feb, 2015","format":false,"excerpt":"El prestigioso Sal\u00f3n de la Fama del B\u00e9isbol Latino dio a conocer el pasado mi\u00e9rcoles 28 de enero, las actividades enmarcadas dentro de la Sexta Semana de Exaltaci\u00f3n, correspondiente a la Clase 2015 que se estar\u00e1n realizando del 5 al 8 de febrero, en Santo Domingo, Casa de Campo y\u2026","rel":"","context":"En \u00abAltos de Chavon @es\u00bb","block_context":{"text":"Altos de Chavon @es","link":"https:\/\/casadecampoliving.com\/category\/altos-de-chavon-es\/"},"img":{"alt_text":"","src":"https:\/\/i0.wp.com\/casadecampoliving.com\/wp-content\/uploads\/2022\/10\/Salon-de-la-Fama-scaled.jpg?fit=1200%2C896&ssl=1&resize=350%2C200","width":350,"height":200,"srcset":"https:\/\/i0.wp.com\/casadecampoliving.com\/wp-content\/uploads\/2022\/10\/Salon-de-la-Fama-scaled.jpg?fit=1200%2C896&ssl=1&resize=350%2C200 1x, https:\/\/i0.wp.com\/casadecampoliving.com\/wp-content\/uploads\/2022\/10\/Salon-de-la-Fama-scaled.jpg?fit=1200%2C896&ssl=1&resize=525%2C300 1.5x, https:\/\/i0.wp.com\/casadecampoliving.com\/wp-content\/uploads\/2022\/10\/Salon-de-la-Fama-scaled.jpg?fit=1200%2C896&ssl=1&resize=700%2C400 2x, https:\/\/i0.wp.com\/casadecampoliving.com\/wp-content\/uploads\/2022\/10\/Salon-de-la-Fama-scaled.jpg?fit=1200%2C896&ssl=1&resize=1050%2C600 3x"},"classes":[]},{"id":343783,"url":"https:\/\/casadecampoliving.com\/es\/el-salon-de-la-fama-del-beisbol-latino-anuncia-el-quinto-ceremonial-clase-2014\/","url_meta":{"origin":343309,"position":5},"title":"El Sal\u00f3n de la Fama del B\u00e9isbol Latino anuncia el Quinto Ceremonial Clase 2014","author":"Perkin Agramonte","date":"30 Ene, 2014","format":false,"excerpt":"El Sal\u00f3n de la Fama del B\u00e9isbol Latino (SFBL) recientemente dio a conocer las actividades enmarcadas dentro de la Quinta Semana de Exaltaci\u00f3n, correspondiente a la Clase 2014 que se estar\u00e1n realizando desde el 6 al 8 de febrero, en Casa de Campo y la ciudad de La Romana simult\u00e1neamente.\u2026","rel":"","context":"En \u00abAltos de Chavon @es\u00bb","block_context":{"text":"Altos de Chavon @es","link":"https:\/\/casadecampoliving.com\/category\/altos-de-chavon-es\/"},"img":{"alt_text":"","src":"https:\/\/i0.wp.com\/casadecampoliving.com\/wp-content\/uploads\/2022\/10\/MESA-PRINCIPAL-1.jpg?fit=650%2C432&ssl=1&resize=350%2C200","width":350,"height":200,"srcset":"https:\/\/i0.wp.com\/casadecampoliving.com\/wp-content\/uploads\/2022\/10\/MESA-PRINCIPAL-1.jpg?fit=650%2C432&ssl=1&resize=350%2C200 1x, https:\/\/i0.wp.com\/casadecampoliving.com\/wp-content\/uploads\/2022\/10\/MESA-PRINCIPAL-1.jpg?fit=650%2C432&ssl=1&resize=525%2C300 1.5x"},"classes":[]}],"jetpack_sharing_enabled":true,"_links":{"self":[{"href":"https:\/\/casadecampoliving.com\/es\/wp-json\/wp\/v2\/posts\/343309","targetHints":{"allow":["GET"]}}],"collection":[{"href":"https:\/\/casadecampoliving.com\/es\/wp-json\/wp\/v2\/posts"}],"about":[{"href":"https:\/\/casadecampoliving.com\/es\/wp-json\/wp\/v2\/types\/post"}],"author":[{"embeddable":true,"href":"https:\/\/casadecampoliving.com\/es\/wp-json\/wp\/v2\/users\/31"}],"replies":[{"embeddable":true,"href":"https:\/\/casadecampoliving.com\/es\/wp-json\/wp\/v2\/comments?post=343309"}],"version-history":[{"count":2,"href":"https:\/\/casadecampoliving.com\/es\/wp-json\/wp\/v2\/posts\/343309\/revisions"}],"predecessor-version":[{"id":509868,"href":"https:\/\/casadecampoliving.com\/es\/wp-json\/wp\/v2\/posts\/343309\/revisions\/509868"}],"wp:featuredmedia":[{"embeddable":true,"href":"https:\/\/casadecampoliving.com\/es\/wp-json\/wp\/v2\/media\/236118"}],"wp:attachment":[{"href":"https:\/\/casadecampoliving.com\/es\/wp-json\/wp\/v2\/media?parent=343309"}],"wp:term":[{"taxonomy":"category","embeddable":true,"href":"https:\/\/casadecampoliving.com\/es\/wp-json\/wp\/v2\/categories?post=343309"},{"taxonomy":"post_tag","embeddable":true,"href":"https:\/\/casadecampoliving.com\/es\/wp-json\/wp\/v2\/tags?post=343309"},{"taxonomy":"newspack_spnsrs_tax","embeddable":true,"href":"https:\/\/casadecampoliving.com\/es\/wp-json\/wp\/v2\/newspack_spnsrs_tax?post=343309"}],"curies":[{"name":"wp","href":"https:\/\/api.w.org\/{rel}","templated":true}]}}