{"id":343262,"date":"2013-11-13T00:00:00","date_gmt":"2013-11-13T04:00:00","guid":{"rendered":"https:\/\/casadecampoliving.com\/exhibicion-de-arte-skin-deep-de-america-olivo-en-el-novo-centro\/"},"modified":"2022-10-21T18:52:06","modified_gmt":"2022-10-21T22:52:06","slug":"exhibicion-de-arte-skin-deep-de-america-olivo-en-el-novo-centro","status":"publish","type":"post","link":"https:\/\/casadecampoliving.com\/es\/exhibicion-de-arte-skin-deep-de-america-olivo-en-el-novo-centro\/","title":{"rendered":"Exhibici\u00f3n de arte \u00abSkin Deep\u00bb de Am\u00e9rica Olivo en el Novo-Centro"},"content":{"rendered":"<div class=\"wp-block-image\">\n<figure class=\"aligncenter is-resized\"><img loading=\"lazy\" decoding=\"async\" src=\"https:\/\/i0.wp.com\/casadecampoliving.com\/wp-content\/uploads\/2022\/10\/skin_deep_america_olivo.jpg?resize=650%2C475&amp;ssl=1\" alt=\"Skin Deep America Olivo\" class=\"wp-image-81126\" height=\"475\" width=\"650\"\/><\/figure>\n<\/div>\n\n\n<p>La artista de Casa de Campo, Am\u00e9rica Olivo, estar\u00e1 ma\u00f1ana 14 de noviembre celebrando la apertura de su nueva exhibici\u00f3n de arte \u201cSkin Deep\u201d (piel profunda) en Novo-Centro en Santo Domingo.<\/p>\n\n\n\n<!--more-->\n\n\n\n<p>Am\u00e9rica, cuyo estudio de arte esta aqu\u00ed cerca en Vista de los Altos, Altos de Chav\u00f3n, fue la artista que realiz\u00f3 la pieza inusual llamada \u201cCiclos\u201d que embellece el \u00e1rea de conserjer\u00eda del hotel Casa de Campo. Am\u00e9rica tambi\u00e9n tiene un pieza en un gran mural \u201cOleaje\u201d colgado en el sal\u00f3n de conferencia en el centro Flamboyan en Casa de Campo. Las obras de arte de Am\u00e9rica Olivo tambi\u00e9n se pueden orgullosamente encontrar en colecciones privadas en la Rep\u00fablica Dominicana y el mundo.<\/p>\n\n\n\n<p>Recientemente disfrutamos del trabajo de Am\u00e9rica en la exhibici\u00f3n de arte <a href=\"https:\/\/casadecampoliving.com\/a-story-of-art-woman-in-love-mujer-enamorada\/\"><strong>\u201cMujer Enamorada\u201d<\/strong> en la Galer\u00eda de Altos de Chav\u00f3n en abril de 2011 \u2013 haga clic aqu\u00ed para ver mas fotos.<\/a><\/p>\n\n\n\n<blockquote class=\"wp-block-quote is-layout-flow wp-block-quote-is-layout-flow\"><p><em><strong>\u201cSkin Deep trata sobre la dualidad entre cuerpo y alma, carne y espiritu. Es sobre lo material y la busqueda de lo trascendental.&nbsp;Mi arte es mi lenguaje, es mi medio de expresion. Utilizo cualquier medio que tenga disponible. Tampoco&nbsp;me encierro a ninguna tecnica, la obra dicta cual tecnica o metodo amerita ser usado.<\/strong><\/em><\/p><p><em><strong>Me inspiro en la fuerza, los ideales, las metas, las cosas intangibles a la que anhelamos llegar para ser felices y llevar una vida plena, por eso&nbsp;SKIN DEEP, es una mirada a lo mas profundo, lo espiritual, a la paz\u2026\u201d&nbsp;<\/strong><\/em><\/p><p style=\"padding-left: 30px;\">\u2014 Am\u00e9rica Olivo<\/p><\/blockquote>\n\n\n\n<p>Despu\u00e9s de haber estudiado arte e ilustraci\u00f3n en La Escuela de Arte y Dise\u00f1o de Altos de Chav\u00f3n, Am\u00e9rica continu\u00f3 sus estudios en la Universidad de Arte en Boston Massachusetts, como le dijo a Casa de Campo Living <em><strong>\u201ccontinuo aprendiendo cada d\u00eda\u201d.<\/strong>&nbsp;<\/em>La apertura de la nueva exhibici\u00f3n de arte \u201cSkin Deep\u201d es solo un paso mas hacia el aprendizaje y crecimiento.<\/p>\n\n\n\n<blockquote><p><b>Exhibici\u00f3n de Arte \u201cSkin Deep\u201d<br>\n<\/b><\/p><p><strong>Cuando<\/strong><strong>:<\/strong>&nbsp;Abierta del 5-30 de noviembre 2013<\/p><p><strong>Donde:<\/strong>&nbsp;primer piso del Novo-Centro, Santo Domingo<\/p><p><strong>Celebraci\u00f3n de apertura: <\/strong>Jueves 14 de noviembre, 6pm<\/p><p><strong>Contactos:<\/strong> (809) 858-4523, ameliacalventi@gmail.com<\/p><figure><a href=\"https:\/\/i0.wp.com\/casadecampoliving.com\/wp-content\/uploads\/2022\/10\/skin_deep_america_olivo1.jpg?ssl=1\"><img decoding=\"async\" loading=\"lazy\" class=\"aligncenter size-full wp-image-81127\" alt=\"Skin Deep America Olivo\" src=\"https:\/\/i0.wp.com\/casadecampoliving.com\/wp-content\/uploads\/2022\/10\/skin_deep_america_olivo1.jpg?resize=620%2C678&amp;ssl=1\" width=\"620\" height=\"678\"><\/a><\/figure><\/blockquote>\n","protected":false},"excerpt":{"rendered":"<p>La artista de Casa de Campo, Am\u00e9rica Olivo, estar\u00e1 ma\u00f1ana 14 de noviembre celebrando la apertura de su nueva exhibici\u00f3n de arte \u201cSkin Deep\u201d (piel profunda) en Novo-Centro en Santo Domingo.<\/p>\n","protected":false},"author":614,"featured_media":235061,"comment_status":"closed","ping_status":"closed","sticky":false,"template":"","format":"standard","meta":{"newspack_ads_suppress_ads":false,"newspack_popups_has_disabled_popups":false,"newspack_sponsor_sponsorship_scope":"","newspack_sponsor_native_byline_display":"inherit","newspack_sponsor_native_category_display":"inherit","newspack_sponsor_underwriter_style":"inherit","newspack_sponsor_underwriter_placement":"inherit","_newspack_byline_active":false,"_newspack_byline":"","newspack_hide_updated_date":false,"newspack_show_updated_date":false,"newspack_content_restriction_is_exempt":false,"newspack_featured_image_position":"","newspack_post_subtitle":"","newspack_article_summary_title":"Overview:","newspack_article_summary":"","_jetpack_memberships_contains_paid_content":false,"footnotes":"","jetpack_publicize_message":"","jetpack_publicize_feature_enabled":true,"jetpack_social_post_already_shared":false,"jetpack_social_options":{"image_generator_settings":{"template":"highway","default_image_id":0,"font":"","enabled":false},"version":2},"_wpas_customize_per_network":false},"categories":[26819,26823,26936,2524,14631,2522,2506,14625,14627],"tags":[15387,1867,2536,2534,2557,2648,1325],"newspack_spnsrs_tax":[],"class_list":["post-343262","post","type-post","status-publish","format-standard","has-post-thumbnail","hentry","category-altos-de-chavon-es","category-arte-y-cultura","category-casa-de-campo-living-es","category-destacados","category-estilo-de-vida","category-eventos-es","category-mas-alla-de-casa-es","category-noticias-locales","category-proximamente","tag-altos-de-chavon-es","tag-america-olivo","tag-arte","tag-escuela-de-diseno-de-altos-de-chavon","tag-exhibicion-de-arte","tag-galeria-de-arte-de-altos-de-chavon","tag-novo-centro","entry"],"yoast_head":"<!-- This site is optimized with the Yoast SEO plugin v27.5 - https:\/\/yoast.com\/product\/yoast-seo-wordpress\/ -->\n<title>Exhibici\u00f3n de arte &quot;Skin Deep&quot; de Am\u00e9rica Olivo en el Novo-Centro | Casa de Campo Living<\/title>\n<meta name=\"description\" content=\"La artista de Casa de Campo, Am\u00e9rica Olivo, estar\u00e1 ma\u00f1ana 14 de noviembre celebrando la apertura de su nueva exhibici\u00f3n de arte \u201cSkin Deep\u201d (piel\" \/>\n<meta name=\"robots\" content=\"index, follow, max-snippet:-1, max-image-preview:large, max-video-preview:-1\" \/>\n<link rel=\"canonical\" href=\"https:\/\/casadecampoliving.com\/es\/exhibicion-de-arte-skin-deep-de-america-olivo-en-el-novo-centro\/\" \/>\n<meta property=\"og:locale\" content=\"es_ES\" \/>\n<meta property=\"og:type\" content=\"article\" \/>\n<meta property=\"og:title\" content=\"Exhibici\u00f3n de arte &quot;Skin Deep&quot; de Am\u00e9rica Olivo en el Novo-Centro | Casa de Campo Living\" \/>\n<meta property=\"og:description\" content=\"La artista de Casa de Campo, Am\u00e9rica Olivo, estar\u00e1 ma\u00f1ana 14 de noviembre celebrando la apertura de su nueva exhibici\u00f3n de arte \u201cSkin Deep\u201d (piel\" \/>\n<meta property=\"og:url\" content=\"https:\/\/casadecampoliving.com\/es\/exhibicion-de-arte-skin-deep-de-america-olivo-en-el-novo-centro\/\" \/>\n<meta property=\"og:site_name\" content=\"Casa de Campo Living\" \/>\n<meta property=\"article:publisher\" content=\"https:\/\/www.facebook.com\/casadecampoliving\" \/>\n<meta property=\"article:published_time\" content=\"2013-11-13T04:00:00+00:00\" \/>\n<meta property=\"article:modified_time\" content=\"2022-10-21T22:52:06+00:00\" \/>\n<meta property=\"og:image\" content=\"https:\/\/i0.wp.com\/casadecampoliving.com\/wp-content\/uploads\/2022\/10\/skin_deep_america_olivo-1.jpg?fit=650%2C475&ssl=1\" \/>\n\t<meta property=\"og:image:width\" content=\"650\" \/>\n\t<meta property=\"og:image:height\" content=\"475\" \/>\n\t<meta property=\"og:image:type\" content=\"image\/jpeg\" \/>\n<meta name=\"author\" content=\"Genesis Perdomo\" \/>\n<meta name=\"twitter:card\" content=\"summary_large_image\" \/>\n<meta name=\"twitter:creator\" content=\"@cdcliving\" \/>\n<meta name=\"twitter:site\" content=\"@cdcliving\" \/>\n<meta name=\"twitter:label1\" content=\"Escrito por\" \/>\n\t<meta name=\"twitter:data1\" content=\"Genesis Perdomo\" \/>\n\t<meta name=\"twitter:label2\" content=\"Tiempo de lectura\" \/>\n\t<meta name=\"twitter:data2\" content=\"2 minutos\" \/>\n<script type=\"application\/ld+json\" class=\"yoast-schema-graph\">{\"@context\":\"https:\\\/\\\/schema.org\",\"@graph\":[{\"@type\":\"Article\",\"@id\":\"https:\\\/\\\/casadecampoliving.com\\\/es\\\/exhibicion-de-arte-skin-deep-de-america-olivo-en-el-novo-centro\\\/#article\",\"isPartOf\":{\"@id\":\"https:\\\/\\\/casadecampoliving.com\\\/es\\\/exhibicion-de-arte-skin-deep-de-america-olivo-en-el-novo-centro\\\/\"},\"author\":{\"name\":\"Genesis Perdomo\",\"@id\":\"https:\\\/\\\/casadecampoliving.com\\\/es\\\/#\\\/schema\\\/person\\\/242cf7c69a59395bbe7de24405601b76\"},\"headline\":\"Exhibici\u00f3n de arte \u00abSkin Deep\u00bb de Am\u00e9rica Olivo en el Novo-Centro\",\"datePublished\":\"2013-11-13T04:00:00+00:00\",\"dateModified\":\"2022-10-21T22:52:06+00:00\",\"mainEntityOfPage\":{\"@id\":\"https:\\\/\\\/casadecampoliving.com\\\/es\\\/exhibicion-de-arte-skin-deep-de-america-olivo-en-el-novo-centro\\\/\"},\"wordCount\":379,\"publisher\":{\"@id\":\"https:\\\/\\\/casadecampoliving.com\\\/es\\\/#organization\"},\"image\":{\"@id\":\"https:\\\/\\\/casadecampoliving.com\\\/es\\\/exhibicion-de-arte-skin-deep-de-america-olivo-en-el-novo-centro\\\/#primaryimage\"},\"thumbnailUrl\":\"https:\\\/\\\/i0.wp.com\\\/casadecampoliving.com\\\/wp-content\\\/uploads\\\/2022\\\/10\\\/skin_deep_america_olivo-1.jpg?fit=650%2C475&ssl=1\",\"keywords\":[\"Altos de Chavon\",\"america olivo\",\"arte\",\"Escuela de Dise\u00f1o de Altos de Chav\u00f3n\",\"exhibicion de arte\",\"galeria de arte de altos de chavon\",\"novo centro\"],\"articleSection\":[\"Altos de Chavon @es\",\"Arte y cultura\",\"Casa de Campo Living @es\",\"Destacados\",\"Estilo de Vida\",\"Eventos\",\"M\u00e1s all\u00e1 de Casa\",\"Noticias Locales\",\"Proximamente\"],\"inLanguage\":\"es\"},{\"@type\":\"WebPage\",\"@id\":\"https:\\\/\\\/casadecampoliving.com\\\/es\\\/exhibicion-de-arte-skin-deep-de-america-olivo-en-el-novo-centro\\\/\",\"url\":\"https:\\\/\\\/casadecampoliving.com\\\/es\\\/exhibicion-de-arte-skin-deep-de-america-olivo-en-el-novo-centro\\\/\",\"name\":\"Exhibici\u00f3n de arte \\\"Skin Deep\\\" de Am\u00e9rica Olivo en el Novo-Centro | Casa de Campo Living\",\"isPartOf\":{\"@id\":\"https:\\\/\\\/casadecampoliving.com\\\/es\\\/#website\"},\"primaryImageOfPage\":{\"@id\":\"https:\\\/\\\/casadecampoliving.com\\\/es\\\/exhibicion-de-arte-skin-deep-de-america-olivo-en-el-novo-centro\\\/#primaryimage\"},\"image\":{\"@id\":\"https:\\\/\\\/casadecampoliving.com\\\/es\\\/exhibicion-de-arte-skin-deep-de-america-olivo-en-el-novo-centro\\\/#primaryimage\"},\"thumbnailUrl\":\"https:\\\/\\\/i0.wp.com\\\/casadecampoliving.com\\\/wp-content\\\/uploads\\\/2022\\\/10\\\/skin_deep_america_olivo-1.jpg?fit=650%2C475&ssl=1\",\"datePublished\":\"2013-11-13T04:00:00+00:00\",\"dateModified\":\"2022-10-21T22:52:06+00:00\",\"description\":\"La artista de Casa de Campo, Am\u00e9rica Olivo, estar\u00e1 ma\u00f1ana 14 de noviembre celebrando la apertura de su nueva exhibici\u00f3n de arte \u201cSkin Deep\u201d (piel\",\"breadcrumb\":{\"@id\":\"https:\\\/\\\/casadecampoliving.com\\\/es\\\/exhibicion-de-arte-skin-deep-de-america-olivo-en-el-novo-centro\\\/#breadcrumb\"},\"inLanguage\":\"es\",\"potentialAction\":[{\"@type\":\"ReadAction\",\"target\":[\"https:\\\/\\\/casadecampoliving.com\\\/es\\\/exhibicion-de-arte-skin-deep-de-america-olivo-en-el-novo-centro\\\/\"]}]},{\"@type\":\"ImageObject\",\"inLanguage\":\"es\",\"@id\":\"https:\\\/\\\/casadecampoliving.com\\\/es\\\/exhibicion-de-arte-skin-deep-de-america-olivo-en-el-novo-centro\\\/#primaryimage\",\"url\":\"https:\\\/\\\/i0.wp.com\\\/casadecampoliving.com\\\/wp-content\\\/uploads\\\/2022\\\/10\\\/skin_deep_america_olivo-1.jpg?fit=650%2C475&ssl=1\",\"contentUrl\":\"https:\\\/\\\/i0.wp.com\\\/casadecampoliving.com\\\/wp-content\\\/uploads\\\/2022\\\/10\\\/skin_deep_america_olivo-1.jpg?fit=650%2C475&ssl=1\",\"width\":650,\"height\":475,\"caption\":\"Skin Deep America Olivo\"},{\"@type\":\"BreadcrumbList\",\"@id\":\"https:\\\/\\\/casadecampoliving.com\\\/es\\\/exhibicion-de-arte-skin-deep-de-america-olivo-en-el-novo-centro\\\/#breadcrumb\",\"itemListElement\":[{\"@type\":\"ListItem\",\"position\":1,\"name\":\"Home\",\"item\":\"https:\\\/\\\/casadecampoliving.com\\\/es\\\/\"},{\"@type\":\"ListItem\",\"position\":2,\"name\":\"Exhibici\u00f3n de arte &#8220;Skin Deep&#8221; de Am\u00e9rica Olivo en el Novo-Centro\"}]},{\"@type\":\"WebSite\",\"@id\":\"https:\\\/\\\/casadecampoliving.com\\\/es\\\/#website\",\"url\":\"https:\\\/\\\/casadecampoliving.com\\\/es\\\/\",\"name\":\"Casa de Campo Living\",\"description\":\"Resort community news and resources.\",\"publisher\":{\"@id\":\"https:\\\/\\\/casadecampoliving.com\\\/es\\\/#organization\"},\"potentialAction\":[{\"@type\":\"SearchAction\",\"target\":{\"@type\":\"EntryPoint\",\"urlTemplate\":\"https:\\\/\\\/casadecampoliving.com\\\/es\\\/?s={search_term_string}\"},\"query-input\":{\"@type\":\"PropertyValueSpecification\",\"valueRequired\":true,\"valueName\":\"search_term_string\"}}],\"inLanguage\":\"es\"},{\"@type\":\"Organization\",\"@id\":\"https:\\\/\\\/casadecampoliving.com\\\/es\\\/#organization\",\"name\":\"Casa de Campo Living\",\"url\":\"https:\\\/\\\/casadecampoliving.com\\\/es\\\/\",\"logo\":{\"@type\":\"ImageObject\",\"inLanguage\":\"es\",\"@id\":\"https:\\\/\\\/casadecampoliving.com\\\/es\\\/#\\\/schema\\\/logo\\\/image\\\/\",\"url\":\"https:\\\/\\\/i0.wp.com\\\/casadecampoliving.com\\\/wp-content\\\/uploads\\\/2022\\\/07\\\/CDCLivingLogo_V1-white-sized.png?fit=800%2C214&ssl=1\",\"contentUrl\":\"https:\\\/\\\/i0.wp.com\\\/casadecampoliving.com\\\/wp-content\\\/uploads\\\/2022\\\/07\\\/CDCLivingLogo_V1-white-sized.png?fit=800%2C214&ssl=1\",\"width\":800,\"height\":214,\"caption\":\"Casa de Campo Living\"},\"image\":{\"@id\":\"https:\\\/\\\/casadecampoliving.com\\\/es\\\/#\\\/schema\\\/logo\\\/image\\\/\"},\"sameAs\":[\"https:\\\/\\\/www.facebook.com\\\/casadecampoliving\",\"https:\\\/\\\/x.com\\\/cdcliving\"]},{\"@type\":\"Person\",\"@id\":\"https:\\\/\\\/casadecampoliving.com\\\/es\\\/#\\\/schema\\\/person\\\/242cf7c69a59395bbe7de24405601b76\",\"name\":\"Genesis Perdomo\",\"image\":{\"@type\":\"ImageObject\",\"inLanguage\":\"es\",\"@id\":\"https:\\\/\\\/secure.gravatar.com\\\/avatar\\\/1e89145b3cf01cf3b3fdf1d3d2e3c53f60c2978235045ae44df10fb8c79924c1?s=96&d=mm&r=g\",\"url\":\"https:\\\/\\\/secure.gravatar.com\\\/avatar\\\/1e89145b3cf01cf3b3fdf1d3d2e3c53f60c2978235045ae44df10fb8c79924c1?s=96&d=mm&r=g\",\"contentUrl\":\"https:\\\/\\\/secure.gravatar.com\\\/avatar\\\/1e89145b3cf01cf3b3fdf1d3d2e3c53f60c2978235045ae44df10fb8c79924c1?s=96&d=mm&r=g\",\"caption\":\"Genesis Perdomo\"},\"url\":\"https:\\\/\\\/casadecampoliving.com\\\/es\\\/author\\\/gperdomo\\\/\"}]}<\/script>\n<!-- \/ Yoast SEO plugin. -->","yoast_head_json":{"title":"Exhibici\u00f3n de arte \"Skin Deep\" de Am\u00e9rica Olivo en el Novo-Centro | Casa de Campo Living","description":"La artista de Casa de Campo, Am\u00e9rica Olivo, estar\u00e1 ma\u00f1ana 14 de noviembre celebrando la apertura de su nueva exhibici\u00f3n de arte \u201cSkin Deep\u201d (piel","robots":{"index":"index","follow":"follow","max-snippet":"max-snippet:-1","max-image-preview":"max-image-preview:large","max-video-preview":"max-video-preview:-1"},"canonical":"https:\/\/casadecampoliving.com\/es\/exhibicion-de-arte-skin-deep-de-america-olivo-en-el-novo-centro\/","og_locale":"es_ES","og_type":"article","og_title":"Exhibici\u00f3n de arte \"Skin Deep\" de Am\u00e9rica Olivo en el Novo-Centro | Casa de Campo Living","og_description":"La artista de Casa de Campo, Am\u00e9rica Olivo, estar\u00e1 ma\u00f1ana 14 de noviembre celebrando la apertura de su nueva exhibici\u00f3n de arte \u201cSkin Deep\u201d (piel","og_url":"https:\/\/casadecampoliving.com\/es\/exhibicion-de-arte-skin-deep-de-america-olivo-en-el-novo-centro\/","og_site_name":"Casa de Campo Living","article_publisher":"https:\/\/www.facebook.com\/casadecampoliving","article_published_time":"2013-11-13T04:00:00+00:00","article_modified_time":"2022-10-21T22:52:06+00:00","og_image":[{"width":650,"height":475,"url":"https:\/\/i0.wp.com\/casadecampoliving.com\/wp-content\/uploads\/2022\/10\/skin_deep_america_olivo-1.jpg?fit=650%2C475&ssl=1","type":"image\/jpeg"}],"author":"Genesis Perdomo","twitter_card":"summary_large_image","twitter_creator":"@cdcliving","twitter_site":"@cdcliving","twitter_misc":{"Escrito por":"Genesis Perdomo","Tiempo de lectura":"2 minutos"},"schema":{"@context":"https:\/\/schema.org","@graph":[{"@type":"Article","@id":"https:\/\/casadecampoliving.com\/es\/exhibicion-de-arte-skin-deep-de-america-olivo-en-el-novo-centro\/#article","isPartOf":{"@id":"https:\/\/casadecampoliving.com\/es\/exhibicion-de-arte-skin-deep-de-america-olivo-en-el-novo-centro\/"},"author":{"name":"Genesis Perdomo","@id":"https:\/\/casadecampoliving.com\/es\/#\/schema\/person\/242cf7c69a59395bbe7de24405601b76"},"headline":"Exhibici\u00f3n de arte \u00abSkin Deep\u00bb de Am\u00e9rica Olivo en el Novo-Centro","datePublished":"2013-11-13T04:00:00+00:00","dateModified":"2022-10-21T22:52:06+00:00","mainEntityOfPage":{"@id":"https:\/\/casadecampoliving.com\/es\/exhibicion-de-arte-skin-deep-de-america-olivo-en-el-novo-centro\/"},"wordCount":379,"publisher":{"@id":"https:\/\/casadecampoliving.com\/es\/#organization"},"image":{"@id":"https:\/\/casadecampoliving.com\/es\/exhibicion-de-arte-skin-deep-de-america-olivo-en-el-novo-centro\/#primaryimage"},"thumbnailUrl":"https:\/\/i0.wp.com\/casadecampoliving.com\/wp-content\/uploads\/2022\/10\/skin_deep_america_olivo-1.jpg?fit=650%2C475&ssl=1","keywords":["Altos de Chavon","america olivo","arte","Escuela de Dise\u00f1o de Altos de Chav\u00f3n","exhibicion de arte","galeria de arte de altos de chavon","novo centro"],"articleSection":["Altos de Chavon @es","Arte y cultura","Casa de Campo Living @es","Destacados","Estilo de Vida","Eventos","M\u00e1s all\u00e1 de Casa","Noticias Locales","Proximamente"],"inLanguage":"es"},{"@type":"WebPage","@id":"https:\/\/casadecampoliving.com\/es\/exhibicion-de-arte-skin-deep-de-america-olivo-en-el-novo-centro\/","url":"https:\/\/casadecampoliving.com\/es\/exhibicion-de-arte-skin-deep-de-america-olivo-en-el-novo-centro\/","name":"Exhibici\u00f3n de arte \"Skin Deep\" de Am\u00e9rica Olivo en el Novo-Centro | Casa de Campo Living","isPartOf":{"@id":"https:\/\/casadecampoliving.com\/es\/#website"},"primaryImageOfPage":{"@id":"https:\/\/casadecampoliving.com\/es\/exhibicion-de-arte-skin-deep-de-america-olivo-en-el-novo-centro\/#primaryimage"},"image":{"@id":"https:\/\/casadecampoliving.com\/es\/exhibicion-de-arte-skin-deep-de-america-olivo-en-el-novo-centro\/#primaryimage"},"thumbnailUrl":"https:\/\/i0.wp.com\/casadecampoliving.com\/wp-content\/uploads\/2022\/10\/skin_deep_america_olivo-1.jpg?fit=650%2C475&ssl=1","datePublished":"2013-11-13T04:00:00+00:00","dateModified":"2022-10-21T22:52:06+00:00","description":"La artista de Casa de Campo, Am\u00e9rica Olivo, estar\u00e1 ma\u00f1ana 14 de noviembre celebrando la apertura de su nueva exhibici\u00f3n de arte \u201cSkin Deep\u201d (piel","breadcrumb":{"@id":"https:\/\/casadecampoliving.com\/es\/exhibicion-de-arte-skin-deep-de-america-olivo-en-el-novo-centro\/#breadcrumb"},"inLanguage":"es","potentialAction":[{"@type":"ReadAction","target":["https:\/\/casadecampoliving.com\/es\/exhibicion-de-arte-skin-deep-de-america-olivo-en-el-novo-centro\/"]}]},{"@type":"ImageObject","inLanguage":"es","@id":"https:\/\/casadecampoliving.com\/es\/exhibicion-de-arte-skin-deep-de-america-olivo-en-el-novo-centro\/#primaryimage","url":"https:\/\/i0.wp.com\/casadecampoliving.com\/wp-content\/uploads\/2022\/10\/skin_deep_america_olivo-1.jpg?fit=650%2C475&ssl=1","contentUrl":"https:\/\/i0.wp.com\/casadecampoliving.com\/wp-content\/uploads\/2022\/10\/skin_deep_america_olivo-1.jpg?fit=650%2C475&ssl=1","width":650,"height":475,"caption":"Skin Deep America Olivo"},{"@type":"BreadcrumbList","@id":"https:\/\/casadecampoliving.com\/es\/exhibicion-de-arte-skin-deep-de-america-olivo-en-el-novo-centro\/#breadcrumb","itemListElement":[{"@type":"ListItem","position":1,"name":"Home","item":"https:\/\/casadecampoliving.com\/es\/"},{"@type":"ListItem","position":2,"name":"Exhibici\u00f3n de arte &#8220;Skin Deep&#8221; de Am\u00e9rica Olivo en el Novo-Centro"}]},{"@type":"WebSite","@id":"https:\/\/casadecampoliving.com\/es\/#website","url":"https:\/\/casadecampoliving.com\/es\/","name":"Casa de Campo Living","description":"Resort community news and resources.","publisher":{"@id":"https:\/\/casadecampoliving.com\/es\/#organization"},"potentialAction":[{"@type":"SearchAction","target":{"@type":"EntryPoint","urlTemplate":"https:\/\/casadecampoliving.com\/es\/?s={search_term_string}"},"query-input":{"@type":"PropertyValueSpecification","valueRequired":true,"valueName":"search_term_string"}}],"inLanguage":"es"},{"@type":"Organization","@id":"https:\/\/casadecampoliving.com\/es\/#organization","name":"Casa de Campo Living","url":"https:\/\/casadecampoliving.com\/es\/","logo":{"@type":"ImageObject","inLanguage":"es","@id":"https:\/\/casadecampoliving.com\/es\/#\/schema\/logo\/image\/","url":"https:\/\/i0.wp.com\/casadecampoliving.com\/wp-content\/uploads\/2022\/07\/CDCLivingLogo_V1-white-sized.png?fit=800%2C214&ssl=1","contentUrl":"https:\/\/i0.wp.com\/casadecampoliving.com\/wp-content\/uploads\/2022\/07\/CDCLivingLogo_V1-white-sized.png?fit=800%2C214&ssl=1","width":800,"height":214,"caption":"Casa de Campo Living"},"image":{"@id":"https:\/\/casadecampoliving.com\/es\/#\/schema\/logo\/image\/"},"sameAs":["https:\/\/www.facebook.com\/casadecampoliving","https:\/\/x.com\/cdcliving"]},{"@type":"Person","@id":"https:\/\/casadecampoliving.com\/es\/#\/schema\/person\/242cf7c69a59395bbe7de24405601b76","name":"Genesis Perdomo","image":{"@type":"ImageObject","inLanguage":"es","@id":"https:\/\/secure.gravatar.com\/avatar\/1e89145b3cf01cf3b3fdf1d3d2e3c53f60c2978235045ae44df10fb8c79924c1?s=96&d=mm&r=g","url":"https:\/\/secure.gravatar.com\/avatar\/1e89145b3cf01cf3b3fdf1d3d2e3c53f60c2978235045ae44df10fb8c79924c1?s=96&d=mm&r=g","contentUrl":"https:\/\/secure.gravatar.com\/avatar\/1e89145b3cf01cf3b3fdf1d3d2e3c53f60c2978235045ae44df10fb8c79924c1?s=96&d=mm&r=g","caption":"Genesis Perdomo"},"url":"https:\/\/casadecampoliving.com\/es\/author\/gperdomo\/"}]}},"parsely":{"version":"1.1.0","canonical_url":"https:\/\/casadecampoliving.com\/es\/exhibicion-de-arte-skin-deep-de-america-olivo-en-el-novo-centro\/","smart_links":{"inbound":0,"outbound":0},"traffic_boost_suggestions_count":0,"meta":{"@context":"https:\/\/schema.org","@type":"NewsArticle","headline":"Exhibici\u00f3n de arte \u00abSkin Deep\u00bb de Am\u00e9rica Olivo en el Novo-Centro","url":"http:\/\/casadecampoliving.com\/es\/exhibicion-de-arte-skin-deep-de-america-olivo-en-el-novo-centro\/","mainEntityOfPage":{"@type":"WebPage","@id":"http:\/\/casadecampoliving.com\/es\/exhibicion-de-arte-skin-deep-de-america-olivo-en-el-novo-centro\/"},"thumbnailUrl":"https:\/\/i0.wp.com\/casadecampoliving.com\/wp-content\/uploads\/2022\/10\/skin_deep_america_olivo-1.jpg?resize=150%2C150&ssl=1","image":{"@type":"ImageObject","url":"https:\/\/i0.wp.com\/casadecampoliving.com\/wp-content\/uploads\/2022\/10\/skin_deep_america_olivo-1.jpg?fit=650%2C475&ssl=1"},"articleSection":"Altos de Chavon @es","author":[{"@type":"Person","name":"Genesis Perdomo"}],"creator":["Genesis Perdomo"],"publisher":{"@type":"Organization","name":"Casa de Campo Living","logo":"https:\/\/casadecampoliving.com\/wp-content\/uploads\/2022\/07\/CDCLivingLogo_V1-white-sized.png"},"keywords":["altos de chavon","america olivo","arte","escuela de dise\u00f1o de altos de chav\u00f3n","exhibicion de arte","galeria de arte de altos de chavon","novo centro"],"dateCreated":"2013-11-13T04:00:00Z","datePublished":"2013-11-13T04:00:00Z","dateModified":"2022-10-21T22:52:06Z"},"rendered":"<script type=\"application\/ld+json\" class=\"wp-parsely-metadata\">{\"@context\":\"https:\\\/\\\/schema.org\",\"@type\":\"NewsArticle\",\"headline\":\"Exhibici\\u00f3n de arte \\u00abSkin Deep\\u00bb de Am\\u00e9rica Olivo en el Novo-Centro\",\"url\":\"http:\\\/\\\/casadecampoliving.com\\\/es\\\/exhibicion-de-arte-skin-deep-de-america-olivo-en-el-novo-centro\\\/\",\"mainEntityOfPage\":{\"@type\":\"WebPage\",\"@id\":\"http:\\\/\\\/casadecampoliving.com\\\/es\\\/exhibicion-de-arte-skin-deep-de-america-olivo-en-el-novo-centro\\\/\"},\"thumbnailUrl\":\"https:\\\/\\\/i0.wp.com\\\/casadecampoliving.com\\\/wp-content\\\/uploads\\\/2022\\\/10\\\/skin_deep_america_olivo-1.jpg?resize=150%2C150&ssl=1\",\"image\":{\"@type\":\"ImageObject\",\"url\":\"https:\\\/\\\/i0.wp.com\\\/casadecampoliving.com\\\/wp-content\\\/uploads\\\/2022\\\/10\\\/skin_deep_america_olivo-1.jpg?fit=650%2C475&ssl=1\"},\"articleSection\":\"Altos de Chavon @es\",\"author\":[{\"@type\":\"Person\",\"name\":\"Genesis Perdomo\"}],\"creator\":[\"Genesis Perdomo\"],\"publisher\":{\"@type\":\"Organization\",\"name\":\"Casa de Campo Living\",\"logo\":\"https:\\\/\\\/casadecampoliving.com\\\/wp-content\\\/uploads\\\/2022\\\/07\\\/CDCLivingLogo_V1-white-sized.png\"},\"keywords\":[\"altos de chavon\",\"america olivo\",\"arte\",\"escuela de dise\\u00f1o de altos de chav\\u00f3n\",\"exhibicion de arte\",\"galeria de arte de altos de chavon\",\"novo centro\"],\"dateCreated\":\"2013-11-13T04:00:00Z\",\"datePublished\":\"2013-11-13T04:00:00Z\",\"dateModified\":\"2022-10-21T22:52:06Z\"}<\/script>","tracker_url":"https:\/\/cdn.parsely.com\/keys\/casadecampoliving.com\/p.js"},"jetpack_publicize_connections":[],"jetpack_featured_media_url":"https:\/\/i0.wp.com\/casadecampoliving.com\/wp-content\/uploads\/2022\/10\/skin_deep_america_olivo-1.jpg?fit=650%2C475&ssl=1","jetpack-related-posts":[{"id":349966,"url":"https:\/\/casadecampoliving.com\/es\/america-olivo-talleres-de-arte\/","url_meta":{"origin":343262,"position":0},"title":"\u00a1America Olivo proporciona a los ni\u00f1os con un comienzo art\u00edstico para su fin de semana en el Museo Arqueol\u00f3gico de Altos de Chav\u00f3n!","author":"Marlenys Guzm\u00e1n Casta\u00f1os","date":"12 Jun, 2016","format":false,"excerpt":"\u00bfCu\u00e1l es una forma divertida para que los ni\u00f1os se expresen y se dejan llevar por su creatividad? El ARTE. America Olivo da a nuestros hijos la oportunidad de hacer esto todos los s\u00e1bados en los talleres que ella realiza en el Museo Arqueol\u00f3gico Regional de Altos de Chav\u00f3n. America\u2026","rel":"","context":"En \u00abAltos de Chavon @es\u00bb","block_context":{"text":"Altos de Chavon @es","link":"https:\/\/casadecampoliving.com\/category\/altos-de-chavon-es\/"},"img":{"alt_text":"Featured Image America Olvio Art Workshops","src":"https:\/\/i0.wp.com\/casadecampoliving.com\/wp-content\/uploads\/2022\/10\/Featured-Image-America-Olvio-Art-Workshops.jpg?fit=1000%2C600&ssl=1&resize=350%2C200","width":350,"height":200,"srcset":"https:\/\/i0.wp.com\/casadecampoliving.com\/wp-content\/uploads\/2022\/10\/Featured-Image-America-Olvio-Art-Workshops.jpg?fit=1000%2C600&ssl=1&resize=350%2C200 1x, https:\/\/i0.wp.com\/casadecampoliving.com\/wp-content\/uploads\/2022\/10\/Featured-Image-America-Olvio-Art-Workshops.jpg?fit=1000%2C600&ssl=1&resize=525%2C300 1.5x, https:\/\/i0.wp.com\/casadecampoliving.com\/wp-content\/uploads\/2022\/10\/Featured-Image-America-Olvio-Art-Workshops.jpg?fit=1000%2C600&ssl=1&resize=700%2C400 2x"},"classes":[]},{"id":322859,"url":"https:\/\/casadecampoliving.com\/america-olivo\/","url_meta":{"origin":343262,"position":1},"title":"Exhibit \u00abSkin Deep\u00bb by America Olivo at Novo-Centro","author":"Rebecca Silvestri","date":"13 Nov, 2013","format":false,"excerpt":"Casa de Campo based artist, America Olivo, is tomorrow, Thursday the 14th of November, celebrating the opening of her new art exhibit \u201cskin deep\u201d at Novo-Centro in Santo Domingo.\u00a0 America, whose art studio is right here in the Vista de los Altos neighborhood of Altos de Chav\u00f3n, is the artist\u2026","rel":"","context":"En \u00abAltos de Chavon\u00bb","block_context":{"text":"Altos de Chavon","link":"https:\/\/casadecampoliving.com\/category\/altos-de-chavon\/"},"img":{"alt_text":"Skin Deep America Olivo","src":"https:\/\/i0.wp.com\/casadecampoliving.com\/wp-content\/uploads\/2022\/10\/skin_deep_america_olivo-1.jpg?fit=650%2C475&ssl=1&resize=350%2C200","width":350,"height":200,"srcset":"https:\/\/i0.wp.com\/casadecampoliving.com\/wp-content\/uploads\/2022\/10\/skin_deep_america_olivo-1.jpg?fit=650%2C475&ssl=1&resize=350%2C200 1x, https:\/\/i0.wp.com\/casadecampoliving.com\/wp-content\/uploads\/2022\/10\/skin_deep_america_olivo-1.jpg?fit=650%2C475&ssl=1&resize=525%2C300 1.5x"},"classes":[]},{"id":327506,"url":"https:\/\/casadecampoliving.com\/america-olivo-art-workshops\/","url_meta":{"origin":343262,"position":2},"title":"America Olivo provides kids with an artistic start to their weekend at the Museo Arqueol\u00f3gico Altos de Chav\u00f3n!","author":"Marlenys Guzm\u00e1n Casta\u00f1os","date":"12 Jun, 2016","format":false,"excerpt":"What is a fun way for kids express themselves and let their creativity flow? ART. America Olivo gives our children the opportunity to do this every Saturday in workshops she has at the Museo Arqueologico Regional in Altos de Chav\u00f3n. America Olivo is a Chavonera. She studied Fine Art and\u2026","rel":"","context":"En \u00abAltos de Chavon\u00bb","block_context":{"text":"Altos de Chavon","link":"https:\/\/casadecampoliving.com\/category\/altos-de-chavon\/"},"img":{"alt_text":"Featured Image America Olvio Art Workshops","src":"https:\/\/i0.wp.com\/casadecampoliving.com\/wp-content\/uploads\/2022\/10\/Featured-Image-America-Olvio-Art-Workshops.jpg?fit=1000%2C600&ssl=1&resize=350%2C200","width":350,"height":200,"srcset":"https:\/\/i0.wp.com\/casadecampoliving.com\/wp-content\/uploads\/2022\/10\/Featured-Image-America-Olvio-Art-Workshops.jpg?fit=1000%2C600&ssl=1&resize=350%2C200 1x, https:\/\/i0.wp.com\/casadecampoliving.com\/wp-content\/uploads\/2022\/10\/Featured-Image-America-Olvio-Art-Workshops.jpg?fit=1000%2C600&ssl=1&resize=525%2C300 1.5x, https:\/\/i0.wp.com\/casadecampoliving.com\/wp-content\/uploads\/2022\/10\/Featured-Image-America-Olvio-Art-Workshops.jpg?fit=1000%2C600&ssl=1&resize=700%2C400 2x"},"classes":[]},{"id":433460,"url":"https:\/\/casadecampoliving.com\/es\/no-se-pierdan-el-increible-tributo-a-frank-sinatra-para-celebrar-el-40-aniversario-del-anfiteatro-altos-de-chavon\/","url_meta":{"origin":343262,"position":3},"title":"No se pierdan el incre\u00edble tributo a Frank Sinatra para celebrar el 40 aniversario del\u00a0Anfiteatro Altos de Chav\u00f3n","author":"Casa de Campo Living","date":"20 Oct, 2022","format":false,"excerpt":"Siendo uno de los escenarios m\u00e1s emblem\u00e1ticos del pa\u00eds, Casa de Campo Resort\u00ae & Villas celebra las cuatro d\u00e9cadas de aniversario de Altos de Chav\u00f3n con un tributo al gran Frank Sinatra, protagonizado por artistas invitados y una big band tal cual la que acompa\u00f1\u00f3 al artista hace 40 a\u00f1os\u2026","rel":"","context":"En \u00abUncategorized @es\u00bb","block_context":{"text":"Uncategorized @es","link":"https:\/\/casadecampoliving.com\/es\/category\/uncategorized-es\/"},"img":{"alt_text":"","src":"https:\/\/i0.wp.com\/casadecampoliving.com\/wp-content\/uploads\/2022\/10\/Tributo-Frank-Sinatra-Foto-Principal-Amaury-Sanchez-Danilo-Ginebra-Andres-Pichardo-y-Jose-Gabriel-Perez-.jpg?fit=1200%2C873&ssl=1&resize=350%2C200","width":350,"height":200,"srcset":"https:\/\/i0.wp.com\/casadecampoliving.com\/wp-content\/uploads\/2022\/10\/Tributo-Frank-Sinatra-Foto-Principal-Amaury-Sanchez-Danilo-Ginebra-Andres-Pichardo-y-Jose-Gabriel-Perez-.jpg?fit=1200%2C873&ssl=1&resize=350%2C200 1x, https:\/\/i0.wp.com\/casadecampoliving.com\/wp-content\/uploads\/2022\/10\/Tributo-Frank-Sinatra-Foto-Principal-Amaury-Sanchez-Danilo-Ginebra-Andres-Pichardo-y-Jose-Gabriel-Perez-.jpg?fit=1200%2C873&ssl=1&resize=525%2C300 1.5x, https:\/\/i0.wp.com\/casadecampoliving.com\/wp-content\/uploads\/2022\/10\/Tributo-Frank-Sinatra-Foto-Principal-Amaury-Sanchez-Danilo-Ginebra-Andres-Pichardo-y-Jose-Gabriel-Perez-.jpg?fit=1200%2C873&ssl=1&resize=700%2C400 2x, https:\/\/i0.wp.com\/casadecampoliving.com\/wp-content\/uploads\/2022\/10\/Tributo-Frank-Sinatra-Foto-Principal-Amaury-Sanchez-Danilo-Ginebra-Andres-Pichardo-y-Jose-Gabriel-Perez-.jpg?fit=1200%2C873&ssl=1&resize=1050%2C600 3x"},"classes":[]},{"id":354196,"url":"https:\/\/casadecampoliving.com\/es\/reserva-la-fecha-la-galeria-altos-de-chavon-reabre-con-la-asombrosa-exposicion-artistas-en-casa\/","url_meta":{"origin":343262,"position":4},"title":"\u00a1Reserva la fecha! \u00a1La Galer\u00eda Altos de Chav\u00f3n reabre con la asombrosa exposici\u00f3n \u00abArtistas en Casa\u00bb!","author":"Casa de Campo Living","date":"8 Nov, 2021","format":false,"excerpt":"Estamos muy contentos de anunciar que la Galer\u00eda Altos de Chav\u00f3n llevar\u00e1 a cabo su primera exhibici\u00f3n en m\u00e1s de un a\u00f1o con un grupo de maravillosas artistas, \u00a1todas parte de la comunidad de Casa de Campo! Nos complace invitarlos a \u201cArtistas en Casa\u201d una colaboraci\u00f3n de artistas que expondr\u00e1\u2026","rel":"","context":"En \u00abAltos de Chavon @es\u00bb","block_context":{"text":"Altos de Chavon @es","link":"https:\/\/casadecampoliving.com\/category\/altos-de-chavon-es\/"},"img":{"alt_text":"","src":"https:\/\/i0.wp.com\/casadecampoliving.com\/wp-content\/uploads\/2022\/10\/251642137_674014003573662_1226151133410192833_n-1.jpg?fit=1000%2C513&ssl=1&resize=350%2C200","width":350,"height":200,"srcset":"https:\/\/i0.wp.com\/casadecampoliving.com\/wp-content\/uploads\/2022\/10\/251642137_674014003573662_1226151133410192833_n-1.jpg?fit=1000%2C513&ssl=1&resize=350%2C200 1x, https:\/\/i0.wp.com\/casadecampoliving.com\/wp-content\/uploads\/2022\/10\/251642137_674014003573662_1226151133410192833_n-1.jpg?fit=1000%2C513&ssl=1&resize=525%2C300 1.5x, https:\/\/i0.wp.com\/casadecampoliving.com\/wp-content\/uploads\/2022\/10\/251642137_674014003573662_1226151133410192833_n-1.jpg?fit=1000%2C513&ssl=1&resize=700%2C400 2x"},"classes":[]},{"id":346126,"url":"https:\/\/casadecampoliving.com\/es\/exhibicion-colectiv-5\/","url_meta":{"origin":343262,"position":5},"title":"Exhibici\u00f3n Colectiv@ 5","author":"Maria Isabel B\u00e1ez","date":"29 Nov, 2014","format":false,"excerpt":"El Viernes 12 de diciembre, est\u00e1 cordialmente invitado a la apertura de \u201cColectiv@ 5\u201d una exhibici\u00f3n fotogr\u00e1fica que representa los trabajos colectivos de 5 artistas, America Olivo, Lowell Whipple, Mary Rosa Jimenez, Clara Martinez Thedy y \u00c1ngel Ricardo Rivera.La exhibici\u00f3n ha sido organizada por el due\u00f1o de villa en Casa\u2026","rel":"","context":"En \u00abArte y cultura\u00bb","block_context":{"text":"Arte y cultura","link":"https:\/\/casadecampoliving.com\/category\/arte-y-cultura\/"},"img":{"alt_text":"","src":"https:\/\/i0.wp.com\/casadecampoliving.com\/wp-content\/uploads\/2022\/10\/colectiv%40-5-1-e1417004117637-1.jpeg?fit=646%2C409&ssl=1&resize=350%2C200","width":350,"height":200,"srcset":"https:\/\/i0.wp.com\/casadecampoliving.com\/wp-content\/uploads\/2022\/10\/colectiv%40-5-1-e1417004117637-1.jpeg?fit=646%2C409&ssl=1&resize=350%2C200 1x, https:\/\/i0.wp.com\/casadecampoliving.com\/wp-content\/uploads\/2022\/10\/colectiv%40-5-1-e1417004117637-1.jpeg?fit=646%2C409&ssl=1&resize=525%2C300 1.5x"},"classes":[]}],"jetpack_sharing_enabled":true,"_links":{"self":[{"href":"https:\/\/casadecampoliving.com\/es\/wp-json\/wp\/v2\/posts\/343262","targetHints":{"allow":["GET"]}}],"collection":[{"href":"https:\/\/casadecampoliving.com\/es\/wp-json\/wp\/v2\/posts"}],"about":[{"href":"https:\/\/casadecampoliving.com\/es\/wp-json\/wp\/v2\/types\/post"}],"author":[{"embeddable":true,"href":"https:\/\/casadecampoliving.com\/es\/wp-json\/wp\/v2\/users\/614"}],"replies":[{"embeddable":true,"href":"https:\/\/casadecampoliving.com\/es\/wp-json\/wp\/v2\/comments?post=343262"}],"version-history":[{"count":1,"href":"https:\/\/casadecampoliving.com\/es\/wp-json\/wp\/v2\/posts\/343262\/revisions"}],"predecessor-version":[{"id":343263,"href":"https:\/\/casadecampoliving.com\/es\/wp-json\/wp\/v2\/posts\/343262\/revisions\/343263"}],"wp:featuredmedia":[{"embeddable":true,"href":"https:\/\/casadecampoliving.com\/es\/wp-json\/wp\/v2\/media\/235061"}],"wp:attachment":[{"href":"https:\/\/casadecampoliving.com\/es\/wp-json\/wp\/v2\/media?parent=343262"}],"wp:term":[{"taxonomy":"category","embeddable":true,"href":"https:\/\/casadecampoliving.com\/es\/wp-json\/wp\/v2\/categories?post=343262"},{"taxonomy":"post_tag","embeddable":true,"href":"https:\/\/casadecampoliving.com\/es\/wp-json\/wp\/v2\/tags?post=343262"},{"taxonomy":"newspack_spnsrs_tax","embeddable":true,"href":"https:\/\/casadecampoliving.com\/es\/wp-json\/wp\/v2\/newspack_spnsrs_tax?post=343262"}],"curies":[{"name":"wp","href":"https:\/\/api.w.org\/{rel}","templated":true}]}}