{"id":343240,"date":"2013-11-08T00:00:00","date_gmt":"2013-11-08T04:00:00","guid":{"rendered":"https:\/\/casadecampoliving.com\/la-residencia-de-arte-davidoff-altos-de-chavon-en-enero-de-2015\/"},"modified":"2022-10-21T18:51:16","modified_gmt":"2022-10-21T22:51:16","slug":"la-residencia-de-arte-davidoff-altos-de-chavon-en-enero-de-2015","status":"publish","type":"post","link":"https:\/\/casadecampoliving.com\/es\/la-residencia-de-arte-davidoff-altos-de-chavon-en-enero-de-2015\/","title":{"rendered":"La Residencia de Arte Davidoff abrir\u00e1 en Altos de Chav\u00f3n en enero de 2015"},"content":{"rendered":"<div class=\"wp-block-image\">\n<figure class=\"aligncenter is-resized\"><img loading=\"lazy\" decoding=\"async\" src=\"https:\/\/i0.wp.com\/casadecampoliving.com\/wp-content\/uploads\/2022\/10\/altos-de-chavon.jpg?resize=650%2C403&amp;ssl=1\" alt=\"Altos de Chavon\" class=\"wp-image-80774\" height=\"403\" width=\"650\"\/><\/figure>\n<\/div>\n\n\n<p>Davidoff Cigars, la importante marca de cigarrillos, recientemente anunci\u00f3 un patrocinio y colaboraci\u00f3n con la Escuela de Arte y Dise\u00f1o de Altos de Chav\u00f3n.<\/p>\n\n\n\n<p>La Residencia de Arte Davidoff es parte de la Iniciativa de Arte Davidoff, la cual apoya artistas y al arte contempor\u00e1neo en el Caribe, fuertes organizaciones en La Rep\u00fablica Dominicana, comparten conocimientos con expertos de arte, promociones culturales y &nbsp;la relaci\u00f3n entre el Caribe y el resto del mundo.<\/p>\n\n\n\n<blockquote><figure><img decoding=\"async\" loading=\"lazy\" class=\"alignright size-full wp-image-80775\" style=\"margin-left: 15px; margin-right: 15px;\" alt=\"Dominique Bluhdorn\" src=\"https:\/\/i0.wp.com\/casadecampoliving.com\/wp-content\/uploads\/2022\/10\/dominique_bluhdorn.jpg?resize=270%2C295&amp;ssl=1\" width=\"270\" height=\"295\"><\/figure><p>\u201cCreemos que es una alianza no solo para el programa sino que tambi\u00e9n marca la espera de reconocimientos en una escala global del significado del Caribe, Latinoamerica, arte y artistas.<\/p><p>Es una bienvenida de reconocimiento a la dedicaci\u00f3n a la Escuela de Dise\u00f1o de Altos de Chav\u00f3n en las \u00e1reas de arte, cultura y educaci\u00f3n por m\u00e1s de 30 a\u00f1os.\u201d<\/p><p style=\"padding-left: 30px;\">\u2014&nbsp;Dominique Bluhdorn, presidenta del Centro Cultural de la Fundaci\u00f3n en Altos de Chav\u00f3n<\/p><\/blockquote>\n\n\n\n<p>El programa residencia de Davidoff &nbsp;ser\u00e1 lanzado en La Rep\u00fablica Dominicana aqu\u00ed mismo en la Escuela de Dise\u00f1o de Altos de Chav\u00f3n en Enero 2015. El programa ser\u00e1 lanzado con la participaci\u00f3n de 5 aristas internacionales, cuyos nombre ser\u00e1n anunciados en Junio de 2014, y quienes estar\u00e1n en Altos de Chav\u00f3n por 10 semanas.<\/p>\n\n\n\n<blockquote class=\"wp-block-quote is-layout-flow wp-block-quote-is-layout-flow\"><p style=\"padding-left: 30px;\">\n<\/p><\/blockquote>\n\n\n<div class=\"wp-block-image\">\n<figure class=\"alignright is-resized\"><img loading=\"lazy\" decoding=\"async\" src=\"https:\/\/i0.wp.com\/casadecampoliving.com\/wp-content\/uploads\/2022\/10\/arte_altos_de_chavon4-2.jpg?resize=225%2C255&amp;ssl=1\" alt=\"arte altos de chavon\" class=\"wp-image-66493\" title=\"arte_altos_de_chavon\" height=\"255\" width=\"225\"\/><\/figure>\n<\/div>\n\n\n<p>\u201cDespu\u00e9s de un a\u00f1o de larga b\u00fasqueda, la Residencia Davioff ha encontrado un hogar ideal en Altos de Chav\u00f3n\u201d, dijo &nbsp;Andr\u00e1s Sz\u00e1nt\u00f3, consultor principal de la Iniciativa de arte de Davidoff, quien ayud\u00f3 a desarrollar una alianza entre la Escuela y Davioff. \u201cLa combinaci\u00f3n de la historia de la escuela y los recursos acad\u00e9micos, son algo \u00fanico para esos artistas y dise\u00f1adores reconocidos en La Rep\u00fablica Dominicana, acompa\u00f1ado de una localici\u00f3n que los dejar\u00e1 sin aliento, representa un recurso de una creatividad e inspiraci\u00f3n tremenda para los futuros artistas visitantes.\u201d<\/p>\n\n\n\n<p>Durante su estad\u00eda en Altos de Chav\u00f3n, a los artistas se les entregar\u00e1 una oportunidad \u00fanica de desarrollar su practica de creatividad. Compartir e intercambiar conocimiento con estudiantes locales y emprender la b\u00fasqueda de viajes a La Rep\u00fablica Dominicana.<\/p>\n\n\n<div class=\"wp-block-image\">\n<figure class=\"aligncenter is-resized\"><img loading=\"lazy\" decoding=\"async\" src=\"https:\/\/i0.wp.com\/casadecampoliving.com\/wp-content\/uploads\/2022\/10\/arte_altos_de_chavon-2.jpg?resize=650%2C340&amp;ssl=1\" alt=\"art Altos de Chav\u00f3n\" class=\"wp-image-80780\" height=\"340\" width=\"650\"\/><\/figure>\n<\/div>\n\n\n<p><strong>Un ejemplo de las obras de arte creadas en la escuela de Altos de Chav\u00f3n&nbsp;<\/strong><br>\n<\/p>\n\n\n\n<p>El grupo anual de los 5 artistas internacionales que son esperados en la residencia en Altos de Chav\u00f3n, para una colaboraci\u00f3n de largo per\u00edodo entre la Escuela de Dise\u00f1o de Altos de Chav\u00f3n y Davioff.<\/p>\n\n\n\n<blockquote class=\"wp-block-quote is-layout-flow wp-block-quote-is-layout-flow\"><p>Nuestra b\u00fasqueda con expertos de arte en el Caribe, ambos fuera y dentro de La Rep\u00fablica Dominicana, han confirmado que la Escuela de Altos de Chav\u00f3n es la escuela de arte preeminente en La Rep\u00fablica Dominicana.<\/p><p>Su facilidad, su historia y su comunidad de estudiantes y profesionales de arte, lo hacen una ancla para esta iniciativa.<\/p><p style=\"padding-left: 30px;\">\u2014 Hans-Kristian Hoejsgaard, presidente y CEO del Grupo &nbsp;Oettinger Davidoff<\/p><\/blockquote>\n\n\n\n<p>Despues de &nbsp;enero de 2015, la Residencia de Arte de Davioff empezar\u00e1 con 2 artistas Dominicanos;&nbsp;Monica Ferreras De la Maza y Jorge Pineda, quienes estar\u00e1n en la \u201cInternational Studio &amp; Curatorial Program\u201d (ISCP), Nueva York, en Septiembre de 2013 y en&nbsp;K\u00fcnstlerhaus Bethanien Berlin, en abril de 2014.<\/p>\n","protected":false},"excerpt":{"rendered":"<p>Davidoff Cigars, la importante marca de cigarrillos, recientemente anunci\u00f3 un patrocinio y colaboraci\u00f3n con la Escuela de Arte y Dise\u00f1o de Altos de Chav\u00f3n. La Residencia de Arte Davidoff es parte de la Iniciativa de Arte Davidoff, la cual apoya artistas y al arte contempor\u00e1neo en el Caribe, fuertes organizaciones en La Rep\u00fablica Dominicana, comparten [&hellip;]<\/p>\n","protected":false},"author":614,"featured_media":233382,"comment_status":"closed","ping_status":"closed","sticky":false,"template":"","format":"standard","meta":{"newspack_ads_suppress_ads":false,"newspack_popups_has_disabled_popups":false,"newspack_sponsor_sponsorship_scope":"","newspack_sponsor_native_byline_display":"inherit","newspack_sponsor_native_category_display":"inherit","newspack_sponsor_underwriter_style":"inherit","newspack_sponsor_underwriter_placement":"inherit","_newspack_byline_active":false,"_newspack_byline":"","newspack_hide_updated_date":false,"newspack_show_updated_date":false,"newspack_content_restriction_is_exempt":false,"newspack_featured_image_position":"","newspack_post_subtitle":"","newspack_article_summary_title":"Overview:","newspack_article_summary":"","_jetpack_memberships_contains_paid_content":false,"footnotes":"","jetpack_publicize_message":"","jetpack_publicize_feature_enabled":true,"jetpack_social_post_already_shared":false,"jetpack_social_options":{"image_generator_settings":{"template":"highway","default_image_id":0,"font":"","enabled":false},"version":2},"_wpas_customize_per_network":false},"categories":[26819,26823,2524,2522,2514,14625,14627,2526],"tags":[6466,15387,7913,2534],"newspack_spnsrs_tax":[],"class_list":["post-343240","post","type-post","status-publish","format-standard","has-post-thumbnail","hentry","category-altos-de-chavon-es","category-arte-y-cultura","category-destacados","category-eventos-es","category-fundaciones-es","category-noticias-locales","category-proximamente","category-titulares-es","tag-altos-de-cahvon","tag-altos-de-chavon-es","tag-davidoff","tag-escuela-de-diseno-de-altos-de-chavon","entry"],"yoast_head":"<!-- This site is optimized with the Yoast SEO plugin v27.5 - https:\/\/yoast.com\/product\/yoast-seo-wordpress\/ -->\n<title>La Residencia de Arte Davidoff abrir\u00e1 en Altos de Chav\u00f3n en enero de 2015 | Casa de Campo Living<\/title>\n<meta name=\"description\" content=\"Davidoff Cigars, la importante marca de cigarrillos, recientemente anunci\u00f3 un patrocinio y colaboraci\u00f3n con la Escuela de Arte y Dise\u00f1o de Altos de\" \/>\n<meta name=\"robots\" content=\"index, follow, max-snippet:-1, max-image-preview:large, max-video-preview:-1\" \/>\n<link rel=\"canonical\" href=\"https:\/\/casadecampoliving.com\/es\/la-residencia-de-arte-davidoff-altos-de-chavon-en-enero-de-2015\/\" \/>\n<meta property=\"og:locale\" content=\"es_ES\" \/>\n<meta property=\"og:type\" content=\"article\" \/>\n<meta property=\"og:title\" content=\"La Residencia de Arte Davidoff abrir\u00e1 en Altos de Chav\u00f3n en enero de 2015 | Casa de Campo Living\" \/>\n<meta property=\"og:description\" content=\"Davidoff Cigars, la importante marca de cigarrillos, recientemente anunci\u00f3 un patrocinio y colaboraci\u00f3n con la Escuela de Arte y Dise\u00f1o de Altos de\" \/>\n<meta property=\"og:url\" content=\"https:\/\/casadecampoliving.com\/es\/la-residencia-de-arte-davidoff-altos-de-chavon-en-enero-de-2015\/\" \/>\n<meta property=\"og:site_name\" content=\"Casa de Campo Living\" \/>\n<meta property=\"article:publisher\" content=\"https:\/\/www.facebook.com\/casadecampoliving\" \/>\n<meta property=\"article:published_time\" content=\"2013-11-08T04:00:00+00:00\" \/>\n<meta property=\"article:modified_time\" content=\"2022-10-21T22:51:16+00:00\" \/>\n<meta property=\"og:image\" content=\"https:\/\/i0.wp.com\/casadecampoliving.com\/wp-content\/uploads\/2022\/10\/altos-de-chavon-1.jpg?fit=650%2C403&ssl=1\" \/>\n\t<meta property=\"og:image:width\" content=\"650\" \/>\n\t<meta property=\"og:image:height\" content=\"403\" \/>\n\t<meta property=\"og:image:type\" content=\"image\/jpeg\" \/>\n<meta name=\"author\" content=\"Genesis Perdomo\" \/>\n<meta name=\"twitter:card\" content=\"summary_large_image\" \/>\n<meta name=\"twitter:creator\" content=\"@cdcliving\" \/>\n<meta name=\"twitter:site\" content=\"@cdcliving\" \/>\n<meta name=\"twitter:label1\" content=\"Escrito por\" \/>\n\t<meta name=\"twitter:data1\" content=\"Genesis Perdomo\" \/>\n\t<meta name=\"twitter:label2\" content=\"Tiempo de lectura\" \/>\n\t<meta name=\"twitter:data2\" content=\"3 minutos\" \/>\n<script type=\"application\/ld+json\" class=\"yoast-schema-graph\">{\"@context\":\"https:\\\/\\\/schema.org\",\"@graph\":[{\"@type\":\"Article\",\"@id\":\"https:\\\/\\\/casadecampoliving.com\\\/es\\\/la-residencia-de-arte-davidoff-altos-de-chavon-en-enero-de-2015\\\/#article\",\"isPartOf\":{\"@id\":\"https:\\\/\\\/casadecampoliving.com\\\/es\\\/la-residencia-de-arte-davidoff-altos-de-chavon-en-enero-de-2015\\\/\"},\"author\":{\"name\":\"Genesis Perdomo\",\"@id\":\"https:\\\/\\\/casadecampoliving.com\\\/es\\\/#\\\/schema\\\/person\\\/242cf7c69a59395bbe7de24405601b76\"},\"headline\":\"La Residencia de Arte Davidoff abrir\u00e1 en Altos de Chav\u00f3n en enero de 2015\",\"datePublished\":\"2013-11-08T04:00:00+00:00\",\"dateModified\":\"2022-10-21T22:51:16+00:00\",\"mainEntityOfPage\":{\"@id\":\"https:\\\/\\\/casadecampoliving.com\\\/es\\\/la-residencia-de-arte-davidoff-altos-de-chavon-en-enero-de-2015\\\/\"},\"wordCount\":557,\"publisher\":{\"@id\":\"https:\\\/\\\/casadecampoliving.com\\\/es\\\/#organization\"},\"image\":{\"@id\":\"https:\\\/\\\/casadecampoliving.com\\\/es\\\/la-residencia-de-arte-davidoff-altos-de-chavon-en-enero-de-2015\\\/#primaryimage\"},\"thumbnailUrl\":\"https:\\\/\\\/i0.wp.com\\\/casadecampoliving.com\\\/wp-content\\\/uploads\\\/2022\\\/10\\\/altos-de-chavon-1.jpg?fit=650%2C403&ssl=1\",\"keywords\":[\"altos de cahvon\",\"Altos de Chavon\",\"davidoff\",\"Escuela de Dise\u00f1o de Altos de Chav\u00f3n\"],\"articleSection\":[\"Altos de Chavon @es\",\"Arte y cultura\",\"Destacados\",\"Eventos\",\"Fundaciones\",\"Noticias Locales\",\"Proximamente\",\"Titulares\"],\"inLanguage\":\"es\"},{\"@type\":\"WebPage\",\"@id\":\"https:\\\/\\\/casadecampoliving.com\\\/es\\\/la-residencia-de-arte-davidoff-altos-de-chavon-en-enero-de-2015\\\/\",\"url\":\"https:\\\/\\\/casadecampoliving.com\\\/es\\\/la-residencia-de-arte-davidoff-altos-de-chavon-en-enero-de-2015\\\/\",\"name\":\"La Residencia de Arte Davidoff abrir\u00e1 en Altos de Chav\u00f3n en enero de 2015 | Casa de Campo Living\",\"isPartOf\":{\"@id\":\"https:\\\/\\\/casadecampoliving.com\\\/es\\\/#website\"},\"primaryImageOfPage\":{\"@id\":\"https:\\\/\\\/casadecampoliving.com\\\/es\\\/la-residencia-de-arte-davidoff-altos-de-chavon-en-enero-de-2015\\\/#primaryimage\"},\"image\":{\"@id\":\"https:\\\/\\\/casadecampoliving.com\\\/es\\\/la-residencia-de-arte-davidoff-altos-de-chavon-en-enero-de-2015\\\/#primaryimage\"},\"thumbnailUrl\":\"https:\\\/\\\/i0.wp.com\\\/casadecampoliving.com\\\/wp-content\\\/uploads\\\/2022\\\/10\\\/altos-de-chavon-1.jpg?fit=650%2C403&ssl=1\",\"datePublished\":\"2013-11-08T04:00:00+00:00\",\"dateModified\":\"2022-10-21T22:51:16+00:00\",\"description\":\"Davidoff Cigars, la importante marca de cigarrillos, recientemente anunci\u00f3 un patrocinio y colaboraci\u00f3n con la Escuela de Arte y Dise\u00f1o de Altos de\",\"breadcrumb\":{\"@id\":\"https:\\\/\\\/casadecampoliving.com\\\/es\\\/la-residencia-de-arte-davidoff-altos-de-chavon-en-enero-de-2015\\\/#breadcrumb\"},\"inLanguage\":\"es\",\"potentialAction\":[{\"@type\":\"ReadAction\",\"target\":[\"https:\\\/\\\/casadecampoliving.com\\\/es\\\/la-residencia-de-arte-davidoff-altos-de-chavon-en-enero-de-2015\\\/\"]}]},{\"@type\":\"ImageObject\",\"inLanguage\":\"es\",\"@id\":\"https:\\\/\\\/casadecampoliving.com\\\/es\\\/la-residencia-de-arte-davidoff-altos-de-chavon-en-enero-de-2015\\\/#primaryimage\",\"url\":\"https:\\\/\\\/i0.wp.com\\\/casadecampoliving.com\\\/wp-content\\\/uploads\\\/2022\\\/10\\\/altos-de-chavon-1.jpg?fit=650%2C403&ssl=1\",\"contentUrl\":\"https:\\\/\\\/i0.wp.com\\\/casadecampoliving.com\\\/wp-content\\\/uploads\\\/2022\\\/10\\\/altos-de-chavon-1.jpg?fit=650%2C403&ssl=1\",\"width\":650,\"height\":403,\"caption\":\"Altos de Chavon\"},{\"@type\":\"BreadcrumbList\",\"@id\":\"https:\\\/\\\/casadecampoliving.com\\\/es\\\/la-residencia-de-arte-davidoff-altos-de-chavon-en-enero-de-2015\\\/#breadcrumb\",\"itemListElement\":[{\"@type\":\"ListItem\",\"position\":1,\"name\":\"Home\",\"item\":\"https:\\\/\\\/casadecampoliving.com\\\/es\\\/\"},{\"@type\":\"ListItem\",\"position\":2,\"name\":\"La Residencia de Arte Davidoff abrir\u00e1 en Altos de Chav\u00f3n en enero de 2015\"}]},{\"@type\":\"WebSite\",\"@id\":\"https:\\\/\\\/casadecampoliving.com\\\/es\\\/#website\",\"url\":\"https:\\\/\\\/casadecampoliving.com\\\/es\\\/\",\"name\":\"Casa de Campo Living\",\"description\":\"Resort community news and resources.\",\"publisher\":{\"@id\":\"https:\\\/\\\/casadecampoliving.com\\\/es\\\/#organization\"},\"potentialAction\":[{\"@type\":\"SearchAction\",\"target\":{\"@type\":\"EntryPoint\",\"urlTemplate\":\"https:\\\/\\\/casadecampoliving.com\\\/es\\\/?s={search_term_string}\"},\"query-input\":{\"@type\":\"PropertyValueSpecification\",\"valueRequired\":true,\"valueName\":\"search_term_string\"}}],\"inLanguage\":\"es\"},{\"@type\":\"Organization\",\"@id\":\"https:\\\/\\\/casadecampoliving.com\\\/es\\\/#organization\",\"name\":\"Casa de Campo Living\",\"url\":\"https:\\\/\\\/casadecampoliving.com\\\/es\\\/\",\"logo\":{\"@type\":\"ImageObject\",\"inLanguage\":\"es\",\"@id\":\"https:\\\/\\\/casadecampoliving.com\\\/es\\\/#\\\/schema\\\/logo\\\/image\\\/\",\"url\":\"https:\\\/\\\/i0.wp.com\\\/casadecampoliving.com\\\/wp-content\\\/uploads\\\/2022\\\/07\\\/CDCLivingLogo_V1-white-sized.png?fit=800%2C214&ssl=1\",\"contentUrl\":\"https:\\\/\\\/i0.wp.com\\\/casadecampoliving.com\\\/wp-content\\\/uploads\\\/2022\\\/07\\\/CDCLivingLogo_V1-white-sized.png?fit=800%2C214&ssl=1\",\"width\":800,\"height\":214,\"caption\":\"Casa de Campo Living\"},\"image\":{\"@id\":\"https:\\\/\\\/casadecampoliving.com\\\/es\\\/#\\\/schema\\\/logo\\\/image\\\/\"},\"sameAs\":[\"https:\\\/\\\/www.facebook.com\\\/casadecampoliving\",\"https:\\\/\\\/x.com\\\/cdcliving\"]},{\"@type\":\"Person\",\"@id\":\"https:\\\/\\\/casadecampoliving.com\\\/es\\\/#\\\/schema\\\/person\\\/242cf7c69a59395bbe7de24405601b76\",\"name\":\"Genesis Perdomo\",\"image\":{\"@type\":\"ImageObject\",\"inLanguage\":\"es\",\"@id\":\"https:\\\/\\\/secure.gravatar.com\\\/avatar\\\/1e89145b3cf01cf3b3fdf1d3d2e3c53f60c2978235045ae44df10fb8c79924c1?s=96&d=mm&r=g\",\"url\":\"https:\\\/\\\/secure.gravatar.com\\\/avatar\\\/1e89145b3cf01cf3b3fdf1d3d2e3c53f60c2978235045ae44df10fb8c79924c1?s=96&d=mm&r=g\",\"contentUrl\":\"https:\\\/\\\/secure.gravatar.com\\\/avatar\\\/1e89145b3cf01cf3b3fdf1d3d2e3c53f60c2978235045ae44df10fb8c79924c1?s=96&d=mm&r=g\",\"caption\":\"Genesis Perdomo\"},\"url\":\"https:\\\/\\\/casadecampoliving.com\\\/es\\\/author\\\/gperdomo\\\/\"}]}<\/script>\n<!-- \/ Yoast SEO plugin. -->","yoast_head_json":{"title":"La Residencia de Arte Davidoff abrir\u00e1 en Altos de Chav\u00f3n en enero de 2015 | Casa de Campo Living","description":"Davidoff Cigars, la importante marca de cigarrillos, recientemente anunci\u00f3 un patrocinio y colaboraci\u00f3n con la Escuela de Arte y Dise\u00f1o de Altos de","robots":{"index":"index","follow":"follow","max-snippet":"max-snippet:-1","max-image-preview":"max-image-preview:large","max-video-preview":"max-video-preview:-1"},"canonical":"https:\/\/casadecampoliving.com\/es\/la-residencia-de-arte-davidoff-altos-de-chavon-en-enero-de-2015\/","og_locale":"es_ES","og_type":"article","og_title":"La Residencia de Arte Davidoff abrir\u00e1 en Altos de Chav\u00f3n en enero de 2015 | Casa de Campo Living","og_description":"Davidoff Cigars, la importante marca de cigarrillos, recientemente anunci\u00f3 un patrocinio y colaboraci\u00f3n con la Escuela de Arte y Dise\u00f1o de Altos de","og_url":"https:\/\/casadecampoliving.com\/es\/la-residencia-de-arte-davidoff-altos-de-chavon-en-enero-de-2015\/","og_site_name":"Casa de Campo Living","article_publisher":"https:\/\/www.facebook.com\/casadecampoliving","article_published_time":"2013-11-08T04:00:00+00:00","article_modified_time":"2022-10-21T22:51:16+00:00","og_image":[{"width":650,"height":403,"url":"https:\/\/i0.wp.com\/casadecampoliving.com\/wp-content\/uploads\/2022\/10\/altos-de-chavon-1.jpg?fit=650%2C403&ssl=1","type":"image\/jpeg"}],"author":"Genesis Perdomo","twitter_card":"summary_large_image","twitter_creator":"@cdcliving","twitter_site":"@cdcliving","twitter_misc":{"Escrito por":"Genesis Perdomo","Tiempo de lectura":"3 minutos"},"schema":{"@context":"https:\/\/schema.org","@graph":[{"@type":"Article","@id":"https:\/\/casadecampoliving.com\/es\/la-residencia-de-arte-davidoff-altos-de-chavon-en-enero-de-2015\/#article","isPartOf":{"@id":"https:\/\/casadecampoliving.com\/es\/la-residencia-de-arte-davidoff-altos-de-chavon-en-enero-de-2015\/"},"author":{"name":"Genesis Perdomo","@id":"https:\/\/casadecampoliving.com\/es\/#\/schema\/person\/242cf7c69a59395bbe7de24405601b76"},"headline":"La Residencia de Arte Davidoff abrir\u00e1 en Altos de Chav\u00f3n en enero de 2015","datePublished":"2013-11-08T04:00:00+00:00","dateModified":"2022-10-21T22:51:16+00:00","mainEntityOfPage":{"@id":"https:\/\/casadecampoliving.com\/es\/la-residencia-de-arte-davidoff-altos-de-chavon-en-enero-de-2015\/"},"wordCount":557,"publisher":{"@id":"https:\/\/casadecampoliving.com\/es\/#organization"},"image":{"@id":"https:\/\/casadecampoliving.com\/es\/la-residencia-de-arte-davidoff-altos-de-chavon-en-enero-de-2015\/#primaryimage"},"thumbnailUrl":"https:\/\/i0.wp.com\/casadecampoliving.com\/wp-content\/uploads\/2022\/10\/altos-de-chavon-1.jpg?fit=650%2C403&ssl=1","keywords":["altos de cahvon","Altos de Chavon","davidoff","Escuela de Dise\u00f1o de Altos de Chav\u00f3n"],"articleSection":["Altos de Chavon @es","Arte y cultura","Destacados","Eventos","Fundaciones","Noticias Locales","Proximamente","Titulares"],"inLanguage":"es"},{"@type":"WebPage","@id":"https:\/\/casadecampoliving.com\/es\/la-residencia-de-arte-davidoff-altos-de-chavon-en-enero-de-2015\/","url":"https:\/\/casadecampoliving.com\/es\/la-residencia-de-arte-davidoff-altos-de-chavon-en-enero-de-2015\/","name":"La Residencia de Arte Davidoff abrir\u00e1 en Altos de Chav\u00f3n en enero de 2015 | Casa de Campo Living","isPartOf":{"@id":"https:\/\/casadecampoliving.com\/es\/#website"},"primaryImageOfPage":{"@id":"https:\/\/casadecampoliving.com\/es\/la-residencia-de-arte-davidoff-altos-de-chavon-en-enero-de-2015\/#primaryimage"},"image":{"@id":"https:\/\/casadecampoliving.com\/es\/la-residencia-de-arte-davidoff-altos-de-chavon-en-enero-de-2015\/#primaryimage"},"thumbnailUrl":"https:\/\/i0.wp.com\/casadecampoliving.com\/wp-content\/uploads\/2022\/10\/altos-de-chavon-1.jpg?fit=650%2C403&ssl=1","datePublished":"2013-11-08T04:00:00+00:00","dateModified":"2022-10-21T22:51:16+00:00","description":"Davidoff Cigars, la importante marca de cigarrillos, recientemente anunci\u00f3 un patrocinio y colaboraci\u00f3n con la Escuela de Arte y Dise\u00f1o de Altos de","breadcrumb":{"@id":"https:\/\/casadecampoliving.com\/es\/la-residencia-de-arte-davidoff-altos-de-chavon-en-enero-de-2015\/#breadcrumb"},"inLanguage":"es","potentialAction":[{"@type":"ReadAction","target":["https:\/\/casadecampoliving.com\/es\/la-residencia-de-arte-davidoff-altos-de-chavon-en-enero-de-2015\/"]}]},{"@type":"ImageObject","inLanguage":"es","@id":"https:\/\/casadecampoliving.com\/es\/la-residencia-de-arte-davidoff-altos-de-chavon-en-enero-de-2015\/#primaryimage","url":"https:\/\/i0.wp.com\/casadecampoliving.com\/wp-content\/uploads\/2022\/10\/altos-de-chavon-1.jpg?fit=650%2C403&ssl=1","contentUrl":"https:\/\/i0.wp.com\/casadecampoliving.com\/wp-content\/uploads\/2022\/10\/altos-de-chavon-1.jpg?fit=650%2C403&ssl=1","width":650,"height":403,"caption":"Altos de Chavon"},{"@type":"BreadcrumbList","@id":"https:\/\/casadecampoliving.com\/es\/la-residencia-de-arte-davidoff-altos-de-chavon-en-enero-de-2015\/#breadcrumb","itemListElement":[{"@type":"ListItem","position":1,"name":"Home","item":"https:\/\/casadecampoliving.com\/es\/"},{"@type":"ListItem","position":2,"name":"La Residencia de Arte Davidoff abrir\u00e1 en Altos de Chav\u00f3n en enero de 2015"}]},{"@type":"WebSite","@id":"https:\/\/casadecampoliving.com\/es\/#website","url":"https:\/\/casadecampoliving.com\/es\/","name":"Casa de Campo Living","description":"Resort community news and resources.","publisher":{"@id":"https:\/\/casadecampoliving.com\/es\/#organization"},"potentialAction":[{"@type":"SearchAction","target":{"@type":"EntryPoint","urlTemplate":"https:\/\/casadecampoliving.com\/es\/?s={search_term_string}"},"query-input":{"@type":"PropertyValueSpecification","valueRequired":true,"valueName":"search_term_string"}}],"inLanguage":"es"},{"@type":"Organization","@id":"https:\/\/casadecampoliving.com\/es\/#organization","name":"Casa de Campo Living","url":"https:\/\/casadecampoliving.com\/es\/","logo":{"@type":"ImageObject","inLanguage":"es","@id":"https:\/\/casadecampoliving.com\/es\/#\/schema\/logo\/image\/","url":"https:\/\/i0.wp.com\/casadecampoliving.com\/wp-content\/uploads\/2022\/07\/CDCLivingLogo_V1-white-sized.png?fit=800%2C214&ssl=1","contentUrl":"https:\/\/i0.wp.com\/casadecampoliving.com\/wp-content\/uploads\/2022\/07\/CDCLivingLogo_V1-white-sized.png?fit=800%2C214&ssl=1","width":800,"height":214,"caption":"Casa de Campo Living"},"image":{"@id":"https:\/\/casadecampoliving.com\/es\/#\/schema\/logo\/image\/"},"sameAs":["https:\/\/www.facebook.com\/casadecampoliving","https:\/\/x.com\/cdcliving"]},{"@type":"Person","@id":"https:\/\/casadecampoliving.com\/es\/#\/schema\/person\/242cf7c69a59395bbe7de24405601b76","name":"Genesis Perdomo","image":{"@type":"ImageObject","inLanguage":"es","@id":"https:\/\/secure.gravatar.com\/avatar\/1e89145b3cf01cf3b3fdf1d3d2e3c53f60c2978235045ae44df10fb8c79924c1?s=96&d=mm&r=g","url":"https:\/\/secure.gravatar.com\/avatar\/1e89145b3cf01cf3b3fdf1d3d2e3c53f60c2978235045ae44df10fb8c79924c1?s=96&d=mm&r=g","contentUrl":"https:\/\/secure.gravatar.com\/avatar\/1e89145b3cf01cf3b3fdf1d3d2e3c53f60c2978235045ae44df10fb8c79924c1?s=96&d=mm&r=g","caption":"Genesis Perdomo"},"url":"https:\/\/casadecampoliving.com\/es\/author\/gperdomo\/"}]}},"parsely":{"version":"1.1.0","canonical_url":"https:\/\/casadecampoliving.com\/es\/la-residencia-de-arte-davidoff-altos-de-chavon-en-enero-de-2015\/","smart_links":{"inbound":0,"outbound":0},"traffic_boost_suggestions_count":0,"meta":{"@context":"https:\/\/schema.org","@type":"NewsArticle","headline":"La Residencia de Arte Davidoff abrir\u00e1 en Altos de Chav\u00f3n en enero de 2015","url":"http:\/\/casadecampoliving.com\/es\/la-residencia-de-arte-davidoff-altos-de-chavon-en-enero-de-2015\/","mainEntityOfPage":{"@type":"WebPage","@id":"http:\/\/casadecampoliving.com\/es\/la-residencia-de-arte-davidoff-altos-de-chavon-en-enero-de-2015\/"},"thumbnailUrl":"https:\/\/i0.wp.com\/casadecampoliving.com\/wp-content\/uploads\/2022\/10\/altos-de-chavon-1.jpg?resize=150%2C150&ssl=1","image":{"@type":"ImageObject","url":"https:\/\/i0.wp.com\/casadecampoliving.com\/wp-content\/uploads\/2022\/10\/altos-de-chavon-1.jpg?fit=650%2C403&ssl=1"},"articleSection":"Altos de Chavon @es","author":[{"@type":"Person","name":"Genesis Perdomo"}],"creator":["Genesis Perdomo"],"publisher":{"@type":"Organization","name":"Casa de Campo Living","logo":"https:\/\/casadecampoliving.com\/wp-content\/uploads\/2022\/07\/CDCLivingLogo_V1-white-sized.png"},"keywords":["altos de cahvon","altos de chavon","davidoff","escuela de dise\u00f1o de altos de chav\u00f3n"],"dateCreated":"2013-11-08T04:00:00Z","datePublished":"2013-11-08T04:00:00Z","dateModified":"2022-10-21T22:51:16Z"},"rendered":"<script type=\"application\/ld+json\" class=\"wp-parsely-metadata\">{\"@context\":\"https:\\\/\\\/schema.org\",\"@type\":\"NewsArticle\",\"headline\":\"La Residencia de Arte Davidoff abrir\\u00e1 en Altos de Chav\\u00f3n en enero de 2015\",\"url\":\"http:\\\/\\\/casadecampoliving.com\\\/es\\\/la-residencia-de-arte-davidoff-altos-de-chavon-en-enero-de-2015\\\/\",\"mainEntityOfPage\":{\"@type\":\"WebPage\",\"@id\":\"http:\\\/\\\/casadecampoliving.com\\\/es\\\/la-residencia-de-arte-davidoff-altos-de-chavon-en-enero-de-2015\\\/\"},\"thumbnailUrl\":\"https:\\\/\\\/i0.wp.com\\\/casadecampoliving.com\\\/wp-content\\\/uploads\\\/2022\\\/10\\\/altos-de-chavon-1.jpg?resize=150%2C150&ssl=1\",\"image\":{\"@type\":\"ImageObject\",\"url\":\"https:\\\/\\\/i0.wp.com\\\/casadecampoliving.com\\\/wp-content\\\/uploads\\\/2022\\\/10\\\/altos-de-chavon-1.jpg?fit=650%2C403&ssl=1\"},\"articleSection\":\"Altos de Chavon @es\",\"author\":[{\"@type\":\"Person\",\"name\":\"Genesis Perdomo\"}],\"creator\":[\"Genesis Perdomo\"],\"publisher\":{\"@type\":\"Organization\",\"name\":\"Casa de Campo Living\",\"logo\":\"https:\\\/\\\/casadecampoliving.com\\\/wp-content\\\/uploads\\\/2022\\\/07\\\/CDCLivingLogo_V1-white-sized.png\"},\"keywords\":[\"altos de cahvon\",\"altos de chavon\",\"davidoff\",\"escuela de dise\\u00f1o de altos de chav\\u00f3n\"],\"dateCreated\":\"2013-11-08T04:00:00Z\",\"datePublished\":\"2013-11-08T04:00:00Z\",\"dateModified\":\"2022-10-21T22:51:16Z\"}<\/script>","tracker_url":"https:\/\/cdn.parsely.com\/keys\/casadecampoliving.com\/p.js"},"jetpack_publicize_connections":[],"jetpack_featured_media_url":"https:\/\/i0.wp.com\/casadecampoliving.com\/wp-content\/uploads\/2022\/10\/altos-de-chavon-1.jpg?fit=650%2C403&ssl=1","jetpack-related-posts":[{"id":346691,"url":"https:\/\/casadecampoliving.com\/es\/davidoff-art\/","url_meta":{"origin":343240,"position":0},"title":"Davidoff Art Day: Altos de Chav\u00f3n &#038; Davidoff les invita a abrazar el arte","author":"Perkin Agramonte","date":"7 Feb, 2015","format":false,"excerpt":"\u00bfEres un amante del arte? O \u00bftal vez tu conocimiento del arte es limitado, pero alcanz\u00f3 el punto m\u00e1ximo en su inter\u00e9s? Cualquiera que sea el caso, est\u00e1 cordialmente invitado a abrazar las artes durante el \u201cD\u00eda de Arte Davidoff\u201d, el s\u00e1bado 14 de febrero. Parte de las celebraciones en\u2026","rel":"","context":"En \u00abAltos de Chavon @es\u00bb","block_context":{"text":"Altos de Chavon @es","link":"https:\/\/casadecampoliving.com\/category\/altos-de-chavon-es\/"},"img":{"alt_text":"","src":"https:\/\/i0.wp.com\/casadecampoliving.com\/wp-content\/uploads\/2022\/10\/Davidoff_Art_Day_Altos_de_Chavon-1.jpg?fit=650%2C435&ssl=1&resize=350%2C200","width":350,"height":200,"srcset":"https:\/\/i0.wp.com\/casadecampoliving.com\/wp-content\/uploads\/2022\/10\/Davidoff_Art_Day_Altos_de_Chavon-1.jpg?fit=650%2C435&ssl=1&resize=350%2C200 1x, https:\/\/i0.wp.com\/casadecampoliving.com\/wp-content\/uploads\/2022\/10\/Davidoff_Art_Day_Altos_de_Chavon-1.jpg?fit=650%2C435&ssl=1&resize=525%2C300 1.5x"},"classes":[]},{"id":346399,"url":"https:\/\/casadecampoliving.com\/es\/altos-de-chavon-sera-sede-del-2do-davidoff-fin-de-semana-de-arte\/","url_meta":{"origin":343240,"position":1},"title":"Altos de Chav\u00f3n ser\u00e1 sede del 2do Fin de Semana de Arte Davidoff","author":"Rebecca Hughes","date":"27 Dic, 2014","format":false,"excerpt":"Con la colaboraci\u00f3n de la\u00a0Escuela de Dise\u00f1o de Altos de Chav\u00f3n y la Fundaci\u00f3n Cultural Altos de Chav\u00f3n, la Iniciativa de Arte Davidoff acoger\u00e1 el segundo Fin de Semana Anual de Arte Davidoff desde el 13 al 16 de febrero en Altos de Chav\u00f3n en Casa de Campo. En 2012,\u2026","rel":"","context":"En \u00abAltos de Chavon @es\u00bb","block_context":{"text":"Altos de Chavon @es","link":"https:\/\/casadecampoliving.com\/category\/altos-de-chavon-es\/"},"img":{"alt_text":"Altos de Chavon","src":"https:\/\/i0.wp.com\/casadecampoliving.com\/wp-content\/uploads\/2022\/10\/Altos_de_Chavon-1.jpg?fit=565%2C280&ssl=1&resize=350%2C200","width":350,"height":200,"srcset":"https:\/\/i0.wp.com\/casadecampoliving.com\/wp-content\/uploads\/2022\/10\/Altos_de_Chavon-1.jpg?fit=565%2C280&ssl=1&resize=350%2C200 1x, https:\/\/i0.wp.com\/casadecampoliving.com\/wp-content\/uploads\/2022\/10\/Altos_de_Chavon-1.jpg?fit=565%2C280&ssl=1&resize=525%2C300 1.5x"},"classes":[]},{"id":345007,"url":"https:\/\/casadecampoliving.com\/es\/construccion-en-marcha-de-nuevos-artistas-en-residencia\/","url_meta":{"origin":343240,"position":2},"title":"Contin\u00faan los trabajos del nuevo edificio para los artistas en residencia","author":"Daniela Medina","date":"17 Ago, 2014","format":false,"excerpt":"En marzo de este a\u00f1o disfrutamos la iniciativa de la\u00a0primera nueva construcci\u00f3n en Altos de Chav\u00f3n en 38 a\u00f1os de historia\u00a0para los nuevos artistas en residencia. Bueno, hoy estamos orgullosos de anunciar que ya se est\u00e1 trabajando en este nuevo proyecto. Este edificio reemplazar\u00e1 la antigua facilidad de residencia de\u2026","rel":"","context":"En \u00abAltos de Chavon @es\u00bb","block_context":{"text":"Altos de Chavon @es","link":"https:\/\/casadecampoliving.com\/category\/altos-de-chavon-es\/"},"img":{"alt_text":"Artists In Residence Altos de Chavon","src":"https:\/\/i0.wp.com\/casadecampoliving.com\/wp-content\/uploads\/2022\/10\/artists_in_residence_altos_de_chavon1-1.jpg?fit=650%2C434&ssl=1&resize=350%2C200","width":350,"height":200,"srcset":"https:\/\/i0.wp.com\/casadecampoliving.com\/wp-content\/uploads\/2022\/10\/artists_in_residence_altos_de_chavon1-1.jpg?fit=650%2C434&ssl=1&resize=350%2C200 1x, https:\/\/i0.wp.com\/casadecampoliving.com\/wp-content\/uploads\/2022\/10\/artists_in_residence_altos_de_chavon1-1.jpg?fit=650%2C434&ssl=1&resize=525%2C300 1.5x"},"classes":[]},{"id":346705,"url":"https:\/\/casadecampoliving.com\/es\/synergy-altos-de-chavon-artistas-en-residencia-y-estudiantes\/","url_meta":{"origin":343240,"position":3},"title":"SYNERGY: Altos de Chav\u00f3n. Artistas en Residencia y Estudiantes","author":"Perkin Agramonte","date":"11 Feb, 2015","format":false,"excerpt":"Una nueva y excepcional exhibici\u00f3n de arte est\u00e1 a punto de abrir en La Galer\u00eda en Altos de Chav\u00f3n. SYNERGY es una colecci\u00f3n de trabajos de artistas ex-residentes y estudiantes de la Escuela de Dise\u00f1o de Altos de Chav\u00f3n, comisariada por el decano de estudios, Stephen Kaplan en honor al\u2026","rel":"","context":"En \u00abAltos de Chavon @es\u00bb","block_context":{"text":"Altos de Chavon @es","link":"https:\/\/casadecampoliving.com\/category\/altos-de-chavon-es\/"},"img":{"alt_text":"art Altos de Chavon","src":"https:\/\/i0.wp.com\/casadecampoliving.com\/wp-content\/uploads\/2022\/10\/art_Altos_de_Chavon-1.jpg?fit=650%2C523&ssl=1&resize=350%2C200","width":350,"height":200,"srcset":"https:\/\/i0.wp.com\/casadecampoliving.com\/wp-content\/uploads\/2022\/10\/art_Altos_de_Chavon-1.jpg?fit=650%2C523&ssl=1&resize=350%2C200 1x, https:\/\/i0.wp.com\/casadecampoliving.com\/wp-content\/uploads\/2022\/10\/art_Altos_de_Chavon-1.jpg?fit=650%2C523&ssl=1&resize=525%2C300 1.5x"},"classes":[]},{"id":346731,"url":"https:\/\/casadecampoliving.com\/es\/arte-caribeno-pasado-presente-futuro\/","url_meta":{"origin":343240,"position":4},"title":"Arte Caribe\u00f1o: Pasado, Presente &#038; Futuro","author":"Felix Guerrero","date":"13 Feb, 2015","format":false,"excerpt":"Este s\u00e1bado 14 de febrero, como parte del D\u00eda del Arte de Davidoff, est\u00e1 usted cordialmente invitado a un Di\u00e1logo de Arte en el que ver\u00e1 conglomerarse a algunos de los Artistas Caribe\u00f1os m\u00e1s conocedores de la materia para discutir sobre el pasado, presente y futuro del Arte Caribe\u00f1o. \u201cArte\u2026","rel":"","context":"En \u00abAltos de Chavon @es\u00bb","block_context":{"text":"Altos de Chavon @es","link":"https:\/\/casadecampoliving.com\/category\/altos-de-chavon-es\/"},"img":{"alt_text":"","src":"https:\/\/i0.wp.com\/casadecampoliving.com\/wp-content\/uploads\/2022\/10\/Davidoff-1.png?fit=640%2C390&ssl=1&resize=350%2C200","width":350,"height":200,"srcset":"https:\/\/i0.wp.com\/casadecampoliving.com\/wp-content\/uploads\/2022\/10\/Davidoff-1.png?fit=640%2C390&ssl=1&resize=350%2C200 1x, https:\/\/i0.wp.com\/casadecampoliving.com\/wp-content\/uploads\/2022\/10\/Davidoff-1.png?fit=640%2C390&ssl=1&resize=525%2C300 1.5x"},"classes":[]},{"id":344016,"url":"https:\/\/casadecampoliving.com\/es\/davidoff-art-initiative-sera-la-primera-nueva-construccion-en-altos-de-chavon-en-38-anos-de-historia\/","url_meta":{"origin":343240,"position":5},"title":"Davidoff Art Initiative ser\u00e1 la primera nueva construcci\u00f3n en Altos de Chav\u00f3n en 38 a\u00f1os de historia","author":"Perkin Agramonte","date":"14 Mar, 2014","format":false,"excerpt":"\"Al igual que el d\u00eda de hoy, 38 a\u00f1os atr\u00e1s ten\u00edamos palas y picos aqu\u00ed, y esa podr\u00eda \u00a0haber sido la \u00faltima vez que las tuvi\u00e9semos en este lugar... y fue cuando un visionario y emprendedor presidente decidi\u00f3 empezar con la construcci\u00f3n de Altos de Chav\u00f3n,\" fueron las palabras de\u2026","rel":"","context":"En \u00abAltos de Chavon @es\u00bb","block_context":{"text":"Altos de Chavon @es","link":"https:\/\/casadecampoliving.com\/category\/altos-de-chavon-es\/"},"img":{"alt_text":"","src":"https:\/\/i0.wp.com\/casadecampoliving.com\/wp-content\/uploads\/2022\/10\/Dominique-Bludhorn_Hans-Kristian-Hoejsgaard_Stephen-Kaplan_Claudio-Silvestri1.jpg?fit=650%2C369&ssl=1&resize=350%2C200","width":350,"height":200,"srcset":"https:\/\/i0.wp.com\/casadecampoliving.com\/wp-content\/uploads\/2022\/10\/Dominique-Bludhorn_Hans-Kristian-Hoejsgaard_Stephen-Kaplan_Claudio-Silvestri1.jpg?fit=650%2C369&ssl=1&resize=350%2C200 1x, https:\/\/i0.wp.com\/casadecampoliving.com\/wp-content\/uploads\/2022\/10\/Dominique-Bludhorn_Hans-Kristian-Hoejsgaard_Stephen-Kaplan_Claudio-Silvestri1.jpg?fit=650%2C369&ssl=1&resize=525%2C300 1.5x"},"classes":[]}],"jetpack_sharing_enabled":true,"_links":{"self":[{"href":"https:\/\/casadecampoliving.com\/es\/wp-json\/wp\/v2\/posts\/343240","targetHints":{"allow":["GET"]}}],"collection":[{"href":"https:\/\/casadecampoliving.com\/es\/wp-json\/wp\/v2\/posts"}],"about":[{"href":"https:\/\/casadecampoliving.com\/es\/wp-json\/wp\/v2\/types\/post"}],"author":[{"embeddable":true,"href":"https:\/\/casadecampoliving.com\/es\/wp-json\/wp\/v2\/users\/614"}],"replies":[{"embeddable":true,"href":"https:\/\/casadecampoliving.com\/es\/wp-json\/wp\/v2\/comments?post=343240"}],"version-history":[{"count":1,"href":"https:\/\/casadecampoliving.com\/es\/wp-json\/wp\/v2\/posts\/343240\/revisions"}],"predecessor-version":[{"id":343241,"href":"https:\/\/casadecampoliving.com\/es\/wp-json\/wp\/v2\/posts\/343240\/revisions\/343241"}],"wp:featuredmedia":[{"embeddable":true,"href":"https:\/\/casadecampoliving.com\/es\/wp-json\/wp\/v2\/media\/233382"}],"wp:attachment":[{"href":"https:\/\/casadecampoliving.com\/es\/wp-json\/wp\/v2\/media?parent=343240"}],"wp:term":[{"taxonomy":"category","embeddable":true,"href":"https:\/\/casadecampoliving.com\/es\/wp-json\/wp\/v2\/categories?post=343240"},{"taxonomy":"post_tag","embeddable":true,"href":"https:\/\/casadecampoliving.com\/es\/wp-json\/wp\/v2\/tags?post=343240"},{"taxonomy":"newspack_spnsrs_tax","embeddable":true,"href":"https:\/\/casadecampoliving.com\/es\/wp-json\/wp\/v2\/newspack_spnsrs_tax?post=343240"}],"curies":[{"name":"wp","href":"https:\/\/api.w.org\/{rel}","templated":true}]}}