{"id":343234,"date":"2013-11-09T00:00:00","date_gmt":"2013-11-09T04:00:00","guid":{"rendered":"https:\/\/casadecampoliving.com\/otra-exhibicion-de-arte-artistas-en-residencia-desde-el-14-de-noviembre\/"},"modified":"2022-10-21T18:51:00","modified_gmt":"2022-10-21T22:51:00","slug":"otra-exhibicion-de-arte-artistas-en-residencia-desde-el-14-de-noviembre","status":"publish","type":"post","link":"https:\/\/casadecampoliving.com\/es\/otra-exhibicion-de-arte-artistas-en-residencia-desde-el-14-de-noviembre\/","title":{"rendered":"Otra exhibici\u00f3n de arte, \u00abArtistas en Residencia\u00bb desde el 14 de noviembre"},"content":{"rendered":"<div class=\"wp-block-image\">\n<figure class=\"aligncenter is-resized\"><img loading=\"lazy\" decoding=\"async\" src=\"https:\/\/i0.wp.com\/casadecampoliving.com\/wp-content\/uploads\/2022\/10\/art_exhibit.jpg?resize=650%2C466&amp;ssl=1\" alt=\"art exhibit\" class=\"wp-image-80941\" height=\"466\" width=\"650\"\/><\/figure>\n<\/div>\n\n\n<p>El pr\u00f3ximo Jueves 14 de noviembre, El Centro Cultural de la Fundaci\u00f3n de Altos de Chavon abrir\u00e1 una nueva exhibici\u00f3n, \u201cArtistas en residencia\u201d presentando artistas como Tatiana Ortiz-Rubio y Frank Luna.<\/p>\n\n\n\n<p>El programa \u201cAristas en Residencia\u201d dirigida por La Escuela de Dise\u00f1o de Altos de Chav\u00f3n enfatiza la importancia del intercambio de cultura en el mundo del arte, algo que es de extrema importancia para la educaci\u00f3n de los estudiantes. Al terminar su residencia, los aristas en residencia presentan su trabajo en una exhibici\u00f3n para los aficionados del arte en Casa de Campo, y esta es la exhibici\u00f3n.<\/p>\n\n\n\n<p>Sin embargo, en esta ocasi\u00f3n solo una artista se estar\u00e1 presentando, Tatiana Ortiz Rubio, la cual esta en el programa de artistas en residencia, mientras que el otro, Frank Luna, es un ex estudiante de la escuela de Dise\u00f1os de Altos de Chav\u00f3n.<\/p>\n\n\n<div class=\"wp-block-image\">\n<figure class=\"alignright is-resized\"><img loading=\"lazy\" decoding=\"async\" src=\"https:\/\/i0.wp.com\/casadecampoliving.com\/wp-content\/uploads\/2022\/10\/Tatiana_ortiz-rubio.jpg?resize=300%2C446&amp;ssl=1\" alt=\"Tatiana Ortiz-Rubio\" class=\"wp-image-80664\" height=\"446\" width=\"300\"\/><\/figure>\n<\/div>\n\n\n<p>La fiesta de apertura sera el Jueves 14 de noviembre a las 7:30 pm en la Galer\u00eda. Estan invitados a venir a este evento y ser testigo de estas magnificas obras de arte, conocer los artistas y disfrutar de un cocktail con amigos, propietarios de villas y residentes de Casa de Campo.<\/p>\n\n\n\n<p>Despu\u00e9s del cocktail de apertura, la exhibici\u00f3n estar\u00e1 abierta hasta el 15 de diciembre, la Galer\u00eda esta abierta todos los d\u00edas de 9am a 6pm, cierra los Mi\u00e9rcoles.<\/p>\n\n\n\n<blockquote class=\"wp-block-quote is-layout-flow wp-block-quote-is-layout-flow\"><p><strong>Cocktail de Apertura para la&nbsp;exhibici\u00f3n&nbsp;de \u201cArtistas en Residencia\u201d&nbsp;<\/strong><\/p><p><strong>Cuando: <\/strong>Jueves 14 de noviembre, 7:30pm<\/p><p><strong>Donde: <\/strong>&nbsp;la Galer\u00eda, Altos de Chav\u00f3n<\/p><p><strong>Contactos:&nbsp;<\/strong>(809) 523-8470<\/p><\/blockquote>\n\n\n\n<p><span style=\"text-decoration: underline;\"><strong>Tatiana Ortiz-Rubio<\/strong><\/span><\/p>\n\n\n\n<p>Tatiana es una artista sobresaliente que ha estudiado en M\u00e9xico, Italia y Estados Unidos.<\/p>\n\n\n\n<p>Graduada con una Maestr\u00eda en Artes Plasticas ,&nbsp;New York Academy of Art, Cum Laude, concentraci\u00f3n en Pintura en 2011 y con un&nbsp;Licenciatura en la&nbsp;Universidad de San Diego, California. Enero 2005 \u2013 Mayo 2009, tambi\u00e9n<br>\nLicenciaturas en Historia del Arte y Artes Pl\u00e1sticas (Especializaci\u00f3n en Pintura)&nbsp;Summa Cum Laude.<\/p>\n\n\n\n<p>Tatiana es definitivamente un modelo a seguir para los j\u00f3venes artistas, tambi\u00e9n ha ganado importantes reconocimientos como el Academic Honors Award en Art History y Academic History Honors Awards en Artes Visuales en 2005.<\/p>\n\n\n\n<p><span style=\"text-decoration: underline;\"><strong>Frank Luna<\/strong><\/span><\/p>\n\n\n\n<p>Frank, nativo de La Romana es un m\u00fasico, cantautor, compositor y fot\u00f3grafo. Estudio en el Instituto de Arte y Cine con el profesor Modesto Torres, Hector B\u00e1ez, Ra\u00fal Cubillas, Roberto Vargas y fotograf\u00eda e ilustraci\u00f3n con el Cubano Cuqui Cabrera. Ha realizado cursos de producci\u00f3n de tv y ha tenido la oportunidad de fotografiar a importante figuras de la pol\u00edtica, arte y comunidad social. En 1977 gano el premio en el concurso anual del Instituto Postal Dominicano por su fotograf\u00eda \u201cR\u00edo Chav\u00f3n\u201d.<\/p>\n","protected":false},"excerpt":{"rendered":"<p>El pr\u00f3ximo Jueves 14 de noviembre, El Centro Cultural de la Fundaci\u00f3n de Altos de Chavon abrir\u00e1 una nueva exhibici\u00f3n, \u201cArtistas en residencia\u201d presentando artistas como Tatiana Ortiz-Rubio y Frank Luna. El programa \u201cAristas en Residencia\u201d dirigida por La Escuela de Dise\u00f1o de Altos de Chav\u00f3n enfatiza la importancia del intercambio de cultura en el [&hellip;]<\/p>\n","protected":false},"author":614,"featured_media":234081,"comment_status":"closed","ping_status":"closed","sticky":false,"template":"","format":"standard","meta":{"newspack_ads_suppress_ads":false,"newspack_popups_has_disabled_popups":false,"newspack_sponsor_sponsorship_scope":"","newspack_sponsor_native_byline_display":"inherit","newspack_sponsor_native_category_display":"inherit","newspack_sponsor_underwriter_style":"inherit","newspack_sponsor_underwriter_placement":"inherit","_newspack_byline_active":false,"_newspack_byline":"","newspack_hide_updated_date":false,"newspack_show_updated_date":false,"newspack_content_restriction_is_exempt":false,"newspack_featured_image_position":"","newspack_post_subtitle":"","newspack_article_summary_title":"Overview:","newspack_article_summary":"","_jetpack_memberships_contains_paid_content":false,"footnotes":"","jetpack_publicize_message":"","jetpack_publicize_feature_enabled":true,"jetpack_social_post_already_shared":false,"jetpack_social_options":{"image_generator_settings":{"template":"highway","default_image_id":0,"font":"","enabled":false},"version":2},"_wpas_customize_per_network":false},"categories":[26819,26823,2524,2522,2514,14625,14627],"tags":[15387,2575,2557,2829,6303,6127,7926],"newspack_spnsrs_tax":[],"class_list":["post-343234","post","type-post","status-publish","format-standard","has-post-thumbnail","hentry","category-altos-de-chavon-es","category-arte-y-cultura","category-destacados","category-eventos-es","category-fundaciones-es","category-noticias-locales","category-proximamente","tag-altos-de-chavon-es","tag-comunidad-de-casa-de-campo","tag-exhibicion-de-arte","tag-frank-luna","tag-galeria-altos-de-chavon","tag-la-galeria","tag-tatiana-ortiz-rubio","entry"],"yoast_head":"<!-- This site is optimized with the Yoast SEO plugin v27.5 - https:\/\/yoast.com\/product\/yoast-seo-wordpress\/ -->\n<title>Otra exhibici\u00f3n de arte, &quot;Artistas en Residencia&quot; desde el 14 de noviembre | Casa de Campo Living<\/title>\n<meta name=\"description\" content=\"El pr\u00f3ximo Jueves 14 de noviembre, El Centro Cultural de la Fundaci\u00f3n de Altos de Chavon abrir\u00e1 una nueva exhibici\u00f3n, \u201cArtistas en residencia\u201d presentando\" \/>\n<meta name=\"robots\" content=\"index, follow, max-snippet:-1, max-image-preview:large, max-video-preview:-1\" \/>\n<link rel=\"canonical\" href=\"https:\/\/casadecampoliving.com\/es\/otra-exhibicion-de-arte-artistas-en-residencia-desde-el-14-de-noviembre\/\" \/>\n<meta property=\"og:locale\" content=\"es_ES\" \/>\n<meta property=\"og:type\" content=\"article\" \/>\n<meta property=\"og:title\" content=\"Otra exhibici\u00f3n de arte, &quot;Artistas en Residencia&quot; desde el 14 de noviembre | Casa de Campo Living\" \/>\n<meta property=\"og:description\" content=\"El pr\u00f3ximo Jueves 14 de noviembre, El Centro Cultural de la Fundaci\u00f3n de Altos de Chavon abrir\u00e1 una nueva exhibici\u00f3n, \u201cArtistas en residencia\u201d presentando\" \/>\n<meta property=\"og:url\" content=\"https:\/\/casadecampoliving.com\/es\/otra-exhibicion-de-arte-artistas-en-residencia-desde-el-14-de-noviembre\/\" \/>\n<meta property=\"og:site_name\" content=\"Casa de Campo Living\" \/>\n<meta property=\"article:publisher\" content=\"https:\/\/www.facebook.com\/casadecampoliving\" \/>\n<meta property=\"article:published_time\" content=\"2013-11-09T04:00:00+00:00\" \/>\n<meta property=\"article:modified_time\" content=\"2022-10-21T22:51:00+00:00\" \/>\n<meta property=\"og:image\" content=\"https:\/\/i0.wp.com\/casadecampoliving.com\/wp-content\/uploads\/2022\/10\/art_exhibit-1.jpg?fit=650%2C466&ssl=1\" \/>\n\t<meta property=\"og:image:width\" content=\"650\" \/>\n\t<meta property=\"og:image:height\" content=\"466\" \/>\n\t<meta property=\"og:image:type\" content=\"image\/jpeg\" \/>\n<meta name=\"author\" content=\"Genesis Perdomo\" \/>\n<meta name=\"twitter:card\" content=\"summary_large_image\" \/>\n<meta name=\"twitter:creator\" content=\"@cdcliving\" \/>\n<meta name=\"twitter:site\" content=\"@cdcliving\" \/>\n<meta name=\"twitter:label1\" content=\"Escrito por\" \/>\n\t<meta name=\"twitter:data1\" content=\"Genesis Perdomo\" \/>\n\t<meta name=\"twitter:label2\" content=\"Tiempo de lectura\" \/>\n\t<meta name=\"twitter:data2\" content=\"2 minutos\" \/>\n<script type=\"application\/ld+json\" class=\"yoast-schema-graph\">{\"@context\":\"https:\\\/\\\/schema.org\",\"@graph\":[{\"@type\":\"Article\",\"@id\":\"https:\\\/\\\/casadecampoliving.com\\\/es\\\/otra-exhibicion-de-arte-artistas-en-residencia-desde-el-14-de-noviembre\\\/#article\",\"isPartOf\":{\"@id\":\"https:\\\/\\\/casadecampoliving.com\\\/es\\\/otra-exhibicion-de-arte-artistas-en-residencia-desde-el-14-de-noviembre\\\/\"},\"author\":{\"name\":\"Genesis Perdomo\",\"@id\":\"https:\\\/\\\/casadecampoliving.com\\\/es\\\/#\\\/schema\\\/person\\\/242cf7c69a59395bbe7de24405601b76\"},\"headline\":\"Otra exhibici\u00f3n de arte, \u00abArtistas en Residencia\u00bb desde el 14 de noviembre\",\"datePublished\":\"2013-11-09T04:00:00+00:00\",\"dateModified\":\"2022-10-21T22:51:00+00:00\",\"mainEntityOfPage\":{\"@id\":\"https:\\\/\\\/casadecampoliving.com\\\/es\\\/otra-exhibicion-de-arte-artistas-en-residencia-desde-el-14-de-noviembre\\\/\"},\"wordCount\":478,\"publisher\":{\"@id\":\"https:\\\/\\\/casadecampoliving.com\\\/es\\\/#organization\"},\"image\":{\"@id\":\"https:\\\/\\\/casadecampoliving.com\\\/es\\\/otra-exhibicion-de-arte-artistas-en-residencia-desde-el-14-de-noviembre\\\/#primaryimage\"},\"thumbnailUrl\":\"https:\\\/\\\/i0.wp.com\\\/casadecampoliving.com\\\/wp-content\\\/uploads\\\/2022\\\/10\\\/art_exhibit-1.jpg?fit=650%2C466&ssl=1\",\"keywords\":[\"Altos de Chavon\",\"comunidad de casa de campo\",\"exhibicion de arte\",\"frank luna\",\"galeria altos de chavon\",\"la galeria\",\"tatiana ortiz-rubio\"],\"articleSection\":[\"Altos de Chavon @es\",\"Arte y cultura\",\"Destacados\",\"Eventos\",\"Fundaciones\",\"Noticias Locales\",\"Proximamente\"],\"inLanguage\":\"es\"},{\"@type\":\"WebPage\",\"@id\":\"https:\\\/\\\/casadecampoliving.com\\\/es\\\/otra-exhibicion-de-arte-artistas-en-residencia-desde-el-14-de-noviembre\\\/\",\"url\":\"https:\\\/\\\/casadecampoliving.com\\\/es\\\/otra-exhibicion-de-arte-artistas-en-residencia-desde-el-14-de-noviembre\\\/\",\"name\":\"Otra exhibici\u00f3n de arte, \\\"Artistas en Residencia\\\" desde el 14 de noviembre | Casa de Campo Living\",\"isPartOf\":{\"@id\":\"https:\\\/\\\/casadecampoliving.com\\\/es\\\/#website\"},\"primaryImageOfPage\":{\"@id\":\"https:\\\/\\\/casadecampoliving.com\\\/es\\\/otra-exhibicion-de-arte-artistas-en-residencia-desde-el-14-de-noviembre\\\/#primaryimage\"},\"image\":{\"@id\":\"https:\\\/\\\/casadecampoliving.com\\\/es\\\/otra-exhibicion-de-arte-artistas-en-residencia-desde-el-14-de-noviembre\\\/#primaryimage\"},\"thumbnailUrl\":\"https:\\\/\\\/i0.wp.com\\\/casadecampoliving.com\\\/wp-content\\\/uploads\\\/2022\\\/10\\\/art_exhibit-1.jpg?fit=650%2C466&ssl=1\",\"datePublished\":\"2013-11-09T04:00:00+00:00\",\"dateModified\":\"2022-10-21T22:51:00+00:00\",\"description\":\"El pr\u00f3ximo Jueves 14 de noviembre, El Centro Cultural de la Fundaci\u00f3n de Altos de Chavon abrir\u00e1 una nueva exhibici\u00f3n, \u201cArtistas en residencia\u201d presentando\",\"breadcrumb\":{\"@id\":\"https:\\\/\\\/casadecampoliving.com\\\/es\\\/otra-exhibicion-de-arte-artistas-en-residencia-desde-el-14-de-noviembre\\\/#breadcrumb\"},\"inLanguage\":\"es\",\"potentialAction\":[{\"@type\":\"ReadAction\",\"target\":[\"https:\\\/\\\/casadecampoliving.com\\\/es\\\/otra-exhibicion-de-arte-artistas-en-residencia-desde-el-14-de-noviembre\\\/\"]}]},{\"@type\":\"ImageObject\",\"inLanguage\":\"es\",\"@id\":\"https:\\\/\\\/casadecampoliving.com\\\/es\\\/otra-exhibicion-de-arte-artistas-en-residencia-desde-el-14-de-noviembre\\\/#primaryimage\",\"url\":\"https:\\\/\\\/i0.wp.com\\\/casadecampoliving.com\\\/wp-content\\\/uploads\\\/2022\\\/10\\\/art_exhibit-1.jpg?fit=650%2C466&ssl=1\",\"contentUrl\":\"https:\\\/\\\/i0.wp.com\\\/casadecampoliving.com\\\/wp-content\\\/uploads\\\/2022\\\/10\\\/art_exhibit-1.jpg?fit=650%2C466&ssl=1\",\"width\":650,\"height\":466,\"caption\":\"art exhibit\"},{\"@type\":\"BreadcrumbList\",\"@id\":\"https:\\\/\\\/casadecampoliving.com\\\/es\\\/otra-exhibicion-de-arte-artistas-en-residencia-desde-el-14-de-noviembre\\\/#breadcrumb\",\"itemListElement\":[{\"@type\":\"ListItem\",\"position\":1,\"name\":\"Home\",\"item\":\"https:\\\/\\\/casadecampoliving.com\\\/es\\\/\"},{\"@type\":\"ListItem\",\"position\":2,\"name\":\"Otra exhibici\u00f3n de arte, &#8220;Artistas en Residencia&#8221; desde el 14 de noviembre\"}]},{\"@type\":\"WebSite\",\"@id\":\"https:\\\/\\\/casadecampoliving.com\\\/es\\\/#website\",\"url\":\"https:\\\/\\\/casadecampoliving.com\\\/es\\\/\",\"name\":\"Casa de Campo Living\",\"description\":\"Resort community news and resources.\",\"publisher\":{\"@id\":\"https:\\\/\\\/casadecampoliving.com\\\/es\\\/#organization\"},\"potentialAction\":[{\"@type\":\"SearchAction\",\"target\":{\"@type\":\"EntryPoint\",\"urlTemplate\":\"https:\\\/\\\/casadecampoliving.com\\\/es\\\/?s={search_term_string}\"},\"query-input\":{\"@type\":\"PropertyValueSpecification\",\"valueRequired\":true,\"valueName\":\"search_term_string\"}}],\"inLanguage\":\"es\"},{\"@type\":\"Organization\",\"@id\":\"https:\\\/\\\/casadecampoliving.com\\\/es\\\/#organization\",\"name\":\"Casa de Campo Living\",\"url\":\"https:\\\/\\\/casadecampoliving.com\\\/es\\\/\",\"logo\":{\"@type\":\"ImageObject\",\"inLanguage\":\"es\",\"@id\":\"https:\\\/\\\/casadecampoliving.com\\\/es\\\/#\\\/schema\\\/logo\\\/image\\\/\",\"url\":\"https:\\\/\\\/i0.wp.com\\\/casadecampoliving.com\\\/wp-content\\\/uploads\\\/2022\\\/07\\\/CDCLivingLogo_V1-white-sized.png?fit=800%2C214&ssl=1\",\"contentUrl\":\"https:\\\/\\\/i0.wp.com\\\/casadecampoliving.com\\\/wp-content\\\/uploads\\\/2022\\\/07\\\/CDCLivingLogo_V1-white-sized.png?fit=800%2C214&ssl=1\",\"width\":800,\"height\":214,\"caption\":\"Casa de Campo Living\"},\"image\":{\"@id\":\"https:\\\/\\\/casadecampoliving.com\\\/es\\\/#\\\/schema\\\/logo\\\/image\\\/\"},\"sameAs\":[\"https:\\\/\\\/www.facebook.com\\\/casadecampoliving\",\"https:\\\/\\\/x.com\\\/cdcliving\"]},{\"@type\":\"Person\",\"@id\":\"https:\\\/\\\/casadecampoliving.com\\\/es\\\/#\\\/schema\\\/person\\\/242cf7c69a59395bbe7de24405601b76\",\"name\":\"Genesis Perdomo\",\"image\":{\"@type\":\"ImageObject\",\"inLanguage\":\"es\",\"@id\":\"https:\\\/\\\/secure.gravatar.com\\\/avatar\\\/1e89145b3cf01cf3b3fdf1d3d2e3c53f60c2978235045ae44df10fb8c79924c1?s=96&d=mm&r=g\",\"url\":\"https:\\\/\\\/secure.gravatar.com\\\/avatar\\\/1e89145b3cf01cf3b3fdf1d3d2e3c53f60c2978235045ae44df10fb8c79924c1?s=96&d=mm&r=g\",\"contentUrl\":\"https:\\\/\\\/secure.gravatar.com\\\/avatar\\\/1e89145b3cf01cf3b3fdf1d3d2e3c53f60c2978235045ae44df10fb8c79924c1?s=96&d=mm&r=g\",\"caption\":\"Genesis Perdomo\"},\"url\":\"https:\\\/\\\/casadecampoliving.com\\\/es\\\/author\\\/gperdomo\\\/\"}]}<\/script>\n<!-- \/ Yoast SEO plugin. -->","yoast_head_json":{"title":"Otra exhibici\u00f3n de arte, \"Artistas en Residencia\" desde el 14 de noviembre | Casa de Campo Living","description":"El pr\u00f3ximo Jueves 14 de noviembre, El Centro Cultural de la Fundaci\u00f3n de Altos de Chavon abrir\u00e1 una nueva exhibici\u00f3n, \u201cArtistas en residencia\u201d presentando","robots":{"index":"index","follow":"follow","max-snippet":"max-snippet:-1","max-image-preview":"max-image-preview:large","max-video-preview":"max-video-preview:-1"},"canonical":"https:\/\/casadecampoliving.com\/es\/otra-exhibicion-de-arte-artistas-en-residencia-desde-el-14-de-noviembre\/","og_locale":"es_ES","og_type":"article","og_title":"Otra exhibici\u00f3n de arte, \"Artistas en Residencia\" desde el 14 de noviembre | Casa de Campo Living","og_description":"El pr\u00f3ximo Jueves 14 de noviembre, El Centro Cultural de la Fundaci\u00f3n de Altos de Chavon abrir\u00e1 una nueva exhibici\u00f3n, \u201cArtistas en residencia\u201d presentando","og_url":"https:\/\/casadecampoliving.com\/es\/otra-exhibicion-de-arte-artistas-en-residencia-desde-el-14-de-noviembre\/","og_site_name":"Casa de Campo Living","article_publisher":"https:\/\/www.facebook.com\/casadecampoliving","article_published_time":"2013-11-09T04:00:00+00:00","article_modified_time":"2022-10-21T22:51:00+00:00","og_image":[{"width":650,"height":466,"url":"https:\/\/i0.wp.com\/casadecampoliving.com\/wp-content\/uploads\/2022\/10\/art_exhibit-1.jpg?fit=650%2C466&ssl=1","type":"image\/jpeg"}],"author":"Genesis Perdomo","twitter_card":"summary_large_image","twitter_creator":"@cdcliving","twitter_site":"@cdcliving","twitter_misc":{"Escrito por":"Genesis Perdomo","Tiempo de lectura":"2 minutos"},"schema":{"@context":"https:\/\/schema.org","@graph":[{"@type":"Article","@id":"https:\/\/casadecampoliving.com\/es\/otra-exhibicion-de-arte-artistas-en-residencia-desde-el-14-de-noviembre\/#article","isPartOf":{"@id":"https:\/\/casadecampoliving.com\/es\/otra-exhibicion-de-arte-artistas-en-residencia-desde-el-14-de-noviembre\/"},"author":{"name":"Genesis Perdomo","@id":"https:\/\/casadecampoliving.com\/es\/#\/schema\/person\/242cf7c69a59395bbe7de24405601b76"},"headline":"Otra exhibici\u00f3n de arte, \u00abArtistas en Residencia\u00bb desde el 14 de noviembre","datePublished":"2013-11-09T04:00:00+00:00","dateModified":"2022-10-21T22:51:00+00:00","mainEntityOfPage":{"@id":"https:\/\/casadecampoliving.com\/es\/otra-exhibicion-de-arte-artistas-en-residencia-desde-el-14-de-noviembre\/"},"wordCount":478,"publisher":{"@id":"https:\/\/casadecampoliving.com\/es\/#organization"},"image":{"@id":"https:\/\/casadecampoliving.com\/es\/otra-exhibicion-de-arte-artistas-en-residencia-desde-el-14-de-noviembre\/#primaryimage"},"thumbnailUrl":"https:\/\/i0.wp.com\/casadecampoliving.com\/wp-content\/uploads\/2022\/10\/art_exhibit-1.jpg?fit=650%2C466&ssl=1","keywords":["Altos de Chavon","comunidad de casa de campo","exhibicion de arte","frank luna","galeria altos de chavon","la galeria","tatiana ortiz-rubio"],"articleSection":["Altos de Chavon @es","Arte y cultura","Destacados","Eventos","Fundaciones","Noticias Locales","Proximamente"],"inLanguage":"es"},{"@type":"WebPage","@id":"https:\/\/casadecampoliving.com\/es\/otra-exhibicion-de-arte-artistas-en-residencia-desde-el-14-de-noviembre\/","url":"https:\/\/casadecampoliving.com\/es\/otra-exhibicion-de-arte-artistas-en-residencia-desde-el-14-de-noviembre\/","name":"Otra exhibici\u00f3n de arte, \"Artistas en Residencia\" desde el 14 de noviembre | Casa de Campo Living","isPartOf":{"@id":"https:\/\/casadecampoliving.com\/es\/#website"},"primaryImageOfPage":{"@id":"https:\/\/casadecampoliving.com\/es\/otra-exhibicion-de-arte-artistas-en-residencia-desde-el-14-de-noviembre\/#primaryimage"},"image":{"@id":"https:\/\/casadecampoliving.com\/es\/otra-exhibicion-de-arte-artistas-en-residencia-desde-el-14-de-noviembre\/#primaryimage"},"thumbnailUrl":"https:\/\/i0.wp.com\/casadecampoliving.com\/wp-content\/uploads\/2022\/10\/art_exhibit-1.jpg?fit=650%2C466&ssl=1","datePublished":"2013-11-09T04:00:00+00:00","dateModified":"2022-10-21T22:51:00+00:00","description":"El pr\u00f3ximo Jueves 14 de noviembre, El Centro Cultural de la Fundaci\u00f3n de Altos de Chavon abrir\u00e1 una nueva exhibici\u00f3n, \u201cArtistas en residencia\u201d presentando","breadcrumb":{"@id":"https:\/\/casadecampoliving.com\/es\/otra-exhibicion-de-arte-artistas-en-residencia-desde-el-14-de-noviembre\/#breadcrumb"},"inLanguage":"es","potentialAction":[{"@type":"ReadAction","target":["https:\/\/casadecampoliving.com\/es\/otra-exhibicion-de-arte-artistas-en-residencia-desde-el-14-de-noviembre\/"]}]},{"@type":"ImageObject","inLanguage":"es","@id":"https:\/\/casadecampoliving.com\/es\/otra-exhibicion-de-arte-artistas-en-residencia-desde-el-14-de-noviembre\/#primaryimage","url":"https:\/\/i0.wp.com\/casadecampoliving.com\/wp-content\/uploads\/2022\/10\/art_exhibit-1.jpg?fit=650%2C466&ssl=1","contentUrl":"https:\/\/i0.wp.com\/casadecampoliving.com\/wp-content\/uploads\/2022\/10\/art_exhibit-1.jpg?fit=650%2C466&ssl=1","width":650,"height":466,"caption":"art exhibit"},{"@type":"BreadcrumbList","@id":"https:\/\/casadecampoliving.com\/es\/otra-exhibicion-de-arte-artistas-en-residencia-desde-el-14-de-noviembre\/#breadcrumb","itemListElement":[{"@type":"ListItem","position":1,"name":"Home","item":"https:\/\/casadecampoliving.com\/es\/"},{"@type":"ListItem","position":2,"name":"Otra exhibici\u00f3n de arte, &#8220;Artistas en Residencia&#8221; desde el 14 de noviembre"}]},{"@type":"WebSite","@id":"https:\/\/casadecampoliving.com\/es\/#website","url":"https:\/\/casadecampoliving.com\/es\/","name":"Casa de Campo Living","description":"Resort community news and resources.","publisher":{"@id":"https:\/\/casadecampoliving.com\/es\/#organization"},"potentialAction":[{"@type":"SearchAction","target":{"@type":"EntryPoint","urlTemplate":"https:\/\/casadecampoliving.com\/es\/?s={search_term_string}"},"query-input":{"@type":"PropertyValueSpecification","valueRequired":true,"valueName":"search_term_string"}}],"inLanguage":"es"},{"@type":"Organization","@id":"https:\/\/casadecampoliving.com\/es\/#organization","name":"Casa de Campo Living","url":"https:\/\/casadecampoliving.com\/es\/","logo":{"@type":"ImageObject","inLanguage":"es","@id":"https:\/\/casadecampoliving.com\/es\/#\/schema\/logo\/image\/","url":"https:\/\/i0.wp.com\/casadecampoliving.com\/wp-content\/uploads\/2022\/07\/CDCLivingLogo_V1-white-sized.png?fit=800%2C214&ssl=1","contentUrl":"https:\/\/i0.wp.com\/casadecampoliving.com\/wp-content\/uploads\/2022\/07\/CDCLivingLogo_V1-white-sized.png?fit=800%2C214&ssl=1","width":800,"height":214,"caption":"Casa de Campo Living"},"image":{"@id":"https:\/\/casadecampoliving.com\/es\/#\/schema\/logo\/image\/"},"sameAs":["https:\/\/www.facebook.com\/casadecampoliving","https:\/\/x.com\/cdcliving"]},{"@type":"Person","@id":"https:\/\/casadecampoliving.com\/es\/#\/schema\/person\/242cf7c69a59395bbe7de24405601b76","name":"Genesis Perdomo","image":{"@type":"ImageObject","inLanguage":"es","@id":"https:\/\/secure.gravatar.com\/avatar\/1e89145b3cf01cf3b3fdf1d3d2e3c53f60c2978235045ae44df10fb8c79924c1?s=96&d=mm&r=g","url":"https:\/\/secure.gravatar.com\/avatar\/1e89145b3cf01cf3b3fdf1d3d2e3c53f60c2978235045ae44df10fb8c79924c1?s=96&d=mm&r=g","contentUrl":"https:\/\/secure.gravatar.com\/avatar\/1e89145b3cf01cf3b3fdf1d3d2e3c53f60c2978235045ae44df10fb8c79924c1?s=96&d=mm&r=g","caption":"Genesis Perdomo"},"url":"https:\/\/casadecampoliving.com\/es\/author\/gperdomo\/"}]}},"parsely":{"version":"1.1.0","canonical_url":"https:\/\/casadecampoliving.com\/es\/otra-exhibicion-de-arte-artistas-en-residencia-desde-el-14-de-noviembre\/","smart_links":{"inbound":0,"outbound":0},"traffic_boost_suggestions_count":0,"meta":{"@context":"https:\/\/schema.org","@type":"NewsArticle","headline":"Otra exhibici\u00f3n de arte, \u00abArtistas en Residencia\u00bb desde el 14 de noviembre","url":"http:\/\/casadecampoliving.com\/es\/otra-exhibicion-de-arte-artistas-en-residencia-desde-el-14-de-noviembre\/","mainEntityOfPage":{"@type":"WebPage","@id":"http:\/\/casadecampoliving.com\/es\/otra-exhibicion-de-arte-artistas-en-residencia-desde-el-14-de-noviembre\/"},"thumbnailUrl":"https:\/\/i0.wp.com\/casadecampoliving.com\/wp-content\/uploads\/2022\/10\/art_exhibit-1.jpg?resize=150%2C150&ssl=1","image":{"@type":"ImageObject","url":"https:\/\/i0.wp.com\/casadecampoliving.com\/wp-content\/uploads\/2022\/10\/art_exhibit-1.jpg?fit=650%2C466&ssl=1"},"articleSection":"Altos de Chavon @es","author":[{"@type":"Person","name":"Genesis Perdomo"}],"creator":["Genesis Perdomo"],"publisher":{"@type":"Organization","name":"Casa de Campo Living","logo":"https:\/\/casadecampoliving.com\/wp-content\/uploads\/2022\/07\/CDCLivingLogo_V1-white-sized.png"},"keywords":["altos de chavon","comunidad de casa de campo","exhibicion de arte","frank luna","galeria altos de chavon","la galeria","tatiana ortiz-rubio"],"dateCreated":"2013-11-09T04:00:00Z","datePublished":"2013-11-09T04:00:00Z","dateModified":"2022-10-21T22:51:00Z"},"rendered":"<script type=\"application\/ld+json\" class=\"wp-parsely-metadata\">{\"@context\":\"https:\\\/\\\/schema.org\",\"@type\":\"NewsArticle\",\"headline\":\"Otra exhibici\\u00f3n de arte, \\u00abArtistas en Residencia\\u00bb desde el 14 de noviembre\",\"url\":\"http:\\\/\\\/casadecampoliving.com\\\/es\\\/otra-exhibicion-de-arte-artistas-en-residencia-desde-el-14-de-noviembre\\\/\",\"mainEntityOfPage\":{\"@type\":\"WebPage\",\"@id\":\"http:\\\/\\\/casadecampoliving.com\\\/es\\\/otra-exhibicion-de-arte-artistas-en-residencia-desde-el-14-de-noviembre\\\/\"},\"thumbnailUrl\":\"https:\\\/\\\/i0.wp.com\\\/casadecampoliving.com\\\/wp-content\\\/uploads\\\/2022\\\/10\\\/art_exhibit-1.jpg?resize=150%2C150&ssl=1\",\"image\":{\"@type\":\"ImageObject\",\"url\":\"https:\\\/\\\/i0.wp.com\\\/casadecampoliving.com\\\/wp-content\\\/uploads\\\/2022\\\/10\\\/art_exhibit-1.jpg?fit=650%2C466&ssl=1\"},\"articleSection\":\"Altos de Chavon @es\",\"author\":[{\"@type\":\"Person\",\"name\":\"Genesis Perdomo\"}],\"creator\":[\"Genesis Perdomo\"],\"publisher\":{\"@type\":\"Organization\",\"name\":\"Casa de Campo Living\",\"logo\":\"https:\\\/\\\/casadecampoliving.com\\\/wp-content\\\/uploads\\\/2022\\\/07\\\/CDCLivingLogo_V1-white-sized.png\"},\"keywords\":[\"altos de chavon\",\"comunidad de casa de campo\",\"exhibicion de arte\",\"frank luna\",\"galeria altos de chavon\",\"la galeria\",\"tatiana ortiz-rubio\"],\"dateCreated\":\"2013-11-09T04:00:00Z\",\"datePublished\":\"2013-11-09T04:00:00Z\",\"dateModified\":\"2022-10-21T22:51:00Z\"}<\/script>","tracker_url":"https:\/\/cdn.parsely.com\/keys\/casadecampoliving.com\/p.js"},"jetpack_publicize_connections":[],"jetpack_featured_media_url":"https:\/\/i0.wp.com\/casadecampoliving.com\/wp-content\/uploads\/2022\/10\/art_exhibit-1.jpg?fit=650%2C466&ssl=1","jetpack-related-posts":[{"id":343192,"url":"https:\/\/casadecampoliving.com\/es\/una-entrevista-con-tatiana-ortiz-rubio-artista-residente-en-altos-de-chavon\/","url_meta":{"origin":343234,"position":0},"title":"Una entrevista con Tatiana Ortiz-Rubio, artista-en-residencia en Altos de Chav\u00f3n","author":"Genesis Perdomo","date":"4 Nov, 2013","format":false,"excerpt":"No cabe la menor duda de que la escuela de Dise\u00f1os de Altos de Chav\u00f3n en Casa de Campo es un lugar muy especial. Nos solo hacen un excelente trabajo ense\u00f1ando y brindando una buena educaci\u00f3n a los estudiante, pero tambi\u00e9n tienen el programa \u201cArtista-en-residencia\u201d, es cuando la escuela de\u2026","rel":"","context":"En \u00abAltos de Chavon @es\u00bb","block_context":{"text":"Altos de Chavon @es","link":"https:\/\/casadecampoliving.com\/category\/altos-de-chavon-es\/"},"img":{"alt_text":"Tatiana Ortiz-Rubio","src":"https:\/\/i0.wp.com\/casadecampoliving.com\/wp-content\/uploads\/2022\/10\/tatiana-ortiz-rubio.jpg?fit=650%2C380&ssl=1&resize=350%2C200","width":350,"height":200,"srcset":"https:\/\/i0.wp.com\/casadecampoliving.com\/wp-content\/uploads\/2022\/10\/tatiana-ortiz-rubio.jpg?fit=650%2C380&ssl=1&resize=350%2C200 1x, https:\/\/i0.wp.com\/casadecampoliving.com\/wp-content\/uploads\/2022\/10\/tatiana-ortiz-rubio.jpg?fit=650%2C380&ssl=1&resize=525%2C300 1.5x"},"classes":[]},{"id":343285,"url":"https:\/\/casadecampoliving.com\/es\/arte-de-tatiana-ortiz-rubio-frank-luna\/","url_meta":{"origin":343234,"position":1},"title":"Exitosa exhibici\u00f3n de arte de Tatiana Ortiz-Rubio &#038; Frank Lara","author":"Genesis Perdomo","date":"16 Nov, 2013","format":false,"excerpt":"La m\u00e1s reciente exhibici\u00f3n para abrir la Galer\u00eda de Altos de Chav\u00f3n fue muy exitosa. El trabajo combinado de Tatiana Ortiz-Rubio y Frank Lara estuvo abierto para el publico el 24 de octubre con un c\u00f3ctel de celebraci\u00f3n durante la cual, se les dio una calurosa bienvenida. Tatiana Ortiz-Rubio de\u2026","rel":"","context":"En \u00abAltos de Chavon @es\u00bb","block_context":{"text":"Altos de Chavon @es","link":"https:\/\/casadecampoliving.com\/category\/altos-de-chavon-es\/"},"img":{"alt_text":"Frank Luna, Tatiana Ortiz-Rubio art Altos de Chavon","src":"https:\/\/i0.wp.com\/casadecampoliving.com\/wp-content\/uploads\/2022\/10\/frank_luna_tatiana_ortiz_rubio_art_altos_de_chavon-1.jpg?fit=650%2C427&ssl=1&resize=350%2C200","width":350,"height":200,"srcset":"https:\/\/i0.wp.com\/casadecampoliving.com\/wp-content\/uploads\/2022\/10\/frank_luna_tatiana_ortiz_rubio_art_altos_de_chavon-1.jpg?fit=650%2C427&ssl=1&resize=350%2C200 1x, https:\/\/i0.wp.com\/casadecampoliving.com\/wp-content\/uploads\/2022\/10\/frank_luna_tatiana_ortiz_rubio_art_altos_de_chavon-1.jpg?fit=650%2C427&ssl=1&resize=525%2C300 1.5x"},"classes":[]},{"id":344087,"url":"https:\/\/casadecampoliving.com\/es\/exhibicion-de-arte-suenos-persistentes-por-fermin-ceballos\/","url_meta":{"origin":343234,"position":2},"title":"Exhibici\u00f3n de arte \u00abSue\u00f1os Persistentes\u00bb por Ferm\u00edn Ceballos","author":"Perkin Agramonte","date":"31 Mar, 2014","format":false,"excerpt":"El pr\u00f3ximo Jueves 3 de abril, el Centro Cultural Fundaci\u00f3n de Altos de Chavon abrir\u00e1 una nueva exhibici\u00f3n, llamada \u201cSue\u00f1os Persistentes\u201d presentada por el artista en residencia Ferm\u00edn Ceballos. El programa \u201cArtistas en Residencia\u201d dirigido por la Escuela de Arte y Dise\u00f1o Altos de Chav\u00f3n enfatiza la importancia del intercambio\u2026","rel":"","context":"En \u00abAltos de Chavon @es\u00bb","block_context":{"text":"Altos de Chavon @es","link":"https:\/\/casadecampoliving.com\/category\/altos-de-chavon-es\/"},"img":{"alt_text":"","src":"https:\/\/i0.wp.com\/casadecampoliving.com\/wp-content\/uploads\/2022\/10\/FC_AIRp14_header-1.jpg?fit=650%2C464&ssl=1&resize=350%2C200","width":350,"height":200,"srcset":"https:\/\/i0.wp.com\/casadecampoliving.com\/wp-content\/uploads\/2022\/10\/FC_AIRp14_header-1.jpg?fit=650%2C464&ssl=1&resize=350%2C200 1x, https:\/\/i0.wp.com\/casadecampoliving.com\/wp-content\/uploads\/2022\/10\/FC_AIRp14_header-1.jpg?fit=650%2C464&ssl=1&resize=525%2C300 1.5x"},"classes":[]},{"id":340098,"url":"https:\/\/casadecampoliving.com\/es\/inauguracion-de-la-nueva-exhibicion-de-arte-artistas-en-residencia-este-jueves-15-de-nov\/","url_meta":{"origin":343234,"position":3},"title":"Inauguraci\u00f3n de la nueva exhibici\u00f3n de arte \u00abArtistas en Residencia\u00bb, este jueves 15 de nov.","author":"Rebecca Silvestri","date":"13 Nov, 2012","format":false,"excerpt":"Este jueves 15 de noviembre, la nueva exhibici\u00f3n \u201cArtistas en Residencia\u201d, ser\u00e1 oficialmente inaugurada en la galer\u00eda de arte de Altos de Chav\u00f3n y celebrada con c\u00f3ctel inaugural, al cual est\u00e1n cordialmente invitados!\u00a0 En esta ocasi\u00f3n, la nueva exhibici\u00f3n \u201cArtistas en Residencia\u201d, ser\u00e1 presentada por dos artistas; Irene Rodr\u00edguez desde\u2026","rel":"","context":"En \u00abAltos de Chavon @es\u00bb","block_context":{"text":"Altos de Chavon @es","link":"https:\/\/casadecampoliving.com\/category\/altos-de-chavon-es\/"},"img":{"alt_text":"altos de chavon","src":"https:\/\/i0.wp.com\/casadecampoliving.com\/wp-content\/uploads\/2022\/10\/altos_de_chavon-8.jpg?fit=650%2C647&ssl=1&resize=350%2C200","width":350,"height":200,"srcset":"https:\/\/i0.wp.com\/casadecampoliving.com\/wp-content\/uploads\/2022\/10\/altos_de_chavon-8.jpg?fit=650%2C647&ssl=1&resize=350%2C200 1x, https:\/\/i0.wp.com\/casadecampoliving.com\/wp-content\/uploads\/2022\/10\/altos_de_chavon-8.jpg?fit=650%2C647&ssl=1&resize=525%2C300 1.5x"},"classes":[]},{"id":350799,"url":"https:\/\/casadecampoliving.com\/es\/artista-en-residencia-otono-2016-la-galeria-altos-de-chavon\/","url_meta":{"origin":343234,"position":4},"title":"\u00a1Nueva exhibici\u00f3n \u00abArtista en Residencia, Oto\u00f1o 2016\u00bb en La Galer\u00eda Altos de Chav\u00f3n el pr\u00f3ximo jueves!","author":"Marlenys Guzm\u00e1n Casta\u00f1os","date":"11 Nov, 2016","format":false,"excerpt":"La\u00a0Galer\u00eda Principal de Altos de Chav\u00f3n anuncia la apertura, el jueves 17 de noviembre, de la exposici\u00f3n \u201cArtista en Residencia, Oto\u00f1o 2016\u201d, programa bajo la Fundaci\u00f3n Centro Cultural Altos de Chav\u00f3n, con los artistas Luis Valverde y Gustavo Ferm\u00edn.\u00a0El programa de\u00a0\u201cArtistas en Residencia\u201d tiene como objetivo propiciar un intercambio educativo\u2026","rel":"","context":"En \u00abAltos de Chavon @es\u00bb","block_context":{"text":"Altos de Chavon @es","link":"https:\/\/casadecampoliving.com\/category\/altos-de-chavon-es\/"},"img":{"alt_text":"The Gallery Artist in Residence","src":"https:\/\/i0.wp.com\/casadecampoliving.com\/wp-content\/uploads\/2022\/10\/AR_OTON17DO_20161-e1478882198736.jpg?fit=1000%2C600&ssl=1&resize=350%2C200","width":350,"height":200,"srcset":"https:\/\/i0.wp.com\/casadecampoliving.com\/wp-content\/uploads\/2022\/10\/AR_OTON17DO_20161-e1478882198736.jpg?fit=1000%2C600&ssl=1&resize=350%2C200 1x, https:\/\/i0.wp.com\/casadecampoliving.com\/wp-content\/uploads\/2022\/10\/AR_OTON17DO_20161-e1478882198736.jpg?fit=1000%2C600&ssl=1&resize=525%2C300 1.5x, https:\/\/i0.wp.com\/casadecampoliving.com\/wp-content\/uploads\/2022\/10\/AR_OTON17DO_20161-e1478882198736.jpg?fit=1000%2C600&ssl=1&resize=700%2C400 2x"},"classes":[]},{"id":341025,"url":"https:\/\/casadecampoliving.com\/es\/una-combinacion-de-culturas-en-la-apertura-de-la-nueva-exhibicion-artistas-en-residencia\/","url_meta":{"origin":343234,"position":5},"title":"Una combinaci\u00f3n de culturas en la apertura de la nueva exhibici\u00f3n \u00abArtistas-En-Residencia\u00bb","author":"Rebecca Silvestri","date":"12 Abr, 2013","format":false,"excerpt":"El jueves pasado, 4 de abril 2013, la exhibici\u00f3n de arte \"Artistas-en-Residencia Primavera 2013\" fu\u00e9 abierta al p\u00fablico en la Galer\u00eda de Altos de Chav\u00f3n. Una exhibici\u00f3n presentada por 4 artistas muy diferentes, con historias muy diferentes - el resultado fu\u00e9 incre\u00edble. El programa \"Artistas-En-Residencia\" creado por Altos de Chav\u00f3n\u2026","rel":"","context":"En \u00abAltos de Chavon @es\u00bb","block_context":{"text":"Altos de Chavon @es","link":"https:\/\/casadecampoliving.com\/category\/altos-de-chavon-es\/"},"img":{"alt_text":"","src":"https:\/\/i0.wp.com\/casadecampoliving.com\/wp-content\/uploads\/2022\/10\/maria_batlle-4.jpg?fit=650%2C430&ssl=1&resize=350%2C200","width":350,"height":200,"srcset":"https:\/\/i0.wp.com\/casadecampoliving.com\/wp-content\/uploads\/2022\/10\/maria_batlle-4.jpg?fit=650%2C430&ssl=1&resize=350%2C200 1x, https:\/\/i0.wp.com\/casadecampoliving.com\/wp-content\/uploads\/2022\/10\/maria_batlle-4.jpg?fit=650%2C430&ssl=1&resize=525%2C300 1.5x"},"classes":[]}],"jetpack_sharing_enabled":true,"_links":{"self":[{"href":"https:\/\/casadecampoliving.com\/es\/wp-json\/wp\/v2\/posts\/343234","targetHints":{"allow":["GET"]}}],"collection":[{"href":"https:\/\/casadecampoliving.com\/es\/wp-json\/wp\/v2\/posts"}],"about":[{"href":"https:\/\/casadecampoliving.com\/es\/wp-json\/wp\/v2\/types\/post"}],"author":[{"embeddable":true,"href":"https:\/\/casadecampoliving.com\/es\/wp-json\/wp\/v2\/users\/614"}],"replies":[{"embeddable":true,"href":"https:\/\/casadecampoliving.com\/es\/wp-json\/wp\/v2\/comments?post=343234"}],"version-history":[{"count":1,"href":"https:\/\/casadecampoliving.com\/es\/wp-json\/wp\/v2\/posts\/343234\/revisions"}],"predecessor-version":[{"id":343235,"href":"https:\/\/casadecampoliving.com\/es\/wp-json\/wp\/v2\/posts\/343234\/revisions\/343235"}],"wp:featuredmedia":[{"embeddable":true,"href":"https:\/\/casadecampoliving.com\/es\/wp-json\/wp\/v2\/media\/234081"}],"wp:attachment":[{"href":"https:\/\/casadecampoliving.com\/es\/wp-json\/wp\/v2\/media?parent=343234"}],"wp:term":[{"taxonomy":"category","embeddable":true,"href":"https:\/\/casadecampoliving.com\/es\/wp-json\/wp\/v2\/categories?post=343234"},{"taxonomy":"post_tag","embeddable":true,"href":"https:\/\/casadecampoliving.com\/es\/wp-json\/wp\/v2\/tags?post=343234"},{"taxonomy":"newspack_spnsrs_tax","embeddable":true,"href":"https:\/\/casadecampoliving.com\/es\/wp-json\/wp\/v2\/newspack_spnsrs_tax?post=343234"}],"curies":[{"name":"wp","href":"https:\/\/api.w.org\/{rel}","templated":true}]}}