{"id":343198,"date":"2013-11-03T00:00:00","date_gmt":"2013-11-03T04:00:00","guid":{"rendered":"https:\/\/casadecampoliving.com\/conozca-los-proximos-dias-feriados-de-la-republica-dominicana-en-este-2013-2\/"},"modified":"2022-10-21T18:49:54","modified_gmt":"2022-10-21T22:49:54","slug":"conozca-los-proximos-dias-feriados-de-la-republica-dominicana-en-este-2013-2","status":"publish","type":"post","link":"https:\/\/casadecampoliving.com\/es\/conozca-los-proximos-dias-feriados-de-la-republica-dominicana-en-este-2013-2\/","title":{"rendered":"D\u00eda de la Constituci\u00f3n Dominicana; motivo de este fin de semana largo"},"content":{"rendered":"<div class=\"wp-block-image\">\n<figure class=\"aligncenter is-resized\"><img loading=\"lazy\" decoding=\"async\" src=\"https:\/\/i0.wp.com\/casadecampoliving.com\/wp-content\/uploads\/2022\/10\/independencia_republica_dominicana.jpg?resize=650%2C374&amp;ssl=1\" alt=\"independencia republica dominicana\" class=\"wp-image-42129\" title=\"independencia_republica_dominicana\" height=\"374\" width=\"650\"\/><\/figure>\n<\/div>\n\n\n<p class=\"has-text-align-center\"><\/p>\n\n\n\n<p>El 6 de noviembre de cada a\u00f1o la Rep\u00fablica Dominicana celebra el \u201cD\u00eda de la Constituci\u00f3n.<\/p>\n\n\n\n<p>Este a\u00f1o, el d\u00eda de cierre para este d\u00eda de fiesta nacional, se traslada al lunes 4 de noviembre \u2013 para que todos podamos disfrutar de un buen fin de semana de celebraciones.<\/p>\n\n\n\n<h3 class=\"wp-block-heading\">El 1er dia de la constituci\u00f3n: noviembre 6, de 1844<\/h3>\n\n\n\n<p>El 6 de noviembre del a\u00f1o 1844, el mismo a\u00f1o en que la Rep\u00fablica Dominicana se proclam\u00f3 una naci\u00f3n independiente (27 de febrero de 1844), la primera Constituci\u00f3n fue firmada en San Crist\u00f3bal RD, donde estaba (naturalmente ) influenciados por las leyes de los espa\u00f1oles, franceses y norteamericanos.<\/p>\n\n\n\n<h3 class=\"wp-block-heading\"><strong>\u00bfQu\u00e9 es una&nbsp;constituci\u00f3n?<\/strong><\/h3>\n\n\n\n<p>Es el conjunto de leyes fundamentales o precedentes establecidos que rigen al estado o pa\u00eds.<\/p>\n\n\n\n<h3 class=\"wp-block-heading\"><strong>D\u00edas feriados para el ano 2014<\/strong><\/h3>\n\n\n\n<p>A continuaci\u00f3n les ofrecemos los d\u00edas especiales que ser\u00e1n movidos para ajustarse al calendario de trabajo 2014: Algunos d\u00edas feriados han sido movidos \u2013 esto significa que son d\u00edas libre y por lo tanto, la celebraci\u00f3n se ha trasladado, por lo general para d\u00edas como los lunes y as\u00ed dar espacio a un fin de semana largo.<\/p>\n\n\n\n<blockquote><ul>\n<li><b>El natalicio Juan Pablo Duarte&nbsp;<\/b>\u2013Se celebra el domingo 26 de enero<\/li>\n<li><strong>D\u00eda&nbsp;de la Independencia y el Carnaval Dominicano&nbsp;<\/strong>\u2013 Jueves 27 de Febrero (no se cambia)<\/li>\n<li><strong>Semana Santa<\/strong> \u2013Del domingo 13 al domingo 20 del mes de abril<\/li>\n<li><b>D\u00eda&nbsp;del Trabajador&nbsp;<\/b>\u2013Jueves 1 de mayo (Se cambia para el lunes 05 de Mayo)<\/li>\n<li><b>D\u00eda&nbsp;de las Madres&nbsp;<\/b>-Domingo 25 de mayo ( fecha especial; ultimo domingo de mayo\u2026 no se cambia)<\/li>\n<li><strong>Corpus&nbsp;Cristi&nbsp;<\/strong>-Jueves 19 de junio (no se cambia)<\/li>\n<li><strong>D\u00eda&nbsp;de los Padres&nbsp;<\/strong>-Domingo 27 de julio (fecha especial; ultimo domingo de julio\u2026 no se cambia)<\/li>\n<li><strong>D\u00eda de la Restauraci\u00f3n Dominicana <\/strong>-S\u00e1bado 16 de agosto (no se cambia)<\/li>\n<li><strong>D\u00eda de las Mercedes <\/strong>-Mi\u00e9rcoles 24 de septiembre (no se cambia)<\/li>\n<li><b>Identidad Dominicana&nbsp;D\u00eda&nbsp;de la raza&nbsp;<\/b>-S\u00e1bado 12 de octubre<\/li>\n<li><strong>D\u00eda de la Constituci\u00f3n <\/strong>-Se celebra el &nbsp;jueves 6 de noviembre &nbsp;(Se cambia&nbsp;para el lunes 10 de Noviembre)<\/li>\n<\/ul><\/blockquote>\n","protected":false},"excerpt":{"rendered":"<p>El 6 de noviembre de cada a\u00f1o la Rep\u00fablica Dominicana celebra el \u201cD\u00eda de la Constituci\u00f3n. Este a\u00f1o, el d\u00eda de cierre para este d\u00eda de fiesta nacional, se traslada al lunes 4 de noviembre \u2013 para que todos podamos disfrutar de un buen fin de semana de celebraciones. El 1er dia de la constituci\u00f3n: [&hellip;]<\/p>\n","protected":false},"author":392,"featured_media":230301,"comment_status":"closed","ping_status":"closed","sticky":false,"template":"","format":"standard","meta":{"newspack_ads_suppress_ads":false,"newspack_popups_has_disabled_popups":false,"newspack_sponsor_sponsorship_scope":"","newspack_sponsor_native_byline_display":"inherit","newspack_sponsor_native_category_display":"inherit","newspack_sponsor_underwriter_style":"inherit","newspack_sponsor_underwriter_placement":"inherit","_newspack_byline_active":false,"_newspack_byline":"","newspack_hide_updated_date":false,"newspack_show_updated_date":false,"newspack_content_restriction_is_exempt":false,"newspack_featured_image_position":"","newspack_post_subtitle":"","newspack_article_summary_title":"Overview:","newspack_article_summary":"","_jetpack_memberships_contains_paid_content":false,"footnotes":"","jetpack_publicize_message":"","jetpack_publicize_feature_enabled":true,"jetpack_social_post_already_shared":false,"jetpack_social_options":{"image_generator_settings":{"template":"highway","default_image_id":0,"font":"","enabled":false},"version":2},"_wpas_customize_per_network":false},"categories":[2524,14631,2522,14625,14627,2521],"tags":[5866,5863,3928],"newspack_spnsrs_tax":[],"class_list":["post-343198","post","type-post","status-publish","format-standard","has-post-thumbnail","hentry","category-destacados","category-estilo-de-vida","category-eventos-es","category-noticias-locales","category-proximamente","category-republica-dominicana-2","tag-constitucion","tag-dias-feriados","tag-independencia-dominicana","entry"],"yoast_head":"<!-- This site is optimized with the Yoast SEO plugin v27.5 - https:\/\/yoast.com\/product\/yoast-seo-wordpress\/ -->\n<title>D\u00eda de la Constituci\u00f3n Dominicana; motivo de este fin de semana largo | Casa de Campo Living<\/title>\n<meta name=\"description\" content=\"El 6 de noviembre de cada a\u00f1o la Rep\u00fablica Dominicana celebra el \u201cD\u00eda de la Constituci\u00f3n. Este a\u00f1o, el d\u00eda de cierre para este d\u00eda de fiesta nacional, se\" \/>\n<meta name=\"robots\" content=\"index, follow, max-snippet:-1, max-image-preview:large, max-video-preview:-1\" \/>\n<link rel=\"canonical\" href=\"https:\/\/casadecampoliving.com\/es\/conozca-los-proximos-dias-feriados-de-la-republica-dominicana-en-este-2013-2\/\" \/>\n<meta property=\"og:locale\" content=\"es_ES\" \/>\n<meta property=\"og:type\" content=\"article\" \/>\n<meta property=\"og:title\" content=\"D\u00eda de la Constituci\u00f3n Dominicana; motivo de este fin de semana largo | Casa de Campo Living\" \/>\n<meta property=\"og:description\" content=\"El 6 de noviembre de cada a\u00f1o la Rep\u00fablica Dominicana celebra el \u201cD\u00eda de la Constituci\u00f3n. Este a\u00f1o, el d\u00eda de cierre para este d\u00eda de fiesta nacional, se\" \/>\n<meta property=\"og:url\" content=\"https:\/\/casadecampoliving.com\/es\/conozca-los-proximos-dias-feriados-de-la-republica-dominicana-en-este-2013-2\/\" \/>\n<meta property=\"og:site_name\" content=\"Casa de Campo Living\" \/>\n<meta property=\"article:publisher\" content=\"https:\/\/www.facebook.com\/casadecampoliving\" \/>\n<meta property=\"article:published_time\" content=\"2013-11-03T04:00:00+00:00\" \/>\n<meta property=\"article:modified_time\" content=\"2022-10-21T22:49:54+00:00\" \/>\n<meta property=\"og:image\" content=\"https:\/\/i0.wp.com\/casadecampoliving.com\/wp-content\/uploads\/2022\/10\/independencia_republica_dominicana-1.jpg?fit=650%2C374&ssl=1\" \/>\n\t<meta property=\"og:image:width\" content=\"650\" \/>\n\t<meta property=\"og:image:height\" content=\"374\" \/>\n\t<meta property=\"og:image:type\" content=\"image\/jpeg\" \/>\n<meta name=\"author\" content=\"Lenny Castillo\" \/>\n<meta name=\"twitter:card\" content=\"summary_large_image\" \/>\n<meta name=\"twitter:creator\" content=\"@cdcliving\" \/>\n<meta name=\"twitter:site\" content=\"@cdcliving\" \/>\n<meta name=\"twitter:label1\" content=\"Escrito por\" \/>\n\t<meta name=\"twitter:data1\" content=\"Lenny Castillo\" \/>\n\t<meta name=\"twitter:label2\" content=\"Tiempo de lectura\" \/>\n\t<meta name=\"twitter:data2\" content=\"2 minutos\" \/>\n<script type=\"application\/ld+json\" class=\"yoast-schema-graph\">{\"@context\":\"https:\\\/\\\/schema.org\",\"@graph\":[{\"@type\":\"Article\",\"@id\":\"https:\\\/\\\/casadecampoliving.com\\\/es\\\/conozca-los-proximos-dias-feriados-de-la-republica-dominicana-en-este-2013-2\\\/#article\",\"isPartOf\":{\"@id\":\"https:\\\/\\\/casadecampoliving.com\\\/es\\\/conozca-los-proximos-dias-feriados-de-la-republica-dominicana-en-este-2013-2\\\/\"},\"author\":{\"name\":\"Lenny Castillo\",\"@id\":\"https:\\\/\\\/casadecampoliving.com\\\/es\\\/#\\\/schema\\\/person\\\/bde9253359bd80f29448cb1dee503f4d\"},\"headline\":\"D\u00eda de la Constituci\u00f3n Dominicana; motivo de este fin de semana largo\",\"datePublished\":\"2013-11-03T04:00:00+00:00\",\"dateModified\":\"2022-10-21T22:49:54+00:00\",\"mainEntityOfPage\":{\"@id\":\"https:\\\/\\\/casadecampoliving.com\\\/es\\\/conozca-los-proximos-dias-feriados-de-la-republica-dominicana-en-este-2013-2\\\/\"},\"wordCount\":381,\"publisher\":{\"@id\":\"https:\\\/\\\/casadecampoliving.com\\\/es\\\/#organization\"},\"image\":{\"@id\":\"https:\\\/\\\/casadecampoliving.com\\\/es\\\/conozca-los-proximos-dias-feriados-de-la-republica-dominicana-en-este-2013-2\\\/#primaryimage\"},\"thumbnailUrl\":\"https:\\\/\\\/i0.wp.com\\\/casadecampoliving.com\\\/wp-content\\\/uploads\\\/2022\\\/10\\\/independencia_republica_dominicana-1.jpg?fit=650%2C374&ssl=1\",\"keywords\":[\"constitucion\",\"dias feriados\",\"independencia dominicana\"],\"articleSection\":[\"Destacados\",\"Estilo de Vida\",\"Eventos\",\"Noticias Locales\",\"Proximamente\",\"Rep\u00fablica Dominicana @es\"],\"inLanguage\":\"es\"},{\"@type\":\"WebPage\",\"@id\":\"https:\\\/\\\/casadecampoliving.com\\\/es\\\/conozca-los-proximos-dias-feriados-de-la-republica-dominicana-en-este-2013-2\\\/\",\"url\":\"https:\\\/\\\/casadecampoliving.com\\\/es\\\/conozca-los-proximos-dias-feriados-de-la-republica-dominicana-en-este-2013-2\\\/\",\"name\":\"D\u00eda de la Constituci\u00f3n Dominicana; motivo de este fin de semana largo | Casa de Campo Living\",\"isPartOf\":{\"@id\":\"https:\\\/\\\/casadecampoliving.com\\\/es\\\/#website\"},\"primaryImageOfPage\":{\"@id\":\"https:\\\/\\\/casadecampoliving.com\\\/es\\\/conozca-los-proximos-dias-feriados-de-la-republica-dominicana-en-este-2013-2\\\/#primaryimage\"},\"image\":{\"@id\":\"https:\\\/\\\/casadecampoliving.com\\\/es\\\/conozca-los-proximos-dias-feriados-de-la-republica-dominicana-en-este-2013-2\\\/#primaryimage\"},\"thumbnailUrl\":\"https:\\\/\\\/i0.wp.com\\\/casadecampoliving.com\\\/wp-content\\\/uploads\\\/2022\\\/10\\\/independencia_republica_dominicana-1.jpg?fit=650%2C374&ssl=1\",\"datePublished\":\"2013-11-03T04:00:00+00:00\",\"dateModified\":\"2022-10-21T22:49:54+00:00\",\"description\":\"El 6 de noviembre de cada a\u00f1o la Rep\u00fablica Dominicana celebra el \u201cD\u00eda de la Constituci\u00f3n. Este a\u00f1o, el d\u00eda de cierre para este d\u00eda de fiesta nacional, se\",\"breadcrumb\":{\"@id\":\"https:\\\/\\\/casadecampoliving.com\\\/es\\\/conozca-los-proximos-dias-feriados-de-la-republica-dominicana-en-este-2013-2\\\/#breadcrumb\"},\"inLanguage\":\"es\",\"potentialAction\":[{\"@type\":\"ReadAction\",\"target\":[\"https:\\\/\\\/casadecampoliving.com\\\/es\\\/conozca-los-proximos-dias-feriados-de-la-republica-dominicana-en-este-2013-2\\\/\"]}]},{\"@type\":\"ImageObject\",\"inLanguage\":\"es\",\"@id\":\"https:\\\/\\\/casadecampoliving.com\\\/es\\\/conozca-los-proximos-dias-feriados-de-la-republica-dominicana-en-este-2013-2\\\/#primaryimage\",\"url\":\"https:\\\/\\\/i0.wp.com\\\/casadecampoliving.com\\\/wp-content\\\/uploads\\\/2022\\\/10\\\/independencia_republica_dominicana-1.jpg?fit=650%2C374&ssl=1\",\"contentUrl\":\"https:\\\/\\\/i0.wp.com\\\/casadecampoliving.com\\\/wp-content\\\/uploads\\\/2022\\\/10\\\/independencia_republica_dominicana-1.jpg?fit=650%2C374&ssl=1\",\"width\":650,\"height\":374,\"caption\":\"independencia republica dominicana\"},{\"@type\":\"BreadcrumbList\",\"@id\":\"https:\\\/\\\/casadecampoliving.com\\\/es\\\/conozca-los-proximos-dias-feriados-de-la-republica-dominicana-en-este-2013-2\\\/#breadcrumb\",\"itemListElement\":[{\"@type\":\"ListItem\",\"position\":1,\"name\":\"Home\",\"item\":\"https:\\\/\\\/casadecampoliving.com\\\/es\\\/\"},{\"@type\":\"ListItem\",\"position\":2,\"name\":\"D\u00eda de la Constituci\u00f3n Dominicana; motivo de este fin de semana largo\"}]},{\"@type\":\"WebSite\",\"@id\":\"https:\\\/\\\/casadecampoliving.com\\\/es\\\/#website\",\"url\":\"https:\\\/\\\/casadecampoliving.com\\\/es\\\/\",\"name\":\"Casa de Campo Living\",\"description\":\"Resort community news and resources.\",\"publisher\":{\"@id\":\"https:\\\/\\\/casadecampoliving.com\\\/es\\\/#organization\"},\"potentialAction\":[{\"@type\":\"SearchAction\",\"target\":{\"@type\":\"EntryPoint\",\"urlTemplate\":\"https:\\\/\\\/casadecampoliving.com\\\/es\\\/?s={search_term_string}\"},\"query-input\":{\"@type\":\"PropertyValueSpecification\",\"valueRequired\":true,\"valueName\":\"search_term_string\"}}],\"inLanguage\":\"es\"},{\"@type\":\"Organization\",\"@id\":\"https:\\\/\\\/casadecampoliving.com\\\/es\\\/#organization\",\"name\":\"Casa de Campo Living\",\"url\":\"https:\\\/\\\/casadecampoliving.com\\\/es\\\/\",\"logo\":{\"@type\":\"ImageObject\",\"inLanguage\":\"es\",\"@id\":\"https:\\\/\\\/casadecampoliving.com\\\/es\\\/#\\\/schema\\\/logo\\\/image\\\/\",\"url\":\"https:\\\/\\\/i0.wp.com\\\/casadecampoliving.com\\\/wp-content\\\/uploads\\\/2022\\\/07\\\/CDCLivingLogo_V1-white-sized.png?fit=800%2C214&ssl=1\",\"contentUrl\":\"https:\\\/\\\/i0.wp.com\\\/casadecampoliving.com\\\/wp-content\\\/uploads\\\/2022\\\/07\\\/CDCLivingLogo_V1-white-sized.png?fit=800%2C214&ssl=1\",\"width\":800,\"height\":214,\"caption\":\"Casa de Campo Living\"},\"image\":{\"@id\":\"https:\\\/\\\/casadecampoliving.com\\\/es\\\/#\\\/schema\\\/logo\\\/image\\\/\"},\"sameAs\":[\"https:\\\/\\\/www.facebook.com\\\/casadecampoliving\",\"https:\\\/\\\/x.com\\\/cdcliving\"]},{\"@type\":\"Person\",\"@id\":\"https:\\\/\\\/casadecampoliving.com\\\/es\\\/#\\\/schema\\\/person\\\/bde9253359bd80f29448cb1dee503f4d\",\"name\":\"Lenny Castillo\",\"image\":{\"@type\":\"ImageObject\",\"inLanguage\":\"es\",\"@id\":\"https:\\\/\\\/secure.gravatar.com\\\/avatar\\\/7dfd1a6dc314579a5019d4ffdf4f2d34c70345f2bbbdae3b5bb2aca665d89299?s=96&d=mm&r=g\",\"url\":\"https:\\\/\\\/secure.gravatar.com\\\/avatar\\\/7dfd1a6dc314579a5019d4ffdf4f2d34c70345f2bbbdae3b5bb2aca665d89299?s=96&d=mm&r=g\",\"contentUrl\":\"https:\\\/\\\/secure.gravatar.com\\\/avatar\\\/7dfd1a6dc314579a5019d4ffdf4f2d34c70345f2bbbdae3b5bb2aca665d89299?s=96&d=mm&r=g\",\"caption\":\"Lenny Castillo\"},\"url\":\"https:\\\/\\\/casadecampoliving.com\\\/es\\\/author\\\/lcastillo\\\/\"}]}<\/script>\n<!-- \/ Yoast SEO plugin. -->","yoast_head_json":{"title":"D\u00eda de la Constituci\u00f3n Dominicana; motivo de este fin de semana largo | Casa de Campo Living","description":"El 6 de noviembre de cada a\u00f1o la Rep\u00fablica Dominicana celebra el \u201cD\u00eda de la Constituci\u00f3n. Este a\u00f1o, el d\u00eda de cierre para este d\u00eda de fiesta nacional, se","robots":{"index":"index","follow":"follow","max-snippet":"max-snippet:-1","max-image-preview":"max-image-preview:large","max-video-preview":"max-video-preview:-1"},"canonical":"https:\/\/casadecampoliving.com\/es\/conozca-los-proximos-dias-feriados-de-la-republica-dominicana-en-este-2013-2\/","og_locale":"es_ES","og_type":"article","og_title":"D\u00eda de la Constituci\u00f3n Dominicana; motivo de este fin de semana largo | Casa de Campo Living","og_description":"El 6 de noviembre de cada a\u00f1o la Rep\u00fablica Dominicana celebra el \u201cD\u00eda de la Constituci\u00f3n. Este a\u00f1o, el d\u00eda de cierre para este d\u00eda de fiesta nacional, se","og_url":"https:\/\/casadecampoliving.com\/es\/conozca-los-proximos-dias-feriados-de-la-republica-dominicana-en-este-2013-2\/","og_site_name":"Casa de Campo Living","article_publisher":"https:\/\/www.facebook.com\/casadecampoliving","article_published_time":"2013-11-03T04:00:00+00:00","article_modified_time":"2022-10-21T22:49:54+00:00","og_image":[{"width":650,"height":374,"url":"https:\/\/i0.wp.com\/casadecampoliving.com\/wp-content\/uploads\/2022\/10\/independencia_republica_dominicana-1.jpg?fit=650%2C374&ssl=1","type":"image\/jpeg"}],"author":"Lenny Castillo","twitter_card":"summary_large_image","twitter_creator":"@cdcliving","twitter_site":"@cdcliving","twitter_misc":{"Escrito por":"Lenny Castillo","Tiempo de lectura":"2 minutos"},"schema":{"@context":"https:\/\/schema.org","@graph":[{"@type":"Article","@id":"https:\/\/casadecampoliving.com\/es\/conozca-los-proximos-dias-feriados-de-la-republica-dominicana-en-este-2013-2\/#article","isPartOf":{"@id":"https:\/\/casadecampoliving.com\/es\/conozca-los-proximos-dias-feriados-de-la-republica-dominicana-en-este-2013-2\/"},"author":{"name":"Lenny Castillo","@id":"https:\/\/casadecampoliving.com\/es\/#\/schema\/person\/bde9253359bd80f29448cb1dee503f4d"},"headline":"D\u00eda de la Constituci\u00f3n Dominicana; motivo de este fin de semana largo","datePublished":"2013-11-03T04:00:00+00:00","dateModified":"2022-10-21T22:49:54+00:00","mainEntityOfPage":{"@id":"https:\/\/casadecampoliving.com\/es\/conozca-los-proximos-dias-feriados-de-la-republica-dominicana-en-este-2013-2\/"},"wordCount":381,"publisher":{"@id":"https:\/\/casadecampoliving.com\/es\/#organization"},"image":{"@id":"https:\/\/casadecampoliving.com\/es\/conozca-los-proximos-dias-feriados-de-la-republica-dominicana-en-este-2013-2\/#primaryimage"},"thumbnailUrl":"https:\/\/i0.wp.com\/casadecampoliving.com\/wp-content\/uploads\/2022\/10\/independencia_republica_dominicana-1.jpg?fit=650%2C374&ssl=1","keywords":["constitucion","dias feriados","independencia dominicana"],"articleSection":["Destacados","Estilo de Vida","Eventos","Noticias Locales","Proximamente","Rep\u00fablica Dominicana @es"],"inLanguage":"es"},{"@type":"WebPage","@id":"https:\/\/casadecampoliving.com\/es\/conozca-los-proximos-dias-feriados-de-la-republica-dominicana-en-este-2013-2\/","url":"https:\/\/casadecampoliving.com\/es\/conozca-los-proximos-dias-feriados-de-la-republica-dominicana-en-este-2013-2\/","name":"D\u00eda de la Constituci\u00f3n Dominicana; motivo de este fin de semana largo | Casa de Campo Living","isPartOf":{"@id":"https:\/\/casadecampoliving.com\/es\/#website"},"primaryImageOfPage":{"@id":"https:\/\/casadecampoliving.com\/es\/conozca-los-proximos-dias-feriados-de-la-republica-dominicana-en-este-2013-2\/#primaryimage"},"image":{"@id":"https:\/\/casadecampoliving.com\/es\/conozca-los-proximos-dias-feriados-de-la-republica-dominicana-en-este-2013-2\/#primaryimage"},"thumbnailUrl":"https:\/\/i0.wp.com\/casadecampoliving.com\/wp-content\/uploads\/2022\/10\/independencia_republica_dominicana-1.jpg?fit=650%2C374&ssl=1","datePublished":"2013-11-03T04:00:00+00:00","dateModified":"2022-10-21T22:49:54+00:00","description":"El 6 de noviembre de cada a\u00f1o la Rep\u00fablica Dominicana celebra el \u201cD\u00eda de la Constituci\u00f3n. Este a\u00f1o, el d\u00eda de cierre para este d\u00eda de fiesta nacional, se","breadcrumb":{"@id":"https:\/\/casadecampoliving.com\/es\/conozca-los-proximos-dias-feriados-de-la-republica-dominicana-en-este-2013-2\/#breadcrumb"},"inLanguage":"es","potentialAction":[{"@type":"ReadAction","target":["https:\/\/casadecampoliving.com\/es\/conozca-los-proximos-dias-feriados-de-la-republica-dominicana-en-este-2013-2\/"]}]},{"@type":"ImageObject","inLanguage":"es","@id":"https:\/\/casadecampoliving.com\/es\/conozca-los-proximos-dias-feriados-de-la-republica-dominicana-en-este-2013-2\/#primaryimage","url":"https:\/\/i0.wp.com\/casadecampoliving.com\/wp-content\/uploads\/2022\/10\/independencia_republica_dominicana-1.jpg?fit=650%2C374&ssl=1","contentUrl":"https:\/\/i0.wp.com\/casadecampoliving.com\/wp-content\/uploads\/2022\/10\/independencia_republica_dominicana-1.jpg?fit=650%2C374&ssl=1","width":650,"height":374,"caption":"independencia republica dominicana"},{"@type":"BreadcrumbList","@id":"https:\/\/casadecampoliving.com\/es\/conozca-los-proximos-dias-feriados-de-la-republica-dominicana-en-este-2013-2\/#breadcrumb","itemListElement":[{"@type":"ListItem","position":1,"name":"Home","item":"https:\/\/casadecampoliving.com\/es\/"},{"@type":"ListItem","position":2,"name":"D\u00eda de la Constituci\u00f3n Dominicana; motivo de este fin de semana largo"}]},{"@type":"WebSite","@id":"https:\/\/casadecampoliving.com\/es\/#website","url":"https:\/\/casadecampoliving.com\/es\/","name":"Casa de Campo Living","description":"Resort community news and resources.","publisher":{"@id":"https:\/\/casadecampoliving.com\/es\/#organization"},"potentialAction":[{"@type":"SearchAction","target":{"@type":"EntryPoint","urlTemplate":"https:\/\/casadecampoliving.com\/es\/?s={search_term_string}"},"query-input":{"@type":"PropertyValueSpecification","valueRequired":true,"valueName":"search_term_string"}}],"inLanguage":"es"},{"@type":"Organization","@id":"https:\/\/casadecampoliving.com\/es\/#organization","name":"Casa de Campo Living","url":"https:\/\/casadecampoliving.com\/es\/","logo":{"@type":"ImageObject","inLanguage":"es","@id":"https:\/\/casadecampoliving.com\/es\/#\/schema\/logo\/image\/","url":"https:\/\/i0.wp.com\/casadecampoliving.com\/wp-content\/uploads\/2022\/07\/CDCLivingLogo_V1-white-sized.png?fit=800%2C214&ssl=1","contentUrl":"https:\/\/i0.wp.com\/casadecampoliving.com\/wp-content\/uploads\/2022\/07\/CDCLivingLogo_V1-white-sized.png?fit=800%2C214&ssl=1","width":800,"height":214,"caption":"Casa de Campo Living"},"image":{"@id":"https:\/\/casadecampoliving.com\/es\/#\/schema\/logo\/image\/"},"sameAs":["https:\/\/www.facebook.com\/casadecampoliving","https:\/\/x.com\/cdcliving"]},{"@type":"Person","@id":"https:\/\/casadecampoliving.com\/es\/#\/schema\/person\/bde9253359bd80f29448cb1dee503f4d","name":"Lenny Castillo","image":{"@type":"ImageObject","inLanguage":"es","@id":"https:\/\/secure.gravatar.com\/avatar\/7dfd1a6dc314579a5019d4ffdf4f2d34c70345f2bbbdae3b5bb2aca665d89299?s=96&d=mm&r=g","url":"https:\/\/secure.gravatar.com\/avatar\/7dfd1a6dc314579a5019d4ffdf4f2d34c70345f2bbbdae3b5bb2aca665d89299?s=96&d=mm&r=g","contentUrl":"https:\/\/secure.gravatar.com\/avatar\/7dfd1a6dc314579a5019d4ffdf4f2d34c70345f2bbbdae3b5bb2aca665d89299?s=96&d=mm&r=g","caption":"Lenny Castillo"},"url":"https:\/\/casadecampoliving.com\/es\/author\/lcastillo\/"}]}},"parsely":{"version":"1.1.0","canonical_url":"https:\/\/casadecampoliving.com\/es\/conozca-los-proximos-dias-feriados-de-la-republica-dominicana-en-este-2013-2\/","smart_links":{"inbound":0,"outbound":0},"traffic_boost_suggestions_count":0,"meta":{"@context":"https:\/\/schema.org","@type":"NewsArticle","headline":"D\u00eda de la Constituci\u00f3n Dominicana; motivo de este fin de semana largo","url":"http:\/\/casadecampoliving.com\/es\/conozca-los-proximos-dias-feriados-de-la-republica-dominicana-en-este-2013-2\/","mainEntityOfPage":{"@type":"WebPage","@id":"http:\/\/casadecampoliving.com\/es\/conozca-los-proximos-dias-feriados-de-la-republica-dominicana-en-este-2013-2\/"},"thumbnailUrl":"https:\/\/i0.wp.com\/casadecampoliving.com\/wp-content\/uploads\/2022\/10\/independencia_republica_dominicana-1.jpg?resize=150%2C150&ssl=1","image":{"@type":"ImageObject","url":"https:\/\/i0.wp.com\/casadecampoliving.com\/wp-content\/uploads\/2022\/10\/independencia_republica_dominicana-1.jpg?fit=650%2C374&ssl=1"},"articleSection":"Destacados","author":[{"@type":"Person","name":"Lenny Castillo"}],"creator":["Lenny Castillo"],"publisher":{"@type":"Organization","name":"Casa de Campo Living","logo":"https:\/\/casadecampoliving.com\/wp-content\/uploads\/2022\/07\/CDCLivingLogo_V1-white-sized.png"},"keywords":["constitucion","dias feriados","independencia dominicana"],"dateCreated":"2013-11-03T04:00:00Z","datePublished":"2013-11-03T04:00:00Z","dateModified":"2022-10-21T22:49:54Z"},"rendered":"<script type=\"application\/ld+json\" class=\"wp-parsely-metadata\">{\"@context\":\"https:\\\/\\\/schema.org\",\"@type\":\"NewsArticle\",\"headline\":\"D\\u00eda de la Constituci\\u00f3n Dominicana; motivo de este fin de semana largo\",\"url\":\"http:\\\/\\\/casadecampoliving.com\\\/es\\\/conozca-los-proximos-dias-feriados-de-la-republica-dominicana-en-este-2013-2\\\/\",\"mainEntityOfPage\":{\"@type\":\"WebPage\",\"@id\":\"http:\\\/\\\/casadecampoliving.com\\\/es\\\/conozca-los-proximos-dias-feriados-de-la-republica-dominicana-en-este-2013-2\\\/\"},\"thumbnailUrl\":\"https:\\\/\\\/i0.wp.com\\\/casadecampoliving.com\\\/wp-content\\\/uploads\\\/2022\\\/10\\\/independencia_republica_dominicana-1.jpg?resize=150%2C150&ssl=1\",\"image\":{\"@type\":\"ImageObject\",\"url\":\"https:\\\/\\\/i0.wp.com\\\/casadecampoliving.com\\\/wp-content\\\/uploads\\\/2022\\\/10\\\/independencia_republica_dominicana-1.jpg?fit=650%2C374&ssl=1\"},\"articleSection\":\"Destacados\",\"author\":[{\"@type\":\"Person\",\"name\":\"Lenny Castillo\"}],\"creator\":[\"Lenny Castillo\"],\"publisher\":{\"@type\":\"Organization\",\"name\":\"Casa de Campo Living\",\"logo\":\"https:\\\/\\\/casadecampoliving.com\\\/wp-content\\\/uploads\\\/2022\\\/07\\\/CDCLivingLogo_V1-white-sized.png\"},\"keywords\":[\"constitucion\",\"dias feriados\",\"independencia dominicana\"],\"dateCreated\":\"2013-11-03T04:00:00Z\",\"datePublished\":\"2013-11-03T04:00:00Z\",\"dateModified\":\"2022-10-21T22:49:54Z\"}<\/script>","tracker_url":"https:\/\/cdn.parsely.com\/keys\/casadecampoliving.com\/p.js"},"jetpack_publicize_connections":[],"jetpack_featured_media_url":"https:\/\/i0.wp.com\/casadecampoliving.com\/wp-content\/uploads\/2022\/10\/independencia_republica_dominicana-1.jpg?fit=650%2C374&ssl=1","jetpack-related-posts":[{"id":345896,"url":"https:\/\/casadecampoliving.com\/es\/4-razones-por-las-que-todo-dominicano-deberia-conocer-su-constitucion\/","url_meta":{"origin":343198,"position":0},"title":"4 razones por las que todo dominicano deber\u00eda conocer su Constituci\u00f3n","author":"Perkin Agramonte","date":"6 Nov, 2014","format":false,"excerpt":"Aunque el D\u00eda de la Constituci\u00f3n Dominicana fue movido este a\u00f1o al lunes 10 de noviembre, en realidad el D\u00eda de la Constituci\u00f3n\u00a0en la Rep\u00fablica Dominicana es hoy, el 6 de noviembre, es el aniversario de la Constituci\u00f3n Dominicana fue proclamada el 6 de noviembre de 1844 en la ciudad\u2026","rel":"","context":"En \u00abArte y cultura\u00bb","block_context":{"text":"Arte y cultura","link":"https:\/\/casadecampoliving.com\/category\/arte-y-cultura\/"},"img":{"alt_text":"Dominican flag","src":"https:\/\/i0.wp.com\/casadecampoliving.com\/wp-content\/uploads\/2022\/10\/Dominican_flag.jpg?fit=650%2C434&ssl=1&resize=350%2C200","width":350,"height":200,"srcset":"https:\/\/i0.wp.com\/casadecampoliving.com\/wp-content\/uploads\/2022\/10\/Dominican_flag.jpg?fit=650%2C434&ssl=1&resize=350%2C200 1x, https:\/\/i0.wp.com\/casadecampoliving.com\/wp-content\/uploads\/2022\/10\/Dominican_flag.jpg?fit=650%2C434&ssl=1&resize=525%2C300 1.5x"},"classes":[]},{"id":352160,"url":"https:\/\/casadecampoliving.com\/es\/ayer-marco-173-anos-de-la-constitucion-dominicana\/","url_meta":{"origin":343198,"position":1},"title":"Ayer marc\u00f3 173 a\u00f1os de la Constituci\u00f3n Dominicana","author":"Marlenys Guzm\u00e1n Casta\u00f1os","date":"7 Nov, 2017","format":false,"excerpt":"Estamos seguros de que la mayor\u00eda de ustedes pudieron disfrutar del merecido fin de semana largo, pero \u00bfsaben qu\u00e9 fecha se conmemoraba ayer? Cada a\u00f1o, el 6 de noviembre, la Rep\u00fablica Dominicana celebra el \u201cD\u00eda de la Constituci\u00f3n\u201d. En el a\u00f1o 1844, el mismo a\u00f1o en que la Rep\u00fablica Dominicana\u2026","rel":"","context":"En \u00abArte y cultura\u00bb","block_context":{"text":"Arte y cultura","link":"https:\/\/casadecampoliving.com\/category\/arte-y-cultura\/"},"img":{"alt_text":"Dominican flag","src":"https:\/\/i0.wp.com\/casadecampoliving.com\/wp-content\/uploads\/2022\/10\/Dominican_flag.jpg?fit=650%2C434&ssl=1&resize=350%2C200","width":350,"height":200,"srcset":"https:\/\/i0.wp.com\/casadecampoliving.com\/wp-content\/uploads\/2022\/10\/Dominican_flag.jpg?fit=650%2C434&ssl=1&resize=350%2C200 1x, https:\/\/i0.wp.com\/casadecampoliving.com\/wp-content\/uploads\/2022\/10\/Dominican_flag.jpg?fit=650%2C434&ssl=1&resize=525%2C300 1.5x"},"classes":[]},{"id":433460,"url":"https:\/\/casadecampoliving.com\/es\/no-se-pierdan-el-increible-tributo-a-frank-sinatra-para-celebrar-el-40-aniversario-del-anfiteatro-altos-de-chavon\/","url_meta":{"origin":343198,"position":2},"title":"No se pierdan el incre\u00edble tributo a Frank Sinatra para celebrar el 40 aniversario del\u00a0Anfiteatro Altos de Chav\u00f3n","author":"Casa de Campo Living","date":"20 Oct, 2022","format":false,"excerpt":"Siendo uno de los escenarios m\u00e1s emblem\u00e1ticos del pa\u00eds, Casa de Campo Resort\u00ae & Villas celebra las cuatro d\u00e9cadas de aniversario de Altos de Chav\u00f3n con un tributo al gran Frank Sinatra, protagonizado por artistas invitados y una big band tal cual la que acompa\u00f1\u00f3 al artista hace 40 a\u00f1os\u2026","rel":"","context":"En \u00abUncategorized @es\u00bb","block_context":{"text":"Uncategorized @es","link":"https:\/\/casadecampoliving.com\/es\/category\/uncategorized-es\/"},"img":{"alt_text":"","src":"https:\/\/i0.wp.com\/casadecampoliving.com\/wp-content\/uploads\/2022\/10\/Tributo-Frank-Sinatra-Foto-Principal-Amaury-Sanchez-Danilo-Ginebra-Andres-Pichardo-y-Jose-Gabriel-Perez-.jpg?fit=1200%2C873&ssl=1&resize=350%2C200","width":350,"height":200,"srcset":"https:\/\/i0.wp.com\/casadecampoliving.com\/wp-content\/uploads\/2022\/10\/Tributo-Frank-Sinatra-Foto-Principal-Amaury-Sanchez-Danilo-Ginebra-Andres-Pichardo-y-Jose-Gabriel-Perez-.jpg?fit=1200%2C873&ssl=1&resize=350%2C200 1x, https:\/\/i0.wp.com\/casadecampoliving.com\/wp-content\/uploads\/2022\/10\/Tributo-Frank-Sinatra-Foto-Principal-Amaury-Sanchez-Danilo-Ginebra-Andres-Pichardo-y-Jose-Gabriel-Perez-.jpg?fit=1200%2C873&ssl=1&resize=525%2C300 1.5x, https:\/\/i0.wp.com\/casadecampoliving.com\/wp-content\/uploads\/2022\/10\/Tributo-Frank-Sinatra-Foto-Principal-Amaury-Sanchez-Danilo-Ginebra-Andres-Pichardo-y-Jose-Gabriel-Perez-.jpg?fit=1200%2C873&ssl=1&resize=700%2C400 2x, https:\/\/i0.wp.com\/casadecampoliving.com\/wp-content\/uploads\/2022\/10\/Tributo-Frank-Sinatra-Foto-Principal-Amaury-Sanchez-Danilo-Ginebra-Andres-Pichardo-y-Jose-Gabriel-Perez-.jpg?fit=1200%2C873&ssl=1&resize=1050%2C600 3x"},"classes":[]},{"id":340508,"url":"https:\/\/casadecampoliving.com\/es\/conozca-los-proximos-dias-feriados-de-la-republica-dominicana-en-este-2013\/","url_meta":{"origin":343198,"position":3},"title":"\u00a1Conozca los pr\u00f3ximos d\u00edas feriados de la Rep\u00fablica Dominicana en este 2013!","author":"","date":"23 Ene, 2013","format":false,"excerpt":"La Rep\u00fablica Dominicana, cada a\u00f1o, a principios de enero, se convierte en una excusa fabulosa para actuar como un calendario y libro extraordinario de fechas de momentos, vivencias, luchas, guerras y protagonistas responsables de guiar nuestro pa\u00eds hacia una naci\u00f3n libre, democr\u00e1tica y soberana. Acomp\u00e1\u00f1enos en este recorrido de la\u2026","rel":"","context":"En \u00abArte y cultura\u00bb","block_context":{"text":"Arte y cultura","link":"https:\/\/casadecampoliving.com\/category\/arte-y-cultura\/"},"img":{"alt_text":"Dominican Holidays","src":"https:\/\/i0.wp.com\/casadecampoliving.com\/wp-content\/uploads\/2022\/10\/dominican_holidays-1.jpg?fit=650%2C452&ssl=1&resize=350%2C200","width":350,"height":200,"srcset":"https:\/\/i0.wp.com\/casadecampoliving.com\/wp-content\/uploads\/2022\/10\/dominican_holidays-1.jpg?fit=650%2C452&ssl=1&resize=350%2C200 1x, https:\/\/i0.wp.com\/casadecampoliving.com\/wp-content\/uploads\/2022\/10\/dominican_holidays-1.jpg?fit=650%2C452&ssl=1&resize=525%2C300 1.5x"},"classes":[]},{"id":346417,"url":"https:\/\/casadecampoliving.com\/es\/fiestas-nacionales-dominicanas-en-2015\/","url_meta":{"origin":343198,"position":4},"title":"Fiestas Nacionales Dominicanas en 2015","author":"Rebecca Hughes","date":"31 Dic, 2014","format":false,"excerpt":"\u00a1El comienzo de un nuevo a\u00f1o trae un nuevo calendario de actividades y fascinantes d\u00edas festivos dominicanos! Para aquellos de ustedes que viven en la Rep\u00fablica Dominicana (y no son dominicanos), las Fiestas Nacionales Dominicanas todav\u00eda puede ser un misterio para usted, as\u00ed que aqu\u00ed le traemos un calendario completo\u00a0de\u2026","rel":"","context":"En \u00abArte y cultura\u00bb","block_context":{"text":"Arte y cultura","link":"https:\/\/casadecampoliving.com\/category\/arte-y-cultura\/"},"img":{"alt_text":"Dominican flag","src":"https:\/\/i0.wp.com\/casadecampoliving.com\/wp-content\/uploads\/2022\/10\/Dominican_flag.jpg?fit=650%2C434&ssl=1&resize=350%2C200","width":350,"height":200,"srcset":"https:\/\/i0.wp.com\/casadecampoliving.com\/wp-content\/uploads\/2022\/10\/Dominican_flag.jpg?fit=650%2C434&ssl=1&resize=350%2C200 1x, https:\/\/i0.wp.com\/casadecampoliving.com\/wp-content\/uploads\/2022\/10\/Dominican_flag.jpg?fit=650%2C434&ssl=1&resize=525%2C300 1.5x"},"classes":[]},{"id":343010,"url":"https:\/\/casadecampoliving.com\/es\/famosos-djs-las-gemelas-nervo-y-dmitri-vegas-y-like-mike-en-la-marina-casa-de-campo-1ro-de-noviembre\/","url_meta":{"origin":343198,"position":5},"title":"Famosos DJ&#8217;s las gemelas Nervo y Dimitri Vegas y Like Mike en La Marina Casa de Campo &#8211; 1ro de noviembre","author":"Genesis Perdomo","date":"3 Oct, 2013","format":false,"excerpt":"Estupenda noticias amigos, no solo el primer fin de semana de noviembre es uno largo, pero aqu\u00ed en Casa de Campo ya hay una cantidad de eventos \u00a0y actividades preparadas! Incluyendo una fiesta de Praia con los grandes DJ\u2019s\u00a0Dimitri Vegas & Like Mike y las gemelas Nervo. La fiesta siendo\u2026","rel":"","context":"En \u00abDestacados\u00bb","block_context":{"text":"Destacados","link":"https:\/\/casadecampoliving.com\/es\/category\/destacados\/"},"img":{"alt_text":"praia","src":"https:\/\/i0.wp.com\/casadecampoliving.com\/wp-content\/uploads\/2022\/10\/praia-3.jpg?fit=650%2C259&ssl=1&resize=350%2C200","width":350,"height":200,"srcset":"https:\/\/i0.wp.com\/casadecampoliving.com\/wp-content\/uploads\/2022\/10\/praia-3.jpg?fit=650%2C259&ssl=1&resize=350%2C200 1x, https:\/\/i0.wp.com\/casadecampoliving.com\/wp-content\/uploads\/2022\/10\/praia-3.jpg?fit=650%2C259&ssl=1&resize=525%2C300 1.5x"},"classes":[]}],"jetpack_sharing_enabled":true,"_links":{"self":[{"href":"https:\/\/casadecampoliving.com\/es\/wp-json\/wp\/v2\/posts\/343198","targetHints":{"allow":["GET"]}}],"collection":[{"href":"https:\/\/casadecampoliving.com\/es\/wp-json\/wp\/v2\/posts"}],"about":[{"href":"https:\/\/casadecampoliving.com\/es\/wp-json\/wp\/v2\/types\/post"}],"author":[{"embeddable":true,"href":"https:\/\/casadecampoliving.com\/es\/wp-json\/wp\/v2\/users\/392"}],"replies":[{"embeddable":true,"href":"https:\/\/casadecampoliving.com\/es\/wp-json\/wp\/v2\/comments?post=343198"}],"version-history":[{"count":1,"href":"https:\/\/casadecampoliving.com\/es\/wp-json\/wp\/v2\/posts\/343198\/revisions"}],"predecessor-version":[{"id":343199,"href":"https:\/\/casadecampoliving.com\/es\/wp-json\/wp\/v2\/posts\/343198\/revisions\/343199"}],"wp:featuredmedia":[{"embeddable":true,"href":"https:\/\/casadecampoliving.com\/es\/wp-json\/wp\/v2\/media\/230301"}],"wp:attachment":[{"href":"https:\/\/casadecampoliving.com\/es\/wp-json\/wp\/v2\/media?parent=343198"}],"wp:term":[{"taxonomy":"category","embeddable":true,"href":"https:\/\/casadecampoliving.com\/es\/wp-json\/wp\/v2\/categories?post=343198"},{"taxonomy":"post_tag","embeddable":true,"href":"https:\/\/casadecampoliving.com\/es\/wp-json\/wp\/v2\/tags?post=343198"},{"taxonomy":"newspack_spnsrs_tax","embeddable":true,"href":"https:\/\/casadecampoliving.com\/es\/wp-json\/wp\/v2\/newspack_spnsrs_tax?post=343198"}],"curies":[{"name":"wp","href":"https:\/\/api.w.org\/{rel}","templated":true}]}}