{"id":343153,"date":"2013-10-28T00:00:00","date_gmt":"2013-10-28T04:00:00","guid":{"rendered":"https:\/\/casadecampoliving.com\/la-extrana\/"},"modified":"2022-10-21T18:48:52","modified_gmt":"2022-10-21T22:48:52","slug":"la-extrana","status":"publish","type":"post","link":"https:\/\/casadecampoliving.com\/es\/la-extrana\/","title":{"rendered":"Sergio Gobbi &#038; Leo Proa\u00f1o comienzan rodaje de \u00abLa Extra\u00f1a\u00bb esta semana en Casa de Campo"},"content":{"rendered":"<div class=\"wp-block-image\">\n<figure class=\"aligncenter is-resized\"><img loading=\"lazy\" decoding=\"async\" src=\"https:\/\/i0.wp.com\/casadecampoliving.com\/wp-content\/uploads\/2022\/10\/sergio_gobbi.jpg?resize=650%2C412&amp;ssl=1\" alt=\"sergio gobbi\" class=\"wp-image-64557\" title=\"sergio_gobbi\" height=\"412\" width=\"650\"\/><\/figure>\n<\/div>\n\n\n<p class=\"wp-block-paragraph\">El due\u00f1o de villa de Casa de Campo&nbsp;Sergio Gobbi, y Leo Proa\u00f1o quien creci\u00f3 aqu\u00ed en Casa de Campo, iniciar\u00e1n el rodaje de su \u00faltima pel\u00edcula \u201cLa Extra\u00f1a\u201d en Casa de Campo, el pr\u00f3ximo mi\u00e9rcoles 30 de octubre.<\/p>\n\n\n\n<p class=\"wp-block-paragraph\">Sr. Gobbi , un productor de cine franc\u00e9s con m\u00e1s de 45 a\u00f1os de experiencia en el negocio, es el productor de \u201cLa Extra\u00f1a\u201d con su empresa \u201cCompa\u00f1\u00eda Internacional Dominicana\u201d, con la colaboraci\u00f3n de&nbsp;Karibe Entertainment y Kemasi Films, bajo la direcci\u00f3n de C\u00e9sar Rodr\u00edguez y Sergio Gobbi, la producci\u00f3n de Leo Proa\u00f1o y &nbsp;Joan Giacinti como productor ejecutivo.<\/p>\n\n\n\n<!--more-->\n\n\n<div class=\"wp-block-image\">\n<figure class=\"alignright is-resized\"><img loading=\"lazy\" decoding=\"async\" src=\"https:\/\/i0.wp.com\/casadecampoliving.com\/wp-content\/uploads\/2022\/10\/sergio_gobbi_leo_proano.jpg?resize=230%2C332&amp;ssl=1\" alt=\"sergio gobbi leo proano\" class=\"wp-image-64558\" title=\"sergio_gobbi_leo_proano\" height=\"332\" width=\"230\"\/><\/figure>\n<\/div>\n\n\n<p class=\"wp-block-paragraph\">La direcci\u00f3n de la pel\u00edcula ser\u00e1 llevada a cabo por Leticia Tonos Paniagua, la primer dominicana en dirigir una pel\u00edcula en la Rep\u00fablica Dominicana, haciendo de este su segundo proyecto de trabajo junto a Sergio Gobbi y Leo Proa\u00f1o \u2013 la primera fue <a href=\"https:\/\/casadecampoliving.com\/es\/una-entrevista-con-leo-proano-productor-general-de-la-pelicula-cristo-rey\/\">\u201d <span style=\"text-decoration: underline;\">Cristo Rey \u201c<\/span><\/a>, tambi\u00e9n filmada en la Rep\u00fablica Dominicana, la cual ser\u00e1 lanzada en diciembre del a\u00f1o en curso. [<a href=\"https:\/\/casadecampoliving.com\/es\/una-entrevista-con-leo-proano-productor-general-de-la-pelicula-cristo-rey\/\">Haga click aqu\u00ed para leer nuestra entrevista son Leo Proa\u00f1o sobre el proyecto de Cristo Rey.<\/a>]<\/p>\n\n\n\n<p class=\"wp-block-paragraph\">En el rol de protagonistas del filme \u201cLa Extra\u00f1a\u201d estar\u00e1n: Frank Perozo, quien recientemente protagoniz\u00f3 la pel\u00edcula dominicana \u201c\u00bfQui\u00e9n Manda?\u201d y Evelyna Rodr\u00edguez . Tambi\u00e9n como parte del elenco principal estar\u00e1n: Yorlla Castillo, Laura Garc\u00eda Godoy y Crystal Jim\u00e9nez , as\u00ed como Irving Alberti.<\/p>\n\n\n\n<p class=\"wp-block-paragraph\">Tras el rodaje, que se llevar\u00e1 a cabo exclusivamente en todo el Resort Casa de Campo, \u201cLa Extra\u00f1a\u201d, ser\u00e1 lanzada en la primavera 2014. Seg\u00fan Leo Proa\u00f1o, \u201cLa Extra\u00f1a\u201d, ser\u00e1 lanzada en Rep\u00fablica Dominicana y Puerto Rico con Carribbean Cinemas, en Francia y toda Europa con AVD Communications.<\/p>\n\n\n\n<h3 class=\"wp-block-heading\">Sergio Gobbi y &nbsp;Charles Bluhdorn<\/h3>\n\n\n\n<p class=\"wp-block-paragraph\">El rodaje de \u201cLa Extra\u00f1a\u201d, es particularmente interesante por la relaci\u00f3n tan especial entre Sergio Gobbi, Charles Bludhorn y la versi\u00f3n original de \u201cLa Extra\u00f1a\u201d.<\/p>\n\n\n\n<p class=\"wp-block-paragraph\">\u201cLa Extra\u00f1a\u201d en su versi\u00f3n original se llama: \u201cL\u2019etrangere\u201d y de hecho fue el primer \u00e9xito mundial de Sergio Gobbi, filmaci\u00f3n que llev\u00f3 a ser contratado por Charles Bluhdorn, en ese momento presidente de Paramount Pictures, como productor.<\/p>\n\n\n\n<h3 class=\"wp-block-heading\">\u201cLa Extra\u00f1a\u201d<\/h3>\n\n\n\n<p class=\"wp-block-paragraph\">La pel\u00edcula trata sobre Alberto Caba (interpretado por Frank Perozo), quien es el due\u00f1o de una editorial en Santo Domingo. Alberto est\u00e1 traumatizado por un accidente con su ex esposa, Gaia, que la dej\u00f3 postrada en cama. Alberto la visita frecuentemente en la semana.<\/p>\n\n\n\n<p class=\"wp-block-paragraph\">Abrumado por el trabajo despu\u00e9s de ver c\u00f3mo la tecnolog\u00eda est\u00e1 reemplazando los libros de papel con lo digital, y c\u00f3mo esto ha provocado una ca\u00edda en las ventas, junto con la condici\u00f3n de su ex-esposa que \u00e9l todav\u00eda ama, Alberto decide abandonar la Casa de Campo, donde su familia tiene una propiedad.<\/p>\n\n\n\n<p class=\"wp-block-paragraph\">En la entrada se encuentra con una hermosa mujer llamada Rosa (interpretado por Evelyna Rodriguez) con el que se inicia una nueva relaci\u00f3n \u2026dejando al Alberto sin saber si \u00e9l est\u00e1 viviendo una pesadilla o un sue\u00f1o.<\/p>\n","protected":false},"excerpt":{"rendered":"<p>El due\u00f1o de villa de Casa de Campo&nbsp;Sergio Gobbi, y Leo Proa\u00f1o quien creci\u00f3 aqu\u00ed en Casa de Campo, iniciar\u00e1n el rodaje de su \u00faltima pel\u00edcula \u201cLa Extra\u00f1a\u201d en Casa de Campo, el pr\u00f3ximo mi\u00e9rcoles 30 de octubre. Sr. Gobbi , un productor de cine franc\u00e9s con m\u00e1s de 45 a\u00f1os de experiencia en el [&hellip;]<\/p>\n","protected":false},"author":392,"featured_media":230233,"comment_status":"closed","ping_status":"closed","sticky":false,"template":"","format":"standard","meta":{"newspack_ads_suppress_ads":false,"newspack_popups_has_disabled_popups":false,"newspack_sponsor_sponsorship_scope":"","newspack_sponsor_native_byline_display":"inherit","newspack_sponsor_native_category_display":"inherit","newspack_sponsor_underwriter_style":"inherit","newspack_sponsor_underwriter_placement":"inherit","_newspack_byline_active":false,"_newspack_byline":"","newspack_hide_updated_date":false,"newspack_show_updated_date":false,"newspack_featured_image_position":"","newspack_post_subtitle":"","newspack_article_summary_title":"Overview:","newspack_article_summary":"","_jetpack_memberships_contains_paid_content":false,"footnotes":"","jetpack_publicize_message":"{title}\n\n{excerpt}\n\n{url}","jetpack_publicize_feature_enabled":true,"jetpack_social_post_already_shared":false,"jetpack_social_options":{"image_generator_settings":{"template":"highway","default_image_id":0,"font":"","enabled":false},"version":2},"_wpas_customize_per_network":false},"categories":[2513,14631,14625,14627,2521,26822,2526],"tags":[7864,7863,7593,2561,7862],"newspack_spnsrs_tax":[],"class_list":["post-343153","post","type-post","status-publish","format-standard","has-post-thumbnail","hentry","category-celebridades-es","category-estilo-de-vida","category-noticias-locales","category-proximamente","category-republica-dominicana-2","category-resort-casa-de-campo","category-titulares-es","tag-la-extrana-es","tag-leo-proano-es","tag-leticia-tonos-paniagua","tag-resort-casa-de-campo","tag-sergio-gobbi-es","entry"],"yoast_head":"<!-- This site is optimized with the Yoast SEO plugin v28.3 - https:\/\/yoast.com\/product\/yoast-seo-wordpress\/ -->\n<title>Sergio Gobbi &amp; Leo Proa\u00f1o comienzan rodaje de &quot;La Extra\u00f1a&quot; esta semana en Casa de Campo | Casa de Campo Living<\/title>\n<meta name=\"description\" content=\"El due\u00f1o de villa de Casa de Campo&nbsp;Sergio Gobbi, y Leo Proa\u00f1o quien creci\u00f3 aqu\u00ed en Casa de Campo, iniciar\u00e1n el rodaje de su \u00faltima pel\u00edcula \u201cLa\" \/>\n<meta name=\"robots\" content=\"index, follow, max-snippet:-1, max-image-preview:large, max-video-preview:-1\" \/>\n<link rel=\"canonical\" href=\"https:\/\/casadecampoliving.com\/es\/la-extrana\/\" \/>\n<meta property=\"og:locale\" content=\"es_ES\" \/>\n<meta property=\"og:type\" content=\"article\" \/>\n<meta property=\"og:title\" content=\"Sergio Gobbi &amp; Leo Proa\u00f1o comienzan rodaje de &quot;La Extra\u00f1a&quot; esta semana en Casa de Campo | Casa de Campo Living\" \/>\n<meta property=\"og:description\" content=\"El due\u00f1o de villa de Casa de Campo&nbsp;Sergio Gobbi, y Leo Proa\u00f1o quien creci\u00f3 aqu\u00ed en Casa de Campo, iniciar\u00e1n el rodaje de su \u00faltima pel\u00edcula \u201cLa\" \/>\n<meta property=\"og:url\" content=\"https:\/\/casadecampoliving.com\/es\/la-extrana\/\" \/>\n<meta property=\"og:site_name\" content=\"Casa de Campo Living\" \/>\n<meta property=\"article:publisher\" content=\"https:\/\/www.facebook.com\/casadecampoliving\" \/>\n<meta property=\"article:published_time\" content=\"2013-10-28T04:00:00+00:00\" \/>\n<meta property=\"article:modified_time\" content=\"2022-10-21T22:48:52+00:00\" \/>\n<meta property=\"og:image\" content=\"https:\/\/i0.wp.com\/casadecampoliving.com\/wp-content\/uploads\/2022\/10\/sergio_gobbi-1.jpg?fit=650%2C412&ssl=1\" \/>\n\t<meta property=\"og:image:width\" content=\"650\" \/>\n\t<meta property=\"og:image:height\" content=\"412\" \/>\n\t<meta property=\"og:image:type\" content=\"image\/jpeg\" \/>\n<meta name=\"author\" content=\"Lenny Castillo\" \/>\n<meta name=\"twitter:card\" content=\"summary_large_image\" \/>\n<meta name=\"twitter:creator\" content=\"@cdcliving\" \/>\n<meta name=\"twitter:site\" content=\"@cdcliving\" \/>\n<meta name=\"twitter:label1\" content=\"Escrito por\" \/>\n\t<meta name=\"twitter:data1\" content=\"Lenny Castillo\" \/>\n\t<meta name=\"twitter:label2\" content=\"Tiempo de lectura\" \/>\n\t<meta name=\"twitter:data2\" content=\"3 minutos\" \/>\n<script type=\"application\/ld+json\" class=\"yoast-schema-graph\">{\"@context\":\"https:\\\/\\\/schema.org\",\"@graph\":[{\"@type\":\"Article\",\"@id\":\"https:\\\/\\\/casadecampoliving.com\\\/es\\\/la-extrana\\\/#article\",\"isPartOf\":{\"@id\":\"https:\\\/\\\/casadecampoliving.com\\\/es\\\/la-extrana\\\/\"},\"author\":{\"name\":\"Lenny Castillo\",\"@id\":\"https:\\\/\\\/casadecampoliving.com\\\/es\\\/#\\\/schema\\\/person\\\/bde9253359bd80f29448cb1dee503f4d\"},\"headline\":\"Sergio Gobbi &#038; Leo Proa\u00f1o comienzan rodaje de \u00abLa Extra\u00f1a\u00bb esta semana en Casa de Campo\",\"datePublished\":\"2013-10-28T04:00:00+00:00\",\"dateModified\":\"2022-10-21T22:48:52+00:00\",\"mainEntityOfPage\":{\"@id\":\"https:\\\/\\\/casadecampoliving.com\\\/es\\\/la-extrana\\\/\"},\"wordCount\":546,\"publisher\":{\"@id\":\"https:\\\/\\\/casadecampoliving.com\\\/es\\\/#organization\"},\"image\":{\"@id\":\"https:\\\/\\\/casadecampoliving.com\\\/es\\\/la-extrana\\\/#primaryimage\"},\"thumbnailUrl\":\"https:\\\/\\\/i0.wp.com\\\/casadecampoliving.com\\\/wp-content\\\/uploads\\\/2022\\\/10\\\/sergio_gobbi-1.jpg?fit=650%2C412&ssl=1\",\"keywords\":[\"la extrana @es\",\"leo proano @es\",\"Leticia Tonos Paniagua\",\"resort casa de campo\",\"sergio gobbi @es\"],\"articleSection\":[\"Celebridades\",\"Estilo de Vida\",\"Noticias Locales\",\"Proximamente\",\"Rep\u00fablica Dominicana @es\",\"Resort Casa de Campo\",\"Titulares\"],\"inLanguage\":\"es\"},{\"@type\":\"WebPage\",\"@id\":\"https:\\\/\\\/casadecampoliving.com\\\/es\\\/la-extrana\\\/\",\"url\":\"https:\\\/\\\/casadecampoliving.com\\\/es\\\/la-extrana\\\/\",\"name\":\"Sergio Gobbi & Leo Proa\u00f1o comienzan rodaje de \\\"La Extra\u00f1a\\\" esta semana en Casa de Campo | Casa de Campo Living\",\"isPartOf\":{\"@id\":\"https:\\\/\\\/casadecampoliving.com\\\/es\\\/#website\"},\"primaryImageOfPage\":{\"@id\":\"https:\\\/\\\/casadecampoliving.com\\\/es\\\/la-extrana\\\/#primaryimage\"},\"image\":{\"@id\":\"https:\\\/\\\/casadecampoliving.com\\\/es\\\/la-extrana\\\/#primaryimage\"},\"thumbnailUrl\":\"https:\\\/\\\/i0.wp.com\\\/casadecampoliving.com\\\/wp-content\\\/uploads\\\/2022\\\/10\\\/sergio_gobbi-1.jpg?fit=650%2C412&ssl=1\",\"datePublished\":\"2013-10-28T04:00:00+00:00\",\"dateModified\":\"2022-10-21T22:48:52+00:00\",\"description\":\"El due\u00f1o de villa de Casa de Campo&nbsp;Sergio Gobbi, y Leo Proa\u00f1o quien creci\u00f3 aqu\u00ed en Casa de Campo, iniciar\u00e1n el rodaje de su \u00faltima pel\u00edcula \u201cLa\",\"breadcrumb\":{\"@id\":\"https:\\\/\\\/casadecampoliving.com\\\/es\\\/la-extrana\\\/#breadcrumb\"},\"inLanguage\":\"es\",\"potentialAction\":[{\"@type\":\"ReadAction\",\"target\":[\"https:\\\/\\\/casadecampoliving.com\\\/es\\\/la-extrana\\\/\"]}]},{\"@type\":\"ImageObject\",\"inLanguage\":\"es\",\"@id\":\"https:\\\/\\\/casadecampoliving.com\\\/es\\\/la-extrana\\\/#primaryimage\",\"url\":\"https:\\\/\\\/i0.wp.com\\\/casadecampoliving.com\\\/wp-content\\\/uploads\\\/2022\\\/10\\\/sergio_gobbi-1.jpg?fit=650%2C412&ssl=1\",\"contentUrl\":\"https:\\\/\\\/i0.wp.com\\\/casadecampoliving.com\\\/wp-content\\\/uploads\\\/2022\\\/10\\\/sergio_gobbi-1.jpg?fit=650%2C412&ssl=1\",\"width\":650,\"height\":412,\"caption\":\"Sergio Gobbi\"},{\"@type\":\"BreadcrumbList\",\"@id\":\"https:\\\/\\\/casadecampoliving.com\\\/es\\\/la-extrana\\\/#breadcrumb\",\"itemListElement\":[{\"@type\":\"ListItem\",\"position\":1,\"name\":\"Home\",\"item\":\"https:\\\/\\\/casadecampoliving.com\\\/es\\\/\"},{\"@type\":\"ListItem\",\"position\":2,\"name\":\"Sergio Gobbi &#038; Leo Proa\u00f1o comienzan rodaje de &#8220;La Extra\u00f1a&#8221; esta semana en Casa de Campo\"}]},{\"@type\":\"WebSite\",\"@id\":\"https:\\\/\\\/casadecampoliving.com\\\/es\\\/#website\",\"url\":\"https:\\\/\\\/casadecampoliving.com\\\/es\\\/\",\"name\":\"Casa de Campo Living\",\"description\":\"Resort community news and resources.\",\"publisher\":{\"@id\":\"https:\\\/\\\/casadecampoliving.com\\\/es\\\/#organization\"},\"potentialAction\":[{\"@type\":\"SearchAction\",\"target\":{\"@type\":\"EntryPoint\",\"urlTemplate\":\"https:\\\/\\\/casadecampoliving.com\\\/es\\\/?s={search_term_string}\"},\"query-input\":{\"@type\":\"PropertyValueSpecification\",\"valueRequired\":true,\"valueName\":\"search_term_string\"}}],\"inLanguage\":\"es\"},{\"@type\":\"Organization\",\"@id\":\"https:\\\/\\\/casadecampoliving.com\\\/es\\\/#organization\",\"name\":\"Casa de Campo Living\",\"url\":\"https:\\\/\\\/casadecampoliving.com\\\/es\\\/\",\"logo\":{\"@type\":\"ImageObject\",\"inLanguage\":\"es\",\"@id\":\"https:\\\/\\\/casadecampoliving.com\\\/es\\\/#\\\/schema\\\/logo\\\/image\\\/\",\"url\":\"https:\\\/\\\/i0.wp.com\\\/casadecampoliving.com\\\/wp-content\\\/uploads\\\/2022\\\/07\\\/CDCLivingLogo_V1-white-sized.png?fit=800%2C214&ssl=1\",\"contentUrl\":\"https:\\\/\\\/i0.wp.com\\\/casadecampoliving.com\\\/wp-content\\\/uploads\\\/2022\\\/07\\\/CDCLivingLogo_V1-white-sized.png?fit=800%2C214&ssl=1\",\"width\":800,\"height\":214,\"caption\":\"Casa de Campo Living\"},\"image\":{\"@id\":\"https:\\\/\\\/casadecampoliving.com\\\/es\\\/#\\\/schema\\\/logo\\\/image\\\/\"},\"sameAs\":[\"https:\\\/\\\/www.facebook.com\\\/casadecampoliving\",\"https:\\\/\\\/x.com\\\/cdcliving\"]},{\"@type\":\"Person\",\"@id\":\"https:\\\/\\\/casadecampoliving.com\\\/es\\\/#\\\/schema\\\/person\\\/bde9253359bd80f29448cb1dee503f4d\",\"name\":\"Lenny Castillo\",\"image\":{\"@type\":\"ImageObject\",\"inLanguage\":\"es\",\"@id\":\"https:\\\/\\\/secure.gravatar.com\\\/avatar\\\/7dfd1a6dc314579a5019d4ffdf4f2d34c70345f2bbbdae3b5bb2aca665d89299?s=96&d=mm&r=g\",\"url\":\"https:\\\/\\\/secure.gravatar.com\\\/avatar\\\/7dfd1a6dc314579a5019d4ffdf4f2d34c70345f2bbbdae3b5bb2aca665d89299?s=96&d=mm&r=g\",\"contentUrl\":\"https:\\\/\\\/secure.gravatar.com\\\/avatar\\\/7dfd1a6dc314579a5019d4ffdf4f2d34c70345f2bbbdae3b5bb2aca665d89299?s=96&d=mm&r=g\",\"caption\":\"Lenny Castillo\"},\"url\":\"https:\\\/\\\/casadecampoliving.com\\\/es\\\/author\\\/lcastillo\\\/\"}]}<\/script>\n<!-- \/ Yoast SEO plugin. -->","yoast_head_json":{"title":"Sergio Gobbi & Leo Proa\u00f1o comienzan rodaje de \"La Extra\u00f1a\" esta semana en Casa de Campo | Casa de Campo Living","description":"El due\u00f1o de villa de Casa de Campo&nbsp;Sergio Gobbi, y Leo Proa\u00f1o quien creci\u00f3 aqu\u00ed en Casa de Campo, iniciar\u00e1n el rodaje de su \u00faltima pel\u00edcula \u201cLa","robots":{"index":"index","follow":"follow","max-snippet":"max-snippet:-1","max-image-preview":"max-image-preview:large","max-video-preview":"max-video-preview:-1"},"canonical":"https:\/\/casadecampoliving.com\/es\/la-extrana\/","og_locale":"es_ES","og_type":"article","og_title":"Sergio Gobbi & Leo Proa\u00f1o comienzan rodaje de \"La Extra\u00f1a\" esta semana en Casa de Campo | Casa de Campo Living","og_description":"El due\u00f1o de villa de Casa de Campo&nbsp;Sergio Gobbi, y Leo Proa\u00f1o quien creci\u00f3 aqu\u00ed en Casa de Campo, iniciar\u00e1n el rodaje de su \u00faltima pel\u00edcula \u201cLa","og_url":"https:\/\/casadecampoliving.com\/es\/la-extrana\/","og_site_name":"Casa de Campo Living","article_publisher":"https:\/\/www.facebook.com\/casadecampoliving","article_published_time":"2013-10-28T04:00:00+00:00","article_modified_time":"2022-10-21T22:48:52+00:00","og_image":[{"width":650,"height":412,"url":"https:\/\/i0.wp.com\/casadecampoliving.com\/wp-content\/uploads\/2022\/10\/sergio_gobbi-1.jpg?fit=650%2C412&ssl=1","type":"image\/jpeg"}],"author":"Lenny Castillo","twitter_card":"summary_large_image","twitter_creator":"@cdcliving","twitter_site":"@cdcliving","twitter_misc":{"Escrito por":"Lenny Castillo","Tiempo de lectura":"3 minutos"},"schema":{"@context":"https:\/\/schema.org","@graph":[{"@type":"Article","@id":"https:\/\/casadecampoliving.com\/es\/la-extrana\/#article","isPartOf":{"@id":"https:\/\/casadecampoliving.com\/es\/la-extrana\/"},"author":{"name":"Lenny Castillo","@id":"https:\/\/casadecampoliving.com\/es\/#\/schema\/person\/bde9253359bd80f29448cb1dee503f4d"},"headline":"Sergio Gobbi &#038; Leo Proa\u00f1o comienzan rodaje de \u00abLa Extra\u00f1a\u00bb esta semana en Casa de Campo","datePublished":"2013-10-28T04:00:00+00:00","dateModified":"2022-10-21T22:48:52+00:00","mainEntityOfPage":{"@id":"https:\/\/casadecampoliving.com\/es\/la-extrana\/"},"wordCount":546,"publisher":{"@id":"https:\/\/casadecampoliving.com\/es\/#organization"},"image":{"@id":"https:\/\/casadecampoliving.com\/es\/la-extrana\/#primaryimage"},"thumbnailUrl":"https:\/\/i0.wp.com\/casadecampoliving.com\/wp-content\/uploads\/2022\/10\/sergio_gobbi-1.jpg?fit=650%2C412&ssl=1","keywords":["la extrana @es","leo proano @es","Leticia Tonos Paniagua","resort casa de campo","sergio gobbi @es"],"articleSection":["Celebridades","Estilo de Vida","Noticias Locales","Proximamente","Rep\u00fablica Dominicana @es","Resort Casa de Campo","Titulares"],"inLanguage":"es"},{"@type":"WebPage","@id":"https:\/\/casadecampoliving.com\/es\/la-extrana\/","url":"https:\/\/casadecampoliving.com\/es\/la-extrana\/","name":"Sergio Gobbi & Leo Proa\u00f1o comienzan rodaje de \"La Extra\u00f1a\" esta semana en Casa de Campo | Casa de Campo Living","isPartOf":{"@id":"https:\/\/casadecampoliving.com\/es\/#website"},"primaryImageOfPage":{"@id":"https:\/\/casadecampoliving.com\/es\/la-extrana\/#primaryimage"},"image":{"@id":"https:\/\/casadecampoliving.com\/es\/la-extrana\/#primaryimage"},"thumbnailUrl":"https:\/\/i0.wp.com\/casadecampoliving.com\/wp-content\/uploads\/2022\/10\/sergio_gobbi-1.jpg?fit=650%2C412&ssl=1","datePublished":"2013-10-28T04:00:00+00:00","dateModified":"2022-10-21T22:48:52+00:00","description":"El due\u00f1o de villa de Casa de Campo&nbsp;Sergio Gobbi, y Leo Proa\u00f1o quien creci\u00f3 aqu\u00ed en Casa de Campo, iniciar\u00e1n el rodaje de su \u00faltima pel\u00edcula \u201cLa","breadcrumb":{"@id":"https:\/\/casadecampoliving.com\/es\/la-extrana\/#breadcrumb"},"inLanguage":"es","potentialAction":[{"@type":"ReadAction","target":["https:\/\/casadecampoliving.com\/es\/la-extrana\/"]}]},{"@type":"ImageObject","inLanguage":"es","@id":"https:\/\/casadecampoliving.com\/es\/la-extrana\/#primaryimage","url":"https:\/\/i0.wp.com\/casadecampoliving.com\/wp-content\/uploads\/2022\/10\/sergio_gobbi-1.jpg?fit=650%2C412&ssl=1","contentUrl":"https:\/\/i0.wp.com\/casadecampoliving.com\/wp-content\/uploads\/2022\/10\/sergio_gobbi-1.jpg?fit=650%2C412&ssl=1","width":650,"height":412,"caption":"Sergio Gobbi"},{"@type":"BreadcrumbList","@id":"https:\/\/casadecampoliving.com\/es\/la-extrana\/#breadcrumb","itemListElement":[{"@type":"ListItem","position":1,"name":"Home","item":"https:\/\/casadecampoliving.com\/es\/"},{"@type":"ListItem","position":2,"name":"Sergio Gobbi &#038; Leo Proa\u00f1o comienzan rodaje de &#8220;La Extra\u00f1a&#8221; esta semana en Casa de Campo"}]},{"@type":"WebSite","@id":"https:\/\/casadecampoliving.com\/es\/#website","url":"https:\/\/casadecampoliving.com\/es\/","name":"Casa de Campo Living","description":"Resort community news and resources.","publisher":{"@id":"https:\/\/casadecampoliving.com\/es\/#organization"},"potentialAction":[{"@type":"SearchAction","target":{"@type":"EntryPoint","urlTemplate":"https:\/\/casadecampoliving.com\/es\/?s={search_term_string}"},"query-input":{"@type":"PropertyValueSpecification","valueRequired":true,"valueName":"search_term_string"}}],"inLanguage":"es"},{"@type":"Organization","@id":"https:\/\/casadecampoliving.com\/es\/#organization","name":"Casa de Campo Living","url":"https:\/\/casadecampoliving.com\/es\/","logo":{"@type":"ImageObject","inLanguage":"es","@id":"https:\/\/casadecampoliving.com\/es\/#\/schema\/logo\/image\/","url":"https:\/\/i0.wp.com\/casadecampoliving.com\/wp-content\/uploads\/2022\/07\/CDCLivingLogo_V1-white-sized.png?fit=800%2C214&ssl=1","contentUrl":"https:\/\/i0.wp.com\/casadecampoliving.com\/wp-content\/uploads\/2022\/07\/CDCLivingLogo_V1-white-sized.png?fit=800%2C214&ssl=1","width":800,"height":214,"caption":"Casa de Campo Living"},"image":{"@id":"https:\/\/casadecampoliving.com\/es\/#\/schema\/logo\/image\/"},"sameAs":["https:\/\/www.facebook.com\/casadecampoliving","https:\/\/x.com\/cdcliving"]},{"@type":"Person","@id":"https:\/\/casadecampoliving.com\/es\/#\/schema\/person\/bde9253359bd80f29448cb1dee503f4d","name":"Lenny Castillo","image":{"@type":"ImageObject","inLanguage":"es","@id":"https:\/\/secure.gravatar.com\/avatar\/7dfd1a6dc314579a5019d4ffdf4f2d34c70345f2bbbdae3b5bb2aca665d89299?s=96&d=mm&r=g","url":"https:\/\/secure.gravatar.com\/avatar\/7dfd1a6dc314579a5019d4ffdf4f2d34c70345f2bbbdae3b5bb2aca665d89299?s=96&d=mm&r=g","contentUrl":"https:\/\/secure.gravatar.com\/avatar\/7dfd1a6dc314579a5019d4ffdf4f2d34c70345f2bbbdae3b5bb2aca665d89299?s=96&d=mm&r=g","caption":"Lenny Castillo"},"url":"https:\/\/casadecampoliving.com\/es\/author\/lcastillo\/"}]}},"parsely":{"version":"1.1.0","canonical_url":"https:\/\/casadecampoliving.com\/es\/la-extrana\/","smart_links":{"inbound":0,"outbound":0},"traffic_boost_suggestions_count":0,"meta":{"@context":"https:\/\/schema.org","@type":"NewsArticle","headline":"Sergio Gobbi &#038; Leo Proa\u00f1o comienzan rodaje de \u00abLa Extra\u00f1a\u00bb esta semana en Casa de Campo","url":"http:\/\/casadecampoliving.com\/es\/la-extrana\/","mainEntityOfPage":{"@type":"WebPage","@id":"http:\/\/casadecampoliving.com\/es\/la-extrana\/"},"thumbnailUrl":"https:\/\/i0.wp.com\/casadecampoliving.com\/wp-content\/uploads\/2022\/10\/sergio_gobbi-1.jpg?resize=150%2C150&ssl=1","image":{"@type":"ImageObject","url":"https:\/\/i0.wp.com\/casadecampoliving.com\/wp-content\/uploads\/2022\/10\/sergio_gobbi-1.jpg?fit=650%2C412&ssl=1"},"articleSection":"Celebridades","author":[{"@type":"Person","name":"Lenny Castillo"}],"creator":["Lenny Castillo"],"publisher":{"@type":"Organization","name":"Casa de Campo Living","logo":"https:\/\/casadecampoliving.com\/wp-content\/uploads\/2022\/07\/CDCLivingLogo_V1-white-sized.png"},"keywords":["la extrana @es","leo proano @es","leticia tonos paniagua","resort casa de campo","sergio gobbi @es"],"dateCreated":"2013-10-28T04:00:00Z","datePublished":"2013-10-28T04:00:00Z","dateModified":"2022-10-21T22:48:52Z"},"rendered":"<meta name=\"parsely-title\" content=\"Sergio Gobbi &#038; Leo Proa\u00f1o comienzan rodaje de \u00abLa Extra\u00f1a\u00bb esta semana en Casa de Campo\" \/>\n<meta name=\"parsely-link\" content=\"http:\/\/casadecampoliving.com\/es\/la-extrana\/\" \/>\n<meta name=\"parsely-type\" content=\"post\" \/>\n<meta name=\"parsely-image-url\" content=\"https:\/\/i0.wp.com\/casadecampoliving.com\/wp-content\/uploads\/2022\/10\/sergio_gobbi-1.jpg?resize=150%2C150&amp;ssl=1\" \/>\n<meta name=\"parsely-pub-date\" content=\"2013-10-28T04:00:00Z\" \/>\n<meta name=\"parsely-section\" content=\"Celebridades\" \/>\n<meta name=\"parsely-tags\" content=\"la extrana @es,leo proano @es,leticia tonos paniagua,resort casa de campo,sergio gobbi @es\" \/>\n<meta name=\"parsely-author\" content=\"Lenny Castillo\" \/>","tracker_url":"https:\/\/cdn.parsely.com\/keys\/casadecampoliving.com\/p.js"},"jetpack_publicize_connections":[],"jetpack-related-posts":[{"id":322809,"url":"https:\/\/casadecampoliving.com\/sergio-gobbi-leo-proano-start-shooting-la-extrana-week-casa-de-campo\/","url_meta":{"origin":343153,"position":0},"title":"Sergio Gobbi &#038; Leo Proa\u00f1o start shooting \u201cLa Extra\u00f1a\u201d this week in Casa de Campo","author":"Rebecca Silvestri","date":"28 Oct, 2013","format":false,"excerpt":"Casa de Campo villa owner Sergio Gobbi, and Leo Proa\u00f1o who grew up in Casa de Campo, will start filming their latest movie \u201cLa Extra\u00f1a\u201d in Casa de Campo this Wednesday the 30th of October. Mr. Gobbi, a French film producer with more than 45 years experience in the business,\u2026","rel":"","context":"En \u00abArt and Culture\u00bb","block_context":{"text":"Art and Culture","link":"https:\/\/casadecampoliving.com\/category\/art-and-culture\/"},"img":{"alt_text":"Sergio Gobbi","src":"https:\/\/i0.wp.com\/casadecampoliving.com\/wp-content\/uploads\/2022\/10\/sergio_gobbi-1.jpg?fit=650%2C412&ssl=1&resize=350%2C200","width":350,"height":200,"srcset":"https:\/\/i0.wp.com\/casadecampoliving.com\/wp-content\/uploads\/2022\/10\/sergio_gobbi-1.jpg?fit=650%2C412&ssl=1&resize=350%2C200 1x, https:\/\/i0.wp.com\/casadecampoliving.com\/wp-content\/uploads\/2022\/10\/sergio_gobbi-1.jpg?fit=650%2C412&ssl=1&resize=525%2C300 1.5x"},"classes":[]},{"id":344161,"url":"https:\/\/casadecampoliving.com\/es\/la-extrana-llega-todos-los-cines-del-pais-el-15-de-mayo\/","url_meta":{"origin":343153,"position":1},"title":"La Extra\u00f1a llega a todos los cines del pa\u00eds el 15 de mayo","author":"Perkin Agramonte","date":"9 Abr, 2014","format":false,"excerpt":"\u201cLa Extra\u00f1a\u201d, una pel\u00edcula rodada aqu\u00ed en Casa de Campo durante los meses de noviembre y diciembre del a\u00f1o pasado, ser\u00e1 puesta en cartelera en todos los cines del pa\u00eds a partir del 15 de mayo. Los productores ejecutivos de La Extra\u00f1a son Joan Giacinti y el due\u00f1o de villa\u2026","rel":"","context":"En \u00abAltos de Chavon @es\u00bb","block_context":{"text":"Altos de Chavon @es","link":"https:\/\/casadecampoliving.com\/category\/altos-de-chavon-es\/"},"img":{"alt_text":"Frank Perozo","src":"https:\/\/i0.wp.com\/casadecampoliving.com\/wp-content\/uploads\/2022\/10\/frank_perozo-1.jpg?fit=650%2C433&ssl=1&resize=350%2C200","width":350,"height":200,"srcset":"https:\/\/i0.wp.com\/casadecampoliving.com\/wp-content\/uploads\/2022\/10\/frank_perozo-1.jpg?fit=650%2C433&ssl=1&resize=350%2C200 1x, https:\/\/i0.wp.com\/casadecampoliving.com\/wp-content\/uploads\/2022\/10\/frank_perozo-1.jpg?fit=650%2C433&ssl=1&resize=525%2C300 1.5x"},"classes":[]},{"id":344362,"url":"https:\/\/casadecampoliving.com\/es\/premier-de-la-extrana-en-la-marina-casa-de-campo\/","url_meta":{"origin":343153,"position":2},"title":"Premier de La Extra\u00f1a en la Marina Casa de Campo","author":"Perkin Agramonte","date":"12 May, 2014","format":false,"excerpt":"Destacada. Olv\u00eddese de la maravillosa after-party y de todo el champ\u00e1n. La verdadera estrella de la premiere celebrada el viernes 9 de mayo en la Marina Casa de Campo, fue sin lugar a duda, la pel\u00edcula La Extra\u00f1a. Fue sensacional en todo el sentido de la palabra. Siendo la primera\u2026","rel":"","context":"En \u00abCasa de Campo Living @es\u00bb","block_context":{"text":"Casa de Campo Living @es","link":"https:\/\/casadecampoliving.com\/category\/casa-de-campo-living-es\/"},"img":{"alt_text":"La Extrana, Crystal Jimenez, Frank Perozo, Evelyna Rodriguez, Sergio Gobbi, Cesar Rodriguez","src":"https:\/\/i0.wp.com\/casadecampoliving.com\/wp-content\/uploads\/2022\/10\/La_Extrana_Crystal_Jimenez_Frank_Perozo_Evelyna_Rodriguez_Sergio_Gobbi_Cesar_Rodriguez-1.jpg?fit=650%2C395&ssl=1&resize=350%2C200","width":350,"height":200,"srcset":"https:\/\/i0.wp.com\/casadecampoliving.com\/wp-content\/uploads\/2022\/10\/La_Extrana_Crystal_Jimenez_Frank_Perozo_Evelyna_Rodriguez_Sergio_Gobbi_Cesar_Rodriguez-1.jpg?fit=650%2C395&ssl=1&resize=350%2C200 1x, https:\/\/i0.wp.com\/casadecampoliving.com\/wp-content\/uploads\/2022\/10\/La_Extrana_Crystal_Jimenez_Frank_Perozo_Evelyna_Rodriguez_Sergio_Gobbi_Cesar_Rodriguez-1.jpg?fit=650%2C395&ssl=1&resize=525%2C300 1.5x"},"classes":[]},{"id":344425,"url":"https:\/\/casadecampoliving.com\/es\/la-extrana-mas-fotos-de-la-premier-en-la-marina-casa-de-campo\/","url_meta":{"origin":343153,"position":3},"title":"La Extra\u00f1a- m\u00e1s fotos de la premier en la Marina Casa de Campo","author":"Perkin Agramonte","date":"21 May, 2014","format":false,"excerpt":"El viernes 9 de mayo, celebramos la premier internacional de La Extra\u00f1a tra\u00edda a nosotros gracias al productor ejecutivo Sergio Gobbi, un due\u00f1o de villa de Casa de Campo, as\u00ed como por Leo Proa\u00f1o La Extra\u00f1a, primera pel\u00edcula filmada casi exclusivamente dentro del resort Casa de Campo, cuenta una misteriosa\u2026","rel":"","context":"En \u00abCasa de Campo Living @es\u00bb","block_context":{"text":"Casa de Campo Living @es","link":"https:\/\/casadecampoliving.com\/category\/casa-de-campo-living-es\/"},"img":{"alt_text":"","src":"https:\/\/i0.wp.com\/casadecampoliving.com\/wp-content\/uploads\/2022\/10\/La_Extrana_premier-1.jpg?fit=650%2C526&ssl=1&resize=350%2C200","width":350,"height":200,"srcset":"https:\/\/i0.wp.com\/casadecampoliving.com\/wp-content\/uploads\/2022\/10\/La_Extrana_premier-1.jpg?fit=650%2C526&ssl=1&resize=350%2C200 1x, https:\/\/i0.wp.com\/casadecampoliving.com\/wp-content\/uploads\/2022\/10\/La_Extrana_premier-1.jpg?fit=650%2C526&ssl=1&resize=525%2C300 1.5x"},"classes":[]},{"id":323575,"url":"https:\/\/casadecampoliving.com\/la-extrana-100-photos-premier-marina-casa-de-campo\/","url_meta":{"origin":343153,"position":4},"title":"La Extra\u00f1a &#8211; many more photos of the premier at the Marina Casa de Campo","author":"Rebecca Silvestri","date":"21 May, 2014","format":false,"excerpt":"On\u00a0Friday May 9th, we celebrated the international premier of La Extra\u00f1a brought to us by executive producer Sergio Gobbi, a Casa de Campo villa owner, as well as Leo Proa\u00f1o, the movie's producer.\u00a0 La Extra\u00f1a, the first movie to be filmed almost entirely within the Casa de Campo resort, tells\u2026","rel":"","context":"En \u00abCasa de Campo Living\u00bb","block_context":{"text":"Casa de Campo Living","link":"https:\/\/casadecampoliving.com\/category\/casa-de-campo-living\/"},"img":{"alt_text":"","src":"https:\/\/i0.wp.com\/casadecampoliving.com\/wp-content\/uploads\/2022\/10\/La_Extrana_premier-1.jpg?fit=650%2C526&ssl=1&resize=350%2C200","width":350,"height":200,"srcset":"https:\/\/i0.wp.com\/casadecampoliving.com\/wp-content\/uploads\/2022\/10\/La_Extrana_premier-1.jpg?fit=650%2C526&ssl=1&resize=350%2C200 1x, https:\/\/i0.wp.com\/casadecampoliving.com\/wp-content\/uploads\/2022\/10\/La_Extrana_premier-1.jpg?fit=650%2C526&ssl=1&resize=525%2C300 1.5x"},"classes":[]},{"id":345211,"url":"https:\/\/casadecampoliving.com\/es\/la-pelicula-la-extrana-de-casa-de-campo-estreno-en-puerto-rico\/","url_meta":{"origin":343153,"position":5},"title":"Pel\u00edcula La Extra\u00f1a &#8211; estrena en Puerto Rico","author":"Daniela Medina","date":"28 Ago, 2014","format":false,"excerpt":"\u00a1La Extra\u00f1a, la primera pel\u00edcula en la historia en ser grabada casi en su totalidad dentro del Resort Casa de Campo, ahora se estrena en Puerto Rico! La Extra\u00f1a no solo es una pel\u00edcula excelente, filmada aqu\u00ed en Casa de Campo, sino que tambi\u00e9n cuenta con el legendario Sergio Gobbi,\u2026","rel":"","context":"En \u00abAltos de Chavon @es\u00bb","block_context":{"text":"Altos de Chavon @es","link":"https:\/\/casadecampoliving.com\/category\/altos-de-chavon-es\/"},"img":{"alt_text":"Frank Perozo","src":"https:\/\/i0.wp.com\/casadecampoliving.com\/wp-content\/uploads\/2022\/10\/frank_perozo-1.jpg?fit=650%2C433&ssl=1&resize=350%2C200","width":350,"height":200,"srcset":"https:\/\/i0.wp.com\/casadecampoliving.com\/wp-content\/uploads\/2022\/10\/frank_perozo-1.jpg?fit=650%2C433&ssl=1&resize=350%2C200 1x, https:\/\/i0.wp.com\/casadecampoliving.com\/wp-content\/uploads\/2022\/10\/frank_perozo-1.jpg?fit=650%2C433&ssl=1&resize=525%2C300 1.5x"},"classes":[]}],"jetpack_sharing_enabled":true,"jetpack_featured_media_url":"https:\/\/i0.wp.com\/casadecampoliving.com\/wp-content\/uploads\/2022\/10\/sergio_gobbi-1.jpg?fit=650%2C412&ssl=1","_links":{"self":[{"href":"https:\/\/casadecampoliving.com\/es\/wp-json\/wp\/v2\/posts\/343153","targetHints":{"allow":["GET"]}}],"collection":[{"href":"https:\/\/casadecampoliving.com\/es\/wp-json\/wp\/v2\/posts"}],"about":[{"href":"https:\/\/casadecampoliving.com\/es\/wp-json\/wp\/v2\/types\/post"}],"author":[{"embeddable":true,"href":"https:\/\/casadecampoliving.com\/es\/wp-json\/wp\/v2\/users\/392"}],"replies":[{"embeddable":true,"href":"https:\/\/casadecampoliving.com\/es\/wp-json\/wp\/v2\/comments?post=343153"}],"version-history":[{"count":1,"href":"https:\/\/casadecampoliving.com\/es\/wp-json\/wp\/v2\/posts\/343153\/revisions"}],"predecessor-version":[{"id":343154,"href":"https:\/\/casadecampoliving.com\/es\/wp-json\/wp\/v2\/posts\/343153\/revisions\/343154"}],"wp:featuredmedia":[{"embeddable":true,"href":"https:\/\/casadecampoliving.com\/es\/wp-json\/wp\/v2\/media\/230233"}],"wp:attachment":[{"href":"https:\/\/casadecampoliving.com\/es\/wp-json\/wp\/v2\/media?parent=343153"}],"wp:term":[{"taxonomy":"category","embeddable":true,"href":"https:\/\/casadecampoliving.com\/es\/wp-json\/wp\/v2\/categories?post=343153"},{"taxonomy":"post_tag","embeddable":true,"href":"https:\/\/casadecampoliving.com\/es\/wp-json\/wp\/v2\/tags?post=343153"},{"taxonomy":"newspack_spnsrs_tax","embeddable":true,"href":"https:\/\/casadecampoliving.com\/es\/wp-json\/wp\/v2\/newspack_spnsrs_tax?post=343153"}],"curies":[{"name":"wp","href":"https:\/\/api.w.org\/{rel}","templated":true}]}}