{"id":343114,"date":"2013-10-22T00:00:00","date_gmt":"2013-10-22T04:00:00","guid":{"rendered":"https:\/\/casadecampoliving.com\/marat-legal-abogados\/"},"modified":"2022-10-21T18:47:41","modified_gmt":"2022-10-21T22:47:41","slug":"marat-legal-abogados","status":"publish","type":"post","link":"https:\/\/casadecampoliving.com\/es\/marat-legal-abogados\/","title":{"rendered":"Ven y celebra con MARAT Legal el viernes 25 de octubre"},"content":{"rendered":"<div class=\"wp-block-image\">\n<figure class=\"aligncenter is-resized\"><img loading=\"lazy\" decoding=\"async\" src=\"https:\/\/i0.wp.com\/casadecampoliving.com\/wp-content\/uploads\/2022\/10\/la_enoteca_marina_casa_de_campo-2.jpg?resize=650%2C440&amp;ssl=1\" alt=\"la enoteca marina casa de campo\" class=\"wp-image-52981\" title=\"la_enoteca_marina_casa_de_campo\" height=\"440\" width=\"650\"\/><\/figure>\n<\/div>\n\n\n<p>El viernes 25 de octubre &nbsp;la familia de bufete de abogados MARAT Legal con sede en La Romana y Santo Domingo, le invita cordialmente a celebrar su trig\u00e9simo sexto aniversario con una fiesta en La Cantina en Altos de Chav\u00f3n.<\/p>\n\n\n\n<!--more-->\n\n\n\n<p>Esta celebraci\u00f3n tan especial tambi\u00e9n marcar\u00e1 el primer a\u00f1o de \u00e9xito de la empresa en La Romana, habiendo celebrado en agosto pasado la apertura de una nueva sucursal en Zona Franca a las afueras de Casa de Campo. Despu\u00e9s de haber concentrado su sede de operaciones en Santo Domingo desde 1978, los propietarios de villas de Casa de Campo Manuel y Raisa Tapia, decidieron abrir tambi\u00e9n una oficina en La Romana para que puedan alcanzar mejor a sus clientes locales.<\/p>\n\n\n\n<blockquote class=\"wp-block-quote is-layout-flow wp-block-quote-is-layout-flow\"><p><strong><em>\u201cEstamos muy entusiasmados de poder celebrar nuestro trig\u00e9simo sexto aniversario, as\u00ed como nuestro primer a\u00f1o en La Romana. Hemos trabajado duro para ofrecer el mejor servicio posible a nuestros clientes existentes y los nuevos clientes en la zona de La Romana y el \u00e1rea Bayahibe.&nbsp;la familia de bufete de abogados MARAT, est\u00e1&nbsp;orgulloso de ofrecer un servicio personalizado (ya que somos nosotros mismos los que&nbsp;manejamos&nbsp;nuestros clientes)\u201d.<\/em><\/strong><\/p><p style=\"padding-left: 30px;\">\u2014&nbsp;Raisa Marion-Landais de MARAT Legal<\/p><\/blockquote>\n\n\n<div class=\"wp-block-image\">\n<figure class=\"aligncenter is-resized\"><img loading=\"lazy\" decoding=\"async\" src=\"https:\/\/i0.wp.com\/casadecampoliving.com\/wp-content\/uploads\/2022\/10\/marat_legal_la_romana.jpg?resize=639%2C320&amp;ssl=1\" alt=\"marat legal la romana \" class=\"wp-image-53339\" title=\"marat_legal_la_romana\" height=\"320\" width=\"639\"\/><\/figure>\n<\/div>\n\n\n<p class=\"has-text-align-center\"><strong>Las instalaciones de las nuevas oficinas de Marat en \u201cZona Franca\u201d, cerca de Casa de Campo<\/strong><br>\n<\/p>\n\n\n\n<p>El bufete de abogados MARAT Legal, se especializa en el tratamiento personal de sus clientes. Ofrecen una amplia gama de servicios legales y est\u00e1n orgullosos de ser conocido por su experiencia y profesionalidad. Sus \u00e1reas de especializaci\u00f3n se puede ver a continuaci\u00f3n.<\/p>\n\n\n\n<p>As\u00ed que ven y \u00fanete a nosotros y Manuel y Raisa Tapia y su hijo Ram\u00f3n Tapia de familia bufete Marat Legal, para unas picaderas y un poco de bizcocho de cumplea\u00f1os, celebrando el \u00e9xito continuo de MARAT Legal en Santo Domingo y La Romana.<\/p>\n\n\n\n<blockquote><p><strong>Celebraci\u00f3n de&nbsp;trig\u00e9simo&nbsp;sexto&nbsp;aniversario&nbsp;de MARAT<\/strong><\/p><p><strong>Fecha:<\/strong>&nbsp;Viernes 25 de octubre, 6pm \u2013 8pm<\/p><p><strong>Lugar:<\/strong> La Cantina restaurante, Altos de Chav\u00f3n<\/p><p><strong>RSVP:<\/strong>&nbsp;(809) 567-1055<br>\n(Por favor, RSVP para que tengamos suficiente comida y bebida)<\/p><figure><img decoding=\"async\" loading=\"lazy\" class=\"aligncenter size-full wp-image-79731\" alt=\"MARAT legal invite\" src=\"https:\/\/i0.wp.com\/casadecampoliving.com\/wp-content\/uploads\/2022\/10\/marat_legal_invite.jpg?resize=600%2C681&amp;ssl=1\" width=\"600\" height=\"681\"><\/figure><p style=\"text-align: left;\"><strong>&nbsp;<\/strong><strong>Marat Legal<\/strong><\/p><figure><img decoding=\"async\" loading=\"lazy\" class=\"alignnone size-full wp-image-53347\" title=\"marat_legal_la_romana\" alt=\"marat legal la romana\" src=\"https:\/\/i0.wp.com\/casadecampoliving.com\/wp-content\/uploads\/2022\/10\/marat_legal_la_romana1.jpg?resize=500%2C105&amp;ssl=1\" width=\"500\" height=\"105\"><\/figure><p style=\"text-align: left;\"><\/p><p style=\"text-align: left;\">Marat Legal es una firma de abogados especializados en el trato personalizado de sus clientes. Ofrecen una amplia gama de servicios legales, orgullosos de ser conocidos por su profesionalismo.<\/p><p style=\"text-align: left;\">Las \u00e1reas en las que se destacan son:<\/p><p>\u2022Agroindustrias&nbsp;\u2022Arquitectura&nbsp;\u2022Arbitraje (local e internacional)&nbsp;\u2022&nbsp;Asuntos Municipales&nbsp;\u2022Banca M\u00faltiple&nbsp;\u2022Corporaciones&nbsp;\u2022&nbsp;Deportes\u2022&nbsp;Derecho Aeron\u00e1utico \u2022Derecho Administrativo \u2022Derecho Civil \u2022&nbsp;Derecho Comercial \u2022&nbsp;Derecho Constitucional \u2022&nbsp;Derecho Internacional P\u00fablico y Privado \u2022&nbsp;Derecho Mar\u00edtimo&nbsp;\u2022Derecho Penal\u2022&nbsp;Franquicias&nbsp;\u2022&nbsp;Ingenier\u00eda El\u00e9ctrica&nbsp;\u2022&nbsp;Ingenier\u00eda Civil&nbsp;\u2022&nbsp;Inversi\u00f3n Extranjera&nbsp;\u2022&nbsp;Inmigraci\u00f3n&nbsp;\u2022&nbsp;Importaciones y Exportaciones&nbsp;\u2022&nbsp;Impuestos Internos&nbsp;\u2022&nbsp;Miner\u00eda&nbsp;Pol\u00edtica&nbsp;\u2022&nbsp;Prensa&nbsp;\u2022Propiedad &nbsp;Intelectual&nbsp;\u2022&nbsp;Representaciones en General&nbsp;\u2022&nbsp;Responsabilidad Civil&nbsp;\u2022&nbsp;Sector El\u00e9ctrico&nbsp;\u2022&nbsp;Telecomunicaciones&nbsp;\u2022&nbsp;Turismo&nbsp;\u2022&nbsp;Zonas Francas<\/p><p><strong>Tel\u00e9fono:&nbsp;<\/strong>(809)567-1055<\/p><p><strong>Correos:<\/strong><br>\n\u2022&nbsp;info@rtelegal.com.do (general enquiries)<br>\n\u2022&nbsp;rtapia@rtelegal.com.do&nbsp;(Ram\u00f3n Tapia)<br>\n\u2022&nbsp;manueltapia@rtelegal.com.do (Manuel Tapia)<br>\n\u2022&nbsp;rml@rtelegal.com.do&nbsp;(Raisa Marion-Landais)<\/p><p>El siguiente video es una fabulosa muestra de qui\u00e9nes son Marat Legal y qu\u00e9 hacen:<br>\n<object width=\"640\" height=\"480\" classid=\"clsid:d27cdb6e-ae6d-11cf-96b8-444553540000\" codebase=\"http:\/\/download.macromedia.com\/pub\/shockwave\/cabs\/flash\/swflash.cab#version=6,0,40,0\"><param name=\"allowFullScreen\" value=\"true\"><param name=\"allowscriptaccess\" value=\"always\"><param name=\"src\" value=\"http:\/\/www.youtube.com\/v\/1lfDs8ESv7k?version=3&amp;hl=en_US\"><param name=\"allowfullscreen\" value=\"true\"><\/object><\/p><\/blockquote>\n","protected":false},"excerpt":{"rendered":"<p>El viernes 25 de octubre &nbsp;la familia de bufete de abogados MARAT Legal con sede en La Romana y Santo Domingo, le invita cordialmente a celebrar su trig\u00e9simo sexto aniversario con una fiesta en La Cantina en Altos de Chav\u00f3n.<\/p>\n","protected":false},"author":392,"featured_media":228699,"comment_status":"closed","ping_status":"closed","sticky":false,"template":"","format":"standard","meta":{"newspack_ads_suppress_ads":false,"newspack_popups_has_disabled_popups":false,"newspack_sponsor_sponsorship_scope":"","newspack_sponsor_native_byline_display":"inherit","newspack_sponsor_native_category_display":"inherit","newspack_sponsor_underwriter_style":"inherit","newspack_sponsor_underwriter_placement":"inherit","_newspack_byline_active":false,"_newspack_byline":"","newspack_hide_updated_date":false,"newspack_show_updated_date":false,"newspack_content_restriction_is_exempt":false,"newspack_featured_image_position":"","newspack_post_subtitle":"","newspack_article_summary_title":"Overview:","newspack_article_summary":"","_jetpack_memberships_contains_paid_content":false,"footnotes":"","jetpack_publicize_message":"","jetpack_publicize_feature_enabled":true,"jetpack_social_post_already_shared":false,"jetpack_social_options":{"image_generator_settings":{"template":"highway","default_image_id":0,"font":"","enabled":false},"version":2},"_wpas_customize_per_network":false},"categories":[26819,6192,14629,2524,14631,2522,2507,2506,14625,14627,2521,2526],"tags":[7813,15387,139,3810,7811,3089,3697,4720,4721,7815],"newspack_spnsrs_tax":[],"class_list":["post-343114","post","type-post","status-publish","format-standard","has-post-thumbnail","hentry","category-altos-de-chavon-es","category-businesses","category-comidas-bebidas","category-destacados","category-estilo-de-vida","category-eventos-es","category-la-romana-es","category-mas-alla-de-casa-es","category-noticias-locales","category-proximamente","category-republica-dominicana-2","category-titulares-es","tag-abogados","tag-altos-de-chavon-es","tag-bayahibe","tag-central-romanaes","tag-familia","tag-la-cantina","tag-la-cantina-es","tag-manuel-tapia","tag-raisa-tapia","tag-zona-franca","entry"],"yoast_head":"<!-- This site is optimized with the Yoast SEO plugin v27.5 - https:\/\/yoast.com\/product\/yoast-seo-wordpress\/ -->\n<title>Ven y celebra con MARAT Legal el viernes 25 de octubre | Casa de Campo Living<\/title>\n<meta name=\"description\" content=\"El viernes 25 de octubre &nbsp;la familia de bufete de abogados MARAT Legal con sede en La Romana y Santo Domingo, le invita cordialmente a celebrar su\" \/>\n<meta name=\"robots\" content=\"index, follow, max-snippet:-1, max-image-preview:large, max-video-preview:-1\" \/>\n<link rel=\"canonical\" href=\"https:\/\/casadecampoliving.com\/es\/marat-legal-abogados\/\" \/>\n<meta property=\"og:locale\" content=\"es_ES\" \/>\n<meta property=\"og:type\" content=\"article\" \/>\n<meta property=\"og:title\" content=\"Ven y celebra con MARAT Legal el viernes 25 de octubre | Casa de Campo Living\" \/>\n<meta property=\"og:description\" content=\"El viernes 25 de octubre &nbsp;la familia de bufete de abogados MARAT Legal con sede en La Romana y Santo Domingo, le invita cordialmente a celebrar su\" \/>\n<meta property=\"og:url\" content=\"https:\/\/casadecampoliving.com\/es\/marat-legal-abogados\/\" \/>\n<meta property=\"og:site_name\" content=\"Casa de Campo Living\" \/>\n<meta property=\"article:publisher\" content=\"https:\/\/www.facebook.com\/casadecampoliving\" \/>\n<meta property=\"article:published_time\" content=\"2013-10-22T04:00:00+00:00\" \/>\n<meta property=\"article:modified_time\" content=\"2022-10-21T22:47:41+00:00\" \/>\n<meta property=\"og:image\" content=\"https:\/\/i0.wp.com\/casadecampoliving.com\/wp-content\/uploads\/2022\/10\/raisa_manuel_tapia.jpg?fit=649%2C349&ssl=1\" \/>\n\t<meta property=\"og:image:width\" content=\"649\" \/>\n\t<meta property=\"og:image:height\" content=\"349\" \/>\n\t<meta property=\"og:image:type\" content=\"image\/jpeg\" \/>\n<meta name=\"author\" content=\"Lenny Castillo\" \/>\n<meta name=\"twitter:card\" content=\"summary_large_image\" \/>\n<meta name=\"twitter:creator\" content=\"@cdcliving\" \/>\n<meta name=\"twitter:site\" content=\"@cdcliving\" \/>\n<meta name=\"twitter:label1\" content=\"Escrito por\" \/>\n\t<meta name=\"twitter:data1\" content=\"Lenny Castillo\" \/>\n\t<meta name=\"twitter:label2\" content=\"Tiempo de lectura\" \/>\n\t<meta name=\"twitter:data2\" content=\"3 minutos\" \/>\n<script type=\"application\/ld+json\" class=\"yoast-schema-graph\">{\"@context\":\"https:\\\/\\\/schema.org\",\"@graph\":[{\"@type\":\"Article\",\"@id\":\"https:\\\/\\\/casadecampoliving.com\\\/es\\\/marat-legal-abogados\\\/#article\",\"isPartOf\":{\"@id\":\"https:\\\/\\\/casadecampoliving.com\\\/es\\\/marat-legal-abogados\\\/\"},\"author\":{\"name\":\"Lenny Castillo\",\"@id\":\"https:\\\/\\\/casadecampoliving.com\\\/es\\\/#\\\/schema\\\/person\\\/bde9253359bd80f29448cb1dee503f4d\"},\"headline\":\"Ven y celebra con MARAT Legal el viernes 25 de octubre\",\"datePublished\":\"2013-10-22T04:00:00+00:00\",\"dateModified\":\"2022-10-21T22:47:41+00:00\",\"mainEntityOfPage\":{\"@id\":\"https:\\\/\\\/casadecampoliving.com\\\/es\\\/marat-legal-abogados\\\/\"},\"wordCount\":576,\"publisher\":{\"@id\":\"https:\\\/\\\/casadecampoliving.com\\\/es\\\/#organization\"},\"image\":{\"@id\":\"https:\\\/\\\/casadecampoliving.com\\\/es\\\/marat-legal-abogados\\\/#primaryimage\"},\"thumbnailUrl\":\"https:\\\/\\\/i0.wp.com\\\/casadecampoliving.com\\\/wp-content\\\/uploads\\\/2022\\\/10\\\/raisa_manuel_tapia.jpg?fit=649%2C349&ssl=1\",\"keywords\":[\"abogados\",\"Altos de Chavon\",\"Bayahibe\",\"central romana@es\",\"familia\",\"la cantina\",\"La Cantina @es\",\"manuel tapia\",\"raisa tapia\",\"zona franca\"],\"articleSection\":[\"Altos de Chavon @es\",\"businesses\",\"Comidas &amp; Bebidas\",\"Destacados\",\"Estilo de Vida\",\"Eventos\",\"La Romana @es\",\"M\u00e1s all\u00e1 de Casa\",\"Noticias Locales\",\"Proximamente\",\"Rep\u00fablica Dominicana @es\",\"Titulares\"],\"inLanguage\":\"es\"},{\"@type\":\"WebPage\",\"@id\":\"https:\\\/\\\/casadecampoliving.com\\\/es\\\/marat-legal-abogados\\\/\",\"url\":\"https:\\\/\\\/casadecampoliving.com\\\/es\\\/marat-legal-abogados\\\/\",\"name\":\"Ven y celebra con MARAT Legal el viernes 25 de octubre | Casa de Campo Living\",\"isPartOf\":{\"@id\":\"https:\\\/\\\/casadecampoliving.com\\\/es\\\/#website\"},\"primaryImageOfPage\":{\"@id\":\"https:\\\/\\\/casadecampoliving.com\\\/es\\\/marat-legal-abogados\\\/#primaryimage\"},\"image\":{\"@id\":\"https:\\\/\\\/casadecampoliving.com\\\/es\\\/marat-legal-abogados\\\/#primaryimage\"},\"thumbnailUrl\":\"https:\\\/\\\/i0.wp.com\\\/casadecampoliving.com\\\/wp-content\\\/uploads\\\/2022\\\/10\\\/raisa_manuel_tapia.jpg?fit=649%2C349&ssl=1\",\"datePublished\":\"2013-10-22T04:00:00+00:00\",\"dateModified\":\"2022-10-21T22:47:41+00:00\",\"description\":\"El viernes 25 de octubre &nbsp;la familia de bufete de abogados MARAT Legal con sede en La Romana y Santo Domingo, le invita cordialmente a celebrar su\",\"breadcrumb\":{\"@id\":\"https:\\\/\\\/casadecampoliving.com\\\/es\\\/marat-legal-abogados\\\/#breadcrumb\"},\"inLanguage\":\"es\",\"potentialAction\":[{\"@type\":\"ReadAction\",\"target\":[\"https:\\\/\\\/casadecampoliving.com\\\/es\\\/marat-legal-abogados\\\/\"]}]},{\"@type\":\"ImageObject\",\"inLanguage\":\"es\",\"@id\":\"https:\\\/\\\/casadecampoliving.com\\\/es\\\/marat-legal-abogados\\\/#primaryimage\",\"url\":\"https:\\\/\\\/i0.wp.com\\\/casadecampoliving.com\\\/wp-content\\\/uploads\\\/2022\\\/10\\\/raisa_manuel_tapia.jpg?fit=649%2C349&ssl=1\",\"contentUrl\":\"https:\\\/\\\/i0.wp.com\\\/casadecampoliving.com\\\/wp-content\\\/uploads\\\/2022\\\/10\\\/raisa_manuel_tapia.jpg?fit=649%2C349&ssl=1\",\"width\":649,\"height\":349,\"caption\":\"Raisa y Manuel Tapia\"},{\"@type\":\"BreadcrumbList\",\"@id\":\"https:\\\/\\\/casadecampoliving.com\\\/es\\\/marat-legal-abogados\\\/#breadcrumb\",\"itemListElement\":[{\"@type\":\"ListItem\",\"position\":1,\"name\":\"Home\",\"item\":\"https:\\\/\\\/casadecampoliving.com\\\/es\\\/\"},{\"@type\":\"ListItem\",\"position\":2,\"name\":\"Ven y celebra con MARAT Legal el viernes 25 de octubre\"}]},{\"@type\":\"WebSite\",\"@id\":\"https:\\\/\\\/casadecampoliving.com\\\/es\\\/#website\",\"url\":\"https:\\\/\\\/casadecampoliving.com\\\/es\\\/\",\"name\":\"Casa de Campo Living\",\"description\":\"Resort community news and resources.\",\"publisher\":{\"@id\":\"https:\\\/\\\/casadecampoliving.com\\\/es\\\/#organization\"},\"potentialAction\":[{\"@type\":\"SearchAction\",\"target\":{\"@type\":\"EntryPoint\",\"urlTemplate\":\"https:\\\/\\\/casadecampoliving.com\\\/es\\\/?s={search_term_string}\"},\"query-input\":{\"@type\":\"PropertyValueSpecification\",\"valueRequired\":true,\"valueName\":\"search_term_string\"}}],\"inLanguage\":\"es\"},{\"@type\":\"Organization\",\"@id\":\"https:\\\/\\\/casadecampoliving.com\\\/es\\\/#organization\",\"name\":\"Casa de Campo Living\",\"url\":\"https:\\\/\\\/casadecampoliving.com\\\/es\\\/\",\"logo\":{\"@type\":\"ImageObject\",\"inLanguage\":\"es\",\"@id\":\"https:\\\/\\\/casadecampoliving.com\\\/es\\\/#\\\/schema\\\/logo\\\/image\\\/\",\"url\":\"https:\\\/\\\/i0.wp.com\\\/casadecampoliving.com\\\/wp-content\\\/uploads\\\/2022\\\/07\\\/CDCLivingLogo_V1-white-sized.png?fit=800%2C214&ssl=1\",\"contentUrl\":\"https:\\\/\\\/i0.wp.com\\\/casadecampoliving.com\\\/wp-content\\\/uploads\\\/2022\\\/07\\\/CDCLivingLogo_V1-white-sized.png?fit=800%2C214&ssl=1\",\"width\":800,\"height\":214,\"caption\":\"Casa de Campo Living\"},\"image\":{\"@id\":\"https:\\\/\\\/casadecampoliving.com\\\/es\\\/#\\\/schema\\\/logo\\\/image\\\/\"},\"sameAs\":[\"https:\\\/\\\/www.facebook.com\\\/casadecampoliving\",\"https:\\\/\\\/x.com\\\/cdcliving\"]},{\"@type\":\"Person\",\"@id\":\"https:\\\/\\\/casadecampoliving.com\\\/es\\\/#\\\/schema\\\/person\\\/bde9253359bd80f29448cb1dee503f4d\",\"name\":\"Lenny Castillo\",\"image\":{\"@type\":\"ImageObject\",\"inLanguage\":\"es\",\"@id\":\"https:\\\/\\\/secure.gravatar.com\\\/avatar\\\/7dfd1a6dc314579a5019d4ffdf4f2d34c70345f2bbbdae3b5bb2aca665d89299?s=96&d=mm&r=g\",\"url\":\"https:\\\/\\\/secure.gravatar.com\\\/avatar\\\/7dfd1a6dc314579a5019d4ffdf4f2d34c70345f2bbbdae3b5bb2aca665d89299?s=96&d=mm&r=g\",\"contentUrl\":\"https:\\\/\\\/secure.gravatar.com\\\/avatar\\\/7dfd1a6dc314579a5019d4ffdf4f2d34c70345f2bbbdae3b5bb2aca665d89299?s=96&d=mm&r=g\",\"caption\":\"Lenny Castillo\"},\"url\":\"https:\\\/\\\/casadecampoliving.com\\\/es\\\/author\\\/lcastillo\\\/\"}]}<\/script>\n<!-- \/ Yoast SEO plugin. -->","yoast_head_json":{"title":"Ven y celebra con MARAT Legal el viernes 25 de octubre | Casa de Campo Living","description":"El viernes 25 de octubre &nbsp;la familia de bufete de abogados MARAT Legal con sede en La Romana y Santo Domingo, le invita cordialmente a celebrar su","robots":{"index":"index","follow":"follow","max-snippet":"max-snippet:-1","max-image-preview":"max-image-preview:large","max-video-preview":"max-video-preview:-1"},"canonical":"https:\/\/casadecampoliving.com\/es\/marat-legal-abogados\/","og_locale":"es_ES","og_type":"article","og_title":"Ven y celebra con MARAT Legal el viernes 25 de octubre | Casa de Campo Living","og_description":"El viernes 25 de octubre &nbsp;la familia de bufete de abogados MARAT Legal con sede en La Romana y Santo Domingo, le invita cordialmente a celebrar su","og_url":"https:\/\/casadecampoliving.com\/es\/marat-legal-abogados\/","og_site_name":"Casa de Campo Living","article_publisher":"https:\/\/www.facebook.com\/casadecampoliving","article_published_time":"2013-10-22T04:00:00+00:00","article_modified_time":"2022-10-21T22:47:41+00:00","og_image":[{"width":649,"height":349,"url":"https:\/\/i0.wp.com\/casadecampoliving.com\/wp-content\/uploads\/2022\/10\/raisa_manuel_tapia.jpg?fit=649%2C349&ssl=1","type":"image\/jpeg"}],"author":"Lenny Castillo","twitter_card":"summary_large_image","twitter_creator":"@cdcliving","twitter_site":"@cdcliving","twitter_misc":{"Escrito por":"Lenny Castillo","Tiempo de lectura":"3 minutos"},"schema":{"@context":"https:\/\/schema.org","@graph":[{"@type":"Article","@id":"https:\/\/casadecampoliving.com\/es\/marat-legal-abogados\/#article","isPartOf":{"@id":"https:\/\/casadecampoliving.com\/es\/marat-legal-abogados\/"},"author":{"name":"Lenny Castillo","@id":"https:\/\/casadecampoliving.com\/es\/#\/schema\/person\/bde9253359bd80f29448cb1dee503f4d"},"headline":"Ven y celebra con MARAT Legal el viernes 25 de octubre","datePublished":"2013-10-22T04:00:00+00:00","dateModified":"2022-10-21T22:47:41+00:00","mainEntityOfPage":{"@id":"https:\/\/casadecampoliving.com\/es\/marat-legal-abogados\/"},"wordCount":576,"publisher":{"@id":"https:\/\/casadecampoliving.com\/es\/#organization"},"image":{"@id":"https:\/\/casadecampoliving.com\/es\/marat-legal-abogados\/#primaryimage"},"thumbnailUrl":"https:\/\/i0.wp.com\/casadecampoliving.com\/wp-content\/uploads\/2022\/10\/raisa_manuel_tapia.jpg?fit=649%2C349&ssl=1","keywords":["abogados","Altos de Chavon","Bayahibe","central romana@es","familia","la cantina","La Cantina @es","manuel tapia","raisa tapia","zona franca"],"articleSection":["Altos de Chavon @es","businesses","Comidas &amp; Bebidas","Destacados","Estilo de Vida","Eventos","La Romana @es","M\u00e1s all\u00e1 de Casa","Noticias Locales","Proximamente","Rep\u00fablica Dominicana @es","Titulares"],"inLanguage":"es"},{"@type":"WebPage","@id":"https:\/\/casadecampoliving.com\/es\/marat-legal-abogados\/","url":"https:\/\/casadecampoliving.com\/es\/marat-legal-abogados\/","name":"Ven y celebra con MARAT Legal el viernes 25 de octubre | Casa de Campo Living","isPartOf":{"@id":"https:\/\/casadecampoliving.com\/es\/#website"},"primaryImageOfPage":{"@id":"https:\/\/casadecampoliving.com\/es\/marat-legal-abogados\/#primaryimage"},"image":{"@id":"https:\/\/casadecampoliving.com\/es\/marat-legal-abogados\/#primaryimage"},"thumbnailUrl":"https:\/\/i0.wp.com\/casadecampoliving.com\/wp-content\/uploads\/2022\/10\/raisa_manuel_tapia.jpg?fit=649%2C349&ssl=1","datePublished":"2013-10-22T04:00:00+00:00","dateModified":"2022-10-21T22:47:41+00:00","description":"El viernes 25 de octubre &nbsp;la familia de bufete de abogados MARAT Legal con sede en La Romana y Santo Domingo, le invita cordialmente a celebrar su","breadcrumb":{"@id":"https:\/\/casadecampoliving.com\/es\/marat-legal-abogados\/#breadcrumb"},"inLanguage":"es","potentialAction":[{"@type":"ReadAction","target":["https:\/\/casadecampoliving.com\/es\/marat-legal-abogados\/"]}]},{"@type":"ImageObject","inLanguage":"es","@id":"https:\/\/casadecampoliving.com\/es\/marat-legal-abogados\/#primaryimage","url":"https:\/\/i0.wp.com\/casadecampoliving.com\/wp-content\/uploads\/2022\/10\/raisa_manuel_tapia.jpg?fit=649%2C349&ssl=1","contentUrl":"https:\/\/i0.wp.com\/casadecampoliving.com\/wp-content\/uploads\/2022\/10\/raisa_manuel_tapia.jpg?fit=649%2C349&ssl=1","width":649,"height":349,"caption":"Raisa y Manuel Tapia"},{"@type":"BreadcrumbList","@id":"https:\/\/casadecampoliving.com\/es\/marat-legal-abogados\/#breadcrumb","itemListElement":[{"@type":"ListItem","position":1,"name":"Home","item":"https:\/\/casadecampoliving.com\/es\/"},{"@type":"ListItem","position":2,"name":"Ven y celebra con MARAT Legal el viernes 25 de octubre"}]},{"@type":"WebSite","@id":"https:\/\/casadecampoliving.com\/es\/#website","url":"https:\/\/casadecampoliving.com\/es\/","name":"Casa de Campo Living","description":"Resort community news and resources.","publisher":{"@id":"https:\/\/casadecampoliving.com\/es\/#organization"},"potentialAction":[{"@type":"SearchAction","target":{"@type":"EntryPoint","urlTemplate":"https:\/\/casadecampoliving.com\/es\/?s={search_term_string}"},"query-input":{"@type":"PropertyValueSpecification","valueRequired":true,"valueName":"search_term_string"}}],"inLanguage":"es"},{"@type":"Organization","@id":"https:\/\/casadecampoliving.com\/es\/#organization","name":"Casa de Campo Living","url":"https:\/\/casadecampoliving.com\/es\/","logo":{"@type":"ImageObject","inLanguage":"es","@id":"https:\/\/casadecampoliving.com\/es\/#\/schema\/logo\/image\/","url":"https:\/\/i0.wp.com\/casadecampoliving.com\/wp-content\/uploads\/2022\/07\/CDCLivingLogo_V1-white-sized.png?fit=800%2C214&ssl=1","contentUrl":"https:\/\/i0.wp.com\/casadecampoliving.com\/wp-content\/uploads\/2022\/07\/CDCLivingLogo_V1-white-sized.png?fit=800%2C214&ssl=1","width":800,"height":214,"caption":"Casa de Campo Living"},"image":{"@id":"https:\/\/casadecampoliving.com\/es\/#\/schema\/logo\/image\/"},"sameAs":["https:\/\/www.facebook.com\/casadecampoliving","https:\/\/x.com\/cdcliving"]},{"@type":"Person","@id":"https:\/\/casadecampoliving.com\/es\/#\/schema\/person\/bde9253359bd80f29448cb1dee503f4d","name":"Lenny Castillo","image":{"@type":"ImageObject","inLanguage":"es","@id":"https:\/\/secure.gravatar.com\/avatar\/7dfd1a6dc314579a5019d4ffdf4f2d34c70345f2bbbdae3b5bb2aca665d89299?s=96&d=mm&r=g","url":"https:\/\/secure.gravatar.com\/avatar\/7dfd1a6dc314579a5019d4ffdf4f2d34c70345f2bbbdae3b5bb2aca665d89299?s=96&d=mm&r=g","contentUrl":"https:\/\/secure.gravatar.com\/avatar\/7dfd1a6dc314579a5019d4ffdf4f2d34c70345f2bbbdae3b5bb2aca665d89299?s=96&d=mm&r=g","caption":"Lenny Castillo"},"url":"https:\/\/casadecampoliving.com\/es\/author\/lcastillo\/"}]}},"parsely":{"version":"1.1.0","canonical_url":"https:\/\/casadecampoliving.com\/es\/marat-legal-abogados\/","smart_links":{"inbound":0,"outbound":0},"traffic_boost_suggestions_count":0,"meta":{"@context":"https:\/\/schema.org","@type":"NewsArticle","headline":"Ven y celebra con MARAT Legal el viernes 25 de octubre","url":"http:\/\/casadecampoliving.com\/es\/marat-legal-abogados\/","mainEntityOfPage":{"@type":"WebPage","@id":"http:\/\/casadecampoliving.com\/es\/marat-legal-abogados\/"},"thumbnailUrl":"https:\/\/i0.wp.com\/casadecampoliving.com\/wp-content\/uploads\/2022\/10\/raisa_manuel_tapia.jpg?resize=150%2C150&ssl=1","image":{"@type":"ImageObject","url":"https:\/\/i0.wp.com\/casadecampoliving.com\/wp-content\/uploads\/2022\/10\/raisa_manuel_tapia.jpg?fit=649%2C349&ssl=1"},"articleSection":"Altos de Chavon @es","author":[{"@type":"Person","name":"Lenny Castillo"}],"creator":["Lenny Castillo"],"publisher":{"@type":"Organization","name":"Casa de Campo Living","logo":"https:\/\/casadecampoliving.com\/wp-content\/uploads\/2022\/07\/CDCLivingLogo_V1-white-sized.png"},"keywords":["abogados","altos de chavon","bayahibe","central romana@es","familia","la cantina","la cantina @es","manuel tapia","raisa tapia","zona franca"],"dateCreated":"2013-10-22T04:00:00Z","datePublished":"2013-10-22T04:00:00Z","dateModified":"2022-10-21T22:47:41Z"},"rendered":"<script type=\"application\/ld+json\" class=\"wp-parsely-metadata\">{\"@context\":\"https:\\\/\\\/schema.org\",\"@type\":\"NewsArticle\",\"headline\":\"Ven y celebra con MARAT Legal el viernes 25 de octubre\",\"url\":\"http:\\\/\\\/casadecampoliving.com\\\/es\\\/marat-legal-abogados\\\/\",\"mainEntityOfPage\":{\"@type\":\"WebPage\",\"@id\":\"http:\\\/\\\/casadecampoliving.com\\\/es\\\/marat-legal-abogados\\\/\"},\"thumbnailUrl\":\"https:\\\/\\\/i0.wp.com\\\/casadecampoliving.com\\\/wp-content\\\/uploads\\\/2022\\\/10\\\/raisa_manuel_tapia.jpg?resize=150%2C150&ssl=1\",\"image\":{\"@type\":\"ImageObject\",\"url\":\"https:\\\/\\\/i0.wp.com\\\/casadecampoliving.com\\\/wp-content\\\/uploads\\\/2022\\\/10\\\/raisa_manuel_tapia.jpg?fit=649%2C349&ssl=1\"},\"articleSection\":\"Altos de Chavon @es\",\"author\":[{\"@type\":\"Person\",\"name\":\"Lenny Castillo\"}],\"creator\":[\"Lenny Castillo\"],\"publisher\":{\"@type\":\"Organization\",\"name\":\"Casa de Campo Living\",\"logo\":\"https:\\\/\\\/casadecampoliving.com\\\/wp-content\\\/uploads\\\/2022\\\/07\\\/CDCLivingLogo_V1-white-sized.png\"},\"keywords\":[\"abogados\",\"altos de chavon\",\"bayahibe\",\"central romana@es\",\"familia\",\"la cantina\",\"la cantina @es\",\"manuel tapia\",\"raisa tapia\",\"zona franca\"],\"dateCreated\":\"2013-10-22T04:00:00Z\",\"datePublished\":\"2013-10-22T04:00:00Z\",\"dateModified\":\"2022-10-21T22:47:41Z\"}<\/script>","tracker_url":"https:\/\/cdn.parsely.com\/keys\/casadecampoliving.com\/p.js"},"jetpack_publicize_connections":[],"jetpack_featured_media_url":"https:\/\/i0.wp.com\/casadecampoliving.com\/wp-content\/uploads\/2022\/10\/raisa_manuel_tapia.jpg?fit=649%2C349&ssl=1","jetpack-related-posts":[{"id":343181,"url":"https:\/\/casadecampoliving.com\/es\/marat-legal-celebra-36-anos-de-exitos\/","url_meta":{"origin":343114,"position":0},"title":"MARAT Legal celebra 36 a\u00f1os de \u00e9xitos","author":"Genesis Perdomo","date":"31 Oct, 2013","format":false,"excerpt":"El pasado 25 de octubre, la familia de bufete de abogados MARAT Legal conmemor\u00f3 su trig\u00e9simo sexto aniversario con una celebraci\u00f3n en La Cantina, Altos de Chav\u00f3n. Como los organizadores del evento estaban Raisa y Manuel Tapia en compa\u00f1\u00eda de su hijo Ram\u00f3n, tambi\u00e9n asistieron Rebecca Hughes y Philip Silvestri\u2026","rel":"","context":"En \u00abAltos de Chavon @es\u00bb","block_context":{"text":"Altos de Chavon @es","link":"https:\/\/casadecampoliving.com\/category\/altos-de-chavon-es\/"},"img":{"alt_text":"Leo Matos","src":"https:\/\/i0.wp.com\/casadecampoliving.com\/wp-content\/uploads\/2022\/10\/Leo_Matos-1.jpg?fit=650%2C406&ssl=1&resize=350%2C200","width":350,"height":200,"srcset":"https:\/\/i0.wp.com\/casadecampoliving.com\/wp-content\/uploads\/2022\/10\/Leo_Matos-1.jpg?fit=650%2C406&ssl=1&resize=350%2C200 1x, https:\/\/i0.wp.com\/casadecampoliving.com\/wp-content\/uploads\/2022\/10\/Leo_Matos-1.jpg?fit=650%2C406&ssl=1&resize=525%2C300 1.5x"},"classes":[]},{"id":322787,"url":"https:\/\/casadecampoliving.com\/come-celebrate-marat-legal-friday-oct-25th\/","url_meta":{"origin":343114,"position":1},"title":"Come celebrate with MARAT Legal &#8211; Friday Oct. 25th","author":"Rebecca Silvestri","date":"22 Oct, 2013","format":false,"excerpt":"On Friday October the 25th, MARAT Legal family law firm based in La Romana and Santo Domingo cordially invite you to celebrate their 36 year anniversary with a \u201cbirthday party\u201d at La Cantina restaurant in Altos de Chav\u00f3n.\u00a0 This very special celebration will also mark the firm\u2019s first successful year\u2026","rel":"","context":"En \u00abAltos de Chavon\u00bb","block_context":{"text":"Altos de Chavon","link":"https:\/\/casadecampoliving.com\/category\/altos-de-chavon\/"},"img":{"alt_text":"Raisa y Manuel Tapia","src":"https:\/\/i0.wp.com\/casadecampoliving.com\/wp-content\/uploads\/2022\/10\/raisa_manuel_tapia.jpg?fit=649%2C349&ssl=1&resize=350%2C200","width":350,"height":200,"srcset":"https:\/\/i0.wp.com\/casadecampoliving.com\/wp-content\/uploads\/2022\/10\/raisa_manuel_tapia.jpg?fit=649%2C349&ssl=1&resize=350%2C200 1x, https:\/\/i0.wp.com\/casadecampoliving.com\/wp-content\/uploads\/2022\/10\/raisa_manuel_tapia.jpg?fit=649%2C349&ssl=1&resize=525%2C300 1.5x"},"classes":[]},{"id":339291,"url":"https:\/\/casadecampoliving.com\/es\/marat-legal-inaugura-nuevas-oficinas-en-casa-de-campo-la-romana-con-un-coctel-en-la-enoteca\/","url_meta":{"origin":343114,"position":2},"title":"Marat Legal inaugura nueva sucursal en Casa de Campo con un c\u00f3ctel en La Enoteca","author":"Rebecca Silvestri","date":"28 Jun, 2012","format":false,"excerpt":"El pasado viernes 15 de junio de 2012, Marat Legal, empresa con m\u00e1s de 30 a\u00f1os de experiencia en el mundo del derecho, organiz\u00f3 un c\u00f3ctel en el destacado punto de vinos La Enoteca en la Marina Casa de Campo para celebrar la apertura de las nuevas oficinas de la\u2026","rel":"","context":"En \u00abEventos\u00bb","block_context":{"text":"Eventos","link":"https:\/\/casadecampoliving.com\/es\/category\/eventos-es\/"},"img":{"alt_text":"","src":"https:\/\/casadecampoliving.com\/wp-content\/uploads\/2022\/10\/jpg1.octet-stream","width":350,"height":200,"srcset":"https:\/\/casadecampoliving.com\/wp-content\/uploads\/2022\/10\/jpg1.octet-stream 1x, https:\/\/casadecampoliving.com\/wp-content\/uploads\/2022\/10\/jpg1.octet-stream 1.5x"},"classes":[]},{"id":322822,"url":"https:\/\/casadecampoliving.com\/marat-legal-celebrates-36-years-success\/","url_meta":{"origin":343114,"position":3},"title":"MARAT Legal celebrates 36 years of success","author":"Rebecca Silvestri","date":"31 Oct, 2013","format":false,"excerpt":"Last Friday the 25th of October, MARAT Legal family law firm commemorated their 36th anniversary with a celebration in La Cantina in Altos de Chav\u00f3n.\u00a0 Playing the glamorous hosts of the occasion were Raisa and Manuel Tapia, as well as their son Ramon Tapia, also in attendance was Philip Silvestri\u2026","rel":"","context":"En \u00abAltos de Chavon\u00bb","block_context":{"text":"Altos de Chavon","link":"https:\/\/casadecampoliving.com\/category\/altos-de-chavon\/"},"img":{"alt_text":"Leo Matos","src":"https:\/\/i0.wp.com\/casadecampoliving.com\/wp-content\/uploads\/2022\/10\/Leo_Matos-1.jpg?fit=650%2C406&ssl=1&resize=350%2C200","width":350,"height":200,"srcset":"https:\/\/i0.wp.com\/casadecampoliving.com\/wp-content\/uploads\/2022\/10\/Leo_Matos-1.jpg?fit=650%2C406&ssl=1&resize=350%2C200 1x, https:\/\/i0.wp.com\/casadecampoliving.com\/wp-content\/uploads\/2022\/10\/Leo_Matos-1.jpg?fit=650%2C406&ssl=1&resize=525%2C300 1.5x"},"classes":[]},{"id":433460,"url":"https:\/\/casadecampoliving.com\/es\/no-se-pierdan-el-increible-tributo-a-frank-sinatra-para-celebrar-el-40-aniversario-del-anfiteatro-altos-de-chavon\/","url_meta":{"origin":343114,"position":4},"title":"No se pierdan el incre\u00edble tributo a Frank Sinatra para celebrar el 40 aniversario del\u00a0Anfiteatro Altos de Chav\u00f3n","author":"Casa de Campo Living","date":"20 Oct, 2022","format":false,"excerpt":"Siendo uno de los escenarios m\u00e1s emblem\u00e1ticos del pa\u00eds, Casa de Campo Resort\u00ae & Villas celebra las cuatro d\u00e9cadas de aniversario de Altos de Chav\u00f3n con un tributo al gran Frank Sinatra, protagonizado por artistas invitados y una big band tal cual la que acompa\u00f1\u00f3 al artista hace 40 a\u00f1os\u2026","rel":"","context":"En \u00abUncategorized @es\u00bb","block_context":{"text":"Uncategorized @es","link":"https:\/\/casadecampoliving.com\/es\/category\/uncategorized-es\/"},"img":{"alt_text":"","src":"https:\/\/i0.wp.com\/casadecampoliving.com\/wp-content\/uploads\/2022\/10\/Tributo-Frank-Sinatra-Foto-Principal-Amaury-Sanchez-Danilo-Ginebra-Andres-Pichardo-y-Jose-Gabriel-Perez-.jpg?fit=1200%2C873&ssl=1&resize=350%2C200","width":350,"height":200,"srcset":"https:\/\/i0.wp.com\/casadecampoliving.com\/wp-content\/uploads\/2022\/10\/Tributo-Frank-Sinatra-Foto-Principal-Amaury-Sanchez-Danilo-Ginebra-Andres-Pichardo-y-Jose-Gabriel-Perez-.jpg?fit=1200%2C873&ssl=1&resize=350%2C200 1x, https:\/\/i0.wp.com\/casadecampoliving.com\/wp-content\/uploads\/2022\/10\/Tributo-Frank-Sinatra-Foto-Principal-Amaury-Sanchez-Danilo-Ginebra-Andres-Pichardo-y-Jose-Gabriel-Perez-.jpg?fit=1200%2C873&ssl=1&resize=525%2C300 1.5x, https:\/\/i0.wp.com\/casadecampoliving.com\/wp-content\/uploads\/2022\/10\/Tributo-Frank-Sinatra-Foto-Principal-Amaury-Sanchez-Danilo-Ginebra-Andres-Pichardo-y-Jose-Gabriel-Perez-.jpg?fit=1200%2C873&ssl=1&resize=700%2C400 2x, https:\/\/i0.wp.com\/casadecampoliving.com\/wp-content\/uploads\/2022\/10\/Tributo-Frank-Sinatra-Foto-Principal-Amaury-Sanchez-Danilo-Ginebra-Andres-Pichardo-y-Jose-Gabriel-Perez-.jpg?fit=1200%2C873&ssl=1&resize=1050%2C600 3x"},"classes":[]},{"id":321410,"url":"https:\/\/casadecampoliving.com\/marat-legal-inaugurates-new-casa-de-campo-la-romana-office-with-a-cocktail-at-la-enoteca\/","url_meta":{"origin":343114,"position":5},"title":"Marat Legal inaugurates new Casa de Campo-La Romana office with a cocktail at La Enoteca","author":"Rebecca Silvestri","date":"28 Jun, 2012","format":false,"excerpt":"On Friday the 15th of June 2012, Marat Legal, who with more than 30 years experience in law hosted a cocktail at La Enoteca wine bar in the Marina Casa de Campo to celebrate the opening of their new offices in the \"Zona Franca\" (free zone), located in La Romana\u2026","rel":"","context":"En \u00abEvents and Activities\u00bb","block_context":{"text":"Events and Activities","link":"https:\/\/casadecampoliving.com\/category\/events-and-activities\/"},"img":{"alt_text":"la enoteca marina casa de campo","src":"https:\/\/casadecampoliving.com\/wp-content\/uploads\/2022\/10\/jpg1.octet-stream","width":350,"height":200,"srcset":"https:\/\/casadecampoliving.com\/wp-content\/uploads\/2022\/10\/jpg1.octet-stream 1x, https:\/\/casadecampoliving.com\/wp-content\/uploads\/2022\/10\/jpg1.octet-stream 1.5x"},"classes":[]}],"jetpack_sharing_enabled":true,"_links":{"self":[{"href":"https:\/\/casadecampoliving.com\/es\/wp-json\/wp\/v2\/posts\/343114","targetHints":{"allow":["GET"]}}],"collection":[{"href":"https:\/\/casadecampoliving.com\/es\/wp-json\/wp\/v2\/posts"}],"about":[{"href":"https:\/\/casadecampoliving.com\/es\/wp-json\/wp\/v2\/types\/post"}],"author":[{"embeddable":true,"href":"https:\/\/casadecampoliving.com\/es\/wp-json\/wp\/v2\/users\/392"}],"replies":[{"embeddable":true,"href":"https:\/\/casadecampoliving.com\/es\/wp-json\/wp\/v2\/comments?post=343114"}],"version-history":[{"count":1,"href":"https:\/\/casadecampoliving.com\/es\/wp-json\/wp\/v2\/posts\/343114\/revisions"}],"predecessor-version":[{"id":343115,"href":"https:\/\/casadecampoliving.com\/es\/wp-json\/wp\/v2\/posts\/343114\/revisions\/343115"}],"wp:featuredmedia":[{"embeddable":true,"href":"https:\/\/casadecampoliving.com\/es\/wp-json\/wp\/v2\/media\/228699"}],"wp:attachment":[{"href":"https:\/\/casadecampoliving.com\/es\/wp-json\/wp\/v2\/media?parent=343114"}],"wp:term":[{"taxonomy":"category","embeddable":true,"href":"https:\/\/casadecampoliving.com\/es\/wp-json\/wp\/v2\/categories?post=343114"},{"taxonomy":"post_tag","embeddable":true,"href":"https:\/\/casadecampoliving.com\/es\/wp-json\/wp\/v2\/tags?post=343114"},{"taxonomy":"newspack_spnsrs_tax","embeddable":true,"href":"https:\/\/casadecampoliving.com\/es\/wp-json\/wp\/v2\/newspack_spnsrs_tax?post=343114"}],"curies":[{"name":"wp","href":"https:\/\/api.w.org\/{rel}","templated":true}]}}