{"id":343027,"date":"2013-10-08T00:00:00","date_gmt":"2013-10-08T04:00:00","guid":{"rendered":"https:\/\/casadecampoliving.com\/cafe-de-la-leche-3\/"},"modified":"2022-11-10T10:45:40","modified_gmt":"2022-11-10T14:45:40","slug":"cafe-de-la-leche-3","status":"publish","type":"post","link":"https:\/\/casadecampoliving.com\/es\/cafe-de-la-leche-3\/","title":{"rendered":"Un glamuroso Caf\u00e9 de la Leche con JR &#038; Co."},"content":{"rendered":"<img data-recalc-dims=\"1\" loading=\"lazy\" decoding=\"async\" class=\"aligncenter size-full wp-image-79019\" alt=\"ivonna sosa janet rivera\" src=\"https:\/\/i0.wp.com\/casadecampoliving.com\/wp-content\/uploads\/2022\/10\/ivonna_sosa_janet_rivera.jpg?resize=650%2C440&#038;ssl=1\" width=\"650\" height=\"440\" \/>El pasado viernes 4 de octubre se celebr\u00f3 un interesante y muy amistoso \u00abCaf\u00e9 de la Leche\u00bb, esta vez en JR &amp; Co., en La Romana, que a pesar de un repentino aguacero que dificult\u00f3 la llegada, fue un gran \u00e9xito, debido a la gran de personas que se dieron cita &#8211; \u00a1paraguas y todo!\n<blockquote><em><strong> <img data-recalc-dims=\"1\" loading=\"lazy\" decoding=\"async\" class=\"alignright size-full wp-image-79020\" style=\"margin-left: 15px; margin-right: 15px;\" alt=\"Rosa Maria Pablo Janet Rivera\" src=\"https:\/\/i0.wp.com\/casadecampoliving.com\/wp-content\/uploads\/2022\/10\/rosa-maria-pablo_janet_rivera.jpg?resize=300%2C368&#038;ssl=1\" width=\"300\" height=\"368\" \/>\u00ab\u00a1Cada vez que tengo un evento llueve, tomare eso como una\u00a0bendici\u00f3n!\u00bb<\/strong><\/em>\n<p style=\"padding-left: 30px;\">&#8212; Janet Rivera, due\u00f1a y fundadora de JR &amp; Co.<\/p>\n<\/blockquote>\nCon una decoraci\u00f3n en blanco, negro y rojo, adornada con unos espectaculares muebles que dejaron a todos encantados, Janet Rivera organiz\u00f3 este evento que se realiza mensualmente para el Hogar del Ni\u00f1o con un toque elegante y glamuroso, mientras se exhib\u00eda lo mejor de JR &amp; Co. \u00abPiezas \u00danicas, Ambientes Extraordinarios\u00bb, que lleva el alquiler a otro nivel en la industria.\n\nNuestras fabulosas damas de Casa de Campo hicieron la ocasi\u00f3n aun m\u00e1s interesante, con una espectacular entrada exhibiendo sus vestimentas de acuerdo a la temporada: colores vivos y tropicales, accesorios hermosos y joyas preciosas (\u00a1no pod\u00edamos esperar menos!)\n\n<img data-recalc-dims=\"1\" loading=\"lazy\" decoding=\"async\" class=\"aligncenter size-full wp-image-79022\" alt=\"jr &amp; co\" src=\"https:\/\/i0.wp.com\/casadecampoliving.com\/wp-content\/uploads\/2022\/10\/jrco1.jpg?resize=650%2C420&#038;ssl=1\" width=\"650\" height=\"420\" \/>\n\nCon tragos de bienvenida como ice tea, caf\u00e9 y una buen y ex\u00f3tica sangr\u00eda, acompa\u00f1ados por unas sabrosas picaderas y un fino chocolate, los invitados la pasaron de maravilla, conversando y admirando todo lo espectacular que JR &amp; \u00a0Co., puede brindar en rentas.\n\n<img data-recalc-dims=\"1\" loading=\"lazy\" decoding=\"async\" class=\"aligncenter size-full wp-image-79021\" alt=\"jr &amp; co\" src=\"https:\/\/i0.wp.com\/casadecampoliving.com\/wp-content\/uploads\/2022\/10\/jrco.jpg?resize=650%2C142&#038;ssl=1\" width=\"650\" height=\"142\" \/>\n<p style=\"text-align: left;\"><strong>\n<figure class=\"wp-block-gallery has-nested-images columns-default is-cropped wp-block-gallery-1 is-layout-flex wp-block-gallery-is-layout-flex\">\n<figure class=\"wp-block-image size-large\"><img data-recalc-dims=\"1\" loading=\"lazy\" decoding=\"async\" width=\"640\" height=\"141\" data-id=\"413369\" src=\"https:\/\/i0.wp.com\/casadecampoliving.com\/wp-content\/uploads\/2022\/10\/1-44.jpg?resize=640%2C141&#038;ssl=1\" alt=\"\" class=\"wp-image-413369\" srcset=\"https:\/\/i0.wp.com\/casadecampoliving.com\/wp-content\/uploads\/2022\/10\/1-44.jpg?w=640&amp;ssl=1 640w, https:\/\/i0.wp.com\/casadecampoliving.com\/wp-content\/uploads\/2022\/10\/1-44.jpg?resize=300%2C66&amp;ssl=1 300w, https:\/\/i0.wp.com\/casadecampoliving.com\/wp-content\/uploads\/2022\/10\/1-44.jpg?resize=400%2C88&amp;ssl=1 400w, https:\/\/i0.wp.com\/casadecampoliving.com\/wp-content\/uploads\/2022\/10\/1-44.jpg?resize=150%2C33&amp;ssl=1 150w, https:\/\/i0.wp.com\/casadecampoliving.com\/wp-content\/uploads\/2022\/10\/1-44.jpg?w=370&amp;ssl=1 370w\" sizes=\"auto, (max-width: 640px) 100vw, 640px\" \/><\/figure>\n\n\n\n<figure class=\"wp-block-image size-large\"><img data-recalc-dims=\"1\" loading=\"lazy\" decoding=\"async\" width=\"640\" height=\"480\" data-id=\"413399\" src=\"https:\/\/i0.wp.com\/casadecampoliving.com\/wp-content\/uploads\/2022\/10\/3-38.jpg?resize=640%2C480&#038;ssl=1\" alt=\"\" class=\"wp-image-413399\" srcset=\"https:\/\/i0.wp.com\/casadecampoliving.com\/wp-content\/uploads\/2022\/10\/3-38.jpg?w=640&amp;ssl=1 640w, https:\/\/i0.wp.com\/casadecampoliving.com\/wp-content\/uploads\/2022\/10\/3-38.jpg?resize=300%2C225&amp;ssl=1 300w, https:\/\/i0.wp.com\/casadecampoliving.com\/wp-content\/uploads\/2022\/10\/3-38.jpg?resize=400%2C300&amp;ssl=1 400w, https:\/\/i0.wp.com\/casadecampoliving.com\/wp-content\/uploads\/2022\/10\/3-38.jpg?resize=200%2C150&amp;ssl=1 200w, https:\/\/i0.wp.com\/casadecampoliving.com\/wp-content\/uploads\/2022\/10\/3-38.jpg?resize=150%2C113&amp;ssl=1 150w, https:\/\/i0.wp.com\/casadecampoliving.com\/wp-content\/uploads\/2022\/10\/3-38.jpg?w=370&amp;ssl=1 370w\" sizes=\"auto, (max-width: 640px) 100vw, 640px\" \/><\/figure>\n\n\n\n<figure class=\"wp-block-image size-large\"><img data-recalc-dims=\"1\" loading=\"lazy\" decoding=\"async\" width=\"640\" height=\"480\" data-id=\"413427\" src=\"https:\/\/i0.wp.com\/casadecampoliving.com\/wp-content\/uploads\/2022\/10\/4-42.jpg?resize=640%2C480&#038;ssl=1\" alt=\"\" class=\"wp-image-413427\" srcset=\"https:\/\/i0.wp.com\/casadecampoliving.com\/wp-content\/uploads\/2022\/10\/4-42.jpg?w=640&amp;ssl=1 640w, https:\/\/i0.wp.com\/casadecampoliving.com\/wp-content\/uploads\/2022\/10\/4-42.jpg?resize=300%2C225&amp;ssl=1 300w, https:\/\/i0.wp.com\/casadecampoliving.com\/wp-content\/uploads\/2022\/10\/4-42.jpg?resize=400%2C300&amp;ssl=1 400w, https:\/\/i0.wp.com\/casadecampoliving.com\/wp-content\/uploads\/2022\/10\/4-42.jpg?resize=200%2C150&amp;ssl=1 200w, https:\/\/i0.wp.com\/casadecampoliving.com\/wp-content\/uploads\/2022\/10\/4-42.jpg?resize=150%2C113&amp;ssl=1 150w, https:\/\/i0.wp.com\/casadecampoliving.com\/wp-content\/uploads\/2022\/10\/4-42.jpg?w=370&amp;ssl=1 370w\" sizes=\"auto, (max-width: 640px) 100vw, 640px\" \/><\/figure>\n\n\n\n<figure class=\"wp-block-image size-large\"><img data-recalc-dims=\"1\" loading=\"lazy\" decoding=\"async\" width=\"640\" height=\"480\" data-id=\"413456\" src=\"https:\/\/i0.wp.com\/casadecampoliving.com\/wp-content\/uploads\/2022\/10\/5-42.jpg?resize=640%2C480&#038;ssl=1\" alt=\"\" class=\"wp-image-413456\" srcset=\"https:\/\/i0.wp.com\/casadecampoliving.com\/wp-content\/uploads\/2022\/10\/5-42.jpg?w=640&amp;ssl=1 640w, https:\/\/i0.wp.com\/casadecampoliving.com\/wp-content\/uploads\/2022\/10\/5-42.jpg?resize=300%2C225&amp;ssl=1 300w, https:\/\/i0.wp.com\/casadecampoliving.com\/wp-content\/uploads\/2022\/10\/5-42.jpg?resize=400%2C300&amp;ssl=1 400w, https:\/\/i0.wp.com\/casadecampoliving.com\/wp-content\/uploads\/2022\/10\/5-42.jpg?resize=200%2C150&amp;ssl=1 200w, https:\/\/i0.wp.com\/casadecampoliving.com\/wp-content\/uploads\/2022\/10\/5-42.jpg?resize=150%2C113&amp;ssl=1 150w, https:\/\/i0.wp.com\/casadecampoliving.com\/wp-content\/uploads\/2022\/10\/5-42.jpg?w=370&amp;ssl=1 370w\" sizes=\"auto, (max-width: 640px) 100vw, 640px\" \/><\/figure>\n<\/figure>\n<\/strong><\/p>\nEste como todos los Cafe de la Leche fue una ocasi\u00f3n muy especial no solo por la uni\u00f3n de la comunidad de Casa de Campo, pero sobre todo para apoyar y ayudar esta magn\u00edfica causa, que cada mes asegura suficiente leche para m\u00e1s de 200 bebes en la Sala Cuna del Hogar del Ni\u00f1o.\n<blockquote><em><strong>\u00abFue un honor y un placer apoyar una causa que admiro&#8230; El trabajo que hace el Hogar del Ni\u00f1o es admirable!\u00bb<\/strong><\/em>\n<p style=\"padding-left: 30px;\">&#8212; Janet Rivera<\/p>\n<\/blockquote>\nLa siguiente colecci\u00f3n de fotos fueron tomados durante el Caf\u00e9 de la Leche el viernes 4 de cotubre de 2013: [nggallery id=1728]\n<blockquote><strong><img data-recalc-dims=\"1\" loading=\"lazy\" decoding=\"async\" class=\"alignright  wp-image-61239\" style=\"margin-left: 15px; margin-right: 15px;\" title=\"jr_co\" alt=\"jr_co\" src=\"https:\/\/i0.wp.com\/casadecampoliving.com\/wp-content\/uploads\/2022\/10\/jr_co1.jpg?resize=138%2C149&#038;ssl=1\" width=\"138\" height=\"149\" \/><a title=\"JR &amp; Co.\" href=\"http:\/\/wp.me\/P1kvEy-fVs\">JR &amp; Co.<\/a>\n<em><strong>Piezas \u00danicas, Ambientes Extraordinarios\n<\/strong><\/em><\/strong>Alquileres para Eventos <strong>\n<\/strong>\n\n<strong>Contacto:<\/strong>\u00a0(809) 550 8100, servicioalcliente@janetrivera.info\n\n<strong>Para acceder al cat\u00e1logo completo o solicitar una cita, visite: <\/strong>\n<a href=\"http:\/\/www.janetrivera.info\/catalogo\/\" target=\"_blank\" rel=\"noopener\">http:\/\/www.janetrivera.info\/catalogo\/<\/a>\n\n<strong>[nggallery id=1436]<\/strong><\/blockquote>\n<blockquote>\n<p style=\"text-align: left;\"><a href=\"https:\/\/casadecampoliving.com\/es\/un-encantador-cafe-de-la-leche-con-yrene-caslini\/\"><span style=\"text-decoration: underline; color: #0000ff;\"><strong><span style=\"color: #0000ff; text-decoration: underline;\">A<\/span>cerca de\u00a0Caf\u00e9\u00a0de la Leche<\/strong><\/span><\/a><\/p>\n<p style=\"text-align: left;\"><img data-recalc-dims=\"1\" loading=\"lazy\" decoding=\"async\" class=\"aligncenter  wp-image-77794\" alt=\"Caf\u00e9 de la Leche Xiomara Matos\" src=\"https:\/\/i0.wp.com\/casadecampoliving.com\/wp-content\/uploads\/2022\/10\/cafe_de_la_leche_xiomara_matos.jpg?resize=585%2C339&#038;ssl=1\" width=\"585\" height=\"339\" \/><\/p>\nEl Caf\u00e9 de la Leche es un evento mensual de caridad, un poco como una fiesta de t\u00e9 para las damas de Casa de Campo (aunque ocasionalmente se invita a hombres) y usualmente toma lugar el primer viernes de cada mes; organizado por una miembro de Casa de Campo en su villa u ocasionalmente en un restaurante o negocio particular.\n\n<a href=\"https:\/\/casadecampoliving.com\/es\/un-encantador-cafe-de-la-leche-con-yrene-caslini\/\"><span style=\"text-decoration: underline;\"><em><strong>Haga clic\u00a0aqu\u00ed\u00a0para fotos y eventos anteriores de\u00a0Caf\u00e9\u00a0de la Leche<\/strong><\/em><\/span><\/a><\/blockquote>","protected":false},"excerpt":{"rendered":"<p>El pasado viernes 4 de octubre se celebr\u00f3 un interesante y muy amistoso \u00abCaf\u00e9 de la Leche\u00bb, esta vez en JR &amp; Co., en La Romana, que a pesar de un repentino aguacero que dificult\u00f3 la llegada, fue un gran \u00e9xito, debido a la gran de personas que se dieron cita &#8211; \u00a1paraguas y todo! [&hellip;]<\/p>\n","protected":false},"author":614,"featured_media":273213,"comment_status":"closed","ping_status":"closed","sticky":false,"template":"","format":"standard","meta":{"newspack_ads_suppress_ads":false,"newspack_popups_has_disabled_popups":false,"newspack_sponsor_sponsorship_scope":"","newspack_sponsor_native_byline_display":"inherit","newspack_sponsor_native_category_display":"inherit","newspack_sponsor_underwriter_style":"inherit","newspack_sponsor_underwriter_placement":"inherit","_newspack_byline_active":false,"_newspack_byline":"","newspack_hide_updated_date":false,"newspack_show_updated_date":false,"newspack_content_restriction_is_exempt":false,"newspack_featured_image_position":"","newspack_post_subtitle":"","newspack_article_summary_title":"Overview:","newspack_article_summary":"","_jetpack_memberships_contains_paid_content":false,"footnotes":"","jetpack_publicize_message":"","jetpack_publicize_feature_enabled":true,"jetpack_social_post_already_shared":false,"jetpack_social_options":{"image_generator_settings":{"template":"highway","default_image_id":0,"font":"","enabled":false},"version":2},"_wpas_customize_per_network":false},"categories":[2506,2522,2507,2526,2516,14631,14625,2514,14627],"tags":[23755,5744,4291,4484,14876,14542],"newspack_spnsrs_tax":[],"class_list":["post-343027","post","type-post","status-publish","format-standard","has-post-thumbnail","hentry","category-mas-alla-de-casa-es","category-eventos-es","category-la-romana-es","category-titulares-es","category-hogar-del-nino-es","category-estilo-de-vida","category-noticias-locales","category-fundaciones-es","category-proximamente","tag-cafe-de-la-leche-es-5","tag-cafe-de-la-leche-es","tag-cafe-de-la-leche-eventos","tag-el-hogar-del-nino","tag-hogar-del-nino-es","tag-la-romana-es","entry"],"yoast_head":"<!-- This site is optimized with the Yoast SEO plugin v27.4 - https:\/\/yoast.com\/product\/yoast-seo-wordpress\/ -->\n<title>Un glamuroso Caf\u00e9 de la Leche con JR &amp; Co. | Casa de Campo Living<\/title>\n<meta name=\"description\" content=\"El pasado viernes 4 de octubre se celebr\u00f3 un interesante y muy amistoso &quot;Caf\u00e9 de la Leche&quot;, esta vez en JR &amp; Co., en La Romana, que a pesar de un\" \/>\n<meta name=\"robots\" content=\"index, follow, max-snippet:-1, max-image-preview:large, max-video-preview:-1\" \/>\n<link rel=\"canonical\" href=\"https:\/\/casadecampoliving.com\/es\/cafe-de-la-leche-3\/\" \/>\n<meta property=\"og:locale\" content=\"es_ES\" \/>\n<meta property=\"og:type\" content=\"article\" \/>\n<meta property=\"og:title\" content=\"Un glamuroso Caf\u00e9 de la Leche con JR &amp; Co. | Casa de Campo Living\" \/>\n<meta property=\"og:description\" content=\"El pasado viernes 4 de octubre se celebr\u00f3 un interesante y muy amistoso &quot;Caf\u00e9 de la Leche&quot;, esta vez en JR &amp; Co., en La Romana, que a pesar de un\" \/>\n<meta property=\"og:url\" content=\"https:\/\/casadecampoliving.com\/es\/cafe-de-la-leche-3\/\" \/>\n<meta property=\"og:site_name\" content=\"Casa de Campo Living\" \/>\n<meta property=\"article:publisher\" content=\"https:\/\/www.facebook.com\/casadecampoliving\" \/>\n<meta property=\"article:published_time\" content=\"2013-10-08T04:00:00+00:00\" \/>\n<meta property=\"article:modified_time\" content=\"2022-11-10T14:45:40+00:00\" \/>\n<meta property=\"og:image\" content=\"https:\/\/i0.wp.com\/casadecampoliving.com\/wp-content\/uploads\/2022\/10\/ivonna_sosa_janet_rivera1.jpg?fit=650%2C294&ssl=1\" \/>\n\t<meta property=\"og:image:width\" content=\"650\" \/>\n\t<meta property=\"og:image:height\" content=\"294\" \/>\n\t<meta property=\"og:image:type\" content=\"image\/jpeg\" \/>\n<meta name=\"author\" content=\"Genesis Perdomo\" \/>\n<meta name=\"twitter:card\" content=\"summary_large_image\" \/>\n<meta name=\"twitter:creator\" content=\"@cdcliving\" \/>\n<meta name=\"twitter:site\" content=\"@cdcliving\" \/>\n<meta name=\"twitter:label1\" content=\"Escrito por\" \/>\n\t<meta name=\"twitter:data1\" content=\"Genesis Perdomo\" \/>\n\t<meta name=\"twitter:label2\" content=\"Tiempo de lectura\" \/>\n\t<meta name=\"twitter:data2\" content=\"2 minutos\" \/>\n<script type=\"application\/ld+json\" class=\"yoast-schema-graph\">{\"@context\":\"https:\\\/\\\/schema.org\",\"@graph\":[{\"@type\":\"Article\",\"@id\":\"https:\\\/\\\/casadecampoliving.com\\\/es\\\/cafe-de-la-leche-3\\\/#article\",\"isPartOf\":{\"@id\":\"https:\\\/\\\/casadecampoliving.com\\\/es\\\/cafe-de-la-leche-3\\\/\"},\"author\":{\"name\":\"Genesis Perdomo\",\"@id\":\"https:\\\/\\\/casadecampoliving.com\\\/es\\\/#\\\/schema\\\/person\\\/242cf7c69a59395bbe7de24405601b76\"},\"headline\":\"Un glamuroso Caf\u00e9 de la Leche con JR &#038; Co.\",\"datePublished\":\"2013-10-08T04:00:00+00:00\",\"dateModified\":\"2022-11-10T14:45:40+00:00\",\"mainEntityOfPage\":{\"@id\":\"https:\\\/\\\/casadecampoliving.com\\\/es\\\/cafe-de-la-leche-3\\\/\"},\"wordCount\":453,\"publisher\":{\"@id\":\"https:\\\/\\\/casadecampoliving.com\\\/es\\\/#organization\"},\"image\":{\"@id\":\"https:\\\/\\\/casadecampoliving.com\\\/es\\\/cafe-de-la-leche-3\\\/#primaryimage\"},\"thumbnailUrl\":\"https:\\\/\\\/i0.wp.com\\\/casadecampoliving.com\\\/wp-content\\\/uploads\\\/2022\\\/10\\\/ivonna_sosa_janet_rivera1.jpg?fit=650%2C294&ssl=1\",\"keywords\":[\"cafe de la leche\",\"cafe de la leche @es\",\"cafe de la leche eventos\",\"el hogar del nino\",\"hogar del nino\",\"La Romana @es\"],\"articleSection\":[\"M\u00e1s all\u00e1 de Casa\",\"Eventos\",\"La Romana @es\",\"Titulares\",\"Hogar del Ni\u00f1o @es\",\"Estilo de Vida\",\"Noticias Locales\",\"Fundaciones\",\"Proximamente\"],\"inLanguage\":\"es\"},{\"@type\":\"WebPage\",\"@id\":\"https:\\\/\\\/casadecampoliving.com\\\/es\\\/cafe-de-la-leche-3\\\/\",\"url\":\"https:\\\/\\\/casadecampoliving.com\\\/es\\\/cafe-de-la-leche-3\\\/\",\"name\":\"Un glamuroso Caf\u00e9 de la Leche con JR & Co. | Casa de Campo Living\",\"isPartOf\":{\"@id\":\"https:\\\/\\\/casadecampoliving.com\\\/es\\\/#website\"},\"primaryImageOfPage\":{\"@id\":\"https:\\\/\\\/casadecampoliving.com\\\/es\\\/cafe-de-la-leche-3\\\/#primaryimage\"},\"image\":{\"@id\":\"https:\\\/\\\/casadecampoliving.com\\\/es\\\/cafe-de-la-leche-3\\\/#primaryimage\"},\"thumbnailUrl\":\"https:\\\/\\\/i0.wp.com\\\/casadecampoliving.com\\\/wp-content\\\/uploads\\\/2022\\\/10\\\/ivonna_sosa_janet_rivera1.jpg?fit=650%2C294&ssl=1\",\"datePublished\":\"2013-10-08T04:00:00+00:00\",\"dateModified\":\"2022-11-10T14:45:40+00:00\",\"description\":\"El pasado viernes 4 de octubre se celebr\u00f3 un interesante y muy amistoso \\\"Caf\u00e9 de la Leche\\\", esta vez en JR &amp; Co., en La Romana, que a pesar de un\",\"breadcrumb\":{\"@id\":\"https:\\\/\\\/casadecampoliving.com\\\/es\\\/cafe-de-la-leche-3\\\/#breadcrumb\"},\"inLanguage\":\"es\",\"potentialAction\":[{\"@type\":\"ReadAction\",\"target\":[\"https:\\\/\\\/casadecampoliving.com\\\/es\\\/cafe-de-la-leche-3\\\/\"]}]},{\"@type\":\"ImageObject\",\"inLanguage\":\"es\",\"@id\":\"https:\\\/\\\/casadecampoliving.com\\\/es\\\/cafe-de-la-leche-3\\\/#primaryimage\",\"url\":\"https:\\\/\\\/i0.wp.com\\\/casadecampoliving.com\\\/wp-content\\\/uploads\\\/2022\\\/10\\\/ivonna_sosa_janet_rivera1.jpg?fit=650%2C294&ssl=1\",\"contentUrl\":\"https:\\\/\\\/i0.wp.com\\\/casadecampoliving.com\\\/wp-content\\\/uploads\\\/2022\\\/10\\\/ivonna_sosa_janet_rivera1.jpg?fit=650%2C294&ssl=1\",\"width\":650,\"height\":294,\"caption\":\"Ivonna Sosa Janet Rivera\"},{\"@type\":\"BreadcrumbList\",\"@id\":\"https:\\\/\\\/casadecampoliving.com\\\/es\\\/cafe-de-la-leche-3\\\/#breadcrumb\",\"itemListElement\":[{\"@type\":\"ListItem\",\"position\":1,\"name\":\"Home\",\"item\":\"https:\\\/\\\/casadecampoliving.com\\\/es\\\/\"},{\"@type\":\"ListItem\",\"position\":2,\"name\":\"Un glamuroso Caf\u00e9 de la Leche con JR &#038; Co.\"}]},{\"@type\":\"WebSite\",\"@id\":\"https:\\\/\\\/casadecampoliving.com\\\/es\\\/#website\",\"url\":\"https:\\\/\\\/casadecampoliving.com\\\/es\\\/\",\"name\":\"Casa de Campo Living\",\"description\":\"Resort community news and resources.\",\"publisher\":{\"@id\":\"https:\\\/\\\/casadecampoliving.com\\\/es\\\/#organization\"},\"potentialAction\":[{\"@type\":\"SearchAction\",\"target\":{\"@type\":\"EntryPoint\",\"urlTemplate\":\"https:\\\/\\\/casadecampoliving.com\\\/es\\\/?s={search_term_string}\"},\"query-input\":{\"@type\":\"PropertyValueSpecification\",\"valueRequired\":true,\"valueName\":\"search_term_string\"}}],\"inLanguage\":\"es\"},{\"@type\":\"Organization\",\"@id\":\"https:\\\/\\\/casadecampoliving.com\\\/es\\\/#organization\",\"name\":\"Casa de Campo Living\",\"url\":\"https:\\\/\\\/casadecampoliving.com\\\/es\\\/\",\"logo\":{\"@type\":\"ImageObject\",\"inLanguage\":\"es\",\"@id\":\"https:\\\/\\\/casadecampoliving.com\\\/es\\\/#\\\/schema\\\/logo\\\/image\\\/\",\"url\":\"https:\\\/\\\/i0.wp.com\\\/casadecampoliving.com\\\/wp-content\\\/uploads\\\/2022\\\/07\\\/CDCLivingLogo_V1-white-sized.png?fit=800%2C214&ssl=1\",\"contentUrl\":\"https:\\\/\\\/i0.wp.com\\\/casadecampoliving.com\\\/wp-content\\\/uploads\\\/2022\\\/07\\\/CDCLivingLogo_V1-white-sized.png?fit=800%2C214&ssl=1\",\"width\":800,\"height\":214,\"caption\":\"Casa de Campo Living\"},\"image\":{\"@id\":\"https:\\\/\\\/casadecampoliving.com\\\/es\\\/#\\\/schema\\\/logo\\\/image\\\/\"},\"sameAs\":[\"https:\\\/\\\/www.facebook.com\\\/casadecampoliving\",\"https:\\\/\\\/x.com\\\/cdcliving\"]},{\"@type\":\"Person\",\"@id\":\"https:\\\/\\\/casadecampoliving.com\\\/es\\\/#\\\/schema\\\/person\\\/242cf7c69a59395bbe7de24405601b76\",\"name\":\"Genesis Perdomo\",\"image\":{\"@type\":\"ImageObject\",\"inLanguage\":\"es\",\"@id\":\"https:\\\/\\\/secure.gravatar.com\\\/avatar\\\/1e89145b3cf01cf3b3fdf1d3d2e3c53f60c2978235045ae44df10fb8c79924c1?s=96&d=mm&r=g\",\"url\":\"https:\\\/\\\/secure.gravatar.com\\\/avatar\\\/1e89145b3cf01cf3b3fdf1d3d2e3c53f60c2978235045ae44df10fb8c79924c1?s=96&d=mm&r=g\",\"contentUrl\":\"https:\\\/\\\/secure.gravatar.com\\\/avatar\\\/1e89145b3cf01cf3b3fdf1d3d2e3c53f60c2978235045ae44df10fb8c79924c1?s=96&d=mm&r=g\",\"caption\":\"Genesis Perdomo\"},\"url\":\"https:\\\/\\\/casadecampoliving.com\\\/es\\\/author\\\/gperdomo\\\/\"}]}<\/script>\n<!-- \/ Yoast SEO plugin. -->","yoast_head_json":{"title":"Un glamuroso Caf\u00e9 de la Leche con JR & Co. | Casa de Campo Living","description":"El pasado viernes 4 de octubre se celebr\u00f3 un interesante y muy amistoso \"Caf\u00e9 de la Leche\", esta vez en JR &amp; Co., en La Romana, que a pesar de un","robots":{"index":"index","follow":"follow","max-snippet":"max-snippet:-1","max-image-preview":"max-image-preview:large","max-video-preview":"max-video-preview:-1"},"canonical":"https:\/\/casadecampoliving.com\/es\/cafe-de-la-leche-3\/","og_locale":"es_ES","og_type":"article","og_title":"Un glamuroso Caf\u00e9 de la Leche con JR & Co. | Casa de Campo Living","og_description":"El pasado viernes 4 de octubre se celebr\u00f3 un interesante y muy amistoso \"Caf\u00e9 de la Leche\", esta vez en JR &amp; Co., en La Romana, que a pesar de un","og_url":"https:\/\/casadecampoliving.com\/es\/cafe-de-la-leche-3\/","og_site_name":"Casa de Campo Living","article_publisher":"https:\/\/www.facebook.com\/casadecampoliving","article_published_time":"2013-10-08T04:00:00+00:00","article_modified_time":"2022-11-10T14:45:40+00:00","og_image":[{"width":650,"height":294,"url":"https:\/\/i0.wp.com\/casadecampoliving.com\/wp-content\/uploads\/2022\/10\/ivonna_sosa_janet_rivera1.jpg?fit=650%2C294&ssl=1","type":"image\/jpeg"}],"author":"Genesis Perdomo","twitter_card":"summary_large_image","twitter_creator":"@cdcliving","twitter_site":"@cdcliving","twitter_misc":{"Escrito por":"Genesis Perdomo","Tiempo de lectura":"2 minutos"},"schema":{"@context":"https:\/\/schema.org","@graph":[{"@type":"Article","@id":"https:\/\/casadecampoliving.com\/es\/cafe-de-la-leche-3\/#article","isPartOf":{"@id":"https:\/\/casadecampoliving.com\/es\/cafe-de-la-leche-3\/"},"author":{"name":"Genesis Perdomo","@id":"https:\/\/casadecampoliving.com\/es\/#\/schema\/person\/242cf7c69a59395bbe7de24405601b76"},"headline":"Un glamuroso Caf\u00e9 de la Leche con JR &#038; Co.","datePublished":"2013-10-08T04:00:00+00:00","dateModified":"2022-11-10T14:45:40+00:00","mainEntityOfPage":{"@id":"https:\/\/casadecampoliving.com\/es\/cafe-de-la-leche-3\/"},"wordCount":453,"publisher":{"@id":"https:\/\/casadecampoliving.com\/es\/#organization"},"image":{"@id":"https:\/\/casadecampoliving.com\/es\/cafe-de-la-leche-3\/#primaryimage"},"thumbnailUrl":"https:\/\/i0.wp.com\/casadecampoliving.com\/wp-content\/uploads\/2022\/10\/ivonna_sosa_janet_rivera1.jpg?fit=650%2C294&ssl=1","keywords":["cafe de la leche","cafe de la leche @es","cafe de la leche eventos","el hogar del nino","hogar del nino","La Romana @es"],"articleSection":["M\u00e1s all\u00e1 de Casa","Eventos","La Romana @es","Titulares","Hogar del Ni\u00f1o @es","Estilo de Vida","Noticias Locales","Fundaciones","Proximamente"],"inLanguage":"es"},{"@type":"WebPage","@id":"https:\/\/casadecampoliving.com\/es\/cafe-de-la-leche-3\/","url":"https:\/\/casadecampoliving.com\/es\/cafe-de-la-leche-3\/","name":"Un glamuroso Caf\u00e9 de la Leche con JR & Co. | Casa de Campo Living","isPartOf":{"@id":"https:\/\/casadecampoliving.com\/es\/#website"},"primaryImageOfPage":{"@id":"https:\/\/casadecampoliving.com\/es\/cafe-de-la-leche-3\/#primaryimage"},"image":{"@id":"https:\/\/casadecampoliving.com\/es\/cafe-de-la-leche-3\/#primaryimage"},"thumbnailUrl":"https:\/\/i0.wp.com\/casadecampoliving.com\/wp-content\/uploads\/2022\/10\/ivonna_sosa_janet_rivera1.jpg?fit=650%2C294&ssl=1","datePublished":"2013-10-08T04:00:00+00:00","dateModified":"2022-11-10T14:45:40+00:00","description":"El pasado viernes 4 de octubre se celebr\u00f3 un interesante y muy amistoso \"Caf\u00e9 de la Leche\", esta vez en JR &amp; Co., en La Romana, que a pesar de un","breadcrumb":{"@id":"https:\/\/casadecampoliving.com\/es\/cafe-de-la-leche-3\/#breadcrumb"},"inLanguage":"es","potentialAction":[{"@type":"ReadAction","target":["https:\/\/casadecampoliving.com\/es\/cafe-de-la-leche-3\/"]}]},{"@type":"ImageObject","inLanguage":"es","@id":"https:\/\/casadecampoliving.com\/es\/cafe-de-la-leche-3\/#primaryimage","url":"https:\/\/i0.wp.com\/casadecampoliving.com\/wp-content\/uploads\/2022\/10\/ivonna_sosa_janet_rivera1.jpg?fit=650%2C294&ssl=1","contentUrl":"https:\/\/i0.wp.com\/casadecampoliving.com\/wp-content\/uploads\/2022\/10\/ivonna_sosa_janet_rivera1.jpg?fit=650%2C294&ssl=1","width":650,"height":294,"caption":"Ivonna Sosa Janet Rivera"},{"@type":"BreadcrumbList","@id":"https:\/\/casadecampoliving.com\/es\/cafe-de-la-leche-3\/#breadcrumb","itemListElement":[{"@type":"ListItem","position":1,"name":"Home","item":"https:\/\/casadecampoliving.com\/es\/"},{"@type":"ListItem","position":2,"name":"Un glamuroso Caf\u00e9 de la Leche con JR &#038; Co."}]},{"@type":"WebSite","@id":"https:\/\/casadecampoliving.com\/es\/#website","url":"https:\/\/casadecampoliving.com\/es\/","name":"Casa de Campo Living","description":"Resort community news and resources.","publisher":{"@id":"https:\/\/casadecampoliving.com\/es\/#organization"},"potentialAction":[{"@type":"SearchAction","target":{"@type":"EntryPoint","urlTemplate":"https:\/\/casadecampoliving.com\/es\/?s={search_term_string}"},"query-input":{"@type":"PropertyValueSpecification","valueRequired":true,"valueName":"search_term_string"}}],"inLanguage":"es"},{"@type":"Organization","@id":"https:\/\/casadecampoliving.com\/es\/#organization","name":"Casa de Campo Living","url":"https:\/\/casadecampoliving.com\/es\/","logo":{"@type":"ImageObject","inLanguage":"es","@id":"https:\/\/casadecampoliving.com\/es\/#\/schema\/logo\/image\/","url":"https:\/\/i0.wp.com\/casadecampoliving.com\/wp-content\/uploads\/2022\/07\/CDCLivingLogo_V1-white-sized.png?fit=800%2C214&ssl=1","contentUrl":"https:\/\/i0.wp.com\/casadecampoliving.com\/wp-content\/uploads\/2022\/07\/CDCLivingLogo_V1-white-sized.png?fit=800%2C214&ssl=1","width":800,"height":214,"caption":"Casa de Campo Living"},"image":{"@id":"https:\/\/casadecampoliving.com\/es\/#\/schema\/logo\/image\/"},"sameAs":["https:\/\/www.facebook.com\/casadecampoliving","https:\/\/x.com\/cdcliving"]},{"@type":"Person","@id":"https:\/\/casadecampoliving.com\/es\/#\/schema\/person\/242cf7c69a59395bbe7de24405601b76","name":"Genesis Perdomo","image":{"@type":"ImageObject","inLanguage":"es","@id":"https:\/\/secure.gravatar.com\/avatar\/1e89145b3cf01cf3b3fdf1d3d2e3c53f60c2978235045ae44df10fb8c79924c1?s=96&d=mm&r=g","url":"https:\/\/secure.gravatar.com\/avatar\/1e89145b3cf01cf3b3fdf1d3d2e3c53f60c2978235045ae44df10fb8c79924c1?s=96&d=mm&r=g","contentUrl":"https:\/\/secure.gravatar.com\/avatar\/1e89145b3cf01cf3b3fdf1d3d2e3c53f60c2978235045ae44df10fb8c79924c1?s=96&d=mm&r=g","caption":"Genesis Perdomo"},"url":"https:\/\/casadecampoliving.com\/es\/author\/gperdomo\/"}]}},"parsely":{"version":"1.1.0","canonical_url":"https:\/\/casadecampoliving.com\/es\/cafe-de-la-leche-3\/","smart_links":{"inbound":0,"outbound":0},"traffic_boost_suggestions_count":0,"meta":{"@context":"https:\/\/schema.org","@type":"NewsArticle","headline":"Un glamuroso Caf\u00e9 de la Leche con JR &#038; Co.","url":"http:\/\/casadecampoliving.com\/es\/cafe-de-la-leche-3\/","mainEntityOfPage":{"@type":"WebPage","@id":"http:\/\/casadecampoliving.com\/es\/cafe-de-la-leche-3\/"},"thumbnailUrl":"https:\/\/i0.wp.com\/casadecampoliving.com\/wp-content\/uploads\/2022\/10\/ivonna_sosa_janet_rivera1.jpg?resize=150%2C150&ssl=1","image":{"@type":"ImageObject","url":"https:\/\/i0.wp.com\/casadecampoliving.com\/wp-content\/uploads\/2022\/10\/ivonna_sosa_janet_rivera1.jpg?fit=650%2C294&ssl=1"},"articleSection":"Eventos","author":[{"@type":"Person","name":"Genesis Perdomo"}],"creator":["Genesis Perdomo"],"publisher":{"@type":"Organization","name":"Casa de Campo Living","logo":"https:\/\/casadecampoliving.com\/wp-content\/uploads\/2022\/07\/CDCLivingLogo_V1-white-sized.png"},"keywords":["cafe de la leche","cafe de la leche @es","cafe de la leche eventos","hogar del nino","el hogar del nino","la romana @es"],"dateCreated":"2013-10-08T04:00:00Z","datePublished":"2013-10-08T04:00:00Z","dateModified":"2022-11-10T14:45:40Z"},"rendered":"<script type=\"application\/ld+json\" class=\"wp-parsely-metadata\">{\"@context\":\"https:\\\/\\\/schema.org\",\"@type\":\"NewsArticle\",\"headline\":\"Un glamuroso Caf\\u00e9 de la Leche con JR &#038; Co.\",\"url\":\"http:\\\/\\\/casadecampoliving.com\\\/es\\\/cafe-de-la-leche-3\\\/\",\"mainEntityOfPage\":{\"@type\":\"WebPage\",\"@id\":\"http:\\\/\\\/casadecampoliving.com\\\/es\\\/cafe-de-la-leche-3\\\/\"},\"thumbnailUrl\":\"https:\\\/\\\/i0.wp.com\\\/casadecampoliving.com\\\/wp-content\\\/uploads\\\/2022\\\/10\\\/ivonna_sosa_janet_rivera1.jpg?resize=150%2C150&ssl=1\",\"image\":{\"@type\":\"ImageObject\",\"url\":\"https:\\\/\\\/i0.wp.com\\\/casadecampoliving.com\\\/wp-content\\\/uploads\\\/2022\\\/10\\\/ivonna_sosa_janet_rivera1.jpg?fit=650%2C294&ssl=1\"},\"articleSection\":\"Eventos\",\"author\":[{\"@type\":\"Person\",\"name\":\"Genesis Perdomo\"}],\"creator\":[\"Genesis Perdomo\"],\"publisher\":{\"@type\":\"Organization\",\"name\":\"Casa de Campo Living\",\"logo\":\"https:\\\/\\\/casadecampoliving.com\\\/wp-content\\\/uploads\\\/2022\\\/07\\\/CDCLivingLogo_V1-white-sized.png\"},\"keywords\":[\"cafe de la leche\",\"cafe de la leche @es\",\"cafe de la leche eventos\",\"hogar del nino\",\"el hogar del nino\",\"la romana @es\"],\"dateCreated\":\"2013-10-08T04:00:00Z\",\"datePublished\":\"2013-10-08T04:00:00Z\",\"dateModified\":\"2022-11-10T14:45:40Z\"}<\/script>","tracker_url":"https:\/\/cdn.parsely.com\/keys\/casadecampoliving.com\/p.js"},"jetpack_publicize_connections":[],"jetpack_featured_media_url":"https:\/\/i0.wp.com\/casadecampoliving.com\/wp-content\/uploads\/2022\/10\/ivonna_sosa_janet_rivera1.jpg?fit=650%2C294&ssl=1","jetpack-related-posts":[{"id":342978,"url":"https:\/\/casadecampoliving.com\/es\/78520\/","url_meta":{"origin":343027,"position":0},"title":"El pr\u00f3ximo evento de Caf\u00e9 de la Leche ser\u00e1 organizado por JR &#038; Co.","author":"Lenny Castillo","date":"27 Sep, 2013","format":false,"excerpt":"El mes de septiembre ha estado bien ocupado para el Hogar del Ni\u00f1o, con el concierto incre\u00edble de Pitbull, as\u00ed como el evento Caf\u00e9 de la Leche en La Cantina Altos de Chav\u00f3n. Pero hay m\u00e1s; \u2013 el pr\u00f3ximo evento del Caf\u00e9 de la Leche ha sido programado para el\u2026","rel":"","context":"En \u00abDestacados\u00bb","block_context":{"text":"Destacados","link":"https:\/\/casadecampoliving.com\/es\/category\/destacados\/"},"img":{"alt_text":"jr_co_events_rentals","src":"https:\/\/i0.wp.com\/casadecampoliving.com\/wp-content\/uploads\/2022\/10\/jr_co_events_rentals-1.jpg?fit=650%2C400&ssl=1&resize=350%2C200","width":350,"height":200,"srcset":"https:\/\/i0.wp.com\/casadecampoliving.com\/wp-content\/uploads\/2022\/10\/jr_co_events_rentals-1.jpg?fit=650%2C400&ssl=1&resize=350%2C200 1x, https:\/\/i0.wp.com\/casadecampoliving.com\/wp-content\/uploads\/2022\/10\/jr_co_events_rentals-1.jpg?fit=650%2C400&ssl=1&resize=525%2C300 1.5x"},"classes":[]},{"id":322718,"url":"https:\/\/casadecampoliving.com\/next-cafe-de-la-leche-hosted-jr-co-oct-4th\/","url_meta":{"origin":343027,"position":1},"title":"Next Cafe de la Leche to be hosted by JR &#038; Co., Oct 4th","author":"Rebecca Silvestri","date":"27 Sep, 2013","format":false,"excerpt":"It\u2019s been a busy month for the Hogar del Nino with the incredible Pitbull concert as well as the Cafe de la Leche at La Cantina in Altos de Chavon\u2026 but the good times don\u2019t stop \u2013 the next Cafe de la Leche has now been scheduled for next Friday\u2026","rel":"","context":"En \u00abBeyond Casa\u00bb","block_context":{"text":"Beyond Casa","link":"https:\/\/casadecampoliving.com\/category\/beyond-casa\/"},"img":{"alt_text":"jr_co_events_rentals","src":"https:\/\/i0.wp.com\/casadecampoliving.com\/wp-content\/uploads\/2022\/10\/jr_co_events_rentals-1.jpg?fit=650%2C400&ssl=1&resize=350%2C200","width":350,"height":200,"srcset":"https:\/\/i0.wp.com\/casadecampoliving.com\/wp-content\/uploads\/2022\/10\/jr_co_events_rentals-1.jpg?fit=650%2C400&ssl=1&resize=350%2C200 1x, https:\/\/i0.wp.com\/casadecampoliving.com\/wp-content\/uploads\/2022\/10\/jr_co_events_rentals-1.jpg?fit=650%2C400&ssl=1&resize=525%2C300 1.5x"},"classes":[]},{"id":322745,"url":"https:\/\/casadecampoliving.com\/cafe-de-la-leche-2\/","url_meta":{"origin":343027,"position":2},"title":"A simply stunning Caf\u00e9 de la Leche at JR &#038; Co.","author":"Genesis Perdomo","date":"8 Oct, 2013","format":false,"excerpt":"Last Friday October the 4th, we celebrated a rather friendly and interesting Caf\u00e9 de la Leche, this time at JR & Co. in La Romana, which despite a sudden downpour that made arriving to the gathering a little tricky, was a marvelous success with a great number of guests in\u2026","rel":"","context":"En \u00abBeyond Casa\u00bb","block_context":{"text":"Beyond Casa","link":"https:\/\/casadecampoliving.com\/category\/beyond-casa\/"},"img":{"alt_text":"Ivonna Sosa Janet Rivera","src":"https:\/\/i0.wp.com\/casadecampoliving.com\/wp-content\/uploads\/2022\/10\/ivonna_sosa_janet_rivera1.jpg?fit=650%2C294&ssl=1&resize=350%2C200","width":350,"height":200,"srcset":"https:\/\/i0.wp.com\/casadecampoliving.com\/wp-content\/uploads\/2022\/10\/ivonna_sosa_janet_rivera1.jpg?fit=650%2C294&ssl=1&resize=350%2C200 1x, https:\/\/i0.wp.com\/casadecampoliving.com\/wp-content\/uploads\/2022\/10\/ivonna_sosa_janet_rivera1.jpg?fit=650%2C294&ssl=1&resize=525%2C300 1.5x"},"classes":[]},{"id":338566,"url":"https:\/\/casadecampoliving.com\/es\/todos-a-bordo-un-super-cafe-de-la-leche-en-el-costa-luminosa\/","url_meta":{"origin":343027,"position":3},"title":"Todos a bordo! Un s\u00faper Caf\u00e9 de la Leche en el Costa Luminosa","author":"","date":"17 Mar, 2012","format":false,"excerpt":"El pasado lunes 5 de marzo, las damas de Casa de Campo se encaminaron hacia un mar de diversiones a bordo del crucero Costa Luminosa para disfrutar de un muy especial evento del Caf\u00e9 de la Leche a beneficio del Hogar del Ni\u00f1o!\u00a0 El crucero Costa Luminosa se estaciona todos\u2026","rel":"","context":"En \u00abM\u00e1s all\u00e1 de Casa\u00bb","block_context":{"text":"M\u00e1s all\u00e1 de Casa","link":"https:\/\/casadecampoliving.com\/es\/category\/mas-alla-de-casa-es\/"},"img":{"alt_text":"costa luminosa la romana","src":"https:\/\/i0.wp.com\/casadecampoliving.com\/wp-content\/uploads\/2022\/10\/costa_luminosa_la_romana7-1.jpg?fit=650%2C517&ssl=1&resize=350%2C200","width":350,"height":200,"srcset":"https:\/\/i0.wp.com\/casadecampoliving.com\/wp-content\/uploads\/2022\/10\/costa_luminosa_la_romana7-1.jpg?fit=650%2C517&ssl=1&resize=350%2C200 1x, https:\/\/i0.wp.com\/casadecampoliving.com\/wp-content\/uploads\/2022\/10\/costa_luminosa_la_romana7-1.jpg?fit=650%2C517&ssl=1&resize=525%2C300 1.5x"},"classes":[]},{"id":340483,"url":"https:\/\/casadecampoliving.com\/es\/63928\/","url_meta":{"origin":343027,"position":4},"title":"Un hermoso Caf\u00e9 de la Leche con Yovanka y Consuelo en Shine","author":"Rebecca Silvestri","date":"15 Ene, 2013","format":false,"excerpt":"El viernes en la tarde el 4 de Enero del 2013, Shine \"concept store\" en Altos de Chav\u00f3n abri\u00f3 sus m\u00e1gicas y embellecedoras puertas en apoyo al Hogar del Ni\u00f1o y organiz\u00f3 la reunion \u00a0mensual\u00a0de Caf\u00e9 de la Leche. Con las copropietarias, Yovanka Saladin y Consuelo Matos estando de muy\u2026","rel":"","context":"En \u00abAltos de Chavon @es\u00bb","block_context":{"text":"Altos de Chavon @es","link":"https:\/\/casadecampoliving.com\/category\/altos-de-chavon-es\/"},"img":{"alt_text":"cafe de la leche","src":"https:\/\/i0.wp.com\/casadecampoliving.com\/wp-content\/uploads\/2022\/10\/cafe_de_la_leche-18.jpg?fit=650%2C400&ssl=1&resize=350%2C200","width":350,"height":200,"srcset":"https:\/\/i0.wp.com\/casadecampoliving.com\/wp-content\/uploads\/2022\/10\/cafe_de_la_leche-18.jpg?fit=650%2C400&ssl=1&resize=350%2C200 1x, https:\/\/i0.wp.com\/casadecampoliving.com\/wp-content\/uploads\/2022\/10\/cafe_de_la_leche-18.jpg?fit=650%2C400&ssl=1&resize=525%2C300 1.5x"},"classes":[]},{"id":337196,"url":"https:\/\/casadecampoliving.com\/es\/disfrutando-el-cafe-de-la-leche-en-el-nuevo-centro-medico-de-central-romana\/","url_meta":{"origin":343027,"position":5},"title":"Disfrutando el Caf\u00e9 de la Leche en el nuevo Centro M\u00e9dico de Central Romana","author":"Rebecca Silvestri","date":"9 Nov, 2011","format":false,"excerpt":"El pasado\u00a0mi\u00e9rcoles\u00a02 de noviembre, el Caf\u00e9 de la Leche, la actividad que mes tras mes se realiza para la recaudaci\u00f3n\u00a0de leche para el Hogar del Ni\u00f1o, se llev\u00f3\u00a0a cabo en las nuevas instalaciones del Hospital del Central Romana. El Centro M\u00e9dico,\u00a0de acuerdo con Alessandra Avanzini, co-fundadora del evento, \u00a0\"fue uno\u2026","rel":"","context":"En \u00abM\u00e1s all\u00e1 de Casa\u00bb","block_context":{"text":"M\u00e1s all\u00e1 de Casa","link":"https:\/\/casadecampoliving.com\/es\/category\/mas-alla-de-casa-es\/"},"img":{"alt_text":"cafe de la leche","src":"https:\/\/i0.wp.com\/casadecampoliving.com\/wp-content\/uploads\/2022\/10\/cafe_de_la_leche_central_romana1-1.jpg?fit=650%2C366&ssl=1&resize=350%2C200","width":350,"height":200,"srcset":"https:\/\/i0.wp.com\/casadecampoliving.com\/wp-content\/uploads\/2022\/10\/cafe_de_la_leche_central_romana1-1.jpg?fit=650%2C366&ssl=1&resize=350%2C200 1x, https:\/\/i0.wp.com\/casadecampoliving.com\/wp-content\/uploads\/2022\/10\/cafe_de_la_leche_central_romana1-1.jpg?fit=650%2C366&ssl=1&resize=525%2C300 1.5x"},"classes":[]}],"jetpack_sharing_enabled":true,"_links":{"self":[{"href":"https:\/\/casadecampoliving.com\/es\/wp-json\/wp\/v2\/posts\/343027","targetHints":{"allow":["GET"]}}],"collection":[{"href":"https:\/\/casadecampoliving.com\/es\/wp-json\/wp\/v2\/posts"}],"about":[{"href":"https:\/\/casadecampoliving.com\/es\/wp-json\/wp\/v2\/types\/post"}],"author":[{"embeddable":true,"href":"https:\/\/casadecampoliving.com\/es\/wp-json\/wp\/v2\/users\/614"}],"replies":[{"embeddable":true,"href":"https:\/\/casadecampoliving.com\/es\/wp-json\/wp\/v2\/comments?post=343027"}],"version-history":[{"count":2,"href":"https:\/\/casadecampoliving.com\/es\/wp-json\/wp\/v2\/posts\/343027\/revisions"}],"predecessor-version":[{"id":509990,"href":"https:\/\/casadecampoliving.com\/es\/wp-json\/wp\/v2\/posts\/343027\/revisions\/509990"}],"wp:featuredmedia":[{"embeddable":true,"href":"https:\/\/casadecampoliving.com\/es\/wp-json\/wp\/v2\/media\/273213"}],"wp:attachment":[{"href":"https:\/\/casadecampoliving.com\/es\/wp-json\/wp\/v2\/media?parent=343027"}],"wp:term":[{"taxonomy":"category","embeddable":true,"href":"https:\/\/casadecampoliving.com\/es\/wp-json\/wp\/v2\/categories?post=343027"},{"taxonomy":"post_tag","embeddable":true,"href":"https:\/\/casadecampoliving.com\/es\/wp-json\/wp\/v2\/tags?post=343027"},{"taxonomy":"newspack_spnsrs_tax","embeddable":true,"href":"https:\/\/casadecampoliving.com\/es\/wp-json\/wp\/v2\/newspack_spnsrs_tax?post=343027"}],"curies":[{"name":"wp","href":"https:\/\/api.w.org\/{rel}","templated":true}]}}