{"id":343022,"date":"2013-10-05T00:00:00","date_gmt":"2013-10-05T04:00:00","guid":{"rendered":"https:\/\/casadecampoliving.com\/juez-de-project-runway-angel-sanchez-presenta-su-desfile-en-magic-splendor-life\/"},"modified":"2022-10-21T18:53:44","modified_gmt":"2022-10-21T22:53:44","slug":"juez-de-project-runway-angel-sanchez-presenta-su-desfile-en-magic-splendor-life","status":"publish","type":"post","link":"https:\/\/casadecampoliving.com\/es\/juez-de-project-runway-angel-sanchez-presenta-su-desfile-en-magic-splendor-life\/","title":{"rendered":"Juez de \u00abProject Runway\u00bb Angel S\u00e1nchez presenta su desfile en el Esplendor M\u00e1gico de la Fundaci\u00f3n MIR"},"content":{"rendered":"<div class=\"wp-block-image\">\n<figure class=\"aligncenter is-resized\"><img loading=\"lazy\" decoding=\"async\" src=\"https:\/\/i0.wp.com\/casadecampoliving.com\/wp-content\/uploads\/2022\/10\/angel_sanchez.jpg?resize=650%2C360&amp;ssl=1\" alt=\"Angel Sanchez\" class=\"wp-image-78880\" height=\"360\" width=\"650\"\/><\/figure>\n<\/div>\n\n\n<p>La Fundaci\u00f3n MIR, instituci\u00f3n que dirige 3 escuelas para m\u00e1s de 1500 ni\u00f1os en La Romana, ha anunciado que \u00c1ngel S\u00e1nchez dise\u00f1ador y adem\u00e1s un juez de \u201cProject Runway M\u00e9xico\u201d, ser\u00e1 el presentador de su desfile de moda durante la celebraci\u00f3n de gala anual; \u201cEsplendor M\u00e1gico por la Vida\u201d.<\/p>\n\n\n<div class=\"wp-block-image\">\n<figure class=\"alignright is-resized\"><img loading=\"lazy\" decoding=\"async\" src=\"https:\/\/i0.wp.com\/casadecampoliving.com\/wp-content\/uploads\/2022\/10\/angel_sanchez1.jpg?resize=270%2C405&amp;ssl=1\" alt=\"Angel Sanchez\" class=\"wp-image-78894\" height=\"405\" width=\"270\"\/><\/figure>\n<\/div>\n\n\n<p>En esta magnifica ocasi\u00f3n, el desfile de moda, tendr\u00e1 como en eventos anteriores de los m\u00e1s destacados dise\u00f1adores tales como el d\u00fao de Badgley Mischka demostrando su fabulosa elegancia y su \u201cOld Hollywood\u201d (Viejo Hollywood) por tercer a\u00f1o consecutivo, haciendo la temporada ideal para un cambio.<\/p>\n\n\n\n<p>\u00c1ngel S\u00e1nchez de Venezuela, se enfoca en el corte y sus proporciones para un mejor ajuste al cuerpo femenino. Su exquisito gusto es lo que ha llevado su casa de moda a crecer r\u00e1pidamente en Latino Am\u00e9rica y eventualmente expandirse internacionalmente cuando abri\u00f3 sus tiendas en Nueva York en 1997. Algunos de los clientes incluyen celebridades como Taylor Swift, Eva Longoria y Sandra Bullock a quienes les dise\u00f1\u00f3 su vestidos de boda.<\/p>\n\n\n\n<p>Las colecciones de \u00c1ngel&nbsp;S\u00e1nchez est\u00e1n disponibles en lujosas tiendas alrededor del mundo; Bergdorf, Goodman, Neiman Marcus y Saks Fifth Avenue en los Estados Unidos, Frattina en la ciudad de Mexico, Bellisima &amp; Novarese en Jap\u00f3n, Novia en Corea, entre otros<\/p>\n\n\n<div class=\"wp-block-image\">\n<figure class=\"aligncenter is-resized\"><img loading=\"lazy\" decoding=\"async\" src=\"https:\/\/i0.wp.com\/casadecampoliving.com\/wp-content\/uploads\/2022\/10\/angel_sanchez2.jpg?resize=650%2C400&amp;ssl=1\" alt=\"Angel Sanchez\" class=\"wp-image-78897\" height=\"400\" width=\"650\"\/><\/figure>\n<\/div>\n\n\n<p>La cena-gala Esplendor M\u00e1gico por la Vida de la Fundaci\u00f3n MIR acompa\u00f1ado del desfile de modas de Angel S\u00e1nchez, ser\u00e1 celebrada el s\u00e1bado 18 de enero en Casa Grande, hogar de la familia Fanjul en Casa de Campo, mientras tanto, m\u00e1s temprano ese mismo d\u00eda, ser\u00e1 celebrado el torneo de golf&nbsp;40th CDC Pro-Am&nbsp;en el complejo La Romana Country Club.<\/p>\n\n\n\n<p><strong>\u00a1Tome nota!<\/strong><\/p>\n\n\n\n<blockquote class=\"wp-block-quote is-layout-flow wp-block-quote-is-layout-flow\"><p><strong><\/strong><strong>La cena-gala Esplendor M\u00e1gico por la Vida&nbsp;con&nbsp;\u00c1ngel&nbsp;&nbsp;S\u00e1nchez<\/strong><\/p><p><strong>Fecha:<\/strong> S\u00e1bado 18 de enero, 2014, 8pm<\/p><p><strong>Lugar:<\/strong> Casa Grande, Casa de Campo<\/p><p><strong>Contacto:&nbsp;<\/strong>(809) 523-8270<\/p><\/blockquote>\n\n\n\n<blockquote><p><strong><a href=\"https:\/\/casadecampoliving.com\/es\/en-la-pasarela-con-badgley-miscka-en-el-esplendor-magico-por-la-vida-de-mir\/\">En la pasarela con Badgley Mischka en Magical Splendor for Life 2013<\/a><\/strong><\/p><figure><img decoding=\"async\" loading=\"lazy\" class=\"aligncenter size-full wp-image-64425\" title=\"badgley_mischka_fashion_show\" alt=\"badgley mischka fashion show\" src=\"https:\/\/i0.wp.com\/casadecampoliving.com\/wp-content\/uploads\/2022\/10\/badgley_mischka_fashion_show-2.jpg?resize=650%2C500&amp;ssl=1\" width=\"650\" height=\"500\"><\/figure><p>Con la participaci\u00f3n de Miss Rep\u00fablica Dominicana, Dulcita lieggie Francisno, el desfile de moda fue nuevamente el centro de atracci\u00f3n en la elegante Gala Magical Splendor for Life, donde Badgley Mischka mostr\u00f3 su colecci\u00f3n de primavera verano 2013 con una cautivada audiencia de elegantes damas de Casa de Campo.<\/p><p>\u00a1<a href=\"https:\/\/casadecampoliving.com\/es\/en-la-pasarela-con-badgley-miscka-en-el-esplendor-magico-por-la-vida-de-mir\/\">Haz clic aqu\u00ed para las fotos y el art\u00edculo completo!<\/a><\/p><\/blockquote>\n\n\n\n<blockquote><p><span style=\"text-decoration: underline;\"><strong>La Fundaci\u00f3n MIR<\/strong><\/span><\/p><figure><img decoding=\"async\" loading=\"lazy\" class=\"aligncenter size-full wp-image-62370\" alt=\"\" src=\"https:\/\/i0.wp.com\/casadecampoliving.com\/wp-content\/uploads\/2022\/10\/fundacion_MIR6-1.jpg?resize=620%2C413&amp;ssl=1\" width=\"620\" height=\"413\"><\/figure><p>La Fundaci\u00f3n MIIR es una organizaci\u00f3n sin fines de lucro que trabaja para brindar su educaci\u00f3n a los ni\u00f1os de grandes zonas en La Romana, mas necesitados. Dirigen 3 escuelas; La MIR Esperanza (Escuela Vocacional para Ni\u00f1os), La Escuela T\u00e9cnica Vocacional fundaci\u00f3n MIR (Escuela Vocacional para Ni\u00f1as) y la Primaria MIR (Escuela para Infantes).<\/p><p><a href=\"https:\/\/casadecampoliving.com\/the-fundacion-mir\/\">Haz clic aqu\u00ed para leer mas sobre la Fundaci\u00f3n MIR!<\/a><\/p><\/blockquote>\n","protected":false},"excerpt":{"rendered":"<p>La Fundaci\u00f3n MIR, instituci\u00f3n que dirige 3 escuelas para m\u00e1s de 1500 ni\u00f1os en La Romana, ha anunciado que \u00c1ngel S\u00e1nchez dise\u00f1ador y adem\u00e1s un juez de \u201cProject Runway M\u00e9xico\u201d, ser\u00e1 el presentador de su desfile de moda durante la celebraci\u00f3n de gala anual; \u201cEsplendor M\u00e1gico por la Vida\u201d. En esta magnifica ocasi\u00f3n, el desfile [&hellip;]<\/p>\n","protected":false},"author":614,"featured_media":273009,"comment_status":"closed","ping_status":"closed","sticky":false,"template":"","format":"standard","meta":{"newspack_ads_suppress_ads":false,"newspack_popups_has_disabled_popups":false,"newspack_sponsor_sponsorship_scope":"","newspack_sponsor_native_byline_display":"inherit","newspack_sponsor_native_category_display":"inherit","newspack_sponsor_underwriter_style":"inherit","newspack_sponsor_underwriter_placement":"inherit","_newspack_byline_active":false,"_newspack_byline":"","newspack_hide_updated_date":false,"newspack_show_updated_date":false,"newspack_content_restriction_is_exempt":false,"newspack_featured_image_position":"","newspack_post_subtitle":"","newspack_article_summary_title":"Overview:","newspack_article_summary":"","_jetpack_memberships_contains_paid_content":false,"footnotes":"","jetpack_publicize_message":"","jetpack_publicize_feature_enabled":true,"jetpack_social_post_already_shared":false,"jetpack_social_options":{"image_generator_settings":{"template":"highway","default_image_id":0,"font":"","enabled":false},"version":2},"_wpas_customize_per_network":false},"categories":[26823,14631,2522,2515,2514,2507,2506,2523,14625,14627,26822,2526],"tags":[7695,1710,6380,3227,24715,14542,7694],"newspack_spnsrs_tax":[],"class_list":["post-343022","post","type-post","status-publish","format-standard","has-post-thumbnail","hentry","category-arte-y-cultura","category-estilo-de-vida","category-eventos-es","category-fundacion-mir-es","category-fundaciones-es","category-la-romana-es","category-mas-alla-de-casa-es","category-moda-es","category-noticias-locales","category-proximamente","category-resort-casa-de-campo","category-titulares-es","tag-angel-sanchez-es","tag-badgley-mischka","tag-casa-grande-es","tag-esplendor-magico-por-la-vida","tag-fundacion-mir-es","tag-la-romana-es","tag-mir-es","entry"],"yoast_head":"<!-- This site is optimized with the Yoast SEO plugin v27.4 - https:\/\/yoast.com\/product\/yoast-seo-wordpress\/ -->\n<title>Juez de &quot;Project Runway&quot; Angel S\u00e1nchez presenta su desfile en el Esplendor M\u00e1gico de la Fundaci\u00f3n MIR | Casa de Campo Living<\/title>\n<meta name=\"description\" content=\"La Fundaci\u00f3n MIR, instituci\u00f3n que dirige 3 escuelas para m\u00e1s de 1500 ni\u00f1os en La Romana, ha anunciado que \u00c1ngel S\u00e1nchez dise\u00f1ador y adem\u00e1s un juez de\" \/>\n<meta name=\"robots\" content=\"index, follow, max-snippet:-1, max-image-preview:large, max-video-preview:-1\" \/>\n<link rel=\"canonical\" href=\"https:\/\/casadecampoliving.com\/es\/juez-de-project-runway-angel-sanchez-presenta-su-desfile-en-magic-splendor-life\/\" \/>\n<meta property=\"og:locale\" content=\"es_ES\" \/>\n<meta property=\"og:type\" content=\"article\" \/>\n<meta property=\"og:title\" content=\"Juez de &quot;Project Runway&quot; Angel S\u00e1nchez presenta su desfile en el Esplendor M\u00e1gico de la Fundaci\u00f3n MIR | Casa de Campo Living\" \/>\n<meta property=\"og:description\" content=\"La Fundaci\u00f3n MIR, instituci\u00f3n que dirige 3 escuelas para m\u00e1s de 1500 ni\u00f1os en La Romana, ha anunciado que \u00c1ngel S\u00e1nchez dise\u00f1ador y adem\u00e1s un juez de\" \/>\n<meta property=\"og:url\" content=\"https:\/\/casadecampoliving.com\/es\/juez-de-project-runway-angel-sanchez-presenta-su-desfile-en-magic-splendor-life\/\" \/>\n<meta property=\"og:site_name\" content=\"Casa de Campo Living\" \/>\n<meta property=\"article:publisher\" content=\"https:\/\/www.facebook.com\/casadecampoliving\" \/>\n<meta property=\"article:published_time\" content=\"2013-10-05T04:00:00+00:00\" \/>\n<meta property=\"article:modified_time\" content=\"2022-10-21T22:53:44+00:00\" \/>\n<meta property=\"og:image\" content=\"https:\/\/i0.wp.com\/casadecampoliving.com\/wp-content\/uploads\/2022\/10\/angel_sanchez-1.jpg?fit=650%2C360&ssl=1\" \/>\n\t<meta property=\"og:image:width\" content=\"650\" \/>\n\t<meta property=\"og:image:height\" content=\"360\" \/>\n\t<meta property=\"og:image:type\" content=\"image\/jpeg\" \/>\n<meta name=\"author\" content=\"Genesis Perdomo\" \/>\n<meta name=\"twitter:card\" content=\"summary_large_image\" \/>\n<meta name=\"twitter:creator\" content=\"@cdcliving\" \/>\n<meta name=\"twitter:site\" content=\"@cdcliving\" \/>\n<meta name=\"twitter:label1\" content=\"Escrito por\" \/>\n\t<meta name=\"twitter:data1\" content=\"Genesis Perdomo\" \/>\n\t<meta name=\"twitter:label2\" content=\"Tiempo de lectura\" \/>\n\t<meta name=\"twitter:data2\" content=\"2 minutos\" \/>\n<script type=\"application\/ld+json\" class=\"yoast-schema-graph\">{\"@context\":\"https:\\\/\\\/schema.org\",\"@graph\":[{\"@type\":\"Article\",\"@id\":\"https:\\\/\\\/casadecampoliving.com\\\/es\\\/juez-de-project-runway-angel-sanchez-presenta-su-desfile-en-magic-splendor-life\\\/#article\",\"isPartOf\":{\"@id\":\"https:\\\/\\\/casadecampoliving.com\\\/es\\\/juez-de-project-runway-angel-sanchez-presenta-su-desfile-en-magic-splendor-life\\\/\"},\"author\":{\"name\":\"Genesis Perdomo\",\"@id\":\"https:\\\/\\\/casadecampoliving.com\\\/es\\\/#\\\/schema\\\/person\\\/242cf7c69a59395bbe7de24405601b76\"},\"headline\":\"Juez de \u00abProject Runway\u00bb Angel S\u00e1nchez presenta su desfile en el Esplendor M\u00e1gico de la Fundaci\u00f3n MIR\",\"datePublished\":\"2013-10-05T04:00:00+00:00\",\"dateModified\":\"2022-10-21T22:53:44+00:00\",\"mainEntityOfPage\":{\"@id\":\"https:\\\/\\\/casadecampoliving.com\\\/es\\\/juez-de-project-runway-angel-sanchez-presenta-su-desfile-en-magic-splendor-life\\\/\"},\"wordCount\":499,\"publisher\":{\"@id\":\"https:\\\/\\\/casadecampoliving.com\\\/es\\\/#organization\"},\"image\":{\"@id\":\"https:\\\/\\\/casadecampoliving.com\\\/es\\\/juez-de-project-runway-angel-sanchez-presenta-su-desfile-en-magic-splendor-life\\\/#primaryimage\"},\"thumbnailUrl\":\"https:\\\/\\\/i0.wp.com\\\/casadecampoliving.com\\\/wp-content\\\/uploads\\\/2022\\\/10\\\/angel_sanchez-1.jpg?fit=650%2C360&ssl=1\",\"keywords\":[\"angel sanchez @es\",\"Badgley Mischka\",\"casa grande @es\",\"esplendor magico por la vida\",\"Fundacion MIR\",\"La Romana @es\",\"MIR @es\"],\"articleSection\":[\"Arte y cultura\",\"Estilo de Vida\",\"Eventos\",\"Fundaci\u00f3n MIR @es\",\"Fundaciones\",\"La Romana @es\",\"M\u00e1s all\u00e1 de Casa\",\"Moda\",\"Noticias Locales\",\"Proximamente\",\"Resort Casa de Campo\",\"Titulares\"],\"inLanguage\":\"es\"},{\"@type\":\"WebPage\",\"@id\":\"https:\\\/\\\/casadecampoliving.com\\\/es\\\/juez-de-project-runway-angel-sanchez-presenta-su-desfile-en-magic-splendor-life\\\/\",\"url\":\"https:\\\/\\\/casadecampoliving.com\\\/es\\\/juez-de-project-runway-angel-sanchez-presenta-su-desfile-en-magic-splendor-life\\\/\",\"name\":\"Juez de \\\"Project Runway\\\" Angel S\u00e1nchez presenta su desfile en el Esplendor M\u00e1gico de la Fundaci\u00f3n MIR | Casa de Campo Living\",\"isPartOf\":{\"@id\":\"https:\\\/\\\/casadecampoliving.com\\\/es\\\/#website\"},\"primaryImageOfPage\":{\"@id\":\"https:\\\/\\\/casadecampoliving.com\\\/es\\\/juez-de-project-runway-angel-sanchez-presenta-su-desfile-en-magic-splendor-life\\\/#primaryimage\"},\"image\":{\"@id\":\"https:\\\/\\\/casadecampoliving.com\\\/es\\\/juez-de-project-runway-angel-sanchez-presenta-su-desfile-en-magic-splendor-life\\\/#primaryimage\"},\"thumbnailUrl\":\"https:\\\/\\\/i0.wp.com\\\/casadecampoliving.com\\\/wp-content\\\/uploads\\\/2022\\\/10\\\/angel_sanchez-1.jpg?fit=650%2C360&ssl=1\",\"datePublished\":\"2013-10-05T04:00:00+00:00\",\"dateModified\":\"2022-10-21T22:53:44+00:00\",\"description\":\"La Fundaci\u00f3n MIR, instituci\u00f3n que dirige 3 escuelas para m\u00e1s de 1500 ni\u00f1os en La Romana, ha anunciado que \u00c1ngel S\u00e1nchez dise\u00f1ador y adem\u00e1s un juez de\",\"breadcrumb\":{\"@id\":\"https:\\\/\\\/casadecampoliving.com\\\/es\\\/juez-de-project-runway-angel-sanchez-presenta-su-desfile-en-magic-splendor-life\\\/#breadcrumb\"},\"inLanguage\":\"es\",\"potentialAction\":[{\"@type\":\"ReadAction\",\"target\":[\"https:\\\/\\\/casadecampoliving.com\\\/es\\\/juez-de-project-runway-angel-sanchez-presenta-su-desfile-en-magic-splendor-life\\\/\"]}]},{\"@type\":\"ImageObject\",\"inLanguage\":\"es\",\"@id\":\"https:\\\/\\\/casadecampoliving.com\\\/es\\\/juez-de-project-runway-angel-sanchez-presenta-su-desfile-en-magic-splendor-life\\\/#primaryimage\",\"url\":\"https:\\\/\\\/i0.wp.com\\\/casadecampoliving.com\\\/wp-content\\\/uploads\\\/2022\\\/10\\\/angel_sanchez-1.jpg?fit=650%2C360&ssl=1\",\"contentUrl\":\"https:\\\/\\\/i0.wp.com\\\/casadecampoliving.com\\\/wp-content\\\/uploads\\\/2022\\\/10\\\/angel_sanchez-1.jpg?fit=650%2C360&ssl=1\",\"width\":650,\"height\":360,\"caption\":\"Angel Sanchez\"},{\"@type\":\"BreadcrumbList\",\"@id\":\"https:\\\/\\\/casadecampoliving.com\\\/es\\\/juez-de-project-runway-angel-sanchez-presenta-su-desfile-en-magic-splendor-life\\\/#breadcrumb\",\"itemListElement\":[{\"@type\":\"ListItem\",\"position\":1,\"name\":\"Home\",\"item\":\"https:\\\/\\\/casadecampoliving.com\\\/es\\\/\"},{\"@type\":\"ListItem\",\"position\":2,\"name\":\"Juez de &#8220;Project Runway&#8221; Angel S\u00e1nchez presenta su desfile en el Esplendor M\u00e1gico de la Fundaci\u00f3n MIR\"}]},{\"@type\":\"WebSite\",\"@id\":\"https:\\\/\\\/casadecampoliving.com\\\/es\\\/#website\",\"url\":\"https:\\\/\\\/casadecampoliving.com\\\/es\\\/\",\"name\":\"Casa de Campo Living\",\"description\":\"Resort community news and resources.\",\"publisher\":{\"@id\":\"https:\\\/\\\/casadecampoliving.com\\\/es\\\/#organization\"},\"potentialAction\":[{\"@type\":\"SearchAction\",\"target\":{\"@type\":\"EntryPoint\",\"urlTemplate\":\"https:\\\/\\\/casadecampoliving.com\\\/es\\\/?s={search_term_string}\"},\"query-input\":{\"@type\":\"PropertyValueSpecification\",\"valueRequired\":true,\"valueName\":\"search_term_string\"}}],\"inLanguage\":\"es\"},{\"@type\":\"Organization\",\"@id\":\"https:\\\/\\\/casadecampoliving.com\\\/es\\\/#organization\",\"name\":\"Casa de Campo Living\",\"url\":\"https:\\\/\\\/casadecampoliving.com\\\/es\\\/\",\"logo\":{\"@type\":\"ImageObject\",\"inLanguage\":\"es\",\"@id\":\"https:\\\/\\\/casadecampoliving.com\\\/es\\\/#\\\/schema\\\/logo\\\/image\\\/\",\"url\":\"https:\\\/\\\/i0.wp.com\\\/casadecampoliving.com\\\/wp-content\\\/uploads\\\/2022\\\/07\\\/CDCLivingLogo_V1-white-sized.png?fit=800%2C214&ssl=1\",\"contentUrl\":\"https:\\\/\\\/i0.wp.com\\\/casadecampoliving.com\\\/wp-content\\\/uploads\\\/2022\\\/07\\\/CDCLivingLogo_V1-white-sized.png?fit=800%2C214&ssl=1\",\"width\":800,\"height\":214,\"caption\":\"Casa de Campo Living\"},\"image\":{\"@id\":\"https:\\\/\\\/casadecampoliving.com\\\/es\\\/#\\\/schema\\\/logo\\\/image\\\/\"},\"sameAs\":[\"https:\\\/\\\/www.facebook.com\\\/casadecampoliving\",\"https:\\\/\\\/x.com\\\/cdcliving\"]},{\"@type\":\"Person\",\"@id\":\"https:\\\/\\\/casadecampoliving.com\\\/es\\\/#\\\/schema\\\/person\\\/242cf7c69a59395bbe7de24405601b76\",\"name\":\"Genesis Perdomo\",\"image\":{\"@type\":\"ImageObject\",\"inLanguage\":\"es\",\"@id\":\"https:\\\/\\\/secure.gravatar.com\\\/avatar\\\/1e89145b3cf01cf3b3fdf1d3d2e3c53f60c2978235045ae44df10fb8c79924c1?s=96&d=mm&r=g\",\"url\":\"https:\\\/\\\/secure.gravatar.com\\\/avatar\\\/1e89145b3cf01cf3b3fdf1d3d2e3c53f60c2978235045ae44df10fb8c79924c1?s=96&d=mm&r=g\",\"contentUrl\":\"https:\\\/\\\/secure.gravatar.com\\\/avatar\\\/1e89145b3cf01cf3b3fdf1d3d2e3c53f60c2978235045ae44df10fb8c79924c1?s=96&d=mm&r=g\",\"caption\":\"Genesis Perdomo\"},\"url\":\"https:\\\/\\\/casadecampoliving.com\\\/es\\\/author\\\/gperdomo\\\/\"}]}<\/script>\n<!-- \/ Yoast SEO plugin. -->","yoast_head_json":{"title":"Juez de \"Project Runway\" Angel S\u00e1nchez presenta su desfile en el Esplendor M\u00e1gico de la Fundaci\u00f3n MIR | Casa de Campo Living","description":"La Fundaci\u00f3n MIR, instituci\u00f3n que dirige 3 escuelas para m\u00e1s de 1500 ni\u00f1os en La Romana, ha anunciado que \u00c1ngel S\u00e1nchez dise\u00f1ador y adem\u00e1s un juez de","robots":{"index":"index","follow":"follow","max-snippet":"max-snippet:-1","max-image-preview":"max-image-preview:large","max-video-preview":"max-video-preview:-1"},"canonical":"https:\/\/casadecampoliving.com\/es\/juez-de-project-runway-angel-sanchez-presenta-su-desfile-en-magic-splendor-life\/","og_locale":"es_ES","og_type":"article","og_title":"Juez de \"Project Runway\" Angel S\u00e1nchez presenta su desfile en el Esplendor M\u00e1gico de la Fundaci\u00f3n MIR | Casa de Campo Living","og_description":"La Fundaci\u00f3n MIR, instituci\u00f3n que dirige 3 escuelas para m\u00e1s de 1500 ni\u00f1os en La Romana, ha anunciado que \u00c1ngel S\u00e1nchez dise\u00f1ador y adem\u00e1s un juez de","og_url":"https:\/\/casadecampoliving.com\/es\/juez-de-project-runway-angel-sanchez-presenta-su-desfile-en-magic-splendor-life\/","og_site_name":"Casa de Campo Living","article_publisher":"https:\/\/www.facebook.com\/casadecampoliving","article_published_time":"2013-10-05T04:00:00+00:00","article_modified_time":"2022-10-21T22:53:44+00:00","og_image":[{"width":650,"height":360,"url":"https:\/\/i0.wp.com\/casadecampoliving.com\/wp-content\/uploads\/2022\/10\/angel_sanchez-1.jpg?fit=650%2C360&ssl=1","type":"image\/jpeg"}],"author":"Genesis Perdomo","twitter_card":"summary_large_image","twitter_creator":"@cdcliving","twitter_site":"@cdcliving","twitter_misc":{"Escrito por":"Genesis Perdomo","Tiempo de lectura":"2 minutos"},"schema":{"@context":"https:\/\/schema.org","@graph":[{"@type":"Article","@id":"https:\/\/casadecampoliving.com\/es\/juez-de-project-runway-angel-sanchez-presenta-su-desfile-en-magic-splendor-life\/#article","isPartOf":{"@id":"https:\/\/casadecampoliving.com\/es\/juez-de-project-runway-angel-sanchez-presenta-su-desfile-en-magic-splendor-life\/"},"author":{"name":"Genesis Perdomo","@id":"https:\/\/casadecampoliving.com\/es\/#\/schema\/person\/242cf7c69a59395bbe7de24405601b76"},"headline":"Juez de \u00abProject Runway\u00bb Angel S\u00e1nchez presenta su desfile en el Esplendor M\u00e1gico de la Fundaci\u00f3n MIR","datePublished":"2013-10-05T04:00:00+00:00","dateModified":"2022-10-21T22:53:44+00:00","mainEntityOfPage":{"@id":"https:\/\/casadecampoliving.com\/es\/juez-de-project-runway-angel-sanchez-presenta-su-desfile-en-magic-splendor-life\/"},"wordCount":499,"publisher":{"@id":"https:\/\/casadecampoliving.com\/es\/#organization"},"image":{"@id":"https:\/\/casadecampoliving.com\/es\/juez-de-project-runway-angel-sanchez-presenta-su-desfile-en-magic-splendor-life\/#primaryimage"},"thumbnailUrl":"https:\/\/i0.wp.com\/casadecampoliving.com\/wp-content\/uploads\/2022\/10\/angel_sanchez-1.jpg?fit=650%2C360&ssl=1","keywords":["angel sanchez @es","Badgley Mischka","casa grande @es","esplendor magico por la vida","Fundacion MIR","La Romana @es","MIR @es"],"articleSection":["Arte y cultura","Estilo de Vida","Eventos","Fundaci\u00f3n MIR @es","Fundaciones","La Romana @es","M\u00e1s all\u00e1 de Casa","Moda","Noticias Locales","Proximamente","Resort Casa de Campo","Titulares"],"inLanguage":"es"},{"@type":"WebPage","@id":"https:\/\/casadecampoliving.com\/es\/juez-de-project-runway-angel-sanchez-presenta-su-desfile-en-magic-splendor-life\/","url":"https:\/\/casadecampoliving.com\/es\/juez-de-project-runway-angel-sanchez-presenta-su-desfile-en-magic-splendor-life\/","name":"Juez de \"Project Runway\" Angel S\u00e1nchez presenta su desfile en el Esplendor M\u00e1gico de la Fundaci\u00f3n MIR | Casa de Campo Living","isPartOf":{"@id":"https:\/\/casadecampoliving.com\/es\/#website"},"primaryImageOfPage":{"@id":"https:\/\/casadecampoliving.com\/es\/juez-de-project-runway-angel-sanchez-presenta-su-desfile-en-magic-splendor-life\/#primaryimage"},"image":{"@id":"https:\/\/casadecampoliving.com\/es\/juez-de-project-runway-angel-sanchez-presenta-su-desfile-en-magic-splendor-life\/#primaryimage"},"thumbnailUrl":"https:\/\/i0.wp.com\/casadecampoliving.com\/wp-content\/uploads\/2022\/10\/angel_sanchez-1.jpg?fit=650%2C360&ssl=1","datePublished":"2013-10-05T04:00:00+00:00","dateModified":"2022-10-21T22:53:44+00:00","description":"La Fundaci\u00f3n MIR, instituci\u00f3n que dirige 3 escuelas para m\u00e1s de 1500 ni\u00f1os en La Romana, ha anunciado que \u00c1ngel S\u00e1nchez dise\u00f1ador y adem\u00e1s un juez de","breadcrumb":{"@id":"https:\/\/casadecampoliving.com\/es\/juez-de-project-runway-angel-sanchez-presenta-su-desfile-en-magic-splendor-life\/#breadcrumb"},"inLanguage":"es","potentialAction":[{"@type":"ReadAction","target":["https:\/\/casadecampoliving.com\/es\/juez-de-project-runway-angel-sanchez-presenta-su-desfile-en-magic-splendor-life\/"]}]},{"@type":"ImageObject","inLanguage":"es","@id":"https:\/\/casadecampoliving.com\/es\/juez-de-project-runway-angel-sanchez-presenta-su-desfile-en-magic-splendor-life\/#primaryimage","url":"https:\/\/i0.wp.com\/casadecampoliving.com\/wp-content\/uploads\/2022\/10\/angel_sanchez-1.jpg?fit=650%2C360&ssl=1","contentUrl":"https:\/\/i0.wp.com\/casadecampoliving.com\/wp-content\/uploads\/2022\/10\/angel_sanchez-1.jpg?fit=650%2C360&ssl=1","width":650,"height":360,"caption":"Angel Sanchez"},{"@type":"BreadcrumbList","@id":"https:\/\/casadecampoliving.com\/es\/juez-de-project-runway-angel-sanchez-presenta-su-desfile-en-magic-splendor-life\/#breadcrumb","itemListElement":[{"@type":"ListItem","position":1,"name":"Home","item":"https:\/\/casadecampoliving.com\/es\/"},{"@type":"ListItem","position":2,"name":"Juez de &#8220;Project Runway&#8221; Angel S\u00e1nchez presenta su desfile en el Esplendor M\u00e1gico de la Fundaci\u00f3n MIR"}]},{"@type":"WebSite","@id":"https:\/\/casadecampoliving.com\/es\/#website","url":"https:\/\/casadecampoliving.com\/es\/","name":"Casa de Campo Living","description":"Resort community news and resources.","publisher":{"@id":"https:\/\/casadecampoliving.com\/es\/#organization"},"potentialAction":[{"@type":"SearchAction","target":{"@type":"EntryPoint","urlTemplate":"https:\/\/casadecampoliving.com\/es\/?s={search_term_string}"},"query-input":{"@type":"PropertyValueSpecification","valueRequired":true,"valueName":"search_term_string"}}],"inLanguage":"es"},{"@type":"Organization","@id":"https:\/\/casadecampoliving.com\/es\/#organization","name":"Casa de Campo Living","url":"https:\/\/casadecampoliving.com\/es\/","logo":{"@type":"ImageObject","inLanguage":"es","@id":"https:\/\/casadecampoliving.com\/es\/#\/schema\/logo\/image\/","url":"https:\/\/i0.wp.com\/casadecampoliving.com\/wp-content\/uploads\/2022\/07\/CDCLivingLogo_V1-white-sized.png?fit=800%2C214&ssl=1","contentUrl":"https:\/\/i0.wp.com\/casadecampoliving.com\/wp-content\/uploads\/2022\/07\/CDCLivingLogo_V1-white-sized.png?fit=800%2C214&ssl=1","width":800,"height":214,"caption":"Casa de Campo Living"},"image":{"@id":"https:\/\/casadecampoliving.com\/es\/#\/schema\/logo\/image\/"},"sameAs":["https:\/\/www.facebook.com\/casadecampoliving","https:\/\/x.com\/cdcliving"]},{"@type":"Person","@id":"https:\/\/casadecampoliving.com\/es\/#\/schema\/person\/242cf7c69a59395bbe7de24405601b76","name":"Genesis Perdomo","image":{"@type":"ImageObject","inLanguage":"es","@id":"https:\/\/secure.gravatar.com\/avatar\/1e89145b3cf01cf3b3fdf1d3d2e3c53f60c2978235045ae44df10fb8c79924c1?s=96&d=mm&r=g","url":"https:\/\/secure.gravatar.com\/avatar\/1e89145b3cf01cf3b3fdf1d3d2e3c53f60c2978235045ae44df10fb8c79924c1?s=96&d=mm&r=g","contentUrl":"https:\/\/secure.gravatar.com\/avatar\/1e89145b3cf01cf3b3fdf1d3d2e3c53f60c2978235045ae44df10fb8c79924c1?s=96&d=mm&r=g","caption":"Genesis Perdomo"},"url":"https:\/\/casadecampoliving.com\/es\/author\/gperdomo\/"}]}},"parsely":{"version":"1.1.0","canonical_url":"https:\/\/casadecampoliving.com\/es\/juez-de-project-runway-angel-sanchez-presenta-su-desfile-en-magic-splendor-life\/","smart_links":{"inbound":0,"outbound":0},"traffic_boost_suggestions_count":0,"meta":{"@context":"https:\/\/schema.org","@type":"NewsArticle","headline":"Juez de \u00abProject Runway\u00bb Angel S\u00e1nchez presenta su desfile en el Esplendor M\u00e1gico de la Fundaci\u00f3n MIR","url":"http:\/\/casadecampoliving.com\/es\/juez-de-project-runway-angel-sanchez-presenta-su-desfile-en-magic-splendor-life\/","mainEntityOfPage":{"@type":"WebPage","@id":"http:\/\/casadecampoliving.com\/es\/juez-de-project-runway-angel-sanchez-presenta-su-desfile-en-magic-splendor-life\/"},"thumbnailUrl":"https:\/\/i0.wp.com\/casadecampoliving.com\/wp-content\/uploads\/2022\/10\/angel_sanchez-1.jpg?resize=150%2C150&ssl=1","image":{"@type":"ImageObject","url":"https:\/\/i0.wp.com\/casadecampoliving.com\/wp-content\/uploads\/2022\/10\/angel_sanchez-1.jpg?fit=650%2C360&ssl=1"},"articleSection":"Arte y cultura","author":[{"@type":"Person","name":"Genesis Perdomo"}],"creator":["Genesis Perdomo"],"publisher":{"@type":"Organization","name":"Casa de Campo Living","logo":"https:\/\/casadecampoliving.com\/wp-content\/uploads\/2022\/07\/CDCLivingLogo_V1-white-sized.png"},"keywords":["angel sanchez @es","badgley mischka","casa grande @es","esplendor magico por la vida","fundacion mir","la romana @es","mir @es"],"dateCreated":"2013-10-05T04:00:00Z","datePublished":"2013-10-05T04:00:00Z","dateModified":"2022-10-21T22:53:44Z"},"rendered":"<script type=\"application\/ld+json\" class=\"wp-parsely-metadata\">{\"@context\":\"https:\\\/\\\/schema.org\",\"@type\":\"NewsArticle\",\"headline\":\"Juez de \\u00abProject Runway\\u00bb Angel S\\u00e1nchez presenta su desfile en el Esplendor M\\u00e1gico de la Fundaci\\u00f3n MIR\",\"url\":\"http:\\\/\\\/casadecampoliving.com\\\/es\\\/juez-de-project-runway-angel-sanchez-presenta-su-desfile-en-magic-splendor-life\\\/\",\"mainEntityOfPage\":{\"@type\":\"WebPage\",\"@id\":\"http:\\\/\\\/casadecampoliving.com\\\/es\\\/juez-de-project-runway-angel-sanchez-presenta-su-desfile-en-magic-splendor-life\\\/\"},\"thumbnailUrl\":\"https:\\\/\\\/i0.wp.com\\\/casadecampoliving.com\\\/wp-content\\\/uploads\\\/2022\\\/10\\\/angel_sanchez-1.jpg?resize=150%2C150&ssl=1\",\"image\":{\"@type\":\"ImageObject\",\"url\":\"https:\\\/\\\/i0.wp.com\\\/casadecampoliving.com\\\/wp-content\\\/uploads\\\/2022\\\/10\\\/angel_sanchez-1.jpg?fit=650%2C360&ssl=1\"},\"articleSection\":\"Arte y cultura\",\"author\":[{\"@type\":\"Person\",\"name\":\"Genesis Perdomo\"}],\"creator\":[\"Genesis Perdomo\"],\"publisher\":{\"@type\":\"Organization\",\"name\":\"Casa de Campo Living\",\"logo\":\"https:\\\/\\\/casadecampoliving.com\\\/wp-content\\\/uploads\\\/2022\\\/07\\\/CDCLivingLogo_V1-white-sized.png\"},\"keywords\":[\"angel sanchez @es\",\"badgley mischka\",\"casa grande @es\",\"esplendor magico por la vida\",\"fundacion mir\",\"la romana @es\",\"mir @es\"],\"dateCreated\":\"2013-10-05T04:00:00Z\",\"datePublished\":\"2013-10-05T04:00:00Z\",\"dateModified\":\"2022-10-21T22:53:44Z\"}<\/script>","tracker_url":"https:\/\/cdn.parsely.com\/keys\/casadecampoliving.com\/p.js"},"jetpack_publicize_connections":[],"jetpack_featured_media_url":"https:\/\/i0.wp.com\/casadecampoliving.com\/wp-content\/uploads\/2022\/10\/angel_sanchez-1.jpg?fit=650%2C360&ssl=1","jetpack-related-posts":[{"id":343416,"url":"https:\/\/casadecampoliving.com\/es\/raysa-alfy-franjul-esplendor-magico\/","url_meta":{"origin":343022,"position":0},"title":"Raysa y Alfy Fanjul los invitan al Esplendor M\u00e1gico por la Vida","author":"Perkin Agramonte","date":"9 Dic, 2013","format":false,"excerpt":"\u00a1Anota la fecha! Porque la vig\u00e9simo tercera entrega de Esplendor M\u00e1gico por la Vida por la Fundaci\u00f3n MIR esta pactado para el 18 de enero del 2014. Este a\u00f1o, Esplendor M\u00e1gico por la Vida Fundaci\u00f3n MIR, uno de los eventos sociales m\u00e1s elegantes y que m\u00e1s fondos recauda para la\u2026","rel":"","context":"En \u00abDestacados\u00bb","block_context":{"text":"Destacados","link":"https:\/\/casadecampoliving.com\/es\/category\/destacados\/"},"img":{"alt_text":"Fundacion MIR Angel Sanchez fashion show","src":"https:\/\/i0.wp.com\/casadecampoliving.com\/wp-content\/uploads\/2022\/10\/fundacion_MIR_angel_sanchez1-1.jpg?fit=650%2C550&ssl=1&resize=350%2C200","width":350,"height":200,"srcset":"https:\/\/i0.wp.com\/casadecampoliving.com\/wp-content\/uploads\/2022\/10\/fundacion_MIR_angel_sanchez1-1.jpg?fit=650%2C550&ssl=1&resize=350%2C200 1x, https:\/\/i0.wp.com\/casadecampoliving.com\/wp-content\/uploads\/2022\/10\/fundacion_MIR_angel_sanchez1-1.jpg?fit=650%2C550&ssl=1&resize=525%2C300 1.5x"},"classes":[]},{"id":343694,"url":"https:\/\/casadecampoliving.com\/es\/fundacion-mir-anuncia-junior-tickets-us150-para-el-esplendor-magico-por-la-vida-este-sabado\/","url_meta":{"origin":343022,"position":1},"title":"Fundaci\u00f3n MIR anuncia \u201cJunior Tickets\u201d a US$150 para el Esplendor M\u00e1gico por la Vida \u2013 este s\u00e1bado","author":"Perkin Agramonte","date":"13 Ene, 2014","format":false,"excerpt":"Este s\u00e1bado 18 de Enero la Fundaci\u00f3n MIR celebrar\u00e1 su 23ro evento anual\u00a0de recaudaci\u00f3n de fondo Esplendor M\u00e1gico por la Vida y para atraer a los m\u00e1s j\u00f3venes acaban de anunciar \u201cBoletas Junior\u201d para los menores de 40 a\u00f1os a US$150. As\u00ed que si tu (o alguien que conozcas) tiene\u2026","rel":"","context":"En \u00abArte y cultura\u00bb","block_context":{"text":"Arte y cultura","link":"https:\/\/casadecampoliving.com\/category\/arte-y-cultura\/"},"img":{"alt_text":"tickets for magical splendor","src":"https:\/\/i0.wp.com\/casadecampoliving.com\/wp-content\/uploads\/2022\/10\/MAGIC-1.png?fit=626%2C614&ssl=1&resize=350%2C200","width":350,"height":200,"srcset":"https:\/\/i0.wp.com\/casadecampoliving.com\/wp-content\/uploads\/2022\/10\/MAGIC-1.png?fit=626%2C614&ssl=1&resize=350%2C200 1x, https:\/\/i0.wp.com\/casadecampoliving.com\/wp-content\/uploads\/2022\/10\/MAGIC-1.png?fit=626%2C614&ssl=1&resize=525%2C300 1.5x"},"classes":[]},{"id":348965,"url":"https:\/\/casadecampoliving.com\/es\/gala-esplendor-magicofundacion-mir-2016\/","url_meta":{"origin":343022,"position":2},"title":"\u00a1Aqu\u00ed viene la Gala Esplendor M\u00e1gico y Desfile de Modas de la Fundaci\u00f3n MIR!","author":"Felix Guerrero","date":"7 Ene, 2016","format":false,"excerpt":"Este pr\u00f3ximo s\u00e1bado\u00a023 de enero, la Fundaci\u00f3n MIR estar\u00e1 celebrando su 28vo aniversario con su\u00a0Gala Esplendor M\u00e1gico y Desfile de Modas\u00a0anual, con\u00a0Raysa y\u00a0Alfy Fanjul como anfitriones. El a\u00f1o pasado, como\u00a0en ocasiones anteriores,\u00a0la Gala Esplendor M\u00e1gico de la Fundaci\u00f3n MIR fue sin duda alguna un evento maravilloso\u00a0lleno de m\u00fasica, baile y\u2026","rel":"","context":"En \u00abArte y cultura\u00bb","block_context":{"text":"Arte y cultura","link":"https:\/\/casadecampoliving.com\/category\/arte-y-cultura\/"},"img":{"alt_text":"Fundaci\u00f3n MIR Magical Splendor Gala 2015","src":"https:\/\/i0.wp.com\/casadecampoliving.com\/wp-content\/uploads\/2022\/10\/Fundacion-MIR-Magical-Splendor-Gala-2015-1.jpg?fit=650%2C400&ssl=1&resize=350%2C200","width":350,"height":200,"srcset":"https:\/\/i0.wp.com\/casadecampoliving.com\/wp-content\/uploads\/2022\/10\/Fundacion-MIR-Magical-Splendor-Gala-2015-1.jpg?fit=650%2C400&ssl=1&resize=350%2C200 1x, https:\/\/i0.wp.com\/casadecampoliving.com\/wp-content\/uploads\/2022\/10\/Fundacion-MIR-Magical-Splendor-Gala-2015-1.jpg?fit=650%2C400&ssl=1&resize=525%2C300 1.5x"},"classes":[]},{"id":346423,"url":"https:\/\/casadecampoliving.com\/es\/entrevista-con-raysa-fanjul-anfitriona-de-la-gala-esplendor-magico-y-fashion-show-de-la-fundacion-mir\/","url_meta":{"origin":343022,"position":3},"title":"Entrevista con Raysa Fanjul, anfitriona de Gala y Desfile de Modas Esplendor M\u00e1gico de la Fundaci\u00f3n MIR","author":"Rebecca Hughes","date":"1 Ene, 2015","format":false,"excerpt":"El pr\u00f3ximo gran evento de Casa de Campo es... Gala y Desfile de Modas Esplendor M\u00e1gico de la Fundaci\u00f3n MIR, \u00a1que este a\u00f1o celebra su 25 aniversario! Gala y Desfile de Modas Esplendor M\u00e1gico de la Fundaci\u00f3n MIR\u00a0este a\u00f1o ser\u00e1 realizado el s\u00e1bado 17 de enero\u00a0en Casa Grande y es\u2026","rel":"","context":"En \u00abEventos\u00bb","block_context":{"text":"Eventos","link":"https:\/\/casadecampoliving.com\/es\/category\/eventos-es\/"},"img":{"alt_text":"Raysa Fanjul, Fundacion MIR","src":"https:\/\/i0.wp.com\/casadecampoliving.com\/wp-content\/uploads\/2022\/10\/Raysa_Fanjul-Fundacion_MIR1-1.jpg?fit=650%2C437&ssl=1&resize=350%2C200","width":350,"height":200,"srcset":"https:\/\/i0.wp.com\/casadecampoliving.com\/wp-content\/uploads\/2022\/10\/Raysa_Fanjul-Fundacion_MIR1-1.jpg?fit=650%2C437&ssl=1&resize=350%2C200 1x, https:\/\/i0.wp.com\/casadecampoliving.com\/wp-content\/uploads\/2022\/10\/Raysa_Fanjul-Fundacion_MIR1-1.jpg?fit=650%2C437&ssl=1&resize=525%2C300 1.5x"},"classes":[]},{"id":350808,"url":"https:\/\/casadecampoliving.com\/es\/gala-esplendor-magico-de-la-fundacion-mir-en-enero\/","url_meta":{"origin":343022,"position":4},"title":"\u00a1Marquen la fecha en su calendario para la Gala Esplendor M\u00e1gico de la Fundaci\u00f3n MIR en enero!","author":"Heather Lincoln","date":"14 Nov, 2016","format":false,"excerpt":"El evento anual de recaudaci\u00f3n de fondos Gala Esplendor M\u00e1gico por la Vida, organizado por Alfy y Raysa Fanjul, atrae a un sin n\u00famero de personas de la comunidad y de las areas cercanas al\u00a0resort de Casa de Campo. Entre las actividades de ese d\u00eda, est\u00e1n\u00a0un torneo de golf que\u2026","rel":"","context":"En \u00abArte y cultura\u00bb","block_context":{"text":"Arte y cultura","link":"https:\/\/casadecampoliving.com\/category\/arte-y-cultura\/"},"img":{"alt_text":"Magical Splendor for Life Gala 2016","src":"https:\/\/i0.wp.com\/casadecampoliving.com\/wp-content\/uploads\/2022\/10\/Raysa_Alfy_Lian_Fanjul-e1479155290644.jpg?fit=1000%2C666&ssl=1&resize=350%2C200","width":350,"height":200,"srcset":"https:\/\/i0.wp.com\/casadecampoliving.com\/wp-content\/uploads\/2022\/10\/Raysa_Alfy_Lian_Fanjul-e1479155290644.jpg?fit=1000%2C666&ssl=1&resize=350%2C200 1x, https:\/\/i0.wp.com\/casadecampoliving.com\/wp-content\/uploads\/2022\/10\/Raysa_Alfy_Lian_Fanjul-e1479155290644.jpg?fit=1000%2C666&ssl=1&resize=525%2C300 1.5x, https:\/\/i0.wp.com\/casadecampoliving.com\/wp-content\/uploads\/2022\/10\/Raysa_Alfy_Lian_Fanjul-e1479155290644.jpg?fit=1000%2C666&ssl=1&resize=700%2C400 2x"},"classes":[]},{"id":340485,"url":"https:\/\/casadecampoliving.com\/es\/fundacion-mir-anuncio-junior-tickets-a-us150-para-el-esplendor-magico-de-la-vida-este-sabado\/","url_meta":{"origin":343022,"position":5},"title":"Fundaci\u00f3n MIR anuncia \u00abJunior Tickets\u00bb a US$150 para el Esplendor M\u00e1gico por la Vida &#8211; este s\u00e1bado","author":"Rebecca Silvestri","date":"15 Ene, 2013","format":false,"excerpt":"Este s\u00e1bado 19 de Enero la fundaci\u00f3n MIR estar\u00e1 celebrando su 22avo evento anual\u00a0de recaudaci\u00f3n de fondos \u00a0Esplendor M\u00e1gico por la Vida \u2013\u00a0y para atraer a los m\u00e1s j\u00f3venes acaban de anunciar \u201cBoletas Junior\u201d para los menores de 35 a\u00f1os a US$150. As\u00ed que si tu (o alguien que conozcas)\u2026","rel":"","context":"En \u00abArte y cultura\u00bb","block_context":{"text":"Arte y cultura","link":"https:\/\/casadecampoliving.com\/category\/arte-y-cultura\/"},"img":{"alt_text":"miss dominican republic dalia fernandez","src":"https:\/\/i0.wp.com\/casadecampoliving.com\/wp-content\/uploads\/2022\/10\/miss_dominican_republic_dalia_fernandez3-1.jpg?fit=650%2C382&ssl=1&resize=350%2C200","width":350,"height":200,"srcset":"https:\/\/i0.wp.com\/casadecampoliving.com\/wp-content\/uploads\/2022\/10\/miss_dominican_republic_dalia_fernandez3-1.jpg?fit=650%2C382&ssl=1&resize=350%2C200 1x, https:\/\/i0.wp.com\/casadecampoliving.com\/wp-content\/uploads\/2022\/10\/miss_dominican_republic_dalia_fernandez3-1.jpg?fit=650%2C382&ssl=1&resize=525%2C300 1.5x"},"classes":[]}],"jetpack_sharing_enabled":true,"_links":{"self":[{"href":"https:\/\/casadecampoliving.com\/es\/wp-json\/wp\/v2\/posts\/343022","targetHints":{"allow":["GET"]}}],"collection":[{"href":"https:\/\/casadecampoliving.com\/es\/wp-json\/wp\/v2\/posts"}],"about":[{"href":"https:\/\/casadecampoliving.com\/es\/wp-json\/wp\/v2\/types\/post"}],"author":[{"embeddable":true,"href":"https:\/\/casadecampoliving.com\/es\/wp-json\/wp\/v2\/users\/614"}],"replies":[{"embeddable":true,"href":"https:\/\/casadecampoliving.com\/es\/wp-json\/wp\/v2\/comments?post=343022"}],"version-history":[{"count":1,"href":"https:\/\/casadecampoliving.com\/es\/wp-json\/wp\/v2\/posts\/343022\/revisions"}],"predecessor-version":[{"id":343023,"href":"https:\/\/casadecampoliving.com\/es\/wp-json\/wp\/v2\/posts\/343022\/revisions\/343023"}],"wp:featuredmedia":[{"embeddable":true,"href":"https:\/\/casadecampoliving.com\/es\/wp-json\/wp\/v2\/media\/273009"}],"wp:attachment":[{"href":"https:\/\/casadecampoliving.com\/es\/wp-json\/wp\/v2\/media?parent=343022"}],"wp:term":[{"taxonomy":"category","embeddable":true,"href":"https:\/\/casadecampoliving.com\/es\/wp-json\/wp\/v2\/categories?post=343022"},{"taxonomy":"post_tag","embeddable":true,"href":"https:\/\/casadecampoliving.com\/es\/wp-json\/wp\/v2\/tags?post=343022"},{"taxonomy":"newspack_spnsrs_tax","embeddable":true,"href":"https:\/\/casadecampoliving.com\/es\/wp-json\/wp\/v2\/newspack_spnsrs_tax?post=343022"}],"curies":[{"name":"wp","href":"https:\/\/api.w.org\/{rel}","templated":true}]}}