{"id":343012,"date":"2013-10-05T00:00:00","date_gmt":"2013-10-05T04:00:00","guid":{"rendered":"https:\/\/casadecampoliving.com\/celebran-con-exito-el-1er-maraton-bayahibe-dominicus\/"},"modified":"2022-10-21T18:53:22","modified_gmt":"2022-10-21T22:53:22","slug":"celebran-con-exito-el-1er-maraton-bayahibe-dominicus","status":"publish","type":"post","link":"https:\/\/casadecampoliving.com\/es\/celebran-con-exito-el-1er-maraton-bayahibe-dominicus\/","title":{"rendered":"Celebran con \u00e9xito el 1er maraton Bayahibe &#8211; Dominicus"},"content":{"rendered":"<div class=\"wp-block-image\">\n<figure class=\"aligncenter is-resized\"><img loading=\"lazy\" decoding=\"async\" src=\"https:\/\/i0.wp.com\/casadecampoliving.com\/wp-content\/uploads\/2022\/10\/marathon_bayahibe.jpg?resize=650%2C410&amp;ssl=1\" alt=\"Marathon Bayahibe\" class=\"wp-image-78817\" height=\"410\" width=\"650\"\/><\/figure>\n<\/div>\n\n\n<p>Con gran acogida del p\u00fablico local y cientos de visitantes extranjeros, fue celebrado, el pasado s\u00e1bado 28 de septiembre, el primer Marat\u00f3n 10K Dominicus-Bayahibe, organizado por la Asociaci\u00f3n de Hoteles y el Cl\u00faster Tur\u00edstico Bayahibe-Dominicus.<\/p>\n\n\n<div class=\"wp-block-image\">\n<figure class=\"alignright is-resized\"><img loading=\"lazy\" decoding=\"async\" src=\"https:\/\/i0.wp.com\/casadecampoliving.com\/wp-content\/uploads\/2022\/10\/marathon_bayahibe1.jpg?resize=300%2C356&amp;ssl=1\" alt=\"Marathon Bayahibe\" class=\"wp-image-78819\" height=\"356\" width=\"300\"\/><\/figure>\n<\/div>\n\n\n<p>En la justa participaron 350 corredores de diferentes nacionalidades, incluyendo profesionales y aficionados, quienes de manera entusiasta completaron los diez kil\u00f3metros, ida y vuelta, entre las dos localidades tur\u00edsticas.<\/p>\n\n\n\n<p>En la categor\u00eda masculina el primer lugar fue conquistado por Toribio Rosa, mientras que el podio fue completado por Nelson P\u00e9rez (segundo lugar) y Jos\u00e9 Andr\u00e9s Ubiera (tercero); en la rama femenina, la experta corredora Yardenia D\u00edaz se llev\u00f3 el oro, mientras que la plata correspondi\u00f3 a Yaiza S\u00e1nchez y el bronce fue para Soranyi Rodr\u00edguez.<\/p>\n\n\n\n<p>Los ganadores de los primeros cinco lugares obtuvieron premios de 15 mil, 12 mil, 9 mil, 6 mil y 4 mil pesos, respectivamente; los tres primeros ganadores recibieron fines de semana gratuitos para dos personas en hoteles de la zona La Romana \u2013 Bayahibe.<\/p>\n\n\n<div class=\"wp-block-image\">\n<figure class=\"aligncenter is-resized\"><img loading=\"lazy\" decoding=\"async\" src=\"https:\/\/i0.wp.com\/casadecampoliving.com\/wp-content\/uploads\/2022\/10\/marathon_bayahibe2.jpg?resize=650%2C348&amp;ssl=1\" alt=\"Marathon Bayahibe\" class=\"wp-image-78821\" height=\"348\" width=\"650\"\/><\/figure>\n<\/div>\n\n<div class=\"wp-block-image\">\n<figure class=\"alignright is-resized\"><img loading=\"lazy\" decoding=\"async\" src=\"https:\/\/i0.wp.com\/casadecampoliving.com\/wp-content\/uploads\/2022\/10\/marathon_bayahibe4.jpg?resize=216%2C358&amp;ssl=1\" alt=\"Marathon Bayahibe\" class=\"wp-image-78823\" height=\"358\" width=\"216\"\/><\/figure>\n<\/div>\n\n\n<p>El pelot\u00f3n, compuesto por corredores en las categor\u00edas de edad de 29, 30-39, 40-49 y 50 a\u00f1os masculino y femenino, parti\u00f3 desde el parqueo de Bayahibe, transcurriendo por la playa del hotel Casa del Mar y completando la vuelta por la carretera y los hoteles de Dominicus, hasta retornar a la zona de partida ubicada en el parqueo de Bayahibe.<\/p>\n\n\n\n<p>La actividad, que tuvo como objetivo promocionar el estilo de vida saludable de ese destino tur\u00edstico, logr\u00f3 convocar una gran cantidad de p\u00fablico, que se dieron cita de diferentes partes de la Rep\u00fablica Dominican y el extranjero, convirtiendo a la zona en el foco de atenci\u00f3n durante todo el fin de semana.<\/p>\n\n\n\n<p>Ana Garc\u00eda, directora ejecutiva de la Asociaci\u00f3n de Hoteles y el Cl\u00faster Tur\u00edstico La Romana-Bayahibe, afirm\u00f3 que el comit\u00e9 organizador est\u00e1 muy animado con la receptividad lograda con esta iniciativa, que se enmarca en el plan de promocionar el destino que cuenta con una de las playas m\u00e1s hermosas de Rep\u00fablica Dominicana; <a href=\"https:\/\/casadecampoliving.com\/es\/la-playa-dominicus-celebra-ocho-anos-como-una-playa-eu-blue-flag\/\">\u201cLa Laguna Dominicus\u201d, la&nbsp;primera certificada Bandera Azul en la regi\u00f3n.<\/a><\/p>\n\n\n<div class=\"wp-block-image\">\n<figure class=\"aligncenter is-resized\"><img loading=\"lazy\" decoding=\"async\" src=\"https:\/\/i0.wp.com\/casadecampoliving.com\/wp-content\/uploads\/2022\/10\/marathon_bayahibe3.jpg?resize=650%2C273&amp;ssl=1\" alt=\"Marathon Bayahibe\" class=\"wp-image-78822\" height=\"273\" width=\"650\"\/><\/figure>\n<\/div>\n\n\n<p>El segundo Torneo de Pez Le\u00f3n es el pr\u00f3ximo gran evento que ser\u00e1 llevado a cabo en la zona de Bayahibe durante esta temporada, el cual ser\u00e1 realizado el domingo 20 de octubre. <a href=\"https:\/\/casadecampoliving.com\/es\/2do-torneo-de-pez-leon-en-bayahibe-oct-20\/\">Para obtener m\u00e1s informaci\u00f3n y oportunidades de patrocinio, haga clic aqu\u00ed<\/a>.<a href=\"https:\/\/casadecampoliving.com\/2nd-lionfish-tournament-bayahibe-oct-20th\/\"><br>\n<\/a><\/p>\n","protected":false},"excerpt":{"rendered":"<p>Con gran acogida del p\u00fablico local y cientos de visitantes extranjeros, fue celebrado, el pasado s\u00e1bado 28 de septiembre, el primer Marat\u00f3n 10K Dominicus-Bayahibe, organizado por la Asociaci\u00f3n de Hoteles y el Cl\u00faster Tur\u00edstico Bayahibe-Dominicus. En la justa participaron 350 corredores de diferentes nacionalidades, incluyendo profesionales y aficionados, quienes de manera entusiasta completaron los diez [&hellip;]<\/p>\n","protected":false},"author":31,"featured_media":272895,"comment_status":"closed","ping_status":"closed","sticky":false,"template":"","format":"standard","meta":{"newspack_ads_suppress_ads":false,"newspack_popups_has_disabled_popups":false,"newspack_sponsor_sponsorship_scope":"","newspack_sponsor_native_byline_display":"inherit","newspack_sponsor_native_category_display":"inherit","newspack_sponsor_underwriter_style":"inherit","newspack_sponsor_underwriter_placement":"inherit","_newspack_byline_active":false,"_newspack_byline":"","newspack_hide_updated_date":false,"newspack_show_updated_date":false,"newspack_content_restriction_is_exempt":false,"newspack_featured_image_position":"","newspack_post_subtitle":"","newspack_article_summary_title":"Overview:","newspack_article_summary":"","_jetpack_memberships_contains_paid_content":false,"footnotes":"","jetpack_publicize_message":"","jetpack_publicize_feature_enabled":true,"jetpack_social_post_already_shared":false,"jetpack_social_options":{"image_generator_settings":{"template":"highway","default_image_id":0,"font":"","enabled":false},"version":2},"_wpas_customize_per_network":false},"categories":[2525,2524,14631,2522,2507,2506,14625,14627,2521,2527],"tags":[4474,2948,7313,6277,14542,2635],"newspack_spnsrs_tax":[],"class_list":["post-343012","post","type-post","status-publish","format-standard","has-post-thumbnail","hentry","category-golf-deportes-es","category-destacados","category-estilo-de-vida","category-eventos-es","category-la-romana-es","category-mas-alla-de-casa-es","category-noticias-locales","category-proximamente","category-republica-dominicana-2","category-salud","tag-ana-garcia","tag-cluster-turistico-la-romana-bayahibe","tag-dominicus-es","tag-la-romana-bayahibe-es","tag-la-romana-es","tag-maraton","entry"],"yoast_head":"<!-- This site is optimized with the Yoast SEO plugin v27.5 - https:\/\/yoast.com\/product\/yoast-seo-wordpress\/ -->\n<title>Celebran con \u00e9xito el 1er maraton Bayahibe - Dominicus | Casa de Campo Living<\/title>\n<meta name=\"description\" content=\"Con gran acogida del p\u00fablico local y cientos de visitantes extranjeros, fue celebrado, el pasado s\u00e1bado 28 de septiembre, el primer Marat\u00f3n 10K\" \/>\n<meta name=\"robots\" content=\"index, follow, max-snippet:-1, max-image-preview:large, max-video-preview:-1\" \/>\n<link rel=\"canonical\" href=\"https:\/\/casadecampoliving.com\/es\/celebran-con-exito-el-1er-maraton-bayahibe-dominicus\/\" \/>\n<meta property=\"og:locale\" content=\"es_ES\" \/>\n<meta property=\"og:type\" content=\"article\" \/>\n<meta property=\"og:title\" content=\"Celebran con \u00e9xito el 1er maraton Bayahibe - Dominicus | Casa de Campo Living\" \/>\n<meta property=\"og:description\" content=\"Con gran acogida del p\u00fablico local y cientos de visitantes extranjeros, fue celebrado, el pasado s\u00e1bado 28 de septiembre, el primer Marat\u00f3n 10K\" \/>\n<meta property=\"og:url\" content=\"https:\/\/casadecampoliving.com\/es\/celebran-con-exito-el-1er-maraton-bayahibe-dominicus\/\" \/>\n<meta property=\"og:site_name\" content=\"Casa de Campo Living\" \/>\n<meta property=\"article:publisher\" content=\"https:\/\/www.facebook.com\/casadecampoliving\" \/>\n<meta property=\"article:published_time\" content=\"2013-10-05T04:00:00+00:00\" \/>\n<meta property=\"article:modified_time\" content=\"2022-10-21T22:53:22+00:00\" \/>\n<meta property=\"og:image\" content=\"https:\/\/i0.wp.com\/casadecampoliving.com\/wp-content\/uploads\/2022\/10\/marathon_bayahibe3-1.jpg?fit=650%2C273&ssl=1\" \/>\n\t<meta property=\"og:image:width\" content=\"650\" \/>\n\t<meta property=\"og:image:height\" content=\"273\" \/>\n\t<meta property=\"og:image:type\" content=\"image\/jpeg\" \/>\n<meta name=\"author\" content=\"Rebecca Silvestri\" \/>\n<meta name=\"twitter:card\" content=\"summary_large_image\" \/>\n<meta name=\"twitter:creator\" content=\"@cdcliving\" \/>\n<meta name=\"twitter:site\" content=\"@cdcliving\" \/>\n<meta name=\"twitter:label1\" content=\"Escrito por\" \/>\n\t<meta name=\"twitter:data1\" content=\"Rebecca Silvestri\" \/>\n\t<meta name=\"twitter:label2\" content=\"Tiempo de lectura\" \/>\n\t<meta name=\"twitter:data2\" content=\"2 minutos\" \/>\n<script type=\"application\/ld+json\" class=\"yoast-schema-graph\">{\"@context\":\"https:\\\/\\\/schema.org\",\"@graph\":[{\"@type\":\"Article\",\"@id\":\"https:\\\/\\\/casadecampoliving.com\\\/es\\\/celebran-con-exito-el-1er-maraton-bayahibe-dominicus\\\/#article\",\"isPartOf\":{\"@id\":\"https:\\\/\\\/casadecampoliving.com\\\/es\\\/celebran-con-exito-el-1er-maraton-bayahibe-dominicus\\\/\"},\"author\":{\"name\":\"Rebecca Silvestri\",\"@id\":\"https:\\\/\\\/casadecampoliving.com\\\/es\\\/#\\\/schema\\\/person\\\/2b2208f3175fa8761e25b272e096d718\"},\"headline\":\"Celebran con \u00e9xito el 1er maraton Bayahibe &#8211; Dominicus\",\"datePublished\":\"2013-10-05T04:00:00+00:00\",\"dateModified\":\"2022-10-21T22:53:22+00:00\",\"mainEntityOfPage\":{\"@id\":\"https:\\\/\\\/casadecampoliving.com\\\/es\\\/celebran-con-exito-el-1er-maraton-bayahibe-dominicus\\\/\"},\"wordCount\":414,\"publisher\":{\"@id\":\"https:\\\/\\\/casadecampoliving.com\\\/es\\\/#organization\"},\"image\":{\"@id\":\"https:\\\/\\\/casadecampoliving.com\\\/es\\\/celebran-con-exito-el-1er-maraton-bayahibe-dominicus\\\/#primaryimage\"},\"thumbnailUrl\":\"https:\\\/\\\/i0.wp.com\\\/casadecampoliving.com\\\/wp-content\\\/uploads\\\/2022\\\/10\\\/marathon_bayahibe3-1.jpg?fit=650%2C273&ssl=1\",\"keywords\":[\"ana garcia\",\"cluster turistico la romana bayahibe\",\"dominicus @es\",\"la romana - bayahibe @es\",\"La Romana @es\",\"maraton\"],\"articleSection\":[\"Deportes\",\"Destacados\",\"Estilo de Vida\",\"Eventos\",\"La Romana @es\",\"M\u00e1s all\u00e1 de Casa\",\"Noticias Locales\",\"Proximamente\",\"Rep\u00fablica Dominicana @es\",\"Salud\"],\"inLanguage\":\"es\"},{\"@type\":\"WebPage\",\"@id\":\"https:\\\/\\\/casadecampoliving.com\\\/es\\\/celebran-con-exito-el-1er-maraton-bayahibe-dominicus\\\/\",\"url\":\"https:\\\/\\\/casadecampoliving.com\\\/es\\\/celebran-con-exito-el-1er-maraton-bayahibe-dominicus\\\/\",\"name\":\"Celebran con \u00e9xito el 1er maraton Bayahibe - Dominicus | Casa de Campo Living\",\"isPartOf\":{\"@id\":\"https:\\\/\\\/casadecampoliving.com\\\/es\\\/#website\"},\"primaryImageOfPage\":{\"@id\":\"https:\\\/\\\/casadecampoliving.com\\\/es\\\/celebran-con-exito-el-1er-maraton-bayahibe-dominicus\\\/#primaryimage\"},\"image\":{\"@id\":\"https:\\\/\\\/casadecampoliving.com\\\/es\\\/celebran-con-exito-el-1er-maraton-bayahibe-dominicus\\\/#primaryimage\"},\"thumbnailUrl\":\"https:\\\/\\\/i0.wp.com\\\/casadecampoliving.com\\\/wp-content\\\/uploads\\\/2022\\\/10\\\/marathon_bayahibe3-1.jpg?fit=650%2C273&ssl=1\",\"datePublished\":\"2013-10-05T04:00:00+00:00\",\"dateModified\":\"2022-10-21T22:53:22+00:00\",\"description\":\"Con gran acogida del p\u00fablico local y cientos de visitantes extranjeros, fue celebrado, el pasado s\u00e1bado 28 de septiembre, el primer Marat\u00f3n 10K\",\"breadcrumb\":{\"@id\":\"https:\\\/\\\/casadecampoliving.com\\\/es\\\/celebran-con-exito-el-1er-maraton-bayahibe-dominicus\\\/#breadcrumb\"},\"inLanguage\":\"es\",\"potentialAction\":[{\"@type\":\"ReadAction\",\"target\":[\"https:\\\/\\\/casadecampoliving.com\\\/es\\\/celebran-con-exito-el-1er-maraton-bayahibe-dominicus\\\/\"]}]},{\"@type\":\"ImageObject\",\"inLanguage\":\"es\",\"@id\":\"https:\\\/\\\/casadecampoliving.com\\\/es\\\/celebran-con-exito-el-1er-maraton-bayahibe-dominicus\\\/#primaryimage\",\"url\":\"https:\\\/\\\/i0.wp.com\\\/casadecampoliving.com\\\/wp-content\\\/uploads\\\/2022\\\/10\\\/marathon_bayahibe3-1.jpg?fit=650%2C273&ssl=1\",\"contentUrl\":\"https:\\\/\\\/i0.wp.com\\\/casadecampoliving.com\\\/wp-content\\\/uploads\\\/2022\\\/10\\\/marathon_bayahibe3-1.jpg?fit=650%2C273&ssl=1\",\"width\":650,\"height\":273,\"caption\":\"Marathon Bayahibe\"},{\"@type\":\"BreadcrumbList\",\"@id\":\"https:\\\/\\\/casadecampoliving.com\\\/es\\\/celebran-con-exito-el-1er-maraton-bayahibe-dominicus\\\/#breadcrumb\",\"itemListElement\":[{\"@type\":\"ListItem\",\"position\":1,\"name\":\"Home\",\"item\":\"https:\\\/\\\/casadecampoliving.com\\\/es\\\/\"},{\"@type\":\"ListItem\",\"position\":2,\"name\":\"Celebran con \u00e9xito el 1er maraton Bayahibe &#8211; Dominicus\"}]},{\"@type\":\"WebSite\",\"@id\":\"https:\\\/\\\/casadecampoliving.com\\\/es\\\/#website\",\"url\":\"https:\\\/\\\/casadecampoliving.com\\\/es\\\/\",\"name\":\"Casa de Campo Living\",\"description\":\"Resort community news and resources.\",\"publisher\":{\"@id\":\"https:\\\/\\\/casadecampoliving.com\\\/es\\\/#organization\"},\"potentialAction\":[{\"@type\":\"SearchAction\",\"target\":{\"@type\":\"EntryPoint\",\"urlTemplate\":\"https:\\\/\\\/casadecampoliving.com\\\/es\\\/?s={search_term_string}\"},\"query-input\":{\"@type\":\"PropertyValueSpecification\",\"valueRequired\":true,\"valueName\":\"search_term_string\"}}],\"inLanguage\":\"es\"},{\"@type\":\"Organization\",\"@id\":\"https:\\\/\\\/casadecampoliving.com\\\/es\\\/#organization\",\"name\":\"Casa de Campo Living\",\"url\":\"https:\\\/\\\/casadecampoliving.com\\\/es\\\/\",\"logo\":{\"@type\":\"ImageObject\",\"inLanguage\":\"es\",\"@id\":\"https:\\\/\\\/casadecampoliving.com\\\/es\\\/#\\\/schema\\\/logo\\\/image\\\/\",\"url\":\"https:\\\/\\\/i0.wp.com\\\/casadecampoliving.com\\\/wp-content\\\/uploads\\\/2022\\\/07\\\/CDCLivingLogo_V1-white-sized.png?fit=800%2C214&ssl=1\",\"contentUrl\":\"https:\\\/\\\/i0.wp.com\\\/casadecampoliving.com\\\/wp-content\\\/uploads\\\/2022\\\/07\\\/CDCLivingLogo_V1-white-sized.png?fit=800%2C214&ssl=1\",\"width\":800,\"height\":214,\"caption\":\"Casa de Campo Living\"},\"image\":{\"@id\":\"https:\\\/\\\/casadecampoliving.com\\\/es\\\/#\\\/schema\\\/logo\\\/image\\\/\"},\"sameAs\":[\"https:\\\/\\\/www.facebook.com\\\/casadecampoliving\",\"https:\\\/\\\/x.com\\\/cdcliving\"]},{\"@type\":\"Person\",\"@id\":\"https:\\\/\\\/casadecampoliving.com\\\/es\\\/#\\\/schema\\\/person\\\/2b2208f3175fa8761e25b272e096d718\",\"name\":\"Rebecca Silvestri\",\"image\":{\"@type\":\"ImageObject\",\"inLanguage\":\"es\",\"@id\":\"https:\\\/\\\/secure.gravatar.com\\\/avatar\\\/2d937fd6c1769fb718dbf8dce9e82bf5f89e97bd028f9b3ea10b931dc7df95c6?s=96&d=mm&r=g\",\"url\":\"https:\\\/\\\/secure.gravatar.com\\\/avatar\\\/2d937fd6c1769fb718dbf8dce9e82bf5f89e97bd028f9b3ea10b931dc7df95c6?s=96&d=mm&r=g\",\"contentUrl\":\"https:\\\/\\\/secure.gravatar.com\\\/avatar\\\/2d937fd6c1769fb718dbf8dce9e82bf5f89e97bd028f9b3ea10b931dc7df95c6?s=96&d=mm&r=g\",\"caption\":\"Rebecca Silvestri\"},\"url\":\"https:\\\/\\\/casadecampoliving.com\\\/es\\\/author\\\/madamehuge\\\/\"}]}<\/script>\n<!-- \/ Yoast SEO plugin. -->","yoast_head_json":{"title":"Celebran con \u00e9xito el 1er maraton Bayahibe - Dominicus | Casa de Campo Living","description":"Con gran acogida del p\u00fablico local y cientos de visitantes extranjeros, fue celebrado, el pasado s\u00e1bado 28 de septiembre, el primer Marat\u00f3n 10K","robots":{"index":"index","follow":"follow","max-snippet":"max-snippet:-1","max-image-preview":"max-image-preview:large","max-video-preview":"max-video-preview:-1"},"canonical":"https:\/\/casadecampoliving.com\/es\/celebran-con-exito-el-1er-maraton-bayahibe-dominicus\/","og_locale":"es_ES","og_type":"article","og_title":"Celebran con \u00e9xito el 1er maraton Bayahibe - Dominicus | Casa de Campo Living","og_description":"Con gran acogida del p\u00fablico local y cientos de visitantes extranjeros, fue celebrado, el pasado s\u00e1bado 28 de septiembre, el primer Marat\u00f3n 10K","og_url":"https:\/\/casadecampoliving.com\/es\/celebran-con-exito-el-1er-maraton-bayahibe-dominicus\/","og_site_name":"Casa de Campo Living","article_publisher":"https:\/\/www.facebook.com\/casadecampoliving","article_published_time":"2013-10-05T04:00:00+00:00","article_modified_time":"2022-10-21T22:53:22+00:00","og_image":[{"width":650,"height":273,"url":"https:\/\/i0.wp.com\/casadecampoliving.com\/wp-content\/uploads\/2022\/10\/marathon_bayahibe3-1.jpg?fit=650%2C273&ssl=1","type":"image\/jpeg"}],"author":"Rebecca Silvestri","twitter_card":"summary_large_image","twitter_creator":"@cdcliving","twitter_site":"@cdcliving","twitter_misc":{"Escrito por":"Rebecca Silvestri","Tiempo de lectura":"2 minutos"},"schema":{"@context":"https:\/\/schema.org","@graph":[{"@type":"Article","@id":"https:\/\/casadecampoliving.com\/es\/celebran-con-exito-el-1er-maraton-bayahibe-dominicus\/#article","isPartOf":{"@id":"https:\/\/casadecampoliving.com\/es\/celebran-con-exito-el-1er-maraton-bayahibe-dominicus\/"},"author":{"name":"Rebecca Silvestri","@id":"https:\/\/casadecampoliving.com\/es\/#\/schema\/person\/2b2208f3175fa8761e25b272e096d718"},"headline":"Celebran con \u00e9xito el 1er maraton Bayahibe &#8211; Dominicus","datePublished":"2013-10-05T04:00:00+00:00","dateModified":"2022-10-21T22:53:22+00:00","mainEntityOfPage":{"@id":"https:\/\/casadecampoliving.com\/es\/celebran-con-exito-el-1er-maraton-bayahibe-dominicus\/"},"wordCount":414,"publisher":{"@id":"https:\/\/casadecampoliving.com\/es\/#organization"},"image":{"@id":"https:\/\/casadecampoliving.com\/es\/celebran-con-exito-el-1er-maraton-bayahibe-dominicus\/#primaryimage"},"thumbnailUrl":"https:\/\/i0.wp.com\/casadecampoliving.com\/wp-content\/uploads\/2022\/10\/marathon_bayahibe3-1.jpg?fit=650%2C273&ssl=1","keywords":["ana garcia","cluster turistico la romana bayahibe","dominicus @es","la romana - bayahibe @es","La Romana @es","maraton"],"articleSection":["Deportes","Destacados","Estilo de Vida","Eventos","La Romana @es","M\u00e1s all\u00e1 de Casa","Noticias Locales","Proximamente","Rep\u00fablica Dominicana @es","Salud"],"inLanguage":"es"},{"@type":"WebPage","@id":"https:\/\/casadecampoliving.com\/es\/celebran-con-exito-el-1er-maraton-bayahibe-dominicus\/","url":"https:\/\/casadecampoliving.com\/es\/celebran-con-exito-el-1er-maraton-bayahibe-dominicus\/","name":"Celebran con \u00e9xito el 1er maraton Bayahibe - Dominicus | Casa de Campo Living","isPartOf":{"@id":"https:\/\/casadecampoliving.com\/es\/#website"},"primaryImageOfPage":{"@id":"https:\/\/casadecampoliving.com\/es\/celebran-con-exito-el-1er-maraton-bayahibe-dominicus\/#primaryimage"},"image":{"@id":"https:\/\/casadecampoliving.com\/es\/celebran-con-exito-el-1er-maraton-bayahibe-dominicus\/#primaryimage"},"thumbnailUrl":"https:\/\/i0.wp.com\/casadecampoliving.com\/wp-content\/uploads\/2022\/10\/marathon_bayahibe3-1.jpg?fit=650%2C273&ssl=1","datePublished":"2013-10-05T04:00:00+00:00","dateModified":"2022-10-21T22:53:22+00:00","description":"Con gran acogida del p\u00fablico local y cientos de visitantes extranjeros, fue celebrado, el pasado s\u00e1bado 28 de septiembre, el primer Marat\u00f3n 10K","breadcrumb":{"@id":"https:\/\/casadecampoliving.com\/es\/celebran-con-exito-el-1er-maraton-bayahibe-dominicus\/#breadcrumb"},"inLanguage":"es","potentialAction":[{"@type":"ReadAction","target":["https:\/\/casadecampoliving.com\/es\/celebran-con-exito-el-1er-maraton-bayahibe-dominicus\/"]}]},{"@type":"ImageObject","inLanguage":"es","@id":"https:\/\/casadecampoliving.com\/es\/celebran-con-exito-el-1er-maraton-bayahibe-dominicus\/#primaryimage","url":"https:\/\/i0.wp.com\/casadecampoliving.com\/wp-content\/uploads\/2022\/10\/marathon_bayahibe3-1.jpg?fit=650%2C273&ssl=1","contentUrl":"https:\/\/i0.wp.com\/casadecampoliving.com\/wp-content\/uploads\/2022\/10\/marathon_bayahibe3-1.jpg?fit=650%2C273&ssl=1","width":650,"height":273,"caption":"Marathon Bayahibe"},{"@type":"BreadcrumbList","@id":"https:\/\/casadecampoliving.com\/es\/celebran-con-exito-el-1er-maraton-bayahibe-dominicus\/#breadcrumb","itemListElement":[{"@type":"ListItem","position":1,"name":"Home","item":"https:\/\/casadecampoliving.com\/es\/"},{"@type":"ListItem","position":2,"name":"Celebran con \u00e9xito el 1er maraton Bayahibe &#8211; Dominicus"}]},{"@type":"WebSite","@id":"https:\/\/casadecampoliving.com\/es\/#website","url":"https:\/\/casadecampoliving.com\/es\/","name":"Casa de Campo Living","description":"Resort community news and resources.","publisher":{"@id":"https:\/\/casadecampoliving.com\/es\/#organization"},"potentialAction":[{"@type":"SearchAction","target":{"@type":"EntryPoint","urlTemplate":"https:\/\/casadecampoliving.com\/es\/?s={search_term_string}"},"query-input":{"@type":"PropertyValueSpecification","valueRequired":true,"valueName":"search_term_string"}}],"inLanguage":"es"},{"@type":"Organization","@id":"https:\/\/casadecampoliving.com\/es\/#organization","name":"Casa de Campo Living","url":"https:\/\/casadecampoliving.com\/es\/","logo":{"@type":"ImageObject","inLanguage":"es","@id":"https:\/\/casadecampoliving.com\/es\/#\/schema\/logo\/image\/","url":"https:\/\/i0.wp.com\/casadecampoliving.com\/wp-content\/uploads\/2022\/07\/CDCLivingLogo_V1-white-sized.png?fit=800%2C214&ssl=1","contentUrl":"https:\/\/i0.wp.com\/casadecampoliving.com\/wp-content\/uploads\/2022\/07\/CDCLivingLogo_V1-white-sized.png?fit=800%2C214&ssl=1","width":800,"height":214,"caption":"Casa de Campo Living"},"image":{"@id":"https:\/\/casadecampoliving.com\/es\/#\/schema\/logo\/image\/"},"sameAs":["https:\/\/www.facebook.com\/casadecampoliving","https:\/\/x.com\/cdcliving"]},{"@type":"Person","@id":"https:\/\/casadecampoliving.com\/es\/#\/schema\/person\/2b2208f3175fa8761e25b272e096d718","name":"Rebecca Silvestri","image":{"@type":"ImageObject","inLanguage":"es","@id":"https:\/\/secure.gravatar.com\/avatar\/2d937fd6c1769fb718dbf8dce9e82bf5f89e97bd028f9b3ea10b931dc7df95c6?s=96&d=mm&r=g","url":"https:\/\/secure.gravatar.com\/avatar\/2d937fd6c1769fb718dbf8dce9e82bf5f89e97bd028f9b3ea10b931dc7df95c6?s=96&d=mm&r=g","contentUrl":"https:\/\/secure.gravatar.com\/avatar\/2d937fd6c1769fb718dbf8dce9e82bf5f89e97bd028f9b3ea10b931dc7df95c6?s=96&d=mm&r=g","caption":"Rebecca Silvestri"},"url":"https:\/\/casadecampoliving.com\/es\/author\/madamehuge\/"}]}},"parsely":{"version":"1.1.0","canonical_url":"https:\/\/casadecampoliving.com\/es\/celebran-con-exito-el-1er-maraton-bayahibe-dominicus\/","smart_links":{"inbound":0,"outbound":0},"traffic_boost_suggestions_count":0,"meta":{"@context":"https:\/\/schema.org","@type":"NewsArticle","headline":"Celebran con \u00e9xito el 1er maraton Bayahibe &#8211; Dominicus","url":"http:\/\/casadecampoliving.com\/es\/celebran-con-exito-el-1er-maraton-bayahibe-dominicus\/","mainEntityOfPage":{"@type":"WebPage","@id":"http:\/\/casadecampoliving.com\/es\/celebran-con-exito-el-1er-maraton-bayahibe-dominicus\/"},"thumbnailUrl":"https:\/\/i0.wp.com\/casadecampoliving.com\/wp-content\/uploads\/2022\/10\/marathon_bayahibe3-1.jpg?resize=150%2C150&ssl=1","image":{"@type":"ImageObject","url":"https:\/\/i0.wp.com\/casadecampoliving.com\/wp-content\/uploads\/2022\/10\/marathon_bayahibe3-1.jpg?fit=650%2C273&ssl=1"},"articleSection":"Deportes","author":[{"@type":"Person","name":"Rebecca Silvestri"}],"creator":["Rebecca Silvestri"],"publisher":{"@type":"Organization","name":"Casa de Campo Living","logo":"https:\/\/casadecampoliving.com\/wp-content\/uploads\/2022\/07\/CDCLivingLogo_V1-white-sized.png"},"keywords":["ana garcia","cluster turistico la romana bayahibe","dominicus @es","la romana - bayahibe @es","la romana @es","maraton"],"dateCreated":"2013-10-05T04:00:00Z","datePublished":"2013-10-05T04:00:00Z","dateModified":"2022-10-21T22:53:22Z"},"rendered":"<script type=\"application\/ld+json\" class=\"wp-parsely-metadata\">{\"@context\":\"https:\\\/\\\/schema.org\",\"@type\":\"NewsArticle\",\"headline\":\"Celebran con \\u00e9xito el 1er maraton Bayahibe &#8211; Dominicus\",\"url\":\"http:\\\/\\\/casadecampoliving.com\\\/es\\\/celebran-con-exito-el-1er-maraton-bayahibe-dominicus\\\/\",\"mainEntityOfPage\":{\"@type\":\"WebPage\",\"@id\":\"http:\\\/\\\/casadecampoliving.com\\\/es\\\/celebran-con-exito-el-1er-maraton-bayahibe-dominicus\\\/\"},\"thumbnailUrl\":\"https:\\\/\\\/i0.wp.com\\\/casadecampoliving.com\\\/wp-content\\\/uploads\\\/2022\\\/10\\\/marathon_bayahibe3-1.jpg?resize=150%2C150&ssl=1\",\"image\":{\"@type\":\"ImageObject\",\"url\":\"https:\\\/\\\/i0.wp.com\\\/casadecampoliving.com\\\/wp-content\\\/uploads\\\/2022\\\/10\\\/marathon_bayahibe3-1.jpg?fit=650%2C273&ssl=1\"},\"articleSection\":\"Deportes\",\"author\":[{\"@type\":\"Person\",\"name\":\"Rebecca Silvestri\"}],\"creator\":[\"Rebecca Silvestri\"],\"publisher\":{\"@type\":\"Organization\",\"name\":\"Casa de Campo Living\",\"logo\":\"https:\\\/\\\/casadecampoliving.com\\\/wp-content\\\/uploads\\\/2022\\\/07\\\/CDCLivingLogo_V1-white-sized.png\"},\"keywords\":[\"ana garcia\",\"cluster turistico la romana bayahibe\",\"dominicus @es\",\"la romana - bayahibe @es\",\"la romana @es\",\"maraton\"],\"dateCreated\":\"2013-10-05T04:00:00Z\",\"datePublished\":\"2013-10-05T04:00:00Z\",\"dateModified\":\"2022-10-21T22:53:22Z\"}<\/script>","tracker_url":"https:\/\/cdn.parsely.com\/keys\/casadecampoliving.com\/p.js"},"jetpack_publicize_connections":[],"jetpack_featured_media_url":"https:\/\/i0.wp.com\/casadecampoliving.com\/wp-content\/uploads\/2022\/10\/marathon_bayahibe3-1.jpg?fit=650%2C273&ssl=1","jetpack-related-posts":[{"id":350235,"url":"https:\/\/casadecampoliving.com\/es\/recordatorio-bayahibe-10k-septiembre-2016-inscribase-ahora\/","url_meta":{"origin":343012,"position":0},"title":"Recordatorio: \u00a1Bayahibe 10k se llevar\u00e1 a cabo el 18 de septiembre! \u00a1Inscr\u00edbase ahora!","author":"Marlenys Guzm\u00e1n Casta\u00f1os","date":"24 Jul, 2016","format":false,"excerpt":"La 4ta edici\u00f3n del Bayahibe 10k 2016 se llevar\u00e1 a cabo el domingo 18 de septiembre a partir de las 7:00 am saliendo desde La Punta,\u00a0Bayahibe; \u00a1As\u00ed\u00a0que ya es tiempo de inscribirse y comenzar a entrenar! La ruta nos llevar\u00e1 a trav\u00e9s de esta importante zona tur\u00edstica del pa\u00eds, incluido\u2026","rel":"","context":"En \u00abDeportes\u00bb","block_context":{"text":"Deportes","link":"https:\/\/casadecampoliving.com\/es\/category\/golf-deportes-es\/"},"img":{"alt_text":"","src":"https:\/\/i0.wp.com\/casadecampoliving.com\/wp-content\/uploads\/2022\/10\/Bayahibe-10k.png?fit=1000%2C600&ssl=1&resize=350%2C200","width":350,"height":200,"srcset":"https:\/\/i0.wp.com\/casadecampoliving.com\/wp-content\/uploads\/2022\/10\/Bayahibe-10k.png?fit=1000%2C600&ssl=1&resize=350%2C200 1x, https:\/\/i0.wp.com\/casadecampoliving.com\/wp-content\/uploads\/2022\/10\/Bayahibe-10k.png?fit=1000%2C600&ssl=1&resize=525%2C300 1.5x, https:\/\/i0.wp.com\/casadecampoliving.com\/wp-content\/uploads\/2022\/10\/Bayahibe-10k.png?fit=1000%2C600&ssl=1&resize=700%2C400 2x"},"classes":[]},{"id":345299,"url":"https:\/\/casadecampoliving.com\/es\/corra-en-el-bayahibe-10k-gane-vuelos-los-ee-uu-europa\/","url_meta":{"origin":343012,"position":1},"title":"\u00a1Corra en el Bayahibe 10K &#8211; gane vuelos a los EE.UU &#038; Europa!","author":"Daniela Medina","date":"12 Sep, 2014","format":false,"excerpt":"El marat\u00f3n Bayahibe 10K es este mes,\u00a0y al participar en este no s\u00f3lo estar\u00e1 ayudando al destino de La Romana-Bayahibe, sino tambi\u00e9n podr\u00eda ganar vuelos a Espa\u00f1a y a numerosos destinos en los Estados Unidos, adem\u00e1s podr\u00eda ganar fines de semana en los mejores hoteles de la Rep\u00fablica Dominicana. \u00bfEst\u00e1s\u2026","rel":"","context":"En \u00abCasa de Campo Living @es\u00bb","block_context":{"text":"Casa de Campo Living @es","link":"https:\/\/casadecampoliving.com\/category\/casa-de-campo-living-es\/"},"img":{"alt_text":"","src":"https:\/\/i0.wp.com\/casadecampoliving.com\/wp-content\/uploads\/2022\/10\/Bayahibe-10K-1.jpg?fit=637%2C637&ssl=1&resize=350%2C200","width":350,"height":200,"srcset":"https:\/\/i0.wp.com\/casadecampoliving.com\/wp-content\/uploads\/2022\/10\/Bayahibe-10K-1.jpg?fit=637%2C637&ssl=1&resize=350%2C200 1x, https:\/\/i0.wp.com\/casadecampoliving.com\/wp-content\/uploads\/2022\/10\/Bayahibe-10K-1.jpg?fit=637%2C637&ssl=1&resize=525%2C300 1.5x"},"classes":[]},{"id":342706,"url":"https:\/\/casadecampoliving.com\/es\/preparense-para-correr-maraton-de-10km-en-bayahibe\/","url_meta":{"origin":343012,"position":2},"title":"\u00a1Prep\u00e1rense para correr!- Marat\u00f3n de 10km en Bayahibe","author":"Eliana Alba","date":"19 Ago, 2013","format":false,"excerpt":"\u00a1Atenci\u00f3n a todos los atletas! (o por lo menos a todos aquellos aspirando a estar en forma) Un nuevo desaf\u00edo viene muy pronto. Explore La Romana estar\u00e1 organizando un marat\u00f3n de 10km que va desde Bayahibe hasta Dominicus y de vuelta, \u00a1as\u00ed que aqu\u00ed su oportunidad de demostrar sus habilidades\u2026","rel":"","context":"En \u00abDeportes\u00bb","block_context":{"text":"Deportes","link":"https:\/\/casadecampoliving.com\/es\/category\/golf-deportes-es\/"},"img":{"alt_text":"10k marathon bayahibe","src":"https:\/\/i0.wp.com\/casadecampoliving.com\/wp-content\/uploads\/2022\/10\/10k_marathon_bayahibe-1.jpg?fit=947%2C420&ssl=1&resize=350%2C200","width":350,"height":200,"srcset":"https:\/\/i0.wp.com\/casadecampoliving.com\/wp-content\/uploads\/2022\/10\/10k_marathon_bayahibe-1.jpg?fit=947%2C420&ssl=1&resize=350%2C200 1x, https:\/\/i0.wp.com\/casadecampoliving.com\/wp-content\/uploads\/2022\/10\/10k_marathon_bayahibe-1.jpg?fit=947%2C420&ssl=1&resize=525%2C300 1.5x, https:\/\/i0.wp.com\/casadecampoliving.com\/wp-content\/uploads\/2022\/10\/10k_marathon_bayahibe-1.jpg?fit=947%2C420&ssl=1&resize=700%2C400 2x"},"classes":[]},{"id":345505,"url":"https:\/\/casadecampoliving.com\/es\/maraton-10k-bayahibe-2014\/","url_meta":{"origin":343012,"position":3},"title":"Marat\u00f3n 10K Bayahibe 2014","author":"Maria Isabel B\u00e1ez","date":"3 Oct, 2014","format":false,"excerpt":"El segundo marat\u00f3n anual 10K Bayahibe ocurri\u00f3 el pasado Domingo 29 de septiembre, y fue un gran \u00e9xito con la participaci\u00f3n de cientos de visitantes locales y extranjeros. El evento fue organizado por el Cluster Tur\u00edstico La Romana \u2013 Bayahibe, una organizaci\u00f3n que se esmera por fomentar el desarrollo del\u2026","rel":"","context":"En \u00abCasa de Campo Living @es\u00bb","block_context":{"text":"Casa de Campo Living @es","link":"https:\/\/casadecampoliving.com\/category\/casa-de-campo-living-es\/"},"img":{"alt_text":"10K bayahibe","src":"https:\/\/i0.wp.com\/casadecampoliving.com\/wp-content\/uploads\/2022\/10\/10k-bayahibe-1.jpg?fit=726%2C444&ssl=1&resize=350%2C200","width":350,"height":200,"srcset":"https:\/\/i0.wp.com\/casadecampoliving.com\/wp-content\/uploads\/2022\/10\/10k-bayahibe-1.jpg?fit=726%2C444&ssl=1&resize=350%2C200 1x, https:\/\/i0.wp.com\/casadecampoliving.com\/wp-content\/uploads\/2022\/10\/10k-bayahibe-1.jpg?fit=726%2C444&ssl=1&resize=525%2C300 1.5x, https:\/\/i0.wp.com\/casadecampoliving.com\/wp-content\/uploads\/2022\/10\/10k-bayahibe-1.jpg?fit=726%2C444&ssl=1&resize=700%2C400 2x"},"classes":[]},{"id":351737,"url":"https:\/\/casadecampoliving.com\/es\/imparten-charlas-sobre-plan-de-emergencias-durante-la-temporada-ciclonica\/","url_meta":{"origin":343012,"position":4},"title":"Imparten charlas sobre plan de emergencias durante la temporada cicl\u00f3nica a hoteles en el \u00e1rea de La Romana Bayahibe","author":"Casa de Campo Living","date":"20 Jul, 2017","format":false,"excerpt":"La Asociaci\u00f3n de Hoteles la Romana Bayahibe en coordinaci\u00f3n con la Oficina Nacional de Meteorolog\u00eda (ONAMET) ofreci\u00f3 una charla informativa a los colaboradores de los hoteles sobre las novedades para la temporada cicl\u00f3nica 2017 con la finalidad de incrementar la seguridad de los turistas. La charla fue impartida por Francisco\u2026","rel":"","context":"En \u00abLa Romana @es\u00bb","block_context":{"text":"La Romana @es","link":"https:\/\/casadecampoliving.com\/es\/category\/mas-alla-de-casa-es\/la-romana-es\/"},"img":{"alt_text":"","src":"https:\/\/i0.wp.com\/casadecampoliving.com\/wp-content\/uploads\/2022\/10\/Colaboradores-hotel-Dreams-La-Romana-e1500482208564.jpg?fit=1000%2C563&ssl=1&resize=350%2C200","width":350,"height":200,"srcset":"https:\/\/i0.wp.com\/casadecampoliving.com\/wp-content\/uploads\/2022\/10\/Colaboradores-hotel-Dreams-La-Romana-e1500482208564.jpg?fit=1000%2C563&ssl=1&resize=350%2C200 1x, https:\/\/i0.wp.com\/casadecampoliving.com\/wp-content\/uploads\/2022\/10\/Colaboradores-hotel-Dreams-La-Romana-e1500482208564.jpg?fit=1000%2C563&ssl=1&resize=525%2C300 1.5x, https:\/\/i0.wp.com\/casadecampoliving.com\/wp-content\/uploads\/2022\/10\/Colaboradores-hotel-Dreams-La-Romana-e1500482208564.jpg?fit=1000%2C563&ssl=1&resize=700%2C400 2x"},"classes":[]},{"id":351930,"url":"https:\/\/casadecampoliving.com\/es\/asociacion-de-hoteles-la-romana-bayahibe-anuncia-quinta-edicion-del-bayahibe-10k\/","url_meta":{"origin":343012,"position":5},"title":"Asociaci\u00f3n de Hoteles La Romana Bayah\u00edbe anuncia quinta edici\u00f3n del Bayahibe 10k","author":"Casa de Campo Living","date":"4 Sep, 2017","format":false,"excerpt":"La Asociaci\u00f3n de Hoteles La Romana-Bayah\u00edbe y el Cl\u00faster Tur\u00edstico La Romana Bayahibe anunciaron la quinta edici\u00f3n de la carrera Bayah\u00edbe 10K, a celebrarse el domingo 17 de septiembre, a partir de la siete de la ma\u00f1ana. Ana Garcia-Sotoca Pascual, directora Ejecutiva de la Asociaci\u00f3n de Hoteles la Romana- Bayahibe,\u2026","rel":"","context":"En \u00abDeportes\u00bb","block_context":{"text":"Deportes","link":"https:\/\/casadecampoliving.com\/es\/category\/golf-deportes-es\/"},"img":{"alt_text":"","src":"https:\/\/i0.wp.com\/casadecampoliving.com\/wp-content\/uploads\/2022\/10\/Antonio-de-Jesu%CC%81s-Del-Rosario-Ana-Garcia-Sotoca-Andre%CC%81s-Ferna%CC%81ndez-Marlenny-Pen%CC%83a-Luz-Polanco-Christian-Corporan-Cedano.jpeg?fit=1000%2C600&ssl=1&resize=350%2C200","width":350,"height":200,"srcset":"https:\/\/i0.wp.com\/casadecampoliving.com\/wp-content\/uploads\/2022\/10\/Antonio-de-Jesu%CC%81s-Del-Rosario-Ana-Garcia-Sotoca-Andre%CC%81s-Ferna%CC%81ndez-Marlenny-Pen%CC%83a-Luz-Polanco-Christian-Corporan-Cedano.jpeg?fit=1000%2C600&ssl=1&resize=350%2C200 1x, https:\/\/i0.wp.com\/casadecampoliving.com\/wp-content\/uploads\/2022\/10\/Antonio-de-Jesu%CC%81s-Del-Rosario-Ana-Garcia-Sotoca-Andre%CC%81s-Ferna%CC%81ndez-Marlenny-Pen%CC%83a-Luz-Polanco-Christian-Corporan-Cedano.jpeg?fit=1000%2C600&ssl=1&resize=525%2C300 1.5x, https:\/\/i0.wp.com\/casadecampoliving.com\/wp-content\/uploads\/2022\/10\/Antonio-de-Jesu%CC%81s-Del-Rosario-Ana-Garcia-Sotoca-Andre%CC%81s-Ferna%CC%81ndez-Marlenny-Pen%CC%83a-Luz-Polanco-Christian-Corporan-Cedano.jpeg?fit=1000%2C600&ssl=1&resize=700%2C400 2x"},"classes":[]}],"jetpack_sharing_enabled":true,"_links":{"self":[{"href":"https:\/\/casadecampoliving.com\/es\/wp-json\/wp\/v2\/posts\/343012","targetHints":{"allow":["GET"]}}],"collection":[{"href":"https:\/\/casadecampoliving.com\/es\/wp-json\/wp\/v2\/posts"}],"about":[{"href":"https:\/\/casadecampoliving.com\/es\/wp-json\/wp\/v2\/types\/post"}],"author":[{"embeddable":true,"href":"https:\/\/casadecampoliving.com\/es\/wp-json\/wp\/v2\/users\/31"}],"replies":[{"embeddable":true,"href":"https:\/\/casadecampoliving.com\/es\/wp-json\/wp\/v2\/comments?post=343012"}],"version-history":[{"count":1,"href":"https:\/\/casadecampoliving.com\/es\/wp-json\/wp\/v2\/posts\/343012\/revisions"}],"predecessor-version":[{"id":343013,"href":"https:\/\/casadecampoliving.com\/es\/wp-json\/wp\/v2\/posts\/343012\/revisions\/343013"}],"wp:featuredmedia":[{"embeddable":true,"href":"https:\/\/casadecampoliving.com\/es\/wp-json\/wp\/v2\/media\/272895"}],"wp:attachment":[{"href":"https:\/\/casadecampoliving.com\/es\/wp-json\/wp\/v2\/media?parent=343012"}],"wp:term":[{"taxonomy":"category","embeddable":true,"href":"https:\/\/casadecampoliving.com\/es\/wp-json\/wp\/v2\/categories?post=343012"},{"taxonomy":"post_tag","embeddable":true,"href":"https:\/\/casadecampoliving.com\/es\/wp-json\/wp\/v2\/tags?post=343012"},{"taxonomy":"newspack_spnsrs_tax","embeddable":true,"href":"https:\/\/casadecampoliving.com\/es\/wp-json\/wp\/v2\/newspack_spnsrs_tax?post=343012"}],"curies":[{"name":"wp","href":"https:\/\/api.w.org\/{rel}","templated":true}]}}