{"id":343004,"date":"2013-10-10T00:00:00","date_gmt":"2013-10-10T04:00:00","guid":{"rendered":"https:\/\/casadecampoliving.com\/cartelera-de-cine-del-2-al-9-del-mes-de-octubre\/"},"modified":"2022-10-21T18:53:02","modified_gmt":"2022-10-21T22:53:02","slug":"cartelera-de-cine-del-2-al-9-del-mes-de-octubre","status":"publish","type":"post","link":"https:\/\/casadecampoliving.com\/es\/cartelera-de-cine-del-2-al-9-del-mes-de-octubre\/","title":{"rendered":"Cartelera de Cine de la Marina Casa de Campo: octubre 10 &#8211; 16"},"content":{"rendered":"<div class=\"wp-block-image\">\n<figure class=\"aligncenter is-resized\"><a href=\"https:\/\/i0.wp.com\/casadecampoliving.com\/wp-content\/uploads\/2022\/10\/CDCAMP-feb-10-de-oct1.jpg?ssl=1\"><img loading=\"lazy\" decoding=\"async\" src=\"https:\/\/i0.wp.com\/casadecampoliving.com\/wp-content\/uploads\/2022\/10\/CDCAMP-feb-10-de-oct1.jpg?resize=650%2C330&amp;ssl=1\" alt=\"CDCAMP feb 10 de oct\" class=\"wp-image-79296\" height=\"330\" width=\"650\"\/><\/a><\/figure>\n<\/div>\n\n\n<p class=\"has-text-align-center\"><\/p>\n\n\n\n<p>Hola a todos los aficionados del cine residentes de&nbsp;Casa de Campo,&nbsp;el resort&nbsp;m\u00e1s&nbsp;bello del Caribe. Para esta semana La Marina Casa de Campo les trae 2 nuevas y fascinantes pel\u00edculas: <strong>\u201cGravedad\u201d <\/strong>y&nbsp;<strong><strong>\u201cCazadores&nbsp;de sombras\u201d<\/strong>&nbsp;<\/strong>contin\u00faan<strong>&nbsp;<\/strong>en cartelera&nbsp;<strong>\u201cAsalto al Poder\u201d, &nbsp;<\/strong><strong>\u201cAviones\u201d<\/strong> y la m\u00e1s reciente de toda la cartelera: <strong>\u201cExpediente Warren\u201d.<\/strong><\/p>\n\n\n\n<p class=\"has-text-align-left\"><strong><\/strong><wp-block data-block=\"core\/more\"><\/wp-block><\/p>\n\n\n\n<p><strong>\u201cGravedad\u201d<strong>&nbsp;<\/strong><\/strong><a href=\"http:\/\/www.youtube.com\/watch?v=Ihv-Md2p8GU\" target=\"_blank\" rel=\"noopener\">[Ver trailer\/<\/a><a href=\"http:\/\/www.elseptimoarte.net\/taquilla-usa-4-6-octubre-gravedad-0-18873.html\" target=\"_blank\" rel=\"noopener\">&nbsp;Leer Critica]<\/a><strong><br>\n<\/strong><em style=\"font-size: 13px; line-height: 19px;\">El mayor evento audiovisual del a\u00f1o llegaba a las pantallas norteamericanas este fin de semana. Tras a\u00f1os de espera por fin regresaba a la gran pantalla Alfonso Cuar\u00f3n con \u201cGravity\u201d, la pel\u00edcula que m\u00e1s est\u00e1 dando de qu\u00e9 hablar (y seguir\u00e1 dando) en el panorama cinematogr\u00e1fico.<\/em><\/p>\n\n\n\n<p><strong>\u201cCazadores&nbsp;de sombras\u201d&nbsp;<\/strong><a href=\"http:\/\/www.youtube.com\/watch?v=edSR93ehlsM\" target=\"_blank\" rel=\"noopener\">[Ver trailer\/<\/a><a href=\"http:\/\/www.elseptimoarte.net\/peliculas\/the-mortal-instruments-4097.html\" target=\"_blank\" rel=\"noopener\">&nbsp;Leer Critica]<\/a><strong><br>\n<\/strong><em style=\"font-size: 13px; line-height: 19px;\">Clary Fray (Lily Collins) es una adolescente neoyorkina aparentemente normal. Una noche, en compa\u00f1\u00eda de su inseparable amigo Simon (Robert Sheehan), decide ir a la discoteca de moda Pandem\u00f3nium. All\u00ed presencia c\u00f3mo un extra\u00f1o joven llamado Jace (Jamie Campbell Bower) parece asesinar a alguien, pero el cuerpo de la v\u00edctima desaparece y nadie m\u00e1s parece haberlo visto.<\/em><\/p>\n\n\n\n<p><strong>\u201cAsalto al Poder\u201d&nbsp;<\/strong><span style=\"color: #0000ff;\"><a href=\"http:\/\/www.youtube.com\/watch?v=-drOT_m1i4w\" target=\"_blank\" rel=\"noopener\">[Ver trailer<\/a><a href=\"http:\/\/www.elseptimoarte.net\/peliculas\/white-house-down-6628.html\" target=\"_blank\" rel=\"noopener\">\/&nbsp;Leer Critica]<\/a><\/span><br>\n<em style=\"font-size: 13px; line-height: 19px;\">Al Polic\u00eda del Capitolio John Cale (Channing Tatum) le acaban de rechazar en lo que ser\u00eda su trabajo ideal, dentro del Servicio Secreto y protegiendo al Presidente James Sawyer (Jamie Foxx).<\/em><\/p>\n\n\n\n<p><strong>\u201cAviones\u201d&nbsp;<\/strong><a href=\"http:\/\/www.youtube.com\/watch?v=GpTivtieQq8\" target=\"_blank\" rel=\"noopener\">[Ver trailer\/<\/a><a href=\"http:\/\/www.elseptimoarte.net\/peliculas\/planes-7468.html\" target=\"_blank\" rel=\"noopener\">&nbsp;Leer Critica]<br>\n<\/a><em style=\"color: #333333; font-size: 13px; line-height: 19px;\">Desde las alturas del mundo de \u201cCars\u201d llega la pel\u00edcula de Disney \u201cAviones\u201d. La nueva pel\u00edcula de animaci\u00f3n en 3D llena de acci\u00f3n y aventuras, protagonizada por Dusty (voz de Dane Cook), un avi\u00f3n que sue\u00f1a con participar en una competici\u00f3n a\u00e9rea de altos vuelos.<\/em><\/p>\n\n\n\n<p><em><strong>\u201cExpediente Warren: The Conjuring\u201d&nbsp;<\/strong><\/em><a href=\"http:\/\/www.youtube.com\/watch?v=1kOlrEwTfco\" target=\"_blank\" rel=\"noopener\">[Ver trailer\/<\/a><a href=\"http:\/\/www.elseptimoarte.net\/peliculas\/the-conjuring-5839.html\" target=\"_blank\" rel=\"noopener\">&nbsp;Leer Critica]<br>\n<\/a><em style=\"font-size: 13px; line-height: 19px;\"><em>Basada en una historia real, \u201cExpediente Warren: The Conjuring\u201d cuenta la escalofriante historia de c\u00f3mo Ed y Lorraine Warren, renombrados investigadores de fen\u00f3menos paranormales, fueron requeridos por una familia aterrorizada por una presencia oscura en una aislada granja.<\/em><\/em><\/p>\n","protected":false},"excerpt":{"rendered":"<p>Hola a todos los aficionados del cine residentes de&nbsp;Casa de Campo,&nbsp;el resort&nbsp;m\u00e1s&nbsp;bello del Caribe. Para esta semana La Marina Casa de Campo les trae 2 nuevas y fascinantes pel\u00edculas: \u201cGravedad\u201d y&nbsp;\u201cCazadores&nbsp;de sombras\u201d&nbsp;contin\u00faan&nbsp;en cartelera&nbsp;\u201cAsalto al Poder\u201d, &nbsp;\u201cAviones\u201d y la m\u00e1s reciente de toda la cartelera: \u201cExpediente Warren\u201d. \u201cGravedad\u201d&nbsp;[Ver trailer\/&nbsp;Leer Critica] El mayor evento audiovisual del a\u00f1o [&hellip;]<\/p>\n","protected":false},"author":392,"featured_media":272819,"comment_status":"closed","ping_status":"closed","sticky":false,"template":"","format":"standard","meta":{"newspack_ads_suppress_ads":false,"newspack_popups_has_disabled_popups":false,"newspack_sponsor_sponsorship_scope":"","newspack_sponsor_native_byline_display":"inherit","newspack_sponsor_native_category_display":"inherit","newspack_sponsor_underwriter_style":"inherit","newspack_sponsor_underwriter_placement":"inherit","_newspack_byline_active":false,"_newspack_byline":"","newspack_hide_updated_date":false,"newspack_show_updated_date":false,"newspack_content_restriction_is_exempt":false,"newspack_featured_image_position":"","newspack_post_subtitle":"","newspack_article_summary_title":"Overview:","newspack_article_summary":"","_jetpack_memberships_contains_paid_content":false,"footnotes":"","jetpack_publicize_message":"","jetpack_publicize_feature_enabled":true,"jetpack_social_post_already_shared":false,"jetpack_social_options":{"image_generator_settings":{"template":"highway","default_image_id":0,"font":"","enabled":false},"version":2},"_wpas_customize_per_network":false},"categories":[26823,3126,26581,14625],"tags":[7476,2559,2674,2590,3663,7552,2558],"newspack_spnsrs_tax":[],"class_list":["post-343004","post","type-post","status-publish","format-standard","has-post-thumbnail","hentry","category-arte-y-cultura","category-cine-3","category-la-marina-casa-de-campo","category-noticias-locales","tag-caltelera","tag-cine","tag-estrenos","tag-la-marina-casa-de-campo","tag-la-marina-casa-de-campo-es-2","tag-nuevas-peliculas","tag-peliculas","entry"],"yoast_head":"<!-- This site is optimized with the Yoast SEO plugin v27.4 - https:\/\/yoast.com\/product\/yoast-seo-wordpress\/ -->\n<title>Cartelera de Cine de la Marina Casa de Campo: octubre 10 - 16 | Casa de Campo Living<\/title>\n<meta name=\"description\" content=\"Hola a todos los aficionados del cine residentes de&nbsp;Casa de Campo,&nbsp;el resort&nbsp;m\u00e1s&nbsp;bello del Caribe. Para esta semana La Marina Casa de\" \/>\n<meta name=\"robots\" content=\"index, follow, max-snippet:-1, max-image-preview:large, max-video-preview:-1\" \/>\n<link rel=\"canonical\" href=\"https:\/\/casadecampoliving.com\/es\/cartelera-de-cine-del-2-al-9-del-mes-de-octubre\/\" \/>\n<meta property=\"og:locale\" content=\"es_ES\" \/>\n<meta property=\"og:type\" content=\"article\" \/>\n<meta property=\"og:title\" content=\"Cartelera de Cine de la Marina Casa de Campo: octubre 10 - 16 | Casa de Campo Living\" \/>\n<meta property=\"og:description\" content=\"Hola a todos los aficionados del cine residentes de&nbsp;Casa de Campo,&nbsp;el resort&nbsp;m\u00e1s&nbsp;bello del Caribe. Para esta semana La Marina Casa de\" \/>\n<meta property=\"og:url\" content=\"https:\/\/casadecampoliving.com\/es\/cartelera-de-cine-del-2-al-9-del-mes-de-octubre\/\" \/>\n<meta property=\"og:site_name\" content=\"Casa de Campo Living\" \/>\n<meta property=\"article:publisher\" content=\"https:\/\/www.facebook.com\/casadecampoliving\" \/>\n<meta property=\"article:published_time\" content=\"2013-10-10T04:00:00+00:00\" \/>\n<meta property=\"article:modified_time\" content=\"2022-10-21T22:53:02+00:00\" \/>\n<meta property=\"og:image\" content=\"https:\/\/i0.wp.com\/casadecampoliving.com\/wp-content\/uploads\/2022\/10\/CDCAMP-feb-10-de-oct1-1.jpg?fit=798%2C344&ssl=1\" \/>\n\t<meta property=\"og:image:width\" content=\"798\" \/>\n\t<meta property=\"og:image:height\" content=\"344\" \/>\n\t<meta property=\"og:image:type\" content=\"image\/jpeg\" \/>\n<meta name=\"author\" content=\"Lenny Castillo\" \/>\n<meta name=\"twitter:card\" content=\"summary_large_image\" \/>\n<meta name=\"twitter:creator\" content=\"@cdcliving\" \/>\n<meta name=\"twitter:site\" content=\"@cdcliving\" \/>\n<meta name=\"twitter:label1\" content=\"Escrito por\" \/>\n\t<meta name=\"twitter:data1\" content=\"Lenny Castillo\" \/>\n\t<meta name=\"twitter:label2\" content=\"Tiempo de lectura\" \/>\n\t<meta name=\"twitter:data2\" content=\"2 minutos\" \/>\n<script type=\"application\/ld+json\" class=\"yoast-schema-graph\">{\"@context\":\"https:\\\/\\\/schema.org\",\"@graph\":[{\"@type\":\"Article\",\"@id\":\"https:\\\/\\\/casadecampoliving.com\\\/es\\\/cartelera-de-cine-del-2-al-9-del-mes-de-octubre\\\/#article\",\"isPartOf\":{\"@id\":\"https:\\\/\\\/casadecampoliving.com\\\/es\\\/cartelera-de-cine-del-2-al-9-del-mes-de-octubre\\\/\"},\"author\":{\"name\":\"Lenny Castillo\",\"@id\":\"https:\\\/\\\/casadecampoliving.com\\\/es\\\/#\\\/schema\\\/person\\\/bde9253359bd80f29448cb1dee503f4d\"},\"headline\":\"Cartelera de Cine de la Marina Casa de Campo: octubre 10 &#8211; 16\",\"datePublished\":\"2013-10-10T04:00:00+00:00\",\"dateModified\":\"2022-10-21T22:53:02+00:00\",\"mainEntityOfPage\":{\"@id\":\"https:\\\/\\\/casadecampoliving.com\\\/es\\\/cartelera-de-cine-del-2-al-9-del-mes-de-octubre\\\/\"},\"wordCount\":363,\"publisher\":{\"@id\":\"https:\\\/\\\/casadecampoliving.com\\\/es\\\/#organization\"},\"image\":{\"@id\":\"https:\\\/\\\/casadecampoliving.com\\\/es\\\/cartelera-de-cine-del-2-al-9-del-mes-de-octubre\\\/#primaryimage\"},\"thumbnailUrl\":\"https:\\\/\\\/i0.wp.com\\\/casadecampoliving.com\\\/wp-content\\\/uploads\\\/2022\\\/10\\\/CDCAMP-feb-10-de-oct1-1.jpg?fit=798%2C344&ssl=1\",\"keywords\":[\"caltelera\",\"cine\",\"estrenos\",\"la marina casa de campo\",\"la marina casa de campo @es\",\"nuevas peliculas\",\"peliculas\"],\"articleSection\":[\"Arte y cultura\",\"Cine @es\",\"La Marina Casa de Campo\",\"Noticias Locales\"],\"inLanguage\":\"es\"},{\"@type\":\"WebPage\",\"@id\":\"https:\\\/\\\/casadecampoliving.com\\\/es\\\/cartelera-de-cine-del-2-al-9-del-mes-de-octubre\\\/\",\"url\":\"https:\\\/\\\/casadecampoliving.com\\\/es\\\/cartelera-de-cine-del-2-al-9-del-mes-de-octubre\\\/\",\"name\":\"Cartelera de Cine de la Marina Casa de Campo: octubre 10 - 16 | Casa de Campo Living\",\"isPartOf\":{\"@id\":\"https:\\\/\\\/casadecampoliving.com\\\/es\\\/#website\"},\"primaryImageOfPage\":{\"@id\":\"https:\\\/\\\/casadecampoliving.com\\\/es\\\/cartelera-de-cine-del-2-al-9-del-mes-de-octubre\\\/#primaryimage\"},\"image\":{\"@id\":\"https:\\\/\\\/casadecampoliving.com\\\/es\\\/cartelera-de-cine-del-2-al-9-del-mes-de-octubre\\\/#primaryimage\"},\"thumbnailUrl\":\"https:\\\/\\\/i0.wp.com\\\/casadecampoliving.com\\\/wp-content\\\/uploads\\\/2022\\\/10\\\/CDCAMP-feb-10-de-oct1-1.jpg?fit=798%2C344&ssl=1\",\"datePublished\":\"2013-10-10T04:00:00+00:00\",\"dateModified\":\"2022-10-21T22:53:02+00:00\",\"description\":\"Hola a todos los aficionados del cine residentes de&nbsp;Casa de Campo,&nbsp;el resort&nbsp;m\u00e1s&nbsp;bello del Caribe. Para esta semana La Marina Casa de\",\"breadcrumb\":{\"@id\":\"https:\\\/\\\/casadecampoliving.com\\\/es\\\/cartelera-de-cine-del-2-al-9-del-mes-de-octubre\\\/#breadcrumb\"},\"inLanguage\":\"es\",\"potentialAction\":[{\"@type\":\"ReadAction\",\"target\":[\"https:\\\/\\\/casadecampoliving.com\\\/es\\\/cartelera-de-cine-del-2-al-9-del-mes-de-octubre\\\/\"]}]},{\"@type\":\"ImageObject\",\"inLanguage\":\"es\",\"@id\":\"https:\\\/\\\/casadecampoliving.com\\\/es\\\/cartelera-de-cine-del-2-al-9-del-mes-de-octubre\\\/#primaryimage\",\"url\":\"https:\\\/\\\/i0.wp.com\\\/casadecampoliving.com\\\/wp-content\\\/uploads\\\/2022\\\/10\\\/CDCAMP-feb-10-de-oct1-1.jpg?fit=798%2C344&ssl=1\",\"contentUrl\":\"https:\\\/\\\/i0.wp.com\\\/casadecampoliving.com\\\/wp-content\\\/uploads\\\/2022\\\/10\\\/CDCAMP-feb-10-de-oct1-1.jpg?fit=798%2C344&ssl=1\",\"width\":798,\"height\":344},{\"@type\":\"BreadcrumbList\",\"@id\":\"https:\\\/\\\/casadecampoliving.com\\\/es\\\/cartelera-de-cine-del-2-al-9-del-mes-de-octubre\\\/#breadcrumb\",\"itemListElement\":[{\"@type\":\"ListItem\",\"position\":1,\"name\":\"Home\",\"item\":\"https:\\\/\\\/casadecampoliving.com\\\/es\\\/\"},{\"@type\":\"ListItem\",\"position\":2,\"name\":\"Cartelera de Cine de la Marina Casa de Campo: octubre 10 &#8211; 16\"}]},{\"@type\":\"WebSite\",\"@id\":\"https:\\\/\\\/casadecampoliving.com\\\/es\\\/#website\",\"url\":\"https:\\\/\\\/casadecampoliving.com\\\/es\\\/\",\"name\":\"Casa de Campo Living\",\"description\":\"Resort community news and resources.\",\"publisher\":{\"@id\":\"https:\\\/\\\/casadecampoliving.com\\\/es\\\/#organization\"},\"potentialAction\":[{\"@type\":\"SearchAction\",\"target\":{\"@type\":\"EntryPoint\",\"urlTemplate\":\"https:\\\/\\\/casadecampoliving.com\\\/es\\\/?s={search_term_string}\"},\"query-input\":{\"@type\":\"PropertyValueSpecification\",\"valueRequired\":true,\"valueName\":\"search_term_string\"}}],\"inLanguage\":\"es\"},{\"@type\":\"Organization\",\"@id\":\"https:\\\/\\\/casadecampoliving.com\\\/es\\\/#organization\",\"name\":\"Casa de Campo Living\",\"url\":\"https:\\\/\\\/casadecampoliving.com\\\/es\\\/\",\"logo\":{\"@type\":\"ImageObject\",\"inLanguage\":\"es\",\"@id\":\"https:\\\/\\\/casadecampoliving.com\\\/es\\\/#\\\/schema\\\/logo\\\/image\\\/\",\"url\":\"https:\\\/\\\/i0.wp.com\\\/casadecampoliving.com\\\/wp-content\\\/uploads\\\/2022\\\/07\\\/CDCLivingLogo_V1-white-sized.png?fit=800%2C214&ssl=1\",\"contentUrl\":\"https:\\\/\\\/i0.wp.com\\\/casadecampoliving.com\\\/wp-content\\\/uploads\\\/2022\\\/07\\\/CDCLivingLogo_V1-white-sized.png?fit=800%2C214&ssl=1\",\"width\":800,\"height\":214,\"caption\":\"Casa de Campo Living\"},\"image\":{\"@id\":\"https:\\\/\\\/casadecampoliving.com\\\/es\\\/#\\\/schema\\\/logo\\\/image\\\/\"},\"sameAs\":[\"https:\\\/\\\/www.facebook.com\\\/casadecampoliving\",\"https:\\\/\\\/x.com\\\/cdcliving\"]},{\"@type\":\"Person\",\"@id\":\"https:\\\/\\\/casadecampoliving.com\\\/es\\\/#\\\/schema\\\/person\\\/bde9253359bd80f29448cb1dee503f4d\",\"name\":\"Lenny Castillo\",\"image\":{\"@type\":\"ImageObject\",\"inLanguage\":\"es\",\"@id\":\"https:\\\/\\\/secure.gravatar.com\\\/avatar\\\/7dfd1a6dc314579a5019d4ffdf4f2d34c70345f2bbbdae3b5bb2aca665d89299?s=96&d=mm&r=g\",\"url\":\"https:\\\/\\\/secure.gravatar.com\\\/avatar\\\/7dfd1a6dc314579a5019d4ffdf4f2d34c70345f2bbbdae3b5bb2aca665d89299?s=96&d=mm&r=g\",\"contentUrl\":\"https:\\\/\\\/secure.gravatar.com\\\/avatar\\\/7dfd1a6dc314579a5019d4ffdf4f2d34c70345f2bbbdae3b5bb2aca665d89299?s=96&d=mm&r=g\",\"caption\":\"Lenny Castillo\"},\"url\":\"https:\\\/\\\/casadecampoliving.com\\\/es\\\/author\\\/lcastillo\\\/\"}]}<\/script>\n<!-- \/ Yoast SEO plugin. -->","yoast_head_json":{"title":"Cartelera de Cine de la Marina Casa de Campo: octubre 10 - 16 | Casa de Campo Living","description":"Hola a todos los aficionados del cine residentes de&nbsp;Casa de Campo,&nbsp;el resort&nbsp;m\u00e1s&nbsp;bello del Caribe. Para esta semana La Marina Casa de","robots":{"index":"index","follow":"follow","max-snippet":"max-snippet:-1","max-image-preview":"max-image-preview:large","max-video-preview":"max-video-preview:-1"},"canonical":"https:\/\/casadecampoliving.com\/es\/cartelera-de-cine-del-2-al-9-del-mes-de-octubre\/","og_locale":"es_ES","og_type":"article","og_title":"Cartelera de Cine de la Marina Casa de Campo: octubre 10 - 16 | Casa de Campo Living","og_description":"Hola a todos los aficionados del cine residentes de&nbsp;Casa de Campo,&nbsp;el resort&nbsp;m\u00e1s&nbsp;bello del Caribe. Para esta semana La Marina Casa de","og_url":"https:\/\/casadecampoliving.com\/es\/cartelera-de-cine-del-2-al-9-del-mes-de-octubre\/","og_site_name":"Casa de Campo Living","article_publisher":"https:\/\/www.facebook.com\/casadecampoliving","article_published_time":"2013-10-10T04:00:00+00:00","article_modified_time":"2022-10-21T22:53:02+00:00","og_image":[{"width":798,"height":344,"url":"https:\/\/i0.wp.com\/casadecampoliving.com\/wp-content\/uploads\/2022\/10\/CDCAMP-feb-10-de-oct1-1.jpg?fit=798%2C344&ssl=1","type":"image\/jpeg"}],"author":"Lenny Castillo","twitter_card":"summary_large_image","twitter_creator":"@cdcliving","twitter_site":"@cdcliving","twitter_misc":{"Escrito por":"Lenny Castillo","Tiempo de lectura":"2 minutos"},"schema":{"@context":"https:\/\/schema.org","@graph":[{"@type":"Article","@id":"https:\/\/casadecampoliving.com\/es\/cartelera-de-cine-del-2-al-9-del-mes-de-octubre\/#article","isPartOf":{"@id":"https:\/\/casadecampoliving.com\/es\/cartelera-de-cine-del-2-al-9-del-mes-de-octubre\/"},"author":{"name":"Lenny Castillo","@id":"https:\/\/casadecampoliving.com\/es\/#\/schema\/person\/bde9253359bd80f29448cb1dee503f4d"},"headline":"Cartelera de Cine de la Marina Casa de Campo: octubre 10 &#8211; 16","datePublished":"2013-10-10T04:00:00+00:00","dateModified":"2022-10-21T22:53:02+00:00","mainEntityOfPage":{"@id":"https:\/\/casadecampoliving.com\/es\/cartelera-de-cine-del-2-al-9-del-mes-de-octubre\/"},"wordCount":363,"publisher":{"@id":"https:\/\/casadecampoliving.com\/es\/#organization"},"image":{"@id":"https:\/\/casadecampoliving.com\/es\/cartelera-de-cine-del-2-al-9-del-mes-de-octubre\/#primaryimage"},"thumbnailUrl":"https:\/\/i0.wp.com\/casadecampoliving.com\/wp-content\/uploads\/2022\/10\/CDCAMP-feb-10-de-oct1-1.jpg?fit=798%2C344&ssl=1","keywords":["caltelera","cine","estrenos","la marina casa de campo","la marina casa de campo @es","nuevas peliculas","peliculas"],"articleSection":["Arte y cultura","Cine @es","La Marina Casa de Campo","Noticias Locales"],"inLanguage":"es"},{"@type":"WebPage","@id":"https:\/\/casadecampoliving.com\/es\/cartelera-de-cine-del-2-al-9-del-mes-de-octubre\/","url":"https:\/\/casadecampoliving.com\/es\/cartelera-de-cine-del-2-al-9-del-mes-de-octubre\/","name":"Cartelera de Cine de la Marina Casa de Campo: octubre 10 - 16 | Casa de Campo Living","isPartOf":{"@id":"https:\/\/casadecampoliving.com\/es\/#website"},"primaryImageOfPage":{"@id":"https:\/\/casadecampoliving.com\/es\/cartelera-de-cine-del-2-al-9-del-mes-de-octubre\/#primaryimage"},"image":{"@id":"https:\/\/casadecampoliving.com\/es\/cartelera-de-cine-del-2-al-9-del-mes-de-octubre\/#primaryimage"},"thumbnailUrl":"https:\/\/i0.wp.com\/casadecampoliving.com\/wp-content\/uploads\/2022\/10\/CDCAMP-feb-10-de-oct1-1.jpg?fit=798%2C344&ssl=1","datePublished":"2013-10-10T04:00:00+00:00","dateModified":"2022-10-21T22:53:02+00:00","description":"Hola a todos los aficionados del cine residentes de&nbsp;Casa de Campo,&nbsp;el resort&nbsp;m\u00e1s&nbsp;bello del Caribe. Para esta semana La Marina Casa de","breadcrumb":{"@id":"https:\/\/casadecampoliving.com\/es\/cartelera-de-cine-del-2-al-9-del-mes-de-octubre\/#breadcrumb"},"inLanguage":"es","potentialAction":[{"@type":"ReadAction","target":["https:\/\/casadecampoliving.com\/es\/cartelera-de-cine-del-2-al-9-del-mes-de-octubre\/"]}]},{"@type":"ImageObject","inLanguage":"es","@id":"https:\/\/casadecampoliving.com\/es\/cartelera-de-cine-del-2-al-9-del-mes-de-octubre\/#primaryimage","url":"https:\/\/i0.wp.com\/casadecampoliving.com\/wp-content\/uploads\/2022\/10\/CDCAMP-feb-10-de-oct1-1.jpg?fit=798%2C344&ssl=1","contentUrl":"https:\/\/i0.wp.com\/casadecampoliving.com\/wp-content\/uploads\/2022\/10\/CDCAMP-feb-10-de-oct1-1.jpg?fit=798%2C344&ssl=1","width":798,"height":344},{"@type":"BreadcrumbList","@id":"https:\/\/casadecampoliving.com\/es\/cartelera-de-cine-del-2-al-9-del-mes-de-octubre\/#breadcrumb","itemListElement":[{"@type":"ListItem","position":1,"name":"Home","item":"https:\/\/casadecampoliving.com\/es\/"},{"@type":"ListItem","position":2,"name":"Cartelera de Cine de la Marina Casa de Campo: octubre 10 &#8211; 16"}]},{"@type":"WebSite","@id":"https:\/\/casadecampoliving.com\/es\/#website","url":"https:\/\/casadecampoliving.com\/es\/","name":"Casa de Campo Living","description":"Resort community news and resources.","publisher":{"@id":"https:\/\/casadecampoliving.com\/es\/#organization"},"potentialAction":[{"@type":"SearchAction","target":{"@type":"EntryPoint","urlTemplate":"https:\/\/casadecampoliving.com\/es\/?s={search_term_string}"},"query-input":{"@type":"PropertyValueSpecification","valueRequired":true,"valueName":"search_term_string"}}],"inLanguage":"es"},{"@type":"Organization","@id":"https:\/\/casadecampoliving.com\/es\/#organization","name":"Casa de Campo Living","url":"https:\/\/casadecampoliving.com\/es\/","logo":{"@type":"ImageObject","inLanguage":"es","@id":"https:\/\/casadecampoliving.com\/es\/#\/schema\/logo\/image\/","url":"https:\/\/i0.wp.com\/casadecampoliving.com\/wp-content\/uploads\/2022\/07\/CDCLivingLogo_V1-white-sized.png?fit=800%2C214&ssl=1","contentUrl":"https:\/\/i0.wp.com\/casadecampoliving.com\/wp-content\/uploads\/2022\/07\/CDCLivingLogo_V1-white-sized.png?fit=800%2C214&ssl=1","width":800,"height":214,"caption":"Casa de Campo Living"},"image":{"@id":"https:\/\/casadecampoliving.com\/es\/#\/schema\/logo\/image\/"},"sameAs":["https:\/\/www.facebook.com\/casadecampoliving","https:\/\/x.com\/cdcliving"]},{"@type":"Person","@id":"https:\/\/casadecampoliving.com\/es\/#\/schema\/person\/bde9253359bd80f29448cb1dee503f4d","name":"Lenny Castillo","image":{"@type":"ImageObject","inLanguage":"es","@id":"https:\/\/secure.gravatar.com\/avatar\/7dfd1a6dc314579a5019d4ffdf4f2d34c70345f2bbbdae3b5bb2aca665d89299?s=96&d=mm&r=g","url":"https:\/\/secure.gravatar.com\/avatar\/7dfd1a6dc314579a5019d4ffdf4f2d34c70345f2bbbdae3b5bb2aca665d89299?s=96&d=mm&r=g","contentUrl":"https:\/\/secure.gravatar.com\/avatar\/7dfd1a6dc314579a5019d4ffdf4f2d34c70345f2bbbdae3b5bb2aca665d89299?s=96&d=mm&r=g","caption":"Lenny Castillo"},"url":"https:\/\/casadecampoliving.com\/es\/author\/lcastillo\/"}]}},"parsely":{"version":"1.1.0","canonical_url":"https:\/\/casadecampoliving.com\/es\/cartelera-de-cine-del-2-al-9-del-mes-de-octubre\/","smart_links":{"inbound":0,"outbound":0},"traffic_boost_suggestions_count":0,"meta":{"@context":"https:\/\/schema.org","@type":"NewsArticle","headline":"Cartelera de Cine de la Marina Casa de Campo: octubre 10 &#8211; 16","url":"http:\/\/casadecampoliving.com\/es\/cartelera-de-cine-del-2-al-9-del-mes-de-octubre\/","mainEntityOfPage":{"@type":"WebPage","@id":"http:\/\/casadecampoliving.com\/es\/cartelera-de-cine-del-2-al-9-del-mes-de-octubre\/"},"thumbnailUrl":"https:\/\/i0.wp.com\/casadecampoliving.com\/wp-content\/uploads\/2022\/10\/CDCAMP-feb-10-de-oct1-1.jpg?resize=150%2C150&ssl=1","image":{"@type":"ImageObject","url":"https:\/\/i0.wp.com\/casadecampoliving.com\/wp-content\/uploads\/2022\/10\/CDCAMP-feb-10-de-oct1-1.jpg?fit=798%2C344&ssl=1"},"articleSection":"Arte y cultura","author":[{"@type":"Person","name":"Lenny Castillo"}],"creator":["Lenny Castillo"],"publisher":{"@type":"Organization","name":"Casa de Campo Living","logo":"https:\/\/casadecampoliving.com\/wp-content\/uploads\/2022\/07\/CDCLivingLogo_V1-white-sized.png"},"keywords":["caltelera","cine","estrenos","la marina casa de campo","la marina casa de campo @es","nuevas peliculas","peliculas"],"dateCreated":"2013-10-10T04:00:00Z","datePublished":"2013-10-10T04:00:00Z","dateModified":"2022-10-21T22:53:02Z"},"rendered":"<script type=\"application\/ld+json\" class=\"wp-parsely-metadata\">{\"@context\":\"https:\\\/\\\/schema.org\",\"@type\":\"NewsArticle\",\"headline\":\"Cartelera de Cine de la Marina Casa de Campo: octubre 10 &#8211; 16\",\"url\":\"http:\\\/\\\/casadecampoliving.com\\\/es\\\/cartelera-de-cine-del-2-al-9-del-mes-de-octubre\\\/\",\"mainEntityOfPage\":{\"@type\":\"WebPage\",\"@id\":\"http:\\\/\\\/casadecampoliving.com\\\/es\\\/cartelera-de-cine-del-2-al-9-del-mes-de-octubre\\\/\"},\"thumbnailUrl\":\"https:\\\/\\\/i0.wp.com\\\/casadecampoliving.com\\\/wp-content\\\/uploads\\\/2022\\\/10\\\/CDCAMP-feb-10-de-oct1-1.jpg?resize=150%2C150&ssl=1\",\"image\":{\"@type\":\"ImageObject\",\"url\":\"https:\\\/\\\/i0.wp.com\\\/casadecampoliving.com\\\/wp-content\\\/uploads\\\/2022\\\/10\\\/CDCAMP-feb-10-de-oct1-1.jpg?fit=798%2C344&ssl=1\"},\"articleSection\":\"Arte y cultura\",\"author\":[{\"@type\":\"Person\",\"name\":\"Lenny Castillo\"}],\"creator\":[\"Lenny Castillo\"],\"publisher\":{\"@type\":\"Organization\",\"name\":\"Casa de Campo Living\",\"logo\":\"https:\\\/\\\/casadecampoliving.com\\\/wp-content\\\/uploads\\\/2022\\\/07\\\/CDCLivingLogo_V1-white-sized.png\"},\"keywords\":[\"caltelera\",\"cine\",\"estrenos\",\"la marina casa de campo\",\"la marina casa de campo @es\",\"nuevas peliculas\",\"peliculas\"],\"dateCreated\":\"2013-10-10T04:00:00Z\",\"datePublished\":\"2013-10-10T04:00:00Z\",\"dateModified\":\"2022-10-21T22:53:02Z\"}<\/script>","tracker_url":"https:\/\/cdn.parsely.com\/keys\/casadecampoliving.com\/p.js"},"jetpack_publicize_connections":[],"jetpack_featured_media_url":"https:\/\/i0.wp.com\/casadecampoliving.com\/wp-content\/uploads\/2022\/10\/CDCAMP-feb-10-de-oct1-1.jpg?fit=798%2C344&ssl=1","jetpack-related-posts":[{"id":350034,"url":"https:\/\/casadecampoliving.com\/es\/marina-casa-de-campo-cartelera-de-cine-23-29-de-junio\/","url_meta":{"origin":343004,"position":0},"title":"Marina Casa de Campo cartelera de cine: 23 &#8211; 29 de junio","author":"Felix Guerrero","date":"23 Jun, 2016","format":false,"excerpt":"Para esta semana, el cine de la Marina Casa de Campo nos trae dos\u00a0nuevas pel\u00edculas: \u201cIndependence Day: Resurgence\u201d y\u00a0\u201cEl Conjuro 2\u201d.\u00a0Mientras que en sala todav\u00eda tenemos: \u201cBuscando a Dory\u201d\u00a0y\u00a0\u201cMe Before You\u201d \u201cIndependence Day: Resurgence\u201dProyecciones: Lunes \u2013 Viernes,\u00a07:00pm & 9:30pm S\u00e1bado \u2013 Domingo, 4:25pm,\u00a07:00pm & 9:30pm Sinopsis:\u00a0Dos d\u00e9cadas despu\u00e9s de la\u2026","rel":"","context":"En \u00abCine @es\u00bb","block_context":{"text":"Cine @es","link":"https:\/\/casadecampoliving.com\/es\/category\/cine-3\/"},"img":{"alt_text":"Cartelera 27 de Junio 2016","src":"https:\/\/i0.wp.com\/casadecampoliving.com\/wp-content\/uploads\/2022\/10\/Cartelera-27-de-Junio-2016-1.jpg?fit=800%2C348&ssl=1&resize=350%2C200","width":350,"height":200,"srcset":"https:\/\/i0.wp.com\/casadecampoliving.com\/wp-content\/uploads\/2022\/10\/Cartelera-27-de-Junio-2016-1.jpg?fit=800%2C348&ssl=1&resize=350%2C200 1x, https:\/\/i0.wp.com\/casadecampoliving.com\/wp-content\/uploads\/2022\/10\/Cartelera-27-de-Junio-2016-1.jpg?fit=800%2C348&ssl=1&resize=525%2C300 1.5x, https:\/\/i0.wp.com\/casadecampoliving.com\/wp-content\/uploads\/2022\/10\/Cartelera-27-de-Junio-2016-1.jpg?fit=800%2C348&ssl=1&resize=700%2C400 2x"},"classes":[]},{"id":349230,"url":"https:\/\/casadecampoliving.com\/es\/marina-casa-de-campo-cartelera-de-cine-18-24-de-febrero\/","url_meta":{"origin":343004,"position":1},"title":"Marina Casa de Campo cartelera de cine: 18 &#8211; 24 de febrero","author":"Felix Guerrero","date":"18 Feb, 2016","format":false,"excerpt":"Para esta semana, el cine de la Marina Casa de Campo nos trae una\u00a0nueva pel\u00edcula: \u201cZootopia\u201d.\u00a0Mientras todav\u00eda en sala tenemos:\u00a0\u201cDeadpool\u201d y \u201cC\u00f3mo Ser Soltera\u201d. \u201cDeadpool\u201dProyecciones: Lunes \u2013 Viernes, 7:15pm & 9:30pm S\u00e1bado \u2013 Domingo,\u00a04:50pm, 7:15pm & 9:30pm Sinopsis: Un ex operativo de las fuerzas especiales ahora mercenario se somete a\u2026","rel":"","context":"En \u00abArte y cultura\u00bb","block_context":{"text":"Arte y cultura","link":"https:\/\/casadecampoliving.com\/category\/arte-y-cultura\/"},"img":{"alt_text":"Cartelera 18 de Febrero 2016","src":"https:\/\/i0.wp.com\/casadecampoliving.com\/wp-content\/uploads\/2022\/10\/Cartelera-18-de-Febrero-1.jpg?fit=798%2C347&ssl=1&resize=350%2C200","width":350,"height":200,"srcset":"https:\/\/i0.wp.com\/casadecampoliving.com\/wp-content\/uploads\/2022\/10\/Cartelera-18-de-Febrero-1.jpg?fit=798%2C347&ssl=1&resize=350%2C200 1x, https:\/\/i0.wp.com\/casadecampoliving.com\/wp-content\/uploads\/2022\/10\/Cartelera-18-de-Febrero-1.jpg?fit=798%2C347&ssl=1&resize=525%2C300 1.5x, https:\/\/i0.wp.com\/casadecampoliving.com\/wp-content\/uploads\/2022\/10\/Cartelera-18-de-Febrero-1.jpg?fit=798%2C347&ssl=1&resize=700%2C400 2x"},"classes":[]},{"id":349655,"url":"https:\/\/casadecampoliving.com\/es\/marina-casa-de-campo-cartelera-de-cine-21-27-de-abril\/","url_meta":{"origin":343004,"position":2},"title":"Marina Casa de Campo cartelera de cine: 21 &#8211; 27 de abril","author":"Felix Guerrero","date":"21 Abr, 2016","format":false,"excerpt":"Para esta semana, el cine de la Marina Casa de Campo nos trae dos\u00a0nuevas pel\u00edculas: \u201cMiracles From Heaven\u201d y\u00a0\u201cPawn Sacrifice\u201d. Mientras que en sala todav\u00eda tenemos:\u00a0\u201cEl Libro de la Selva\u201d. \u201cEl Libro de la Selva\u201dProyecciones: Lunes \u2013 Domingo,\u00a06:50pm & 9:10pm S\u00e1bado \u2013 Domingo, 4:30pm Sinopsis:\u00a0Un ni\u00f1o hu\u00e9rfano es criado en\u2026","rel":"","context":"En \u00abCine @es\u00bb","block_context":{"text":"Cine @es","link":"https:\/\/casadecampoliving.com\/es\/category\/cine-3\/"},"img":{"alt_text":"Cartelera 21 de Abril 2016","src":"https:\/\/i0.wp.com\/casadecampoliving.com\/wp-content\/uploads\/2022\/10\/Cartelera-21-de-Abril-2016-1.jpg?fit=800%2C347&ssl=1&resize=350%2C200","width":350,"height":200,"srcset":"https:\/\/i0.wp.com\/casadecampoliving.com\/wp-content\/uploads\/2022\/10\/Cartelera-21-de-Abril-2016-1.jpg?fit=800%2C347&ssl=1&resize=350%2C200 1x, https:\/\/i0.wp.com\/casadecampoliving.com\/wp-content\/uploads\/2022\/10\/Cartelera-21-de-Abril-2016-1.jpg?fit=800%2C347&ssl=1&resize=525%2C300 1.5x, https:\/\/i0.wp.com\/casadecampoliving.com\/wp-content\/uploads\/2022\/10\/Cartelera-21-de-Abril-2016-1.jpg?fit=800%2C347&ssl=1&resize=700%2C400 2x"},"classes":[]},{"id":350134,"url":"https:\/\/casadecampoliving.com\/es\/marina-casa-de-campo-cartelera-de-cine-7-13-de-julio\/","url_meta":{"origin":343004,"position":3},"title":"Marina Casa de Campo cartelera de cine: 7 &#8211; 13 de Julio","author":"Felix Guerrero","date":"6 Jul, 2016","format":false,"excerpt":"Para esta semana, el cine de la Marina Casa de Campo nos trae dos\u00a0nuevas pel\u00edculas: \u201cWarcraft\u201d y \u201cLa Era del Hielo 5: Choque de Mundos\u201d.\u00a0Mientras que en sala todav\u00eda tenemos:\u00a0\u201cBuscando a Dory\u201d y \u201cTe Amar\u00e9 Eternamente\u201d. \u201cWarcraft\u201cProyecciones: Lunes \u2013 Viernes, 6:55pm & 9:25pm S\u00e1bado \u2013 Domingo,\u00a04:20pm, 6:55pm & 9:25pm Sinopsis:\u00a0Mientras\u00a0una\u2026","rel":"","context":"En \u00abCine @es\u00bb","block_context":{"text":"Cine @es","link":"https:\/\/casadecampoliving.com\/es\/category\/cine-3\/"},"img":{"alt_text":"Cartelera 7 de Julio 2016","src":"https:\/\/i0.wp.com\/casadecampoliving.com\/wp-content\/uploads\/2022\/10\/Cartelera-7-de-Julio-2016-1.jpg?fit=800%2C348&ssl=1&resize=350%2C200","width":350,"height":200,"srcset":"https:\/\/i0.wp.com\/casadecampoliving.com\/wp-content\/uploads\/2022\/10\/Cartelera-7-de-Julio-2016-1.jpg?fit=800%2C348&ssl=1&resize=350%2C200 1x, https:\/\/i0.wp.com\/casadecampoliving.com\/wp-content\/uploads\/2022\/10\/Cartelera-7-de-Julio-2016-1.jpg?fit=800%2C348&ssl=1&resize=525%2C300 1.5x, https:\/\/i0.wp.com\/casadecampoliving.com\/wp-content\/uploads\/2022\/10\/Cartelera-7-de-Julio-2016-1.jpg?fit=800%2C348&ssl=1&resize=700%2C400 2x"},"classes":[]},{"id":349335,"url":"https:\/\/casadecampoliving.com\/es\/marina-casa-de-campo-cartelera-de-cine-3-9-de-marzo\/","url_meta":{"origin":343004,"position":4},"title":"Marina Casa de Campo cartelera de cine: 3 &#8211; 9 de marzo","author":"Felix Guerrero","date":"3 Mar, 2016","format":false,"excerpt":"Para esta semana, el cine de la Marina Casa de Campo nos trae dos\u00a0nuevas pel\u00edculas: \u201c13 Horas\u201d y\u00a0\u201cFreeheld\u201d\u00a0\u201cSecret In Their Eyes\u201d,\u00a0\u201cLa Verdad Duele\u201d y\u00a0\u201cSteve Jobs\u201d.\u00a0Mientras todav\u00eda en sala tenemos:\u00a0\u201cZootopia\u201d. \u201c13 Horas\u201dProyecciones: Lunes \u2013 Viernes, 6:50pm & 9:25pm S\u00e1bado \u2013 Domingo,\u00a04:20pm, 6:50pm & 9:25pm Sinopsis: Cuando el\u00a0embajador estadounidense es asesinado durante\u2026","rel":"","context":"En \u00abArte y cultura\u00bb","block_context":{"text":"Arte y cultura","link":"https:\/\/casadecampoliving.com\/category\/arte-y-cultura\/"},"img":{"alt_text":"Cartelera 3 de Marzo 2016","src":"https:\/\/i0.wp.com\/casadecampoliving.com\/wp-content\/uploads\/2022\/10\/Cartelera-3-de-Marzo-2016.jpg?fit=796%2C347&ssl=1&resize=350%2C200","width":350,"height":200,"srcset":"https:\/\/i0.wp.com\/casadecampoliving.com\/wp-content\/uploads\/2022\/10\/Cartelera-3-de-Marzo-2016.jpg?fit=796%2C347&ssl=1&resize=350%2C200 1x, https:\/\/i0.wp.com\/casadecampoliving.com\/wp-content\/uploads\/2022\/10\/Cartelera-3-de-Marzo-2016.jpg?fit=796%2C347&ssl=1&resize=525%2C300 1.5x, https:\/\/i0.wp.com\/casadecampoliving.com\/wp-content\/uploads\/2022\/10\/Cartelera-3-de-Marzo-2016.jpg?fit=796%2C347&ssl=1&resize=700%2C400 2x"},"classes":[]},{"id":349956,"url":"https:\/\/casadecampoliving.com\/es\/marina-casa-de-campo-cartelera-de-cine-2-8-de-junio-2\/","url_meta":{"origin":343004,"position":5},"title":"Marina Casa de Campo cartelera de cine: 2 &#8211; 8 de junio","author":"Felix Guerrero","date":"9 Jun, 2016","format":false,"excerpt":"Para esta semana, el cine de la Marina Casa de Campo nos trae dos\u00a0nuevas pel\u00edculas: \u201cLos Ilusionistas 2\u201d y\u00a0\u201cMe Before You\u201d.\u00a0Mientras que en sala todav\u00eda tenemos:\u00a0\u201cAlicia A Trav\u00e9s del Espejo\u201d\u00a0y\u00a0\u201cMoney Monster\u201d. \u201cLos Ilusionistas 2\u201dProyecciones: Lunes \u2013 Domingo, 6:55pm & 9:30pm S\u00e1bado \u2013 Domingo, 4:15pm, 6:55pm & 9:30pm Sinopsis: Los cuatro\u2026","rel":"","context":"En \u00abCine @es\u00bb","block_context":{"text":"Cine @es","link":"https:\/\/casadecampoliving.com\/es\/category\/cine-3\/"},"img":{"alt_text":"Cartelera 9 de Junio 2016","src":"https:\/\/i0.wp.com\/casadecampoliving.com\/wp-content\/uploads\/2022\/10\/Cartelera-9-de-Junio-2016-1.jpg?fit=800%2C347&ssl=1&resize=350%2C200","width":350,"height":200,"srcset":"https:\/\/i0.wp.com\/casadecampoliving.com\/wp-content\/uploads\/2022\/10\/Cartelera-9-de-Junio-2016-1.jpg?fit=800%2C347&ssl=1&resize=350%2C200 1x, https:\/\/i0.wp.com\/casadecampoliving.com\/wp-content\/uploads\/2022\/10\/Cartelera-9-de-Junio-2016-1.jpg?fit=800%2C347&ssl=1&resize=525%2C300 1.5x, https:\/\/i0.wp.com\/casadecampoliving.com\/wp-content\/uploads\/2022\/10\/Cartelera-9-de-Junio-2016-1.jpg?fit=800%2C347&ssl=1&resize=700%2C400 2x"},"classes":[]}],"jetpack_sharing_enabled":true,"_links":{"self":[{"href":"https:\/\/casadecampoliving.com\/es\/wp-json\/wp\/v2\/posts\/343004","targetHints":{"allow":["GET"]}}],"collection":[{"href":"https:\/\/casadecampoliving.com\/es\/wp-json\/wp\/v2\/posts"}],"about":[{"href":"https:\/\/casadecampoliving.com\/es\/wp-json\/wp\/v2\/types\/post"}],"author":[{"embeddable":true,"href":"https:\/\/casadecampoliving.com\/es\/wp-json\/wp\/v2\/users\/392"}],"replies":[{"embeddable":true,"href":"https:\/\/casadecampoliving.com\/es\/wp-json\/wp\/v2\/comments?post=343004"}],"version-history":[{"count":1,"href":"https:\/\/casadecampoliving.com\/es\/wp-json\/wp\/v2\/posts\/343004\/revisions"}],"predecessor-version":[{"id":343005,"href":"https:\/\/casadecampoliving.com\/es\/wp-json\/wp\/v2\/posts\/343004\/revisions\/343005"}],"wp:featuredmedia":[{"embeddable":true,"href":"https:\/\/casadecampoliving.com\/es\/wp-json\/wp\/v2\/media\/272819"}],"wp:attachment":[{"href":"https:\/\/casadecampoliving.com\/es\/wp-json\/wp\/v2\/media?parent=343004"}],"wp:term":[{"taxonomy":"category","embeddable":true,"href":"https:\/\/casadecampoliving.com\/es\/wp-json\/wp\/v2\/categories?post=343004"},{"taxonomy":"post_tag","embeddable":true,"href":"https:\/\/casadecampoliving.com\/es\/wp-json\/wp\/v2\/tags?post=343004"},{"taxonomy":"newspack_spnsrs_tax","embeddable":true,"href":"https:\/\/casadecampoliving.com\/es\/wp-json\/wp\/v2\/newspack_spnsrs_tax?post=343004"}],"curies":[{"name":"wp","href":"https:\/\/api.w.org\/{rel}","templated":true}]}}