{"id":342996,"date":"2013-10-01T00:00:00","date_gmt":"2013-10-01T04:00:00","guid":{"rendered":"https:\/\/casadecampoliving.com\/los-toros-comienzan-sus-entrenamientos\/"},"modified":"2022-10-21T18:52:42","modified_gmt":"2022-10-21T22:52:42","slug":"los-toros-comienzan-sus-entrenamientos","status":"publish","type":"post","link":"https:\/\/casadecampoliving.com\/es\/los-toros-comienzan-sus-entrenamientos\/","title":{"rendered":"Los Toros comienzan sus entrenamientos"},"content":{"rendered":"<div class=\"wp-block-image\">\n<figure class=\"aligncenter is-resized\"><img loading=\"lazy\" decoding=\"async\" src=\"https:\/\/i0.wp.com\/casadecampoliving.com\/wp-content\/uploads\/2022\/10\/Los_toros_del_este.jpg?resize=650%2C322&amp;ssl=1\" alt=\"Los Toros del Este\" class=\"wp-image-78730\" height=\"322\" width=\"650\"\/><\/figure>\n<\/div>\n\n\n<p>Los Toros del Este, el equipo de La Romana, abre sus ejercicios de pretemporada abocados a conquistar su tercer campeonato invernal.<\/p>\n\n\n\n<p>La franquicia Azucareros Toros del Este di\u00f3 apertura, el pasado lunes 30 de septiembre, a su campo de entrenamientos en el estadio Francisco Micheli, de La Romana, en preparaci\u00f3n para el venidero Campeonato de B\u00e9isbol Invernal 2013-2014, que se inaugura el viernes 18 de octubre.<\/p>\n\n\n\n<p>Los Toros, que presentan un nuevo cuerpo administrativo y t\u00e9cnico, por primera vez en su historia comienzan sus entrenamientos fuera del mes de Octubre, evidenciando que la organizaci\u00f3n cuenta con un nuevo programa de trabajo para enfrentar el reto de llevar al equipo hasta la postemporada.<\/p>\n\n\n\n<p>El primer d\u00eda de ejercicios, la escuadra cont\u00f3 con la presencia de un nutrido grupo de jugadores encabezados por Joselo D\u00edaz, estelar relevista quien tuvo una destacada actuaci\u00f3n en las ligas menores de los Estados Unidos, as\u00ed como a prometedores prospectos entre los cuales estuvieron C\u00e9sar Puello, Miguel de los Santos, Jos\u00e9 Capell\u00e1n y Andy Vasquez.<\/p>\n\n\n<div class=\"wp-block-image\">\n<figure class=\"aligncenter is-resized\"><img loading=\"lazy\" decoding=\"async\" src=\"https:\/\/i0.wp.com\/casadecampoliving.com\/wp-content\/uploads\/2022\/10\/Los_toros_del_este1.jpg?resize=650%2C328&amp;ssl=1\" alt=\"Los Toros del Este\" class=\"wp-image-78731\" height=\"328\" width=\"650\"\/><\/figure>\n<\/div>\n\n\n<p>Los calentamientos del primer d\u00eda, consistieron en estrechamiento, corridas, bateo, y soltura del brazo, as\u00ed como tomar contacto con la nueva grama del estadio para lograr la aclimataci\u00f3n con la superficie donde jugaran 25 partidos desde el domingo 20 del presente mes.<\/p>\n\n\n\n<p>Felix Francisco, gerente general, dio la bienvenida a los jugadores y p\u00fablico asistente, y de entrada pronunci\u00f3 una charla record\u00e1ndoles que el objetivo no es participar sino ganar el torneo, y que tienen que dar lo mejor de s\u00ed para alcanzar esa meta; estuvo acompa\u00f1ado por su personal t\u00e9cnico compuesto por Luis Silverio, Carlos Febles, Julio Bruno, Leonel V\u00e1squez, Frank Gonzalvo, Rafael Rijo y &nbsp;Carlos Henr\u00edquez.<\/p>\n\n\n\n<p>Los entrenamientos contin\u00faan este martes, y todos los d\u00edas, a partir de las 9:00 de la ma\u00f1ana, en el estadio Francisco Micheli.<\/p>\n\n\n\n<p><strong>Fotos:<\/strong><a href=\"http:\/\/lostorosdeleste.com\/\" target=\"_blank\" rel=\"noopener\">&nbsp;lostorosdeleste.com<\/a><\/p>\n","protected":false},"excerpt":{"rendered":"<p>Los Toros del Este, el equipo de La Romana, abre sus ejercicios de pretemporada abocados a conquistar su tercer campeonato invernal. La franquicia Azucareros Toros del Este di\u00f3 apertura, el pasado lunes 30 de septiembre, a su campo de entrenamientos en el estadio Francisco Micheli, de La Romana, en preparaci\u00f3n para el venidero Campeonato de [&hellip;]<\/p>\n","protected":false},"author":472,"featured_media":272600,"comment_status":"closed","ping_status":"closed","sticky":false,"template":"","format":"standard","meta":{"newspack_ads_suppress_ads":false,"newspack_popups_has_disabled_popups":false,"newspack_sponsor_sponsorship_scope":"","newspack_sponsor_native_byline_display":"inherit","newspack_sponsor_native_category_display":"inherit","newspack_sponsor_underwriter_style":"inherit","newspack_sponsor_underwriter_placement":"inherit","_newspack_byline_active":false,"_newspack_byline":"","newspack_hide_updated_date":false,"newspack_show_updated_date":false,"newspack_content_restriction_is_exempt":false,"newspack_featured_image_position":"","newspack_post_subtitle":"","newspack_article_summary_title":"Overview:","newspack_article_summary":"","_jetpack_memberships_contains_paid_content":false,"footnotes":"","jetpack_publicize_message":"","jetpack_publicize_feature_enabled":true,"jetpack_social_post_already_shared":false,"jetpack_social_options":{"image_generator_settings":{"template":"highway","default_image_id":0,"font":"","enabled":false},"version":2},"_wpas_customize_per_network":false},"categories":[2525,2524,14631,2522,2507,2506,14625,14627],"tags":[2582,14542,7664,6238,6239],"newspack_spnsrs_tax":[],"class_list":["post-342996","post","type-post","status-publish","format-standard","has-post-thumbnail","hentry","category-golf-deportes-es","category-destacados","category-estilo-de-vida","category-eventos-es","category-la-romana-es","category-mas-alla-de-casa-es","category-noticias-locales","category-proximamente","tag-francisco-micheli","tag-la-romana-es","tag-los-toros-es","tag-los-toros-del-este-es","tag-luis-emilio-rodriguez-es","entry"],"yoast_head":"<!-- This site is optimized with the Yoast SEO plugin v27.5 - https:\/\/yoast.com\/product\/yoast-seo-wordpress\/ -->\n<title>Los Toros comienzan sus entrenamientos | Casa de Campo Living<\/title>\n<meta name=\"description\" content=\"Los Toros del Este, el equipo de La Romana, abre sus ejercicios de pretemporada abocados a conquistar su tercer campeonato invernal. La franquicia\" \/>\n<meta name=\"robots\" content=\"index, follow, max-snippet:-1, max-image-preview:large, max-video-preview:-1\" \/>\n<link rel=\"canonical\" href=\"https:\/\/casadecampoliving.com\/es\/los-toros-comienzan-sus-entrenamientos\/\" \/>\n<meta property=\"og:locale\" content=\"es_ES\" \/>\n<meta property=\"og:type\" content=\"article\" \/>\n<meta property=\"og:title\" content=\"Los Toros comienzan sus entrenamientos | Casa de Campo Living\" \/>\n<meta property=\"og:description\" content=\"Los Toros del Este, el equipo de La Romana, abre sus ejercicios de pretemporada abocados a conquistar su tercer campeonato invernal. La franquicia\" \/>\n<meta property=\"og:url\" content=\"https:\/\/casadecampoliving.com\/es\/los-toros-comienzan-sus-entrenamientos\/\" \/>\n<meta property=\"og:site_name\" content=\"Casa de Campo Living\" \/>\n<meta property=\"article:publisher\" content=\"https:\/\/www.facebook.com\/casadecampoliving\" \/>\n<meta property=\"article:published_time\" content=\"2013-10-01T04:00:00+00:00\" \/>\n<meta property=\"article:modified_time\" content=\"2022-10-21T22:52:42+00:00\" \/>\n<meta property=\"og:image\" content=\"https:\/\/i0.wp.com\/casadecampoliving.com\/wp-content\/uploads\/2022\/10\/los_toros_del_este-6.jpg?fit=650%2C433&ssl=1\" \/>\n\t<meta property=\"og:image:width\" content=\"650\" \/>\n\t<meta property=\"og:image:height\" content=\"433\" \/>\n\t<meta property=\"og:image:type\" content=\"image\/jpeg\" \/>\n<meta name=\"author\" content=\"Fernando Concepci\u00f3n\" \/>\n<meta name=\"twitter:card\" content=\"summary_large_image\" \/>\n<meta name=\"twitter:creator\" content=\"@INMORTALESMag\" \/>\n<meta name=\"twitter:site\" content=\"@cdcliving\" \/>\n<meta name=\"twitter:label1\" content=\"Escrito por\" \/>\n\t<meta name=\"twitter:data1\" content=\"Fernando Concepci\u00f3n\" \/>\n\t<meta name=\"twitter:label2\" content=\"Tiempo de lectura\" \/>\n\t<meta name=\"twitter:data2\" content=\"2 minutos\" \/>\n<script type=\"application\/ld+json\" class=\"yoast-schema-graph\">{\"@context\":\"https:\\\/\\\/schema.org\",\"@graph\":[{\"@type\":\"Article\",\"@id\":\"https:\\\/\\\/casadecampoliving.com\\\/es\\\/los-toros-comienzan-sus-entrenamientos\\\/#article\",\"isPartOf\":{\"@id\":\"https:\\\/\\\/casadecampoliving.com\\\/es\\\/los-toros-comienzan-sus-entrenamientos\\\/\"},\"author\":{\"name\":\"Fernando Concepci\u00f3n\",\"@id\":\"https:\\\/\\\/casadecampoliving.com\\\/es\\\/#\\\/schema\\\/person\\\/fde90a0c6fe59bf348fb38d4dad682f4\"},\"headline\":\"Los Toros comienzan sus entrenamientos\",\"datePublished\":\"2013-10-01T04:00:00+00:00\",\"dateModified\":\"2022-10-21T22:52:42+00:00\",\"mainEntityOfPage\":{\"@id\":\"https:\\\/\\\/casadecampoliving.com\\\/es\\\/los-toros-comienzan-sus-entrenamientos\\\/\"},\"wordCount\":323,\"publisher\":{\"@id\":\"https:\\\/\\\/casadecampoliving.com\\\/es\\\/#organization\"},\"image\":{\"@id\":\"https:\\\/\\\/casadecampoliving.com\\\/es\\\/los-toros-comienzan-sus-entrenamientos\\\/#primaryimage\"},\"thumbnailUrl\":\"https:\\\/\\\/i0.wp.com\\\/casadecampoliving.com\\\/wp-content\\\/uploads\\\/2022\\\/10\\\/los_toros_del_este-6.jpg?fit=650%2C433&ssl=1\",\"keywords\":[\"francisco micheli\",\"La Romana @es\",\"los toros @es\",\"los toros del este @es\",\"luis emilio rodriguez @es\"],\"articleSection\":[\"Deportes\",\"Destacados\",\"Estilo de Vida\",\"Eventos\",\"La Romana @es\",\"M\u00e1s all\u00e1 de Casa\",\"Noticias Locales\",\"Proximamente\"],\"inLanguage\":\"es\"},{\"@type\":\"WebPage\",\"@id\":\"https:\\\/\\\/casadecampoliving.com\\\/es\\\/los-toros-comienzan-sus-entrenamientos\\\/\",\"url\":\"https:\\\/\\\/casadecampoliving.com\\\/es\\\/los-toros-comienzan-sus-entrenamientos\\\/\",\"name\":\"Los Toros comienzan sus entrenamientos | Casa de Campo Living\",\"isPartOf\":{\"@id\":\"https:\\\/\\\/casadecampoliving.com\\\/es\\\/#website\"},\"primaryImageOfPage\":{\"@id\":\"https:\\\/\\\/casadecampoliving.com\\\/es\\\/los-toros-comienzan-sus-entrenamientos\\\/#primaryimage\"},\"image\":{\"@id\":\"https:\\\/\\\/casadecampoliving.com\\\/es\\\/los-toros-comienzan-sus-entrenamientos\\\/#primaryimage\"},\"thumbnailUrl\":\"https:\\\/\\\/i0.wp.com\\\/casadecampoliving.com\\\/wp-content\\\/uploads\\\/2022\\\/10\\\/los_toros_del_este-6.jpg?fit=650%2C433&ssl=1\",\"datePublished\":\"2013-10-01T04:00:00+00:00\",\"dateModified\":\"2022-10-21T22:52:42+00:00\",\"description\":\"Los Toros del Este, el equipo de La Romana, abre sus ejercicios de pretemporada abocados a conquistar su tercer campeonato invernal. La franquicia\",\"breadcrumb\":{\"@id\":\"https:\\\/\\\/casadecampoliving.com\\\/es\\\/los-toros-comienzan-sus-entrenamientos\\\/#breadcrumb\"},\"inLanguage\":\"es\",\"potentialAction\":[{\"@type\":\"ReadAction\",\"target\":[\"https:\\\/\\\/casadecampoliving.com\\\/es\\\/los-toros-comienzan-sus-entrenamientos\\\/\"]}]},{\"@type\":\"ImageObject\",\"inLanguage\":\"es\",\"@id\":\"https:\\\/\\\/casadecampoliving.com\\\/es\\\/los-toros-comienzan-sus-entrenamientos\\\/#primaryimage\",\"url\":\"https:\\\/\\\/i0.wp.com\\\/casadecampoliving.com\\\/wp-content\\\/uploads\\\/2022\\\/10\\\/los_toros_del_este-6.jpg?fit=650%2C433&ssl=1\",\"contentUrl\":\"https:\\\/\\\/i0.wp.com\\\/casadecampoliving.com\\\/wp-content\\\/uploads\\\/2022\\\/10\\\/los_toros_del_este-6.jpg?fit=650%2C433&ssl=1\",\"width\":650,\"height\":433,\"caption\":\"Los Toros del Este\"},{\"@type\":\"BreadcrumbList\",\"@id\":\"https:\\\/\\\/casadecampoliving.com\\\/es\\\/los-toros-comienzan-sus-entrenamientos\\\/#breadcrumb\",\"itemListElement\":[{\"@type\":\"ListItem\",\"position\":1,\"name\":\"Home\",\"item\":\"https:\\\/\\\/casadecampoliving.com\\\/es\\\/\"},{\"@type\":\"ListItem\",\"position\":2,\"name\":\"Los Toros comienzan sus entrenamientos\"}]},{\"@type\":\"WebSite\",\"@id\":\"https:\\\/\\\/casadecampoliving.com\\\/es\\\/#website\",\"url\":\"https:\\\/\\\/casadecampoliving.com\\\/es\\\/\",\"name\":\"Casa de Campo Living\",\"description\":\"Resort community news and resources.\",\"publisher\":{\"@id\":\"https:\\\/\\\/casadecampoliving.com\\\/es\\\/#organization\"},\"potentialAction\":[{\"@type\":\"SearchAction\",\"target\":{\"@type\":\"EntryPoint\",\"urlTemplate\":\"https:\\\/\\\/casadecampoliving.com\\\/es\\\/?s={search_term_string}\"},\"query-input\":{\"@type\":\"PropertyValueSpecification\",\"valueRequired\":true,\"valueName\":\"search_term_string\"}}],\"inLanguage\":\"es\"},{\"@type\":\"Organization\",\"@id\":\"https:\\\/\\\/casadecampoliving.com\\\/es\\\/#organization\",\"name\":\"Casa de Campo Living\",\"url\":\"https:\\\/\\\/casadecampoliving.com\\\/es\\\/\",\"logo\":{\"@type\":\"ImageObject\",\"inLanguage\":\"es\",\"@id\":\"https:\\\/\\\/casadecampoliving.com\\\/es\\\/#\\\/schema\\\/logo\\\/image\\\/\",\"url\":\"https:\\\/\\\/i0.wp.com\\\/casadecampoliving.com\\\/wp-content\\\/uploads\\\/2022\\\/07\\\/CDCLivingLogo_V1-white-sized.png?fit=800%2C214&ssl=1\",\"contentUrl\":\"https:\\\/\\\/i0.wp.com\\\/casadecampoliving.com\\\/wp-content\\\/uploads\\\/2022\\\/07\\\/CDCLivingLogo_V1-white-sized.png?fit=800%2C214&ssl=1\",\"width\":800,\"height\":214,\"caption\":\"Casa de Campo Living\"},\"image\":{\"@id\":\"https:\\\/\\\/casadecampoliving.com\\\/es\\\/#\\\/schema\\\/logo\\\/image\\\/\"},\"sameAs\":[\"https:\\\/\\\/www.facebook.com\\\/casadecampoliving\",\"https:\\\/\\\/x.com\\\/cdcliving\"]},{\"@type\":\"Person\",\"@id\":\"https:\\\/\\\/casadecampoliving.com\\\/es\\\/#\\\/schema\\\/person\\\/fde90a0c6fe59bf348fb38d4dad682f4\",\"name\":\"Fernando Concepci\u00f3n\",\"image\":{\"@type\":\"ImageObject\",\"inLanguage\":\"es\",\"@id\":\"https:\\\/\\\/secure.gravatar.com\\\/avatar\\\/ff4803c17595ae337dfe26ac6f15c183d3877ea31ba8a7cf29d6f43ef063a0dd?s=96&d=mm&r=g\",\"url\":\"https:\\\/\\\/secure.gravatar.com\\\/avatar\\\/ff4803c17595ae337dfe26ac6f15c183d3877ea31ba8a7cf29d6f43ef063a0dd?s=96&d=mm&r=g\",\"contentUrl\":\"https:\\\/\\\/secure.gravatar.com\\\/avatar\\\/ff4803c17595ae337dfe26ac6f15c183d3877ea31ba8a7cf29d6f43ef063a0dd?s=96&d=mm&r=g\",\"caption\":\"Fernando Concepci\u00f3n\"},\"sameAs\":[\"https:\\\/\\\/x.com\\\/@INMORTALESMag\"],\"url\":\"https:\\\/\\\/casadecampoliving.com\\\/es\\\/author\\\/fconcepcion\\\/\"}]}<\/script>\n<!-- \/ Yoast SEO plugin. -->","yoast_head_json":{"title":"Los Toros comienzan sus entrenamientos | Casa de Campo Living","description":"Los Toros del Este, el equipo de La Romana, abre sus ejercicios de pretemporada abocados a conquistar su tercer campeonato invernal. La franquicia","robots":{"index":"index","follow":"follow","max-snippet":"max-snippet:-1","max-image-preview":"max-image-preview:large","max-video-preview":"max-video-preview:-1"},"canonical":"https:\/\/casadecampoliving.com\/es\/los-toros-comienzan-sus-entrenamientos\/","og_locale":"es_ES","og_type":"article","og_title":"Los Toros comienzan sus entrenamientos | Casa de Campo Living","og_description":"Los Toros del Este, el equipo de La Romana, abre sus ejercicios de pretemporada abocados a conquistar su tercer campeonato invernal. La franquicia","og_url":"https:\/\/casadecampoliving.com\/es\/los-toros-comienzan-sus-entrenamientos\/","og_site_name":"Casa de Campo Living","article_publisher":"https:\/\/www.facebook.com\/casadecampoliving","article_published_time":"2013-10-01T04:00:00+00:00","article_modified_time":"2022-10-21T22:52:42+00:00","og_image":[{"width":650,"height":433,"url":"https:\/\/i0.wp.com\/casadecampoliving.com\/wp-content\/uploads\/2022\/10\/los_toros_del_este-6.jpg?fit=650%2C433&ssl=1","type":"image\/jpeg"}],"author":"Fernando Concepci\u00f3n","twitter_card":"summary_large_image","twitter_creator":"@INMORTALESMag","twitter_site":"@cdcliving","twitter_misc":{"Escrito por":"Fernando Concepci\u00f3n","Tiempo de lectura":"2 minutos"},"schema":{"@context":"https:\/\/schema.org","@graph":[{"@type":"Article","@id":"https:\/\/casadecampoliving.com\/es\/los-toros-comienzan-sus-entrenamientos\/#article","isPartOf":{"@id":"https:\/\/casadecampoliving.com\/es\/los-toros-comienzan-sus-entrenamientos\/"},"author":{"name":"Fernando Concepci\u00f3n","@id":"https:\/\/casadecampoliving.com\/es\/#\/schema\/person\/fde90a0c6fe59bf348fb38d4dad682f4"},"headline":"Los Toros comienzan sus entrenamientos","datePublished":"2013-10-01T04:00:00+00:00","dateModified":"2022-10-21T22:52:42+00:00","mainEntityOfPage":{"@id":"https:\/\/casadecampoliving.com\/es\/los-toros-comienzan-sus-entrenamientos\/"},"wordCount":323,"publisher":{"@id":"https:\/\/casadecampoliving.com\/es\/#organization"},"image":{"@id":"https:\/\/casadecampoliving.com\/es\/los-toros-comienzan-sus-entrenamientos\/#primaryimage"},"thumbnailUrl":"https:\/\/i0.wp.com\/casadecampoliving.com\/wp-content\/uploads\/2022\/10\/los_toros_del_este-6.jpg?fit=650%2C433&ssl=1","keywords":["francisco micheli","La Romana @es","los toros @es","los toros del este @es","luis emilio rodriguez @es"],"articleSection":["Deportes","Destacados","Estilo de Vida","Eventos","La Romana @es","M\u00e1s all\u00e1 de Casa","Noticias Locales","Proximamente"],"inLanguage":"es"},{"@type":"WebPage","@id":"https:\/\/casadecampoliving.com\/es\/los-toros-comienzan-sus-entrenamientos\/","url":"https:\/\/casadecampoliving.com\/es\/los-toros-comienzan-sus-entrenamientos\/","name":"Los Toros comienzan sus entrenamientos | Casa de Campo Living","isPartOf":{"@id":"https:\/\/casadecampoliving.com\/es\/#website"},"primaryImageOfPage":{"@id":"https:\/\/casadecampoliving.com\/es\/los-toros-comienzan-sus-entrenamientos\/#primaryimage"},"image":{"@id":"https:\/\/casadecampoliving.com\/es\/los-toros-comienzan-sus-entrenamientos\/#primaryimage"},"thumbnailUrl":"https:\/\/i0.wp.com\/casadecampoliving.com\/wp-content\/uploads\/2022\/10\/los_toros_del_este-6.jpg?fit=650%2C433&ssl=1","datePublished":"2013-10-01T04:00:00+00:00","dateModified":"2022-10-21T22:52:42+00:00","description":"Los Toros del Este, el equipo de La Romana, abre sus ejercicios de pretemporada abocados a conquistar su tercer campeonato invernal. La franquicia","breadcrumb":{"@id":"https:\/\/casadecampoliving.com\/es\/los-toros-comienzan-sus-entrenamientos\/#breadcrumb"},"inLanguage":"es","potentialAction":[{"@type":"ReadAction","target":["https:\/\/casadecampoliving.com\/es\/los-toros-comienzan-sus-entrenamientos\/"]}]},{"@type":"ImageObject","inLanguage":"es","@id":"https:\/\/casadecampoliving.com\/es\/los-toros-comienzan-sus-entrenamientos\/#primaryimage","url":"https:\/\/i0.wp.com\/casadecampoliving.com\/wp-content\/uploads\/2022\/10\/los_toros_del_este-6.jpg?fit=650%2C433&ssl=1","contentUrl":"https:\/\/i0.wp.com\/casadecampoliving.com\/wp-content\/uploads\/2022\/10\/los_toros_del_este-6.jpg?fit=650%2C433&ssl=1","width":650,"height":433,"caption":"Los Toros del Este"},{"@type":"BreadcrumbList","@id":"https:\/\/casadecampoliving.com\/es\/los-toros-comienzan-sus-entrenamientos\/#breadcrumb","itemListElement":[{"@type":"ListItem","position":1,"name":"Home","item":"https:\/\/casadecampoliving.com\/es\/"},{"@type":"ListItem","position":2,"name":"Los Toros comienzan sus entrenamientos"}]},{"@type":"WebSite","@id":"https:\/\/casadecampoliving.com\/es\/#website","url":"https:\/\/casadecampoliving.com\/es\/","name":"Casa de Campo Living","description":"Resort community news and resources.","publisher":{"@id":"https:\/\/casadecampoliving.com\/es\/#organization"},"potentialAction":[{"@type":"SearchAction","target":{"@type":"EntryPoint","urlTemplate":"https:\/\/casadecampoliving.com\/es\/?s={search_term_string}"},"query-input":{"@type":"PropertyValueSpecification","valueRequired":true,"valueName":"search_term_string"}}],"inLanguage":"es"},{"@type":"Organization","@id":"https:\/\/casadecampoliving.com\/es\/#organization","name":"Casa de Campo Living","url":"https:\/\/casadecampoliving.com\/es\/","logo":{"@type":"ImageObject","inLanguage":"es","@id":"https:\/\/casadecampoliving.com\/es\/#\/schema\/logo\/image\/","url":"https:\/\/i0.wp.com\/casadecampoliving.com\/wp-content\/uploads\/2022\/07\/CDCLivingLogo_V1-white-sized.png?fit=800%2C214&ssl=1","contentUrl":"https:\/\/i0.wp.com\/casadecampoliving.com\/wp-content\/uploads\/2022\/07\/CDCLivingLogo_V1-white-sized.png?fit=800%2C214&ssl=1","width":800,"height":214,"caption":"Casa de Campo Living"},"image":{"@id":"https:\/\/casadecampoliving.com\/es\/#\/schema\/logo\/image\/"},"sameAs":["https:\/\/www.facebook.com\/casadecampoliving","https:\/\/x.com\/cdcliving"]},{"@type":"Person","@id":"https:\/\/casadecampoliving.com\/es\/#\/schema\/person\/fde90a0c6fe59bf348fb38d4dad682f4","name":"Fernando Concepci\u00f3n","image":{"@type":"ImageObject","inLanguage":"es","@id":"https:\/\/secure.gravatar.com\/avatar\/ff4803c17595ae337dfe26ac6f15c183d3877ea31ba8a7cf29d6f43ef063a0dd?s=96&d=mm&r=g","url":"https:\/\/secure.gravatar.com\/avatar\/ff4803c17595ae337dfe26ac6f15c183d3877ea31ba8a7cf29d6f43ef063a0dd?s=96&d=mm&r=g","contentUrl":"https:\/\/secure.gravatar.com\/avatar\/ff4803c17595ae337dfe26ac6f15c183d3877ea31ba8a7cf29d6f43ef063a0dd?s=96&d=mm&r=g","caption":"Fernando Concepci\u00f3n"},"sameAs":["https:\/\/x.com\/@INMORTALESMag"],"url":"https:\/\/casadecampoliving.com\/es\/author\/fconcepcion\/"}]}},"parsely":{"version":"1.1.0","canonical_url":"https:\/\/casadecampoliving.com\/es\/los-toros-comienzan-sus-entrenamientos\/","smart_links":{"inbound":0,"outbound":0},"traffic_boost_suggestions_count":0,"meta":{"@context":"https:\/\/schema.org","@type":"NewsArticle","headline":"Los Toros comienzan sus entrenamientos","url":"http:\/\/casadecampoliving.com\/es\/los-toros-comienzan-sus-entrenamientos\/","mainEntityOfPage":{"@type":"WebPage","@id":"http:\/\/casadecampoliving.com\/es\/los-toros-comienzan-sus-entrenamientos\/"},"thumbnailUrl":"https:\/\/i0.wp.com\/casadecampoliving.com\/wp-content\/uploads\/2022\/10\/los_toros_del_este-6.jpg?resize=150%2C150&ssl=1","image":{"@type":"ImageObject","url":"https:\/\/i0.wp.com\/casadecampoliving.com\/wp-content\/uploads\/2022\/10\/los_toros_del_este-6.jpg?fit=650%2C433&ssl=1"},"articleSection":"Deportes","author":[{"@type":"Person","name":"Fernando Concepci\u00f3n"}],"creator":["Fernando Concepci\u00f3n"],"publisher":{"@type":"Organization","name":"Casa de Campo Living","logo":"https:\/\/casadecampoliving.com\/wp-content\/uploads\/2022\/07\/CDCLivingLogo_V1-white-sized.png"},"keywords":["francisco micheli","la romana @es","los toros @es","los toros del este @es","luis emilio rodriguez @es"],"dateCreated":"2013-10-01T04:00:00Z","datePublished":"2013-10-01T04:00:00Z","dateModified":"2022-10-21T22:52:42Z"},"rendered":"<script type=\"application\/ld+json\" class=\"wp-parsely-metadata\">{\"@context\":\"https:\\\/\\\/schema.org\",\"@type\":\"NewsArticle\",\"headline\":\"Los Toros comienzan sus entrenamientos\",\"url\":\"http:\\\/\\\/casadecampoliving.com\\\/es\\\/los-toros-comienzan-sus-entrenamientos\\\/\",\"mainEntityOfPage\":{\"@type\":\"WebPage\",\"@id\":\"http:\\\/\\\/casadecampoliving.com\\\/es\\\/los-toros-comienzan-sus-entrenamientos\\\/\"},\"thumbnailUrl\":\"https:\\\/\\\/i0.wp.com\\\/casadecampoliving.com\\\/wp-content\\\/uploads\\\/2022\\\/10\\\/los_toros_del_este-6.jpg?resize=150%2C150&ssl=1\",\"image\":{\"@type\":\"ImageObject\",\"url\":\"https:\\\/\\\/i0.wp.com\\\/casadecampoliving.com\\\/wp-content\\\/uploads\\\/2022\\\/10\\\/los_toros_del_este-6.jpg?fit=650%2C433&ssl=1\"},\"articleSection\":\"Deportes\",\"author\":[{\"@type\":\"Person\",\"name\":\"Fernando Concepci\\u00f3n\"}],\"creator\":[\"Fernando Concepci\\u00f3n\"],\"publisher\":{\"@type\":\"Organization\",\"name\":\"Casa de Campo Living\",\"logo\":\"https:\\\/\\\/casadecampoliving.com\\\/wp-content\\\/uploads\\\/2022\\\/07\\\/CDCLivingLogo_V1-white-sized.png\"},\"keywords\":[\"francisco micheli\",\"la romana @es\",\"los toros @es\",\"los toros del este @es\",\"luis emilio rodriguez @es\"],\"dateCreated\":\"2013-10-01T04:00:00Z\",\"datePublished\":\"2013-10-01T04:00:00Z\",\"dateModified\":\"2022-10-21T22:52:42Z\"}<\/script>","tracker_url":"https:\/\/cdn.parsely.com\/keys\/casadecampoliving.com\/p.js"},"jetpack_publicize_connections":[],"jetpack_featured_media_url":"https:\/\/i0.wp.com\/casadecampoliving.com\/wp-content\/uploads\/2022\/10\/los_toros_del_este-6.jpg?fit=650%2C433&ssl=1","jetpack-related-posts":[{"id":352041,"url":"https:\/\/casadecampoliving.com\/es\/apoya-a-los-toros-del-este-esta-temporada-de-beisbol-2017-2018\/","url_meta":{"origin":342996,"position":0},"title":"El equipo de b\u00e9isbol de Los Toros ha comenzado a entrenar &#8211; \u00a1Apoya a nuestro equipo local esta temporada de b\u00e9isbol 2017-2018!","author":"Marlenys Guzm\u00e1n Casta\u00f1os","date":"30 Sep, 2017","format":false,"excerpt":"\u00a1Atenci\u00f3n aficionados al b\u00e9isbol! \u00bfEst\u00e1n listos para la temporada de b\u00e9isbol de este a\u00f1o? El pasado lunes 25 de septiembre, despu\u00e9s de algunos contratiempos debido a las alertas de hurac\u00e1n que hemos tenido recientemente, los Toros del Este comenzaron su entrenamiento para la nueva temporada de b\u00e9isbol invernal en la\u2026","rel":"","context":"En \u00abDeportes\u00bb","block_context":{"text":"Deportes","link":"https:\/\/casadecampoliving.com\/es\/category\/golf-deportes-es\/"},"img":{"alt_text":"","src":"https:\/\/i0.wp.com\/casadecampoliving.com\/wp-content\/uploads\/2022\/10\/37292086816_b2a39b0bb4_o.jpg?fit=1000%2C600&ssl=1&resize=350%2C200","width":350,"height":200,"srcset":"https:\/\/i0.wp.com\/casadecampoliving.com\/wp-content\/uploads\/2022\/10\/37292086816_b2a39b0bb4_o.jpg?fit=1000%2C600&ssl=1&resize=350%2C200 1x, https:\/\/i0.wp.com\/casadecampoliving.com\/wp-content\/uploads\/2022\/10\/37292086816_b2a39b0bb4_o.jpg?fit=1000%2C600&ssl=1&resize=525%2C300 1.5x, https:\/\/i0.wp.com\/casadecampoliving.com\/wp-content\/uploads\/2022\/10\/37292086816_b2a39b0bb4_o.jpg?fit=1000%2C600&ssl=1&resize=700%2C400 2x"},"classes":[]},{"id":350482,"url":"https:\/\/casadecampoliving.com\/es\/toros-del-este-temporada-invernal-beisbol\/","url_meta":{"origin":342996,"position":1},"title":"\u00a1Pronto comenzar\u00e1 la temporada de beisbol invernal dominicana! \u00a1Apoyemos a nuestros Toros del Este!","author":"Marlenys Guzm\u00e1n Casta\u00f1os","date":"10 Sep, 2016","format":false,"excerpt":"Es el momento de sacar su\u00a0ropa\u00a0de color naranja y prep\u00e1rense para animar a nuestro equipo local de b\u00e9isbol, \u00a1los Toros del Este! La temporada de b\u00e9isbol invernal dominicano 2016-2017 est\u00e1 a la vuelta de la esquina. Este campeonato iniciar\u00e1 oficialmente el jueves, 20 de octubre con el primer juego a\u2026","rel":"","context":"En \u00abDeportes\u00bb","block_context":{"text":"Deportes","link":"https:\/\/casadecampoliving.com\/es\/category\/golf-deportes-es\/"},"img":{"alt_text":"","src":"https:\/\/i0.wp.com\/casadecampoliving.com\/wp-content\/uploads\/2022\/10\/Toros-del-Este-1-1.jpg?fit=1000%2C600&ssl=1&resize=350%2C200","width":350,"height":200,"srcset":"https:\/\/i0.wp.com\/casadecampoliving.com\/wp-content\/uploads\/2022\/10\/Toros-del-Este-1-1.jpg?fit=1000%2C600&ssl=1&resize=350%2C200 1x, https:\/\/i0.wp.com\/casadecampoliving.com\/wp-content\/uploads\/2022\/10\/Toros-del-Este-1-1.jpg?fit=1000%2C600&ssl=1&resize=525%2C300 1.5x, https:\/\/i0.wp.com\/casadecampoliving.com\/wp-content\/uploads\/2022\/10\/Toros-del-Este-1-1.jpg?fit=1000%2C600&ssl=1&resize=700%2C400 2x"},"classes":[]},{"id":345476,"url":"https:\/\/casadecampoliving.com\/es\/inicio-de-la-temporada-dominicana-de-beisbol\/","url_meta":{"origin":342996,"position":2},"title":"\u00a1Inicio de la temporada dominicana de b\u00e9isbol!","author":"Maria Isabel B\u00e1ez","date":"4 Oct, 2014","format":false,"excerpt":"Preparados, listos\u2026 \u00a1A jugar pelota! Tengan cerca sus cornetas y atuendos color naranja porque la Temporada de B\u00e9isbol Invernal Dominicano 2014-2015 est\u00e1 a la vuelta de la esquina. El jueves 16 de octubre se dar\u00e1 inicio a este campeonato y \u00bfqu\u00e9 mejor lugar para llevar a cabo el primer juego\u2026","rel":"","context":"En \u00abCasa de Campo Living @es\u00bb","block_context":{"text":"Casa de Campo Living @es","link":"https:\/\/casadecampoliving.com\/category\/casa-de-campo-living-es\/"},"img":{"alt_text":"","src":"https:\/\/i0.wp.com\/casadecampoliving.com\/wp-content\/uploads\/2022\/10\/Toros-del-Este-4-1.jpg?fit=800%2C545&ssl=1&resize=350%2C200","width":350,"height":200,"srcset":"https:\/\/i0.wp.com\/casadecampoliving.com\/wp-content\/uploads\/2022\/10\/Toros-del-Este-4-1.jpg?fit=800%2C545&ssl=1&resize=350%2C200 1x, https:\/\/i0.wp.com\/casadecampoliving.com\/wp-content\/uploads\/2022\/10\/Toros-del-Este-4-1.jpg?fit=800%2C545&ssl=1&resize=525%2C300 1.5x, https:\/\/i0.wp.com\/casadecampoliving.com\/wp-content\/uploads\/2022\/10\/Toros-del-Este-4-1.jpg?fit=800%2C545&ssl=1&resize=700%2C400 2x"},"classes":[]},{"id":346805,"url":"https:\/\/casadecampoliving.com\/es\/los-toros-anuncian-felix-fermin-como-su-nuevo-dirigente\/","url_meta":{"origin":342996,"position":3},"title":"Los Toros anuncian a F\u00e9lix Ferm\u00edn como su nuevo dirigente","author":"Perkin Agramonte","date":"17 Feb, 2015","format":false,"excerpt":"Los Toros del Este han decidido poner en pr\u00e1ctica ese famoso refr\u00e1n que dice, \u201cal que madruga Dios le ayuda\u201d, y han anunciado al dominicano F\u00e9lix Ferm\u00edn como su nuevo dirigente a pocas de semanas de haber finalizado el torneo invernal de la Rep\u00fablica Dominicana. El anuncio fue realizado por\u2026","rel":"","context":"En \u00abDeportes\u00bb","block_context":{"text":"Deportes","link":"https:\/\/casadecampoliving.com\/es\/category\/golf-deportes-es\/"},"img":{"alt_text":"Fermin Toros Manager","src":"https:\/\/i0.wp.com\/casadecampoliving.com\/wp-content\/uploads\/2022\/10\/fermin-manager1.jpg?fit=587%2C344&ssl=1&resize=350%2C200","width":350,"height":200,"srcset":"https:\/\/i0.wp.com\/casadecampoliving.com\/wp-content\/uploads\/2022\/10\/fermin-manager1.jpg?fit=587%2C344&ssl=1&resize=350%2C200 1x, https:\/\/i0.wp.com\/casadecampoliving.com\/wp-content\/uploads\/2022\/10\/fermin-manager1.jpg?fit=587%2C344&ssl=1&resize=525%2C300 1.5x"},"classes":[]},{"id":353563,"url":"https:\/\/casadecampoliving.com\/es\/la-temporada-dominicana-de-beisbol-2019-2020-comenzara-pronto-apoya-a-nuestros-toros-del-este\/","url_meta":{"origin":342996,"position":4},"title":"\u00a1La temporada dominicana de b\u00e9isbol 2019-2020 comenzar\u00e1 pronto! \u00a1Apoya a nuestros Toros del Este!","author":"Casa de Campo Living","date":"3 Oct, 2019","format":false,"excerpt":"Preparados, listos\u2026 \u00a1A jugar pelota! Mantenga cerca sus atuendos y cornetas anaranjados, porque la temporada dominicana de b\u00e9isbol de invierno 2019-2020 est\u00e1 a la vuelta de la esquina. El campeonato comenzar\u00e1 oficialmente el s\u00e1bado 12 de octubre, con el primer juego en Santo Domingo, Licey vs. Leones del Escogido a\u2026","rel":"","context":"En \u00abDeportes\u00bb","block_context":{"text":"Deportes","link":"https:\/\/casadecampoliving.com\/es\/category\/golf-deportes-es\/"},"img":{"alt_text":"","src":"https:\/\/i0.wp.com\/casadecampoliving.com\/wp-content\/uploads\/2022\/10\/DSC_0704_2-Toros-del-este.jpg?fit=1000%2C601&ssl=1&resize=350%2C200","width":350,"height":200,"srcset":"https:\/\/i0.wp.com\/casadecampoliving.com\/wp-content\/uploads\/2022\/10\/DSC_0704_2-Toros-del-este.jpg?fit=1000%2C601&ssl=1&resize=350%2C200 1x, https:\/\/i0.wp.com\/casadecampoliving.com\/wp-content\/uploads\/2022\/10\/DSC_0704_2-Toros-del-este.jpg?fit=1000%2C601&ssl=1&resize=525%2C300 1.5x, https:\/\/i0.wp.com\/casadecampoliving.com\/wp-content\/uploads\/2022\/10\/DSC_0704_2-Toros-del-este.jpg?fit=1000%2C601&ssl=1&resize=700%2C400 2x"},"classes":[]},{"id":354569,"url":"https:\/\/casadecampoliving.com\/es\/pronto-comenzara-la-temporada-de-beisbol-dominicano-2022-2023-apoyemos-a-nuestros-toros-del-este\/","url_meta":{"origin":342996,"position":5},"title":"\u00a1Pronto comenzar\u00e1 la temporada de b\u00e9isbol dominicano 2022-2023! \u00a1Apoyemos a nuestros Toros del Este!","author":"Casa de Campo Living","date":"7 Oct, 2022","format":false,"excerpt":"\u00a1Atenci\u00f3n fan\u00e1ticos del b\u00e9isbol! \u00bfEst\u00e1n listo para la temporada de b\u00e9isbol de este a\u00f1o? Mantengan cerca sus conjuntos naranjas, banderines y bocinas, porque la temporada de B\u00e9isbol Invernal Dominicano 2022-2023 est\u00e1 a la vuelta de la esquina. El campeonato comenzar\u00e1 oficialmente el s\u00e1bado 15 de octubre, siendo el primer partido\u2026","rel":"","context":"En \u00abCasa de Campo Living @es\u00bb","block_context":{"text":"Casa de Campo Living @es","link":"https:\/\/casadecampoliving.com\/category\/casa-de-campo-living-es\/"},"img":{"alt_text":"","src":"https:\/\/i0.wp.com\/casadecampoliving.com\/wp-content\/uploads\/2022\/10\/i-HWmwd8D-L-1.jpg?fit=800%2C532&ssl=1&resize=350%2C200","width":350,"height":200,"srcset":"https:\/\/i0.wp.com\/casadecampoliving.com\/wp-content\/uploads\/2022\/10\/i-HWmwd8D-L-1.jpg?fit=800%2C532&ssl=1&resize=350%2C200 1x, https:\/\/i0.wp.com\/casadecampoliving.com\/wp-content\/uploads\/2022\/10\/i-HWmwd8D-L-1.jpg?fit=800%2C532&ssl=1&resize=525%2C300 1.5x, https:\/\/i0.wp.com\/casadecampoliving.com\/wp-content\/uploads\/2022\/10\/i-HWmwd8D-L-1.jpg?fit=800%2C532&ssl=1&resize=700%2C400 2x"},"classes":[]}],"jetpack_sharing_enabled":true,"_links":{"self":[{"href":"https:\/\/casadecampoliving.com\/es\/wp-json\/wp\/v2\/posts\/342996","targetHints":{"allow":["GET"]}}],"collection":[{"href":"https:\/\/casadecampoliving.com\/es\/wp-json\/wp\/v2\/posts"}],"about":[{"href":"https:\/\/casadecampoliving.com\/es\/wp-json\/wp\/v2\/types\/post"}],"author":[{"embeddable":true,"href":"https:\/\/casadecampoliving.com\/es\/wp-json\/wp\/v2\/users\/472"}],"replies":[{"embeddable":true,"href":"https:\/\/casadecampoliving.com\/es\/wp-json\/wp\/v2\/comments?post=342996"}],"version-history":[{"count":1,"href":"https:\/\/casadecampoliving.com\/es\/wp-json\/wp\/v2\/posts\/342996\/revisions"}],"predecessor-version":[{"id":342997,"href":"https:\/\/casadecampoliving.com\/es\/wp-json\/wp\/v2\/posts\/342996\/revisions\/342997"}],"wp:featuredmedia":[{"embeddable":true,"href":"https:\/\/casadecampoliving.com\/es\/wp-json\/wp\/v2\/media\/272600"}],"wp:attachment":[{"href":"https:\/\/casadecampoliving.com\/es\/wp-json\/wp\/v2\/media?parent=342996"}],"wp:term":[{"taxonomy":"category","embeddable":true,"href":"https:\/\/casadecampoliving.com\/es\/wp-json\/wp\/v2\/categories?post=342996"},{"taxonomy":"post_tag","embeddable":true,"href":"https:\/\/casadecampoliving.com\/es\/wp-json\/wp\/v2\/tags?post=342996"},{"taxonomy":"newspack_spnsrs_tax","embeddable":true,"href":"https:\/\/casadecampoliving.com\/es\/wp-json\/wp\/v2\/newspack_spnsrs_tax?post=342996"}],"curies":[{"name":"wp","href":"https:\/\/api.w.org\/{rel}","templated":true}]}}