{"id":342994,"date":"2013-10-01T00:00:00","date_gmt":"2013-10-01T04:00:00","guid":{"rendered":"https:\/\/casadecampoliving.com\/las-boletas-para-el-concierto-del-sol-disponibles-en-la-fundacion-mir\/"},"modified":"2022-10-21T18:52:37","modified_gmt":"2022-10-21T22:52:37","slug":"las-boletas-para-el-concierto-del-sol-disponibles-en-la-fundacion-mir","status":"publish","type":"post","link":"https:\/\/casadecampoliving.com\/es\/las-boletas-para-el-concierto-del-sol-disponibles-en-la-fundacion-mir\/","title":{"rendered":"Las boletas para el concierto del \u00abSol\u00bb disponibles en la Fundaci\u00f3n MIR"},"content":{"rendered":"<div class=\"wp-block-image\">\n<figure class=\"aligncenter is-resized\"><img loading=\"lazy\" decoding=\"async\" src=\"https:\/\/i0.wp.com\/casadecampoliving.com\/wp-content\/uploads\/2022\/10\/fundacion_MIR-39.jpg?resize=650%2C515&amp;ssl=1\" alt=\"Fundacion MIR\" class=\"wp-image-78704\" height=\"515\" width=\"650\"\/><\/figure>\n<\/div>\n\n\n<p>\u00a1Muy buenas noticias! Las entradas para el conciertos de Luis Miguel no solo est\u00e1n a la venta en Casa de Campo \u2013 sino tambi\u00e9n en las oficina de la Fundaci\u00f3n MIR en Altos de Chav\u00f3n \u2013 un 10% de las ventas de estas entradas realizadas en las oficinas de la Fundaci\u00f3n Mir, se usaran para esta fabulosa obra de caridad que dirige 3 escuelas en La Romana.<\/p>\n\n\n<div class=\"wp-block-image\">\n<figure class=\"alignright is-resized\"><img loading=\"lazy\" decoding=\"async\" src=\"https:\/\/i0.wp.com\/casadecampoliving.com\/wp-content\/uploads\/2022\/10\/fundacion_MIR1-20.jpg?resize=300%2C478&amp;ssl=1\" alt=\"Fundacion MIR\" class=\"wp-image-78705\" height=\"478\" width=\"300\"\/><\/figure>\n<\/div>\n\n\n<p>Las entradas para el concierto de Luis Miguel programado para <strong>el s\u00e1bado 2 de noviembre a las 8 pm<\/strong> en el Anfiteatro de Altos de Chav\u00f3n en Casa de Campo, ya est\u00e1n a la venta (v\u00e9ase abajo para los precios) \u2013 en la oficina de la Fundaci\u00f3n MIR en Altos de Chav\u00f3n, que recibir\u00e1 un 10% de las ventas que hagan. Las entradas tambi\u00e9n est\u00e1n a la venta en otros lugares de Santo Domingo y La Romana (ver detalles m\u00e1s abajo) -, pero le instamos a comprar sus boletos directamente en la Fundaci\u00f3n MIR \u2013 ya que solo en esta instituci\u00f3n el porcentaje de todas las ventas realizadas; ser\u00e1 donado a la Fundaci\u00f3n MIR.<\/p>\n\n\n\n<p>Esta ser\u00e1 la segunda aparici\u00f3n del \u201cSol\u201d en el Anfiteatro de Altos de Chav\u00f3n, despu\u00e9s de haber estado por ultima vez en escenario en diciembre del&nbsp;a\u00f1o&nbsp;2002.<\/p>\n\n\n\n<p>Considerado un icono en Latinoam\u00e9rica, a Luis Miguel en M\u00e9jico se le conoce como \u201cEl Sol de M\u00e9xico\u201d o \u201cEl Sol\u201d \u201cThe Hits Tour\u201d es tan popular \u00a1considerando que solo tiene 3 a\u00f1os! A partir de septiembre de 2010, Luis Miguel ha viajado por todo el mundo actuando en m\u00e1s de 160 conciertos. \u201cEl Tour Hits\u201d es para promocionar su \u00e1lbum \u201cLuis Miguel\u201d, lanzado en septiembre de 2010, y es una celebraci\u00f3n del cantante que ha estado por m\u00e1s de 30 a\u00f1os en el negocio de la m\u00fasica, lo que significa que podemos esperar escucharlo cantar sus \u00e9xitos m\u00e1s populares y famosos como, \u201cSomos Novios\u201d, \u201cO Tu O Ninguna\u201d, \u201cEl Rey\u201d, \u201cTe Necesito\u201d, \u201cLa Bikina\u201d y \u201cSuave\u201d<\/p>\n\n\n<div class=\"wp-block-image\">\n<figure class=\"aligncenter is-resized\"><a href=\"https:\/\/i0.wp.com\/casadecampoliving.com\/wp-content\/uploads\/2022\/10\/Luis_miguel2.jpg?ssl=1\"><img loading=\"lazy\" decoding=\"async\" src=\"https:\/\/i0.wp.com\/casadecampoliving.com\/wp-content\/uploads\/2022\/10\/Luis_miguel2.jpg?resize=650%2C390&amp;ssl=1\" alt=\"Luis Miguel\" class=\"wp-image-77108\" height=\"390\" width=\"650\"\/><\/a><\/figure>\n<\/div>\n\n\n<blockquote><p><strong>Luis Miguel \u201cThe Hits Tour\u201d<\/strong><\/p><p><strong>Fecha:<\/strong>&nbsp;S\u00e1bado 2 de noviembre, 8:30pm<\/p><p><strong>Lugar:<\/strong>&nbsp;Anfiteatro de Altos de Chav\u00f3n<\/p><p><strong>Precios&nbsp;de boletas:<\/strong><\/p><ul>\n<li>General:RD$2,500<\/li>\n<li>VIP:10,000<\/li>\n<li>Invitados especiales:RD$20,000<\/li>\n<li>Invitados especiales de Luis Miguel:USA$1,000<br>\n(Incluye parque privado, entrada exclusiva, y Open BAR con bebidas Premium)<\/li>\n<\/ul><p><strong>Boletas a la venta en:<\/strong><\/p><ul>\n<li>La Fundaci\u00f3n MIR, Altos de Chav\u00f3n:&nbsp;(809) 523-8270<\/li>\n<li>Uepatickets.com: (809) 620-8372<\/li>\n<li>Tickets Express: (809) 563-1111<\/li>\n<li>CCN Servicios en Jumbo La Romana: (809) 813-1893<\/li>\n<li>Boletas para los Invitado de Luis Miguel disponibles en A-1 Production (809) 534-5406 \/ (809) 534-9017<\/li>\n<\/ul><p><strong>Contacto:<\/strong>&nbsp;w.gomez@ccampo.com.do<\/p><p><strong>Salvedad: <\/strong>Por favor recuerde comprar sus boletas en las oficinas de Altos de Chav\u00f3n; para que contribuya con esta maravillosa causa.<\/p><figure><img decoding=\"async\" loading=\"lazy\" class=\"aligncenter size-full wp-image-78702\" alt=\"Luis Miguel concierto\" src=\"https:\/\/i0.wp.com\/casadecampoliving.com\/wp-content\/uploads\/2022\/10\/Luis-Miguel-concierto.jpg?resize=620%2C635&amp;ssl=1\" width=\"620\" height=\"635\"><\/figure><\/blockquote>\n\n\n\n<p>El precio al comprar la boletas en las oficinas de la Fundaci\u00f3n Mir\u2026 ser\u00e1 igual que en los dem\u00e1s lugares de ventas; &nbsp;as\u00ed que si necesitas motivaci\u00f3n para contribuir con esta causa, conoce m\u00e1s haciendo clic en el siguiente enlace.<\/p>\n\n\n\n<blockquote><p><strong><a href=\"https:\/\/casadecampoliving.com\/the-fundacion-mir\/\">Fundaci\u00f3n MIR<\/a><\/strong><\/p><figure><img decoding=\"async\" loading=\"lazy\" title=\"fundacion_MIR\" alt=\"fundacion MIR\" src=\"https:\/\/i0.wp.com\/casadecampoliving.com\/wp-content\/uploads\/2022\/10\/fundacion_MIR6.jpg?resize=620%2C413&amp;ssl=1\" width=\"620\" height=\"413\"><\/figure><figure><a href=\"https:\/\/i0.wp.com\/casadecampoliving.com\/wp-content\/uploads\/2022\/10\/fundacion_MIR.jpg?ssl=1\"><img decoding=\"async\" loading=\"lazy\" class=\"alignright\" title=\"fundacion_MIR\" alt=\"\" src=\"https:\/\/i0.wp.com\/casadecampoliving.com\/wp-content\/uploads\/2022\/10\/fundacion_MIR.jpg?resize=144%2C138&amp;ssl=1\" width=\"144\" height=\"138\"><\/a><\/figure><p>La Fundaci\u00f3n MIR es una organizaci\u00f3n sin fines de lucro que trabaja para proporcionar educaci\u00f3n a los ni\u00f1os del \u00e1rea metropolitana de La Romana, que son los m\u00e1s necesitados. Dirigen 3 escuelas, MIR Esperanza (escuela de formaci\u00f3n profesional varones), la Escuela T\u00e9cnica Vocacional Fundaci\u00f3n MIR (escuela de formaci\u00f3n profesional las ni\u00f1as) y &nbsp;MIR Primaria (escuela beb\u00e9s).<\/p><p><strong><a href=\"https:\/\/casadecampoliving.com\/the-fundacion-mir\/\">Haga clic aqu\u00ed para leer mas sobre la Fundaci\u00f3n MIR<\/a><\/strong><\/p><\/blockquote>\n","protected":false},"excerpt":{"rendered":"<p>\u00a1Muy buenas noticias! Las entradas para el conciertos de Luis Miguel no solo est\u00e1n a la venta en Casa de Campo \u2013 sino tambi\u00e9n en las oficina de la Fundaci\u00f3n MIR en Altos de Chav\u00f3n \u2013 un 10% de las ventas de estas entradas realizadas en las oficinas de la Fundaci\u00f3n Mir, se usaran para [&hellip;]<\/p>\n","protected":false},"author":392,"featured_media":272511,"comment_status":"closed","ping_status":"closed","sticky":false,"template":"","format":"standard","meta":{"newspack_ads_suppress_ads":false,"newspack_popups_has_disabled_popups":false,"newspack_sponsor_sponsorship_scope":"","newspack_sponsor_native_byline_display":"inherit","newspack_sponsor_native_category_display":"inherit","newspack_sponsor_underwriter_style":"inherit","newspack_sponsor_underwriter_placement":"inherit","_newspack_byline_active":false,"_newspack_byline":"","newspack_hide_updated_date":false,"newspack_show_updated_date":false,"newspack_content_restriction_is_exempt":false,"newspack_featured_image_position":"","newspack_post_subtitle":"","newspack_article_summary_title":"Overview:","newspack_article_summary":"","_jetpack_memberships_contains_paid_content":false,"footnotes":"","jetpack_publicize_message":"","jetpack_publicize_feature_enabled":true,"jetpack_social_post_already_shared":false,"jetpack_social_options":{"image_generator_settings":{"template":"highway","default_image_id":0,"font":"","enabled":false},"version":2},"_wpas_customize_per_network":false},"categories":[26819,2513,2518,2524,14631,2522,2515,2514,14625,14627,26822],"tags":[2545,7661,7662,18836,2677,24715,7431,5751],"newspack_spnsrs_tax":[],"class_list":["post-342994","post","type-post","status-publish","format-standard","has-post-thumbnail","hentry","category-altos-de-chavon-es","category-celebridades-es","category-conciertos-es","category-destacados","category-estilo-de-vida","category-eventos-es","category-fundacion-mir-es","category-fundaciones-es","category-noticias-locales","category-proximamente","category-resort-casa-de-campo","tag-anfiteatro-de-altos-de-chavon","tag-cantantes","tag-causa","tag-concert-es-2","tag-conciertos","tag-fundacion-mir-es","tag-luis-miguel","tag-musica","entry"],"yoast_head":"<!-- This site is optimized with the Yoast SEO plugin v27.5 - https:\/\/yoast.com\/product\/yoast-seo-wordpress\/ -->\n<title>Las boletas para el concierto del &quot;Sol&quot; disponibles en la Fundaci\u00f3n MIR | Casa de Campo Living<\/title>\n<meta name=\"description\" content=\"\u00a1Muy buenas noticias! Las entradas para el conciertos de Luis Miguel no solo est\u00e1n a la venta en Casa de Campo \u2013 sino tambi\u00e9n en las oficina de la\" \/>\n<meta name=\"robots\" content=\"index, follow, max-snippet:-1, max-image-preview:large, max-video-preview:-1\" \/>\n<link rel=\"canonical\" href=\"https:\/\/casadecampoliving.com\/es\/las-boletas-para-el-concierto-del-sol-disponibles-en-la-fundacion-mir\/\" \/>\n<meta property=\"og:locale\" content=\"es_ES\" \/>\n<meta property=\"og:type\" content=\"article\" \/>\n<meta property=\"og:title\" content=\"Las boletas para el concierto del &quot;Sol&quot; disponibles en la Fundaci\u00f3n MIR | Casa de Campo Living\" \/>\n<meta property=\"og:description\" content=\"\u00a1Muy buenas noticias! Las entradas para el conciertos de Luis Miguel no solo est\u00e1n a la venta en Casa de Campo \u2013 sino tambi\u00e9n en las oficina de la\" \/>\n<meta property=\"og:url\" content=\"https:\/\/casadecampoliving.com\/es\/las-boletas-para-el-concierto-del-sol-disponibles-en-la-fundacion-mir\/\" \/>\n<meta property=\"og:site_name\" content=\"Casa de Campo Living\" \/>\n<meta property=\"article:publisher\" content=\"https:\/\/www.facebook.com\/casadecampoliving\" \/>\n<meta property=\"article:published_time\" content=\"2013-10-01T04:00:00+00:00\" \/>\n<meta property=\"article:modified_time\" content=\"2022-10-21T22:52:37+00:00\" \/>\n<meta property=\"og:image\" content=\"https:\/\/i0.wp.com\/casadecampoliving.com\/wp-content\/uploads\/2022\/10\/fundacion_MIR2-7.jpg?fit=650%2C328&ssl=1\" \/>\n\t<meta property=\"og:image:width\" content=\"650\" \/>\n\t<meta property=\"og:image:height\" content=\"328\" \/>\n\t<meta property=\"og:image:type\" content=\"image\/jpeg\" \/>\n<meta name=\"author\" content=\"Lenny Castillo\" \/>\n<meta name=\"twitter:card\" content=\"summary_large_image\" \/>\n<meta name=\"twitter:creator\" content=\"@cdcliving\" \/>\n<meta name=\"twitter:site\" content=\"@cdcliving\" \/>\n<meta name=\"twitter:label1\" content=\"Escrito por\" \/>\n\t<meta name=\"twitter:data1\" content=\"Lenny Castillo\" \/>\n\t<meta name=\"twitter:label2\" content=\"Tiempo de lectura\" \/>\n\t<meta name=\"twitter:data2\" content=\"3 minutos\" \/>\n<script type=\"application\/ld+json\" class=\"yoast-schema-graph\">{\"@context\":\"https:\\\/\\\/schema.org\",\"@graph\":[{\"@type\":\"Article\",\"@id\":\"https:\\\/\\\/casadecampoliving.com\\\/es\\\/las-boletas-para-el-concierto-del-sol-disponibles-en-la-fundacion-mir\\\/#article\",\"isPartOf\":{\"@id\":\"https:\\\/\\\/casadecampoliving.com\\\/es\\\/las-boletas-para-el-concierto-del-sol-disponibles-en-la-fundacion-mir\\\/\"},\"author\":{\"name\":\"Lenny Castillo\",\"@id\":\"https:\\\/\\\/casadecampoliving.com\\\/es\\\/#\\\/schema\\\/person\\\/bde9253359bd80f29448cb1dee503f4d\"},\"headline\":\"Las boletas para el concierto del \u00abSol\u00bb disponibles en la Fundaci\u00f3n MIR\",\"datePublished\":\"2013-10-01T04:00:00+00:00\",\"dateModified\":\"2022-10-21T22:52:37+00:00\",\"mainEntityOfPage\":{\"@id\":\"https:\\\/\\\/casadecampoliving.com\\\/es\\\/las-boletas-para-el-concierto-del-sol-disponibles-en-la-fundacion-mir\\\/\"},\"wordCount\":600,\"publisher\":{\"@id\":\"https:\\\/\\\/casadecampoliving.com\\\/es\\\/#organization\"},\"image\":{\"@id\":\"https:\\\/\\\/casadecampoliving.com\\\/es\\\/las-boletas-para-el-concierto-del-sol-disponibles-en-la-fundacion-mir\\\/#primaryimage\"},\"thumbnailUrl\":\"https:\\\/\\\/i0.wp.com\\\/casadecampoliving.com\\\/wp-content\\\/uploads\\\/2022\\\/10\\\/fundacion_MIR2-7.jpg?fit=650%2C328&ssl=1\",\"keywords\":[\"anfiteatro de altos de chavon\",\"cantantes\",\"causa\",\"concert\",\"conciertos\",\"Fundacion MIR\",\"luis miguel\",\"musica\"],\"articleSection\":[\"Altos de Chavon @es\",\"Celebridades\",\"Conciertos\",\"Destacados\",\"Estilo de Vida\",\"Eventos\",\"Fundaci\u00f3n MIR @es\",\"Fundaciones\",\"Noticias Locales\",\"Proximamente\",\"Resort Casa de Campo\"],\"inLanguage\":\"es\"},{\"@type\":\"WebPage\",\"@id\":\"https:\\\/\\\/casadecampoliving.com\\\/es\\\/las-boletas-para-el-concierto-del-sol-disponibles-en-la-fundacion-mir\\\/\",\"url\":\"https:\\\/\\\/casadecampoliving.com\\\/es\\\/las-boletas-para-el-concierto-del-sol-disponibles-en-la-fundacion-mir\\\/\",\"name\":\"Las boletas para el concierto del \\\"Sol\\\" disponibles en la Fundaci\u00f3n MIR | Casa de Campo Living\",\"isPartOf\":{\"@id\":\"https:\\\/\\\/casadecampoliving.com\\\/es\\\/#website\"},\"primaryImageOfPage\":{\"@id\":\"https:\\\/\\\/casadecampoliving.com\\\/es\\\/las-boletas-para-el-concierto-del-sol-disponibles-en-la-fundacion-mir\\\/#primaryimage\"},\"image\":{\"@id\":\"https:\\\/\\\/casadecampoliving.com\\\/es\\\/las-boletas-para-el-concierto-del-sol-disponibles-en-la-fundacion-mir\\\/#primaryimage\"},\"thumbnailUrl\":\"https:\\\/\\\/i0.wp.com\\\/casadecampoliving.com\\\/wp-content\\\/uploads\\\/2022\\\/10\\\/fundacion_MIR2-7.jpg?fit=650%2C328&ssl=1\",\"datePublished\":\"2013-10-01T04:00:00+00:00\",\"dateModified\":\"2022-10-21T22:52:37+00:00\",\"description\":\"\u00a1Muy buenas noticias! Las entradas para el conciertos de Luis Miguel no solo est\u00e1n a la venta en Casa de Campo \u2013 sino tambi\u00e9n en las oficina de la\",\"breadcrumb\":{\"@id\":\"https:\\\/\\\/casadecampoliving.com\\\/es\\\/las-boletas-para-el-concierto-del-sol-disponibles-en-la-fundacion-mir\\\/#breadcrumb\"},\"inLanguage\":\"es\",\"potentialAction\":[{\"@type\":\"ReadAction\",\"target\":[\"https:\\\/\\\/casadecampoliving.com\\\/es\\\/las-boletas-para-el-concierto-del-sol-disponibles-en-la-fundacion-mir\\\/\"]}]},{\"@type\":\"ImageObject\",\"inLanguage\":\"es\",\"@id\":\"https:\\\/\\\/casadecampoliving.com\\\/es\\\/las-boletas-para-el-concierto-del-sol-disponibles-en-la-fundacion-mir\\\/#primaryimage\",\"url\":\"https:\\\/\\\/i0.wp.com\\\/casadecampoliving.com\\\/wp-content\\\/uploads\\\/2022\\\/10\\\/fundacion_MIR2-7.jpg?fit=650%2C328&ssl=1\",\"contentUrl\":\"https:\\\/\\\/i0.wp.com\\\/casadecampoliving.com\\\/wp-content\\\/uploads\\\/2022\\\/10\\\/fundacion_MIR2-7.jpg?fit=650%2C328&ssl=1\",\"width\":650,\"height\":328,\"caption\":\"Fundacion MIR\"},{\"@type\":\"BreadcrumbList\",\"@id\":\"https:\\\/\\\/casadecampoliving.com\\\/es\\\/las-boletas-para-el-concierto-del-sol-disponibles-en-la-fundacion-mir\\\/#breadcrumb\",\"itemListElement\":[{\"@type\":\"ListItem\",\"position\":1,\"name\":\"Home\",\"item\":\"https:\\\/\\\/casadecampoliving.com\\\/es\\\/\"},{\"@type\":\"ListItem\",\"position\":2,\"name\":\"Las boletas para el concierto del &#8220;Sol&#8221; disponibles en la Fundaci\u00f3n MIR\"}]},{\"@type\":\"WebSite\",\"@id\":\"https:\\\/\\\/casadecampoliving.com\\\/es\\\/#website\",\"url\":\"https:\\\/\\\/casadecampoliving.com\\\/es\\\/\",\"name\":\"Casa de Campo Living\",\"description\":\"Resort community news and resources.\",\"publisher\":{\"@id\":\"https:\\\/\\\/casadecampoliving.com\\\/es\\\/#organization\"},\"potentialAction\":[{\"@type\":\"SearchAction\",\"target\":{\"@type\":\"EntryPoint\",\"urlTemplate\":\"https:\\\/\\\/casadecampoliving.com\\\/es\\\/?s={search_term_string}\"},\"query-input\":{\"@type\":\"PropertyValueSpecification\",\"valueRequired\":true,\"valueName\":\"search_term_string\"}}],\"inLanguage\":\"es\"},{\"@type\":\"Organization\",\"@id\":\"https:\\\/\\\/casadecampoliving.com\\\/es\\\/#organization\",\"name\":\"Casa de Campo Living\",\"url\":\"https:\\\/\\\/casadecampoliving.com\\\/es\\\/\",\"logo\":{\"@type\":\"ImageObject\",\"inLanguage\":\"es\",\"@id\":\"https:\\\/\\\/casadecampoliving.com\\\/es\\\/#\\\/schema\\\/logo\\\/image\\\/\",\"url\":\"https:\\\/\\\/i0.wp.com\\\/casadecampoliving.com\\\/wp-content\\\/uploads\\\/2022\\\/07\\\/CDCLivingLogo_V1-white-sized.png?fit=800%2C214&ssl=1\",\"contentUrl\":\"https:\\\/\\\/i0.wp.com\\\/casadecampoliving.com\\\/wp-content\\\/uploads\\\/2022\\\/07\\\/CDCLivingLogo_V1-white-sized.png?fit=800%2C214&ssl=1\",\"width\":800,\"height\":214,\"caption\":\"Casa de Campo Living\"},\"image\":{\"@id\":\"https:\\\/\\\/casadecampoliving.com\\\/es\\\/#\\\/schema\\\/logo\\\/image\\\/\"},\"sameAs\":[\"https:\\\/\\\/www.facebook.com\\\/casadecampoliving\",\"https:\\\/\\\/x.com\\\/cdcliving\"]},{\"@type\":\"Person\",\"@id\":\"https:\\\/\\\/casadecampoliving.com\\\/es\\\/#\\\/schema\\\/person\\\/bde9253359bd80f29448cb1dee503f4d\",\"name\":\"Lenny Castillo\",\"image\":{\"@type\":\"ImageObject\",\"inLanguage\":\"es\",\"@id\":\"https:\\\/\\\/secure.gravatar.com\\\/avatar\\\/7dfd1a6dc314579a5019d4ffdf4f2d34c70345f2bbbdae3b5bb2aca665d89299?s=96&d=mm&r=g\",\"url\":\"https:\\\/\\\/secure.gravatar.com\\\/avatar\\\/7dfd1a6dc314579a5019d4ffdf4f2d34c70345f2bbbdae3b5bb2aca665d89299?s=96&d=mm&r=g\",\"contentUrl\":\"https:\\\/\\\/secure.gravatar.com\\\/avatar\\\/7dfd1a6dc314579a5019d4ffdf4f2d34c70345f2bbbdae3b5bb2aca665d89299?s=96&d=mm&r=g\",\"caption\":\"Lenny Castillo\"},\"url\":\"https:\\\/\\\/casadecampoliving.com\\\/es\\\/author\\\/lcastillo\\\/\"}]}<\/script>\n<!-- \/ Yoast SEO plugin. -->","yoast_head_json":{"title":"Las boletas para el concierto del \"Sol\" disponibles en la Fundaci\u00f3n MIR | Casa de Campo Living","description":"\u00a1Muy buenas noticias! Las entradas para el conciertos de Luis Miguel no solo est\u00e1n a la venta en Casa de Campo \u2013 sino tambi\u00e9n en las oficina de la","robots":{"index":"index","follow":"follow","max-snippet":"max-snippet:-1","max-image-preview":"max-image-preview:large","max-video-preview":"max-video-preview:-1"},"canonical":"https:\/\/casadecampoliving.com\/es\/las-boletas-para-el-concierto-del-sol-disponibles-en-la-fundacion-mir\/","og_locale":"es_ES","og_type":"article","og_title":"Las boletas para el concierto del \"Sol\" disponibles en la Fundaci\u00f3n MIR | Casa de Campo Living","og_description":"\u00a1Muy buenas noticias! Las entradas para el conciertos de Luis Miguel no solo est\u00e1n a la venta en Casa de Campo \u2013 sino tambi\u00e9n en las oficina de la","og_url":"https:\/\/casadecampoliving.com\/es\/las-boletas-para-el-concierto-del-sol-disponibles-en-la-fundacion-mir\/","og_site_name":"Casa de Campo Living","article_publisher":"https:\/\/www.facebook.com\/casadecampoliving","article_published_time":"2013-10-01T04:00:00+00:00","article_modified_time":"2022-10-21T22:52:37+00:00","og_image":[{"width":650,"height":328,"url":"https:\/\/i0.wp.com\/casadecampoliving.com\/wp-content\/uploads\/2022\/10\/fundacion_MIR2-7.jpg?fit=650%2C328&ssl=1","type":"image\/jpeg"}],"author":"Lenny Castillo","twitter_card":"summary_large_image","twitter_creator":"@cdcliving","twitter_site":"@cdcliving","twitter_misc":{"Escrito por":"Lenny Castillo","Tiempo de lectura":"3 minutos"},"schema":{"@context":"https:\/\/schema.org","@graph":[{"@type":"Article","@id":"https:\/\/casadecampoliving.com\/es\/las-boletas-para-el-concierto-del-sol-disponibles-en-la-fundacion-mir\/#article","isPartOf":{"@id":"https:\/\/casadecampoliving.com\/es\/las-boletas-para-el-concierto-del-sol-disponibles-en-la-fundacion-mir\/"},"author":{"name":"Lenny Castillo","@id":"https:\/\/casadecampoliving.com\/es\/#\/schema\/person\/bde9253359bd80f29448cb1dee503f4d"},"headline":"Las boletas para el concierto del \u00abSol\u00bb disponibles en la Fundaci\u00f3n MIR","datePublished":"2013-10-01T04:00:00+00:00","dateModified":"2022-10-21T22:52:37+00:00","mainEntityOfPage":{"@id":"https:\/\/casadecampoliving.com\/es\/las-boletas-para-el-concierto-del-sol-disponibles-en-la-fundacion-mir\/"},"wordCount":600,"publisher":{"@id":"https:\/\/casadecampoliving.com\/es\/#organization"},"image":{"@id":"https:\/\/casadecampoliving.com\/es\/las-boletas-para-el-concierto-del-sol-disponibles-en-la-fundacion-mir\/#primaryimage"},"thumbnailUrl":"https:\/\/i0.wp.com\/casadecampoliving.com\/wp-content\/uploads\/2022\/10\/fundacion_MIR2-7.jpg?fit=650%2C328&ssl=1","keywords":["anfiteatro de altos de chavon","cantantes","causa","concert","conciertos","Fundacion MIR","luis miguel","musica"],"articleSection":["Altos de Chavon @es","Celebridades","Conciertos","Destacados","Estilo de Vida","Eventos","Fundaci\u00f3n MIR @es","Fundaciones","Noticias Locales","Proximamente","Resort Casa de Campo"],"inLanguage":"es"},{"@type":"WebPage","@id":"https:\/\/casadecampoliving.com\/es\/las-boletas-para-el-concierto-del-sol-disponibles-en-la-fundacion-mir\/","url":"https:\/\/casadecampoliving.com\/es\/las-boletas-para-el-concierto-del-sol-disponibles-en-la-fundacion-mir\/","name":"Las boletas para el concierto del \"Sol\" disponibles en la Fundaci\u00f3n MIR | Casa de Campo Living","isPartOf":{"@id":"https:\/\/casadecampoliving.com\/es\/#website"},"primaryImageOfPage":{"@id":"https:\/\/casadecampoliving.com\/es\/las-boletas-para-el-concierto-del-sol-disponibles-en-la-fundacion-mir\/#primaryimage"},"image":{"@id":"https:\/\/casadecampoliving.com\/es\/las-boletas-para-el-concierto-del-sol-disponibles-en-la-fundacion-mir\/#primaryimage"},"thumbnailUrl":"https:\/\/i0.wp.com\/casadecampoliving.com\/wp-content\/uploads\/2022\/10\/fundacion_MIR2-7.jpg?fit=650%2C328&ssl=1","datePublished":"2013-10-01T04:00:00+00:00","dateModified":"2022-10-21T22:52:37+00:00","description":"\u00a1Muy buenas noticias! Las entradas para el conciertos de Luis Miguel no solo est\u00e1n a la venta en Casa de Campo \u2013 sino tambi\u00e9n en las oficina de la","breadcrumb":{"@id":"https:\/\/casadecampoliving.com\/es\/las-boletas-para-el-concierto-del-sol-disponibles-en-la-fundacion-mir\/#breadcrumb"},"inLanguage":"es","potentialAction":[{"@type":"ReadAction","target":["https:\/\/casadecampoliving.com\/es\/las-boletas-para-el-concierto-del-sol-disponibles-en-la-fundacion-mir\/"]}]},{"@type":"ImageObject","inLanguage":"es","@id":"https:\/\/casadecampoliving.com\/es\/las-boletas-para-el-concierto-del-sol-disponibles-en-la-fundacion-mir\/#primaryimage","url":"https:\/\/i0.wp.com\/casadecampoliving.com\/wp-content\/uploads\/2022\/10\/fundacion_MIR2-7.jpg?fit=650%2C328&ssl=1","contentUrl":"https:\/\/i0.wp.com\/casadecampoliving.com\/wp-content\/uploads\/2022\/10\/fundacion_MIR2-7.jpg?fit=650%2C328&ssl=1","width":650,"height":328,"caption":"Fundacion MIR"},{"@type":"BreadcrumbList","@id":"https:\/\/casadecampoliving.com\/es\/las-boletas-para-el-concierto-del-sol-disponibles-en-la-fundacion-mir\/#breadcrumb","itemListElement":[{"@type":"ListItem","position":1,"name":"Home","item":"https:\/\/casadecampoliving.com\/es\/"},{"@type":"ListItem","position":2,"name":"Las boletas para el concierto del &#8220;Sol&#8221; disponibles en la Fundaci\u00f3n MIR"}]},{"@type":"WebSite","@id":"https:\/\/casadecampoliving.com\/es\/#website","url":"https:\/\/casadecampoliving.com\/es\/","name":"Casa de Campo Living","description":"Resort community news and resources.","publisher":{"@id":"https:\/\/casadecampoliving.com\/es\/#organization"},"potentialAction":[{"@type":"SearchAction","target":{"@type":"EntryPoint","urlTemplate":"https:\/\/casadecampoliving.com\/es\/?s={search_term_string}"},"query-input":{"@type":"PropertyValueSpecification","valueRequired":true,"valueName":"search_term_string"}}],"inLanguage":"es"},{"@type":"Organization","@id":"https:\/\/casadecampoliving.com\/es\/#organization","name":"Casa de Campo Living","url":"https:\/\/casadecampoliving.com\/es\/","logo":{"@type":"ImageObject","inLanguage":"es","@id":"https:\/\/casadecampoliving.com\/es\/#\/schema\/logo\/image\/","url":"https:\/\/i0.wp.com\/casadecampoliving.com\/wp-content\/uploads\/2022\/07\/CDCLivingLogo_V1-white-sized.png?fit=800%2C214&ssl=1","contentUrl":"https:\/\/i0.wp.com\/casadecampoliving.com\/wp-content\/uploads\/2022\/07\/CDCLivingLogo_V1-white-sized.png?fit=800%2C214&ssl=1","width":800,"height":214,"caption":"Casa de Campo Living"},"image":{"@id":"https:\/\/casadecampoliving.com\/es\/#\/schema\/logo\/image\/"},"sameAs":["https:\/\/www.facebook.com\/casadecampoliving","https:\/\/x.com\/cdcliving"]},{"@type":"Person","@id":"https:\/\/casadecampoliving.com\/es\/#\/schema\/person\/bde9253359bd80f29448cb1dee503f4d","name":"Lenny Castillo","image":{"@type":"ImageObject","inLanguage":"es","@id":"https:\/\/secure.gravatar.com\/avatar\/7dfd1a6dc314579a5019d4ffdf4f2d34c70345f2bbbdae3b5bb2aca665d89299?s=96&d=mm&r=g","url":"https:\/\/secure.gravatar.com\/avatar\/7dfd1a6dc314579a5019d4ffdf4f2d34c70345f2bbbdae3b5bb2aca665d89299?s=96&d=mm&r=g","contentUrl":"https:\/\/secure.gravatar.com\/avatar\/7dfd1a6dc314579a5019d4ffdf4f2d34c70345f2bbbdae3b5bb2aca665d89299?s=96&d=mm&r=g","caption":"Lenny Castillo"},"url":"https:\/\/casadecampoliving.com\/es\/author\/lcastillo\/"}]}},"parsely":{"version":"1.1.0","canonical_url":"https:\/\/casadecampoliving.com\/es\/las-boletas-para-el-concierto-del-sol-disponibles-en-la-fundacion-mir\/","smart_links":{"inbound":0,"outbound":0},"traffic_boost_suggestions_count":0,"meta":{"@context":"https:\/\/schema.org","@type":"NewsArticle","headline":"Las boletas para el concierto del \u00abSol\u00bb disponibles en la Fundaci\u00f3n MIR","url":"http:\/\/casadecampoliving.com\/es\/las-boletas-para-el-concierto-del-sol-disponibles-en-la-fundacion-mir\/","mainEntityOfPage":{"@type":"WebPage","@id":"http:\/\/casadecampoliving.com\/es\/las-boletas-para-el-concierto-del-sol-disponibles-en-la-fundacion-mir\/"},"thumbnailUrl":"https:\/\/i0.wp.com\/casadecampoliving.com\/wp-content\/uploads\/2022\/10\/fundacion_MIR2-7.jpg?resize=150%2C150&ssl=1","image":{"@type":"ImageObject","url":"https:\/\/i0.wp.com\/casadecampoliving.com\/wp-content\/uploads\/2022\/10\/fundacion_MIR2-7.jpg?fit=650%2C328&ssl=1"},"articleSection":"Altos de Chavon @es","author":[{"@type":"Person","name":"Lenny Castillo"}],"creator":["Lenny Castillo"],"publisher":{"@type":"Organization","name":"Casa de Campo Living","logo":"https:\/\/casadecampoliving.com\/wp-content\/uploads\/2022\/07\/CDCLivingLogo_V1-white-sized.png"},"keywords":["anfiteatro de altos de chavon","cantantes","causa","concert","conciertos","fundacion mir","luis miguel","musica"],"dateCreated":"2013-10-01T04:00:00Z","datePublished":"2013-10-01T04:00:00Z","dateModified":"2022-10-21T22:52:37Z"},"rendered":"<script type=\"application\/ld+json\" class=\"wp-parsely-metadata\">{\"@context\":\"https:\\\/\\\/schema.org\",\"@type\":\"NewsArticle\",\"headline\":\"Las boletas para el concierto del \\u00abSol\\u00bb disponibles en la Fundaci\\u00f3n MIR\",\"url\":\"http:\\\/\\\/casadecampoliving.com\\\/es\\\/las-boletas-para-el-concierto-del-sol-disponibles-en-la-fundacion-mir\\\/\",\"mainEntityOfPage\":{\"@type\":\"WebPage\",\"@id\":\"http:\\\/\\\/casadecampoliving.com\\\/es\\\/las-boletas-para-el-concierto-del-sol-disponibles-en-la-fundacion-mir\\\/\"},\"thumbnailUrl\":\"https:\\\/\\\/i0.wp.com\\\/casadecampoliving.com\\\/wp-content\\\/uploads\\\/2022\\\/10\\\/fundacion_MIR2-7.jpg?resize=150%2C150&ssl=1\",\"image\":{\"@type\":\"ImageObject\",\"url\":\"https:\\\/\\\/i0.wp.com\\\/casadecampoliving.com\\\/wp-content\\\/uploads\\\/2022\\\/10\\\/fundacion_MIR2-7.jpg?fit=650%2C328&ssl=1\"},\"articleSection\":\"Altos de Chavon @es\",\"author\":[{\"@type\":\"Person\",\"name\":\"Lenny Castillo\"}],\"creator\":[\"Lenny Castillo\"],\"publisher\":{\"@type\":\"Organization\",\"name\":\"Casa de Campo Living\",\"logo\":\"https:\\\/\\\/casadecampoliving.com\\\/wp-content\\\/uploads\\\/2022\\\/07\\\/CDCLivingLogo_V1-white-sized.png\"},\"keywords\":[\"anfiteatro de altos de chavon\",\"cantantes\",\"causa\",\"concert\",\"conciertos\",\"fundacion mir\",\"luis miguel\",\"musica\"],\"dateCreated\":\"2013-10-01T04:00:00Z\",\"datePublished\":\"2013-10-01T04:00:00Z\",\"dateModified\":\"2022-10-21T22:52:37Z\"}<\/script>","tracker_url":"https:\/\/cdn.parsely.com\/keys\/casadecampoliving.com\/p.js"},"jetpack_publicize_connections":[],"jetpack_featured_media_url":"https:\/\/i0.wp.com\/casadecampoliving.com\/wp-content\/uploads\/2022\/10\/fundacion_MIR2-7.jpg?fit=650%2C328&ssl=1","jetpack-related-posts":[{"id":343078,"url":"https:\/\/casadecampoliving.com\/es\/boletas-agotadas-para-el-concierto-de-luis-miguel\/","url_meta":{"origin":342994,"position":0},"title":"\u00a1Boletas agotadas para el concierto de Luis Miguel!","author":"Genesis Perdomo","date":"18 Oct, 2013","format":false,"excerpt":"Las boletas para el concierto de Luis Miguel este s\u00e1bado 2 de noviembre se estan vendiendo tan r\u00e1pido que las boletas \u201cgeneral\u201d (RD$2,500) ya se agotaron completamente. \u00a1As\u00ed que si planean asistir al concierto tiene que comprar sus boletas AHORA antes de que sea muy tarde! Las otras categor\u00edas de\u2026","rel":"","context":"En \u00abAltos de Chavon @es\u00bb","block_context":{"text":"Altos de Chavon @es","link":"https:\/\/casadecampoliving.com\/category\/altos-de-chavon-es\/"},"img":{"alt_text":"Luis Miguel","src":"https:\/\/i0.wp.com\/casadecampoliving.com\/wp-content\/uploads\/2022\/10\/Luis_miguel2-1.jpg?fit=650%2C390&ssl=1&resize=350%2C200","width":350,"height":200,"srcset":"https:\/\/i0.wp.com\/casadecampoliving.com\/wp-content\/uploads\/2022\/10\/Luis_miguel2-1.jpg?fit=650%2C390&ssl=1&resize=350%2C200 1x, https:\/\/i0.wp.com\/casadecampoliving.com\/wp-content\/uploads\/2022\/10\/Luis_miguel2-1.jpg?fit=650%2C390&ssl=1&resize=525%2C300 1.5x"},"classes":[]},{"id":340164,"url":"https:\/\/casadecampoliving.com\/es\/las-boletas-del-concierto-de-julio-iglesia-a-la-venta-ya-con-un-porcentaje-a-beneficio-de-la-fundacion-mir\/","url_meta":{"origin":342994,"position":1},"title":"Las boletas del concierto de Julio Iglesia a la venta YA &#8211; con un 20% a beneficio de la Fundaci\u00f3n MIR","author":"","date":"23 Nov, 2012","format":false,"excerpt":"Grandiosa noticia! No s\u00f3lo est\u00e1n a la venta ya las esperadas boletas del concierto de Julio Iglesias en Altos de Chav\u00f3n \u2013 tambi\u00e9n un porcentaje de las ventas de estas boletas, realizadas por la Fundaci\u00f3n MIR ir\u00e1 a beneficio de esta fabulosa fundaci\u00f3n que en la actualidad administra tres escuelas\u2026","rel":"","context":"En \u00abAltos de Chavon @es\u00bb","block_context":{"text":"Altos de Chavon @es","link":"https:\/\/casadecampoliving.com\/category\/altos-de-chavon-es\/"},"img":{"alt_text":"julio iglesias","src":"https:\/\/i0.wp.com\/casadecampoliving.com\/wp-content\/uploads\/2022\/10\/Julio-iglesias-1.jpg?fit=650%2C536&ssl=1&resize=350%2C200","width":350,"height":200,"srcset":"https:\/\/i0.wp.com\/casadecampoliving.com\/wp-content\/uploads\/2022\/10\/Julio-iglesias-1.jpg?fit=650%2C536&ssl=1&resize=350%2C200 1x, https:\/\/i0.wp.com\/casadecampoliving.com\/wp-content\/uploads\/2022\/10\/Julio-iglesias-1.jpg?fit=650%2C536&ssl=1&resize=525%2C300 1.5x"},"classes":[]},{"id":340396,"url":"https:\/\/casadecampoliving.com\/es\/julio-iglesias-en-concierto-manana-en-altos-de-chavon-entradas-siguen-a-la-venta-con-la-fundacion-mir\/","url_meta":{"origin":342994,"position":2},"title":"Julio Iglesias en concierto ma\u00f1ana en Altos de Chav\u00f3n! Entradas siguen a la venta con la Fundaci\u00f3n MIR!","author":"lperdomo","date":"27 Dic, 2012","format":false,"excerpt":"Woohoo!\u00a0Parece una eternidad desde que anunciamos por primera vez que Julio Iglesias estar\u00eda cantando el 28 de Diciembre a las 8pm en el anfiteatro de \u00a0Altos de Chav\u00f3n \u2013 \u00a1y ahora este gran momento por fin lleg\u00f3! Antes del evento, aqu\u00ed le traemos la lista de bebidas y precios que\u2026","rel":"","context":"En \u00abAltos de Chavon @es\u00bb","block_context":{"text":"Altos de Chavon @es","link":"https:\/\/casadecampoliving.com\/category\/altos-de-chavon-es\/"},"img":{"alt_text":"concierto julio iglesias","src":"https:\/\/i0.wp.com\/casadecampoliving.com\/wp-content\/uploads\/2022\/10\/Concierto-Julio-Iglesias-1.jpg?fit=650%2C309&ssl=1&resize=350%2C200","width":350,"height":200,"srcset":"https:\/\/i0.wp.com\/casadecampoliving.com\/wp-content\/uploads\/2022\/10\/Concierto-Julio-Iglesias-1.jpg?fit=650%2C309&ssl=1&resize=350%2C200 1x, https:\/\/i0.wp.com\/casadecampoliving.com\/wp-content\/uploads\/2022\/10\/Concierto-Julio-Iglesias-1.jpg?fit=650%2C309&ssl=1&resize=525%2C300 1.5x"},"classes":[]},{"id":341477,"url":"https:\/\/casadecampoliving.com\/es\/boletas-especiales-para-la-primera-fila-del-concierto-arjona-intimo-de-venta-con-la-fundacion-mir\/","url_meta":{"origin":342994,"position":3},"title":"Boletas especiales para la primera fila del concierto \u00abArjona Intimo\u00bb de venta con la Fundaci\u00f3n MIR!","author":"Mairobi Herrera","date":"18 May, 2013","format":false,"excerpt":"Le informamos que las boletas para el concierto de Ricardo Arjona, el 8 de junio en el Anfiteatro de Altos de Chav\u00f3n,\u00a0ya\u00a0est\u00e1n a la venta y mejor a\u00fan, \u00a1la Fundaci\u00f3n Mir la est\u00e1 vendiendo! \u00a1Una gran noticia amigos! Igual como la Fundaci\u00f3n MIR\u00a0hizo el a\u00f1o pasado con las boletas del\u2026","rel":"","context":"En \u00abAltos de Chavon @es\u00bb","block_context":{"text":"Altos de Chavon @es","link":"https:\/\/casadecampoliving.com\/category\/altos-de-chavon-es\/"},"img":{"alt_text":"","src":"https:\/\/i0.wp.com\/casadecampoliving.com\/wp-content\/uploads\/2022\/10\/ricardo_arjona_concierto_anfiteatro_chavon1.jpg?fit=650%2C514&ssl=1&resize=350%2C200","width":350,"height":200,"srcset":"https:\/\/i0.wp.com\/casadecampoliving.com\/wp-content\/uploads\/2022\/10\/ricardo_arjona_concierto_anfiteatro_chavon1.jpg?fit=650%2C514&ssl=1&resize=350%2C200 1x, https:\/\/i0.wp.com\/casadecampoliving.com\/wp-content\/uploads\/2022\/10\/ricardo_arjona_concierto_anfiteatro_chavon1.jpg?fit=650%2C514&ssl=1&resize=525%2C300 1.5x"},"classes":[]},{"id":349002,"url":"https:\/\/casadecampoliving.com\/es\/fundacion-mir-bienvenida-concierto-ricky-martin\/","url_meta":{"origin":342994,"position":4},"title":"\u00a1La Fundaci\u00f3n MIR te da la bienvenida al concierto de Ricky Martin!","author":"Felix Guerrero","date":"17 Ene, 2016","format":false,"excerpt":"Altos de Chav\u00f3n ha estado muy activa, especialmente saliendo de una temporada de festividades llena de vida con presentaciones de Juan Luis Guerra, Marc Anthony, y Enrique Iglesias. Estos conciertos rebosaron el anfiteatro como solo los verdaderos iconos musicales pueden hacer. Hemos estado viendo mucho de nuestros amigos de Fundaci\u00f3n\u2026","rel":"","context":"En \u00abAltos de Chavon @es\u00bb","block_context":{"text":"Altos de Chavon @es","link":"https:\/\/casadecampoliving.com\/category\/altos-de-chavon-es\/"},"img":{"alt_text":"Concierto Enrique Iglesias Fundaci\u00f3n MIR","src":"https:\/\/i0.wp.com\/casadecampoliving.com\/wp-content\/uploads\/2022\/10\/Concierto-Enrique-Iglesias-Fundacion-MIR-1.jpg?fit=650%2C400&ssl=1&resize=350%2C200","width":350,"height":200,"srcset":"https:\/\/i0.wp.com\/casadecampoliving.com\/wp-content\/uploads\/2022\/10\/Concierto-Enrique-Iglesias-Fundacion-MIR-1.jpg?fit=650%2C400&ssl=1&resize=350%2C200 1x, https:\/\/i0.wp.com\/casadecampoliving.com\/wp-content\/uploads\/2022\/10\/Concierto-Enrique-Iglesias-Fundacion-MIR-1.jpg?fit=650%2C400&ssl=1&resize=525%2C300 1.5x"},"classes":[]},{"id":340236,"url":"https:\/\/casadecampoliving.com\/es\/la-fundacion-mir-recauda-mas-de-us9000-y-contando-de-las-ventas-de-julio-iglesias\/","url_meta":{"origin":342994,"position":5},"title":"La Fundaci\u00f3n MIR recauda m\u00e1s de US$9,000 (y contando) de las ventas de Julio Iglesias","author":"","date":"7 Dic, 2012","format":false,"excerpt":"El pasado viernes 23 de noviembre, nosotros (Casa de Campo Living) publicamos la noticia de que la Fundaci\u00f3n MIR ten\u00eda boletas disponible para el concierto de Julio Iglesias que se estar\u00e1 publicando pr\u00f3ximamente en Altos de Chav\u00f3n el 28 de diciembre \u2013 y desde entonces, el tel\u00e9fono en las oficinas\u2026","rel":"","context":"En \u00abAltos de Chavon @es\u00bb","block_context":{"text":"Altos de Chavon @es","link":"https:\/\/casadecampoliving.com\/category\/altos-de-chavon-es\/"},"img":{"alt_text":"julio iglesias","src":"https:\/\/i0.wp.com\/casadecampoliving.com\/wp-content\/uploads\/2022\/10\/Julio-iglesias-3.jpg?fit=650%2C541&ssl=1&resize=350%2C200","width":350,"height":200,"srcset":"https:\/\/i0.wp.com\/casadecampoliving.com\/wp-content\/uploads\/2022\/10\/Julio-iglesias-3.jpg?fit=650%2C541&ssl=1&resize=350%2C200 1x, https:\/\/i0.wp.com\/casadecampoliving.com\/wp-content\/uploads\/2022\/10\/Julio-iglesias-3.jpg?fit=650%2C541&ssl=1&resize=525%2C300 1.5x"},"classes":[]}],"jetpack_sharing_enabled":true,"_links":{"self":[{"href":"https:\/\/casadecampoliving.com\/es\/wp-json\/wp\/v2\/posts\/342994","targetHints":{"allow":["GET"]}}],"collection":[{"href":"https:\/\/casadecampoliving.com\/es\/wp-json\/wp\/v2\/posts"}],"about":[{"href":"https:\/\/casadecampoliving.com\/es\/wp-json\/wp\/v2\/types\/post"}],"author":[{"embeddable":true,"href":"https:\/\/casadecampoliving.com\/es\/wp-json\/wp\/v2\/users\/392"}],"replies":[{"embeddable":true,"href":"https:\/\/casadecampoliving.com\/es\/wp-json\/wp\/v2\/comments?post=342994"}],"version-history":[{"count":1,"href":"https:\/\/casadecampoliving.com\/es\/wp-json\/wp\/v2\/posts\/342994\/revisions"}],"predecessor-version":[{"id":342995,"href":"https:\/\/casadecampoliving.com\/es\/wp-json\/wp\/v2\/posts\/342994\/revisions\/342995"}],"wp:featuredmedia":[{"embeddable":true,"href":"https:\/\/casadecampoliving.com\/es\/wp-json\/wp\/v2\/media\/272511"}],"wp:attachment":[{"href":"https:\/\/casadecampoliving.com\/es\/wp-json\/wp\/v2\/media?parent=342994"}],"wp:term":[{"taxonomy":"category","embeddable":true,"href":"https:\/\/casadecampoliving.com\/es\/wp-json\/wp\/v2\/categories?post=342994"},{"taxonomy":"post_tag","embeddable":true,"href":"https:\/\/casadecampoliving.com\/es\/wp-json\/wp\/v2\/tags?post=342994"},{"taxonomy":"newspack_spnsrs_tax","embeddable":true,"href":"https:\/\/casadecampoliving.com\/es\/wp-json\/wp\/v2\/newspack_spnsrs_tax?post=342994"}],"curies":[{"name":"wp","href":"https:\/\/api.w.org\/{rel}","templated":true}]}}