{"id":342925,"date":"2013-09-18T00:00:00","date_gmt":"2013-09-18T04:00:00","guid":{"rendered":"https:\/\/casadecampoliving.com\/ricardo-bello-nos-presenta-rio-salao-mision-posible-la-reinvencion-de-un-barrio\/"},"modified":"2022-10-21T18:50:56","modified_gmt":"2022-10-21T22:50:56","slug":"ricardo-bello-nos-presenta-rio-salao-mision-posible-la-reinvencion-de-un-barrio","status":"publish","type":"post","link":"https:\/\/casadecampoliving.com\/es\/ricardo-bello-nos-presenta-rio-salao-mision-posible-la-reinvencion-de-un-barrio\/","title":{"rendered":"Ricardo Bello nos presenta a \u00abRio Salao: Misi\u00f3n Posible\u00bb &#8211; la reinvenci\u00f3n de un barrio"},"content":{"rendered":"<div class=\"wp-block-image\">\n<figure class=\"aligncenter is-resized\"><img loading=\"lazy\" decoding=\"async\" src=\"https:\/\/i0.wp.com\/casadecampoliving.com\/wp-content\/uploads\/2022\/10\/rio_salao_la_romana1.jpg?resize=650%2C397&amp;ssl=1\" alt=\"Rio Salao La Romana\" class=\"wp-image-78024\" height=\"397\" width=\"650\"\/><\/figure>\n<\/div>\n\n\n<p>A medida que tomamos ruta desde Casa de Campo hacia La Romana, usualmente miramos hacia el hermoso mar Caribe\u2026 si lo hacemos hacia el otro lado, podemos ver otra perspectiva. All\u00ed veremos el famoso barrio conocido como Rio Salao, simplemente cemento y casas de madera ubicadas a la orilla del r\u00edo.<\/p>\n\n\n\n<p>Actualmente en proceso de transformaci\u00f3n, esta zona se convertir\u00e1 en una atracci\u00f3n tur\u00edstica. El proyecto \u201cRio Salao: Misi\u00f3n Posible\u201d, est\u00e1 dirigido por Ricardo Bello junto a otros destacados dirigentes de la comunidad de La Romana que abrazado esta \u201cmisi\u00f3n posible\u201d no s\u00f3lo para hacer de la zona un lugar mejor y m\u00e1s seguro para vivir, sino tambi\u00e9n para transformarlo en una atracci\u00f3n tur\u00edstica.<\/p>\n\n\n<div class=\"wp-block-image\">\n<figure class=\"aligncenter is-resized\"><img loading=\"lazy\" decoding=\"async\" src=\"https:\/\/i0.wp.com\/casadecampoliving.com\/wp-content\/uploads\/2022\/10\/rio_salao_la_romana.jpg?resize=650%2C650&amp;ssl=1\" alt=\"Rio Salao La Romana\" class=\"wp-image-78021\" height=\"650\" width=\"650\"\/><\/figure>\n<\/div>\n\n\n<p>La primera etapa del proyecto, que ya est\u00e1 en marcha, es pintar las casas \u2013 en brillantes colores caribe\u00f1os, para replicar otros proyectos tur\u00edsticos populares en todo el mundo, \u201cLa Boca\u201d en Buenos Aires, por ejemplo. Pero este proyecto implica mucho m\u00e1s que una \u201cmano de pintura\u201d, esta es la reinversi\u00f3n de una comunidad\u2026 as\u00ed que, sabremos m\u00e1s con la entrevista que hici\u00e9ramos a Ricardo Bello.<\/p>\n\n\n\n<p><strong><strong>@cdcliving:&nbsp;<\/strong>\u00bfEn qu\u00e9 consiste el proyecto? &nbsp;<\/strong><\/p>\n\n\n<div class=\"wp-block-image\">\n<figure class=\"alignright is-resized\"><img loading=\"lazy\" decoding=\"async\" src=\"https:\/\/i0.wp.com\/casadecampoliving.com\/wp-content\/uploads\/2022\/10\/ricardo_bello.jpg?resize=270%2C360&amp;ssl=1\" alt=\"Ricardo Bello\" class=\"wp-image-78026\" height=\"360\" width=\"270\"\/><\/figure>\n<\/div>\n\n\n<ul class=\"wp-block-list\"><li>Rio Salao: Misi\u00f3n Posible como lo hemos llamado, es el emprendimiento de un grupo de mun\u00edcipes de La<\/li><li>Romana en Rep\u00fablica Dominicana, sin fines de lucro que centrar\u00e1 primordialmente sus objetivos en la ejecuci\u00f3n de un \u201cPlan de Desarrollo y Embellecimiento Tur\u00edstico, Cultural y Econ\u00f3mico de Rio Salao\u201d en procura del Bienestar Social de \u00e9sta comunidad.<\/li><li>Se le llama \u201cSalao\u201d al r\u00edo que bordea el municipio de La Romana y sobre su cauce se encuentra el puente Charles Bluhdorn. Durante varias d\u00e9cadas se ha asentado una comunidad populosa en su ribera, la cual lleva su mismo nombre \u201cRio Salao\u201d<\/li><\/ul>\n\n\n\n<p><strong>Rio Salao: Misi\u00f3n Posible<\/strong> es una propuesta que debemos convertirla en un proyecto integral de desarrollo&nbsp;comunitario. Es por ello que se necesitar\u00e1 de la participaci\u00f3n de profesionales voluntarios que identifiquen los<br>\nproblemas y las necesidades sentidas por la comunidad en las diferentes \u00e1reas para proponer su soluci\u00f3n.<\/p>\n\n\n\n<p class=\"has-text-align-left\"><strong><strong>@cdcliving:&nbsp;<\/strong>\u00bfCu\u00e1ndo inici\u00f3 el proyecto?<br>\n<\/strong><\/p>\n\n\n\n<ul class=\"wp-block-list\"><li>\u00c9sta propuesta data de mediados del a\u00f1o 2010 pero fue a partir de los primeros d\u00edas de agosto del presente a\u00f1o&nbsp;cuando se inicia formalmente la primera fase que consiste en pintar las fachadas de las viviendas que han sido&nbsp;elegidas para comenzar con la primera etapa del plan.<\/li><\/ul>\n\n\n\n<p><strong><strong>@cdcliving:&nbsp;<\/strong>\u00bfCu<strong>\u00e1<\/strong>les son los logros hasta este momento?<\/strong><\/p>\n\n\n\n<ul class=\"wp-block-list\"><li>Pensamos que, el empoderamiento de la comunidad probablemente se ha constituido en el mayor de los logros<\/li><li>hasta el momento. Ella (la gente del vecindario) ha valorado positivamente el plan y se ha comprometido con \u00e9ste<\/li><li>involucr\u00e1ndose en su proceso.<\/li><li>Iniciar el pintado de las fachadas de m\u00e1s de 30 de las casas de la vecindad.<\/li><li>Involucrar a un nutrido grupo de mun\u00edcipes a participar en la propuesta de forma activa.<\/li><\/ul>\n\n\n<div class=\"wp-block-image\">\n<figure class=\"aligncenter is-resized\"><img loading=\"lazy\" decoding=\"async\" src=\"https:\/\/i0.wp.com\/casadecampoliving.com\/wp-content\/uploads\/2022\/10\/rio_salao_la_romana2.jpg?resize=650%2C343&amp;ssl=1\" alt=\"Rio Salao La Romana\" class=\"wp-image-78027\" height=\"343\" width=\"650\"\/><\/figure>\n<\/div>\n\n\n<p><strong><strong>@cdcliving:&nbsp;<\/strong>\u00bfQu<strong>\u00e9<\/strong> significar\u00eda para el pueblo de La Romana la transformaci\u00f3n de \u00e9ste sector?<\/strong><\/p>\n\n\n\n<ul class=\"wp-block-list\"><li>Como te manifestamos, significar\u00e1 el desarrollo y el embellecimiento de la barriada encamin\u00e1ndola a convertirse en<\/li><li>un atractivo tur\u00edstico, mejorar la vida de los lugare\u00f1os procurando el desarrollo socioecon\u00f3mico y cultural de la<\/li><li>comunidad. Para ello deberemos tomar en cuenta la creaci\u00f3n de espacios para emprender talleres educativos,<\/li><li>culturales y de gesti\u00f3n para la micro empresa, adem\u00e1s de la potencialidad en los servicios.<\/li><li>La posibilidad de descubrir talentos entre los ni\u00f1os, ni\u00f1as y j\u00f3venes a trav\u00e9s de la sana competencia de concursos<\/li><li>exposiciones, festivales y ferias.<\/li><\/ul>\n\n\n<div class=\"wp-block-image\">\n<figure class=\"alignright is-resized\"><img loading=\"lazy\" decoding=\"async\" src=\"https:\/\/i0.wp.com\/casadecampoliving.com\/wp-content\/uploads\/2022\/10\/rio_salao_la_romana5.jpg?resize=270%2C279&amp;ssl=1\" alt=\"Rio Salao La Romana\" class=\"wp-image-78034\" height=\"279\" width=\"270\"\/><\/figure>\n<\/div>\n\n\n<p><strong><strong>@cdcliving:&nbsp;<\/strong>\u00bfCu\u00e1les son los pr\u00f3ximos pasos?<\/strong><\/p>\n\n\n\n<ul class=\"wp-block-list\"><li>Como dijimos, el primer paso consiste en cambiar parte del rostro del barrio, pintando las fachadas de sus casas de<\/li><li>colores vibrantes y caribe\u00f1os predominando tonalidades de naranja (el color de los Toros).<\/li><li>Iniciar acciones que mejoren el ornato de la barriada, operativos de limpieza de sus \u00e1reas p\u00fablicas, el saneamiento<\/li><li>medio ambiental para prevenir enfermedades por brotes epid\u00e9micos.<\/li><li>Luego otras tareas o fases que fomente el establecimiento de peque\u00f1os negocios para la venta de recuerdos y<\/li><li>artesan\u00eda a quienes visiten el lugar y que permitan convertir la zona en un callej\u00f3n tur\u00edstico.<\/li><\/ul>\n\n\n\n<p><strong>cdcliving:&nbsp;\u00bfQui\u00e9n est\u00e1 encargado del proyecto?<\/strong><\/p>\n\n\n\n<ul class=\"wp-block-list\"><li>Somos un nutrido grupo de mun\u00edcipes de La Romana, que nos estamos conformando en varios Comit\u00e9s de Trabajo<\/li><li>con la finalidad de dar soluci\u00f3n a las diversas situaciones que se deben mejorar y corregir para el bien de la<\/li><li>comunidad.<\/li><\/ul>\n\n\n<div class=\"wp-block-image\">\n<figure class=\"aligncenter is-resized\"><img loading=\"lazy\" decoding=\"async\" src=\"https:\/\/i0.wp.com\/casadecampoliving.com\/wp-content\/uploads\/2022\/10\/rio_salao_la_romana3.jpg?resize=650%2C433&amp;ssl=1\" alt=\"Rio Salao La Romana\" class=\"wp-image-78033\" height=\"433\" width=\"650\"\/><\/figure>\n<\/div>\n\n\n<p><strong><strong>@cdcliving:&nbsp;<\/strong>\u00bfC\u00f3mo puede contribuir la comunidad de La Romana en el desarrollo de Rio Salao?<\/strong><\/p>\n\n\n\n<ul class=\"wp-block-list\"><li>Pensamos que, lo primero ser\u00eda apelar a los valores humanos:<\/li><li>Sensibiliz\u00e1ndose ante la crisis y frente al estado de vulnerabilidad que la precariedad somete a las personas<\/li><li>con limitaciones econ\u00f3micas.<\/li><li>&nbsp;Desprendi\u00e9ndonos un poco de nuestro ego\u00edsmo personal y siendo generosos para con los dem\u00e1s.<\/li><li>Comprendiendo que la falta de oportunidades marginan no solo de lo material sino tambi\u00e9n, de lo espiritual.<\/li><li>Comprometi\u00e9ndonos a participar de manera activa con el desarrollo de los programas de la Fundaci\u00f3n Rio<\/li><li>Salao (en proceso de formaci\u00f3n).<\/li><li>Solidariz\u00e1ndonos con sus necesidades b\u00e1sicas, de sentirse personas \u00fatiles y capaces.<\/li><li>Y por \u00faltimo sacrificando y poco de nuestro tiempo y de nuestros recursos para contribuir con el desarrollo<\/li><li>individual y colectivo de Rio Salao.<\/li><li>Lo segundo ser\u00eda aportando los valores materiales que cada persona pueda donar a trav\u00e9s del Tele Radio Marat\u00f3n<\/li><li>que celebraremos el s\u00e1bado 28 de septiembre del a\u00f1o en curso, a partir de las 9 de la ma\u00f1ana, con la finalidad de<\/li><li>recaudar fondos en beneficio de \u00e9sta causa.<\/li><li>\u00c9sta actividad ser\u00e1 trasmitida desde el local del Comit\u00e9 Gestor, ubicado en la calle Duarte esq. Restauraci\u00f3n del<\/li><li>centro de la ciudad de la Romana, a trav\u00e9s de los canales de televisi\u00f3n y las emisoras de radio siguientes: Romana TV,<\/li><li>Tele Oriente, Radio Juventud, 107.5 FM, Delta FM y Amor FM.<\/li><\/ul>\n\n\n\n<p><strong>&nbsp;Participa<\/strong><\/p>\n\n\n\n<p>Rio Salao: Misi\u00f3n Posible es una actividad sin fines de lucro por lo que necesita la colaboraci\u00f3n de todos para su \u00e9xito\u2026 unete para ayudar a transformar La Romana<\/p>\n\n\n\n<p><strong>Contactos:<\/strong><\/p>\n\n\n\n<p>Susana Joa (809) 307-2729,&nbsp;kilate01@hotmail.com<br>\nHilda Maria Peguero&nbsp;(809) 519-2797<br>\nTamy Flaquer (809) 696-8199<a href=\"tel:8096968199\"><br>\n<\/a>Evelyn Fabian (809) 815-2183<a href=\"tel:8098152183\"><br>\n<\/a>Marta Victoria&nbsp;(809) 696-4979<br>\nIvonna Sosa&nbsp;(809) 390-0072<br>\nGladys Qui\u00f1ones&nbsp;(809) 707-4251<\/p>\n","protected":false},"excerpt":{"rendered":"<p>A medida que tomamos ruta desde Casa de Campo hacia La Romana, usualmente miramos hacia el hermoso mar Caribe\u2026 si lo hacemos hacia el otro lado, podemos ver otra perspectiva. All\u00ed veremos el famoso barrio conocido como Rio Salao, simplemente cemento y casas de madera ubicadas a la orilla del r\u00edo. Actualmente en proceso de [&hellip;]<\/p>\n","protected":false},"author":392,"featured_media":271303,"comment_status":"closed","ping_status":"closed","sticky":false,"template":"","format":"standard","meta":{"newspack_ads_suppress_ads":false,"newspack_popups_has_disabled_popups":false,"newspack_sponsor_sponsorship_scope":"","newspack_sponsor_native_byline_display":"inherit","newspack_sponsor_native_category_display":"inherit","newspack_sponsor_underwriter_style":"inherit","newspack_sponsor_underwriter_placement":"inherit","_newspack_byline_active":false,"_newspack_byline":"","newspack_hide_updated_date":false,"newspack_show_updated_date":false,"newspack_content_restriction_is_exempt":false,"newspack_featured_image_position":"","newspack_post_subtitle":"","newspack_article_summary_title":"Overview:","newspack_article_summary":"","_jetpack_memberships_contains_paid_content":false,"footnotes":"","jetpack_publicize_message":"","jetpack_publicize_feature_enabled":true,"jetpack_social_post_already_shared":false,"jetpack_social_options":{"image_generator_settings":{"template":"highway","default_image_id":0,"font":"","enabled":false},"version":2},"_wpas_customize_per_network":false},"categories":[2524,14631,2522,2514,2507,2506,14625,14627,2526],"tags":[18932,1856,7526],"newspack_spnsrs_tax":[],"class_list":["post-342925","post","type-post","status-publish","format-standard","has-post-thumbnail","hentry","category-destacados","category-estilo-de-vida","category-eventos-es","category-fundaciones-es","category-la-romana-es","category-mas-alla-de-casa-es","category-noticias-locales","category-proximamente","category-titulares-es","tag-la-romana-es-4","tag-ricardo-bello","tag-rio-salao","entry"],"yoast_head":"<!-- This site is optimized with the Yoast SEO plugin v27.4 - https:\/\/yoast.com\/product\/yoast-seo-wordpress\/ -->\n<title>Ricardo Bello nos presenta a &quot;Rio Salao: Misi\u00f3n Posible&quot; - la reinvenci\u00f3n de un barrio | Casa de Campo Living<\/title>\n<meta name=\"description\" content=\"A medida que tomamos ruta desde Casa de Campo hacia La Romana, usualmente miramos hacia el hermoso mar Caribe\u2026 si lo hacemos hacia el otro lado, podemos\" \/>\n<meta name=\"robots\" content=\"index, follow, max-snippet:-1, max-image-preview:large, max-video-preview:-1\" \/>\n<link rel=\"canonical\" href=\"https:\/\/casadecampoliving.com\/es\/ricardo-bello-nos-presenta-rio-salao-mision-posible-la-reinvencion-de-un-barrio\/\" \/>\n<meta property=\"og:locale\" content=\"es_ES\" \/>\n<meta property=\"og:type\" content=\"article\" \/>\n<meta property=\"og:title\" content=\"Ricardo Bello nos presenta a &quot;Rio Salao: Misi\u00f3n Posible&quot; - la reinvenci\u00f3n de un barrio | Casa de Campo Living\" \/>\n<meta property=\"og:description\" content=\"A medida que tomamos ruta desde Casa de Campo hacia La Romana, usualmente miramos hacia el hermoso mar Caribe\u2026 si lo hacemos hacia el otro lado, podemos\" \/>\n<meta property=\"og:url\" content=\"https:\/\/casadecampoliving.com\/es\/ricardo-bello-nos-presenta-rio-salao-mision-posible-la-reinvencion-de-un-barrio\/\" \/>\n<meta property=\"og:site_name\" content=\"Casa de Campo Living\" \/>\n<meta property=\"article:publisher\" content=\"https:\/\/www.facebook.com\/casadecampoliving\" \/>\n<meta property=\"article:published_time\" content=\"2013-09-18T04:00:00+00:00\" \/>\n<meta property=\"article:modified_time\" content=\"2022-10-21T22:50:56+00:00\" \/>\n<meta property=\"og:image\" content=\"https:\/\/i0.wp.com\/casadecampoliving.com\/wp-content\/uploads\/2022\/10\/rio_salao_la_romana1-1.jpg?fit=650%2C397&ssl=1\" \/>\n\t<meta property=\"og:image:width\" content=\"650\" \/>\n\t<meta property=\"og:image:height\" content=\"397\" \/>\n\t<meta property=\"og:image:type\" content=\"image\/jpeg\" \/>\n<meta name=\"author\" content=\"Lenny Castillo\" \/>\n<meta name=\"twitter:card\" content=\"summary_large_image\" \/>\n<meta name=\"twitter:creator\" content=\"@cdcliving\" \/>\n<meta name=\"twitter:site\" content=\"@cdcliving\" \/>\n<meta name=\"twitter:label1\" content=\"Escrito por\" \/>\n\t<meta name=\"twitter:data1\" content=\"Lenny Castillo\" \/>\n\t<meta name=\"twitter:label2\" content=\"Tiempo de lectura\" \/>\n\t<meta name=\"twitter:data2\" content=\"5 minutos\" \/>\n<script type=\"application\/ld+json\" class=\"yoast-schema-graph\">{\"@context\":\"https:\\\/\\\/schema.org\",\"@graph\":[{\"@type\":\"Article\",\"@id\":\"https:\\\/\\\/casadecampoliving.com\\\/es\\\/ricardo-bello-nos-presenta-rio-salao-mision-posible-la-reinvencion-de-un-barrio\\\/#article\",\"isPartOf\":{\"@id\":\"https:\\\/\\\/casadecampoliving.com\\\/es\\\/ricardo-bello-nos-presenta-rio-salao-mision-posible-la-reinvencion-de-un-barrio\\\/\"},\"author\":{\"name\":\"Lenny Castillo\",\"@id\":\"https:\\\/\\\/casadecampoliving.com\\\/es\\\/#\\\/schema\\\/person\\\/bde9253359bd80f29448cb1dee503f4d\"},\"headline\":\"Ricardo Bello nos presenta a \u00abRio Salao: Misi\u00f3n Posible\u00bb &#8211; la reinvenci\u00f3n de un barrio\",\"datePublished\":\"2013-09-18T04:00:00+00:00\",\"dateModified\":\"2022-10-21T22:50:56+00:00\",\"mainEntityOfPage\":{\"@id\":\"https:\\\/\\\/casadecampoliving.com\\\/es\\\/ricardo-bello-nos-presenta-rio-salao-mision-posible-la-reinvencion-de-un-barrio\\\/\"},\"wordCount\":1114,\"publisher\":{\"@id\":\"https:\\\/\\\/casadecampoliving.com\\\/es\\\/#organization\"},\"image\":{\"@id\":\"https:\\\/\\\/casadecampoliving.com\\\/es\\\/ricardo-bello-nos-presenta-rio-salao-mision-posible-la-reinvencion-de-un-barrio\\\/#primaryimage\"},\"thumbnailUrl\":\"https:\\\/\\\/i0.wp.com\\\/casadecampoliving.com\\\/wp-content\\\/uploads\\\/2022\\\/10\\\/rio_salao_la_romana1-1.jpg?fit=650%2C397&ssl=1\",\"keywords\":[\"La Romana\",\"ricardo bello\",\"rio salao\"],\"articleSection\":[\"Destacados\",\"Estilo de Vida\",\"Eventos\",\"Fundaciones\",\"La Romana @es\",\"M\u00e1s all\u00e1 de Casa\",\"Noticias Locales\",\"Proximamente\",\"Titulares\"],\"inLanguage\":\"es\"},{\"@type\":\"WebPage\",\"@id\":\"https:\\\/\\\/casadecampoliving.com\\\/es\\\/ricardo-bello-nos-presenta-rio-salao-mision-posible-la-reinvencion-de-un-barrio\\\/\",\"url\":\"https:\\\/\\\/casadecampoliving.com\\\/es\\\/ricardo-bello-nos-presenta-rio-salao-mision-posible-la-reinvencion-de-un-barrio\\\/\",\"name\":\"Ricardo Bello nos presenta a \\\"Rio Salao: Misi\u00f3n Posible\\\" - la reinvenci\u00f3n de un barrio | Casa de Campo Living\",\"isPartOf\":{\"@id\":\"https:\\\/\\\/casadecampoliving.com\\\/es\\\/#website\"},\"primaryImageOfPage\":{\"@id\":\"https:\\\/\\\/casadecampoliving.com\\\/es\\\/ricardo-bello-nos-presenta-rio-salao-mision-posible-la-reinvencion-de-un-barrio\\\/#primaryimage\"},\"image\":{\"@id\":\"https:\\\/\\\/casadecampoliving.com\\\/es\\\/ricardo-bello-nos-presenta-rio-salao-mision-posible-la-reinvencion-de-un-barrio\\\/#primaryimage\"},\"thumbnailUrl\":\"https:\\\/\\\/i0.wp.com\\\/casadecampoliving.com\\\/wp-content\\\/uploads\\\/2022\\\/10\\\/rio_salao_la_romana1-1.jpg?fit=650%2C397&ssl=1\",\"datePublished\":\"2013-09-18T04:00:00+00:00\",\"dateModified\":\"2022-10-21T22:50:56+00:00\",\"description\":\"A medida que tomamos ruta desde Casa de Campo hacia La Romana, usualmente miramos hacia el hermoso mar Caribe\u2026 si lo hacemos hacia el otro lado, podemos\",\"breadcrumb\":{\"@id\":\"https:\\\/\\\/casadecampoliving.com\\\/es\\\/ricardo-bello-nos-presenta-rio-salao-mision-posible-la-reinvencion-de-un-barrio\\\/#breadcrumb\"},\"inLanguage\":\"es\",\"potentialAction\":[{\"@type\":\"ReadAction\",\"target\":[\"https:\\\/\\\/casadecampoliving.com\\\/es\\\/ricardo-bello-nos-presenta-rio-salao-mision-posible-la-reinvencion-de-un-barrio\\\/\"]}]},{\"@type\":\"ImageObject\",\"inLanguage\":\"es\",\"@id\":\"https:\\\/\\\/casadecampoliving.com\\\/es\\\/ricardo-bello-nos-presenta-rio-salao-mision-posible-la-reinvencion-de-un-barrio\\\/#primaryimage\",\"url\":\"https:\\\/\\\/i0.wp.com\\\/casadecampoliving.com\\\/wp-content\\\/uploads\\\/2022\\\/10\\\/rio_salao_la_romana1-1.jpg?fit=650%2C397&ssl=1\",\"contentUrl\":\"https:\\\/\\\/i0.wp.com\\\/casadecampoliving.com\\\/wp-content\\\/uploads\\\/2022\\\/10\\\/rio_salao_la_romana1-1.jpg?fit=650%2C397&ssl=1\",\"width\":650,\"height\":397,\"caption\":\"Rio Salao La Romana\"},{\"@type\":\"BreadcrumbList\",\"@id\":\"https:\\\/\\\/casadecampoliving.com\\\/es\\\/ricardo-bello-nos-presenta-rio-salao-mision-posible-la-reinvencion-de-un-barrio\\\/#breadcrumb\",\"itemListElement\":[{\"@type\":\"ListItem\",\"position\":1,\"name\":\"Home\",\"item\":\"https:\\\/\\\/casadecampoliving.com\\\/es\\\/\"},{\"@type\":\"ListItem\",\"position\":2,\"name\":\"Ricardo Bello nos presenta a &#8220;Rio Salao: Misi\u00f3n Posible&#8221; &#8211; la reinvenci\u00f3n de un barrio\"}]},{\"@type\":\"WebSite\",\"@id\":\"https:\\\/\\\/casadecampoliving.com\\\/es\\\/#website\",\"url\":\"https:\\\/\\\/casadecampoliving.com\\\/es\\\/\",\"name\":\"Casa de Campo Living\",\"description\":\"Resort community news and resources.\",\"publisher\":{\"@id\":\"https:\\\/\\\/casadecampoliving.com\\\/es\\\/#organization\"},\"potentialAction\":[{\"@type\":\"SearchAction\",\"target\":{\"@type\":\"EntryPoint\",\"urlTemplate\":\"https:\\\/\\\/casadecampoliving.com\\\/es\\\/?s={search_term_string}\"},\"query-input\":{\"@type\":\"PropertyValueSpecification\",\"valueRequired\":true,\"valueName\":\"search_term_string\"}}],\"inLanguage\":\"es\"},{\"@type\":\"Organization\",\"@id\":\"https:\\\/\\\/casadecampoliving.com\\\/es\\\/#organization\",\"name\":\"Casa de Campo Living\",\"url\":\"https:\\\/\\\/casadecampoliving.com\\\/es\\\/\",\"logo\":{\"@type\":\"ImageObject\",\"inLanguage\":\"es\",\"@id\":\"https:\\\/\\\/casadecampoliving.com\\\/es\\\/#\\\/schema\\\/logo\\\/image\\\/\",\"url\":\"https:\\\/\\\/i0.wp.com\\\/casadecampoliving.com\\\/wp-content\\\/uploads\\\/2022\\\/07\\\/CDCLivingLogo_V1-white-sized.png?fit=800%2C214&ssl=1\",\"contentUrl\":\"https:\\\/\\\/i0.wp.com\\\/casadecampoliving.com\\\/wp-content\\\/uploads\\\/2022\\\/07\\\/CDCLivingLogo_V1-white-sized.png?fit=800%2C214&ssl=1\",\"width\":800,\"height\":214,\"caption\":\"Casa de Campo Living\"},\"image\":{\"@id\":\"https:\\\/\\\/casadecampoliving.com\\\/es\\\/#\\\/schema\\\/logo\\\/image\\\/\"},\"sameAs\":[\"https:\\\/\\\/www.facebook.com\\\/casadecampoliving\",\"https:\\\/\\\/x.com\\\/cdcliving\"]},{\"@type\":\"Person\",\"@id\":\"https:\\\/\\\/casadecampoliving.com\\\/es\\\/#\\\/schema\\\/person\\\/bde9253359bd80f29448cb1dee503f4d\",\"name\":\"Lenny Castillo\",\"image\":{\"@type\":\"ImageObject\",\"inLanguage\":\"es\",\"@id\":\"https:\\\/\\\/secure.gravatar.com\\\/avatar\\\/7dfd1a6dc314579a5019d4ffdf4f2d34c70345f2bbbdae3b5bb2aca665d89299?s=96&d=mm&r=g\",\"url\":\"https:\\\/\\\/secure.gravatar.com\\\/avatar\\\/7dfd1a6dc314579a5019d4ffdf4f2d34c70345f2bbbdae3b5bb2aca665d89299?s=96&d=mm&r=g\",\"contentUrl\":\"https:\\\/\\\/secure.gravatar.com\\\/avatar\\\/7dfd1a6dc314579a5019d4ffdf4f2d34c70345f2bbbdae3b5bb2aca665d89299?s=96&d=mm&r=g\",\"caption\":\"Lenny Castillo\"},\"url\":\"https:\\\/\\\/casadecampoliving.com\\\/es\\\/author\\\/lcastillo\\\/\"}]}<\/script>\n<!-- \/ Yoast SEO plugin. -->","yoast_head_json":{"title":"Ricardo Bello nos presenta a \"Rio Salao: Misi\u00f3n Posible\" - la reinvenci\u00f3n de un barrio | Casa de Campo Living","description":"A medida que tomamos ruta desde Casa de Campo hacia La Romana, usualmente miramos hacia el hermoso mar Caribe\u2026 si lo hacemos hacia el otro lado, podemos","robots":{"index":"index","follow":"follow","max-snippet":"max-snippet:-1","max-image-preview":"max-image-preview:large","max-video-preview":"max-video-preview:-1"},"canonical":"https:\/\/casadecampoliving.com\/es\/ricardo-bello-nos-presenta-rio-salao-mision-posible-la-reinvencion-de-un-barrio\/","og_locale":"es_ES","og_type":"article","og_title":"Ricardo Bello nos presenta a \"Rio Salao: Misi\u00f3n Posible\" - la reinvenci\u00f3n de un barrio | Casa de Campo Living","og_description":"A medida que tomamos ruta desde Casa de Campo hacia La Romana, usualmente miramos hacia el hermoso mar Caribe\u2026 si lo hacemos hacia el otro lado, podemos","og_url":"https:\/\/casadecampoliving.com\/es\/ricardo-bello-nos-presenta-rio-salao-mision-posible-la-reinvencion-de-un-barrio\/","og_site_name":"Casa de Campo Living","article_publisher":"https:\/\/www.facebook.com\/casadecampoliving","article_published_time":"2013-09-18T04:00:00+00:00","article_modified_time":"2022-10-21T22:50:56+00:00","og_image":[{"width":650,"height":397,"url":"https:\/\/i0.wp.com\/casadecampoliving.com\/wp-content\/uploads\/2022\/10\/rio_salao_la_romana1-1.jpg?fit=650%2C397&ssl=1","type":"image\/jpeg"}],"author":"Lenny Castillo","twitter_card":"summary_large_image","twitter_creator":"@cdcliving","twitter_site":"@cdcliving","twitter_misc":{"Escrito por":"Lenny Castillo","Tiempo de lectura":"5 minutos"},"schema":{"@context":"https:\/\/schema.org","@graph":[{"@type":"Article","@id":"https:\/\/casadecampoliving.com\/es\/ricardo-bello-nos-presenta-rio-salao-mision-posible-la-reinvencion-de-un-barrio\/#article","isPartOf":{"@id":"https:\/\/casadecampoliving.com\/es\/ricardo-bello-nos-presenta-rio-salao-mision-posible-la-reinvencion-de-un-barrio\/"},"author":{"name":"Lenny Castillo","@id":"https:\/\/casadecampoliving.com\/es\/#\/schema\/person\/bde9253359bd80f29448cb1dee503f4d"},"headline":"Ricardo Bello nos presenta a \u00abRio Salao: Misi\u00f3n Posible\u00bb &#8211; la reinvenci\u00f3n de un barrio","datePublished":"2013-09-18T04:00:00+00:00","dateModified":"2022-10-21T22:50:56+00:00","mainEntityOfPage":{"@id":"https:\/\/casadecampoliving.com\/es\/ricardo-bello-nos-presenta-rio-salao-mision-posible-la-reinvencion-de-un-barrio\/"},"wordCount":1114,"publisher":{"@id":"https:\/\/casadecampoliving.com\/es\/#organization"},"image":{"@id":"https:\/\/casadecampoliving.com\/es\/ricardo-bello-nos-presenta-rio-salao-mision-posible-la-reinvencion-de-un-barrio\/#primaryimage"},"thumbnailUrl":"https:\/\/i0.wp.com\/casadecampoliving.com\/wp-content\/uploads\/2022\/10\/rio_salao_la_romana1-1.jpg?fit=650%2C397&ssl=1","keywords":["La Romana","ricardo bello","rio salao"],"articleSection":["Destacados","Estilo de Vida","Eventos","Fundaciones","La Romana @es","M\u00e1s all\u00e1 de Casa","Noticias Locales","Proximamente","Titulares"],"inLanguage":"es"},{"@type":"WebPage","@id":"https:\/\/casadecampoliving.com\/es\/ricardo-bello-nos-presenta-rio-salao-mision-posible-la-reinvencion-de-un-barrio\/","url":"https:\/\/casadecampoliving.com\/es\/ricardo-bello-nos-presenta-rio-salao-mision-posible-la-reinvencion-de-un-barrio\/","name":"Ricardo Bello nos presenta a \"Rio Salao: Misi\u00f3n Posible\" - la reinvenci\u00f3n de un barrio | Casa de Campo Living","isPartOf":{"@id":"https:\/\/casadecampoliving.com\/es\/#website"},"primaryImageOfPage":{"@id":"https:\/\/casadecampoliving.com\/es\/ricardo-bello-nos-presenta-rio-salao-mision-posible-la-reinvencion-de-un-barrio\/#primaryimage"},"image":{"@id":"https:\/\/casadecampoliving.com\/es\/ricardo-bello-nos-presenta-rio-salao-mision-posible-la-reinvencion-de-un-barrio\/#primaryimage"},"thumbnailUrl":"https:\/\/i0.wp.com\/casadecampoliving.com\/wp-content\/uploads\/2022\/10\/rio_salao_la_romana1-1.jpg?fit=650%2C397&ssl=1","datePublished":"2013-09-18T04:00:00+00:00","dateModified":"2022-10-21T22:50:56+00:00","description":"A medida que tomamos ruta desde Casa de Campo hacia La Romana, usualmente miramos hacia el hermoso mar Caribe\u2026 si lo hacemos hacia el otro lado, podemos","breadcrumb":{"@id":"https:\/\/casadecampoliving.com\/es\/ricardo-bello-nos-presenta-rio-salao-mision-posible-la-reinvencion-de-un-barrio\/#breadcrumb"},"inLanguage":"es","potentialAction":[{"@type":"ReadAction","target":["https:\/\/casadecampoliving.com\/es\/ricardo-bello-nos-presenta-rio-salao-mision-posible-la-reinvencion-de-un-barrio\/"]}]},{"@type":"ImageObject","inLanguage":"es","@id":"https:\/\/casadecampoliving.com\/es\/ricardo-bello-nos-presenta-rio-salao-mision-posible-la-reinvencion-de-un-barrio\/#primaryimage","url":"https:\/\/i0.wp.com\/casadecampoliving.com\/wp-content\/uploads\/2022\/10\/rio_salao_la_romana1-1.jpg?fit=650%2C397&ssl=1","contentUrl":"https:\/\/i0.wp.com\/casadecampoliving.com\/wp-content\/uploads\/2022\/10\/rio_salao_la_romana1-1.jpg?fit=650%2C397&ssl=1","width":650,"height":397,"caption":"Rio Salao La Romana"},{"@type":"BreadcrumbList","@id":"https:\/\/casadecampoliving.com\/es\/ricardo-bello-nos-presenta-rio-salao-mision-posible-la-reinvencion-de-un-barrio\/#breadcrumb","itemListElement":[{"@type":"ListItem","position":1,"name":"Home","item":"https:\/\/casadecampoliving.com\/es\/"},{"@type":"ListItem","position":2,"name":"Ricardo Bello nos presenta a &#8220;Rio Salao: Misi\u00f3n Posible&#8221; &#8211; la reinvenci\u00f3n de un barrio"}]},{"@type":"WebSite","@id":"https:\/\/casadecampoliving.com\/es\/#website","url":"https:\/\/casadecampoliving.com\/es\/","name":"Casa de Campo Living","description":"Resort community news and resources.","publisher":{"@id":"https:\/\/casadecampoliving.com\/es\/#organization"},"potentialAction":[{"@type":"SearchAction","target":{"@type":"EntryPoint","urlTemplate":"https:\/\/casadecampoliving.com\/es\/?s={search_term_string}"},"query-input":{"@type":"PropertyValueSpecification","valueRequired":true,"valueName":"search_term_string"}}],"inLanguage":"es"},{"@type":"Organization","@id":"https:\/\/casadecampoliving.com\/es\/#organization","name":"Casa de Campo Living","url":"https:\/\/casadecampoliving.com\/es\/","logo":{"@type":"ImageObject","inLanguage":"es","@id":"https:\/\/casadecampoliving.com\/es\/#\/schema\/logo\/image\/","url":"https:\/\/i0.wp.com\/casadecampoliving.com\/wp-content\/uploads\/2022\/07\/CDCLivingLogo_V1-white-sized.png?fit=800%2C214&ssl=1","contentUrl":"https:\/\/i0.wp.com\/casadecampoliving.com\/wp-content\/uploads\/2022\/07\/CDCLivingLogo_V1-white-sized.png?fit=800%2C214&ssl=1","width":800,"height":214,"caption":"Casa de Campo Living"},"image":{"@id":"https:\/\/casadecampoliving.com\/es\/#\/schema\/logo\/image\/"},"sameAs":["https:\/\/www.facebook.com\/casadecampoliving","https:\/\/x.com\/cdcliving"]},{"@type":"Person","@id":"https:\/\/casadecampoliving.com\/es\/#\/schema\/person\/bde9253359bd80f29448cb1dee503f4d","name":"Lenny Castillo","image":{"@type":"ImageObject","inLanguage":"es","@id":"https:\/\/secure.gravatar.com\/avatar\/7dfd1a6dc314579a5019d4ffdf4f2d34c70345f2bbbdae3b5bb2aca665d89299?s=96&d=mm&r=g","url":"https:\/\/secure.gravatar.com\/avatar\/7dfd1a6dc314579a5019d4ffdf4f2d34c70345f2bbbdae3b5bb2aca665d89299?s=96&d=mm&r=g","contentUrl":"https:\/\/secure.gravatar.com\/avatar\/7dfd1a6dc314579a5019d4ffdf4f2d34c70345f2bbbdae3b5bb2aca665d89299?s=96&d=mm&r=g","caption":"Lenny Castillo"},"url":"https:\/\/casadecampoliving.com\/es\/author\/lcastillo\/"}]}},"parsely":{"version":"1.1.0","canonical_url":"https:\/\/casadecampoliving.com\/es\/ricardo-bello-nos-presenta-rio-salao-mision-posible-la-reinvencion-de-un-barrio\/","smart_links":{"inbound":0,"outbound":0},"traffic_boost_suggestions_count":0,"meta":{"@context":"https:\/\/schema.org","@type":"NewsArticle","headline":"Ricardo Bello nos presenta a \u00abRio Salao: Misi\u00f3n Posible\u00bb &#8211; la reinvenci\u00f3n de un barrio","url":"http:\/\/casadecampoliving.com\/es\/ricardo-bello-nos-presenta-rio-salao-mision-posible-la-reinvencion-de-un-barrio\/","mainEntityOfPage":{"@type":"WebPage","@id":"http:\/\/casadecampoliving.com\/es\/ricardo-bello-nos-presenta-rio-salao-mision-posible-la-reinvencion-de-un-barrio\/"},"thumbnailUrl":"https:\/\/i0.wp.com\/casadecampoliving.com\/wp-content\/uploads\/2022\/10\/rio_salao_la_romana1-1.jpg?resize=150%2C150&ssl=1","image":{"@type":"ImageObject","url":"https:\/\/i0.wp.com\/casadecampoliving.com\/wp-content\/uploads\/2022\/10\/rio_salao_la_romana1-1.jpg?fit=650%2C397&ssl=1"},"articleSection":"Destacados","author":[{"@type":"Person","name":"Lenny Castillo"}],"creator":["Lenny Castillo"],"publisher":{"@type":"Organization","name":"Casa de Campo Living","logo":"https:\/\/casadecampoliving.com\/wp-content\/uploads\/2022\/07\/CDCLivingLogo_V1-white-sized.png"},"keywords":["la romana","ricardo bello","rio salao"],"dateCreated":"2013-09-18T04:00:00Z","datePublished":"2013-09-18T04:00:00Z","dateModified":"2022-10-21T22:50:56Z"},"rendered":"<script type=\"application\/ld+json\" class=\"wp-parsely-metadata\">{\"@context\":\"https:\\\/\\\/schema.org\",\"@type\":\"NewsArticle\",\"headline\":\"Ricardo Bello nos presenta a \\u00abRio Salao: Misi\\u00f3n Posible\\u00bb &#8211; la reinvenci\\u00f3n de un barrio\",\"url\":\"http:\\\/\\\/casadecampoliving.com\\\/es\\\/ricardo-bello-nos-presenta-rio-salao-mision-posible-la-reinvencion-de-un-barrio\\\/\",\"mainEntityOfPage\":{\"@type\":\"WebPage\",\"@id\":\"http:\\\/\\\/casadecampoliving.com\\\/es\\\/ricardo-bello-nos-presenta-rio-salao-mision-posible-la-reinvencion-de-un-barrio\\\/\"},\"thumbnailUrl\":\"https:\\\/\\\/i0.wp.com\\\/casadecampoliving.com\\\/wp-content\\\/uploads\\\/2022\\\/10\\\/rio_salao_la_romana1-1.jpg?resize=150%2C150&ssl=1\",\"image\":{\"@type\":\"ImageObject\",\"url\":\"https:\\\/\\\/i0.wp.com\\\/casadecampoliving.com\\\/wp-content\\\/uploads\\\/2022\\\/10\\\/rio_salao_la_romana1-1.jpg?fit=650%2C397&ssl=1\"},\"articleSection\":\"Destacados\",\"author\":[{\"@type\":\"Person\",\"name\":\"Lenny Castillo\"}],\"creator\":[\"Lenny Castillo\"],\"publisher\":{\"@type\":\"Organization\",\"name\":\"Casa de Campo Living\",\"logo\":\"https:\\\/\\\/casadecampoliving.com\\\/wp-content\\\/uploads\\\/2022\\\/07\\\/CDCLivingLogo_V1-white-sized.png\"},\"keywords\":[\"la romana\",\"ricardo bello\",\"rio salao\"],\"dateCreated\":\"2013-09-18T04:00:00Z\",\"datePublished\":\"2013-09-18T04:00:00Z\",\"dateModified\":\"2022-10-21T22:50:56Z\"}<\/script>","tracker_url":"https:\/\/cdn.parsely.com\/keys\/casadecampoliving.com\/p.js"},"jetpack_publicize_connections":[],"jetpack_featured_media_url":"https:\/\/i0.wp.com\/casadecampoliving.com\/wp-content\/uploads\/2022\/10\/rio_salao_la_romana1-1.jpg?fit=650%2C397&ssl=1","jetpack-related-posts":[{"id":344475,"url":"https:\/\/casadecampoliving.com\/es\/serigrafias-de-bido-en-pro-de-rio-salao\/","url_meta":{"origin":342925,"position":0},"title":"Su oportunidad para obtener una serigraf\u00eda de Bid\u00f3","author":"Gerolis Lagrage Zabala","date":"29 May, 2014","format":false,"excerpt":"Las 40 serigraf\u00edas del fenecido maestro C\u00e1ndido Bid\u00f3, tituladas \u201cMi familia\u201d se encuentran a la venta en la Fundaci\u00f3n R\u00edo Salao. Cada una est\u00e1 seriada y firmada por el artista. Donada por el director de la Escuela de Bellas Artes de La Romana, Ricardo Bello, a beneficio del Proyecto R\u00edo\u2026","rel":"","context":"En \u00abArte y cultura\u00bb","block_context":{"text":"Arte y cultura","link":"https:\/\/casadecampoliving.com\/category\/arte-y-cultura\/"},"img":{"alt_text":"","src":"https:\/\/i0.wp.com\/casadecampoliving.com\/wp-content\/uploads\/2014\/05\/Candido_Bido_header-.jpg?resize=350%2C200&ssl=1","width":350,"height":200,"srcset":"https:\/\/i0.wp.com\/casadecampoliving.com\/wp-content\/uploads\/2014\/05\/Candido_Bido_header-.jpg?resize=350%2C200&ssl=1 1x, https:\/\/i0.wp.com\/casadecampoliving.com\/wp-content\/uploads\/2014\/05\/Candido_Bido_header-.jpg?resize=525%2C300&ssl=1 1.5x, https:\/\/i0.wp.com\/casadecampoliving.com\/wp-content\/uploads\/2014\/05\/Candido_Bido_header-.jpg?resize=700%2C400&ssl=1 2x, https:\/\/i0.wp.com\/casadecampoliving.com\/wp-content\/uploads\/2014\/05\/Candido_Bido_header-.jpg?resize=1050%2C600&ssl=1 3x, https:\/\/i0.wp.com\/casadecampoliving.com\/wp-content\/uploads\/2014\/05\/Candido_Bido_header-.jpg?resize=1400%2C800&ssl=1 4x"},"classes":[]},{"id":322704,"url":"https:\/\/casadecampoliving.com\/recreat\/","url_meta":{"origin":342925,"position":1},"title":"Ricardo Bello introduces us to \u00abRio Salao: Misi\u00f3n Posible\u00bb &#8211; the reinvention of a neighborhood","author":"Rebecca Silvestri","date":"18 Sep, 2013","format":false,"excerpt":"As you drive over the river going into La Romana from Casa de Campo, you probably look out towards the beautiful Caribbean sea. If you look to the other side however, the view is not so pretty. This is the neighborhood of Rio Salao, simple cement and wooden houses nestled\u2026","rel":"","context":"En \u00abBeyond Casa\u00bb","block_context":{"text":"Beyond Casa","link":"https:\/\/casadecampoliving.com\/category\/beyond-casa\/"},"img":{"alt_text":"Rio Salao La Romana","src":"https:\/\/i0.wp.com\/casadecampoliving.com\/wp-content\/uploads\/2022\/10\/rio_salao_la_romana1-1.jpg?fit=650%2C397&ssl=1&resize=350%2C200","width":350,"height":200,"srcset":"https:\/\/i0.wp.com\/casadecampoliving.com\/wp-content\/uploads\/2022\/10\/rio_salao_la_romana1-1.jpg?fit=650%2C397&ssl=1&resize=350%2C200 1x, https:\/\/i0.wp.com\/casadecampoliving.com\/wp-content\/uploads\/2022\/10\/rio_salao_la_romana1-1.jpg?fit=650%2C397&ssl=1&resize=525%2C300 1.5x"},"classes":[]},{"id":323633,"url":"https:\/\/casadecampoliving.com\/serigraphs-bido-favor-rio-salao\/","url_meta":{"origin":342925,"position":2},"title":"Your chance to own a serigraph by Candido Bid\u00f3","author":"Gerolis Lagrage Zabala","date":"29 May, 2014","format":false,"excerpt":"40 serigraphs produced by the deceased master, Candido Bid\u00f3, titled \u201cMi Familia\u201d are on sale in aid of the Fundaci\u00f3n Rio Salao. Each one is serialed and signed by the artist. Donated by the director of the Escuela de Bellas Artes de La Roman, Ricardo Bello, to benefit the Rio\u2026","rel":"","context":"En \u00abArt and Culture\u00bb","block_context":{"text":"Art and Culture","link":"https:\/\/casadecampoliving.com\/category\/art-and-culture\/"},"img":{"alt_text":"","src":"https:\/\/i0.wp.com\/casadecampoliving.com\/wp-content\/uploads\/2014\/05\/Candido_Bido_header-.jpg?resize=350%2C200&ssl=1","width":350,"height":200,"srcset":"https:\/\/i0.wp.com\/casadecampoliving.com\/wp-content\/uploads\/2014\/05\/Candido_Bido_header-.jpg?resize=350%2C200&ssl=1 1x, https:\/\/i0.wp.com\/casadecampoliving.com\/wp-content\/uploads\/2014\/05\/Candido_Bido_header-.jpg?resize=525%2C300&ssl=1 1.5x, https:\/\/i0.wp.com\/casadecampoliving.com\/wp-content\/uploads\/2014\/05\/Candido_Bido_header-.jpg?resize=700%2C400&ssl=1 2x, https:\/\/i0.wp.com\/casadecampoliving.com\/wp-content\/uploads\/2014\/05\/Candido_Bido_header-.jpg?resize=1050%2C600&ssl=1 3x, https:\/\/i0.wp.com\/casadecampoliving.com\/wp-content\/uploads\/2014\/05\/Candido_Bido_header-.jpg?resize=1400%2C800&ssl=1 4x"},"classes":[]},{"id":348343,"url":"https:\/\/casadecampoliving.com\/es\/una-otra-romana-aldea-cultural-santa-rosa-de-lima-2\/","url_meta":{"origin":342925,"position":3},"title":"\u00abUna Otra Romana\u00bb por Gianfraco Fini en la Aldea Cultural Santa Rosa de Lima","author":"Felix Guerrero","date":"2 Oct, 2015","format":false,"excerpt":"La semana pasada compartimos el m\u00e1s reciente trabajo del Arquitecto Gianfranco Fini en\u00a0la Casa de Campo Marina, la renovaci\u00f3n del Supermercado Nacional. Dado\u00a0que su arte va m\u00e1s all\u00e1 de la arquitectura, le invitamos cordialmente a conocer un poco de su trabajo fotogr\u00e1fico. Jenny Polanco, principal promotora de la\u00a0Aldea Cultural Santa\u2026","rel":"","context":"En \u00abArte y cultura\u00bb","block_context":{"text":"Arte y cultura","link":"https:\/\/casadecampoliving.com\/category\/arte-y-cultura\/"},"img":{"alt_text":"Una Otra Romana","src":"https:\/\/i0.wp.com\/casadecampoliving.com\/wp-content\/uploads\/2022\/10\/Una-Otra-Romana-1.jpg?fit=650%2C400&ssl=1&resize=350%2C200","width":350,"height":200,"srcset":"https:\/\/i0.wp.com\/casadecampoliving.com\/wp-content\/uploads\/2022\/10\/Una-Otra-Romana-1.jpg?fit=650%2C400&ssl=1&resize=350%2C200 1x, https:\/\/i0.wp.com\/casadecampoliving.com\/wp-content\/uploads\/2022\/10\/Una-Otra-Romana-1.jpg?fit=650%2C400&ssl=1&resize=525%2C300 1.5x"},"classes":[]},{"id":326510,"url":"https:\/\/casadecampoliving.com\/una-otra-romana-aldea-cultural-santa-rosa-de-lima\/","url_meta":{"origin":342925,"position":4},"title":"\u00abUna Otra Romana\u00bb by Gianfraco Fini at the Aldea Cultural Santa Rosa de Lima","author":"Felix Guerrero","date":"2 Oct, 2015","format":false,"excerpt":"Last week we shared Architect Gianfranco Fini\u2019s most recent work for the Casa de Campo Marina, the Nacional Supermarket renovation. Given that his artistry goes beyond architecture, we cordially invite you to get to know some of his photographic work.\u00a0Jenny Polanco, \u00a0the Aldea Cultural Santa Rosa de Lima\u2019s leading champion,\u2026","rel":"","context":"En \u00abArt and Culture\u00bb","block_context":{"text":"Art and Culture","link":"https:\/\/casadecampoliving.com\/category\/art-and-culture\/"},"img":{"alt_text":"Una Otra Romana","src":"https:\/\/i0.wp.com\/casadecampoliving.com\/wp-content\/uploads\/2022\/10\/Una-Otra-Romana-1.jpg?fit=650%2C400&ssl=1&resize=350%2C200","width":350,"height":200,"srcset":"https:\/\/i0.wp.com\/casadecampoliving.com\/wp-content\/uploads\/2022\/10\/Una-Otra-Romana-1.jpg?fit=650%2C400&ssl=1&resize=350%2C200 1x, https:\/\/i0.wp.com\/casadecampoliving.com\/wp-content\/uploads\/2022\/10\/Una-Otra-Romana-1.jpg?fit=650%2C400&ssl=1&resize=525%2C300 1.5x"},"classes":[]},{"id":324335,"url":"https:\/\/casadecampoliving.com\/casa-de-campo-mozos-famosos\/","url_meta":{"origin":342925,"position":5},"title":"Casa de Campo &#038; La Romana personalities to wait tables at Mozos Famosos dinner","author":"Rebecca Silvestri","date":"26 Sep, 2014","format":false,"excerpt":"40 members of the Casa de Campo & La Romana community have come together to wait tables at an upcoming fundraising event; \u201cFiesta de los Mozos Famosos\u201d.\u00a0 These local \u201ccelebrities\u201d, myself (Rebecca Hughes) included, will act as the waiters and waitresses throughout the entire event \u2013 no doubt much to\u2026","rel":"","context":"En \u00abBeyond Casa\u00bb","block_context":{"text":"Beyond Casa","link":"https:\/\/casadecampoliving.com\/category\/beyond-casa\/"},"img":{"alt_text":"mozos famosos","src":"https:\/\/i0.wp.com\/casadecampoliving.com\/wp-content\/uploads\/2022\/10\/mozos_famosos3-1.jpg?fit=650%2C370&ssl=1&resize=350%2C200","width":350,"height":200,"srcset":"https:\/\/i0.wp.com\/casadecampoliving.com\/wp-content\/uploads\/2022\/10\/mozos_famosos3-1.jpg?fit=650%2C370&ssl=1&resize=350%2C200 1x, https:\/\/i0.wp.com\/casadecampoliving.com\/wp-content\/uploads\/2022\/10\/mozos_famosos3-1.jpg?fit=650%2C370&ssl=1&resize=525%2C300 1.5x"},"classes":[]}],"jetpack_sharing_enabled":true,"_links":{"self":[{"href":"https:\/\/casadecampoliving.com\/es\/wp-json\/wp\/v2\/posts\/342925","targetHints":{"allow":["GET"]}}],"collection":[{"href":"https:\/\/casadecampoliving.com\/es\/wp-json\/wp\/v2\/posts"}],"about":[{"href":"https:\/\/casadecampoliving.com\/es\/wp-json\/wp\/v2\/types\/post"}],"author":[{"embeddable":true,"href":"https:\/\/casadecampoliving.com\/es\/wp-json\/wp\/v2\/users\/392"}],"replies":[{"embeddable":true,"href":"https:\/\/casadecampoliving.com\/es\/wp-json\/wp\/v2\/comments?post=342925"}],"version-history":[{"count":1,"href":"https:\/\/casadecampoliving.com\/es\/wp-json\/wp\/v2\/posts\/342925\/revisions"}],"predecessor-version":[{"id":342926,"href":"https:\/\/casadecampoliving.com\/es\/wp-json\/wp\/v2\/posts\/342925\/revisions\/342926"}],"wp:featuredmedia":[{"embeddable":true,"href":"https:\/\/casadecampoliving.com\/es\/wp-json\/wp\/v2\/media\/271303"}],"wp:attachment":[{"href":"https:\/\/casadecampoliving.com\/es\/wp-json\/wp\/v2\/media?parent=342925"}],"wp:term":[{"taxonomy":"category","embeddable":true,"href":"https:\/\/casadecampoliving.com\/es\/wp-json\/wp\/v2\/categories?post=342925"},{"taxonomy":"post_tag","embeddable":true,"href":"https:\/\/casadecampoliving.com\/es\/wp-json\/wp\/v2\/tags?post=342925"},{"taxonomy":"newspack_spnsrs_tax","embeddable":true,"href":"https:\/\/casadecampoliving.com\/es\/wp-json\/wp\/v2\/newspack_spnsrs_tax?post=342925"}],"curies":[{"name":"wp","href":"https:\/\/api.w.org\/{rel}","templated":true}]}}