{"id":342915,"date":"2013-09-18T00:00:00","date_gmt":"2013-09-18T04:00:00","guid":{"rendered":"https:\/\/casadecampoliving.com\/la-fundacion-mir-celebra-su-vigesimo-tercer-retiro-espiritual-del-4-al-6-de-septiembre\/"},"modified":"2022-10-21T18:50:37","modified_gmt":"2022-10-21T22:50:37","slug":"la-fundacion-mir-celebra-su-vigesimo-tercer-retiro-espiritual-del-4-al-6-de-septiembre","status":"publish","type":"post","link":"https:\/\/casadecampoliving.com\/es\/la-fundacion-mir-celebra-su-vigesimo-tercer-retiro-espiritual-del-4-al-6-de-septiembre\/","title":{"rendered":"La Fundaci\u00f3n MIR celebra su vig\u00e9simo tercer Retiro Espiritual del 4 al 6 de septiembre"},"content":{"rendered":"<div class=\"wp-block-image\">\n<figure class=\"aligncenter is-resized\"><img loading=\"lazy\" decoding=\"async\" src=\"https:\/\/i0.wp.com\/casadecampoliving.com\/wp-content\/uploads\/2022\/10\/fundacion_MIR_retiro_carismatico.jpg?resize=650%2C295&amp;ssl=1\" alt=\"Fundacion MIR Retiro Carismatico\" class=\"wp-image-77933\" height=\"295\" width=\"650\"\/><\/figure>\n<\/div>\n\n\n<p>Cada a\u00f1o la Fundaci\u00f3n MIR, acoge el \u201cEl Retiro Carism\u00e1tico\u201d, o tambi\u00e9n conocido como \u201cretiro espiritual\u201d. El objetivo de esta reuni\u00f3n espiritual de 3 d\u00edas es abrir los corazones de la gente de diferentes regiones de la Rep\u00fablica Dominicana, a abrazar la religi\u00f3n y compartir el conocimiento b\u00edblico.<\/p>\n\n\n\n<p>Este a\u00f1o, el tema del retiro es <em><strong>\u201cLa fe Que sana y salva\u201d<\/strong><\/em>, y como es tradici\u00f3n, el retiro est\u00e1 abierto a todos, ni\u00f1os, j\u00f3venes y adultos, y es completamente gratis.<\/p>\n\n\n\n<!--more-->\n\n\n\n<p>Todas las actividades se realizaran en el Centro de Conferencias Cacique en el Hotel Resort Casa de Campo &nbsp;en La Romana \u2013 a excepci\u00f3n de la misa para la curaci\u00f3n de los enfermos, que tomara lugar en el Club San Mart\u00edn de Porres ubicado en Las Piedras La Romana el s\u00e1bado por la noche el 5 de octubre a las 6:30 pm. Transporte gratuito desde y hacia cada actividad partir\u00e1 diariamente desde los \u201cObelisco\u201d La Romana.<\/p>\n\n\n\n<p>A continuaci\u00f3n la programaci\u00f3n completa del evento:<\/p>\n\n\n<div class=\"wp-block-image\">\n<figure class=\"aligncenter is-resized\"><img loading=\"lazy\" decoding=\"async\" src=\"https:\/\/i0.wp.com\/casadecampoliving.com\/wp-content\/uploads\/2022\/10\/fundacion_MIR_retiro_carismatico1.jpg?resize=650%2C1046&amp;ssl=1\" alt=\"Fundacion MIR Retiro Carismatico\" class=\"wp-image-77936\" height=\"1046\" width=\"650\"\/><\/figure>\n<\/div>\n\n\n<p><strong>Para mas informacion y contacto:<\/strong><\/p>\n\n\n\n<ul class=\"wp-block-list\"><li>Fundaci\u00f3n MIR: 809-523-8270<\/li><\/ul>\n\n\n\n<blockquote><figure><img decoding=\"async\" loading=\"lazy\" class=\"aligncenter size-full wp-image-59066\" title=\"lyanne_lian_norberto_azqueta\" alt=\"lyanne lian norbeto azqueta\" src=\"https:\/\/i0.wp.com\/casadecampoliving.com\/wp-content\/uploads\/2022\/10\/lyanne_lian_norberto_azqueta.jpg?resize=650%2C428&amp;ssl=1\" width=\"650\" height=\"428\"><\/figure><p><a href=\"https:\/\/casadecampoliving.com\/es\/la-fundacion-mir-celebra-un-gozoso-xxii-retiro-carismatico-de-asistencia-masiva-en-casa-de-campo\/\"><strong><span style=\"text-decoration: underline;\">Fundaci\u00f3n MIR celebra un retiro espiritual alegres en Casa de Campo<\/span><\/strong><\/a><br>\n<strong><\/strong><\/p><p>Desde el viernes 28 hasta el domingo 30 de septiembre del 2012, la Fundaci\u00f3n MIR celebr\u00f3 los 22 anos de su Retiro espiritual anual, un evento que se ha vuelto tradicional en Casa de Campo, reuniendo a cientos de miembros de la comunidad de Casa de Campo La Romana.<\/p><p><a href=\"https:\/\/casadecampoliving.com\/es\/la-fundacion-mir-celebra-un-gozoso-xxii-retiro-carismatico-de-asistencia-masiva-en-casa-de-campo\/\">Haga click aqui para ver fotos de la historia completa<\/a><\/p><\/blockquote>\n","protected":false},"excerpt":{"rendered":"<p>Cada a\u00f1o la Fundaci\u00f3n MIR, acoge el \u201cEl Retiro Carism\u00e1tico\u201d, o tambi\u00e9n conocido como \u201cretiro espiritual\u201d. El objetivo de esta reuni\u00f3n espiritual de 3 d\u00edas es abrir los corazones de la gente de diferentes regiones de la Rep\u00fablica Dominicana, a abrazar la religi\u00f3n y compartir el conocimiento b\u00edblico. Este a\u00f1o, el tema del retiro es [&hellip;]<\/p>\n","protected":false},"author":392,"featured_media":270955,"comment_status":"closed","ping_status":"closed","sticky":false,"template":"","format":"standard","meta":{"newspack_ads_suppress_ads":false,"newspack_popups_has_disabled_popups":false,"newspack_sponsor_sponsorship_scope":"","newspack_sponsor_native_byline_display":"inherit","newspack_sponsor_native_category_display":"inherit","newspack_sponsor_underwriter_style":"inherit","newspack_sponsor_underwriter_placement":"inherit","_newspack_byline_active":false,"_newspack_byline":"","newspack_hide_updated_date":false,"newspack_show_updated_date":false,"newspack_content_restriction_is_exempt":false,"newspack_featured_image_position":"","newspack_post_subtitle":"","newspack_article_summary_title":"Overview:","newspack_article_summary":"","_jetpack_memberships_contains_paid_content":false,"footnotes":"","jetpack_publicize_message":"","jetpack_publicize_feature_enabled":true,"jetpack_social_post_already_shared":false,"jetpack_social_options":{"image_generator_settings":{"template":"highway","default_image_id":0,"font":"","enabled":false},"version":2},"_wpas_customize_per_network":false},"categories":[2524,14631,2522,2515,2514,14625,14627],"tags":[3626,24715,7523],"newspack_spnsrs_tax":[],"class_list":["post-342915","post","type-post","status-publish","format-standard","has-post-thumbnail","hentry","category-destacados","category-estilo-de-vida","category-eventos-es","category-fundacion-mir-es","category-fundaciones-es","category-noticias-locales","category-proximamente","tag-casa-de-campo-es","tag-fundacion-mir-es","tag-retiro","entry"],"yoast_head":"<!-- This site is optimized with the Yoast SEO plugin v27.5 - https:\/\/yoast.com\/product\/yoast-seo-wordpress\/ -->\n<title>La Fundaci\u00f3n MIR celebra su vig\u00e9simo tercer Retiro Espiritual del 4 al 6 de septiembre | Casa de Campo Living<\/title>\n<meta name=\"description\" content=\"Cada a\u00f1o la Fundaci\u00f3n MIR, acoge el \u201cEl Retiro Carism\u00e1tico\u201d, o tambi\u00e9n conocido como \u201cretiro espiritual\u201d. El objetivo de esta reuni\u00f3n espiritual de 3 d\u00edas\" \/>\n<meta name=\"robots\" content=\"index, follow, max-snippet:-1, max-image-preview:large, max-video-preview:-1\" \/>\n<link rel=\"canonical\" href=\"https:\/\/casadecampoliving.com\/es\/la-fundacion-mir-celebra-su-vigesimo-tercer-retiro-espiritual-del-4-al-6-de-septiembre\/\" \/>\n<meta property=\"og:locale\" content=\"es_ES\" \/>\n<meta property=\"og:type\" content=\"article\" \/>\n<meta property=\"og:title\" content=\"La Fundaci\u00f3n MIR celebra su vig\u00e9simo tercer Retiro Espiritual del 4 al 6 de septiembre | Casa de Campo Living\" \/>\n<meta property=\"og:description\" content=\"Cada a\u00f1o la Fundaci\u00f3n MIR, acoge el \u201cEl Retiro Carism\u00e1tico\u201d, o tambi\u00e9n conocido como \u201cretiro espiritual\u201d. El objetivo de esta reuni\u00f3n espiritual de 3 d\u00edas\" \/>\n<meta property=\"og:url\" content=\"https:\/\/casadecampoliving.com\/es\/la-fundacion-mir-celebra-su-vigesimo-tercer-retiro-espiritual-del-4-al-6-de-septiembre\/\" \/>\n<meta property=\"og:site_name\" content=\"Casa de Campo Living\" \/>\n<meta property=\"article:publisher\" content=\"https:\/\/www.facebook.com\/casadecampoliving\" \/>\n<meta property=\"article:published_time\" content=\"2013-09-18T04:00:00+00:00\" \/>\n<meta property=\"article:modified_time\" content=\"2022-10-21T22:50:37+00:00\" \/>\n<meta property=\"og:image\" content=\"https:\/\/i0.wp.com\/casadecampoliving.com\/wp-content\/uploads\/2022\/10\/fundacion_MIR_retiro_carismatico-1.jpg?fit=650%2C295&ssl=1\" \/>\n\t<meta property=\"og:image:width\" content=\"650\" \/>\n\t<meta property=\"og:image:height\" content=\"295\" \/>\n\t<meta property=\"og:image:type\" content=\"image\/jpeg\" \/>\n<meta name=\"author\" content=\"Lenny Castillo\" \/>\n<meta name=\"twitter:card\" content=\"summary_large_image\" \/>\n<meta name=\"twitter:creator\" content=\"@cdcliving\" \/>\n<meta name=\"twitter:site\" content=\"@cdcliving\" \/>\n<meta name=\"twitter:label1\" content=\"Escrito por\" \/>\n\t<meta name=\"twitter:data1\" content=\"Lenny Castillo\" \/>\n\t<meta name=\"twitter:label2\" content=\"Tiempo de lectura\" \/>\n\t<meta name=\"twitter:data2\" content=\"1 minuto\" \/>\n<script type=\"application\/ld+json\" class=\"yoast-schema-graph\">{\"@context\":\"https:\\\/\\\/schema.org\",\"@graph\":[{\"@type\":\"Article\",\"@id\":\"https:\\\/\\\/casadecampoliving.com\\\/es\\\/la-fundacion-mir-celebra-su-vigesimo-tercer-retiro-espiritual-del-4-al-6-de-septiembre\\\/#article\",\"isPartOf\":{\"@id\":\"https:\\\/\\\/casadecampoliving.com\\\/es\\\/la-fundacion-mir-celebra-su-vigesimo-tercer-retiro-espiritual-del-4-al-6-de-septiembre\\\/\"},\"author\":{\"name\":\"Lenny Castillo\",\"@id\":\"https:\\\/\\\/casadecampoliving.com\\\/es\\\/#\\\/schema\\\/person\\\/bde9253359bd80f29448cb1dee503f4d\"},\"headline\":\"La Fundaci\u00f3n MIR celebra su vig\u00e9simo tercer Retiro Espiritual del 4 al 6 de septiembre\",\"datePublished\":\"2013-09-18T04:00:00+00:00\",\"dateModified\":\"2022-10-21T22:50:37+00:00\",\"mainEntityOfPage\":{\"@id\":\"https:\\\/\\\/casadecampoliving.com\\\/es\\\/la-fundacion-mir-celebra-su-vigesimo-tercer-retiro-espiritual-del-4-al-6-de-septiembre\\\/\"},\"wordCount\":271,\"publisher\":{\"@id\":\"https:\\\/\\\/casadecampoliving.com\\\/es\\\/#organization\"},\"image\":{\"@id\":\"https:\\\/\\\/casadecampoliving.com\\\/es\\\/la-fundacion-mir-celebra-su-vigesimo-tercer-retiro-espiritual-del-4-al-6-de-septiembre\\\/#primaryimage\"},\"thumbnailUrl\":\"https:\\\/\\\/i0.wp.com\\\/casadecampoliving.com\\\/wp-content\\\/uploads\\\/2022\\\/10\\\/fundacion_MIR_retiro_carismatico-1.jpg?fit=650%2C295&ssl=1\",\"keywords\":[\"casa de campo @es\",\"Fundacion MIR\",\"Retiro\"],\"articleSection\":[\"Destacados\",\"Estilo de Vida\",\"Eventos\",\"Fundaci\u00f3n MIR @es\",\"Fundaciones\",\"Noticias Locales\",\"Proximamente\"],\"inLanguage\":\"es\"},{\"@type\":\"WebPage\",\"@id\":\"https:\\\/\\\/casadecampoliving.com\\\/es\\\/la-fundacion-mir-celebra-su-vigesimo-tercer-retiro-espiritual-del-4-al-6-de-septiembre\\\/\",\"url\":\"https:\\\/\\\/casadecampoliving.com\\\/es\\\/la-fundacion-mir-celebra-su-vigesimo-tercer-retiro-espiritual-del-4-al-6-de-septiembre\\\/\",\"name\":\"La Fundaci\u00f3n MIR celebra su vig\u00e9simo tercer Retiro Espiritual del 4 al 6 de septiembre | Casa de Campo Living\",\"isPartOf\":{\"@id\":\"https:\\\/\\\/casadecampoliving.com\\\/es\\\/#website\"},\"primaryImageOfPage\":{\"@id\":\"https:\\\/\\\/casadecampoliving.com\\\/es\\\/la-fundacion-mir-celebra-su-vigesimo-tercer-retiro-espiritual-del-4-al-6-de-septiembre\\\/#primaryimage\"},\"image\":{\"@id\":\"https:\\\/\\\/casadecampoliving.com\\\/es\\\/la-fundacion-mir-celebra-su-vigesimo-tercer-retiro-espiritual-del-4-al-6-de-septiembre\\\/#primaryimage\"},\"thumbnailUrl\":\"https:\\\/\\\/i0.wp.com\\\/casadecampoliving.com\\\/wp-content\\\/uploads\\\/2022\\\/10\\\/fundacion_MIR_retiro_carismatico-1.jpg?fit=650%2C295&ssl=1\",\"datePublished\":\"2013-09-18T04:00:00+00:00\",\"dateModified\":\"2022-10-21T22:50:37+00:00\",\"description\":\"Cada a\u00f1o la Fundaci\u00f3n MIR, acoge el \u201cEl Retiro Carism\u00e1tico\u201d, o tambi\u00e9n conocido como \u201cretiro espiritual\u201d. El objetivo de esta reuni\u00f3n espiritual de 3 d\u00edas\",\"breadcrumb\":{\"@id\":\"https:\\\/\\\/casadecampoliving.com\\\/es\\\/la-fundacion-mir-celebra-su-vigesimo-tercer-retiro-espiritual-del-4-al-6-de-septiembre\\\/#breadcrumb\"},\"inLanguage\":\"es\",\"potentialAction\":[{\"@type\":\"ReadAction\",\"target\":[\"https:\\\/\\\/casadecampoliving.com\\\/es\\\/la-fundacion-mir-celebra-su-vigesimo-tercer-retiro-espiritual-del-4-al-6-de-septiembre\\\/\"]}]},{\"@type\":\"ImageObject\",\"inLanguage\":\"es\",\"@id\":\"https:\\\/\\\/casadecampoliving.com\\\/es\\\/la-fundacion-mir-celebra-su-vigesimo-tercer-retiro-espiritual-del-4-al-6-de-septiembre\\\/#primaryimage\",\"url\":\"https:\\\/\\\/i0.wp.com\\\/casadecampoliving.com\\\/wp-content\\\/uploads\\\/2022\\\/10\\\/fundacion_MIR_retiro_carismatico-1.jpg?fit=650%2C295&ssl=1\",\"contentUrl\":\"https:\\\/\\\/i0.wp.com\\\/casadecampoliving.com\\\/wp-content\\\/uploads\\\/2022\\\/10\\\/fundacion_MIR_retiro_carismatico-1.jpg?fit=650%2C295&ssl=1\",\"width\":650,\"height\":295,\"caption\":\"Fundacion MIR Retiro Carismatico\"},{\"@type\":\"BreadcrumbList\",\"@id\":\"https:\\\/\\\/casadecampoliving.com\\\/es\\\/la-fundacion-mir-celebra-su-vigesimo-tercer-retiro-espiritual-del-4-al-6-de-septiembre\\\/#breadcrumb\",\"itemListElement\":[{\"@type\":\"ListItem\",\"position\":1,\"name\":\"Home\",\"item\":\"https:\\\/\\\/casadecampoliving.com\\\/es\\\/\"},{\"@type\":\"ListItem\",\"position\":2,\"name\":\"La Fundaci\u00f3n MIR celebra su vig\u00e9simo tercer Retiro Espiritual del 4 al 6 de septiembre\"}]},{\"@type\":\"WebSite\",\"@id\":\"https:\\\/\\\/casadecampoliving.com\\\/es\\\/#website\",\"url\":\"https:\\\/\\\/casadecampoliving.com\\\/es\\\/\",\"name\":\"Casa de Campo Living\",\"description\":\"Resort community news and resources.\",\"publisher\":{\"@id\":\"https:\\\/\\\/casadecampoliving.com\\\/es\\\/#organization\"},\"potentialAction\":[{\"@type\":\"SearchAction\",\"target\":{\"@type\":\"EntryPoint\",\"urlTemplate\":\"https:\\\/\\\/casadecampoliving.com\\\/es\\\/?s={search_term_string}\"},\"query-input\":{\"@type\":\"PropertyValueSpecification\",\"valueRequired\":true,\"valueName\":\"search_term_string\"}}],\"inLanguage\":\"es\"},{\"@type\":\"Organization\",\"@id\":\"https:\\\/\\\/casadecampoliving.com\\\/es\\\/#organization\",\"name\":\"Casa de Campo Living\",\"url\":\"https:\\\/\\\/casadecampoliving.com\\\/es\\\/\",\"logo\":{\"@type\":\"ImageObject\",\"inLanguage\":\"es\",\"@id\":\"https:\\\/\\\/casadecampoliving.com\\\/es\\\/#\\\/schema\\\/logo\\\/image\\\/\",\"url\":\"https:\\\/\\\/i0.wp.com\\\/casadecampoliving.com\\\/wp-content\\\/uploads\\\/2022\\\/07\\\/CDCLivingLogo_V1-white-sized.png?fit=800%2C214&ssl=1\",\"contentUrl\":\"https:\\\/\\\/i0.wp.com\\\/casadecampoliving.com\\\/wp-content\\\/uploads\\\/2022\\\/07\\\/CDCLivingLogo_V1-white-sized.png?fit=800%2C214&ssl=1\",\"width\":800,\"height\":214,\"caption\":\"Casa de Campo Living\"},\"image\":{\"@id\":\"https:\\\/\\\/casadecampoliving.com\\\/es\\\/#\\\/schema\\\/logo\\\/image\\\/\"},\"sameAs\":[\"https:\\\/\\\/www.facebook.com\\\/casadecampoliving\",\"https:\\\/\\\/x.com\\\/cdcliving\"]},{\"@type\":\"Person\",\"@id\":\"https:\\\/\\\/casadecampoliving.com\\\/es\\\/#\\\/schema\\\/person\\\/bde9253359bd80f29448cb1dee503f4d\",\"name\":\"Lenny Castillo\",\"image\":{\"@type\":\"ImageObject\",\"inLanguage\":\"es\",\"@id\":\"https:\\\/\\\/secure.gravatar.com\\\/avatar\\\/7dfd1a6dc314579a5019d4ffdf4f2d34c70345f2bbbdae3b5bb2aca665d89299?s=96&d=mm&r=g\",\"url\":\"https:\\\/\\\/secure.gravatar.com\\\/avatar\\\/7dfd1a6dc314579a5019d4ffdf4f2d34c70345f2bbbdae3b5bb2aca665d89299?s=96&d=mm&r=g\",\"contentUrl\":\"https:\\\/\\\/secure.gravatar.com\\\/avatar\\\/7dfd1a6dc314579a5019d4ffdf4f2d34c70345f2bbbdae3b5bb2aca665d89299?s=96&d=mm&r=g\",\"caption\":\"Lenny Castillo\"},\"url\":\"https:\\\/\\\/casadecampoliving.com\\\/es\\\/author\\\/lcastillo\\\/\"}]}<\/script>\n<!-- \/ Yoast SEO plugin. -->","yoast_head_json":{"title":"La Fundaci\u00f3n MIR celebra su vig\u00e9simo tercer Retiro Espiritual del 4 al 6 de septiembre | Casa de Campo Living","description":"Cada a\u00f1o la Fundaci\u00f3n MIR, acoge el \u201cEl Retiro Carism\u00e1tico\u201d, o tambi\u00e9n conocido como \u201cretiro espiritual\u201d. El objetivo de esta reuni\u00f3n espiritual de 3 d\u00edas","robots":{"index":"index","follow":"follow","max-snippet":"max-snippet:-1","max-image-preview":"max-image-preview:large","max-video-preview":"max-video-preview:-1"},"canonical":"https:\/\/casadecampoliving.com\/es\/la-fundacion-mir-celebra-su-vigesimo-tercer-retiro-espiritual-del-4-al-6-de-septiembre\/","og_locale":"es_ES","og_type":"article","og_title":"La Fundaci\u00f3n MIR celebra su vig\u00e9simo tercer Retiro Espiritual del 4 al 6 de septiembre | Casa de Campo Living","og_description":"Cada a\u00f1o la Fundaci\u00f3n MIR, acoge el \u201cEl Retiro Carism\u00e1tico\u201d, o tambi\u00e9n conocido como \u201cretiro espiritual\u201d. El objetivo de esta reuni\u00f3n espiritual de 3 d\u00edas","og_url":"https:\/\/casadecampoliving.com\/es\/la-fundacion-mir-celebra-su-vigesimo-tercer-retiro-espiritual-del-4-al-6-de-septiembre\/","og_site_name":"Casa de Campo Living","article_publisher":"https:\/\/www.facebook.com\/casadecampoliving","article_published_time":"2013-09-18T04:00:00+00:00","article_modified_time":"2022-10-21T22:50:37+00:00","og_image":[{"width":650,"height":295,"url":"https:\/\/i0.wp.com\/casadecampoliving.com\/wp-content\/uploads\/2022\/10\/fundacion_MIR_retiro_carismatico-1.jpg?fit=650%2C295&ssl=1","type":"image\/jpeg"}],"author":"Lenny Castillo","twitter_card":"summary_large_image","twitter_creator":"@cdcliving","twitter_site":"@cdcliving","twitter_misc":{"Escrito por":"Lenny Castillo","Tiempo de lectura":"1 minuto"},"schema":{"@context":"https:\/\/schema.org","@graph":[{"@type":"Article","@id":"https:\/\/casadecampoliving.com\/es\/la-fundacion-mir-celebra-su-vigesimo-tercer-retiro-espiritual-del-4-al-6-de-septiembre\/#article","isPartOf":{"@id":"https:\/\/casadecampoliving.com\/es\/la-fundacion-mir-celebra-su-vigesimo-tercer-retiro-espiritual-del-4-al-6-de-septiembre\/"},"author":{"name":"Lenny Castillo","@id":"https:\/\/casadecampoliving.com\/es\/#\/schema\/person\/bde9253359bd80f29448cb1dee503f4d"},"headline":"La Fundaci\u00f3n MIR celebra su vig\u00e9simo tercer Retiro Espiritual del 4 al 6 de septiembre","datePublished":"2013-09-18T04:00:00+00:00","dateModified":"2022-10-21T22:50:37+00:00","mainEntityOfPage":{"@id":"https:\/\/casadecampoliving.com\/es\/la-fundacion-mir-celebra-su-vigesimo-tercer-retiro-espiritual-del-4-al-6-de-septiembre\/"},"wordCount":271,"publisher":{"@id":"https:\/\/casadecampoliving.com\/es\/#organization"},"image":{"@id":"https:\/\/casadecampoliving.com\/es\/la-fundacion-mir-celebra-su-vigesimo-tercer-retiro-espiritual-del-4-al-6-de-septiembre\/#primaryimage"},"thumbnailUrl":"https:\/\/i0.wp.com\/casadecampoliving.com\/wp-content\/uploads\/2022\/10\/fundacion_MIR_retiro_carismatico-1.jpg?fit=650%2C295&ssl=1","keywords":["casa de campo @es","Fundacion MIR","Retiro"],"articleSection":["Destacados","Estilo de Vida","Eventos","Fundaci\u00f3n MIR @es","Fundaciones","Noticias Locales","Proximamente"],"inLanguage":"es"},{"@type":"WebPage","@id":"https:\/\/casadecampoliving.com\/es\/la-fundacion-mir-celebra-su-vigesimo-tercer-retiro-espiritual-del-4-al-6-de-septiembre\/","url":"https:\/\/casadecampoliving.com\/es\/la-fundacion-mir-celebra-su-vigesimo-tercer-retiro-espiritual-del-4-al-6-de-septiembre\/","name":"La Fundaci\u00f3n MIR celebra su vig\u00e9simo tercer Retiro Espiritual del 4 al 6 de septiembre | Casa de Campo Living","isPartOf":{"@id":"https:\/\/casadecampoliving.com\/es\/#website"},"primaryImageOfPage":{"@id":"https:\/\/casadecampoliving.com\/es\/la-fundacion-mir-celebra-su-vigesimo-tercer-retiro-espiritual-del-4-al-6-de-septiembre\/#primaryimage"},"image":{"@id":"https:\/\/casadecampoliving.com\/es\/la-fundacion-mir-celebra-su-vigesimo-tercer-retiro-espiritual-del-4-al-6-de-septiembre\/#primaryimage"},"thumbnailUrl":"https:\/\/i0.wp.com\/casadecampoliving.com\/wp-content\/uploads\/2022\/10\/fundacion_MIR_retiro_carismatico-1.jpg?fit=650%2C295&ssl=1","datePublished":"2013-09-18T04:00:00+00:00","dateModified":"2022-10-21T22:50:37+00:00","description":"Cada a\u00f1o la Fundaci\u00f3n MIR, acoge el \u201cEl Retiro Carism\u00e1tico\u201d, o tambi\u00e9n conocido como \u201cretiro espiritual\u201d. El objetivo de esta reuni\u00f3n espiritual de 3 d\u00edas","breadcrumb":{"@id":"https:\/\/casadecampoliving.com\/es\/la-fundacion-mir-celebra-su-vigesimo-tercer-retiro-espiritual-del-4-al-6-de-septiembre\/#breadcrumb"},"inLanguage":"es","potentialAction":[{"@type":"ReadAction","target":["https:\/\/casadecampoliving.com\/es\/la-fundacion-mir-celebra-su-vigesimo-tercer-retiro-espiritual-del-4-al-6-de-septiembre\/"]}]},{"@type":"ImageObject","inLanguage":"es","@id":"https:\/\/casadecampoliving.com\/es\/la-fundacion-mir-celebra-su-vigesimo-tercer-retiro-espiritual-del-4-al-6-de-septiembre\/#primaryimage","url":"https:\/\/i0.wp.com\/casadecampoliving.com\/wp-content\/uploads\/2022\/10\/fundacion_MIR_retiro_carismatico-1.jpg?fit=650%2C295&ssl=1","contentUrl":"https:\/\/i0.wp.com\/casadecampoliving.com\/wp-content\/uploads\/2022\/10\/fundacion_MIR_retiro_carismatico-1.jpg?fit=650%2C295&ssl=1","width":650,"height":295,"caption":"Fundacion MIR Retiro Carismatico"},{"@type":"BreadcrumbList","@id":"https:\/\/casadecampoliving.com\/es\/la-fundacion-mir-celebra-su-vigesimo-tercer-retiro-espiritual-del-4-al-6-de-septiembre\/#breadcrumb","itemListElement":[{"@type":"ListItem","position":1,"name":"Home","item":"https:\/\/casadecampoliving.com\/es\/"},{"@type":"ListItem","position":2,"name":"La Fundaci\u00f3n MIR celebra su vig\u00e9simo tercer Retiro Espiritual del 4 al 6 de septiembre"}]},{"@type":"WebSite","@id":"https:\/\/casadecampoliving.com\/es\/#website","url":"https:\/\/casadecampoliving.com\/es\/","name":"Casa de Campo Living","description":"Resort community news and resources.","publisher":{"@id":"https:\/\/casadecampoliving.com\/es\/#organization"},"potentialAction":[{"@type":"SearchAction","target":{"@type":"EntryPoint","urlTemplate":"https:\/\/casadecampoliving.com\/es\/?s={search_term_string}"},"query-input":{"@type":"PropertyValueSpecification","valueRequired":true,"valueName":"search_term_string"}}],"inLanguage":"es"},{"@type":"Organization","@id":"https:\/\/casadecampoliving.com\/es\/#organization","name":"Casa de Campo Living","url":"https:\/\/casadecampoliving.com\/es\/","logo":{"@type":"ImageObject","inLanguage":"es","@id":"https:\/\/casadecampoliving.com\/es\/#\/schema\/logo\/image\/","url":"https:\/\/i0.wp.com\/casadecampoliving.com\/wp-content\/uploads\/2022\/07\/CDCLivingLogo_V1-white-sized.png?fit=800%2C214&ssl=1","contentUrl":"https:\/\/i0.wp.com\/casadecampoliving.com\/wp-content\/uploads\/2022\/07\/CDCLivingLogo_V1-white-sized.png?fit=800%2C214&ssl=1","width":800,"height":214,"caption":"Casa de Campo Living"},"image":{"@id":"https:\/\/casadecampoliving.com\/es\/#\/schema\/logo\/image\/"},"sameAs":["https:\/\/www.facebook.com\/casadecampoliving","https:\/\/x.com\/cdcliving"]},{"@type":"Person","@id":"https:\/\/casadecampoliving.com\/es\/#\/schema\/person\/bde9253359bd80f29448cb1dee503f4d","name":"Lenny Castillo","image":{"@type":"ImageObject","inLanguage":"es","@id":"https:\/\/secure.gravatar.com\/avatar\/7dfd1a6dc314579a5019d4ffdf4f2d34c70345f2bbbdae3b5bb2aca665d89299?s=96&d=mm&r=g","url":"https:\/\/secure.gravatar.com\/avatar\/7dfd1a6dc314579a5019d4ffdf4f2d34c70345f2bbbdae3b5bb2aca665d89299?s=96&d=mm&r=g","contentUrl":"https:\/\/secure.gravatar.com\/avatar\/7dfd1a6dc314579a5019d4ffdf4f2d34c70345f2bbbdae3b5bb2aca665d89299?s=96&d=mm&r=g","caption":"Lenny Castillo"},"url":"https:\/\/casadecampoliving.com\/es\/author\/lcastillo\/"}]}},"parsely":{"version":"1.1.0","canonical_url":"https:\/\/casadecampoliving.com\/es\/la-fundacion-mir-celebra-su-vigesimo-tercer-retiro-espiritual-del-4-al-6-de-septiembre\/","smart_links":{"inbound":0,"outbound":0},"traffic_boost_suggestions_count":0,"meta":{"@context":"https:\/\/schema.org","@type":"NewsArticle","headline":"La Fundaci\u00f3n MIR celebra su vig\u00e9simo tercer Retiro Espiritual del 4 al 6 de septiembre","url":"http:\/\/casadecampoliving.com\/es\/la-fundacion-mir-celebra-su-vigesimo-tercer-retiro-espiritual-del-4-al-6-de-septiembre\/","mainEntityOfPage":{"@type":"WebPage","@id":"http:\/\/casadecampoliving.com\/es\/la-fundacion-mir-celebra-su-vigesimo-tercer-retiro-espiritual-del-4-al-6-de-septiembre\/"},"thumbnailUrl":"https:\/\/i0.wp.com\/casadecampoliving.com\/wp-content\/uploads\/2022\/10\/fundacion_MIR_retiro_carismatico-1.jpg?resize=150%2C150&ssl=1","image":{"@type":"ImageObject","url":"https:\/\/i0.wp.com\/casadecampoliving.com\/wp-content\/uploads\/2022\/10\/fundacion_MIR_retiro_carismatico-1.jpg?fit=650%2C295&ssl=1"},"articleSection":"Destacados","author":[{"@type":"Person","name":"Lenny Castillo"}],"creator":["Lenny Castillo"],"publisher":{"@type":"Organization","name":"Casa de Campo Living","logo":"https:\/\/casadecampoliving.com\/wp-content\/uploads\/2022\/07\/CDCLivingLogo_V1-white-sized.png"},"keywords":["casa de campo @es","fundacion mir","retiro"],"dateCreated":"2013-09-18T04:00:00Z","datePublished":"2013-09-18T04:00:00Z","dateModified":"2022-10-21T22:50:37Z"},"rendered":"<script type=\"application\/ld+json\" class=\"wp-parsely-metadata\">{\"@context\":\"https:\\\/\\\/schema.org\",\"@type\":\"NewsArticle\",\"headline\":\"La Fundaci\\u00f3n MIR celebra su vig\\u00e9simo tercer Retiro Espiritual del 4 al 6 de septiembre\",\"url\":\"http:\\\/\\\/casadecampoliving.com\\\/es\\\/la-fundacion-mir-celebra-su-vigesimo-tercer-retiro-espiritual-del-4-al-6-de-septiembre\\\/\",\"mainEntityOfPage\":{\"@type\":\"WebPage\",\"@id\":\"http:\\\/\\\/casadecampoliving.com\\\/es\\\/la-fundacion-mir-celebra-su-vigesimo-tercer-retiro-espiritual-del-4-al-6-de-septiembre\\\/\"},\"thumbnailUrl\":\"https:\\\/\\\/i0.wp.com\\\/casadecampoliving.com\\\/wp-content\\\/uploads\\\/2022\\\/10\\\/fundacion_MIR_retiro_carismatico-1.jpg?resize=150%2C150&ssl=1\",\"image\":{\"@type\":\"ImageObject\",\"url\":\"https:\\\/\\\/i0.wp.com\\\/casadecampoliving.com\\\/wp-content\\\/uploads\\\/2022\\\/10\\\/fundacion_MIR_retiro_carismatico-1.jpg?fit=650%2C295&ssl=1\"},\"articleSection\":\"Destacados\",\"author\":[{\"@type\":\"Person\",\"name\":\"Lenny Castillo\"}],\"creator\":[\"Lenny Castillo\"],\"publisher\":{\"@type\":\"Organization\",\"name\":\"Casa de Campo Living\",\"logo\":\"https:\\\/\\\/casadecampoliving.com\\\/wp-content\\\/uploads\\\/2022\\\/07\\\/CDCLivingLogo_V1-white-sized.png\"},\"keywords\":[\"casa de campo @es\",\"fundacion mir\",\"retiro\"],\"dateCreated\":\"2013-09-18T04:00:00Z\",\"datePublished\":\"2013-09-18T04:00:00Z\",\"dateModified\":\"2022-10-21T22:50:37Z\"}<\/script>","tracker_url":"https:\/\/cdn.parsely.com\/keys\/casadecampoliving.com\/p.js"},"jetpack_publicize_connections":[],"jetpack_featured_media_url":"https:\/\/i0.wp.com\/casadecampoliving.com\/wp-content\/uploads\/2022\/10\/fundacion_MIR_retiro_carismatico-1.jpg?fit=650%2C295&ssl=1","jetpack-related-posts":[{"id":345472,"url":"https:\/\/casadecampoliving.com\/es\/vigesimocuarto-retiro-carismatico-fundacion-mir\/","url_meta":{"origin":342915,"position":0},"title":"Vigesimocuarto Retiro Carism\u00e1tico Fundaci\u00f3n MIR","author":"Perkin Agramonte","date":"29 Sep, 2014","format":false,"excerpt":"Una vez m\u00e1s la Fundaci\u00f3n MIR, organiza\u00a0el \u201cEl Retiro Carism\u00e1tico\u201d, o tambi\u00e9n conocido como \u201cretiro espiritual\u201d. El objetivo de esta reuni\u00f3n espiritual de 3 d\u00edas es abrir los corazones de la gente de diferentes regiones de la Rep\u00fablica Dominicana, para abrazar la religi\u00f3n y compartir el conocimiento b\u00edblico. Este a\u00f1o,\u2026","rel":"","context":"En \u00abArte y cultura\u00bb","block_context":{"text":"Arte y cultura","link":"https:\/\/casadecampoliving.com\/category\/arte-y-cultura\/"},"img":{"alt_text":"","src":"https:\/\/i0.wp.com\/casadecampoliving.com\/wp-content\/uploads\/2022\/10\/Retiro_Carismatico_1-1.jpg?fit=650%2C403&ssl=1&resize=350%2C200","width":350,"height":200,"srcset":"https:\/\/i0.wp.com\/casadecampoliving.com\/wp-content\/uploads\/2022\/10\/Retiro_Carismatico_1-1.jpg?fit=650%2C403&ssl=1&resize=350%2C200 1x, https:\/\/i0.wp.com\/casadecampoliving.com\/wp-content\/uploads\/2022\/10\/Retiro_Carismatico_1-1.jpg?fit=650%2C403&ssl=1&resize=525%2C300 1.5x"},"classes":[]},{"id":353551,"url":"https:\/\/casadecampoliving.com\/es\/guarde-la-fecha-para-el-xxix-retiro-espiritual-fundacion-mir-19-de-octubre\/","url_meta":{"origin":342915,"position":1},"title":"Guarde la fecha para el XXIX Retiro Espiritual Fundaci\u00f3n MIR: 19 de octubre","author":"Casa de Campo Living","date":"18 Sep, 2019","format":false,"excerpt":"La Fundaci\u00f3n MIR anunci\u00f3 su 29\u00b0 Retiro Carism\u00e1tico 2019 que tendr\u00e1 lugar el s\u00e1bado 19 de octubre a partir de las 8:00 a.m. en el Polit\u00e9cnico Fundaci\u00f3n MIR, ubicado en el Km #2 de la carretera La Romana-Higueral. Este evento se ha celebrado todos los a\u00f1os desde 1990, organizado por\u2026","rel":"","context":"En \u00abEstilo de Vida\u00bb","block_context":{"text":"Estilo de Vida","link":"https:\/\/casadecampoliving.com\/es\/category\/estilo-de-vida\/"},"img":{"alt_text":"","src":"https:\/\/i0.wp.com\/casadecampoliving.com\/wp-content\/uploads\/2022\/10\/Retiro-espiritual-MIR.jpg?fit=1000%2C600&ssl=1&resize=350%2C200","width":350,"height":200,"srcset":"https:\/\/i0.wp.com\/casadecampoliving.com\/wp-content\/uploads\/2022\/10\/Retiro-espiritual-MIR.jpg?fit=1000%2C600&ssl=1&resize=350%2C200 1x, https:\/\/i0.wp.com\/casadecampoliving.com\/wp-content\/uploads\/2022\/10\/Retiro-espiritual-MIR.jpg?fit=1000%2C600&ssl=1&resize=525%2C300 1.5x, https:\/\/i0.wp.com\/casadecampoliving.com\/wp-content\/uploads\/2022\/10\/Retiro-espiritual-MIR.jpg?fit=1000%2C600&ssl=1&resize=700%2C400 2x"},"classes":[]},{"id":343031,"url":"https:\/\/casadecampoliving.com\/es\/celebracion-de-fe-en-el-retiro-espiritual-de-la-fundacion-mir\/","url_meta":{"origin":342915,"position":2},"title":"Celebraci\u00f3n de fe en el Retiro Espiritual de la Fundaci\u00f3n Mir","author":"Lenny Castillo","date":"10 Oct, 2013","format":false,"excerpt":"El pasado fin de semana del 4 al 6 de octubre,La Fundaci\u00f3n Mir celebr\u00f3 el vig\u00e9simo tercer aniversario de su Retiro Espiritual con actividades tanto en Casa de Campo como en La Romana; uniendo a cientos de miembros de Casa de Campo y La Romana. Dicho evento, creado por el\u2026","rel":"","context":"En \u00abDestacados\u00bb","block_context":{"text":"Destacados","link":"https:\/\/casadecampoliving.com\/es\/category\/destacados\/"},"img":{"alt_text":"Fundacion MIR retiro","src":"https:\/\/i0.wp.com\/casadecampoliving.com\/wp-content\/uploads\/2022\/10\/fundacionMIR-retiro-1.jpg?fit=650%2C279&ssl=1&resize=350%2C200","width":350,"height":200,"srcset":"https:\/\/i0.wp.com\/casadecampoliving.com\/wp-content\/uploads\/2022\/10\/fundacionMIR-retiro-1.jpg?fit=650%2C279&ssl=1&resize=350%2C200 1x, https:\/\/i0.wp.com\/casadecampoliving.com\/wp-content\/uploads\/2022\/10\/fundacionMIR-retiro-1.jpg?fit=650%2C279&ssl=1&resize=525%2C300 1.5x"},"classes":[]},{"id":522901,"url":"https:\/\/casadecampoliving.com\/es\/fundacion-mir-announces-30th-spiritual-retreat-mark-your-calendar-for-october-14\/","url_meta":{"origin":342915,"position":3},"title":"La Fundaci\u00f3n MIR anuncia su 30\u00ba Retiro Espiritual: Marque su calendario para el 14 de octubre","author":"Casa de Campo Living","date":"4 Oct, 2023","format":false,"excerpt":"La Fundaci\u00f3n MIR ha anunciado oficialmente su 30\u00ba 'Retiro Carism\u00e1tico' 2023, enfocado en el crecimiento espiritual y la unidad entre generaciones. El evento se llevar\u00e1 a cabo el s\u00e1bado 14 de octubre, a partir de las 8:00 a.m., en el Polit\u00e9cnico Fundaci\u00f3n MIR, ubicado en el Km #2 de la\u2026","rel":"","context":"En \u00abFundaci\u00f3n MIR @es\u00bb","block_context":{"text":"Fundaci\u00f3n MIR @es","link":"https:\/\/casadecampoliving.com\/es\/category\/fundaciones-es\/fundacion-mir-es\/"},"img":{"alt_text":"","src":"https:\/\/i0.wp.com\/casadecampoliving.com\/wp-content\/uploads\/2023\/10\/Fundacion-MIR-Spiritual-Retreat-scaled.jpg?fit=1200%2C900&ssl=1&resize=350%2C200","width":350,"height":200,"srcset":"https:\/\/i0.wp.com\/casadecampoliving.com\/wp-content\/uploads\/2023\/10\/Fundacion-MIR-Spiritual-Retreat-scaled.jpg?fit=1200%2C900&ssl=1&resize=350%2C200 1x, https:\/\/i0.wp.com\/casadecampoliving.com\/wp-content\/uploads\/2023\/10\/Fundacion-MIR-Spiritual-Retreat-scaled.jpg?fit=1200%2C900&ssl=1&resize=525%2C300 1.5x, https:\/\/i0.wp.com\/casadecampoliving.com\/wp-content\/uploads\/2023\/10\/Fundacion-MIR-Spiritual-Retreat-scaled.jpg?fit=1200%2C900&ssl=1&resize=700%2C400 2x, https:\/\/i0.wp.com\/casadecampoliving.com\/wp-content\/uploads\/2023\/10\/Fundacion-MIR-Spiritual-Retreat-scaled.jpg?fit=1200%2C900&ssl=1&resize=1050%2C600 3x"},"classes":[]},{"id":348260,"url":"https:\/\/casadecampoliving.com\/es\/fundacion-mir-retiro-carismatico\/","url_meta":{"origin":342915,"position":4},"title":"Fundaci\u00f3n MIR celebra su 25\u00ba Retiro Carism\u00e1tico: del 2 al 4 de octubre","author":"Perkin Agramonte","date":"15 Sep, 2015","format":false,"excerpt":"Fundaci\u00f3n MIR anunci\u00f3 su 25\u00ba Retiro Carism\u00e1tico 2015, el cual se llevar\u00e1 a cabo del 2 al 4 de octubre en el Centro de Conferencia Flamboyan en Casa de Campo. El objetivo de esta reuni\u00f3n espiritual de 3 d\u00edas es mover\u00a0los corazones de la gente de diferentes regiones de la\u2026","rel":"","context":"En \u00abArte y cultura\u00bb","block_context":{"text":"Arte y cultura","link":"https:\/\/casadecampoliving.com\/category\/arte-y-cultura\/"},"img":{"alt_text":"","src":"https:\/\/i0.wp.com\/casadecampoliving.com\/wp-content\/uploads\/2022\/10\/Retiro_Carismatico-1.jpg?fit=1200%2C992&ssl=1&resize=350%2C200","width":350,"height":200,"srcset":"https:\/\/i0.wp.com\/casadecampoliving.com\/wp-content\/uploads\/2022\/10\/Retiro_Carismatico-1.jpg?fit=1200%2C992&ssl=1&resize=350%2C200 1x, https:\/\/i0.wp.com\/casadecampoliving.com\/wp-content\/uploads\/2022\/10\/Retiro_Carismatico-1.jpg?fit=1200%2C992&ssl=1&resize=525%2C300 1.5x, https:\/\/i0.wp.com\/casadecampoliving.com\/wp-content\/uploads\/2022\/10\/Retiro_Carismatico-1.jpg?fit=1200%2C992&ssl=1&resize=700%2C400 2x, https:\/\/i0.wp.com\/casadecampoliving.com\/wp-content\/uploads\/2022\/10\/Retiro_Carismatico-1.jpg?fit=1200%2C992&ssl=1&resize=1050%2C600 3x"},"classes":[]},{"id":350603,"url":"https:\/\/casadecampoliving.com\/es\/fundacion-mir-celebra-su-26to-retiro-carismatico\/","url_meta":{"origin":342915,"position":5},"title":"La Fundaci\u00f3n MIR celebr\u00f3 su 26to Retiro Carism\u00e1tico anual","author":"Marlenys Guzm\u00e1n Casta\u00f1os","date":"6 Oct, 2016","format":false,"excerpt":"El fin\u00a0de semana pasado, 30 de septiembre al 2\u00a0de octubre, se realiz\u00f3 con \u00e9xito el 26to Retiro Carism\u00e1tico de la Fundaci\u00f3n MIR. El evento anual de 3 por d\u00eda que se ha celebrado en Casa de Campo todos los a\u00f1os desde 1990, organizado por Lian Fanjul de Azqueta y Lyanne\u2026","rel":"","context":"En \u00abEstilo de Vida\u00bb","block_context":{"text":"Estilo de Vida","link":"https:\/\/casadecampoliving.com\/es\/category\/estilo-de-vida\/"},"img":{"alt_text":"","src":"https:\/\/i0.wp.com\/casadecampoliving.com\/wp-content\/uploads\/2022\/10\/Retiro-Carismatico1.jpg?fit=1000%2C600&ssl=1&resize=350%2C200","width":350,"height":200,"srcset":"https:\/\/i0.wp.com\/casadecampoliving.com\/wp-content\/uploads\/2022\/10\/Retiro-Carismatico1.jpg?fit=1000%2C600&ssl=1&resize=350%2C200 1x, https:\/\/i0.wp.com\/casadecampoliving.com\/wp-content\/uploads\/2022\/10\/Retiro-Carismatico1.jpg?fit=1000%2C600&ssl=1&resize=525%2C300 1.5x, https:\/\/i0.wp.com\/casadecampoliving.com\/wp-content\/uploads\/2022\/10\/Retiro-Carismatico1.jpg?fit=1000%2C600&ssl=1&resize=700%2C400 2x"},"classes":[]}],"jetpack_sharing_enabled":true,"_links":{"self":[{"href":"https:\/\/casadecampoliving.com\/es\/wp-json\/wp\/v2\/posts\/342915","targetHints":{"allow":["GET"]}}],"collection":[{"href":"https:\/\/casadecampoliving.com\/es\/wp-json\/wp\/v2\/posts"}],"about":[{"href":"https:\/\/casadecampoliving.com\/es\/wp-json\/wp\/v2\/types\/post"}],"author":[{"embeddable":true,"href":"https:\/\/casadecampoliving.com\/es\/wp-json\/wp\/v2\/users\/392"}],"replies":[{"embeddable":true,"href":"https:\/\/casadecampoliving.com\/es\/wp-json\/wp\/v2\/comments?post=342915"}],"version-history":[{"count":1,"href":"https:\/\/casadecampoliving.com\/es\/wp-json\/wp\/v2\/posts\/342915\/revisions"}],"predecessor-version":[{"id":342916,"href":"https:\/\/casadecampoliving.com\/es\/wp-json\/wp\/v2\/posts\/342915\/revisions\/342916"}],"wp:featuredmedia":[{"embeddable":true,"href":"https:\/\/casadecampoliving.com\/es\/wp-json\/wp\/v2\/media\/270955"}],"wp:attachment":[{"href":"https:\/\/casadecampoliving.com\/es\/wp-json\/wp\/v2\/media?parent=342915"}],"wp:term":[{"taxonomy":"category","embeddable":true,"href":"https:\/\/casadecampoliving.com\/es\/wp-json\/wp\/v2\/categories?post=342915"},{"taxonomy":"post_tag","embeddable":true,"href":"https:\/\/casadecampoliving.com\/es\/wp-json\/wp\/v2\/tags?post=342915"},{"taxonomy":"newspack_spnsrs_tax","embeddable":true,"href":"https:\/\/casadecampoliving.com\/es\/wp-json\/wp\/v2\/newspack_spnsrs_tax?post=342915"}],"curies":[{"name":"wp","href":"https:\/\/api.w.org\/{rel}","templated":true}]}}