{"id":342911,"date":"2013-09-17T00:00:00","date_gmt":"2013-09-17T04:00:00","guid":{"rendered":"https:\/\/casadecampoliving.com\/menu-especial-en-la-piazzetta-para-el-concierto-de-pitbull\/"},"modified":"2022-10-21T18:50:32","modified_gmt":"2022-10-21T22:50:32","slug":"menu-especial-en-la-piazzetta-para-el-concierto-de-pitbull","status":"publish","type":"post","link":"https:\/\/casadecampoliving.com\/es\/menu-especial-en-la-piazzetta-para-el-concierto-de-pitbull\/","title":{"rendered":"Men\u00fa especial en La Piazzetta para el concierto de Pitbull"},"content":{"rendered":"<div class=\"wp-block-image\">\n<figure class=\"aligncenter is-resized\"><img loading=\"lazy\" decoding=\"async\" src=\"https:\/\/i0.wp.com\/casadecampoliving.com\/wp-content\/uploads\/2022\/10\/antipasto.jpg?resize=650%2C369&amp;ssl=1\" alt=\"Antipasto\" class=\"wp-image-77950\" height=\"369\" width=\"650\"\/><\/figure>\n<\/div>\n\n\n<p>Este s\u00e1bado 21 de septiembre es el concierto \u201cPitbull para el Hogar del Ni\u00f1o\u201d en Altos de Chav\u00f3n, y como es tradici\u00f3n, La Piazzetta en Altos de Chav\u00f3n ha creado un men\u00fa especial para cerrar la noche con Pitbull\u2026<\/p>\n\n\n<div class=\"wp-block-image\">\n<figure class=\"alignright is-resized\"><img loading=\"lazy\" decoding=\"async\" src=\"https:\/\/i0.wp.com\/casadecampoliving.com\/wp-content\/uploads\/2022\/10\/300x250pitbull-living-01.jpg?resize=300%2C250&amp;ssl=1\" alt=\"Pitbull\" class=\"wp-image-77951\" height=\"250\" width=\"300\"\/><\/figure>\n<\/div>\n\n\n<p>Un Restaurante mediterr\u00e1neo y r\u00fastico de Casa de Campo, La Piazzetta se encuentra a pocos pasos de la sede anfiteatro Altos de Chav\u00f3n \u2013 por lo que es una opci\u00f3n ideal para la cena cada vez que se celebra un concierto.<\/p>\n\n\n\n<p>Por tan s\u00f3lo $35 EE.UU. por persona, La Piazzetta oferce una comida de 3 platos con una copa de vino incluido, las opciones incluyen la legendaria antipasta italiano y el risotto de setas \u2013 vea el men\u00fa completo a continuaci\u00f3n.<\/p>\n\n\n\n<p>Y si no has conseguido todav\u00eda tus entradas para el concierto de Pitbull \u2013 Date prisa!<\/p>\n\n\n\n<p><a href=\"https:\/\/casadecampoliving.com\/es\/introduciendo-pitbull-hogar-del-nino-organizo-rueda-de-prensa-en-santo-domingo\/\">Haz click aqui para saber los precios de las boletas para el concierto<\/a><\/p>\n\n\n<div class=\"wp-block-image\">\n<figure class=\"aligncenter is-resized\"><img loading=\"lazy\" decoding=\"async\" src=\"https:\/\/i0.wp.com\/casadecampoliving.com\/wp-content\/uploads\/2022\/10\/la_piazzetta_menu1-2.jpg?resize=650%2C1552&amp;ssl=1\" alt=\"La Piazzetta Menu\" class=\"wp-image-77949\" height=\"1552\" width=\"650\"\/><\/figure>\n<\/div>","protected":false},"excerpt":{"rendered":"<p>Este s\u00e1bado 21 de septiembre es el concierto \u201cPitbull para el Hogar del Ni\u00f1o\u201d en Altos de Chav\u00f3n, y como es tradici\u00f3n, La Piazzetta en Altos de Chav\u00f3n ha creado un men\u00fa especial para cerrar la noche con Pitbull\u2026 Un Restaurante mediterr\u00e1neo y r\u00fastico de Casa de Campo, La Piazzetta se encuentra a pocos pasos [&hellip;]<\/p>\n","protected":false},"author":392,"featured_media":271014,"comment_status":"closed","ping_status":"closed","sticky":false,"template":"","format":"standard","meta":{"newspack_ads_suppress_ads":false,"newspack_popups_has_disabled_popups":false,"newspack_sponsor_sponsorship_scope":"","newspack_sponsor_native_byline_display":"inherit","newspack_sponsor_native_category_display":"inherit","newspack_sponsor_underwriter_style":"inherit","newspack_sponsor_underwriter_placement":"inherit","_newspack_byline_active":false,"_newspack_byline":"","newspack_hide_updated_date":false,"newspack_show_updated_date":false,"newspack_content_restriction_is_exempt":false,"newspack_featured_image_position":"","newspack_post_subtitle":"","newspack_article_summary_title":"Overview:","newspack_article_summary":"","_jetpack_memberships_contains_paid_content":false,"footnotes":"","jetpack_publicize_message":"","jetpack_publicize_feature_enabled":true,"jetpack_social_post_already_shared":false,"jetpack_social_options":{"image_generator_settings":{"template":"highway","default_image_id":0,"font":"","enabled":false},"version":2},"_wpas_customize_per_network":false},"categories":[26819,26823,2513,14629,2530,2518,14631,2522,2514,2516,14625,14627,2520,2501],"tags":[15387,2545,4484,6430,7138,2744],"newspack_spnsrs_tax":[],"class_list":["post-342911","post","type-post","status-publish","format-standard","has-post-thumbnail","hentry","category-altos-de-chavon-es","category-arte-y-cultura","category-celebridades-es","category-comidas-bebidas","category-compras-es","category-conciertos-es","category-estilo-de-vida","category-eventos-es","category-fundaciones-es","category-hogar-del-nino-es","category-noticias-locales","category-proximamente","category-restaurantes-es","category-vida-nocturna-es","tag-altos-de-chavon-es","tag-anfiteatro-de-altos-de-chavon","tag-el-hogar-del-nino","tag-la-piazetta-es","tag-pitbull-es","tag-restaurante","entry"],"yoast_head":"<!-- This site is optimized with the Yoast SEO plugin v27.4 - https:\/\/yoast.com\/product\/yoast-seo-wordpress\/ -->\n<title>Men\u00fa especial en La Piazzetta para el concierto de Pitbull | Casa de Campo Living<\/title>\n<meta name=\"description\" content=\"Este s\u00e1bado 21 de septiembre es el concierto \u201cPitbull para el Hogar del Ni\u00f1o\u201d en Altos de Chav\u00f3n, y como es tradici\u00f3n, La Piazzetta en Altos de Chav\u00f3n ha\" \/>\n<meta name=\"robots\" content=\"index, follow, max-snippet:-1, max-image-preview:large, max-video-preview:-1\" \/>\n<link rel=\"canonical\" href=\"https:\/\/casadecampoliving.com\/es\/menu-especial-en-la-piazzetta-para-el-concierto-de-pitbull\/\" \/>\n<meta property=\"og:locale\" content=\"es_ES\" \/>\n<meta property=\"og:type\" content=\"article\" \/>\n<meta property=\"og:title\" content=\"Men\u00fa especial en La Piazzetta para el concierto de Pitbull | Casa de Campo Living\" \/>\n<meta property=\"og:description\" content=\"Este s\u00e1bado 21 de septiembre es el concierto \u201cPitbull para el Hogar del Ni\u00f1o\u201d en Altos de Chav\u00f3n, y como es tradici\u00f3n, La Piazzetta en Altos de Chav\u00f3n ha\" \/>\n<meta property=\"og:url\" content=\"https:\/\/casadecampoliving.com\/es\/menu-especial-en-la-piazzetta-para-el-concierto-de-pitbull\/\" \/>\n<meta property=\"og:site_name\" content=\"Casa de Campo Living\" \/>\n<meta property=\"article:publisher\" content=\"https:\/\/www.facebook.com\/casadecampoliving\" \/>\n<meta property=\"article:published_time\" content=\"2013-09-17T04:00:00+00:00\" \/>\n<meta property=\"article:modified_time\" content=\"2022-10-21T22:50:32+00:00\" \/>\n<meta property=\"og:image\" content=\"https:\/\/i0.wp.com\/casadecampoliving.com\/wp-content\/uploads\/2022\/10\/antipasto-1.jpg?fit=650%2C369&ssl=1\" \/>\n\t<meta property=\"og:image:width\" content=\"650\" \/>\n\t<meta property=\"og:image:height\" content=\"369\" \/>\n\t<meta property=\"og:image:type\" content=\"image\/jpeg\" \/>\n<meta name=\"author\" content=\"Lenny Castillo\" \/>\n<meta name=\"twitter:card\" content=\"summary_large_image\" \/>\n<meta name=\"twitter:creator\" content=\"@cdcliving\" \/>\n<meta name=\"twitter:site\" content=\"@cdcliving\" \/>\n<meta name=\"twitter:label1\" content=\"Escrito por\" \/>\n\t<meta name=\"twitter:data1\" content=\"Lenny Castillo\" \/>\n\t<meta name=\"twitter:label2\" content=\"Tiempo de lectura\" \/>\n\t<meta name=\"twitter:data2\" content=\"1 minuto\" \/>\n<script type=\"application\/ld+json\" class=\"yoast-schema-graph\">{\"@context\":\"https:\\\/\\\/schema.org\",\"@graph\":[{\"@type\":\"Article\",\"@id\":\"https:\\\/\\\/casadecampoliving.com\\\/es\\\/menu-especial-en-la-piazzetta-para-el-concierto-de-pitbull\\\/#article\",\"isPartOf\":{\"@id\":\"https:\\\/\\\/casadecampoliving.com\\\/es\\\/menu-especial-en-la-piazzetta-para-el-concierto-de-pitbull\\\/\"},\"author\":{\"name\":\"Lenny Castillo\",\"@id\":\"https:\\\/\\\/casadecampoliving.com\\\/es\\\/#\\\/schema\\\/person\\\/bde9253359bd80f29448cb1dee503f4d\"},\"headline\":\"Men\u00fa especial en La Piazzetta para el concierto de Pitbull\",\"datePublished\":\"2013-09-17T04:00:00+00:00\",\"dateModified\":\"2022-10-21T22:50:32+00:00\",\"mainEntityOfPage\":{\"@id\":\"https:\\\/\\\/casadecampoliving.com\\\/es\\\/menu-especial-en-la-piazzetta-para-el-concierto-de-pitbull\\\/\"},\"wordCount\":166,\"publisher\":{\"@id\":\"https:\\\/\\\/casadecampoliving.com\\\/es\\\/#organization\"},\"image\":{\"@id\":\"https:\\\/\\\/casadecampoliving.com\\\/es\\\/menu-especial-en-la-piazzetta-para-el-concierto-de-pitbull\\\/#primaryimage\"},\"thumbnailUrl\":\"https:\\\/\\\/i0.wp.com\\\/casadecampoliving.com\\\/wp-content\\\/uploads\\\/2022\\\/10\\\/antipasto-1.jpg?fit=650%2C369&ssl=1\",\"keywords\":[\"Altos de Chavon\",\"anfiteatro de altos de chavon\",\"el hogar del nino\",\"la piazetta @es\",\"pitbull @es\",\"restaurante\"],\"articleSection\":[\"Altos de Chavon @es\",\"Arte y cultura\",\"Celebridades\",\"Comidas &amp; Bebidas\",\"Compras\",\"Conciertos\",\"Estilo de Vida\",\"Eventos\",\"Fundaciones\",\"Hogar del Ni\u00f1o @es\",\"Noticias Locales\",\"Proximamente\",\"Restaurantes\",\"Vida Nocturna\"],\"inLanguage\":\"es\"},{\"@type\":\"WebPage\",\"@id\":\"https:\\\/\\\/casadecampoliving.com\\\/es\\\/menu-especial-en-la-piazzetta-para-el-concierto-de-pitbull\\\/\",\"url\":\"https:\\\/\\\/casadecampoliving.com\\\/es\\\/menu-especial-en-la-piazzetta-para-el-concierto-de-pitbull\\\/\",\"name\":\"Men\u00fa especial en La Piazzetta para el concierto de Pitbull | Casa de Campo Living\",\"isPartOf\":{\"@id\":\"https:\\\/\\\/casadecampoliving.com\\\/es\\\/#website\"},\"primaryImageOfPage\":{\"@id\":\"https:\\\/\\\/casadecampoliving.com\\\/es\\\/menu-especial-en-la-piazzetta-para-el-concierto-de-pitbull\\\/#primaryimage\"},\"image\":{\"@id\":\"https:\\\/\\\/casadecampoliving.com\\\/es\\\/menu-especial-en-la-piazzetta-para-el-concierto-de-pitbull\\\/#primaryimage\"},\"thumbnailUrl\":\"https:\\\/\\\/i0.wp.com\\\/casadecampoliving.com\\\/wp-content\\\/uploads\\\/2022\\\/10\\\/antipasto-1.jpg?fit=650%2C369&ssl=1\",\"datePublished\":\"2013-09-17T04:00:00+00:00\",\"dateModified\":\"2022-10-21T22:50:32+00:00\",\"description\":\"Este s\u00e1bado 21 de septiembre es el concierto \u201cPitbull para el Hogar del Ni\u00f1o\u201d en Altos de Chav\u00f3n, y como es tradici\u00f3n, La Piazzetta en Altos de Chav\u00f3n ha\",\"breadcrumb\":{\"@id\":\"https:\\\/\\\/casadecampoliving.com\\\/es\\\/menu-especial-en-la-piazzetta-para-el-concierto-de-pitbull\\\/#breadcrumb\"},\"inLanguage\":\"es\",\"potentialAction\":[{\"@type\":\"ReadAction\",\"target\":[\"https:\\\/\\\/casadecampoliving.com\\\/es\\\/menu-especial-en-la-piazzetta-para-el-concierto-de-pitbull\\\/\"]}]},{\"@type\":\"ImageObject\",\"inLanguage\":\"es\",\"@id\":\"https:\\\/\\\/casadecampoliving.com\\\/es\\\/menu-especial-en-la-piazzetta-para-el-concierto-de-pitbull\\\/#primaryimage\",\"url\":\"https:\\\/\\\/i0.wp.com\\\/casadecampoliving.com\\\/wp-content\\\/uploads\\\/2022\\\/10\\\/antipasto-1.jpg?fit=650%2C369&ssl=1\",\"contentUrl\":\"https:\\\/\\\/i0.wp.com\\\/casadecampoliving.com\\\/wp-content\\\/uploads\\\/2022\\\/10\\\/antipasto-1.jpg?fit=650%2C369&ssl=1\",\"width\":650,\"height\":369},{\"@type\":\"BreadcrumbList\",\"@id\":\"https:\\\/\\\/casadecampoliving.com\\\/es\\\/menu-especial-en-la-piazzetta-para-el-concierto-de-pitbull\\\/#breadcrumb\",\"itemListElement\":[{\"@type\":\"ListItem\",\"position\":1,\"name\":\"Home\",\"item\":\"https:\\\/\\\/casadecampoliving.com\\\/es\\\/\"},{\"@type\":\"ListItem\",\"position\":2,\"name\":\"Men\u00fa especial en La Piazzetta para el concierto de Pitbull\"}]},{\"@type\":\"WebSite\",\"@id\":\"https:\\\/\\\/casadecampoliving.com\\\/es\\\/#website\",\"url\":\"https:\\\/\\\/casadecampoliving.com\\\/es\\\/\",\"name\":\"Casa de Campo Living\",\"description\":\"Resort community news and resources.\",\"publisher\":{\"@id\":\"https:\\\/\\\/casadecampoliving.com\\\/es\\\/#organization\"},\"potentialAction\":[{\"@type\":\"SearchAction\",\"target\":{\"@type\":\"EntryPoint\",\"urlTemplate\":\"https:\\\/\\\/casadecampoliving.com\\\/es\\\/?s={search_term_string}\"},\"query-input\":{\"@type\":\"PropertyValueSpecification\",\"valueRequired\":true,\"valueName\":\"search_term_string\"}}],\"inLanguage\":\"es\"},{\"@type\":\"Organization\",\"@id\":\"https:\\\/\\\/casadecampoliving.com\\\/es\\\/#organization\",\"name\":\"Casa de Campo Living\",\"url\":\"https:\\\/\\\/casadecampoliving.com\\\/es\\\/\",\"logo\":{\"@type\":\"ImageObject\",\"inLanguage\":\"es\",\"@id\":\"https:\\\/\\\/casadecampoliving.com\\\/es\\\/#\\\/schema\\\/logo\\\/image\\\/\",\"url\":\"https:\\\/\\\/i0.wp.com\\\/casadecampoliving.com\\\/wp-content\\\/uploads\\\/2022\\\/07\\\/CDCLivingLogo_V1-white-sized.png?fit=800%2C214&ssl=1\",\"contentUrl\":\"https:\\\/\\\/i0.wp.com\\\/casadecampoliving.com\\\/wp-content\\\/uploads\\\/2022\\\/07\\\/CDCLivingLogo_V1-white-sized.png?fit=800%2C214&ssl=1\",\"width\":800,\"height\":214,\"caption\":\"Casa de Campo Living\"},\"image\":{\"@id\":\"https:\\\/\\\/casadecampoliving.com\\\/es\\\/#\\\/schema\\\/logo\\\/image\\\/\"},\"sameAs\":[\"https:\\\/\\\/www.facebook.com\\\/casadecampoliving\",\"https:\\\/\\\/x.com\\\/cdcliving\"]},{\"@type\":\"Person\",\"@id\":\"https:\\\/\\\/casadecampoliving.com\\\/es\\\/#\\\/schema\\\/person\\\/bde9253359bd80f29448cb1dee503f4d\",\"name\":\"Lenny Castillo\",\"image\":{\"@type\":\"ImageObject\",\"inLanguage\":\"es\",\"@id\":\"https:\\\/\\\/secure.gravatar.com\\\/avatar\\\/7dfd1a6dc314579a5019d4ffdf4f2d34c70345f2bbbdae3b5bb2aca665d89299?s=96&d=mm&r=g\",\"url\":\"https:\\\/\\\/secure.gravatar.com\\\/avatar\\\/7dfd1a6dc314579a5019d4ffdf4f2d34c70345f2bbbdae3b5bb2aca665d89299?s=96&d=mm&r=g\",\"contentUrl\":\"https:\\\/\\\/secure.gravatar.com\\\/avatar\\\/7dfd1a6dc314579a5019d4ffdf4f2d34c70345f2bbbdae3b5bb2aca665d89299?s=96&d=mm&r=g\",\"caption\":\"Lenny Castillo\"},\"url\":\"https:\\\/\\\/casadecampoliving.com\\\/es\\\/author\\\/lcastillo\\\/\"}]}<\/script>\n<!-- \/ Yoast SEO plugin. -->","yoast_head_json":{"title":"Men\u00fa especial en La Piazzetta para el concierto de Pitbull | Casa de Campo Living","description":"Este s\u00e1bado 21 de septiembre es el concierto \u201cPitbull para el Hogar del Ni\u00f1o\u201d en Altos de Chav\u00f3n, y como es tradici\u00f3n, La Piazzetta en Altos de Chav\u00f3n ha","robots":{"index":"index","follow":"follow","max-snippet":"max-snippet:-1","max-image-preview":"max-image-preview:large","max-video-preview":"max-video-preview:-1"},"canonical":"https:\/\/casadecampoliving.com\/es\/menu-especial-en-la-piazzetta-para-el-concierto-de-pitbull\/","og_locale":"es_ES","og_type":"article","og_title":"Men\u00fa especial en La Piazzetta para el concierto de Pitbull | Casa de Campo Living","og_description":"Este s\u00e1bado 21 de septiembre es el concierto \u201cPitbull para el Hogar del Ni\u00f1o\u201d en Altos de Chav\u00f3n, y como es tradici\u00f3n, La Piazzetta en Altos de Chav\u00f3n ha","og_url":"https:\/\/casadecampoliving.com\/es\/menu-especial-en-la-piazzetta-para-el-concierto-de-pitbull\/","og_site_name":"Casa de Campo Living","article_publisher":"https:\/\/www.facebook.com\/casadecampoliving","article_published_time":"2013-09-17T04:00:00+00:00","article_modified_time":"2022-10-21T22:50:32+00:00","og_image":[{"width":650,"height":369,"url":"https:\/\/i0.wp.com\/casadecampoliving.com\/wp-content\/uploads\/2022\/10\/antipasto-1.jpg?fit=650%2C369&ssl=1","type":"image\/jpeg"}],"author":"Lenny Castillo","twitter_card":"summary_large_image","twitter_creator":"@cdcliving","twitter_site":"@cdcliving","twitter_misc":{"Escrito por":"Lenny Castillo","Tiempo de lectura":"1 minuto"},"schema":{"@context":"https:\/\/schema.org","@graph":[{"@type":"Article","@id":"https:\/\/casadecampoliving.com\/es\/menu-especial-en-la-piazzetta-para-el-concierto-de-pitbull\/#article","isPartOf":{"@id":"https:\/\/casadecampoliving.com\/es\/menu-especial-en-la-piazzetta-para-el-concierto-de-pitbull\/"},"author":{"name":"Lenny Castillo","@id":"https:\/\/casadecampoliving.com\/es\/#\/schema\/person\/bde9253359bd80f29448cb1dee503f4d"},"headline":"Men\u00fa especial en La Piazzetta para el concierto de Pitbull","datePublished":"2013-09-17T04:00:00+00:00","dateModified":"2022-10-21T22:50:32+00:00","mainEntityOfPage":{"@id":"https:\/\/casadecampoliving.com\/es\/menu-especial-en-la-piazzetta-para-el-concierto-de-pitbull\/"},"wordCount":166,"publisher":{"@id":"https:\/\/casadecampoliving.com\/es\/#organization"},"image":{"@id":"https:\/\/casadecampoliving.com\/es\/menu-especial-en-la-piazzetta-para-el-concierto-de-pitbull\/#primaryimage"},"thumbnailUrl":"https:\/\/i0.wp.com\/casadecampoliving.com\/wp-content\/uploads\/2022\/10\/antipasto-1.jpg?fit=650%2C369&ssl=1","keywords":["Altos de Chavon","anfiteatro de altos de chavon","el hogar del nino","la piazetta @es","pitbull @es","restaurante"],"articleSection":["Altos de Chavon @es","Arte y cultura","Celebridades","Comidas &amp; Bebidas","Compras","Conciertos","Estilo de Vida","Eventos","Fundaciones","Hogar del Ni\u00f1o @es","Noticias Locales","Proximamente","Restaurantes","Vida Nocturna"],"inLanguage":"es"},{"@type":"WebPage","@id":"https:\/\/casadecampoliving.com\/es\/menu-especial-en-la-piazzetta-para-el-concierto-de-pitbull\/","url":"https:\/\/casadecampoliving.com\/es\/menu-especial-en-la-piazzetta-para-el-concierto-de-pitbull\/","name":"Men\u00fa especial en La Piazzetta para el concierto de Pitbull | Casa de Campo Living","isPartOf":{"@id":"https:\/\/casadecampoliving.com\/es\/#website"},"primaryImageOfPage":{"@id":"https:\/\/casadecampoliving.com\/es\/menu-especial-en-la-piazzetta-para-el-concierto-de-pitbull\/#primaryimage"},"image":{"@id":"https:\/\/casadecampoliving.com\/es\/menu-especial-en-la-piazzetta-para-el-concierto-de-pitbull\/#primaryimage"},"thumbnailUrl":"https:\/\/i0.wp.com\/casadecampoliving.com\/wp-content\/uploads\/2022\/10\/antipasto-1.jpg?fit=650%2C369&ssl=1","datePublished":"2013-09-17T04:00:00+00:00","dateModified":"2022-10-21T22:50:32+00:00","description":"Este s\u00e1bado 21 de septiembre es el concierto \u201cPitbull para el Hogar del Ni\u00f1o\u201d en Altos de Chav\u00f3n, y como es tradici\u00f3n, La Piazzetta en Altos de Chav\u00f3n ha","breadcrumb":{"@id":"https:\/\/casadecampoliving.com\/es\/menu-especial-en-la-piazzetta-para-el-concierto-de-pitbull\/#breadcrumb"},"inLanguage":"es","potentialAction":[{"@type":"ReadAction","target":["https:\/\/casadecampoliving.com\/es\/menu-especial-en-la-piazzetta-para-el-concierto-de-pitbull\/"]}]},{"@type":"ImageObject","inLanguage":"es","@id":"https:\/\/casadecampoliving.com\/es\/menu-especial-en-la-piazzetta-para-el-concierto-de-pitbull\/#primaryimage","url":"https:\/\/i0.wp.com\/casadecampoliving.com\/wp-content\/uploads\/2022\/10\/antipasto-1.jpg?fit=650%2C369&ssl=1","contentUrl":"https:\/\/i0.wp.com\/casadecampoliving.com\/wp-content\/uploads\/2022\/10\/antipasto-1.jpg?fit=650%2C369&ssl=1","width":650,"height":369},{"@type":"BreadcrumbList","@id":"https:\/\/casadecampoliving.com\/es\/menu-especial-en-la-piazzetta-para-el-concierto-de-pitbull\/#breadcrumb","itemListElement":[{"@type":"ListItem","position":1,"name":"Home","item":"https:\/\/casadecampoliving.com\/es\/"},{"@type":"ListItem","position":2,"name":"Men\u00fa especial en La Piazzetta para el concierto de Pitbull"}]},{"@type":"WebSite","@id":"https:\/\/casadecampoliving.com\/es\/#website","url":"https:\/\/casadecampoliving.com\/es\/","name":"Casa de Campo Living","description":"Resort community news and resources.","publisher":{"@id":"https:\/\/casadecampoliving.com\/es\/#organization"},"potentialAction":[{"@type":"SearchAction","target":{"@type":"EntryPoint","urlTemplate":"https:\/\/casadecampoliving.com\/es\/?s={search_term_string}"},"query-input":{"@type":"PropertyValueSpecification","valueRequired":true,"valueName":"search_term_string"}}],"inLanguage":"es"},{"@type":"Organization","@id":"https:\/\/casadecampoliving.com\/es\/#organization","name":"Casa de Campo Living","url":"https:\/\/casadecampoliving.com\/es\/","logo":{"@type":"ImageObject","inLanguage":"es","@id":"https:\/\/casadecampoliving.com\/es\/#\/schema\/logo\/image\/","url":"https:\/\/i0.wp.com\/casadecampoliving.com\/wp-content\/uploads\/2022\/07\/CDCLivingLogo_V1-white-sized.png?fit=800%2C214&ssl=1","contentUrl":"https:\/\/i0.wp.com\/casadecampoliving.com\/wp-content\/uploads\/2022\/07\/CDCLivingLogo_V1-white-sized.png?fit=800%2C214&ssl=1","width":800,"height":214,"caption":"Casa de Campo Living"},"image":{"@id":"https:\/\/casadecampoliving.com\/es\/#\/schema\/logo\/image\/"},"sameAs":["https:\/\/www.facebook.com\/casadecampoliving","https:\/\/x.com\/cdcliving"]},{"@type":"Person","@id":"https:\/\/casadecampoliving.com\/es\/#\/schema\/person\/bde9253359bd80f29448cb1dee503f4d","name":"Lenny Castillo","image":{"@type":"ImageObject","inLanguage":"es","@id":"https:\/\/secure.gravatar.com\/avatar\/7dfd1a6dc314579a5019d4ffdf4f2d34c70345f2bbbdae3b5bb2aca665d89299?s=96&d=mm&r=g","url":"https:\/\/secure.gravatar.com\/avatar\/7dfd1a6dc314579a5019d4ffdf4f2d34c70345f2bbbdae3b5bb2aca665d89299?s=96&d=mm&r=g","contentUrl":"https:\/\/secure.gravatar.com\/avatar\/7dfd1a6dc314579a5019d4ffdf4f2d34c70345f2bbbdae3b5bb2aca665d89299?s=96&d=mm&r=g","caption":"Lenny Castillo"},"url":"https:\/\/casadecampoliving.com\/es\/author\/lcastillo\/"}]}},"parsely":{"version":"1.1.0","canonical_url":"https:\/\/casadecampoliving.com\/es\/menu-especial-en-la-piazzetta-para-el-concierto-de-pitbull\/","smart_links":{"inbound":0,"outbound":0},"traffic_boost_suggestions_count":0,"meta":{"@context":"https:\/\/schema.org","@type":"NewsArticle","headline":"Men\u00fa especial en La Piazzetta para el concierto de Pitbull","url":"http:\/\/casadecampoliving.com\/es\/menu-especial-en-la-piazzetta-para-el-concierto-de-pitbull\/","mainEntityOfPage":{"@type":"WebPage","@id":"http:\/\/casadecampoliving.com\/es\/menu-especial-en-la-piazzetta-para-el-concierto-de-pitbull\/"},"thumbnailUrl":"https:\/\/i0.wp.com\/casadecampoliving.com\/wp-content\/uploads\/2022\/10\/antipasto-1.jpg?resize=150%2C150&ssl=1","image":{"@type":"ImageObject","url":"https:\/\/i0.wp.com\/casadecampoliving.com\/wp-content\/uploads\/2022\/10\/antipasto-1.jpg?fit=650%2C369&ssl=1"},"articleSection":"Altos de Chavon @es","author":[{"@type":"Person","name":"Lenny Castillo"}],"creator":["Lenny Castillo"],"publisher":{"@type":"Organization","name":"Casa de Campo Living","logo":"https:\/\/casadecampoliving.com\/wp-content\/uploads\/2022\/07\/CDCLivingLogo_V1-white-sized.png"},"keywords":["altos de chavon","anfiteatro de altos de chavon","el hogar del nino","la piazetta @es","pitbull @es","restaurante"],"dateCreated":"2013-09-17T04:00:00Z","datePublished":"2013-09-17T04:00:00Z","dateModified":"2022-10-21T22:50:32Z"},"rendered":"<script type=\"application\/ld+json\" class=\"wp-parsely-metadata\">{\"@context\":\"https:\\\/\\\/schema.org\",\"@type\":\"NewsArticle\",\"headline\":\"Men\\u00fa especial en La Piazzetta para el concierto de Pitbull\",\"url\":\"http:\\\/\\\/casadecampoliving.com\\\/es\\\/menu-especial-en-la-piazzetta-para-el-concierto-de-pitbull\\\/\",\"mainEntityOfPage\":{\"@type\":\"WebPage\",\"@id\":\"http:\\\/\\\/casadecampoliving.com\\\/es\\\/menu-especial-en-la-piazzetta-para-el-concierto-de-pitbull\\\/\"},\"thumbnailUrl\":\"https:\\\/\\\/i0.wp.com\\\/casadecampoliving.com\\\/wp-content\\\/uploads\\\/2022\\\/10\\\/antipasto-1.jpg?resize=150%2C150&ssl=1\",\"image\":{\"@type\":\"ImageObject\",\"url\":\"https:\\\/\\\/i0.wp.com\\\/casadecampoliving.com\\\/wp-content\\\/uploads\\\/2022\\\/10\\\/antipasto-1.jpg?fit=650%2C369&ssl=1\"},\"articleSection\":\"Altos de Chavon @es\",\"author\":[{\"@type\":\"Person\",\"name\":\"Lenny Castillo\"}],\"creator\":[\"Lenny Castillo\"],\"publisher\":{\"@type\":\"Organization\",\"name\":\"Casa de Campo Living\",\"logo\":\"https:\\\/\\\/casadecampoliving.com\\\/wp-content\\\/uploads\\\/2022\\\/07\\\/CDCLivingLogo_V1-white-sized.png\"},\"keywords\":[\"altos de chavon\",\"anfiteatro de altos de chavon\",\"el hogar del nino\",\"la piazetta @es\",\"pitbull @es\",\"restaurante\"],\"dateCreated\":\"2013-09-17T04:00:00Z\",\"datePublished\":\"2013-09-17T04:00:00Z\",\"dateModified\":\"2022-10-21T22:50:32Z\"}<\/script>","tracker_url":"https:\/\/cdn.parsely.com\/keys\/casadecampoliving.com\/p.js"},"jetpack_publicize_connections":[],"jetpack_featured_media_url":"https:\/\/i0.wp.com\/casadecampoliving.com\/wp-content\/uploads\/2022\/10\/antipasto-1.jpg?fit=650%2C369&ssl=1","jetpack-related-posts":[{"id":433460,"url":"https:\/\/casadecampoliving.com\/es\/no-se-pierdan-el-increible-tributo-a-frank-sinatra-para-celebrar-el-40-aniversario-del-anfiteatro-altos-de-chavon\/","url_meta":{"origin":342911,"position":0},"title":"No se pierdan el incre\u00edble tributo a Frank Sinatra para celebrar el 40 aniversario del\u00a0Anfiteatro Altos de Chav\u00f3n","author":"Casa de Campo Living","date":"20 Oct, 2022","format":false,"excerpt":"Siendo uno de los escenarios m\u00e1s emblem\u00e1ticos del pa\u00eds, Casa de Campo Resort\u00ae & Villas celebra las cuatro d\u00e9cadas de aniversario de Altos de Chav\u00f3n con un tributo al gran Frank Sinatra, protagonizado por artistas invitados y una big band tal cual la que acompa\u00f1\u00f3 al artista hace 40 a\u00f1os\u2026","rel":"","context":"En \u00abUncategorized @es\u00bb","block_context":{"text":"Uncategorized @es","link":"https:\/\/casadecampoliving.com\/es\/category\/uncategorized-es\/"},"img":{"alt_text":"","src":"https:\/\/i0.wp.com\/casadecampoliving.com\/wp-content\/uploads\/2022\/10\/Tributo-Frank-Sinatra-Foto-Principal-Amaury-Sanchez-Danilo-Ginebra-Andres-Pichardo-y-Jose-Gabriel-Perez-.jpg?fit=1200%2C873&ssl=1&resize=350%2C200","width":350,"height":200,"srcset":"https:\/\/i0.wp.com\/casadecampoliving.com\/wp-content\/uploads\/2022\/10\/Tributo-Frank-Sinatra-Foto-Principal-Amaury-Sanchez-Danilo-Ginebra-Andres-Pichardo-y-Jose-Gabriel-Perez-.jpg?fit=1200%2C873&ssl=1&resize=350%2C200 1x, https:\/\/i0.wp.com\/casadecampoliving.com\/wp-content\/uploads\/2022\/10\/Tributo-Frank-Sinatra-Foto-Principal-Amaury-Sanchez-Danilo-Ginebra-Andres-Pichardo-y-Jose-Gabriel-Perez-.jpg?fit=1200%2C873&ssl=1&resize=525%2C300 1.5x, https:\/\/i0.wp.com\/casadecampoliving.com\/wp-content\/uploads\/2022\/10\/Tributo-Frank-Sinatra-Foto-Principal-Amaury-Sanchez-Danilo-Ginebra-Andres-Pichardo-y-Jose-Gabriel-Perez-.jpg?fit=1200%2C873&ssl=1&resize=700%2C400 2x, https:\/\/i0.wp.com\/casadecampoliving.com\/wp-content\/uploads\/2022\/10\/Tributo-Frank-Sinatra-Foto-Principal-Amaury-Sanchez-Danilo-Ginebra-Andres-Pichardo-y-Jose-Gabriel-Perez-.jpg?fit=1200%2C873&ssl=1&resize=1050%2C600 3x"},"classes":[]},{"id":322698,"url":"https:\/\/casadecampoliving.com\/special-menu-la-piazzetta-pitbull-concert\/","url_meta":{"origin":342911,"position":1},"title":"Special menu at La Piazzetta for the Pitbull concert","author":"Rebecca Silvestri","date":"17 Sep, 2013","format":false,"excerpt":"This Saturday the 21st of September is the \u201cPitbull for the Hogar del Ni\u00f1o\u201d concert at the Altos de Chav\u00f3n concert, and as is the tradition, La Piazzetta in Altos de Chav\u00f3n has created a special menu to begin or end your night with Pitbull\u2026 Casa de Campo\u2019s rustic Mediterranean\u2026","rel":"","context":"En \u00abAltos de Chavon\u00bb","block_context":{"text":"Altos de Chavon","link":"https:\/\/casadecampoliving.com\/category\/altos-de-chavon\/"},"img":{"alt_text":"Antipasto","src":"https:\/\/i0.wp.com\/casadecampoliving.com\/wp-content\/uploads\/2022\/10\/antipasto-1.jpg?fit=650%2C369&ssl=1&resize=350%2C200","width":350,"height":200,"srcset":"https:\/\/i0.wp.com\/casadecampoliving.com\/wp-content\/uploads\/2022\/10\/antipasto-1.jpg?fit=650%2C369&ssl=1&resize=350%2C200 1x, https:\/\/i0.wp.com\/casadecampoliving.com\/wp-content\/uploads\/2022\/10\/antipasto-1.jpg?fit=650%2C369&ssl=1&resize=525%2C300 1.5x"},"classes":[]},{"id":342617,"url":"https:\/\/casadecampoliving.com\/es\/pitbull-por-el-hogar-del-nino-precios-de-taquillas-han-sido-anunciados\/","url_meta":{"origin":342911,"position":2},"title":"\u00abPitbull por el Hogar del Ni\u00f1o\u00bb &#8211; Precios de taquillas han sido anunciados!","author":"Eliana Alba","date":"30 Jul, 2013","format":false,"excerpt":"El momento que todos hemos estado esperando ha llegado! Luego de haberse anunciado recientemente que Pitbull dar\u00eda un concierto en el Anfiteatro de Altos de Chav\u00f3n en favor del Hogar del Ni\u00f1o todos hemos quedado con deseos de saber m\u00e1s sobre las boletas\u2026\u00a1por lo que aqu\u00ed estamos emocionados por traerles\u2026","rel":"","context":"En \u00abAltos de Chavon @es\u00bb","block_context":{"text":"Altos de Chavon @es","link":"https:\/\/casadecampoliving.com\/category\/altos-de-chavon-es\/"},"img":{"alt_text":"","src":"https:\/\/i0.wp.com\/casadecampoliving.com\/wp-content\/uploads\/2022\/10\/Screen-shot-2013-07-30-at-07.54.40.png?fit=967%2C413&ssl=1&resize=350%2C200","width":350,"height":200,"srcset":"https:\/\/i0.wp.com\/casadecampoliving.com\/wp-content\/uploads\/2022\/10\/Screen-shot-2013-07-30-at-07.54.40.png?fit=967%2C413&ssl=1&resize=350%2C200 1x, https:\/\/i0.wp.com\/casadecampoliving.com\/wp-content\/uploads\/2022\/10\/Screen-shot-2013-07-30-at-07.54.40.png?fit=967%2C413&ssl=1&resize=525%2C300 1.5x, https:\/\/i0.wp.com\/casadecampoliving.com\/wp-content\/uploads\/2022\/10\/Screen-shot-2013-07-30-at-07.54.40.png?fit=967%2C413&ssl=1&resize=700%2C400 2x"},"classes":[]},{"id":342815,"url":"https:\/\/casadecampoliving.com\/es\/introduciendo-pitbull-hogar-del-nino-organizo-rueda-de-prensa-en-santo-domingo\/","url_meta":{"origin":342911,"position":3},"title":"Introduciendo a Pitbull! Hogar del ni\u00f1o organiz\u00f3 rueda de prensa en Santo Domingo","author":"Lenny Castillo","date":"4 Sep, 2013","format":false,"excerpt":"Ayer martes 3 de septiembre, el Hogar del Ni\u00f1o, con el apoyo del resort Casa de Campo organiz\u00f3 una conferencia de prensa en el restaurante Peperoni en Santo Domingo. En la asistencia en la ocasi\u00f3n estuvo a cargo Xiomara Matos, presidenta del Hogar del Ni\u00f1o, quien se dirigi\u00f3 a la\u2026","rel":"","context":"En \u00abAltos de Chavon @es\u00bb","block_context":{"text":"Altos de Chavon @es","link":"https:\/\/casadecampoliving.com\/category\/altos-de-chavon-es\/"},"img":{"alt_text":"Pitbull concert Altos de Chavon","src":"https:\/\/i0.wp.com\/casadecampoliving.com\/wp-content\/uploads\/2022\/10\/pitbull_altos_de_chavon-1.jpg?fit=650%2C488&ssl=1&resize=350%2C200","width":350,"height":200,"srcset":"https:\/\/i0.wp.com\/casadecampoliving.com\/wp-content\/uploads\/2022\/10\/pitbull_altos_de_chavon-1.jpg?fit=650%2C488&ssl=1&resize=350%2C200 1x, https:\/\/i0.wp.com\/casadecampoliving.com\/wp-content\/uploads\/2022\/10\/pitbull_altos_de_chavon-1.jpg?fit=650%2C488&ssl=1&resize=525%2C300 1.5x"},"classes":[]},{"id":342942,"url":"https:\/\/casadecampoliving.com\/es\/fiesta-prom-night-este-sabado-en-genesis\/","url_meta":{"origin":342911,"position":4},"title":"Fiesta \u00abProm night\u00bb este s\u00e1bado en Genesis","author":"Lenny Castillo","date":"19 Sep, 2013","format":false,"excerpt":"Este s\u00e1bado 21 de septiembre se celebra el concierto \u201cPitbull para el Hogar del Ni\u00f1o\u201d en el Anfiteatro de Altos de Chav\u00f3n\u2026 despu\u00e9s puedes continuar la fiesta en la discoteca G\u00e9nesis! Esto fiesta \u201cno oficial\u201d, despu\u00e9s del concierto \u201cPitbull por El Hogar del Ni\u00f1o\u201d, est\u00e1 siendo organizada por Caf\u00e9 Juanita\u2026","rel":"","context":"En \u00abAltos de Chavon @es\u00bb","block_context":{"text":"Altos de Chavon @es","link":"https:\/\/casadecampoliving.com\/category\/altos-de-chavon-es\/"},"img":{"alt_text":"","src":"https:\/\/i0.wp.com\/casadecampoliving.com\/wp-content\/uploads\/2022\/10\/prom_night-1.jpg?fit=717%2C443&ssl=1&resize=350%2C200","width":350,"height":200,"srcset":"https:\/\/i0.wp.com\/casadecampoliving.com\/wp-content\/uploads\/2022\/10\/prom_night-1.jpg?fit=717%2C443&ssl=1&resize=350%2C200 1x, https:\/\/i0.wp.com\/casadecampoliving.com\/wp-content\/uploads\/2022\/10\/prom_night-1.jpg?fit=717%2C443&ssl=1&resize=525%2C300 1.5x, https:\/\/i0.wp.com\/casadecampoliving.com\/wp-content\/uploads\/2022\/10\/prom_night-1.jpg?fit=717%2C443&ssl=1&resize=700%2C400 2x"},"classes":[]},{"id":342589,"url":"https:\/\/casadecampoliving.com\/es\/confirmado-pitbull-viene-en-concierto-a-altos-de-chavon-a-benefico-del-hogar-del-nino\/","url_meta":{"origin":342911,"position":5},"title":"CONFIRMADO! Pitbull viene en concierto a Altos de Chav\u00f3n a beneficio del Hogar del Ni\u00f1o","author":"Rebecca Silvestri","date":"25 Jul, 2013","format":false,"excerpt":"Un concierto de Pitbull viene a Casa de Campo! Y no s\u00f3lo eso\u2026 el evento ser\u00e1\u00a0ben\u00e9fico a causa del Hogar del Ni\u00f1o en La Romana. Xiomara Matos, Presidente del Hogar del Ni\u00f1o, estaba encantada y emocionada de anunciar el concierto de caridad a casadecampoliving.com ayer. \u201cPitbull viene\u201d, nos dijo, que\u2026","rel":"","context":"En \u00abAltos de Chavon @es\u00bb","block_context":{"text":"Altos de Chavon @es","link":"https:\/\/casadecampoliving.com\/category\/altos-de-chavon-es\/"},"img":{"alt_text":"","src":"https:\/\/i0.wp.com\/casadecampoliving.com\/wp-content\/uploads\/2022\/10\/pitbull_concert1.jpg?fit=812%2C410&ssl=1&resize=350%2C200","width":350,"height":200,"srcset":"https:\/\/i0.wp.com\/casadecampoliving.com\/wp-content\/uploads\/2022\/10\/pitbull_concert1.jpg?fit=812%2C410&ssl=1&resize=350%2C200 1x, https:\/\/i0.wp.com\/casadecampoliving.com\/wp-content\/uploads\/2022\/10\/pitbull_concert1.jpg?fit=812%2C410&ssl=1&resize=525%2C300 1.5x, https:\/\/i0.wp.com\/casadecampoliving.com\/wp-content\/uploads\/2022\/10\/pitbull_concert1.jpg?fit=812%2C410&ssl=1&resize=700%2C400 2x"},"classes":[]}],"jetpack_sharing_enabled":true,"_links":{"self":[{"href":"https:\/\/casadecampoliving.com\/es\/wp-json\/wp\/v2\/posts\/342911","targetHints":{"allow":["GET"]}}],"collection":[{"href":"https:\/\/casadecampoliving.com\/es\/wp-json\/wp\/v2\/posts"}],"about":[{"href":"https:\/\/casadecampoliving.com\/es\/wp-json\/wp\/v2\/types\/post"}],"author":[{"embeddable":true,"href":"https:\/\/casadecampoliving.com\/es\/wp-json\/wp\/v2\/users\/392"}],"replies":[{"embeddable":true,"href":"https:\/\/casadecampoliving.com\/es\/wp-json\/wp\/v2\/comments?post=342911"}],"version-history":[{"count":1,"href":"https:\/\/casadecampoliving.com\/es\/wp-json\/wp\/v2\/posts\/342911\/revisions"}],"predecessor-version":[{"id":342912,"href":"https:\/\/casadecampoliving.com\/es\/wp-json\/wp\/v2\/posts\/342911\/revisions\/342912"}],"wp:featuredmedia":[{"embeddable":true,"href":"https:\/\/casadecampoliving.com\/es\/wp-json\/wp\/v2\/media\/271014"}],"wp:attachment":[{"href":"https:\/\/casadecampoliving.com\/es\/wp-json\/wp\/v2\/media?parent=342911"}],"wp:term":[{"taxonomy":"category","embeddable":true,"href":"https:\/\/casadecampoliving.com\/es\/wp-json\/wp\/v2\/categories?post=342911"},{"taxonomy":"post_tag","embeddable":true,"href":"https:\/\/casadecampoliving.com\/es\/wp-json\/wp\/v2\/tags?post=342911"},{"taxonomy":"newspack_spnsrs_tax","embeddable":true,"href":"https:\/\/casadecampoliving.com\/es\/wp-json\/wp\/v2\/newspack_spnsrs_tax?post=342911"}],"curies":[{"name":"wp","href":"https:\/\/api.w.org\/{rel}","templated":true}]}}