{"id":342891,"date":"2013-09-16T00:00:00","date_gmt":"2013-09-16T04:00:00","guid":{"rendered":"https:\/\/casadecampoliving.com\/exhibicion-de-jenny-polanco-disenadora-dominicana\/"},"modified":"2022-11-10T10:46:03","modified_gmt":"2022-11-10T14:46:03","slug":"exhibicion-de-jenny-polanco-disenadora-dominicana","status":"publish","type":"post","link":"https:\/\/casadecampoliving.com\/es\/exhibicion-de-jenny-polanco-disenadora-dominicana\/","title":{"rendered":"Foto shoot de Jenny Polanco con Dalia Fernandez"},"content":{"rendered":"<img data-recalc-dims=\"1\" loading=\"lazy\" decoding=\"async\" class=\"aligncenter size-full wp-image-77750\" alt=\"Dalia Fernandez\" src=\"https:\/\/i0.wp.com\/casadecampoliving.com\/wp-content\/uploads\/2022\/10\/dalia_fernandez-2.jpg?resize=650%2C380&#038;ssl=1\" width=\"650\" height=\"380\" \/>La Ex Miss Rep\u00fablica Dominicana, Dalia Fernandez estuvo en Casa de Campo la semana pasada en una rodaje de moda para la exitosa dise\u00f1adora dominicana Jenny Polanco.\n<img data-recalc-dims=\"1\" loading=\"lazy\" decoding=\"async\" class=\"alignright size-full wp-image-77753\" style=\"margin-left: 15px; margin-right: 15px;\" alt=\"Dalia Fernandez Jenny Polanco\" src=\"https:\/\/i0.wp.com\/casadecampoliving.com\/wp-content\/uploads\/2022\/10\/dalia_fernandez_jenny_polanco1.jpg?resize=300%2C446&#038;ssl=1\" width=\"300\" height=\"446\" \/>\nTras haber lanzado una nueva colecci\u00f3n, Jenny Polanco quien tiene boutiques de moda, tanto en Altos de Chav\u00f3n como en La Marina Casa de Campo, eligi\u00f3 Casa de Campo como el lugar perfecto para el rodaje. El estilo cl\u00e1sico de corte limpio de Jenny Polanco, es la encarnaci\u00f3n de la elegancia compleja, as\u00ed que no podr\u00eda haber elegido un lugar mejor que el resort.\n\nA lo largo del d\u00eda, la ex Miss Rep\u00fablica Dominicana, Dalia Fern\u00e1ndez model\u00f3 una gama de trajes y accesorios en 2 lugares de belleza excepcional, la Marina de Casa de Campo y Villa \u00a0privada con vista al Mar en el barrio cl\u00e1sico de Punta \u00c1guila en Casa de Campo.\n\nTomando un enfoque pr\u00e1ctico para el rodaje estuvo la misma Jenny Polanco, que en el pasado estudi\u00f3 y ense\u00f1\u00f3 en la Escuela de Arte y Dise\u00f1o de Altos de Chav\u00f3n. Jenny pas\u00f3 el d\u00eda estilizando, re estilizando y dirigiendo la sesi\u00f3n para asegurarse que las ropa brillaban a la luz lo mejor posible.<strong>\n<\/strong>\n<img data-recalc-dims=\"1\" loading=\"lazy\" decoding=\"async\" class=\"aligncenter size-full wp-image-77752\" alt=\"Dalia Fernandez Jenny Polanco\" src=\"https:\/\/i0.wp.com\/casadecampoliving.com\/wp-content\/uploads\/2022\/10\/dalia_fernandez_jenny_polanco.jpg?resize=650%2C380&#038;ssl=1\" width=\"650\" height=\"380\" \/>Siendo exhibidos por Dalia Fern\u00e1ndez, en la sesi\u00f3n de foto impresionante hubo vestido de color marr\u00f3n y negro de lino, con hermosos detalles en cuerno, un vestido largo, blanco con el recorte de detalle, as\u00ed como la versi\u00f3n 2013 del cl\u00e1sico de blusas Jenny Polanco.\n\nAccesorios incluidos bolsos de la colecci\u00f3n de Hait\u00ed y de las exclusivas pieles de serpiente JP, as\u00ed como piezas atemporales de Bentrani, Cartier y sandalias de Tory Burch.\n<blockquote>\u00ab<em><strong>La &#8216;colecci\u00f3n de cuerno tallado&#8217; da prominencia a la riqueza artesanal de la Rep\u00fablica Dominicana con el objetivo de mostrar estas extraordinarias piezas con un toque moderno que hace que el usuario se identifique con el arte y la causa.<\/strong><\/em>\n\n<em><strong>Esta colecci\u00f3n forma parte de nuestros dise\u00f1os Oto\u00f1o 2013, y estar\u00e1 en las tiendas a partir de noviembre. Las piezas son de edici\u00f3n limitada, debido a la naturaleza de los detalles cuerno tallados. Esta exposici\u00f3n tambi\u00e9n ser\u00e1 exhibida en Hait\u00ed Semana de la Moda empezando el pr\u00f3ximo s\u00e1bado 21 de septiembre. \u00ab<\/strong><\/em>\n\n&#8212; Jenny Polanco, Dise\u00f1adora Dominicana<\/blockquote>\nLa siguiente colecci\u00f3n de fotos fueron tomadas \u00abdetr\u00e1s de escena\u00bb en la ronda de fotos con la ex miss Rep\u00fablica Dominicana Dalia Fernandez:\u00a0\u00a0<strong>\n<figure class=\"wp-block-gallery has-nested-images columns-default is-cropped wp-block-gallery-1 is-layout-flex wp-block-gallery-is-layout-flex\">\n<figure class=\"wp-block-image size-large\"><img data-recalc-dims=\"1\" loading=\"lazy\" decoding=\"async\" width=\"800\" height=\"600\" data-id=\"405476\" src=\"https:\/\/i0.wp.com\/casadecampoliving.com\/wp-content\/uploads\/2022\/10\/14-jpg-r-nocrop-w1200-h1200.jpg?resize=800%2C600&#038;ssl=1\" alt=\"\" class=\"wp-image-405476\" srcset=\"https:\/\/i0.wp.com\/casadecampoliving.com\/wp-content\/uploads\/2022\/10\/14-jpg-r-nocrop-w1200-h1200.jpg?w=800&amp;ssl=1 800w, https:\/\/i0.wp.com\/casadecampoliving.com\/wp-content\/uploads\/2022\/10\/14-jpg-r-nocrop-w1200-h1200.jpg?resize=300%2C225&amp;ssl=1 300w, https:\/\/i0.wp.com\/casadecampoliving.com\/wp-content\/uploads\/2022\/10\/14-jpg-r-nocrop-w1200-h1200.jpg?resize=768%2C576&amp;ssl=1 768w, https:\/\/i0.wp.com\/casadecampoliving.com\/wp-content\/uploads\/2022\/10\/14-jpg-r-nocrop-w1200-h1200.jpg?resize=400%2C300&amp;ssl=1 400w, https:\/\/i0.wp.com\/casadecampoliving.com\/wp-content\/uploads\/2022\/10\/14-jpg-r-nocrop-w1200-h1200.jpg?resize=200%2C150&amp;ssl=1 200w, https:\/\/i0.wp.com\/casadecampoliving.com\/wp-content\/uploads\/2022\/10\/14-jpg-r-nocrop-w1200-h1200.jpg?resize=706%2C530&amp;ssl=1 706w, https:\/\/i0.wp.com\/casadecampoliving.com\/wp-content\/uploads\/2022\/10\/14-jpg-r-nocrop-w1200-h1200.jpg?resize=150%2C113&amp;ssl=1 150w, https:\/\/i0.wp.com\/casadecampoliving.com\/wp-content\/uploads\/2022\/10\/14-jpg-r-nocrop-w1200-h1200.jpg?w=370&amp;ssl=1 370w\" sizes=\"auto, (max-width: 800px) 100vw, 800px\" \/><\/figure>\n\n\n\n<figure class=\"wp-block-image size-large\"><img data-recalc-dims=\"1\" loading=\"lazy\" decoding=\"async\" width=\"450\" height=\"600\" data-id=\"405502\" src=\"https:\/\/i0.wp.com\/casadecampoliving.com\/wp-content\/uploads\/2022\/10\/4-jpg-r-nocrop-w1200-h1200.jpg?resize=450%2C600&#038;ssl=1\" alt=\"\" class=\"wp-image-405502\" srcset=\"https:\/\/i0.wp.com\/casadecampoliving.com\/wp-content\/uploads\/2022\/10\/4-jpg-r-nocrop-w1200-h1200.jpg?w=450&amp;ssl=1 450w, https:\/\/i0.wp.com\/casadecampoliving.com\/wp-content\/uploads\/2022\/10\/4-jpg-r-nocrop-w1200-h1200.jpg?resize=225%2C300&amp;ssl=1 225w, https:\/\/i0.wp.com\/casadecampoliving.com\/wp-content\/uploads\/2022\/10\/4-jpg-r-nocrop-w1200-h1200.jpg?resize=300%2C400&amp;ssl=1 300w, https:\/\/i0.wp.com\/casadecampoliving.com\/wp-content\/uploads\/2022\/10\/4-jpg-r-nocrop-w1200-h1200.jpg?resize=150%2C200&amp;ssl=1 150w, https:\/\/i0.wp.com\/casadecampoliving.com\/wp-content\/uploads\/2022\/10\/4-jpg-r-nocrop-w1200-h1200.jpg?resize=400%2C533&amp;ssl=1 400w, https:\/\/i0.wp.com\/casadecampoliving.com\/wp-content\/uploads\/2022\/10\/4-jpg-r-nocrop-w1200-h1200.jpg?w=370&amp;ssl=1 370w\" sizes=\"auto, (max-width: 450px) 100vw, 450px\" \/><\/figure>\n\n\n\n<figure class=\"wp-block-image size-large\"><img data-recalc-dims=\"1\" loading=\"lazy\" decoding=\"async\" width=\"800\" height=\"467\" data-id=\"405515\" src=\"https:\/\/i0.wp.com\/casadecampoliving.com\/wp-content\/uploads\/2022\/10\/5-39.jpg?resize=800%2C467&#038;ssl=1\" alt=\"\" class=\"wp-image-405515\" srcset=\"https:\/\/i0.wp.com\/casadecampoliving.com\/wp-content\/uploads\/2022\/10\/5-39.jpg?w=800&amp;ssl=1 800w, https:\/\/i0.wp.com\/casadecampoliving.com\/wp-content\/uploads\/2022\/10\/5-39.jpg?resize=300%2C175&amp;ssl=1 300w, https:\/\/i0.wp.com\/casadecampoliving.com\/wp-content\/uploads\/2022\/10\/5-39.jpg?resize=768%2C448&amp;ssl=1 768w, https:\/\/i0.wp.com\/casadecampoliving.com\/wp-content\/uploads\/2022\/10\/5-39.jpg?resize=400%2C234&amp;ssl=1 400w, https:\/\/i0.wp.com\/casadecampoliving.com\/wp-content\/uploads\/2022\/10\/5-39.jpg?resize=706%2C412&amp;ssl=1 706w, https:\/\/i0.wp.com\/casadecampoliving.com\/wp-content\/uploads\/2022\/10\/5-39.jpg?resize=150%2C88&amp;ssl=1 150w, https:\/\/i0.wp.com\/casadecampoliving.com\/wp-content\/uploads\/2022\/10\/5-39.jpg?w=370&amp;ssl=1 370w\" sizes=\"auto, (max-width: 800px) 100vw, 800px\" \/><\/figure>\n\n\n\n<figure class=\"wp-block-image size-large\"><img data-recalc-dims=\"1\" loading=\"lazy\" decoding=\"async\" width=\"800\" height=\"460\" data-id=\"405548\" src=\"https:\/\/i0.wp.com\/casadecampoliving.com\/wp-content\/uploads\/2022\/10\/image-37.jpg?resize=800%2C460&#038;ssl=1\" alt=\"\" class=\"wp-image-405548\" srcset=\"https:\/\/i0.wp.com\/casadecampoliving.com\/wp-content\/uploads\/2022\/10\/image-37.jpg?w=800&amp;ssl=1 800w, https:\/\/i0.wp.com\/casadecampoliving.com\/wp-content\/uploads\/2022\/10\/image-37.jpg?resize=300%2C173&amp;ssl=1 300w, https:\/\/i0.wp.com\/casadecampoliving.com\/wp-content\/uploads\/2022\/10\/image-37.jpg?resize=768%2C442&amp;ssl=1 768w, https:\/\/i0.wp.com\/casadecampoliving.com\/wp-content\/uploads\/2022\/10\/image-37.jpg?resize=400%2C230&amp;ssl=1 400w, https:\/\/i0.wp.com\/casadecampoliving.com\/wp-content\/uploads\/2022\/10\/image-37.jpg?resize=706%2C406&amp;ssl=1 706w, https:\/\/i0.wp.com\/casadecampoliving.com\/wp-content\/uploads\/2022\/10\/image-37.jpg?resize=150%2C86&amp;ssl=1 150w, https:\/\/i0.wp.com\/casadecampoliving.com\/wp-content\/uploads\/2022\/10\/image-37.jpg?w=370&amp;ssl=1 370w\" sizes=\"auto, (max-width: 800px) 100vw, 800px\" \/><\/figure>\n\n\n\n<figure class=\"wp-block-image size-large\"><img data-recalc-dims=\"1\" loading=\"lazy\" decoding=\"async\" width=\"400\" height=\"600\" data-id=\"405571\" src=\"https:\/\/i0.wp.com\/casadecampoliving.com\/wp-content\/uploads\/2022\/10\/image-41.jpg?resize=400%2C600&#038;ssl=1\" alt=\"\" class=\"wp-image-405571\" srcset=\"https:\/\/i0.wp.com\/casadecampoliving.com\/wp-content\/uploads\/2022\/10\/image-41.jpg?w=400&amp;ssl=1 400w, https:\/\/i0.wp.com\/casadecampoliving.com\/wp-content\/uploads\/2022\/10\/image-41.jpg?resize=200%2C300&amp;ssl=1 200w, https:\/\/i0.wp.com\/casadecampoliving.com\/wp-content\/uploads\/2022\/10\/image-41.jpg?resize=150%2C225&amp;ssl=1 150w, https:\/\/i0.wp.com\/casadecampoliving.com\/wp-content\/uploads\/2022\/10\/image-41.jpg?w=370&amp;ssl=1 370w\" sizes=\"auto, (max-width: 400px) 100vw, 400px\" \/><\/figure>\n<\/figure>\n<\/strong>\n\nLa ultima vez que vimos a Jenny Polanco en Casa de Campo<a href=\"https:\/\/casadecampoliving.com\/es\/el-xxi-esplendor-magico-por-la-vida-un-maravilloso-fin-de-semana\/\">\u00a0El XXI Esplendor M\u00e1gico Por La Vida enero 2012 haz click aqu\u00ed para leer la entrevista con Jenny Polanco<\/a>\n<blockquote><a href=\"https:\/\/casadecampoliving.com\/es\/entrevista-con-jenny-polanco-me-inspiro-en-la-dominicanidad\/\"><strong>Entrevista con Jenny Polanco: \u00abMe inspiro con todas las cosas dominicanas\u00bb<\/strong><\/a>\n\n<img data-recalc-dims=\"1\" loading=\"lazy\" decoding=\"async\" class=\"aligncenter size-full wp-image-70222\" title=\"jenny_polanco\" alt=\"jenny polanco\" src=\"https:\/\/i0.wp.com\/casadecampoliving.com\/wp-content\/uploads\/2022\/10\/jenny_polanco4.jpg?resize=650%2C311&#038;ssl=1\" width=\"650\" height=\"311\" \/>Jenny Polanco es considerada una de las dise\u00f1adoras de moda m\u00e1s aclamadas de la Rep\u00fablica Dominicana. Polanco cuenta con una trayectoria de 33 a\u00f1os. Su pasi\u00f3n por su trabajo, entusiasmo, creatividad y la entrega a sus clientes, han logrado distinguirla en el mundo de la moda. Son \u00e9stas caracter\u00edsticas las que la han destacado, no s\u00f3lo como una marca, tambi\u00e9n como un concepto y s\u00edmbolo que funde su entusiasmo por el dise\u00f1o con una necesidad de ayudar a los dem\u00e1s.\n\n<em><strong><a href=\"https:\/\/casadecampoliving.com\/es\/entrevista-con-jenny-polanco-me-inspiro-en-la-dominicanidad\/\">Haz clic aqu\u00ed para que leas la entrevista que le hicimos a Jenny Polanco<\/a><\/strong><\/em>\n\n<a href=\"https:\/\/casadecampoliving.com\/es\/entrevista-con-jenny-polanco-me-inspiro-en-la-dominicanidad\/\"><em><strong>\u00a0<\/strong><\/em><\/a><\/blockquote>","protected":false},"excerpt":{"rendered":"<p>La Ex Miss Rep\u00fablica Dominicana, Dalia Fernandez estuvo en Casa de Campo la semana pasada en una rodaje de moda para la exitosa dise\u00f1adora dominicana Jenny Polanco. Tras haber lanzado una nueva colecci\u00f3n, Jenny Polanco quien tiene boutiques de moda, tanto en Altos de Chav\u00f3n como en La Marina Casa de Campo, eligi\u00f3 Casa de [&hellip;]<\/p>\n","protected":false},"author":392,"featured_media":269896,"comment_status":"closed","ping_status":"closed","sticky":false,"template":"","format":"standard","meta":{"newspack_ads_suppress_ads":false,"newspack_popups_has_disabled_popups":false,"newspack_sponsor_sponsorship_scope":"","newspack_sponsor_native_byline_display":"inherit","newspack_sponsor_native_category_display":"inherit","newspack_sponsor_underwriter_style":"inherit","newspack_sponsor_underwriter_placement":"inherit","_newspack_byline_active":false,"_newspack_byline":"","newspack_hide_updated_date":false,"newspack_show_updated_date":false,"newspack_content_restriction_is_exempt":false,"newspack_featured_image_position":"","newspack_post_subtitle":"","newspack_article_summary_title":"Overview:","newspack_article_summary":"","_jetpack_memberships_contains_paid_content":false,"footnotes":"","jetpack_publicize_message":"","jetpack_publicize_feature_enabled":true,"jetpack_social_post_already_shared":false,"jetpack_social_options":{"image_generator_settings":{"template":"highway","default_image_id":0,"font":"","enabled":false},"version":2},"_wpas_customize_per_network":false},"categories":[26823,2506,6192,2513,2521,2522,2507,2523,2524,14631,14625,14627],"tags":[3634,3661,3573,206,3229,7319,2589],"newspack_spnsrs_tax":[],"class_list":["post-342891","post","type-post","status-publish","format-standard","has-post-thumbnail","hentry","category-arte-y-cultura","category-mas-alla-de-casa-es","category-businesses","category-celebridades-es","category-republica-dominicana-2","category-eventos-es","category-la-romana-es","category-moda-es","category-destacados","category-estilo-de-vida","category-noticias-locales","category-proximamente","tag-dalia-fernandez","tag-jenny-polanco-project-es","tag-marina-casa-de-campo-es","tag-miss-republica-dominicana","tag-moda","tag-punta-aguila-es","tag-villa-de-casa-de-campo","entry"],"yoast_head":"<!-- This site is optimized with the Yoast SEO plugin v27.4 - https:\/\/yoast.com\/product\/yoast-seo-wordpress\/ -->\n<title>Foto shoot de Jenny Polanco con Dalia Fernandez | Casa de Campo Living<\/title>\n<meta name=\"description\" content=\"La Ex Miss Rep\u00fablica Dominicana, Dalia Fernandez estuvo en Casa de Campo la semana pasada en una rodaje de moda para la exitosa dise\u00f1adora dominicana\" \/>\n<meta name=\"robots\" content=\"index, follow, max-snippet:-1, max-image-preview:large, max-video-preview:-1\" \/>\n<link rel=\"canonical\" href=\"https:\/\/casadecampoliving.com\/es\/exhibicion-de-jenny-polanco-disenadora-dominicana\/\" \/>\n<meta property=\"og:locale\" content=\"es_ES\" \/>\n<meta property=\"og:type\" content=\"article\" \/>\n<meta property=\"og:title\" content=\"Foto shoot de Jenny Polanco con Dalia Fernandez | Casa de Campo Living\" \/>\n<meta property=\"og:description\" content=\"La Ex Miss Rep\u00fablica Dominicana, Dalia Fernandez estuvo en Casa de Campo la semana pasada en una rodaje de moda para la exitosa dise\u00f1adora dominicana\" \/>\n<meta property=\"og:url\" content=\"https:\/\/casadecampoliving.com\/es\/exhibicion-de-jenny-polanco-disenadora-dominicana\/\" \/>\n<meta property=\"og:site_name\" content=\"Casa de Campo Living\" \/>\n<meta property=\"article:publisher\" content=\"https:\/\/www.facebook.com\/casadecampoliving\" \/>\n<meta property=\"article:published_time\" content=\"2013-09-16T04:00:00+00:00\" \/>\n<meta property=\"article:modified_time\" content=\"2022-11-10T14:46:03+00:00\" \/>\n<meta property=\"og:image\" content=\"https:\/\/i0.wp.com\/casadecampoliving.com\/wp-content\/uploads\/2022\/10\/dalia_fernandez-3.jpg?fit=650%2C380&ssl=1\" \/>\n\t<meta property=\"og:image:width\" content=\"650\" \/>\n\t<meta property=\"og:image:height\" content=\"380\" \/>\n\t<meta property=\"og:image:type\" content=\"image\/jpeg\" \/>\n<meta name=\"author\" content=\"Lenny Castillo\" \/>\n<meta name=\"twitter:card\" content=\"summary_large_image\" \/>\n<meta name=\"twitter:creator\" content=\"@cdcliving\" \/>\n<meta name=\"twitter:site\" content=\"@cdcliving\" \/>\n<meta name=\"twitter:label1\" content=\"Escrito por\" \/>\n\t<meta name=\"twitter:data1\" content=\"Lenny Castillo\" \/>\n\t<meta name=\"twitter:label2\" content=\"Tiempo de lectura\" \/>\n\t<meta name=\"twitter:data2\" content=\"3 minutos\" \/>\n<script type=\"application\/ld+json\" class=\"yoast-schema-graph\">{\"@context\":\"https:\\\/\\\/schema.org\",\"@graph\":[{\"@type\":\"Article\",\"@id\":\"https:\\\/\\\/casadecampoliving.com\\\/es\\\/exhibicion-de-jenny-polanco-disenadora-dominicana\\\/#article\",\"isPartOf\":{\"@id\":\"https:\\\/\\\/casadecampoliving.com\\\/es\\\/exhibicion-de-jenny-polanco-disenadora-dominicana\\\/\"},\"author\":{\"name\":\"Lenny Castillo\",\"@id\":\"https:\\\/\\\/casadecampoliving.com\\\/es\\\/#\\\/schema\\\/person\\\/bde9253359bd80f29448cb1dee503f4d\"},\"headline\":\"Foto shoot de Jenny Polanco con Dalia Fernandez\",\"datePublished\":\"2013-09-16T04:00:00+00:00\",\"dateModified\":\"2022-11-10T14:46:03+00:00\",\"mainEntityOfPage\":{\"@id\":\"https:\\\/\\\/casadecampoliving.com\\\/es\\\/exhibicion-de-jenny-polanco-disenadora-dominicana\\\/\"},\"wordCount\":571,\"publisher\":{\"@id\":\"https:\\\/\\\/casadecampoliving.com\\\/es\\\/#organization\"},\"image\":{\"@id\":\"https:\\\/\\\/casadecampoliving.com\\\/es\\\/exhibicion-de-jenny-polanco-disenadora-dominicana\\\/#primaryimage\"},\"thumbnailUrl\":\"https:\\\/\\\/i0.wp.com\\\/casadecampoliving.com\\\/wp-content\\\/uploads\\\/2022\\\/10\\\/dalia_fernandez-3.jpg?fit=650%2C380&ssl=1\",\"keywords\":[\"Dalia Fernandez\",\"jenny polanco project @es\",\"Marina Casa de Campo @es\",\"Miss Republica Dominicana\",\"moda\",\"punta aguila @es\",\"villa de casa de campo\"],\"articleSection\":[\"Arte y cultura\",\"M\u00e1s all\u00e1 de Casa\",\"businesses\",\"Celebridades\",\"Rep\u00fablica Dominicana @es\",\"Eventos\",\"La Romana @es\",\"Moda\",\"Destacados\",\"Estilo de Vida\",\"Noticias Locales\",\"Proximamente\"],\"inLanguage\":\"es\"},{\"@type\":\"WebPage\",\"@id\":\"https:\\\/\\\/casadecampoliving.com\\\/es\\\/exhibicion-de-jenny-polanco-disenadora-dominicana\\\/\",\"url\":\"https:\\\/\\\/casadecampoliving.com\\\/es\\\/exhibicion-de-jenny-polanco-disenadora-dominicana\\\/\",\"name\":\"Foto shoot de Jenny Polanco con Dalia Fernandez | Casa de Campo Living\",\"isPartOf\":{\"@id\":\"https:\\\/\\\/casadecampoliving.com\\\/es\\\/#website\"},\"primaryImageOfPage\":{\"@id\":\"https:\\\/\\\/casadecampoliving.com\\\/es\\\/exhibicion-de-jenny-polanco-disenadora-dominicana\\\/#primaryimage\"},\"image\":{\"@id\":\"https:\\\/\\\/casadecampoliving.com\\\/es\\\/exhibicion-de-jenny-polanco-disenadora-dominicana\\\/#primaryimage\"},\"thumbnailUrl\":\"https:\\\/\\\/i0.wp.com\\\/casadecampoliving.com\\\/wp-content\\\/uploads\\\/2022\\\/10\\\/dalia_fernandez-3.jpg?fit=650%2C380&ssl=1\",\"datePublished\":\"2013-09-16T04:00:00+00:00\",\"dateModified\":\"2022-11-10T14:46:03+00:00\",\"description\":\"La Ex Miss Rep\u00fablica Dominicana, Dalia Fernandez estuvo en Casa de Campo la semana pasada en una rodaje de moda para la exitosa dise\u00f1adora dominicana\",\"breadcrumb\":{\"@id\":\"https:\\\/\\\/casadecampoliving.com\\\/es\\\/exhibicion-de-jenny-polanco-disenadora-dominicana\\\/#breadcrumb\"},\"inLanguage\":\"es\",\"potentialAction\":[{\"@type\":\"ReadAction\",\"target\":[\"https:\\\/\\\/casadecampoliving.com\\\/es\\\/exhibicion-de-jenny-polanco-disenadora-dominicana\\\/\"]}]},{\"@type\":\"ImageObject\",\"inLanguage\":\"es\",\"@id\":\"https:\\\/\\\/casadecampoliving.com\\\/es\\\/exhibicion-de-jenny-polanco-disenadora-dominicana\\\/#primaryimage\",\"url\":\"https:\\\/\\\/i0.wp.com\\\/casadecampoliving.com\\\/wp-content\\\/uploads\\\/2022\\\/10\\\/dalia_fernandez-3.jpg?fit=650%2C380&ssl=1\",\"contentUrl\":\"https:\\\/\\\/i0.wp.com\\\/casadecampoliving.com\\\/wp-content\\\/uploads\\\/2022\\\/10\\\/dalia_fernandez-3.jpg?fit=650%2C380&ssl=1\",\"width\":650,\"height\":380},{\"@type\":\"BreadcrumbList\",\"@id\":\"https:\\\/\\\/casadecampoliving.com\\\/es\\\/exhibicion-de-jenny-polanco-disenadora-dominicana\\\/#breadcrumb\",\"itemListElement\":[{\"@type\":\"ListItem\",\"position\":1,\"name\":\"Home\",\"item\":\"https:\\\/\\\/casadecampoliving.com\\\/es\\\/\"},{\"@type\":\"ListItem\",\"position\":2,\"name\":\"Foto shoot de Jenny Polanco con Dalia Fernandez\"}]},{\"@type\":\"WebSite\",\"@id\":\"https:\\\/\\\/casadecampoliving.com\\\/es\\\/#website\",\"url\":\"https:\\\/\\\/casadecampoliving.com\\\/es\\\/\",\"name\":\"Casa de Campo Living\",\"description\":\"Resort community news and resources.\",\"publisher\":{\"@id\":\"https:\\\/\\\/casadecampoliving.com\\\/es\\\/#organization\"},\"potentialAction\":[{\"@type\":\"SearchAction\",\"target\":{\"@type\":\"EntryPoint\",\"urlTemplate\":\"https:\\\/\\\/casadecampoliving.com\\\/es\\\/?s={search_term_string}\"},\"query-input\":{\"@type\":\"PropertyValueSpecification\",\"valueRequired\":true,\"valueName\":\"search_term_string\"}}],\"inLanguage\":\"es\"},{\"@type\":\"Organization\",\"@id\":\"https:\\\/\\\/casadecampoliving.com\\\/es\\\/#organization\",\"name\":\"Casa de Campo Living\",\"url\":\"https:\\\/\\\/casadecampoliving.com\\\/es\\\/\",\"logo\":{\"@type\":\"ImageObject\",\"inLanguage\":\"es\",\"@id\":\"https:\\\/\\\/casadecampoliving.com\\\/es\\\/#\\\/schema\\\/logo\\\/image\\\/\",\"url\":\"https:\\\/\\\/i0.wp.com\\\/casadecampoliving.com\\\/wp-content\\\/uploads\\\/2022\\\/07\\\/CDCLivingLogo_V1-white-sized.png?fit=800%2C214&ssl=1\",\"contentUrl\":\"https:\\\/\\\/i0.wp.com\\\/casadecampoliving.com\\\/wp-content\\\/uploads\\\/2022\\\/07\\\/CDCLivingLogo_V1-white-sized.png?fit=800%2C214&ssl=1\",\"width\":800,\"height\":214,\"caption\":\"Casa de Campo Living\"},\"image\":{\"@id\":\"https:\\\/\\\/casadecampoliving.com\\\/es\\\/#\\\/schema\\\/logo\\\/image\\\/\"},\"sameAs\":[\"https:\\\/\\\/www.facebook.com\\\/casadecampoliving\",\"https:\\\/\\\/x.com\\\/cdcliving\"]},{\"@type\":\"Person\",\"@id\":\"https:\\\/\\\/casadecampoliving.com\\\/es\\\/#\\\/schema\\\/person\\\/bde9253359bd80f29448cb1dee503f4d\",\"name\":\"Lenny Castillo\",\"image\":{\"@type\":\"ImageObject\",\"inLanguage\":\"es\",\"@id\":\"https:\\\/\\\/secure.gravatar.com\\\/avatar\\\/7dfd1a6dc314579a5019d4ffdf4f2d34c70345f2bbbdae3b5bb2aca665d89299?s=96&d=mm&r=g\",\"url\":\"https:\\\/\\\/secure.gravatar.com\\\/avatar\\\/7dfd1a6dc314579a5019d4ffdf4f2d34c70345f2bbbdae3b5bb2aca665d89299?s=96&d=mm&r=g\",\"contentUrl\":\"https:\\\/\\\/secure.gravatar.com\\\/avatar\\\/7dfd1a6dc314579a5019d4ffdf4f2d34c70345f2bbbdae3b5bb2aca665d89299?s=96&d=mm&r=g\",\"caption\":\"Lenny Castillo\"},\"url\":\"https:\\\/\\\/casadecampoliving.com\\\/es\\\/author\\\/lcastillo\\\/\"}]}<\/script>\n<!-- \/ Yoast SEO plugin. -->","yoast_head_json":{"title":"Foto shoot de Jenny Polanco con Dalia Fernandez | Casa de Campo Living","description":"La Ex Miss Rep\u00fablica Dominicana, Dalia Fernandez estuvo en Casa de Campo la semana pasada en una rodaje de moda para la exitosa dise\u00f1adora dominicana","robots":{"index":"index","follow":"follow","max-snippet":"max-snippet:-1","max-image-preview":"max-image-preview:large","max-video-preview":"max-video-preview:-1"},"canonical":"https:\/\/casadecampoliving.com\/es\/exhibicion-de-jenny-polanco-disenadora-dominicana\/","og_locale":"es_ES","og_type":"article","og_title":"Foto shoot de Jenny Polanco con Dalia Fernandez | Casa de Campo Living","og_description":"La Ex Miss Rep\u00fablica Dominicana, Dalia Fernandez estuvo en Casa de Campo la semana pasada en una rodaje de moda para la exitosa dise\u00f1adora dominicana","og_url":"https:\/\/casadecampoliving.com\/es\/exhibicion-de-jenny-polanco-disenadora-dominicana\/","og_site_name":"Casa de Campo Living","article_publisher":"https:\/\/www.facebook.com\/casadecampoliving","article_published_time":"2013-09-16T04:00:00+00:00","article_modified_time":"2022-11-10T14:46:03+00:00","og_image":[{"width":650,"height":380,"url":"https:\/\/i0.wp.com\/casadecampoliving.com\/wp-content\/uploads\/2022\/10\/dalia_fernandez-3.jpg?fit=650%2C380&ssl=1","type":"image\/jpeg"}],"author":"Lenny Castillo","twitter_card":"summary_large_image","twitter_creator":"@cdcliving","twitter_site":"@cdcliving","twitter_misc":{"Escrito por":"Lenny Castillo","Tiempo de lectura":"3 minutos"},"schema":{"@context":"https:\/\/schema.org","@graph":[{"@type":"Article","@id":"https:\/\/casadecampoliving.com\/es\/exhibicion-de-jenny-polanco-disenadora-dominicana\/#article","isPartOf":{"@id":"https:\/\/casadecampoliving.com\/es\/exhibicion-de-jenny-polanco-disenadora-dominicana\/"},"author":{"name":"Lenny Castillo","@id":"https:\/\/casadecampoliving.com\/es\/#\/schema\/person\/bde9253359bd80f29448cb1dee503f4d"},"headline":"Foto shoot de Jenny Polanco con Dalia Fernandez","datePublished":"2013-09-16T04:00:00+00:00","dateModified":"2022-11-10T14:46:03+00:00","mainEntityOfPage":{"@id":"https:\/\/casadecampoliving.com\/es\/exhibicion-de-jenny-polanco-disenadora-dominicana\/"},"wordCount":571,"publisher":{"@id":"https:\/\/casadecampoliving.com\/es\/#organization"},"image":{"@id":"https:\/\/casadecampoliving.com\/es\/exhibicion-de-jenny-polanco-disenadora-dominicana\/#primaryimage"},"thumbnailUrl":"https:\/\/i0.wp.com\/casadecampoliving.com\/wp-content\/uploads\/2022\/10\/dalia_fernandez-3.jpg?fit=650%2C380&ssl=1","keywords":["Dalia Fernandez","jenny polanco project @es","Marina Casa de Campo @es","Miss Republica Dominicana","moda","punta aguila @es","villa de casa de campo"],"articleSection":["Arte y cultura","M\u00e1s all\u00e1 de Casa","businesses","Celebridades","Rep\u00fablica Dominicana @es","Eventos","La Romana @es","Moda","Destacados","Estilo de Vida","Noticias Locales","Proximamente"],"inLanguage":"es"},{"@type":"WebPage","@id":"https:\/\/casadecampoliving.com\/es\/exhibicion-de-jenny-polanco-disenadora-dominicana\/","url":"https:\/\/casadecampoliving.com\/es\/exhibicion-de-jenny-polanco-disenadora-dominicana\/","name":"Foto shoot de Jenny Polanco con Dalia Fernandez | Casa de Campo Living","isPartOf":{"@id":"https:\/\/casadecampoliving.com\/es\/#website"},"primaryImageOfPage":{"@id":"https:\/\/casadecampoliving.com\/es\/exhibicion-de-jenny-polanco-disenadora-dominicana\/#primaryimage"},"image":{"@id":"https:\/\/casadecampoliving.com\/es\/exhibicion-de-jenny-polanco-disenadora-dominicana\/#primaryimage"},"thumbnailUrl":"https:\/\/i0.wp.com\/casadecampoliving.com\/wp-content\/uploads\/2022\/10\/dalia_fernandez-3.jpg?fit=650%2C380&ssl=1","datePublished":"2013-09-16T04:00:00+00:00","dateModified":"2022-11-10T14:46:03+00:00","description":"La Ex Miss Rep\u00fablica Dominicana, Dalia Fernandez estuvo en Casa de Campo la semana pasada en una rodaje de moda para la exitosa dise\u00f1adora dominicana","breadcrumb":{"@id":"https:\/\/casadecampoliving.com\/es\/exhibicion-de-jenny-polanco-disenadora-dominicana\/#breadcrumb"},"inLanguage":"es","potentialAction":[{"@type":"ReadAction","target":["https:\/\/casadecampoliving.com\/es\/exhibicion-de-jenny-polanco-disenadora-dominicana\/"]}]},{"@type":"ImageObject","inLanguage":"es","@id":"https:\/\/casadecampoliving.com\/es\/exhibicion-de-jenny-polanco-disenadora-dominicana\/#primaryimage","url":"https:\/\/i0.wp.com\/casadecampoliving.com\/wp-content\/uploads\/2022\/10\/dalia_fernandez-3.jpg?fit=650%2C380&ssl=1","contentUrl":"https:\/\/i0.wp.com\/casadecampoliving.com\/wp-content\/uploads\/2022\/10\/dalia_fernandez-3.jpg?fit=650%2C380&ssl=1","width":650,"height":380},{"@type":"BreadcrumbList","@id":"https:\/\/casadecampoliving.com\/es\/exhibicion-de-jenny-polanco-disenadora-dominicana\/#breadcrumb","itemListElement":[{"@type":"ListItem","position":1,"name":"Home","item":"https:\/\/casadecampoliving.com\/es\/"},{"@type":"ListItem","position":2,"name":"Foto shoot de Jenny Polanco con Dalia Fernandez"}]},{"@type":"WebSite","@id":"https:\/\/casadecampoliving.com\/es\/#website","url":"https:\/\/casadecampoliving.com\/es\/","name":"Casa de Campo Living","description":"Resort community news and resources.","publisher":{"@id":"https:\/\/casadecampoliving.com\/es\/#organization"},"potentialAction":[{"@type":"SearchAction","target":{"@type":"EntryPoint","urlTemplate":"https:\/\/casadecampoliving.com\/es\/?s={search_term_string}"},"query-input":{"@type":"PropertyValueSpecification","valueRequired":true,"valueName":"search_term_string"}}],"inLanguage":"es"},{"@type":"Organization","@id":"https:\/\/casadecampoliving.com\/es\/#organization","name":"Casa de Campo Living","url":"https:\/\/casadecampoliving.com\/es\/","logo":{"@type":"ImageObject","inLanguage":"es","@id":"https:\/\/casadecampoliving.com\/es\/#\/schema\/logo\/image\/","url":"https:\/\/i0.wp.com\/casadecampoliving.com\/wp-content\/uploads\/2022\/07\/CDCLivingLogo_V1-white-sized.png?fit=800%2C214&ssl=1","contentUrl":"https:\/\/i0.wp.com\/casadecampoliving.com\/wp-content\/uploads\/2022\/07\/CDCLivingLogo_V1-white-sized.png?fit=800%2C214&ssl=1","width":800,"height":214,"caption":"Casa de Campo Living"},"image":{"@id":"https:\/\/casadecampoliving.com\/es\/#\/schema\/logo\/image\/"},"sameAs":["https:\/\/www.facebook.com\/casadecampoliving","https:\/\/x.com\/cdcliving"]},{"@type":"Person","@id":"https:\/\/casadecampoliving.com\/es\/#\/schema\/person\/bde9253359bd80f29448cb1dee503f4d","name":"Lenny Castillo","image":{"@type":"ImageObject","inLanguage":"es","@id":"https:\/\/secure.gravatar.com\/avatar\/7dfd1a6dc314579a5019d4ffdf4f2d34c70345f2bbbdae3b5bb2aca665d89299?s=96&d=mm&r=g","url":"https:\/\/secure.gravatar.com\/avatar\/7dfd1a6dc314579a5019d4ffdf4f2d34c70345f2bbbdae3b5bb2aca665d89299?s=96&d=mm&r=g","contentUrl":"https:\/\/secure.gravatar.com\/avatar\/7dfd1a6dc314579a5019d4ffdf4f2d34c70345f2bbbdae3b5bb2aca665d89299?s=96&d=mm&r=g","caption":"Lenny Castillo"},"url":"https:\/\/casadecampoliving.com\/es\/author\/lcastillo\/"}]}},"parsely":{"version":"1.1.0","canonical_url":"https:\/\/casadecampoliving.com\/es\/exhibicion-de-jenny-polanco-disenadora-dominicana\/","smart_links":{"inbound":0,"outbound":0},"traffic_boost_suggestions_count":0,"meta":{"@context":"https:\/\/schema.org","@type":"NewsArticle","headline":"Foto shoot de Jenny Polanco con Dalia Fernandez","url":"http:\/\/casadecampoliving.com\/es\/exhibicion-de-jenny-polanco-disenadora-dominicana\/","mainEntityOfPage":{"@type":"WebPage","@id":"http:\/\/casadecampoliving.com\/es\/exhibicion-de-jenny-polanco-disenadora-dominicana\/"},"thumbnailUrl":"https:\/\/i0.wp.com\/casadecampoliving.com\/wp-content\/uploads\/2022\/10\/dalia_fernandez-3.jpg?resize=150%2C150&ssl=1","image":{"@type":"ImageObject","url":"https:\/\/i0.wp.com\/casadecampoliving.com\/wp-content\/uploads\/2022\/10\/dalia_fernandez-3.jpg?fit=650%2C380&ssl=1"},"articleSection":"Arte y cultura","author":[{"@type":"Person","name":"Lenny Castillo"}],"creator":["Lenny Castillo"],"publisher":{"@type":"Organization","name":"Casa de Campo Living","logo":"https:\/\/casadecampoliving.com\/wp-content\/uploads\/2022\/07\/CDCLivingLogo_V1-white-sized.png"},"keywords":["dalia fernandez","jenny polanco project @es","marina casa de campo","miss republica dominicana","moda","punta aguila @es","villa de casa de campo"],"dateCreated":"2013-09-16T04:00:00Z","datePublished":"2013-09-16T04:00:00Z","dateModified":"2022-11-10T14:46:03Z"},"rendered":"<script type=\"application\/ld+json\" class=\"wp-parsely-metadata\">{\"@context\":\"https:\\\/\\\/schema.org\",\"@type\":\"NewsArticle\",\"headline\":\"Foto shoot de Jenny Polanco con Dalia Fernandez\",\"url\":\"http:\\\/\\\/casadecampoliving.com\\\/es\\\/exhibicion-de-jenny-polanco-disenadora-dominicana\\\/\",\"mainEntityOfPage\":{\"@type\":\"WebPage\",\"@id\":\"http:\\\/\\\/casadecampoliving.com\\\/es\\\/exhibicion-de-jenny-polanco-disenadora-dominicana\\\/\"},\"thumbnailUrl\":\"https:\\\/\\\/i0.wp.com\\\/casadecampoliving.com\\\/wp-content\\\/uploads\\\/2022\\\/10\\\/dalia_fernandez-3.jpg?resize=150%2C150&ssl=1\",\"image\":{\"@type\":\"ImageObject\",\"url\":\"https:\\\/\\\/i0.wp.com\\\/casadecampoliving.com\\\/wp-content\\\/uploads\\\/2022\\\/10\\\/dalia_fernandez-3.jpg?fit=650%2C380&ssl=1\"},\"articleSection\":\"Arte y cultura\",\"author\":[{\"@type\":\"Person\",\"name\":\"Lenny Castillo\"}],\"creator\":[\"Lenny Castillo\"],\"publisher\":{\"@type\":\"Organization\",\"name\":\"Casa de Campo Living\",\"logo\":\"https:\\\/\\\/casadecampoliving.com\\\/wp-content\\\/uploads\\\/2022\\\/07\\\/CDCLivingLogo_V1-white-sized.png\"},\"keywords\":[\"dalia fernandez\",\"jenny polanco project @es\",\"marina casa de campo\",\"miss republica dominicana\",\"moda\",\"punta aguila @es\",\"villa de casa de campo\"],\"dateCreated\":\"2013-09-16T04:00:00Z\",\"datePublished\":\"2013-09-16T04:00:00Z\",\"dateModified\":\"2022-11-10T14:46:03Z\"}<\/script>","tracker_url":"https:\/\/cdn.parsely.com\/keys\/casadecampoliving.com\/p.js"},"jetpack_publicize_connections":[],"jetpack_featured_media_url":"https:\/\/i0.wp.com\/casadecampoliving.com\/wp-content\/uploads\/2022\/10\/dalia_fernandez-3.jpg?fit=650%2C380&ssl=1","jetpack-related-posts":[{"id":343070,"url":"https:\/\/casadecampoliving.com\/es\/nuevas-sandalias-de-jenny-polanco\/","url_meta":{"origin":342891,"position":0},"title":"Nuevas sandalias de Jenny Polanco","author":"Genesis Perdomo","date":"15 Oct, 2013","format":false,"excerpt":"Jenny Polanco, famosa dise\u00f1adora dominicana, ex estudiante y profesora de la Escuela de arte y dise\u00f1o de Altos de Chav\u00f3n y tambi\u00e9n\u00a0Casa de Campo due\u00f1o de villa con 3 tiendas dentro del complejo, est\u00e1 creando nuevo dise\u00f1os para zapatos. Creados como parte de los eventos de Dominicana Moda, la cual\u2026","rel":"","context":"En \u00abAltos de Chavon @es\u00bb","block_context":{"text":"Altos de Chavon @es","link":"https:\/\/casadecampoliving.com\/category\/altos-de-chavon-es\/"},"img":{"alt_text":"Jenny Polanco","src":"https:\/\/i0.wp.com\/casadecampoliving.com\/wp-content\/uploads\/2022\/10\/jenny_polanco2-1.jpg?fit=650%2C475&ssl=1&resize=350%2C200","width":350,"height":200,"srcset":"https:\/\/i0.wp.com\/casadecampoliving.com\/wp-content\/uploads\/2022\/10\/jenny_polanco2-1.jpg?fit=650%2C475&ssl=1&resize=350%2C200 1x, https:\/\/i0.wp.com\/casadecampoliving.com\/wp-content\/uploads\/2022\/10\/jenny_polanco2-1.jpg?fit=650%2C475&ssl=1&resize=525%2C300 1.5x"},"classes":[]},{"id":322679,"url":"https:\/\/casadecampoliving.com\/fashion-shoot-dalia-fernandez-jenny-polanco\/","url_meta":{"origin":342891,"position":1},"title":"Casa de Campo fashion shoot with Dalia Fernandez &#038; Jenny Polanco","author":"Rebecca Silvestri","date":"16 Sep, 2013","format":false,"excerpt":"Former Miss Dominican Republic, Dalia Fernandez was in Casa de Campo last week taking part in a fashion shoot for successful Dominican designer Jenny Polanco. Having just launched a new collection, Jenny Polanco who has fashion boutiques in both Altos de Chav\u00f3n and the Marina Casa de Campo chose Casa\u2026","rel":"","context":"En \u00abArt and Culture\u00bb","block_context":{"text":"Art and Culture","link":"https:\/\/casadecampoliving.com\/category\/art-and-culture\/"},"img":{"alt_text":"Dalia Fernandez","src":"https:\/\/i0.wp.com\/casadecampoliving.com\/wp-content\/uploads\/2022\/10\/dalia_fernandez-3.jpg?fit=650%2C380&ssl=1&resize=350%2C200","width":350,"height":200,"srcset":"https:\/\/i0.wp.com\/casadecampoliving.com\/wp-content\/uploads\/2022\/10\/dalia_fernandez-3.jpg?fit=650%2C380&ssl=1&resize=350%2C200 1x, https:\/\/i0.wp.com\/casadecampoliving.com\/wp-content\/uploads\/2022\/10\/dalia_fernandez-3.jpg?fit=650%2C380&ssl=1&resize=525%2C300 1.5x"},"classes":[]},{"id":322766,"url":"https:\/\/casadecampoliving.com\/jenny-polanco-steps-new-sandal-designs\/","url_meta":{"origin":342891,"position":2},"title":"Jenny Polanco steps out with new sandal designs","author":"Rebecca Silvestri","date":"15 Oct, 2013","format":false,"excerpt":"Jenny Polanco, famous Dominican designer, former student and teacher at the Altos de Chav\u00f3n School, as well as Casa de Campo villa and business owner is stepping out into a new field of fashion design \u2013 shoes. Created as part of the events surrounding Dominicana Moda, which is next week\u2026","rel":"","context":"En \u00abArt and Culture\u00bb","block_context":{"text":"Art and Culture","link":"https:\/\/casadecampoliving.com\/category\/art-and-culture\/"},"img":{"alt_text":"Jenny Polanco","src":"https:\/\/i0.wp.com\/casadecampoliving.com\/wp-content\/uploads\/2022\/10\/jenny_polanco2-1.jpg?fit=650%2C475&ssl=1&resize=350%2C200","width":350,"height":200,"srcset":"https:\/\/i0.wp.com\/casadecampoliving.com\/wp-content\/uploads\/2022\/10\/jenny_polanco2-1.jpg?fit=650%2C475&ssl=1&resize=350%2C200 1x, https:\/\/i0.wp.com\/casadecampoliving.com\/wp-content\/uploads\/2022\/10\/jenny_polanco2-1.jpg?fit=650%2C475&ssl=1&resize=525%2C300 1.5x"},"classes":[]},{"id":345087,"url":"https:\/\/casadecampoliving.com\/es\/jenny-polanco-y-yael-duval-presentan-good-bad-hair\/","url_meta":{"origin":342891,"position":3},"title":"Jenny Polanco y Yael Duval presentan \u00abGood&#8230;Bad Hair\u00bb","author":"Daniela Medina","date":"9 Ago, 2014","format":false,"excerpt":"La dise\u00f1adora de modas dominicana,\u00a0defensora cultural y due\u00f1a de villa de Casa de Campo, Jenny Polanco, lo hace de nuevo! Viernes 15 de agosto, Jenny Polanco les invita a la apertura de su ultima exhibici\u00f3n de arte \u201cGood\u2026Bad Hair\u201d una combinaci\u00f3n de arte, moda y fotograf\u00eda encantadora. Esta nueva exhibici\u00f3n,\u2026","rel":"","context":"En \u00abAltos de Chavon @es\u00bb","block_context":{"text":"Altos de Chavon @es","link":"https:\/\/casadecampoliving.com\/category\/altos-de-chavon-es\/"},"img":{"alt_text":"","src":"https:\/\/i0.wp.com\/casadecampoliving.com\/wp-content\/uploads\/2022\/10\/Jenny_Polanco_2-1.jpg?fit=650%2C464&ssl=1&resize=350%2C200","width":350,"height":200,"srcset":"https:\/\/i0.wp.com\/casadecampoliving.com\/wp-content\/uploads\/2022\/10\/Jenny_Polanco_2-1.jpg?fit=650%2C464&ssl=1&resize=350%2C200 1x, https:\/\/i0.wp.com\/casadecampoliving.com\/wp-content\/uploads\/2022\/10\/Jenny_Polanco_2-1.jpg?fit=650%2C464&ssl=1&resize=525%2C300 1.5x"},"classes":[]},{"id":339403,"url":"https:\/\/casadecampoliving.com\/es\/de-compras-en-casa-de-campo-las-boutiques-jenny-polanco-donde-la-moda-se-encuentra-con-el-arte\/","url_meta":{"origin":342891,"position":4},"title":"De compras en Casa de Campo: Las boutiques Jenny Polanco &#8211; donde la moda se encuentra con el arte","author":"Rebecca Silvestri","date":"18 Jul, 2012","format":false,"excerpt":"Para los fashionistas y amantes de las compras en Casa de Campo, los fabulosos dise\u00f1os, carteras y joyas de Jenny Polanco, ofrecen la mezcla perfecta de lo \"Caribe\u00f1o chic\" y pueden ser hallados en sus tiendas en la Marina Casa de Campo, Altos de Chav\u00f3n\u00a0y\u00a0Santo Domingo (ver debajo los detalles).\u2026","rel":"","context":"En \u00abAltos de Chavon @es\u00bb","block_context":{"text":"Altos de Chavon @es","link":"https:\/\/casadecampoliving.com\/category\/altos-de-chavon-es\/"},"img":{"alt_text":"jenny polanco","src":"https:\/\/i0.wp.com\/casadecampoliving.com\/wp-content\/uploads\/2022\/10\/jenny_polanco7-1.jpg?fit=650%2C327&ssl=1&resize=350%2C200","width":350,"height":200,"srcset":"https:\/\/i0.wp.com\/casadecampoliving.com\/wp-content\/uploads\/2022\/10\/jenny_polanco7-1.jpg?fit=650%2C327&ssl=1&resize=350%2C200 1x, https:\/\/i0.wp.com\/casadecampoliving.com\/wp-content\/uploads\/2022\/10\/jenny_polanco7-1.jpg?fit=650%2C327&ssl=1&resize=525%2C300 1.5x"},"classes":[]},{"id":345678,"url":"https:\/\/casadecampoliving.com\/es\/sample-sale-en-jenny-polanco-altos-de-chavon\/","url_meta":{"origin":342891,"position":5},"title":"\u201cSample Sale\u201d en Jenny Polanco, Altos de Chav\u00f3n","author":"Daniela Medina","date":"18 Oct, 2014","format":false,"excerpt":"\u00bfAcaso dijo DESCUENTO? \u00a1S\u00ed, eso es! La famosa dise\u00f1adora Dominicana, Jenny Polanco, estar\u00e1 organizando un \u201cSample Sale\u201d en piezas exclusivas de sus colecciones pasadas: \u00a1ropa y accesorios! Esta es tu oportunidad de obtener uno de los dise\u00f1os super chic de Jenny \u2013 \u00a1con descuentos incre\u00edbles! \u00a1\u00a1Espere ofertas con hasta un\u2026","rel":"","context":"En \u00abAltos de Chavon @es\u00bb","block_context":{"text":"Altos de Chavon @es","link":"https:\/\/casadecampoliving.com\/category\/altos-de-chavon-es\/"},"img":{"alt_text":"","src":"https:\/\/i0.wp.com\/casadecampoliving.com\/wp-content\/uploads\/2022\/10\/Jenny-Polanco-e1413319816620-1.jpg?fit=561%2C413&ssl=1&resize=350%2C200","width":350,"height":200,"srcset":"https:\/\/i0.wp.com\/casadecampoliving.com\/wp-content\/uploads\/2022\/10\/Jenny-Polanco-e1413319816620-1.jpg?fit=561%2C413&ssl=1&resize=350%2C200 1x, https:\/\/i0.wp.com\/casadecampoliving.com\/wp-content\/uploads\/2022\/10\/Jenny-Polanco-e1413319816620-1.jpg?fit=561%2C413&ssl=1&resize=525%2C300 1.5x"},"classes":[]}],"jetpack_sharing_enabled":true,"_links":{"self":[{"href":"https:\/\/casadecampoliving.com\/es\/wp-json\/wp\/v2\/posts\/342891","targetHints":{"allow":["GET"]}}],"collection":[{"href":"https:\/\/casadecampoliving.com\/es\/wp-json\/wp\/v2\/posts"}],"about":[{"href":"https:\/\/casadecampoliving.com\/es\/wp-json\/wp\/v2\/types\/post"}],"author":[{"embeddable":true,"href":"https:\/\/casadecampoliving.com\/es\/wp-json\/wp\/v2\/users\/392"}],"replies":[{"embeddable":true,"href":"https:\/\/casadecampoliving.com\/es\/wp-json\/wp\/v2\/comments?post=342891"}],"version-history":[{"count":2,"href":"https:\/\/casadecampoliving.com\/es\/wp-json\/wp\/v2\/posts\/342891\/revisions"}],"predecessor-version":[{"id":510057,"href":"https:\/\/casadecampoliving.com\/es\/wp-json\/wp\/v2\/posts\/342891\/revisions\/510057"}],"wp:featuredmedia":[{"embeddable":true,"href":"https:\/\/casadecampoliving.com\/es\/wp-json\/wp\/v2\/media\/269896"}],"wp:attachment":[{"href":"https:\/\/casadecampoliving.com\/es\/wp-json\/wp\/v2\/media?parent=342891"}],"wp:term":[{"taxonomy":"category","embeddable":true,"href":"https:\/\/casadecampoliving.com\/es\/wp-json\/wp\/v2\/categories?post=342891"},{"taxonomy":"post_tag","embeddable":true,"href":"https:\/\/casadecampoliving.com\/es\/wp-json\/wp\/v2\/tags?post=342891"},{"taxonomy":"newspack_spnsrs_tax","embeddable":true,"href":"https:\/\/casadecampoliving.com\/es\/wp-json\/wp\/v2\/newspack_spnsrs_tax?post=342891"}],"curies":[{"name":"wp","href":"https:\/\/api.w.org\/{rel}","templated":true}]}}