{"id":342787,"date":"2013-09-04T00:00:00","date_gmt":"2013-09-04T04:00:00","guid":{"rendered":"https:\/\/casadecampoliving.com\/eventos-en-el-museo-de-arqueologia-regional-de-altos-de-chavon\/"},"modified":"2022-10-21T18:46:47","modified_gmt":"2022-10-21T22:46:47","slug":"eventos-en-el-museo-de-arqueologia-regional-de-altos-de-chavon","status":"publish","type":"post","link":"https:\/\/casadecampoliving.com\/es\/eventos-en-el-museo-de-arqueologia-regional-de-altos-de-chavon\/","title":{"rendered":"Eventos en el Museo de Arqueolog\u00eda Regional de Altos de Chav\u00f3n"},"content":{"rendered":"<div class=\"wp-block-image\">\n<figure class=\"aligncenter is-resized\"><a href=\"https:\/\/i0.wp.com\/casadecampoliving.com\/wp-content\/uploads\/2022\/10\/20772437_sSZbRP1.jpeg?ssl=1\"><img loading=\"lazy\" decoding=\"async\" src=\"https:\/\/i0.wp.com\/casadecampoliving.com\/wp-content\/uploads\/2022\/10\/20772437_sSZbRP1.jpeg?resize=614%2C410&amp;ssl=1\" alt=\"Regional Museum of Archeology Altos de Chavon\" class=\"wp-image-65408\" height=\"410\" width=\"614\"\/><\/a><\/figure>\n<\/div>\n\n\n<p class=\"has-text-align-left\">El Museo de Arqueolog\u00eda Regional de Altos de Chav\u00f3n acaba de anunciar su horario de las pr\u00f3ximas semanas y tenemos muchas actividades para esperar! Estas actividades invluyen un seminario sobre la cultura y arqueolog\u00eda de Bayahibe, un Cine Foro con la pel\u00edcula \u201cVida de Coco Chanel\u201d y una exhibici\u00f3n de El Cabo San Rafael.<\/p>\n\n\n\n<p>La conferencia de Bayahibe va a discutir el valor cultural y arqueol\u00f3gico de Bayahibe y su importancia en el turismo. Antes era desconocido, pero con la ayuda de la comunidad local e internacional, Bayahibe est\u00e1 floreciendo.<\/p>\n\n\n\n<p>El Cine Foro va a proyectar la pel\u00edcula \u201cVida de Coco Chanel\u201d y ver como la vida de la dise\u00f1adora famosa Coco Chanel (Gabrielle Bonheur) lleg\u00f3 al magn\u00edfico mundo de moda desde un orfanato.<\/p>\n\n\n\n<p>Estudios y descubrimientos arqueol\u00f3gicos hecho en el Cabo San Rafael ser\u00e1n explicados en la exhibici\u00f3n por la Universidad de Leiden. La exhibici\u00f3n ser\u00e1 organizada por el Museo de Arqueolog\u00eda Regional de Altos de Chav\u00f3n y la Universidad de Leiden, Holanda.<\/p>\n\n\n\n<p><strong>Esperamos verlos all\u00e1!<\/strong><\/p>\n\n\n\n<blockquote class=\"wp-block-quote is-layout-flow wp-block-quote-is-layout-flow\"><p><strong>&nbsp;Horario para los eventos en el museo:<\/strong><\/p><p><strong>Septiembre 20<\/strong><\/p><p><strong>Conferencia:<\/strong>&nbsp;Cultura y Arqueolog\u00eda de Bayahibe<\/p><p><strong>Hora:<\/strong> 6:00 pm<\/p><p><strong>Lugar:<\/strong>&nbsp;Museo de Arqueolog\u00eda Regional de Altos de Chav\u00f3n<\/p><p><strong>Septiembre 27<\/strong><\/p><p><strong>Cine Foro:<\/strong>&nbsp;\u201cVida de Coco Chanel\u201d<\/p><p><strong>Hora:<\/strong> 6:00 pm<\/p><p><strong>Lugar:<\/strong>&nbsp;Museo de Arqueolog\u00eda de Altos de Chav\u00f3n<\/p><p><strong>Octubre 8<\/strong><\/p><p><strong>Exhibici\u00f3n:<\/strong> El Cabo San Rafael<\/p><p><strong>Lugar:<\/strong> Museo del Hombre Dominicano, en&nbsp;la Plaza de la Cultura en Santo Domingo. [En esta plaza tambi\u00e9n est\u00e1 el Teatro Nacional, el Museo de Arte Moderno, la Biblioteca Nacional, es un importante complejo de difusi\u00f3n cultural construido en 1970.]<\/p><p><strong>Hora:<\/strong> 7:00 pm<\/p><p>Chequear <a href=\"http:\/\/www.TODO.fm\" target=\"_blank\" rel=\"noopener\"><strong>www.TODO.fm<\/strong><\/a> para el calendario completo de pr\u00f3ximos eventos!<\/p><\/blockquote>\n","protected":false},"excerpt":{"rendered":"<p>El Museo de Arqueolog\u00eda Regional de Altos de Chav\u00f3n acaba de anunciar su horario de las pr\u00f3ximas semanas y tenemos muchas actividades para esperar! Estas actividades invluyen un seminario sobre la cultura y arqueolog\u00eda de Bayahibe, un Cine Foro con la pel\u00edcula \u201cVida de Coco Chanel\u201d y una exhibici\u00f3n de El Cabo San Rafael. La [&hellip;]<\/p>\n","protected":false},"author":468,"featured_media":263560,"comment_status":"closed","ping_status":"closed","sticky":false,"template":"","format":"standard","meta":{"newspack_ads_suppress_ads":false,"newspack_popups_has_disabled_popups":false,"newspack_sponsor_sponsorship_scope":"","newspack_sponsor_native_byline_display":"inherit","newspack_sponsor_native_category_display":"inherit","newspack_sponsor_underwriter_style":"inherit","newspack_sponsor_underwriter_placement":"inherit","_newspack_byline_active":false,"_newspack_byline":"","newspack_hide_updated_date":false,"newspack_show_updated_date":false,"newspack_content_restriction_is_exempt":false,"newspack_featured_image_position":"","newspack_post_subtitle":"","newspack_article_summary_title":"Overview:","newspack_article_summary":"","_jetpack_memberships_contains_paid_content":false,"footnotes":"","jetpack_publicize_message":"","jetpack_publicize_feature_enabled":true,"jetpack_social_post_already_shared":false,"jetpack_social_options":{"image_generator_settings":{"template":"highway","default_image_id":0,"font":"","enabled":false},"version":2},"_wpas_customize_per_network":false},"categories":[26819,26823,2524,2522,14625,14627],"tags":[15387,3699],"newspack_spnsrs_tax":[],"class_list":["post-342787","post","type-post","status-publish","format-standard","has-post-thumbnail","hentry","category-altos-de-chavon-es","category-arte-y-cultura","category-destacados","category-eventos-es","category-noticias-locales","category-proximamente","tag-altos-de-chavon-es","tag-bayahibe-es","entry"],"yoast_head":"<!-- This site is optimized with the Yoast SEO plugin v27.5 - https:\/\/yoast.com\/product\/yoast-seo-wordpress\/ -->\n<title>Eventos en el Museo de Arqueolog\u00eda Regional de Altos de Chav\u00f3n | Casa de Campo Living<\/title>\n<meta name=\"description\" content=\"El Museo de Arqueolog\u00eda Regional de Altos de Chav\u00f3n acaba de anunciar su horario de las pr\u00f3ximas semanas y tenemos muchas actividades para esperar! Estas\" \/>\n<meta name=\"robots\" content=\"index, follow, max-snippet:-1, max-image-preview:large, max-video-preview:-1\" \/>\n<link rel=\"canonical\" href=\"https:\/\/casadecampoliving.com\/es\/eventos-en-el-museo-de-arqueologia-regional-de-altos-de-chavon\/\" \/>\n<meta property=\"og:locale\" content=\"es_ES\" \/>\n<meta property=\"og:type\" content=\"article\" \/>\n<meta property=\"og:title\" content=\"Eventos en el Museo de Arqueolog\u00eda Regional de Altos de Chav\u00f3n | Casa de Campo Living\" \/>\n<meta property=\"og:description\" content=\"El Museo de Arqueolog\u00eda Regional de Altos de Chav\u00f3n acaba de anunciar su horario de las pr\u00f3ximas semanas y tenemos muchas actividades para esperar! Estas\" \/>\n<meta property=\"og:url\" content=\"https:\/\/casadecampoliving.com\/es\/eventos-en-el-museo-de-arqueologia-regional-de-altos-de-chavon\/\" \/>\n<meta property=\"og:site_name\" content=\"Casa de Campo Living\" \/>\n<meta property=\"article:publisher\" content=\"https:\/\/www.facebook.com\/casadecampoliving\" \/>\n<meta property=\"article:published_time\" content=\"2013-09-04T04:00:00+00:00\" \/>\n<meta property=\"article:modified_time\" content=\"2022-10-21T22:46:47+00:00\" \/>\n<meta property=\"og:image\" content=\"https:\/\/i0.wp.com\/casadecampoliving.com\/wp-content\/uploads\/2022\/10\/20772437_sSZbRP1-e1558546586278.jpeg?fit=1000%2C667&ssl=1\" \/>\n\t<meta property=\"og:image:width\" content=\"1000\" \/>\n\t<meta property=\"og:image:height\" content=\"667\" \/>\n\t<meta property=\"og:image:type\" content=\"image\/jpeg\" \/>\n<meta name=\"author\" content=\"Maria Veronica Silvestri\" \/>\n<meta name=\"twitter:card\" content=\"summary_large_image\" \/>\n<meta name=\"twitter:creator\" content=\"@cdcliving\" \/>\n<meta name=\"twitter:site\" content=\"@cdcliving\" \/>\n<meta name=\"twitter:label1\" content=\"Escrito por\" \/>\n\t<meta name=\"twitter:data1\" content=\"Maria Veronica Silvestri\" \/>\n\t<meta name=\"twitter:label2\" content=\"Tiempo de lectura\" \/>\n\t<meta name=\"twitter:data2\" content=\"1 minuto\" \/>\n<script type=\"application\/ld+json\" class=\"yoast-schema-graph\">{\"@context\":\"https:\\\/\\\/schema.org\",\"@graph\":[{\"@type\":\"Article\",\"@id\":\"https:\\\/\\\/casadecampoliving.com\\\/es\\\/eventos-en-el-museo-de-arqueologia-regional-de-altos-de-chavon\\\/#article\",\"isPartOf\":{\"@id\":\"https:\\\/\\\/casadecampoliving.com\\\/es\\\/eventos-en-el-museo-de-arqueologia-regional-de-altos-de-chavon\\\/\"},\"author\":{\"name\":\"Maria Veronica Silvestri\",\"@id\":\"https:\\\/\\\/casadecampoliving.com\\\/es\\\/#\\\/schema\\\/person\\\/b159a33d4a180fc448e26c2b82bc02c6\"},\"headline\":\"Eventos en el Museo de Arqueolog\u00eda Regional de Altos de Chav\u00f3n\",\"datePublished\":\"2013-09-04T04:00:00+00:00\",\"dateModified\":\"2022-10-21T22:46:47+00:00\",\"mainEntityOfPage\":{\"@id\":\"https:\\\/\\\/casadecampoliving.com\\\/es\\\/eventos-en-el-museo-de-arqueologia-regional-de-altos-de-chavon\\\/\"},\"wordCount\":311,\"publisher\":{\"@id\":\"https:\\\/\\\/casadecampoliving.com\\\/es\\\/#organization\"},\"image\":{\"@id\":\"https:\\\/\\\/casadecampoliving.com\\\/es\\\/eventos-en-el-museo-de-arqueologia-regional-de-altos-de-chavon\\\/#primaryimage\"},\"thumbnailUrl\":\"https:\\\/\\\/i0.wp.com\\\/casadecampoliving.com\\\/wp-content\\\/uploads\\\/2022\\\/10\\\/20772437_sSZbRP1-e1558546586278.jpeg?fit=1000%2C667&ssl=1\",\"keywords\":[\"Altos de Chavon\",\"bayahibe @es\"],\"articleSection\":[\"Altos de Chavon @es\",\"Arte y cultura\",\"Destacados\",\"Eventos\",\"Noticias Locales\",\"Proximamente\"],\"inLanguage\":\"es\"},{\"@type\":\"WebPage\",\"@id\":\"https:\\\/\\\/casadecampoliving.com\\\/es\\\/eventos-en-el-museo-de-arqueologia-regional-de-altos-de-chavon\\\/\",\"url\":\"https:\\\/\\\/casadecampoliving.com\\\/es\\\/eventos-en-el-museo-de-arqueologia-regional-de-altos-de-chavon\\\/\",\"name\":\"Eventos en el Museo de Arqueolog\u00eda Regional de Altos de Chav\u00f3n | Casa de Campo Living\",\"isPartOf\":{\"@id\":\"https:\\\/\\\/casadecampoliving.com\\\/es\\\/#website\"},\"primaryImageOfPage\":{\"@id\":\"https:\\\/\\\/casadecampoliving.com\\\/es\\\/eventos-en-el-museo-de-arqueologia-regional-de-altos-de-chavon\\\/#primaryimage\"},\"image\":{\"@id\":\"https:\\\/\\\/casadecampoliving.com\\\/es\\\/eventos-en-el-museo-de-arqueologia-regional-de-altos-de-chavon\\\/#primaryimage\"},\"thumbnailUrl\":\"https:\\\/\\\/i0.wp.com\\\/casadecampoliving.com\\\/wp-content\\\/uploads\\\/2022\\\/10\\\/20772437_sSZbRP1-e1558546586278.jpeg?fit=1000%2C667&ssl=1\",\"datePublished\":\"2013-09-04T04:00:00+00:00\",\"dateModified\":\"2022-10-21T22:46:47+00:00\",\"description\":\"El Museo de Arqueolog\u00eda Regional de Altos de Chav\u00f3n acaba de anunciar su horario de las pr\u00f3ximas semanas y tenemos muchas actividades para esperar! Estas\",\"breadcrumb\":{\"@id\":\"https:\\\/\\\/casadecampoliving.com\\\/es\\\/eventos-en-el-museo-de-arqueologia-regional-de-altos-de-chavon\\\/#breadcrumb\"},\"inLanguage\":\"es\",\"potentialAction\":[{\"@type\":\"ReadAction\",\"target\":[\"https:\\\/\\\/casadecampoliving.com\\\/es\\\/eventos-en-el-museo-de-arqueologia-regional-de-altos-de-chavon\\\/\"]}]},{\"@type\":\"ImageObject\",\"inLanguage\":\"es\",\"@id\":\"https:\\\/\\\/casadecampoliving.com\\\/es\\\/eventos-en-el-museo-de-arqueologia-regional-de-altos-de-chavon\\\/#primaryimage\",\"url\":\"https:\\\/\\\/i0.wp.com\\\/casadecampoliving.com\\\/wp-content\\\/uploads\\\/2022\\\/10\\\/20772437_sSZbRP1-e1558546586278.jpeg?fit=1000%2C667&ssl=1\",\"contentUrl\":\"https:\\\/\\\/i0.wp.com\\\/casadecampoliving.com\\\/wp-content\\\/uploads\\\/2022\\\/10\\\/20772437_sSZbRP1-e1558546586278.jpeg?fit=1000%2C667&ssl=1\",\"width\":1000,\"height\":667,\"caption\":\"Regional Museum of Archeology Altos de Chavon\"},{\"@type\":\"BreadcrumbList\",\"@id\":\"https:\\\/\\\/casadecampoliving.com\\\/es\\\/eventos-en-el-museo-de-arqueologia-regional-de-altos-de-chavon\\\/#breadcrumb\",\"itemListElement\":[{\"@type\":\"ListItem\",\"position\":1,\"name\":\"Home\",\"item\":\"https:\\\/\\\/casadecampoliving.com\\\/es\\\/\"},{\"@type\":\"ListItem\",\"position\":2,\"name\":\"Eventos en el Museo de Arqueolog\u00eda Regional de Altos de Chav\u00f3n\"}]},{\"@type\":\"WebSite\",\"@id\":\"https:\\\/\\\/casadecampoliving.com\\\/es\\\/#website\",\"url\":\"https:\\\/\\\/casadecampoliving.com\\\/es\\\/\",\"name\":\"Casa de Campo Living\",\"description\":\"Resort community news and resources.\",\"publisher\":{\"@id\":\"https:\\\/\\\/casadecampoliving.com\\\/es\\\/#organization\"},\"potentialAction\":[{\"@type\":\"SearchAction\",\"target\":{\"@type\":\"EntryPoint\",\"urlTemplate\":\"https:\\\/\\\/casadecampoliving.com\\\/es\\\/?s={search_term_string}\"},\"query-input\":{\"@type\":\"PropertyValueSpecification\",\"valueRequired\":true,\"valueName\":\"search_term_string\"}}],\"inLanguage\":\"es\"},{\"@type\":\"Organization\",\"@id\":\"https:\\\/\\\/casadecampoliving.com\\\/es\\\/#organization\",\"name\":\"Casa de Campo Living\",\"url\":\"https:\\\/\\\/casadecampoliving.com\\\/es\\\/\",\"logo\":{\"@type\":\"ImageObject\",\"inLanguage\":\"es\",\"@id\":\"https:\\\/\\\/casadecampoliving.com\\\/es\\\/#\\\/schema\\\/logo\\\/image\\\/\",\"url\":\"https:\\\/\\\/i0.wp.com\\\/casadecampoliving.com\\\/wp-content\\\/uploads\\\/2022\\\/07\\\/CDCLivingLogo_V1-white-sized.png?fit=800%2C214&ssl=1\",\"contentUrl\":\"https:\\\/\\\/i0.wp.com\\\/casadecampoliving.com\\\/wp-content\\\/uploads\\\/2022\\\/07\\\/CDCLivingLogo_V1-white-sized.png?fit=800%2C214&ssl=1\",\"width\":800,\"height\":214,\"caption\":\"Casa de Campo Living\"},\"image\":{\"@id\":\"https:\\\/\\\/casadecampoliving.com\\\/es\\\/#\\\/schema\\\/logo\\\/image\\\/\"},\"sameAs\":[\"https:\\\/\\\/www.facebook.com\\\/casadecampoliving\",\"https:\\\/\\\/x.com\\\/cdcliving\"]},{\"@type\":\"Person\",\"@id\":\"https:\\\/\\\/casadecampoliving.com\\\/es\\\/#\\\/schema\\\/person\\\/b159a33d4a180fc448e26c2b82bc02c6\",\"name\":\"Maria Veronica Silvestri\",\"image\":{\"@type\":\"ImageObject\",\"inLanguage\":\"es\",\"@id\":\"https:\\\/\\\/secure.gravatar.com\\\/avatar\\\/64a65811d5901e4bc39960b886048af2c32224d1bc16c5d6b3bf5372963a5769?s=96&d=mm&r=g\",\"url\":\"https:\\\/\\\/secure.gravatar.com\\\/avatar\\\/64a65811d5901e4bc39960b886048af2c32224d1bc16c5d6b3bf5372963a5769?s=96&d=mm&r=g\",\"contentUrl\":\"https:\\\/\\\/secure.gravatar.com\\\/avatar\\\/64a65811d5901e4bc39960b886048af2c32224d1bc16c5d6b3bf5372963a5769?s=96&d=mm&r=g\",\"caption\":\"Maria Veronica Silvestri\"},\"url\":\"https:\\\/\\\/casadecampoliving.com\\\/es\\\/author\\\/msilvestri\\\/\"}]}<\/script>\n<!-- \/ Yoast SEO plugin. -->","yoast_head_json":{"title":"Eventos en el Museo de Arqueolog\u00eda Regional de Altos de Chav\u00f3n | Casa de Campo Living","description":"El Museo de Arqueolog\u00eda Regional de Altos de Chav\u00f3n acaba de anunciar su horario de las pr\u00f3ximas semanas y tenemos muchas actividades para esperar! Estas","robots":{"index":"index","follow":"follow","max-snippet":"max-snippet:-1","max-image-preview":"max-image-preview:large","max-video-preview":"max-video-preview:-1"},"canonical":"https:\/\/casadecampoliving.com\/es\/eventos-en-el-museo-de-arqueologia-regional-de-altos-de-chavon\/","og_locale":"es_ES","og_type":"article","og_title":"Eventos en el Museo de Arqueolog\u00eda Regional de Altos de Chav\u00f3n | Casa de Campo Living","og_description":"El Museo de Arqueolog\u00eda Regional de Altos de Chav\u00f3n acaba de anunciar su horario de las pr\u00f3ximas semanas y tenemos muchas actividades para esperar! Estas","og_url":"https:\/\/casadecampoliving.com\/es\/eventos-en-el-museo-de-arqueologia-regional-de-altos-de-chavon\/","og_site_name":"Casa de Campo Living","article_publisher":"https:\/\/www.facebook.com\/casadecampoliving","article_published_time":"2013-09-04T04:00:00+00:00","article_modified_time":"2022-10-21T22:46:47+00:00","og_image":[{"width":1000,"height":667,"url":"https:\/\/i0.wp.com\/casadecampoliving.com\/wp-content\/uploads\/2022\/10\/20772437_sSZbRP1-e1558546586278.jpeg?fit=1000%2C667&ssl=1","type":"image\/jpeg"}],"author":"Maria Veronica Silvestri","twitter_card":"summary_large_image","twitter_creator":"@cdcliving","twitter_site":"@cdcliving","twitter_misc":{"Escrito por":"Maria Veronica Silvestri","Tiempo de lectura":"1 minuto"},"schema":{"@context":"https:\/\/schema.org","@graph":[{"@type":"Article","@id":"https:\/\/casadecampoliving.com\/es\/eventos-en-el-museo-de-arqueologia-regional-de-altos-de-chavon\/#article","isPartOf":{"@id":"https:\/\/casadecampoliving.com\/es\/eventos-en-el-museo-de-arqueologia-regional-de-altos-de-chavon\/"},"author":{"name":"Maria Veronica Silvestri","@id":"https:\/\/casadecampoliving.com\/es\/#\/schema\/person\/b159a33d4a180fc448e26c2b82bc02c6"},"headline":"Eventos en el Museo de Arqueolog\u00eda Regional de Altos de Chav\u00f3n","datePublished":"2013-09-04T04:00:00+00:00","dateModified":"2022-10-21T22:46:47+00:00","mainEntityOfPage":{"@id":"https:\/\/casadecampoliving.com\/es\/eventos-en-el-museo-de-arqueologia-regional-de-altos-de-chavon\/"},"wordCount":311,"publisher":{"@id":"https:\/\/casadecampoliving.com\/es\/#organization"},"image":{"@id":"https:\/\/casadecampoliving.com\/es\/eventos-en-el-museo-de-arqueologia-regional-de-altos-de-chavon\/#primaryimage"},"thumbnailUrl":"https:\/\/i0.wp.com\/casadecampoliving.com\/wp-content\/uploads\/2022\/10\/20772437_sSZbRP1-e1558546586278.jpeg?fit=1000%2C667&ssl=1","keywords":["Altos de Chavon","bayahibe @es"],"articleSection":["Altos de Chavon @es","Arte y cultura","Destacados","Eventos","Noticias Locales","Proximamente"],"inLanguage":"es"},{"@type":"WebPage","@id":"https:\/\/casadecampoliving.com\/es\/eventos-en-el-museo-de-arqueologia-regional-de-altos-de-chavon\/","url":"https:\/\/casadecampoliving.com\/es\/eventos-en-el-museo-de-arqueologia-regional-de-altos-de-chavon\/","name":"Eventos en el Museo de Arqueolog\u00eda Regional de Altos de Chav\u00f3n | Casa de Campo Living","isPartOf":{"@id":"https:\/\/casadecampoliving.com\/es\/#website"},"primaryImageOfPage":{"@id":"https:\/\/casadecampoliving.com\/es\/eventos-en-el-museo-de-arqueologia-regional-de-altos-de-chavon\/#primaryimage"},"image":{"@id":"https:\/\/casadecampoliving.com\/es\/eventos-en-el-museo-de-arqueologia-regional-de-altos-de-chavon\/#primaryimage"},"thumbnailUrl":"https:\/\/i0.wp.com\/casadecampoliving.com\/wp-content\/uploads\/2022\/10\/20772437_sSZbRP1-e1558546586278.jpeg?fit=1000%2C667&ssl=1","datePublished":"2013-09-04T04:00:00+00:00","dateModified":"2022-10-21T22:46:47+00:00","description":"El Museo de Arqueolog\u00eda Regional de Altos de Chav\u00f3n acaba de anunciar su horario de las pr\u00f3ximas semanas y tenemos muchas actividades para esperar! Estas","breadcrumb":{"@id":"https:\/\/casadecampoliving.com\/es\/eventos-en-el-museo-de-arqueologia-regional-de-altos-de-chavon\/#breadcrumb"},"inLanguage":"es","potentialAction":[{"@type":"ReadAction","target":["https:\/\/casadecampoliving.com\/es\/eventos-en-el-museo-de-arqueologia-regional-de-altos-de-chavon\/"]}]},{"@type":"ImageObject","inLanguage":"es","@id":"https:\/\/casadecampoliving.com\/es\/eventos-en-el-museo-de-arqueologia-regional-de-altos-de-chavon\/#primaryimage","url":"https:\/\/i0.wp.com\/casadecampoliving.com\/wp-content\/uploads\/2022\/10\/20772437_sSZbRP1-e1558546586278.jpeg?fit=1000%2C667&ssl=1","contentUrl":"https:\/\/i0.wp.com\/casadecampoliving.com\/wp-content\/uploads\/2022\/10\/20772437_sSZbRP1-e1558546586278.jpeg?fit=1000%2C667&ssl=1","width":1000,"height":667,"caption":"Regional Museum of Archeology Altos de Chavon"},{"@type":"BreadcrumbList","@id":"https:\/\/casadecampoliving.com\/es\/eventos-en-el-museo-de-arqueologia-regional-de-altos-de-chavon\/#breadcrumb","itemListElement":[{"@type":"ListItem","position":1,"name":"Home","item":"https:\/\/casadecampoliving.com\/es\/"},{"@type":"ListItem","position":2,"name":"Eventos en el Museo de Arqueolog\u00eda Regional de Altos de Chav\u00f3n"}]},{"@type":"WebSite","@id":"https:\/\/casadecampoliving.com\/es\/#website","url":"https:\/\/casadecampoliving.com\/es\/","name":"Casa de Campo Living","description":"Resort community news and resources.","publisher":{"@id":"https:\/\/casadecampoliving.com\/es\/#organization"},"potentialAction":[{"@type":"SearchAction","target":{"@type":"EntryPoint","urlTemplate":"https:\/\/casadecampoliving.com\/es\/?s={search_term_string}"},"query-input":{"@type":"PropertyValueSpecification","valueRequired":true,"valueName":"search_term_string"}}],"inLanguage":"es"},{"@type":"Organization","@id":"https:\/\/casadecampoliving.com\/es\/#organization","name":"Casa de Campo Living","url":"https:\/\/casadecampoliving.com\/es\/","logo":{"@type":"ImageObject","inLanguage":"es","@id":"https:\/\/casadecampoliving.com\/es\/#\/schema\/logo\/image\/","url":"https:\/\/i0.wp.com\/casadecampoliving.com\/wp-content\/uploads\/2022\/07\/CDCLivingLogo_V1-white-sized.png?fit=800%2C214&ssl=1","contentUrl":"https:\/\/i0.wp.com\/casadecampoliving.com\/wp-content\/uploads\/2022\/07\/CDCLivingLogo_V1-white-sized.png?fit=800%2C214&ssl=1","width":800,"height":214,"caption":"Casa de Campo Living"},"image":{"@id":"https:\/\/casadecampoliving.com\/es\/#\/schema\/logo\/image\/"},"sameAs":["https:\/\/www.facebook.com\/casadecampoliving","https:\/\/x.com\/cdcliving"]},{"@type":"Person","@id":"https:\/\/casadecampoliving.com\/es\/#\/schema\/person\/b159a33d4a180fc448e26c2b82bc02c6","name":"Maria Veronica Silvestri","image":{"@type":"ImageObject","inLanguage":"es","@id":"https:\/\/secure.gravatar.com\/avatar\/64a65811d5901e4bc39960b886048af2c32224d1bc16c5d6b3bf5372963a5769?s=96&d=mm&r=g","url":"https:\/\/secure.gravatar.com\/avatar\/64a65811d5901e4bc39960b886048af2c32224d1bc16c5d6b3bf5372963a5769?s=96&d=mm&r=g","contentUrl":"https:\/\/secure.gravatar.com\/avatar\/64a65811d5901e4bc39960b886048af2c32224d1bc16c5d6b3bf5372963a5769?s=96&d=mm&r=g","caption":"Maria Veronica Silvestri"},"url":"https:\/\/casadecampoliving.com\/es\/author\/msilvestri\/"}]}},"parsely":{"version":"1.1.0","canonical_url":"https:\/\/casadecampoliving.com\/es\/eventos-en-el-museo-de-arqueologia-regional-de-altos-de-chavon\/","smart_links":{"inbound":0,"outbound":0},"traffic_boost_suggestions_count":0,"meta":{"@context":"https:\/\/schema.org","@type":"NewsArticle","headline":"Eventos en el Museo de Arqueolog\u00eda Regional de Altos de Chav\u00f3n","url":"http:\/\/casadecampoliving.com\/es\/eventos-en-el-museo-de-arqueologia-regional-de-altos-de-chavon\/","mainEntityOfPage":{"@type":"WebPage","@id":"http:\/\/casadecampoliving.com\/es\/eventos-en-el-museo-de-arqueologia-regional-de-altos-de-chavon\/"},"thumbnailUrl":"https:\/\/i0.wp.com\/casadecampoliving.com\/wp-content\/uploads\/2022\/10\/20772437_sSZbRP1-e1558546586278.jpeg?resize=150%2C150&ssl=1","image":{"@type":"ImageObject","url":"https:\/\/i0.wp.com\/casadecampoliving.com\/wp-content\/uploads\/2022\/10\/20772437_sSZbRP1-e1558546586278.jpeg?fit=1000%2C667&ssl=1"},"articleSection":"Altos de Chavon @es","author":[{"@type":"Person","name":"Maria Veronica Silvestri"}],"creator":["Maria Veronica Silvestri"],"publisher":{"@type":"Organization","name":"Casa de Campo Living","logo":"https:\/\/casadecampoliving.com\/wp-content\/uploads\/2022\/07\/CDCLivingLogo_V1-white-sized.png"},"keywords":["altos de chavon","bayahibe @es"],"dateCreated":"2013-09-04T04:00:00Z","datePublished":"2013-09-04T04:00:00Z","dateModified":"2022-10-21T22:46:47Z"},"rendered":"<script type=\"application\/ld+json\" class=\"wp-parsely-metadata\">{\"@context\":\"https:\\\/\\\/schema.org\",\"@type\":\"NewsArticle\",\"headline\":\"Eventos en el Museo de Arqueolog\\u00eda Regional de Altos de Chav\\u00f3n\",\"url\":\"http:\\\/\\\/casadecampoliving.com\\\/es\\\/eventos-en-el-museo-de-arqueologia-regional-de-altos-de-chavon\\\/\",\"mainEntityOfPage\":{\"@type\":\"WebPage\",\"@id\":\"http:\\\/\\\/casadecampoliving.com\\\/es\\\/eventos-en-el-museo-de-arqueologia-regional-de-altos-de-chavon\\\/\"},\"thumbnailUrl\":\"https:\\\/\\\/i0.wp.com\\\/casadecampoliving.com\\\/wp-content\\\/uploads\\\/2022\\\/10\\\/20772437_sSZbRP1-e1558546586278.jpeg?resize=150%2C150&ssl=1\",\"image\":{\"@type\":\"ImageObject\",\"url\":\"https:\\\/\\\/i0.wp.com\\\/casadecampoliving.com\\\/wp-content\\\/uploads\\\/2022\\\/10\\\/20772437_sSZbRP1-e1558546586278.jpeg?fit=1000%2C667&ssl=1\"},\"articleSection\":\"Altos de Chavon @es\",\"author\":[{\"@type\":\"Person\",\"name\":\"Maria Veronica Silvestri\"}],\"creator\":[\"Maria Veronica Silvestri\"],\"publisher\":{\"@type\":\"Organization\",\"name\":\"Casa de Campo Living\",\"logo\":\"https:\\\/\\\/casadecampoliving.com\\\/wp-content\\\/uploads\\\/2022\\\/07\\\/CDCLivingLogo_V1-white-sized.png\"},\"keywords\":[\"altos de chavon\",\"bayahibe @es\"],\"dateCreated\":\"2013-09-04T04:00:00Z\",\"datePublished\":\"2013-09-04T04:00:00Z\",\"dateModified\":\"2022-10-21T22:46:47Z\"}<\/script>","tracker_url":"https:\/\/cdn.parsely.com\/keys\/casadecampoliving.com\/p.js"},"jetpack_publicize_connections":[],"jetpack_featured_media_url":"https:\/\/i0.wp.com\/casadecampoliving.com\/wp-content\/uploads\/2022\/10\/20772437_sSZbRP1-e1558546586278.jpeg?fit=1000%2C667&ssl=1","jetpack-related-posts":[{"id":433460,"url":"https:\/\/casadecampoliving.com\/es\/no-se-pierdan-el-increible-tributo-a-frank-sinatra-para-celebrar-el-40-aniversario-del-anfiteatro-altos-de-chavon\/","url_meta":{"origin":342787,"position":0},"title":"No se pierdan el incre\u00edble tributo a Frank Sinatra para celebrar el 40 aniversario del\u00a0Anfiteatro Altos de Chav\u00f3n","author":"Casa de Campo Living","date":"20 Oct, 2022","format":false,"excerpt":"Siendo uno de los escenarios m\u00e1s emblem\u00e1ticos del pa\u00eds, Casa de Campo Resort\u00ae & Villas celebra las cuatro d\u00e9cadas de aniversario de Altos de Chav\u00f3n con un tributo al gran Frank Sinatra, protagonizado por artistas invitados y una big band tal cual la que acompa\u00f1\u00f3 al artista hace 40 a\u00f1os\u2026","rel":"","context":"En \u00abUncategorized @es\u00bb","block_context":{"text":"Uncategorized @es","link":"https:\/\/casadecampoliving.com\/es\/category\/uncategorized-es\/"},"img":{"alt_text":"","src":"https:\/\/i0.wp.com\/casadecampoliving.com\/wp-content\/uploads\/2022\/10\/Tributo-Frank-Sinatra-Foto-Principal-Amaury-Sanchez-Danilo-Ginebra-Andres-Pichardo-y-Jose-Gabriel-Perez-.jpg?fit=1200%2C873&ssl=1&resize=350%2C200","width":350,"height":200,"srcset":"https:\/\/i0.wp.com\/casadecampoliving.com\/wp-content\/uploads\/2022\/10\/Tributo-Frank-Sinatra-Foto-Principal-Amaury-Sanchez-Danilo-Ginebra-Andres-Pichardo-y-Jose-Gabriel-Perez-.jpg?fit=1200%2C873&ssl=1&resize=350%2C200 1x, https:\/\/i0.wp.com\/casadecampoliving.com\/wp-content\/uploads\/2022\/10\/Tributo-Frank-Sinatra-Foto-Principal-Amaury-Sanchez-Danilo-Ginebra-Andres-Pichardo-y-Jose-Gabriel-Perez-.jpg?fit=1200%2C873&ssl=1&resize=525%2C300 1.5x, https:\/\/i0.wp.com\/casadecampoliving.com\/wp-content\/uploads\/2022\/10\/Tributo-Frank-Sinatra-Foto-Principal-Amaury-Sanchez-Danilo-Ginebra-Andres-Pichardo-y-Jose-Gabriel-Perez-.jpg?fit=1200%2C873&ssl=1&resize=700%2C400 2x, https:\/\/i0.wp.com\/casadecampoliving.com\/wp-content\/uploads\/2022\/10\/Tributo-Frank-Sinatra-Foto-Principal-Amaury-Sanchez-Danilo-Ginebra-Andres-Pichardo-y-Jose-Gabriel-Perez-.jpg?fit=1200%2C873&ssl=1&resize=1050%2C600 3x"},"classes":[]},{"id":342597,"url":"https:\/\/casadecampoliving.com\/es\/taller-creativo-en-el-museo-regional-de-arqueologia-de-altos-de-chavon\/","url_meta":{"origin":342787,"position":1},"title":"Taller creativo en el Museo Regional de Arqueolog\u00eda de Altos de Chav\u00f3n","author":"lperdomo","date":"26 Jul, 2013","format":false,"excerpt":"El Museo Regional de Arqueolog\u00eda de Altos de Chav\u00f3n contiene m\u00e1s de 3,000 artefactos precolombinos Ta\u00ednos, haciendolo un gran lugar para aprender sobre la rica herencia ancestral de la Rep\u00fablica Dominicana, especialmente para los peque\u00f1os exploradores quienes pueden aprender en la habitaci\u00f3n especial de descubrimiento del museo. El s\u00e1bado 17\u2026","rel":"","context":"En \u00abAltos de Chavon @es\u00bb","block_context":{"text":"Altos de Chavon @es","link":"https:\/\/casadecampoliving.com\/category\/altos-de-chavon-es\/"},"img":{"alt_text":"children crafts","src":"https:\/\/i0.wp.com\/casadecampoliving.com\/wp-content\/uploads\/2022\/10\/children_crafts-1.jpg?fit=650%2C404&ssl=1&resize=350%2C200","width":350,"height":200,"srcset":"https:\/\/i0.wp.com\/casadecampoliving.com\/wp-content\/uploads\/2022\/10\/children_crafts-1.jpg?fit=650%2C404&ssl=1&resize=350%2C200 1x, https:\/\/i0.wp.com\/casadecampoliving.com\/wp-content\/uploads\/2022\/10\/children_crafts-1.jpg?fit=650%2C404&ssl=1&resize=525%2C300 1.5x"},"classes":[]},{"id":344263,"url":"https:\/\/casadecampoliving.com\/es\/campamento-de-verano-en-el-museo-regional-arqueologico-altos-de-chavon\/","url_meta":{"origin":342787,"position":2},"title":"Campamento de Verano en el Museo Regional Arqueol\u00f3gico Altos de Chav\u00f3n","author":"Perkin Agramonte","date":"27 Abr, 2014","format":false,"excerpt":"\u00a1Anote la Fecha! El Museo Regional Arqueol\u00f3gico Altos de Chav\u00f3n estar\u00e1 organizando un Campamento de Verano desde el lunes 6 hasta el viernes 18 de julio, donde los ni\u00f1os aprender\u00e1n sobre la historia a trav\u00e9s de juegos y exploraciones. En este campamento arqueol\u00f3gico, exploratorio y divertido los ni\u00f1os aprender\u00e1n a\u2026","rel":"","context":"En \u00abAltos de Chavon @es\u00bb","block_context":{"text":"Altos de Chavon @es","link":"https:\/\/casadecampoliving.com\/category\/altos-de-chavon-es\/"},"img":{"alt_text":"","src":"https:\/\/i0.wp.com\/casadecampoliving.com\/wp-content\/uploads\/2022\/10\/campamento_verano_arqueologico_chavon-e1398433087895-1.jpg?fit=620%2C465&ssl=1&resize=350%2C200","width":350,"height":200,"srcset":"https:\/\/i0.wp.com\/casadecampoliving.com\/wp-content\/uploads\/2022\/10\/campamento_verano_arqueologico_chavon-e1398433087895-1.jpg?fit=620%2C465&ssl=1&resize=350%2C200 1x, https:\/\/i0.wp.com\/casadecampoliving.com\/wp-content\/uploads\/2022\/10\/campamento_verano_arqueologico_chavon-e1398433087895-1.jpg?fit=620%2C465&ssl=1&resize=525%2C300 1.5x"},"classes":[]},{"id":342208,"url":"https:\/\/casadecampoliving.com\/es\/experta-en-aves-participara-en-el-campamento-de-verano-del-museo-arqueologico-chavon\/","url_meta":{"origin":342787,"position":3},"title":"Experta en aves participar\u00e1 en el campamento de verano del Museo Arqueol\u00f3gico Chav\u00f3n","author":"Mairobi Herrera","date":"6 Jul, 2013","format":false,"excerpt":"\u00bfUsted sabe cu\u00e1les aves vuelan en los alrededores de Altos de Chav\u00f3n y cu\u00e1ntas son? Pues muy pronto lo sabremos, porque la ornit\u00f3loga norteamericana residente en el pa\u00eds, Kate Wallace, formar\u00e1 parte del campamento de verano del Museo Regional Altos de Chav\u00f3n el 16 de julio, en donde ayudar\u00e1 a\u2026","rel":"","context":"En \u00abAltos de Chavon @es\u00bb","block_context":{"text":"Altos de Chavon @es","link":"https:\/\/casadecampoliving.com\/category\/altos-de-chavon-es\/"},"img":{"alt_text":"vultures","src":"https:\/\/i0.wp.com\/casadecampoliving.com\/wp-content\/uploads\/2022\/10\/vultures-1.jpg?fit=650%2C395&ssl=1&resize=350%2C200","width":350,"height":200,"srcset":"https:\/\/i0.wp.com\/casadecampoliving.com\/wp-content\/uploads\/2022\/10\/vultures-1.jpg?fit=650%2C395&ssl=1&resize=350%2C200 1x, https:\/\/i0.wp.com\/casadecampoliving.com\/wp-content\/uploads\/2022\/10\/vultures-1.jpg?fit=650%2C395&ssl=1&resize=525%2C300 1.5x"},"classes":[]},{"id":344523,"url":"https:\/\/casadecampoliving.com\/es\/campamento-de-verano-explorando-el-pasado-en-el-museo-arqueologico-altos-de-chavon\/","url_meta":{"origin":342787,"position":4},"title":"Campamento de Verano \u00abExplorando el Pasado\u00bb en el Museo Arqueol\u00f3gico Altos de Chav\u00f3n","author":"Perkin Agramonte","date":"3 Jun, 2014","format":false,"excerpt":"Este es el momento perfecto para registrar a sus ni\u00f1os en el Campamento de Verano anual, el cual ser\u00e1 organizado por el Museo Regional Arqueol\u00f3gico Altos de Chav\u00f3n, desde el lunes 7 de julio hasta el viernes 18 de julio. El tema de este a\u00f1o es \u201cExplorando el Pasado\u201d, donde\u2026","rel":"","context":"En \u00abAltos de Chavon @es\u00bb","block_context":{"text":"Altos de Chavon @es","link":"https:\/\/casadecampoliving.com\/category\/altos-de-chavon-es\/"},"img":{"alt_text":"","src":"https:\/\/i0.wp.com\/casadecampoliving.com\/wp-content\/uploads\/2022\/10\/Volante-Campamento-0-1.jpg?fit=650%2C430&ssl=1&resize=350%2C200","width":350,"height":200,"srcset":"https:\/\/i0.wp.com\/casadecampoliving.com\/wp-content\/uploads\/2022\/10\/Volante-Campamento-0-1.jpg?fit=650%2C430&ssl=1&resize=350%2C200 1x, https:\/\/i0.wp.com\/casadecampoliving.com\/wp-content\/uploads\/2022\/10\/Volante-Campamento-0-1.jpg?fit=650%2C430&ssl=1&resize=525%2C300 1.5x"},"classes":[]},{"id":354395,"url":"https:\/\/casadecampoliving.com\/es\/reserve-la-fecha-campamento-de-verano-2022-bayacu-en-el-museo-de-arqueologia-de-altos-de-chavon\/","url_meta":{"origin":342787,"position":5},"title":"Reserve la Fecha: Campamento de Verano 2022 \u201cBAYAC\u00da\u201d en el Museo de Arqueolog\u00eda de Altos de Chav\u00f3n","author":"Casa de Campo Living","date":"30 May, 2022","format":false,"excerpt":"\u00a1Reserva la fecha! El Museo Regional de Arqueolog\u00eda de Altos de Chav\u00f3n estar\u00e1 organizando un Campamento de Verano desde el lunes 4 de julio hasta el viernes 12 de agosto. En Camp Bayac\u00fa, los ni\u00f1os aprender\u00e1n sobre la historia a trav\u00e9s del arte, el descubrimiento y los juegos. Los campistas\u2026","rel":"","context":"En \u00abAltos de Chavon\u00bb","block_context":{"text":"Altos de Chavon","link":"https:\/\/casadecampoliving.com\/es\/tag\/altos-de-chavon-es\/"},"img":{"alt_text":"","src":"https:\/\/i0.wp.com\/casadecampoliving.com\/wp-content\/uploads\/2022\/10\/Altos-de-Chavo%CC%81n-Museum-of-Archaeology-Summer-Camp3-2.jpg?fit=1000%2C770&ssl=1&resize=350%2C200","width":350,"height":200,"srcset":"https:\/\/i0.wp.com\/casadecampoliving.com\/wp-content\/uploads\/2022\/10\/Altos-de-Chavo%CC%81n-Museum-of-Archaeology-Summer-Camp3-2.jpg?fit=1000%2C770&ssl=1&resize=350%2C200 1x, https:\/\/i0.wp.com\/casadecampoliving.com\/wp-content\/uploads\/2022\/10\/Altos-de-Chavo%CC%81n-Museum-of-Archaeology-Summer-Camp3-2.jpg?fit=1000%2C770&ssl=1&resize=525%2C300 1.5x, https:\/\/i0.wp.com\/casadecampoliving.com\/wp-content\/uploads\/2022\/10\/Altos-de-Chavo%CC%81n-Museum-of-Archaeology-Summer-Camp3-2.jpg?fit=1000%2C770&ssl=1&resize=700%2C400 2x"},"classes":[]}],"jetpack_sharing_enabled":true,"_links":{"self":[{"href":"https:\/\/casadecampoliving.com\/es\/wp-json\/wp\/v2\/posts\/342787","targetHints":{"allow":["GET"]}}],"collection":[{"href":"https:\/\/casadecampoliving.com\/es\/wp-json\/wp\/v2\/posts"}],"about":[{"href":"https:\/\/casadecampoliving.com\/es\/wp-json\/wp\/v2\/types\/post"}],"author":[{"embeddable":true,"href":"https:\/\/casadecampoliving.com\/es\/wp-json\/wp\/v2\/users\/468"}],"replies":[{"embeddable":true,"href":"https:\/\/casadecampoliving.com\/es\/wp-json\/wp\/v2\/comments?post=342787"}],"version-history":[{"count":1,"href":"https:\/\/casadecampoliving.com\/es\/wp-json\/wp\/v2\/posts\/342787\/revisions"}],"predecessor-version":[{"id":342788,"href":"https:\/\/casadecampoliving.com\/es\/wp-json\/wp\/v2\/posts\/342787\/revisions\/342788"}],"wp:featuredmedia":[{"embeddable":true,"href":"https:\/\/casadecampoliving.com\/es\/wp-json\/wp\/v2\/media\/263560"}],"wp:attachment":[{"href":"https:\/\/casadecampoliving.com\/es\/wp-json\/wp\/v2\/media?parent=342787"}],"wp:term":[{"taxonomy":"category","embeddable":true,"href":"https:\/\/casadecampoliving.com\/es\/wp-json\/wp\/v2\/categories?post=342787"},{"taxonomy":"post_tag","embeddable":true,"href":"https:\/\/casadecampoliving.com\/es\/wp-json\/wp\/v2\/tags?post=342787"},{"taxonomy":"newspack_spnsrs_tax","embeddable":true,"href":"https:\/\/casadecampoliving.com\/es\/wp-json\/wp\/v2\/newspack_spnsrs_tax?post=342787"}],"curies":[{"name":"wp","href":"https:\/\/api.w.org\/{rel}","templated":true}]}}