{"id":342779,"date":"2013-08-28T00:00:00","date_gmt":"2013-08-28T04:00:00","guid":{"rendered":"https:\/\/casadecampoliving.com\/cine-foro-con-la-pelicula-klimt-agosto-29\/"},"modified":"2022-10-21T18:46:27","modified_gmt":"2022-10-21T22:46:27","slug":"cine-foro-con-la-pelicula-klimt-agosto-29","status":"publish","type":"post","link":"https:\/\/casadecampoliving.com\/es\/cine-foro-con-la-pelicula-klimt-agosto-29\/","title":{"rendered":"Cine Foro con la pel\u00edcula \u00abKLIMT\u00bb agosto 29"},"content":{"rendered":"<div class=\"wp-block-image\">\n<figure class=\"aligncenter is-resized\"><img loading=\"lazy\" decoding=\"async\" src=\"https:\/\/i0.wp.com\/casadecampoliving.com\/wp-content\/uploads\/2022\/10\/klimt_movie.jpg?resize=650%2C307&amp;ssl=1\" alt=\"klimt movie\" class=\"wp-image-76892\" height=\"307\" width=\"650\"\/><\/figure>\n<\/div>\n\n\n<p>Est\u00e1s invitado por el Museo Arqueol\u00f3gico Regional Altos de Chav\u00f3n a participar en el Cine Foro, ma\u00f1ana jueves agosto 29, con la proyecci\u00f3n de la pelicula \u201cKLIMT\u201d dirigida por el director reclamado Ra\u00fal Ru\u00edz.<\/p>\n\n\n<div class=\"wp-block-image\">\n<figure class=\"alignright is-resized\"><img loading=\"lazy\" decoding=\"async\" src=\"https:\/\/i0.wp.com\/casadecampoliving.com\/wp-content\/uploads\/2022\/10\/klimt_movie1.jpg?resize=288%2C401&amp;ssl=1\" alt=\"Klimt movie \" class=\"wp-image-76893\" height=\"401\" width=\"288\"\/><\/figure>\n<\/div>\n\n\n<p><strong><\/strong>En la pel\u00edcula <strong>KLIMT<\/strong>, Klimt (John Malkovich) reflexiona sobre su vida restringida y luchas para la libertad art\u00edstica, viaja a la Exposici\u00f3n Mundial de Paris 1900. Klimt es introducido a una bailarina misteriosa, Lea de Castro (Saffron Burrows), quien se convierte su inspiraci\u00f3n y personificai\u00f3n de sus ideales y deseos. Gustav Klimt vivi\u00f3 su vida como el la pint\u00f3 \u2013 llena de intensidad, sensualidad y pasi\u00f3n. En esta fantas\u00eda biogr\u00e1fica del aclamado director Ra\u00fal Ru\u00edz, Klint (John Malkovich) remonta la decadencia de su pasado en febriles visiones desde su lecho de muerte. <strong><br>\n<\/strong><\/p>\n\n\n\n<p><strong>Esperamos verlos all\u00e1!<\/strong><\/p>\n\n\n\n<blockquote class=\"wp-block-quote is-layout-flow wp-block-quote-is-layout-flow\"><p><strong>Cine Foro \u201cKLIMT\u201d<\/strong><\/p><p><strong>Cu\u00e1ndo:<\/strong>&nbsp;jueves agosto 29<\/p><p><strong>Tiempo: <\/strong>6:00 pm<\/p><p><strong>D\u00f3nde:&nbsp;<\/strong>Museo de Arqueol\u00f3gico Regional Altos de Chav\u00f3n, Altos de Chav\u00f3n<\/p><p><strong>Contribuci\u00f3n: <\/strong>RD$100<\/p><p><strong>Contactos: <\/strong>rcastillo@altosdechavon.com, (809) 523-8554<\/p><\/blockquote>\n\n\n\n<p><strong>ACUERDENSE!<\/strong><br>\nPara ver el programa completo de eventos y actividades por favor visite: <a href=\"http:\/\/www.TODO.fm\" target=\"_blank\" rel=\"noopener\"><strong>www.TODO.fm<\/strong><\/a><\/p>\n","protected":false},"excerpt":{"rendered":"<p>Est\u00e1s invitado por el Museo Arqueol\u00f3gico Regional Altos de Chav\u00f3n a participar en el Cine Foro, ma\u00f1ana jueves agosto 29, con la proyecci\u00f3n de la pelicula \u201cKLIMT\u201d dirigida por el director reclamado Ra\u00fal Ru\u00edz. En la pel\u00edcula KLIMT, Klimt (John Malkovich) reflexiona sobre su vida restringida y luchas para la libertad art\u00edstica, viaja a la [&hellip;]<\/p>\n","protected":false},"author":468,"featured_media":268086,"comment_status":"closed","ping_status":"closed","sticky":false,"template":"","format":"standard","meta":{"newspack_ads_suppress_ads":false,"newspack_popups_has_disabled_popups":false,"newspack_sponsor_sponsorship_scope":"","newspack_sponsor_native_byline_display":"inherit","newspack_sponsor_native_category_display":"inherit","newspack_sponsor_underwriter_style":"inherit","newspack_sponsor_underwriter_placement":"inherit","_newspack_byline_active":false,"_newspack_byline":"","newspack_hide_updated_date":false,"newspack_show_updated_date":false,"newspack_content_restriction_is_exempt":false,"newspack_featured_image_position":"","newspack_post_subtitle":"","newspack_article_summary_title":"Overview:","newspack_article_summary":"","_jetpack_memberships_contains_paid_content":false,"footnotes":"","jetpack_publicize_message":"","jetpack_publicize_feature_enabled":true,"jetpack_social_post_already_shared":false,"jetpack_social_options":{"image_generator_settings":{"template":"highway","default_image_id":0,"font":"","enabled":false},"version":2},"_wpas_customize_per_network":false},"categories":[26819,26823,2524,2522,14625,14627],"tags":[15387,13814,7419,4048],"newspack_spnsrs_tax":[],"class_list":["post-342779","post","type-post","status-publish","format-standard","has-post-thumbnail","hentry","category-altos-de-chavon-es","category-arte-y-cultura","category-destacados","category-eventos-es","category-noticias-locales","category-proximamente","tag-altos-de-chavon-es","tag-casa-de-campo-resort","tag-cine-foro","tag-museo-arquelogico-regional-de-altos-de-chavon","entry"],"yoast_head":"<!-- This site is optimized with the Yoast SEO plugin v27.4 - https:\/\/yoast.com\/product\/yoast-seo-wordpress\/ -->\n<title>Cine Foro con la pel\u00edcula &quot;KLIMT&quot; agosto 29 | Casa de Campo Living<\/title>\n<meta name=\"description\" content=\"Est\u00e1s invitado por el Museo Arqueol\u00f3gico Regional Altos de Chav\u00f3n a participar en el Cine Foro, ma\u00f1ana jueves agosto 29, con la proyecci\u00f3n de la pelicula\" \/>\n<meta name=\"robots\" content=\"index, follow, max-snippet:-1, max-image-preview:large, max-video-preview:-1\" \/>\n<link rel=\"canonical\" href=\"https:\/\/casadecampoliving.com\/es\/cine-foro-con-la-pelicula-klimt-agosto-29\/\" \/>\n<meta property=\"og:locale\" content=\"es_ES\" \/>\n<meta property=\"og:type\" content=\"article\" \/>\n<meta property=\"og:title\" content=\"Cine Foro con la pel\u00edcula &quot;KLIMT&quot; agosto 29 | Casa de Campo Living\" \/>\n<meta property=\"og:description\" content=\"Est\u00e1s invitado por el Museo Arqueol\u00f3gico Regional Altos de Chav\u00f3n a participar en el Cine Foro, ma\u00f1ana jueves agosto 29, con la proyecci\u00f3n de la pelicula\" \/>\n<meta property=\"og:url\" content=\"https:\/\/casadecampoliving.com\/es\/cine-foro-con-la-pelicula-klimt-agosto-29\/\" \/>\n<meta property=\"og:site_name\" content=\"Casa de Campo Living\" \/>\n<meta property=\"article:publisher\" content=\"https:\/\/www.facebook.com\/casadecampoliving\" \/>\n<meta property=\"article:published_time\" content=\"2013-08-28T04:00:00+00:00\" \/>\n<meta property=\"article:modified_time\" content=\"2022-10-21T22:46:27+00:00\" \/>\n<meta property=\"og:image\" content=\"https:\/\/i0.wp.com\/casadecampoliving.com\/wp-content\/uploads\/2022\/10\/klimt_movie-1.jpg?fit=650%2C307&ssl=1\" \/>\n\t<meta property=\"og:image:width\" content=\"650\" \/>\n\t<meta property=\"og:image:height\" content=\"307\" \/>\n\t<meta property=\"og:image:type\" content=\"image\/jpeg\" \/>\n<meta name=\"author\" content=\"Maria Veronica Silvestri\" \/>\n<meta name=\"twitter:card\" content=\"summary_large_image\" \/>\n<meta name=\"twitter:creator\" content=\"@cdcliving\" \/>\n<meta name=\"twitter:site\" content=\"@cdcliving\" \/>\n<meta name=\"twitter:label1\" content=\"Escrito por\" \/>\n\t<meta name=\"twitter:data1\" content=\"Maria Veronica Silvestri\" \/>\n\t<meta name=\"twitter:label2\" content=\"Tiempo de lectura\" \/>\n\t<meta name=\"twitter:data2\" content=\"1 minuto\" \/>\n<script type=\"application\/ld+json\" class=\"yoast-schema-graph\">{\"@context\":\"https:\\\/\\\/schema.org\",\"@graph\":[{\"@type\":\"Article\",\"@id\":\"https:\\\/\\\/casadecampoliving.com\\\/es\\\/cine-foro-con-la-pelicula-klimt-agosto-29\\\/#article\",\"isPartOf\":{\"@id\":\"https:\\\/\\\/casadecampoliving.com\\\/es\\\/cine-foro-con-la-pelicula-klimt-agosto-29\\\/\"},\"author\":{\"name\":\"Maria Veronica Silvestri\",\"@id\":\"https:\\\/\\\/casadecampoliving.com\\\/es\\\/#\\\/schema\\\/person\\\/b159a33d4a180fc448e26c2b82bc02c6\"},\"headline\":\"Cine Foro con la pel\u00edcula \u00abKLIMT\u00bb agosto 29\",\"datePublished\":\"2013-08-28T04:00:00+00:00\",\"dateModified\":\"2022-10-21T22:46:27+00:00\",\"mainEntityOfPage\":{\"@id\":\"https:\\\/\\\/casadecampoliving.com\\\/es\\\/cine-foro-con-la-pelicula-klimt-agosto-29\\\/\"},\"wordCount\":201,\"publisher\":{\"@id\":\"https:\\\/\\\/casadecampoliving.com\\\/es\\\/#organization\"},\"image\":{\"@id\":\"https:\\\/\\\/casadecampoliving.com\\\/es\\\/cine-foro-con-la-pelicula-klimt-agosto-29\\\/#primaryimage\"},\"thumbnailUrl\":\"https:\\\/\\\/i0.wp.com\\\/casadecampoliving.com\\\/wp-content\\\/uploads\\\/2022\\\/10\\\/klimt_movie-1.jpg?fit=650%2C307&ssl=1\",\"keywords\":[\"Altos de Chavon\",\"Casa de Campo Resort\",\"cine foro\",\"museo arquelogico regional de altos de chavon\"],\"articleSection\":[\"Altos de Chavon @es\",\"Arte y cultura\",\"Destacados\",\"Eventos\",\"Noticias Locales\",\"Proximamente\"],\"inLanguage\":\"es\"},{\"@type\":\"WebPage\",\"@id\":\"https:\\\/\\\/casadecampoliving.com\\\/es\\\/cine-foro-con-la-pelicula-klimt-agosto-29\\\/\",\"url\":\"https:\\\/\\\/casadecampoliving.com\\\/es\\\/cine-foro-con-la-pelicula-klimt-agosto-29\\\/\",\"name\":\"Cine Foro con la pel\u00edcula \\\"KLIMT\\\" agosto 29 | Casa de Campo Living\",\"isPartOf\":{\"@id\":\"https:\\\/\\\/casadecampoliving.com\\\/es\\\/#website\"},\"primaryImageOfPage\":{\"@id\":\"https:\\\/\\\/casadecampoliving.com\\\/es\\\/cine-foro-con-la-pelicula-klimt-agosto-29\\\/#primaryimage\"},\"image\":{\"@id\":\"https:\\\/\\\/casadecampoliving.com\\\/es\\\/cine-foro-con-la-pelicula-klimt-agosto-29\\\/#primaryimage\"},\"thumbnailUrl\":\"https:\\\/\\\/i0.wp.com\\\/casadecampoliving.com\\\/wp-content\\\/uploads\\\/2022\\\/10\\\/klimt_movie-1.jpg?fit=650%2C307&ssl=1\",\"datePublished\":\"2013-08-28T04:00:00+00:00\",\"dateModified\":\"2022-10-21T22:46:27+00:00\",\"description\":\"Est\u00e1s invitado por el Museo Arqueol\u00f3gico Regional Altos de Chav\u00f3n a participar en el Cine Foro, ma\u00f1ana jueves agosto 29, con la proyecci\u00f3n de la pelicula\",\"breadcrumb\":{\"@id\":\"https:\\\/\\\/casadecampoliving.com\\\/es\\\/cine-foro-con-la-pelicula-klimt-agosto-29\\\/#breadcrumb\"},\"inLanguage\":\"es\",\"potentialAction\":[{\"@type\":\"ReadAction\",\"target\":[\"https:\\\/\\\/casadecampoliving.com\\\/es\\\/cine-foro-con-la-pelicula-klimt-agosto-29\\\/\"]}]},{\"@type\":\"ImageObject\",\"inLanguage\":\"es\",\"@id\":\"https:\\\/\\\/casadecampoliving.com\\\/es\\\/cine-foro-con-la-pelicula-klimt-agosto-29\\\/#primaryimage\",\"url\":\"https:\\\/\\\/i0.wp.com\\\/casadecampoliving.com\\\/wp-content\\\/uploads\\\/2022\\\/10\\\/klimt_movie-1.jpg?fit=650%2C307&ssl=1\",\"contentUrl\":\"https:\\\/\\\/i0.wp.com\\\/casadecampoliving.com\\\/wp-content\\\/uploads\\\/2022\\\/10\\\/klimt_movie-1.jpg?fit=650%2C307&ssl=1\",\"width\":650,\"height\":307,\"caption\":\"klimt movie\"},{\"@type\":\"BreadcrumbList\",\"@id\":\"https:\\\/\\\/casadecampoliving.com\\\/es\\\/cine-foro-con-la-pelicula-klimt-agosto-29\\\/#breadcrumb\",\"itemListElement\":[{\"@type\":\"ListItem\",\"position\":1,\"name\":\"Home\",\"item\":\"https:\\\/\\\/casadecampoliving.com\\\/es\\\/\"},{\"@type\":\"ListItem\",\"position\":2,\"name\":\"Cine Foro con la pel\u00edcula &#8220;KLIMT&#8221; agosto 29\"}]},{\"@type\":\"WebSite\",\"@id\":\"https:\\\/\\\/casadecampoliving.com\\\/es\\\/#website\",\"url\":\"https:\\\/\\\/casadecampoliving.com\\\/es\\\/\",\"name\":\"Casa de Campo Living\",\"description\":\"Resort community news and resources.\",\"publisher\":{\"@id\":\"https:\\\/\\\/casadecampoliving.com\\\/es\\\/#organization\"},\"potentialAction\":[{\"@type\":\"SearchAction\",\"target\":{\"@type\":\"EntryPoint\",\"urlTemplate\":\"https:\\\/\\\/casadecampoliving.com\\\/es\\\/?s={search_term_string}\"},\"query-input\":{\"@type\":\"PropertyValueSpecification\",\"valueRequired\":true,\"valueName\":\"search_term_string\"}}],\"inLanguage\":\"es\"},{\"@type\":\"Organization\",\"@id\":\"https:\\\/\\\/casadecampoliving.com\\\/es\\\/#organization\",\"name\":\"Casa de Campo Living\",\"url\":\"https:\\\/\\\/casadecampoliving.com\\\/es\\\/\",\"logo\":{\"@type\":\"ImageObject\",\"inLanguage\":\"es\",\"@id\":\"https:\\\/\\\/casadecampoliving.com\\\/es\\\/#\\\/schema\\\/logo\\\/image\\\/\",\"url\":\"https:\\\/\\\/i0.wp.com\\\/casadecampoliving.com\\\/wp-content\\\/uploads\\\/2022\\\/07\\\/CDCLivingLogo_V1-white-sized.png?fit=800%2C214&ssl=1\",\"contentUrl\":\"https:\\\/\\\/i0.wp.com\\\/casadecampoliving.com\\\/wp-content\\\/uploads\\\/2022\\\/07\\\/CDCLivingLogo_V1-white-sized.png?fit=800%2C214&ssl=1\",\"width\":800,\"height\":214,\"caption\":\"Casa de Campo Living\"},\"image\":{\"@id\":\"https:\\\/\\\/casadecampoliving.com\\\/es\\\/#\\\/schema\\\/logo\\\/image\\\/\"},\"sameAs\":[\"https:\\\/\\\/www.facebook.com\\\/casadecampoliving\",\"https:\\\/\\\/x.com\\\/cdcliving\"]},{\"@type\":\"Person\",\"@id\":\"https:\\\/\\\/casadecampoliving.com\\\/es\\\/#\\\/schema\\\/person\\\/b159a33d4a180fc448e26c2b82bc02c6\",\"name\":\"Maria Veronica Silvestri\",\"image\":{\"@type\":\"ImageObject\",\"inLanguage\":\"es\",\"@id\":\"https:\\\/\\\/secure.gravatar.com\\\/avatar\\\/64a65811d5901e4bc39960b886048af2c32224d1bc16c5d6b3bf5372963a5769?s=96&d=mm&r=g\",\"url\":\"https:\\\/\\\/secure.gravatar.com\\\/avatar\\\/64a65811d5901e4bc39960b886048af2c32224d1bc16c5d6b3bf5372963a5769?s=96&d=mm&r=g\",\"contentUrl\":\"https:\\\/\\\/secure.gravatar.com\\\/avatar\\\/64a65811d5901e4bc39960b886048af2c32224d1bc16c5d6b3bf5372963a5769?s=96&d=mm&r=g\",\"caption\":\"Maria Veronica Silvestri\"},\"url\":\"https:\\\/\\\/casadecampoliving.com\\\/es\\\/author\\\/msilvestri\\\/\"}]}<\/script>\n<!-- \/ Yoast SEO plugin. -->","yoast_head_json":{"title":"Cine Foro con la pel\u00edcula \"KLIMT\" agosto 29 | Casa de Campo Living","description":"Est\u00e1s invitado por el Museo Arqueol\u00f3gico Regional Altos de Chav\u00f3n a participar en el Cine Foro, ma\u00f1ana jueves agosto 29, con la proyecci\u00f3n de la pelicula","robots":{"index":"index","follow":"follow","max-snippet":"max-snippet:-1","max-image-preview":"max-image-preview:large","max-video-preview":"max-video-preview:-1"},"canonical":"https:\/\/casadecampoliving.com\/es\/cine-foro-con-la-pelicula-klimt-agosto-29\/","og_locale":"es_ES","og_type":"article","og_title":"Cine Foro con la pel\u00edcula \"KLIMT\" agosto 29 | Casa de Campo Living","og_description":"Est\u00e1s invitado por el Museo Arqueol\u00f3gico Regional Altos de Chav\u00f3n a participar en el Cine Foro, ma\u00f1ana jueves agosto 29, con la proyecci\u00f3n de la pelicula","og_url":"https:\/\/casadecampoliving.com\/es\/cine-foro-con-la-pelicula-klimt-agosto-29\/","og_site_name":"Casa de Campo Living","article_publisher":"https:\/\/www.facebook.com\/casadecampoliving","article_published_time":"2013-08-28T04:00:00+00:00","article_modified_time":"2022-10-21T22:46:27+00:00","og_image":[{"width":650,"height":307,"url":"https:\/\/i0.wp.com\/casadecampoliving.com\/wp-content\/uploads\/2022\/10\/klimt_movie-1.jpg?fit=650%2C307&ssl=1","type":"image\/jpeg"}],"author":"Maria Veronica Silvestri","twitter_card":"summary_large_image","twitter_creator":"@cdcliving","twitter_site":"@cdcliving","twitter_misc":{"Escrito por":"Maria Veronica Silvestri","Tiempo de lectura":"1 minuto"},"schema":{"@context":"https:\/\/schema.org","@graph":[{"@type":"Article","@id":"https:\/\/casadecampoliving.com\/es\/cine-foro-con-la-pelicula-klimt-agosto-29\/#article","isPartOf":{"@id":"https:\/\/casadecampoliving.com\/es\/cine-foro-con-la-pelicula-klimt-agosto-29\/"},"author":{"name":"Maria Veronica Silvestri","@id":"https:\/\/casadecampoliving.com\/es\/#\/schema\/person\/b159a33d4a180fc448e26c2b82bc02c6"},"headline":"Cine Foro con la pel\u00edcula \u00abKLIMT\u00bb agosto 29","datePublished":"2013-08-28T04:00:00+00:00","dateModified":"2022-10-21T22:46:27+00:00","mainEntityOfPage":{"@id":"https:\/\/casadecampoliving.com\/es\/cine-foro-con-la-pelicula-klimt-agosto-29\/"},"wordCount":201,"publisher":{"@id":"https:\/\/casadecampoliving.com\/es\/#organization"},"image":{"@id":"https:\/\/casadecampoliving.com\/es\/cine-foro-con-la-pelicula-klimt-agosto-29\/#primaryimage"},"thumbnailUrl":"https:\/\/i0.wp.com\/casadecampoliving.com\/wp-content\/uploads\/2022\/10\/klimt_movie-1.jpg?fit=650%2C307&ssl=1","keywords":["Altos de Chavon","Casa de Campo Resort","cine foro","museo arquelogico regional de altos de chavon"],"articleSection":["Altos de Chavon @es","Arte y cultura","Destacados","Eventos","Noticias Locales","Proximamente"],"inLanguage":"es"},{"@type":"WebPage","@id":"https:\/\/casadecampoliving.com\/es\/cine-foro-con-la-pelicula-klimt-agosto-29\/","url":"https:\/\/casadecampoliving.com\/es\/cine-foro-con-la-pelicula-klimt-agosto-29\/","name":"Cine Foro con la pel\u00edcula \"KLIMT\" agosto 29 | Casa de Campo Living","isPartOf":{"@id":"https:\/\/casadecampoliving.com\/es\/#website"},"primaryImageOfPage":{"@id":"https:\/\/casadecampoliving.com\/es\/cine-foro-con-la-pelicula-klimt-agosto-29\/#primaryimage"},"image":{"@id":"https:\/\/casadecampoliving.com\/es\/cine-foro-con-la-pelicula-klimt-agosto-29\/#primaryimage"},"thumbnailUrl":"https:\/\/i0.wp.com\/casadecampoliving.com\/wp-content\/uploads\/2022\/10\/klimt_movie-1.jpg?fit=650%2C307&ssl=1","datePublished":"2013-08-28T04:00:00+00:00","dateModified":"2022-10-21T22:46:27+00:00","description":"Est\u00e1s invitado por el Museo Arqueol\u00f3gico Regional Altos de Chav\u00f3n a participar en el Cine Foro, ma\u00f1ana jueves agosto 29, con la proyecci\u00f3n de la pelicula","breadcrumb":{"@id":"https:\/\/casadecampoliving.com\/es\/cine-foro-con-la-pelicula-klimt-agosto-29\/#breadcrumb"},"inLanguage":"es","potentialAction":[{"@type":"ReadAction","target":["https:\/\/casadecampoliving.com\/es\/cine-foro-con-la-pelicula-klimt-agosto-29\/"]}]},{"@type":"ImageObject","inLanguage":"es","@id":"https:\/\/casadecampoliving.com\/es\/cine-foro-con-la-pelicula-klimt-agosto-29\/#primaryimage","url":"https:\/\/i0.wp.com\/casadecampoliving.com\/wp-content\/uploads\/2022\/10\/klimt_movie-1.jpg?fit=650%2C307&ssl=1","contentUrl":"https:\/\/i0.wp.com\/casadecampoliving.com\/wp-content\/uploads\/2022\/10\/klimt_movie-1.jpg?fit=650%2C307&ssl=1","width":650,"height":307,"caption":"klimt movie"},{"@type":"BreadcrumbList","@id":"https:\/\/casadecampoliving.com\/es\/cine-foro-con-la-pelicula-klimt-agosto-29\/#breadcrumb","itemListElement":[{"@type":"ListItem","position":1,"name":"Home","item":"https:\/\/casadecampoliving.com\/es\/"},{"@type":"ListItem","position":2,"name":"Cine Foro con la pel\u00edcula &#8220;KLIMT&#8221; agosto 29"}]},{"@type":"WebSite","@id":"https:\/\/casadecampoliving.com\/es\/#website","url":"https:\/\/casadecampoliving.com\/es\/","name":"Casa de Campo Living","description":"Resort community news and resources.","publisher":{"@id":"https:\/\/casadecampoliving.com\/es\/#organization"},"potentialAction":[{"@type":"SearchAction","target":{"@type":"EntryPoint","urlTemplate":"https:\/\/casadecampoliving.com\/es\/?s={search_term_string}"},"query-input":{"@type":"PropertyValueSpecification","valueRequired":true,"valueName":"search_term_string"}}],"inLanguage":"es"},{"@type":"Organization","@id":"https:\/\/casadecampoliving.com\/es\/#organization","name":"Casa de Campo Living","url":"https:\/\/casadecampoliving.com\/es\/","logo":{"@type":"ImageObject","inLanguage":"es","@id":"https:\/\/casadecampoliving.com\/es\/#\/schema\/logo\/image\/","url":"https:\/\/i0.wp.com\/casadecampoliving.com\/wp-content\/uploads\/2022\/07\/CDCLivingLogo_V1-white-sized.png?fit=800%2C214&ssl=1","contentUrl":"https:\/\/i0.wp.com\/casadecampoliving.com\/wp-content\/uploads\/2022\/07\/CDCLivingLogo_V1-white-sized.png?fit=800%2C214&ssl=1","width":800,"height":214,"caption":"Casa de Campo Living"},"image":{"@id":"https:\/\/casadecampoliving.com\/es\/#\/schema\/logo\/image\/"},"sameAs":["https:\/\/www.facebook.com\/casadecampoliving","https:\/\/x.com\/cdcliving"]},{"@type":"Person","@id":"https:\/\/casadecampoliving.com\/es\/#\/schema\/person\/b159a33d4a180fc448e26c2b82bc02c6","name":"Maria Veronica Silvestri","image":{"@type":"ImageObject","inLanguage":"es","@id":"https:\/\/secure.gravatar.com\/avatar\/64a65811d5901e4bc39960b886048af2c32224d1bc16c5d6b3bf5372963a5769?s=96&d=mm&r=g","url":"https:\/\/secure.gravatar.com\/avatar\/64a65811d5901e4bc39960b886048af2c32224d1bc16c5d6b3bf5372963a5769?s=96&d=mm&r=g","contentUrl":"https:\/\/secure.gravatar.com\/avatar\/64a65811d5901e4bc39960b886048af2c32224d1bc16c5d6b3bf5372963a5769?s=96&d=mm&r=g","caption":"Maria Veronica Silvestri"},"url":"https:\/\/casadecampoliving.com\/es\/author\/msilvestri\/"}]}},"parsely":{"version":"1.1.0","canonical_url":"https:\/\/casadecampoliving.com\/es\/cine-foro-con-la-pelicula-klimt-agosto-29\/","smart_links":{"inbound":0,"outbound":0},"traffic_boost_suggestions_count":0,"meta":{"@context":"https:\/\/schema.org","@type":"NewsArticle","headline":"Cine Foro con la pel\u00edcula \u00abKLIMT\u00bb agosto 29","url":"http:\/\/casadecampoliving.com\/es\/cine-foro-con-la-pelicula-klimt-agosto-29\/","mainEntityOfPage":{"@type":"WebPage","@id":"http:\/\/casadecampoliving.com\/es\/cine-foro-con-la-pelicula-klimt-agosto-29\/"},"thumbnailUrl":"https:\/\/i0.wp.com\/casadecampoliving.com\/wp-content\/uploads\/2022\/10\/klimt_movie-1.jpg?resize=150%2C150&ssl=1","image":{"@type":"ImageObject","url":"https:\/\/i0.wp.com\/casadecampoliving.com\/wp-content\/uploads\/2022\/10\/klimt_movie-1.jpg?fit=650%2C307&ssl=1"},"articleSection":"Altos de Chavon @es","author":[{"@type":"Person","name":"Maria Veronica Silvestri"}],"creator":["Maria Veronica Silvestri"],"publisher":{"@type":"Organization","name":"Casa de Campo Living","logo":"https:\/\/casadecampoliving.com\/wp-content\/uploads\/2022\/07\/CDCLivingLogo_V1-white-sized.png"},"keywords":["altos de chavon","casa de campo resort","cine foro","museo arquelogico regional de altos de chavon"],"dateCreated":"2013-08-28T04:00:00Z","datePublished":"2013-08-28T04:00:00Z","dateModified":"2022-10-21T22:46:27Z"},"rendered":"<script type=\"application\/ld+json\" class=\"wp-parsely-metadata\">{\"@context\":\"https:\\\/\\\/schema.org\",\"@type\":\"NewsArticle\",\"headline\":\"Cine Foro con la pel\\u00edcula \\u00abKLIMT\\u00bb agosto 29\",\"url\":\"http:\\\/\\\/casadecampoliving.com\\\/es\\\/cine-foro-con-la-pelicula-klimt-agosto-29\\\/\",\"mainEntityOfPage\":{\"@type\":\"WebPage\",\"@id\":\"http:\\\/\\\/casadecampoliving.com\\\/es\\\/cine-foro-con-la-pelicula-klimt-agosto-29\\\/\"},\"thumbnailUrl\":\"https:\\\/\\\/i0.wp.com\\\/casadecampoliving.com\\\/wp-content\\\/uploads\\\/2022\\\/10\\\/klimt_movie-1.jpg?resize=150%2C150&ssl=1\",\"image\":{\"@type\":\"ImageObject\",\"url\":\"https:\\\/\\\/i0.wp.com\\\/casadecampoliving.com\\\/wp-content\\\/uploads\\\/2022\\\/10\\\/klimt_movie-1.jpg?fit=650%2C307&ssl=1\"},\"articleSection\":\"Altos de Chavon @es\",\"author\":[{\"@type\":\"Person\",\"name\":\"Maria Veronica Silvestri\"}],\"creator\":[\"Maria Veronica Silvestri\"],\"publisher\":{\"@type\":\"Organization\",\"name\":\"Casa de Campo Living\",\"logo\":\"https:\\\/\\\/casadecampoliving.com\\\/wp-content\\\/uploads\\\/2022\\\/07\\\/CDCLivingLogo_V1-white-sized.png\"},\"keywords\":[\"altos de chavon\",\"casa de campo resort\",\"cine foro\",\"museo arquelogico regional de altos de chavon\"],\"dateCreated\":\"2013-08-28T04:00:00Z\",\"datePublished\":\"2013-08-28T04:00:00Z\",\"dateModified\":\"2022-10-21T22:46:27Z\"}<\/script>","tracker_url":"https:\/\/cdn.parsely.com\/keys\/casadecampoliving.com\/p.js"},"jetpack_publicize_connections":[],"jetpack_featured_media_url":"https:\/\/i0.wp.com\/casadecampoliving.com\/wp-content\/uploads\/2022\/10\/klimt_movie-1.jpg?fit=650%2C307&ssl=1","jetpack-related-posts":[{"id":343652,"url":"https:\/\/casadecampoliving.com\/es\/cine-foro-patch-adams\/","url_meta":{"origin":342779,"position":0},"title":"Cine Foro: Patch Adams","author":"Perkin Agramonte","date":"6 Ene, 2014","format":false,"excerpt":"El Museo Arqueol\u00f3gico Regional Altos de Chav\u00f3n los invita a participar en el Cine Foro que se realizar\u00e1 el jueves 30 de enero, en donde se proyectar\u00e1 la pel\u00edcula \u201cPatch Adams\u201d, basada en una historia real. La pel\u00edcula es la biograf\u00eda del m\u00e9dico Patch Adams (Robin Williams), que revolucion\u00f3 la\u2026","rel":"","context":"En \u00abAltos de Chavon @es\u00bb","block_context":{"text":"Altos de Chavon @es","link":"https:\/\/casadecampoliving.com\/category\/altos-de-chavon-es\/"},"img":{"alt_text":"Patch_Adamsf41e91.1.1.1","src":"https:\/\/i0.wp.com\/casadecampoliving.com\/wp-content\/uploads\/2022\/10\/Patch_Adamsf41e91.1.1.1.jpg?resize=350%2C200&ssl=1","width":350,"height":200},"classes":[]},{"id":341939,"url":"https:\/\/casadecampoliving.com\/es\/cine-foro-con-la-pelicula-la-ciudad-perdida-el-27-de-junio\/","url_meta":{"origin":342779,"position":1},"title":"Cine Foro con la pel\u00edcula \u00abLa Ciudad Perdida\u00bb, el 27 de junio","author":"Mairobi Herrera","date":"18 Jun, 2013","format":false,"excerpt":"El Museo Arqueol\u00f3gico Regional Altos de Chav\u00f3n los invita a participar en el Cine Foro que se realizar\u00e1 el jueves 27 de junio, en donde se proyectar\u00e1 la pel\u00edcula \u201cLa Ciudad Perdida\u201d, la primera dirigida por el actor cubano-estadounidense Andy Garc\u00eda. La Ciudad Perdida fue filmada en Rep\u00fablica Dominicana en\u2026","rel":"","context":"En \u00abAltos de Chavon @es\u00bb","block_context":{"text":"Altos de Chavon @es","link":"https:\/\/casadecampoliving.com\/category\/altos-de-chavon-es\/"},"img":{"alt_text":"cine forum","src":"https:\/\/i0.wp.com\/casadecampoliving.com\/wp-content\/uploads\/2022\/10\/The_Lost_City_pelicula-1.jpg?fit=511%2C506&ssl=1&resize=350%2C200","width":350,"height":200},"classes":[]},{"id":322647,"url":"https:\/\/casadecampoliving.com\/klimt-movie-forum-august-29th-altos-de-chavon-museum-archeology\/","url_meta":{"origin":342779,"position":2},"title":"\u00abKLIMT\u00bb Movie Forum &#8211; August 29th at the Altos de Chav\u00f3n Museum of Archeology","author":"Maria Veronica Silvestri","date":"28 Ago, 2013","format":false,"excerpt":"You are invited by the Altos de Chav\u00f3n Museum of Archeology to participate in a Movie Forum, tomorrow Thursday August 29th, with the screening of the movie \u201cKLIMT\u201d directed by the acclaimed director Ra\u00fal Ru\u00edz. In the movie\u00a0KLIMT, Klimt (John Malkovich) reflecting on his restricted life and struggles for artistic\u2026","rel":"","context":"En \u00abAltos de Chavon\u00bb","block_context":{"text":"Altos de Chavon","link":"https:\/\/casadecampoliving.com\/category\/altos-de-chavon\/"},"img":{"alt_text":"klimt movie","src":"https:\/\/i0.wp.com\/casadecampoliving.com\/wp-content\/uploads\/2022\/10\/klimt_movie-1.jpg?fit=650%2C307&ssl=1&resize=350%2C200","width":350,"height":200,"srcset":"https:\/\/i0.wp.com\/casadecampoliving.com\/wp-content\/uploads\/2022\/10\/klimt_movie-1.jpg?fit=650%2C307&ssl=1&resize=350%2C200 1x, https:\/\/i0.wp.com\/casadecampoliving.com\/wp-content\/uploads\/2022\/10\/klimt_movie-1.jpg?fit=650%2C307&ssl=1&resize=525%2C300 1.5x"},"classes":[]},{"id":344072,"url":"https:\/\/casadecampoliving.com\/es\/cine-foro-arrugas\/","url_meta":{"origin":342779,"position":3},"title":"Cine Foro: Arrugas","author":"Perkin Agramonte","date":"26 Mar, 2014","format":false,"excerpt":"El Museo Arqueol\u00f3gico Regional Altos de Chav\u00f3n les invita a participar en el Cine Foro que se realizar\u00e1 el jueves 27 de marzo, en donde se proyectar\u00e1 la pel\u00edcula Arrugas dirigida por Ignacio Ferreras. La historia es una mezcla asombrosa de amistad, resistencia y vida situada en el paisaje inesperado\u2026","rel":"","context":"En \u00abAltos de Chavon @es\u00bb","block_context":{"text":"Altos de Chavon @es","link":"https:\/\/casadecampoliving.com\/category\/altos-de-chavon-es\/"},"img":{"alt_text":"","src":"https:\/\/i0.wp.com\/casadecampoliving.com\/wp-content\/uploads\/2022\/10\/Wrinkles.jpg?fit=475%2C375&ssl=1&resize=350%2C200","width":350,"height":200},"classes":[]},{"id":342787,"url":"https:\/\/casadecampoliving.com\/es\/eventos-en-el-museo-de-arqueologia-regional-de-altos-de-chavon\/","url_meta":{"origin":342779,"position":4},"title":"Eventos en el Museo de Arqueolog\u00eda Regional de Altos de Chav\u00f3n","author":"Maria Veronica Silvestri","date":"4 Sep, 2013","format":false,"excerpt":"El Museo de Arqueolog\u00eda Regional de Altos de Chav\u00f3n acaba de anunciar su horario de las pr\u00f3ximas semanas y tenemos muchas actividades para esperar! Estas actividades invluyen un seminario sobre la cultura y arqueolog\u00eda de Bayahibe, un Cine Foro con la pel\u00edcula \u201cVida de Coco Chanel\u201d y una exhibici\u00f3n de\u2026","rel":"","context":"En \u00abAltos de Chavon @es\u00bb","block_context":{"text":"Altos de Chavon @es","link":"https:\/\/casadecampoliving.com\/category\/altos-de-chavon-es\/"},"img":{"alt_text":"Regional Museum of Archeology Altos de Chavon","src":"https:\/\/i0.wp.com\/casadecampoliving.com\/wp-content\/uploads\/2022\/10\/20772437_sSZbRP1-e1558546586278.jpeg?fit=1000%2C667&ssl=1&resize=350%2C200","width":350,"height":200,"srcset":"https:\/\/i0.wp.com\/casadecampoliving.com\/wp-content\/uploads\/2022\/10\/20772437_sSZbRP1-e1558546586278.jpeg?fit=1000%2C667&ssl=1&resize=350%2C200 1x, https:\/\/i0.wp.com\/casadecampoliving.com\/wp-content\/uploads\/2022\/10\/20772437_sSZbRP1-e1558546586278.jpeg?fit=1000%2C667&ssl=1&resize=525%2C300 1.5x, https:\/\/i0.wp.com\/casadecampoliving.com\/wp-content\/uploads\/2022\/10\/20772437_sSZbRP1-e1558546586278.jpeg?fit=1000%2C667&ssl=1&resize=700%2C400 2x"},"classes":[]},{"id":342362,"url":"https:\/\/casadecampoliving.com\/es\/cine-foro-con-la-pelicula-chico-y-rita-el-25-de-julio-en-el-museo-arqueologico-de-altos-de-chavon\/","url_meta":{"origin":342779,"position":5},"title":"Cine Foro con la pel\u00edcula \u00abChico y Rita\u00bb&#8211; el 25 de julio en el Museo Arqueol\u00f3gico de Altos de Chav\u00f3n","author":"Mairobi Herrera","date":"14 Jul, 2013","format":false,"excerpt":"El Museo Arqueol\u00f3gico Regional Altos de Chav\u00f3n los invita a participar en el Cine Foro que se realizar\u00e1 el jueves 25 de julio, en donde se proyectar\u00e1 la pel\u00edcula de amor y buena m\u00fasica: \u201cChico y Rita\u201d, dirigida por los espa\u00f1oles Fernando Trueba y Javier Mariscal. Chico y Rita es\u2026","rel":"","context":"En \u00abAltos de Chavon @es\u00bb","block_context":{"text":"Altos de Chavon @es","link":"https:\/\/casadecampoliving.com\/category\/altos-de-chavon-es\/"},"img":{"alt_text":"chico y rita","src":"https:\/\/i0.wp.com\/casadecampoliving.com\/wp-content\/uploads\/2022\/10\/chico_rita_movie-1.jpg?fit=650%2C292&ssl=1&resize=350%2C200","width":350,"height":200,"srcset":"https:\/\/i0.wp.com\/casadecampoliving.com\/wp-content\/uploads\/2022\/10\/chico_rita_movie-1.jpg?fit=650%2C292&ssl=1&resize=350%2C200 1x, https:\/\/i0.wp.com\/casadecampoliving.com\/wp-content\/uploads\/2022\/10\/chico_rita_movie-1.jpg?fit=650%2C292&ssl=1&resize=525%2C300 1.5x"},"classes":[]}],"jetpack_sharing_enabled":true,"_links":{"self":[{"href":"https:\/\/casadecampoliving.com\/es\/wp-json\/wp\/v2\/posts\/342779","targetHints":{"allow":["GET"]}}],"collection":[{"href":"https:\/\/casadecampoliving.com\/es\/wp-json\/wp\/v2\/posts"}],"about":[{"href":"https:\/\/casadecampoliving.com\/es\/wp-json\/wp\/v2\/types\/post"}],"author":[{"embeddable":true,"href":"https:\/\/casadecampoliving.com\/es\/wp-json\/wp\/v2\/users\/468"}],"replies":[{"embeddable":true,"href":"https:\/\/casadecampoliving.com\/es\/wp-json\/wp\/v2\/comments?post=342779"}],"version-history":[{"count":1,"href":"https:\/\/casadecampoliving.com\/es\/wp-json\/wp\/v2\/posts\/342779\/revisions"}],"predecessor-version":[{"id":342780,"href":"https:\/\/casadecampoliving.com\/es\/wp-json\/wp\/v2\/posts\/342779\/revisions\/342780"}],"wp:featuredmedia":[{"embeddable":true,"href":"https:\/\/casadecampoliving.com\/es\/wp-json\/wp\/v2\/media\/268086"}],"wp:attachment":[{"href":"https:\/\/casadecampoliving.com\/es\/wp-json\/wp\/v2\/media?parent=342779"}],"wp:term":[{"taxonomy":"category","embeddable":true,"href":"https:\/\/casadecampoliving.com\/es\/wp-json\/wp\/v2\/categories?post=342779"},{"taxonomy":"post_tag","embeddable":true,"href":"https:\/\/casadecampoliving.com\/es\/wp-json\/wp\/v2\/tags?post=342779"},{"taxonomy":"newspack_spnsrs_tax","embeddable":true,"href":"https:\/\/casadecampoliving.com\/es\/wp-json\/wp\/v2\/newspack_spnsrs_tax?post=342779"}],"curies":[{"name":"wp","href":"https:\/\/api.w.org\/{rel}","templated":true}]}}