{"id":342748,"date":"2013-08-22T00:00:00","date_gmt":"2013-08-22T04:00:00","guid":{"rendered":"https:\/\/casadecampoliving.com\/marina-casa-de-campo-cartelera-de-cine-del-22-al-29-de-agosto\/"},"modified":"2022-10-21T18:54:53","modified_gmt":"2022-10-21T22:54:53","slug":"marina-casa-de-campo-cartelera-de-cine-del-22-al-29-de-agosto","status":"publish","type":"post","link":"https:\/\/casadecampoliving.com\/es\/marina-casa-de-campo-cartelera-de-cine-del-22-al-29-de-agosto\/","title":{"rendered":"Marina Casa de Campo cartelera de cine del 22 al 29 de agosto"},"content":{"rendered":"<div class=\"wp-block-image\">\n<figure class=\"aligncenter is-resized\"><img loading=\"lazy\" decoding=\"async\" src=\"https:\/\/i0.wp.com\/casadecampoliving.com\/wp-content\/uploads\/2022\/10\/CDCAMP-feb-22-de-agosto.jpg?resize=650%2C286&amp;ssl=1\" alt=\"movies and times la marina\" class=\"wp-image-76399\" title=\"Marina Casa de Campo movie times\" height=\"286\" width=\"650\"\/><\/figure>\n<\/div>\n\n\n<p class=\"has-text-align-left\">La pel\u00edcula de acci\u00f3n <strong>Armados y Peligrosos <\/strong>ha llegado a La Marina Casa de Campo. Todav\u00eda en sala est\u00e1n <strong>Los Pitufos 2, \u00bfQui\u00e9n Manda? <\/strong>y <strong>The Internship.<\/strong><\/p>\n\n\n\n<p class=\"has-text-align-left\"><strong>Armados y Peligrosos&nbsp;<\/strong><a href=\"http:\/\/www.youtube.com\/watch?v=dVNe3RK2fgI\" target=\"_blank\" rel=\"noopener\">[ver trailer,<\/a> <a href=\"http:\/\/www.filmaffinity.com\/es\/film397460.html\" target=\"_blank\" rel=\"noopener\">leer cr\u00edtica]<br>\n<\/a><em>Un agente de la DEA, Bobby Trench , y un oficial de la Inteligencia Naval, Marcus Stigman, consiguen robarle 43 millones de d\u00f3lares a la mafia. El problema llega cuando se percatan de que en realidad el dinero no era de dicha organizaci\u00f3n criminal, sino de la CIA.<\/em><\/p>\n\n\n\n<div>&nbsp;<strong>\u00bfQui\u00e9n Manda?&nbsp;<\/strong><a href=\"http:\/\/www.youtube.com\/watch?v=sHYH2rKAE58\" target=\"_blank\" rel=\"noopener\">[ver trailer<\/a>,<a href=\"http:\/\/www.cinedominicano.net\/sitio\/?p=820\" target=\"_blank\" rel=\"noopener\">leer cr\u00edtica]<br>\n<\/a><em>Donde cuenta la historia de Alex, un t\u00edpico conquistador que trata de encontrar a la mujer perfecta disfrutando de relaciones de tan solo tres&nbsp;meses. Su vida da un cambio al encontrar a Natalie, una chica que vive la misma filosof\u00eda.<\/em><\/div>\n\n\n\n<div><\/div>\n\n\n\n<div><strong>The Internship&nbsp;<\/strong><a href=\"http:\/\/www.youtube.com\/watch?v=cdnoqCViqUo\" target=\"_blank\" rel=\"noopener\">[ver trailer<\/a>,&nbsp;<a href=\"http:\/\/www.filmaffinity.com\/es\/film176855.html\" target=\"_blank\" rel=\"noopener\">leer cr\u00edtica]<br>\n<\/a><em>Billy y Nick, dos cuarentones que han perdido su empleo, llegan a la conclusi\u00f3n de que su problema consiste en no haberse adaptado a las nuevas tecnolog\u00edas. Deciden entonces empezar de cero y buscar trabajo en la empresa m\u00e1s popular de Internet: Google. Cuando, por fin, consiguen un contrato de pr\u00e1cticas como becarios, se ver\u00e1n obligados a competir con j\u00f3venes veintea\u00f1eros, universitarios brillantes mucho m\u00e1s listos y m\u00e1s familiarizados que ellos con el mundo digital.<\/em><\/div>\n\n\n\n<div>\n<p><strong>Los Pitufos 2&nbsp;<\/strong><a title=\"The Smurfs Trailer\" href=\"http:\/\/www.youtube.com\/watch?v=vMXVu_Dr8uM\">[ver trailer<\/a>,&nbsp;<a title=\"Review Los Pitufos\" href=\"http:\/\/www.filmaffinity.com\/es\/film723990.html\">leer cr\u00edtica]<br>\n<\/a><em>El malvado brujo Gargamel crea una pareja de criaturas revoltosas, una copia de los pitufos, llamados los Malotes, y que espera le permitan aprovecharse de su poderosa y m\u00e1gica esencia.<\/em><\/p>\n<\/div>\n","protected":false},"excerpt":{"rendered":"<p>La pel\u00edcula de acci\u00f3n Armados y Peligrosos ha llegado a La Marina Casa de Campo. Todav\u00eda en sala est\u00e1n Los Pitufos 2, \u00bfQui\u00e9n Manda? y The Internship. Armados y Peligrosos&nbsp;[ver trailer, leer cr\u00edtica] Un agente de la DEA, Bobby Trench , y un oficial de la Inteligencia Naval, Marcus Stigman, consiguen robarle 43 millones de [&hellip;]<\/p>\n","protected":false},"author":454,"featured_media":267292,"comment_status":"closed","ping_status":"closed","sticky":false,"template":"","format":"standard","meta":{"newspack_ads_suppress_ads":false,"newspack_popups_has_disabled_popups":false,"newspack_sponsor_sponsorship_scope":"","newspack_sponsor_native_byline_display":"inherit","newspack_sponsor_native_category_display":"inherit","newspack_sponsor_underwriter_style":"inherit","newspack_sponsor_underwriter_placement":"inherit","_newspack_byline_active":false,"_newspack_byline":"","newspack_hide_updated_date":false,"newspack_show_updated_date":false,"newspack_content_restriction_is_exempt":false,"newspack_featured_image_position":"","newspack_post_subtitle":"","newspack_article_summary_title":"Overview:","newspack_article_summary":"","_jetpack_memberships_contains_paid_content":false,"footnotes":"","jetpack_publicize_message":"","jetpack_publicize_feature_enabled":true,"jetpack_social_post_already_shared":false,"jetpack_social_options":{"image_generator_settings":{"template":"highway","default_image_id":0,"font":"","enabled":false},"version":2},"_wpas_customize_per_network":false},"categories":[26823,3126,26581,14625],"tags":[2794,2590,3663],"newspack_spnsrs_tax":[],"class_list":["post-342748","post","type-post","status-publish","format-standard","has-post-thumbnail","hentry","category-arte-y-cultura","category-cine-3","category-la-marina-casa-de-campo","category-noticias-locales","tag-cartelera-de-cine","tag-la-marina-casa-de-campo","tag-la-marina-casa-de-campo-es-2","entry"],"yoast_head":"<!-- This site is optimized with the Yoast SEO plugin v27.5 - https:\/\/yoast.com\/product\/yoast-seo-wordpress\/ -->\n<title>Marina Casa de Campo cartelera de cine del 22 al 29 de agosto | Casa de Campo Living<\/title>\n<meta name=\"description\" content=\"La pel\u00edcula de acci\u00f3n Armados y Peligrosos ha llegado a La Marina Casa de Campo. Todav\u00eda en sala est\u00e1n Los Pitufos 2, \u00bfQui\u00e9n Manda? y The Internship.\" \/>\n<meta name=\"robots\" content=\"index, follow, max-snippet:-1, max-image-preview:large, max-video-preview:-1\" \/>\n<link rel=\"canonical\" href=\"https:\/\/casadecampoliving.com\/es\/marina-casa-de-campo-cartelera-de-cine-del-22-al-29-de-agosto\/\" \/>\n<meta property=\"og:locale\" content=\"es_ES\" \/>\n<meta property=\"og:type\" content=\"article\" \/>\n<meta property=\"og:title\" content=\"Marina Casa de Campo cartelera de cine del 22 al 29 de agosto | Casa de Campo Living\" \/>\n<meta property=\"og:description\" content=\"La pel\u00edcula de acci\u00f3n Armados y Peligrosos ha llegado a La Marina Casa de Campo. Todav\u00eda en sala est\u00e1n Los Pitufos 2, \u00bfQui\u00e9n Manda? y The Internship.\" \/>\n<meta property=\"og:url\" content=\"https:\/\/casadecampoliving.com\/es\/marina-casa-de-campo-cartelera-de-cine-del-22-al-29-de-agosto\/\" \/>\n<meta property=\"og:site_name\" content=\"Casa de Campo Living\" \/>\n<meta property=\"article:publisher\" content=\"https:\/\/www.facebook.com\/casadecampoliving\" \/>\n<meta property=\"article:published_time\" content=\"2013-08-22T04:00:00+00:00\" \/>\n<meta property=\"article:modified_time\" content=\"2022-10-21T22:54:53+00:00\" \/>\n<meta property=\"og:image\" content=\"https:\/\/i0.wp.com\/casadecampoliving.com\/wp-content\/uploads\/2022\/10\/CDCAMP-feb-22-de-agosto-1.jpg?fit=799%2C344&ssl=1\" \/>\n\t<meta property=\"og:image:width\" content=\"799\" \/>\n\t<meta property=\"og:image:height\" content=\"344\" \/>\n\t<meta property=\"og:image:type\" content=\"image\/jpeg\" \/>\n<meta name=\"author\" content=\"Eliana Alba\" \/>\n<meta name=\"twitter:card\" content=\"summary_large_image\" \/>\n<meta name=\"twitter:creator\" content=\"@cdcliving\" \/>\n<meta name=\"twitter:site\" content=\"@cdcliving\" \/>\n<meta name=\"twitter:label1\" content=\"Escrito por\" \/>\n\t<meta name=\"twitter:data1\" content=\"Eliana Alba\" \/>\n\t<meta name=\"twitter:label2\" content=\"Tiempo de lectura\" \/>\n\t<meta name=\"twitter:data2\" content=\"1 minuto\" \/>\n<script type=\"application\/ld+json\" class=\"yoast-schema-graph\">{\"@context\":\"https:\\\/\\\/schema.org\",\"@graph\":[{\"@type\":\"Article\",\"@id\":\"https:\\\/\\\/casadecampoliving.com\\\/es\\\/marina-casa-de-campo-cartelera-de-cine-del-22-al-29-de-agosto\\\/#article\",\"isPartOf\":{\"@id\":\"https:\\\/\\\/casadecampoliving.com\\\/es\\\/marina-casa-de-campo-cartelera-de-cine-del-22-al-29-de-agosto\\\/\"},\"author\":{\"name\":\"Eliana Alba\",\"@id\":\"https:\\\/\\\/casadecampoliving.com\\\/es\\\/#\\\/schema\\\/person\\\/bd396a8f8ea621ed900f2d4a7407a3a2\"},\"headline\":\"Marina Casa de Campo cartelera de cine del 22 al 29 de agosto\",\"datePublished\":\"2013-08-22T04:00:00+00:00\",\"dateModified\":\"2022-10-21T22:54:53+00:00\",\"mainEntityOfPage\":{\"@id\":\"https:\\\/\\\/casadecampoliving.com\\\/es\\\/marina-casa-de-campo-cartelera-de-cine-del-22-al-29-de-agosto\\\/\"},\"wordCount\":286,\"publisher\":{\"@id\":\"https:\\\/\\\/casadecampoliving.com\\\/es\\\/#organization\"},\"image\":{\"@id\":\"https:\\\/\\\/casadecampoliving.com\\\/es\\\/marina-casa-de-campo-cartelera-de-cine-del-22-al-29-de-agosto\\\/#primaryimage\"},\"thumbnailUrl\":\"https:\\\/\\\/i0.wp.com\\\/casadecampoliving.com\\\/wp-content\\\/uploads\\\/2022\\\/10\\\/CDCAMP-feb-22-de-agosto-1.jpg?fit=799%2C344&ssl=1\",\"keywords\":[\"cartelera de cine\",\"la marina casa de campo\",\"la marina casa de campo @es\"],\"articleSection\":[\"Arte y cultura\",\"Cine @es\",\"La Marina Casa de Campo\",\"Noticias Locales\"],\"inLanguage\":\"es\"},{\"@type\":\"WebPage\",\"@id\":\"https:\\\/\\\/casadecampoliving.com\\\/es\\\/marina-casa-de-campo-cartelera-de-cine-del-22-al-29-de-agosto\\\/\",\"url\":\"https:\\\/\\\/casadecampoliving.com\\\/es\\\/marina-casa-de-campo-cartelera-de-cine-del-22-al-29-de-agosto\\\/\",\"name\":\"Marina Casa de Campo cartelera de cine del 22 al 29 de agosto | Casa de Campo Living\",\"isPartOf\":{\"@id\":\"https:\\\/\\\/casadecampoliving.com\\\/es\\\/#website\"},\"primaryImageOfPage\":{\"@id\":\"https:\\\/\\\/casadecampoliving.com\\\/es\\\/marina-casa-de-campo-cartelera-de-cine-del-22-al-29-de-agosto\\\/#primaryimage\"},\"image\":{\"@id\":\"https:\\\/\\\/casadecampoliving.com\\\/es\\\/marina-casa-de-campo-cartelera-de-cine-del-22-al-29-de-agosto\\\/#primaryimage\"},\"thumbnailUrl\":\"https:\\\/\\\/i0.wp.com\\\/casadecampoliving.com\\\/wp-content\\\/uploads\\\/2022\\\/10\\\/CDCAMP-feb-22-de-agosto-1.jpg?fit=799%2C344&ssl=1\",\"datePublished\":\"2013-08-22T04:00:00+00:00\",\"dateModified\":\"2022-10-21T22:54:53+00:00\",\"description\":\"La pel\u00edcula de acci\u00f3n Armados y Peligrosos ha llegado a La Marina Casa de Campo. Todav\u00eda en sala est\u00e1n Los Pitufos 2, \u00bfQui\u00e9n Manda? y The Internship.\",\"breadcrumb\":{\"@id\":\"https:\\\/\\\/casadecampoliving.com\\\/es\\\/marina-casa-de-campo-cartelera-de-cine-del-22-al-29-de-agosto\\\/#breadcrumb\"},\"inLanguage\":\"es\",\"potentialAction\":[{\"@type\":\"ReadAction\",\"target\":[\"https:\\\/\\\/casadecampoliving.com\\\/es\\\/marina-casa-de-campo-cartelera-de-cine-del-22-al-29-de-agosto\\\/\"]}]},{\"@type\":\"ImageObject\",\"inLanguage\":\"es\",\"@id\":\"https:\\\/\\\/casadecampoliving.com\\\/es\\\/marina-casa-de-campo-cartelera-de-cine-del-22-al-29-de-agosto\\\/#primaryimage\",\"url\":\"https:\\\/\\\/i0.wp.com\\\/casadecampoliving.com\\\/wp-content\\\/uploads\\\/2022\\\/10\\\/CDCAMP-feb-22-de-agosto-1.jpg?fit=799%2C344&ssl=1\",\"contentUrl\":\"https:\\\/\\\/i0.wp.com\\\/casadecampoliving.com\\\/wp-content\\\/uploads\\\/2022\\\/10\\\/CDCAMP-feb-22-de-agosto-1.jpg?fit=799%2C344&ssl=1\",\"width\":799,\"height\":344,\"caption\":\"movies and times la marina\"},{\"@type\":\"BreadcrumbList\",\"@id\":\"https:\\\/\\\/casadecampoliving.com\\\/es\\\/marina-casa-de-campo-cartelera-de-cine-del-22-al-29-de-agosto\\\/#breadcrumb\",\"itemListElement\":[{\"@type\":\"ListItem\",\"position\":1,\"name\":\"Home\",\"item\":\"https:\\\/\\\/casadecampoliving.com\\\/es\\\/\"},{\"@type\":\"ListItem\",\"position\":2,\"name\":\"Marina Casa de Campo cartelera de cine del 22 al 29 de agosto\"}]},{\"@type\":\"WebSite\",\"@id\":\"https:\\\/\\\/casadecampoliving.com\\\/es\\\/#website\",\"url\":\"https:\\\/\\\/casadecampoliving.com\\\/es\\\/\",\"name\":\"Casa de Campo Living\",\"description\":\"Resort community news and resources.\",\"publisher\":{\"@id\":\"https:\\\/\\\/casadecampoliving.com\\\/es\\\/#organization\"},\"potentialAction\":[{\"@type\":\"SearchAction\",\"target\":{\"@type\":\"EntryPoint\",\"urlTemplate\":\"https:\\\/\\\/casadecampoliving.com\\\/es\\\/?s={search_term_string}\"},\"query-input\":{\"@type\":\"PropertyValueSpecification\",\"valueRequired\":true,\"valueName\":\"search_term_string\"}}],\"inLanguage\":\"es\"},{\"@type\":\"Organization\",\"@id\":\"https:\\\/\\\/casadecampoliving.com\\\/es\\\/#organization\",\"name\":\"Casa de Campo Living\",\"url\":\"https:\\\/\\\/casadecampoliving.com\\\/es\\\/\",\"logo\":{\"@type\":\"ImageObject\",\"inLanguage\":\"es\",\"@id\":\"https:\\\/\\\/casadecampoliving.com\\\/es\\\/#\\\/schema\\\/logo\\\/image\\\/\",\"url\":\"https:\\\/\\\/i0.wp.com\\\/casadecampoliving.com\\\/wp-content\\\/uploads\\\/2022\\\/07\\\/CDCLivingLogo_V1-white-sized.png?fit=800%2C214&ssl=1\",\"contentUrl\":\"https:\\\/\\\/i0.wp.com\\\/casadecampoliving.com\\\/wp-content\\\/uploads\\\/2022\\\/07\\\/CDCLivingLogo_V1-white-sized.png?fit=800%2C214&ssl=1\",\"width\":800,\"height\":214,\"caption\":\"Casa de Campo Living\"},\"image\":{\"@id\":\"https:\\\/\\\/casadecampoliving.com\\\/es\\\/#\\\/schema\\\/logo\\\/image\\\/\"},\"sameAs\":[\"https:\\\/\\\/www.facebook.com\\\/casadecampoliving\",\"https:\\\/\\\/x.com\\\/cdcliving\"]},{\"@type\":\"Person\",\"@id\":\"https:\\\/\\\/casadecampoliving.com\\\/es\\\/#\\\/schema\\\/person\\\/bd396a8f8ea621ed900f2d4a7407a3a2\",\"name\":\"Eliana Alba\",\"image\":{\"@type\":\"ImageObject\",\"inLanguage\":\"es\",\"@id\":\"https:\\\/\\\/secure.gravatar.com\\\/avatar\\\/9855856e733abb59c5985d70cc9f36d1c83420173446a782077af61c55fb0a9c?s=96&d=mm&r=g\",\"url\":\"https:\\\/\\\/secure.gravatar.com\\\/avatar\\\/9855856e733abb59c5985d70cc9f36d1c83420173446a782077af61c55fb0a9c?s=96&d=mm&r=g\",\"contentUrl\":\"https:\\\/\\\/secure.gravatar.com\\\/avatar\\\/9855856e733abb59c5985d70cc9f36d1c83420173446a782077af61c55fb0a9c?s=96&d=mm&r=g\",\"caption\":\"Eliana Alba\"},\"sameAs\":[\"https:\\\/\\\/casadecampoliving.com\"],\"url\":\"https:\\\/\\\/casadecampoliving.com\\\/es\\\/author\\\/ealba\\\/\"}]}<\/script>\n<!-- \/ Yoast SEO plugin. -->","yoast_head_json":{"title":"Marina Casa de Campo cartelera de cine del 22 al 29 de agosto | Casa de Campo Living","description":"La pel\u00edcula de acci\u00f3n Armados y Peligrosos ha llegado a La Marina Casa de Campo. Todav\u00eda en sala est\u00e1n Los Pitufos 2, \u00bfQui\u00e9n Manda? y The Internship.","robots":{"index":"index","follow":"follow","max-snippet":"max-snippet:-1","max-image-preview":"max-image-preview:large","max-video-preview":"max-video-preview:-1"},"canonical":"https:\/\/casadecampoliving.com\/es\/marina-casa-de-campo-cartelera-de-cine-del-22-al-29-de-agosto\/","og_locale":"es_ES","og_type":"article","og_title":"Marina Casa de Campo cartelera de cine del 22 al 29 de agosto | Casa de Campo Living","og_description":"La pel\u00edcula de acci\u00f3n Armados y Peligrosos ha llegado a La Marina Casa de Campo. Todav\u00eda en sala est\u00e1n Los Pitufos 2, \u00bfQui\u00e9n Manda? y The Internship.","og_url":"https:\/\/casadecampoliving.com\/es\/marina-casa-de-campo-cartelera-de-cine-del-22-al-29-de-agosto\/","og_site_name":"Casa de Campo Living","article_publisher":"https:\/\/www.facebook.com\/casadecampoliving","article_published_time":"2013-08-22T04:00:00+00:00","article_modified_time":"2022-10-21T22:54:53+00:00","og_image":[{"width":799,"height":344,"url":"https:\/\/i0.wp.com\/casadecampoliving.com\/wp-content\/uploads\/2022\/10\/CDCAMP-feb-22-de-agosto-1.jpg?fit=799%2C344&ssl=1","type":"image\/jpeg"}],"author":"Eliana Alba","twitter_card":"summary_large_image","twitter_creator":"@cdcliving","twitter_site":"@cdcliving","twitter_misc":{"Escrito por":"Eliana Alba","Tiempo de lectura":"1 minuto"},"schema":{"@context":"https:\/\/schema.org","@graph":[{"@type":"Article","@id":"https:\/\/casadecampoliving.com\/es\/marina-casa-de-campo-cartelera-de-cine-del-22-al-29-de-agosto\/#article","isPartOf":{"@id":"https:\/\/casadecampoliving.com\/es\/marina-casa-de-campo-cartelera-de-cine-del-22-al-29-de-agosto\/"},"author":{"name":"Eliana Alba","@id":"https:\/\/casadecampoliving.com\/es\/#\/schema\/person\/bd396a8f8ea621ed900f2d4a7407a3a2"},"headline":"Marina Casa de Campo cartelera de cine del 22 al 29 de agosto","datePublished":"2013-08-22T04:00:00+00:00","dateModified":"2022-10-21T22:54:53+00:00","mainEntityOfPage":{"@id":"https:\/\/casadecampoliving.com\/es\/marina-casa-de-campo-cartelera-de-cine-del-22-al-29-de-agosto\/"},"wordCount":286,"publisher":{"@id":"https:\/\/casadecampoliving.com\/es\/#organization"},"image":{"@id":"https:\/\/casadecampoliving.com\/es\/marina-casa-de-campo-cartelera-de-cine-del-22-al-29-de-agosto\/#primaryimage"},"thumbnailUrl":"https:\/\/i0.wp.com\/casadecampoliving.com\/wp-content\/uploads\/2022\/10\/CDCAMP-feb-22-de-agosto-1.jpg?fit=799%2C344&ssl=1","keywords":["cartelera de cine","la marina casa de campo","la marina casa de campo @es"],"articleSection":["Arte y cultura","Cine @es","La Marina Casa de Campo","Noticias Locales"],"inLanguage":"es"},{"@type":"WebPage","@id":"https:\/\/casadecampoliving.com\/es\/marina-casa-de-campo-cartelera-de-cine-del-22-al-29-de-agosto\/","url":"https:\/\/casadecampoliving.com\/es\/marina-casa-de-campo-cartelera-de-cine-del-22-al-29-de-agosto\/","name":"Marina Casa de Campo cartelera de cine del 22 al 29 de agosto | Casa de Campo Living","isPartOf":{"@id":"https:\/\/casadecampoliving.com\/es\/#website"},"primaryImageOfPage":{"@id":"https:\/\/casadecampoliving.com\/es\/marina-casa-de-campo-cartelera-de-cine-del-22-al-29-de-agosto\/#primaryimage"},"image":{"@id":"https:\/\/casadecampoliving.com\/es\/marina-casa-de-campo-cartelera-de-cine-del-22-al-29-de-agosto\/#primaryimage"},"thumbnailUrl":"https:\/\/i0.wp.com\/casadecampoliving.com\/wp-content\/uploads\/2022\/10\/CDCAMP-feb-22-de-agosto-1.jpg?fit=799%2C344&ssl=1","datePublished":"2013-08-22T04:00:00+00:00","dateModified":"2022-10-21T22:54:53+00:00","description":"La pel\u00edcula de acci\u00f3n Armados y Peligrosos ha llegado a La Marina Casa de Campo. Todav\u00eda en sala est\u00e1n Los Pitufos 2, \u00bfQui\u00e9n Manda? y The Internship.","breadcrumb":{"@id":"https:\/\/casadecampoliving.com\/es\/marina-casa-de-campo-cartelera-de-cine-del-22-al-29-de-agosto\/#breadcrumb"},"inLanguage":"es","potentialAction":[{"@type":"ReadAction","target":["https:\/\/casadecampoliving.com\/es\/marina-casa-de-campo-cartelera-de-cine-del-22-al-29-de-agosto\/"]}]},{"@type":"ImageObject","inLanguage":"es","@id":"https:\/\/casadecampoliving.com\/es\/marina-casa-de-campo-cartelera-de-cine-del-22-al-29-de-agosto\/#primaryimage","url":"https:\/\/i0.wp.com\/casadecampoliving.com\/wp-content\/uploads\/2022\/10\/CDCAMP-feb-22-de-agosto-1.jpg?fit=799%2C344&ssl=1","contentUrl":"https:\/\/i0.wp.com\/casadecampoliving.com\/wp-content\/uploads\/2022\/10\/CDCAMP-feb-22-de-agosto-1.jpg?fit=799%2C344&ssl=1","width":799,"height":344,"caption":"movies and times la marina"},{"@type":"BreadcrumbList","@id":"https:\/\/casadecampoliving.com\/es\/marina-casa-de-campo-cartelera-de-cine-del-22-al-29-de-agosto\/#breadcrumb","itemListElement":[{"@type":"ListItem","position":1,"name":"Home","item":"https:\/\/casadecampoliving.com\/es\/"},{"@type":"ListItem","position":2,"name":"Marina Casa de Campo cartelera de cine del 22 al 29 de agosto"}]},{"@type":"WebSite","@id":"https:\/\/casadecampoliving.com\/es\/#website","url":"https:\/\/casadecampoliving.com\/es\/","name":"Casa de Campo Living","description":"Resort community news and resources.","publisher":{"@id":"https:\/\/casadecampoliving.com\/es\/#organization"},"potentialAction":[{"@type":"SearchAction","target":{"@type":"EntryPoint","urlTemplate":"https:\/\/casadecampoliving.com\/es\/?s={search_term_string}"},"query-input":{"@type":"PropertyValueSpecification","valueRequired":true,"valueName":"search_term_string"}}],"inLanguage":"es"},{"@type":"Organization","@id":"https:\/\/casadecampoliving.com\/es\/#organization","name":"Casa de Campo Living","url":"https:\/\/casadecampoliving.com\/es\/","logo":{"@type":"ImageObject","inLanguage":"es","@id":"https:\/\/casadecampoliving.com\/es\/#\/schema\/logo\/image\/","url":"https:\/\/i0.wp.com\/casadecampoliving.com\/wp-content\/uploads\/2022\/07\/CDCLivingLogo_V1-white-sized.png?fit=800%2C214&ssl=1","contentUrl":"https:\/\/i0.wp.com\/casadecampoliving.com\/wp-content\/uploads\/2022\/07\/CDCLivingLogo_V1-white-sized.png?fit=800%2C214&ssl=1","width":800,"height":214,"caption":"Casa de Campo Living"},"image":{"@id":"https:\/\/casadecampoliving.com\/es\/#\/schema\/logo\/image\/"},"sameAs":["https:\/\/www.facebook.com\/casadecampoliving","https:\/\/x.com\/cdcliving"]},{"@type":"Person","@id":"https:\/\/casadecampoliving.com\/es\/#\/schema\/person\/bd396a8f8ea621ed900f2d4a7407a3a2","name":"Eliana Alba","image":{"@type":"ImageObject","inLanguage":"es","@id":"https:\/\/secure.gravatar.com\/avatar\/9855856e733abb59c5985d70cc9f36d1c83420173446a782077af61c55fb0a9c?s=96&d=mm&r=g","url":"https:\/\/secure.gravatar.com\/avatar\/9855856e733abb59c5985d70cc9f36d1c83420173446a782077af61c55fb0a9c?s=96&d=mm&r=g","contentUrl":"https:\/\/secure.gravatar.com\/avatar\/9855856e733abb59c5985d70cc9f36d1c83420173446a782077af61c55fb0a9c?s=96&d=mm&r=g","caption":"Eliana Alba"},"sameAs":["https:\/\/casadecampoliving.com"],"url":"https:\/\/casadecampoliving.com\/es\/author\/ealba\/"}]}},"parsely":{"version":"1.1.0","canonical_url":"https:\/\/casadecampoliving.com\/es\/marina-casa-de-campo-cartelera-de-cine-del-22-al-29-de-agosto\/","smart_links":{"inbound":0,"outbound":0},"traffic_boost_suggestions_count":0,"meta":{"@context":"https:\/\/schema.org","@type":"NewsArticle","headline":"Marina Casa de Campo cartelera de cine del 22 al 29 de agosto","url":"http:\/\/casadecampoliving.com\/es\/marina-casa-de-campo-cartelera-de-cine-del-22-al-29-de-agosto\/","mainEntityOfPage":{"@type":"WebPage","@id":"http:\/\/casadecampoliving.com\/es\/marina-casa-de-campo-cartelera-de-cine-del-22-al-29-de-agosto\/"},"thumbnailUrl":"https:\/\/i0.wp.com\/casadecampoliving.com\/wp-content\/uploads\/2022\/10\/CDCAMP-feb-22-de-agosto-1.jpg?resize=150%2C150&ssl=1","image":{"@type":"ImageObject","url":"https:\/\/i0.wp.com\/casadecampoliving.com\/wp-content\/uploads\/2022\/10\/CDCAMP-feb-22-de-agosto-1.jpg?fit=799%2C344&ssl=1"},"articleSection":"Arte y cultura","author":[{"@type":"Person","name":"Eliana Alba"}],"creator":["Eliana Alba"],"publisher":{"@type":"Organization","name":"Casa de Campo Living","logo":"https:\/\/casadecampoliving.com\/wp-content\/uploads\/2022\/07\/CDCLivingLogo_V1-white-sized.png"},"keywords":["cartelera de cine","la marina casa de campo","la marina casa de campo @es"],"dateCreated":"2013-08-22T04:00:00Z","datePublished":"2013-08-22T04:00:00Z","dateModified":"2022-10-21T22:54:53Z"},"rendered":"<script type=\"application\/ld+json\" class=\"wp-parsely-metadata\">{\"@context\":\"https:\\\/\\\/schema.org\",\"@type\":\"NewsArticle\",\"headline\":\"Marina Casa de Campo cartelera de cine del 22 al 29 de agosto\",\"url\":\"http:\\\/\\\/casadecampoliving.com\\\/es\\\/marina-casa-de-campo-cartelera-de-cine-del-22-al-29-de-agosto\\\/\",\"mainEntityOfPage\":{\"@type\":\"WebPage\",\"@id\":\"http:\\\/\\\/casadecampoliving.com\\\/es\\\/marina-casa-de-campo-cartelera-de-cine-del-22-al-29-de-agosto\\\/\"},\"thumbnailUrl\":\"https:\\\/\\\/i0.wp.com\\\/casadecampoliving.com\\\/wp-content\\\/uploads\\\/2022\\\/10\\\/CDCAMP-feb-22-de-agosto-1.jpg?resize=150%2C150&ssl=1\",\"image\":{\"@type\":\"ImageObject\",\"url\":\"https:\\\/\\\/i0.wp.com\\\/casadecampoliving.com\\\/wp-content\\\/uploads\\\/2022\\\/10\\\/CDCAMP-feb-22-de-agosto-1.jpg?fit=799%2C344&ssl=1\"},\"articleSection\":\"Arte y cultura\",\"author\":[{\"@type\":\"Person\",\"name\":\"Eliana Alba\"}],\"creator\":[\"Eliana Alba\"],\"publisher\":{\"@type\":\"Organization\",\"name\":\"Casa de Campo Living\",\"logo\":\"https:\\\/\\\/casadecampoliving.com\\\/wp-content\\\/uploads\\\/2022\\\/07\\\/CDCLivingLogo_V1-white-sized.png\"},\"keywords\":[\"cartelera de cine\",\"la marina casa de campo\",\"la marina casa de campo @es\"],\"dateCreated\":\"2013-08-22T04:00:00Z\",\"datePublished\":\"2013-08-22T04:00:00Z\",\"dateModified\":\"2022-10-21T22:54:53Z\"}<\/script>","tracker_url":"https:\/\/cdn.parsely.com\/keys\/casadecampoliving.com\/p.js"},"jetpack_publicize_connections":[],"jetpack_featured_media_url":"https:\/\/i0.wp.com\/casadecampoliving.com\/wp-content\/uploads\/2022\/10\/CDCAMP-feb-22-de-agosto-1.jpg?fit=799%2C344&ssl=1","jetpack-related-posts":[{"id":350314,"url":"https:\/\/casadecampoliving.com\/es\/marina-casa-de-campo-cartelera-de-cine-4-10-de-agosto\/","url_meta":{"origin":342748,"position":0},"title":"Marina Casa de Campo cartelera de cine: 4 \u2013 10 de Agosto","author":"Marlenys Guzm\u00e1n Casta\u00f1os","date":"4 Ago, 2016","format":false,"excerpt":"Para esta semana, el cine de la Marina Casa de Campo nos trae dos\u00a0nuevas pel\u00edculas: \u201cEscuadr\u00f3n Suicida\u201d y\u00a0\u201cLa Vida secreta de tus mascotas\u201d.\u00a0Mientras que en sala todav\u00eda tenemos: \u201cYa conoces su nombre\u201c. \u201cEscuadr\u00f3n Suicida\u201dProyecciones: Lunes\u00a0\u2013 Viernes, 6:50pm & 9:30pm S\u00e1bado\u00a0\u2013 Domingo,\u00a04:05pm, 6:50pm & \u00a09:30pm Sinopsis:\u00a0Asumiendo que\u00a0todos ellos son prescindibles, un\u2026","rel":"","context":"En \u00abCine @es\u00bb","block_context":{"text":"Cine @es","link":"https:\/\/casadecampoliving.com\/es\/category\/cine-3\/"},"img":{"alt_text":"","src":"https:\/\/i0.wp.com\/casadecampoliving.com\/wp-content\/uploads\/2022\/10\/Movieboard.jpg?fit=799%2C346&ssl=1&resize=350%2C200","width":350,"height":200,"srcset":"https:\/\/i0.wp.com\/casadecampoliving.com\/wp-content\/uploads\/2022\/10\/Movieboard.jpg?fit=799%2C346&ssl=1&resize=350%2C200 1x, https:\/\/i0.wp.com\/casadecampoliving.com\/wp-content\/uploads\/2022\/10\/Movieboard.jpg?fit=799%2C346&ssl=1&resize=525%2C300 1.5x, https:\/\/i0.wp.com\/casadecampoliving.com\/wp-content\/uploads\/2022\/10\/Movieboard.jpg?fit=799%2C346&ssl=1&resize=700%2C400 2x"},"classes":[]},{"id":350355,"url":"https:\/\/casadecampoliving.com\/es\/marina-casa-de-campo-cartelera-de-cine-11-17-de-agosto\/","url_meta":{"origin":342748,"position":1},"title":"Marina Casa de Campo cartelera de cine: 11 \u2013 17 de Agosto","author":"Marlenys Guzm\u00e1n Casta\u00f1os","date":"11 Ago, 2016","format":false,"excerpt":"Para esta semana, el cine de la Marina Casa de Campo nos trae la nueva pel\u00edcula dominicana \u201cLoki 7\u201d.\u00a0Mientras que en las salas todav\u00eda tenemos: \u00a0\u201cEscuadr\u00f3n Suicida\u201d,\u00a0\u201cLa Vida secreta de tus mascotas\u201d y\u00a0\u201cYa conoces su nombre\u201c. \u201cLoki 7\u201dProyecciones: Lunes\u00a0\u2013 Viernes, 7:05pm & 9:20pm S\u00e1bado\u00a0\u2013 Domingo, 4:50pm, 7:05pm & 9:20pm Sinopsis:\u00a0Un\u2026","rel":"","context":"En \u00abCine @es\u00bb","block_context":{"text":"Cine @es","link":"https:\/\/casadecampoliving.com\/es\/category\/cine-3\/"},"img":{"alt_text":"","src":"https:\/\/i0.wp.com\/casadecampoliving.com\/wp-content\/uploads\/2022\/10\/La-Marina-Movieboard.jpg?fit=800%2C346&ssl=1&resize=350%2C200","width":350,"height":200,"srcset":"https:\/\/i0.wp.com\/casadecampoliving.com\/wp-content\/uploads\/2022\/10\/La-Marina-Movieboard.jpg?fit=800%2C346&ssl=1&resize=350%2C200 1x, https:\/\/i0.wp.com\/casadecampoliving.com\/wp-content\/uploads\/2022\/10\/La-Marina-Movieboard.jpg?fit=800%2C346&ssl=1&resize=525%2C300 1.5x, https:\/\/i0.wp.com\/casadecampoliving.com\/wp-content\/uploads\/2022\/10\/La-Marina-Movieboard.jpg?fit=800%2C346&ssl=1&resize=700%2C400 2x"},"classes":[]},{"id":348048,"url":"https:\/\/casadecampoliving.com\/es\/marina-casa-de-campo-cartelera-de-cine-13-19-de-agosto\/","url_meta":{"origin":342748,"position":2},"title":"Marina Casa de Campo cartelera de cine: 13 &#8211; 19 de Agosto","author":"Felix Guerrero","date":"13 Ago, 2015","format":false,"excerpt":"Para esta semana, el cine de la Marina Casa de Campo nos trae una\u00a0nueva pel\u00edcula: \u201cPixels\u201d.\u00a0Mientras todav\u00eda en sala tenemos: \u201cVacaciones\u201d y\u00a0\u201cCuatro\u00a0Fant\u00e1sticos\u201d. \u201cVacaciones\u201dProyecciones: Lunes \u2013\u00a0Viernes, 7:05pm & 9:20pm S\u00e1bado \u2013 Domingo, 4:55pm, 7:05pm & 9:20pm Sinopsis: Siguiendo las huellas de su padre y con la esperanza de construir ese v\u00ednculo\u2026","rel":"","context":"En \u00abArte y cultura\u00bb","block_context":{"text":"Arte y cultura","link":"https:\/\/casadecampoliving.com\/category\/arte-y-cultura\/"},"img":{"alt_text":"Cartelera 13 Agosto 2015","src":"https:\/\/i0.wp.com\/casadecampoliving.com\/wp-content\/uploads\/2022\/10\/Cartelera-13-Agosto-2015-1.jpg?fit=800%2C348&ssl=1&resize=350%2C200","width":350,"height":200,"srcset":"https:\/\/i0.wp.com\/casadecampoliving.com\/wp-content\/uploads\/2022\/10\/Cartelera-13-Agosto-2015-1.jpg?fit=800%2C348&ssl=1&resize=350%2C200 1x, https:\/\/i0.wp.com\/casadecampoliving.com\/wp-content\/uploads\/2022\/10\/Cartelera-13-Agosto-2015-1.jpg?fit=800%2C348&ssl=1&resize=525%2C300 1.5x, https:\/\/i0.wp.com\/casadecampoliving.com\/wp-content\/uploads\/2022\/10\/Cartelera-13-Agosto-2015-1.jpg?fit=800%2C348&ssl=1&resize=700%2C400 2x"},"classes":[]},{"id":348141,"url":"https:\/\/casadecampoliving.com\/es\/marina-casa-de-campo-cartelera-de-cine-27-de-agosto-2-de-septiembre\/","url_meta":{"origin":342748,"position":3},"title":"Marina Casa de Campo cartelera de cine: 27 de Agosto &#8211; 2 de Septiembre","author":"Felix Guerrero","date":"27 Ago, 2015","format":false,"excerpt":"Para esta semana, el cine de la Marina Casa de Campo nos trae tres\u00a0nuevas pel\u00edculas: \u201cHitman: Agente 47\u201d,\u00a0\u201cRibbit\u201d\u00a0y\u00a0\u201cTed 2\u201d.\u00a0Mientras todav\u00eda en sala tenemos: \u201cOperaci\u00f3n U.N.C.L.E.\u201d. \u201cOperaci\u00f3n U.N.C.L.E.\u201dProyecciones: Lunes\u00a0\u2013 Viernes, 7:05pm & 9:20pm S\u00e1bado \u2013 Domingo,\u00a04:55pm, 7:05pm & 9:20pm Sinopsis: Situada con el tel\u00f3n de fondo del auge de la Guerra\u2026","rel":"","context":"En \u00abArte y cultura\u00bb","block_context":{"text":"Arte y cultura","link":"https:\/\/casadecampoliving.com\/category\/arte-y-cultura\/"},"img":{"alt_text":"Cartelera 27 Agosto","src":"https:\/\/i0.wp.com\/casadecampoliving.com\/wp-content\/uploads\/2022\/10\/Cartelera-27-Agosto-1.jpg?fit=800%2C348&ssl=1&resize=350%2C200","width":350,"height":200,"srcset":"https:\/\/i0.wp.com\/casadecampoliving.com\/wp-content\/uploads\/2022\/10\/Cartelera-27-Agosto-1.jpg?fit=800%2C348&ssl=1&resize=350%2C200 1x, https:\/\/i0.wp.com\/casadecampoliving.com\/wp-content\/uploads\/2022\/10\/Cartelera-27-Agosto-1.jpg?fit=800%2C348&ssl=1&resize=525%2C300 1.5x, https:\/\/i0.wp.com\/casadecampoliving.com\/wp-content\/uploads\/2022\/10\/Cartelera-27-Agosto-1.jpg?fit=800%2C348&ssl=1&resize=700%2C400 2x"},"classes":[]},{"id":348174,"url":"https:\/\/casadecampoliving.com\/es\/marina-casa-de-campo-cartelera-de-cine-3-9-de-septiembre\/","url_meta":{"origin":342748,"position":4},"title":"Marina Casa de Campo cartelera de cine: 3 &#8211; 9 de Septiembre","author":"Felix Guerrero","date":"3 Sep, 2015","format":false,"excerpt":"Para esta semana, el cine de la Marina Casa de Campo nos trae dos\u00a0nuevas pel\u00edculas: \u201cLa Dama de Oro\u201d y\u00a0\u201cThe Little Prince\u201d.\u00a0Mientras todav\u00eda en sala tenemos: \u201cHitman: Agente 47\u201d\u00a0y\u00a0\u201cRibbit\u201d. \u201cLa Dama de Oro\u201dProyecciones: Lunes\u00a0\u2013\u00a0Domingo, 9:25pm Sinopsis: La apasionante historia real de una mujer que lucha por recuperar lo que es\u2026","rel":"","context":"En \u00abArte y cultura\u00bb","block_context":{"text":"Arte y cultura","link":"https:\/\/casadecampoliving.com\/category\/arte-y-cultura\/"},"img":{"alt_text":"Cartelera 3 Septiembre 2015","src":"https:\/\/i0.wp.com\/casadecampoliving.com\/wp-content\/uploads\/2022\/10\/Cartelera-3-Septiembre-2015-1.jpg?fit=800%2C347&ssl=1&resize=350%2C200","width":350,"height":200,"srcset":"https:\/\/i0.wp.com\/casadecampoliving.com\/wp-content\/uploads\/2022\/10\/Cartelera-3-Septiembre-2015-1.jpg?fit=800%2C347&ssl=1&resize=350%2C200 1x, https:\/\/i0.wp.com\/casadecampoliving.com\/wp-content\/uploads\/2022\/10\/Cartelera-3-Septiembre-2015-1.jpg?fit=800%2C347&ssl=1&resize=525%2C300 1.5x, https:\/\/i0.wp.com\/casadecampoliving.com\/wp-content\/uploads\/2022\/10\/Cartelera-3-Septiembre-2015-1.jpg?fit=800%2C347&ssl=1&resize=700%2C400 2x"},"classes":[]},{"id":351316,"url":"https:\/\/casadecampoliving.com\/es\/marina-casa-de-campo-cartelera-de-cine-29-de-marzo-5-de-abril\/","url_meta":{"origin":342748,"position":5},"title":"Marina Casa de Campo Cartelera de Cine: 29 de marzo &#8211; 5 de abril","author":"Marlenys Guzm\u00e1n Casta\u00f1os","date":"30 Mar, 2017","format":false,"excerpt":"Esta semana el cine de Marina Casa de Campo nos trae dos nuevas pel\u00edculas,\u00a0\u201cBoss Baby\u201d\u00a0y\u00a0\u201cGhost in the Shell\u201d,\u00a0mientras que todav\u00eda proyectan \u00a0\u201cLa Bella y la Bestia\u201d. \u201cBoss Baby\u201dProyecciones: Lunes \u2013 Viernes 6:40 pm, 8:50pm S\u00e1bado \u2013 Domingo 4:30pm, 6:40 pm, 8:50pm Sinopsis:\u00a0La historia sigue a un ni\u00f1o de siete a\u00f1os\u2026","rel":"","context":"En \u00abCine @es\u00bb","block_context":{"text":"Cine @es","link":"https:\/\/casadecampoliving.com\/es\/category\/cine-3\/"},"img":{"alt_text":"","src":"https:\/\/i0.wp.com\/casadecampoliving.com\/wp-content\/uploads\/2022\/10\/CDCAMP-30-Marzo.jpg?fit=800%2C357&ssl=1&resize=350%2C200","width":350,"height":200,"srcset":"https:\/\/i0.wp.com\/casadecampoliving.com\/wp-content\/uploads\/2022\/10\/CDCAMP-30-Marzo.jpg?fit=800%2C357&ssl=1&resize=350%2C200 1x, https:\/\/i0.wp.com\/casadecampoliving.com\/wp-content\/uploads\/2022\/10\/CDCAMP-30-Marzo.jpg?fit=800%2C357&ssl=1&resize=525%2C300 1.5x, https:\/\/i0.wp.com\/casadecampoliving.com\/wp-content\/uploads\/2022\/10\/CDCAMP-30-Marzo.jpg?fit=800%2C357&ssl=1&resize=700%2C400 2x"},"classes":[]}],"jetpack_sharing_enabled":true,"_links":{"self":[{"href":"https:\/\/casadecampoliving.com\/es\/wp-json\/wp\/v2\/posts\/342748","targetHints":{"allow":["GET"]}}],"collection":[{"href":"https:\/\/casadecampoliving.com\/es\/wp-json\/wp\/v2\/posts"}],"about":[{"href":"https:\/\/casadecampoliving.com\/es\/wp-json\/wp\/v2\/types\/post"}],"author":[{"embeddable":true,"href":"https:\/\/casadecampoliving.com\/es\/wp-json\/wp\/v2\/users\/454"}],"replies":[{"embeddable":true,"href":"https:\/\/casadecampoliving.com\/es\/wp-json\/wp\/v2\/comments?post=342748"}],"version-history":[{"count":1,"href":"https:\/\/casadecampoliving.com\/es\/wp-json\/wp\/v2\/posts\/342748\/revisions"}],"predecessor-version":[{"id":342749,"href":"https:\/\/casadecampoliving.com\/es\/wp-json\/wp\/v2\/posts\/342748\/revisions\/342749"}],"wp:featuredmedia":[{"embeddable":true,"href":"https:\/\/casadecampoliving.com\/es\/wp-json\/wp\/v2\/media\/267292"}],"wp:attachment":[{"href":"https:\/\/casadecampoliving.com\/es\/wp-json\/wp\/v2\/media?parent=342748"}],"wp:term":[{"taxonomy":"category","embeddable":true,"href":"https:\/\/casadecampoliving.com\/es\/wp-json\/wp\/v2\/categories?post=342748"},{"taxonomy":"post_tag","embeddable":true,"href":"https:\/\/casadecampoliving.com\/es\/wp-json\/wp\/v2\/tags?post=342748"},{"taxonomy":"newspack_spnsrs_tax","embeddable":true,"href":"https:\/\/casadecampoliving.com\/es\/wp-json\/wp\/v2\/newspack_spnsrs_tax?post=342748"}],"curies":[{"name":"wp","href":"https:\/\/api.w.org\/{rel}","templated":true}]}}