{"id":342735,"date":"2013-08-24T00:00:00","date_gmt":"2013-08-24T04:00:00","guid":{"rendered":"https:\/\/casadecampoliving.com\/romana-en-colores-un-taller-lleno-de-inspiracion-artistica\/"},"modified":"2022-11-10T10:46:29","modified_gmt":"2022-11-10T14:46:29","slug":"romana-en-colores-un-taller-lleno-de-inspiracion-artistica","status":"publish","type":"post","link":"https:\/\/casadecampoliving.com\/es\/romana-en-colores-un-taller-lleno-de-inspiracion-artistica\/","title":{"rendered":"\u00abRomana en colores\u00bb &#8211; un taller lleno de inspiraci\u00f3n art\u00edstica"},"content":{"rendered":"<p style=\"text-align: center;\"><img data-recalc-dims=\"1\" loading=\"lazy\" decoding=\"async\" class=\"aligncenter  wp-image-76342\" style=\"margin-top: 15px; margin-bottom: 15px;\" title=\"painting_workshop\" src=\"https:\/\/i0.wp.com\/casadecampoliving.com\/wp-content\/uploads\/2022\/10\/painting_workshop.jpg?resize=650%2C480&#038;ssl=1\" alt=\"painting workshop\" width=\"650\" height=\"480\" \/><\/p>\nEstando rodeado por paisajes tan hermosos es inevitable querer agarrar un pincel y pintarlo todo. Claro, luego nos acordamos que no sabemos como hacerlo y olvidamos por completo el asunto.\n\n<img data-recalc-dims=\"1\" loading=\"lazy\" decoding=\"async\" class=\"alignright size-medium wp-image-76344\" style=\"margin-left: 15px; margin-right: 15px;\" title=\"painting_workshop\" src=\"https:\/\/i0.wp.com\/casadecampoliving.com\/wp-content\/uploads\/2022\/10\/painting_workshop1-224x300-2.jpg?resize=224%2C300&#038;ssl=1\" alt=\"painting workshop\" width=\"224\" height=\"300\" \/>Sin embargo este verano se tuvo la oportunidad de aprender a capturar la belleza de nuestros paisajes en el taller cultural de pintura \u00abRomana en Colores\u00bb, lo cual tom\u00f3 lugar del 7 al 10 de agosto.\n\nEste taller, organizado por Carmen Sone, conllevaba muchas actividades, las cuales inclu\u00edan clases de pintura con la reconocida artista, Jane Slivka. Los estudiantes, que eran mayormente de EEUU, ten\u00edan que crear 4 piezas de arte por d\u00eda, dos en la ma\u00f1ana y dos en la tarde; puliendo as\u00ed sus habilidades y dej\u00e1ndolos listos para pintar cualquier cosa que los inspire en el futuro.\n\nPero no fue todo trabajo, la parte \u00abcultural\u00bb del taller inclu\u00eda una serie de actividades. Primero que todo fueron bienvenidos con un coctel en el Beach Club by Le Cirque en Playa Minitas. Tambi\u00e9n pudieron disfrutar de una visita a Altos de Chav\u00f3n (que siempre inspira) y cenar all\u00ed en el delicioso restaurante La Cantina. Su \u00faltimo d\u00eda fue marcado por el tour \u00abPasado &amp; Presente\u00bb de Santo Domingo, una ciudad tan vivaz y con tanta historia, que podr\u00eda convertir a cualquiera en artista y culmin\u00f3 con una exquisita cena en Chinois en La Marina, Casa de Campo.\n\nLos estudiantes hasta tuvieron el privilegio de atender <a href=\"https:\/\/casadecampoliving.com\/a-cocktail-with-fernando-varela-casalife\/\">al coctel de Fernando Varela y CasaLife en La Marina Casa de Campo<\/a>, donde pudieron conocer al famoso artista Fernando Varela, quien luego los acompa\u00f1\u00f3 para una charla informal sobre sus pinturas y sobre el arte contempor\u00e1neo.\n<p style=\"text-align: center;\"><img data-recalc-dims=\"1\" loading=\"lazy\" decoding=\"async\" class=\"aligncenter  wp-image-76346\" style=\"margin-top: 15px; margin-bottom: 15px;\" title=\"romana_in_colors_workshop\" src=\"https:\/\/i0.wp.com\/casadecampoliving.com\/wp-content\/uploads\/2022\/10\/romana_in_colors_workshop.jpg?resize=650%2C450&#038;ssl=1\" alt=\"romana in colors workshop\" width=\"650\" height=\"450\" \/><\/p>\nSe puede decir que \u00abRomana en Colores\u00bb fue todo un \u00e9xito, proporcionando a los estudiantes no solo con las habilidades que necesitan, sino tambi\u00e9n con un entendimiento m\u00e1s amplio de la cultura que los inspira a crear sus obras de arte.\n\nLas siguientes im\u00e1genes fueron tomadas durante el taller cultural de pintura Romana en Colores:\u00a0<strong>\n<figure class=\"wp-block-gallery has-nested-images columns-default is-cropped wp-block-gallery-1 is-layout-flex wp-block-gallery-is-layout-flex\">\n<figure class=\"wp-block-image size-large\"><img data-recalc-dims=\"1\" loading=\"lazy\" decoding=\"async\" width=\"800\" height=\"598\" data-id=\"394378\" src=\"https:\/\/i0.wp.com\/casadecampoliving.com\/wp-content\/uploads\/2022\/10\/4-28.jpg?resize=800%2C598&#038;ssl=1\" alt=\"\" class=\"wp-image-394378\" srcset=\"https:\/\/i0.wp.com\/casadecampoliving.com\/wp-content\/uploads\/2022\/10\/4-28.jpg?w=800&amp;ssl=1 800w, https:\/\/i0.wp.com\/casadecampoliving.com\/wp-content\/uploads\/2022\/10\/4-28.jpg?resize=300%2C224&amp;ssl=1 300w, https:\/\/i0.wp.com\/casadecampoliving.com\/wp-content\/uploads\/2022\/10\/4-28.jpg?resize=768%2C574&amp;ssl=1 768w, https:\/\/i0.wp.com\/casadecampoliving.com\/wp-content\/uploads\/2022\/10\/4-28.jpg?resize=400%2C299&amp;ssl=1 400w, https:\/\/i0.wp.com\/casadecampoliving.com\/wp-content\/uploads\/2022\/10\/4-28.jpg?resize=200%2C150&amp;ssl=1 200w, https:\/\/i0.wp.com\/casadecampoliving.com\/wp-content\/uploads\/2022\/10\/4-28.jpg?resize=706%2C528&amp;ssl=1 706w, https:\/\/i0.wp.com\/casadecampoliving.com\/wp-content\/uploads\/2022\/10\/4-28.jpg?resize=150%2C112&amp;ssl=1 150w, https:\/\/i0.wp.com\/casadecampoliving.com\/wp-content\/uploads\/2022\/10\/4-28.jpg?w=370&amp;ssl=1 370w\" sizes=\"auto, (max-width: 800px) 100vw, 800px\" \/><\/figure>\n\n\n\n<figure class=\"wp-block-image size-large\"><img data-recalc-dims=\"1\" loading=\"lazy\" decoding=\"async\" width=\"800\" height=\"598\" data-id=\"394404\" src=\"https:\/\/i0.wp.com\/casadecampoliving.com\/wp-content\/uploads\/2022\/10\/5-28.jpg?resize=800%2C598&#038;ssl=1\" alt=\"\" class=\"wp-image-394404\" srcset=\"https:\/\/i0.wp.com\/casadecampoliving.com\/wp-content\/uploads\/2022\/10\/5-28.jpg?w=800&amp;ssl=1 800w, https:\/\/i0.wp.com\/casadecampoliving.com\/wp-content\/uploads\/2022\/10\/5-28.jpg?resize=300%2C224&amp;ssl=1 300w, https:\/\/i0.wp.com\/casadecampoliving.com\/wp-content\/uploads\/2022\/10\/5-28.jpg?resize=768%2C574&amp;ssl=1 768w, https:\/\/i0.wp.com\/casadecampoliving.com\/wp-content\/uploads\/2022\/10\/5-28.jpg?resize=400%2C299&amp;ssl=1 400w, https:\/\/i0.wp.com\/casadecampoliving.com\/wp-content\/uploads\/2022\/10\/5-28.jpg?resize=200%2C150&amp;ssl=1 200w, https:\/\/i0.wp.com\/casadecampoliving.com\/wp-content\/uploads\/2022\/10\/5-28.jpg?resize=706%2C528&amp;ssl=1 706w, https:\/\/i0.wp.com\/casadecampoliving.com\/wp-content\/uploads\/2022\/10\/5-28.jpg?resize=150%2C112&amp;ssl=1 150w, https:\/\/i0.wp.com\/casadecampoliving.com\/wp-content\/uploads\/2022\/10\/5-28.jpg?w=370&amp;ssl=1 370w\" sizes=\"auto, (max-width: 800px) 100vw, 800px\" \/><\/figure>\n\n\n\n<figure class=\"wp-block-image size-large\"><img data-recalc-dims=\"1\" loading=\"lazy\" decoding=\"async\" width=\"800\" height=\"598\" data-id=\"394423\" src=\"https:\/\/i0.wp.com\/casadecampoliving.com\/wp-content\/uploads\/2022\/10\/6-22.jpg?resize=800%2C598&#038;ssl=1\" alt=\"\" class=\"wp-image-394423\" srcset=\"https:\/\/i0.wp.com\/casadecampoliving.com\/wp-content\/uploads\/2022\/10\/6-22.jpg?w=800&amp;ssl=1 800w, https:\/\/i0.wp.com\/casadecampoliving.com\/wp-content\/uploads\/2022\/10\/6-22.jpg?resize=300%2C224&amp;ssl=1 300w, https:\/\/i0.wp.com\/casadecampoliving.com\/wp-content\/uploads\/2022\/10\/6-22.jpg?resize=768%2C574&amp;ssl=1 768w, https:\/\/i0.wp.com\/casadecampoliving.com\/wp-content\/uploads\/2022\/10\/6-22.jpg?resize=400%2C299&amp;ssl=1 400w, https:\/\/i0.wp.com\/casadecampoliving.com\/wp-content\/uploads\/2022\/10\/6-22.jpg?resize=200%2C150&amp;ssl=1 200w, https:\/\/i0.wp.com\/casadecampoliving.com\/wp-content\/uploads\/2022\/10\/6-22.jpg?resize=706%2C528&amp;ssl=1 706w, https:\/\/i0.wp.com\/casadecampoliving.com\/wp-content\/uploads\/2022\/10\/6-22.jpg?resize=150%2C112&amp;ssl=1 150w, https:\/\/i0.wp.com\/casadecampoliving.com\/wp-content\/uploads\/2022\/10\/6-22.jpg?w=370&amp;ssl=1 370w\" sizes=\"auto, (max-width: 800px) 100vw, 800px\" \/><\/figure>\n\n\n\n<figure class=\"wp-block-image size-large\"><img data-recalc-dims=\"1\" loading=\"lazy\" decoding=\"async\" width=\"800\" height=\"598\" data-id=\"394446\" src=\"https:\/\/i0.wp.com\/casadecampoliving.com\/wp-content\/uploads\/2022\/10\/7-20.jpg?resize=800%2C598&#038;ssl=1\" alt=\"\" class=\"wp-image-394446\" srcset=\"https:\/\/i0.wp.com\/casadecampoliving.com\/wp-content\/uploads\/2022\/10\/7-20.jpg?w=800&amp;ssl=1 800w, https:\/\/i0.wp.com\/casadecampoliving.com\/wp-content\/uploads\/2022\/10\/7-20.jpg?resize=300%2C224&amp;ssl=1 300w, https:\/\/i0.wp.com\/casadecampoliving.com\/wp-content\/uploads\/2022\/10\/7-20.jpg?resize=768%2C574&amp;ssl=1 768w, https:\/\/i0.wp.com\/casadecampoliving.com\/wp-content\/uploads\/2022\/10\/7-20.jpg?resize=400%2C299&amp;ssl=1 400w, https:\/\/i0.wp.com\/casadecampoliving.com\/wp-content\/uploads\/2022\/10\/7-20.jpg?resize=200%2C150&amp;ssl=1 200w, https:\/\/i0.wp.com\/casadecampoliving.com\/wp-content\/uploads\/2022\/10\/7-20.jpg?resize=706%2C528&amp;ssl=1 706w, https:\/\/i0.wp.com\/casadecampoliving.com\/wp-content\/uploads\/2022\/10\/7-20.jpg?resize=150%2C112&amp;ssl=1 150w, https:\/\/i0.wp.com\/casadecampoliving.com\/wp-content\/uploads\/2022\/10\/7-20.jpg?w=370&amp;ssl=1 370w\" sizes=\"auto, (max-width: 800px) 100vw, 800px\" \/><\/figure>\n\n\n\n<figure class=\"wp-block-image size-large\"><img data-recalc-dims=\"1\" loading=\"lazy\" decoding=\"async\" width=\"450\" height=\"600\" data-id=\"394472\" src=\"https:\/\/i0.wp.com\/casadecampoliving.com\/wp-content\/uploads\/2022\/10\/img_0682-2.jpg?resize=450%2C600&#038;ssl=1\" alt=\"\" class=\"wp-image-394472\" srcset=\"https:\/\/i0.wp.com\/casadecampoliving.com\/wp-content\/uploads\/2022\/10\/img_0682-2.jpg?w=450&amp;ssl=1 450w, https:\/\/i0.wp.com\/casadecampoliving.com\/wp-content\/uploads\/2022\/10\/img_0682-2.jpg?resize=225%2C300&amp;ssl=1 225w, https:\/\/i0.wp.com\/casadecampoliving.com\/wp-content\/uploads\/2022\/10\/img_0682-2.jpg?resize=300%2C400&amp;ssl=1 300w, https:\/\/i0.wp.com\/casadecampoliving.com\/wp-content\/uploads\/2022\/10\/img_0682-2.jpg?resize=150%2C200&amp;ssl=1 150w, https:\/\/i0.wp.com\/casadecampoliving.com\/wp-content\/uploads\/2022\/10\/img_0682-2.jpg?resize=400%2C533&amp;ssl=1 400w, https:\/\/i0.wp.com\/casadecampoliving.com\/wp-content\/uploads\/2022\/10\/img_0682-2.jpg?w=370&amp;ssl=1 370w\" sizes=\"auto, (max-width: 450px) 100vw, 450px\" \/><\/figure>\n\n\n\n<figure class=\"wp-block-image size-large\"><img data-recalc-dims=\"1\" loading=\"lazy\" decoding=\"async\" width=\"800\" height=\"600\" data-id=\"394487\" src=\"https:\/\/i0.wp.com\/casadecampoliving.com\/wp-content\/uploads\/2022\/10\/img_1498-1.jpg?resize=800%2C600&#038;ssl=1\" alt=\"\" class=\"wp-image-394487\" srcset=\"https:\/\/i0.wp.com\/casadecampoliving.com\/wp-content\/uploads\/2022\/10\/img_1498-1.jpg?w=800&amp;ssl=1 800w, https:\/\/i0.wp.com\/casadecampoliving.com\/wp-content\/uploads\/2022\/10\/img_1498-1.jpg?resize=300%2C225&amp;ssl=1 300w, https:\/\/i0.wp.com\/casadecampoliving.com\/wp-content\/uploads\/2022\/10\/img_1498-1.jpg?resize=768%2C576&amp;ssl=1 768w, https:\/\/i0.wp.com\/casadecampoliving.com\/wp-content\/uploads\/2022\/10\/img_1498-1.jpg?resize=400%2C300&amp;ssl=1 400w, https:\/\/i0.wp.com\/casadecampoliving.com\/wp-content\/uploads\/2022\/10\/img_1498-1.jpg?resize=200%2C150&amp;ssl=1 200w, https:\/\/i0.wp.com\/casadecampoliving.com\/wp-content\/uploads\/2022\/10\/img_1498-1.jpg?resize=706%2C530&amp;ssl=1 706w, https:\/\/i0.wp.com\/casadecampoliving.com\/wp-content\/uploads\/2022\/10\/img_1498-1.jpg?resize=150%2C113&amp;ssl=1 150w, https:\/\/i0.wp.com\/casadecampoliving.com\/wp-content\/uploads\/2022\/10\/img_1498-1.jpg?w=370&amp;ssl=1 370w\" sizes=\"auto, (max-width: 800px) 100vw, 800px\" \/><\/figure>\n\n\n\n<figure class=\"wp-block-image size-large\"><img data-recalc-dims=\"1\" loading=\"lazy\" decoding=\"async\" width=\"448\" height=\"600\" data-id=\"394514\" src=\"https:\/\/i0.wp.com\/casadecampoliving.com\/wp-content\/uploads\/2022\/10\/jpg.jpg?resize=448%2C600&#038;ssl=1\" alt=\"\" class=\"wp-image-394514\" srcset=\"https:\/\/i0.wp.com\/casadecampoliving.com\/wp-content\/uploads\/2022\/10\/jpg.jpg?w=448&amp;ssl=1 448w, https:\/\/i0.wp.com\/casadecampoliving.com\/wp-content\/uploads\/2022\/10\/jpg.jpg?resize=224%2C300&amp;ssl=1 224w, https:\/\/i0.wp.com\/casadecampoliving.com\/wp-content\/uploads\/2022\/10\/jpg.jpg?resize=150%2C201&amp;ssl=1 150w, https:\/\/i0.wp.com\/casadecampoliving.com\/wp-content\/uploads\/2022\/10\/jpg.jpg?resize=400%2C536&amp;ssl=1 400w, https:\/\/i0.wp.com\/casadecampoliving.com\/wp-content\/uploads\/2022\/10\/jpg.jpg?w=370&amp;ssl=1 370w\" sizes=\"auto, (max-width: 448px) 100vw, 448px\" \/><\/figure>\n\n\n\n<figure class=\"wp-block-image size-large\"><img data-recalc-dims=\"1\" loading=\"lazy\" decoding=\"async\" width=\"800\" height=\"598\" data-id=\"394540\" src=\"https:\/\/i0.wp.com\/casadecampoliving.com\/wp-content\/uploads\/2022\/10\/painting_workshop-2.jpg?resize=800%2C598&#038;ssl=1\" alt=\"\" class=\"wp-image-394540\" srcset=\"https:\/\/i0.wp.com\/casadecampoliving.com\/wp-content\/uploads\/2022\/10\/painting_workshop-2.jpg?w=800&amp;ssl=1 800w, https:\/\/i0.wp.com\/casadecampoliving.com\/wp-content\/uploads\/2022\/10\/painting_workshop-2.jpg?resize=300%2C224&amp;ssl=1 300w, https:\/\/i0.wp.com\/casadecampoliving.com\/wp-content\/uploads\/2022\/10\/painting_workshop-2.jpg?resize=768%2C574&amp;ssl=1 768w, https:\/\/i0.wp.com\/casadecampoliving.com\/wp-content\/uploads\/2022\/10\/painting_workshop-2.jpg?resize=400%2C299&amp;ssl=1 400w, https:\/\/i0.wp.com\/casadecampoliving.com\/wp-content\/uploads\/2022\/10\/painting_workshop-2.jpg?resize=200%2C150&amp;ssl=1 200w, https:\/\/i0.wp.com\/casadecampoliving.com\/wp-content\/uploads\/2022\/10\/painting_workshop-2.jpg?resize=706%2C528&amp;ssl=1 706w, https:\/\/i0.wp.com\/casadecampoliving.com\/wp-content\/uploads\/2022\/10\/painting_workshop-2.jpg?resize=150%2C112&amp;ssl=1 150w, https:\/\/i0.wp.com\/casadecampoliving.com\/wp-content\/uploads\/2022\/10\/painting_workshop-2.jpg?w=370&amp;ssl=1 370w\" sizes=\"auto, (max-width: 800px) 100vw, 800px\" \/><\/figure>\n\n\n\n<figure class=\"wp-block-image size-large\"><img data-recalc-dims=\"1\" loading=\"lazy\" decoding=\"async\" width=\"448\" height=\"600\" data-id=\"394556\" src=\"https:\/\/i0.wp.com\/casadecampoliving.com\/wp-content\/uploads\/2022\/10\/painting_workshop1-2.jpg?resize=448%2C600&#038;ssl=1\" alt=\"\" class=\"wp-image-394556\" srcset=\"https:\/\/i0.wp.com\/casadecampoliving.com\/wp-content\/uploads\/2022\/10\/painting_workshop1-2.jpg?w=448&amp;ssl=1 448w, https:\/\/i0.wp.com\/casadecampoliving.com\/wp-content\/uploads\/2022\/10\/painting_workshop1-2.jpg?resize=224%2C300&amp;ssl=1 224w, https:\/\/i0.wp.com\/casadecampoliving.com\/wp-content\/uploads\/2022\/10\/painting_workshop1-2.jpg?resize=150%2C201&amp;ssl=1 150w, https:\/\/i0.wp.com\/casadecampoliving.com\/wp-content\/uploads\/2022\/10\/painting_workshop1-2.jpg?resize=400%2C536&amp;ssl=1 400w, https:\/\/i0.wp.com\/casadecampoliving.com\/wp-content\/uploads\/2022\/10\/painting_workshop1-2.jpg?w=370&amp;ssl=1 370w\" sizes=\"auto, (max-width: 448px) 100vw, 448px\" \/><\/figure>\n\n\n\n<figure class=\"wp-block-image size-large\"><img data-recalc-dims=\"1\" loading=\"lazy\" decoding=\"async\" width=\"800\" height=\"600\" data-id=\"394577\" src=\"https:\/\/i0.wp.com\/casadecampoliving.com\/wp-content\/uploads\/2022\/10\/romana_in_colors_workshop-2.jpg?resize=800%2C600&#038;ssl=1\" alt=\"\" class=\"wp-image-394577\" srcset=\"https:\/\/i0.wp.com\/casadecampoliving.com\/wp-content\/uploads\/2022\/10\/romana_in_colors_workshop-2.jpg?w=800&amp;ssl=1 800w, https:\/\/i0.wp.com\/casadecampoliving.com\/wp-content\/uploads\/2022\/10\/romana_in_colors_workshop-2.jpg?resize=300%2C225&amp;ssl=1 300w, https:\/\/i0.wp.com\/casadecampoliving.com\/wp-content\/uploads\/2022\/10\/romana_in_colors_workshop-2.jpg?resize=768%2C576&amp;ssl=1 768w, https:\/\/i0.wp.com\/casadecampoliving.com\/wp-content\/uploads\/2022\/10\/romana_in_colors_workshop-2.jpg?resize=400%2C300&amp;ssl=1 400w, https:\/\/i0.wp.com\/casadecampoliving.com\/wp-content\/uploads\/2022\/10\/romana_in_colors_workshop-2.jpg?resize=200%2C150&amp;ssl=1 200w, https:\/\/i0.wp.com\/casadecampoliving.com\/wp-content\/uploads\/2022\/10\/romana_in_colors_workshop-2.jpg?resize=706%2C530&amp;ssl=1 706w, https:\/\/i0.wp.com\/casadecampoliving.com\/wp-content\/uploads\/2022\/10\/romana_in_colors_workshop-2.jpg?resize=150%2C113&amp;ssl=1 150w, https:\/\/i0.wp.com\/casadecampoliving.com\/wp-content\/uploads\/2022\/10\/romana_in_colors_workshop-2.jpg?w=370&amp;ssl=1 370w\" sizes=\"auto, (max-width: 800px) 100vw, 800px\" \/><\/figure>\n<\/figure>\n<\/strong>","protected":false},"excerpt":{"rendered":"<p>Estando rodeado por paisajes tan hermosos es inevitable querer agarrar un pincel y pintarlo todo. Claro, luego nos acordamos que no sabemos como hacerlo y olvidamos por completo el asunto. Sin embargo este verano se tuvo la oportunidad de aprender a capturar la belleza de nuestros paisajes en el taller cultural de pintura \u00abRomana en [&hellip;]<\/p>\n","protected":false},"author":454,"featured_media":266997,"comment_status":"closed","ping_status":"closed","sticky":false,"template":"","format":"standard","meta":{"newspack_ads_suppress_ads":false,"newspack_popups_has_disabled_popups":false,"newspack_sponsor_sponsorship_scope":"","newspack_sponsor_native_byline_display":"inherit","newspack_sponsor_native_category_display":"inherit","newspack_sponsor_underwriter_style":"inherit","newspack_sponsor_underwriter_placement":"inherit","_newspack_byline_active":false,"_newspack_byline":"","newspack_hide_updated_date":false,"newspack_show_updated_date":false,"newspack_content_restriction_is_exempt":false,"newspack_featured_image_position":"","newspack_post_subtitle":"","newspack_article_summary_title":"Overview:","newspack_article_summary":"","_jetpack_memberships_contains_paid_content":false,"footnotes":"","jetpack_publicize_message":"","jetpack_publicize_feature_enabled":true,"jetpack_social_post_already_shared":false,"jetpack_social_options":{"image_generator_settings":{"template":"highway","default_image_id":0,"font":"","enabled":false},"version":2},"_wpas_customize_per_network":false},"categories":[26819,26823,2522,14625,14627],"tags":[7264,6342],"newspack_spnsrs_tax":[],"class_list":["post-342735","post","type-post","status-publish","format-standard","has-post-thumbnail","hentry","category-altos-de-chavon-es","category-arte-y-cultura","category-eventos-es","category-noticias-locales","category-proximamente","tag-fernando-varela-es","tag-taller-de-pintura","entry"],"yoast_head":"<!-- This site is optimized with the Yoast SEO plugin v27.5 - https:\/\/yoast.com\/product\/yoast-seo-wordpress\/ -->\n<title>&quot;Romana en colores&quot; - un taller lleno de inspiraci\u00f3n art\u00edstica | Casa de Campo Living<\/title>\n<meta name=\"description\" content=\"Estando rodeado por paisajes tan hermosos es inevitable querer agarrar un pincel y pintarlo todo. Claro, luego nos acordamos que no sabemos como hacerlo y\" \/>\n<meta name=\"robots\" content=\"index, follow, max-snippet:-1, max-image-preview:large, max-video-preview:-1\" \/>\n<link rel=\"canonical\" href=\"https:\/\/casadecampoliving.com\/es\/romana-en-colores-un-taller-lleno-de-inspiracion-artistica\/\" \/>\n<meta property=\"og:locale\" content=\"es_ES\" \/>\n<meta property=\"og:type\" content=\"article\" \/>\n<meta property=\"og:title\" content=\"&quot;Romana en colores&quot; - un taller lleno de inspiraci\u00f3n art\u00edstica | Casa de Campo Living\" \/>\n<meta property=\"og:description\" content=\"Estando rodeado por paisajes tan hermosos es inevitable querer agarrar un pincel y pintarlo todo. Claro, luego nos acordamos que no sabemos como hacerlo y\" \/>\n<meta property=\"og:url\" content=\"https:\/\/casadecampoliving.com\/es\/romana-en-colores-un-taller-lleno-de-inspiracion-artistica\/\" \/>\n<meta property=\"og:site_name\" content=\"Casa de Campo Living\" \/>\n<meta property=\"article:publisher\" content=\"https:\/\/www.facebook.com\/casadecampoliving\" \/>\n<meta property=\"article:published_time\" content=\"2013-08-24T04:00:00+00:00\" \/>\n<meta property=\"article:modified_time\" content=\"2022-11-10T14:46:29+00:00\" \/>\n<meta property=\"og:image\" content=\"https:\/\/i0.wp.com\/casadecampoliving.com\/wp-content\/uploads\/2022\/10\/painting_workshop-1.jpg?fit=960%2C717&ssl=1\" \/>\n\t<meta property=\"og:image:width\" content=\"960\" \/>\n\t<meta property=\"og:image:height\" content=\"717\" \/>\n\t<meta property=\"og:image:type\" content=\"image\/jpeg\" \/>\n<meta name=\"author\" content=\"Eliana Alba\" \/>\n<meta name=\"twitter:card\" content=\"summary_large_image\" \/>\n<meta name=\"twitter:creator\" content=\"@cdcliving\" \/>\n<meta name=\"twitter:site\" content=\"@cdcliving\" \/>\n<meta name=\"twitter:label1\" content=\"Escrito por\" \/>\n\t<meta name=\"twitter:data1\" content=\"Eliana Alba\" \/>\n\t<meta name=\"twitter:label2\" content=\"Tiempo de lectura\" \/>\n\t<meta name=\"twitter:data2\" content=\"2 minutos\" \/>\n<script type=\"application\/ld+json\" class=\"yoast-schema-graph\">{\"@context\":\"https:\\\/\\\/schema.org\",\"@graph\":[{\"@type\":\"Article\",\"@id\":\"https:\\\/\\\/casadecampoliving.com\\\/es\\\/romana-en-colores-un-taller-lleno-de-inspiracion-artistica\\\/#article\",\"isPartOf\":{\"@id\":\"https:\\\/\\\/casadecampoliving.com\\\/es\\\/romana-en-colores-un-taller-lleno-de-inspiracion-artistica\\\/\"},\"author\":{\"name\":\"Eliana Alba\",\"@id\":\"https:\\\/\\\/casadecampoliving.com\\\/es\\\/#\\\/schema\\\/person\\\/bd396a8f8ea621ed900f2d4a7407a3a2\"},\"headline\":\"\u00abRomana en colores\u00bb &#8211; un taller lleno de inspiraci\u00f3n art\u00edstica\",\"datePublished\":\"2013-08-24T04:00:00+00:00\",\"dateModified\":\"2022-11-10T14:46:29+00:00\",\"mainEntityOfPage\":{\"@id\":\"https:\\\/\\\/casadecampoliving.com\\\/es\\\/romana-en-colores-un-taller-lleno-de-inspiracion-artistica\\\/\"},\"wordCount\":350,\"publisher\":{\"@id\":\"https:\\\/\\\/casadecampoliving.com\\\/es\\\/#organization\"},\"image\":{\"@id\":\"https:\\\/\\\/casadecampoliving.com\\\/es\\\/romana-en-colores-un-taller-lleno-de-inspiracion-artistica\\\/#primaryimage\"},\"thumbnailUrl\":\"https:\\\/\\\/i0.wp.com\\\/casadecampoliving.com\\\/wp-content\\\/uploads\\\/2022\\\/10\\\/painting_workshop-1.jpg?fit=960%2C717&ssl=1\",\"keywords\":[\"fernando varela @es\",\"taller de pintura\"],\"articleSection\":[\"Altos de Chavon @es\",\"Arte y cultura\",\"Eventos\",\"Noticias Locales\",\"Proximamente\"],\"inLanguage\":\"es\"},{\"@type\":\"WebPage\",\"@id\":\"https:\\\/\\\/casadecampoliving.com\\\/es\\\/romana-en-colores-un-taller-lleno-de-inspiracion-artistica\\\/\",\"url\":\"https:\\\/\\\/casadecampoliving.com\\\/es\\\/romana-en-colores-un-taller-lleno-de-inspiracion-artistica\\\/\",\"name\":\"\\\"Romana en colores\\\" - un taller lleno de inspiraci\u00f3n art\u00edstica | Casa de Campo Living\",\"isPartOf\":{\"@id\":\"https:\\\/\\\/casadecampoliving.com\\\/es\\\/#website\"},\"primaryImageOfPage\":{\"@id\":\"https:\\\/\\\/casadecampoliving.com\\\/es\\\/romana-en-colores-un-taller-lleno-de-inspiracion-artistica\\\/#primaryimage\"},\"image\":{\"@id\":\"https:\\\/\\\/casadecampoliving.com\\\/es\\\/romana-en-colores-un-taller-lleno-de-inspiracion-artistica\\\/#primaryimage\"},\"thumbnailUrl\":\"https:\\\/\\\/i0.wp.com\\\/casadecampoliving.com\\\/wp-content\\\/uploads\\\/2022\\\/10\\\/painting_workshop-1.jpg?fit=960%2C717&ssl=1\",\"datePublished\":\"2013-08-24T04:00:00+00:00\",\"dateModified\":\"2022-11-10T14:46:29+00:00\",\"description\":\"Estando rodeado por paisajes tan hermosos es inevitable querer agarrar un pincel y pintarlo todo. Claro, luego nos acordamos que no sabemos como hacerlo y\",\"breadcrumb\":{\"@id\":\"https:\\\/\\\/casadecampoliving.com\\\/es\\\/romana-en-colores-un-taller-lleno-de-inspiracion-artistica\\\/#breadcrumb\"},\"inLanguage\":\"es\",\"potentialAction\":[{\"@type\":\"ReadAction\",\"target\":[\"https:\\\/\\\/casadecampoliving.com\\\/es\\\/romana-en-colores-un-taller-lleno-de-inspiracion-artistica\\\/\"]}]},{\"@type\":\"ImageObject\",\"inLanguage\":\"es\",\"@id\":\"https:\\\/\\\/casadecampoliving.com\\\/es\\\/romana-en-colores-un-taller-lleno-de-inspiracion-artistica\\\/#primaryimage\",\"url\":\"https:\\\/\\\/i0.wp.com\\\/casadecampoliving.com\\\/wp-content\\\/uploads\\\/2022\\\/10\\\/painting_workshop-1.jpg?fit=960%2C717&ssl=1\",\"contentUrl\":\"https:\\\/\\\/i0.wp.com\\\/casadecampoliving.com\\\/wp-content\\\/uploads\\\/2022\\\/10\\\/painting_workshop-1.jpg?fit=960%2C717&ssl=1\",\"width\":960,\"height\":717,\"caption\":\"painting workshop\"},{\"@type\":\"BreadcrumbList\",\"@id\":\"https:\\\/\\\/casadecampoliving.com\\\/es\\\/romana-en-colores-un-taller-lleno-de-inspiracion-artistica\\\/#breadcrumb\",\"itemListElement\":[{\"@type\":\"ListItem\",\"position\":1,\"name\":\"Home\",\"item\":\"https:\\\/\\\/casadecampoliving.com\\\/es\\\/\"},{\"@type\":\"ListItem\",\"position\":2,\"name\":\"&#8220;Romana en colores&#8221; &#8211; un taller lleno de inspiraci\u00f3n art\u00edstica\"}]},{\"@type\":\"WebSite\",\"@id\":\"https:\\\/\\\/casadecampoliving.com\\\/es\\\/#website\",\"url\":\"https:\\\/\\\/casadecampoliving.com\\\/es\\\/\",\"name\":\"Casa de Campo Living\",\"description\":\"Resort community news and resources.\",\"publisher\":{\"@id\":\"https:\\\/\\\/casadecampoliving.com\\\/es\\\/#organization\"},\"potentialAction\":[{\"@type\":\"SearchAction\",\"target\":{\"@type\":\"EntryPoint\",\"urlTemplate\":\"https:\\\/\\\/casadecampoliving.com\\\/es\\\/?s={search_term_string}\"},\"query-input\":{\"@type\":\"PropertyValueSpecification\",\"valueRequired\":true,\"valueName\":\"search_term_string\"}}],\"inLanguage\":\"es\"},{\"@type\":\"Organization\",\"@id\":\"https:\\\/\\\/casadecampoliving.com\\\/es\\\/#organization\",\"name\":\"Casa de Campo Living\",\"url\":\"https:\\\/\\\/casadecampoliving.com\\\/es\\\/\",\"logo\":{\"@type\":\"ImageObject\",\"inLanguage\":\"es\",\"@id\":\"https:\\\/\\\/casadecampoliving.com\\\/es\\\/#\\\/schema\\\/logo\\\/image\\\/\",\"url\":\"https:\\\/\\\/i0.wp.com\\\/casadecampoliving.com\\\/wp-content\\\/uploads\\\/2022\\\/07\\\/CDCLivingLogo_V1-white-sized.png?fit=800%2C214&ssl=1\",\"contentUrl\":\"https:\\\/\\\/i0.wp.com\\\/casadecampoliving.com\\\/wp-content\\\/uploads\\\/2022\\\/07\\\/CDCLivingLogo_V1-white-sized.png?fit=800%2C214&ssl=1\",\"width\":800,\"height\":214,\"caption\":\"Casa de Campo Living\"},\"image\":{\"@id\":\"https:\\\/\\\/casadecampoliving.com\\\/es\\\/#\\\/schema\\\/logo\\\/image\\\/\"},\"sameAs\":[\"https:\\\/\\\/www.facebook.com\\\/casadecampoliving\",\"https:\\\/\\\/x.com\\\/cdcliving\"]},{\"@type\":\"Person\",\"@id\":\"https:\\\/\\\/casadecampoliving.com\\\/es\\\/#\\\/schema\\\/person\\\/bd396a8f8ea621ed900f2d4a7407a3a2\",\"name\":\"Eliana Alba\",\"image\":{\"@type\":\"ImageObject\",\"inLanguage\":\"es\",\"@id\":\"https:\\\/\\\/secure.gravatar.com\\\/avatar\\\/9855856e733abb59c5985d70cc9f36d1c83420173446a782077af61c55fb0a9c?s=96&d=mm&r=g\",\"url\":\"https:\\\/\\\/secure.gravatar.com\\\/avatar\\\/9855856e733abb59c5985d70cc9f36d1c83420173446a782077af61c55fb0a9c?s=96&d=mm&r=g\",\"contentUrl\":\"https:\\\/\\\/secure.gravatar.com\\\/avatar\\\/9855856e733abb59c5985d70cc9f36d1c83420173446a782077af61c55fb0a9c?s=96&d=mm&r=g\",\"caption\":\"Eliana Alba\"},\"sameAs\":[\"https:\\\/\\\/casadecampoliving.com\"],\"url\":\"https:\\\/\\\/casadecampoliving.com\\\/es\\\/author\\\/ealba\\\/\"}]}<\/script>\n<!-- \/ Yoast SEO plugin. -->","yoast_head_json":{"title":"\"Romana en colores\" - un taller lleno de inspiraci\u00f3n art\u00edstica | Casa de Campo Living","description":"Estando rodeado por paisajes tan hermosos es inevitable querer agarrar un pincel y pintarlo todo. Claro, luego nos acordamos que no sabemos como hacerlo y","robots":{"index":"index","follow":"follow","max-snippet":"max-snippet:-1","max-image-preview":"max-image-preview:large","max-video-preview":"max-video-preview:-1"},"canonical":"https:\/\/casadecampoliving.com\/es\/romana-en-colores-un-taller-lleno-de-inspiracion-artistica\/","og_locale":"es_ES","og_type":"article","og_title":"\"Romana en colores\" - un taller lleno de inspiraci\u00f3n art\u00edstica | Casa de Campo Living","og_description":"Estando rodeado por paisajes tan hermosos es inevitable querer agarrar un pincel y pintarlo todo. Claro, luego nos acordamos que no sabemos como hacerlo y","og_url":"https:\/\/casadecampoliving.com\/es\/romana-en-colores-un-taller-lleno-de-inspiracion-artistica\/","og_site_name":"Casa de Campo Living","article_publisher":"https:\/\/www.facebook.com\/casadecampoliving","article_published_time":"2013-08-24T04:00:00+00:00","article_modified_time":"2022-11-10T14:46:29+00:00","og_image":[{"width":960,"height":717,"url":"https:\/\/i0.wp.com\/casadecampoliving.com\/wp-content\/uploads\/2022\/10\/painting_workshop-1.jpg?fit=960%2C717&ssl=1","type":"image\/jpeg"}],"author":"Eliana Alba","twitter_card":"summary_large_image","twitter_creator":"@cdcliving","twitter_site":"@cdcliving","twitter_misc":{"Escrito por":"Eliana Alba","Tiempo de lectura":"2 minutos"},"schema":{"@context":"https:\/\/schema.org","@graph":[{"@type":"Article","@id":"https:\/\/casadecampoliving.com\/es\/romana-en-colores-un-taller-lleno-de-inspiracion-artistica\/#article","isPartOf":{"@id":"https:\/\/casadecampoliving.com\/es\/romana-en-colores-un-taller-lleno-de-inspiracion-artistica\/"},"author":{"name":"Eliana Alba","@id":"https:\/\/casadecampoliving.com\/es\/#\/schema\/person\/bd396a8f8ea621ed900f2d4a7407a3a2"},"headline":"\u00abRomana en colores\u00bb &#8211; un taller lleno de inspiraci\u00f3n art\u00edstica","datePublished":"2013-08-24T04:00:00+00:00","dateModified":"2022-11-10T14:46:29+00:00","mainEntityOfPage":{"@id":"https:\/\/casadecampoliving.com\/es\/romana-en-colores-un-taller-lleno-de-inspiracion-artistica\/"},"wordCount":350,"publisher":{"@id":"https:\/\/casadecampoliving.com\/es\/#organization"},"image":{"@id":"https:\/\/casadecampoliving.com\/es\/romana-en-colores-un-taller-lleno-de-inspiracion-artistica\/#primaryimage"},"thumbnailUrl":"https:\/\/i0.wp.com\/casadecampoliving.com\/wp-content\/uploads\/2022\/10\/painting_workshop-1.jpg?fit=960%2C717&ssl=1","keywords":["fernando varela @es","taller de pintura"],"articleSection":["Altos de Chavon @es","Arte y cultura","Eventos","Noticias Locales","Proximamente"],"inLanguage":"es"},{"@type":"WebPage","@id":"https:\/\/casadecampoliving.com\/es\/romana-en-colores-un-taller-lleno-de-inspiracion-artistica\/","url":"https:\/\/casadecampoliving.com\/es\/romana-en-colores-un-taller-lleno-de-inspiracion-artistica\/","name":"\"Romana en colores\" - un taller lleno de inspiraci\u00f3n art\u00edstica | Casa de Campo Living","isPartOf":{"@id":"https:\/\/casadecampoliving.com\/es\/#website"},"primaryImageOfPage":{"@id":"https:\/\/casadecampoliving.com\/es\/romana-en-colores-un-taller-lleno-de-inspiracion-artistica\/#primaryimage"},"image":{"@id":"https:\/\/casadecampoliving.com\/es\/romana-en-colores-un-taller-lleno-de-inspiracion-artistica\/#primaryimage"},"thumbnailUrl":"https:\/\/i0.wp.com\/casadecampoliving.com\/wp-content\/uploads\/2022\/10\/painting_workshop-1.jpg?fit=960%2C717&ssl=1","datePublished":"2013-08-24T04:00:00+00:00","dateModified":"2022-11-10T14:46:29+00:00","description":"Estando rodeado por paisajes tan hermosos es inevitable querer agarrar un pincel y pintarlo todo. Claro, luego nos acordamos que no sabemos como hacerlo y","breadcrumb":{"@id":"https:\/\/casadecampoliving.com\/es\/romana-en-colores-un-taller-lleno-de-inspiracion-artistica\/#breadcrumb"},"inLanguage":"es","potentialAction":[{"@type":"ReadAction","target":["https:\/\/casadecampoliving.com\/es\/romana-en-colores-un-taller-lleno-de-inspiracion-artistica\/"]}]},{"@type":"ImageObject","inLanguage":"es","@id":"https:\/\/casadecampoliving.com\/es\/romana-en-colores-un-taller-lleno-de-inspiracion-artistica\/#primaryimage","url":"https:\/\/i0.wp.com\/casadecampoliving.com\/wp-content\/uploads\/2022\/10\/painting_workshop-1.jpg?fit=960%2C717&ssl=1","contentUrl":"https:\/\/i0.wp.com\/casadecampoliving.com\/wp-content\/uploads\/2022\/10\/painting_workshop-1.jpg?fit=960%2C717&ssl=1","width":960,"height":717,"caption":"painting workshop"},{"@type":"BreadcrumbList","@id":"https:\/\/casadecampoliving.com\/es\/romana-en-colores-un-taller-lleno-de-inspiracion-artistica\/#breadcrumb","itemListElement":[{"@type":"ListItem","position":1,"name":"Home","item":"https:\/\/casadecampoliving.com\/es\/"},{"@type":"ListItem","position":2,"name":"&#8220;Romana en colores&#8221; &#8211; un taller lleno de inspiraci\u00f3n art\u00edstica"}]},{"@type":"WebSite","@id":"https:\/\/casadecampoliving.com\/es\/#website","url":"https:\/\/casadecampoliving.com\/es\/","name":"Casa de Campo Living","description":"Resort community news and resources.","publisher":{"@id":"https:\/\/casadecampoliving.com\/es\/#organization"},"potentialAction":[{"@type":"SearchAction","target":{"@type":"EntryPoint","urlTemplate":"https:\/\/casadecampoliving.com\/es\/?s={search_term_string}"},"query-input":{"@type":"PropertyValueSpecification","valueRequired":true,"valueName":"search_term_string"}}],"inLanguage":"es"},{"@type":"Organization","@id":"https:\/\/casadecampoliving.com\/es\/#organization","name":"Casa de Campo Living","url":"https:\/\/casadecampoliving.com\/es\/","logo":{"@type":"ImageObject","inLanguage":"es","@id":"https:\/\/casadecampoliving.com\/es\/#\/schema\/logo\/image\/","url":"https:\/\/i0.wp.com\/casadecampoliving.com\/wp-content\/uploads\/2022\/07\/CDCLivingLogo_V1-white-sized.png?fit=800%2C214&ssl=1","contentUrl":"https:\/\/i0.wp.com\/casadecampoliving.com\/wp-content\/uploads\/2022\/07\/CDCLivingLogo_V1-white-sized.png?fit=800%2C214&ssl=1","width":800,"height":214,"caption":"Casa de Campo Living"},"image":{"@id":"https:\/\/casadecampoliving.com\/es\/#\/schema\/logo\/image\/"},"sameAs":["https:\/\/www.facebook.com\/casadecampoliving","https:\/\/x.com\/cdcliving"]},{"@type":"Person","@id":"https:\/\/casadecampoliving.com\/es\/#\/schema\/person\/bd396a8f8ea621ed900f2d4a7407a3a2","name":"Eliana Alba","image":{"@type":"ImageObject","inLanguage":"es","@id":"https:\/\/secure.gravatar.com\/avatar\/9855856e733abb59c5985d70cc9f36d1c83420173446a782077af61c55fb0a9c?s=96&d=mm&r=g","url":"https:\/\/secure.gravatar.com\/avatar\/9855856e733abb59c5985d70cc9f36d1c83420173446a782077af61c55fb0a9c?s=96&d=mm&r=g","contentUrl":"https:\/\/secure.gravatar.com\/avatar\/9855856e733abb59c5985d70cc9f36d1c83420173446a782077af61c55fb0a9c?s=96&d=mm&r=g","caption":"Eliana Alba"},"sameAs":["https:\/\/casadecampoliving.com"],"url":"https:\/\/casadecampoliving.com\/es\/author\/ealba\/"}]}},"parsely":{"version":"1.1.0","canonical_url":"https:\/\/casadecampoliving.com\/es\/romana-en-colores-un-taller-lleno-de-inspiracion-artistica\/","smart_links":{"inbound":0,"outbound":0},"traffic_boost_suggestions_count":0,"meta":{"@context":"https:\/\/schema.org","@type":"NewsArticle","headline":"\u00abRomana en colores\u00bb &#8211; un taller lleno de inspiraci\u00f3n art\u00edstica","url":"http:\/\/casadecampoliving.com\/es\/romana-en-colores-un-taller-lleno-de-inspiracion-artistica\/","mainEntityOfPage":{"@type":"WebPage","@id":"http:\/\/casadecampoliving.com\/es\/romana-en-colores-un-taller-lleno-de-inspiracion-artistica\/"},"thumbnailUrl":"https:\/\/i0.wp.com\/casadecampoliving.com\/wp-content\/uploads\/2022\/10\/painting_workshop-1.jpg?resize=150%2C150&ssl=1","image":{"@type":"ImageObject","url":"https:\/\/i0.wp.com\/casadecampoliving.com\/wp-content\/uploads\/2022\/10\/painting_workshop-1.jpg?fit=960%2C717&ssl=1"},"articleSection":"Altos de Chavon @es","author":[{"@type":"Person","name":"Eliana Alba"}],"creator":["Eliana Alba"],"publisher":{"@type":"Organization","name":"Casa de Campo Living","logo":"https:\/\/casadecampoliving.com\/wp-content\/uploads\/2022\/07\/CDCLivingLogo_V1-white-sized.png"},"keywords":["fernando varela @es","taller de pintura"],"dateCreated":"2013-08-24T04:00:00Z","datePublished":"2013-08-24T04:00:00Z","dateModified":"2022-11-10T14:46:29Z"},"rendered":"<script type=\"application\/ld+json\" class=\"wp-parsely-metadata\">{\"@context\":\"https:\\\/\\\/schema.org\",\"@type\":\"NewsArticle\",\"headline\":\"\\u00abRomana en colores\\u00bb &#8211; un taller lleno de inspiraci\\u00f3n art\\u00edstica\",\"url\":\"http:\\\/\\\/casadecampoliving.com\\\/es\\\/romana-en-colores-un-taller-lleno-de-inspiracion-artistica\\\/\",\"mainEntityOfPage\":{\"@type\":\"WebPage\",\"@id\":\"http:\\\/\\\/casadecampoliving.com\\\/es\\\/romana-en-colores-un-taller-lleno-de-inspiracion-artistica\\\/\"},\"thumbnailUrl\":\"https:\\\/\\\/i0.wp.com\\\/casadecampoliving.com\\\/wp-content\\\/uploads\\\/2022\\\/10\\\/painting_workshop-1.jpg?resize=150%2C150&ssl=1\",\"image\":{\"@type\":\"ImageObject\",\"url\":\"https:\\\/\\\/i0.wp.com\\\/casadecampoliving.com\\\/wp-content\\\/uploads\\\/2022\\\/10\\\/painting_workshop-1.jpg?fit=960%2C717&ssl=1\"},\"articleSection\":\"Altos de Chavon @es\",\"author\":[{\"@type\":\"Person\",\"name\":\"Eliana Alba\"}],\"creator\":[\"Eliana Alba\"],\"publisher\":{\"@type\":\"Organization\",\"name\":\"Casa de Campo Living\",\"logo\":\"https:\\\/\\\/casadecampoliving.com\\\/wp-content\\\/uploads\\\/2022\\\/07\\\/CDCLivingLogo_V1-white-sized.png\"},\"keywords\":[\"fernando varela @es\",\"taller de pintura\"],\"dateCreated\":\"2013-08-24T04:00:00Z\",\"datePublished\":\"2013-08-24T04:00:00Z\",\"dateModified\":\"2022-11-10T14:46:29Z\"}<\/script>","tracker_url":"https:\/\/cdn.parsely.com\/keys\/casadecampoliving.com\/p.js"},"jetpack_publicize_connections":[],"jetpack_featured_media_url":"https:\/\/i0.wp.com\/casadecampoliving.com\/wp-content\/uploads\/2022\/10\/painting_workshop-1.jpg?fit=960%2C717&ssl=1","jetpack-related-posts":[{"id":348315,"url":"https:\/\/casadecampoliving.com\/es\/el-taller-de-pintura-que-trajo-a-casa-de-campo-de-vuelta-a-la-vida\/","url_meta":{"origin":342735,"position":0},"title":"Taller de pintura que trajo a Casa de Campo de vuelta a la vida","author":"Perkin Agramonte","date":"25 Sep, 2015","format":false,"excerpt":"Por tercer\u00a0a\u00f1o consecutivo un grupo de damas de diferentes pa\u00edses se reunieron en Casa de Campo para el taller de pintura \"Romana in Colors\" con el fin de capturar algunos de los momento m\u00e1s bellos de este para\u00edso tropical a trav\u00e9s de la pintura. Este taller anual \"Romana in Colors\"\u2026","rel":"","context":"En \u00abAltos de Chavon @es\u00bb","block_context":{"text":"Altos de Chavon @es","link":"https:\/\/casadecampoliving.com\/category\/altos-de-chavon-es\/"},"img":{"alt_text":"","src":"https:\/\/i0.wp.com\/casadecampoliving.com\/wp-content\/uploads\/2022\/10\/IMG_0983-1-scaled.jpg?fit=1200%2C900&ssl=1&resize=350%2C200","width":350,"height":200,"srcset":"https:\/\/i0.wp.com\/casadecampoliving.com\/wp-content\/uploads\/2022\/10\/IMG_0983-1-scaled.jpg?fit=1200%2C900&ssl=1&resize=350%2C200 1x, https:\/\/i0.wp.com\/casadecampoliving.com\/wp-content\/uploads\/2022\/10\/IMG_0983-1-scaled.jpg?fit=1200%2C900&ssl=1&resize=525%2C300 1.5x, https:\/\/i0.wp.com\/casadecampoliving.com\/wp-content\/uploads\/2022\/10\/IMG_0983-1-scaled.jpg?fit=1200%2C900&ssl=1&resize=700%2C400 2x, https:\/\/i0.wp.com\/casadecampoliving.com\/wp-content\/uploads\/2022\/10\/IMG_0983-1-scaled.jpg?fit=1200%2C900&ssl=1&resize=1050%2C600 3x"},"classes":[]},{"id":344566,"url":"https:\/\/casadecampoliving.com\/es\/taller-romana-colors-un-gran-exito\/","url_meta":{"origin":342735,"position":1},"title":"Taller \u00abRomana in Colors\u00bb un gran \u00e9xito","author":"Eliana Alba","date":"11 Jun, 2014","format":false,"excerpt":"Mi manera favorita de inmortalizar momentos siempre ha sido la fotograf\u00eda, sin embargo hay algo m\u00e1gico sobre las pinturas, con pinturas es como si cada trazo cuenta la historia de como te hizo sentir lo que inspir\u00f3 la pintura; es m\u00e1s profundo, m\u00e1s intrigante. Al entrar el verano y los\u2026","rel":"","context":"En \u00abArte y cultura\u00bb","block_context":{"text":"Arte y cultura","link":"https:\/\/casadecampoliving.com\/category\/arte-y-cultura\/"},"img":{"alt_text":"","src":"https:\/\/i0.wp.com\/casadecampoliving.com\/wp-content\/uploads\/2022\/10\/IMG_1886-1-e1402406443235-1.jpg?fit=650%2C488&ssl=1&resize=350%2C200","width":350,"height":200,"srcset":"https:\/\/i0.wp.com\/casadecampoliving.com\/wp-content\/uploads\/2022\/10\/IMG_1886-1-e1402406443235-1.jpg?fit=650%2C488&ssl=1&resize=350%2C200 1x, https:\/\/i0.wp.com\/casadecampoliving.com\/wp-content\/uploads\/2022\/10\/IMG_1886-1-e1402406443235-1.jpg?fit=650%2C488&ssl=1&resize=525%2C300 1.5x"},"classes":[]},{"id":347379,"url":"https:\/\/casadecampoliving.com\/es\/taller-de-pintura-romana-in-colors-vuelve-a-casa-de-campo\/","url_meta":{"origin":342735,"position":2},"title":"\u00a1Taller de pintura Romana in Colors vuelve a Casa de Campo!","author":"Felix Guerrero","date":"15 May, 2015","format":false,"excerpt":"\u00a1El verano est\u00e1 casi aqu\u00ed, lo que significa que vuelve el taller de pintura Romana in Colors! Ya han pasado dos a\u00f1os desde la primera edici\u00f3n del taller de pintura anual Romana in Colors, en el cual fuimos sorprendidos con el incre\u00edble talento oculto dentro de nuestra maravillosa comunidad de\u2026","rel":"","context":"En \u00abArte y cultura\u00bb","block_context":{"text":"Arte y cultura","link":"https:\/\/casadecampoliving.com\/category\/arte-y-cultura\/"},"img":{"alt_text":"Hilarie Lambert Breakfast Meeting","src":"https:\/\/i0.wp.com\/casadecampoliving.com\/wp-content\/uploads\/2022\/10\/Hilarie_Lambert_Header_BreakfastMeeting-1.jpg?fit=659%2C432&ssl=1&resize=350%2C200","width":350,"height":200,"srcset":"https:\/\/i0.wp.com\/casadecampoliving.com\/wp-content\/uploads\/2022\/10\/Hilarie_Lambert_Header_BreakfastMeeting-1.jpg?fit=659%2C432&ssl=1&resize=350%2C200 1x, https:\/\/i0.wp.com\/casadecampoliving.com\/wp-content\/uploads\/2022\/10\/Hilarie_Lambert_Header_BreakfastMeeting-1.jpg?fit=659%2C432&ssl=1&resize=525%2C300 1.5x"},"classes":[]},{"id":341269,"url":"https:\/\/casadecampoliving.com\/es\/sea-creativo-en-casa-de-campo-romana-in-colors-un-taller-de-pintura-de-dos-dias-8-y-9-de-agosto\/","url_meta":{"origin":342735,"position":3},"title":"\u00a1Sea creativo en Casa de Campo! \u00abRomana in Colors\u00bb, un taller de pintura de dos d\u00edas (8 y 9 de agosto)","author":"Mairobi Herrera","date":"5 May, 2013","format":false,"excerpt":"\u00bfPor qu\u00e9 no intentar algo un poco diferente este\u00a0verano? \u00a0\u201cRomana in Colors\u201d es un curso de pintura de dos d\u00edas con la reconocida artista Jane Slivka, el cual es adecuado para principiantes as\u00ed como para \u00a0pintores m\u00e1s avanzados \u2013 y se lleva a cabo aqu\u00ed en el resort Casa de\u2026","rel":"","context":"En \u00abArte y cultura\u00bb","block_context":{"text":"Arte y cultura","link":"https:\/\/casadecampoliving.com\/category\/arte-y-cultura\/"},"img":{"alt_text":"romana in colors","src":"https:\/\/i0.wp.com\/casadecampoliving.com\/wp-content\/uploads\/2022\/10\/Romana-in-colors1-1.jpg?fit=650%2C350&ssl=1&resize=350%2C200","width":350,"height":200,"srcset":"https:\/\/i0.wp.com\/casadecampoliving.com\/wp-content\/uploads\/2022\/10\/Romana-in-colors1-1.jpg?fit=650%2C350&ssl=1&resize=350%2C200 1x, https:\/\/i0.wp.com\/casadecampoliving.com\/wp-content\/uploads\/2022\/10\/Romana-in-colors1-1.jpg?fit=650%2C350&ssl=1&resize=525%2C300 1.5x"},"classes":[]},{"id":342540,"url":"https:\/\/casadecampoliving.com\/es\/taller-de-pintura-y-taller-cultural-romana-in-colors-del-1-10-de-agosto\/","url_meta":{"origin":342735,"position":4},"title":"Taller de pintura y taller cultural \u00abRomana in Colors\u00bb: del 1-10 de agosto","author":"Mairobi Herrera","date":"19 Jul, 2013","format":false,"excerpt":"En mayo se anunci\u00f3 el curso de pintura \u201cRomana in Colors\u201d, pero ahora despu\u00e9s de haber recibido tantos solicitantes del extranjero, Carmen Sone, propietaria de villa de Casa de Campo y quien organiza el evento, ha reestructurado la actividad para que sea un \u201ctaller cultural y de pintura\u201d, que ahora\u2026","rel":"","context":"En \u00abArte y cultura\u00bb","block_context":{"text":"Arte y cultura","link":"https:\/\/casadecampoliving.com\/category\/arte-y-cultura\/"},"img":{"alt_text":"jane silvka art","src":"https:\/\/i0.wp.com\/casadecampoliving.com\/wp-content\/uploads\/2022\/10\/jane_slivka_art-1.jpg?fit=650%2C433&ssl=1&resize=350%2C200","width":350,"height":200,"srcset":"https:\/\/i0.wp.com\/casadecampoliving.com\/wp-content\/uploads\/2022\/10\/jane_slivka_art-1.jpg?fit=650%2C433&ssl=1&resize=350%2C200 1x, https:\/\/i0.wp.com\/casadecampoliving.com\/wp-content\/uploads\/2022\/10\/jane_slivka_art-1.jpg?fit=650%2C433&ssl=1&resize=525%2C300 1.5x"},"classes":[]},{"id":350325,"url":"https:\/\/casadecampoliving.com\/es\/nuevos-cursos-chavon-verano-internacional-15-de-agosto\/","url_meta":{"origin":342735,"position":5},"title":"\u00a1No se pierdan los nuevos cursos de Chav\u00f3n Verano Internacional en Arte &#038; Cine que comienzan el 15 de agosto!","author":"Marlenys Guzm\u00e1n Casta\u00f1os","date":"6 Ago, 2016","format":false,"excerpt":"\u00a1Un nuevo mes trae consigo nuevos cursos\u00a0de Chav\u00f3n Verano Internacional! La mayor\u00eda de ustedes saben que la Escuela de Dise\u00f1o de aqu\u00ed en Altos de Chav\u00f3n estar\u00e1 ofreciendo una nueva carrera de este nuevo a\u00f1o\u00a0que se centra en cine. Stephen Kaplan, director de la escuela, habl\u00f3 de esto hace un\u2026","rel":"","context":"En \u00abAltos de Chavon @es\u00bb","block_context":{"text":"Altos de Chavon @es","link":"https:\/\/casadecampoliving.com\/category\/altos-de-chavon-es\/"},"img":{"alt_text":"Chav\u00f3n School of Design","src":"https:\/\/i0.wp.com\/casadecampoliving.com\/wp-content\/uploads\/2022\/10\/Chavon_School_of_Design_film.jpg?fit=1000%2C582&ssl=1&resize=350%2C200","width":350,"height":200,"srcset":"https:\/\/i0.wp.com\/casadecampoliving.com\/wp-content\/uploads\/2022\/10\/Chavon_School_of_Design_film.jpg?fit=1000%2C582&ssl=1&resize=350%2C200 1x, https:\/\/i0.wp.com\/casadecampoliving.com\/wp-content\/uploads\/2022\/10\/Chavon_School_of_Design_film.jpg?fit=1000%2C582&ssl=1&resize=525%2C300 1.5x, https:\/\/i0.wp.com\/casadecampoliving.com\/wp-content\/uploads\/2022\/10\/Chavon_School_of_Design_film.jpg?fit=1000%2C582&ssl=1&resize=700%2C400 2x"},"classes":[]}],"jetpack_sharing_enabled":true,"_links":{"self":[{"href":"https:\/\/casadecampoliving.com\/es\/wp-json\/wp\/v2\/posts\/342735","targetHints":{"allow":["GET"]}}],"collection":[{"href":"https:\/\/casadecampoliving.com\/es\/wp-json\/wp\/v2\/posts"}],"about":[{"href":"https:\/\/casadecampoliving.com\/es\/wp-json\/wp\/v2\/types\/post"}],"author":[{"embeddable":true,"href":"https:\/\/casadecampoliving.com\/es\/wp-json\/wp\/v2\/users\/454"}],"replies":[{"embeddable":true,"href":"https:\/\/casadecampoliving.com\/es\/wp-json\/wp\/v2\/comments?post=342735"}],"version-history":[{"count":2,"href":"https:\/\/casadecampoliving.com\/es\/wp-json\/wp\/v2\/posts\/342735\/revisions"}],"predecessor-version":[{"id":510128,"href":"https:\/\/casadecampoliving.com\/es\/wp-json\/wp\/v2\/posts\/342735\/revisions\/510128"}],"wp:featuredmedia":[{"embeddable":true,"href":"https:\/\/casadecampoliving.com\/es\/wp-json\/wp\/v2\/media\/266997"}],"wp:attachment":[{"href":"https:\/\/casadecampoliving.com\/es\/wp-json\/wp\/v2\/media?parent=342735"}],"wp:term":[{"taxonomy":"category","embeddable":true,"href":"https:\/\/casadecampoliving.com\/es\/wp-json\/wp\/v2\/categories?post=342735"},{"taxonomy":"post_tag","embeddable":true,"href":"https:\/\/casadecampoliving.com\/es\/wp-json\/wp\/v2\/tags?post=342735"},{"taxonomy":"newspack_spnsrs_tax","embeddable":true,"href":"https:\/\/casadecampoliving.com\/es\/wp-json\/wp\/v2\/newspack_spnsrs_tax?post=342735"}],"curies":[{"name":"wp","href":"https:\/\/api.w.org\/{rel}","templated":true}]}}