{"id":342690,"date":"2013-08-18T00:00:00","date_gmt":"2013-08-18T04:00:00","guid":{"rendered":"https:\/\/casadecampoliving.com\/chef-luca-banfi-nombrado-chef-ejecutivo-de-il-circo-abu-dhabi-en-se-busca-chef\/"},"modified":"2022-10-21T18:52:27","modified_gmt":"2022-10-21T22:52:27","slug":"chef-luca-banfi-nombrado-chef-ejecutivo-de-il-circo-abu-dhabi-en-se-busca-chef","status":"publish","type":"post","link":"https:\/\/casadecampoliving.com\/es\/chef-luca-banfi-nombrado-chef-ejecutivo-de-il-circo-abu-dhabi-en-se-busca-chef\/","title":{"rendered":"Chef Luca Banfi nombrado Chef Ejecutivo de Il Circo Abu Dhabi en \u00abChef Wanted\u00bb"},"content":{"rendered":"<div class=\"wp-block-image\">\n<figure class=\"aligncenter is-resized\"><img loading=\"lazy\" decoding=\"async\" src=\"https:\/\/i0.wp.com\/casadecampoliving.com\/wp-content\/uploads\/2022\/10\/chef_luca_banfi2.jpg?resize=650%2C369&amp;ssl=1\" alt=\"chef luca banfi\" class=\"wp-image-75837\" title=\"chef_luca_banfi\" height=\"369\" width=\"650\"\/><\/figure>\n<\/div>\n\n\n<p>Chef Luca Banfi trabaj\u00f3 en Casa de Campo los pasado \u00faltimo dos a\u00f1os, y ahora luego de su debut en el reality show \u201cChef Wanted with Anne Burrel\u201d, nuestro chef favorito ha sido nombrado el nuevo Chef Ejecutivo de Il Circo Abu Dhabi \u2013 el primer restaurante de Le Cirque en el Medio Oriente.<\/p>\n\n\n\n<!--more-->\n\n\n<div class=\"wp-block-image\">\n<figure class=\"alignright is-resized\"><img loading=\"lazy\" decoding=\"async\" src=\"https:\/\/i0.wp.com\/casadecampoliving.com\/wp-content\/uploads\/2022\/10\/chef_luca_banfi3.jpg?resize=270%2C275&amp;ssl=1\" alt=\"chef luca banfi\" class=\"wp-image-75839\" title=\"chef_luca_banfi\" height=\"275\" width=\"270\"\/><\/figure>\n<\/div>\n\n\n<p>\u00a1El show sali\u00f3 al aire el pasado jueves 8 de agosto en el Food Network y fue espectacular! No siendo gran fan\u00e1tica de los reality shows\u2026me sorprendi\u00f3 encontrarme no solamente enganchada, pero conmovida hasta con l\u00e1grimas al ver la lucha de Luca para ganarse este nuevo empleo.<\/p>\n\n\n\n<p><em><strong>\u201cNo hay manera que me vaya de aqu\u00ed sin este trabajo\u201d,&nbsp;<\/strong><\/em>declar\u00f3 Luca ante las c\u00e1maras incluso antes de la primera tarea.&nbsp;<strong>\u201cBusco la oportunidad de mostrar mi personalidad a trav\u00e9s de la comida, literalmente me siento que nac\u00ed para este trabajo,\u201d <\/strong>continu\u00f3 Luca poco despu\u00e9s de que ya se comenzara a cocinar.<\/p>\n\n\n\n<p>Y as\u00ed empezaron los emocionantes 40 minutos del show, todo una monta\u00f1a rusa, en el cual Luca y otros tres competidores deb\u00edan llevar a cabo una serie de tareas bajo los ojos (y paladares) cr\u00edticos de Anne Burrel, Carlo Mantica y Mauro Maccioni. En la primera tarea; reinventar el \u201cPaupiette de Lubina\u201d, Luca se esmer\u00f3 con una deliciosa creaci\u00f3n inspirada por Rep\u00fablica Dominicana al utilizar pl\u00e1tano en vez de papas y una salsa de coco.<\/p>\n\n\n<div class=\"wp-block-image\">\n<figure class=\"aligncenter is-resized\"><img loading=\"lazy\" decoding=\"async\" src=\"https:\/\/i0.wp.com\/casadecampoliving.com\/wp-content\/uploads\/2022\/10\/paupiette_plantain.jpg?resize=650%2C365&amp;ssl=1\" alt=\"paupiette plantain\" class=\"wp-image-75838\" title=\"paupiette_plantain\" height=\"365\" width=\"650\"\/><\/figure>\n<\/div>\n\n\n<p>Desde entonces el desempe\u00f1o de Luca fue cada vez mejor (con solo unos cuantos imprevistos), culminando con una muy satisfecha Mama Egi (esa es la Sra. Maccioni), quien en medio de un Le Cirque un tanto ocupado orden\u00f3 una \u201cTernera Piccata\u201d (lo cual no estaba en el men\u00fa), que gracias a las habilidades de Luca fue declarado como <strong>\u201cmuy, muy bueno.\u201d<\/strong><\/p>\n\n\n\n<p>Cuando lleg\u00f3 el momento de anunciar a Luca como el ganador, la felicidad era tanta que hasta l\u00e1grimas hubo, lo cuales fueron seguidas por abrazos de parte de todos \u2013 y una particularmente especial de parte de la misma Sra. Maccioni, quien lo ayud\u00f3 a ponerse su nueva chaqueta de chef, mientras en el fondo se escuch\u00f3 a alguien gritar <strong>\u201c\u00a1bienvenido a la familia!\u201d&nbsp;<\/strong><strong><em>&nbsp;<\/em><\/strong><\/p>\n\n\n\n<p><strong>\u00bfListos para ver a Luca en acci\u00f3n? <a href=\"https:\/\/docs.google.com\/a\/casadecampoliving.com\/file\/d\/0B6L5ntRny6OgeUgxVXJNdlNzUTg\/edit\" target=\"_blank\" rel=\"noopener\">\u00a1CLIQUEE AQU\u00cd PARA VER EL VIDEO!<\/a><\/strong><\/p>\n\n\n\n<p><strong>\u00a1Felicidades Luca!&nbsp;<\/strong><\/p>\n","protected":false},"excerpt":{"rendered":"<p>Chef Luca Banfi trabaj\u00f3 en Casa de Campo los pasado \u00faltimo dos a\u00f1os, y ahora luego de su debut en el reality show \u201cChef Wanted with Anne Burrel\u201d, nuestro chef favorito ha sido nombrado el nuevo Chef Ejecutivo de Il Circo Abu Dhabi \u2013 el primer restaurante de Le Cirque en el Medio Oriente.<\/p>\n","protected":false},"author":454,"featured_media":264679,"comment_status":"closed","ping_status":"closed","sticky":false,"template":"","format":"standard","meta":{"newspack_ads_suppress_ads":false,"newspack_popups_has_disabled_popups":false,"newspack_sponsor_sponsorship_scope":"","newspack_sponsor_native_byline_display":"inherit","newspack_sponsor_native_category_display":"inherit","newspack_sponsor_underwriter_style":"inherit","newspack_sponsor_underwriter_placement":"inherit","_newspack_byline_active":false,"_newspack_byline":"","newspack_hide_updated_date":false,"newspack_show_updated_date":false,"newspack_content_restriction_is_exempt":false,"newspack_featured_image_position":"","newspack_post_subtitle":"","newspack_article_summary_title":"Overview:","newspack_article_summary":"","_jetpack_memberships_contains_paid_content":false,"footnotes":"","jetpack_publicize_message":"","jetpack_publicize_feature_enabled":true,"jetpack_social_post_already_shared":false,"jetpack_social_options":{"image_generator_settings":{"template":"highway","default_image_id":0,"font":"","enabled":false},"version":2},"_wpas_customize_per_network":false},"categories":[2513,14629,2524,14631,2506,14625,2520],"tags":[7247,7290,7291],"newspack_spnsrs_tax":[],"class_list":["post-342690","post","type-post","status-publish","format-standard","has-post-thumbnail","hentry","category-celebridades-es","category-comidas-bebidas","category-destacados","category-estilo-de-vida","category-mas-alla-de-casa-es","category-noticias-locales","category-restaurantes-es","tag-abu-dhabi","tag-le-cirque-es","tag-new-york-es","entry"],"yoast_head":"<!-- This site is optimized with the Yoast SEO plugin v27.4 - https:\/\/yoast.com\/product\/yoast-seo-wordpress\/ -->\n<title>Chef Luca Banfi nombrado Chef Ejecutivo de Il Circo Abu Dhabi en &quot;Chef Wanted&quot; | Casa de Campo Living<\/title>\n<meta name=\"description\" content=\"Chef Luca Banfi trabaj\u00f3 en Casa de Campo los pasado \u00faltimo dos a\u00f1os, y ahora luego de su debut en el reality show \u201cChef Wanted with Anne Burrel\u201d, nuestro\" \/>\n<meta name=\"robots\" content=\"index, follow, max-snippet:-1, max-image-preview:large, max-video-preview:-1\" \/>\n<link rel=\"canonical\" href=\"https:\/\/casadecampoliving.com\/es\/chef-luca-banfi-nombrado-chef-ejecutivo-de-il-circo-abu-dhabi-en-se-busca-chef\/\" \/>\n<meta property=\"og:locale\" content=\"es_ES\" \/>\n<meta property=\"og:type\" content=\"article\" \/>\n<meta property=\"og:title\" content=\"Chef Luca Banfi nombrado Chef Ejecutivo de Il Circo Abu Dhabi en &quot;Chef Wanted&quot; | Casa de Campo Living\" \/>\n<meta property=\"og:description\" content=\"Chef Luca Banfi trabaj\u00f3 en Casa de Campo los pasado \u00faltimo dos a\u00f1os, y ahora luego de su debut en el reality show \u201cChef Wanted with Anne Burrel\u201d, nuestro\" \/>\n<meta property=\"og:url\" content=\"https:\/\/casadecampoliving.com\/es\/chef-luca-banfi-nombrado-chef-ejecutivo-de-il-circo-abu-dhabi-en-se-busca-chef\/\" \/>\n<meta property=\"og:site_name\" content=\"Casa de Campo Living\" \/>\n<meta property=\"article:publisher\" content=\"https:\/\/www.facebook.com\/casadecampoliving\" \/>\n<meta property=\"article:published_time\" content=\"2013-08-18T04:00:00+00:00\" \/>\n<meta property=\"article:modified_time\" content=\"2022-10-21T22:52:27+00:00\" \/>\n<meta property=\"og:image\" content=\"https:\/\/i0.wp.com\/casadecampoliving.com\/wp-content\/uploads\/2022\/10\/chef_luca_banfi2-1.jpg?fit=650%2C369&ssl=1\" \/>\n\t<meta property=\"og:image:width\" content=\"650\" \/>\n\t<meta property=\"og:image:height\" content=\"369\" \/>\n\t<meta property=\"og:image:type\" content=\"image\/jpeg\" \/>\n<meta name=\"author\" content=\"Eliana Alba\" \/>\n<meta name=\"twitter:card\" content=\"summary_large_image\" \/>\n<meta name=\"twitter:creator\" content=\"@cdcliving\" \/>\n<meta name=\"twitter:site\" content=\"@cdcliving\" \/>\n<meta name=\"twitter:label1\" content=\"Escrito por\" \/>\n\t<meta name=\"twitter:data1\" content=\"Eliana Alba\" \/>\n\t<meta name=\"twitter:label2\" content=\"Tiempo de lectura\" \/>\n\t<meta name=\"twitter:data2\" content=\"2 minutos\" \/>\n<script type=\"application\/ld+json\" class=\"yoast-schema-graph\">{\"@context\":\"https:\\\/\\\/schema.org\",\"@graph\":[{\"@type\":\"Article\",\"@id\":\"https:\\\/\\\/casadecampoliving.com\\\/es\\\/chef-luca-banfi-nombrado-chef-ejecutivo-de-il-circo-abu-dhabi-en-se-busca-chef\\\/#article\",\"isPartOf\":{\"@id\":\"https:\\\/\\\/casadecampoliving.com\\\/es\\\/chef-luca-banfi-nombrado-chef-ejecutivo-de-il-circo-abu-dhabi-en-se-busca-chef\\\/\"},\"author\":{\"name\":\"Eliana Alba\",\"@id\":\"https:\\\/\\\/casadecampoliving.com\\\/es\\\/#\\\/schema\\\/person\\\/bd396a8f8ea621ed900f2d4a7407a3a2\"},\"headline\":\"Chef Luca Banfi nombrado Chef Ejecutivo de Il Circo Abu Dhabi en \u00abChef Wanted\u00bb\",\"datePublished\":\"2013-08-18T04:00:00+00:00\",\"dateModified\":\"2022-10-21T22:52:27+00:00\",\"mainEntityOfPage\":{\"@id\":\"https:\\\/\\\/casadecampoliving.com\\\/es\\\/chef-luca-banfi-nombrado-chef-ejecutivo-de-il-circo-abu-dhabi-en-se-busca-chef\\\/\"},\"wordCount\":400,\"publisher\":{\"@id\":\"https:\\\/\\\/casadecampoliving.com\\\/es\\\/#organization\"},\"image\":{\"@id\":\"https:\\\/\\\/casadecampoliving.com\\\/es\\\/chef-luca-banfi-nombrado-chef-ejecutivo-de-il-circo-abu-dhabi-en-se-busca-chef\\\/#primaryimage\"},\"thumbnailUrl\":\"https:\\\/\\\/i0.wp.com\\\/casadecampoliving.com\\\/wp-content\\\/uploads\\\/2022\\\/10\\\/chef_luca_banfi2-1.jpg?fit=650%2C369&ssl=1\",\"keywords\":[\"abu dhabi\",\"le cirque @es\",\"new york @es\"],\"articleSection\":[\"Celebridades\",\"Comidas &amp; Bebidas\",\"Destacados\",\"Estilo de Vida\",\"M\u00e1s all\u00e1 de Casa\",\"Noticias Locales\",\"Restaurantes\"],\"inLanguage\":\"es\"},{\"@type\":\"WebPage\",\"@id\":\"https:\\\/\\\/casadecampoliving.com\\\/es\\\/chef-luca-banfi-nombrado-chef-ejecutivo-de-il-circo-abu-dhabi-en-se-busca-chef\\\/\",\"url\":\"https:\\\/\\\/casadecampoliving.com\\\/es\\\/chef-luca-banfi-nombrado-chef-ejecutivo-de-il-circo-abu-dhabi-en-se-busca-chef\\\/\",\"name\":\"Chef Luca Banfi nombrado Chef Ejecutivo de Il Circo Abu Dhabi en \\\"Chef Wanted\\\" | Casa de Campo Living\",\"isPartOf\":{\"@id\":\"https:\\\/\\\/casadecampoliving.com\\\/es\\\/#website\"},\"primaryImageOfPage\":{\"@id\":\"https:\\\/\\\/casadecampoliving.com\\\/es\\\/chef-luca-banfi-nombrado-chef-ejecutivo-de-il-circo-abu-dhabi-en-se-busca-chef\\\/#primaryimage\"},\"image\":{\"@id\":\"https:\\\/\\\/casadecampoliving.com\\\/es\\\/chef-luca-banfi-nombrado-chef-ejecutivo-de-il-circo-abu-dhabi-en-se-busca-chef\\\/#primaryimage\"},\"thumbnailUrl\":\"https:\\\/\\\/i0.wp.com\\\/casadecampoliving.com\\\/wp-content\\\/uploads\\\/2022\\\/10\\\/chef_luca_banfi2-1.jpg?fit=650%2C369&ssl=1\",\"datePublished\":\"2013-08-18T04:00:00+00:00\",\"dateModified\":\"2022-10-21T22:52:27+00:00\",\"description\":\"Chef Luca Banfi trabaj\u00f3 en Casa de Campo los pasado \u00faltimo dos a\u00f1os, y ahora luego de su debut en el reality show \u201cChef Wanted with Anne Burrel\u201d, nuestro\",\"breadcrumb\":{\"@id\":\"https:\\\/\\\/casadecampoliving.com\\\/es\\\/chef-luca-banfi-nombrado-chef-ejecutivo-de-il-circo-abu-dhabi-en-se-busca-chef\\\/#breadcrumb\"},\"inLanguage\":\"es\",\"potentialAction\":[{\"@type\":\"ReadAction\",\"target\":[\"https:\\\/\\\/casadecampoliving.com\\\/es\\\/chef-luca-banfi-nombrado-chef-ejecutivo-de-il-circo-abu-dhabi-en-se-busca-chef\\\/\"]}]},{\"@type\":\"ImageObject\",\"inLanguage\":\"es\",\"@id\":\"https:\\\/\\\/casadecampoliving.com\\\/es\\\/chef-luca-banfi-nombrado-chef-ejecutivo-de-il-circo-abu-dhabi-en-se-busca-chef\\\/#primaryimage\",\"url\":\"https:\\\/\\\/i0.wp.com\\\/casadecampoliving.com\\\/wp-content\\\/uploads\\\/2022\\\/10\\\/chef_luca_banfi2-1.jpg?fit=650%2C369&ssl=1\",\"contentUrl\":\"https:\\\/\\\/i0.wp.com\\\/casadecampoliving.com\\\/wp-content\\\/uploads\\\/2022\\\/10\\\/chef_luca_banfi2-1.jpg?fit=650%2C369&ssl=1\",\"width\":650,\"height\":369,\"caption\":\"chef luca banfi\"},{\"@type\":\"BreadcrumbList\",\"@id\":\"https:\\\/\\\/casadecampoliving.com\\\/es\\\/chef-luca-banfi-nombrado-chef-ejecutivo-de-il-circo-abu-dhabi-en-se-busca-chef\\\/#breadcrumb\",\"itemListElement\":[{\"@type\":\"ListItem\",\"position\":1,\"name\":\"Home\",\"item\":\"https:\\\/\\\/casadecampoliving.com\\\/es\\\/\"},{\"@type\":\"ListItem\",\"position\":2,\"name\":\"Chef Luca Banfi nombrado Chef Ejecutivo de Il Circo Abu Dhabi en &#8220;Chef Wanted&#8221;\"}]},{\"@type\":\"WebSite\",\"@id\":\"https:\\\/\\\/casadecampoliving.com\\\/es\\\/#website\",\"url\":\"https:\\\/\\\/casadecampoliving.com\\\/es\\\/\",\"name\":\"Casa de Campo Living\",\"description\":\"Resort community news and resources.\",\"publisher\":{\"@id\":\"https:\\\/\\\/casadecampoliving.com\\\/es\\\/#organization\"},\"potentialAction\":[{\"@type\":\"SearchAction\",\"target\":{\"@type\":\"EntryPoint\",\"urlTemplate\":\"https:\\\/\\\/casadecampoliving.com\\\/es\\\/?s={search_term_string}\"},\"query-input\":{\"@type\":\"PropertyValueSpecification\",\"valueRequired\":true,\"valueName\":\"search_term_string\"}}],\"inLanguage\":\"es\"},{\"@type\":\"Organization\",\"@id\":\"https:\\\/\\\/casadecampoliving.com\\\/es\\\/#organization\",\"name\":\"Casa de Campo Living\",\"url\":\"https:\\\/\\\/casadecampoliving.com\\\/es\\\/\",\"logo\":{\"@type\":\"ImageObject\",\"inLanguage\":\"es\",\"@id\":\"https:\\\/\\\/casadecampoliving.com\\\/es\\\/#\\\/schema\\\/logo\\\/image\\\/\",\"url\":\"https:\\\/\\\/i0.wp.com\\\/casadecampoliving.com\\\/wp-content\\\/uploads\\\/2022\\\/07\\\/CDCLivingLogo_V1-white-sized.png?fit=800%2C214&ssl=1\",\"contentUrl\":\"https:\\\/\\\/i0.wp.com\\\/casadecampoliving.com\\\/wp-content\\\/uploads\\\/2022\\\/07\\\/CDCLivingLogo_V1-white-sized.png?fit=800%2C214&ssl=1\",\"width\":800,\"height\":214,\"caption\":\"Casa de Campo Living\"},\"image\":{\"@id\":\"https:\\\/\\\/casadecampoliving.com\\\/es\\\/#\\\/schema\\\/logo\\\/image\\\/\"},\"sameAs\":[\"https:\\\/\\\/www.facebook.com\\\/casadecampoliving\",\"https:\\\/\\\/x.com\\\/cdcliving\"]},{\"@type\":\"Person\",\"@id\":\"https:\\\/\\\/casadecampoliving.com\\\/es\\\/#\\\/schema\\\/person\\\/bd396a8f8ea621ed900f2d4a7407a3a2\",\"name\":\"Eliana Alba\",\"image\":{\"@type\":\"ImageObject\",\"inLanguage\":\"es\",\"@id\":\"https:\\\/\\\/secure.gravatar.com\\\/avatar\\\/9855856e733abb59c5985d70cc9f36d1c83420173446a782077af61c55fb0a9c?s=96&d=mm&r=g\",\"url\":\"https:\\\/\\\/secure.gravatar.com\\\/avatar\\\/9855856e733abb59c5985d70cc9f36d1c83420173446a782077af61c55fb0a9c?s=96&d=mm&r=g\",\"contentUrl\":\"https:\\\/\\\/secure.gravatar.com\\\/avatar\\\/9855856e733abb59c5985d70cc9f36d1c83420173446a782077af61c55fb0a9c?s=96&d=mm&r=g\",\"caption\":\"Eliana Alba\"},\"sameAs\":[\"https:\\\/\\\/casadecampoliving.com\"],\"url\":\"https:\\\/\\\/casadecampoliving.com\\\/es\\\/author\\\/ealba\\\/\"}]}<\/script>\n<!-- \/ Yoast SEO plugin. -->","yoast_head_json":{"title":"Chef Luca Banfi nombrado Chef Ejecutivo de Il Circo Abu Dhabi en \"Chef Wanted\" | Casa de Campo Living","description":"Chef Luca Banfi trabaj\u00f3 en Casa de Campo los pasado \u00faltimo dos a\u00f1os, y ahora luego de su debut en el reality show \u201cChef Wanted with Anne Burrel\u201d, nuestro","robots":{"index":"index","follow":"follow","max-snippet":"max-snippet:-1","max-image-preview":"max-image-preview:large","max-video-preview":"max-video-preview:-1"},"canonical":"https:\/\/casadecampoliving.com\/es\/chef-luca-banfi-nombrado-chef-ejecutivo-de-il-circo-abu-dhabi-en-se-busca-chef\/","og_locale":"es_ES","og_type":"article","og_title":"Chef Luca Banfi nombrado Chef Ejecutivo de Il Circo Abu Dhabi en \"Chef Wanted\" | Casa de Campo Living","og_description":"Chef Luca Banfi trabaj\u00f3 en Casa de Campo los pasado \u00faltimo dos a\u00f1os, y ahora luego de su debut en el reality show \u201cChef Wanted with Anne Burrel\u201d, nuestro","og_url":"https:\/\/casadecampoliving.com\/es\/chef-luca-banfi-nombrado-chef-ejecutivo-de-il-circo-abu-dhabi-en-se-busca-chef\/","og_site_name":"Casa de Campo Living","article_publisher":"https:\/\/www.facebook.com\/casadecampoliving","article_published_time":"2013-08-18T04:00:00+00:00","article_modified_time":"2022-10-21T22:52:27+00:00","og_image":[{"width":650,"height":369,"url":"https:\/\/i0.wp.com\/casadecampoliving.com\/wp-content\/uploads\/2022\/10\/chef_luca_banfi2-1.jpg?fit=650%2C369&ssl=1","type":"image\/jpeg"}],"author":"Eliana Alba","twitter_card":"summary_large_image","twitter_creator":"@cdcliving","twitter_site":"@cdcliving","twitter_misc":{"Escrito por":"Eliana Alba","Tiempo de lectura":"2 minutos"},"schema":{"@context":"https:\/\/schema.org","@graph":[{"@type":"Article","@id":"https:\/\/casadecampoliving.com\/es\/chef-luca-banfi-nombrado-chef-ejecutivo-de-il-circo-abu-dhabi-en-se-busca-chef\/#article","isPartOf":{"@id":"https:\/\/casadecampoliving.com\/es\/chef-luca-banfi-nombrado-chef-ejecutivo-de-il-circo-abu-dhabi-en-se-busca-chef\/"},"author":{"name":"Eliana Alba","@id":"https:\/\/casadecampoliving.com\/es\/#\/schema\/person\/bd396a8f8ea621ed900f2d4a7407a3a2"},"headline":"Chef Luca Banfi nombrado Chef Ejecutivo de Il Circo Abu Dhabi en \u00abChef Wanted\u00bb","datePublished":"2013-08-18T04:00:00+00:00","dateModified":"2022-10-21T22:52:27+00:00","mainEntityOfPage":{"@id":"https:\/\/casadecampoliving.com\/es\/chef-luca-banfi-nombrado-chef-ejecutivo-de-il-circo-abu-dhabi-en-se-busca-chef\/"},"wordCount":400,"publisher":{"@id":"https:\/\/casadecampoliving.com\/es\/#organization"},"image":{"@id":"https:\/\/casadecampoliving.com\/es\/chef-luca-banfi-nombrado-chef-ejecutivo-de-il-circo-abu-dhabi-en-se-busca-chef\/#primaryimage"},"thumbnailUrl":"https:\/\/i0.wp.com\/casadecampoliving.com\/wp-content\/uploads\/2022\/10\/chef_luca_banfi2-1.jpg?fit=650%2C369&ssl=1","keywords":["abu dhabi","le cirque @es","new york @es"],"articleSection":["Celebridades","Comidas &amp; Bebidas","Destacados","Estilo de Vida","M\u00e1s all\u00e1 de Casa","Noticias Locales","Restaurantes"],"inLanguage":"es"},{"@type":"WebPage","@id":"https:\/\/casadecampoliving.com\/es\/chef-luca-banfi-nombrado-chef-ejecutivo-de-il-circo-abu-dhabi-en-se-busca-chef\/","url":"https:\/\/casadecampoliving.com\/es\/chef-luca-banfi-nombrado-chef-ejecutivo-de-il-circo-abu-dhabi-en-se-busca-chef\/","name":"Chef Luca Banfi nombrado Chef Ejecutivo de Il Circo Abu Dhabi en \"Chef Wanted\" | Casa de Campo Living","isPartOf":{"@id":"https:\/\/casadecampoliving.com\/es\/#website"},"primaryImageOfPage":{"@id":"https:\/\/casadecampoliving.com\/es\/chef-luca-banfi-nombrado-chef-ejecutivo-de-il-circo-abu-dhabi-en-se-busca-chef\/#primaryimage"},"image":{"@id":"https:\/\/casadecampoliving.com\/es\/chef-luca-banfi-nombrado-chef-ejecutivo-de-il-circo-abu-dhabi-en-se-busca-chef\/#primaryimage"},"thumbnailUrl":"https:\/\/i0.wp.com\/casadecampoliving.com\/wp-content\/uploads\/2022\/10\/chef_luca_banfi2-1.jpg?fit=650%2C369&ssl=1","datePublished":"2013-08-18T04:00:00+00:00","dateModified":"2022-10-21T22:52:27+00:00","description":"Chef Luca Banfi trabaj\u00f3 en Casa de Campo los pasado \u00faltimo dos a\u00f1os, y ahora luego de su debut en el reality show \u201cChef Wanted with Anne Burrel\u201d, nuestro","breadcrumb":{"@id":"https:\/\/casadecampoliving.com\/es\/chef-luca-banfi-nombrado-chef-ejecutivo-de-il-circo-abu-dhabi-en-se-busca-chef\/#breadcrumb"},"inLanguage":"es","potentialAction":[{"@type":"ReadAction","target":["https:\/\/casadecampoliving.com\/es\/chef-luca-banfi-nombrado-chef-ejecutivo-de-il-circo-abu-dhabi-en-se-busca-chef\/"]}]},{"@type":"ImageObject","inLanguage":"es","@id":"https:\/\/casadecampoliving.com\/es\/chef-luca-banfi-nombrado-chef-ejecutivo-de-il-circo-abu-dhabi-en-se-busca-chef\/#primaryimage","url":"https:\/\/i0.wp.com\/casadecampoliving.com\/wp-content\/uploads\/2022\/10\/chef_luca_banfi2-1.jpg?fit=650%2C369&ssl=1","contentUrl":"https:\/\/i0.wp.com\/casadecampoliving.com\/wp-content\/uploads\/2022\/10\/chef_luca_banfi2-1.jpg?fit=650%2C369&ssl=1","width":650,"height":369,"caption":"chef luca banfi"},{"@type":"BreadcrumbList","@id":"https:\/\/casadecampoliving.com\/es\/chef-luca-banfi-nombrado-chef-ejecutivo-de-il-circo-abu-dhabi-en-se-busca-chef\/#breadcrumb","itemListElement":[{"@type":"ListItem","position":1,"name":"Home","item":"https:\/\/casadecampoliving.com\/es\/"},{"@type":"ListItem","position":2,"name":"Chef Luca Banfi nombrado Chef Ejecutivo de Il Circo Abu Dhabi en &#8220;Chef Wanted&#8221;"}]},{"@type":"WebSite","@id":"https:\/\/casadecampoliving.com\/es\/#website","url":"https:\/\/casadecampoliving.com\/es\/","name":"Casa de Campo Living","description":"Resort community news and resources.","publisher":{"@id":"https:\/\/casadecampoliving.com\/es\/#organization"},"potentialAction":[{"@type":"SearchAction","target":{"@type":"EntryPoint","urlTemplate":"https:\/\/casadecampoliving.com\/es\/?s={search_term_string}"},"query-input":{"@type":"PropertyValueSpecification","valueRequired":true,"valueName":"search_term_string"}}],"inLanguage":"es"},{"@type":"Organization","@id":"https:\/\/casadecampoliving.com\/es\/#organization","name":"Casa de Campo Living","url":"https:\/\/casadecampoliving.com\/es\/","logo":{"@type":"ImageObject","inLanguage":"es","@id":"https:\/\/casadecampoliving.com\/es\/#\/schema\/logo\/image\/","url":"https:\/\/i0.wp.com\/casadecampoliving.com\/wp-content\/uploads\/2022\/07\/CDCLivingLogo_V1-white-sized.png?fit=800%2C214&ssl=1","contentUrl":"https:\/\/i0.wp.com\/casadecampoliving.com\/wp-content\/uploads\/2022\/07\/CDCLivingLogo_V1-white-sized.png?fit=800%2C214&ssl=1","width":800,"height":214,"caption":"Casa de Campo Living"},"image":{"@id":"https:\/\/casadecampoliving.com\/es\/#\/schema\/logo\/image\/"},"sameAs":["https:\/\/www.facebook.com\/casadecampoliving","https:\/\/x.com\/cdcliving"]},{"@type":"Person","@id":"https:\/\/casadecampoliving.com\/es\/#\/schema\/person\/bd396a8f8ea621ed900f2d4a7407a3a2","name":"Eliana Alba","image":{"@type":"ImageObject","inLanguage":"es","@id":"https:\/\/secure.gravatar.com\/avatar\/9855856e733abb59c5985d70cc9f36d1c83420173446a782077af61c55fb0a9c?s=96&d=mm&r=g","url":"https:\/\/secure.gravatar.com\/avatar\/9855856e733abb59c5985d70cc9f36d1c83420173446a782077af61c55fb0a9c?s=96&d=mm&r=g","contentUrl":"https:\/\/secure.gravatar.com\/avatar\/9855856e733abb59c5985d70cc9f36d1c83420173446a782077af61c55fb0a9c?s=96&d=mm&r=g","caption":"Eliana Alba"},"sameAs":["https:\/\/casadecampoliving.com"],"url":"https:\/\/casadecampoliving.com\/es\/author\/ealba\/"}]}},"parsely":{"version":"1.1.0","canonical_url":"https:\/\/casadecampoliving.com\/es\/chef-luca-banfi-nombrado-chef-ejecutivo-de-il-circo-abu-dhabi-en-se-busca-chef\/","smart_links":{"inbound":0,"outbound":0},"traffic_boost_suggestions_count":0,"meta":{"@context":"https:\/\/schema.org","@type":"NewsArticle","headline":"Chef Luca Banfi nombrado Chef Ejecutivo de Il Circo Abu Dhabi en \u00abChef Wanted\u00bb","url":"http:\/\/casadecampoliving.com\/es\/chef-luca-banfi-nombrado-chef-ejecutivo-de-il-circo-abu-dhabi-en-se-busca-chef\/","mainEntityOfPage":{"@type":"WebPage","@id":"http:\/\/casadecampoliving.com\/es\/chef-luca-banfi-nombrado-chef-ejecutivo-de-il-circo-abu-dhabi-en-se-busca-chef\/"},"thumbnailUrl":"https:\/\/i0.wp.com\/casadecampoliving.com\/wp-content\/uploads\/2022\/10\/chef_luca_banfi2-1.jpg?resize=150%2C150&ssl=1","image":{"@type":"ImageObject","url":"https:\/\/i0.wp.com\/casadecampoliving.com\/wp-content\/uploads\/2022\/10\/chef_luca_banfi2-1.jpg?fit=650%2C369&ssl=1"},"articleSection":"Celebridades","author":[{"@type":"Person","name":"Eliana Alba"}],"creator":["Eliana Alba"],"publisher":{"@type":"Organization","name":"Casa de Campo Living","logo":"https:\/\/casadecampoliving.com\/wp-content\/uploads\/2022\/07\/CDCLivingLogo_V1-white-sized.png"},"keywords":["abu dhabi","le cirque @es","new york @es"],"dateCreated":"2013-08-18T04:00:00Z","datePublished":"2013-08-18T04:00:00Z","dateModified":"2022-10-21T22:52:27Z"},"rendered":"<script type=\"application\/ld+json\" class=\"wp-parsely-metadata\">{\"@context\":\"https:\\\/\\\/schema.org\",\"@type\":\"NewsArticle\",\"headline\":\"Chef Luca Banfi nombrado Chef Ejecutivo de Il Circo Abu Dhabi en \\u00abChef Wanted\\u00bb\",\"url\":\"http:\\\/\\\/casadecampoliving.com\\\/es\\\/chef-luca-banfi-nombrado-chef-ejecutivo-de-il-circo-abu-dhabi-en-se-busca-chef\\\/\",\"mainEntityOfPage\":{\"@type\":\"WebPage\",\"@id\":\"http:\\\/\\\/casadecampoliving.com\\\/es\\\/chef-luca-banfi-nombrado-chef-ejecutivo-de-il-circo-abu-dhabi-en-se-busca-chef\\\/\"},\"thumbnailUrl\":\"https:\\\/\\\/i0.wp.com\\\/casadecampoliving.com\\\/wp-content\\\/uploads\\\/2022\\\/10\\\/chef_luca_banfi2-1.jpg?resize=150%2C150&ssl=1\",\"image\":{\"@type\":\"ImageObject\",\"url\":\"https:\\\/\\\/i0.wp.com\\\/casadecampoliving.com\\\/wp-content\\\/uploads\\\/2022\\\/10\\\/chef_luca_banfi2-1.jpg?fit=650%2C369&ssl=1\"},\"articleSection\":\"Celebridades\",\"author\":[{\"@type\":\"Person\",\"name\":\"Eliana Alba\"}],\"creator\":[\"Eliana Alba\"],\"publisher\":{\"@type\":\"Organization\",\"name\":\"Casa de Campo Living\",\"logo\":\"https:\\\/\\\/casadecampoliving.com\\\/wp-content\\\/uploads\\\/2022\\\/07\\\/CDCLivingLogo_V1-white-sized.png\"},\"keywords\":[\"abu dhabi\",\"le cirque @es\",\"new york @es\"],\"dateCreated\":\"2013-08-18T04:00:00Z\",\"datePublished\":\"2013-08-18T04:00:00Z\",\"dateModified\":\"2022-10-21T22:52:27Z\"}<\/script>","tracker_url":"https:\/\/cdn.parsely.com\/keys\/casadecampoliving.com\/p.js"},"jetpack_publicize_connections":[],"jetpack_featured_media_url":"https:\/\/i0.wp.com\/casadecampoliving.com\/wp-content\/uploads\/2022\/10\/chef_luca_banfi2-1.jpg?fit=650%2C369&ssl=1","jetpack-related-posts":[{"id":322593,"url":"https:\/\/casadecampoliving.com\/chef-luca-banfi-named-executive-chef-of-il-circo-abu-dhabi-on-chef-wanted\/","url_meta":{"origin":342690,"position":0},"title":"Chef Luca Banfi named Executive Chef of Il Circo Abu Dhabi on \u201cChef Wanted\u201d","author":"Rebecca Silvestri","date":"18 Ago, 2013","format":false,"excerpt":"Chef Luca Banfi worked in Casa de Campo for the last 2 years, and now following last week\u2019s reality TV debut on \u201cChef Wanted with Anne Burrel\u201d, our favorite chef has now been named as the new Executive Chef of Il Circo Abu Dhabi \u2013 Le Cirque\u2019s first restaurant in\u2026","rel":"","context":"En \u00abBeyond Casa\u00bb","block_context":{"text":"Beyond Casa","link":"https:\/\/casadecampoliving.com\/category\/beyond-casa\/"},"img":{"alt_text":"chef luca banfi","src":"https:\/\/i0.wp.com\/casadecampoliving.com\/wp-content\/uploads\/2022\/10\/chef_luca_banfi2-1.jpg?fit=650%2C369&ssl=1&resize=350%2C200","width":350,"height":200,"srcset":"https:\/\/i0.wp.com\/casadecampoliving.com\/wp-content\/uploads\/2022\/10\/chef_luca_banfi2-1.jpg?fit=650%2C369&ssl=1&resize=350%2C200 1x, https:\/\/i0.wp.com\/casadecampoliving.com\/wp-content\/uploads\/2022\/10\/chef_luca_banfi2-1.jpg?fit=650%2C369&ssl=1&resize=525%2C300 1.5x"},"classes":[]},{"id":342653,"url":"https:\/\/casadecampoliving.com\/es\/participacion-del-chef-luca-banfi-en-chef-wanted-with-anne-burrel-food-network\/","url_meta":{"origin":342690,"position":1},"title":"Participaci\u00f3n del Chef Luca Banfi en \u00abChef Wanted with Anne Burrel\u00bb Food Network","author":"lperdomo","date":"7 Ago, 2013","format":false,"excerpt":"Cuando Marco, Mauro y Mario Marccioni, copropietarios del aclamado grupo de restaurantes Le Cirque International localizados en New York decidieron abrir un nuevo restaurante \u00a0en el intercontinental Abu Dhabi, \u00a0en lugar de contratar un chef decidieron formar parte de Food Network\u00a0\u201cChef Wanted with Anne Burrell\u201d para ayudarlos a encontrar uno\u2026","rel":"","context":"En \u00abComidas &amp; Bebidas\u00bb","block_context":{"text":"Comidas &amp; Bebidas","link":"https:\/\/casadecampoliving.com\/es\/category\/comidas-bebidas\/"},"img":{"alt_text":"chef luca banfi","src":"https:\/\/i0.wp.com\/casadecampoliving.com\/wp-content\/uploads\/2022\/10\/chef_luca_banfi-2.jpg?fit=650%2C361&ssl=1&resize=350%2C200","width":350,"height":200,"srcset":"https:\/\/i0.wp.com\/casadecampoliving.com\/wp-content\/uploads\/2022\/10\/chef_luca_banfi-2.jpg?fit=650%2C361&ssl=1&resize=350%2C200 1x, https:\/\/i0.wp.com\/casadecampoliving.com\/wp-content\/uploads\/2022\/10\/chef_luca_banfi-2.jpg?fit=650%2C361&ssl=1&resize=525%2C300 1.5x"},"classes":[]},{"id":322555,"url":"https:\/\/casadecampoliving.com\/chef-luca-banfi-to-star-in-chef-wanted-with-anne-burrel-on-the-food-network\/","url_meta":{"origin":342690,"position":2},"title":"Chef Luca Banfi to star in \u00abChef Wanted with Anne Burrel\u00bb on The Food Network","author":"Rebecca Silvestri","date":"7 Ago, 2013","format":false,"excerpt":"When Marco, Mauro and Mario Maccioni, co-owners of the acclaimed New York based restaurant group Le Cirque International decided to open a new restaurant at the Intercontinental Abu Dhabi, rather than hiring a chef they decided to take part in the\u00a0Food Network\u2019s \u201cChef Wanted with Anne Burrell\u201d to help them\u2026","rel":"","context":"En \u00abBeyond Casa\u00bb","block_context":{"text":"Beyond Casa","link":"https:\/\/casadecampoliving.com\/category\/beyond-casa\/"},"img":{"alt_text":"chef luca banfi","src":"https:\/\/i0.wp.com\/casadecampoliving.com\/wp-content\/uploads\/2022\/10\/chef_luca_banfi-2.jpg?fit=650%2C361&ssl=1&resize=350%2C200","width":350,"height":200,"srcset":"https:\/\/i0.wp.com\/casadecampoliving.com\/wp-content\/uploads\/2022\/10\/chef_luca_banfi-2.jpg?fit=650%2C361&ssl=1&resize=350%2C200 1x, https:\/\/i0.wp.com\/casadecampoliving.com\/wp-content\/uploads\/2022\/10\/chef_luca_banfi-2.jpg?fit=650%2C361&ssl=1&resize=525%2C300 1.5x"},"classes":[]},{"id":339863,"url":"https:\/\/casadecampoliving.com\/es\/el-sabor-de-una-sabrosa-delicia-chicken-fried-churrasco-por-el-chef-luca-banfi\/","url_meta":{"origin":342690,"position":3},"title":"El sabor de una sabrosa delicia: \u00abChicken Fried Churrasco\u00bb por el Chef Luca Banfi","author":"","date":"5 Oct, 2012","format":false,"excerpt":"Sin duda una de las mejores cosas de mi posici\u00f3n (Rebecca Hughes) como editora de Casa de Campo Living (al igual que CasaLife, TODO Casa de Campo y TODO La Romana-Bayahibe) \u2013 es la comida ! Amo cubrir eventos, escribir y ver mis escritos publicados, pero el privilegio de disfrutar\u2026","rel":"","context":"En \u00abComidas &amp; Bebidas\u00bb","block_context":{"text":"Comidas &amp; Bebidas","link":"https:\/\/casadecampoliving.com\/es\/category\/comidas-bebidas\/"},"img":{"alt_text":"chicken fried churrasco","src":"https:\/\/i0.wp.com\/casadecampoliving.com\/wp-content\/uploads\/2022\/10\/chicken_fried_churrasco-1.jpg?fit=650%2C415&ssl=1&resize=350%2C200","width":350,"height":200,"srcset":"https:\/\/i0.wp.com\/casadecampoliving.com\/wp-content\/uploads\/2022\/10\/chicken_fried_churrasco-1.jpg?fit=650%2C415&ssl=1&resize=350%2C200 1x, https:\/\/i0.wp.com\/casadecampoliving.com\/wp-content\/uploads\/2022\/10\/chicken_fried_churrasco-1.jpg?fit=650%2C415&ssl=1&resize=525%2C300 1.5x"},"classes":[]},{"id":339251,"url":"https:\/\/casadecampoliving.com\/es\/casa-de-campo-participa-en-el-xvi-festival-eno-gastronomico-en-santo-domingo\/","url_meta":{"origin":342690,"position":4},"title":"\u00a1Casa de Campo participa en el XVI Festival Eno-Gastron\u00f3mico en Santo Domingo!","author":"","date":"20 Jun, 2012","format":false,"excerpt":"El pasado domingo 10 de junio de 2012, la Casa de Italia y la Emabajada italiana, celebraron el XVI Festival Eno-Gastron\u00f3mico (vinos y gastronom\u00eda) en Santo Domingo, con la participaci\u00f3n de numerosos restaurantes distinguidos \u2013 incluyendo el Beach Club by Le Cirque y La Ca\u00f1a Restaurant & Bar by Il\u2026","rel":"","context":"En \u00abComidas &amp; Bebidas\u00bb","block_context":{"text":"Comidas &amp; Bebidas","link":"https:\/\/casadecampoliving.com\/es\/category\/comidas-bebidas\/"},"img":{"alt_text":"italian festival","src":"https:\/\/i0.wp.com\/casadecampoliving.com\/wp-content\/uploads\/2022\/10\/italian_festival-1.jpg?fit=650%2C347&ssl=1&resize=350%2C200","width":350,"height":200,"srcset":"https:\/\/i0.wp.com\/casadecampoliving.com\/wp-content\/uploads\/2022\/10\/italian_festival-1.jpg?fit=650%2C347&ssl=1&resize=350%2C200 1x, https:\/\/i0.wp.com\/casadecampoliving.com\/wp-content\/uploads\/2022\/10\/italian_festival-1.jpg?fit=650%2C347&ssl=1&resize=525%2C300 1.5x"},"classes":[]},{"id":337186,"url":"https:\/\/casadecampoliving.com\/es\/hortaliza-de-vegetales-y-jardin-de-verduras-en-casa-de-campo-2\/","url_meta":{"origin":342690,"position":5},"title":"Hortaliza de Vegetales y Jardin de Verduras en Casa de Campo!","author":"","date":"27 Sep, 2011","format":false,"excerpt":"El hotel de Casa de Campo ahora tiene su propia hortaliza de vegetales y jardin de verduras \u2013 creado por el nuevo Chef Luca Banfi. Luca Banfi de Mil\u00e1n, lleg\u00f3 a Casa de Campo despu\u00e9s de trabajar por 11 a\u00f1os en los Estados Unidos y ahora es el Chef ejecutivo\u2026","rel":"","context":"En \u00abDestacados\u00bb","block_context":{"text":"Destacados","link":"https:\/\/casadecampoliving.com\/es\/category\/destacados\/"},"img":{"alt_text":"","src":"https:\/\/i0.wp.com\/casadecampoliving.com\/wp-content\/uploads\/2022\/10\/casa_de_campo_vegetable_patch_herb_garden_la_romana-1.jpg?fit=565%2C392&ssl=1&resize=350%2C200","width":350,"height":200,"srcset":"https:\/\/i0.wp.com\/casadecampoliving.com\/wp-content\/uploads\/2022\/10\/casa_de_campo_vegetable_patch_herb_garden_la_romana-1.jpg?fit=565%2C392&ssl=1&resize=350%2C200 1x, https:\/\/i0.wp.com\/casadecampoliving.com\/wp-content\/uploads\/2022\/10\/casa_de_campo_vegetable_patch_herb_garden_la_romana-1.jpg?fit=565%2C392&ssl=1&resize=525%2C300 1.5x"},"classes":[]}],"jetpack_sharing_enabled":true,"_links":{"self":[{"href":"https:\/\/casadecampoliving.com\/es\/wp-json\/wp\/v2\/posts\/342690","targetHints":{"allow":["GET"]}}],"collection":[{"href":"https:\/\/casadecampoliving.com\/es\/wp-json\/wp\/v2\/posts"}],"about":[{"href":"https:\/\/casadecampoliving.com\/es\/wp-json\/wp\/v2\/types\/post"}],"author":[{"embeddable":true,"href":"https:\/\/casadecampoliving.com\/es\/wp-json\/wp\/v2\/users\/454"}],"replies":[{"embeddable":true,"href":"https:\/\/casadecampoliving.com\/es\/wp-json\/wp\/v2\/comments?post=342690"}],"version-history":[{"count":1,"href":"https:\/\/casadecampoliving.com\/es\/wp-json\/wp\/v2\/posts\/342690\/revisions"}],"predecessor-version":[{"id":342691,"href":"https:\/\/casadecampoliving.com\/es\/wp-json\/wp\/v2\/posts\/342690\/revisions\/342691"}],"wp:featuredmedia":[{"embeddable":true,"href":"https:\/\/casadecampoliving.com\/es\/wp-json\/wp\/v2\/media\/264679"}],"wp:attachment":[{"href":"https:\/\/casadecampoliving.com\/es\/wp-json\/wp\/v2\/media?parent=342690"}],"wp:term":[{"taxonomy":"category","embeddable":true,"href":"https:\/\/casadecampoliving.com\/es\/wp-json\/wp\/v2\/categories?post=342690"},{"taxonomy":"post_tag","embeddable":true,"href":"https:\/\/casadecampoliving.com\/es\/wp-json\/wp\/v2\/tags?post=342690"},{"taxonomy":"newspack_spnsrs_tax","embeddable":true,"href":"https:\/\/casadecampoliving.com\/es\/wp-json\/wp\/v2\/newspack_spnsrs_tax?post=342690"}],"curies":[{"name":"wp","href":"https:\/\/api.w.org\/{rel}","templated":true}]}}