{"id":342686,"date":"2013-08-14T00:00:00","date_gmt":"2013-08-14T04:00:00","guid":{"rendered":"https:\/\/casadecampoliving.com\/casa-de-campo-se-une-al-exclusivo-grupo-de-preferred-hotels-and-resorts\/"},"modified":"2022-10-21T18:52:15","modified_gmt":"2022-10-21T22:52:15","slug":"casa-de-campo-se-une-al-exclusivo-grupo-de-preferred-hotels-and-resorts","status":"publish","type":"post","link":"https:\/\/casadecampoliving.com\/es\/casa-de-campo-se-une-al-exclusivo-grupo-de-preferred-hotels-and-resorts\/","title":{"rendered":"Casa de Campo se une al exclusivo grupo de \u00abPreferred Hotels and Resorts\u00bb"},"content":{"rendered":"<div class=\"wp-block-image\">\n<figure class=\"aligncenter is-resized\"><img loading=\"lazy\" decoding=\"async\" src=\"https:\/\/i0.wp.com\/casadecampoliving.com\/wp-content\/uploads\/2022\/10\/minitas_beach-13.jpg?resize=650%2C321&amp;ssl=1\" alt=\"minitas beach\" class=\"wp-image-75887\" title=\"minitas_beach\" height=\"321\" width=\"650\"\/><\/figure>\n<\/div>\n\n<div class=\"wp-block-image\">\n<figure class=\"alignright is-resized\"><img loading=\"lazy\" decoding=\"async\" src=\"https:\/\/i0.wp.com\/casadecampoliving.com\/wp-content\/uploads\/2022\/10\/tennis_casa_de_campo3-4.jpg?resize=270%2C318&amp;ssl=1\" alt=\"tennis casa de campo\" class=\"wp-image-75888\" title=\"tennis_casa_de_campo\" height=\"318\" width=\"270\"\/><\/figure>\n<\/div>\n\n\n<p>Casa de Campo se enorgullece en anunciar que recientemente se ha convertido en miembro afiliado del exclusivo grupo Preferred Hotels &amp; Resorts, la colecci\u00f3n de lujo de hoteles y una marca exclusiva de Preferred Hotel Group\u2122. Casa de Campo puede ahora presumir de ser parte de un selectivo grupo de los 250 destinos m\u00e1s deseables. Tambi\u00e9n puede presumur de ser el \u00fanico hotel en el pa\u00eds con el privilegio de tal membres\u00eda.<\/p>\n\n\n\n<blockquote class=\"wp-block-quote is-layout-flow wp-block-quote-is-layout-flow\"><p><em><strong>\u201cCasa de Campo est\u00e1 muy orgulloso de ser parte de un grupo tan prestigioso como Preferred Hotels &amp; Resorts.<\/strong><strong>&nbsp;Nuestra experiencia en el \u00e1rea de Resort define perfectamente las expectativas de la marca de excelencia.\u201d<\/strong><\/em><\/p><p style=\"padding-left: 30px;\">\u2014 Peter Bonell, Chief Marketing Officer, Casa de Campo<\/p><\/blockquote>\n\n\n<div class=\"wp-block-image\">\n<figure class=\"aligncenter is-resized\"><img loading=\"lazy\" decoding=\"async\" src=\"https:\/\/i0.wp.com\/casadecampoliving.com\/wp-content\/uploads\/2022\/10\/hotel_casa_de_campo-2.jpg?resize=650%2C359&amp;ssl=1\" alt=\"hotel casa de campo\" class=\"wp-image-75889\" title=\"hotel_casa_de_campo\" height=\"359\" width=\"650\"\/><\/figure>\n<\/div>\n\n\n<p>El resort del que disfrutamos d\u00eda a d\u00eda atrae a la \u201ccr\u00e8me de la cr\u00e8me\u201d de la sociedad mundial; todos desde magnates financieros, pol\u00edticos de alto perfil a la elite de Hollywood ven a Casa de Campo como su destino de vacaciones \u201cPreferido\u201d. Con lujos como of the social registry from around the world; all from financial moguls, high-end politicians and Hollywood\u2019s elite see Casa de Campo as their \u201cpreferred\u201d destination for their vacations. <\/p>\n\n\n<div class=\"wp-block-image\">\n<figure class=\"alignright is-resized\"><img loading=\"lazy\" decoding=\"async\" src=\"https:\/\/i0.wp.com\/casadecampoliving.com\/wp-content\/uploads\/2022\/10\/hotel_casa_de_campo1-1.jpg?resize=250%2C334&amp;ssl=1\" alt=\"hotel casa de campo\" class=\"wp-image-75890\" title=\"hotel_casa_de_campo\" height=\"334\" width=\"250\"\/><\/figure>\n<\/div>\n\n\n<p>Con lujos que incluyen 90 hoyos de golf dise\u00f1ados por Pete Dye, entre ellos el \u201cTeeth of the Dog\u201d el campo #1 en Am\u00e9rica Latina, polo, club ecuestre, Marina y Club de yates, La Terraza Club de Tennis, Centro de Tiro, Spa y los reconocidos restaurantes como lo son el restaurante 5-estrellas The Beach Club by Le Cirque en la playa privada Minitas y La Ca\u00f1a by Il Circo, aparte de la belleza cultural que es Altos de Chav\u00f3n, inspirado en una ciudad mediterr\u00e1nea del siglo XVI con un anfiteatro inaugurado por el inigualable Frank Sinatra, Casa de Campo presume de cosas que simplemente no podr\u00edan encontrar en ning\u00fan otro lugar y que de encontrarlas no estar\u00edan todas juntas como lo est\u00e1n aqu\u00ed.<\/p>\n\n\n\n<blockquote class=\"wp-block-quote is-layout-flow wp-block-quote-is-layout-flow\"><p>\u201cLa Rep\u00fablica Dominicana es un destino clave para nuestra empresa y para nuestros clientes, por lo que estamos encantados de renovar nuestra presencia en el pa\u00eds con la incorporaci\u00f3n de Casa de Campo. Un destino en s\u00ed mismo, esta maravillosa propiedad verdaderamente ejemplifica la marca Preferred Hotels &amp; Resorts, y esperamos concretar una exitosa relaci\u00f3n\u201d<\/p><p>\u2014&nbsp;Phillip Weghmann, Director General de Am\u00e9rica Latina y el Caribe de Preferred Hotel Group<\/p><\/blockquote>\n\n\n\n<p>Preferred Hotels &amp; Resorts y Casa de Campo parecen ser la pareja perfecta ya que ambos llevan una larga tradici\u00f3n de garant\u00eda de calidad y sofisticaci\u00f3n. Adem\u00e1s los hu\u00e9spedes de Casa de Campo ahora son elegibles para inscribirse en el programa de fidelizaci\u00f3n de clientes prefer, que proporciona ventajas exclusivas para miembros como el acceso gratuito a internet y el early check in\/ late check-ouy. Tambi\u00e9n las reservas en Casa de Campo estar\u00e1n muy pronto disponibles en la p\u00e1gina web de Preferred Hotel Group.<\/p>\n","protected":false},"excerpt":{"rendered":"<p>Casa de Campo se enorgullece en anunciar que recientemente se ha convertido en miembro afiliado del exclusivo grupo Preferred Hotels &amp; Resorts, la colecci\u00f3n de lujo de hoteles y una marca exclusiva de Preferred Hotel Group\u2122. Casa de Campo puede ahora presumir de ser parte de un selectivo grupo de los 250 destinos m\u00e1s deseables. [&hellip;]<\/p>\n","protected":false},"author":454,"featured_media":264176,"comment_status":"closed","ping_status":"closed","sticky":false,"template":"","format":"standard","meta":{"newspack_ads_suppress_ads":false,"newspack_popups_has_disabled_popups":false,"newspack_sponsor_sponsorship_scope":"","newspack_sponsor_native_byline_display":"inherit","newspack_sponsor_native_category_display":"inherit","newspack_sponsor_underwriter_style":"inherit","newspack_sponsor_underwriter_placement":"inherit","_newspack_byline_active":false,"_newspack_byline":"","newspack_content_restriction_is_exempt":false,"newspack_featured_image_position":"","newspack_post_subtitle":"","newspack_article_summary_title":"Overview:","newspack_article_summary":"","newspack_hide_updated_date":false,"newspack_show_updated_date":false,"_jetpack_memberships_contains_paid_content":false,"footnotes":"","jetpack_publicize_message":"","jetpack_publicize_feature_enabled":true,"jetpack_social_post_already_shared":false,"jetpack_social_options":{"image_generator_settings":{"template":"highway","default_image_id":0,"font":"","enabled":false},"version":2},"_wpas_customize_per_network":false},"categories":[2524,14625,26822,2526],"tags":[6331,2561],"newspack_spnsrs_tax":[],"class_list":["post-342686","post","type-post","status-publish","format-standard","has-post-thumbnail","hentry","category-destacados","category-noticias-locales","category-resort-casa-de-campo","category-titulares-es","tag-peter-bonell-es","tag-resort-casa-de-campo","entry"],"yoast_head":"<!-- This site is optimized with the Yoast SEO plugin v27.3 - https:\/\/yoast.com\/product\/yoast-seo-wordpress\/ -->\n<title>Casa de Campo se une al exclusivo grupo de &quot;Preferred Hotels and Resorts&quot; | Casa de Campo Living<\/title>\n<meta name=\"description\" content=\"Casa de Campo se enorgullece en anunciar que recientemente se ha convertido en miembro afiliado del exclusivo grupo Preferred Hotels &amp; Resorts, la\" \/>\n<meta name=\"robots\" content=\"index, follow, max-snippet:-1, max-image-preview:large, max-video-preview:-1\" \/>\n<link rel=\"canonical\" href=\"https:\/\/casadecampoliving.com\/es\/casa-de-campo-se-une-al-exclusivo-grupo-de-preferred-hotels-and-resorts\/\" \/>\n<meta property=\"og:locale\" content=\"es_ES\" \/>\n<meta property=\"og:type\" content=\"article\" \/>\n<meta property=\"og:title\" content=\"Casa de Campo se une al exclusivo grupo de &quot;Preferred Hotels and Resorts&quot; | Casa de Campo Living\" \/>\n<meta property=\"og:description\" content=\"Casa de Campo se enorgullece en anunciar que recientemente se ha convertido en miembro afiliado del exclusivo grupo Preferred Hotels &amp; Resorts, la\" \/>\n<meta property=\"og:url\" content=\"https:\/\/casadecampoliving.com\/es\/casa-de-campo-se-une-al-exclusivo-grupo-de-preferred-hotels-and-resorts\/\" \/>\n<meta property=\"og:site_name\" content=\"Casa de Campo Living\" \/>\n<meta property=\"article:publisher\" content=\"https:\/\/www.facebook.com\/casadecampoliving\" \/>\n<meta property=\"article:published_time\" content=\"2013-08-14T04:00:00+00:00\" \/>\n<meta property=\"article:modified_time\" content=\"2022-10-21T22:52:15+00:00\" \/>\n<meta property=\"og:image\" content=\"https:\/\/i0.wp.com\/casadecampoliving.com\/wp-content\/uploads\/2022\/10\/minitas_beach-14.jpg?fit=650%2C321&ssl=1\" \/>\n\t<meta property=\"og:image:width\" content=\"650\" \/>\n\t<meta property=\"og:image:height\" content=\"321\" \/>\n\t<meta property=\"og:image:type\" content=\"image\/jpeg\" \/>\n<meta name=\"author\" content=\"Eliana Alba\" \/>\n<meta name=\"twitter:card\" content=\"summary_large_image\" \/>\n<meta name=\"twitter:creator\" content=\"@cdcliving\" \/>\n<meta name=\"twitter:site\" content=\"@cdcliving\" \/>\n<meta name=\"twitter:label1\" content=\"Escrito por\" \/>\n\t<meta name=\"twitter:data1\" content=\"Eliana Alba\" \/>\n\t<meta name=\"twitter:label2\" content=\"Tiempo de lectura\" \/>\n\t<meta name=\"twitter:data2\" content=\"2 minutos\" \/>\n<script type=\"application\/ld+json\" class=\"yoast-schema-graph\">{\"@context\":\"https:\\\/\\\/schema.org\",\"@graph\":[{\"@type\":\"Article\",\"@id\":\"https:\\\/\\\/casadecampoliving.com\\\/es\\\/casa-de-campo-se-une-al-exclusivo-grupo-de-preferred-hotels-and-resorts\\\/#article\",\"isPartOf\":{\"@id\":\"https:\\\/\\\/casadecampoliving.com\\\/es\\\/casa-de-campo-se-une-al-exclusivo-grupo-de-preferred-hotels-and-resorts\\\/\"},\"author\":{\"name\":\"Eliana Alba\",\"@id\":\"https:\\\/\\\/casadecampoliving.com\\\/es\\\/#\\\/schema\\\/person\\\/bd396a8f8ea621ed900f2d4a7407a3a2\"},\"headline\":\"Casa de Campo se une al exclusivo grupo de \u00abPreferred Hotels and Resorts\u00bb\",\"datePublished\":\"2013-08-14T04:00:00+00:00\",\"dateModified\":\"2022-10-21T22:52:15+00:00\",\"mainEntityOfPage\":{\"@id\":\"https:\\\/\\\/casadecampoliving.com\\\/es\\\/casa-de-campo-se-une-al-exclusivo-grupo-de-preferred-hotels-and-resorts\\\/\"},\"wordCount\":511,\"publisher\":{\"@id\":\"https:\\\/\\\/casadecampoliving.com\\\/es\\\/#organization\"},\"image\":{\"@id\":\"https:\\\/\\\/casadecampoliving.com\\\/es\\\/casa-de-campo-se-une-al-exclusivo-grupo-de-preferred-hotels-and-resorts\\\/#primaryimage\"},\"thumbnailUrl\":\"https:\\\/\\\/i0.wp.com\\\/casadecampoliving.com\\\/wp-content\\\/uploads\\\/2022\\\/10\\\/minitas_beach-14.jpg?fit=650%2C321&ssl=1\",\"keywords\":[\"peter bonell @es\",\"resort casa de campo\"],\"articleSection\":[\"Destacados\",\"Noticias Locales\",\"Resort Casa de Campo\",\"Titulares\"],\"inLanguage\":\"es\"},{\"@type\":\"WebPage\",\"@id\":\"https:\\\/\\\/casadecampoliving.com\\\/es\\\/casa-de-campo-se-une-al-exclusivo-grupo-de-preferred-hotels-and-resorts\\\/\",\"url\":\"https:\\\/\\\/casadecampoliving.com\\\/es\\\/casa-de-campo-se-une-al-exclusivo-grupo-de-preferred-hotels-and-resorts\\\/\",\"name\":\"Casa de Campo se une al exclusivo grupo de \\\"Preferred Hotels and Resorts\\\" | Casa de Campo Living\",\"isPartOf\":{\"@id\":\"https:\\\/\\\/casadecampoliving.com\\\/es\\\/#website\"},\"primaryImageOfPage\":{\"@id\":\"https:\\\/\\\/casadecampoliving.com\\\/es\\\/casa-de-campo-se-une-al-exclusivo-grupo-de-preferred-hotels-and-resorts\\\/#primaryimage\"},\"image\":{\"@id\":\"https:\\\/\\\/casadecampoliving.com\\\/es\\\/casa-de-campo-se-une-al-exclusivo-grupo-de-preferred-hotels-and-resorts\\\/#primaryimage\"},\"thumbnailUrl\":\"https:\\\/\\\/i0.wp.com\\\/casadecampoliving.com\\\/wp-content\\\/uploads\\\/2022\\\/10\\\/minitas_beach-14.jpg?fit=650%2C321&ssl=1\",\"datePublished\":\"2013-08-14T04:00:00+00:00\",\"dateModified\":\"2022-10-21T22:52:15+00:00\",\"description\":\"Casa de Campo se enorgullece en anunciar que recientemente se ha convertido en miembro afiliado del exclusivo grupo Preferred Hotels &amp; Resorts, la\",\"breadcrumb\":{\"@id\":\"https:\\\/\\\/casadecampoliving.com\\\/es\\\/casa-de-campo-se-une-al-exclusivo-grupo-de-preferred-hotels-and-resorts\\\/#breadcrumb\"},\"inLanguage\":\"es\",\"potentialAction\":[{\"@type\":\"ReadAction\",\"target\":[\"https:\\\/\\\/casadecampoliving.com\\\/es\\\/casa-de-campo-se-une-al-exclusivo-grupo-de-preferred-hotels-and-resorts\\\/\"]}]},{\"@type\":\"ImageObject\",\"inLanguage\":\"es\",\"@id\":\"https:\\\/\\\/casadecampoliving.com\\\/es\\\/casa-de-campo-se-une-al-exclusivo-grupo-de-preferred-hotels-and-resorts\\\/#primaryimage\",\"url\":\"https:\\\/\\\/i0.wp.com\\\/casadecampoliving.com\\\/wp-content\\\/uploads\\\/2022\\\/10\\\/minitas_beach-14.jpg?fit=650%2C321&ssl=1\",\"contentUrl\":\"https:\\\/\\\/i0.wp.com\\\/casadecampoliving.com\\\/wp-content\\\/uploads\\\/2022\\\/10\\\/minitas_beach-14.jpg?fit=650%2C321&ssl=1\",\"width\":650,\"height\":321,\"caption\":\"minitas beach\"},{\"@type\":\"BreadcrumbList\",\"@id\":\"https:\\\/\\\/casadecampoliving.com\\\/es\\\/casa-de-campo-se-une-al-exclusivo-grupo-de-preferred-hotels-and-resorts\\\/#breadcrumb\",\"itemListElement\":[{\"@type\":\"ListItem\",\"position\":1,\"name\":\"Home\",\"item\":\"https:\\\/\\\/casadecampoliving.com\\\/es\\\/\"},{\"@type\":\"ListItem\",\"position\":2,\"name\":\"Casa de Campo se une al exclusivo grupo de &#8220;Preferred Hotels and Resorts&#8221;\"}]},{\"@type\":\"WebSite\",\"@id\":\"https:\\\/\\\/casadecampoliving.com\\\/es\\\/#website\",\"url\":\"https:\\\/\\\/casadecampoliving.com\\\/es\\\/\",\"name\":\"Casa de Campo Living\",\"description\":\"Resort community news and resources.\",\"publisher\":{\"@id\":\"https:\\\/\\\/casadecampoliving.com\\\/es\\\/#organization\"},\"potentialAction\":[{\"@type\":\"SearchAction\",\"target\":{\"@type\":\"EntryPoint\",\"urlTemplate\":\"https:\\\/\\\/casadecampoliving.com\\\/es\\\/?s={search_term_string}\"},\"query-input\":{\"@type\":\"PropertyValueSpecification\",\"valueRequired\":true,\"valueName\":\"search_term_string\"}}],\"inLanguage\":\"es\"},{\"@type\":\"Organization\",\"@id\":\"https:\\\/\\\/casadecampoliving.com\\\/es\\\/#organization\",\"name\":\"Casa de Campo Living\",\"url\":\"https:\\\/\\\/casadecampoliving.com\\\/es\\\/\",\"logo\":{\"@type\":\"ImageObject\",\"inLanguage\":\"es\",\"@id\":\"https:\\\/\\\/casadecampoliving.com\\\/es\\\/#\\\/schema\\\/logo\\\/image\\\/\",\"url\":\"https:\\\/\\\/i0.wp.com\\\/casadecampoliving.com\\\/wp-content\\\/uploads\\\/2022\\\/07\\\/CDCLivingLogo_V1-white-sized.png?fit=800%2C214&ssl=1\",\"contentUrl\":\"https:\\\/\\\/i0.wp.com\\\/casadecampoliving.com\\\/wp-content\\\/uploads\\\/2022\\\/07\\\/CDCLivingLogo_V1-white-sized.png?fit=800%2C214&ssl=1\",\"width\":800,\"height\":214,\"caption\":\"Casa de Campo Living\"},\"image\":{\"@id\":\"https:\\\/\\\/casadecampoliving.com\\\/es\\\/#\\\/schema\\\/logo\\\/image\\\/\"},\"sameAs\":[\"https:\\\/\\\/www.facebook.com\\\/casadecampoliving\",\"https:\\\/\\\/x.com\\\/cdcliving\"]},{\"@type\":\"Person\",\"@id\":\"https:\\\/\\\/casadecampoliving.com\\\/es\\\/#\\\/schema\\\/person\\\/bd396a8f8ea621ed900f2d4a7407a3a2\",\"name\":\"Eliana Alba\",\"image\":{\"@type\":\"ImageObject\",\"inLanguage\":\"es\",\"@id\":\"https:\\\/\\\/secure.gravatar.com\\\/avatar\\\/9855856e733abb59c5985d70cc9f36d1c83420173446a782077af61c55fb0a9c?s=96&d=mm&r=g\",\"url\":\"https:\\\/\\\/secure.gravatar.com\\\/avatar\\\/9855856e733abb59c5985d70cc9f36d1c83420173446a782077af61c55fb0a9c?s=96&d=mm&r=g\",\"contentUrl\":\"https:\\\/\\\/secure.gravatar.com\\\/avatar\\\/9855856e733abb59c5985d70cc9f36d1c83420173446a782077af61c55fb0a9c?s=96&d=mm&r=g\",\"caption\":\"Eliana Alba\"},\"sameAs\":[\"https:\\\/\\\/casadecampoliving.com\"],\"url\":\"https:\\\/\\\/casadecampoliving.com\\\/es\\\/author\\\/ealba\\\/\"}]}<\/script>\n<!-- \/ Yoast SEO plugin. -->","yoast_head_json":{"title":"Casa de Campo se une al exclusivo grupo de \"Preferred Hotels and Resorts\" | Casa de Campo Living","description":"Casa de Campo se enorgullece en anunciar que recientemente se ha convertido en miembro afiliado del exclusivo grupo Preferred Hotels &amp; Resorts, la","robots":{"index":"index","follow":"follow","max-snippet":"max-snippet:-1","max-image-preview":"max-image-preview:large","max-video-preview":"max-video-preview:-1"},"canonical":"https:\/\/casadecampoliving.com\/es\/casa-de-campo-se-une-al-exclusivo-grupo-de-preferred-hotels-and-resorts\/","og_locale":"es_ES","og_type":"article","og_title":"Casa de Campo se une al exclusivo grupo de \"Preferred Hotels and Resorts\" | Casa de Campo Living","og_description":"Casa de Campo se enorgullece en anunciar que recientemente se ha convertido en miembro afiliado del exclusivo grupo Preferred Hotels &amp; Resorts, la","og_url":"https:\/\/casadecampoliving.com\/es\/casa-de-campo-se-une-al-exclusivo-grupo-de-preferred-hotels-and-resorts\/","og_site_name":"Casa de Campo Living","article_publisher":"https:\/\/www.facebook.com\/casadecampoliving","article_published_time":"2013-08-14T04:00:00+00:00","article_modified_time":"2022-10-21T22:52:15+00:00","og_image":[{"width":650,"height":321,"url":"https:\/\/i0.wp.com\/casadecampoliving.com\/wp-content\/uploads\/2022\/10\/minitas_beach-14.jpg?fit=650%2C321&ssl=1","type":"image\/jpeg"}],"author":"Eliana Alba","twitter_card":"summary_large_image","twitter_creator":"@cdcliving","twitter_site":"@cdcliving","twitter_misc":{"Escrito por":"Eliana Alba","Tiempo de lectura":"2 minutos"},"schema":{"@context":"https:\/\/schema.org","@graph":[{"@type":"Article","@id":"https:\/\/casadecampoliving.com\/es\/casa-de-campo-se-une-al-exclusivo-grupo-de-preferred-hotels-and-resorts\/#article","isPartOf":{"@id":"https:\/\/casadecampoliving.com\/es\/casa-de-campo-se-une-al-exclusivo-grupo-de-preferred-hotels-and-resorts\/"},"author":{"name":"Eliana Alba","@id":"https:\/\/casadecampoliving.com\/es\/#\/schema\/person\/bd396a8f8ea621ed900f2d4a7407a3a2"},"headline":"Casa de Campo se une al exclusivo grupo de \u00abPreferred Hotels and Resorts\u00bb","datePublished":"2013-08-14T04:00:00+00:00","dateModified":"2022-10-21T22:52:15+00:00","mainEntityOfPage":{"@id":"https:\/\/casadecampoliving.com\/es\/casa-de-campo-se-une-al-exclusivo-grupo-de-preferred-hotels-and-resorts\/"},"wordCount":511,"publisher":{"@id":"https:\/\/casadecampoliving.com\/es\/#organization"},"image":{"@id":"https:\/\/casadecampoliving.com\/es\/casa-de-campo-se-une-al-exclusivo-grupo-de-preferred-hotels-and-resorts\/#primaryimage"},"thumbnailUrl":"https:\/\/i0.wp.com\/casadecampoliving.com\/wp-content\/uploads\/2022\/10\/minitas_beach-14.jpg?fit=650%2C321&ssl=1","keywords":["peter bonell @es","resort casa de campo"],"articleSection":["Destacados","Noticias Locales","Resort Casa de Campo","Titulares"],"inLanguage":"es"},{"@type":"WebPage","@id":"https:\/\/casadecampoliving.com\/es\/casa-de-campo-se-une-al-exclusivo-grupo-de-preferred-hotels-and-resorts\/","url":"https:\/\/casadecampoliving.com\/es\/casa-de-campo-se-une-al-exclusivo-grupo-de-preferred-hotels-and-resorts\/","name":"Casa de Campo se une al exclusivo grupo de \"Preferred Hotels and Resorts\" | Casa de Campo Living","isPartOf":{"@id":"https:\/\/casadecampoliving.com\/es\/#website"},"primaryImageOfPage":{"@id":"https:\/\/casadecampoliving.com\/es\/casa-de-campo-se-une-al-exclusivo-grupo-de-preferred-hotels-and-resorts\/#primaryimage"},"image":{"@id":"https:\/\/casadecampoliving.com\/es\/casa-de-campo-se-une-al-exclusivo-grupo-de-preferred-hotels-and-resorts\/#primaryimage"},"thumbnailUrl":"https:\/\/i0.wp.com\/casadecampoliving.com\/wp-content\/uploads\/2022\/10\/minitas_beach-14.jpg?fit=650%2C321&ssl=1","datePublished":"2013-08-14T04:00:00+00:00","dateModified":"2022-10-21T22:52:15+00:00","description":"Casa de Campo se enorgullece en anunciar que recientemente se ha convertido en miembro afiliado del exclusivo grupo Preferred Hotels &amp; Resorts, la","breadcrumb":{"@id":"https:\/\/casadecampoliving.com\/es\/casa-de-campo-se-une-al-exclusivo-grupo-de-preferred-hotels-and-resorts\/#breadcrumb"},"inLanguage":"es","potentialAction":[{"@type":"ReadAction","target":["https:\/\/casadecampoliving.com\/es\/casa-de-campo-se-une-al-exclusivo-grupo-de-preferred-hotels-and-resorts\/"]}]},{"@type":"ImageObject","inLanguage":"es","@id":"https:\/\/casadecampoliving.com\/es\/casa-de-campo-se-une-al-exclusivo-grupo-de-preferred-hotels-and-resorts\/#primaryimage","url":"https:\/\/i0.wp.com\/casadecampoliving.com\/wp-content\/uploads\/2022\/10\/minitas_beach-14.jpg?fit=650%2C321&ssl=1","contentUrl":"https:\/\/i0.wp.com\/casadecampoliving.com\/wp-content\/uploads\/2022\/10\/minitas_beach-14.jpg?fit=650%2C321&ssl=1","width":650,"height":321,"caption":"minitas beach"},{"@type":"BreadcrumbList","@id":"https:\/\/casadecampoliving.com\/es\/casa-de-campo-se-une-al-exclusivo-grupo-de-preferred-hotels-and-resorts\/#breadcrumb","itemListElement":[{"@type":"ListItem","position":1,"name":"Home","item":"https:\/\/casadecampoliving.com\/es\/"},{"@type":"ListItem","position":2,"name":"Casa de Campo se une al exclusivo grupo de &#8220;Preferred Hotels and Resorts&#8221;"}]},{"@type":"WebSite","@id":"https:\/\/casadecampoliving.com\/es\/#website","url":"https:\/\/casadecampoliving.com\/es\/","name":"Casa de Campo Living","description":"Resort community news and resources.","publisher":{"@id":"https:\/\/casadecampoliving.com\/es\/#organization"},"potentialAction":[{"@type":"SearchAction","target":{"@type":"EntryPoint","urlTemplate":"https:\/\/casadecampoliving.com\/es\/?s={search_term_string}"},"query-input":{"@type":"PropertyValueSpecification","valueRequired":true,"valueName":"search_term_string"}}],"inLanguage":"es"},{"@type":"Organization","@id":"https:\/\/casadecampoliving.com\/es\/#organization","name":"Casa de Campo Living","url":"https:\/\/casadecampoliving.com\/es\/","logo":{"@type":"ImageObject","inLanguage":"es","@id":"https:\/\/casadecampoliving.com\/es\/#\/schema\/logo\/image\/","url":"https:\/\/i0.wp.com\/casadecampoliving.com\/wp-content\/uploads\/2022\/07\/CDCLivingLogo_V1-white-sized.png?fit=800%2C214&ssl=1","contentUrl":"https:\/\/i0.wp.com\/casadecampoliving.com\/wp-content\/uploads\/2022\/07\/CDCLivingLogo_V1-white-sized.png?fit=800%2C214&ssl=1","width":800,"height":214,"caption":"Casa de Campo Living"},"image":{"@id":"https:\/\/casadecampoliving.com\/es\/#\/schema\/logo\/image\/"},"sameAs":["https:\/\/www.facebook.com\/casadecampoliving","https:\/\/x.com\/cdcliving"]},{"@type":"Person","@id":"https:\/\/casadecampoliving.com\/es\/#\/schema\/person\/bd396a8f8ea621ed900f2d4a7407a3a2","name":"Eliana Alba","image":{"@type":"ImageObject","inLanguage":"es","@id":"https:\/\/secure.gravatar.com\/avatar\/9855856e733abb59c5985d70cc9f36d1c83420173446a782077af61c55fb0a9c?s=96&d=mm&r=g","url":"https:\/\/secure.gravatar.com\/avatar\/9855856e733abb59c5985d70cc9f36d1c83420173446a782077af61c55fb0a9c?s=96&d=mm&r=g","contentUrl":"https:\/\/secure.gravatar.com\/avatar\/9855856e733abb59c5985d70cc9f36d1c83420173446a782077af61c55fb0a9c?s=96&d=mm&r=g","caption":"Eliana Alba"},"sameAs":["https:\/\/casadecampoliving.com"],"url":"https:\/\/casadecampoliving.com\/es\/author\/ealba\/"}]}},"parsely":{"version":"1.1.0","canonical_url":"https:\/\/casadecampoliving.com\/es\/casa-de-campo-se-une-al-exclusivo-grupo-de-preferred-hotels-and-resorts\/","smart_links":{"inbound":0,"outbound":0},"traffic_boost_suggestions_count":0,"meta":{"@context":"https:\/\/schema.org","@type":"NewsArticle","headline":"Casa de Campo se une al exclusivo grupo de \u00abPreferred Hotels and Resorts\u00bb","url":"http:\/\/casadecampoliving.com\/es\/casa-de-campo-se-une-al-exclusivo-grupo-de-preferred-hotels-and-resorts\/","mainEntityOfPage":{"@type":"WebPage","@id":"http:\/\/casadecampoliving.com\/es\/casa-de-campo-se-une-al-exclusivo-grupo-de-preferred-hotels-and-resorts\/"},"thumbnailUrl":"https:\/\/i0.wp.com\/casadecampoliving.com\/wp-content\/uploads\/2022\/10\/minitas_beach-14.jpg?resize=150%2C150&ssl=1","image":{"@type":"ImageObject","url":"https:\/\/i0.wp.com\/casadecampoliving.com\/wp-content\/uploads\/2022\/10\/minitas_beach-14.jpg?fit=650%2C321&ssl=1"},"articleSection":"Destacados","author":[{"@type":"Person","name":"Eliana Alba"}],"creator":["Eliana Alba"],"publisher":{"@type":"Organization","name":"Casa de Campo Living","logo":"https:\/\/casadecampoliving.com\/wp-content\/uploads\/2022\/07\/CDCLivingLogo_V1-white-sized.png"},"keywords":["peter bonell @es","resort casa de campo"],"dateCreated":"2013-08-14T04:00:00Z","datePublished":"2013-08-14T04:00:00Z","dateModified":"2022-10-21T22:52:15Z"},"rendered":"<script type=\"application\/ld+json\" class=\"wp-parsely-metadata\">{\"@context\":\"https:\\\/\\\/schema.org\",\"@type\":\"NewsArticle\",\"headline\":\"Casa de Campo se une al exclusivo grupo de \\u00abPreferred Hotels and Resorts\\u00bb\",\"url\":\"http:\\\/\\\/casadecampoliving.com\\\/es\\\/casa-de-campo-se-une-al-exclusivo-grupo-de-preferred-hotels-and-resorts\\\/\",\"mainEntityOfPage\":{\"@type\":\"WebPage\",\"@id\":\"http:\\\/\\\/casadecampoliving.com\\\/es\\\/casa-de-campo-se-une-al-exclusivo-grupo-de-preferred-hotels-and-resorts\\\/\"},\"thumbnailUrl\":\"https:\\\/\\\/i0.wp.com\\\/casadecampoliving.com\\\/wp-content\\\/uploads\\\/2022\\\/10\\\/minitas_beach-14.jpg?resize=150%2C150&ssl=1\",\"image\":{\"@type\":\"ImageObject\",\"url\":\"https:\\\/\\\/i0.wp.com\\\/casadecampoliving.com\\\/wp-content\\\/uploads\\\/2022\\\/10\\\/minitas_beach-14.jpg?fit=650%2C321&ssl=1\"},\"articleSection\":\"Destacados\",\"author\":[{\"@type\":\"Person\",\"name\":\"Eliana Alba\"}],\"creator\":[\"Eliana Alba\"],\"publisher\":{\"@type\":\"Organization\",\"name\":\"Casa de Campo Living\",\"logo\":\"https:\\\/\\\/casadecampoliving.com\\\/wp-content\\\/uploads\\\/2022\\\/07\\\/CDCLivingLogo_V1-white-sized.png\"},\"keywords\":[\"peter bonell @es\",\"resort casa de campo\"],\"dateCreated\":\"2013-08-14T04:00:00Z\",\"datePublished\":\"2013-08-14T04:00:00Z\",\"dateModified\":\"2022-10-21T22:52:15Z\"}<\/script>","tracker_url":"https:\/\/cdn.parsely.com\/keys\/casadecampoliving.com\/p.js"},"jetpack_publicize_connections":[],"jetpack_featured_media_url":"https:\/\/i0.wp.com\/casadecampoliving.com\/wp-content\/uploads\/2022\/10\/minitas_beach-14.jpg?fit=650%2C321&ssl=1","jetpack-related-posts":[{"id":433460,"url":"https:\/\/casadecampoliving.com\/es\/no-se-pierdan-el-increible-tributo-a-frank-sinatra-para-celebrar-el-40-aniversario-del-anfiteatro-altos-de-chavon\/","url_meta":{"origin":342686,"position":0},"title":"No se pierdan el incre\u00edble tributo a Frank Sinatra para celebrar el 40 aniversario del\u00a0Anfiteatro Altos de Chav\u00f3n","author":"Casa de Campo Living","date":"20 Oct, 2022","format":false,"excerpt":"Siendo uno de los escenarios m\u00e1s emblem\u00e1ticos del pa\u00eds, Casa de Campo Resort\u00ae & Villas celebra las cuatro d\u00e9cadas de aniversario de Altos de Chav\u00f3n con un tributo al gran Frank Sinatra, protagonizado por artistas invitados y una big band tal cual la que acompa\u00f1\u00f3 al artista hace 40 a\u00f1os\u2026","rel":"","context":"En \u00abUncategorized @es\u00bb","block_context":{"text":"Uncategorized @es","link":"https:\/\/casadecampoliving.com\/es\/category\/uncategorized-es\/"},"img":{"alt_text":"","src":"https:\/\/i0.wp.com\/casadecampoliving.com\/wp-content\/uploads\/2022\/10\/Tributo-Frank-Sinatra-Foto-Principal-Amaury-Sanchez-Danilo-Ginebra-Andres-Pichardo-y-Jose-Gabriel-Perez-.jpg?fit=1200%2C873&ssl=1&resize=350%2C200","width":350,"height":200,"srcset":"https:\/\/i0.wp.com\/casadecampoliving.com\/wp-content\/uploads\/2022\/10\/Tributo-Frank-Sinatra-Foto-Principal-Amaury-Sanchez-Danilo-Ginebra-Andres-Pichardo-y-Jose-Gabriel-Perez-.jpg?fit=1200%2C873&ssl=1&resize=350%2C200 1x, https:\/\/i0.wp.com\/casadecampoliving.com\/wp-content\/uploads\/2022\/10\/Tributo-Frank-Sinatra-Foto-Principal-Amaury-Sanchez-Danilo-Ginebra-Andres-Pichardo-y-Jose-Gabriel-Perez-.jpg?fit=1200%2C873&ssl=1&resize=525%2C300 1.5x, https:\/\/i0.wp.com\/casadecampoliving.com\/wp-content\/uploads\/2022\/10\/Tributo-Frank-Sinatra-Foto-Principal-Amaury-Sanchez-Danilo-Ginebra-Andres-Pichardo-y-Jose-Gabriel-Perez-.jpg?fit=1200%2C873&ssl=1&resize=700%2C400 2x, https:\/\/i0.wp.com\/casadecampoliving.com\/wp-content\/uploads\/2022\/10\/Tributo-Frank-Sinatra-Foto-Principal-Amaury-Sanchez-Danilo-Ginebra-Andres-Pichardo-y-Jose-Gabriel-Perez-.jpg?fit=1200%2C873&ssl=1&resize=1050%2C600 3x"},"classes":[]},{"id":322584,"url":"https:\/\/casadecampoliving.com\/casa-de-campo-joins-exclusive-group-of-preferred-hotels-resorts\/","url_meta":{"origin":342686,"position":1},"title":"Casa de Campo Joins exclusive group of Preferred Hotels\u00ae &#038; Resorts","author":"Eliana Alba","date":"14 Ago, 2013","format":false,"excerpt":"Casa de Campo is proud to announce that it has recently become a member of the exclusive group of Preferred Hotels & Resorts, the ultimate luxury hotel collection and a brand of\u00a0Preferred Hotel Group\u2122. Casa de Campo can now boast of being part of a selective group of the world\u2019s\u2026","rel":"","context":"En \u00abCasa de Campo Resort\u00bb","block_context":{"text":"Casa de Campo Resort","link":"https:\/\/casadecampoliving.com\/category\/casa-de-campo-resort\/"},"img":{"alt_text":"minitas beach","src":"https:\/\/i0.wp.com\/casadecampoliving.com\/wp-content\/uploads\/2022\/10\/minitas_beach-14.jpg?fit=650%2C321&ssl=1&resize=350%2C200","width":350,"height":200,"srcset":"https:\/\/i0.wp.com\/casadecampoliving.com\/wp-content\/uploads\/2022\/10\/minitas_beach-14.jpg?fit=650%2C321&ssl=1&resize=350%2C200 1x, https:\/\/i0.wp.com\/casadecampoliving.com\/wp-content\/uploads\/2022\/10\/minitas_beach-14.jpg?fit=650%2C321&ssl=1&resize=525%2C300 1.5x"},"classes":[]},{"id":325358,"url":"https:\/\/casadecampoliving.com\/casa-de-campo-becomes-part-preferred-hotels-legend-collection-2\/","url_meta":{"origin":342686,"position":2},"title":"Casa de Campo becomes part of Preferred Hotel&#8217;s \u00abLegend Collection\u00bb","author":"Perkin Agramonte","date":"12 Mar, 2015","format":false,"excerpt":"Another great accolade for our beloved Casa de Campo resort! Casa de Campo has just been\u00a0given membership of the \u201cLegend Collection\u201d by Preferred Hotels & Resorts. Preferred Hotels & Resorts represents the finest and most diverse global portfolio of independent hotels and independent hotel experiences, and Casa de Campo has\u2026","rel":"","context":"En \u00abCasa de Campo Living\u00bb","block_context":{"text":"Casa de Campo Living","link":"https:\/\/casadecampoliving.com\/category\/casa-de-campo-living\/"},"img":{"alt_text":"Casa de Campo villa","src":"https:\/\/i0.wp.com\/casadecampoliving.com\/wp-content\/uploads\/2022\/10\/Villa-Bamboo-1-scaled.jpg?fit=1200%2C600&ssl=1&resize=350%2C200","width":350,"height":200,"srcset":"https:\/\/i0.wp.com\/casadecampoliving.com\/wp-content\/uploads\/2022\/10\/Villa-Bamboo-1-scaled.jpg?fit=1200%2C600&ssl=1&resize=350%2C200 1x, https:\/\/i0.wp.com\/casadecampoliving.com\/wp-content\/uploads\/2022\/10\/Villa-Bamboo-1-scaled.jpg?fit=1200%2C600&ssl=1&resize=525%2C300 1.5x, https:\/\/i0.wp.com\/casadecampoliving.com\/wp-content\/uploads\/2022\/10\/Villa-Bamboo-1-scaled.jpg?fit=1200%2C600&ssl=1&resize=700%2C400 2x, https:\/\/i0.wp.com\/casadecampoliving.com\/wp-content\/uploads\/2022\/10\/Villa-Bamboo-1-scaled.jpg?fit=1200%2C600&ssl=1&resize=1050%2C600 3x"},"classes":[]},{"id":346921,"url":"https:\/\/casadecampoliving.com\/es\/casa-de-campo-entra-legend-collection-de-preferred-hotels-2\/","url_meta":{"origin":342686,"position":3},"title":"Casa de Campo entra a \u00abLegend Collection\u00bb de Preferred Hotels","author":"Perkin Agramonte","date":"12 Mar, 2015","format":false,"excerpt":"\u00a1Otro gran premio para nuestro amado resort Casa de Campo! Casa de Campo acaba de recibir\u00a0su membres\u00eda de la \u201cLegend Collection\u201d (Colecci\u00f3n Legenda) de Preferred Hotels & Resorts. Preferred Hotels & Resorts representa el portafolio global de los\u00a0mejores y m\u00e1s diversos hoteles independientes y experiencias hoteleras independientes, y Casa de\u2026","rel":"","context":"En \u00abCasa de Campo Living @es\u00bb","block_context":{"text":"Casa de Campo Living @es","link":"https:\/\/casadecampoliving.com\/category\/casa-de-campo-living-es\/"},"img":{"alt_text":"Casa de Campo villa","src":"https:\/\/i0.wp.com\/casadecampoliving.com\/wp-content\/uploads\/2022\/10\/Villa-Bamboo-1-scaled.jpg?fit=1200%2C600&ssl=1&resize=350%2C200","width":350,"height":200,"srcset":"https:\/\/i0.wp.com\/casadecampoliving.com\/wp-content\/uploads\/2022\/10\/Villa-Bamboo-1-scaled.jpg?fit=1200%2C600&ssl=1&resize=350%2C200 1x, https:\/\/i0.wp.com\/casadecampoliving.com\/wp-content\/uploads\/2022\/10\/Villa-Bamboo-1-scaled.jpg?fit=1200%2C600&ssl=1&resize=525%2C300 1.5x, https:\/\/i0.wp.com\/casadecampoliving.com\/wp-content\/uploads\/2022\/10\/Villa-Bamboo-1-scaled.jpg?fit=1200%2C600&ssl=1&resize=700%2C400 2x, https:\/\/i0.wp.com\/casadecampoliving.com\/wp-content\/uploads\/2022\/10\/Villa-Bamboo-1-scaled.jpg?fit=1200%2C600&ssl=1&resize=1050%2C600 3x"},"classes":[]},{"id":336969,"url":"https:\/\/casadecampoliving.com\/es\/casa-de-campo-es-reconocido-nuevamente-como-el-mejor-resort-de-golf-del-mundo\/","url_meta":{"origin":342686,"position":4},"title":"CASA DE CAMPO ES RECONOCIDO NUEVAMENTE COMO EL MEJOR RESORT DE GOLF DEL MUNDO","author":"Rebecca Silvestri","date":"10 Nov, 2010","format":false,"excerpt":"El complejo tur\u00edstico Casa de Campo recibi\u00f3 nuevamente el galard\u00f3n de los World Travel Awards como el Mejor Resort de Golf del Mundo. El importante reconocimiento fue entregado en Londres, Inglaterra, en una ceremonia llevada a cabo en el hotel Grosvenor House Marriott, con motivo de la celebraci\u00f3n de los\u2026","rel":"","context":"En \u00abDeportes\u00bb","block_context":{"text":"Deportes","link":"https:\/\/casadecampoliving.com\/es\/category\/golf-deportes-es\/"},"img":{"alt_text":"","src":"https:\/\/i0.wp.com\/casadecampoliving.com\/wp-content\/uploads\/2010\/11\/world_travel_awards_casa_de_campo.jpg?resize=350%2C200&ssl=1","width":350,"height":200,"srcset":"https:\/\/i0.wp.com\/casadecampoliving.com\/wp-content\/uploads\/2010\/11\/world_travel_awards_casa_de_campo.jpg?resize=350%2C200&ssl=1 1x, https:\/\/i0.wp.com\/casadecampoliving.com\/wp-content\/uploads\/2010\/11\/world_travel_awards_casa_de_campo.jpg?resize=525%2C300&ssl=1 1.5x"},"classes":[]},{"id":337130,"url":"https:\/\/casadecampoliving.com\/es\/casa-de-campo-presenta-su-oferta-de-villas-a-los-mas-importantes-planificadores-de-reuniones-de-los-estados-unidos-2\/","url_meta":{"origin":342686,"position":5},"title":"Casa de Campo presenta su oferta de villas a los m\u00e1s importantes planificadores de reuniones de los Estados Unidos!","author":"Rebecca Silvestri","date":"12 Oct, 2011","format":false,"excerpt":"Uno de los m\u00faltiples atractivos que Casa de Campo ofrece a los planificadores de reuniones, es la variedad de lugares para celebrar convenciones y a la vez, disfrutar de los deportes e inigualables opciones de entretenimientos. Recientemente la administraci\u00f3n del resort Casa de Campo fue anfitriona de un grupo de\u2026","rel":"","context":"En \u00abRestaurantes\u00bb","block_context":{"text":"Restaurantes","link":"https:\/\/casadecampoliving.com\/es\/category\/restaurantes-es\/"},"img":{"alt_text":"","src":"https:\/\/i0.wp.com\/casadecampoliving.com\/wp-content\/uploads\/2022\/10\/casa_de_campo_dinner-3.jpg?fit=500%2C333&ssl=1&resize=350%2C200","width":350,"height":200},"classes":[]}],"jetpack_sharing_enabled":true,"_links":{"self":[{"href":"https:\/\/casadecampoliving.com\/es\/wp-json\/wp\/v2\/posts\/342686","targetHints":{"allow":["GET"]}}],"collection":[{"href":"https:\/\/casadecampoliving.com\/es\/wp-json\/wp\/v2\/posts"}],"about":[{"href":"https:\/\/casadecampoliving.com\/es\/wp-json\/wp\/v2\/types\/post"}],"author":[{"embeddable":true,"href":"https:\/\/casadecampoliving.com\/es\/wp-json\/wp\/v2\/users\/454"}],"replies":[{"embeddable":true,"href":"https:\/\/casadecampoliving.com\/es\/wp-json\/wp\/v2\/comments?post=342686"}],"version-history":[{"count":1,"href":"https:\/\/casadecampoliving.com\/es\/wp-json\/wp\/v2\/posts\/342686\/revisions"}],"predecessor-version":[{"id":342687,"href":"https:\/\/casadecampoliving.com\/es\/wp-json\/wp\/v2\/posts\/342686\/revisions\/342687"}],"wp:featuredmedia":[{"embeddable":true,"href":"https:\/\/casadecampoliving.com\/es\/wp-json\/wp\/v2\/media\/264176"}],"wp:attachment":[{"href":"https:\/\/casadecampoliving.com\/es\/wp-json\/wp\/v2\/media?parent=342686"}],"wp:term":[{"taxonomy":"category","embeddable":true,"href":"https:\/\/casadecampoliving.com\/es\/wp-json\/wp\/v2\/categories?post=342686"},{"taxonomy":"post_tag","embeddable":true,"href":"https:\/\/casadecampoliving.com\/es\/wp-json\/wp\/v2\/tags?post=342686"},{"taxonomy":"newspack_spnsrs_tax","embeddable":true,"href":"https:\/\/casadecampoliving.com\/es\/wp-json\/wp\/v2\/newspack_spnsrs_tax?post=342686"}],"curies":[{"name":"wp","href":"https:\/\/api.w.org\/{rel}","templated":true}]}}