{"id":342653,"date":"2013-08-07T00:00:00","date_gmt":"2013-08-07T04:00:00","guid":{"rendered":"https:\/\/casadecampoliving.com\/participacion-del-chef-luca-banfi-en-chef-wanted-with-anne-burrel-food-network\/"},"modified":"2022-10-21T18:50:55","modified_gmt":"2022-10-21T22:50:55","slug":"participacion-del-chef-luca-banfi-en-chef-wanted-with-anne-burrel-food-network","status":"publish","type":"post","link":"https:\/\/casadecampoliving.com\/es\/participacion-del-chef-luca-banfi-en-chef-wanted-with-anne-burrel-food-network\/","title":{"rendered":"Participaci\u00f3n del Chef Luca Banfi en \u00abChef Wanted with Anne Burrel\u00bb Food Network"},"content":{"rendered":"<div class=\"wp-block-image\">\n<figure class=\"aligncenter is-resized\"><img loading=\"lazy\" decoding=\"async\" src=\"https:\/\/i0.wp.com\/casadecampoliving.com\/wp-content\/uploads\/2022\/10\/chef_luca_banfi.jpg?resize=650%2C361&amp;ssl=1\" alt=\"chef luca banfi\" class=\"wp-image-75248\" title=\"chef_luca_banfi\" height=\"361\" width=\"650\"\/><\/figure>\n<\/div>\n\n\n<p>Cuando Marco, Mauro y Mario Marccioni, copropietarios del aclamado grupo de restaurantes Le Cirque International localizados en New York decidieron abrir un nuevo restaurante &nbsp;en el intercontinental Abu Dhabi, &nbsp;en lugar de contratar un chef decidieron formar parte de Food Network<strong>&nbsp;\u201cChef Wanted with Anne Burrell\u201d <\/strong>para ayudarlos a encontrar uno perfecto\u2026\u00a1y nuestro propio chef Luca Banfi fue uno de los candidatos!<\/p>\n\n\n\n<p>Despu\u00e9s de pasar casi 10 a\u00f1os en San Diego, Luca Banfi lleg\u00f3 a Casa de Campo como &nbsp;el jefe de cocina en ambos restaurantes \u201cBeach Club by Le Cirque en Minitas y La Ca\u00f1a by il Circo en el hotel de &nbsp;Casa de Campo desde mayo del 2011 hasta su reciente salida en mayo de este a\u00f1o\u2026\u00a1no sab\u00edamos que se retiraba para buscar el estrellato en la TV!<\/p>\n\n\n<div class=\"wp-block-image\">\n<figure class=\"aligncenter is-resized\"><img loading=\"lazy\" decoding=\"async\" src=\"https:\/\/i0.wp.com\/casadecampoliving.com\/wp-content\/uploads\/2022\/10\/chef_wanted.jpg?resize=650%2C68&amp;ssl=1\" alt=\"chef wanted\" class=\"wp-image-75552\" title=\"chef_wanted\" height=\"68\" width=\"650\"\/><\/figure>\n<\/div>\n\n\n<p>Poco despu\u00e9s de su salida de Casa de Campo, Luca, habiendo sido seleccionado como uno de los nuevos chefs potenciales para el primer restaurante de Le Cirque en el Medio Oriente, compiti\u00f3 a lado de 3 otros chefs para participar en la Food Network&nbsp;<strong>\u201cChef Wanted with Anne Burrell\u201d \u2013 <\/strong>retando a todos ellos tambi\u00e9n.<\/p>\n\n\n\n<p><strong>\u00a1Sintoniza para enterarte!<\/strong><\/p>\n\n\n\n<p>El episodio en el que estar\u00e1 presente el Chef Luca estar\u00e1 en al aire en \u201cFood Channel\u201d esta semana en los siguientes horarios:<\/p>\n\n\n\n<p>\u2022 Jueves 8 de agosto a las 10:00 PM Costa Este\/Costa Oeste<\/p>\n\n\n\n<p>\u2022 Viernes 9 de agosto a las 1:00 AMET\/Costa Oeste<\/p>\n\n\n\n<p>\u2022 S\u00e1bado 11 de agosto a las 12:00 PM Costa Este\/Costa Oeste<\/p>\n\n\n\n<div>\n<p>Emocionados de escuchar sobre &nbsp;el debut de Luca en televisi\u00f3n como una estrella de reality, nos reunimos con nuestro chef favorito para saber algo m\u00e1s\u2026<\/p>\n<p><strong>@cdcliving:&nbsp;<a href=\"http:\/\/www.proz.com\/forum\/spanish\/68942-%C2%BFqu%C3%A9_pasa_con_los_signos_de_interrogaci%C3%B3n.html\">\u00bf<\/a>Qu\u00e9 es lo que m\u00e1s te gusta de Casa de Campo?<\/strong><\/p>\n<\/div>\n\n\n\n<p>!Si solo hubiera una sola cosa que me gustara &nbsp;m\u00e1s! La paz y la tranquilidad, la playa, \u00a1y por supuesto los amigos maravillosos que hice en mi tiempo all\u00ed!<\/p>\n\n\n<div class=\"wp-block-image\">\n<figure class=\"aligncenter is-resized\"><img loading=\"lazy\" decoding=\"async\" src=\"https:\/\/i0.wp.com\/casadecampoliving.com\/wp-content\/uploads\/2022\/10\/chef_luca_banfi-1.jpg?resize=650%2C434&amp;ssl=1\" alt=\"chef luca banfi\" class=\"wp-image-75553\" title=\"chef_luca_banfi\" height=\"434\" width=\"650\"\/><\/figure>\n<\/div>\n\n\n<p class=\"has-text-align-center\"><strong>Chef Luca con amigo &nbsp;en Casa de Campo<\/strong><br>\n<\/p>\n\n\n\n<p><strong>@cdcliving: <strong><a href=\"http:\/\/www.proz.com\/forum\/spanish\/68942-%C2%BFqu%C3%A9_pasa_con_los_signos_de_interrogaci%C3%B3n.html\">\u00bf<\/a><\/strong>porqu\u00e9 que te fuiste?<\/strong><\/p>\n\n\n\n<p>Esta fue una decisi\u00f3n muy dif\u00edcil ya que realmente me gusta el lugar y el estilo de vida; decid\u00ed que era tiempo de seguir adelante y perseguir otras oportunidades para crecer en este campo y tambi\u00e9n quiz\u00e1s viajar un poco m\u00e1s.<\/p>\n\n\n<div class=\"wp-block-image\">\n<figure class=\"alignright is-resized\"><img loading=\"lazy\" decoding=\"async\" src=\"https:\/\/i0.wp.com\/casadecampoliving.com\/wp-content\/uploads\/2022\/10\/chef_luca_banfi1.jpg?resize=259%2C415&amp;ssl=1\" alt=\"chef luca banfi\" class=\"wp-image-75554\" title=\"chef_luca_banfi\" height=\"415\" width=\"259\"\/><\/figure>\n<\/div>\n\n\n<p><strong>@cdcliving: <strong><a href=\"http:\/\/www.proz.com\/forum\/spanish\/68942-%C2%BFqu%C3%A9_pasa_con_los_signos_de_interrogaci%C3%B3n.html\">\u00bf<\/a>Entonces como llega la oportunidad de estar en \u201cChef Wanted\u201d?<\/strong><\/strong><\/p>\n\n\n\n<p>La oportunidad de estar en \u201cChef Wanted\u201d lleg\u00f3 como una inesperada sorpresa: hab\u00eda escuchado sobre el grupo Le Cirque sobre este proyecto en Abu Dhabi y hab\u00eda expresado inter\u00e9s en ello, as\u00ed que cuando llegaron al show, las cosas tomaron forma y la pr\u00f3xima cosa que sabes es que estoy en New York compitiendo.<\/p>\n\n\n\n<p><strong>@cdcliving: <strong><strong><strong><a href=\"http:\/\/www.proz.com\/forum\/spanish\/68942-%C2%BFqu%C3%A9_pasa_con_los_signos_de_interrogaci%C3%B3n.html\">\u00bf<\/a><\/strong><\/strong><\/strong>Cual fue tu experiencia al formar parte del show?<\/strong><\/p>\n\n\n\n<p><strong><\/strong>Tengo que decir que esta ha sido la experiencia m\u00e1s intensa que he tenido y tambi\u00e9n fue algo muy divertido, \u00a1pero al mismo tiempo algo muy enervante y estresante!<\/p>\n\n\n\n<p><strong>@cdcliving: <strong><strong><a href=\"http:\/\/www.proz.com\/forum\/spanish\/68942-%C2%BFqu%C3%A9_pasa_con_los_signos_de_interrogaci%C3%B3n.html\">\u00bf<\/a><\/strong><\/strong>Resultaste ganador?<\/strong><\/p>\n\n\n\n<p>Haha, <strong><strong><strong><a href=\"http:\/\/www.proz.com\/forum\/spanish\/68942-%C2%BFqu%C3%A9_pasa_con_los_signos_de_interrogaci%C3%B3n.html\">\u00bf<\/a><\/strong><\/strong><\/strong>quien soy para arruinar la sorpresa? !tendr\u00e1s que sintonizar y verlo! Adem\u00e1s, un poco de suspenso es algo bueno siempre.<\/p>\n\n\n\n<p><strong>@cdcliving: <strong><strong><strong><a href=\"http:\/\/www.proz.com\/forum\/spanish\/68942-%C2%BFqu%C3%A9_pasa_con_los_signos_de_interrogaci%C3%B3n.html\">\u00bf<\/a><\/strong><\/strong><\/strong>Algun momento memorable del que nos puedas hablar antes del show?&nbsp;<\/strong><\/p>\n\n\n\n<p>Todo lo que puedo decir es que habr\u00e1n varias sorpresas, incluyendo un gran incidente, \u00a1pero tendr\u00e1s que verlo todo!<\/p>\n","protected":false},"excerpt":{"rendered":"<p>Cuando Marco, Mauro y Mario Marccioni, copropietarios del aclamado grupo de restaurantes Le Cirque International localizados en New York decidieron abrir un nuevo restaurante &nbsp;en el intercontinental Abu Dhabi, &nbsp;en lugar de contratar un chef decidieron formar parte de Food Network&nbsp;\u201cChef Wanted with Anne Burrell\u201d para ayudarlos a encontrar uno perfecto\u2026\u00a1y nuestro propio chef Luca [&hellip;]<\/p>\n","protected":false},"author":388,"featured_media":261832,"comment_status":"closed","ping_status":"closed","sticky":false,"template":"","format":"standard","meta":{"newspack_ads_suppress_ads":false,"newspack_popups_has_disabled_popups":false,"newspack_sponsor_sponsorship_scope":"","newspack_sponsor_native_byline_display":"inherit","newspack_sponsor_native_category_display":"inherit","newspack_sponsor_underwriter_style":"inherit","newspack_sponsor_underwriter_placement":"inherit","_newspack_byline_active":false,"_newspack_byline":"","newspack_hide_updated_date":false,"newspack_show_updated_date":false,"newspack_content_restriction_is_exempt":false,"newspack_featured_image_position":"","newspack_post_subtitle":"","newspack_article_summary_title":"Overview:","newspack_article_summary":"","_jetpack_memberships_contains_paid_content":false,"footnotes":"","jetpack_publicize_message":"","jetpack_publicize_feature_enabled":true,"jetpack_social_post_already_shared":false,"jetpack_social_options":{"image_generator_settings":{"template":"highway","default_image_id":0,"font":"","enabled":false},"version":2},"_wpas_customize_per_network":false},"categories":[14629,2524,14631,14625,26822,2520],"tags":[7247,3750,2745,4669,7099],"newspack_spnsrs_tax":[],"class_list":["post-342653","post","type-post","status-publish","format-standard","has-post-thumbnail","hentry","category-comidas-bebidas","category-destacados","category-estilo-de-vida","category-noticias-locales","category-resort-casa-de-campo","category-restaurantes-es","tag-abu-dhabi","tag-beach-club-by-le-cirque-es","tag-chef-luca-banfi","tag-la-cana-by-il-circo","tag-la-cana-by-il-circo-es","entry"],"yoast_head":"<!-- This site is optimized with the Yoast SEO plugin v27.4 - https:\/\/yoast.com\/product\/yoast-seo-wordpress\/ -->\n<title>Participaci\u00f3n del Chef Luca Banfi en &quot;Chef Wanted with Anne Burrel&quot; Food Network | Casa de Campo Living<\/title>\n<meta name=\"description\" content=\"Cuando Marco, Mauro y Mario Marccioni, copropietarios del aclamado grupo de restaurantes Le Cirque International localizados en New York decidieron abrir\" \/>\n<meta name=\"robots\" content=\"index, follow, max-snippet:-1, max-image-preview:large, max-video-preview:-1\" \/>\n<link rel=\"canonical\" href=\"https:\/\/casadecampoliving.com\/es\/participacion-del-chef-luca-banfi-en-chef-wanted-with-anne-burrel-food-network\/\" \/>\n<meta property=\"og:locale\" content=\"es_ES\" \/>\n<meta property=\"og:type\" content=\"article\" \/>\n<meta property=\"og:title\" content=\"Participaci\u00f3n del Chef Luca Banfi en &quot;Chef Wanted with Anne Burrel&quot; Food Network | Casa de Campo Living\" \/>\n<meta property=\"og:description\" content=\"Cuando Marco, Mauro y Mario Marccioni, copropietarios del aclamado grupo de restaurantes Le Cirque International localizados en New York decidieron abrir\" \/>\n<meta property=\"og:url\" content=\"https:\/\/casadecampoliving.com\/es\/participacion-del-chef-luca-banfi-en-chef-wanted-with-anne-burrel-food-network\/\" \/>\n<meta property=\"og:site_name\" content=\"Casa de Campo Living\" \/>\n<meta property=\"article:publisher\" content=\"https:\/\/www.facebook.com\/casadecampoliving\" \/>\n<meta property=\"article:published_time\" content=\"2013-08-07T04:00:00+00:00\" \/>\n<meta property=\"article:modified_time\" content=\"2022-10-21T22:50:55+00:00\" \/>\n<meta property=\"og:image\" content=\"https:\/\/i0.wp.com\/casadecampoliving.com\/wp-content\/uploads\/2022\/10\/chef_luca_banfi-2.jpg?fit=650%2C361&ssl=1\" \/>\n\t<meta property=\"og:image:width\" content=\"650\" \/>\n\t<meta property=\"og:image:height\" content=\"361\" \/>\n\t<meta property=\"og:image:type\" content=\"image\/jpeg\" \/>\n<meta name=\"author\" content=\"lperdomo\" \/>\n<meta name=\"twitter:card\" content=\"summary_large_image\" \/>\n<meta name=\"twitter:creator\" content=\"@cdcliving\" \/>\n<meta name=\"twitter:site\" content=\"@cdcliving\" \/>\n<meta name=\"twitter:label1\" content=\"Escrito por\" \/>\n\t<meta name=\"twitter:data1\" content=\"lperdomo\" \/>\n\t<meta name=\"twitter:label2\" content=\"Tiempo de lectura\" \/>\n\t<meta name=\"twitter:data2\" content=\"3 minutos\" \/>\n<script type=\"application\/ld+json\" class=\"yoast-schema-graph\">{\"@context\":\"https:\\\/\\\/schema.org\",\"@graph\":[{\"@type\":\"Article\",\"@id\":\"https:\\\/\\\/casadecampoliving.com\\\/es\\\/participacion-del-chef-luca-banfi-en-chef-wanted-with-anne-burrel-food-network\\\/#article\",\"isPartOf\":{\"@id\":\"https:\\\/\\\/casadecampoliving.com\\\/es\\\/participacion-del-chef-luca-banfi-en-chef-wanted-with-anne-burrel-food-network\\\/\"},\"author\":{\"name\":\"lperdomo\",\"@id\":\"https:\\\/\\\/casadecampoliving.com\\\/es\\\/#\\\/schema\\\/person\\\/4505bf6f082fd862dd65dffed828158b\"},\"headline\":\"Participaci\u00f3n del Chef Luca Banfi en \u00abChef Wanted with Anne Burrel\u00bb Food Network\",\"datePublished\":\"2013-08-07T04:00:00+00:00\",\"dateModified\":\"2022-10-21T22:50:55+00:00\",\"mainEntityOfPage\":{\"@id\":\"https:\\\/\\\/casadecampoliving.com\\\/es\\\/participacion-del-chef-luca-banfi-en-chef-wanted-with-anne-burrel-food-network\\\/\"},\"wordCount\":568,\"publisher\":{\"@id\":\"https:\\\/\\\/casadecampoliving.com\\\/es\\\/#organization\"},\"image\":{\"@id\":\"https:\\\/\\\/casadecampoliving.com\\\/es\\\/participacion-del-chef-luca-banfi-en-chef-wanted-with-anne-burrel-food-network\\\/#primaryimage\"},\"thumbnailUrl\":\"https:\\\/\\\/i0.wp.com\\\/casadecampoliving.com\\\/wp-content\\\/uploads\\\/2022\\\/10\\\/chef_luca_banfi-2.jpg?fit=650%2C361&ssl=1\",\"keywords\":[\"abu dhabi\",\"beach club by le cirque @es\",\"chef luca banfi\",\"la cana by il circo\",\"la cana by il circo @es\"],\"articleSection\":[\"Comidas &amp; Bebidas\",\"Destacados\",\"Estilo de Vida\",\"Noticias Locales\",\"Resort Casa de Campo\",\"Restaurantes\"],\"inLanguage\":\"es\"},{\"@type\":\"WebPage\",\"@id\":\"https:\\\/\\\/casadecampoliving.com\\\/es\\\/participacion-del-chef-luca-banfi-en-chef-wanted-with-anne-burrel-food-network\\\/\",\"url\":\"https:\\\/\\\/casadecampoliving.com\\\/es\\\/participacion-del-chef-luca-banfi-en-chef-wanted-with-anne-burrel-food-network\\\/\",\"name\":\"Participaci\u00f3n del Chef Luca Banfi en \\\"Chef Wanted with Anne Burrel\\\" Food Network | Casa de Campo Living\",\"isPartOf\":{\"@id\":\"https:\\\/\\\/casadecampoliving.com\\\/es\\\/#website\"},\"primaryImageOfPage\":{\"@id\":\"https:\\\/\\\/casadecampoliving.com\\\/es\\\/participacion-del-chef-luca-banfi-en-chef-wanted-with-anne-burrel-food-network\\\/#primaryimage\"},\"image\":{\"@id\":\"https:\\\/\\\/casadecampoliving.com\\\/es\\\/participacion-del-chef-luca-banfi-en-chef-wanted-with-anne-burrel-food-network\\\/#primaryimage\"},\"thumbnailUrl\":\"https:\\\/\\\/i0.wp.com\\\/casadecampoliving.com\\\/wp-content\\\/uploads\\\/2022\\\/10\\\/chef_luca_banfi-2.jpg?fit=650%2C361&ssl=1\",\"datePublished\":\"2013-08-07T04:00:00+00:00\",\"dateModified\":\"2022-10-21T22:50:55+00:00\",\"description\":\"Cuando Marco, Mauro y Mario Marccioni, copropietarios del aclamado grupo de restaurantes Le Cirque International localizados en New York decidieron abrir\",\"breadcrumb\":{\"@id\":\"https:\\\/\\\/casadecampoliving.com\\\/es\\\/participacion-del-chef-luca-banfi-en-chef-wanted-with-anne-burrel-food-network\\\/#breadcrumb\"},\"inLanguage\":\"es\",\"potentialAction\":[{\"@type\":\"ReadAction\",\"target\":[\"https:\\\/\\\/casadecampoliving.com\\\/es\\\/participacion-del-chef-luca-banfi-en-chef-wanted-with-anne-burrel-food-network\\\/\"]}]},{\"@type\":\"ImageObject\",\"inLanguage\":\"es\",\"@id\":\"https:\\\/\\\/casadecampoliving.com\\\/es\\\/participacion-del-chef-luca-banfi-en-chef-wanted-with-anne-burrel-food-network\\\/#primaryimage\",\"url\":\"https:\\\/\\\/i0.wp.com\\\/casadecampoliving.com\\\/wp-content\\\/uploads\\\/2022\\\/10\\\/chef_luca_banfi-2.jpg?fit=650%2C361&ssl=1\",\"contentUrl\":\"https:\\\/\\\/i0.wp.com\\\/casadecampoliving.com\\\/wp-content\\\/uploads\\\/2022\\\/10\\\/chef_luca_banfi-2.jpg?fit=650%2C361&ssl=1\",\"width\":650,\"height\":361,\"caption\":\"chef luca banfi\"},{\"@type\":\"BreadcrumbList\",\"@id\":\"https:\\\/\\\/casadecampoliving.com\\\/es\\\/participacion-del-chef-luca-banfi-en-chef-wanted-with-anne-burrel-food-network\\\/#breadcrumb\",\"itemListElement\":[{\"@type\":\"ListItem\",\"position\":1,\"name\":\"Home\",\"item\":\"https:\\\/\\\/casadecampoliving.com\\\/es\\\/\"},{\"@type\":\"ListItem\",\"position\":2,\"name\":\"Participaci\u00f3n del Chef Luca Banfi en &#8220;Chef Wanted with Anne Burrel&#8221; Food Network\"}]},{\"@type\":\"WebSite\",\"@id\":\"https:\\\/\\\/casadecampoliving.com\\\/es\\\/#website\",\"url\":\"https:\\\/\\\/casadecampoliving.com\\\/es\\\/\",\"name\":\"Casa de Campo Living\",\"description\":\"Resort community news and resources.\",\"publisher\":{\"@id\":\"https:\\\/\\\/casadecampoliving.com\\\/es\\\/#organization\"},\"potentialAction\":[{\"@type\":\"SearchAction\",\"target\":{\"@type\":\"EntryPoint\",\"urlTemplate\":\"https:\\\/\\\/casadecampoliving.com\\\/es\\\/?s={search_term_string}\"},\"query-input\":{\"@type\":\"PropertyValueSpecification\",\"valueRequired\":true,\"valueName\":\"search_term_string\"}}],\"inLanguage\":\"es\"},{\"@type\":\"Organization\",\"@id\":\"https:\\\/\\\/casadecampoliving.com\\\/es\\\/#organization\",\"name\":\"Casa de Campo Living\",\"url\":\"https:\\\/\\\/casadecampoliving.com\\\/es\\\/\",\"logo\":{\"@type\":\"ImageObject\",\"inLanguage\":\"es\",\"@id\":\"https:\\\/\\\/casadecampoliving.com\\\/es\\\/#\\\/schema\\\/logo\\\/image\\\/\",\"url\":\"https:\\\/\\\/i0.wp.com\\\/casadecampoliving.com\\\/wp-content\\\/uploads\\\/2022\\\/07\\\/CDCLivingLogo_V1-white-sized.png?fit=800%2C214&ssl=1\",\"contentUrl\":\"https:\\\/\\\/i0.wp.com\\\/casadecampoliving.com\\\/wp-content\\\/uploads\\\/2022\\\/07\\\/CDCLivingLogo_V1-white-sized.png?fit=800%2C214&ssl=1\",\"width\":800,\"height\":214,\"caption\":\"Casa de Campo Living\"},\"image\":{\"@id\":\"https:\\\/\\\/casadecampoliving.com\\\/es\\\/#\\\/schema\\\/logo\\\/image\\\/\"},\"sameAs\":[\"https:\\\/\\\/www.facebook.com\\\/casadecampoliving\",\"https:\\\/\\\/x.com\\\/cdcliving\"]},{\"@type\":\"Person\",\"@id\":\"https:\\\/\\\/casadecampoliving.com\\\/es\\\/#\\\/schema\\\/person\\\/4505bf6f082fd862dd65dffed828158b\",\"name\":\"lperdomo\",\"image\":{\"@type\":\"ImageObject\",\"inLanguage\":\"es\",\"@id\":\"https:\\\/\\\/secure.gravatar.com\\\/avatar\\\/6f4e35901d52b8d648d82e11c9c54217bc500bbf5793d4f5e15d23fd2d5a1af4?s=96&d=mm&r=g\",\"url\":\"https:\\\/\\\/secure.gravatar.com\\\/avatar\\\/6f4e35901d52b8d648d82e11c9c54217bc500bbf5793d4f5e15d23fd2d5a1af4?s=96&d=mm&r=g\",\"contentUrl\":\"https:\\\/\\\/secure.gravatar.com\\\/avatar\\\/6f4e35901d52b8d648d82e11c9c54217bc500bbf5793d4f5e15d23fd2d5a1af4?s=96&d=mm&r=g\",\"caption\":\"lperdomo\"},\"sameAs\":[\"http:\\\/\\\/www.silgon.net\"],\"url\":\"https:\\\/\\\/casadecampoliving.com\\\/es\\\/author\\\/lperdomo\\\/\"}]}<\/script>\n<!-- \/ Yoast SEO plugin. -->","yoast_head_json":{"title":"Participaci\u00f3n del Chef Luca Banfi en \"Chef Wanted with Anne Burrel\" Food Network | Casa de Campo Living","description":"Cuando Marco, Mauro y Mario Marccioni, copropietarios del aclamado grupo de restaurantes Le Cirque International localizados en New York decidieron abrir","robots":{"index":"index","follow":"follow","max-snippet":"max-snippet:-1","max-image-preview":"max-image-preview:large","max-video-preview":"max-video-preview:-1"},"canonical":"https:\/\/casadecampoliving.com\/es\/participacion-del-chef-luca-banfi-en-chef-wanted-with-anne-burrel-food-network\/","og_locale":"es_ES","og_type":"article","og_title":"Participaci\u00f3n del Chef Luca Banfi en \"Chef Wanted with Anne Burrel\" Food Network | Casa de Campo Living","og_description":"Cuando Marco, Mauro y Mario Marccioni, copropietarios del aclamado grupo de restaurantes Le Cirque International localizados en New York decidieron abrir","og_url":"https:\/\/casadecampoliving.com\/es\/participacion-del-chef-luca-banfi-en-chef-wanted-with-anne-burrel-food-network\/","og_site_name":"Casa de Campo Living","article_publisher":"https:\/\/www.facebook.com\/casadecampoliving","article_published_time":"2013-08-07T04:00:00+00:00","article_modified_time":"2022-10-21T22:50:55+00:00","og_image":[{"width":650,"height":361,"url":"https:\/\/i0.wp.com\/casadecampoliving.com\/wp-content\/uploads\/2022\/10\/chef_luca_banfi-2.jpg?fit=650%2C361&ssl=1","type":"image\/jpeg"}],"author":"lperdomo","twitter_card":"summary_large_image","twitter_creator":"@cdcliving","twitter_site":"@cdcliving","twitter_misc":{"Escrito por":"lperdomo","Tiempo de lectura":"3 minutos"},"schema":{"@context":"https:\/\/schema.org","@graph":[{"@type":"Article","@id":"https:\/\/casadecampoliving.com\/es\/participacion-del-chef-luca-banfi-en-chef-wanted-with-anne-burrel-food-network\/#article","isPartOf":{"@id":"https:\/\/casadecampoliving.com\/es\/participacion-del-chef-luca-banfi-en-chef-wanted-with-anne-burrel-food-network\/"},"author":{"name":"lperdomo","@id":"https:\/\/casadecampoliving.com\/es\/#\/schema\/person\/4505bf6f082fd862dd65dffed828158b"},"headline":"Participaci\u00f3n del Chef Luca Banfi en \u00abChef Wanted with Anne Burrel\u00bb Food Network","datePublished":"2013-08-07T04:00:00+00:00","dateModified":"2022-10-21T22:50:55+00:00","mainEntityOfPage":{"@id":"https:\/\/casadecampoliving.com\/es\/participacion-del-chef-luca-banfi-en-chef-wanted-with-anne-burrel-food-network\/"},"wordCount":568,"publisher":{"@id":"https:\/\/casadecampoliving.com\/es\/#organization"},"image":{"@id":"https:\/\/casadecampoliving.com\/es\/participacion-del-chef-luca-banfi-en-chef-wanted-with-anne-burrel-food-network\/#primaryimage"},"thumbnailUrl":"https:\/\/i0.wp.com\/casadecampoliving.com\/wp-content\/uploads\/2022\/10\/chef_luca_banfi-2.jpg?fit=650%2C361&ssl=1","keywords":["abu dhabi","beach club by le cirque @es","chef luca banfi","la cana by il circo","la cana by il circo @es"],"articleSection":["Comidas &amp; Bebidas","Destacados","Estilo de Vida","Noticias Locales","Resort Casa de Campo","Restaurantes"],"inLanguage":"es"},{"@type":"WebPage","@id":"https:\/\/casadecampoliving.com\/es\/participacion-del-chef-luca-banfi-en-chef-wanted-with-anne-burrel-food-network\/","url":"https:\/\/casadecampoliving.com\/es\/participacion-del-chef-luca-banfi-en-chef-wanted-with-anne-burrel-food-network\/","name":"Participaci\u00f3n del Chef Luca Banfi en \"Chef Wanted with Anne Burrel\" Food Network | Casa de Campo Living","isPartOf":{"@id":"https:\/\/casadecampoliving.com\/es\/#website"},"primaryImageOfPage":{"@id":"https:\/\/casadecampoliving.com\/es\/participacion-del-chef-luca-banfi-en-chef-wanted-with-anne-burrel-food-network\/#primaryimage"},"image":{"@id":"https:\/\/casadecampoliving.com\/es\/participacion-del-chef-luca-banfi-en-chef-wanted-with-anne-burrel-food-network\/#primaryimage"},"thumbnailUrl":"https:\/\/i0.wp.com\/casadecampoliving.com\/wp-content\/uploads\/2022\/10\/chef_luca_banfi-2.jpg?fit=650%2C361&ssl=1","datePublished":"2013-08-07T04:00:00+00:00","dateModified":"2022-10-21T22:50:55+00:00","description":"Cuando Marco, Mauro y Mario Marccioni, copropietarios del aclamado grupo de restaurantes Le Cirque International localizados en New York decidieron abrir","breadcrumb":{"@id":"https:\/\/casadecampoliving.com\/es\/participacion-del-chef-luca-banfi-en-chef-wanted-with-anne-burrel-food-network\/#breadcrumb"},"inLanguage":"es","potentialAction":[{"@type":"ReadAction","target":["https:\/\/casadecampoliving.com\/es\/participacion-del-chef-luca-banfi-en-chef-wanted-with-anne-burrel-food-network\/"]}]},{"@type":"ImageObject","inLanguage":"es","@id":"https:\/\/casadecampoliving.com\/es\/participacion-del-chef-luca-banfi-en-chef-wanted-with-anne-burrel-food-network\/#primaryimage","url":"https:\/\/i0.wp.com\/casadecampoliving.com\/wp-content\/uploads\/2022\/10\/chef_luca_banfi-2.jpg?fit=650%2C361&ssl=1","contentUrl":"https:\/\/i0.wp.com\/casadecampoliving.com\/wp-content\/uploads\/2022\/10\/chef_luca_banfi-2.jpg?fit=650%2C361&ssl=1","width":650,"height":361,"caption":"chef luca banfi"},{"@type":"BreadcrumbList","@id":"https:\/\/casadecampoliving.com\/es\/participacion-del-chef-luca-banfi-en-chef-wanted-with-anne-burrel-food-network\/#breadcrumb","itemListElement":[{"@type":"ListItem","position":1,"name":"Home","item":"https:\/\/casadecampoliving.com\/es\/"},{"@type":"ListItem","position":2,"name":"Participaci\u00f3n del Chef Luca Banfi en &#8220;Chef Wanted with Anne Burrel&#8221; Food Network"}]},{"@type":"WebSite","@id":"https:\/\/casadecampoliving.com\/es\/#website","url":"https:\/\/casadecampoliving.com\/es\/","name":"Casa de Campo Living","description":"Resort community news and resources.","publisher":{"@id":"https:\/\/casadecampoliving.com\/es\/#organization"},"potentialAction":[{"@type":"SearchAction","target":{"@type":"EntryPoint","urlTemplate":"https:\/\/casadecampoliving.com\/es\/?s={search_term_string}"},"query-input":{"@type":"PropertyValueSpecification","valueRequired":true,"valueName":"search_term_string"}}],"inLanguage":"es"},{"@type":"Organization","@id":"https:\/\/casadecampoliving.com\/es\/#organization","name":"Casa de Campo Living","url":"https:\/\/casadecampoliving.com\/es\/","logo":{"@type":"ImageObject","inLanguage":"es","@id":"https:\/\/casadecampoliving.com\/es\/#\/schema\/logo\/image\/","url":"https:\/\/i0.wp.com\/casadecampoliving.com\/wp-content\/uploads\/2022\/07\/CDCLivingLogo_V1-white-sized.png?fit=800%2C214&ssl=1","contentUrl":"https:\/\/i0.wp.com\/casadecampoliving.com\/wp-content\/uploads\/2022\/07\/CDCLivingLogo_V1-white-sized.png?fit=800%2C214&ssl=1","width":800,"height":214,"caption":"Casa de Campo Living"},"image":{"@id":"https:\/\/casadecampoliving.com\/es\/#\/schema\/logo\/image\/"},"sameAs":["https:\/\/www.facebook.com\/casadecampoliving","https:\/\/x.com\/cdcliving"]},{"@type":"Person","@id":"https:\/\/casadecampoliving.com\/es\/#\/schema\/person\/4505bf6f082fd862dd65dffed828158b","name":"lperdomo","image":{"@type":"ImageObject","inLanguage":"es","@id":"https:\/\/secure.gravatar.com\/avatar\/6f4e35901d52b8d648d82e11c9c54217bc500bbf5793d4f5e15d23fd2d5a1af4?s=96&d=mm&r=g","url":"https:\/\/secure.gravatar.com\/avatar\/6f4e35901d52b8d648d82e11c9c54217bc500bbf5793d4f5e15d23fd2d5a1af4?s=96&d=mm&r=g","contentUrl":"https:\/\/secure.gravatar.com\/avatar\/6f4e35901d52b8d648d82e11c9c54217bc500bbf5793d4f5e15d23fd2d5a1af4?s=96&d=mm&r=g","caption":"lperdomo"},"sameAs":["http:\/\/www.silgon.net"],"url":"https:\/\/casadecampoliving.com\/es\/author\/lperdomo\/"}]}},"parsely":{"version":"1.1.0","canonical_url":"https:\/\/casadecampoliving.com\/es\/participacion-del-chef-luca-banfi-en-chef-wanted-with-anne-burrel-food-network\/","smart_links":{"inbound":0,"outbound":0},"traffic_boost_suggestions_count":0,"meta":{"@context":"https:\/\/schema.org","@type":"NewsArticle","headline":"Participaci\u00f3n del Chef Luca Banfi en \u00abChef Wanted with Anne Burrel\u00bb Food Network","url":"http:\/\/casadecampoliving.com\/es\/participacion-del-chef-luca-banfi-en-chef-wanted-with-anne-burrel-food-network\/","mainEntityOfPage":{"@type":"WebPage","@id":"http:\/\/casadecampoliving.com\/es\/participacion-del-chef-luca-banfi-en-chef-wanted-with-anne-burrel-food-network\/"},"thumbnailUrl":"https:\/\/i0.wp.com\/casadecampoliving.com\/wp-content\/uploads\/2022\/10\/chef_luca_banfi-2.jpg?resize=150%2C150&ssl=1","image":{"@type":"ImageObject","url":"https:\/\/i0.wp.com\/casadecampoliving.com\/wp-content\/uploads\/2022\/10\/chef_luca_banfi-2.jpg?fit=650%2C361&ssl=1"},"articleSection":"Comidas &amp; Bebidas","author":[{"@type":"Person","name":"lperdomo"}],"creator":["lperdomo"],"publisher":{"@type":"Organization","name":"Casa de Campo Living","logo":"https:\/\/casadecampoliving.com\/wp-content\/uploads\/2022\/07\/CDCLivingLogo_V1-white-sized.png"},"keywords":["abu dhabi","beach club by le cirque @es","chef luca banfi","la cana by il circo","la cana by il circo @es"],"dateCreated":"2013-08-07T04:00:00Z","datePublished":"2013-08-07T04:00:00Z","dateModified":"2022-10-21T22:50:55Z"},"rendered":"<script type=\"application\/ld+json\" class=\"wp-parsely-metadata\">{\"@context\":\"https:\\\/\\\/schema.org\",\"@type\":\"NewsArticle\",\"headline\":\"Participaci\\u00f3n del Chef Luca Banfi en \\u00abChef Wanted with Anne Burrel\\u00bb Food Network\",\"url\":\"http:\\\/\\\/casadecampoliving.com\\\/es\\\/participacion-del-chef-luca-banfi-en-chef-wanted-with-anne-burrel-food-network\\\/\",\"mainEntityOfPage\":{\"@type\":\"WebPage\",\"@id\":\"http:\\\/\\\/casadecampoliving.com\\\/es\\\/participacion-del-chef-luca-banfi-en-chef-wanted-with-anne-burrel-food-network\\\/\"},\"thumbnailUrl\":\"https:\\\/\\\/i0.wp.com\\\/casadecampoliving.com\\\/wp-content\\\/uploads\\\/2022\\\/10\\\/chef_luca_banfi-2.jpg?resize=150%2C150&ssl=1\",\"image\":{\"@type\":\"ImageObject\",\"url\":\"https:\\\/\\\/i0.wp.com\\\/casadecampoliving.com\\\/wp-content\\\/uploads\\\/2022\\\/10\\\/chef_luca_banfi-2.jpg?fit=650%2C361&ssl=1\"},\"articleSection\":\"Comidas &amp; Bebidas\",\"author\":[{\"@type\":\"Person\",\"name\":\"lperdomo\"}],\"creator\":[\"lperdomo\"],\"publisher\":{\"@type\":\"Organization\",\"name\":\"Casa de Campo Living\",\"logo\":\"https:\\\/\\\/casadecampoliving.com\\\/wp-content\\\/uploads\\\/2022\\\/07\\\/CDCLivingLogo_V1-white-sized.png\"},\"keywords\":[\"abu dhabi\",\"beach club by le cirque @es\",\"chef luca banfi\",\"la cana by il circo\",\"la cana by il circo @es\"],\"dateCreated\":\"2013-08-07T04:00:00Z\",\"datePublished\":\"2013-08-07T04:00:00Z\",\"dateModified\":\"2022-10-21T22:50:55Z\"}<\/script>","tracker_url":"https:\/\/cdn.parsely.com\/keys\/casadecampoliving.com\/p.js"},"jetpack_publicize_connections":[],"jetpack_featured_media_url":"https:\/\/i0.wp.com\/casadecampoliving.com\/wp-content\/uploads\/2022\/10\/chef_luca_banfi-2.jpg?fit=650%2C361&ssl=1","jetpack-related-posts":[{"id":322555,"url":"https:\/\/casadecampoliving.com\/chef-luca-banfi-to-star-in-chef-wanted-with-anne-burrel-on-the-food-network\/","url_meta":{"origin":342653,"position":0},"title":"Chef Luca Banfi to star in \u00abChef Wanted with Anne Burrel\u00bb on The Food Network","author":"Rebecca Silvestri","date":"7 Ago, 2013","format":false,"excerpt":"When Marco, Mauro and Mario Maccioni, co-owners of the acclaimed New York based restaurant group Le Cirque International decided to open a new restaurant at the Intercontinental Abu Dhabi, rather than hiring a chef they decided to take part in the\u00a0Food Network\u2019s \u201cChef Wanted with Anne Burrell\u201d to help them\u2026","rel":"","context":"En \u00abBeyond Casa\u00bb","block_context":{"text":"Beyond Casa","link":"https:\/\/casadecampoliving.com\/category\/beyond-casa\/"},"img":{"alt_text":"chef luca banfi","src":"https:\/\/i0.wp.com\/casadecampoliving.com\/wp-content\/uploads\/2022\/10\/chef_luca_banfi-2.jpg?fit=650%2C361&ssl=1&resize=350%2C200","width":350,"height":200,"srcset":"https:\/\/i0.wp.com\/casadecampoliving.com\/wp-content\/uploads\/2022\/10\/chef_luca_banfi-2.jpg?fit=650%2C361&ssl=1&resize=350%2C200 1x, https:\/\/i0.wp.com\/casadecampoliving.com\/wp-content\/uploads\/2022\/10\/chef_luca_banfi-2.jpg?fit=650%2C361&ssl=1&resize=525%2C300 1.5x"},"classes":[]},{"id":342690,"url":"https:\/\/casadecampoliving.com\/es\/chef-luca-banfi-nombrado-chef-ejecutivo-de-il-circo-abu-dhabi-en-se-busca-chef\/","url_meta":{"origin":342653,"position":1},"title":"Chef Luca Banfi nombrado Chef Ejecutivo de Il Circo Abu Dhabi en \u00abChef Wanted\u00bb","author":"Eliana Alba","date":"18 Ago, 2013","format":false,"excerpt":"Chef Luca Banfi trabaj\u00f3 en Casa de Campo los pasado \u00faltimo dos a\u00f1os, y ahora luego de su debut en el reality show \u201cChef Wanted with Anne Burrel\u201d, nuestro chef favorito ha sido nombrado el nuevo Chef Ejecutivo de Il Circo Abu Dhabi \u2013 el primer restaurante de Le Cirque\u2026","rel":"","context":"En \u00abCelebridades\u00bb","block_context":{"text":"Celebridades","link":"https:\/\/casadecampoliving.com\/es\/category\/celebridades-es\/"},"img":{"alt_text":"chef luca banfi","src":"https:\/\/i0.wp.com\/casadecampoliving.com\/wp-content\/uploads\/2022\/10\/chef_luca_banfi2-1.jpg?fit=650%2C369&ssl=1&resize=350%2C200","width":350,"height":200,"srcset":"https:\/\/i0.wp.com\/casadecampoliving.com\/wp-content\/uploads\/2022\/10\/chef_luca_banfi2-1.jpg?fit=650%2C369&ssl=1&resize=350%2C200 1x, https:\/\/i0.wp.com\/casadecampoliving.com\/wp-content\/uploads\/2022\/10\/chef_luca_banfi2-1.jpg?fit=650%2C369&ssl=1&resize=525%2C300 1.5x"},"classes":[]},{"id":322593,"url":"https:\/\/casadecampoliving.com\/chef-luca-banfi-named-executive-chef-of-il-circo-abu-dhabi-on-chef-wanted\/","url_meta":{"origin":342653,"position":2},"title":"Chef Luca Banfi named Executive Chef of Il Circo Abu Dhabi on \u201cChef Wanted\u201d","author":"Rebecca Silvestri","date":"18 Ago, 2013","format":false,"excerpt":"Chef Luca Banfi worked in Casa de Campo for the last 2 years, and now following last week\u2019s reality TV debut on \u201cChef Wanted with Anne Burrel\u201d, our favorite chef has now been named as the new Executive Chef of Il Circo Abu Dhabi \u2013 Le Cirque\u2019s first restaurant in\u2026","rel":"","context":"En \u00abBeyond Casa\u00bb","block_context":{"text":"Beyond Casa","link":"https:\/\/casadecampoliving.com\/category\/beyond-casa\/"},"img":{"alt_text":"chef luca banfi","src":"https:\/\/i0.wp.com\/casadecampoliving.com\/wp-content\/uploads\/2022\/10\/chef_luca_banfi2-1.jpg?fit=650%2C369&ssl=1&resize=350%2C200","width":350,"height":200,"srcset":"https:\/\/i0.wp.com\/casadecampoliving.com\/wp-content\/uploads\/2022\/10\/chef_luca_banfi2-1.jpg?fit=650%2C369&ssl=1&resize=350%2C200 1x, https:\/\/i0.wp.com\/casadecampoliving.com\/wp-content\/uploads\/2022\/10\/chef_luca_banfi2-1.jpg?fit=650%2C369&ssl=1&resize=525%2C300 1.5x"},"classes":[]},{"id":339863,"url":"https:\/\/casadecampoliving.com\/es\/el-sabor-de-una-sabrosa-delicia-chicken-fried-churrasco-por-el-chef-luca-banfi\/","url_meta":{"origin":342653,"position":3},"title":"El sabor de una sabrosa delicia: \u00abChicken Fried Churrasco\u00bb por el Chef Luca Banfi","author":"","date":"5 Oct, 2012","format":false,"excerpt":"Sin duda una de las mejores cosas de mi posici\u00f3n (Rebecca Hughes) como editora de Casa de Campo Living (al igual que CasaLife, TODO Casa de Campo y TODO La Romana-Bayahibe) \u2013 es la comida ! Amo cubrir eventos, escribir y ver mis escritos publicados, pero el privilegio de disfrutar\u2026","rel":"","context":"En \u00abComidas &amp; Bebidas\u00bb","block_context":{"text":"Comidas &amp; Bebidas","link":"https:\/\/casadecampoliving.com\/es\/category\/comidas-bebidas\/"},"img":{"alt_text":"chicken fried churrasco","src":"https:\/\/i0.wp.com\/casadecampoliving.com\/wp-content\/uploads\/2022\/10\/chicken_fried_churrasco-1.jpg?fit=650%2C415&ssl=1&resize=350%2C200","width":350,"height":200,"srcset":"https:\/\/i0.wp.com\/casadecampoliving.com\/wp-content\/uploads\/2022\/10\/chicken_fried_churrasco-1.jpg?fit=650%2C415&ssl=1&resize=350%2C200 1x, https:\/\/i0.wp.com\/casadecampoliving.com\/wp-content\/uploads\/2022\/10\/chicken_fried_churrasco-1.jpg?fit=650%2C415&ssl=1&resize=525%2C300 1.5x"},"classes":[]},{"id":321684,"url":"https:\/\/casadecampoliving.com\/the-taste-of-the-southern-fried-heaven-chicken-fried-churrasco-by-chef-luca-banfi\/","url_meta":{"origin":342653,"position":4},"title":"Chicken Fried Churrasco, a taste of southern-fried heaven by Chef Luca Banfi","author":"Rebecca Silvestri","date":"5 Oct, 2012","format":false,"excerpt":"Undoubtedly the best thing about my position as editor of Casa de Campo Living (as well as CasaLife, TODO Casa de Campo and TODO La Romana-Bayahibe)- is the food! I love going to events, I love writing, and I love seeing my words published, but the privilege\u00a0of being treated to\u00a0exceptionally\u00a0good\u2026","rel":"","context":"En \u00abCasa de Campo Resort\u00bb","block_context":{"text":"Casa de Campo Resort","link":"https:\/\/casadecampoliving.com\/category\/casa-de-campo-resort\/"},"img":{"alt_text":"chicken fried churrasco","src":"https:\/\/i0.wp.com\/casadecampoliving.com\/wp-content\/uploads\/2022\/10\/chicken_fried_churrasco-1.jpg?fit=650%2C415&ssl=1&resize=350%2C200","width":350,"height":200,"srcset":"https:\/\/i0.wp.com\/casadecampoliving.com\/wp-content\/uploads\/2022\/10\/chicken_fried_churrasco-1.jpg?fit=650%2C415&ssl=1&resize=350%2C200 1x, https:\/\/i0.wp.com\/casadecampoliving.com\/wp-content\/uploads\/2022\/10\/chicken_fried_churrasco-1.jpg?fit=650%2C415&ssl=1&resize=525%2C300 1.5x"},"classes":[]},{"id":337186,"url":"https:\/\/casadecampoliving.com\/es\/hortaliza-de-vegetales-y-jardin-de-verduras-en-casa-de-campo-2\/","url_meta":{"origin":342653,"position":5},"title":"Hortaliza de Vegetales y Jardin de Verduras en Casa de Campo!","author":"","date":"27 Sep, 2011","format":false,"excerpt":"El hotel de Casa de Campo ahora tiene su propia hortaliza de vegetales y jardin de verduras \u2013 creado por el nuevo Chef Luca Banfi. Luca Banfi de Mil\u00e1n, lleg\u00f3 a Casa de Campo despu\u00e9s de trabajar por 11 a\u00f1os en los Estados Unidos y ahora es el Chef ejecutivo\u2026","rel":"","context":"En \u00abDestacados\u00bb","block_context":{"text":"Destacados","link":"https:\/\/casadecampoliving.com\/es\/category\/destacados\/"},"img":{"alt_text":"","src":"https:\/\/i0.wp.com\/casadecampoliving.com\/wp-content\/uploads\/2022\/10\/casa_de_campo_vegetable_patch_herb_garden_la_romana-1.jpg?fit=565%2C392&ssl=1&resize=350%2C200","width":350,"height":200,"srcset":"https:\/\/i0.wp.com\/casadecampoliving.com\/wp-content\/uploads\/2022\/10\/casa_de_campo_vegetable_patch_herb_garden_la_romana-1.jpg?fit=565%2C392&ssl=1&resize=350%2C200 1x, https:\/\/i0.wp.com\/casadecampoliving.com\/wp-content\/uploads\/2022\/10\/casa_de_campo_vegetable_patch_herb_garden_la_romana-1.jpg?fit=565%2C392&ssl=1&resize=525%2C300 1.5x"},"classes":[]}],"jetpack_sharing_enabled":true,"_links":{"self":[{"href":"https:\/\/casadecampoliving.com\/es\/wp-json\/wp\/v2\/posts\/342653","targetHints":{"allow":["GET"]}}],"collection":[{"href":"https:\/\/casadecampoliving.com\/es\/wp-json\/wp\/v2\/posts"}],"about":[{"href":"https:\/\/casadecampoliving.com\/es\/wp-json\/wp\/v2\/types\/post"}],"author":[{"embeddable":true,"href":"https:\/\/casadecampoliving.com\/es\/wp-json\/wp\/v2\/users\/388"}],"replies":[{"embeddable":true,"href":"https:\/\/casadecampoliving.com\/es\/wp-json\/wp\/v2\/comments?post=342653"}],"version-history":[{"count":1,"href":"https:\/\/casadecampoliving.com\/es\/wp-json\/wp\/v2\/posts\/342653\/revisions"}],"predecessor-version":[{"id":342654,"href":"https:\/\/casadecampoliving.com\/es\/wp-json\/wp\/v2\/posts\/342653\/revisions\/342654"}],"wp:featuredmedia":[{"embeddable":true,"href":"https:\/\/casadecampoliving.com\/es\/wp-json\/wp\/v2\/media\/261832"}],"wp:attachment":[{"href":"https:\/\/casadecampoliving.com\/es\/wp-json\/wp\/v2\/media?parent=342653"}],"wp:term":[{"taxonomy":"category","embeddable":true,"href":"https:\/\/casadecampoliving.com\/es\/wp-json\/wp\/v2\/categories?post=342653"},{"taxonomy":"post_tag","embeddable":true,"href":"https:\/\/casadecampoliving.com\/es\/wp-json\/wp\/v2\/tags?post=342653"},{"taxonomy":"newspack_spnsrs_tax","embeddable":true,"href":"https:\/\/casadecampoliving.com\/es\/wp-json\/wp\/v2\/newspack_spnsrs_tax?post=342653"}],"curies":[{"name":"wp","href":"https:\/\/api.w.org\/{rel}","templated":true}]}}