{"id":342617,"date":"2013-07-30T00:00:00","date_gmt":"2013-07-30T04:00:00","guid":{"rendered":"https:\/\/casadecampoliving.com\/pitbull-por-el-hogar-del-nino-precios-de-taquillas-han-sido-anunciados\/"},"modified":"2022-10-21T18:49:33","modified_gmt":"2022-10-21T22:49:33","slug":"pitbull-por-el-hogar-del-nino-precios-de-taquillas-han-sido-anunciados","status":"publish","type":"post","link":"https:\/\/casadecampoliving.com\/es\/pitbull-por-el-hogar-del-nino-precios-de-taquillas-han-sido-anunciados\/","title":{"rendered":"\u00abPitbull por el Hogar del Ni\u00f1o\u00bb &#8211; Precios de taquillas han sido anunciados!"},"content":{"rendered":"<div class=\"wp-block-image\">\n<figure class=\"aligncenter is-resized\"><img loading=\"lazy\" decoding=\"async\" src=\"https:\/\/i0.wp.com\/casadecampoliving.com\/wp-content\/uploads\/2022\/10\/pitbull_concert_prices.png?resize=600%2C455&amp;ssl=1\" alt=\"Pitbull Hogar del Ni\u00f1o concert prices\" class=\"wp-image-75056\" title=\"pitbull_concert_prices\" height=\"455\" width=\"600\"\/><\/figure>\n<\/div>\n\n\n<p class=\"has-text-align-center\"><\/p>\n\n\n\n<p>El momento que todos hemos estado esperando ha llegado! Luego de haberse anunciado recientemente que Pitbull dar\u00eda un concierto en el Anfiteatro de Altos de Chav\u00f3n en favor del Hogar del Ni\u00f1o todos hemos quedado con deseos de saber m\u00e1s sobre las boletas\u2026\u00a1por lo que aqu\u00ed estamos emocionados por traerles los precios de las taquillas!<\/p>\n\n\n\n<p>Aunque los precios de las taquillas para el concierto del \u201cSr. 305\u201d ha sido anunciados, las entradas ya no est\u00e1n a la venta, pero si les interesa hacer una \u201cpre-reservaci\u00f3n\u201d solo hay que contactar al Hogar del Ni\u00f1o en&nbsp;(809) 556-3181 o (809) 528-8901.<\/p>\n\n\n\n<p>As\u00ed que sin m\u00e1s pre\u00e1mbulos los precios y detalles son los siguientes:<\/p>\n\n\n\n<blockquote><p><strong>\u201cPitbull por el Hogar del Ni\u00f1o\u201d concierto<\/strong><\/p><p><strong>Cuando:<\/strong>&nbsp;s\u00e1bado 21 de septiembre<\/p><p><strong>Donde:<\/strong>&nbsp;el anfiteatro de Altos de Chav\u00f3n, Casa de Campo<\/p><p><strong>Entradas:&nbsp;<\/strong><\/p><p style=\"padding-left: 30px;\"><strong>\u2022 MR. 305 GUEST: US$900.00 <\/strong>lo cual incluye acceso a una fiesta privada con el mism\u00edsmo Sr.305, imag\u00ednense eso!(M\u00e1s detalles pronto)<\/p><p style=\"padding-left: 30px;\"><strong>\u2022 PBO GUEST: RD$10,000.00<\/strong><\/p><p style=\"padding-left: 30px;\"><strong>\u2022 VIP: RD5,000.00<\/strong><\/p><p style=\"padding-left: 30px;\"><strong>\u2022 GENERAL: RD$1500.00<\/strong><\/p><p><strong>Contacto:<\/strong>&nbsp;(809) 523-8901, info@pbo.org.do<\/p><figure><img decoding=\"async\" loading=\"lazy\" class=\"wp-image-75088 aligncenter\" title=\"pitbull concert\" src=\"https:\/\/i0.wp.com\/casadecampoliving.com\/wp-content\/uploads\/2022\/10\/Screen-shot-2013-07-30-at-07.24.36.png?resize=564%2C359&amp;ssl=1\" alt=\"\" width=\"564\" height=\"359\"><\/figure><\/blockquote>\n\n\n\n<p>As\u00ed que m\u00e1s vale prepararse porque cuando Pitbull comienze a hacer mover las piedras de Chav\u00f3n todos estaremos \u201cfeeling this moment\u201d. \u00bfY lo mejor de todo? Es para una buena causa!<\/p>\n\n\n<div class=\"wp-block-image\">\n<figure class=\"aligncenter is-resized\"><img loading=\"lazy\" decoding=\"async\" src=\"https:\/\/i0.wp.com\/casadecampoliving.com\/wp-content\/uploads\/2022\/10\/pitbull_concert_poster.png?resize=600%2C455&amp;ssl=1\" alt=\"Pitbull Concert Poster Hogar del Ni\u00f1o\" class=\"wp-image-75058\" title=\"pitbull_concert_poster\" height=\"455\" width=\"600\"\/><\/figure>\n<\/div>\n\n\n<p class=\"has-text-align-center\"><\/p>\n\n\n\n<blockquote><p><strong>Pitbull en Casa de Campo<\/strong><\/p><figure><img decoding=\"async\" loading=\"lazy\" class=\"aligncenter size-full wp-image-41460\" title=\"pitbull_casa_de_campo\" src=\"https:\/\/i0.wp.com\/casadecampoliving.com\/wp-content\/uploads\/2022\/10\/pitbull_casa_de_campo4.jpg?resize=604%2C453&amp;ssl=1\" alt=\"pitbull cas de campo\" width=\"604\" height=\"453\"><\/figure><p>Su nombre real es Armando Christian P\u00e9rez, conocido como Pitbull, quien recientemente fue visto en Casa de Campo este diciembre de 2011, durante la temporada alta. Pitbull fue fotografiado<a href=\"https:\/\/casadecampoliving.com\/es\/2011\/12\/celebridades-en-casa-de-campo-chillin-en-la-playa-minitas-con-pitbull-y-manolo-cardona\/\"> mientras descansaba en la Playa Minitas<\/a>, al igual que <a href=\"https:\/\/casadecampoliving.com\/es\/2011\/02\/festejando-con-pitbull-en-casa-de-campo-2\/\">en Onno\u2019s Bar de Altos de Chav\u00f3n <\/a>con su amigo y famoso actor colombiano, Manolo Cardona y L\u00e1zaro M\u00e9ndez, conocido como DJ Laz.&nbsp;Durante esta visita a Casa de Campo, tambi\u00e9n se rumoreaba que comparti\u00f3 con <a href=\"https:\/\/casadecampoliving.com\/es\/2011\/12\/celebridades-en-casa-de-campo-marc-anthony-y-pitbull\/\">el famoso salsero Marc Anthony, quien visit\u00f3 el Orfanato Ni\u00f1os y Ni\u00f1as de Cristo <\/a>a mediados de diciembre de 2011. Si Pitbull realmente es amigo de Marc Anthony, podr\u00eda Marc Anthony estar involucrado? S\u00f3lo estamos especulando\u2026.<\/p><p>Pitbull tambi\u00e9n estaba con nosotros <a href=\"https:\/\/casadecampoliving.com\/es\/2011\/02\/festejando-con-pitbull-en-casa-de-campo-2\/\">en febrero 2011 en la fiesta del Fin de Semana del Hogar del Ni\u00f1o<\/a> y <a href=\"https:\/\/casadecampoliving.com\/es\/2010\/12\/celebridades-en-casa-de-campo-pitbull-apoya-el-hogar-del-nino-en-el-cafe-de-la-leche-2\/\">en diciembre 2009 en el Caf\u00e9 de la Leche de la navidad.&nbsp;<\/a><\/p><\/blockquote>\n\n\n\n<blockquote><p><strong><a href=\"https:\/\/casadecampoliving.com\/es\/hdn\/\">El Hogar del Ni\u00f1o<\/a><\/strong><\/p><figure><img decoding=\"async\" loading=\"lazy\" title=\"hogar_del_nino\" src=\"https:\/\/i0.wp.com\/casadecampoliving.com\/wp-content\/uploads\/2022\/10\/hogar_del_nino.jpg?resize=200%2C105&amp;ssl=1\" alt=\"hogar del nino \" width=\"200\" height=\"105\"><\/figure><p>El Hogar del Ni\u00f1o es un centro educacional y de cuidado para m\u00e1s de 1,500 ni\u00f1os, ubicado en el pueblo de La Romana, justo a las afueras de Casa de Campo. Ni\u00f1os que van desde los pocas semanas de nacidos hasta los 18 a\u00f1os de edad, son cuidados y educados a diario desde las 5:30am las 7pm.<\/p><p>La organizaci\u00f3n tambi\u00e9n provee educaci\u00f3n especial para ni\u00f1os especiales que padecen de ceguera o con limitaciones auditivas, al igual que una escuela vocacional en la que m\u00e1s de 235 estudiantes reciben educaci\u00f3n en las distintas \u00e1reas como: costura, preparaci\u00f3n industrial, mantenimiento e instalaci\u00f3n el\u00e9ctrica; manejo de programas de c\u00f3mputos.<\/p><figure><img decoding=\"async\" loading=\"lazy\" title=\"hogar_del_nino_la_romana\" src=\"https:\/\/i0.wp.com\/casadecampoliving.com\/wp-content\/uploads\/2022\/10\/hogar_del_nino_la_romana.jpg?resize=550%2C299&amp;ssl=1\" alt=\"hogar del nino la romana\" width=\"550\" height=\"299\"><\/figure><p><strong><strong>Comun\u00edquese con el Hogar del Ni\u00f1o al:<\/strong><br>\n<strong>Tel:<\/strong>&nbsp;<a href=\"tel:%28809%29%20523-8901\" target=\"_blank\" rel=\"noopener\">(809) 523-8901<\/a>&nbsp;<\/strong>o al (809) 556-3181<strong><br>\n<strong>Email:<\/strong>&nbsp;<a href=\"mailto:info@pbo.org.do\" target=\"_blank\" rel=\"noopener\">info@pbo.org.do<\/a><br>\n<strong>Sitio Web:<\/strong>&nbsp;<a href=\"http:\/\/www.hogardelnino.com\/\">www.hogardelnino.com<\/a><\/strong><\/p><p><em><strong><a href=\"https:\/\/casadecampoliving.com\/es\/hdn\/\">\u00a1Haga click aqu\u00ed para leer m\u00e1s sobre el Hogar del Ni\u00f1o y sus actividades y eventos m\u00e1s recientes!<\/a><\/strong><\/em><\/p><\/blockquote>\n","protected":false},"excerpt":{"rendered":"<p>El momento que todos hemos estado esperando ha llegado! Luego de haberse anunciado recientemente que Pitbull dar\u00eda un concierto en el Anfiteatro de Altos de Chav\u00f3n en favor del Hogar del Ni\u00f1o todos hemos quedado con deseos de saber m\u00e1s sobre las boletas\u2026\u00a1por lo que aqu\u00ed estamos emocionados por traerles los precios de las taquillas! [&hellip;]<\/p>\n","protected":false},"author":454,"featured_media":260335,"comment_status":"closed","ping_status":"closed","sticky":false,"template":"","format":"standard","meta":{"newspack_ads_suppress_ads":false,"newspack_popups_has_disabled_popups":false,"newspack_sponsor_sponsorship_scope":"","newspack_sponsor_native_byline_display":"inherit","newspack_sponsor_native_category_display":"inherit","newspack_sponsor_underwriter_style":"inherit","newspack_sponsor_underwriter_placement":"inherit","_newspack_byline_active":false,"_newspack_byline":"","newspack_hide_updated_date":false,"newspack_show_updated_date":false,"newspack_content_restriction_is_exempt":false,"newspack_featured_image_position":"","newspack_post_subtitle":"","newspack_article_summary_title":"Overview:","newspack_article_summary":"","_jetpack_memberships_contains_paid_content":false,"footnotes":"","jetpack_publicize_message":"","jetpack_publicize_feature_enabled":true,"jetpack_social_post_already_shared":false,"jetpack_social_options":{"image_generator_settings":{"template":"highway","default_image_id":0,"font":"","enabled":false},"version":2},"_wpas_customize_per_network":false},"categories":[26819,2513,2518,14631,2522,2514,2516,14625,14627,2521,2526],"tags":[15387,2604,6589,4484,14876,7138],"newspack_spnsrs_tax":[],"class_list":["post-342617","post","type-post","status-publish","format-standard","has-post-thumbnail","hentry","category-altos-de-chavon-es","category-celebridades-es","category-conciertos-es","category-estilo-de-vida","category-eventos-es","category-fundaciones-es","category-hogar-del-nino-es","category-noticias-locales","category-proximamente","category-republica-dominicana-2","category-titulares-es","tag-altos-de-chavon-es","tag-anfiteatro-altos-de-chavon","tag-conciertos-en-altos-de-chavon","tag-el-hogar-del-nino","tag-hogar-del-nino-es","tag-pitbull-es","entry"],"yoast_head":"<!-- This site is optimized with the Yoast SEO plugin v27.5 - https:\/\/yoast.com\/product\/yoast-seo-wordpress\/ -->\n<title>&quot;Pitbull por el Hogar del Ni\u00f1o&quot; - Precios de taquillas han sido anunciados! | Casa de Campo Living<\/title>\n<meta name=\"description\" content=\"El momento que todos hemos estado esperando ha llegado! Luego de haberse anunciado recientemente que Pitbull dar\u00eda un concierto en el Anfiteatro de Altos\" \/>\n<meta name=\"robots\" content=\"index, follow, max-snippet:-1, max-image-preview:large, max-video-preview:-1\" \/>\n<link rel=\"canonical\" href=\"https:\/\/casadecampoliving.com\/es\/pitbull-por-el-hogar-del-nino-precios-de-taquillas-han-sido-anunciados\/\" \/>\n<meta property=\"og:locale\" content=\"es_ES\" \/>\n<meta property=\"og:type\" content=\"article\" \/>\n<meta property=\"og:title\" content=\"&quot;Pitbull por el Hogar del Ni\u00f1o&quot; - Precios de taquillas han sido anunciados! | Casa de Campo Living\" \/>\n<meta property=\"og:description\" content=\"El momento que todos hemos estado esperando ha llegado! Luego de haberse anunciado recientemente que Pitbull dar\u00eda un concierto en el Anfiteatro de Altos\" \/>\n<meta property=\"og:url\" content=\"https:\/\/casadecampoliving.com\/es\/pitbull-por-el-hogar-del-nino-precios-de-taquillas-han-sido-anunciados\/\" \/>\n<meta property=\"og:site_name\" content=\"Casa de Campo Living\" \/>\n<meta property=\"article:publisher\" content=\"https:\/\/www.facebook.com\/casadecampoliving\" \/>\n<meta property=\"article:published_time\" content=\"2013-07-30T04:00:00+00:00\" \/>\n<meta property=\"article:modified_time\" content=\"2022-10-21T22:49:33+00:00\" \/>\n<meta property=\"og:image\" content=\"https:\/\/i0.wp.com\/casadecampoliving.com\/wp-content\/uploads\/2022\/10\/Screen-shot-2013-07-30-at-07.54.40.png?fit=967%2C413&ssl=1\" \/>\n\t<meta property=\"og:image:width\" content=\"967\" \/>\n\t<meta property=\"og:image:height\" content=\"413\" \/>\n\t<meta property=\"og:image:type\" content=\"image\/png\" \/>\n<meta name=\"author\" content=\"Eliana Alba\" \/>\n<meta name=\"twitter:card\" content=\"summary_large_image\" \/>\n<meta name=\"twitter:creator\" content=\"@cdcliving\" \/>\n<meta name=\"twitter:site\" content=\"@cdcliving\" \/>\n<meta name=\"twitter:label1\" content=\"Escrito por\" \/>\n\t<meta name=\"twitter:data1\" content=\"Eliana Alba\" \/>\n\t<meta name=\"twitter:label2\" content=\"Tiempo de lectura\" \/>\n\t<meta name=\"twitter:data2\" content=\"3 minutos\" \/>\n<script type=\"application\/ld+json\" class=\"yoast-schema-graph\">{\"@context\":\"https:\\\/\\\/schema.org\",\"@graph\":[{\"@type\":\"Article\",\"@id\":\"https:\\\/\\\/casadecampoliving.com\\\/es\\\/pitbull-por-el-hogar-del-nino-precios-de-taquillas-han-sido-anunciados\\\/#article\",\"isPartOf\":{\"@id\":\"https:\\\/\\\/casadecampoliving.com\\\/es\\\/pitbull-por-el-hogar-del-nino-precios-de-taquillas-han-sido-anunciados\\\/\"},\"author\":{\"name\":\"Eliana Alba\",\"@id\":\"https:\\\/\\\/casadecampoliving.com\\\/es\\\/#\\\/schema\\\/person\\\/bd396a8f8ea621ed900f2d4a7407a3a2\"},\"headline\":\"\u00abPitbull por el Hogar del Ni\u00f1o\u00bb &#8211; Precios de taquillas han sido anunciados!\",\"datePublished\":\"2013-07-30T04:00:00+00:00\",\"dateModified\":\"2022-10-21T22:49:33+00:00\",\"mainEntityOfPage\":{\"@id\":\"https:\\\/\\\/casadecampoliving.com\\\/es\\\/pitbull-por-el-hogar-del-nino-precios-de-taquillas-han-sido-anunciados\\\/\"},\"wordCount\":560,\"publisher\":{\"@id\":\"https:\\\/\\\/casadecampoliving.com\\\/es\\\/#organization\"},\"image\":{\"@id\":\"https:\\\/\\\/casadecampoliving.com\\\/es\\\/pitbull-por-el-hogar-del-nino-precios-de-taquillas-han-sido-anunciados\\\/#primaryimage\"},\"thumbnailUrl\":\"https:\\\/\\\/i0.wp.com\\\/casadecampoliving.com\\\/wp-content\\\/uploads\\\/2022\\\/10\\\/Screen-shot-2013-07-30-at-07.54.40.png?fit=967%2C413&ssl=1\",\"keywords\":[\"Altos de Chavon\",\"anfiteatro altos de chavon\",\"conciertos en altos de chavon\",\"el hogar del nino\",\"hogar del nino\",\"pitbull @es\"],\"articleSection\":[\"Altos de Chavon @es\",\"Celebridades\",\"Conciertos\",\"Estilo de Vida\",\"Eventos\",\"Fundaciones\",\"Hogar del Ni\u00f1o @es\",\"Noticias Locales\",\"Proximamente\",\"Rep\u00fablica Dominicana @es\",\"Titulares\"],\"inLanguage\":\"es\"},{\"@type\":\"WebPage\",\"@id\":\"https:\\\/\\\/casadecampoliving.com\\\/es\\\/pitbull-por-el-hogar-del-nino-precios-de-taquillas-han-sido-anunciados\\\/\",\"url\":\"https:\\\/\\\/casadecampoliving.com\\\/es\\\/pitbull-por-el-hogar-del-nino-precios-de-taquillas-han-sido-anunciados\\\/\",\"name\":\"\\\"Pitbull por el Hogar del Ni\u00f1o\\\" - Precios de taquillas han sido anunciados! | Casa de Campo Living\",\"isPartOf\":{\"@id\":\"https:\\\/\\\/casadecampoliving.com\\\/es\\\/#website\"},\"primaryImageOfPage\":{\"@id\":\"https:\\\/\\\/casadecampoliving.com\\\/es\\\/pitbull-por-el-hogar-del-nino-precios-de-taquillas-han-sido-anunciados\\\/#primaryimage\"},\"image\":{\"@id\":\"https:\\\/\\\/casadecampoliving.com\\\/es\\\/pitbull-por-el-hogar-del-nino-precios-de-taquillas-han-sido-anunciados\\\/#primaryimage\"},\"thumbnailUrl\":\"https:\\\/\\\/i0.wp.com\\\/casadecampoliving.com\\\/wp-content\\\/uploads\\\/2022\\\/10\\\/Screen-shot-2013-07-30-at-07.54.40.png?fit=967%2C413&ssl=1\",\"datePublished\":\"2013-07-30T04:00:00+00:00\",\"dateModified\":\"2022-10-21T22:49:33+00:00\",\"description\":\"El momento que todos hemos estado esperando ha llegado! Luego de haberse anunciado recientemente que Pitbull dar\u00eda un concierto en el Anfiteatro de Altos\",\"breadcrumb\":{\"@id\":\"https:\\\/\\\/casadecampoliving.com\\\/es\\\/pitbull-por-el-hogar-del-nino-precios-de-taquillas-han-sido-anunciados\\\/#breadcrumb\"},\"inLanguage\":\"es\",\"potentialAction\":[{\"@type\":\"ReadAction\",\"target\":[\"https:\\\/\\\/casadecampoliving.com\\\/es\\\/pitbull-por-el-hogar-del-nino-precios-de-taquillas-han-sido-anunciados\\\/\"]}]},{\"@type\":\"ImageObject\",\"inLanguage\":\"es\",\"@id\":\"https:\\\/\\\/casadecampoliving.com\\\/es\\\/pitbull-por-el-hogar-del-nino-precios-de-taquillas-han-sido-anunciados\\\/#primaryimage\",\"url\":\"https:\\\/\\\/i0.wp.com\\\/casadecampoliving.com\\\/wp-content\\\/uploads\\\/2022\\\/10\\\/Screen-shot-2013-07-30-at-07.54.40.png?fit=967%2C413&ssl=1\",\"contentUrl\":\"https:\\\/\\\/i0.wp.com\\\/casadecampoliving.com\\\/wp-content\\\/uploads\\\/2022\\\/10\\\/Screen-shot-2013-07-30-at-07.54.40.png?fit=967%2C413&ssl=1\",\"width\":967,\"height\":413},{\"@type\":\"BreadcrumbList\",\"@id\":\"https:\\\/\\\/casadecampoliving.com\\\/es\\\/pitbull-por-el-hogar-del-nino-precios-de-taquillas-han-sido-anunciados\\\/#breadcrumb\",\"itemListElement\":[{\"@type\":\"ListItem\",\"position\":1,\"name\":\"Home\",\"item\":\"https:\\\/\\\/casadecampoliving.com\\\/es\\\/\"},{\"@type\":\"ListItem\",\"position\":2,\"name\":\"&#8220;Pitbull por el Hogar del Ni\u00f1o&#8221; &#8211; Precios de taquillas han sido anunciados!\"}]},{\"@type\":\"WebSite\",\"@id\":\"https:\\\/\\\/casadecampoliving.com\\\/es\\\/#website\",\"url\":\"https:\\\/\\\/casadecampoliving.com\\\/es\\\/\",\"name\":\"Casa de Campo Living\",\"description\":\"Resort community news and resources.\",\"publisher\":{\"@id\":\"https:\\\/\\\/casadecampoliving.com\\\/es\\\/#organization\"},\"potentialAction\":[{\"@type\":\"SearchAction\",\"target\":{\"@type\":\"EntryPoint\",\"urlTemplate\":\"https:\\\/\\\/casadecampoliving.com\\\/es\\\/?s={search_term_string}\"},\"query-input\":{\"@type\":\"PropertyValueSpecification\",\"valueRequired\":true,\"valueName\":\"search_term_string\"}}],\"inLanguage\":\"es\"},{\"@type\":\"Organization\",\"@id\":\"https:\\\/\\\/casadecampoliving.com\\\/es\\\/#organization\",\"name\":\"Casa de Campo Living\",\"url\":\"https:\\\/\\\/casadecampoliving.com\\\/es\\\/\",\"logo\":{\"@type\":\"ImageObject\",\"inLanguage\":\"es\",\"@id\":\"https:\\\/\\\/casadecampoliving.com\\\/es\\\/#\\\/schema\\\/logo\\\/image\\\/\",\"url\":\"https:\\\/\\\/i0.wp.com\\\/casadecampoliving.com\\\/wp-content\\\/uploads\\\/2022\\\/07\\\/CDCLivingLogo_V1-white-sized.png?fit=800%2C214&ssl=1\",\"contentUrl\":\"https:\\\/\\\/i0.wp.com\\\/casadecampoliving.com\\\/wp-content\\\/uploads\\\/2022\\\/07\\\/CDCLivingLogo_V1-white-sized.png?fit=800%2C214&ssl=1\",\"width\":800,\"height\":214,\"caption\":\"Casa de Campo Living\"},\"image\":{\"@id\":\"https:\\\/\\\/casadecampoliving.com\\\/es\\\/#\\\/schema\\\/logo\\\/image\\\/\"},\"sameAs\":[\"https:\\\/\\\/www.facebook.com\\\/casadecampoliving\",\"https:\\\/\\\/x.com\\\/cdcliving\"]},{\"@type\":\"Person\",\"@id\":\"https:\\\/\\\/casadecampoliving.com\\\/es\\\/#\\\/schema\\\/person\\\/bd396a8f8ea621ed900f2d4a7407a3a2\",\"name\":\"Eliana Alba\",\"image\":{\"@type\":\"ImageObject\",\"inLanguage\":\"es\",\"@id\":\"https:\\\/\\\/secure.gravatar.com\\\/avatar\\\/9855856e733abb59c5985d70cc9f36d1c83420173446a782077af61c55fb0a9c?s=96&d=mm&r=g\",\"url\":\"https:\\\/\\\/secure.gravatar.com\\\/avatar\\\/9855856e733abb59c5985d70cc9f36d1c83420173446a782077af61c55fb0a9c?s=96&d=mm&r=g\",\"contentUrl\":\"https:\\\/\\\/secure.gravatar.com\\\/avatar\\\/9855856e733abb59c5985d70cc9f36d1c83420173446a782077af61c55fb0a9c?s=96&d=mm&r=g\",\"caption\":\"Eliana Alba\"},\"sameAs\":[\"https:\\\/\\\/casadecampoliving.com\"],\"url\":\"https:\\\/\\\/casadecampoliving.com\\\/es\\\/author\\\/ealba\\\/\"}]}<\/script>\n<!-- \/ Yoast SEO plugin. -->","yoast_head_json":{"title":"\"Pitbull por el Hogar del Ni\u00f1o\" - Precios de taquillas han sido anunciados! | Casa de Campo Living","description":"El momento que todos hemos estado esperando ha llegado! Luego de haberse anunciado recientemente que Pitbull dar\u00eda un concierto en el Anfiteatro de Altos","robots":{"index":"index","follow":"follow","max-snippet":"max-snippet:-1","max-image-preview":"max-image-preview:large","max-video-preview":"max-video-preview:-1"},"canonical":"https:\/\/casadecampoliving.com\/es\/pitbull-por-el-hogar-del-nino-precios-de-taquillas-han-sido-anunciados\/","og_locale":"es_ES","og_type":"article","og_title":"\"Pitbull por el Hogar del Ni\u00f1o\" - Precios de taquillas han sido anunciados! | Casa de Campo Living","og_description":"El momento que todos hemos estado esperando ha llegado! Luego de haberse anunciado recientemente que Pitbull dar\u00eda un concierto en el Anfiteatro de Altos","og_url":"https:\/\/casadecampoliving.com\/es\/pitbull-por-el-hogar-del-nino-precios-de-taquillas-han-sido-anunciados\/","og_site_name":"Casa de Campo Living","article_publisher":"https:\/\/www.facebook.com\/casadecampoliving","article_published_time":"2013-07-30T04:00:00+00:00","article_modified_time":"2022-10-21T22:49:33+00:00","og_image":[{"width":967,"height":413,"url":"https:\/\/i0.wp.com\/casadecampoliving.com\/wp-content\/uploads\/2022\/10\/Screen-shot-2013-07-30-at-07.54.40.png?fit=967%2C413&ssl=1","type":"image\/png"}],"author":"Eliana Alba","twitter_card":"summary_large_image","twitter_creator":"@cdcliving","twitter_site":"@cdcliving","twitter_misc":{"Escrito por":"Eliana Alba","Tiempo de lectura":"3 minutos"},"schema":{"@context":"https:\/\/schema.org","@graph":[{"@type":"Article","@id":"https:\/\/casadecampoliving.com\/es\/pitbull-por-el-hogar-del-nino-precios-de-taquillas-han-sido-anunciados\/#article","isPartOf":{"@id":"https:\/\/casadecampoliving.com\/es\/pitbull-por-el-hogar-del-nino-precios-de-taquillas-han-sido-anunciados\/"},"author":{"name":"Eliana Alba","@id":"https:\/\/casadecampoliving.com\/es\/#\/schema\/person\/bd396a8f8ea621ed900f2d4a7407a3a2"},"headline":"\u00abPitbull por el Hogar del Ni\u00f1o\u00bb &#8211; Precios de taquillas han sido anunciados!","datePublished":"2013-07-30T04:00:00+00:00","dateModified":"2022-10-21T22:49:33+00:00","mainEntityOfPage":{"@id":"https:\/\/casadecampoliving.com\/es\/pitbull-por-el-hogar-del-nino-precios-de-taquillas-han-sido-anunciados\/"},"wordCount":560,"publisher":{"@id":"https:\/\/casadecampoliving.com\/es\/#organization"},"image":{"@id":"https:\/\/casadecampoliving.com\/es\/pitbull-por-el-hogar-del-nino-precios-de-taquillas-han-sido-anunciados\/#primaryimage"},"thumbnailUrl":"https:\/\/i0.wp.com\/casadecampoliving.com\/wp-content\/uploads\/2022\/10\/Screen-shot-2013-07-30-at-07.54.40.png?fit=967%2C413&ssl=1","keywords":["Altos de Chavon","anfiteatro altos de chavon","conciertos en altos de chavon","el hogar del nino","hogar del nino","pitbull @es"],"articleSection":["Altos de Chavon @es","Celebridades","Conciertos","Estilo de Vida","Eventos","Fundaciones","Hogar del Ni\u00f1o @es","Noticias Locales","Proximamente","Rep\u00fablica Dominicana @es","Titulares"],"inLanguage":"es"},{"@type":"WebPage","@id":"https:\/\/casadecampoliving.com\/es\/pitbull-por-el-hogar-del-nino-precios-de-taquillas-han-sido-anunciados\/","url":"https:\/\/casadecampoliving.com\/es\/pitbull-por-el-hogar-del-nino-precios-de-taquillas-han-sido-anunciados\/","name":"\"Pitbull por el Hogar del Ni\u00f1o\" - Precios de taquillas han sido anunciados! | Casa de Campo Living","isPartOf":{"@id":"https:\/\/casadecampoliving.com\/es\/#website"},"primaryImageOfPage":{"@id":"https:\/\/casadecampoliving.com\/es\/pitbull-por-el-hogar-del-nino-precios-de-taquillas-han-sido-anunciados\/#primaryimage"},"image":{"@id":"https:\/\/casadecampoliving.com\/es\/pitbull-por-el-hogar-del-nino-precios-de-taquillas-han-sido-anunciados\/#primaryimage"},"thumbnailUrl":"https:\/\/i0.wp.com\/casadecampoliving.com\/wp-content\/uploads\/2022\/10\/Screen-shot-2013-07-30-at-07.54.40.png?fit=967%2C413&ssl=1","datePublished":"2013-07-30T04:00:00+00:00","dateModified":"2022-10-21T22:49:33+00:00","description":"El momento que todos hemos estado esperando ha llegado! Luego de haberse anunciado recientemente que Pitbull dar\u00eda un concierto en el Anfiteatro de Altos","breadcrumb":{"@id":"https:\/\/casadecampoliving.com\/es\/pitbull-por-el-hogar-del-nino-precios-de-taquillas-han-sido-anunciados\/#breadcrumb"},"inLanguage":"es","potentialAction":[{"@type":"ReadAction","target":["https:\/\/casadecampoliving.com\/es\/pitbull-por-el-hogar-del-nino-precios-de-taquillas-han-sido-anunciados\/"]}]},{"@type":"ImageObject","inLanguage":"es","@id":"https:\/\/casadecampoliving.com\/es\/pitbull-por-el-hogar-del-nino-precios-de-taquillas-han-sido-anunciados\/#primaryimage","url":"https:\/\/i0.wp.com\/casadecampoliving.com\/wp-content\/uploads\/2022\/10\/Screen-shot-2013-07-30-at-07.54.40.png?fit=967%2C413&ssl=1","contentUrl":"https:\/\/i0.wp.com\/casadecampoliving.com\/wp-content\/uploads\/2022\/10\/Screen-shot-2013-07-30-at-07.54.40.png?fit=967%2C413&ssl=1","width":967,"height":413},{"@type":"BreadcrumbList","@id":"https:\/\/casadecampoliving.com\/es\/pitbull-por-el-hogar-del-nino-precios-de-taquillas-han-sido-anunciados\/#breadcrumb","itemListElement":[{"@type":"ListItem","position":1,"name":"Home","item":"https:\/\/casadecampoliving.com\/es\/"},{"@type":"ListItem","position":2,"name":"&#8220;Pitbull por el Hogar del Ni\u00f1o&#8221; &#8211; Precios de taquillas han sido anunciados!"}]},{"@type":"WebSite","@id":"https:\/\/casadecampoliving.com\/es\/#website","url":"https:\/\/casadecampoliving.com\/es\/","name":"Casa de Campo Living","description":"Resort community news and resources.","publisher":{"@id":"https:\/\/casadecampoliving.com\/es\/#organization"},"potentialAction":[{"@type":"SearchAction","target":{"@type":"EntryPoint","urlTemplate":"https:\/\/casadecampoliving.com\/es\/?s={search_term_string}"},"query-input":{"@type":"PropertyValueSpecification","valueRequired":true,"valueName":"search_term_string"}}],"inLanguage":"es"},{"@type":"Organization","@id":"https:\/\/casadecampoliving.com\/es\/#organization","name":"Casa de Campo Living","url":"https:\/\/casadecampoliving.com\/es\/","logo":{"@type":"ImageObject","inLanguage":"es","@id":"https:\/\/casadecampoliving.com\/es\/#\/schema\/logo\/image\/","url":"https:\/\/i0.wp.com\/casadecampoliving.com\/wp-content\/uploads\/2022\/07\/CDCLivingLogo_V1-white-sized.png?fit=800%2C214&ssl=1","contentUrl":"https:\/\/i0.wp.com\/casadecampoliving.com\/wp-content\/uploads\/2022\/07\/CDCLivingLogo_V1-white-sized.png?fit=800%2C214&ssl=1","width":800,"height":214,"caption":"Casa de Campo Living"},"image":{"@id":"https:\/\/casadecampoliving.com\/es\/#\/schema\/logo\/image\/"},"sameAs":["https:\/\/www.facebook.com\/casadecampoliving","https:\/\/x.com\/cdcliving"]},{"@type":"Person","@id":"https:\/\/casadecampoliving.com\/es\/#\/schema\/person\/bd396a8f8ea621ed900f2d4a7407a3a2","name":"Eliana Alba","image":{"@type":"ImageObject","inLanguage":"es","@id":"https:\/\/secure.gravatar.com\/avatar\/9855856e733abb59c5985d70cc9f36d1c83420173446a782077af61c55fb0a9c?s=96&d=mm&r=g","url":"https:\/\/secure.gravatar.com\/avatar\/9855856e733abb59c5985d70cc9f36d1c83420173446a782077af61c55fb0a9c?s=96&d=mm&r=g","contentUrl":"https:\/\/secure.gravatar.com\/avatar\/9855856e733abb59c5985d70cc9f36d1c83420173446a782077af61c55fb0a9c?s=96&d=mm&r=g","caption":"Eliana Alba"},"sameAs":["https:\/\/casadecampoliving.com"],"url":"https:\/\/casadecampoliving.com\/es\/author\/ealba\/"}]}},"parsely":{"version":"1.1.0","canonical_url":"https:\/\/casadecampoliving.com\/es\/pitbull-por-el-hogar-del-nino-precios-de-taquillas-han-sido-anunciados\/","smart_links":{"inbound":0,"outbound":0},"traffic_boost_suggestions_count":0,"meta":{"@context":"https:\/\/schema.org","@type":"NewsArticle","headline":"\u00abPitbull por el Hogar del Ni\u00f1o\u00bb &#8211; Precios de taquillas han sido anunciados!","url":"http:\/\/casadecampoliving.com\/es\/pitbull-por-el-hogar-del-nino-precios-de-taquillas-han-sido-anunciados\/","mainEntityOfPage":{"@type":"WebPage","@id":"http:\/\/casadecampoliving.com\/es\/pitbull-por-el-hogar-del-nino-precios-de-taquillas-han-sido-anunciados\/"},"thumbnailUrl":"https:\/\/i0.wp.com\/casadecampoliving.com\/wp-content\/uploads\/2022\/10\/Screen-shot-2013-07-30-at-07.54.40.png?resize=150%2C150&ssl=1","image":{"@type":"ImageObject","url":"https:\/\/i0.wp.com\/casadecampoliving.com\/wp-content\/uploads\/2022\/10\/Screen-shot-2013-07-30-at-07.54.40.png?fit=967%2C413&ssl=1"},"articleSection":"Altos de Chavon @es","author":[{"@type":"Person","name":"Eliana Alba"}],"creator":["Eliana Alba"],"publisher":{"@type":"Organization","name":"Casa de Campo Living","logo":"https:\/\/casadecampoliving.com\/wp-content\/uploads\/2022\/07\/CDCLivingLogo_V1-white-sized.png"},"keywords":["altos de chavon","anfiteatro altos de chavon","conciertos en altos de chavon","el hogar del nino","hogar del nino","pitbull @es"],"dateCreated":"2013-07-30T04:00:00Z","datePublished":"2013-07-30T04:00:00Z","dateModified":"2022-10-21T22:49:33Z"},"rendered":"<script type=\"application\/ld+json\" class=\"wp-parsely-metadata\">{\"@context\":\"https:\\\/\\\/schema.org\",\"@type\":\"NewsArticle\",\"headline\":\"\\u00abPitbull por el Hogar del Ni\\u00f1o\\u00bb &#8211; Precios de taquillas han sido anunciados!\",\"url\":\"http:\\\/\\\/casadecampoliving.com\\\/es\\\/pitbull-por-el-hogar-del-nino-precios-de-taquillas-han-sido-anunciados\\\/\",\"mainEntityOfPage\":{\"@type\":\"WebPage\",\"@id\":\"http:\\\/\\\/casadecampoliving.com\\\/es\\\/pitbull-por-el-hogar-del-nino-precios-de-taquillas-han-sido-anunciados\\\/\"},\"thumbnailUrl\":\"https:\\\/\\\/i0.wp.com\\\/casadecampoliving.com\\\/wp-content\\\/uploads\\\/2022\\\/10\\\/Screen-shot-2013-07-30-at-07.54.40.png?resize=150%2C150&ssl=1\",\"image\":{\"@type\":\"ImageObject\",\"url\":\"https:\\\/\\\/i0.wp.com\\\/casadecampoliving.com\\\/wp-content\\\/uploads\\\/2022\\\/10\\\/Screen-shot-2013-07-30-at-07.54.40.png?fit=967%2C413&ssl=1\"},\"articleSection\":\"Altos de Chavon @es\",\"author\":[{\"@type\":\"Person\",\"name\":\"Eliana Alba\"}],\"creator\":[\"Eliana Alba\"],\"publisher\":{\"@type\":\"Organization\",\"name\":\"Casa de Campo Living\",\"logo\":\"https:\\\/\\\/casadecampoliving.com\\\/wp-content\\\/uploads\\\/2022\\\/07\\\/CDCLivingLogo_V1-white-sized.png\"},\"keywords\":[\"altos de chavon\",\"anfiteatro altos de chavon\",\"conciertos en altos de chavon\",\"el hogar del nino\",\"hogar del nino\",\"pitbull @es\"],\"dateCreated\":\"2013-07-30T04:00:00Z\",\"datePublished\":\"2013-07-30T04:00:00Z\",\"dateModified\":\"2022-10-21T22:49:33Z\"}<\/script>","tracker_url":"https:\/\/cdn.parsely.com\/keys\/casadecampoliving.com\/p.js"},"jetpack_publicize_connections":[],"jetpack_featured_media_url":"https:\/\/i0.wp.com\/casadecampoliving.com\/wp-content\/uploads\/2022\/10\/Screen-shot-2013-07-30-at-07.54.40.png?fit=967%2C413&ssl=1","jetpack-related-posts":[{"id":433460,"url":"https:\/\/casadecampoliving.com\/es\/no-se-pierdan-el-increible-tributo-a-frank-sinatra-para-celebrar-el-40-aniversario-del-anfiteatro-altos-de-chavon\/","url_meta":{"origin":342617,"position":0},"title":"No se pierdan el incre\u00edble tributo a Frank Sinatra para celebrar el 40 aniversario del\u00a0Anfiteatro Altos de Chav\u00f3n","author":"Casa de Campo Living","date":"20 Oct, 2022","format":false,"excerpt":"Siendo uno de los escenarios m\u00e1s emblem\u00e1ticos del pa\u00eds, Casa de Campo Resort\u00ae & Villas celebra las cuatro d\u00e9cadas de aniversario de Altos de Chav\u00f3n con un tributo al gran Frank Sinatra, protagonizado por artistas invitados y una big band tal cual la que acompa\u00f1\u00f3 al artista hace 40 a\u00f1os\u2026","rel":"","context":"En \u00abUncategorized @es\u00bb","block_context":{"text":"Uncategorized @es","link":"https:\/\/casadecampoliving.com\/es\/category\/uncategorized-es\/"},"img":{"alt_text":"","src":"https:\/\/i0.wp.com\/casadecampoliving.com\/wp-content\/uploads\/2022\/10\/Tributo-Frank-Sinatra-Foto-Principal-Amaury-Sanchez-Danilo-Ginebra-Andres-Pichardo-y-Jose-Gabriel-Perez-.jpg?fit=1200%2C873&ssl=1&resize=350%2C200","width":350,"height":200,"srcset":"https:\/\/i0.wp.com\/casadecampoliving.com\/wp-content\/uploads\/2022\/10\/Tributo-Frank-Sinatra-Foto-Principal-Amaury-Sanchez-Danilo-Ginebra-Andres-Pichardo-y-Jose-Gabriel-Perez-.jpg?fit=1200%2C873&ssl=1&resize=350%2C200 1x, https:\/\/i0.wp.com\/casadecampoliving.com\/wp-content\/uploads\/2022\/10\/Tributo-Frank-Sinatra-Foto-Principal-Amaury-Sanchez-Danilo-Ginebra-Andres-Pichardo-y-Jose-Gabriel-Perez-.jpg?fit=1200%2C873&ssl=1&resize=525%2C300 1.5x, https:\/\/i0.wp.com\/casadecampoliving.com\/wp-content\/uploads\/2022\/10\/Tributo-Frank-Sinatra-Foto-Principal-Amaury-Sanchez-Danilo-Ginebra-Andres-Pichardo-y-Jose-Gabriel-Perez-.jpg?fit=1200%2C873&ssl=1&resize=700%2C400 2x, https:\/\/i0.wp.com\/casadecampoliving.com\/wp-content\/uploads\/2022\/10\/Tributo-Frank-Sinatra-Foto-Principal-Amaury-Sanchez-Danilo-Ginebra-Andres-Pichardo-y-Jose-Gabriel-Perez-.jpg?fit=1200%2C873&ssl=1&resize=1050%2C600 3x"},"classes":[]},{"id":342589,"url":"https:\/\/casadecampoliving.com\/es\/confirmado-pitbull-viene-en-concierto-a-altos-de-chavon-a-benefico-del-hogar-del-nino\/","url_meta":{"origin":342617,"position":1},"title":"CONFIRMADO! Pitbull viene en concierto a Altos de Chav\u00f3n a beneficio del Hogar del Ni\u00f1o","author":"Rebecca Silvestri","date":"25 Jul, 2013","format":false,"excerpt":"Un concierto de Pitbull viene a Casa de Campo! Y no s\u00f3lo eso\u2026 el evento ser\u00e1\u00a0ben\u00e9fico a causa del Hogar del Ni\u00f1o en La Romana. Xiomara Matos, Presidente del Hogar del Ni\u00f1o, estaba encantada y emocionada de anunciar el concierto de caridad a casadecampoliving.com ayer. \u201cPitbull viene\u201d, nos dijo, que\u2026","rel":"","context":"En \u00abAltos de Chavon @es\u00bb","block_context":{"text":"Altos de Chavon @es","link":"https:\/\/casadecampoliving.com\/category\/altos-de-chavon-es\/"},"img":{"alt_text":"","src":"https:\/\/i0.wp.com\/casadecampoliving.com\/wp-content\/uploads\/2022\/10\/pitbull_concert1.jpg?fit=812%2C410&ssl=1&resize=350%2C200","width":350,"height":200,"srcset":"https:\/\/i0.wp.com\/casadecampoliving.com\/wp-content\/uploads\/2022\/10\/pitbull_concert1.jpg?fit=812%2C410&ssl=1&resize=350%2C200 1x, https:\/\/i0.wp.com\/casadecampoliving.com\/wp-content\/uploads\/2022\/10\/pitbull_concert1.jpg?fit=812%2C410&ssl=1&resize=525%2C300 1.5x, https:\/\/i0.wp.com\/casadecampoliving.com\/wp-content\/uploads\/2022\/10\/pitbull_concert1.jpg?fit=812%2C410&ssl=1&resize=700%2C400 2x"},"classes":[]},{"id":342911,"url":"https:\/\/casadecampoliving.com\/es\/menu-especial-en-la-piazzetta-para-el-concierto-de-pitbull\/","url_meta":{"origin":342617,"position":2},"title":"Men\u00fa especial en La Piazzetta para el concierto de Pitbull","author":"Lenny Castillo","date":"17 Sep, 2013","format":false,"excerpt":"Este s\u00e1bado 21 de septiembre es el concierto \u201cPitbull para el Hogar del Ni\u00f1o\u201d en Altos de Chav\u00f3n, y como es tradici\u00f3n, La Piazzetta en Altos de Chav\u00f3n ha creado un men\u00fa especial para cerrar la noche con Pitbull\u2026 Un Restaurante mediterr\u00e1neo y r\u00fastico de Casa de Campo, La Piazzetta\u2026","rel":"","context":"En \u00abAltos de Chavon @es\u00bb","block_context":{"text":"Altos de Chavon @es","link":"https:\/\/casadecampoliving.com\/category\/altos-de-chavon-es\/"},"img":{"alt_text":"","src":"https:\/\/i0.wp.com\/casadecampoliving.com\/wp-content\/uploads\/2022\/10\/antipasto-1.jpg?fit=650%2C369&ssl=1&resize=350%2C200","width":350,"height":200,"srcset":"https:\/\/i0.wp.com\/casadecampoliving.com\/wp-content\/uploads\/2022\/10\/antipasto-1.jpg?fit=650%2C369&ssl=1&resize=350%2C200 1x, https:\/\/i0.wp.com\/casadecampoliving.com\/wp-content\/uploads\/2022\/10\/antipasto-1.jpg?fit=650%2C369&ssl=1&resize=525%2C300 1.5x"},"classes":[]},{"id":342942,"url":"https:\/\/casadecampoliving.com\/es\/fiesta-prom-night-este-sabado-en-genesis\/","url_meta":{"origin":342617,"position":3},"title":"Fiesta \u00abProm night\u00bb este s\u00e1bado en Genesis","author":"Lenny Castillo","date":"19 Sep, 2013","format":false,"excerpt":"Este s\u00e1bado 21 de septiembre se celebra el concierto \u201cPitbull para el Hogar del Ni\u00f1o\u201d en el Anfiteatro de Altos de Chav\u00f3n\u2026 despu\u00e9s puedes continuar la fiesta en la discoteca G\u00e9nesis! Esto fiesta \u201cno oficial\u201d, despu\u00e9s del concierto \u201cPitbull por El Hogar del Ni\u00f1o\u201d, est\u00e1 siendo organizada por Caf\u00e9 Juanita\u2026","rel":"","context":"En \u00abAltos de Chavon @es\u00bb","block_context":{"text":"Altos de Chavon @es","link":"https:\/\/casadecampoliving.com\/category\/altos-de-chavon-es\/"},"img":{"alt_text":"","src":"https:\/\/i0.wp.com\/casadecampoliving.com\/wp-content\/uploads\/2022\/10\/prom_night-1.jpg?fit=717%2C443&ssl=1&resize=350%2C200","width":350,"height":200,"srcset":"https:\/\/i0.wp.com\/casadecampoliving.com\/wp-content\/uploads\/2022\/10\/prom_night-1.jpg?fit=717%2C443&ssl=1&resize=350%2C200 1x, https:\/\/i0.wp.com\/casadecampoliving.com\/wp-content\/uploads\/2022\/10\/prom_night-1.jpg?fit=717%2C443&ssl=1&resize=525%2C300 1.5x, https:\/\/i0.wp.com\/casadecampoliving.com\/wp-content\/uploads\/2022\/10\/prom_night-1.jpg?fit=717%2C443&ssl=1&resize=700%2C400 2x"},"classes":[]},{"id":342712,"url":"https:\/\/casadecampoliving.com\/es\/boletas-para-pitbull-por-el-hogar-del-nino-en-venta-ya\/","url_meta":{"origin":342617,"position":4},"title":"\u00a1Boletas para \u00abPitbull por el Hogar del Ni\u00f1o\u00bb en venta YA!","author":"Eliana Alba","date":"16 Ago, 2013","format":false,"excerpt":"\u00a1Si!\u00a1Si!\u00a1Si! \u00a1Las boletas para el concierto de Pitbull en Altos de Chav\u00f3n est\u00e1n finalmente a la venta! Este concierto, que es en favor del Hogar del Ni\u00f1o, tomar\u00e1 lugar el s\u00e1bado 21 de septiembre en el Anfiteatro de Altos de Chav\u00f3n ser\u00e1 sin duda un evento memorable que nos dejar\u00e1\u2026","rel":"","context":"En \u00abAltos de Chavon @es\u00bb","block_context":{"text":"Altos de Chavon @es","link":"https:\/\/casadecampoliving.com\/category\/altos-de-chavon-es\/"},"img":{"alt_text":"pitbull por el hogar del nino","src":"https:\/\/i0.wp.com\/casadecampoliving.com\/wp-content\/uploads\/2022\/10\/Pitbull_por_el_hogar_del_nino_2013-1-scaled.jpg?fit=1200%2C770&ssl=1&resize=350%2C200","width":350,"height":200,"srcset":"https:\/\/i0.wp.com\/casadecampoliving.com\/wp-content\/uploads\/2022\/10\/Pitbull_por_el_hogar_del_nino_2013-1-scaled.jpg?fit=1200%2C770&ssl=1&resize=350%2C200 1x, https:\/\/i0.wp.com\/casadecampoliving.com\/wp-content\/uploads\/2022\/10\/Pitbull_por_el_hogar_del_nino_2013-1-scaled.jpg?fit=1200%2C770&ssl=1&resize=525%2C300 1.5x, https:\/\/i0.wp.com\/casadecampoliving.com\/wp-content\/uploads\/2022\/10\/Pitbull_por_el_hogar_del_nino_2013-1-scaled.jpg?fit=1200%2C770&ssl=1&resize=700%2C400 2x, https:\/\/i0.wp.com\/casadecampoliving.com\/wp-content\/uploads\/2022\/10\/Pitbull_por_el_hogar_del_nino_2013-1-scaled.jpg?fit=1200%2C770&ssl=1&resize=1050%2C600 3x"},"classes":[]},{"id":343006,"url":"https:\/\/casadecampoliving.com\/es\/mas-fotos-sobre-el-concierto-de-pitbull\/","url_meta":{"origin":342617,"position":5},"title":"M\u00e1s fotos del concierto de Pitbull!","author":"Rebecca Silvestri","date":"4 Oct, 2013","format":false,"excerpt":"El Concierto \"Pitbull por el Hogar del Ni\u00f1o\"\u00a0- \u00a1nos encant\u00f3 a todos de principio a final! As\u00ed que acabando de recibir m\u00e1s fotos de esta ocasi\u00f3n tan especial- incluyendo muchas de nuestra querida comunidad de Casa de Campo, compartiremos m\u00e1s de las fotos de este show tan fabuloso! El Concierto\u2026","rel":"","context":"En \u00abAltos de Chavon @es\u00bb","block_context":{"text":"Altos de Chavon @es","link":"https:\/\/casadecampoliving.com\/category\/altos-de-chavon-es\/"},"img":{"alt_text":"pitbull concert","src":"https:\/\/i0.wp.com\/casadecampoliving.com\/wp-content\/uploads\/2022\/10\/pitbull_concert-7.jpg?fit=650%2C260&ssl=1&resize=350%2C200","width":350,"height":200,"srcset":"https:\/\/i0.wp.com\/casadecampoliving.com\/wp-content\/uploads\/2022\/10\/pitbull_concert-7.jpg?fit=650%2C260&ssl=1&resize=350%2C200 1x, https:\/\/i0.wp.com\/casadecampoliving.com\/wp-content\/uploads\/2022\/10\/pitbull_concert-7.jpg?fit=650%2C260&ssl=1&resize=525%2C300 1.5x"},"classes":[]}],"jetpack_sharing_enabled":true,"_links":{"self":[{"href":"https:\/\/casadecampoliving.com\/es\/wp-json\/wp\/v2\/posts\/342617","targetHints":{"allow":["GET"]}}],"collection":[{"href":"https:\/\/casadecampoliving.com\/es\/wp-json\/wp\/v2\/posts"}],"about":[{"href":"https:\/\/casadecampoliving.com\/es\/wp-json\/wp\/v2\/types\/post"}],"author":[{"embeddable":true,"href":"https:\/\/casadecampoliving.com\/es\/wp-json\/wp\/v2\/users\/454"}],"replies":[{"embeddable":true,"href":"https:\/\/casadecampoliving.com\/es\/wp-json\/wp\/v2\/comments?post=342617"}],"version-history":[{"count":1,"href":"https:\/\/casadecampoliving.com\/es\/wp-json\/wp\/v2\/posts\/342617\/revisions"}],"predecessor-version":[{"id":342618,"href":"https:\/\/casadecampoliving.com\/es\/wp-json\/wp\/v2\/posts\/342617\/revisions\/342618"}],"wp:featuredmedia":[{"embeddable":true,"href":"https:\/\/casadecampoliving.com\/es\/wp-json\/wp\/v2\/media\/260335"}],"wp:attachment":[{"href":"https:\/\/casadecampoliving.com\/es\/wp-json\/wp\/v2\/media?parent=342617"}],"wp:term":[{"taxonomy":"category","embeddable":true,"href":"https:\/\/casadecampoliving.com\/es\/wp-json\/wp\/v2\/categories?post=342617"},{"taxonomy":"post_tag","embeddable":true,"href":"https:\/\/casadecampoliving.com\/es\/wp-json\/wp\/v2\/tags?post=342617"},{"taxonomy":"newspack_spnsrs_tax","embeddable":true,"href":"https:\/\/casadecampoliving.com\/es\/wp-json\/wp\/v2\/newspack_spnsrs_tax?post=342617"}],"curies":[{"name":"wp","href":"https:\/\/api.w.org\/{rel}","templated":true}]}}