{"id":342593,"date":"2013-07-26T00:00:00","date_gmt":"2013-07-26T04:00:00","guid":{"rendered":"https:\/\/casadecampoliving.com\/74846\/"},"modified":"2022-10-21T18:48:36","modified_gmt":"2022-10-21T22:48:36","slug":"74846","status":"publish","type":"post","link":"https:\/\/casadecampoliving.com\/es\/74846\/","title":{"rendered":"Colegio Saint John celebra su XX graduaci\u00f3n!"},"content":{"rendered":"<div class=\"wp-block-image\">\n<figure class=\"aligncenter is-resized\"><img loading=\"lazy\" decoding=\"async\" src=\"https:\/\/i0.wp.com\/casadecampoliving.com\/wp-content\/uploads\/2022\/10\/colegio_saint_john-2.jpg?resize=650%2C379&amp;ssl=1\" alt=\"colegio saint john\" class=\"wp-image-74830\" title=\"colegio_saint_john\" height=\"379\" width=\"650\"\/><\/figure>\n<\/div>\n\n\n<p>Como el colegio Saint John en La Romana concluy\u00f3 sus 20 a\u00f1os de existencia, una ceremonia de graduaci\u00f3n especial fue celebrada en Casa de Campo con la participaci\u00f3n de un grupo diverso de 25 j\u00f3venes adultos de B\u00e9lgica, Noruega, &nbsp;Estados Unidos y por supuesto &nbsp;Rep\u00fablica Dominicana.<\/p>\n\n\n<div class=\"wp-block-image\">\n<figure class=\"alignright is-resized\"><img loading=\"lazy\" decoding=\"async\" src=\"https:\/\/i0.wp.com\/casadecampoliving.com\/wp-content\/uploads\/2022\/10\/graduation-1.jpg?resize=270%2C378&amp;ssl=1\" alt=\"graduation\" class=\"wp-image-74832\" title=\"graduation\" height=\"378\" width=\"270\"\/><\/figure>\n<\/div>\n\n\n<p>La ceremonia de graduaci\u00f3n inici\u00f3 a las 7:30 P.M en el Centro de Conferencias del Flamboyant en Casa de Campo, donde Mirtha de Marchena llam\u00f3 a los estudiantes uno por uno al escenario. El comienzo de una noche emocionante.<\/p>\n\n\n\n<p>Rodeados de sus profesores, familiares y amigos cercanos, los estudiantes y m\u00e1s de 400 invitados disfrutaron de la agradable ceremonia, dirigida por los maestros de ceremonia Ernesto Villeta, Shantel Maria, Jeanne Marie y Jessika Santana.<\/p>\n\n\n\n<p>Hermosos discursos fueron realizados en Espa\u00f1ol, Ingles y Franc\u00e9s por los estudiantes de la clase graduanda. Como siempre dos de estos estudiantes tuvieron el privilegio de realizar los discursos Valedictorian, Oliver Hunt en Ingles y Shadelenee Bell en Espa\u00f1ol.<\/p>\n\n\n<div class=\"wp-block-image\">\n<figure class=\"aligncenter is-resized\"><img loading=\"lazy\" decoding=\"async\" src=\"https:\/\/i0.wp.com\/casadecampoliving.com\/wp-content\/uploads\/2022\/10\/hilda_peguero-2.jpg?resize=650%2C371&amp;ssl=1\" alt=\"hilda peguero\" class=\"wp-image-74834\" title=\"hilda_peguero\" height=\"371\" width=\"650\"\/><\/figure>\n<\/div>\n\n\n<p>Cuando le preguntaron a Shadelenee sobre su experiencia en la graduaci\u00f3n respondi\u00f3 \u201calegr\u00eda, esperanza, nostalgia, un c\u00f3ctel de emociones invadieron mi cuerpo; imagenes de mis primeros y \u00faltimos d\u00edas en la escuela llegaron a mi mente, como una pel\u00edcula. Un recuerdo que se quedar\u00e1 conmigo para siempre\u201d.<\/p>\n\n\n<div class=\"wp-block-image\">\n<figure class=\"alignright is-resized\"><img loading=\"lazy\" decoding=\"async\" src=\"https:\/\/i0.wp.com\/casadecampoliving.com\/wp-content\/uploads\/2022\/10\/graduation1-1.jpg?resize=270%2C378&amp;ssl=1\" alt=\"graduation\" class=\"wp-image-74835\" title=\"graduation\" height=\"378\" width=\"270\"\/><\/figure>\n<\/div>\n\n\n<p>As\u00ed como los discursos Valedictorian, la directora Hilda Alvarez de Geraldino dio un discurso muy emotivo, dando consejos a cada uno de los estudiantes sobre lo que vendr\u00e1.<\/p>\n\n\n\n<p>\u201cNo es s\u00f3lo ser el mejor del mundo, sino ser el mejor para el mundo\u201d le dijo la directora Hilda Alvarez de Geraldino a los graduandos.<\/p>\n\n\n\n<p>Como es tradici\u00f3n para el Colegio Saint John, dos orgullosos padres fueron invitados a el escenario a aconsejar un poco a los estudiantes, George Bell y Melida Santana, los padres de Shadelenee Bell, entregaron un emotivo discurso corto sobre lo que es luchar como j\u00f3venes adultos y lo dif\u00edcil que ser\u00e1 desde ahora, no tener a sus padres alrededor para todo, recordando que no todo lo que tienen deben de darlo por sentado.<\/p>\n\n\n<div class=\"wp-block-image\">\n<figure class=\"aligncenter is-resized\"><img loading=\"lazy\" decoding=\"async\" src=\"https:\/\/i0.wp.com\/casadecampoliving.com\/wp-content\/uploads\/2022\/10\/graduation2-1.jpg?resize=650%2C371&amp;ssl=1\" alt=\"graduation\" class=\"wp-image-74837\" title=\"graduation\" height=\"371\" width=\"650\"\/><\/figure>\n<\/div>\n\n<div class=\"wp-block-image\">\n<figure class=\"alignright is-resized\"><img loading=\"lazy\" decoding=\"async\" src=\"https:\/\/i0.wp.com\/casadecampoliving.com\/wp-content\/uploads\/2022\/10\/colegio_saint_john2-2.jpg?resize=243%2C287&amp;ssl=1\" alt=\"\" class=\"wp-image-74839\" title=\"colegio_saint_john\" height=\"287\" width=\"243\"\/><\/figure>\n<\/div>\n\n\n<p>Al final de la noche cuando los estudiantes estaban a punto de recibir sus diplomas, ellos sorprendieron a sus profesores y directora con placas honor\u00edficas. Cuando terminaron de esto, la Se\u00f1ora Hilda Alvarez de Geraldino les entrego sus diplomas.<\/p>\n\n\n\n<p>Los estudiantes estuvieron llenos de alegr\u00eda, a la vez tristes por tener que abandonar lo que ellos consideraban su segundo hogar. La mayor\u00eda habiendo estudiado en el Colegio Saint John por casi 10 a\u00f1os, mientras que otros estudiaron all\u00ed por 16 a\u00f1os, por lo que resultaba agridulce esta graduaci\u00f3n.<\/p>\n\n\n<div class=\"wp-block-image\">\n<figure class=\"alignright is-resized\"><img loading=\"lazy\" decoding=\"async\" src=\"https:\/\/i0.wp.com\/casadecampoliving.com\/wp-content\/uploads\/2022\/10\/colegio_saint_john2.jpg?resize=184%2C148&amp;ssl=1\" alt=\"colegio saint john\" class=\"wp-image-62072\" title=\"colegio_saint_john\" height=\"148\" width=\"184\"\/><\/figure>\n<\/div>\n\n\n<blockquote class=\"wp-block-quote is-layout-flow wp-block-quote-is-layout-flow\"><p><strong>Este art\u00edculo y fotos fueron contribuidas a Juan Oscar Geraldino, gerente de comunicaciones y relaciones p\u00fablicas en el Colegio Saint John.<\/strong><\/p><p>[Juan Oscar Geraldino en la fotograf\u00eda de &nbsp; la derecha junto a Sofia y Alexandra Papadopoulos.]<\/p><\/blockquote>\n\n\n<div class=\"wp-block-image\">\n<figure class=\"aligncenter is-resized\"><img loading=\"lazy\" decoding=\"async\" src=\"https:\/\/i0.wp.com\/casadecampoliving.com\/wp-content\/uploads\/2022\/10\/colegio_saint_john3.jpg?resize=617%2C720&amp;ssl=1\" alt=\"colegio saint john\" class=\"wp-image-74840\" title=\"colegio_saint_john\" height=\"720\" width=\"617\"\/><\/figure>\n<\/div>","protected":false},"excerpt":{"rendered":"<p>Como el colegio Saint John en La Romana concluy\u00f3 sus 20 a\u00f1os de existencia, una ceremonia de graduaci\u00f3n especial fue celebrada en Casa de Campo con la participaci\u00f3n de un grupo diverso de 25 j\u00f3venes adultos de B\u00e9lgica, Noruega, &nbsp;Estados Unidos y por supuesto &nbsp;Rep\u00fablica Dominicana. La ceremonia de graduaci\u00f3n inici\u00f3 a las 7:30 P.M [&hellip;]<\/p>\n","protected":false},"author":388,"featured_media":258578,"comment_status":"closed","ping_status":"closed","sticky":false,"template":"","format":"standard","meta":{"newspack_ads_suppress_ads":false,"newspack_popups_has_disabled_popups":false,"newspack_sponsor_sponsorship_scope":"","newspack_sponsor_native_byline_display":"inherit","newspack_sponsor_native_category_display":"inherit","newspack_sponsor_underwriter_style":"inherit","newspack_sponsor_underwriter_placement":"inherit","_newspack_byline_active":false,"_newspack_byline":"","newspack_hide_updated_date":false,"newspack_show_updated_date":false,"newspack_content_restriction_is_exempt":false,"newspack_featured_image_position":"","newspack_post_subtitle":"","newspack_article_summary_title":"Overview:","newspack_article_summary":"","_jetpack_memberships_contains_paid_content":false,"footnotes":"","jetpack_publicize_message":"","jetpack_publicize_feature_enabled":true,"jetpack_social_post_already_shared":false,"jetpack_social_options":{"image_generator_settings":{"template":"highway","default_image_id":0,"font":"","enabled":false},"version":2},"_wpas_customize_per_network":false},"categories":[2524,14631,2522,2507,2506,14625,14627,26822,2526],"tags":[4712,18932],"newspack_spnsrs_tax":[],"class_list":["post-342593","post","type-post","status-publish","format-standard","has-post-thumbnail","hentry","category-destacados","category-estilo-de-vida","category-eventos-es","category-la-romana-es","category-mas-alla-de-casa-es","category-noticias-locales","category-proximamente","category-resort-casa-de-campo","category-titulares-es","tag-graduacion-colegio-saint-john","tag-la-romana-es-4","entry"],"yoast_head":"<!-- This site is optimized with the Yoast SEO plugin v27.5 - https:\/\/yoast.com\/product\/yoast-seo-wordpress\/ -->\n<title>Colegio Saint John celebra su XX graduaci\u00f3n! | Casa de Campo Living<\/title>\n<meta name=\"description\" content=\"Como el colegio Saint John en La Romana concluy\u00f3 sus 20 a\u00f1os de existencia, una ceremonia de graduaci\u00f3n especial fue celebrada en Casa de Campo con la\" \/>\n<meta name=\"robots\" content=\"index, follow, max-snippet:-1, max-image-preview:large, max-video-preview:-1\" \/>\n<link rel=\"canonical\" href=\"https:\/\/casadecampoliving.com\/es\/74846\/\" \/>\n<meta property=\"og:locale\" content=\"es_ES\" \/>\n<meta property=\"og:type\" content=\"article\" \/>\n<meta property=\"og:title\" content=\"Colegio Saint John celebra su XX graduaci\u00f3n! | Casa de Campo Living\" \/>\n<meta property=\"og:description\" content=\"Como el colegio Saint John en La Romana concluy\u00f3 sus 20 a\u00f1os de existencia, una ceremonia de graduaci\u00f3n especial fue celebrada en Casa de Campo con la\" \/>\n<meta property=\"og:url\" content=\"https:\/\/casadecampoliving.com\/es\/74846\/\" \/>\n<meta property=\"og:site_name\" content=\"Casa de Campo Living\" \/>\n<meta property=\"article:publisher\" content=\"https:\/\/www.facebook.com\/casadecampoliving\" \/>\n<meta property=\"article:published_time\" content=\"2013-07-26T04:00:00+00:00\" \/>\n<meta property=\"article:modified_time\" content=\"2022-10-21T22:48:36+00:00\" \/>\n<meta property=\"og:image\" content=\"https:\/\/i0.wp.com\/casadecampoliving.com\/wp-content\/uploads\/2022\/10\/colegio_saint_john1-2.jpg?fit=707%2C285&ssl=1\" \/>\n\t<meta property=\"og:image:width\" content=\"707\" \/>\n\t<meta property=\"og:image:height\" content=\"285\" \/>\n\t<meta property=\"og:image:type\" content=\"image\/jpeg\" \/>\n<meta name=\"author\" content=\"lperdomo\" \/>\n<meta name=\"twitter:card\" content=\"summary_large_image\" \/>\n<meta name=\"twitter:creator\" content=\"@cdcliving\" \/>\n<meta name=\"twitter:site\" content=\"@cdcliving\" \/>\n<meta name=\"twitter:label1\" content=\"Escrito por\" \/>\n\t<meta name=\"twitter:data1\" content=\"lperdomo\" \/>\n\t<meta name=\"twitter:label2\" content=\"Tiempo de lectura\" \/>\n\t<meta name=\"twitter:data2\" content=\"2 minutos\" \/>\n<script type=\"application\/ld+json\" class=\"yoast-schema-graph\">{\"@context\":\"https:\\\/\\\/schema.org\",\"@graph\":[{\"@type\":\"Article\",\"@id\":\"https:\\\/\\\/casadecampoliving.com\\\/es\\\/74846\\\/#article\",\"isPartOf\":{\"@id\":\"https:\\\/\\\/casadecampoliving.com\\\/es\\\/74846\\\/\"},\"author\":{\"name\":\"lperdomo\",\"@id\":\"https:\\\/\\\/casadecampoliving.com\\\/es\\\/#\\\/schema\\\/person\\\/4505bf6f082fd862dd65dffed828158b\"},\"headline\":\"Colegio Saint John celebra su XX graduaci\u00f3n!\",\"datePublished\":\"2013-07-26T04:00:00+00:00\",\"dateModified\":\"2022-10-21T22:48:36+00:00\",\"mainEntityOfPage\":{\"@id\":\"https:\\\/\\\/casadecampoliving.com\\\/es\\\/74846\\\/\"},\"wordCount\":493,\"publisher\":{\"@id\":\"https:\\\/\\\/casadecampoliving.com\\\/es\\\/#organization\"},\"image\":{\"@id\":\"https:\\\/\\\/casadecampoliving.com\\\/es\\\/74846\\\/#primaryimage\"},\"thumbnailUrl\":\"https:\\\/\\\/i0.wp.com\\\/casadecampoliving.com\\\/wp-content\\\/uploads\\\/2022\\\/10\\\/colegio_saint_john1-2.jpg?fit=707%2C285&ssl=1\",\"keywords\":[\"graduacion colegio saint john\",\"La Romana\"],\"articleSection\":[\"Destacados\",\"Estilo de Vida\",\"Eventos\",\"La Romana @es\",\"M\u00e1s all\u00e1 de Casa\",\"Noticias Locales\",\"Proximamente\",\"Resort Casa de Campo\",\"Titulares\"],\"inLanguage\":\"es\"},{\"@type\":\"WebPage\",\"@id\":\"https:\\\/\\\/casadecampoliving.com\\\/es\\\/74846\\\/\",\"url\":\"https:\\\/\\\/casadecampoliving.com\\\/es\\\/74846\\\/\",\"name\":\"Colegio Saint John celebra su XX graduaci\u00f3n! | Casa de Campo Living\",\"isPartOf\":{\"@id\":\"https:\\\/\\\/casadecampoliving.com\\\/es\\\/#website\"},\"primaryImageOfPage\":{\"@id\":\"https:\\\/\\\/casadecampoliving.com\\\/es\\\/74846\\\/#primaryimage\"},\"image\":{\"@id\":\"https:\\\/\\\/casadecampoliving.com\\\/es\\\/74846\\\/#primaryimage\"},\"thumbnailUrl\":\"https:\\\/\\\/i0.wp.com\\\/casadecampoliving.com\\\/wp-content\\\/uploads\\\/2022\\\/10\\\/colegio_saint_john1-2.jpg?fit=707%2C285&ssl=1\",\"datePublished\":\"2013-07-26T04:00:00+00:00\",\"dateModified\":\"2022-10-21T22:48:36+00:00\",\"description\":\"Como el colegio Saint John en La Romana concluy\u00f3 sus 20 a\u00f1os de existencia, una ceremonia de graduaci\u00f3n especial fue celebrada en Casa de Campo con la\",\"breadcrumb\":{\"@id\":\"https:\\\/\\\/casadecampoliving.com\\\/es\\\/74846\\\/#breadcrumb\"},\"inLanguage\":\"es\",\"potentialAction\":[{\"@type\":\"ReadAction\",\"target\":[\"https:\\\/\\\/casadecampoliving.com\\\/es\\\/74846\\\/\"]}]},{\"@type\":\"ImageObject\",\"inLanguage\":\"es\",\"@id\":\"https:\\\/\\\/casadecampoliving.com\\\/es\\\/74846\\\/#primaryimage\",\"url\":\"https:\\\/\\\/i0.wp.com\\\/casadecampoliving.com\\\/wp-content\\\/uploads\\\/2022\\\/10\\\/colegio_saint_john1-2.jpg?fit=707%2C285&ssl=1\",\"contentUrl\":\"https:\\\/\\\/i0.wp.com\\\/casadecampoliving.com\\\/wp-content\\\/uploads\\\/2022\\\/10\\\/colegio_saint_john1-2.jpg?fit=707%2C285&ssl=1\",\"width\":707,\"height\":285},{\"@type\":\"BreadcrumbList\",\"@id\":\"https:\\\/\\\/casadecampoliving.com\\\/es\\\/74846\\\/#breadcrumb\",\"itemListElement\":[{\"@type\":\"ListItem\",\"position\":1,\"name\":\"Home\",\"item\":\"https:\\\/\\\/casadecampoliving.com\\\/es\\\/\"},{\"@type\":\"ListItem\",\"position\":2,\"name\":\"Colegio Saint John celebra su XX graduaci\u00f3n!\"}]},{\"@type\":\"WebSite\",\"@id\":\"https:\\\/\\\/casadecampoliving.com\\\/es\\\/#website\",\"url\":\"https:\\\/\\\/casadecampoliving.com\\\/es\\\/\",\"name\":\"Casa de Campo Living\",\"description\":\"Resort community news and resources.\",\"publisher\":{\"@id\":\"https:\\\/\\\/casadecampoliving.com\\\/es\\\/#organization\"},\"potentialAction\":[{\"@type\":\"SearchAction\",\"target\":{\"@type\":\"EntryPoint\",\"urlTemplate\":\"https:\\\/\\\/casadecampoliving.com\\\/es\\\/?s={search_term_string}\"},\"query-input\":{\"@type\":\"PropertyValueSpecification\",\"valueRequired\":true,\"valueName\":\"search_term_string\"}}],\"inLanguage\":\"es\"},{\"@type\":\"Organization\",\"@id\":\"https:\\\/\\\/casadecampoliving.com\\\/es\\\/#organization\",\"name\":\"Casa de Campo Living\",\"url\":\"https:\\\/\\\/casadecampoliving.com\\\/es\\\/\",\"logo\":{\"@type\":\"ImageObject\",\"inLanguage\":\"es\",\"@id\":\"https:\\\/\\\/casadecampoliving.com\\\/es\\\/#\\\/schema\\\/logo\\\/image\\\/\",\"url\":\"https:\\\/\\\/i0.wp.com\\\/casadecampoliving.com\\\/wp-content\\\/uploads\\\/2022\\\/07\\\/CDCLivingLogo_V1-white-sized.png?fit=800%2C214&ssl=1\",\"contentUrl\":\"https:\\\/\\\/i0.wp.com\\\/casadecampoliving.com\\\/wp-content\\\/uploads\\\/2022\\\/07\\\/CDCLivingLogo_V1-white-sized.png?fit=800%2C214&ssl=1\",\"width\":800,\"height\":214,\"caption\":\"Casa de Campo Living\"},\"image\":{\"@id\":\"https:\\\/\\\/casadecampoliving.com\\\/es\\\/#\\\/schema\\\/logo\\\/image\\\/\"},\"sameAs\":[\"https:\\\/\\\/www.facebook.com\\\/casadecampoliving\",\"https:\\\/\\\/x.com\\\/cdcliving\"]},{\"@type\":\"Person\",\"@id\":\"https:\\\/\\\/casadecampoliving.com\\\/es\\\/#\\\/schema\\\/person\\\/4505bf6f082fd862dd65dffed828158b\",\"name\":\"lperdomo\",\"image\":{\"@type\":\"ImageObject\",\"inLanguage\":\"es\",\"@id\":\"https:\\\/\\\/secure.gravatar.com\\\/avatar\\\/6f4e35901d52b8d648d82e11c9c54217bc500bbf5793d4f5e15d23fd2d5a1af4?s=96&d=mm&r=g\",\"url\":\"https:\\\/\\\/secure.gravatar.com\\\/avatar\\\/6f4e35901d52b8d648d82e11c9c54217bc500bbf5793d4f5e15d23fd2d5a1af4?s=96&d=mm&r=g\",\"contentUrl\":\"https:\\\/\\\/secure.gravatar.com\\\/avatar\\\/6f4e35901d52b8d648d82e11c9c54217bc500bbf5793d4f5e15d23fd2d5a1af4?s=96&d=mm&r=g\",\"caption\":\"lperdomo\"},\"sameAs\":[\"http:\\\/\\\/www.silgon.net\"],\"url\":\"https:\\\/\\\/casadecampoliving.com\\\/es\\\/author\\\/lperdomo\\\/\"}]}<\/script>\n<!-- \/ Yoast SEO plugin. -->","yoast_head_json":{"title":"Colegio Saint John celebra su XX graduaci\u00f3n! | Casa de Campo Living","description":"Como el colegio Saint John en La Romana concluy\u00f3 sus 20 a\u00f1os de existencia, una ceremonia de graduaci\u00f3n especial fue celebrada en Casa de Campo con la","robots":{"index":"index","follow":"follow","max-snippet":"max-snippet:-1","max-image-preview":"max-image-preview:large","max-video-preview":"max-video-preview:-1"},"canonical":"https:\/\/casadecampoliving.com\/es\/74846\/","og_locale":"es_ES","og_type":"article","og_title":"Colegio Saint John celebra su XX graduaci\u00f3n! | Casa de Campo Living","og_description":"Como el colegio Saint John en La Romana concluy\u00f3 sus 20 a\u00f1os de existencia, una ceremonia de graduaci\u00f3n especial fue celebrada en Casa de Campo con la","og_url":"https:\/\/casadecampoliving.com\/es\/74846\/","og_site_name":"Casa de Campo Living","article_publisher":"https:\/\/www.facebook.com\/casadecampoliving","article_published_time":"2013-07-26T04:00:00+00:00","article_modified_time":"2022-10-21T22:48:36+00:00","og_image":[{"width":707,"height":285,"url":"https:\/\/i0.wp.com\/casadecampoliving.com\/wp-content\/uploads\/2022\/10\/colegio_saint_john1-2.jpg?fit=707%2C285&ssl=1","type":"image\/jpeg"}],"author":"lperdomo","twitter_card":"summary_large_image","twitter_creator":"@cdcliving","twitter_site":"@cdcliving","twitter_misc":{"Escrito por":"lperdomo","Tiempo de lectura":"2 minutos"},"schema":{"@context":"https:\/\/schema.org","@graph":[{"@type":"Article","@id":"https:\/\/casadecampoliving.com\/es\/74846\/#article","isPartOf":{"@id":"https:\/\/casadecampoliving.com\/es\/74846\/"},"author":{"name":"lperdomo","@id":"https:\/\/casadecampoliving.com\/es\/#\/schema\/person\/4505bf6f082fd862dd65dffed828158b"},"headline":"Colegio Saint John celebra su XX graduaci\u00f3n!","datePublished":"2013-07-26T04:00:00+00:00","dateModified":"2022-10-21T22:48:36+00:00","mainEntityOfPage":{"@id":"https:\/\/casadecampoliving.com\/es\/74846\/"},"wordCount":493,"publisher":{"@id":"https:\/\/casadecampoliving.com\/es\/#organization"},"image":{"@id":"https:\/\/casadecampoliving.com\/es\/74846\/#primaryimage"},"thumbnailUrl":"https:\/\/i0.wp.com\/casadecampoliving.com\/wp-content\/uploads\/2022\/10\/colegio_saint_john1-2.jpg?fit=707%2C285&ssl=1","keywords":["graduacion colegio saint john","La Romana"],"articleSection":["Destacados","Estilo de Vida","Eventos","La Romana @es","M\u00e1s all\u00e1 de Casa","Noticias Locales","Proximamente","Resort Casa de Campo","Titulares"],"inLanguage":"es"},{"@type":"WebPage","@id":"https:\/\/casadecampoliving.com\/es\/74846\/","url":"https:\/\/casadecampoliving.com\/es\/74846\/","name":"Colegio Saint John celebra su XX graduaci\u00f3n! | Casa de Campo Living","isPartOf":{"@id":"https:\/\/casadecampoliving.com\/es\/#website"},"primaryImageOfPage":{"@id":"https:\/\/casadecampoliving.com\/es\/74846\/#primaryimage"},"image":{"@id":"https:\/\/casadecampoliving.com\/es\/74846\/#primaryimage"},"thumbnailUrl":"https:\/\/i0.wp.com\/casadecampoliving.com\/wp-content\/uploads\/2022\/10\/colegio_saint_john1-2.jpg?fit=707%2C285&ssl=1","datePublished":"2013-07-26T04:00:00+00:00","dateModified":"2022-10-21T22:48:36+00:00","description":"Como el colegio Saint John en La Romana concluy\u00f3 sus 20 a\u00f1os de existencia, una ceremonia de graduaci\u00f3n especial fue celebrada en Casa de Campo con la","breadcrumb":{"@id":"https:\/\/casadecampoliving.com\/es\/74846\/#breadcrumb"},"inLanguage":"es","potentialAction":[{"@type":"ReadAction","target":["https:\/\/casadecampoliving.com\/es\/74846\/"]}]},{"@type":"ImageObject","inLanguage":"es","@id":"https:\/\/casadecampoliving.com\/es\/74846\/#primaryimage","url":"https:\/\/i0.wp.com\/casadecampoliving.com\/wp-content\/uploads\/2022\/10\/colegio_saint_john1-2.jpg?fit=707%2C285&ssl=1","contentUrl":"https:\/\/i0.wp.com\/casadecampoliving.com\/wp-content\/uploads\/2022\/10\/colegio_saint_john1-2.jpg?fit=707%2C285&ssl=1","width":707,"height":285},{"@type":"BreadcrumbList","@id":"https:\/\/casadecampoliving.com\/es\/74846\/#breadcrumb","itemListElement":[{"@type":"ListItem","position":1,"name":"Home","item":"https:\/\/casadecampoliving.com\/es\/"},{"@type":"ListItem","position":2,"name":"Colegio Saint John celebra su XX graduaci\u00f3n!"}]},{"@type":"WebSite","@id":"https:\/\/casadecampoliving.com\/es\/#website","url":"https:\/\/casadecampoliving.com\/es\/","name":"Casa de Campo Living","description":"Resort community news and resources.","publisher":{"@id":"https:\/\/casadecampoliving.com\/es\/#organization"},"potentialAction":[{"@type":"SearchAction","target":{"@type":"EntryPoint","urlTemplate":"https:\/\/casadecampoliving.com\/es\/?s={search_term_string}"},"query-input":{"@type":"PropertyValueSpecification","valueRequired":true,"valueName":"search_term_string"}}],"inLanguage":"es"},{"@type":"Organization","@id":"https:\/\/casadecampoliving.com\/es\/#organization","name":"Casa de Campo Living","url":"https:\/\/casadecampoliving.com\/es\/","logo":{"@type":"ImageObject","inLanguage":"es","@id":"https:\/\/casadecampoliving.com\/es\/#\/schema\/logo\/image\/","url":"https:\/\/i0.wp.com\/casadecampoliving.com\/wp-content\/uploads\/2022\/07\/CDCLivingLogo_V1-white-sized.png?fit=800%2C214&ssl=1","contentUrl":"https:\/\/i0.wp.com\/casadecampoliving.com\/wp-content\/uploads\/2022\/07\/CDCLivingLogo_V1-white-sized.png?fit=800%2C214&ssl=1","width":800,"height":214,"caption":"Casa de Campo Living"},"image":{"@id":"https:\/\/casadecampoliving.com\/es\/#\/schema\/logo\/image\/"},"sameAs":["https:\/\/www.facebook.com\/casadecampoliving","https:\/\/x.com\/cdcliving"]},{"@type":"Person","@id":"https:\/\/casadecampoliving.com\/es\/#\/schema\/person\/4505bf6f082fd862dd65dffed828158b","name":"lperdomo","image":{"@type":"ImageObject","inLanguage":"es","@id":"https:\/\/secure.gravatar.com\/avatar\/6f4e35901d52b8d648d82e11c9c54217bc500bbf5793d4f5e15d23fd2d5a1af4?s=96&d=mm&r=g","url":"https:\/\/secure.gravatar.com\/avatar\/6f4e35901d52b8d648d82e11c9c54217bc500bbf5793d4f5e15d23fd2d5a1af4?s=96&d=mm&r=g","contentUrl":"https:\/\/secure.gravatar.com\/avatar\/6f4e35901d52b8d648d82e11c9c54217bc500bbf5793d4f5e15d23fd2d5a1af4?s=96&d=mm&r=g","caption":"lperdomo"},"sameAs":["http:\/\/www.silgon.net"],"url":"https:\/\/casadecampoliving.com\/es\/author\/lperdomo\/"}]}},"parsely":{"version":"1.1.0","canonical_url":"https:\/\/casadecampoliving.com\/es\/74846\/","smart_links":{"inbound":0,"outbound":0},"traffic_boost_suggestions_count":0,"meta":{"@context":"https:\/\/schema.org","@type":"NewsArticle","headline":"Colegio Saint John celebra su XX graduaci\u00f3n!","url":"http:\/\/casadecampoliving.com\/es\/74846\/","mainEntityOfPage":{"@type":"WebPage","@id":"http:\/\/casadecampoliving.com\/es\/74846\/"},"thumbnailUrl":"https:\/\/i0.wp.com\/casadecampoliving.com\/wp-content\/uploads\/2022\/10\/colegio_saint_john1-2.jpg?resize=150%2C150&ssl=1","image":{"@type":"ImageObject","url":"https:\/\/i0.wp.com\/casadecampoliving.com\/wp-content\/uploads\/2022\/10\/colegio_saint_john1-2.jpg?fit=707%2C285&ssl=1"},"articleSection":"Destacados","author":[{"@type":"Person","name":"lperdomo"}],"creator":["lperdomo"],"publisher":{"@type":"Organization","name":"Casa de Campo Living","logo":"https:\/\/casadecampoliving.com\/wp-content\/uploads\/2022\/07\/CDCLivingLogo_V1-white-sized.png"},"keywords":["graduacion colegio saint john","la romana"],"dateCreated":"2013-07-26T04:00:00Z","datePublished":"2013-07-26T04:00:00Z","dateModified":"2022-10-21T22:48:36Z"},"rendered":"<script type=\"application\/ld+json\" class=\"wp-parsely-metadata\">{\"@context\":\"https:\\\/\\\/schema.org\",\"@type\":\"NewsArticle\",\"headline\":\"Colegio Saint John celebra su XX graduaci\\u00f3n!\",\"url\":\"http:\\\/\\\/casadecampoliving.com\\\/es\\\/74846\\\/\",\"mainEntityOfPage\":{\"@type\":\"WebPage\",\"@id\":\"http:\\\/\\\/casadecampoliving.com\\\/es\\\/74846\\\/\"},\"thumbnailUrl\":\"https:\\\/\\\/i0.wp.com\\\/casadecampoliving.com\\\/wp-content\\\/uploads\\\/2022\\\/10\\\/colegio_saint_john1-2.jpg?resize=150%2C150&ssl=1\",\"image\":{\"@type\":\"ImageObject\",\"url\":\"https:\\\/\\\/i0.wp.com\\\/casadecampoliving.com\\\/wp-content\\\/uploads\\\/2022\\\/10\\\/colegio_saint_john1-2.jpg?fit=707%2C285&ssl=1\"},\"articleSection\":\"Destacados\",\"author\":[{\"@type\":\"Person\",\"name\":\"lperdomo\"}],\"creator\":[\"lperdomo\"],\"publisher\":{\"@type\":\"Organization\",\"name\":\"Casa de Campo Living\",\"logo\":\"https:\\\/\\\/casadecampoliving.com\\\/wp-content\\\/uploads\\\/2022\\\/07\\\/CDCLivingLogo_V1-white-sized.png\"},\"keywords\":[\"graduacion colegio saint john\",\"la romana\"],\"dateCreated\":\"2013-07-26T04:00:00Z\",\"datePublished\":\"2013-07-26T04:00:00Z\",\"dateModified\":\"2022-10-21T22:48:36Z\"}<\/script>","tracker_url":"https:\/\/cdn.parsely.com\/keys\/casadecampoliving.com\/p.js"},"jetpack_publicize_connections":[],"jetpack_featured_media_url":"https:\/\/i0.wp.com\/casadecampoliving.com\/wp-content\/uploads\/2022\/10\/colegio_saint_john1-2.jpg?fit=707%2C285&ssl=1","jetpack-related-posts":[{"id":340291,"url":"https:\/\/casadecampoliving.com\/es\/colegio-saint-john-celebra-sus-20-anos-con-una-feria-para-la-familia\/","url_meta":{"origin":342593,"position":0},"title":"Colegio Saint John celebra sus 20 a\u00f1os con una feria para la familia","author":"Rebecca Silvestri","date":"16 Dic, 2012","format":false,"excerpt":"El Colegio Saint John celebr\u00f3 sus 20 a\u00f1os el pasado domingo 2 de diciembre con un Family Fair el cual fe una actividad de todo el d\u00eda, desde las 10:00 A.M. a las 6:00 P.M. Este evento tenia actividades para toda la familia tales como payasos, rifas, talent shows y\u2026","rel":"","context":"En \u00abM\u00e1s all\u00e1 de Casa\u00bb","block_context":{"text":"M\u00e1s all\u00e1 de Casa","link":"https:\/\/casadecampoliving.com\/es\/category\/mas-alla-de-casa-es\/"},"img":{"alt_text":"","src":"https:\/\/i0.wp.com\/casadecampoliving.com\/wp-content\/uploads\/2022\/10\/colegio_st_john-1.jpg?fit=650%2C432&ssl=1&resize=350%2C200","width":350,"height":200,"srcset":"https:\/\/i0.wp.com\/casadecampoliving.com\/wp-content\/uploads\/2022\/10\/colegio_st_john-1.jpg?fit=650%2C432&ssl=1&resize=350%2C200 1x, https:\/\/i0.wp.com\/casadecampoliving.com\/wp-content\/uploads\/2022\/10\/colegio_st_john-1.jpg?fit=650%2C432&ssl=1&resize=525%2C300 1.5x"},"classes":[]},{"id":339433,"url":"https:\/\/casadecampoliving.com\/es\/y-seguimos-hasta-el-amanecer-fiesta-de-graduacion-del-saint-john\/","url_meta":{"origin":342593,"position":1},"title":"Y seguimos hasta el amanecer: Fiesta de graduaci\u00f3n del Saint John!","author":"","date":"25 Jul, 2012","format":false,"excerpt":"Dejavue? Cu\u00e1ntas excelentes fiestas en Casa de Campo no han terminado as\u00ed? Por supuesto, la fiesta de graduaci\u00f3n de OPTIMUS, del Colegio Saint John, celebrada el pasado s\u00e1bado 7 de julio, no fue la excepci\u00f3n! Luego de celebrar una emotiva ceremonia de graduaci\u00f3n\u00a0en el renovado centro de conferencias, Flamboy\u00e1n del\u2026","rel":"","context":"En \u00abAltos de Chavon @es\u00bb","block_context":{"text":"Altos de Chavon @es","link":"https:\/\/casadecampoliving.com\/category\/altos-de-chavon-es\/"},"img":{"alt_text":"Saint John School Graduation","src":"https:\/\/i0.wp.com\/casadecampoliving.com\/wp-content\/uploads\/2022\/10\/grad_party_csj-1.jpg?fit=604%2C384&ssl=1&resize=350%2C200","width":350,"height":200,"srcset":"https:\/\/i0.wp.com\/casadecampoliving.com\/wp-content\/uploads\/2022\/10\/grad_party_csj-1.jpg?fit=604%2C384&ssl=1&resize=350%2C200 1x, https:\/\/i0.wp.com\/casadecampoliving.com\/wp-content\/uploads\/2022\/10\/grad_party_csj-1.jpg?fit=604%2C384&ssl=1&resize=525%2C300 1.5x"},"classes":[]},{"id":339295,"url":"https:\/\/casadecampoliving.com\/es\/unete-al-party-la-discoteca-genesis-abre-sus-puertas-para-la-fiesta-de-graduacion-del-saint-john\/","url_meta":{"origin":342593,"position":2},"title":"\u00danete al party! La discoteca G\u00e9nesis abre sus puertas para la fiesta de graduaci\u00f3n del Saint John!","author":"","date":"3 Jul, 2012","format":false,"excerpt":"El pr\u00f3ximo s\u00e1bado 7 de julio de 2012, la clase graduanda del Colegio Saint John ubicado en Buena Vista, La Romana, estar\u00e1 celebrando su graduaci\u00f3n y USTEDES est\u00e1n invitados a unirse al party!\u00a0 Luego de la ceremonia de graduaci\u00f3n oficial, que se celebrar\u00e1 a las 7 de la noche del\u2026","rel":"","context":"En \u00abAltos de Chavon @es\u00bb","block_context":{"text":"Altos de Chavon @es","link":"https:\/\/casadecampoliving.com\/category\/altos-de-chavon-es\/"},"img":{"alt_text":"genesis altos de chavon","src":"https:\/\/i0.wp.com\/casadecampoliving.com\/wp-content\/uploads\/2022\/10\/genesis_altos_de_chavon-1.jpg?fit=650%2C316&ssl=1&resize=350%2C200","width":350,"height":200,"srcset":"https:\/\/i0.wp.com\/casadecampoliving.com\/wp-content\/uploads\/2022\/10\/genesis_altos_de_chavon-1.jpg?fit=650%2C316&ssl=1&resize=350%2C200 1x, https:\/\/i0.wp.com\/casadecampoliving.com\/wp-content\/uploads\/2022\/10\/genesis_altos_de_chavon-1.jpg?fit=650%2C316&ssl=1&resize=525%2C300 1.5x"},"classes":[]},{"id":339275,"url":"https:\/\/casadecampoliving.com\/es\/el-colegio-saint-john-celebra-una-hermosa-cena-de-anillos-en-casa-de-campo\/","url_meta":{"origin":342593,"position":3},"title":"El Colegio Saint John celebra una hermosa \u00abCena de Anillos\u00bb en Casa de Campo!","author":"","date":"29 Jun, 2012","format":false,"excerpt":"El pasado domingo 17 de junio de 2012, la clase graduanda del Colegio Saint John, luego del per\u00edodo de examenes finales, celebr\u00f3 su tradicional cena de anillos en una villa privada de Casa de Campo, previo a la esperada celebraci\u00f3n de la ceremonia de graduaci\u00f3n! En medio de c\u00f3cteles, exquisita\u2026","rel":"","context":"En \u00abEventos\u00bb","block_context":{"text":"Eventos","link":"https:\/\/casadecampoliving.com\/es\/category\/eventos-es\/"},"img":{"alt_text":"","src":"https:\/\/i0.wp.com\/casadecampoliving.com\/wp-content\/uploads\/2022\/10\/saint_john_school_graduation_-ring_dinner-1.jpg?fit=650%2C415&ssl=1&resize=350%2C200","width":350,"height":200,"srcset":"https:\/\/i0.wp.com\/casadecampoliving.com\/wp-content\/uploads\/2022\/10\/saint_john_school_graduation_-ring_dinner-1.jpg?fit=650%2C415&ssl=1&resize=350%2C200 1x, https:\/\/i0.wp.com\/casadecampoliving.com\/wp-content\/uploads\/2022\/10\/saint_john_school_graduation_-ring_dinner-1.jpg?fit=650%2C415&ssl=1&resize=525%2C300 1.5x"},"classes":[]},{"id":339369,"url":"https:\/\/casadecampoliving.com\/es\/el-colegio-saint-john-celebra-una-inspiradora-ceremonia-de-graduacion-en-casa-de-campo\/","url_meta":{"origin":342593,"position":4},"title":"El Colegio Saint John celebra una inspiradora ceremonia de graduaci\u00f3n en Casa de Campo!","author":"","date":"13 Jul, 2012","format":false,"excerpt":"El pasado s\u00e1bado 7 de julio, el Colegio Saint John celebr\u00f3 la ceremonia de graduaci\u00f3n en el centro de conferencias Flamboy\u00e1n de Casa de Campo, en donde 23 estudiantes, cada uno con cualidades especiales, recibieron, por fin, sus anhelados diplomas! Eran las 6:30pm cuando el escenario de la recepci\u00f3n del\u2026","rel":"","context":"En \u00abEvents and Activities\u00bb","block_context":{"text":"Events and Activities","link":"https:\/\/casadecampoliving.com\/category\/events-and-activities\/"},"img":{"alt_text":"Saint John School Graduation","src":"https:\/\/i0.wp.com\/casadecampoliving.com\/wp-content\/uploads\/2022\/10\/saint_john_grad.jpg?fit=650%2C480&ssl=1&resize=350%2C200","width":350,"height":200,"srcset":"https:\/\/i0.wp.com\/casadecampoliving.com\/wp-content\/uploads\/2022\/10\/saint_john_grad.jpg?fit=650%2C480&ssl=1&resize=350%2C200 1x, https:\/\/i0.wp.com\/casadecampoliving.com\/wp-content\/uploads\/2022\/10\/saint_john_grad.jpg?fit=650%2C480&ssl=1&resize=525%2C300 1.5x"},"classes":[]},{"id":339335,"url":"https:\/\/casadecampoliving.com\/es\/este-fin-de-semana-en-casa-de-campo-6-8-de-julio\/","url_meta":{"origin":342593,"position":5},"title":"Este Fin de Semana en Casa de Campo: 6 &#8211; 8 de julio!","author":"","date":"6 Jul, 2012","format":false,"excerpt":"Este fin de semana en Casa de Campo,\u00a0disfrute de un divertido viaje en el R\u00edo Chav\u00f3n en la celebraci\u00f3n del Caf\u00e9 de la Leche, practique para el divertido torneo de volleyball playero y prep\u00e1rese para fiestar toda la noche junto a la clase graduanda del Colegio Saint John en Altos\u2026","rel":"","context":"En \u00abNoticias Locales\u00bb","block_context":{"text":"Noticias Locales","link":"https:\/\/casadecampoliving.com\/es\/category\/noticias-locales\/"},"img":{"alt_text":"","src":"https:\/\/i0.wp.com\/casadecampoliving.com\/wp-content\/uploads\/2022\/10\/weekend-1.jpg?fit=650%2C350&ssl=1&resize=350%2C200","width":350,"height":200,"srcset":"https:\/\/i0.wp.com\/casadecampoliving.com\/wp-content\/uploads\/2022\/10\/weekend-1.jpg?fit=650%2C350&ssl=1&resize=350%2C200 1x, https:\/\/i0.wp.com\/casadecampoliving.com\/wp-content\/uploads\/2022\/10\/weekend-1.jpg?fit=650%2C350&ssl=1&resize=525%2C300 1.5x"},"classes":[]}],"jetpack_sharing_enabled":true,"_links":{"self":[{"href":"https:\/\/casadecampoliving.com\/es\/wp-json\/wp\/v2\/posts\/342593","targetHints":{"allow":["GET"]}}],"collection":[{"href":"https:\/\/casadecampoliving.com\/es\/wp-json\/wp\/v2\/posts"}],"about":[{"href":"https:\/\/casadecampoliving.com\/es\/wp-json\/wp\/v2\/types\/post"}],"author":[{"embeddable":true,"href":"https:\/\/casadecampoliving.com\/es\/wp-json\/wp\/v2\/users\/388"}],"replies":[{"embeddable":true,"href":"https:\/\/casadecampoliving.com\/es\/wp-json\/wp\/v2\/comments?post=342593"}],"version-history":[{"count":1,"href":"https:\/\/casadecampoliving.com\/es\/wp-json\/wp\/v2\/posts\/342593\/revisions"}],"predecessor-version":[{"id":342594,"href":"https:\/\/casadecampoliving.com\/es\/wp-json\/wp\/v2\/posts\/342593\/revisions\/342594"}],"wp:featuredmedia":[{"embeddable":true,"href":"https:\/\/casadecampoliving.com\/es\/wp-json\/wp\/v2\/media\/258578"}],"wp:attachment":[{"href":"https:\/\/casadecampoliving.com\/es\/wp-json\/wp\/v2\/media?parent=342593"}],"wp:term":[{"taxonomy":"category","embeddable":true,"href":"https:\/\/casadecampoliving.com\/es\/wp-json\/wp\/v2\/categories?post=342593"},{"taxonomy":"post_tag","embeddable":true,"href":"https:\/\/casadecampoliving.com\/es\/wp-json\/wp\/v2\/tags?post=342593"},{"taxonomy":"newspack_spnsrs_tax","embeddable":true,"href":"https:\/\/casadecampoliving.com\/es\/wp-json\/wp\/v2\/newspack_spnsrs_tax?post=342593"}],"curies":[{"name":"wp","href":"https:\/\/api.w.org\/{rel}","templated":true}]}}