{"id":342587,"date":"2013-07-24T00:00:00","date_gmt":"2013-07-24T04:00:00","guid":{"rendered":"https:\/\/casadecampoliving.com\/deberiamos-estar-preocupados-por-la-tormenta-tropical-dorian\/"},"modified":"2022-10-21T18:48:23","modified_gmt":"2022-10-21T22:48:23","slug":"deberiamos-estar-preocupados-por-la-tormenta-tropical-dorian","status":"publish","type":"post","link":"https:\/\/casadecampoliving.com\/es\/deberiamos-estar-preocupados-por-la-tormenta-tropical-dorian\/","title":{"rendered":"\u00bfDeber\u00edamos estar preocupados por la Tormenta Tropical Dorian?"},"content":{"rendered":"<div class=\"wp-block-image\">\n<figure class=\"aligncenter is-resized\"><img loading=\"lazy\" decoding=\"async\" src=\"https:\/\/i0.wp.com\/casadecampoliving.com\/wp-content\/uploads\/2022\/10\/tropical_storm_dorian.jpg?resize=650%2C360&amp;ssl=1\" alt=\"tropical storm dorian\" class=\"wp-image-74738\" title=\"tropical_storm_dorian\" height=\"360\" width=\"650\"\/><\/figure>\n<\/div>\n\n\n<p>Hola y bienvenidos al julio en la Rep\u00fablica Dominicana con m\u00e1s tormentas por los \u00faltimos 10 a\u00f1os. Esto es cierto amigos, este julio, t\u00edpicamente un mes que no trae ning\u00fan \u201cclima tropical\u201d, ya trajo la Tormenta Tropical Chantal a corta distancia\u2026y ahora parece que otra Tormenta Tropical, Dorian, podr\u00eda llegar aqu\u00ed tambi\u00e9n.<\/p>\n\n\n\n<p>La Tormenta Tropical Dorian se form\u00f3 esta tarde en medio del oc\u00e9ano Atl\u00e1tico y esta actualmente traslad\u00e1ndose en direcci\u00f3n oeste-noroeste a 20 millas por hora, con vientos sostenidos sobre las 50 millas por hora.<\/p>\n\n\n\n<p>Actualmente esta a m\u00e1s de 2500 millas de Santo Domingo, la capital de la rep\u00fablica dominicana, la Tormenta Tropical Dorian todav\u00eda no representa una amenaza para La Romana y Casa de Campo, as\u00ed que no hay raz\u00f3n para asustarse. De acuerdo con las predicciones se espera que la Tormenta Tropical Dorian se acerque a la rep\u00fablica dominicana el pr\u00f3ximo lunes \u2013 como una tormenta tropical o un posible hurac\u00e1n de categor\u00eda 1.<\/p>\n\n\n<div class=\"wp-block-image\">\n<figure class=\"aligncenter is-resized\"><img loading=\"lazy\" decoding=\"async\" src=\"https:\/\/i0.wp.com\/casadecampoliving.com\/wp-content\/uploads\/2022\/10\/tropical_storm_dorian1.jpg?resize=650%2C314&amp;ssl=1\" alt=\"tropical storm dorian\" class=\"wp-image-74742\" title=\"tropical_storm_dorian\" height=\"314\" width=\"650\"\/><\/figure>\n<\/div>\n\n\n<p>Claro que estando tan lejos esta tormenta tropical, en este punto puede pasar literalmente cualquier cosa, <em><strong>\u201clos&nbsp;<\/strong><strong>modelos de intensidad tienen grandes errores a los 5 d\u00edas\u201d <\/strong><\/em>explica weather.com cuando habla sobre el potencial de Dorian, lo cual b\u00e1sicamente significa que esta tormenta en el futuro &nbsp;puede desaparecer o desarrollarse aun m\u00e1s.<\/p>\n\n\n\n<p>As\u00ed que antes de entrar en p\u00e1nico, aqu\u00ed algunos factores sobre \u201cmodelos de predicci\u00f3n\u201d para tomar en cuenta:<\/p>\n\n\n\n<p>\u2022&nbsp;En t\u00e9rmino medio, el camino real de un cicl\u00f3n tropical se diferencia de su ruta prevista de 200 kil\u00f3metros!<\/p>\n\n\n\n<p>\u2022&nbsp;En t\u00e9rmino medio,&nbsp;la fuerza real de un Cicl\u00f3n Tropical (es decir, la categor\u00eda) se diferencia de su fuerza predicha por 2 categor\u00edas!<\/p>\n\n\n\n<p>La Tormenta Tropical Chantal fue un buen ejemplo de esto, recuerda que fuimos a dormir esperando despertar con la llegada del Hurac\u00e1n Chantal? Bueno y que encontramos al despertar? No mucho \u2013 porque aun que estuvo muy cerca,&nbsp;los sistemas meteorol\u00f3gicos tropicales siguen siendo bastante impredecible!<\/p>\n\n\n\n<p><strong>En conclusi\u00f3n \u2013 necesitamos esperar y ver!<\/strong><\/p>\n\n\n\n<blockquote class=\"wp-block-quote is-layout-flow wp-block-quote-is-layout-flow\"><p><strong>\u00a1MANTENTE INFORMADO!<\/strong><\/p><p><strong><\/strong>Mientras que en Casa de Campo Livivng haremos nuestro mejor esfuerzo por mantenerlos informados, recomendamos lo siguiente para mantenerte extra informado:<\/p><p><span style=\"font-size: 13px;\">\u2022&nbsp;<\/span><a style=\"font-size: 13px;\" href=\"http:\/\/www.nhc.noaa.gov\/\" target=\"_blank\" rel=\"noopener\">www.nhc.noaa.gov&nbsp;<\/a><span style=\"font-size: 13px;\">\u2013&nbsp;El Centro Nacional de Huracanes<\/span><\/p><p>\u2022&nbsp;<a href=\"http:\/\/www.weather.com\/\" target=\"_blank\" rel=\"noopener\">www.weather.com<\/a>&nbsp;\u2013 The Weather Channel<br>\n\u2022&nbsp;<a href=\"http:\/\/www.onamet.gov.do\/\" target=\"_blank\" rel=\"noopener\">ONAMET.gov.do<\/a>&nbsp;\u2013 Las personas oficiales en informar el clima en rep\u00fablica Domincana (este esta en espa\u00f1ol)<\/p><p>\u2022 Twitter: Te recomendamos lo siguiente NHC_Atlantic \u2013 para tweets regulares en huracanes, tormentas tropicales, etc<\/p><\/blockquote>\n","protected":false},"excerpt":{"rendered":"<p>Hola y bienvenidos al julio en la Rep\u00fablica Dominicana con m\u00e1s tormentas por los \u00faltimos 10 a\u00f1os. Esto es cierto amigos, este julio, t\u00edpicamente un mes que no trae ning\u00fan \u201cclima tropical\u201d, ya trajo la Tormenta Tropical Chantal a corta distancia\u2026y ahora parece que otra Tormenta Tropical, Dorian, podr\u00eda llegar aqu\u00ed tambi\u00e9n. La Tormenta Tropical [&hellip;]<\/p>\n","protected":false},"author":388,"featured_media":258290,"comment_status":"closed","ping_status":"closed","sticky":false,"template":"","format":"standard","meta":{"newspack_ads_suppress_ads":false,"newspack_popups_has_disabled_popups":false,"newspack_sponsor_sponsorship_scope":"","newspack_sponsor_native_byline_display":"inherit","newspack_sponsor_native_category_display":"inherit","newspack_sponsor_underwriter_style":"inherit","newspack_sponsor_underwriter_placement":"inherit","_newspack_byline_active":false,"_newspack_byline":"","newspack_hide_updated_date":false,"newspack_show_updated_date":false,"newspack_content_restriction_is_exempt":false,"newspack_featured_image_position":"","newspack_post_subtitle":"","newspack_article_summary_title":"Overview:","newspack_article_summary":"","_jetpack_memberships_contains_paid_content":false,"footnotes":"","jetpack_publicize_message":"","jetpack_publicize_feature_enabled":true,"jetpack_social_post_already_shared":false,"jetpack_social_options":{"image_generator_settings":{"template":"highway","default_image_id":0,"font":"","enabled":false},"version":2},"_wpas_customize_per_network":false},"categories":[2524,14631,14625,2521],"tags":[18629,2661,2615,7136,2613],"newspack_spnsrs_tax":[],"class_list":["post-342587","post","type-post","status-publish","format-standard","has-post-thumbnail","hentry","category-destacados","category-estilo-de-vida","category-noticias-locales","category-republica-dominicana-2","tag-dominican-republic-es-5","tag-huracanes","tag-temporada-ciclonica","tag-tiempo","tag-tormenta-tropical","entry"],"yoast_head":"<!-- This site is optimized with the Yoast SEO plugin v27.4 - https:\/\/yoast.com\/product\/yoast-seo-wordpress\/ -->\n<title>\u00bfDeber\u00edamos estar preocupados por la Tormenta Tropical Dorian? | Casa de Campo Living<\/title>\n<meta name=\"description\" content=\"Hola y bienvenidos al julio en la Rep\u00fablica Dominicana con m\u00e1s tormentas por los \u00faltimos 10 a\u00f1os. Esto es cierto amigos, este julio, t\u00edpicamente un mes\" \/>\n<meta name=\"robots\" content=\"index, follow, max-snippet:-1, max-image-preview:large, max-video-preview:-1\" \/>\n<link rel=\"canonical\" href=\"https:\/\/casadecampoliving.com\/es\/deberiamos-estar-preocupados-por-la-tormenta-tropical-dorian\/\" \/>\n<meta property=\"og:locale\" content=\"es_ES\" \/>\n<meta property=\"og:type\" content=\"article\" \/>\n<meta property=\"og:title\" content=\"\u00bfDeber\u00edamos estar preocupados por la Tormenta Tropical Dorian? | Casa de Campo Living\" \/>\n<meta property=\"og:description\" content=\"Hola y bienvenidos al julio en la Rep\u00fablica Dominicana con m\u00e1s tormentas por los \u00faltimos 10 a\u00f1os. Esto es cierto amigos, este julio, t\u00edpicamente un mes\" \/>\n<meta property=\"og:url\" content=\"https:\/\/casadecampoliving.com\/es\/deberiamos-estar-preocupados-por-la-tormenta-tropical-dorian\/\" \/>\n<meta property=\"og:site_name\" content=\"Casa de Campo Living\" \/>\n<meta property=\"article:publisher\" content=\"https:\/\/www.facebook.com\/casadecampoliving\" \/>\n<meta property=\"article:published_time\" content=\"2013-07-24T04:00:00+00:00\" \/>\n<meta property=\"article:modified_time\" content=\"2022-10-21T22:48:23+00:00\" \/>\n<meta property=\"og:image\" content=\"https:\/\/i0.wp.com\/casadecampoliving.com\/wp-content\/uploads\/2022\/10\/tropical_storm_dorian-1.jpg?fit=650%2C360&ssl=1\" \/>\n\t<meta property=\"og:image:width\" content=\"650\" \/>\n\t<meta property=\"og:image:height\" content=\"360\" \/>\n\t<meta property=\"og:image:type\" content=\"image\/jpeg\" \/>\n<meta name=\"author\" content=\"lperdomo\" \/>\n<meta name=\"twitter:card\" content=\"summary_large_image\" \/>\n<meta name=\"twitter:creator\" content=\"@cdcliving\" \/>\n<meta name=\"twitter:site\" content=\"@cdcliving\" \/>\n<meta name=\"twitter:label1\" content=\"Escrito por\" \/>\n\t<meta name=\"twitter:data1\" content=\"lperdomo\" \/>\n\t<meta name=\"twitter:label2\" content=\"Tiempo de lectura\" \/>\n\t<meta name=\"twitter:data2\" content=\"2 minutos\" \/>\n<script type=\"application\/ld+json\" class=\"yoast-schema-graph\">{\"@context\":\"https:\\\/\\\/schema.org\",\"@graph\":[{\"@type\":\"Article\",\"@id\":\"https:\\\/\\\/casadecampoliving.com\\\/es\\\/deberiamos-estar-preocupados-por-la-tormenta-tropical-dorian\\\/#article\",\"isPartOf\":{\"@id\":\"https:\\\/\\\/casadecampoliving.com\\\/es\\\/deberiamos-estar-preocupados-por-la-tormenta-tropical-dorian\\\/\"},\"author\":{\"name\":\"lperdomo\",\"@id\":\"https:\\\/\\\/casadecampoliving.com\\\/es\\\/#\\\/schema\\\/person\\\/4505bf6f082fd862dd65dffed828158b\"},\"headline\":\"\u00bfDeber\u00edamos estar preocupados por la Tormenta Tropical Dorian?\",\"datePublished\":\"2013-07-24T04:00:00+00:00\",\"dateModified\":\"2022-10-21T22:48:23+00:00\",\"mainEntityOfPage\":{\"@id\":\"https:\\\/\\\/casadecampoliving.com\\\/es\\\/deberiamos-estar-preocupados-por-la-tormenta-tropical-dorian\\\/\"},\"wordCount\":442,\"publisher\":{\"@id\":\"https:\\\/\\\/casadecampoliving.com\\\/es\\\/#organization\"},\"image\":{\"@id\":\"https:\\\/\\\/casadecampoliving.com\\\/es\\\/deberiamos-estar-preocupados-por-la-tormenta-tropical-dorian\\\/#primaryimage\"},\"thumbnailUrl\":\"https:\\\/\\\/i0.wp.com\\\/casadecampoliving.com\\\/wp-content\\\/uploads\\\/2022\\\/10\\\/tropical_storm_dorian-1.jpg?fit=650%2C360&ssl=1\",\"keywords\":[\"Dominican Republic\",\"huracanes\",\"temporada ciclonica\",\"tiempo\",\"tormenta tropical\"],\"articleSection\":[\"Destacados\",\"Estilo de Vida\",\"Noticias Locales\",\"Rep\u00fablica Dominicana @es\"],\"inLanguage\":\"es\"},{\"@type\":\"WebPage\",\"@id\":\"https:\\\/\\\/casadecampoliving.com\\\/es\\\/deberiamos-estar-preocupados-por-la-tormenta-tropical-dorian\\\/\",\"url\":\"https:\\\/\\\/casadecampoliving.com\\\/es\\\/deberiamos-estar-preocupados-por-la-tormenta-tropical-dorian\\\/\",\"name\":\"\u00bfDeber\u00edamos estar preocupados por la Tormenta Tropical Dorian? | Casa de Campo Living\",\"isPartOf\":{\"@id\":\"https:\\\/\\\/casadecampoliving.com\\\/es\\\/#website\"},\"primaryImageOfPage\":{\"@id\":\"https:\\\/\\\/casadecampoliving.com\\\/es\\\/deberiamos-estar-preocupados-por-la-tormenta-tropical-dorian\\\/#primaryimage\"},\"image\":{\"@id\":\"https:\\\/\\\/casadecampoliving.com\\\/es\\\/deberiamos-estar-preocupados-por-la-tormenta-tropical-dorian\\\/#primaryimage\"},\"thumbnailUrl\":\"https:\\\/\\\/i0.wp.com\\\/casadecampoliving.com\\\/wp-content\\\/uploads\\\/2022\\\/10\\\/tropical_storm_dorian-1.jpg?fit=650%2C360&ssl=1\",\"datePublished\":\"2013-07-24T04:00:00+00:00\",\"dateModified\":\"2022-10-21T22:48:23+00:00\",\"description\":\"Hola y bienvenidos al julio en la Rep\u00fablica Dominicana con m\u00e1s tormentas por los \u00faltimos 10 a\u00f1os. Esto es cierto amigos, este julio, t\u00edpicamente un mes\",\"breadcrumb\":{\"@id\":\"https:\\\/\\\/casadecampoliving.com\\\/es\\\/deberiamos-estar-preocupados-por-la-tormenta-tropical-dorian\\\/#breadcrumb\"},\"inLanguage\":\"es\",\"potentialAction\":[{\"@type\":\"ReadAction\",\"target\":[\"https:\\\/\\\/casadecampoliving.com\\\/es\\\/deberiamos-estar-preocupados-por-la-tormenta-tropical-dorian\\\/\"]}]},{\"@type\":\"ImageObject\",\"inLanguage\":\"es\",\"@id\":\"https:\\\/\\\/casadecampoliving.com\\\/es\\\/deberiamos-estar-preocupados-por-la-tormenta-tropical-dorian\\\/#primaryimage\",\"url\":\"https:\\\/\\\/i0.wp.com\\\/casadecampoliving.com\\\/wp-content\\\/uploads\\\/2022\\\/10\\\/tropical_storm_dorian-1.jpg?fit=650%2C360&ssl=1\",\"contentUrl\":\"https:\\\/\\\/i0.wp.com\\\/casadecampoliving.com\\\/wp-content\\\/uploads\\\/2022\\\/10\\\/tropical_storm_dorian-1.jpg?fit=650%2C360&ssl=1\",\"width\":650,\"height\":360},{\"@type\":\"BreadcrumbList\",\"@id\":\"https:\\\/\\\/casadecampoliving.com\\\/es\\\/deberiamos-estar-preocupados-por-la-tormenta-tropical-dorian\\\/#breadcrumb\",\"itemListElement\":[{\"@type\":\"ListItem\",\"position\":1,\"name\":\"Home\",\"item\":\"https:\\\/\\\/casadecampoliving.com\\\/es\\\/\"},{\"@type\":\"ListItem\",\"position\":2,\"name\":\"\u00bfDeber\u00edamos estar preocupados por la Tormenta Tropical Dorian?\"}]},{\"@type\":\"WebSite\",\"@id\":\"https:\\\/\\\/casadecampoliving.com\\\/es\\\/#website\",\"url\":\"https:\\\/\\\/casadecampoliving.com\\\/es\\\/\",\"name\":\"Casa de Campo Living\",\"description\":\"Resort community news and resources.\",\"publisher\":{\"@id\":\"https:\\\/\\\/casadecampoliving.com\\\/es\\\/#organization\"},\"potentialAction\":[{\"@type\":\"SearchAction\",\"target\":{\"@type\":\"EntryPoint\",\"urlTemplate\":\"https:\\\/\\\/casadecampoliving.com\\\/es\\\/?s={search_term_string}\"},\"query-input\":{\"@type\":\"PropertyValueSpecification\",\"valueRequired\":true,\"valueName\":\"search_term_string\"}}],\"inLanguage\":\"es\"},{\"@type\":\"Organization\",\"@id\":\"https:\\\/\\\/casadecampoliving.com\\\/es\\\/#organization\",\"name\":\"Casa de Campo Living\",\"url\":\"https:\\\/\\\/casadecampoliving.com\\\/es\\\/\",\"logo\":{\"@type\":\"ImageObject\",\"inLanguage\":\"es\",\"@id\":\"https:\\\/\\\/casadecampoliving.com\\\/es\\\/#\\\/schema\\\/logo\\\/image\\\/\",\"url\":\"https:\\\/\\\/i0.wp.com\\\/casadecampoliving.com\\\/wp-content\\\/uploads\\\/2022\\\/07\\\/CDCLivingLogo_V1-white-sized.png?fit=800%2C214&ssl=1\",\"contentUrl\":\"https:\\\/\\\/i0.wp.com\\\/casadecampoliving.com\\\/wp-content\\\/uploads\\\/2022\\\/07\\\/CDCLivingLogo_V1-white-sized.png?fit=800%2C214&ssl=1\",\"width\":800,\"height\":214,\"caption\":\"Casa de Campo Living\"},\"image\":{\"@id\":\"https:\\\/\\\/casadecampoliving.com\\\/es\\\/#\\\/schema\\\/logo\\\/image\\\/\"},\"sameAs\":[\"https:\\\/\\\/www.facebook.com\\\/casadecampoliving\",\"https:\\\/\\\/x.com\\\/cdcliving\"]},{\"@type\":\"Person\",\"@id\":\"https:\\\/\\\/casadecampoliving.com\\\/es\\\/#\\\/schema\\\/person\\\/4505bf6f082fd862dd65dffed828158b\",\"name\":\"lperdomo\",\"image\":{\"@type\":\"ImageObject\",\"inLanguage\":\"es\",\"@id\":\"https:\\\/\\\/secure.gravatar.com\\\/avatar\\\/6f4e35901d52b8d648d82e11c9c54217bc500bbf5793d4f5e15d23fd2d5a1af4?s=96&d=mm&r=g\",\"url\":\"https:\\\/\\\/secure.gravatar.com\\\/avatar\\\/6f4e35901d52b8d648d82e11c9c54217bc500bbf5793d4f5e15d23fd2d5a1af4?s=96&d=mm&r=g\",\"contentUrl\":\"https:\\\/\\\/secure.gravatar.com\\\/avatar\\\/6f4e35901d52b8d648d82e11c9c54217bc500bbf5793d4f5e15d23fd2d5a1af4?s=96&d=mm&r=g\",\"caption\":\"lperdomo\"},\"sameAs\":[\"http:\\\/\\\/www.silgon.net\"],\"url\":\"https:\\\/\\\/casadecampoliving.com\\\/es\\\/author\\\/lperdomo\\\/\"}]}<\/script>\n<!-- \/ Yoast SEO plugin. -->","yoast_head_json":{"title":"\u00bfDeber\u00edamos estar preocupados por la Tormenta Tropical Dorian? | Casa de Campo Living","description":"Hola y bienvenidos al julio en la Rep\u00fablica Dominicana con m\u00e1s tormentas por los \u00faltimos 10 a\u00f1os. Esto es cierto amigos, este julio, t\u00edpicamente un mes","robots":{"index":"index","follow":"follow","max-snippet":"max-snippet:-1","max-image-preview":"max-image-preview:large","max-video-preview":"max-video-preview:-1"},"canonical":"https:\/\/casadecampoliving.com\/es\/deberiamos-estar-preocupados-por-la-tormenta-tropical-dorian\/","og_locale":"es_ES","og_type":"article","og_title":"\u00bfDeber\u00edamos estar preocupados por la Tormenta Tropical Dorian? | Casa de Campo Living","og_description":"Hola y bienvenidos al julio en la Rep\u00fablica Dominicana con m\u00e1s tormentas por los \u00faltimos 10 a\u00f1os. Esto es cierto amigos, este julio, t\u00edpicamente un mes","og_url":"https:\/\/casadecampoliving.com\/es\/deberiamos-estar-preocupados-por-la-tormenta-tropical-dorian\/","og_site_name":"Casa de Campo Living","article_publisher":"https:\/\/www.facebook.com\/casadecampoliving","article_published_time":"2013-07-24T04:00:00+00:00","article_modified_time":"2022-10-21T22:48:23+00:00","og_image":[{"width":650,"height":360,"url":"https:\/\/i0.wp.com\/casadecampoliving.com\/wp-content\/uploads\/2022\/10\/tropical_storm_dorian-1.jpg?fit=650%2C360&ssl=1","type":"image\/jpeg"}],"author":"lperdomo","twitter_card":"summary_large_image","twitter_creator":"@cdcliving","twitter_site":"@cdcliving","twitter_misc":{"Escrito por":"lperdomo","Tiempo de lectura":"2 minutos"},"schema":{"@context":"https:\/\/schema.org","@graph":[{"@type":"Article","@id":"https:\/\/casadecampoliving.com\/es\/deberiamos-estar-preocupados-por-la-tormenta-tropical-dorian\/#article","isPartOf":{"@id":"https:\/\/casadecampoliving.com\/es\/deberiamos-estar-preocupados-por-la-tormenta-tropical-dorian\/"},"author":{"name":"lperdomo","@id":"https:\/\/casadecampoliving.com\/es\/#\/schema\/person\/4505bf6f082fd862dd65dffed828158b"},"headline":"\u00bfDeber\u00edamos estar preocupados por la Tormenta Tropical Dorian?","datePublished":"2013-07-24T04:00:00+00:00","dateModified":"2022-10-21T22:48:23+00:00","mainEntityOfPage":{"@id":"https:\/\/casadecampoliving.com\/es\/deberiamos-estar-preocupados-por-la-tormenta-tropical-dorian\/"},"wordCount":442,"publisher":{"@id":"https:\/\/casadecampoliving.com\/es\/#organization"},"image":{"@id":"https:\/\/casadecampoliving.com\/es\/deberiamos-estar-preocupados-por-la-tormenta-tropical-dorian\/#primaryimage"},"thumbnailUrl":"https:\/\/i0.wp.com\/casadecampoliving.com\/wp-content\/uploads\/2022\/10\/tropical_storm_dorian-1.jpg?fit=650%2C360&ssl=1","keywords":["Dominican Republic","huracanes","temporada ciclonica","tiempo","tormenta tropical"],"articleSection":["Destacados","Estilo de Vida","Noticias Locales","Rep\u00fablica Dominicana @es"],"inLanguage":"es"},{"@type":"WebPage","@id":"https:\/\/casadecampoliving.com\/es\/deberiamos-estar-preocupados-por-la-tormenta-tropical-dorian\/","url":"https:\/\/casadecampoliving.com\/es\/deberiamos-estar-preocupados-por-la-tormenta-tropical-dorian\/","name":"\u00bfDeber\u00edamos estar preocupados por la Tormenta Tropical Dorian? | Casa de Campo Living","isPartOf":{"@id":"https:\/\/casadecampoliving.com\/es\/#website"},"primaryImageOfPage":{"@id":"https:\/\/casadecampoliving.com\/es\/deberiamos-estar-preocupados-por-la-tormenta-tropical-dorian\/#primaryimage"},"image":{"@id":"https:\/\/casadecampoliving.com\/es\/deberiamos-estar-preocupados-por-la-tormenta-tropical-dorian\/#primaryimage"},"thumbnailUrl":"https:\/\/i0.wp.com\/casadecampoliving.com\/wp-content\/uploads\/2022\/10\/tropical_storm_dorian-1.jpg?fit=650%2C360&ssl=1","datePublished":"2013-07-24T04:00:00+00:00","dateModified":"2022-10-21T22:48:23+00:00","description":"Hola y bienvenidos al julio en la Rep\u00fablica Dominicana con m\u00e1s tormentas por los \u00faltimos 10 a\u00f1os. Esto es cierto amigos, este julio, t\u00edpicamente un mes","breadcrumb":{"@id":"https:\/\/casadecampoliving.com\/es\/deberiamos-estar-preocupados-por-la-tormenta-tropical-dorian\/#breadcrumb"},"inLanguage":"es","potentialAction":[{"@type":"ReadAction","target":["https:\/\/casadecampoliving.com\/es\/deberiamos-estar-preocupados-por-la-tormenta-tropical-dorian\/"]}]},{"@type":"ImageObject","inLanguage":"es","@id":"https:\/\/casadecampoliving.com\/es\/deberiamos-estar-preocupados-por-la-tormenta-tropical-dorian\/#primaryimage","url":"https:\/\/i0.wp.com\/casadecampoliving.com\/wp-content\/uploads\/2022\/10\/tropical_storm_dorian-1.jpg?fit=650%2C360&ssl=1","contentUrl":"https:\/\/i0.wp.com\/casadecampoliving.com\/wp-content\/uploads\/2022\/10\/tropical_storm_dorian-1.jpg?fit=650%2C360&ssl=1","width":650,"height":360},{"@type":"BreadcrumbList","@id":"https:\/\/casadecampoliving.com\/es\/deberiamos-estar-preocupados-por-la-tormenta-tropical-dorian\/#breadcrumb","itemListElement":[{"@type":"ListItem","position":1,"name":"Home","item":"https:\/\/casadecampoliving.com\/es\/"},{"@type":"ListItem","position":2,"name":"\u00bfDeber\u00edamos estar preocupados por la Tormenta Tropical Dorian?"}]},{"@type":"WebSite","@id":"https:\/\/casadecampoliving.com\/es\/#website","url":"https:\/\/casadecampoliving.com\/es\/","name":"Casa de Campo Living","description":"Resort community news and resources.","publisher":{"@id":"https:\/\/casadecampoliving.com\/es\/#organization"},"potentialAction":[{"@type":"SearchAction","target":{"@type":"EntryPoint","urlTemplate":"https:\/\/casadecampoliving.com\/es\/?s={search_term_string}"},"query-input":{"@type":"PropertyValueSpecification","valueRequired":true,"valueName":"search_term_string"}}],"inLanguage":"es"},{"@type":"Organization","@id":"https:\/\/casadecampoliving.com\/es\/#organization","name":"Casa de Campo Living","url":"https:\/\/casadecampoliving.com\/es\/","logo":{"@type":"ImageObject","inLanguage":"es","@id":"https:\/\/casadecampoliving.com\/es\/#\/schema\/logo\/image\/","url":"https:\/\/i0.wp.com\/casadecampoliving.com\/wp-content\/uploads\/2022\/07\/CDCLivingLogo_V1-white-sized.png?fit=800%2C214&ssl=1","contentUrl":"https:\/\/i0.wp.com\/casadecampoliving.com\/wp-content\/uploads\/2022\/07\/CDCLivingLogo_V1-white-sized.png?fit=800%2C214&ssl=1","width":800,"height":214,"caption":"Casa de Campo Living"},"image":{"@id":"https:\/\/casadecampoliving.com\/es\/#\/schema\/logo\/image\/"},"sameAs":["https:\/\/www.facebook.com\/casadecampoliving","https:\/\/x.com\/cdcliving"]},{"@type":"Person","@id":"https:\/\/casadecampoliving.com\/es\/#\/schema\/person\/4505bf6f082fd862dd65dffed828158b","name":"lperdomo","image":{"@type":"ImageObject","inLanguage":"es","@id":"https:\/\/secure.gravatar.com\/avatar\/6f4e35901d52b8d648d82e11c9c54217bc500bbf5793d4f5e15d23fd2d5a1af4?s=96&d=mm&r=g","url":"https:\/\/secure.gravatar.com\/avatar\/6f4e35901d52b8d648d82e11c9c54217bc500bbf5793d4f5e15d23fd2d5a1af4?s=96&d=mm&r=g","contentUrl":"https:\/\/secure.gravatar.com\/avatar\/6f4e35901d52b8d648d82e11c9c54217bc500bbf5793d4f5e15d23fd2d5a1af4?s=96&d=mm&r=g","caption":"lperdomo"},"sameAs":["http:\/\/www.silgon.net"],"url":"https:\/\/casadecampoliving.com\/es\/author\/lperdomo\/"}]}},"parsely":{"version":"1.1.0","canonical_url":"https:\/\/casadecampoliving.com\/es\/deberiamos-estar-preocupados-por-la-tormenta-tropical-dorian\/","smart_links":{"inbound":0,"outbound":0},"traffic_boost_suggestions_count":0,"meta":{"@context":"https:\/\/schema.org","@type":"NewsArticle","headline":"\u00bfDeber\u00edamos estar preocupados por la Tormenta Tropical Dorian?","url":"http:\/\/casadecampoliving.com\/es\/deberiamos-estar-preocupados-por-la-tormenta-tropical-dorian\/","mainEntityOfPage":{"@type":"WebPage","@id":"http:\/\/casadecampoliving.com\/es\/deberiamos-estar-preocupados-por-la-tormenta-tropical-dorian\/"},"thumbnailUrl":"https:\/\/i0.wp.com\/casadecampoliving.com\/wp-content\/uploads\/2022\/10\/tropical_storm_dorian-1.jpg?resize=150%2C150&ssl=1","image":{"@type":"ImageObject","url":"https:\/\/i0.wp.com\/casadecampoliving.com\/wp-content\/uploads\/2022\/10\/tropical_storm_dorian-1.jpg?fit=650%2C360&ssl=1"},"articleSection":"Destacados","author":[{"@type":"Person","name":"lperdomo"}],"creator":["lperdomo"],"publisher":{"@type":"Organization","name":"Casa de Campo Living","logo":"https:\/\/casadecampoliving.com\/wp-content\/uploads\/2022\/07\/CDCLivingLogo_V1-white-sized.png"},"keywords":["dominican republic","huracanes","temporada ciclonica","tiempo","tormenta tropical"],"dateCreated":"2013-07-24T04:00:00Z","datePublished":"2013-07-24T04:00:00Z","dateModified":"2022-10-21T22:48:23Z"},"rendered":"<script type=\"application\/ld+json\" class=\"wp-parsely-metadata\">{\"@context\":\"https:\\\/\\\/schema.org\",\"@type\":\"NewsArticle\",\"headline\":\"\\u00bfDeber\\u00edamos estar preocupados por la Tormenta Tropical Dorian?\",\"url\":\"http:\\\/\\\/casadecampoliving.com\\\/es\\\/deberiamos-estar-preocupados-por-la-tormenta-tropical-dorian\\\/\",\"mainEntityOfPage\":{\"@type\":\"WebPage\",\"@id\":\"http:\\\/\\\/casadecampoliving.com\\\/es\\\/deberiamos-estar-preocupados-por-la-tormenta-tropical-dorian\\\/\"},\"thumbnailUrl\":\"https:\\\/\\\/i0.wp.com\\\/casadecampoliving.com\\\/wp-content\\\/uploads\\\/2022\\\/10\\\/tropical_storm_dorian-1.jpg?resize=150%2C150&ssl=1\",\"image\":{\"@type\":\"ImageObject\",\"url\":\"https:\\\/\\\/i0.wp.com\\\/casadecampoliving.com\\\/wp-content\\\/uploads\\\/2022\\\/10\\\/tropical_storm_dorian-1.jpg?fit=650%2C360&ssl=1\"},\"articleSection\":\"Destacados\",\"author\":[{\"@type\":\"Person\",\"name\":\"lperdomo\"}],\"creator\":[\"lperdomo\"],\"publisher\":{\"@type\":\"Organization\",\"name\":\"Casa de Campo Living\",\"logo\":\"https:\\\/\\\/casadecampoliving.com\\\/wp-content\\\/uploads\\\/2022\\\/07\\\/CDCLivingLogo_V1-white-sized.png\"},\"keywords\":[\"dominican republic\",\"huracanes\",\"temporada ciclonica\",\"tiempo\",\"tormenta tropical\"],\"dateCreated\":\"2013-07-24T04:00:00Z\",\"datePublished\":\"2013-07-24T04:00:00Z\",\"dateModified\":\"2022-10-21T22:48:23Z\"}<\/script>","tracker_url":"https:\/\/cdn.parsely.com\/keys\/casadecampoliving.com\/p.js"},"jetpack_publicize_connections":[],"jetpack_featured_media_url":"https:\/\/i0.wp.com\/casadecampoliving.com\/wp-content\/uploads\/2022\/10\/tropical_storm_dorian-1.jpg?fit=650%2C360&ssl=1","jetpack-related-posts":[{"id":342304,"url":"https:\/\/casadecampoliving.com\/es\/primera-tormenta-tropical-de-la-temporada-esperamos-recibir-a-chantal-el-miercoles\/","url_meta":{"origin":342587,"position":0},"title":"Primera tormenta tropical de la temporada, esperamos recibir a Chantal el mi\u00e9rcoles","author":"lperdomo","date":"8 Jul, 2013","format":false,"excerpt":"!Sorpresa! A pesar de que julio es hist\u00f3ricamente el mes menos activo de la Temporada de Huracanes, y el hecho de que la Rep\u00fablica Dominicana no ha sido afectada por ninguna depresi\u00f3n tropical, tormenta tropical o hurac\u00e1n antes de mediados de agosto en estos \u00faltimos 10 a\u00f1os\u2026nuestra primera tormenta tropical\u2026","rel":"","context":"En \u00abEstilo de Vida\u00bb","block_context":{"text":"Estilo de Vida","link":"https:\/\/casadecampoliving.com\/es\/category\/estilo-de-vida\/"},"img":{"alt_text":"tropical storm chantal","src":"https:\/\/i0.wp.com\/casadecampoliving.com\/wp-content\/uploads\/2022\/10\/tropical_storm_chantal-1.jpg?fit=650%2C304&ssl=1&resize=350%2C200","width":350,"height":200,"srcset":"https:\/\/i0.wp.com\/casadecampoliving.com\/wp-content\/uploads\/2022\/10\/tropical_storm_chantal-1.jpg?fit=650%2C304&ssl=1&resize=350%2C200 1x, https:\/\/i0.wp.com\/casadecampoliving.com\/wp-content\/uploads\/2022\/10\/tropical_storm_chantal-1.jpg?fit=650%2C304&ssl=1&resize=525%2C300 1.5x"},"classes":[]},{"id":342704,"url":"https:\/\/casadecampoliving.com\/es\/la-temporada-pico-de-huracanes-esta-en-marcha-con-el-desarrollo-de-la-primera-depresion-tropical\/","url_meta":{"origin":342587,"position":1},"title":"La temporada \u00abpico\u00bb de huracanes est\u00e1 en marcha con el desarrollo de la primera depresi\u00f3n tropical","author":"Rosanna Ram\u00edrez Castro","date":"15 Ago, 2013","format":false,"excerpt":"La \u201cmaldici\u00f3n\u201d de a mediados de agosto ataca de nuevo! Cada a\u00f1o el 15 de agosto\u00a0(m\u00e1s o menos unos pocos d\u00edas) la temporada \u201cpico\u201d de huracanes se pone en marcha. Hoy al despertar encontramos la nueva depresi\u00f3n tropical n\u00famero 5 desarrollada en el oc\u00e9ano atl\u00e1ntico\u2026\u00a0as\u00ed comienzan 6 semanas (m\u00e1s o\u2026","rel":"","context":"En \u00abClima\u00bb","block_context":{"text":"Clima","link":"https:\/\/casadecampoliving.com\/es\/category\/clima-2\/"},"img":{"alt_text":"tropical depression","src":"https:\/\/i0.wp.com\/casadecampoliving.com\/wp-content\/uploads\/2022\/10\/tropical_depression-5.jpg?fit=650%2C311&ssl=1&resize=350%2C200","width":350,"height":200,"srcset":"https:\/\/i0.wp.com\/casadecampoliving.com\/wp-content\/uploads\/2022\/10\/tropical_depression-5.jpg?fit=650%2C311&ssl=1&resize=350%2C200 1x, https:\/\/i0.wp.com\/casadecampoliving.com\/wp-content\/uploads\/2022\/10\/tropical_depression-5.jpg?fit=650%2C311&ssl=1&resize=525%2C300 1.5x"},"classes":[]},{"id":342332,"url":"https:\/\/casadecampoliving.com\/es\/73649\/","url_meta":{"origin":342587,"position":2},"title":"[Actualizaci\u00f3n 09 de julio] La tormenta tropical Chantal golpear\u00e1 la Rep\u00fablica Dominicana casi con vientos huracanados","author":"lperdomo","date":"9 Jul, 2013","format":false,"excerpt":"ACTUALIZACI\u00d3N: Julio 9, 2pm \u2013 Alerta de hurac\u00e1n emitida para Rep\u00fablica Dominicana\u00a0 Ahora que la tormenta tropical Chantal ha cruzado a trav\u00e9s de las Antillas Menores y se ha fortalecido para tener vientos m\u00e1ximos sostenidos de 65 mph, la costa sur-este de la Rep\u00fablica Dominicana se encuentra bajo alerta de\u2026","rel":"","context":"En \u00abEstilo de Vida\u00bb","block_context":{"text":"Estilo de Vida","link":"https:\/\/casadecampoliving.com\/es\/category\/estilo-de-vida\/"},"img":{"alt_text":"tropical storm chantal","src":"https:\/\/i0.wp.com\/casadecampoliving.com\/wp-content\/uploads\/2022\/10\/tropical_storm_chantal2-1.jpg?fit=650%2C295&ssl=1&resize=350%2C200","width":350,"height":200,"srcset":"https:\/\/i0.wp.com\/casadecampoliving.com\/wp-content\/uploads\/2022\/10\/tropical_storm_chantal2-1.jpg?fit=650%2C295&ssl=1&resize=350%2C200 1x, https:\/\/i0.wp.com\/casadecampoliving.com\/wp-content\/uploads\/2022\/10\/tropical_storm_chantal2-1.jpg?fit=650%2C295&ssl=1&resize=525%2C300 1.5x"},"classes":[]},{"id":348190,"url":"https:\/\/casadecampoliving.com\/es\/oh-oh-otra-tormenta-tropical-a-la-vista\/","url_meta":{"origin":342587,"position":3},"title":"\u00a1Oh oh! Otra Tormenta Tropical a la vista","author":"Felix Guerrero","date":"5 Sep, 2015","format":false,"excerpt":"El National Hurricane Center (Centro Nacional de Huracanes)\u00a0est\u00e1 emitiendo advertencias sobre la\u00a0reci\u00e9n formada depresi\u00f3n tropical n\u00famero siete, la cual, de convertise en tormenta tropical, llevar\u00e1\u00a0el nombre de \u201cGrace\u201d. Est\u00e1\u00a0centrada sobre el extremo oriental del Oc\u00e9ano Atl\u00e1ntico cerca de 270 millas al sur-suroeste de las islas de Cabo Verde. La depresi\u00f3n\u2026","rel":"","context":"En \u00abClima\u00bb","block_context":{"text":"Clima","link":"https:\/\/casadecampoliving.com\/es\/category\/clima-2\/"},"img":{"alt_text":"Grace Tropical Depression","src":"https:\/\/i0.wp.com\/casadecampoliving.com\/wp-content\/uploads\/2022\/10\/Grace-Tropical-Depression-1.jpg?fit=650%2C400&ssl=1&resize=350%2C200","width":350,"height":200,"srcset":"https:\/\/i0.wp.com\/casadecampoliving.com\/wp-content\/uploads\/2022\/10\/Grace-Tropical-Depression-1.jpg?fit=650%2C400&ssl=1&resize=350%2C200 1x, https:\/\/i0.wp.com\/casadecampoliving.com\/wp-content\/uploads\/2022\/10\/Grace-Tropical-Depression-1.jpg?fit=650%2C400&ssl=1&resize=525%2C300 1.5x"},"classes":[]},{"id":345019,"url":"https:\/\/casadecampoliving.com\/es\/tormenta-tropical-bertha-se-aproxima-la-ruina-su-fin-de-semana\/","url_meta":{"origin":342587,"position":4},"title":"La Tormenta Tropical Bertha se aproxima para arruinar su fin de semana","author":"Daniela Medina","date":"1 Ago, 2014","format":false,"excerpt":"Hoy, primero de agosto, se marca el inicio del pico de la Temporada Cicl\u00f3nica (Agosto \u2013 Septiembre), y que puede ser m\u00e1s oportuno que despertarte en la madrugada de este nuevo mes para descubrir que una tormenta tropical se acaba de desarrollar y que viene hacia nosotros. Apropiado si, pero\u2026","rel":"","context":"En \u00abCasa de Campo Living @es\u00bb","block_context":{"text":"Casa de Campo Living @es","link":"https:\/\/casadecampoliving.com\/category\/casa-de-campo-living-es\/"},"img":{"alt_text":"Tropical Storm Bertha","src":"https:\/\/i0.wp.com\/casadecampoliving.com\/wp-content\/uploads\/2022\/10\/tropical_storm_bertha-1.jpg?fit=650%2C366&ssl=1&resize=350%2C200","width":350,"height":200,"srcset":"https:\/\/i0.wp.com\/casadecampoliving.com\/wp-content\/uploads\/2022\/10\/tropical_storm_bertha-1.jpg?fit=650%2C366&ssl=1&resize=350%2C200 1x, https:\/\/i0.wp.com\/casadecampoliving.com\/wp-content\/uploads\/2022\/10\/tropical_storm_bertha-1.jpg?fit=650%2C366&ssl=1&resize=525%2C300 1.5x"},"classes":[]},{"id":339517,"url":"https:\/\/casadecampoliving.com\/es\/actualizacion-del-estado-del-tiempo-se-forma-la-tormenta-tropical-pero-pasara-por-el-sur\/","url_meta":{"origin":342587,"position":5},"title":"Actualizaci\u00f3n del estado del tiempo: Se forma la Tormenta Tropical&#8230; pero pasar\u00e1 por el sur","author":"","date":"2 Ago, 2012","format":false,"excerpt":"Despu\u00e9s de la actualizaci\u00f3n de nuestro art\u00edculo del estado del tiempo ayer y dado que la \u201cDepresi\u00f3n Tropical 5\u201d se acaba de convertir en la \u201cTormenta Tropical Ernesto\u201d, la quinta tormenta que recibe nombre en esta temporada cicl\u00f3nica de 2012, pens\u00e9 que le gustar\u00eda tener otra actualizaci\u00f3n del estado del\u2026","rel":"","context":"En \u00abEstilo de Vida\u00bb","block_context":{"text":"Estilo de Vida","link":"https:\/\/casadecampoliving.com\/es\/category\/estilo-de-vida\/"},"img":{"alt_text":"","src":"https:\/\/i0.wp.com\/casadecampoliving.com\/wp-content\/uploads\/2022\/10\/tropical_storm_ernesto-1.jpg?fit=600%2C405&ssl=1&resize=350%2C200","width":350,"height":200,"srcset":"https:\/\/i0.wp.com\/casadecampoliving.com\/wp-content\/uploads\/2022\/10\/tropical_storm_ernesto-1.jpg?fit=600%2C405&ssl=1&resize=350%2C200 1x, https:\/\/i0.wp.com\/casadecampoliving.com\/wp-content\/uploads\/2022\/10\/tropical_storm_ernesto-1.jpg?fit=600%2C405&ssl=1&resize=525%2C300 1.5x"},"classes":[]}],"jetpack_sharing_enabled":true,"_links":{"self":[{"href":"https:\/\/casadecampoliving.com\/es\/wp-json\/wp\/v2\/posts\/342587","targetHints":{"allow":["GET"]}}],"collection":[{"href":"https:\/\/casadecampoliving.com\/es\/wp-json\/wp\/v2\/posts"}],"about":[{"href":"https:\/\/casadecampoliving.com\/es\/wp-json\/wp\/v2\/types\/post"}],"author":[{"embeddable":true,"href":"https:\/\/casadecampoliving.com\/es\/wp-json\/wp\/v2\/users\/388"}],"replies":[{"embeddable":true,"href":"https:\/\/casadecampoliving.com\/es\/wp-json\/wp\/v2\/comments?post=342587"}],"version-history":[{"count":1,"href":"https:\/\/casadecampoliving.com\/es\/wp-json\/wp\/v2\/posts\/342587\/revisions"}],"predecessor-version":[{"id":342588,"href":"https:\/\/casadecampoliving.com\/es\/wp-json\/wp\/v2\/posts\/342587\/revisions\/342588"}],"wp:featuredmedia":[{"embeddable":true,"href":"https:\/\/casadecampoliving.com\/es\/wp-json\/wp\/v2\/media\/258290"}],"wp:attachment":[{"href":"https:\/\/casadecampoliving.com\/es\/wp-json\/wp\/v2\/media?parent=342587"}],"wp:term":[{"taxonomy":"category","embeddable":true,"href":"https:\/\/casadecampoliving.com\/es\/wp-json\/wp\/v2\/categories?post=342587"},{"taxonomy":"post_tag","embeddable":true,"href":"https:\/\/casadecampoliving.com\/es\/wp-json\/wp\/v2\/tags?post=342587"},{"taxonomy":"newspack_spnsrs_tax","embeddable":true,"href":"https:\/\/casadecampoliving.com\/es\/wp-json\/wp\/v2\/newspack_spnsrs_tax?post=342587"}],"curies":[{"name":"wp","href":"https:\/\/api.w.org\/{rel}","templated":true}]}}