{"id":342564,"date":"2013-07-23T00:00:00","date_gmt":"2013-07-23T04:00:00","guid":{"rendered":"https:\/\/casadecampoliving.com\/aireuropa-volara-desde-madrid-hasta-la-romana-a-partir-del-16-de-diciembre-de-2013\/"},"modified":"2022-10-21T18:47:56","modified_gmt":"2022-10-21T22:47:56","slug":"aireuropa-volara-desde-madrid-hasta-la-romana-a-partir-del-16-de-diciembre-de-2013","status":"publish","type":"post","link":"https:\/\/casadecampoliving.com\/es\/aireuropa-volara-desde-madrid-hasta-la-romana-a-partir-del-16-de-diciembre-de-2013\/","title":{"rendered":"AirEuropa volar\u00e1 desde Madrid hasta La Romana a partir del 16 de diciembre de 2013"},"content":{"rendered":"<div class=\"wp-block-image\">\n<figure class=\"aligncenter is-resized\"><img loading=\"lazy\" decoding=\"async\" src=\"https:\/\/i0.wp.com\/casadecampoliving.com\/wp-content\/uploads\/2022\/10\/air_europa_vuela_romana-1.jpg?resize=650%2C366&amp;ssl=1\" alt=\"\" class=\"wp-image-74638\" title=\"air_europa_vuela_romana\" height=\"366\" width=\"650\"\/><\/figure>\n<\/div>\n\n\n<p>\u00a1Excelente noticias amigos! &nbsp;A partir del 16 de diciembre de 2013 la prestigiosa aerol\u00ednea europea AirEuropa abrir\u00e1 una nueva ruta entre la ciudad de Madrid, Espa\u00f1a y La Romana. Lo que significa que pr\u00f3ximamente se incrementar\u00e1 el flujo de visitantes de Casa de Campo y en toda la ciudad de La Romana.<\/p>\n\n\n\n<p>La noticia fue dada a conocer a trav\u00e9s de la p\u00e1gina web de AirEuropa, en donde motiva a sus clientes a que conozcan a nuestro pueblo de La Romana, resaltando el papel fundamental que juega en el turismo nacional y en todo el Caribe, ya que esta ciudad posee parte de los mejores hoteles lujo, los mejores campos de golf &nbsp;y algunas de las playas m\u00e1s bonitas en todo el Caribe.<\/p>\n\n\n\n<p>La nueva ruta que se realizar\u00e1 una vez por semana, estar\u00e1 en vigencia hasta el 31 de marzo de 2014. Desde la p\u00e1gina web de la aerol\u00ednea <a href=\"http:\/\/www.aireuropa.com\/waeam\/xwaea\/1\/reservas\/xreserva_v7.home.html\">aireuropa.com<\/a> ya se puede hacer las reservaciones.<\/p>\n\n\n\n<p>Los vuelos saldr\u00e1n cada lunes desde Madrid a las 16:00 horas (4:00 pm hora local) y uno de regreso a partir de las 22:0o horas (10:00 pm hora local)&nbsp;con modernos aviones Airbus 330-200 con capacidad para 299 pasajeros, 24 de ellos en clase business.<\/p>\n\n\n\n<blockquote><p><strong><a href=\"https:\/\/casadecampoliving.com\/es\/aeropuerto-la-romana\/ \">The La Romana \u2013 Casa de Campo International Airport<\/a><\/strong><\/p><figure><img decoding=\"async\" loading=\"lazy\" class=\"aligncenter  wp-image-55309\" title=\"la_romana_airport\" src=\"https:\/\/i0.wp.com\/casadecampoliving.com\/wp-content\/uploads\/2022\/10\/la_romana_airport.jpg?resize=585%2C317&amp;ssl=1\" alt=\"la romana airport\" width=\"585\" height=\"317\"><\/figure><p style=\"text-align: center;\"><\/p><p style=\"text-align: left;\">El aeropuerto recibe vuelos directos desde Nueva York, Miami y San Juan con conecciones &nbsp;de las principales ciudades de Estados Unidos, as\u00ed como las islas del Caribe Oriental, Europa y Am\u00e9rica del Sur, y tambi\u00e9n recibe m\u00e1s aeronaves que &nbsp;ning\u00fan otro aeropuerto del pa\u00eds.<\/p><p><a href=\"https:\/\/casadecampoliving.com\/es\/aeropuerto-la-romana\/ \">Click aqu\u00ed para leer m\u00e1s sobre el Aeropuerto internacional de La Romana-Casa de Campo<\/a><\/p><\/blockquote>\n","protected":false},"excerpt":{"rendered":"<p>\u00a1Excelente noticias amigos! &nbsp;A partir del 16 de diciembre de 2013 la prestigiosa aerol\u00ednea europea AirEuropa abrir\u00e1 una nueva ruta entre la ciudad de Madrid, Espa\u00f1a y La Romana. Lo que significa que pr\u00f3ximamente se incrementar\u00e1 el flujo de visitantes de Casa de Campo y en toda la ciudad de La Romana. La noticia fue [&hellip;]<\/p>\n","protected":false},"author":431,"featured_media":248050,"comment_status":"closed","ping_status":"closed","sticky":false,"template":"","format":"standard","meta":{"newspack_ads_suppress_ads":false,"newspack_popups_has_disabled_popups":false,"newspack_sponsor_sponsorship_scope":"","newspack_sponsor_native_byline_display":"inherit","newspack_sponsor_native_category_display":"inherit","newspack_sponsor_underwriter_style":"inherit","newspack_sponsor_underwriter_placement":"inherit","_newspack_byline_active":false,"_newspack_byline":"","newspack_hide_updated_date":false,"newspack_show_updated_date":false,"newspack_content_restriction_is_exempt":false,"newspack_featured_image_position":"","newspack_post_subtitle":"","newspack_article_summary_title":"Overview:","newspack_article_summary":"","_jetpack_memberships_contains_paid_content":false,"footnotes":"","jetpack_publicize_message":"","jetpack_publicize_feature_enabled":true,"jetpack_social_post_already_shared":false,"jetpack_social_options":{"image_generator_settings":{"template":"highway","default_image_id":0,"font":"","enabled":false},"version":2},"_wpas_customize_per_network":false},"categories":[2524,14631,2507,2506,14625],"tags":[6791],"newspack_spnsrs_tax":[],"class_list":["post-342564","post","type-post","status-publish","format-standard","has-post-thumbnail","hentry","category-destacados","category-estilo-de-vida","category-la-romana-es","category-mas-alla-de-casa-es","category-noticias-locales","tag-la-romanaes","entry"],"yoast_head":"<!-- This site is optimized with the Yoast SEO plugin v27.4 - https:\/\/yoast.com\/product\/yoast-seo-wordpress\/ -->\n<title>AirEuropa volar\u00e1 desde Madrid hasta La Romana a partir del 16 de diciembre de 2013 | Casa de Campo Living<\/title>\n<meta name=\"description\" content=\"\u00a1Excelente noticias amigos! &nbsp;A partir del 16 de diciembre de 2013 la prestigiosa aerol\u00ednea europea AirEuropa abrir\u00e1 una nueva ruta entre la ciudad de\" \/>\n<meta name=\"robots\" content=\"index, follow, max-snippet:-1, max-image-preview:large, max-video-preview:-1\" \/>\n<link rel=\"canonical\" href=\"https:\/\/casadecampoliving.com\/es\/aireuropa-volara-desde-madrid-hasta-la-romana-a-partir-del-16-de-diciembre-de-2013\/\" \/>\n<meta property=\"og:locale\" content=\"es_ES\" \/>\n<meta property=\"og:type\" content=\"article\" \/>\n<meta property=\"og:title\" content=\"AirEuropa volar\u00e1 desde Madrid hasta La Romana a partir del 16 de diciembre de 2013 | Casa de Campo Living\" \/>\n<meta property=\"og:description\" content=\"\u00a1Excelente noticias amigos! &nbsp;A partir del 16 de diciembre de 2013 la prestigiosa aerol\u00ednea europea AirEuropa abrir\u00e1 una nueva ruta entre la ciudad de\" \/>\n<meta property=\"og:url\" content=\"https:\/\/casadecampoliving.com\/es\/aireuropa-volara-desde-madrid-hasta-la-romana-a-partir-del-16-de-diciembre-de-2013\/\" \/>\n<meta property=\"og:site_name\" content=\"Casa de Campo Living\" \/>\n<meta property=\"article:publisher\" content=\"https:\/\/www.facebook.com\/casadecampoliving\" \/>\n<meta property=\"article:published_time\" content=\"2013-07-23T04:00:00+00:00\" \/>\n<meta property=\"article:modified_time\" content=\"2022-10-21T22:47:56+00:00\" \/>\n<meta property=\"og:image\" content=\"https:\/\/i0.wp.com\/casadecampoliving.com\/wp-content\/uploads\/2022\/10\/air_europa_vuela_romana.jpg?fit=650%2C366&ssl=1\" \/>\n\t<meta property=\"og:image:width\" content=\"650\" \/>\n\t<meta property=\"og:image:height\" content=\"366\" \/>\n\t<meta property=\"og:image:type\" content=\"image\/jpeg\" \/>\n<meta name=\"author\" content=\"Mairobi Herrera\" \/>\n<meta name=\"twitter:card\" content=\"summary_large_image\" \/>\n<meta name=\"twitter:creator\" content=\"@cdcliving\" \/>\n<meta name=\"twitter:site\" content=\"@cdcliving\" \/>\n<meta name=\"twitter:label1\" content=\"Escrito por\" \/>\n\t<meta name=\"twitter:data1\" content=\"Mairobi Herrera\" \/>\n\t<meta name=\"twitter:label2\" content=\"Tiempo de lectura\" \/>\n\t<meta name=\"twitter:data2\" content=\"1 minuto\" \/>\n<script type=\"application\/ld+json\" class=\"yoast-schema-graph\">{\"@context\":\"https:\\\/\\\/schema.org\",\"@graph\":[{\"@type\":\"Article\",\"@id\":\"https:\\\/\\\/casadecampoliving.com\\\/es\\\/aireuropa-volara-desde-madrid-hasta-la-romana-a-partir-del-16-de-diciembre-de-2013\\\/#article\",\"isPartOf\":{\"@id\":\"https:\\\/\\\/casadecampoliving.com\\\/es\\\/aireuropa-volara-desde-madrid-hasta-la-romana-a-partir-del-16-de-diciembre-de-2013\\\/\"},\"author\":{\"name\":\"Mairobi Herrera\",\"@id\":\"https:\\\/\\\/casadecampoliving.com\\\/es\\\/#\\\/schema\\\/person\\\/932e594484c49168ad37fbb9141bf699\"},\"headline\":\"AirEuropa volar\u00e1 desde Madrid hasta La Romana a partir del 16 de diciembre de 2013\",\"datePublished\":\"2013-07-23T04:00:00+00:00\",\"dateModified\":\"2022-10-21T22:47:56+00:00\",\"mainEntityOfPage\":{\"@id\":\"https:\\\/\\\/casadecampoliving.com\\\/es\\\/aireuropa-volara-desde-madrid-hasta-la-romana-a-partir-del-16-de-diciembre-de-2013\\\/\"},\"wordCount\":293,\"publisher\":{\"@id\":\"https:\\\/\\\/casadecampoliving.com\\\/es\\\/#organization\"},\"image\":{\"@id\":\"https:\\\/\\\/casadecampoliving.com\\\/es\\\/aireuropa-volara-desde-madrid-hasta-la-romana-a-partir-del-16-de-diciembre-de-2013\\\/#primaryimage\"},\"thumbnailUrl\":\"https:\\\/\\\/i0.wp.com\\\/casadecampoliving.com\\\/wp-content\\\/uploads\\\/2022\\\/10\\\/air_europa_vuela_romana.jpg?fit=650%2C366&ssl=1\",\"keywords\":[\"la romana@es\"],\"articleSection\":[\"Destacados\",\"Estilo de Vida\",\"La Romana @es\",\"M\u00e1s all\u00e1 de Casa\",\"Noticias Locales\"],\"inLanguage\":\"es\"},{\"@type\":\"WebPage\",\"@id\":\"https:\\\/\\\/casadecampoliving.com\\\/es\\\/aireuropa-volara-desde-madrid-hasta-la-romana-a-partir-del-16-de-diciembre-de-2013\\\/\",\"url\":\"https:\\\/\\\/casadecampoliving.com\\\/es\\\/aireuropa-volara-desde-madrid-hasta-la-romana-a-partir-del-16-de-diciembre-de-2013\\\/\",\"name\":\"AirEuropa volar\u00e1 desde Madrid hasta La Romana a partir del 16 de diciembre de 2013 | Casa de Campo Living\",\"isPartOf\":{\"@id\":\"https:\\\/\\\/casadecampoliving.com\\\/es\\\/#website\"},\"primaryImageOfPage\":{\"@id\":\"https:\\\/\\\/casadecampoliving.com\\\/es\\\/aireuropa-volara-desde-madrid-hasta-la-romana-a-partir-del-16-de-diciembre-de-2013\\\/#primaryimage\"},\"image\":{\"@id\":\"https:\\\/\\\/casadecampoliving.com\\\/es\\\/aireuropa-volara-desde-madrid-hasta-la-romana-a-partir-del-16-de-diciembre-de-2013\\\/#primaryimage\"},\"thumbnailUrl\":\"https:\\\/\\\/i0.wp.com\\\/casadecampoliving.com\\\/wp-content\\\/uploads\\\/2022\\\/10\\\/air_europa_vuela_romana.jpg?fit=650%2C366&ssl=1\",\"datePublished\":\"2013-07-23T04:00:00+00:00\",\"dateModified\":\"2022-10-21T22:47:56+00:00\",\"description\":\"\u00a1Excelente noticias amigos! &nbsp;A partir del 16 de diciembre de 2013 la prestigiosa aerol\u00ednea europea AirEuropa abrir\u00e1 una nueva ruta entre la ciudad de\",\"breadcrumb\":{\"@id\":\"https:\\\/\\\/casadecampoliving.com\\\/es\\\/aireuropa-volara-desde-madrid-hasta-la-romana-a-partir-del-16-de-diciembre-de-2013\\\/#breadcrumb\"},\"inLanguage\":\"es\",\"potentialAction\":[{\"@type\":\"ReadAction\",\"target\":[\"https:\\\/\\\/casadecampoliving.com\\\/es\\\/aireuropa-volara-desde-madrid-hasta-la-romana-a-partir-del-16-de-diciembre-de-2013\\\/\"]}]},{\"@type\":\"ImageObject\",\"inLanguage\":\"es\",\"@id\":\"https:\\\/\\\/casadecampoliving.com\\\/es\\\/aireuropa-volara-desde-madrid-hasta-la-romana-a-partir-del-16-de-diciembre-de-2013\\\/#primaryimage\",\"url\":\"https:\\\/\\\/i0.wp.com\\\/casadecampoliving.com\\\/wp-content\\\/uploads\\\/2022\\\/10\\\/air_europa_vuela_romana.jpg?fit=650%2C366&ssl=1\",\"contentUrl\":\"https:\\\/\\\/i0.wp.com\\\/casadecampoliving.com\\\/wp-content\\\/uploads\\\/2022\\\/10\\\/air_europa_vuela_romana.jpg?fit=650%2C366&ssl=1\",\"width\":650,\"height\":366},{\"@type\":\"BreadcrumbList\",\"@id\":\"https:\\\/\\\/casadecampoliving.com\\\/es\\\/aireuropa-volara-desde-madrid-hasta-la-romana-a-partir-del-16-de-diciembre-de-2013\\\/#breadcrumb\",\"itemListElement\":[{\"@type\":\"ListItem\",\"position\":1,\"name\":\"Home\",\"item\":\"https:\\\/\\\/casadecampoliving.com\\\/es\\\/\"},{\"@type\":\"ListItem\",\"position\":2,\"name\":\"AirEuropa volar\u00e1 desde Madrid hasta La Romana a partir del 16 de diciembre de 2013\"}]},{\"@type\":\"WebSite\",\"@id\":\"https:\\\/\\\/casadecampoliving.com\\\/es\\\/#website\",\"url\":\"https:\\\/\\\/casadecampoliving.com\\\/es\\\/\",\"name\":\"Casa de Campo Living\",\"description\":\"Resort community news and resources.\",\"publisher\":{\"@id\":\"https:\\\/\\\/casadecampoliving.com\\\/es\\\/#organization\"},\"potentialAction\":[{\"@type\":\"SearchAction\",\"target\":{\"@type\":\"EntryPoint\",\"urlTemplate\":\"https:\\\/\\\/casadecampoliving.com\\\/es\\\/?s={search_term_string}\"},\"query-input\":{\"@type\":\"PropertyValueSpecification\",\"valueRequired\":true,\"valueName\":\"search_term_string\"}}],\"inLanguage\":\"es\"},{\"@type\":\"Organization\",\"@id\":\"https:\\\/\\\/casadecampoliving.com\\\/es\\\/#organization\",\"name\":\"Casa de Campo Living\",\"url\":\"https:\\\/\\\/casadecampoliving.com\\\/es\\\/\",\"logo\":{\"@type\":\"ImageObject\",\"inLanguage\":\"es\",\"@id\":\"https:\\\/\\\/casadecampoliving.com\\\/es\\\/#\\\/schema\\\/logo\\\/image\\\/\",\"url\":\"https:\\\/\\\/i0.wp.com\\\/casadecampoliving.com\\\/wp-content\\\/uploads\\\/2022\\\/07\\\/CDCLivingLogo_V1-white-sized.png?fit=800%2C214&ssl=1\",\"contentUrl\":\"https:\\\/\\\/i0.wp.com\\\/casadecampoliving.com\\\/wp-content\\\/uploads\\\/2022\\\/07\\\/CDCLivingLogo_V1-white-sized.png?fit=800%2C214&ssl=1\",\"width\":800,\"height\":214,\"caption\":\"Casa de Campo Living\"},\"image\":{\"@id\":\"https:\\\/\\\/casadecampoliving.com\\\/es\\\/#\\\/schema\\\/logo\\\/image\\\/\"},\"sameAs\":[\"https:\\\/\\\/www.facebook.com\\\/casadecampoliving\",\"https:\\\/\\\/x.com\\\/cdcliving\"]},{\"@type\":\"Person\",\"@id\":\"https:\\\/\\\/casadecampoliving.com\\\/es\\\/#\\\/schema\\\/person\\\/932e594484c49168ad37fbb9141bf699\",\"name\":\"Mairobi Herrera\",\"image\":{\"@type\":\"ImageObject\",\"inLanguage\":\"es\",\"@id\":\"https:\\\/\\\/secure.gravatar.com\\\/avatar\\\/d0bf6c19470eb55d83c719e39672f670b2c4412339af1eb8a08f86427ba98ee8?s=96&d=mm&r=g\",\"url\":\"https:\\\/\\\/secure.gravatar.com\\\/avatar\\\/d0bf6c19470eb55d83c719e39672f670b2c4412339af1eb8a08f86427ba98ee8?s=96&d=mm&r=g\",\"contentUrl\":\"https:\\\/\\\/secure.gravatar.com\\\/avatar\\\/d0bf6c19470eb55d83c719e39672f670b2c4412339af1eb8a08f86427ba98ee8?s=96&d=mm&r=g\",\"caption\":\"Mairobi Herrera\"},\"sameAs\":[\"https:\\\/\\\/casadecampoliving.com\\\/\"],\"url\":\"https:\\\/\\\/casadecampoliving.com\\\/es\\\/author\\\/mherrera\\\/\"}]}<\/script>\n<!-- \/ Yoast SEO plugin. -->","yoast_head_json":{"title":"AirEuropa volar\u00e1 desde Madrid hasta La Romana a partir del 16 de diciembre de 2013 | Casa de Campo Living","description":"\u00a1Excelente noticias amigos! &nbsp;A partir del 16 de diciembre de 2013 la prestigiosa aerol\u00ednea europea AirEuropa abrir\u00e1 una nueva ruta entre la ciudad de","robots":{"index":"index","follow":"follow","max-snippet":"max-snippet:-1","max-image-preview":"max-image-preview:large","max-video-preview":"max-video-preview:-1"},"canonical":"https:\/\/casadecampoliving.com\/es\/aireuropa-volara-desde-madrid-hasta-la-romana-a-partir-del-16-de-diciembre-de-2013\/","og_locale":"es_ES","og_type":"article","og_title":"AirEuropa volar\u00e1 desde Madrid hasta La Romana a partir del 16 de diciembre de 2013 | Casa de Campo Living","og_description":"\u00a1Excelente noticias amigos! &nbsp;A partir del 16 de diciembre de 2013 la prestigiosa aerol\u00ednea europea AirEuropa abrir\u00e1 una nueva ruta entre la ciudad de","og_url":"https:\/\/casadecampoliving.com\/es\/aireuropa-volara-desde-madrid-hasta-la-romana-a-partir-del-16-de-diciembre-de-2013\/","og_site_name":"Casa de Campo Living","article_publisher":"https:\/\/www.facebook.com\/casadecampoliving","article_published_time":"2013-07-23T04:00:00+00:00","article_modified_time":"2022-10-21T22:47:56+00:00","og_image":[{"width":650,"height":366,"url":"https:\/\/i0.wp.com\/casadecampoliving.com\/wp-content\/uploads\/2022\/10\/air_europa_vuela_romana.jpg?fit=650%2C366&ssl=1","type":"image\/jpeg"}],"author":"Mairobi Herrera","twitter_card":"summary_large_image","twitter_creator":"@cdcliving","twitter_site":"@cdcliving","twitter_misc":{"Escrito por":"Mairobi Herrera","Tiempo de lectura":"1 minuto"},"schema":{"@context":"https:\/\/schema.org","@graph":[{"@type":"Article","@id":"https:\/\/casadecampoliving.com\/es\/aireuropa-volara-desde-madrid-hasta-la-romana-a-partir-del-16-de-diciembre-de-2013\/#article","isPartOf":{"@id":"https:\/\/casadecampoliving.com\/es\/aireuropa-volara-desde-madrid-hasta-la-romana-a-partir-del-16-de-diciembre-de-2013\/"},"author":{"name":"Mairobi Herrera","@id":"https:\/\/casadecampoliving.com\/es\/#\/schema\/person\/932e594484c49168ad37fbb9141bf699"},"headline":"AirEuropa volar\u00e1 desde Madrid hasta La Romana a partir del 16 de diciembre de 2013","datePublished":"2013-07-23T04:00:00+00:00","dateModified":"2022-10-21T22:47:56+00:00","mainEntityOfPage":{"@id":"https:\/\/casadecampoliving.com\/es\/aireuropa-volara-desde-madrid-hasta-la-romana-a-partir-del-16-de-diciembre-de-2013\/"},"wordCount":293,"publisher":{"@id":"https:\/\/casadecampoliving.com\/es\/#organization"},"image":{"@id":"https:\/\/casadecampoliving.com\/es\/aireuropa-volara-desde-madrid-hasta-la-romana-a-partir-del-16-de-diciembre-de-2013\/#primaryimage"},"thumbnailUrl":"https:\/\/i0.wp.com\/casadecampoliving.com\/wp-content\/uploads\/2022\/10\/air_europa_vuela_romana.jpg?fit=650%2C366&ssl=1","keywords":["la romana@es"],"articleSection":["Destacados","Estilo de Vida","La Romana @es","M\u00e1s all\u00e1 de Casa","Noticias Locales"],"inLanguage":"es"},{"@type":"WebPage","@id":"https:\/\/casadecampoliving.com\/es\/aireuropa-volara-desde-madrid-hasta-la-romana-a-partir-del-16-de-diciembre-de-2013\/","url":"https:\/\/casadecampoliving.com\/es\/aireuropa-volara-desde-madrid-hasta-la-romana-a-partir-del-16-de-diciembre-de-2013\/","name":"AirEuropa volar\u00e1 desde Madrid hasta La Romana a partir del 16 de diciembre de 2013 | Casa de Campo Living","isPartOf":{"@id":"https:\/\/casadecampoliving.com\/es\/#website"},"primaryImageOfPage":{"@id":"https:\/\/casadecampoliving.com\/es\/aireuropa-volara-desde-madrid-hasta-la-romana-a-partir-del-16-de-diciembre-de-2013\/#primaryimage"},"image":{"@id":"https:\/\/casadecampoliving.com\/es\/aireuropa-volara-desde-madrid-hasta-la-romana-a-partir-del-16-de-diciembre-de-2013\/#primaryimage"},"thumbnailUrl":"https:\/\/i0.wp.com\/casadecampoliving.com\/wp-content\/uploads\/2022\/10\/air_europa_vuela_romana.jpg?fit=650%2C366&ssl=1","datePublished":"2013-07-23T04:00:00+00:00","dateModified":"2022-10-21T22:47:56+00:00","description":"\u00a1Excelente noticias amigos! &nbsp;A partir del 16 de diciembre de 2013 la prestigiosa aerol\u00ednea europea AirEuropa abrir\u00e1 una nueva ruta entre la ciudad de","breadcrumb":{"@id":"https:\/\/casadecampoliving.com\/es\/aireuropa-volara-desde-madrid-hasta-la-romana-a-partir-del-16-de-diciembre-de-2013\/#breadcrumb"},"inLanguage":"es","potentialAction":[{"@type":"ReadAction","target":["https:\/\/casadecampoliving.com\/es\/aireuropa-volara-desde-madrid-hasta-la-romana-a-partir-del-16-de-diciembre-de-2013\/"]}]},{"@type":"ImageObject","inLanguage":"es","@id":"https:\/\/casadecampoliving.com\/es\/aireuropa-volara-desde-madrid-hasta-la-romana-a-partir-del-16-de-diciembre-de-2013\/#primaryimage","url":"https:\/\/i0.wp.com\/casadecampoliving.com\/wp-content\/uploads\/2022\/10\/air_europa_vuela_romana.jpg?fit=650%2C366&ssl=1","contentUrl":"https:\/\/i0.wp.com\/casadecampoliving.com\/wp-content\/uploads\/2022\/10\/air_europa_vuela_romana.jpg?fit=650%2C366&ssl=1","width":650,"height":366},{"@type":"BreadcrumbList","@id":"https:\/\/casadecampoliving.com\/es\/aireuropa-volara-desde-madrid-hasta-la-romana-a-partir-del-16-de-diciembre-de-2013\/#breadcrumb","itemListElement":[{"@type":"ListItem","position":1,"name":"Home","item":"https:\/\/casadecampoliving.com\/es\/"},{"@type":"ListItem","position":2,"name":"AirEuropa volar\u00e1 desde Madrid hasta La Romana a partir del 16 de diciembre de 2013"}]},{"@type":"WebSite","@id":"https:\/\/casadecampoliving.com\/es\/#website","url":"https:\/\/casadecampoliving.com\/es\/","name":"Casa de Campo Living","description":"Resort community news and resources.","publisher":{"@id":"https:\/\/casadecampoliving.com\/es\/#organization"},"potentialAction":[{"@type":"SearchAction","target":{"@type":"EntryPoint","urlTemplate":"https:\/\/casadecampoliving.com\/es\/?s={search_term_string}"},"query-input":{"@type":"PropertyValueSpecification","valueRequired":true,"valueName":"search_term_string"}}],"inLanguage":"es"},{"@type":"Organization","@id":"https:\/\/casadecampoliving.com\/es\/#organization","name":"Casa de Campo Living","url":"https:\/\/casadecampoliving.com\/es\/","logo":{"@type":"ImageObject","inLanguage":"es","@id":"https:\/\/casadecampoliving.com\/es\/#\/schema\/logo\/image\/","url":"https:\/\/i0.wp.com\/casadecampoliving.com\/wp-content\/uploads\/2022\/07\/CDCLivingLogo_V1-white-sized.png?fit=800%2C214&ssl=1","contentUrl":"https:\/\/i0.wp.com\/casadecampoliving.com\/wp-content\/uploads\/2022\/07\/CDCLivingLogo_V1-white-sized.png?fit=800%2C214&ssl=1","width":800,"height":214,"caption":"Casa de Campo Living"},"image":{"@id":"https:\/\/casadecampoliving.com\/es\/#\/schema\/logo\/image\/"},"sameAs":["https:\/\/www.facebook.com\/casadecampoliving","https:\/\/x.com\/cdcliving"]},{"@type":"Person","@id":"https:\/\/casadecampoliving.com\/es\/#\/schema\/person\/932e594484c49168ad37fbb9141bf699","name":"Mairobi Herrera","image":{"@type":"ImageObject","inLanguage":"es","@id":"https:\/\/secure.gravatar.com\/avatar\/d0bf6c19470eb55d83c719e39672f670b2c4412339af1eb8a08f86427ba98ee8?s=96&d=mm&r=g","url":"https:\/\/secure.gravatar.com\/avatar\/d0bf6c19470eb55d83c719e39672f670b2c4412339af1eb8a08f86427ba98ee8?s=96&d=mm&r=g","contentUrl":"https:\/\/secure.gravatar.com\/avatar\/d0bf6c19470eb55d83c719e39672f670b2c4412339af1eb8a08f86427ba98ee8?s=96&d=mm&r=g","caption":"Mairobi Herrera"},"sameAs":["https:\/\/casadecampoliving.com\/"],"url":"https:\/\/casadecampoliving.com\/es\/author\/mherrera\/"}]}},"parsely":{"version":"1.1.0","canonical_url":"https:\/\/casadecampoliving.com\/es\/aireuropa-volara-desde-madrid-hasta-la-romana-a-partir-del-16-de-diciembre-de-2013\/","smart_links":{"inbound":0,"outbound":0},"traffic_boost_suggestions_count":0,"meta":{"@context":"https:\/\/schema.org","@type":"NewsArticle","headline":"AirEuropa volar\u00e1 desde Madrid hasta La Romana a partir del 16 de diciembre de 2013","url":"http:\/\/casadecampoliving.com\/es\/aireuropa-volara-desde-madrid-hasta-la-romana-a-partir-del-16-de-diciembre-de-2013\/","mainEntityOfPage":{"@type":"WebPage","@id":"http:\/\/casadecampoliving.com\/es\/aireuropa-volara-desde-madrid-hasta-la-romana-a-partir-del-16-de-diciembre-de-2013\/"},"thumbnailUrl":"https:\/\/i0.wp.com\/casadecampoliving.com\/wp-content\/uploads\/2022\/10\/air_europa_vuela_romana.jpg?resize=150%2C150&ssl=1","image":{"@type":"ImageObject","url":"https:\/\/i0.wp.com\/casadecampoliving.com\/wp-content\/uploads\/2022\/10\/air_europa_vuela_romana.jpg?fit=650%2C366&ssl=1"},"articleSection":"Destacados","author":[{"@type":"Person","name":"Mairobi Herrera"}],"creator":["Mairobi Herrera"],"publisher":{"@type":"Organization","name":"Casa de Campo Living","logo":"https:\/\/casadecampoliving.com\/wp-content\/uploads\/2022\/07\/CDCLivingLogo_V1-white-sized.png"},"keywords":["la romana@es"],"dateCreated":"2013-07-23T04:00:00Z","datePublished":"2013-07-23T04:00:00Z","dateModified":"2022-10-21T22:47:56Z"},"rendered":"<script type=\"application\/ld+json\" class=\"wp-parsely-metadata\">{\"@context\":\"https:\\\/\\\/schema.org\",\"@type\":\"NewsArticle\",\"headline\":\"AirEuropa volar\\u00e1 desde Madrid hasta La Romana a partir del 16 de diciembre de 2013\",\"url\":\"http:\\\/\\\/casadecampoliving.com\\\/es\\\/aireuropa-volara-desde-madrid-hasta-la-romana-a-partir-del-16-de-diciembre-de-2013\\\/\",\"mainEntityOfPage\":{\"@type\":\"WebPage\",\"@id\":\"http:\\\/\\\/casadecampoliving.com\\\/es\\\/aireuropa-volara-desde-madrid-hasta-la-romana-a-partir-del-16-de-diciembre-de-2013\\\/\"},\"thumbnailUrl\":\"https:\\\/\\\/i0.wp.com\\\/casadecampoliving.com\\\/wp-content\\\/uploads\\\/2022\\\/10\\\/air_europa_vuela_romana.jpg?resize=150%2C150&ssl=1\",\"image\":{\"@type\":\"ImageObject\",\"url\":\"https:\\\/\\\/i0.wp.com\\\/casadecampoliving.com\\\/wp-content\\\/uploads\\\/2022\\\/10\\\/air_europa_vuela_romana.jpg?fit=650%2C366&ssl=1\"},\"articleSection\":\"Destacados\",\"author\":[{\"@type\":\"Person\",\"name\":\"Mairobi Herrera\"}],\"creator\":[\"Mairobi Herrera\"],\"publisher\":{\"@type\":\"Organization\",\"name\":\"Casa de Campo Living\",\"logo\":\"https:\\\/\\\/casadecampoliving.com\\\/wp-content\\\/uploads\\\/2022\\\/07\\\/CDCLivingLogo_V1-white-sized.png\"},\"keywords\":[\"la romana@es\"],\"dateCreated\":\"2013-07-23T04:00:00Z\",\"datePublished\":\"2013-07-23T04:00:00Z\",\"dateModified\":\"2022-10-21T22:47:56Z\"}<\/script>","tracker_url":"https:\/\/cdn.parsely.com\/keys\/casadecampoliving.com\/p.js"},"jetpack_publicize_connections":[],"jetpack_featured_media_url":"https:\/\/i0.wp.com\/casadecampoliving.com\/wp-content\/uploads\/2022\/10\/air_europa_vuela_romana.jpg?fit=650%2C366&ssl=1","jetpack-related-posts":[{"id":344553,"url":"https:\/\/casadecampoliving.com\/es\/air-europa-anuncia-vuelo-directo-adicional-la-romana-madrid\/","url_meta":{"origin":342564,"position":0},"title":"Air Europa anuncia vuelo directo adicional La Romana &#8211; Madrid","author":"Eliana Alba","date":"9 Jun, 2014","format":false,"excerpt":"Ol\u00e9 t\u00eda, Air Europa estar\u00e1 volando desde Espa\u00f1a al aeropuerto internacional de La Romana dos veces a la semana a partir de este verano 2014. Air Europa empez\u00f3 sus vuelos directos semanales desde Madrid a la Romana el 30 de noviembre del 2013, trayendo consigo la agradable visita de m\u00e1s\u2026","rel":"","context":"En \u00abDestacados\u00bb","block_context":{"text":"Destacados","link":"https:\/\/casadecampoliving.com\/es\/category\/destacados\/"},"img":{"alt_text":"","src":"https:\/\/i0.wp.com\/casadecampoliving.com\/wp-content\/uploads\/2022\/10\/air_europa_vuela_romana.jpg?fit=650%2C366&ssl=1&resize=350%2C200","width":350,"height":200,"srcset":"https:\/\/i0.wp.com\/casadecampoliving.com\/wp-content\/uploads\/2022\/10\/air_europa_vuela_romana.jpg?fit=650%2C366&ssl=1&resize=350%2C200 1x, https:\/\/i0.wp.com\/casadecampoliving.com\/wp-content\/uploads\/2022\/10\/air_europa_vuela_romana.jpg?fit=650%2C366&ssl=1&resize=525%2C300 1.5x"},"classes":[]},{"id":343482,"url":"https:\/\/casadecampoliving.com\/es\/aeropuerto-air-europa-desde-madrid\/","url_meta":{"origin":342564,"position":1},"title":"El aeropuerto Casa de Campo-La Romana celebra la llegada del primer vuelo Air Europa desde Madrid","author":"Perkin Agramonte","date":"14 Dic, 2013","format":false,"excerpt":"El pasado s\u00e1bado 30 de noviembre tuvo lugar la llegada por primera vez al Aeropuerto Casa de Campo -La Romana un vuelo directo proveniente de Madrid a trav\u00e9s de Air Europa. Este nuevo vuelo de Air Europa conectar\u00e1 de forma directa La Romana, Casa de Campo \u00a0con Madrid, Espa\u00f1a cada\u2026","rel":"","context":"En \u00abDestacados\u00bb","block_context":{"text":"Destacados","link":"https:\/\/casadecampoliving.com\/es\/category\/destacados\/"},"img":{"alt_text":"AirEuropa Casa de Campo La Romana","src":"https:\/\/i0.wp.com\/casadecampoliving.com\/wp-content\/uploads\/2022\/10\/aireuropa_casa_de_campo_la_romana-1.jpg?fit=650%2C431&ssl=1&resize=350%2C200","width":350,"height":200,"srcset":"https:\/\/i0.wp.com\/casadecampoliving.com\/wp-content\/uploads\/2022\/10\/aireuropa_casa_de_campo_la_romana-1.jpg?fit=650%2C431&ssl=1&resize=350%2C200 1x, https:\/\/i0.wp.com\/casadecampoliving.com\/wp-content\/uploads\/2022\/10\/aireuropa_casa_de_campo_la_romana-1.jpg?fit=650%2C431&ssl=1&resize=525%2C300 1.5x"},"classes":[]},{"id":322997,"url":"https:\/\/casadecampoliving.com\/la-romana-casa-de-campo-airport-celebrates-arrival-first-aireuropa-flight-madrid\/","url_meta":{"origin":342564,"position":2},"title":"La Romana &#8211; Casa de Campo airport celebrates the arrival of the first AirEuropa flight from Madrid","author":"Rebecca Silvestri","date":"14 Dic, 2013","format":false,"excerpt":"Last Saturday the 30th of November marked the arrival of the first AirEuropa flight from Madrid direct to the Casa de Campo \u2013 La Romana airport.\u00a0 This new AirEuropa flight will directly connect La Romana \u2013 Casa de Campo with Madrid, Spain every Saturday until the 19th of April 2014\u2026","rel":"","context":"En \u00abBeyond Casa\u00bb","block_context":{"text":"Beyond Casa","link":"https:\/\/casadecampoliving.com\/category\/beyond-casa\/"},"img":{"alt_text":"AirEuropa Casa de Campo La Romana","src":"https:\/\/i0.wp.com\/casadecampoliving.com\/wp-content\/uploads\/2022\/10\/aireuropa_casa_de_campo_la_romana-1.jpg?fit=650%2C431&ssl=1&resize=350%2C200","width":350,"height":200,"srcset":"https:\/\/i0.wp.com\/casadecampoliving.com\/wp-content\/uploads\/2022\/10\/aireuropa_casa_de_campo_la_romana-1.jpg?fit=650%2C431&ssl=1&resize=350%2C200 1x, https:\/\/i0.wp.com\/casadecampoliving.com\/wp-content\/uploads\/2022\/10\/aireuropa_casa_de_campo_la_romana-1.jpg?fit=650%2C431&ssl=1&resize=525%2C300 1.5x"},"classes":[]},{"id":323669,"url":"https:\/\/casadecampoliving.com\/aireuropa-announces-additional-la-romana-madrid-flight\/","url_meta":{"origin":342564,"position":3},"title":"AirEuropa announces additional La Romana &#8211; Madrid flight","author":"Eliana Alba","date":"9 Jun, 2014","format":false,"excerpt":"Ol\u00e9 t\u00eda, AirEuropa will be flying from Spain into La Romana International Airport twice a week starting\u00a0this summer 2014. AirEuropa began operating a weekly direct flight between Madrid and La Romana on the 30th of November 2013, welcoming more visitors into Casa de Campo. However, this summer the prestigious airline\u2026","rel":"","context":"En \u00abBeyond Casa\u00bb","block_context":{"text":"Beyond Casa","link":"https:\/\/casadecampoliving.com\/category\/beyond-casa\/"},"img":{"alt_text":"","src":"https:\/\/i0.wp.com\/casadecampoliving.com\/wp-content\/uploads\/2022\/10\/air_europa_vuela_romana.jpg?fit=650%2C366&ssl=1&resize=350%2C200","width":350,"height":200,"srcset":"https:\/\/i0.wp.com\/casadecampoliving.com\/wp-content\/uploads\/2022\/10\/air_europa_vuela_romana.jpg?fit=650%2C366&ssl=1&resize=350%2C200 1x, https:\/\/i0.wp.com\/casadecampoliving.com\/wp-content\/uploads\/2022\/10\/air_europa_vuela_romana.jpg?fit=650%2C366&ssl=1&resize=525%2C300 1.5x"},"classes":[]},{"id":322504,"url":"https:\/\/casadecampoliving.com\/aireuropa-announces-new-route-between-madrid-la-romana-starting-december\/","url_meta":{"origin":342564,"position":4},"title":"AirEuropa announces new route between Madrid &#038; La Romana starting December","author":"Mairobi Herrera","date":"23 Jul, 2013","format":false,"excerpt":"Excellent news friends! On December 16th of 2013 the prestigious European airline AirEuropa will open a new route between Madrid, Spain and the La Romana \u2013 Casa de Campo International Airport. This means that soon we will be welcoming even more \u00a0visitors to Casa de Campo and La Romana, as\u2026","rel":"","context":"En \u00abBeyond Casa\u00bb","block_context":{"text":"Beyond Casa","link":"https:\/\/casadecampoliving.com\/category\/beyond-casa\/"},"img":{"alt_text":"","src":"https:\/\/i0.wp.com\/casadecampoliving.com\/wp-content\/uploads\/2022\/10\/air_europa_vuela_romana.jpg?fit=650%2C366&ssl=1&resize=350%2C200","width":350,"height":200,"srcset":"https:\/\/i0.wp.com\/casadecampoliving.com\/wp-content\/uploads\/2022\/10\/air_europa_vuela_romana.jpg?fit=650%2C366&ssl=1&resize=350%2C200 1x, https:\/\/i0.wp.com\/casadecampoliving.com\/wp-content\/uploads\/2022\/10\/air_europa_vuela_romana.jpg?fit=650%2C366&ssl=1&resize=525%2C300 1.5x"},"classes":[]},{"id":344948,"url":"https:\/\/casadecampoliving.com\/es\/vuelos-diarios-la-romana-miami-restablecidos\/","url_meta":{"origin":342564,"position":5},"title":"Vuelos diarios La Romana-Miami ser\u00e1n restablecidos en noviembre","author":"Maria Isabel B\u00e1ez","date":"24 Ago, 2014","format":false,"excerpt":"Los viajes directos de American Eagle entre el aeropuerto internacional Casa de Campo-La Romana y Miami ser\u00e1n restablecidos diariamente en noviembre diciembre. Bueno, algunos de ustedes estar\u00e1n un poco confundidos por la palabra \u201crestablecidos\u201d\u2026 lo que pasa es que las conexiones diarias entre el Aeropuerto Internacional Casa de Campo-La Romana\u2026","rel":"","context":"En \u00abCasa de Campo Living @es\u00bb","block_context":{"text":"Casa de Campo Living @es","link":"https:\/\/casadecampoliving.com\/category\/casa-de-campo-living-es\/"},"img":{"alt_text":"American Eagle","src":"https:\/\/i0.wp.com\/casadecampoliving.com\/wp-content\/uploads\/2014\/08\/american_eagle.jpg?resize=350%2C200&ssl=1","width":350,"height":200,"srcset":"https:\/\/i0.wp.com\/casadecampoliving.com\/wp-content\/uploads\/2014\/08\/american_eagle.jpg?resize=350%2C200&ssl=1 1x, https:\/\/i0.wp.com\/casadecampoliving.com\/wp-content\/uploads\/2014\/08\/american_eagle.jpg?resize=525%2C300&ssl=1 1.5x, https:\/\/i0.wp.com\/casadecampoliving.com\/wp-content\/uploads\/2014\/08\/american_eagle.jpg?resize=700%2C400&ssl=1 2x, https:\/\/i0.wp.com\/casadecampoliving.com\/wp-content\/uploads\/2014\/08\/american_eagle.jpg?resize=1050%2C600&ssl=1 3x, https:\/\/i0.wp.com\/casadecampoliving.com\/wp-content\/uploads\/2014\/08\/american_eagle.jpg?resize=1400%2C800&ssl=1 4x"},"classes":[]}],"jetpack_sharing_enabled":true,"_links":{"self":[{"href":"https:\/\/casadecampoliving.com\/es\/wp-json\/wp\/v2\/posts\/342564","targetHints":{"allow":["GET"]}}],"collection":[{"href":"https:\/\/casadecampoliving.com\/es\/wp-json\/wp\/v2\/posts"}],"about":[{"href":"https:\/\/casadecampoliving.com\/es\/wp-json\/wp\/v2\/types\/post"}],"author":[{"embeddable":true,"href":"https:\/\/casadecampoliving.com\/es\/wp-json\/wp\/v2\/users\/431"}],"replies":[{"embeddable":true,"href":"https:\/\/casadecampoliving.com\/es\/wp-json\/wp\/v2\/comments?post=342564"}],"version-history":[{"count":1,"href":"https:\/\/casadecampoliving.com\/es\/wp-json\/wp\/v2\/posts\/342564\/revisions"}],"predecessor-version":[{"id":342565,"href":"https:\/\/casadecampoliving.com\/es\/wp-json\/wp\/v2\/posts\/342564\/revisions\/342565"}],"wp:featuredmedia":[{"embeddable":true,"href":"https:\/\/casadecampoliving.com\/es\/wp-json\/wp\/v2\/media\/248050"}],"wp:attachment":[{"href":"https:\/\/casadecampoliving.com\/es\/wp-json\/wp\/v2\/media?parent=342564"}],"wp:term":[{"taxonomy":"category","embeddable":true,"href":"https:\/\/casadecampoliving.com\/es\/wp-json\/wp\/v2\/categories?post=342564"},{"taxonomy":"post_tag","embeddable":true,"href":"https:\/\/casadecampoliving.com\/es\/wp-json\/wp\/v2\/tags?post=342564"},{"taxonomy":"newspack_spnsrs_tax","embeddable":true,"href":"https:\/\/casadecampoliving.com\/es\/wp-json\/wp\/v2\/newspack_spnsrs_tax?post=342564"}],"curies":[{"name":"wp","href":"https:\/\/api.w.org\/{rel}","templated":true}]}}