{"id":342478,"date":"2013-07-22T00:00:00","date_gmt":"2013-07-22T04:00:00","guid":{"rendered":"https:\/\/casadecampoliving.com\/aves-en-altos-de-chavon\/"},"modified":"2022-10-21T18:46:16","modified_gmt":"2022-10-21T22:46:16","slug":"aves-en-altos-de-chavon","status":"publish","type":"post","link":"https:\/\/casadecampoliving.com\/es\/aves-en-altos-de-chavon\/","title":{"rendered":"Caminata de observaci\u00f3n de aves en Altos de Chav\u00f3n"},"content":{"rendered":"<div class=\"wp-block-image\">\n<figure class=\"aligncenter is-resized\"><img loading=\"lazy\" decoding=\"async\" src=\"https:\/\/i0.wp.com\/casadecampoliving.com\/wp-content\/uploads\/2022\/10\/kate_wallace_altos_de_chavon.jpg?resize=650%2C488&amp;ssl=1\" alt=\"kate wallace altos de chavon\" class=\"wp-image-74288\" title=\"kate_wallace_altos_de_chavon\" height=\"488\" width=\"650\"\/><\/figure>\n<\/div>\n\n\n<p class=\"has-text-align-left\">El Museo Arqueol\u00f3gico Regional Altos de Chav\u00f3n incluy\u00f3 esta semana dentro del programa de su campamento de verano \u201cExplorando el Pasado\u201d, un d\u00eda especial dedicado a las aves con la participaci\u00f3n de la reconocida ornit\u00f3loga Kate Wallace.<\/p>\n\n\n\n<p>&nbsp;A las 6:30 de la ma\u00f1ana Kate realiz\u00f3 una caminata para observar las aves que vuelan en &nbsp;Altos de Chav\u00f3n.&nbsp; Junto a ella &nbsp;se unieron algunas amigas del museo que mostraron inter\u00e9s en el tema de las aves y disfrutaron de un recorrido por Altos de Chav\u00f3n, descubriendo algunas de la aves que viven all\u00ed.<\/p>\n\n\n<div class=\"wp-block-image\">\n<figure class=\"aligncenter is-resized\"><img loading=\"lazy\" decoding=\"async\" src=\"https:\/\/i0.wp.com\/casadecampoliving.com\/wp-content\/uploads\/2022\/10\/aves_altos_de_chavon.jpg?resize=650%2C488&amp;ssl=1\" alt=\"\" class=\"wp-image-74289\" title=\"aves_altos_de_chavon\" height=\"488\" width=\"650\"\/><\/figure>\n<\/div>\n\n\n<p class=\"has-text-align-center\"><strong>Observando aves en Altos de Chav\u00f3n<\/strong><\/p>\n\n\n\n<p>Entre las aves que pudieron ver estuvo la \u201cCigua Palmera\u201d (nuestra ave nacional), la \u201cCuyaya\u201d <em><a href=\"https:\/\/casadecampoliving.com\/es\/2013\/07\/las-cuyayas-del-teeth-of-the-dog\/\">(de la cual hemos escrito anteriormente, haga click aqu\u00ed)<\/a><\/em>, \u201cruise\u00f1or\u201d, \u201cbarrancol\u00ed\u201d, \u201cpinchitas\u201d, \u201crolas\u201d, entre otras.<\/p>\n\n\n<div class=\"wp-block-image\">\n<figure class=\"aligncenter is-resized\"><img loading=\"lazy\" decoding=\"async\" src=\"https:\/\/i0.wp.com\/casadecampoliving.com\/wp-content\/uploads\/2022\/10\/kate_wallace1.jpg?resize=650%2C434&amp;ssl=1\" alt=\"\" class=\"wp-image-74290\" title=\"kate_wallace\" height=\"434\" width=\"650\"\/><\/figure>\n<\/div>\n\n\n<p>Sin embargo, esta son solo algunas de las que realmente habitan en el \u00e1rea, ya que debido a su frondosidad, Altos de Chav\u00f3n es el albergue de much\u00edsimas especies que habitan en nuestro pa\u00eds y en especial, en Casa de Campo.<\/p>\n\n\n\n<blockquote><p>&nbsp;A continuaci\u00f3n una lista de las aves m\u00e1s comunes en Casa de Campo:<\/p><ul>\n<li><img decoding=\"async\" loading=\"lazy\" class=\"alignright  wp-image-74292\" style=\"margin-left: 15px; margin-right: 15px;\" title=\"ruisenor\" src=\"https:\/\/i0.wp.com\/casadecampoliving.com\/wp-content\/uploads\/2022\/10\/ruisenor.jpg?resize=160%2C174&amp;ssl=1\" alt=\"\" width=\"160\" height=\"174\">Ciguita de los Prados<\/li>\n<li>Vencejito Palmar<\/li>\n<li>Bananaquit<\/li>\n<li>Garz\u00f3n Cenizo<\/li>\n<li>Zumbardorcito<\/li>\n<li>Ruise\u00f1or<\/li>\n<li>Petigr<\/li>\n<li><a href=\"https:\/\/casadecampoliving.com\/es\/2013\/07\/las-cuyayas-del-teeth-of-the-dog\/\">Cuayaya<\/a><\/li>\n<li>Tijereta<\/li>\n<li>Pel\u00edcano<\/li>\n<li>Rabiche<\/li>\n<li><a href=\"https:\/\/casadecampoliving.com\/es\/2013\/06\/colonias-de-aves-madame-saga-en-casa-de-campo\/\">Madan Sag\u00e1<\/a><\/li>\n<\/ul><\/blockquote>\n\n\n<div class=\"wp-block-image\">\n<figure class=\"alignright is-resized\"><img loading=\"lazy\" decoding=\"async\" src=\"https:\/\/i0.wp.com\/casadecampoliving.com\/wp-content\/uploads\/2022\/10\/kate_wallace2.jpg?resize=175%2C266&amp;ssl=1\" alt=\"kate_wallace\" class=\"wp-image-74542\" title=\"kate_wallace\" height=\"266\" width=\"175\"\/><\/figure>\n<\/div>\n\n\n<p>Kate Wallace ha escrito bastante sobre las aves dominicanas y ha ofrecido charlas sobre ellas en muchos lugares del pa\u00eds. Muchos de los libros y referencias de Wallace se encuentran disponibles en la biblioteca del Museo Regional de Arqueolog\u00eda Altos de Chav\u00f3n para todos aquellos que est\u00e9n interesados en conocer las aves de nuestro pa\u00eds.<\/p>\n\n\n\n<p><strong>\u00bfQuieres saber m\u00e1s sobre las aves de Altos de Chav\u00f3n?<\/strong><br>\nYanet Castillo, la coordinador de educaci\u00f3n del Museo de Chav\u00f3n Altosnos dijo que a finales de a\u00f1o se espera poder coordinar otra actividad con Kate Wallace. Si usted est\u00e1 interesado, p\u00f3ngase en contacto con Yanet en rcastillo@altosdechavon.com<\/p>\n","protected":false},"excerpt":{"rendered":"<p>El Museo Arqueol\u00f3gico Regional Altos de Chav\u00f3n incluy\u00f3 esta semana dentro del programa de su campamento de verano \u201cExplorando el Pasado\u201d, un d\u00eda especial dedicado a las aves con la participaci\u00f3n de la reconocida ornit\u00f3loga Kate Wallace. &nbsp;A las 6:30 de la ma\u00f1ana Kate realiz\u00f3 una caminata para observar las aves que vuelan en &nbsp;Altos [&hellip;]<\/p>\n","protected":false},"author":431,"featured_media":256295,"comment_status":"closed","ping_status":"closed","sticky":false,"template":"","format":"standard","meta":{"newspack_ads_suppress_ads":false,"newspack_popups_has_disabled_popups":false,"newspack_sponsor_sponsorship_scope":"","newspack_sponsor_native_byline_display":"inherit","newspack_sponsor_native_category_display":"inherit","newspack_sponsor_underwriter_style":"inherit","newspack_sponsor_underwriter_placement":"inherit","_newspack_byline_active":false,"_newspack_byline":"","newspack_hide_updated_date":false,"newspack_show_updated_date":false,"newspack_content_restriction_is_exempt":false,"newspack_featured_image_position":"","newspack_post_subtitle":"","newspack_article_summary_title":"Overview:","newspack_article_summary":"","_jetpack_memberships_contains_paid_content":false,"footnotes":"","jetpack_publicize_message":"","jetpack_publicize_feature_enabled":true,"jetpack_social_post_already_shared":false,"jetpack_social_options":{"image_generator_settings":{"template":"highway","default_image_id":0,"font":"","enabled":false},"version":2},"_wpas_customize_per_network":false},"categories":[26819,2524,14625,26822],"tags":[3926,6393],"newspack_spnsrs_tax":[],"class_list":["post-342478","post","type-post","status-publish","format-standard","has-post-thumbnail","hentry","category-altos-de-chavon-es","category-destacados","category-noticias-locales","category-resort-casa-de-campo","tag-altos-de-chavones","tag-aves-en-casa-de-campo","entry"],"yoast_head":"<!-- This site is optimized with the Yoast SEO plugin v27.5 - https:\/\/yoast.com\/product\/yoast-seo-wordpress\/ -->\n<title>Caminata de observaci\u00f3n de aves en Altos de Chav\u00f3n | Casa de Campo Living<\/title>\n<meta name=\"description\" content=\"El Museo Arqueol\u00f3gico Regional Altos de Chav\u00f3n incluy\u00f3 esta semana dentro del programa de su campamento de verano \u201cExplorando el Pasado\u201d, un d\u00eda especial\" \/>\n<meta name=\"robots\" content=\"index, follow, max-snippet:-1, max-image-preview:large, max-video-preview:-1\" \/>\n<link rel=\"canonical\" href=\"https:\/\/casadecampoliving.com\/es\/aves-en-altos-de-chavon\/\" \/>\n<meta property=\"og:locale\" content=\"es_ES\" \/>\n<meta property=\"og:type\" content=\"article\" \/>\n<meta property=\"og:title\" content=\"Caminata de observaci\u00f3n de aves en Altos de Chav\u00f3n | Casa de Campo Living\" \/>\n<meta property=\"og:description\" content=\"El Museo Arqueol\u00f3gico Regional Altos de Chav\u00f3n incluy\u00f3 esta semana dentro del programa de su campamento de verano \u201cExplorando el Pasado\u201d, un d\u00eda especial\" \/>\n<meta property=\"og:url\" content=\"https:\/\/casadecampoliving.com\/es\/aves-en-altos-de-chavon\/\" \/>\n<meta property=\"og:site_name\" content=\"Casa de Campo Living\" \/>\n<meta property=\"article:publisher\" content=\"https:\/\/www.facebook.com\/casadecampoliving\" \/>\n<meta property=\"article:published_time\" content=\"2013-07-22T04:00:00+00:00\" \/>\n<meta property=\"article:modified_time\" content=\"2022-10-21T22:46:16+00:00\" \/>\n<meta property=\"og:image\" content=\"https:\/\/i0.wp.com\/casadecampoliving.com\/wp-content\/uploads\/2022\/10\/kate_wallace_altos_de_chavon-1.jpg?fit=650%2C488&ssl=1\" \/>\n\t<meta property=\"og:image:width\" content=\"650\" \/>\n\t<meta property=\"og:image:height\" content=\"488\" \/>\n\t<meta property=\"og:image:type\" content=\"image\/jpeg\" \/>\n<meta name=\"author\" content=\"Mairobi Herrera\" \/>\n<meta name=\"twitter:card\" content=\"summary_large_image\" \/>\n<meta name=\"twitter:creator\" content=\"@cdcliving\" \/>\n<meta name=\"twitter:site\" content=\"@cdcliving\" \/>\n<meta name=\"twitter:label1\" content=\"Escrito por\" \/>\n\t<meta name=\"twitter:data1\" content=\"Mairobi Herrera\" \/>\n\t<meta name=\"twitter:label2\" content=\"Tiempo de lectura\" \/>\n\t<meta name=\"twitter:data2\" content=\"2 minutos\" \/>\n<script type=\"application\/ld+json\" class=\"yoast-schema-graph\">{\"@context\":\"https:\\\/\\\/schema.org\",\"@graph\":[{\"@type\":\"Article\",\"@id\":\"https:\\\/\\\/casadecampoliving.com\\\/es\\\/aves-en-altos-de-chavon\\\/#article\",\"isPartOf\":{\"@id\":\"https:\\\/\\\/casadecampoliving.com\\\/es\\\/aves-en-altos-de-chavon\\\/\"},\"author\":{\"name\":\"Mairobi Herrera\",\"@id\":\"https:\\\/\\\/casadecampoliving.com\\\/es\\\/#\\\/schema\\\/person\\\/932e594484c49168ad37fbb9141bf699\"},\"headline\":\"Caminata de observaci\u00f3n de aves en Altos de Chav\u00f3n\",\"datePublished\":\"2013-07-22T04:00:00+00:00\",\"dateModified\":\"2022-10-21T22:46:16+00:00\",\"mainEntityOfPage\":{\"@id\":\"https:\\\/\\\/casadecampoliving.com\\\/es\\\/aves-en-altos-de-chavon\\\/\"},\"wordCount\":349,\"publisher\":{\"@id\":\"https:\\\/\\\/casadecampoliving.com\\\/es\\\/#organization\"},\"image\":{\"@id\":\"https:\\\/\\\/casadecampoliving.com\\\/es\\\/aves-en-altos-de-chavon\\\/#primaryimage\"},\"thumbnailUrl\":\"https:\\\/\\\/i0.wp.com\\\/casadecampoliving.com\\\/wp-content\\\/uploads\\\/2022\\\/10\\\/kate_wallace_altos_de_chavon-1.jpg?fit=650%2C488&ssl=1\",\"keywords\":[\"altos de chavon@es\",\"aves en casa de campo\"],\"articleSection\":[\"Altos de Chavon @es\",\"Destacados\",\"Noticias Locales\",\"Resort Casa de Campo\"],\"inLanguage\":\"es\"},{\"@type\":\"WebPage\",\"@id\":\"https:\\\/\\\/casadecampoliving.com\\\/es\\\/aves-en-altos-de-chavon\\\/\",\"url\":\"https:\\\/\\\/casadecampoliving.com\\\/es\\\/aves-en-altos-de-chavon\\\/\",\"name\":\"Caminata de observaci\u00f3n de aves en Altos de Chav\u00f3n | Casa de Campo Living\",\"isPartOf\":{\"@id\":\"https:\\\/\\\/casadecampoliving.com\\\/es\\\/#website\"},\"primaryImageOfPage\":{\"@id\":\"https:\\\/\\\/casadecampoliving.com\\\/es\\\/aves-en-altos-de-chavon\\\/#primaryimage\"},\"image\":{\"@id\":\"https:\\\/\\\/casadecampoliving.com\\\/es\\\/aves-en-altos-de-chavon\\\/#primaryimage\"},\"thumbnailUrl\":\"https:\\\/\\\/i0.wp.com\\\/casadecampoliving.com\\\/wp-content\\\/uploads\\\/2022\\\/10\\\/kate_wallace_altos_de_chavon-1.jpg?fit=650%2C488&ssl=1\",\"datePublished\":\"2013-07-22T04:00:00+00:00\",\"dateModified\":\"2022-10-21T22:46:16+00:00\",\"description\":\"El Museo Arqueol\u00f3gico Regional Altos de Chav\u00f3n incluy\u00f3 esta semana dentro del programa de su campamento de verano \u201cExplorando el Pasado\u201d, un d\u00eda especial\",\"breadcrumb\":{\"@id\":\"https:\\\/\\\/casadecampoliving.com\\\/es\\\/aves-en-altos-de-chavon\\\/#breadcrumb\"},\"inLanguage\":\"es\",\"potentialAction\":[{\"@type\":\"ReadAction\",\"target\":[\"https:\\\/\\\/casadecampoliving.com\\\/es\\\/aves-en-altos-de-chavon\\\/\"]}]},{\"@type\":\"ImageObject\",\"inLanguage\":\"es\",\"@id\":\"https:\\\/\\\/casadecampoliving.com\\\/es\\\/aves-en-altos-de-chavon\\\/#primaryimage\",\"url\":\"https:\\\/\\\/i0.wp.com\\\/casadecampoliving.com\\\/wp-content\\\/uploads\\\/2022\\\/10\\\/kate_wallace_altos_de_chavon-1.jpg?fit=650%2C488&ssl=1\",\"contentUrl\":\"https:\\\/\\\/i0.wp.com\\\/casadecampoliving.com\\\/wp-content\\\/uploads\\\/2022\\\/10\\\/kate_wallace_altos_de_chavon-1.jpg?fit=650%2C488&ssl=1\",\"width\":650,\"height\":488,\"caption\":\"kate wallace altos de chavon\"},{\"@type\":\"BreadcrumbList\",\"@id\":\"https:\\\/\\\/casadecampoliving.com\\\/es\\\/aves-en-altos-de-chavon\\\/#breadcrumb\",\"itemListElement\":[{\"@type\":\"ListItem\",\"position\":1,\"name\":\"Home\",\"item\":\"https:\\\/\\\/casadecampoliving.com\\\/es\\\/\"},{\"@type\":\"ListItem\",\"position\":2,\"name\":\"Caminata de observaci\u00f3n de aves en Altos de Chav\u00f3n\"}]},{\"@type\":\"WebSite\",\"@id\":\"https:\\\/\\\/casadecampoliving.com\\\/es\\\/#website\",\"url\":\"https:\\\/\\\/casadecampoliving.com\\\/es\\\/\",\"name\":\"Casa de Campo Living\",\"description\":\"Resort community news and resources.\",\"publisher\":{\"@id\":\"https:\\\/\\\/casadecampoliving.com\\\/es\\\/#organization\"},\"potentialAction\":[{\"@type\":\"SearchAction\",\"target\":{\"@type\":\"EntryPoint\",\"urlTemplate\":\"https:\\\/\\\/casadecampoliving.com\\\/es\\\/?s={search_term_string}\"},\"query-input\":{\"@type\":\"PropertyValueSpecification\",\"valueRequired\":true,\"valueName\":\"search_term_string\"}}],\"inLanguage\":\"es\"},{\"@type\":\"Organization\",\"@id\":\"https:\\\/\\\/casadecampoliving.com\\\/es\\\/#organization\",\"name\":\"Casa de Campo Living\",\"url\":\"https:\\\/\\\/casadecampoliving.com\\\/es\\\/\",\"logo\":{\"@type\":\"ImageObject\",\"inLanguage\":\"es\",\"@id\":\"https:\\\/\\\/casadecampoliving.com\\\/es\\\/#\\\/schema\\\/logo\\\/image\\\/\",\"url\":\"https:\\\/\\\/i0.wp.com\\\/casadecampoliving.com\\\/wp-content\\\/uploads\\\/2022\\\/07\\\/CDCLivingLogo_V1-white-sized.png?fit=800%2C214&ssl=1\",\"contentUrl\":\"https:\\\/\\\/i0.wp.com\\\/casadecampoliving.com\\\/wp-content\\\/uploads\\\/2022\\\/07\\\/CDCLivingLogo_V1-white-sized.png?fit=800%2C214&ssl=1\",\"width\":800,\"height\":214,\"caption\":\"Casa de Campo Living\"},\"image\":{\"@id\":\"https:\\\/\\\/casadecampoliving.com\\\/es\\\/#\\\/schema\\\/logo\\\/image\\\/\"},\"sameAs\":[\"https:\\\/\\\/www.facebook.com\\\/casadecampoliving\",\"https:\\\/\\\/x.com\\\/cdcliving\"]},{\"@type\":\"Person\",\"@id\":\"https:\\\/\\\/casadecampoliving.com\\\/es\\\/#\\\/schema\\\/person\\\/932e594484c49168ad37fbb9141bf699\",\"name\":\"Mairobi Herrera\",\"image\":{\"@type\":\"ImageObject\",\"inLanguage\":\"es\",\"@id\":\"https:\\\/\\\/secure.gravatar.com\\\/avatar\\\/d0bf6c19470eb55d83c719e39672f670b2c4412339af1eb8a08f86427ba98ee8?s=96&d=mm&r=g\",\"url\":\"https:\\\/\\\/secure.gravatar.com\\\/avatar\\\/d0bf6c19470eb55d83c719e39672f670b2c4412339af1eb8a08f86427ba98ee8?s=96&d=mm&r=g\",\"contentUrl\":\"https:\\\/\\\/secure.gravatar.com\\\/avatar\\\/d0bf6c19470eb55d83c719e39672f670b2c4412339af1eb8a08f86427ba98ee8?s=96&d=mm&r=g\",\"caption\":\"Mairobi Herrera\"},\"sameAs\":[\"https:\\\/\\\/casadecampoliving.com\\\/\"],\"url\":\"https:\\\/\\\/casadecampoliving.com\\\/es\\\/author\\\/mherrera\\\/\"}]}<\/script>\n<!-- \/ Yoast SEO plugin. -->","yoast_head_json":{"title":"Caminata de observaci\u00f3n de aves en Altos de Chav\u00f3n | Casa de Campo Living","description":"El Museo Arqueol\u00f3gico Regional Altos de Chav\u00f3n incluy\u00f3 esta semana dentro del programa de su campamento de verano \u201cExplorando el Pasado\u201d, un d\u00eda especial","robots":{"index":"index","follow":"follow","max-snippet":"max-snippet:-1","max-image-preview":"max-image-preview:large","max-video-preview":"max-video-preview:-1"},"canonical":"https:\/\/casadecampoliving.com\/es\/aves-en-altos-de-chavon\/","og_locale":"es_ES","og_type":"article","og_title":"Caminata de observaci\u00f3n de aves en Altos de Chav\u00f3n | Casa de Campo Living","og_description":"El Museo Arqueol\u00f3gico Regional Altos de Chav\u00f3n incluy\u00f3 esta semana dentro del programa de su campamento de verano \u201cExplorando el Pasado\u201d, un d\u00eda especial","og_url":"https:\/\/casadecampoliving.com\/es\/aves-en-altos-de-chavon\/","og_site_name":"Casa de Campo Living","article_publisher":"https:\/\/www.facebook.com\/casadecampoliving","article_published_time":"2013-07-22T04:00:00+00:00","article_modified_time":"2022-10-21T22:46:16+00:00","og_image":[{"width":650,"height":488,"url":"https:\/\/i0.wp.com\/casadecampoliving.com\/wp-content\/uploads\/2022\/10\/kate_wallace_altos_de_chavon-1.jpg?fit=650%2C488&ssl=1","type":"image\/jpeg"}],"author":"Mairobi Herrera","twitter_card":"summary_large_image","twitter_creator":"@cdcliving","twitter_site":"@cdcliving","twitter_misc":{"Escrito por":"Mairobi Herrera","Tiempo de lectura":"2 minutos"},"schema":{"@context":"https:\/\/schema.org","@graph":[{"@type":"Article","@id":"https:\/\/casadecampoliving.com\/es\/aves-en-altos-de-chavon\/#article","isPartOf":{"@id":"https:\/\/casadecampoliving.com\/es\/aves-en-altos-de-chavon\/"},"author":{"name":"Mairobi Herrera","@id":"https:\/\/casadecampoliving.com\/es\/#\/schema\/person\/932e594484c49168ad37fbb9141bf699"},"headline":"Caminata de observaci\u00f3n de aves en Altos de Chav\u00f3n","datePublished":"2013-07-22T04:00:00+00:00","dateModified":"2022-10-21T22:46:16+00:00","mainEntityOfPage":{"@id":"https:\/\/casadecampoliving.com\/es\/aves-en-altos-de-chavon\/"},"wordCount":349,"publisher":{"@id":"https:\/\/casadecampoliving.com\/es\/#organization"},"image":{"@id":"https:\/\/casadecampoliving.com\/es\/aves-en-altos-de-chavon\/#primaryimage"},"thumbnailUrl":"https:\/\/i0.wp.com\/casadecampoliving.com\/wp-content\/uploads\/2022\/10\/kate_wallace_altos_de_chavon-1.jpg?fit=650%2C488&ssl=1","keywords":["altos de chavon@es","aves en casa de campo"],"articleSection":["Altos de Chavon @es","Destacados","Noticias Locales","Resort Casa de Campo"],"inLanguage":"es"},{"@type":"WebPage","@id":"https:\/\/casadecampoliving.com\/es\/aves-en-altos-de-chavon\/","url":"https:\/\/casadecampoliving.com\/es\/aves-en-altos-de-chavon\/","name":"Caminata de observaci\u00f3n de aves en Altos de Chav\u00f3n | Casa de Campo Living","isPartOf":{"@id":"https:\/\/casadecampoliving.com\/es\/#website"},"primaryImageOfPage":{"@id":"https:\/\/casadecampoliving.com\/es\/aves-en-altos-de-chavon\/#primaryimage"},"image":{"@id":"https:\/\/casadecampoliving.com\/es\/aves-en-altos-de-chavon\/#primaryimage"},"thumbnailUrl":"https:\/\/i0.wp.com\/casadecampoliving.com\/wp-content\/uploads\/2022\/10\/kate_wallace_altos_de_chavon-1.jpg?fit=650%2C488&ssl=1","datePublished":"2013-07-22T04:00:00+00:00","dateModified":"2022-10-21T22:46:16+00:00","description":"El Museo Arqueol\u00f3gico Regional Altos de Chav\u00f3n incluy\u00f3 esta semana dentro del programa de su campamento de verano \u201cExplorando el Pasado\u201d, un d\u00eda especial","breadcrumb":{"@id":"https:\/\/casadecampoliving.com\/es\/aves-en-altos-de-chavon\/#breadcrumb"},"inLanguage":"es","potentialAction":[{"@type":"ReadAction","target":["https:\/\/casadecampoliving.com\/es\/aves-en-altos-de-chavon\/"]}]},{"@type":"ImageObject","inLanguage":"es","@id":"https:\/\/casadecampoliving.com\/es\/aves-en-altos-de-chavon\/#primaryimage","url":"https:\/\/i0.wp.com\/casadecampoliving.com\/wp-content\/uploads\/2022\/10\/kate_wallace_altos_de_chavon-1.jpg?fit=650%2C488&ssl=1","contentUrl":"https:\/\/i0.wp.com\/casadecampoliving.com\/wp-content\/uploads\/2022\/10\/kate_wallace_altos_de_chavon-1.jpg?fit=650%2C488&ssl=1","width":650,"height":488,"caption":"kate wallace altos de chavon"},{"@type":"BreadcrumbList","@id":"https:\/\/casadecampoliving.com\/es\/aves-en-altos-de-chavon\/#breadcrumb","itemListElement":[{"@type":"ListItem","position":1,"name":"Home","item":"https:\/\/casadecampoliving.com\/es\/"},{"@type":"ListItem","position":2,"name":"Caminata de observaci\u00f3n de aves en Altos de Chav\u00f3n"}]},{"@type":"WebSite","@id":"https:\/\/casadecampoliving.com\/es\/#website","url":"https:\/\/casadecampoliving.com\/es\/","name":"Casa de Campo Living","description":"Resort community news and resources.","publisher":{"@id":"https:\/\/casadecampoliving.com\/es\/#organization"},"potentialAction":[{"@type":"SearchAction","target":{"@type":"EntryPoint","urlTemplate":"https:\/\/casadecampoliving.com\/es\/?s={search_term_string}"},"query-input":{"@type":"PropertyValueSpecification","valueRequired":true,"valueName":"search_term_string"}}],"inLanguage":"es"},{"@type":"Organization","@id":"https:\/\/casadecampoliving.com\/es\/#organization","name":"Casa de Campo Living","url":"https:\/\/casadecampoliving.com\/es\/","logo":{"@type":"ImageObject","inLanguage":"es","@id":"https:\/\/casadecampoliving.com\/es\/#\/schema\/logo\/image\/","url":"https:\/\/i0.wp.com\/casadecampoliving.com\/wp-content\/uploads\/2022\/07\/CDCLivingLogo_V1-white-sized.png?fit=800%2C214&ssl=1","contentUrl":"https:\/\/i0.wp.com\/casadecampoliving.com\/wp-content\/uploads\/2022\/07\/CDCLivingLogo_V1-white-sized.png?fit=800%2C214&ssl=1","width":800,"height":214,"caption":"Casa de Campo Living"},"image":{"@id":"https:\/\/casadecampoliving.com\/es\/#\/schema\/logo\/image\/"},"sameAs":["https:\/\/www.facebook.com\/casadecampoliving","https:\/\/x.com\/cdcliving"]},{"@type":"Person","@id":"https:\/\/casadecampoliving.com\/es\/#\/schema\/person\/932e594484c49168ad37fbb9141bf699","name":"Mairobi Herrera","image":{"@type":"ImageObject","inLanguage":"es","@id":"https:\/\/secure.gravatar.com\/avatar\/d0bf6c19470eb55d83c719e39672f670b2c4412339af1eb8a08f86427ba98ee8?s=96&d=mm&r=g","url":"https:\/\/secure.gravatar.com\/avatar\/d0bf6c19470eb55d83c719e39672f670b2c4412339af1eb8a08f86427ba98ee8?s=96&d=mm&r=g","contentUrl":"https:\/\/secure.gravatar.com\/avatar\/d0bf6c19470eb55d83c719e39672f670b2c4412339af1eb8a08f86427ba98ee8?s=96&d=mm&r=g","caption":"Mairobi Herrera"},"sameAs":["https:\/\/casadecampoliving.com\/"],"url":"https:\/\/casadecampoliving.com\/es\/author\/mherrera\/"}]}},"parsely":{"version":"1.1.0","canonical_url":"https:\/\/casadecampoliving.com\/es\/aves-en-altos-de-chavon\/","smart_links":{"inbound":0,"outbound":0},"traffic_boost_suggestions_count":0,"meta":{"@context":"https:\/\/schema.org","@type":"NewsArticle","headline":"Caminata de observaci\u00f3n de aves en Altos de Chav\u00f3n","url":"http:\/\/casadecampoliving.com\/es\/aves-en-altos-de-chavon\/","mainEntityOfPage":{"@type":"WebPage","@id":"http:\/\/casadecampoliving.com\/es\/aves-en-altos-de-chavon\/"},"thumbnailUrl":"https:\/\/i0.wp.com\/casadecampoliving.com\/wp-content\/uploads\/2022\/10\/kate_wallace_altos_de_chavon-1.jpg?resize=150%2C150&ssl=1","image":{"@type":"ImageObject","url":"https:\/\/i0.wp.com\/casadecampoliving.com\/wp-content\/uploads\/2022\/10\/kate_wallace_altos_de_chavon-1.jpg?fit=650%2C488&ssl=1"},"articleSection":"Altos de Chavon @es","author":[{"@type":"Person","name":"Mairobi Herrera"}],"creator":["Mairobi Herrera"],"publisher":{"@type":"Organization","name":"Casa de Campo Living","logo":"https:\/\/casadecampoliving.com\/wp-content\/uploads\/2022\/07\/CDCLivingLogo_V1-white-sized.png"},"keywords":["altos de chavon@es","aves en casa de campo"],"dateCreated":"2013-07-22T04:00:00Z","datePublished":"2013-07-22T04:00:00Z","dateModified":"2022-10-21T22:46:16Z"},"rendered":"<script type=\"application\/ld+json\" class=\"wp-parsely-metadata\">{\"@context\":\"https:\\\/\\\/schema.org\",\"@type\":\"NewsArticle\",\"headline\":\"Caminata de observaci\\u00f3n de aves en Altos de Chav\\u00f3n\",\"url\":\"http:\\\/\\\/casadecampoliving.com\\\/es\\\/aves-en-altos-de-chavon\\\/\",\"mainEntityOfPage\":{\"@type\":\"WebPage\",\"@id\":\"http:\\\/\\\/casadecampoliving.com\\\/es\\\/aves-en-altos-de-chavon\\\/\"},\"thumbnailUrl\":\"https:\\\/\\\/i0.wp.com\\\/casadecampoliving.com\\\/wp-content\\\/uploads\\\/2022\\\/10\\\/kate_wallace_altos_de_chavon-1.jpg?resize=150%2C150&ssl=1\",\"image\":{\"@type\":\"ImageObject\",\"url\":\"https:\\\/\\\/i0.wp.com\\\/casadecampoliving.com\\\/wp-content\\\/uploads\\\/2022\\\/10\\\/kate_wallace_altos_de_chavon-1.jpg?fit=650%2C488&ssl=1\"},\"articleSection\":\"Altos de Chavon @es\",\"author\":[{\"@type\":\"Person\",\"name\":\"Mairobi Herrera\"}],\"creator\":[\"Mairobi Herrera\"],\"publisher\":{\"@type\":\"Organization\",\"name\":\"Casa de Campo Living\",\"logo\":\"https:\\\/\\\/casadecampoliving.com\\\/wp-content\\\/uploads\\\/2022\\\/07\\\/CDCLivingLogo_V1-white-sized.png\"},\"keywords\":[\"altos de chavon@es\",\"aves en casa de campo\"],\"dateCreated\":\"2013-07-22T04:00:00Z\",\"datePublished\":\"2013-07-22T04:00:00Z\",\"dateModified\":\"2022-10-21T22:46:16Z\"}<\/script>","tracker_url":"https:\/\/cdn.parsely.com\/keys\/casadecampoliving.com\/p.js"},"jetpack_publicize_connections":[],"jetpack_featured_media_url":"https:\/\/i0.wp.com\/casadecampoliving.com\/wp-content\/uploads\/2022\/10\/kate_wallace_altos_de_chavon-1.jpg?fit=650%2C488&ssl=1","jetpack-related-posts":[{"id":342456,"url":"https:\/\/casadecampoliving.com\/es\/los-ninos-del-campamento-de-verano-del-museo-conocen-las-aves-de-altos-de-chavon\/","url_meta":{"origin":342478,"position":0},"title":"Los ni\u00f1os del campamento de verano del Museo conocen las aves de Altos de Chav\u00f3n","author":"Mairobi Herrera","date":"19 Jul, 2013","format":false,"excerpt":"Kate Wallace, una de las pocas expertas en aves que se encuentran actualmente en la Rep\u00fablica Dominicana, visit\u00f3 desde la sierra de Bahoruco (en el sur) al campamento de verano del Museo Arqueol\u00f3gico de Altos de Chav\u00f3n, para mostrarle a un grupo de 18 campistas infantiles las aves que vuelan\u2026","rel":"","context":"En \u00abAltos de Chavon @es\u00bb","block_context":{"text":"Altos de Chavon @es","link":"https:\/\/casadecampoliving.com\/category\/altos-de-chavon-es\/"},"img":{"alt_text":"","src":"https:\/\/i0.wp.com\/casadecampoliving.com\/wp-content\/uploads\/2022\/10\/campamento_verano_museo_chavon-1.jpg?fit=650%2C433&ssl=1&resize=350%2C200","width":350,"height":200,"srcset":"https:\/\/i0.wp.com\/casadecampoliving.com\/wp-content\/uploads\/2022\/10\/campamento_verano_museo_chavon-1.jpg?fit=650%2C433&ssl=1&resize=350%2C200 1x, https:\/\/i0.wp.com\/casadecampoliving.com\/wp-content\/uploads\/2022\/10\/campamento_verano_museo_chavon-1.jpg?fit=650%2C433&ssl=1&resize=525%2C300 1.5x"},"classes":[]},{"id":433460,"url":"https:\/\/casadecampoliving.com\/es\/no-se-pierdan-el-increible-tributo-a-frank-sinatra-para-celebrar-el-40-aniversario-del-anfiteatro-altos-de-chavon\/","url_meta":{"origin":342478,"position":1},"title":"No se pierdan el incre\u00edble tributo a Frank Sinatra para celebrar el 40 aniversario del\u00a0Anfiteatro Altos de Chav\u00f3n","author":"Casa de Campo Living","date":"20 Oct, 2022","format":false,"excerpt":"Siendo uno de los escenarios m\u00e1s emblem\u00e1ticos del pa\u00eds, Casa de Campo Resort\u00ae & Villas celebra las cuatro d\u00e9cadas de aniversario de Altos de Chav\u00f3n con un tributo al gran Frank Sinatra, protagonizado por artistas invitados y una big band tal cual la que acompa\u00f1\u00f3 al artista hace 40 a\u00f1os\u2026","rel":"","context":"En \u00abUncategorized @es\u00bb","block_context":{"text":"Uncategorized @es","link":"https:\/\/casadecampoliving.com\/es\/category\/uncategorized-es\/"},"img":{"alt_text":"","src":"https:\/\/i0.wp.com\/casadecampoliving.com\/wp-content\/uploads\/2022\/10\/Tributo-Frank-Sinatra-Foto-Principal-Amaury-Sanchez-Danilo-Ginebra-Andres-Pichardo-y-Jose-Gabriel-Perez-.jpg?fit=1200%2C873&ssl=1&resize=350%2C200","width":350,"height":200,"srcset":"https:\/\/i0.wp.com\/casadecampoliving.com\/wp-content\/uploads\/2022\/10\/Tributo-Frank-Sinatra-Foto-Principal-Amaury-Sanchez-Danilo-Ginebra-Andres-Pichardo-y-Jose-Gabriel-Perez-.jpg?fit=1200%2C873&ssl=1&resize=350%2C200 1x, https:\/\/i0.wp.com\/casadecampoliving.com\/wp-content\/uploads\/2022\/10\/Tributo-Frank-Sinatra-Foto-Principal-Amaury-Sanchez-Danilo-Ginebra-Andres-Pichardo-y-Jose-Gabriel-Perez-.jpg?fit=1200%2C873&ssl=1&resize=525%2C300 1.5x, https:\/\/i0.wp.com\/casadecampoliving.com\/wp-content\/uploads\/2022\/10\/Tributo-Frank-Sinatra-Foto-Principal-Amaury-Sanchez-Danilo-Ginebra-Andres-Pichardo-y-Jose-Gabriel-Perez-.jpg?fit=1200%2C873&ssl=1&resize=700%2C400 2x, https:\/\/i0.wp.com\/casadecampoliving.com\/wp-content\/uploads\/2022\/10\/Tributo-Frank-Sinatra-Foto-Principal-Amaury-Sanchez-Danilo-Ginebra-Andres-Pichardo-y-Jose-Gabriel-Perez-.jpg?fit=1200%2C873&ssl=1&resize=1050%2C600 3x"},"classes":[]},{"id":343238,"url":"https:\/\/casadecampoliving.com\/es\/charla-sobre-aves-endemicas-de-la-espanola-noviembre-20\/","url_meta":{"origin":342478,"position":2},"title":"Charla sobre aves end\u00e9micas de La Espa\u00f1ola, noviembre 19 &#038; 20","author":"Genesis Perdomo","date":"10 Nov, 2013","format":false,"excerpt":"Una actividad muy interesante se avecina para esos amantes de aves en la Comunidad de Casa de Campo y La Romana. \u00bfSab\u00edas que? de los 300 diferentes tipos de aves en La Rep\u00fablica Dominicana, 32 son end\u00e9micas. Un dato que es particularmente impresionante cuando se considera que en Estados Unidos\u2026","rel":"","context":"En \u00abAltos de Chavon @es\u00bb","block_context":{"text":"Altos de Chavon @es","link":"https:\/\/casadecampoliving.com\/category\/altos-de-chavon-es\/"},"img":{"alt_text":"bird","src":"https:\/\/i0.wp.com\/casadecampoliving.com\/wp-content\/uploads\/2022\/10\/bird_barrancoli1-1.jpg?fit=650%2C472&ssl=1&resize=350%2C200","width":350,"height":200,"srcset":"https:\/\/i0.wp.com\/casadecampoliving.com\/wp-content\/uploads\/2022\/10\/bird_barrancoli1-1.jpg?fit=650%2C472&ssl=1&resize=350%2C200 1x, https:\/\/i0.wp.com\/casadecampoliving.com\/wp-content\/uploads\/2022\/10\/bird_barrancoli1-1.jpg?fit=650%2C472&ssl=1&resize=525%2C300 1.5x"},"classes":[]},{"id":342208,"url":"https:\/\/casadecampoliving.com\/es\/experta-en-aves-participara-en-el-campamento-de-verano-del-museo-arqueologico-chavon\/","url_meta":{"origin":342478,"position":3},"title":"Experta en aves participar\u00e1 en el campamento de verano del Museo Arqueol\u00f3gico Chav\u00f3n","author":"Mairobi Herrera","date":"6 Jul, 2013","format":false,"excerpt":"\u00bfUsted sabe cu\u00e1les aves vuelan en los alrededores de Altos de Chav\u00f3n y cu\u00e1ntas son? Pues muy pronto lo sabremos, porque la ornit\u00f3loga norteamericana residente en el pa\u00eds, Kate Wallace, formar\u00e1 parte del campamento de verano del Museo Regional Altos de Chav\u00f3n el 16 de julio, en donde ayudar\u00e1 a\u2026","rel":"","context":"En \u00abAltos de Chavon @es\u00bb","block_context":{"text":"Altos de Chavon @es","link":"https:\/\/casadecampoliving.com\/category\/altos-de-chavon-es\/"},"img":{"alt_text":"vultures","src":"https:\/\/i0.wp.com\/casadecampoliving.com\/wp-content\/uploads\/2022\/10\/vultures-1.jpg?fit=650%2C395&ssl=1&resize=350%2C200","width":350,"height":200,"srcset":"https:\/\/i0.wp.com\/casadecampoliving.com\/wp-content\/uploads\/2022\/10\/vultures-1.jpg?fit=650%2C395&ssl=1&resize=350%2C200 1x, https:\/\/i0.wp.com\/casadecampoliving.com\/wp-content\/uploads\/2022\/10\/vultures-1.jpg?fit=650%2C395&ssl=1&resize=525%2C300 1.5x"},"classes":[]},{"id":344861,"url":"https:\/\/casadecampoliving.com\/es\/la-experta-en-aves-kate-wallace-estara-en-el-campamento-de-verano-explorando-el-pasado\/","url_meta":{"origin":342478,"position":4},"title":"La experta en aves Kate Wallace estar\u00e1 en el Campamento de Verano Explorando el Pasado","author":"Perkin Agramonte","date":"15 Jul, 2014","format":false,"excerpt":"Recientemente, realizamos una serie sobre las aves de Casa de Campo (vea debajo), pero, claro est\u00e1 que no sabemos tanto acerca de p\u00e1jaros como la ornit\u00f3loga americana, Kate Wallace, quien va estar compartiendo sus conocimientos al participar esta semana en el campamento de verano \u201cExplorando el Pasado\u201d en el Museo\u2026","rel":"","context":"En \u00abAltos de Chavon @es\u00bb","block_context":{"text":"Altos de Chavon @es","link":"https:\/\/casadecampoliving.com\/category\/altos-de-chavon-es\/"},"img":{"alt_text":"Broad Billed Tody","src":"https:\/\/i0.wp.com\/casadecampoliving.com\/wp-content\/uploads\/2022\/10\/broad_billed_tody-1.jpg?fit=650%2C365&ssl=1&resize=350%2C200","width":350,"height":200,"srcset":"https:\/\/i0.wp.com\/casadecampoliving.com\/wp-content\/uploads\/2022\/10\/broad_billed_tody-1.jpg?fit=650%2C365&ssl=1&resize=350%2C200 1x, https:\/\/i0.wp.com\/casadecampoliving.com\/wp-content\/uploads\/2022\/10\/broad_billed_tody-1.jpg?fit=650%2C365&ssl=1&resize=525%2C300 1.5x"},"classes":[]},{"id":346986,"url":"https:\/\/casadecampoliving.com\/es\/campamento-explorando-el-pasado-en-el-museo-arqueologico-altos-de-chavon\/","url_meta":{"origin":342478,"position":5},"title":"Campamento \u00abExplorando el Pasado\u00bb en el Museo Arqueol\u00f3gico Altos de Chav\u00f3n","author":"Perkin Agramonte","date":"19 Mar, 2015","format":false,"excerpt":"\u00a1Anote la Fecha! El Museo Regional Arqueol\u00f3gico Altos de Chav\u00f3n estar\u00e1 llevando a cabo su Campamento de Verano del lunes 6 al viernes 17 de julio. Al igual que el a\u00f1o pasado el tema es \u201cExplorando el Pasado\u201d, donde los ni\u00f1os aprende sobre la historia a trav\u00e9s del arte, exploraciones\u2026","rel":"","context":"En \u00abAltos de Chavon @es\u00bb","block_context":{"text":"Altos de Chavon @es","link":"https:\/\/casadecampoliving.com\/category\/altos-de-chavon-es\/"},"img":{"alt_text":"Altos de Chavon Regional Museum Archaeology","src":"https:\/\/i0.wp.com\/casadecampoliving.com\/wp-content\/uploads\/2022\/10\/Altos_de_Chavon_Regional_Museum_-Archaeology-1.jpg?fit=980%2C428&ssl=1&resize=350%2C200","width":350,"height":200,"srcset":"https:\/\/i0.wp.com\/casadecampoliving.com\/wp-content\/uploads\/2022\/10\/Altos_de_Chavon_Regional_Museum_-Archaeology-1.jpg?fit=980%2C428&ssl=1&resize=350%2C200 1x, https:\/\/i0.wp.com\/casadecampoliving.com\/wp-content\/uploads\/2022\/10\/Altos_de_Chavon_Regional_Museum_-Archaeology-1.jpg?fit=980%2C428&ssl=1&resize=525%2C300 1.5x, https:\/\/i0.wp.com\/casadecampoliving.com\/wp-content\/uploads\/2022\/10\/Altos_de_Chavon_Regional_Museum_-Archaeology-1.jpg?fit=980%2C428&ssl=1&resize=700%2C400 2x"},"classes":[]}],"jetpack_sharing_enabled":true,"_links":{"self":[{"href":"https:\/\/casadecampoliving.com\/es\/wp-json\/wp\/v2\/posts\/342478","targetHints":{"allow":["GET"]}}],"collection":[{"href":"https:\/\/casadecampoliving.com\/es\/wp-json\/wp\/v2\/posts"}],"about":[{"href":"https:\/\/casadecampoliving.com\/es\/wp-json\/wp\/v2\/types\/post"}],"author":[{"embeddable":true,"href":"https:\/\/casadecampoliving.com\/es\/wp-json\/wp\/v2\/users\/431"}],"replies":[{"embeddable":true,"href":"https:\/\/casadecampoliving.com\/es\/wp-json\/wp\/v2\/comments?post=342478"}],"version-history":[{"count":1,"href":"https:\/\/casadecampoliving.com\/es\/wp-json\/wp\/v2\/posts\/342478\/revisions"}],"predecessor-version":[{"id":342479,"href":"https:\/\/casadecampoliving.com\/es\/wp-json\/wp\/v2\/posts\/342478\/revisions\/342479"}],"wp:featuredmedia":[{"embeddable":true,"href":"https:\/\/casadecampoliving.com\/es\/wp-json\/wp\/v2\/media\/256295"}],"wp:attachment":[{"href":"https:\/\/casadecampoliving.com\/es\/wp-json\/wp\/v2\/media?parent=342478"}],"wp:term":[{"taxonomy":"category","embeddable":true,"href":"https:\/\/casadecampoliving.com\/es\/wp-json\/wp\/v2\/categories?post=342478"},{"taxonomy":"post_tag","embeddable":true,"href":"https:\/\/casadecampoliving.com\/es\/wp-json\/wp\/v2\/tags?post=342478"},{"taxonomy":"newspack_spnsrs_tax","embeddable":true,"href":"https:\/\/casadecampoliving.com\/es\/wp-json\/wp\/v2\/newspack_spnsrs_tax?post=342478"}],"curies":[{"name":"wp","href":"https:\/\/api.w.org\/{rel}","templated":true}]}}