{"id":342382,"date":"2013-07-15T00:00:00","date_gmt":"2013-07-15T04:00:00","guid":{"rendered":"https:\/\/casadecampoliving.com\/reserve-la-fecha-fernando-varela-le-invita-a-un-coctel-de-verano-el-proximo-8-de-agosto\/"},"modified":"2022-10-21T18:55:31","modified_gmt":"2022-10-21T22:55:31","slug":"reserve-la-fecha-fernando-varela-le-invita-a-un-coctel-de-verano-el-proximo-8-de-agosto","status":"publish","type":"post","link":"https:\/\/casadecampoliving.com\/es\/reserve-la-fecha-fernando-varela-le-invita-a-un-coctel-de-verano-el-proximo-8-de-agosto\/","title":{"rendered":"\u00a1Reserve la Fecha! Fernando Varela le invita a un C\u00f3ctel de Verano el pr\u00f3ximo 8 de agosto"},"content":{"rendered":"<div class=\"wp-block-image\">\n<figure class=\"aligncenter is-resized\"><img loading=\"lazy\" decoding=\"async\" src=\"https:\/\/i0.wp.com\/casadecampoliving.com\/wp-content\/uploads\/2022\/10\/fernand_varela_art.jpg?resize=650%2C403&amp;ssl=1\" alt=\"fernando varela art\" class=\"wp-image-73849\" title=\"fernando_varela_art\" height=\"403\" width=\"650\"\/><\/figure>\n<\/div>\n\n\n<p>Fernando Varela, un distinguido artista y propietario de villa en Casa de Campo, le invita a un \u201cC\u00f3ctel de Verano\u201d desde las 6:00 pm del jueves 08 de agosto, que se celebrar\u00e1 en su nuevo espacio de arte, ubicado en la Calle Barlovento en La Marina Casa de Campo.<\/p>\n\n\n\n<p>En diciembre del a\u00f1o pasado, Varela celebr\u00f3 la inauguraci\u00f3n de un espacio de arte en el Paseo del Mar de La Marina Casa de Campo, con una inauguraci\u00f3n patrocinada por Silgon Inc. con Casa de Campo Living y Chivas Regal 18 (<a href=\"https:\/\/casadecampoliving.com\/es\/2012\/12\/coctel-para-celebrar-la-inauguracion-de-fernando-varela-recent-works-paintingsdrawings\/\">haga clic aqu\u00ed para ver fotos de la este evento <\/a>).&nbsp;Esta exposici\u00f3n, \u201cFernando Varela Recent Works \u2013 Paintings\/Drawings\u201d ahora ha sido reubicada al Jardin n\u00famero 20 de la Calle Barlovento, la principal zona comercial de la Marina de Casa de Campo y es muy f\u00e1cil de encontrarla, est\u00e1 al lado del Banco del Progreso.<\/p>\n\n\n<div class=\"wp-block-image\">\n<figure class=\"alignright is-resized\"><img loading=\"lazy\" decoding=\"async\" src=\"https:\/\/i0.wp.com\/casadecampoliving.com\/wp-content\/uploads\/2022\/10\/fernand_varela_art1.jpg?resize=270%2C220&amp;ssl=1\" alt=\"fernando varela art\" class=\"wp-image-73852\" title=\"fernando_varela_art\" height=\"220\" width=\"270\"\/><\/figure>\n<\/div>\n\n\n<p>Todos los propietarios de villa de Casa de Campo, residentes y aficionados al arte est\u00e1n cordialmente invitados a unirse a nosotros para el \u201cC\u00f3ctel de Verano\u201d. Esta es tu oportunidad de conocer la nueva ubicaci\u00f3n, as\u00ed como una serie de nuevas piezas que se han incorporado a la recientemente exposici\u00f3n \u2013 incluyendo una pintura p\u00farpura llamativa (en la foto de arriba).<\/p>\n\n\n\n<p>Fernando Varela es considerado como uno de los artistas m\u00e1s exitosos a nivel internacional de la Rep\u00fablica Dominicana. Famoso por sus pinturas contempor\u00e1neas, las obras de arte de Fernando Varela forma parte de importantes colecciones de arte tanto a nivel nacional como internacional. La exposici\u00f3n es una mezcla de las obras m\u00e1s recientes de Varela y cuenta con piezas procedentes de tres colecciones; Or\u00edgenes, formas primarias y la Serie del Caribe.<\/p>\n\n\n\n<blockquote class=\"wp-block-quote is-layout-flow wp-block-quote-is-layout-flow\"><p><strong>C\u00f3ctel de Verano con Fernando Varela<\/strong><\/p><p><strong>Cu\u00e1ndo:<\/strong> Jueves 8 de agosto, desde las 6:00 pm<\/p><p><strong>D\u00f3nde:&nbsp;<\/strong>Jardin #20, Calle Barlovento, Marina Casa de Campo (al lado del Banco del Progreso)<\/p><p><strong>Contacto:&nbsp;<\/strong>(809) 951-1846<\/p><\/blockquote>\n","protected":false},"excerpt":{"rendered":"<p>Fernando Varela, un distinguido artista y propietario de villa en Casa de Campo, le invita a un \u201cC\u00f3ctel de Verano\u201d desde las 6:00 pm del jueves 08 de agosto, que se celebrar\u00e1 en su nuevo espacio de arte, ubicado en la Calle Barlovento en La Marina Casa de Campo. En diciembre del a\u00f1o pasado, Varela [&hellip;]<\/p>\n","protected":false},"author":431,"featured_media":253309,"comment_status":"closed","ping_status":"closed","sticky":false,"template":"","format":"standard","meta":{"newspack_ads_suppress_ads":false,"newspack_popups_has_disabled_popups":false,"newspack_sponsor_sponsorship_scope":"","newspack_sponsor_native_byline_display":"inherit","newspack_sponsor_native_category_display":"inherit","newspack_sponsor_underwriter_style":"inherit","newspack_sponsor_underwriter_placement":"inherit","_newspack_byline_active":false,"_newspack_byline":"","newspack_hide_updated_date":false,"newspack_show_updated_date":false,"newspack_content_restriction_is_exempt":false,"newspack_featured_image_position":"","newspack_post_subtitle":"","newspack_article_summary_title":"Overview:","newspack_article_summary":"","_jetpack_memberships_contains_paid_content":false,"footnotes":"","jetpack_publicize_message":"","jetpack_publicize_feature_enabled":true,"jetpack_social_post_already_shared":false,"jetpack_social_options":{"image_generator_settings":{"template":"highway","default_image_id":0,"font":"","enabled":false},"version":2},"_wpas_customize_per_network":false},"categories":[26823,2522,26581,14625,14627,26822,2526],"tags":[5725,3573,6627],"newspack_spnsrs_tax":[],"class_list":["post-342382","post","type-post","status-publish","format-standard","has-post-thumbnail","hentry","category-arte-y-cultura","category-eventos-es","category-la-marina-casa-de-campo","category-noticias-locales","category-proximamente","category-resort-casa-de-campo","category-titulares-es","tag-exposicion-de-arte","tag-marina-casa-de-campo-es","tag-marina-casa-de-campoes","entry"],"yoast_head":"<!-- This site is optimized with the Yoast SEO plugin v27.5 - https:\/\/yoast.com\/product\/yoast-seo-wordpress\/ -->\n<title>\u00a1Reserve la Fecha! Fernando Varela le invita a un C\u00f3ctel de Verano el pr\u00f3ximo 8 de agosto | Casa de Campo Living<\/title>\n<meta name=\"description\" content=\"Fernando Varela, un distinguido artista y propietario de villa en Casa de Campo, le invita a un \u201cC\u00f3ctel de Verano\u201d desde las 6:00 pm del jueves 08 de\" \/>\n<meta name=\"robots\" content=\"index, follow, max-snippet:-1, max-image-preview:large, max-video-preview:-1\" \/>\n<link rel=\"canonical\" href=\"https:\/\/casadecampoliving.com\/es\/reserve-la-fecha-fernando-varela-le-invita-a-un-coctel-de-verano-el-proximo-8-de-agosto\/\" \/>\n<meta property=\"og:locale\" content=\"es_ES\" \/>\n<meta property=\"og:type\" content=\"article\" \/>\n<meta property=\"og:title\" content=\"\u00a1Reserve la Fecha! Fernando Varela le invita a un C\u00f3ctel de Verano el pr\u00f3ximo 8 de agosto | Casa de Campo Living\" \/>\n<meta property=\"og:description\" content=\"Fernando Varela, un distinguido artista y propietario de villa en Casa de Campo, le invita a un \u201cC\u00f3ctel de Verano\u201d desde las 6:00 pm del jueves 08 de\" \/>\n<meta property=\"og:url\" content=\"https:\/\/casadecampoliving.com\/es\/reserve-la-fecha-fernando-varela-le-invita-a-un-coctel-de-verano-el-proximo-8-de-agosto\/\" \/>\n<meta property=\"og:site_name\" content=\"Casa de Campo Living\" \/>\n<meta property=\"article:publisher\" content=\"https:\/\/www.facebook.com\/casadecampoliving\" \/>\n<meta property=\"article:published_time\" content=\"2013-07-15T04:00:00+00:00\" \/>\n<meta property=\"article:modified_time\" content=\"2022-10-21T22:55:31+00:00\" \/>\n<meta property=\"og:image\" content=\"https:\/\/i0.wp.com\/casadecampoliving.com\/wp-content\/uploads\/2022\/10\/fernand_varela_art-1.jpg?fit=650%2C403&ssl=1\" \/>\n\t<meta property=\"og:image:width\" content=\"650\" \/>\n\t<meta property=\"og:image:height\" content=\"403\" \/>\n\t<meta property=\"og:image:type\" content=\"image\/jpeg\" \/>\n<meta name=\"author\" content=\"Mairobi Herrera\" \/>\n<meta name=\"twitter:card\" content=\"summary_large_image\" \/>\n<meta name=\"twitter:creator\" content=\"@cdcliving\" \/>\n<meta name=\"twitter:site\" content=\"@cdcliving\" \/>\n<meta name=\"twitter:label1\" content=\"Escrito por\" \/>\n\t<meta name=\"twitter:data1\" content=\"Mairobi Herrera\" \/>\n\t<meta name=\"twitter:label2\" content=\"Tiempo de lectura\" \/>\n\t<meta name=\"twitter:data2\" content=\"2 minutos\" \/>\n<script type=\"application\/ld+json\" class=\"yoast-schema-graph\">{\"@context\":\"https:\\\/\\\/schema.org\",\"@graph\":[{\"@type\":\"Article\",\"@id\":\"https:\\\/\\\/casadecampoliving.com\\\/es\\\/reserve-la-fecha-fernando-varela-le-invita-a-un-coctel-de-verano-el-proximo-8-de-agosto\\\/#article\",\"isPartOf\":{\"@id\":\"https:\\\/\\\/casadecampoliving.com\\\/es\\\/reserve-la-fecha-fernando-varela-le-invita-a-un-coctel-de-verano-el-proximo-8-de-agosto\\\/\"},\"author\":{\"name\":\"Mairobi Herrera\",\"@id\":\"https:\\\/\\\/casadecampoliving.com\\\/es\\\/#\\\/schema\\\/person\\\/932e594484c49168ad37fbb9141bf699\"},\"headline\":\"\u00a1Reserve la Fecha! Fernando Varela le invita a un C\u00f3ctel de Verano el pr\u00f3ximo 8 de agosto\",\"datePublished\":\"2013-07-15T04:00:00+00:00\",\"dateModified\":\"2022-10-21T22:55:31+00:00\",\"mainEntityOfPage\":{\"@id\":\"https:\\\/\\\/casadecampoliving.com\\\/es\\\/reserve-la-fecha-fernando-varela-le-invita-a-un-coctel-de-verano-el-proximo-8-de-agosto\\\/\"},\"wordCount\":342,\"publisher\":{\"@id\":\"https:\\\/\\\/casadecampoliving.com\\\/es\\\/#organization\"},\"image\":{\"@id\":\"https:\\\/\\\/casadecampoliving.com\\\/es\\\/reserve-la-fecha-fernando-varela-le-invita-a-un-coctel-de-verano-el-proximo-8-de-agosto\\\/#primaryimage\"},\"thumbnailUrl\":\"https:\\\/\\\/i0.wp.com\\\/casadecampoliving.com\\\/wp-content\\\/uploads\\\/2022\\\/10\\\/fernand_varela_art-1.jpg?fit=650%2C403&ssl=1\",\"keywords\":[\"exposici\u00f3n de arte\",\"Marina Casa de Campo @es\",\"marina casa de campo@es\"],\"articleSection\":[\"Arte y cultura\",\"Eventos\",\"La Marina Casa de Campo\",\"Noticias Locales\",\"Proximamente\",\"Resort Casa de Campo\",\"Titulares\"],\"inLanguage\":\"es\"},{\"@type\":\"WebPage\",\"@id\":\"https:\\\/\\\/casadecampoliving.com\\\/es\\\/reserve-la-fecha-fernando-varela-le-invita-a-un-coctel-de-verano-el-proximo-8-de-agosto\\\/\",\"url\":\"https:\\\/\\\/casadecampoliving.com\\\/es\\\/reserve-la-fecha-fernando-varela-le-invita-a-un-coctel-de-verano-el-proximo-8-de-agosto\\\/\",\"name\":\"\u00a1Reserve la Fecha! Fernando Varela le invita a un C\u00f3ctel de Verano el pr\u00f3ximo 8 de agosto | Casa de Campo Living\",\"isPartOf\":{\"@id\":\"https:\\\/\\\/casadecampoliving.com\\\/es\\\/#website\"},\"primaryImageOfPage\":{\"@id\":\"https:\\\/\\\/casadecampoliving.com\\\/es\\\/reserve-la-fecha-fernando-varela-le-invita-a-un-coctel-de-verano-el-proximo-8-de-agosto\\\/#primaryimage\"},\"image\":{\"@id\":\"https:\\\/\\\/casadecampoliving.com\\\/es\\\/reserve-la-fecha-fernando-varela-le-invita-a-un-coctel-de-verano-el-proximo-8-de-agosto\\\/#primaryimage\"},\"thumbnailUrl\":\"https:\\\/\\\/i0.wp.com\\\/casadecampoliving.com\\\/wp-content\\\/uploads\\\/2022\\\/10\\\/fernand_varela_art-1.jpg?fit=650%2C403&ssl=1\",\"datePublished\":\"2013-07-15T04:00:00+00:00\",\"dateModified\":\"2022-10-21T22:55:31+00:00\",\"description\":\"Fernando Varela, un distinguido artista y propietario de villa en Casa de Campo, le invita a un \u201cC\u00f3ctel de Verano\u201d desde las 6:00 pm del jueves 08 de\",\"breadcrumb\":{\"@id\":\"https:\\\/\\\/casadecampoliving.com\\\/es\\\/reserve-la-fecha-fernando-varela-le-invita-a-un-coctel-de-verano-el-proximo-8-de-agosto\\\/#breadcrumb\"},\"inLanguage\":\"es\",\"potentialAction\":[{\"@type\":\"ReadAction\",\"target\":[\"https:\\\/\\\/casadecampoliving.com\\\/es\\\/reserve-la-fecha-fernando-varela-le-invita-a-un-coctel-de-verano-el-proximo-8-de-agosto\\\/\"]}]},{\"@type\":\"ImageObject\",\"inLanguage\":\"es\",\"@id\":\"https:\\\/\\\/casadecampoliving.com\\\/es\\\/reserve-la-fecha-fernando-varela-le-invita-a-un-coctel-de-verano-el-proximo-8-de-agosto\\\/#primaryimage\",\"url\":\"https:\\\/\\\/i0.wp.com\\\/casadecampoliving.com\\\/wp-content\\\/uploads\\\/2022\\\/10\\\/fernand_varela_art-1.jpg?fit=650%2C403&ssl=1\",\"contentUrl\":\"https:\\\/\\\/i0.wp.com\\\/casadecampoliving.com\\\/wp-content\\\/uploads\\\/2022\\\/10\\\/fernand_varela_art-1.jpg?fit=650%2C403&ssl=1\",\"width\":650,\"height\":403,\"caption\":\"fernando varela art\"},{\"@type\":\"BreadcrumbList\",\"@id\":\"https:\\\/\\\/casadecampoliving.com\\\/es\\\/reserve-la-fecha-fernando-varela-le-invita-a-un-coctel-de-verano-el-proximo-8-de-agosto\\\/#breadcrumb\",\"itemListElement\":[{\"@type\":\"ListItem\",\"position\":1,\"name\":\"Home\",\"item\":\"https:\\\/\\\/casadecampoliving.com\\\/es\\\/\"},{\"@type\":\"ListItem\",\"position\":2,\"name\":\"\u00a1Reserve la Fecha! Fernando Varela le invita a un C\u00f3ctel de Verano el pr\u00f3ximo 8 de agosto\"}]},{\"@type\":\"WebSite\",\"@id\":\"https:\\\/\\\/casadecampoliving.com\\\/es\\\/#website\",\"url\":\"https:\\\/\\\/casadecampoliving.com\\\/es\\\/\",\"name\":\"Casa de Campo Living\",\"description\":\"Resort community news and resources.\",\"publisher\":{\"@id\":\"https:\\\/\\\/casadecampoliving.com\\\/es\\\/#organization\"},\"potentialAction\":[{\"@type\":\"SearchAction\",\"target\":{\"@type\":\"EntryPoint\",\"urlTemplate\":\"https:\\\/\\\/casadecampoliving.com\\\/es\\\/?s={search_term_string}\"},\"query-input\":{\"@type\":\"PropertyValueSpecification\",\"valueRequired\":true,\"valueName\":\"search_term_string\"}}],\"inLanguage\":\"es\"},{\"@type\":\"Organization\",\"@id\":\"https:\\\/\\\/casadecampoliving.com\\\/es\\\/#organization\",\"name\":\"Casa de Campo Living\",\"url\":\"https:\\\/\\\/casadecampoliving.com\\\/es\\\/\",\"logo\":{\"@type\":\"ImageObject\",\"inLanguage\":\"es\",\"@id\":\"https:\\\/\\\/casadecampoliving.com\\\/es\\\/#\\\/schema\\\/logo\\\/image\\\/\",\"url\":\"https:\\\/\\\/i0.wp.com\\\/casadecampoliving.com\\\/wp-content\\\/uploads\\\/2022\\\/07\\\/CDCLivingLogo_V1-white-sized.png?fit=800%2C214&ssl=1\",\"contentUrl\":\"https:\\\/\\\/i0.wp.com\\\/casadecampoliving.com\\\/wp-content\\\/uploads\\\/2022\\\/07\\\/CDCLivingLogo_V1-white-sized.png?fit=800%2C214&ssl=1\",\"width\":800,\"height\":214,\"caption\":\"Casa de Campo Living\"},\"image\":{\"@id\":\"https:\\\/\\\/casadecampoliving.com\\\/es\\\/#\\\/schema\\\/logo\\\/image\\\/\"},\"sameAs\":[\"https:\\\/\\\/www.facebook.com\\\/casadecampoliving\",\"https:\\\/\\\/x.com\\\/cdcliving\"]},{\"@type\":\"Person\",\"@id\":\"https:\\\/\\\/casadecampoliving.com\\\/es\\\/#\\\/schema\\\/person\\\/932e594484c49168ad37fbb9141bf699\",\"name\":\"Mairobi Herrera\",\"image\":{\"@type\":\"ImageObject\",\"inLanguage\":\"es\",\"@id\":\"https:\\\/\\\/secure.gravatar.com\\\/avatar\\\/d0bf6c19470eb55d83c719e39672f670b2c4412339af1eb8a08f86427ba98ee8?s=96&d=mm&r=g\",\"url\":\"https:\\\/\\\/secure.gravatar.com\\\/avatar\\\/d0bf6c19470eb55d83c719e39672f670b2c4412339af1eb8a08f86427ba98ee8?s=96&d=mm&r=g\",\"contentUrl\":\"https:\\\/\\\/secure.gravatar.com\\\/avatar\\\/d0bf6c19470eb55d83c719e39672f670b2c4412339af1eb8a08f86427ba98ee8?s=96&d=mm&r=g\",\"caption\":\"Mairobi Herrera\"},\"sameAs\":[\"https:\\\/\\\/casadecampoliving.com\\\/\"],\"url\":\"https:\\\/\\\/casadecampoliving.com\\\/es\\\/author\\\/mherrera\\\/\"}]}<\/script>\n<!-- \/ Yoast SEO plugin. -->","yoast_head_json":{"title":"\u00a1Reserve la Fecha! Fernando Varela le invita a un C\u00f3ctel de Verano el pr\u00f3ximo 8 de agosto | Casa de Campo Living","description":"Fernando Varela, un distinguido artista y propietario de villa en Casa de Campo, le invita a un \u201cC\u00f3ctel de Verano\u201d desde las 6:00 pm del jueves 08 de","robots":{"index":"index","follow":"follow","max-snippet":"max-snippet:-1","max-image-preview":"max-image-preview:large","max-video-preview":"max-video-preview:-1"},"canonical":"https:\/\/casadecampoliving.com\/es\/reserve-la-fecha-fernando-varela-le-invita-a-un-coctel-de-verano-el-proximo-8-de-agosto\/","og_locale":"es_ES","og_type":"article","og_title":"\u00a1Reserve la Fecha! Fernando Varela le invita a un C\u00f3ctel de Verano el pr\u00f3ximo 8 de agosto | Casa de Campo Living","og_description":"Fernando Varela, un distinguido artista y propietario de villa en Casa de Campo, le invita a un \u201cC\u00f3ctel de Verano\u201d desde las 6:00 pm del jueves 08 de","og_url":"https:\/\/casadecampoliving.com\/es\/reserve-la-fecha-fernando-varela-le-invita-a-un-coctel-de-verano-el-proximo-8-de-agosto\/","og_site_name":"Casa de Campo Living","article_publisher":"https:\/\/www.facebook.com\/casadecampoliving","article_published_time":"2013-07-15T04:00:00+00:00","article_modified_time":"2022-10-21T22:55:31+00:00","og_image":[{"width":650,"height":403,"url":"https:\/\/i0.wp.com\/casadecampoliving.com\/wp-content\/uploads\/2022\/10\/fernand_varela_art-1.jpg?fit=650%2C403&ssl=1","type":"image\/jpeg"}],"author":"Mairobi Herrera","twitter_card":"summary_large_image","twitter_creator":"@cdcliving","twitter_site":"@cdcliving","twitter_misc":{"Escrito por":"Mairobi Herrera","Tiempo de lectura":"2 minutos"},"schema":{"@context":"https:\/\/schema.org","@graph":[{"@type":"Article","@id":"https:\/\/casadecampoliving.com\/es\/reserve-la-fecha-fernando-varela-le-invita-a-un-coctel-de-verano-el-proximo-8-de-agosto\/#article","isPartOf":{"@id":"https:\/\/casadecampoliving.com\/es\/reserve-la-fecha-fernando-varela-le-invita-a-un-coctel-de-verano-el-proximo-8-de-agosto\/"},"author":{"name":"Mairobi Herrera","@id":"https:\/\/casadecampoliving.com\/es\/#\/schema\/person\/932e594484c49168ad37fbb9141bf699"},"headline":"\u00a1Reserve la Fecha! Fernando Varela le invita a un C\u00f3ctel de Verano el pr\u00f3ximo 8 de agosto","datePublished":"2013-07-15T04:00:00+00:00","dateModified":"2022-10-21T22:55:31+00:00","mainEntityOfPage":{"@id":"https:\/\/casadecampoliving.com\/es\/reserve-la-fecha-fernando-varela-le-invita-a-un-coctel-de-verano-el-proximo-8-de-agosto\/"},"wordCount":342,"publisher":{"@id":"https:\/\/casadecampoliving.com\/es\/#organization"},"image":{"@id":"https:\/\/casadecampoliving.com\/es\/reserve-la-fecha-fernando-varela-le-invita-a-un-coctel-de-verano-el-proximo-8-de-agosto\/#primaryimage"},"thumbnailUrl":"https:\/\/i0.wp.com\/casadecampoliving.com\/wp-content\/uploads\/2022\/10\/fernand_varela_art-1.jpg?fit=650%2C403&ssl=1","keywords":["exposici\u00f3n de arte","Marina Casa de Campo @es","marina casa de campo@es"],"articleSection":["Arte y cultura","Eventos","La Marina Casa de Campo","Noticias Locales","Proximamente","Resort Casa de Campo","Titulares"],"inLanguage":"es"},{"@type":"WebPage","@id":"https:\/\/casadecampoliving.com\/es\/reserve-la-fecha-fernando-varela-le-invita-a-un-coctel-de-verano-el-proximo-8-de-agosto\/","url":"https:\/\/casadecampoliving.com\/es\/reserve-la-fecha-fernando-varela-le-invita-a-un-coctel-de-verano-el-proximo-8-de-agosto\/","name":"\u00a1Reserve la Fecha! Fernando Varela le invita a un C\u00f3ctel de Verano el pr\u00f3ximo 8 de agosto | Casa de Campo Living","isPartOf":{"@id":"https:\/\/casadecampoliving.com\/es\/#website"},"primaryImageOfPage":{"@id":"https:\/\/casadecampoliving.com\/es\/reserve-la-fecha-fernando-varela-le-invita-a-un-coctel-de-verano-el-proximo-8-de-agosto\/#primaryimage"},"image":{"@id":"https:\/\/casadecampoliving.com\/es\/reserve-la-fecha-fernando-varela-le-invita-a-un-coctel-de-verano-el-proximo-8-de-agosto\/#primaryimage"},"thumbnailUrl":"https:\/\/i0.wp.com\/casadecampoliving.com\/wp-content\/uploads\/2022\/10\/fernand_varela_art-1.jpg?fit=650%2C403&ssl=1","datePublished":"2013-07-15T04:00:00+00:00","dateModified":"2022-10-21T22:55:31+00:00","description":"Fernando Varela, un distinguido artista y propietario de villa en Casa de Campo, le invita a un \u201cC\u00f3ctel de Verano\u201d desde las 6:00 pm del jueves 08 de","breadcrumb":{"@id":"https:\/\/casadecampoliving.com\/es\/reserve-la-fecha-fernando-varela-le-invita-a-un-coctel-de-verano-el-proximo-8-de-agosto\/#breadcrumb"},"inLanguage":"es","potentialAction":[{"@type":"ReadAction","target":["https:\/\/casadecampoliving.com\/es\/reserve-la-fecha-fernando-varela-le-invita-a-un-coctel-de-verano-el-proximo-8-de-agosto\/"]}]},{"@type":"ImageObject","inLanguage":"es","@id":"https:\/\/casadecampoliving.com\/es\/reserve-la-fecha-fernando-varela-le-invita-a-un-coctel-de-verano-el-proximo-8-de-agosto\/#primaryimage","url":"https:\/\/i0.wp.com\/casadecampoliving.com\/wp-content\/uploads\/2022\/10\/fernand_varela_art-1.jpg?fit=650%2C403&ssl=1","contentUrl":"https:\/\/i0.wp.com\/casadecampoliving.com\/wp-content\/uploads\/2022\/10\/fernand_varela_art-1.jpg?fit=650%2C403&ssl=1","width":650,"height":403,"caption":"fernando varela art"},{"@type":"BreadcrumbList","@id":"https:\/\/casadecampoliving.com\/es\/reserve-la-fecha-fernando-varela-le-invita-a-un-coctel-de-verano-el-proximo-8-de-agosto\/#breadcrumb","itemListElement":[{"@type":"ListItem","position":1,"name":"Home","item":"https:\/\/casadecampoliving.com\/es\/"},{"@type":"ListItem","position":2,"name":"\u00a1Reserve la Fecha! Fernando Varela le invita a un C\u00f3ctel de Verano el pr\u00f3ximo 8 de agosto"}]},{"@type":"WebSite","@id":"https:\/\/casadecampoliving.com\/es\/#website","url":"https:\/\/casadecampoliving.com\/es\/","name":"Casa de Campo Living","description":"Resort community news and resources.","publisher":{"@id":"https:\/\/casadecampoliving.com\/es\/#organization"},"potentialAction":[{"@type":"SearchAction","target":{"@type":"EntryPoint","urlTemplate":"https:\/\/casadecampoliving.com\/es\/?s={search_term_string}"},"query-input":{"@type":"PropertyValueSpecification","valueRequired":true,"valueName":"search_term_string"}}],"inLanguage":"es"},{"@type":"Organization","@id":"https:\/\/casadecampoliving.com\/es\/#organization","name":"Casa de Campo Living","url":"https:\/\/casadecampoliving.com\/es\/","logo":{"@type":"ImageObject","inLanguage":"es","@id":"https:\/\/casadecampoliving.com\/es\/#\/schema\/logo\/image\/","url":"https:\/\/i0.wp.com\/casadecampoliving.com\/wp-content\/uploads\/2022\/07\/CDCLivingLogo_V1-white-sized.png?fit=800%2C214&ssl=1","contentUrl":"https:\/\/i0.wp.com\/casadecampoliving.com\/wp-content\/uploads\/2022\/07\/CDCLivingLogo_V1-white-sized.png?fit=800%2C214&ssl=1","width":800,"height":214,"caption":"Casa de Campo Living"},"image":{"@id":"https:\/\/casadecampoliving.com\/es\/#\/schema\/logo\/image\/"},"sameAs":["https:\/\/www.facebook.com\/casadecampoliving","https:\/\/x.com\/cdcliving"]},{"@type":"Person","@id":"https:\/\/casadecampoliving.com\/es\/#\/schema\/person\/932e594484c49168ad37fbb9141bf699","name":"Mairobi Herrera","image":{"@type":"ImageObject","inLanguage":"es","@id":"https:\/\/secure.gravatar.com\/avatar\/d0bf6c19470eb55d83c719e39672f670b2c4412339af1eb8a08f86427ba98ee8?s=96&d=mm&r=g","url":"https:\/\/secure.gravatar.com\/avatar\/d0bf6c19470eb55d83c719e39672f670b2c4412339af1eb8a08f86427ba98ee8?s=96&d=mm&r=g","contentUrl":"https:\/\/secure.gravatar.com\/avatar\/d0bf6c19470eb55d83c719e39672f670b2c4412339af1eb8a08f86427ba98ee8?s=96&d=mm&r=g","caption":"Mairobi Herrera"},"sameAs":["https:\/\/casadecampoliving.com\/"],"url":"https:\/\/casadecampoliving.com\/es\/author\/mherrera\/"}]}},"parsely":{"version":"1.1.0","canonical_url":"https:\/\/casadecampoliving.com\/es\/reserve-la-fecha-fernando-varela-le-invita-a-un-coctel-de-verano-el-proximo-8-de-agosto\/","smart_links":{"inbound":0,"outbound":0},"traffic_boost_suggestions_count":0,"meta":{"@context":"https:\/\/schema.org","@type":"NewsArticle","headline":"\u00a1Reserve la Fecha! Fernando Varela le invita a un C\u00f3ctel de Verano el pr\u00f3ximo 8 de agosto","url":"http:\/\/casadecampoliving.com\/es\/reserve-la-fecha-fernando-varela-le-invita-a-un-coctel-de-verano-el-proximo-8-de-agosto\/","mainEntityOfPage":{"@type":"WebPage","@id":"http:\/\/casadecampoliving.com\/es\/reserve-la-fecha-fernando-varela-le-invita-a-un-coctel-de-verano-el-proximo-8-de-agosto\/"},"thumbnailUrl":"https:\/\/i0.wp.com\/casadecampoliving.com\/wp-content\/uploads\/2022\/10\/fernand_varela_art-1.jpg?resize=150%2C150&ssl=1","image":{"@type":"ImageObject","url":"https:\/\/i0.wp.com\/casadecampoliving.com\/wp-content\/uploads\/2022\/10\/fernand_varela_art-1.jpg?fit=650%2C403&ssl=1"},"articleSection":"Arte y cultura","author":[{"@type":"Person","name":"Mairobi Herrera"}],"creator":["Mairobi Herrera"],"publisher":{"@type":"Organization","name":"Casa de Campo Living","logo":"https:\/\/casadecampoliving.com\/wp-content\/uploads\/2022\/07\/CDCLivingLogo_V1-white-sized.png"},"keywords":["exposici\u00f3n de arte","marina casa de campo @es","marina casa de campo@es"],"dateCreated":"2013-07-15T04:00:00Z","datePublished":"2013-07-15T04:00:00Z","dateModified":"2022-10-21T22:55:31Z"},"rendered":"<script type=\"application\/ld+json\" class=\"wp-parsely-metadata\">{\"@context\":\"https:\\\/\\\/schema.org\",\"@type\":\"NewsArticle\",\"headline\":\"\\u00a1Reserve la Fecha! Fernando Varela le invita a un C\\u00f3ctel de Verano el pr\\u00f3ximo 8 de agosto\",\"url\":\"http:\\\/\\\/casadecampoliving.com\\\/es\\\/reserve-la-fecha-fernando-varela-le-invita-a-un-coctel-de-verano-el-proximo-8-de-agosto\\\/\",\"mainEntityOfPage\":{\"@type\":\"WebPage\",\"@id\":\"http:\\\/\\\/casadecampoliving.com\\\/es\\\/reserve-la-fecha-fernando-varela-le-invita-a-un-coctel-de-verano-el-proximo-8-de-agosto\\\/\"},\"thumbnailUrl\":\"https:\\\/\\\/i0.wp.com\\\/casadecampoliving.com\\\/wp-content\\\/uploads\\\/2022\\\/10\\\/fernand_varela_art-1.jpg?resize=150%2C150&ssl=1\",\"image\":{\"@type\":\"ImageObject\",\"url\":\"https:\\\/\\\/i0.wp.com\\\/casadecampoliving.com\\\/wp-content\\\/uploads\\\/2022\\\/10\\\/fernand_varela_art-1.jpg?fit=650%2C403&ssl=1\"},\"articleSection\":\"Arte y cultura\",\"author\":[{\"@type\":\"Person\",\"name\":\"Mairobi Herrera\"}],\"creator\":[\"Mairobi Herrera\"],\"publisher\":{\"@type\":\"Organization\",\"name\":\"Casa de Campo Living\",\"logo\":\"https:\\\/\\\/casadecampoliving.com\\\/wp-content\\\/uploads\\\/2022\\\/07\\\/CDCLivingLogo_V1-white-sized.png\"},\"keywords\":[\"exposici\\u00f3n de arte\",\"marina casa de campo @es\",\"marina casa de campo@es\"],\"dateCreated\":\"2013-07-15T04:00:00Z\",\"datePublished\":\"2013-07-15T04:00:00Z\",\"dateModified\":\"2022-10-21T22:55:31Z\"}<\/script>","tracker_url":"https:\/\/cdn.parsely.com\/keys\/casadecampoliving.com\/p.js"},"jetpack_publicize_connections":[],"jetpack_featured_media_url":"https:\/\/i0.wp.com\/casadecampoliving.com\/wp-content\/uploads\/2022\/10\/fernand_varela_art-1.jpg?fit=650%2C403&ssl=1","jetpack-related-posts":[{"id":353049,"url":"https:\/\/casadecampoliving.com\/es\/fernando-varela-le-invita-la-inauguracion-de-su-nueva-exposicion-close-ups\/","url_meta":{"origin":342382,"position":0},"title":"Fernando Varela le invita a la inauguraci\u00f3n de su nueva exposici\u00f3n &#8216;Close-Ups&#8217;.","author":"Casa de Campo Living","date":"12 Dic, 2018","format":false,"excerpt":"El pr\u00f3ximo jueves 20 de diciembre, Fernando Varela celebrar\u00e1 la inauguraci\u00f3n de una nueva exposici\u00f3n de arte en \u201cEspacio 7\u201d, ubicada en la Marina Casa de Campo. En esta ocasi\u00f3n, Fernando Varela te invita a celebrar la apertura con un c\u00f3ctel de bienvenida en la galer\u00eda, en el que tendr\u00e1\u2026","rel":"","context":"En \u00abArte y cultura\u00bb","block_context":{"text":"Arte y cultura","link":"https:\/\/casadecampoliving.com\/category\/arte-y-cultura\/"},"img":{"alt_text":"","src":"https:\/\/i0.wp.com\/casadecampoliving-wp.s3-accelerate.amazonaws.com\/2018\/12\/poster-1.jpg?resize=350%2C200&ssl=1","width":350,"height":200,"srcset":"https:\/\/i0.wp.com\/casadecampoliving-wp.s3-accelerate.amazonaws.com\/2018\/12\/poster-1.jpg?resize=350%2C200&ssl=1 1x, https:\/\/i0.wp.com\/casadecampoliving-wp.s3-accelerate.amazonaws.com\/2018\/12\/poster-1.jpg?resize=525%2C300&ssl=1 1.5x"},"classes":[]},{"id":340208,"url":"https:\/\/casadecampoliving.com\/es\/reserve-la-fecha-fernando-varela-recent-works-paintingsdrawings-coctel-de-inauguracion-jueves-13-de-diciembre\/","url_meta":{"origin":342382,"position":1},"title":"Reserve la fecha: \u201cFernando Varela Recent Works \u2013 Paintings\/Drawings\u201d c\u00f3ctel de inauguraci\u00f3n Jueves 13 de diciembre","author":"Rebecca Silvestri","date":"3 Dic, 2012","format":false,"excerpt":"Reserve la fecha! Artista de renombre internacional y propietario de villa en Casa de Campo; Fernando Varela, le invita a un c\u00f3ctel para celebrar la apertura de su \u00faltima presentaci\u00f3n art\u00edstica \u201cFernando Varela Recent Works-Paintings\/Drawings\u201d, que se celebrar\u00e1 en la Marina de Casa de Campo. Fernando Varela, quien desde hace\u2026","rel":"","context":"En \u00abArte y cultura\u00bb","block_context":{"text":"Arte y cultura","link":"https:\/\/casadecampoliving.com\/category\/arte-y-cultura\/"},"img":{"alt_text":"fernando varela","src":"https:\/\/i0.wp.com\/casadecampoliving.com\/wp-content\/uploads\/2022\/10\/fernando_varela-1.jpg?fit=650%2C488&ssl=1&resize=350%2C200","width":350,"height":200,"srcset":"https:\/\/i0.wp.com\/casadecampoliving.com\/wp-content\/uploads\/2022\/10\/fernando_varela-1.jpg?fit=650%2C488&ssl=1&resize=350%2C200 1x, https:\/\/i0.wp.com\/casadecampoliving.com\/wp-content\/uploads\/2022\/10\/fernando_varela-1.jpg?fit=650%2C488&ssl=1&resize=525%2C300 1.5x"},"classes":[]},{"id":340626,"url":"https:\/\/casadecampoliving.com\/es\/fernando-varela-les-invita-a-una-introduccion-a-la-comprension-del-arte-contemporaneo-viernes-22-de-febrero\/","url_meta":{"origin":342382,"position":2},"title":"Fernando Varela les invita a \u00abUna introducci\u00f3n a la comprensi\u00f3n del arte contempor\u00e1neo\u00bb &#8211; viernes 22 de febrero","author":"Rebecca Silvestri","date":"12 Feb, 2013","format":false,"excerpt":"El artista dominicano, Fernando Varela les invita cordialmente a la charla \u201cUna introducci\u00f3n a la comprensi\u00f3n del arte contempor\u00e1neo\u201d, el pr\u00f3ximo viernes 22 de febrero a las 6:30pm, siendo esta su oportunidad para conocer a este magn\u00edfico artista y un poco m\u00e1s acerca del arte contempor\u00e1neo. La charla ser\u00e1 realizada\u2026","rel":"","context":"En \u00abArte y cultura\u00bb","block_context":{"text":"Arte y cultura","link":"https:\/\/casadecampoliving.com\/category\/arte-y-cultura\/"},"img":{"alt_text":"","src":"https:\/\/i0.wp.com\/casadecampoliving.com\/wp-content\/uploads\/2022\/10\/Fernando-valera-650x300-1-1.jpg?fit=650%2C300&ssl=1&resize=350%2C200","width":350,"height":200,"srcset":"https:\/\/i0.wp.com\/casadecampoliving.com\/wp-content\/uploads\/2022\/10\/Fernando-valera-650x300-1-1.jpg?fit=650%2C300&ssl=1&resize=350%2C200 1x, https:\/\/i0.wp.com\/casadecampoliving.com\/wp-content\/uploads\/2022\/10\/Fernando-valera-650x300-1-1.jpg?fit=650%2C300&ssl=1&resize=525%2C300 1.5x"},"classes":[]},{"id":342664,"url":"https:\/\/casadecampoliving.com\/es\/un-coctel-con-fernando-varela-y-casalife\/","url_meta":{"origin":342382,"position":3},"title":"Un c\u00f3ctel con Fernando Varela y CasaLife","author":"Rebecca Silvestri","date":"10 Ago, 2013","format":false,"excerpt":"El pasado jueves 8 de agosto Fernando Varela, el famoso artista y propietario de villa en Casa de Campo, organiz\u00f3 un fabuloso c\u00f3ctel de verano con la revista CasaLife. El evento fue celebrado con motivo de la inauguraci\u00f3n de la galer\u00eda \u201cFernando Varela Espacio 7\u201d, ubicada en Barlovento de la\u2026","rel":"","context":"En \u00abArte y cultura\u00bb","block_context":{"text":"Arte y cultura","link":"https:\/\/casadecampoliving.com\/category\/arte-y-cultura\/"},"img":{"alt_text":"fernando varela","src":"https:\/\/i0.wp.com\/casadecampoliving.com\/wp-content\/uploads\/2022\/10\/fernando_varela-5.jpg?fit=650%2C405&ssl=1&resize=350%2C200","width":350,"height":200,"srcset":"https:\/\/i0.wp.com\/casadecampoliving.com\/wp-content\/uploads\/2022\/10\/fernando_varela-5.jpg?fit=650%2C405&ssl=1&resize=350%2C200 1x, https:\/\/i0.wp.com\/casadecampoliving.com\/wp-content\/uploads\/2022\/10\/fernando_varela-5.jpg?fit=650%2C405&ssl=1&resize=525%2C300 1.5x"},"classes":[]},{"id":343708,"url":"https:\/\/casadecampoliving.com\/es\/trabajos-recientes-dibujos-pinturas-por-fernando-valera-apertura-sabado-8-de-febrero\/","url_meta":{"origin":342382,"position":4},"title":"Trabajos recientes, dibujos &#038; pinturas por Fernando Valera &#8211; apertura s\u00e1bado 8 de febrero","author":"Genesis Perdomo","date":"18 Ene, 2014","format":false,"excerpt":"El s\u00e1bado 8 de febrero, Fernando Varela celebrar\u00e1 la apertura de su nueva exhibici\u00f3n de arte en la galer\u00eda \u201cEspacio 7\u201d, ubicado en La Marina Casa de Campo. En esta ocasi\u00f3n Fernando le invita a celebrar la apertura con un c\u00f3ctel en la recepci\u00f3n de la galer\u00eda, donde usted tendr\u00e1\u2026","rel":"","context":"En \u00abArte y cultura\u00bb","block_context":{"text":"Arte y cultura","link":"https:\/\/casadecampoliving.com\/category\/arte-y-cultura\/"},"img":{"alt_text":"","src":"https:\/\/i0.wp.com\/casadecampoliving.com\/wp-content\/uploads\/2022\/10\/Invitacion-espacio7-CCl1.jpg?fit=650%2C484&ssl=1&resize=350%2C200","width":350,"height":200,"srcset":"https:\/\/i0.wp.com\/casadecampoliving.com\/wp-content\/uploads\/2022\/10\/Invitacion-espacio7-CCl1.jpg?fit=650%2C484&ssl=1&resize=350%2C200 1x, https:\/\/i0.wp.com\/casadecampoliving.com\/wp-content\/uploads\/2022\/10\/Invitacion-espacio7-CCl1.jpg?fit=650%2C484&ssl=1&resize=525%2C300 1.5x"},"classes":[]},{"id":346489,"url":"https:\/\/casadecampoliving.com\/es\/fernando-varela-te-invita-esculturas-y-dibujos\/","url_meta":{"origin":342382,"position":5},"title":"Fernando Varela te invita a \u00abESCULTURAS Y DIBUJOS\u00bb","author":"Esther Dariet Cazanova","date":"12 Ene, 2015","format":false,"excerpt":"El pr\u00f3ximo viernes 16 de enero,\u00a0Fernando Varela celebrar\u00e1 la apertura de una nueva exhibicio\u00f3n de arte en su galer\u00eda \u201cEspacio 7\u201d, localizada en la\u00a0Marina de Casa de Campo. En esta ocasi\u00f3n Fernando le invita a celebrar la apertura con un c\u00f3ctel en la recepci\u00f3n de la galer\u00eda, donde usted tendr\u00e1\u2026","rel":"","context":"En \u00abArte y cultura\u00bb","block_context":{"text":"Arte y cultura","link":"https:\/\/casadecampoliving.com\/category\/arte-y-cultura\/"},"img":{"alt_text":"Fernando Varela escultura","src":"https:\/\/i0.wp.com\/casadecampoliving.com\/wp-content\/uploads\/2022\/10\/Fernando_Varela_escultura-1.jpg?fit=650%2C435&ssl=1&resize=350%2C200","width":350,"height":200,"srcset":"https:\/\/i0.wp.com\/casadecampoliving.com\/wp-content\/uploads\/2022\/10\/Fernando_Varela_escultura-1.jpg?fit=650%2C435&ssl=1&resize=350%2C200 1x, https:\/\/i0.wp.com\/casadecampoliving.com\/wp-content\/uploads\/2022\/10\/Fernando_Varela_escultura-1.jpg?fit=650%2C435&ssl=1&resize=525%2C300 1.5x"},"classes":[]}],"jetpack_sharing_enabled":true,"_links":{"self":[{"href":"https:\/\/casadecampoliving.com\/es\/wp-json\/wp\/v2\/posts\/342382","targetHints":{"allow":["GET"]}}],"collection":[{"href":"https:\/\/casadecampoliving.com\/es\/wp-json\/wp\/v2\/posts"}],"about":[{"href":"https:\/\/casadecampoliving.com\/es\/wp-json\/wp\/v2\/types\/post"}],"author":[{"embeddable":true,"href":"https:\/\/casadecampoliving.com\/es\/wp-json\/wp\/v2\/users\/431"}],"replies":[{"embeddable":true,"href":"https:\/\/casadecampoliving.com\/es\/wp-json\/wp\/v2\/comments?post=342382"}],"version-history":[{"count":1,"href":"https:\/\/casadecampoliving.com\/es\/wp-json\/wp\/v2\/posts\/342382\/revisions"}],"predecessor-version":[{"id":342383,"href":"https:\/\/casadecampoliving.com\/es\/wp-json\/wp\/v2\/posts\/342382\/revisions\/342383"}],"wp:featuredmedia":[{"embeddable":true,"href":"https:\/\/casadecampoliving.com\/es\/wp-json\/wp\/v2\/media\/253309"}],"wp:attachment":[{"href":"https:\/\/casadecampoliving.com\/es\/wp-json\/wp\/v2\/media?parent=342382"}],"wp:term":[{"taxonomy":"category","embeddable":true,"href":"https:\/\/casadecampoliving.com\/es\/wp-json\/wp\/v2\/categories?post=342382"},{"taxonomy":"post_tag","embeddable":true,"href":"https:\/\/casadecampoliving.com\/es\/wp-json\/wp\/v2\/tags?post=342382"},{"taxonomy":"newspack_spnsrs_tax","embeddable":true,"href":"https:\/\/casadecampoliving.com\/es\/wp-json\/wp\/v2\/newspack_spnsrs_tax?post=342382"}],"curies":[{"name":"wp","href":"https:\/\/api.w.org\/{rel}","templated":true}]}}