{"id":342346,"date":"2013-07-11T00:00:00","date_gmt":"2013-07-11T04:00:00","guid":{"rendered":"https:\/\/casadecampoliving.com\/los-smith-regresan-a-los-cines-cartelera-de-cine-marina-casa-de-campo-del-11-de-julio-al17-de-julio\/"},"modified":"2022-10-21T18:54:37","modified_gmt":"2022-10-21T22:54:37","slug":"los-smith-regresan-a-los-cines-cartelera-de-cine-marina-casa-de-campo-del-11-de-julio-al17-de-julio","status":"publish","type":"post","link":"https:\/\/casadecampoliving.com\/es\/los-smith-regresan-a-los-cines-cartelera-de-cine-marina-casa-de-campo-del-11-de-julio-al17-de-julio\/","title":{"rendered":"\u00a1Los Smith regresan a los cines! Cartelera de cine Marina Casa de Campo del 11 de julio al17 de julio"},"content":{"rendered":"<div class=\"wp-block-image\">\n<figure class=\"aligncenter is-resized\"><img loading=\"lazy\" decoding=\"async\" src=\"https:\/\/i0.wp.com\/casadecampoliving.com\/wp-content\/uploads\/2022\/10\/cartelera_11julio_marina.jpg?resize=650%2C280&amp;ssl=1\" alt=\"cartelera de cine\" class=\"wp-image-73777\" title=\"cartelera_julio11_marina\" height=\"280\" width=\"650\"\/><\/figure>\n<\/div>\n\n\n<p>\u00a1Por fin! La pel\u00edcula <strong>After Earth (Despu\u00e9s de la Tierra)<\/strong> de Will Smith y su hijo Jaden, ya est\u00e1 en el cine de la Marina de Casa de Campo. Vamos a ver qu\u00e9 nos trae esta segunda entrega protagonizada por los Smiths, ya que la primera pel\u00edcula que hicieron juntos (en busca de la felicidad) fue todo \u00e9xito. Contin\u00faan en las salas: <strong>\u201cMi Villano Favorito 2\u201d<\/strong> y <strong>\u201cNow You See Me\u201d.<\/strong><\/p>\n\n\n\n<p><strong>Depu\u00e9s de la Tierra<\/strong>&nbsp;<a href=\"http:\/\/www.youtube.com\/watch?v=NLQuM17XaSc\">[ver trailer<\/a>,&nbsp;<a href=\"http:\/\/www.elseptimoarte.net\/peliculas\/one-thousand-ae-5129.html\">ver cr\u00edtica]<\/a><br>\n<em>Un aterrizaje de emergencia deja al joven Kitai Raige (Jaden Smith) y a su legendario padre Cypher (Will Smith) atrapados en el planeta Tierra, 1.000 a\u00f1os despu\u00e9s de que una serie de catastr\u00f3ficos eventos obligaran a la humanidad a escapar de ella.&nbsp;<\/em><\/p>\n\n\n\n<p><strong style=\"font-size: 13px;\">Mi villano favorito 2<\/strong>&nbsp;<a style=\"font-size: 13px;\" href=\"http:\/\/www.youtube.com\/watch?v=IAO1S_4VOKQ\">[ver trailer<\/a>,&nbsp;<a style=\"font-size: 13px;\" href=\"http:\/\/www.elseptimoarte.net\/peliculas\/despicable-me-2-5790.html\">ver cr\u00edtica]<\/a><\/p>\n\n\n\n<p><em style=\"font-size: 13px;\">Gru es uno de los mayores supervillanos del mundo, pero ha decidido dejar atr\u00e1s su carrera de maldad para convertirse en el pap\u00e1 perfecto. Mientras lo intenta, es reclutado por una organizaci\u00f3n anticriminal y supersecreta. De pronto, pasa a estar del lado de los buenos y a echarles una mano para salvar el mundo. Pero ahora el exmalvado se enfrenta a otros problemas m\u00e1s cotidianos: mantener a tres ni\u00f1as e invitar a una mujer a cenar, lo que le saca totalmente de sus casillas.<\/em><\/p>\n\n\n\n<p><strong>Now you see me&nbsp;<\/strong>[<a href=\"http:\/\/www.youtube.com\/watch?v=PhE73SQCKco\" rel=\"nofollow noopener\" target=\"_blank\">ver trailer<\/a>,&nbsp;<a href=\"http:\/\/www.elseptimoarte.net\/peliculas\/now-you-see-me-5812.html\" rel=\"nofollow noopener\" target=\"_blank\">ver cr\u00edtica<\/a>&nbsp;]<em><br>\nGira torno a un grupo formado por los m\u00e1s grandes ilusionistas del mundo que se dedican a robar bancos durante sus actuaciones, actuaciones que finalizan cuando arrojan al p\u00fablico las ganancias del atraco realizado en cada ocasi\u00f3n\u2026 hasta que el FBI decide poner cartas en el asunto.<\/em><\/p>\n","protected":false},"excerpt":{"rendered":"<p>\u00a1Por fin! La pel\u00edcula After Earth (Despu\u00e9s de la Tierra) de Will Smith y su hijo Jaden, ya est\u00e1 en el cine de la Marina de Casa de Campo. Vamos a ver qu\u00e9 nos trae esta segunda entrega protagonizada por los Smiths, ya que la primera pel\u00edcula que hicieron juntos (en busca de la felicidad) [&hellip;]<\/p>\n","protected":false},"author":431,"featured_media":252894,"comment_status":"closed","ping_status":"closed","sticky":false,"template":"","format":"standard","meta":{"newspack_ads_suppress_ads":false,"newspack_popups_has_disabled_popups":false,"newspack_sponsor_sponsorship_scope":"","newspack_sponsor_native_byline_display":"inherit","newspack_sponsor_native_category_display":"inherit","newspack_sponsor_underwriter_style":"inherit","newspack_sponsor_underwriter_placement":"inherit","_newspack_byline_active":false,"_newspack_byline":"","newspack_hide_updated_date":false,"newspack_show_updated_date":false,"newspack_content_restriction_is_exempt":false,"newspack_featured_image_position":"","newspack_post_subtitle":"","newspack_article_summary_title":"Overview:","newspack_article_summary":"","_jetpack_memberships_contains_paid_content":false,"footnotes":"","jetpack_publicize_message":"","jetpack_publicize_feature_enabled":true,"jetpack_social_post_already_shared":false,"jetpack_social_options":{"image_generator_settings":{"template":"highway","default_image_id":0,"font":"","enabled":false},"version":2},"_wpas_customize_per_network":false},"categories":[26823,3126,26581,14625],"tags":[6518,2794,6627],"newspack_spnsrs_tax":[],"class_list":["post-342346","post","type-post","status-publish","format-standard","has-post-thumbnail","hentry","category-arte-y-cultura","category-cine-3","category-la-marina-casa-de-campo","category-noticias-locales","tag-caribbean-cinemases","tag-cartelera-de-cine","tag-marina-casa-de-campoes","entry"],"yoast_head":"<!-- This site is optimized with the Yoast SEO plugin v27.4 - https:\/\/yoast.com\/product\/yoast-seo-wordpress\/ -->\n<title>\u00a1Los Smith regresan a los cines! Cartelera de cine Marina Casa de Campo del 11 de julio al17 de julio | Casa de Campo Living<\/title>\n<meta name=\"description\" content=\"\u00a1Por fin! La pel\u00edcula After Earth (Despu\u00e9s de la Tierra) de Will Smith y su hijo Jaden, ya est\u00e1 en el cine de la Marina de Casa de Campo. Vamos a ver qu\u00e9\" \/>\n<meta name=\"robots\" content=\"index, follow, max-snippet:-1, max-image-preview:large, max-video-preview:-1\" \/>\n<link rel=\"canonical\" href=\"https:\/\/casadecampoliving.com\/es\/los-smith-regresan-a-los-cines-cartelera-de-cine-marina-casa-de-campo-del-11-de-julio-al17-de-julio\/\" \/>\n<meta property=\"og:locale\" content=\"es_ES\" \/>\n<meta property=\"og:type\" content=\"article\" \/>\n<meta property=\"og:title\" content=\"\u00a1Los Smith regresan a los cines! Cartelera de cine Marina Casa de Campo del 11 de julio al17 de julio | Casa de Campo Living\" \/>\n<meta property=\"og:description\" content=\"\u00a1Por fin! La pel\u00edcula After Earth (Despu\u00e9s de la Tierra) de Will Smith y su hijo Jaden, ya est\u00e1 en el cine de la Marina de Casa de Campo. Vamos a ver qu\u00e9\" \/>\n<meta property=\"og:url\" content=\"https:\/\/casadecampoliving.com\/es\/los-smith-regresan-a-los-cines-cartelera-de-cine-marina-casa-de-campo-del-11-de-julio-al17-de-julio\/\" \/>\n<meta property=\"og:site_name\" content=\"Casa de Campo Living\" \/>\n<meta property=\"article:publisher\" content=\"https:\/\/www.facebook.com\/casadecampoliving\" \/>\n<meta property=\"article:published_time\" content=\"2013-07-11T04:00:00+00:00\" \/>\n<meta property=\"article:modified_time\" content=\"2022-10-21T22:54:37+00:00\" \/>\n<meta property=\"og:image\" content=\"https:\/\/i0.wp.com\/casadecampoliving.com\/wp-content\/uploads\/2022\/10\/After_Earth_.jpg?fit=650%2C425&ssl=1\" \/>\n\t<meta property=\"og:image:width\" content=\"650\" \/>\n\t<meta property=\"og:image:height\" content=\"425\" \/>\n\t<meta property=\"og:image:type\" content=\"image\/jpeg\" \/>\n<meta name=\"author\" content=\"Mairobi Herrera\" \/>\n<meta name=\"twitter:card\" content=\"summary_large_image\" \/>\n<meta name=\"twitter:creator\" content=\"@cdcliving\" \/>\n<meta name=\"twitter:site\" content=\"@cdcliving\" \/>\n<meta name=\"twitter:label1\" content=\"Escrito por\" \/>\n\t<meta name=\"twitter:data1\" content=\"Mairobi Herrera\" \/>\n\t<meta name=\"twitter:label2\" content=\"Tiempo de lectura\" \/>\n\t<meta name=\"twitter:data2\" content=\"1 minuto\" \/>\n<script type=\"application\/ld+json\" class=\"yoast-schema-graph\">{\"@context\":\"https:\\\/\\\/schema.org\",\"@graph\":[{\"@type\":\"Article\",\"@id\":\"https:\\\/\\\/casadecampoliving.com\\\/es\\\/los-smith-regresan-a-los-cines-cartelera-de-cine-marina-casa-de-campo-del-11-de-julio-al17-de-julio\\\/#article\",\"isPartOf\":{\"@id\":\"https:\\\/\\\/casadecampoliving.com\\\/es\\\/los-smith-regresan-a-los-cines-cartelera-de-cine-marina-casa-de-campo-del-11-de-julio-al17-de-julio\\\/\"},\"author\":{\"name\":\"Mairobi Herrera\",\"@id\":\"https:\\\/\\\/casadecampoliving.com\\\/es\\\/#\\\/schema\\\/person\\\/932e594484c49168ad37fbb9141bf699\"},\"headline\":\"\u00a1Los Smith regresan a los cines! Cartelera de cine Marina Casa de Campo del 11 de julio al17 de julio\",\"datePublished\":\"2013-07-11T04:00:00+00:00\",\"dateModified\":\"2022-10-21T22:54:37+00:00\",\"mainEntityOfPage\":{\"@id\":\"https:\\\/\\\/casadecampoliving.com\\\/es\\\/los-smith-regresan-a-los-cines-cartelera-de-cine-marina-casa-de-campo-del-11-de-julio-al17-de-julio\\\/\"},\"wordCount\":310,\"publisher\":{\"@id\":\"https:\\\/\\\/casadecampoliving.com\\\/es\\\/#organization\"},\"image\":{\"@id\":\"https:\\\/\\\/casadecampoliving.com\\\/es\\\/los-smith-regresan-a-los-cines-cartelera-de-cine-marina-casa-de-campo-del-11-de-julio-al17-de-julio\\\/#primaryimage\"},\"thumbnailUrl\":\"https:\\\/\\\/i0.wp.com\\\/casadecampoliving.com\\\/wp-content\\\/uploads\\\/2022\\\/10\\\/After_Earth_.jpg?fit=650%2C425&ssl=1\",\"keywords\":[\"caribbean cinemas@es\",\"cartelera de cine\",\"marina casa de campo@es\"],\"articleSection\":[\"Arte y cultura\",\"Cine @es\",\"La Marina Casa de Campo\",\"Noticias Locales\"],\"inLanguage\":\"es\"},{\"@type\":\"WebPage\",\"@id\":\"https:\\\/\\\/casadecampoliving.com\\\/es\\\/los-smith-regresan-a-los-cines-cartelera-de-cine-marina-casa-de-campo-del-11-de-julio-al17-de-julio\\\/\",\"url\":\"https:\\\/\\\/casadecampoliving.com\\\/es\\\/los-smith-regresan-a-los-cines-cartelera-de-cine-marina-casa-de-campo-del-11-de-julio-al17-de-julio\\\/\",\"name\":\"\u00a1Los Smith regresan a los cines! Cartelera de cine Marina Casa de Campo del 11 de julio al17 de julio | Casa de Campo Living\",\"isPartOf\":{\"@id\":\"https:\\\/\\\/casadecampoliving.com\\\/es\\\/#website\"},\"primaryImageOfPage\":{\"@id\":\"https:\\\/\\\/casadecampoliving.com\\\/es\\\/los-smith-regresan-a-los-cines-cartelera-de-cine-marina-casa-de-campo-del-11-de-julio-al17-de-julio\\\/#primaryimage\"},\"image\":{\"@id\":\"https:\\\/\\\/casadecampoliving.com\\\/es\\\/los-smith-regresan-a-los-cines-cartelera-de-cine-marina-casa-de-campo-del-11-de-julio-al17-de-julio\\\/#primaryimage\"},\"thumbnailUrl\":\"https:\\\/\\\/i0.wp.com\\\/casadecampoliving.com\\\/wp-content\\\/uploads\\\/2022\\\/10\\\/After_Earth_.jpg?fit=650%2C425&ssl=1\",\"datePublished\":\"2013-07-11T04:00:00+00:00\",\"dateModified\":\"2022-10-21T22:54:37+00:00\",\"description\":\"\u00a1Por fin! La pel\u00edcula After Earth (Despu\u00e9s de la Tierra) de Will Smith y su hijo Jaden, ya est\u00e1 en el cine de la Marina de Casa de Campo. Vamos a ver qu\u00e9\",\"breadcrumb\":{\"@id\":\"https:\\\/\\\/casadecampoliving.com\\\/es\\\/los-smith-regresan-a-los-cines-cartelera-de-cine-marina-casa-de-campo-del-11-de-julio-al17-de-julio\\\/#breadcrumb\"},\"inLanguage\":\"es\",\"potentialAction\":[{\"@type\":\"ReadAction\",\"target\":[\"https:\\\/\\\/casadecampoliving.com\\\/es\\\/los-smith-regresan-a-los-cines-cartelera-de-cine-marina-casa-de-campo-del-11-de-julio-al17-de-julio\\\/\"]}]},{\"@type\":\"ImageObject\",\"inLanguage\":\"es\",\"@id\":\"https:\\\/\\\/casadecampoliving.com\\\/es\\\/los-smith-regresan-a-los-cines-cartelera-de-cine-marina-casa-de-campo-del-11-de-julio-al17-de-julio\\\/#primaryimage\",\"url\":\"https:\\\/\\\/i0.wp.com\\\/casadecampoliving.com\\\/wp-content\\\/uploads\\\/2022\\\/10\\\/After_Earth_.jpg?fit=650%2C425&ssl=1\",\"contentUrl\":\"https:\\\/\\\/i0.wp.com\\\/casadecampoliving.com\\\/wp-content\\\/uploads\\\/2022\\\/10\\\/After_Earth_.jpg?fit=650%2C425&ssl=1\",\"width\":650,\"height\":425},{\"@type\":\"BreadcrumbList\",\"@id\":\"https:\\\/\\\/casadecampoliving.com\\\/es\\\/los-smith-regresan-a-los-cines-cartelera-de-cine-marina-casa-de-campo-del-11-de-julio-al17-de-julio\\\/#breadcrumb\",\"itemListElement\":[{\"@type\":\"ListItem\",\"position\":1,\"name\":\"Home\",\"item\":\"https:\\\/\\\/casadecampoliving.com\\\/es\\\/\"},{\"@type\":\"ListItem\",\"position\":2,\"name\":\"\u00a1Los Smith regresan a los cines! Cartelera de cine Marina Casa de Campo del 11 de julio al17 de julio\"}]},{\"@type\":\"WebSite\",\"@id\":\"https:\\\/\\\/casadecampoliving.com\\\/es\\\/#website\",\"url\":\"https:\\\/\\\/casadecampoliving.com\\\/es\\\/\",\"name\":\"Casa de Campo Living\",\"description\":\"Resort community news and resources.\",\"publisher\":{\"@id\":\"https:\\\/\\\/casadecampoliving.com\\\/es\\\/#organization\"},\"potentialAction\":[{\"@type\":\"SearchAction\",\"target\":{\"@type\":\"EntryPoint\",\"urlTemplate\":\"https:\\\/\\\/casadecampoliving.com\\\/es\\\/?s={search_term_string}\"},\"query-input\":{\"@type\":\"PropertyValueSpecification\",\"valueRequired\":true,\"valueName\":\"search_term_string\"}}],\"inLanguage\":\"es\"},{\"@type\":\"Organization\",\"@id\":\"https:\\\/\\\/casadecampoliving.com\\\/es\\\/#organization\",\"name\":\"Casa de Campo Living\",\"url\":\"https:\\\/\\\/casadecampoliving.com\\\/es\\\/\",\"logo\":{\"@type\":\"ImageObject\",\"inLanguage\":\"es\",\"@id\":\"https:\\\/\\\/casadecampoliving.com\\\/es\\\/#\\\/schema\\\/logo\\\/image\\\/\",\"url\":\"https:\\\/\\\/i0.wp.com\\\/casadecampoliving.com\\\/wp-content\\\/uploads\\\/2022\\\/07\\\/CDCLivingLogo_V1-white-sized.png?fit=800%2C214&ssl=1\",\"contentUrl\":\"https:\\\/\\\/i0.wp.com\\\/casadecampoliving.com\\\/wp-content\\\/uploads\\\/2022\\\/07\\\/CDCLivingLogo_V1-white-sized.png?fit=800%2C214&ssl=1\",\"width\":800,\"height\":214,\"caption\":\"Casa de Campo Living\"},\"image\":{\"@id\":\"https:\\\/\\\/casadecampoliving.com\\\/es\\\/#\\\/schema\\\/logo\\\/image\\\/\"},\"sameAs\":[\"https:\\\/\\\/www.facebook.com\\\/casadecampoliving\",\"https:\\\/\\\/x.com\\\/cdcliving\"]},{\"@type\":\"Person\",\"@id\":\"https:\\\/\\\/casadecampoliving.com\\\/es\\\/#\\\/schema\\\/person\\\/932e594484c49168ad37fbb9141bf699\",\"name\":\"Mairobi Herrera\",\"image\":{\"@type\":\"ImageObject\",\"inLanguage\":\"es\",\"@id\":\"https:\\\/\\\/secure.gravatar.com\\\/avatar\\\/d0bf6c19470eb55d83c719e39672f670b2c4412339af1eb8a08f86427ba98ee8?s=96&d=mm&r=g\",\"url\":\"https:\\\/\\\/secure.gravatar.com\\\/avatar\\\/d0bf6c19470eb55d83c719e39672f670b2c4412339af1eb8a08f86427ba98ee8?s=96&d=mm&r=g\",\"contentUrl\":\"https:\\\/\\\/secure.gravatar.com\\\/avatar\\\/d0bf6c19470eb55d83c719e39672f670b2c4412339af1eb8a08f86427ba98ee8?s=96&d=mm&r=g\",\"caption\":\"Mairobi Herrera\"},\"sameAs\":[\"https:\\\/\\\/casadecampoliving.com\\\/\"],\"url\":\"https:\\\/\\\/casadecampoliving.com\\\/es\\\/author\\\/mherrera\\\/\"}]}<\/script>\n<!-- \/ Yoast SEO plugin. -->","yoast_head_json":{"title":"\u00a1Los Smith regresan a los cines! Cartelera de cine Marina Casa de Campo del 11 de julio al17 de julio | Casa de Campo Living","description":"\u00a1Por fin! La pel\u00edcula After Earth (Despu\u00e9s de la Tierra) de Will Smith y su hijo Jaden, ya est\u00e1 en el cine de la Marina de Casa de Campo. Vamos a ver qu\u00e9","robots":{"index":"index","follow":"follow","max-snippet":"max-snippet:-1","max-image-preview":"max-image-preview:large","max-video-preview":"max-video-preview:-1"},"canonical":"https:\/\/casadecampoliving.com\/es\/los-smith-regresan-a-los-cines-cartelera-de-cine-marina-casa-de-campo-del-11-de-julio-al17-de-julio\/","og_locale":"es_ES","og_type":"article","og_title":"\u00a1Los Smith regresan a los cines! Cartelera de cine Marina Casa de Campo del 11 de julio al17 de julio | Casa de Campo Living","og_description":"\u00a1Por fin! La pel\u00edcula After Earth (Despu\u00e9s de la Tierra) de Will Smith y su hijo Jaden, ya est\u00e1 en el cine de la Marina de Casa de Campo. Vamos a ver qu\u00e9","og_url":"https:\/\/casadecampoliving.com\/es\/los-smith-regresan-a-los-cines-cartelera-de-cine-marina-casa-de-campo-del-11-de-julio-al17-de-julio\/","og_site_name":"Casa de Campo Living","article_publisher":"https:\/\/www.facebook.com\/casadecampoliving","article_published_time":"2013-07-11T04:00:00+00:00","article_modified_time":"2022-10-21T22:54:37+00:00","og_image":[{"width":650,"height":425,"url":"https:\/\/i0.wp.com\/casadecampoliving.com\/wp-content\/uploads\/2022\/10\/After_Earth_.jpg?fit=650%2C425&ssl=1","type":"image\/jpeg"}],"author":"Mairobi Herrera","twitter_card":"summary_large_image","twitter_creator":"@cdcliving","twitter_site":"@cdcliving","twitter_misc":{"Escrito por":"Mairobi Herrera","Tiempo de lectura":"1 minuto"},"schema":{"@context":"https:\/\/schema.org","@graph":[{"@type":"Article","@id":"https:\/\/casadecampoliving.com\/es\/los-smith-regresan-a-los-cines-cartelera-de-cine-marina-casa-de-campo-del-11-de-julio-al17-de-julio\/#article","isPartOf":{"@id":"https:\/\/casadecampoliving.com\/es\/los-smith-regresan-a-los-cines-cartelera-de-cine-marina-casa-de-campo-del-11-de-julio-al17-de-julio\/"},"author":{"name":"Mairobi Herrera","@id":"https:\/\/casadecampoliving.com\/es\/#\/schema\/person\/932e594484c49168ad37fbb9141bf699"},"headline":"\u00a1Los Smith regresan a los cines! Cartelera de cine Marina Casa de Campo del 11 de julio al17 de julio","datePublished":"2013-07-11T04:00:00+00:00","dateModified":"2022-10-21T22:54:37+00:00","mainEntityOfPage":{"@id":"https:\/\/casadecampoliving.com\/es\/los-smith-regresan-a-los-cines-cartelera-de-cine-marina-casa-de-campo-del-11-de-julio-al17-de-julio\/"},"wordCount":310,"publisher":{"@id":"https:\/\/casadecampoliving.com\/es\/#organization"},"image":{"@id":"https:\/\/casadecampoliving.com\/es\/los-smith-regresan-a-los-cines-cartelera-de-cine-marina-casa-de-campo-del-11-de-julio-al17-de-julio\/#primaryimage"},"thumbnailUrl":"https:\/\/i0.wp.com\/casadecampoliving.com\/wp-content\/uploads\/2022\/10\/After_Earth_.jpg?fit=650%2C425&ssl=1","keywords":["caribbean cinemas@es","cartelera de cine","marina casa de campo@es"],"articleSection":["Arte y cultura","Cine @es","La Marina Casa de Campo","Noticias Locales"],"inLanguage":"es"},{"@type":"WebPage","@id":"https:\/\/casadecampoliving.com\/es\/los-smith-regresan-a-los-cines-cartelera-de-cine-marina-casa-de-campo-del-11-de-julio-al17-de-julio\/","url":"https:\/\/casadecampoliving.com\/es\/los-smith-regresan-a-los-cines-cartelera-de-cine-marina-casa-de-campo-del-11-de-julio-al17-de-julio\/","name":"\u00a1Los Smith regresan a los cines! Cartelera de cine Marina Casa de Campo del 11 de julio al17 de julio | Casa de Campo Living","isPartOf":{"@id":"https:\/\/casadecampoliving.com\/es\/#website"},"primaryImageOfPage":{"@id":"https:\/\/casadecampoliving.com\/es\/los-smith-regresan-a-los-cines-cartelera-de-cine-marina-casa-de-campo-del-11-de-julio-al17-de-julio\/#primaryimage"},"image":{"@id":"https:\/\/casadecampoliving.com\/es\/los-smith-regresan-a-los-cines-cartelera-de-cine-marina-casa-de-campo-del-11-de-julio-al17-de-julio\/#primaryimage"},"thumbnailUrl":"https:\/\/i0.wp.com\/casadecampoliving.com\/wp-content\/uploads\/2022\/10\/After_Earth_.jpg?fit=650%2C425&ssl=1","datePublished":"2013-07-11T04:00:00+00:00","dateModified":"2022-10-21T22:54:37+00:00","description":"\u00a1Por fin! La pel\u00edcula After Earth (Despu\u00e9s de la Tierra) de Will Smith y su hijo Jaden, ya est\u00e1 en el cine de la Marina de Casa de Campo. Vamos a ver qu\u00e9","breadcrumb":{"@id":"https:\/\/casadecampoliving.com\/es\/los-smith-regresan-a-los-cines-cartelera-de-cine-marina-casa-de-campo-del-11-de-julio-al17-de-julio\/#breadcrumb"},"inLanguage":"es","potentialAction":[{"@type":"ReadAction","target":["https:\/\/casadecampoliving.com\/es\/los-smith-regresan-a-los-cines-cartelera-de-cine-marina-casa-de-campo-del-11-de-julio-al17-de-julio\/"]}]},{"@type":"ImageObject","inLanguage":"es","@id":"https:\/\/casadecampoliving.com\/es\/los-smith-regresan-a-los-cines-cartelera-de-cine-marina-casa-de-campo-del-11-de-julio-al17-de-julio\/#primaryimage","url":"https:\/\/i0.wp.com\/casadecampoliving.com\/wp-content\/uploads\/2022\/10\/After_Earth_.jpg?fit=650%2C425&ssl=1","contentUrl":"https:\/\/i0.wp.com\/casadecampoliving.com\/wp-content\/uploads\/2022\/10\/After_Earth_.jpg?fit=650%2C425&ssl=1","width":650,"height":425},{"@type":"BreadcrumbList","@id":"https:\/\/casadecampoliving.com\/es\/los-smith-regresan-a-los-cines-cartelera-de-cine-marina-casa-de-campo-del-11-de-julio-al17-de-julio\/#breadcrumb","itemListElement":[{"@type":"ListItem","position":1,"name":"Home","item":"https:\/\/casadecampoliving.com\/es\/"},{"@type":"ListItem","position":2,"name":"\u00a1Los Smith regresan a los cines! Cartelera de cine Marina Casa de Campo del 11 de julio al17 de julio"}]},{"@type":"WebSite","@id":"https:\/\/casadecampoliving.com\/es\/#website","url":"https:\/\/casadecampoliving.com\/es\/","name":"Casa de Campo Living","description":"Resort community news and resources.","publisher":{"@id":"https:\/\/casadecampoliving.com\/es\/#organization"},"potentialAction":[{"@type":"SearchAction","target":{"@type":"EntryPoint","urlTemplate":"https:\/\/casadecampoliving.com\/es\/?s={search_term_string}"},"query-input":{"@type":"PropertyValueSpecification","valueRequired":true,"valueName":"search_term_string"}}],"inLanguage":"es"},{"@type":"Organization","@id":"https:\/\/casadecampoliving.com\/es\/#organization","name":"Casa de Campo Living","url":"https:\/\/casadecampoliving.com\/es\/","logo":{"@type":"ImageObject","inLanguage":"es","@id":"https:\/\/casadecampoliving.com\/es\/#\/schema\/logo\/image\/","url":"https:\/\/i0.wp.com\/casadecampoliving.com\/wp-content\/uploads\/2022\/07\/CDCLivingLogo_V1-white-sized.png?fit=800%2C214&ssl=1","contentUrl":"https:\/\/i0.wp.com\/casadecampoliving.com\/wp-content\/uploads\/2022\/07\/CDCLivingLogo_V1-white-sized.png?fit=800%2C214&ssl=1","width":800,"height":214,"caption":"Casa de Campo Living"},"image":{"@id":"https:\/\/casadecampoliving.com\/es\/#\/schema\/logo\/image\/"},"sameAs":["https:\/\/www.facebook.com\/casadecampoliving","https:\/\/x.com\/cdcliving"]},{"@type":"Person","@id":"https:\/\/casadecampoliving.com\/es\/#\/schema\/person\/932e594484c49168ad37fbb9141bf699","name":"Mairobi Herrera","image":{"@type":"ImageObject","inLanguage":"es","@id":"https:\/\/secure.gravatar.com\/avatar\/d0bf6c19470eb55d83c719e39672f670b2c4412339af1eb8a08f86427ba98ee8?s=96&d=mm&r=g","url":"https:\/\/secure.gravatar.com\/avatar\/d0bf6c19470eb55d83c719e39672f670b2c4412339af1eb8a08f86427ba98ee8?s=96&d=mm&r=g","contentUrl":"https:\/\/secure.gravatar.com\/avatar\/d0bf6c19470eb55d83c719e39672f670b2c4412339af1eb8a08f86427ba98ee8?s=96&d=mm&r=g","caption":"Mairobi Herrera"},"sameAs":["https:\/\/casadecampoliving.com\/"],"url":"https:\/\/casadecampoliving.com\/es\/author\/mherrera\/"}]}},"parsely":{"version":"1.1.0","canonical_url":"https:\/\/casadecampoliving.com\/es\/los-smith-regresan-a-los-cines-cartelera-de-cine-marina-casa-de-campo-del-11-de-julio-al17-de-julio\/","smart_links":{"inbound":0,"outbound":0},"traffic_boost_suggestions_count":0,"meta":{"@context":"https:\/\/schema.org","@type":"NewsArticle","headline":"\u00a1Los Smith regresan a los cines! Cartelera de cine Marina Casa de Campo del 11 de julio al17 de julio","url":"http:\/\/casadecampoliving.com\/es\/los-smith-regresan-a-los-cines-cartelera-de-cine-marina-casa-de-campo-del-11-de-julio-al17-de-julio\/","mainEntityOfPage":{"@type":"WebPage","@id":"http:\/\/casadecampoliving.com\/es\/los-smith-regresan-a-los-cines-cartelera-de-cine-marina-casa-de-campo-del-11-de-julio-al17-de-julio\/"},"thumbnailUrl":"https:\/\/i0.wp.com\/casadecampoliving.com\/wp-content\/uploads\/2022\/10\/After_Earth_.jpg?resize=150%2C150&ssl=1","image":{"@type":"ImageObject","url":"https:\/\/i0.wp.com\/casadecampoliving.com\/wp-content\/uploads\/2022\/10\/After_Earth_.jpg?fit=650%2C425&ssl=1"},"articleSection":"Arte y cultura","author":[{"@type":"Person","name":"Mairobi Herrera"}],"creator":["Mairobi Herrera"],"publisher":{"@type":"Organization","name":"Casa de Campo Living","logo":"https:\/\/casadecampoliving.com\/wp-content\/uploads\/2022\/07\/CDCLivingLogo_V1-white-sized.png"},"keywords":["caribbean cinemas@es","cartelera de cine","marina casa de campo@es"],"dateCreated":"2013-07-11T04:00:00Z","datePublished":"2013-07-11T04:00:00Z","dateModified":"2022-10-21T22:54:37Z"},"rendered":"<script type=\"application\/ld+json\" class=\"wp-parsely-metadata\">{\"@context\":\"https:\\\/\\\/schema.org\",\"@type\":\"NewsArticle\",\"headline\":\"\\u00a1Los Smith regresan a los cines! Cartelera de cine Marina Casa de Campo del 11 de julio al17 de julio\",\"url\":\"http:\\\/\\\/casadecampoliving.com\\\/es\\\/los-smith-regresan-a-los-cines-cartelera-de-cine-marina-casa-de-campo-del-11-de-julio-al17-de-julio\\\/\",\"mainEntityOfPage\":{\"@type\":\"WebPage\",\"@id\":\"http:\\\/\\\/casadecampoliving.com\\\/es\\\/los-smith-regresan-a-los-cines-cartelera-de-cine-marina-casa-de-campo-del-11-de-julio-al17-de-julio\\\/\"},\"thumbnailUrl\":\"https:\\\/\\\/i0.wp.com\\\/casadecampoliving.com\\\/wp-content\\\/uploads\\\/2022\\\/10\\\/After_Earth_.jpg?resize=150%2C150&ssl=1\",\"image\":{\"@type\":\"ImageObject\",\"url\":\"https:\\\/\\\/i0.wp.com\\\/casadecampoliving.com\\\/wp-content\\\/uploads\\\/2022\\\/10\\\/After_Earth_.jpg?fit=650%2C425&ssl=1\"},\"articleSection\":\"Arte y cultura\",\"author\":[{\"@type\":\"Person\",\"name\":\"Mairobi Herrera\"}],\"creator\":[\"Mairobi Herrera\"],\"publisher\":{\"@type\":\"Organization\",\"name\":\"Casa de Campo Living\",\"logo\":\"https:\\\/\\\/casadecampoliving.com\\\/wp-content\\\/uploads\\\/2022\\\/07\\\/CDCLivingLogo_V1-white-sized.png\"},\"keywords\":[\"caribbean cinemas@es\",\"cartelera de cine\",\"marina casa de campo@es\"],\"dateCreated\":\"2013-07-11T04:00:00Z\",\"datePublished\":\"2013-07-11T04:00:00Z\",\"dateModified\":\"2022-10-21T22:54:37Z\"}<\/script>","tracker_url":"https:\/\/cdn.parsely.com\/keys\/casadecampoliving.com\/p.js"},"jetpack_publicize_connections":[],"jetpack_featured_media_url":"https:\/\/i0.wp.com\/casadecampoliving.com\/wp-content\/uploads\/2022\/10\/After_Earth_.jpg?fit=650%2C425&ssl=1","jetpack-related-posts":[{"id":343359,"url":"https:\/\/casadecampoliving.com\/es\/cartelera-de-cine-desde-el-jueves-28-de-nov-al-domingo-1-de-dic\/","url_meta":{"origin":342346,"position":0},"title":"Cartelera de Cine: desde el jueves 28 de nov. al domingo 1 de dic.","author":"Rebecca Silvestri","date":"27 Nov, 2013","format":false,"excerpt":"Para esta semana el cine de La Marina Casa de Campo nos trae 1 pel\u00edcula nueva: \u201cAbout Time\u201d (Una\u00a0cuesti\u00f3n\u00a0de tiempo). Aun en cartelera: Thor 2\u00a0y Lluvia de albondigas 2. Salvedad: A partir de ahora el cine de La Marina Casa de Campo estar\u00e1 abierto de jueves a domingo. Lluvia de\u2026","rel":"","context":"En \u00abArte y cultura\u00bb","block_context":{"text":"Arte y cultura","link":"https:\/\/casadecampoliving.com\/category\/arte-y-cultura\/"},"img":{"alt_text":"Marina Casa de Campo movie times","src":"https:\/\/i0.wp.com\/casadecampoliving.com\/wp-content\/uploads\/2022\/10\/marina_casa_de_campo_movie-times-1.jpg?fit=650%2C281&ssl=1&resize=350%2C200","width":350,"height":200,"srcset":"https:\/\/i0.wp.com\/casadecampoliving.com\/wp-content\/uploads\/2022\/10\/marina_casa_de_campo_movie-times-1.jpg?fit=650%2C281&ssl=1&resize=350%2C200 1x, https:\/\/i0.wp.com\/casadecampoliving.com\/wp-content\/uploads\/2022\/10\/marina_casa_de_campo_movie-times-1.jpg?fit=650%2C281&ssl=1&resize=525%2C300 1.5x"},"classes":[]},{"id":343232,"url":"https:\/\/casadecampoliving.com\/es\/cartelera-de-cine-desde-el-jueves-7-de-noviembre-al-domingo-10-de-noviembre\/","url_meta":{"origin":342346,"position":1},"title":"Cartelera de Cine: desde el jueves 21 de noviembre al domingo 24 de noviembre","author":"Lenny Castillo","date":"13 Nov, 2013","format":false,"excerpt":"Para esta semana el cine de La Marina Casa de Campo nos trae 1 pel\u00edcula nueva: Lluvia de albondigas 2. Aun en cartelera:\u00a0Thor 2,\u00a0Runner Runner\u00a0y Capit\u00e1n Phillips. Salvedad: A partir de ahora el cine de La Marina Casa de Campo\u00a0estar\u00e1\u00a0abierto de jueves a domingo. Lluvia de albondigas 2 Ver avance\u2026","rel":"","context":"En \u00abArte y cultura\u00bb","block_context":{"text":"Arte y cultura","link":"https:\/\/casadecampoliving.com\/category\/arte-y-cultura\/"},"img":{"alt_text":"","src":"https:\/\/i0.wp.com\/casadecampoliving.com\/wp-content\/uploads\/2022\/10\/CDCAMP-21-de-nov-1.jpg?fit=799%2C337&ssl=1&resize=350%2C200","width":350,"height":200,"srcset":"https:\/\/i0.wp.com\/casadecampoliving.com\/wp-content\/uploads\/2022\/10\/CDCAMP-21-de-nov-1.jpg?fit=799%2C337&ssl=1&resize=350%2C200 1x, https:\/\/i0.wp.com\/casadecampoliving.com\/wp-content\/uploads\/2022\/10\/CDCAMP-21-de-nov-1.jpg?fit=799%2C337&ssl=1&resize=525%2C300 1.5x, https:\/\/i0.wp.com\/casadecampoliving.com\/wp-content\/uploads\/2022\/10\/CDCAMP-21-de-nov-1.jpg?fit=799%2C337&ssl=1&resize=700%2C400 2x"},"classes":[]},{"id":339559,"url":"https:\/\/casadecampoliving.com\/es\/cartelera-de-cine-9-al-15-de-agosto\/","url_meta":{"origin":342346,"position":2},"title":"Cartelera de Cine: 9 al 15 de agosto!","author":"","date":"9 Ago, 2012","format":false,"excerpt":"Esta semana, el cine de La Marina Casa de Campo nos trae dos nuevas pel\u00edculas;\u00a0 y \u201cValiente (Brave)\u201d y \u201cEl caballero oscuro\u201c.\u00a0A\u00fan en las salas, \u201cPrometheus\u201d. \u2013 Todas subtituladas! Prometheus [ver trailer,\u00a0\u00a0leer cr\u00edtica] Ridley Scott, director de \u2018Alien\u2019 y \u2018Blade Runner,\u2019 regresa con \u2018Prometheus\u2019, creando una mitolog\u00eda innovadora en la\u2026","rel":"","context":"En \u00abArte y cultura\u00bb","block_context":{"text":"Arte y cultura","link":"https:\/\/casadecampoliving.com\/category\/arte-y-cultura\/"},"img":{"alt_text":"Marina Casa de Campo Movies and Times","src":"https:\/\/i0.wp.com\/casadecampoliving.com\/wp-content\/uploads\/2022\/10\/movies_and_times-1.jpg?fit=650%2C281&ssl=1&resize=350%2C200","width":350,"height":200,"srcset":"https:\/\/i0.wp.com\/casadecampoliving.com\/wp-content\/uploads\/2022\/10\/movies_and_times-1.jpg?fit=650%2C281&ssl=1&resize=350%2C200 1x, https:\/\/i0.wp.com\/casadecampoliving.com\/wp-content\/uploads\/2022\/10\/movies_and_times-1.jpg?fit=650%2C281&ssl=1&resize=525%2C300 1.5x"},"classes":[]},{"id":350134,"url":"https:\/\/casadecampoliving.com\/es\/marina-casa-de-campo-cartelera-de-cine-7-13-de-julio\/","url_meta":{"origin":342346,"position":3},"title":"Marina Casa de Campo cartelera de cine: 7 &#8211; 13 de Julio","author":"Felix Guerrero","date":"6 Jul, 2016","format":false,"excerpt":"Para esta semana, el cine de la Marina Casa de Campo nos trae dos\u00a0nuevas pel\u00edculas: \u201cWarcraft\u201d y \u201cLa Era del Hielo 5: Choque de Mundos\u201d.\u00a0Mientras que en sala todav\u00eda tenemos:\u00a0\u201cBuscando a Dory\u201d y \u201cTe Amar\u00e9 Eternamente\u201d. \u201cWarcraft\u201cProyecciones: Lunes \u2013 Viernes, 6:55pm & 9:25pm S\u00e1bado \u2013 Domingo,\u00a04:20pm, 6:55pm & 9:25pm Sinopsis:\u00a0Mientras\u00a0una\u2026","rel":"","context":"En \u00abCine @es\u00bb","block_context":{"text":"Cine @es","link":"https:\/\/casadecampoliving.com\/es\/category\/cine-3\/"},"img":{"alt_text":"Cartelera 7 de Julio 2016","src":"https:\/\/i0.wp.com\/casadecampoliving.com\/wp-content\/uploads\/2022\/10\/Cartelera-7-de-Julio-2016-1.jpg?fit=800%2C348&ssl=1&resize=350%2C200","width":350,"height":200,"srcset":"https:\/\/i0.wp.com\/casadecampoliving.com\/wp-content\/uploads\/2022\/10\/Cartelera-7-de-Julio-2016-1.jpg?fit=800%2C348&ssl=1&resize=350%2C200 1x, https:\/\/i0.wp.com\/casadecampoliving.com\/wp-content\/uploads\/2022\/10\/Cartelera-7-de-Julio-2016-1.jpg?fit=800%2C348&ssl=1&resize=525%2C300 1.5x, https:\/\/i0.wp.com\/casadecampoliving.com\/wp-content\/uploads\/2022\/10\/Cartelera-7-de-Julio-2016-1.jpg?fit=800%2C348&ssl=1&resize=700%2C400 2x"},"classes":[]},{"id":344719,"url":"https:\/\/casadecampoliving.com\/es\/cartelera-de-cine-del-26-de-junio-al-02-de-julio-2\/","url_meta":{"origin":342346,"position":4},"title":"Cartelera de Cine: del 03 al 09 de julio","author":"Perkin Agramonte","date":"3 Jul, 2014","format":false,"excerpt":"Para esta semana el cine de la Marina Casa de Campo nos trae en cartelera 2 pel\u00edculas nuevas: \u201cTransformers- La Era de la Extinci\u00f3n\u201d y \u201cChef\u201d,\u00a0mientras todav\u00eda en sala tenemos\u00a0\u201cC\u00f3mo\u00a0Entrenar a Tu Drag\u00f3n 2\u201d.\u00a0Salvedad:\u00a0A partir de ahora el cine de la Marina Casa de Campo estar\u00e1 abierto\u00a0todos los d\u00edas hasta\u2026","rel":"","context":"En \u00abArte y cultura\u00bb","block_context":{"text":"Arte y cultura","link":"https:\/\/casadecampoliving.com\/category\/arte-y-cultura\/"},"img":{"alt_text":"","src":"https:\/\/i0.wp.com\/casadecampoliving.com\/wp-content\/uploads\/2022\/10\/cartelera_3_de_julio-1.jpg?fit=800%2C346&ssl=1&resize=350%2C200","width":350,"height":200,"srcset":"https:\/\/i0.wp.com\/casadecampoliving.com\/wp-content\/uploads\/2022\/10\/cartelera_3_de_julio-1.jpg?fit=800%2C346&ssl=1&resize=350%2C200 1x, https:\/\/i0.wp.com\/casadecampoliving.com\/wp-content\/uploads\/2022\/10\/cartelera_3_de_julio-1.jpg?fit=800%2C346&ssl=1&resize=525%2C300 1.5x, https:\/\/i0.wp.com\/casadecampoliving.com\/wp-content\/uploads\/2022\/10\/cartelera_3_de_julio-1.jpg?fit=800%2C346&ssl=1&resize=700%2C400 2x"},"classes":[]},{"id":344940,"url":"https:\/\/casadecampoliving.com\/es\/cartelera-de-cine-del-24-al-29-de-julio\/","url_meta":{"origin":342346,"position":5},"title":"Cartelera de cine: del 24 al 29 de Julio","author":"Maria Isabel B\u00e1ez","date":"24 Jul, 2014","format":false,"excerpt":"Para esta semana el cine de la Marina Casa de Campo nos trae en cartelera 2 pel\u00edculas nuevas:\u00a0\u201cComando Especial 2\u201c\u00a0y\u00a0\u201cUn largo viaje\u201d,\u00a0mientras todav\u00eda en sala tenemos\u00a0\u201cEl amanecer del planeta de los simios\u201dy\u00a0\u201cAviones: Equipo de rescate\u201d.\u00a0Salvedad:\u00a0A partir de ahora el cine de la Marina Casa de Campo estar\u00e1 abierto\u00a0todos los d\u00edas\u2026","rel":"","context":"En \u00abArte y cultura\u00bb","block_context":{"text":"Arte y cultura","link":"https:\/\/casadecampoliving.com\/category\/arte-y-cultura\/"},"img":{"alt_text":"","src":"https:\/\/i0.wp.com\/casadecampoliving.com\/wp-content\/uploads\/2022\/10\/CDCAMP_24_julio_header-1.jpg?fit=650%2C282&ssl=1&resize=350%2C200","width":350,"height":200,"srcset":"https:\/\/i0.wp.com\/casadecampoliving.com\/wp-content\/uploads\/2022\/10\/CDCAMP_24_julio_header-1.jpg?fit=650%2C282&ssl=1&resize=350%2C200 1x, https:\/\/i0.wp.com\/casadecampoliving.com\/wp-content\/uploads\/2022\/10\/CDCAMP_24_julio_header-1.jpg?fit=650%2C282&ssl=1&resize=525%2C300 1.5x"},"classes":[]}],"jetpack_sharing_enabled":true,"_links":{"self":[{"href":"https:\/\/casadecampoliving.com\/es\/wp-json\/wp\/v2\/posts\/342346","targetHints":{"allow":["GET"]}}],"collection":[{"href":"https:\/\/casadecampoliving.com\/es\/wp-json\/wp\/v2\/posts"}],"about":[{"href":"https:\/\/casadecampoliving.com\/es\/wp-json\/wp\/v2\/types\/post"}],"author":[{"embeddable":true,"href":"https:\/\/casadecampoliving.com\/es\/wp-json\/wp\/v2\/users\/431"}],"replies":[{"embeddable":true,"href":"https:\/\/casadecampoliving.com\/es\/wp-json\/wp\/v2\/comments?post=342346"}],"version-history":[{"count":1,"href":"https:\/\/casadecampoliving.com\/es\/wp-json\/wp\/v2\/posts\/342346\/revisions"}],"predecessor-version":[{"id":342347,"href":"https:\/\/casadecampoliving.com\/es\/wp-json\/wp\/v2\/posts\/342346\/revisions\/342347"}],"wp:featuredmedia":[{"embeddable":true,"href":"https:\/\/casadecampoliving.com\/es\/wp-json\/wp\/v2\/media\/252894"}],"wp:attachment":[{"href":"https:\/\/casadecampoliving.com\/es\/wp-json\/wp\/v2\/media?parent=342346"}],"wp:term":[{"taxonomy":"category","embeddable":true,"href":"https:\/\/casadecampoliving.com\/es\/wp-json\/wp\/v2\/categories?post=342346"},{"taxonomy":"post_tag","embeddable":true,"href":"https:\/\/casadecampoliving.com\/es\/wp-json\/wp\/v2\/tags?post=342346"},{"taxonomy":"newspack_spnsrs_tax","embeddable":true,"href":"https:\/\/casadecampoliving.com\/es\/wp-json\/wp\/v2\/newspack_spnsrs_tax?post=342346"}],"curies":[{"name":"wp","href":"https:\/\/api.w.org\/{rel}","templated":true}]}}